{"id":9981,"date":"2026-01-22T04:15:52","date_gmt":"2026-01-22T04:15:52","guid":{"rendered":"https:\/\/lobosnews.com.ar\/index.php\/2026\/01\/22\/internas-guerras-abiertas-y-otras-en-tensa-paz-el-panorama-de-las-barras-en-el-arranque-de-la-nueva-temporada-del-futbol-argentino\/"},"modified":"2026-01-22T09:49:38","modified_gmt":"2026-01-22T09:49:38","slug":"internas-guerras-abiertas-y-otras-en-tensa-paz-el-panorama-de-las-barras-en-el-arranque-de-la-nueva-temporada-del-futbol-argentino","status":"publish","type":"post","link":"https:\/\/lobosnews.com.ar\/index.php\/2026\/01\/22\/internas-guerras-abiertas-y-otras-en-tensa-paz-el-panorama-de-las-barras-en-el-arranque-de-la-nueva-temporada-del-futbol-argentino\/","title":{"rendered":"Internas, guerras abiertas y otras en tensa paz: el panorama de las barras en el arranque de la nueva temporada del f\u00fatbol argentino"},"content":{"rendered":"<p><img loading=\"lazy\" decoding=\"async\" src=\"https:\/\/lobosnews.com.ar\/wp-content\/uploads\/2026\/01\/internas-guerras-abiertas-y-otras-en-tensa-paz-el-panorama-de-las-barras-en-el-arranque-de-la-nueva-temporada-del-futbol-argentino.jpg\" alt=\"La Doce. Boca Juniors jugar\u00e1 el domingo en la Bombonera frente a Deportivo Riestra\" height=\"1080\" width=\"1920\"\/><\/p>\n<p>Esta tarde empieza la Copa de la Liga versi\u00f3n 2026. Y con cada nuevo comienzo del f\u00fatbol tambi\u00e9n larga la vida de lo que ocurre en las tribunas. Que siempre tienen sus internas y m\u00e1s cuando se trata de un a\u00f1o mundialista y <b>todos los que aspiran a convertirse en la barra de la Selecci\u00f3n deben conquistar, primero, el poder en el paravalanchas de su club<\/b>. Y si bien hay una idea generalizada que la seguridad en los Estados Unidos ser\u00e1 s\u00faper r\u00edgida y los barras no podr\u00e1n ingresar al torneo, el a\u00f1o pasado ese control fall\u00f3 y mucho en el Mundial de Clubes tal como demostr\u00f3 <b>Infobae<\/b> en varias notas <span class=\"waslinkname\">sobre la presencia de <i>La Doce<\/i><\/span> y algunos integrantes de <i>Los Borrachos<\/i> en tierras norteamericanas.<\/p>\n<p>En este contexto, algunas tribunas est\u00e1n en tensi\u00f3n, otras decididamente en guerra y unas pocas viven una paz que nunca se sabe cu\u00e1ndo se puede quebrar. Por eso <b>Infobae<\/b> hace una recorrida por lo que ocurre en cada barra para estar atento a lo que puede pasar.<\/p>\n<p><img loading=\"lazy\" decoding=\"async\" src=\"https:\/\/lobosnews.com.ar\/wp-content\/uploads\/2026\/01\/internas-guerras-abiertas-y-otras-en-tensa-paz-el-panorama-de-las-barras-en-el-arranque-de-la-nueva-temporada-del-futbol-argentino-1.jpg\" alt=\"Los l\u00edderes de La 12 viven un matrimonio por conveniencia (Fot REUTERS\/Agust\u00edn Marcarian)\" height=\"761\" width=\"1354\"\/><\/p>\n<p><b>Boca y River:<\/b> los dos equipos m\u00e1s populares atraviesan un panorama distinto. En el caso de <i>La Doce<\/i> desde que se juntaron para recuperar el poder, <b>Rafael Di Zeo y Mauro Mart\u00edn viven un matrimonio por conveniencia que varias veces estuvo a punto de quebrarse.<\/b> La tercera pata de ese tr\u00edpode de poder es <b>Marcelo Aravena<\/b>, el famoso <i>Manco de Lomas de Zamora<\/i>, cuya fuerza de choque es la que est\u00e1 detr\u00e1s del hist\u00f3rico <i>Rafa<\/i>. <b>Los tres tienen pasado en prisi\u00f3n y los tres, aunque se miran de recelo, saben que si uno saca los pies del plato la guerra es inminente e imparable.<\/b> La situaci\u00f3n de cada uno es particular. Por un lado, Di Zeo tiene una prohibici\u00f3n de concurrencia a los estadios indefinida impuesta por el Ministerio de Seguridad de la Naci\u00f3n tras un incidente en un viaje de la barra a C\u00f3rdoba el 30 de abril de 2024 para ver la semifinal de la Copa de la Liga de ese a\u00f1o entre Estudiantes y Boca. Por ese caso, el l\u00edder barra firm\u00f3 una probation en marzo de 2025 con la Justicia de la provincia mediterr\u00e1nea donde por el lapso de dos a\u00f1os y medio debe estar sujeto a tareas comunitarias. En ese acuerdo no se hablaba de derecho de admisi\u00f3n aunque la Justicia lo daba por descontado. <i>Rafa <\/i>no intent\u00f3 hasta ahora plantear una cuesti\u00f3n federal sobre el asunto pero probablemente tratar\u00e1 de hacerlo cuando pasen los 30 meses previstos y habr\u00e1 que ver c\u00f3mo responde el Ministerio que ya no est\u00e1 a cargo de Patricia Bullrich sino de Alejandra Monteoliva, que era su segunda y por el momento parece seguir fielmente los pasos de su predecesora. En el medio <span class=\"waslinkname\"><b>se abri\u00f3 una grieta interna<\/b><\/span> porque un hombre que lleg\u00f3 a la barra con Mauro y logr\u00f3 tener mucho poder, <b>Javier Godoy<\/b>, abri\u00f3 un restaurante con el nombre <i>El Bodeg\u00f3n de La Doce<\/i>, cuando la marca est\u00e1 registrada por Di Zeo y su pareja. Y si bien por ahora el tema se dirime en el \u00e1mbito judicial, nadie descarta que si los n\u00fameros del Bodeg\u00f3n oficial <i>Jugador N\u00famero 12<\/i> de Puerto Madero decaen por la nueva competencia, todo se traslade al terreno de la violencia.<\/p>\n<p><img loading=\"lazy\" decoding=\"async\" src=\"https:\/\/lobosnews.com.ar\/wp-content\/uploads\/2026\/01\/internas-guerras-abiertas-y-otras-en-tensa-paz-el-panorama-de-las-barras-en-el-arranque-de-la-nueva-temporada-del-futbol-argentino-2.jpg\" alt=\"La foto de \"unidad\" que difundieron las facciones de Los Borrachos del Tabl\u00f3n a fines de 2024. Ahora pugnan por volver al Monumental\" height=\"1027\" width=\"1920\"\/><\/p>\n<p>En el caso de <i><b>Los Borrachos del Tabl\u00f3n<\/b><\/i> tambi\u00e9n <b>hay un matrimonio por conveniencia en este caso entre los hermanos Mauro y Leandro Ferreras<\/b>, que est\u00e1n a cargo del grupo m\u00e1s numeroso de la barra con base en Beccar, y <b>Ariel Calvici<\/b>, alias el<i><b> Pato<\/b><\/i>, cuyo poder se asienta m\u00e1s en el trabajo para sindicatos y partidos pol\u00edticos y conchabando barras para seguridad para los boliches nocturnos del Conurbano bonaerense. Haciendo un trabajo de hormiga, consiguieron el a\u00f1o pasado despu\u00e9s de much\u00edsimo tiempo que la dirigencia permitiera el ingreso de algunas de sus banderas caracter\u00edsticas y de un grupo de aproximadamente 200 barras sin derecho de admisi\u00f3n. <b>Pero la paciencia de los l\u00edderes est\u00e1 en baja: quieren regresar al Monumental y parece, por el momento, una empresa ut\u00f3pica.<\/b> El nuevo presidente, <b>Stefano Di Carlo<\/b>, fue justamente qui\u00e9n cuando trabajaba en la presidencia de D\u2019Onofrio y tras la final frustrada de la Copa Libertadores 2018, cambi\u00f3 el paradigma y opt\u00f3 por sacar a la barra de la cancha. Y aunque muchos hinchas ins\u00f3litamente reclamen su presencia, no parece que vaya a dar el brazo a torcer salvo un acuerdo con las m\u00e1ximas autoridades de la Seguridad que, tras siete a\u00f1os de prohibici\u00f3n, den una amnist\u00eda aceptando una segunda oportunidad.<\/p>\n<p><b>Independiente y Racing:<\/b> en Avellaneda <b>la mano viene bastante complicada<\/b>. Por el lado de Independiente y tras el desaf\u00edo que el grupo de <b>Pablo <\/b><i><b>Bebote \u00c1<\/b><\/i><b>lvarez <\/b>hizo a fines del a\u00f1o pasado con promesa de guerra, todo est\u00e1 atado con alambre. Por un lado porque <i>Bebote <\/i>sigue preso por aquella causa iniciada en noviembre en la previa del partido contra Rosario Central y porque <i><b>Los Due\u00f1os de Avellaneda<\/b><\/i>, como se hace llamar la barra oficial, tiene a sus l\u00edderes en derecho de admisi\u00f3n tras los sucesos violent\u00edsimos del partido contra la U de Chile por la Copa Sudamericana y en ese ruido interno muchos quisieron coronar y termin\u00f3 todo mal: <b>Roberto Illescas<\/b> alias <i><b>Rober <\/b><\/i>y <b>H\u00e9ctor Mart\u00ednez<\/b> alias <i><b>Caniche<\/b><\/i>, tres y cuatro de la barra, quisieron cortarse solos y los jefes, <b>Mario Nadalich y Juan Ignacio Leczniki<\/b> le sacaron tarjeta roja. <\/p>\n<p><img loading=\"lazy\" decoding=\"async\" src=\"https:\/\/lobosnews.com.ar\/wp-content\/uploads\/2026\/01\/internas-guerras-abiertas-y-otras-en-tensa-paz-el-panorama-de-las-barras-en-el-arranque-de-la-nueva-temporada-del-futbol-argentino-3.jpg\" alt=\"La interna de la barra de Independiente genera gran preocupaci\u00f3n\" height=\"1080\" width=\"1920\"\/><\/p>\n<p>Y si bien a los partidos amistosos en Uruguay viaj\u00f3 esta facci\u00f3n, habr\u00e1 que ver qu\u00e9 ocurre durante la Copa de la Liga. La pol\u00edtica, la seguridad y el club <b>siguen bancando a Mario Nadalich<\/b>, el l\u00edder oficial, pero <i>Los Diablos Rojos<\/i> a\u00fan con <i>Bebote <\/i>preso no se resignan a mirar todo desde fuera. Y reclutaron como nuevo integrante importante a <b>Ricardo Cuello<\/b>, con parentesco con el delantero de San Lorenzo, y que tuvo mucha preeminencia en un tiempo en la popular de San Telmo. Y si este nuevo grupo se une al de los hermanos <b>David y Emanuel Escubilla<\/b>, que tienen su base en la zona Sur, y si como algunos preveen tambi\u00e9n suman a la gente de <i>Rober <\/i>y<i> Caniche<\/i>, <b>el conflicto puede escalar a niveles insospechados.<\/b><\/p>\n<p><img loading=\"lazy\" decoding=\"async\" src=\"https:\/\/lobosnews.com.ar\/wp-content\/uploads\/2026\/01\/internas-guerras-abiertas-y-otras-en-tensa-paz-el-panorama-de-las-barras-en-el-arranque-de-la-nueva-temporada-del-futbol-argentino-4.jpg\" alt=\"En Racing hay una alianza en ciernes de barras \"no oficiales\" que amenaza con quebrar la paz de la tribuna (Foto REUTERS\/Agust\u00edn Marcarian)\" height=\"2496\" width=\"3744\"\/><\/p>\n<p>De la vereda de enfrente sigue reinando <b>Leandro Paredes<\/b> con su grupo <i><b>Los Pibes de Racing,<\/b><\/i> pero el liderazgo no est\u00e1 exento de riesgos. Si bien tiene la banca de la Polic\u00eda y de la dirigencia sabe que hay una alianza de sus enemigos que est\u00e1n en ciernes. Se trata de su ex compinche <b>Mat\u00edas Alfonzo<\/b>, alias <i><b>Cara de Paty<\/b><\/i>, junto a la vieja <i><b>Guardia Imperial<\/b><\/i> que supo conducir <b>Ra\u00fal <\/b><i><b>Huevo <\/b><\/i><b>Escobar<\/b> y que ahora tiene en un barra llamado <b>Diego Quintana<\/b> nueva sangre. A ellos se suman <b>H\u00e9ctor Otero<\/b>, alias <i><b>Majin Buu<\/b><\/i>, qui\u00e9n sali\u00f3 de prisi\u00f3n el a\u00f1o pasado y un grupo de hijos y sobrinos de viejos caciques que se hacen llamar <i><b>La banda del Negro Ramos<\/b><\/i>, por el hist\u00f3rico ya fallecido <b>Andr\u00e9s Am\u00e9ndola<\/b>, y da la sensaci\u00f3n de que est\u00e1n juntando m\u00fasculo para ir a la guerra.<\/p>\n<p><img loading=\"lazy\" decoding=\"async\" src=\"https:\/\/lobosnews.com.ar\/wp-content\/uploads\/2026\/01\/internas-guerras-abiertas-y-otras-en-tensa-paz-el-panorama-de-las-barras-en-el-arranque-de-la-nueva-temporada-del-futbol-argentino-5.jpg\" alt=\"Francisco Rescia, l\u00edder de la barra de San Lorenzo\" height=\"712\" width=\"770\"\/><\/p>\n<p><i><b>San Lorenzo y Hurac\u00e1n:<\/b><\/i> <b>en Boedo reina la paz en la popular<\/b> y mucho m\u00e1s desde que su l\u00edder m\u00e1s potente de este siglo, <b>Cristian Evangelista<\/b>, alias <i><b>Sandok\u00e1n<\/b><\/i>, coron\u00f3 como vicepresidente de la instituci\u00f3n en la comisi\u00f3n directiva de transici\u00f3n hasta las elecciones de mayo. <i><b>Sando <\/b><\/i>se hab\u00eda retirado de la barra para hacer carrera pol\u00edtica hace ya algo m\u00e1s de un lustro y la dej\u00f3 en manos de su amigo <b>Francisco Rescia<\/b>, mec\u00e1nico de autos y especialista en el arte marcial Muay Thai, quien la manej\u00f3 sin inconvenientes. Ante la nueva realidad, la barra qued\u00f3 empoderada y sin rivales a la vista, como los que alguna vez estuvieron reunidos bajo el nombre <i><b>Del M\u00e1stil.<\/b><\/i><\/p>\n<p><img loading=\"lazy\" decoding=\"async\" src=\"https:\/\/lobosnews.com.ar\/wp-content\/uploads\/2026\/01\/internas-guerras-abiertas-y-otras-en-tensa-paz-el-panorama-de-las-barras-en-el-arranque-de-la-nueva-temporada-del-futbol-argentino-6.jpg\" alt=\"Mensajes con amenazas contra el grupo de Cone de Respinis, la facci\u00f3n que maneja la barra del Globo \" height=\"1080\" width=\"1920\"\/><\/p>\n<p><b>Hurac\u00e1n es otro cantar.<\/b> la guerra desatada entre los hermanos <b>Claudio y Pablo De Respinis<\/b> que manejan a <i>La Jos\u00e9 C Paz<\/i> y el grupo disidente de <i><b>La Zavaleta y Plaza Espa\u00f1a<\/b><\/i> al mando de <b>Cristian Gualco y Eric Su\u00e1rez<\/b> tuvo <b>varios enfrentamientos a balazos<\/b> pero m\u00e1s all\u00e1 de que en el \u00faltimo de ellos el <i>Cone <\/i>termin\u00f3 condenado a tres a\u00f1os de prisi\u00f3n en suspenso, es su grupo el que mantiene el poder del Tom\u00e1s A Duc\u00f3. Pero sus rivales <b>piensan ir por todo<\/b> y <span class=\"waslinkname\"><b>tienen el apoyo de la barra oficial de Independiente<\/b><\/span><b> para ir a la guerra<\/b>, lo que hace prever cap\u00edtulos tensos por Parque Patricios.<\/p>\n<p><b>V\u00e9lez y Argentinos:<\/b> despu\u00e9s de mucho tiempo y tras haberse consagrado como la barra m\u00e1s numerosa del Mundial de Qatar, <b>la tribuna de V\u00e9lez perdi\u00f3 toda tranquilidad<\/b>. La jefatura sigue al mando de <b>Jonathan Pereira<\/b>, hermanastro de <b>Ra\u00fal Ciminelli<\/b>, alias <i>Raulo<\/i>, jefe del sector Versalles y Villa Luro que tiene como n\u00famero tres a <b>Cristian Cejas<\/b>, alias <i>el Castor.<\/i> Ellos con <b>Diego Richini<\/b> que trae a la gente de Devoto, el <i><b>Negro <\/b><\/i><b>Wilson B\u00e1ez<\/b> que maneja a los de Ciudadela y <b>Yamil M\u00e9ndez<\/b>, l\u00edder de la facci\u00f3n de Merlo, tienen la barra y todos los negocios de la misma, sobre todo los recitales, en un pu\u00f1o. Pero sali\u00f3 de prisi\u00f3n un viejo barra, <b>Adri\u00e1n Fern\u00e1ndez<\/b>, alias <i><b>Kiko<\/b><\/i>, y quiso negociar una parte de la generosa recaudaci\u00f3n que obtiene <i><b>La Pandilla de Liniers<\/b><\/i>. Como la respuesta fue negativa, prometi\u00f3 ganarla a los tiros. La situaci\u00f3n lleg\u00f3 a tal nivel que este verano <i>La Pandilla<\/i> que suele hacer pata ancha en la pileta s\u00f3lo apareci\u00f3 este mes dos veces y no casualmente en ambas oportunidades hubo un m\u00f3vil policial en la puerta del polideportivo. Y como <i>Kiko<\/i> hizo circular un video amenazante por las redes sociales, <b>para parar una guerra en el Amalfitani<\/b> el secretario de seguridad deportiva, <b>Franco Berl\u00edn<\/b>, cort\u00f3 por lo sano y le aplic\u00f3 derecho de admisi\u00f3n. Veremos si con eso alcanza para parar el mayor conflicto que se avecina en las barras del \u00e1mbito metropolitano. V\u00e9lez arranca de local reci\u00e9n la pr\u00f3xima semana.<\/p>\n<p>En el caso de <b>Argentinos Juniors<\/b>, todo est\u00e1 bajo la conducci\u00f3n del hist\u00f3rico <i><b>Cabez\u00f3n <\/b><\/i><b>Emerson<\/b>, de relaci\u00f3n umbilical con la comisi\u00f3n directiva que maneja el presidente <b>Cristian Malaspina<\/b>. Desde cuestiones de cancha hasta el microestadio donde se montan los shows, nada se hace sin su participaci\u00f3n.<\/p>\n<p><img loading=\"lazy\" decoding=\"async\" src=\"https:\/\/lobosnews.com.ar\/wp-content\/uploads\/2026\/01\/internas-guerras-abiertas-y-otras-en-tensa-paz-el-panorama-de-las-barras-en-el-arranque-de-la-nueva-temporada-del-futbol-argentino-7.jpg\" alt=\"Lautaro Laucha Ghiselli est\u00e1 preso desde agosto del a\u00f1o pasado\" height=\"601\" width=\"865\"\/><\/p>\n<p><b>Rosario Central, Newell\u2019s y Uni\u00f3n:<\/b> ambas barras de los clubes rosarinos transitan por momentos de cambio. Tras el crimen de <b>Andr\u00e9s <\/b><i><b>Pill\u00edn <\/b><\/i><b>Bracamonte<\/b>, parec\u00eda que la situaci\u00f3n en el <i>Canalla <\/i>se controlaba con la asunci\u00f3n de su nuevo l\u00edder, <b>Lautaro <\/b><i><b>Laucha <\/b><\/i><b>Ghiselli.<\/b> Pero \u00e9ste cay\u00f3 preso en agosto del a\u00f1o pasado por formar parte de la banda delictiva <i>Los Menores<\/i>, que adem\u00e1s est\u00e1n sospechados del crimen de <i>Pill\u00edn<\/i>. Ah\u00ed el que qued\u00f3 al frente pero desde las sombras fue otro miembro de esa banda, <b>Luis <\/b><i><b>el Gordo<\/b><\/i><b> Palavecino<\/b>, pero \u00e9ste cay\u00f3 a fin de a\u00f1o y es una inc\u00f3gnita qui\u00e9n se parar\u00e1 este s\u00e1bado al frente de <i><b>Los Guerreros<\/b><\/i> aunque todo indica que <b>Santino Alvarado<\/b>, <b>hijo del capo narco Esteban Alvarado, ser\u00eda qui\u00e9n tiene el poder real.<\/b><\/p>\n<p><img loading=\"lazy\" decoding=\"async\" src=\"https:\/\/lobosnews.com.ar\/wp-content\/uploads\/2026\/01\/internas-guerras-abiertas-y-otras-en-tensa-paz-el-panorama-de-las-barras-en-el-arranque-de-la-nueva-temporada-del-futbol-argentino-8.jpg\" alt=\"El Zapa Vallejos fue apresado el a\u00f1o pasado\" height=\"1080\" width=\"1920\"\/><\/p>\n<p><b>En Newell\u2019s pasa algo similar.<\/b> El l\u00edder de la popular era <b>Alejandro Vallejos<\/b>, alias el <i>Zapa<\/i>, pero cay\u00f3 por narcotr\u00e1fico a fines de septiembre. Respond\u00eda a los l\u00edderes presos <i><b>Toro <\/b><\/i><b>Escobar, <\/b><i><b>Pollo <\/b><\/i><b>Vinardi y <\/b><i><b>Guille <\/b><\/i><b>Cantero<\/b>, tr\u00edpode que deber\u00e1 ahora poner un nuevo hombre para cuidar de sus negocios en la tribuna <i>leprosa.<\/i><\/p>\n<p><img loading=\"lazy\" decoding=\"async\" src=\"https:\/\/lobosnews.com.ar\/wp-content\/uploads\/2026\/01\/internas-guerras-abiertas-y-otras-en-tensa-paz-el-panorama-de-las-barras-en-el-arranque-de-la-nueva-temporada-del-futbol-argentino-9.jpg\" alt=\"Una interna promete guerra en el seno de la barra de Uni\u00f3n (Foto: Aire Digital)\" height=\"694\" width=\"1200\"\/><\/p>\n<p>En el caso de <b>Uni\u00f3n<\/b>, la interna de <i><b>La barra de la bomba<\/b><\/i> sigue vigente. Si bien se mantienen al frente los tres <b>hermanos Galeano<\/b>, sus rivales de los barrios Alto Verde y Roma buscan desbancarlos. El a\u00f1o pasado <b>hubo varios episodios a balazos<\/b> y <b>Fabi\u00e1n Galeano<\/b> salv\u00f3 su vida de milagro tras ser atacado con siete disparos. Busc\u00f3 venganza despu\u00e9s y termin\u00f3 preso pero sali\u00f3 con una fianza millonaria y <b>el comienzo del torneo reaviva el temor de la guerra.<\/b><\/p>\n<p><img loading=\"lazy\" decoding=\"async\" src=\"https:\/\/lobosnews.com.ar\/wp-content\/uploads\/2026\/01\/internas-guerras-abiertas-y-otras-en-tensa-paz-el-panorama-de-las-barras-en-el-arranque-de-la-nueva-temporada-del-futbol-argentino-10.jpg\" alt=\"Cristian el Volador Camillieri comanda la barra de Gimnasia desde hace casi tres d\u00e9cadas\" height=\"1080\" width=\"1920\"\/><\/p>\n<p><b>Estudiantes y Gimnasia:<\/b> por la ciudad de La Plata <b>los problemas se dan entre ambas barras y no al interior.<\/b> En el <i>Pincha <\/i>siguen mandando <i><b>Los Leales<\/b><\/i>, con el <i><b>Gato <\/b><\/i><b>Adri\u00e1n Soc\u00edo e Ivan Tobar<\/b> a la cabeza. Cuando este \u00faltimo cay\u00f3 preso un grupo de viejos barras autotitulados <i><b>Los Legendarios<\/b><\/i> y encabezados por <b>Patricio Arizaga hijo y Daniel Binci <\/b>quisieron copar la tribuna pero fueron desactivados. Y en el <i>Lobo <\/i>todo est\u00e1 bajo el mando de <b>Cristian <\/b><i><b>el Volador <\/b><\/i><b>Camillieri,<\/b> eterno jefe desde el 2000.<\/p>\n<p><img loading=\"lazy\" decoding=\"async\" src=\"https:\/\/lobosnews.com.ar\/wp-content\/uploads\/2026\/01\/internas-guerras-abiertas-y-otras-en-tensa-paz-el-panorama-de-las-barras-en-el-arranque-de-la-nueva-temporada-del-futbol-argentino-11.jpg\" alt=\"Uno de los tantos episodios a los tiros por la interna de la barra de Instituto\" height=\"1080\" width=\"1920\"\/><\/p>\n<p><b>C\u00f3rdoba, Tucum\u00e1n y Mendoza:<\/b> en la Docta, a la que m\u00e1s hay que prestarle atenci\u00f3n es a <b>la barra de Instituto<\/b>, que<b> lleva hace a\u00f1os una interna a tiros<\/b> entre el grupo de <i><b>La Cortada<\/b><\/i> y el de <i>Los Capanga<\/i> que son manejados por las familias <b>Cabanillas y Moyano.<\/b> Si bien el ministro de Seguridad de C\u00f3rdoba, <b>Juan Pablo Quinteros<\/b>, se involucr\u00f3 personalmente y le aplic\u00f3 derecho de admisi\u00f3n a la c\u00fapula de ambos sectores, <b>la tensi\u00f3n sigue en escena<\/b>. En Belgrano est\u00e1 firme <b>Lucas Pav\u00f3n<\/b>, que proviene del sindicalismo y destron\u00f3 finalmente al <i><b>Loco Tito<\/b><\/i> mientras que en <i>La Fiel<\/i>, la barra de Talleres, no hay m\u00e1s disidencia desde que cay\u00f3 preso su l\u00edder hist\u00f3rico, <b>Dar\u00edo C\u00e1ceres<\/b>, y fue reemplazado por el d\u00fao <b>Walter <\/b><i><b>Toro <\/b><\/i><b>Escobar y Cristian <\/b><i><b>Rengo <\/b><\/i><b>Piscitello.<\/b><\/p>\n<p><b>En Tucum\u00e1n siempre hay una bomba a punto de estallar en <\/b><i><b>La Inimitable<\/b><\/i><b>. <\/b>Manejada por <b>el clan Acevedo<\/b> desde a\u00f1ares, le sali\u00f3 una competencia con otro clan, <b>los Toro<\/b>. Por ahora las peleas fueron en los barrios pero nadie sabe si no se trasladar\u00e1n a la cancha. En la provincia cuyana tanto <i><b>Los Caudillos del Parque<\/b><\/i>, de Independiente Rivadavia, y <i><b>La 33<\/b><\/i> de Gimnasia, <b>est\u00e1n en per\u00edodo de relativa calma.<\/b><\/p>\n<p><img loading=\"lazy\" decoding=\"async\" src=\"https:\/\/lobosnews.com.ar\/wp-content\/uploads\/2026\/01\/internas-guerras-abiertas-y-otras-en-tensa-paz-el-panorama-de-las-barras-en-el-arranque-de-la-nueva-temporada-del-futbol-argentino-12.jpg\" alt=\"La hinchada de Sarmiento de Jun\u00edn vive una interna que promete escalar (Cr\u00e9dito @cacc_sde)\" height=\"1366\" width=\"2048\"\/><\/p>\n<p>Del resto de los equipos que juegan el torneo de 30 habr\u00e1 que poner un ojo en <b>Sarmiento de Jun\u00edn<\/b> donde la guerra entre <i><b>La banda del Cemento<\/b><\/i> referenciada en <b>Juan Lazo<\/b> y la <i><b>Del Oeste<\/b><\/i> cuyo l\u00edder es el ex boxeador <b>Pablo <\/b><i><b>Pokemon <\/b><\/i><b>Far\u00edas<\/b> se agarraron a balazos y dej\u00f3 cuatro heridos, entre ellos el ex campe\u00f3n latino en la categor\u00eda S\u00faper Mediano. Y tambi\u00e9n en <b>Central C\u00f3rdoba de Santiago del Estero<\/b> que tiene una disputa entre la facci\u00f3n oficial que maneja <b>Miguel \u00c1ngel Ovejero<\/b>, alias el <i><b>Pepo<\/b><\/i>, y el grupo del barrio San Mart\u00edn que tuvo un enfrentamiento a los tiros.<\/p>\n<p><b>No parece haber problemas en Lan\u00fas, Banfield y Defensa y Justicia<\/b> por el lado del Sur <b>ni en Tigre y Platense<\/b> por el lado del Norte y <b>tampoco en Riestra. <\/b>En <b>Barracas Central<\/b> sigue siendo el l\u00edder <b>Sergio <\/b><i><b>Boti <\/b><\/i><b>Avalos<\/b> y <b>quiz\u00e1 haya que poner algo de atenci\u00f3n en Mar del Plata<\/b>, ya que <b>Aldosivi<\/b> nunca cerr\u00f3 la herida entre la oficial que maneja <b>Luis el <\/b><i><b>Indio<\/b><\/i><b> Coman<\/b> y el grupo opositor del barrio Nueva Italia. Y habr\u00e1 que ver si la codicia por el negocio que se abre al tener su debut en la Primera Divisi\u00f3n genera un quiebre en <i><b>La Barra del Le\u00f3n<\/b><\/i>, como se hacen llamar los violentos de <b>Estudiantes de R\u00edo Cuarto.<\/b><\/p>\n","protected":false},"excerpt":{"rendered":"<p>Esta tarde empieza la Copa de la Liga versi\u00f3n 2026. Y con cada nuevo comienzo del f\u00fatbol tambi\u00e9n larga la vida de lo que ocurre en las tribunas. Que siempre tienen sus internas y m\u00e1s cuando se trata de un a\u00f1o mundialista y todos los que aspiran a convertirse en la barra de la Selecci\u00f3n&#8230;<\/p>\n","protected":false},"author":1,"featured_media":0,"comment_status":"open","ping_status":"closed","sticky":false,"template":"","format":"standard","meta":{"_jetpack_memberships_contains_paid_content":false,"footnotes":""},"categories":[30],"tags":[39],"class_list":["post-9981","post","type-post","status-publish","format-standard","hentry","category-argentina","tag-deportes"],"magazineBlocksPostFeaturedMedia":{"thumbnail":false,"medium":false,"medium_large":false,"large":false,"1536x1536":false,"2048x2048":false,"newsmatic-featured":false,"newsmatic-list":false,"newsmatic-thumb":false,"newsmatic-small":false,"newsmatic-grid":false},"magazineBlocksPostAuthor":{"name":"admin","avatar":"https:\/\/secure.gravatar.com\/avatar\/76e419471a2083bc3ceab22a763dbbf9b0c1bd15a6214cf3280e2c2dde4580f9?s=96&d=mm&r=g"},"magazineBlocksPostCommentsNumber":"0","magazineBlocksPostExcerpt":"Esta tarde empieza la Copa de la Liga versi\u00f3n 2026. Y con cada nuevo comienzo del f\u00fatbol tambi\u00e9n larga la vida de lo que ocurre en las tribunas. Que siempre tienen sus internas y m\u00e1s cuando se trata de un a\u00f1o mundialista y todos los que aspiran a convertirse en la barra de la Selecci\u00f3n...","magazineBlocksPostCategories":["Argentina"],"magazineBlocksPostViewCount":172,"magazineBlocksPostReadTime":14,"magazine_blocks_featured_image_url":{"full":false,"medium":false,"thumbnail":false},"magazine_blocks_author":{"display_name":"admin","author_link":"https:\/\/lobosnews.com.ar\/index.php\/author\/lobos-news\/"},"magazine_blocks_comment":0,"magazine_blocks_author_image":"https:\/\/secure.gravatar.com\/avatar\/76e419471a2083bc3ceab22a763dbbf9b0c1bd15a6214cf3280e2c2dde4580f9?s=96&d=mm&r=g","magazine_blocks_category":"<a href=\"#\" class=\"category-link category-link-30\">Argentina<\/a>","yoast_head":"<!-- This site is optimized with the Yoast SEO plugin v26.6 - https:\/\/yoast.com\/wordpress\/plugins\/seo\/ -->\n<title>Internas, guerras abiertas y otras en tensa paz: el panorama de las barras en el arranque de la nueva temporada del f\u00fatbol argentino - Lobos News<\/title>\n<meta name=\"robots\" content=\"index, follow, max-snippet:-1, max-image-preview:large, max-video-preview:-1\" \/>\n<link rel=\"canonical\" href=\"https:\/\/lobosnews.com.ar\/index.php\/2026\/01\/22\/internas-guerras-abiertas-y-otras-en-tensa-paz-el-panorama-de-las-barras-en-el-arranque-de-la-nueva-temporada-del-futbol-argentino\/\" \/>\n<meta property=\"og:locale\" content=\"es_ES\" \/>\n<meta property=\"og:type\" content=\"article\" \/>\n<meta property=\"og:title\" content=\"Internas, guerras abiertas y otras en tensa paz: el panorama de las barras en el arranque de la nueva temporada del f\u00fatbol argentino - Lobos News\" \/>\n<meta property=\"og:description\" content=\"Esta tarde empieza la Copa de la Liga versi\u00f3n 2026. Y con cada nuevo comienzo del f\u00fatbol tambi\u00e9n larga la vida de lo que ocurre en las tribunas. Que siempre tienen sus internas y m\u00e1s cuando se trata de un a\u00f1o mundialista y todos los que aspiran a convertirse en la barra de la Selecci\u00f3n...\" \/>\n<meta property=\"og:url\" content=\"https:\/\/lobosnews.com.ar\/index.php\/2026\/01\/22\/internas-guerras-abiertas-y-otras-en-tensa-paz-el-panorama-de-las-barras-en-el-arranque-de-la-nueva-temporada-del-futbol-argentino\/\" \/>\n<meta property=\"og:site_name\" content=\"Lobos News\" \/>\n<meta property=\"article:published_time\" content=\"2026-01-22T04:15:52+00:00\" \/>\n<meta property=\"article:modified_time\" content=\"2026-01-22T09:49:38+00:00\" \/>\n<meta property=\"og:image\" content=\"https:\/\/lobosnews.com.ar\/wp-content\/uploads\/2026\/01\/internas-guerras-abiertas-y-otras-en-tensa-paz-el-panorama-de-las-barras-en-el-arranque-de-la-nueva-temporada-del-futbol-argentino.jpg\" \/>\n<meta name=\"author\" content=\"admin\" \/>\n<meta name=\"twitter:card\" content=\"summary_large_image\" \/>\n<meta name=\"twitter:label1\" content=\"Escrito por\" \/>\n\t<meta name=\"twitter:data1\" content=\"admin\" \/>\n\t<meta name=\"twitter:label2\" content=\"Tiempo de lectura\" \/>\n\t<meta name=\"twitter:data2\" content=\"13 minutos\" \/>\n<script type=\"application\/ld+json\" class=\"yoast-schema-graph\">{\"@context\":\"https:\/\/schema.org\",\"@graph\":[{\"@type\":\"Article\",\"@id\":\"https:\/\/lobosnews.com.ar\/index.php\/2026\/01\/22\/internas-guerras-abiertas-y-otras-en-tensa-paz-el-panorama-de-las-barras-en-el-arranque-de-la-nueva-temporada-del-futbol-argentino\/#article\",\"isPartOf\":{\"@id\":\"https:\/\/lobosnews.com.ar\/index.php\/2026\/01\/22\/internas-guerras-abiertas-y-otras-en-tensa-paz-el-panorama-de-las-barras-en-el-arranque-de-la-nueva-temporada-del-futbol-argentino\/\"},\"author\":{\"name\":\"admin\",\"@id\":\"https:\/\/lobosnews.com.ar\/#\/schema\/person\/232422a593d5c541dd9aef6aaed10943\"},\"headline\":\"Internas, guerras abiertas y otras en tensa paz: el panorama de las barras en el arranque de la nueva temporada del f\u00fatbol argentino\",\"datePublished\":\"2026-01-22T04:15:52+00:00\",\"dateModified\":\"2026-01-22T09:49:38+00:00\",\"mainEntityOfPage\":{\"@id\":\"https:\/\/lobosnews.com.ar\/index.php\/2026\/01\/22\/internas-guerras-abiertas-y-otras-en-tensa-paz-el-panorama-de-las-barras-en-el-arranque-de-la-nueva-temporada-del-futbol-argentino\/\"},\"wordCount\":2652,\"commentCount\":0,\"publisher\":{\"@id\":\"https:\/\/lobosnews.com.ar\/#organization\"},\"image\":{\"@id\":\"https:\/\/lobosnews.com.ar\/index.php\/2026\/01\/22\/internas-guerras-abiertas-y-otras-en-tensa-paz-el-panorama-de-las-barras-en-el-arranque-de-la-nueva-temporada-del-futbol-argentino\/#primaryimage\"},\"thumbnailUrl\":\"https:\/\/lobosnews.com.ar\/wp-content\/uploads\/2026\/01\/internas-guerras-abiertas-y-otras-en-tensa-paz-el-panorama-de-las-barras-en-el-arranque-de-la-nueva-temporada-del-futbol-argentino.jpg\",\"keywords\":[\"Deportes\"],\"articleSection\":[\"Argentina\"],\"inLanguage\":\"es\",\"potentialAction\":[{\"@type\":\"CommentAction\",\"name\":\"Comment\",\"target\":[\"https:\/\/lobosnews.com.ar\/index.php\/2026\/01\/22\/internas-guerras-abiertas-y-otras-en-tensa-paz-el-panorama-de-las-barras-en-el-arranque-de-la-nueva-temporada-del-futbol-argentino\/#respond\"]}]},{\"@type\":\"WebPage\",\"@id\":\"https:\/\/lobosnews.com.ar\/index.php\/2026\/01\/22\/internas-guerras-abiertas-y-otras-en-tensa-paz-el-panorama-de-las-barras-en-el-arranque-de-la-nueva-temporada-del-futbol-argentino\/\",\"url\":\"https:\/\/lobosnews.com.ar\/index.php\/2026\/01\/22\/internas-guerras-abiertas-y-otras-en-tensa-paz-el-panorama-de-las-barras-en-el-arranque-de-la-nueva-temporada-del-futbol-argentino\/\",\"name\":\"Internas, guerras abiertas y otras en tensa paz: el panorama de las barras en el arranque de la nueva temporada del f\u00fatbol argentino - Lobos News\",\"isPartOf\":{\"@id\":\"https:\/\/lobosnews.com.ar\/#website\"},\"primaryImageOfPage\":{\"@id\":\"https:\/\/lobosnews.com.ar\/index.php\/2026\/01\/22\/internas-guerras-abiertas-y-otras-en-tensa-paz-el-panorama-de-las-barras-en-el-arranque-de-la-nueva-temporada-del-futbol-argentino\/#primaryimage\"},\"image\":{\"@id\":\"https:\/\/lobosnews.com.ar\/index.php\/2026\/01\/22\/internas-guerras-abiertas-y-otras-en-tensa-paz-el-panorama-de-las-barras-en-el-arranque-de-la-nueva-temporada-del-futbol-argentino\/#primaryimage\"},\"thumbnailUrl\":\"https:\/\/lobosnews.com.ar\/wp-content\/uploads\/2026\/01\/internas-guerras-abiertas-y-otras-en-tensa-paz-el-panorama-de-las-barras-en-el-arranque-de-la-nueva-temporada-del-futbol-argentino.jpg\",\"datePublished\":\"2026-01-22T04:15:52+00:00\",\"dateModified\":\"2026-01-22T09:49:38+00:00\",\"breadcrumb\":{\"@id\":\"https:\/\/lobosnews.com.ar\/index.php\/2026\/01\/22\/internas-guerras-abiertas-y-otras-en-tensa-paz-el-panorama-de-las-barras-en-el-arranque-de-la-nueva-temporada-del-futbol-argentino\/#breadcrumb\"},\"inLanguage\":\"es\",\"potentialAction\":[{\"@type\":\"ReadAction\",\"target\":[\"https:\/\/lobosnews.com.ar\/index.php\/2026\/01\/22\/internas-guerras-abiertas-y-otras-en-tensa-paz-el-panorama-de-las-barras-en-el-arranque-de-la-nueva-temporada-del-futbol-argentino\/\"]}]},{\"@type\":\"ImageObject\",\"inLanguage\":\"es\",\"@id\":\"https:\/\/lobosnews.com.ar\/index.php\/2026\/01\/22\/internas-guerras-abiertas-y-otras-en-tensa-paz-el-panorama-de-las-barras-en-el-arranque-de-la-nueva-temporada-del-futbol-argentino\/#primaryimage\",\"url\":\"https:\/\/lobosnews.com.ar\/wp-content\/uploads\/2026\/01\/internas-guerras-abiertas-y-otras-en-tensa-paz-el-panorama-de-las-barras-en-el-arranque-de-la-nueva-temporada-del-futbol-argentino.jpg\",\"contentUrl\":\"https:\/\/lobosnews.com.ar\/wp-content\/uploads\/2026\/01\/internas-guerras-abiertas-y-otras-en-tensa-paz-el-panorama-de-las-barras-en-el-arranque-de-la-nueva-temporada-del-futbol-argentino.jpg\"},{\"@type\":\"BreadcrumbList\",\"@id\":\"https:\/\/lobosnews.com.ar\/index.php\/2026\/01\/22\/internas-guerras-abiertas-y-otras-en-tensa-paz-el-panorama-de-las-barras-en-el-arranque-de-la-nueva-temporada-del-futbol-argentino\/#breadcrumb\",\"itemListElement\":[{\"@type\":\"ListItem\",\"position\":1,\"name\":\"Portada\",\"item\":\"https:\/\/lobosnews.com.ar\/\"},{\"@type\":\"ListItem\",\"position\":2,\"name\":\"Internas, guerras abiertas y otras en tensa paz: el panorama de las barras en el arranque de la nueva temporada del f\u00fatbol argentino\"}]},{\"@type\":\"WebSite\",\"@id\":\"https:\/\/lobosnews.com.ar\/#website\",\"url\":\"https:\/\/lobosnews.com.ar\/\",\"name\":\"Lobos News\",\"description\":\"Informaci\u00f3n a cada instante\",\"publisher\":{\"@id\":\"https:\/\/lobosnews.com.ar\/#organization\"},\"potentialAction\":[{\"@type\":\"SearchAction\",\"target\":{\"@type\":\"EntryPoint\",\"urlTemplate\":\"https:\/\/lobosnews.com.ar\/?s={search_term_string}\"},\"query-input\":{\"@type\":\"PropertyValueSpecification\",\"valueRequired\":true,\"valueName\":\"search_term_string\"}}],\"inLanguage\":\"es\"},{\"@type\":\"Organization\",\"@id\":\"https:\/\/lobosnews.com.ar\/#organization\",\"name\":\"Lobos News\",\"url\":\"https:\/\/lobosnews.com.ar\/\",\"logo\":{\"@type\":\"ImageObject\",\"inLanguage\":\"es\",\"@id\":\"https:\/\/lobosnews.com.ar\/#\/schema\/logo\/image\/\",\"url\":\"https:\/\/lobosnews.com.ar\/wp-content\/uploads\/2026\/01\/logo-lobosnews.png\",\"contentUrl\":\"https:\/\/lobosnews.com.ar\/wp-content\/uploads\/2026\/01\/logo-lobosnews.png\",\"width\":500,\"height\":200,\"caption\":\"Lobos News\"},\"image\":{\"@id\":\"https:\/\/lobosnews.com.ar\/#\/schema\/logo\/image\/\"}},{\"@type\":\"Person\",\"@id\":\"https:\/\/lobosnews.com.ar\/#\/schema\/person\/232422a593d5c541dd9aef6aaed10943\",\"name\":\"admin\",\"image\":{\"@type\":\"ImageObject\",\"inLanguage\":\"es\",\"@id\":\"https:\/\/lobosnews.com.ar\/#\/schema\/person\/image\/\",\"url\":\"https:\/\/secure.gravatar.com\/avatar\/76e419471a2083bc3ceab22a763dbbf9b0c1bd15a6214cf3280e2c2dde4580f9?s=96&d=mm&r=g\",\"contentUrl\":\"https:\/\/secure.gravatar.com\/avatar\/76e419471a2083bc3ceab22a763dbbf9b0c1bd15a6214cf3280e2c2dde4580f9?s=96&d=mm&r=g\",\"caption\":\"admin\"},\"sameAs\":[\"https:\/\/lobosnews.com.ar\"],\"url\":\"https:\/\/lobosnews.com.ar\/index.php\/author\/lobos-news\/\"}]}<\/script>\n<!-- \/ Yoast SEO plugin. -->","yoast_head_json":{"title":"Internas, guerras abiertas y otras en tensa paz: el panorama de las barras en el arranque de la nueva temporada del f\u00fatbol argentino - Lobos News","robots":{"index":"index","follow":"follow","max-snippet":"max-snippet:-1","max-image-preview":"max-image-preview:large","max-video-preview":"max-video-preview:-1"},"canonical":"https:\/\/lobosnews.com.ar\/index.php\/2026\/01\/22\/internas-guerras-abiertas-y-otras-en-tensa-paz-el-panorama-de-las-barras-en-el-arranque-de-la-nueva-temporada-del-futbol-argentino\/","og_locale":"es_ES","og_type":"article","og_title":"Internas, guerras abiertas y otras en tensa paz: el panorama de las barras en el arranque de la nueva temporada del f\u00fatbol argentino - Lobos News","og_description":"Esta tarde empieza la Copa de la Liga versi\u00f3n 2026. Y con cada nuevo comienzo del f\u00fatbol tambi\u00e9n larga la vida de lo que ocurre en las tribunas. Que siempre tienen sus internas y m\u00e1s cuando se trata de un a\u00f1o mundialista y todos los que aspiran a convertirse en la barra de la Selecci\u00f3n...","og_url":"https:\/\/lobosnews.com.ar\/index.php\/2026\/01\/22\/internas-guerras-abiertas-y-otras-en-tensa-paz-el-panorama-de-las-barras-en-el-arranque-de-la-nueva-temporada-del-futbol-argentino\/","og_site_name":"Lobos News","article_published_time":"2026-01-22T04:15:52+00:00","article_modified_time":"2026-01-22T09:49:38+00:00","og_image":[{"url":"https:\/\/lobosnews.com.ar\/wp-content\/uploads\/2026\/01\/internas-guerras-abiertas-y-otras-en-tensa-paz-el-panorama-de-las-barras-en-el-arranque-de-la-nueva-temporada-del-futbol-argentino.jpg","type":"","width":"","height":""}],"author":"admin","twitter_card":"summary_large_image","twitter_misc":{"Escrito por":"admin","Tiempo de lectura":"13 minutos"},"schema":{"@context":"https:\/\/schema.org","@graph":[{"@type":"Article","@id":"https:\/\/lobosnews.com.ar\/index.php\/2026\/01\/22\/internas-guerras-abiertas-y-otras-en-tensa-paz-el-panorama-de-las-barras-en-el-arranque-de-la-nueva-temporada-del-futbol-argentino\/#article","isPartOf":{"@id":"https:\/\/lobosnews.com.ar\/index.php\/2026\/01\/22\/internas-guerras-abiertas-y-otras-en-tensa-paz-el-panorama-de-las-barras-en-el-arranque-de-la-nueva-temporada-del-futbol-argentino\/"},"author":{"name":"admin","@id":"https:\/\/lobosnews.com.ar\/#\/schema\/person\/232422a593d5c541dd9aef6aaed10943"},"headline":"Internas, guerras abiertas y otras en tensa paz: el panorama de las barras en el arranque de la nueva temporada del f\u00fatbol argentino","datePublished":"2026-01-22T04:15:52+00:00","dateModified":"2026-01-22T09:49:38+00:00","mainEntityOfPage":{"@id":"https:\/\/lobosnews.com.ar\/index.php\/2026\/01\/22\/internas-guerras-abiertas-y-otras-en-tensa-paz-el-panorama-de-las-barras-en-el-arranque-de-la-nueva-temporada-del-futbol-argentino\/"},"wordCount":2652,"commentCount":0,"publisher":{"@id":"https:\/\/lobosnews.com.ar\/#organization"},"image":{"@id":"https:\/\/lobosnews.com.ar\/index.php\/2026\/01\/22\/internas-guerras-abiertas-y-otras-en-tensa-paz-el-panorama-de-las-barras-en-el-arranque-de-la-nueva-temporada-del-futbol-argentino\/#primaryimage"},"thumbnailUrl":"https:\/\/lobosnews.com.ar\/wp-content\/uploads\/2026\/01\/internas-guerras-abiertas-y-otras-en-tensa-paz-el-panorama-de-las-barras-en-el-arranque-de-la-nueva-temporada-del-futbol-argentino.jpg","keywords":["Deportes"],"articleSection":["Argentina"],"inLanguage":"es","potentialAction":[{"@type":"CommentAction","name":"Comment","target":["https:\/\/lobosnews.com.ar\/index.php\/2026\/01\/22\/internas-guerras-abiertas-y-otras-en-tensa-paz-el-panorama-de-las-barras-en-el-arranque-de-la-nueva-temporada-del-futbol-argentino\/#respond"]}]},{"@type":"WebPage","@id":"https:\/\/lobosnews.com.ar\/index.php\/2026\/01\/22\/internas-guerras-abiertas-y-otras-en-tensa-paz-el-panorama-de-las-barras-en-el-arranque-de-la-nueva-temporada-del-futbol-argentino\/","url":"https:\/\/lobosnews.com.ar\/index.php\/2026\/01\/22\/internas-guerras-abiertas-y-otras-en-tensa-paz-el-panorama-de-las-barras-en-el-arranque-de-la-nueva-temporada-del-futbol-argentino\/","name":"Internas, guerras abiertas y otras en tensa paz: el panorama de las barras en el arranque de la nueva temporada del f\u00fatbol argentino - Lobos News","isPartOf":{"@id":"https:\/\/lobosnews.com.ar\/#website"},"primaryImageOfPage":{"@id":"https:\/\/lobosnews.com.ar\/index.php\/2026\/01\/22\/internas-guerras-abiertas-y-otras-en-tensa-paz-el-panorama-de-las-barras-en-el-arranque-de-la-nueva-temporada-del-futbol-argentino\/#primaryimage"},"image":{"@id":"https:\/\/lobosnews.com.ar\/index.php\/2026\/01\/22\/internas-guerras-abiertas-y-otras-en-tensa-paz-el-panorama-de-las-barras-en-el-arranque-de-la-nueva-temporada-del-futbol-argentino\/#primaryimage"},"thumbnailUrl":"https:\/\/lobosnews.com.ar\/wp-content\/uploads\/2026\/01\/internas-guerras-abiertas-y-otras-en-tensa-paz-el-panorama-de-las-barras-en-el-arranque-de-la-nueva-temporada-del-futbol-argentino.jpg","datePublished":"2026-01-22T04:15:52+00:00","dateModified":"2026-01-22T09:49:38+00:00","breadcrumb":{"@id":"https:\/\/lobosnews.com.ar\/index.php\/2026\/01\/22\/internas-guerras-abiertas-y-otras-en-tensa-paz-el-panorama-de-las-barras-en-el-arranque-de-la-nueva-temporada-del-futbol-argentino\/#breadcrumb"},"inLanguage":"es","potentialAction":[{"@type":"ReadAction","target":["https:\/\/lobosnews.com.ar\/index.php\/2026\/01\/22\/internas-guerras-abiertas-y-otras-en-tensa-paz-el-panorama-de-las-barras-en-el-arranque-de-la-nueva-temporada-del-futbol-argentino\/"]}]},{"@type":"ImageObject","inLanguage":"es","@id":"https:\/\/lobosnews.com.ar\/index.php\/2026\/01\/22\/internas-guerras-abiertas-y-otras-en-tensa-paz-el-panorama-de-las-barras-en-el-arranque-de-la-nueva-temporada-del-futbol-argentino\/#primaryimage","url":"https:\/\/lobosnews.com.ar\/wp-content\/uploads\/2026\/01\/internas-guerras-abiertas-y-otras-en-tensa-paz-el-panorama-de-las-barras-en-el-arranque-de-la-nueva-temporada-del-futbol-argentino.jpg","contentUrl":"https:\/\/lobosnews.com.ar\/wp-content\/uploads\/2026\/01\/internas-guerras-abiertas-y-otras-en-tensa-paz-el-panorama-de-las-barras-en-el-arranque-de-la-nueva-temporada-del-futbol-argentino.jpg"},{"@type":"BreadcrumbList","@id":"https:\/\/lobosnews.com.ar\/index.php\/2026\/01\/22\/internas-guerras-abiertas-y-otras-en-tensa-paz-el-panorama-de-las-barras-en-el-arranque-de-la-nueva-temporada-del-futbol-argentino\/#breadcrumb","itemListElement":[{"@type":"ListItem","position":1,"name":"Portada","item":"https:\/\/lobosnews.com.ar\/"},{"@type":"ListItem","position":2,"name":"Internas, guerras abiertas y otras en tensa paz: el panorama de las barras en el arranque de la nueva temporada del f\u00fatbol argentino"}]},{"@type":"WebSite","@id":"https:\/\/lobosnews.com.ar\/#website","url":"https:\/\/lobosnews.com.ar\/","name":"Lobos News","description":"Informaci\u00f3n a cada instante","publisher":{"@id":"https:\/\/lobosnews.com.ar\/#organization"},"potentialAction":[{"@type":"SearchAction","target":{"@type":"EntryPoint","urlTemplate":"https:\/\/lobosnews.com.ar\/?s={search_term_string}"},"query-input":{"@type":"PropertyValueSpecification","valueRequired":true,"valueName":"search_term_string"}}],"inLanguage":"es"},{"@type":"Organization","@id":"https:\/\/lobosnews.com.ar\/#organization","name":"Lobos News","url":"https:\/\/lobosnews.com.ar\/","logo":{"@type":"ImageObject","inLanguage":"es","@id":"https:\/\/lobosnews.com.ar\/#\/schema\/logo\/image\/","url":"https:\/\/lobosnews.com.ar\/wp-content\/uploads\/2026\/01\/logo-lobosnews.png","contentUrl":"https:\/\/lobosnews.com.ar\/wp-content\/uploads\/2026\/01\/logo-lobosnews.png","width":500,"height":200,"caption":"Lobos News"},"image":{"@id":"https:\/\/lobosnews.com.ar\/#\/schema\/logo\/image\/"}},{"@type":"Person","@id":"https:\/\/lobosnews.com.ar\/#\/schema\/person\/232422a593d5c541dd9aef6aaed10943","name":"admin","image":{"@type":"ImageObject","inLanguage":"es","@id":"https:\/\/lobosnews.com.ar\/#\/schema\/person\/image\/","url":"https:\/\/secure.gravatar.com\/avatar\/76e419471a2083bc3ceab22a763dbbf9b0c1bd15a6214cf3280e2c2dde4580f9?s=96&d=mm&r=g","contentUrl":"https:\/\/secure.gravatar.com\/avatar\/76e419471a2083bc3ceab22a763dbbf9b0c1bd15a6214cf3280e2c2dde4580f9?s=96&d=mm&r=g","caption":"admin"},"sameAs":["https:\/\/lobosnews.com.ar"],"url":"https:\/\/lobosnews.com.ar\/index.php\/author\/lobos-news\/"}]}},"jetpack_featured_media_url":"","jetpack_sharing_enabled":true,"_links":{"self":[{"href":"https:\/\/lobosnews.com.ar\/index.php\/wp-json\/wp\/v2\/posts\/9981","targetHints":{"allow":["GET"]}}],"collection":[{"href":"https:\/\/lobosnews.com.ar\/index.php\/wp-json\/wp\/v2\/posts"}],"about":[{"href":"https:\/\/lobosnews.com.ar\/index.php\/wp-json\/wp\/v2\/types\/post"}],"author":[{"embeddable":true,"href":"https:\/\/lobosnews.com.ar\/index.php\/wp-json\/wp\/v2\/users\/1"}],"replies":[{"embeddable":true,"href":"https:\/\/lobosnews.com.ar\/index.php\/wp-json\/wp\/v2\/comments?post=9981"}],"version-history":[{"count":1,"href":"https:\/\/lobosnews.com.ar\/index.php\/wp-json\/wp\/v2\/posts\/9981\/revisions"}],"predecessor-version":[{"id":9995,"href":"https:\/\/lobosnews.com.ar\/index.php\/wp-json\/wp\/v2\/posts\/9981\/revisions\/9995"}],"wp:attachment":[{"href":"https:\/\/lobosnews.com.ar\/index.php\/wp-json\/wp\/v2\/media?parent=9981"}],"wp:term":[{"taxonomy":"category","embeddable":true,"href":"https:\/\/lobosnews.com.ar\/index.php\/wp-json\/wp\/v2\/categories?post=9981"},{"taxonomy":"post_tag","embeddable":true,"href":"https:\/\/lobosnews.com.ar\/index.php\/wp-json\/wp\/v2\/tags?post=9981"}],"curies":[{"name":"wp","href":"https:\/\/api.w.org\/{rel}","templated":true}]}}