{"id":9952,"date":"2026-01-22T06:20:50","date_gmt":"2026-01-22T06:20:50","guid":{"rendered":"https:\/\/lobosnews.com.ar\/index.php\/2026\/01\/22\/volvieron-a-detener-a-las-chicas-que-participaron-del-brutal-ataque-a-un-joven-en-la-plata\/"},"modified":"2026-01-22T08:39:02","modified_gmt":"2026-01-22T08:39:02","slug":"volvieron-a-detener-a-las-chicas-que-participaron-del-brutal-ataque-a-un-joven-en-la-plata","status":"publish","type":"post","link":"https:\/\/lobosnews.com.ar\/index.php\/2026\/01\/22\/volvieron-a-detener-a-las-chicas-que-participaron-del-brutal-ataque-a-un-joven-en-la-plata\/","title":{"rendered":"Volvieron a detener a las chicas que participaron del brutal ataque a un joven en La Plata"},"content":{"rendered":"<p>Dos j\u00f3venes de 19 y 20 a\u00f1os volvieron a ser detenidas en el marco de la investigaci\u00f3n por <span class=\"waslinkname\"><b>el ataque grupal en Los Hornos<\/b><\/span>, partido de <span class=\"waslinkname\"><b>La Plata<\/b><\/span>, que dej\u00f3 a un joven de 24 a\u00f1os internado y con una pierna amputada. El violento episodio ocurri\u00f3 el fin de semana pasado y ya cuenta con un total de cuatro acusados.<\/p>\n<p>Las sospechosas hab\u00edan sido detenidas el mismo d\u00eda de la agresi\u00f3n, pero hab\u00edan sido beneficiadas con la libertad horas m\u00e1s tarde. <\/p>\n<p>A pesar de esto, este mi\u00e9rcoles ordenaron que ambas volvieran a quedar a disposici\u00f3n de la Justicia.<\/p>\n<p>La orden fue emitida por la Fiscal\u00eda de Menores luego de que se incorporaran nuevas pruebas a la causa. Actualmente, el caso es investigado como \u201clesiones grav\u00edsimas\u201d y es tramitado por el Fuero de Responsabilidad Juvenil N\u00b0 3 y la UFI N\u00b0 7 de La Plata.<\/p>\n<p>De acuerdo con la informaci\u00f3n publicada por el medio platense <i>0221<\/i>, una de ellas fue localizada en su domicilio, ubicado en la calle 522 entre 157 y 158, y la otra en una estaci\u00f3n de servicio de la zona de Los Hornos. En paralelo, se realizaron nuevos allanamientos.<\/p>\n<p><img loading=\"lazy\" decoding=\"async\" src=\"https:\/\/lobosnews.com.ar\/wp-content\/uploads\/2026\/01\/volvieron-a-detener-a-las-chicas-que-participaron-del-brutal-ataque-a-un-joven-en-la-plata.jpg\" alt=\"Las dos j\u00f3venes quedaron detenidas, tras haber sido liberadas el d\u00eda del ataque (Gentileza: 0221)\" height=\"1229\" width=\"1400\"\/><\/p>\n<p><b>La v\u00edctima de la golpiza fue un joven uruguayo de 24 a\u00f1os<\/b>, quien ahora lucha por su vida en el Hospital San Juan de Dios. Actualmente, se encuentra bajo respiraci\u00f3n asistida, tras ser apu\u00f1alado en cuatro ocasiones durante una paliza en grupo ocurrida durante la madrugada del s\u00e1bado.<\/p>\n<p>El ataque, en el que intervinieron al menos <b>cuatro agresores<\/b>, incluidos <b>dos menores de edad<\/b>, deriv\u00f3 en un procedimiento policial que permiti\u00f3 la detenci\u00f3n inmediata de todos los implicados, seg\u00fan fuentes policiales citadas por <i>El Editor Platense<\/i>. Adem\u00e1s, plantearon que se habr\u00edan utilizado armas blancas, las cuales no habr\u00edan sido secuestradas por las autoridades.<\/p>\n<p>Entre los se\u00f1alados se encontraban las dos mujeres que quedaron formalmente detenidas este mi\u00e9rcoles y otros dos adolescentes de 16 a\u00f1os que quedaron internados en un instituto especializado, a la espera de la decisi\u00f3n de la Fiscal\u00eda del Joven sobre su situaci\u00f3n procesal.<\/p>\n<p>Fuentes familiares relataron que la v\u00edctima lleg\u00f3 al hospital en condiciones cr\u00edticas. <b>\u201cDesangrado, casi se muere\u201d<\/b>, indicaron al hacer referencia a las lesiones recibidas, que fueron <b>dos pu\u00f1aladas en la espalda<\/b>, <b>una en la entrepierna y una herida grave en la pierna derecha<\/b>.<\/p>\n<p><img loading=\"lazy\" decoding=\"async\" src=\"https:\/\/lobosnews.com.ar\/wp-content\/uploads\/2026\/01\/volvieron-a-detener-a-las-chicas-que-participaron-del-brutal-ataque-a-un-joven-en-la-plata-1.jpg\" alt=\"El joven permanece internado en estado reservado\" height=\"932\" width=\"1400\"\/><\/p>\n<p>A pesar del estado en el que se encontraba, los m\u00e9dicos lograron estabilizar al joven tras una cirug\u00eda urgente, aunque optaron por mantenerlo intubado tras la intervenci\u00f3n. Con el paso de los d\u00edas, su situaci\u00f3n mejor\u00f3, mientras que sus allegados realizaron protestas y cortes de calles para reclamar por justicia y un cambio en la car\u00e1tula del caso.<\/p>\n<p>En medio del proceso de investigaci\u00f3n, la Polic\u00eda pudo identificar a los responsables con base en los testimonios recolectados en la escena. De acuerdo con la reconstrucci\u00f3n del hecho, cerca de las 06:00 horas el joven se hallaba compartiendo bebidas en la v\u00eda p\u00fablica cuando el grupo agresor se le aproxim\u00f3 y lo increp\u00f3.<\/p>\n<p>La confrontaci\u00f3n verbal escal\u00f3 con rapidez hacia una <b>golpiza colectiva<\/b> y el posterior uso de un arma blanca. Tras huir de la esquina de <b>142 y 57<\/b>, donde se produjo el ataque, los implicados fueron interceptados en un operativo conjunto entre efectivos de la comisar\u00eda Tercera y el <b>Grupo T\u00e1ctico Operativo (GTO)<\/b>. Todos los capturados residen en el mismo barrio.<\/p>\n<p>El episodio gener\u00f3 fuerte alarma en la comunidad, que denunci\u00f3 ante el 911 la gravedad de lo ocurrido. Aunque los servicios de emergencia arribaron al lugar, el ataque ya hab\u00eda finalizado. No obstante, los vecinos de Los Hornos expresaron creciente inquietud ante la repetida presencia de adolescentes en hechos delictivos de extrema violencia, fen\u00f3meno que, seg\u00fan declararon, se observa con mayor regularidad en la zona.<\/p>\n","protected":false},"excerpt":{"rendered":"<p>Dos j\u00f3venes de 19 y 20 a\u00f1os volvieron a ser detenidas en el marco de la investigaci\u00f3n por el ataque grupal en Los Hornos, partido de La Plata, que dej\u00f3 a un joven de 24 a\u00f1os internado y con una pierna amputada. El violento episodio ocurri\u00f3 el fin de semana pasado y ya cuenta con&#8230;<\/p>\n","protected":false},"author":1,"featured_media":9956,"comment_status":"open","ping_status":"closed","sticky":false,"template":"","format":"standard","meta":{"_jetpack_memberships_contains_paid_content":false,"footnotes":""},"categories":[31,30,32,77,84,35,36,37],"tags":[],"class_list":["post-9952","post","type-post","status-publish","format-standard","has-post-thumbnail","hentry","category-actualidad","category-argentina","category-economia","category-inseguridad","category-masradios-com","category-nacionales","category-seguridad","category-sociedad"],"magazineBlocksPostFeaturedMedia":{"thumbnail":"https:\/\/lobosnews.com.ar\/wp-content\/uploads\/2026\/01\/volvieron-a-detener-a-las-chicas-que-participaron-del-brutal-ataque-a-un-joven-en-la-plata-2-150x150.jpg","medium":"https:\/\/lobosnews.com.ar\/wp-content\/uploads\/2026\/01\/volvieron-a-detener-a-las-chicas-que-participaron-del-brutal-ataque-a-un-joven-en-la-plata-2-300x200.jpg","medium_large":"https:\/\/lobosnews.com.ar\/wp-content\/uploads\/2026\/01\/volvieron-a-detener-a-las-chicas-que-participaron-del-brutal-ataque-a-un-joven-en-la-plata-2-768x511.jpg","large":"https:\/\/lobosnews.com.ar\/wp-content\/uploads\/2026\/01\/volvieron-a-detener-a-las-chicas-que-participaron-del-brutal-ataque-a-un-joven-en-la-plata-2-1024x682.jpg","1536x1536":"https:\/\/lobosnews.com.ar\/wp-content\/uploads\/2026\/01\/volvieron-a-detener-a-las-chicas-que-participaron-del-brutal-ataque-a-un-joven-en-la-plata-2.jpg","2048x2048":"https:\/\/lobosnews.com.ar\/wp-content\/uploads\/2026\/01\/volvieron-a-detener-a-las-chicas-que-participaron-del-brutal-ataque-a-un-joven-en-la-plata-2.jpg","newsmatic-featured":"https:\/\/lobosnews.com.ar\/wp-content\/uploads\/2026\/01\/volvieron-a-detener-a-las-chicas-que-participaron-del-brutal-ataque-a-un-joven-en-la-plata-2-820x545.jpg","newsmatic-list":"https:\/\/lobosnews.com.ar\/wp-content\/uploads\/2026\/01\/volvieron-a-detener-a-las-chicas-que-participaron-del-brutal-ataque-a-un-joven-en-la-plata-2-600x400.jpg","newsmatic-thumb":"https:\/\/lobosnews.com.ar\/wp-content\/uploads\/2026\/01\/volvieron-a-detener-a-las-chicas-que-participaron-del-brutal-ataque-a-un-joven-en-la-plata-2-300x200.jpg","newsmatic-small":"https:\/\/lobosnews.com.ar\/wp-content\/uploads\/2026\/01\/volvieron-a-detener-a-las-chicas-que-participaron-del-brutal-ataque-a-un-joven-en-la-plata-2-150x95.jpg","newsmatic-grid":"https:\/\/lobosnews.com.ar\/wp-content\/uploads\/2026\/01\/volvieron-a-detener-a-las-chicas-que-participaron-del-brutal-ataque-a-un-joven-en-la-plata-2-400x250.jpg"},"magazineBlocksPostAuthor":{"name":"admin","avatar":"https:\/\/secure.gravatar.com\/avatar\/76e419471a2083bc3ceab22a763dbbf9b0c1bd15a6214cf3280e2c2dde4580f9?s=96&d=mm&r=g"},"magazineBlocksPostCommentsNumber":"0","magazineBlocksPostExcerpt":"Dos j\u00f3venes de 19 y 20 a\u00f1os volvieron a ser detenidas en el marco de la investigaci\u00f3n por el ataque grupal en Los Hornos, partido de La Plata, que dej\u00f3 a un joven de 24 a\u00f1os internado y con una pierna amputada. El violento episodio ocurri\u00f3 el fin de semana pasado y ya cuenta con...","magazineBlocksPostCategories":["Actualidad","Argentina","econom\u00eda","inseguridad","masradios.com","nacionales","seguridad","sociedad"],"magazineBlocksPostViewCount":177,"magazineBlocksPostReadTime":4,"magazine_blocks_featured_image_url":{"full":["https:\/\/lobosnews.com.ar\/wp-content\/uploads\/2026\/01\/volvieron-a-detener-a-las-chicas-que-participaron-del-brutal-ataque-a-un-joven-en-la-plata-2.jpg",1400,932,false],"medium":["https:\/\/lobosnews.com.ar\/wp-content\/uploads\/2026\/01\/volvieron-a-detener-a-las-chicas-que-participaron-del-brutal-ataque-a-un-joven-en-la-plata-2-300x200.jpg",300,200,true],"thumbnail":["https:\/\/lobosnews.com.ar\/wp-content\/uploads\/2026\/01\/volvieron-a-detener-a-las-chicas-que-participaron-del-brutal-ataque-a-un-joven-en-la-plata-2-150x150.jpg",150,150,true]},"magazine_blocks_author":{"display_name":"admin","author_link":"https:\/\/lobosnews.com.ar\/index.php\/author\/lobos-news\/"},"magazine_blocks_comment":0,"magazine_blocks_author_image":"https:\/\/secure.gravatar.com\/avatar\/76e419471a2083bc3ceab22a763dbbf9b0c1bd15a6214cf3280e2c2dde4580f9?s=96&d=mm&r=g","magazine_blocks_category":"<a href=\"#\" class=\"category-link category-link-31\">Actualidad<\/a> <a href=\"#\" class=\"category-link category-link-30\">Argentina<\/a> <a href=\"#\" class=\"category-link category-link-32\">econom\u00eda<\/a> <a href=\"#\" class=\"category-link category-link-77\">inseguridad<\/a> <a href=\"#\" class=\"category-link category-link-84\">masradios.com<\/a> <a href=\"#\" class=\"category-link category-link-35\">nacionales<\/a> <a href=\"#\" class=\"category-link category-link-36\">seguridad<\/a> <a href=\"#\" class=\"category-link category-link-37\">sociedad<\/a>","yoast_head":"<!-- This site is optimized with the Yoast SEO plugin v26.6 - https:\/\/yoast.com\/wordpress\/plugins\/seo\/ -->\n<title>Volvieron a detener a las chicas que participaron del brutal ataque a un joven en La Plata - Lobos News<\/title>\n<meta name=\"robots\" content=\"index, follow, max-snippet:-1, max-image-preview:large, max-video-preview:-1\" \/>\n<link rel=\"canonical\" href=\"https:\/\/lobosnews.com.ar\/index.php\/2026\/01\/22\/volvieron-a-detener-a-las-chicas-que-participaron-del-brutal-ataque-a-un-joven-en-la-plata\/\" \/>\n<meta property=\"og:locale\" content=\"es_ES\" \/>\n<meta property=\"og:type\" content=\"article\" \/>\n<meta property=\"og:title\" content=\"Volvieron a detener a las chicas que participaron del brutal ataque a un joven en La Plata - Lobos News\" \/>\n<meta property=\"og:description\" content=\"Dos j\u00f3venes de 19 y 20 a\u00f1os volvieron a ser detenidas en el marco de la investigaci\u00f3n por el ataque grupal en Los Hornos, partido de La Plata, que dej\u00f3 a un joven de 24 a\u00f1os internado y con una pierna amputada. El violento episodio ocurri\u00f3 el fin de semana pasado y ya cuenta con...\" \/>\n<meta property=\"og:url\" content=\"https:\/\/lobosnews.com.ar\/index.php\/2026\/01\/22\/volvieron-a-detener-a-las-chicas-que-participaron-del-brutal-ataque-a-un-joven-en-la-plata\/\" \/>\n<meta property=\"og:site_name\" content=\"Lobos News\" \/>\n<meta property=\"article:published_time\" content=\"2026-01-22T06:20:50+00:00\" \/>\n<meta property=\"article:modified_time\" content=\"2026-01-22T08:39:02+00:00\" \/>\n<meta property=\"og:image\" content=\"https:\/\/lobosnews.com.ar\/wp-content\/uploads\/2026\/01\/volvieron-a-detener-a-las-chicas-que-participaron-del-brutal-ataque-a-un-joven-en-la-plata.jpg\" \/>\n<meta name=\"author\" content=\"admin\" \/>\n<meta name=\"twitter:card\" content=\"summary_large_image\" \/>\n<meta name=\"twitter:label1\" content=\"Escrito por\" \/>\n\t<meta name=\"twitter:data1\" content=\"admin\" \/>\n\t<meta name=\"twitter:label2\" content=\"Tiempo de lectura\" \/>\n\t<meta name=\"twitter:data2\" content=\"3 minutos\" \/>\n<script type=\"application\/ld+json\" class=\"yoast-schema-graph\">{\"@context\":\"https:\/\/schema.org\",\"@graph\":[{\"@type\":\"Article\",\"@id\":\"https:\/\/lobosnews.com.ar\/index.php\/2026\/01\/22\/volvieron-a-detener-a-las-chicas-que-participaron-del-brutal-ataque-a-un-joven-en-la-plata\/#article\",\"isPartOf\":{\"@id\":\"https:\/\/lobosnews.com.ar\/index.php\/2026\/01\/22\/volvieron-a-detener-a-las-chicas-que-participaron-del-brutal-ataque-a-un-joven-en-la-plata\/\"},\"author\":{\"name\":\"admin\",\"@id\":\"https:\/\/lobosnews.com.ar\/#\/schema\/person\/232422a593d5c541dd9aef6aaed10943\"},\"headline\":\"Volvieron a detener a las chicas que participaron del brutal ataque a un joven en La Plata\",\"datePublished\":\"2026-01-22T06:20:50+00:00\",\"dateModified\":\"2026-01-22T08:39:02+00:00\",\"mainEntityOfPage\":{\"@id\":\"https:\/\/lobosnews.com.ar\/index.php\/2026\/01\/22\/volvieron-a-detener-a-las-chicas-que-participaron-del-brutal-ataque-a-un-joven-en-la-plata\/\"},\"wordCount\":670,\"commentCount\":0,\"publisher\":{\"@id\":\"https:\/\/lobosnews.com.ar\/#organization\"},\"image\":{\"@id\":\"https:\/\/lobosnews.com.ar\/index.php\/2026\/01\/22\/volvieron-a-detener-a-las-chicas-que-participaron-del-brutal-ataque-a-un-joven-en-la-plata\/#primaryimage\"},\"thumbnailUrl\":\"https:\/\/lobosnews.com.ar\/wp-content\/uploads\/2026\/01\/volvieron-a-detener-a-las-chicas-que-participaron-del-brutal-ataque-a-un-joven-en-la-plata-2.jpg\",\"articleSection\":[\"Actualidad\",\"Argentina\",\"econom\u00eda\",\"inseguridad\",\"masradios.com\",\"nacionales\",\"seguridad\",\"sociedad\"],\"inLanguage\":\"es\",\"potentialAction\":[{\"@type\":\"CommentAction\",\"name\":\"Comment\",\"target\":[\"https:\/\/lobosnews.com.ar\/index.php\/2026\/01\/22\/volvieron-a-detener-a-las-chicas-que-participaron-del-brutal-ataque-a-un-joven-en-la-plata\/#respond\"]}]},{\"@type\":\"WebPage\",\"@id\":\"https:\/\/lobosnews.com.ar\/index.php\/2026\/01\/22\/volvieron-a-detener-a-las-chicas-que-participaron-del-brutal-ataque-a-un-joven-en-la-plata\/\",\"url\":\"https:\/\/lobosnews.com.ar\/index.php\/2026\/01\/22\/volvieron-a-detener-a-las-chicas-que-participaron-del-brutal-ataque-a-un-joven-en-la-plata\/\",\"name\":\"Volvieron a detener a las chicas que participaron del brutal ataque a un joven en La Plata - Lobos News\",\"isPartOf\":{\"@id\":\"https:\/\/lobosnews.com.ar\/#website\"},\"primaryImageOfPage\":{\"@id\":\"https:\/\/lobosnews.com.ar\/index.php\/2026\/01\/22\/volvieron-a-detener-a-las-chicas-que-participaron-del-brutal-ataque-a-un-joven-en-la-plata\/#primaryimage\"},\"image\":{\"@id\":\"https:\/\/lobosnews.com.ar\/index.php\/2026\/01\/22\/volvieron-a-detener-a-las-chicas-que-participaron-del-brutal-ataque-a-un-joven-en-la-plata\/#primaryimage\"},\"thumbnailUrl\":\"https:\/\/lobosnews.com.ar\/wp-content\/uploads\/2026\/01\/volvieron-a-detener-a-las-chicas-que-participaron-del-brutal-ataque-a-un-joven-en-la-plata-2.jpg\",\"datePublished\":\"2026-01-22T06:20:50+00:00\",\"dateModified\":\"2026-01-22T08:39:02+00:00\",\"breadcrumb\":{\"@id\":\"https:\/\/lobosnews.com.ar\/index.php\/2026\/01\/22\/volvieron-a-detener-a-las-chicas-que-participaron-del-brutal-ataque-a-un-joven-en-la-plata\/#breadcrumb\"},\"inLanguage\":\"es\",\"potentialAction\":[{\"@type\":\"ReadAction\",\"target\":[\"https:\/\/lobosnews.com.ar\/index.php\/2026\/01\/22\/volvieron-a-detener-a-las-chicas-que-participaron-del-brutal-ataque-a-un-joven-en-la-plata\/\"]}]},{\"@type\":\"ImageObject\",\"inLanguage\":\"es\",\"@id\":\"https:\/\/lobosnews.com.ar\/index.php\/2026\/01\/22\/volvieron-a-detener-a-las-chicas-que-participaron-del-brutal-ataque-a-un-joven-en-la-plata\/#primaryimage\",\"url\":\"https:\/\/lobosnews.com.ar\/wp-content\/uploads\/2026\/01\/volvieron-a-detener-a-las-chicas-que-participaron-del-brutal-ataque-a-un-joven-en-la-plata-2.jpg\",\"contentUrl\":\"https:\/\/lobosnews.com.ar\/wp-content\/uploads\/2026\/01\/volvieron-a-detener-a-las-chicas-que-participaron-del-brutal-ataque-a-un-joven-en-la-plata-2.jpg\",\"width\":1400,\"height\":932,\"caption\":\"Volvieron a detener a las chicas que participaron del brutal ataque a un joven en La Plata\"},{\"@type\":\"BreadcrumbList\",\"@id\":\"https:\/\/lobosnews.com.ar\/index.php\/2026\/01\/22\/volvieron-a-detener-a-las-chicas-que-participaron-del-brutal-ataque-a-un-joven-en-la-plata\/#breadcrumb\",\"itemListElement\":[{\"@type\":\"ListItem\",\"position\":1,\"name\":\"Portada\",\"item\":\"https:\/\/lobosnews.com.ar\/\"},{\"@type\":\"ListItem\",\"position\":2,\"name\":\"Volvieron a detener a las chicas que participaron del brutal ataque a un joven en La Plata\"}]},{\"@type\":\"WebSite\",\"@id\":\"https:\/\/lobosnews.com.ar\/#website\",\"url\":\"https:\/\/lobosnews.com.ar\/\",\"name\":\"Lobos News\",\"description\":\"Informaci\u00f3n a cada instante\",\"publisher\":{\"@id\":\"https:\/\/lobosnews.com.ar\/#organization\"},\"potentialAction\":[{\"@type\":\"SearchAction\",\"target\":{\"@type\":\"EntryPoint\",\"urlTemplate\":\"https:\/\/lobosnews.com.ar\/?s={search_term_string}\"},\"query-input\":{\"@type\":\"PropertyValueSpecification\",\"valueRequired\":true,\"valueName\":\"search_term_string\"}}],\"inLanguage\":\"es\"},{\"@type\":\"Organization\",\"@id\":\"https:\/\/lobosnews.com.ar\/#organization\",\"name\":\"Lobos News\",\"url\":\"https:\/\/lobosnews.com.ar\/\",\"logo\":{\"@type\":\"ImageObject\",\"inLanguage\":\"es\",\"@id\":\"https:\/\/lobosnews.com.ar\/#\/schema\/logo\/image\/\",\"url\":\"https:\/\/lobosnews.com.ar\/wp-content\/uploads\/2026\/01\/logo-lobosnews.png\",\"contentUrl\":\"https:\/\/lobosnews.com.ar\/wp-content\/uploads\/2026\/01\/logo-lobosnews.png\",\"width\":500,\"height\":200,\"caption\":\"Lobos News\"},\"image\":{\"@id\":\"https:\/\/lobosnews.com.ar\/#\/schema\/logo\/image\/\"}},{\"@type\":\"Person\",\"@id\":\"https:\/\/lobosnews.com.ar\/#\/schema\/person\/232422a593d5c541dd9aef6aaed10943\",\"name\":\"admin\",\"image\":{\"@type\":\"ImageObject\",\"inLanguage\":\"es\",\"@id\":\"https:\/\/lobosnews.com.ar\/#\/schema\/person\/image\/\",\"url\":\"https:\/\/secure.gravatar.com\/avatar\/76e419471a2083bc3ceab22a763dbbf9b0c1bd15a6214cf3280e2c2dde4580f9?s=96&d=mm&r=g\",\"contentUrl\":\"https:\/\/secure.gravatar.com\/avatar\/76e419471a2083bc3ceab22a763dbbf9b0c1bd15a6214cf3280e2c2dde4580f9?s=96&d=mm&r=g\",\"caption\":\"admin\"},\"sameAs\":[\"https:\/\/lobosnews.com.ar\"],\"url\":\"https:\/\/lobosnews.com.ar\/index.php\/author\/lobos-news\/\"}]}<\/script>\n<!-- \/ Yoast SEO plugin. -->","yoast_head_json":{"title":"Volvieron a detener a las chicas que participaron del brutal ataque a un joven en La Plata - Lobos News","robots":{"index":"index","follow":"follow","max-snippet":"max-snippet:-1","max-image-preview":"max-image-preview:large","max-video-preview":"max-video-preview:-1"},"canonical":"https:\/\/lobosnews.com.ar\/index.php\/2026\/01\/22\/volvieron-a-detener-a-las-chicas-que-participaron-del-brutal-ataque-a-un-joven-en-la-plata\/","og_locale":"es_ES","og_type":"article","og_title":"Volvieron a detener a las chicas que participaron del brutal ataque a un joven en La Plata - Lobos News","og_description":"Dos j\u00f3venes de 19 y 20 a\u00f1os volvieron a ser detenidas en el marco de la investigaci\u00f3n por el ataque grupal en Los Hornos, partido de La Plata, que dej\u00f3 a un joven de 24 a\u00f1os internado y con una pierna amputada. El violento episodio ocurri\u00f3 el fin de semana pasado y ya cuenta con...","og_url":"https:\/\/lobosnews.com.ar\/index.php\/2026\/01\/22\/volvieron-a-detener-a-las-chicas-que-participaron-del-brutal-ataque-a-un-joven-en-la-plata\/","og_site_name":"Lobos News","article_published_time":"2026-01-22T06:20:50+00:00","article_modified_time":"2026-01-22T08:39:02+00:00","og_image":[{"url":"https:\/\/lobosnews.com.ar\/wp-content\/uploads\/2026\/01\/volvieron-a-detener-a-las-chicas-que-participaron-del-brutal-ataque-a-un-joven-en-la-plata.jpg","type":"","width":"","height":""}],"author":"admin","twitter_card":"summary_large_image","twitter_misc":{"Escrito por":"admin","Tiempo de lectura":"3 minutos"},"schema":{"@context":"https:\/\/schema.org","@graph":[{"@type":"Article","@id":"https:\/\/lobosnews.com.ar\/index.php\/2026\/01\/22\/volvieron-a-detener-a-las-chicas-que-participaron-del-brutal-ataque-a-un-joven-en-la-plata\/#article","isPartOf":{"@id":"https:\/\/lobosnews.com.ar\/index.php\/2026\/01\/22\/volvieron-a-detener-a-las-chicas-que-participaron-del-brutal-ataque-a-un-joven-en-la-plata\/"},"author":{"name":"admin","@id":"https:\/\/lobosnews.com.ar\/#\/schema\/person\/232422a593d5c541dd9aef6aaed10943"},"headline":"Volvieron a detener a las chicas que participaron del brutal ataque a un joven en La Plata","datePublished":"2026-01-22T06:20:50+00:00","dateModified":"2026-01-22T08:39:02+00:00","mainEntityOfPage":{"@id":"https:\/\/lobosnews.com.ar\/index.php\/2026\/01\/22\/volvieron-a-detener-a-las-chicas-que-participaron-del-brutal-ataque-a-un-joven-en-la-plata\/"},"wordCount":670,"commentCount":0,"publisher":{"@id":"https:\/\/lobosnews.com.ar\/#organization"},"image":{"@id":"https:\/\/lobosnews.com.ar\/index.php\/2026\/01\/22\/volvieron-a-detener-a-las-chicas-que-participaron-del-brutal-ataque-a-un-joven-en-la-plata\/#primaryimage"},"thumbnailUrl":"https:\/\/lobosnews.com.ar\/wp-content\/uploads\/2026\/01\/volvieron-a-detener-a-las-chicas-que-participaron-del-brutal-ataque-a-un-joven-en-la-plata-2.jpg","articleSection":["Actualidad","Argentina","econom\u00eda","inseguridad","masradios.com","nacionales","seguridad","sociedad"],"inLanguage":"es","potentialAction":[{"@type":"CommentAction","name":"Comment","target":["https:\/\/lobosnews.com.ar\/index.php\/2026\/01\/22\/volvieron-a-detener-a-las-chicas-que-participaron-del-brutal-ataque-a-un-joven-en-la-plata\/#respond"]}]},{"@type":"WebPage","@id":"https:\/\/lobosnews.com.ar\/index.php\/2026\/01\/22\/volvieron-a-detener-a-las-chicas-que-participaron-del-brutal-ataque-a-un-joven-en-la-plata\/","url":"https:\/\/lobosnews.com.ar\/index.php\/2026\/01\/22\/volvieron-a-detener-a-las-chicas-que-participaron-del-brutal-ataque-a-un-joven-en-la-plata\/","name":"Volvieron a detener a las chicas que participaron del brutal ataque a un joven en La Plata - Lobos News","isPartOf":{"@id":"https:\/\/lobosnews.com.ar\/#website"},"primaryImageOfPage":{"@id":"https:\/\/lobosnews.com.ar\/index.php\/2026\/01\/22\/volvieron-a-detener-a-las-chicas-que-participaron-del-brutal-ataque-a-un-joven-en-la-plata\/#primaryimage"},"image":{"@id":"https:\/\/lobosnews.com.ar\/index.php\/2026\/01\/22\/volvieron-a-detener-a-las-chicas-que-participaron-del-brutal-ataque-a-un-joven-en-la-plata\/#primaryimage"},"thumbnailUrl":"https:\/\/lobosnews.com.ar\/wp-content\/uploads\/2026\/01\/volvieron-a-detener-a-las-chicas-que-participaron-del-brutal-ataque-a-un-joven-en-la-plata-2.jpg","datePublished":"2026-01-22T06:20:50+00:00","dateModified":"2026-01-22T08:39:02+00:00","breadcrumb":{"@id":"https:\/\/lobosnews.com.ar\/index.php\/2026\/01\/22\/volvieron-a-detener-a-las-chicas-que-participaron-del-brutal-ataque-a-un-joven-en-la-plata\/#breadcrumb"},"inLanguage":"es","potentialAction":[{"@type":"ReadAction","target":["https:\/\/lobosnews.com.ar\/index.php\/2026\/01\/22\/volvieron-a-detener-a-las-chicas-que-participaron-del-brutal-ataque-a-un-joven-en-la-plata\/"]}]},{"@type":"ImageObject","inLanguage":"es","@id":"https:\/\/lobosnews.com.ar\/index.php\/2026\/01\/22\/volvieron-a-detener-a-las-chicas-que-participaron-del-brutal-ataque-a-un-joven-en-la-plata\/#primaryimage","url":"https:\/\/lobosnews.com.ar\/wp-content\/uploads\/2026\/01\/volvieron-a-detener-a-las-chicas-que-participaron-del-brutal-ataque-a-un-joven-en-la-plata-2.jpg","contentUrl":"https:\/\/lobosnews.com.ar\/wp-content\/uploads\/2026\/01\/volvieron-a-detener-a-las-chicas-que-participaron-del-brutal-ataque-a-un-joven-en-la-plata-2.jpg","width":1400,"height":932,"caption":"Volvieron a detener a las chicas que participaron del brutal ataque a un joven en La Plata"},{"@type":"BreadcrumbList","@id":"https:\/\/lobosnews.com.ar\/index.php\/2026\/01\/22\/volvieron-a-detener-a-las-chicas-que-participaron-del-brutal-ataque-a-un-joven-en-la-plata\/#breadcrumb","itemListElement":[{"@type":"ListItem","position":1,"name":"Portada","item":"https:\/\/lobosnews.com.ar\/"},{"@type":"ListItem","position":2,"name":"Volvieron a detener a las chicas que participaron del brutal ataque a un joven en La Plata"}]},{"@type":"WebSite","@id":"https:\/\/lobosnews.com.ar\/#website","url":"https:\/\/lobosnews.com.ar\/","name":"Lobos News","description":"Informaci\u00f3n a cada instante","publisher":{"@id":"https:\/\/lobosnews.com.ar\/#organization"},"potentialAction":[{"@type":"SearchAction","target":{"@type":"EntryPoint","urlTemplate":"https:\/\/lobosnews.com.ar\/?s={search_term_string}"},"query-input":{"@type":"PropertyValueSpecification","valueRequired":true,"valueName":"search_term_string"}}],"inLanguage":"es"},{"@type":"Organization","@id":"https:\/\/lobosnews.com.ar\/#organization","name":"Lobos News","url":"https:\/\/lobosnews.com.ar\/","logo":{"@type":"ImageObject","inLanguage":"es","@id":"https:\/\/lobosnews.com.ar\/#\/schema\/logo\/image\/","url":"https:\/\/lobosnews.com.ar\/wp-content\/uploads\/2026\/01\/logo-lobosnews.png","contentUrl":"https:\/\/lobosnews.com.ar\/wp-content\/uploads\/2026\/01\/logo-lobosnews.png","width":500,"height":200,"caption":"Lobos News"},"image":{"@id":"https:\/\/lobosnews.com.ar\/#\/schema\/logo\/image\/"}},{"@type":"Person","@id":"https:\/\/lobosnews.com.ar\/#\/schema\/person\/232422a593d5c541dd9aef6aaed10943","name":"admin","image":{"@type":"ImageObject","inLanguage":"es","@id":"https:\/\/lobosnews.com.ar\/#\/schema\/person\/image\/","url":"https:\/\/secure.gravatar.com\/avatar\/76e419471a2083bc3ceab22a763dbbf9b0c1bd15a6214cf3280e2c2dde4580f9?s=96&d=mm&r=g","contentUrl":"https:\/\/secure.gravatar.com\/avatar\/76e419471a2083bc3ceab22a763dbbf9b0c1bd15a6214cf3280e2c2dde4580f9?s=96&d=mm&r=g","caption":"admin"},"sameAs":["https:\/\/lobosnews.com.ar"],"url":"https:\/\/lobosnews.com.ar\/index.php\/author\/lobos-news\/"}]}},"jetpack_featured_media_url":"https:\/\/lobosnews.com.ar\/wp-content\/uploads\/2026\/01\/volvieron-a-detener-a-las-chicas-que-participaron-del-brutal-ataque-a-un-joven-en-la-plata-2.jpg","jetpack_sharing_enabled":true,"_links":{"self":[{"href":"https:\/\/lobosnews.com.ar\/index.php\/wp-json\/wp\/v2\/posts\/9952","targetHints":{"allow":["GET"]}}],"collection":[{"href":"https:\/\/lobosnews.com.ar\/index.php\/wp-json\/wp\/v2\/posts"}],"about":[{"href":"https:\/\/lobosnews.com.ar\/index.php\/wp-json\/wp\/v2\/types\/post"}],"author":[{"embeddable":true,"href":"https:\/\/lobosnews.com.ar\/index.php\/wp-json\/wp\/v2\/users\/1"}],"replies":[{"embeddable":true,"href":"https:\/\/lobosnews.com.ar\/index.php\/wp-json\/wp\/v2\/comments?post=9952"}],"version-history":[{"count":1,"href":"https:\/\/lobosnews.com.ar\/index.php\/wp-json\/wp\/v2\/posts\/9952\/revisions"}],"predecessor-version":[{"id":9955,"href":"https:\/\/lobosnews.com.ar\/index.php\/wp-json\/wp\/v2\/posts\/9952\/revisions\/9955"}],"wp:featuredmedia":[{"embeddable":true,"href":"https:\/\/lobosnews.com.ar\/index.php\/wp-json\/wp\/v2\/media\/9956"}],"wp:attachment":[{"href":"https:\/\/lobosnews.com.ar\/index.php\/wp-json\/wp\/v2\/media?parent=9952"}],"wp:term":[{"taxonomy":"category","embeddable":true,"href":"https:\/\/lobosnews.com.ar\/index.php\/wp-json\/wp\/v2\/categories?post=9952"},{"taxonomy":"post_tag","embeddable":true,"href":"https:\/\/lobosnews.com.ar\/index.php\/wp-json\/wp\/v2\/tags?post=9952"}],"curies":[{"name":"wp","href":"https:\/\/api.w.org\/{rel}","templated":true}]}}