{"id":9945,"date":"2026-01-22T07:01:02","date_gmt":"2026-01-22T07:01:02","guid":{"rendered":"https:\/\/lobosnews.com.ar\/index.php\/2026\/01\/22\/detuvieron-a-un-hombre-que-vendia-drogas-frente-a-un-jardin-de-infantes-en-merlo\/"},"modified":"2026-01-22T08:38:56","modified_gmt":"2026-01-22T08:38:56","slug":"detuvieron-a-un-hombre-que-vendia-drogas-frente-a-un-jardin-de-infantes-en-merlo","status":"publish","type":"post","link":"https:\/\/lobosnews.com.ar\/index.php\/2026\/01\/22\/detuvieron-a-un-hombre-que-vendia-drogas-frente-a-un-jardin-de-infantes-en-merlo\/","title":{"rendered":"Detuvieron a un hombre que vend\u00eda drogas frente a un jard\u00edn de infantes en Merlo"},"content":{"rendered":"<p><img loading=\"lazy\" decoding=\"async\" src=\"https:\/\/lobosnews.com.ar\/wp-content\/uploads\/2026\/01\/detuvieron-a-un-hombre-que-vendia-drogas-frente-a-un-jardin-de-infantes-en-merlo.jpg\" alt=\"La casa en donde operaba la banda\" height=\"1080\" width=\"1980\"\/><\/p>\n<p>Luego de que la Justicia recibiera una denuncia an\u00f3nima contra un hombre en silla de ruedas, acusado de <b>vender droga<\/b> frente a un<b> jard\u00edn de infantes<\/b> en <span class=\"waslinkname\"><b>Merlo<\/b><\/span>, esta semana se concret\u00f3 su captura. <\/p>\n<p>La operaci\u00f3n policial se llev\u00f3 a cabo solo despu\u00e9s de sumar pruebas como seguimientos encubiertos, im\u00e1genes y vigilancia de compradores. Estas fueron resultado de las denuncias an\u00f3nimas de los vecinos que alertaron sobre un constante flujo de personas y disturbios en la zona.<\/p>\n<p>Fue as\u00ed que las autoridades determinaron que el joven se\u00f1alado, pese a su discapacidad motriz, realizaba en persona las entregas y cobraba cada paquete. De hecho, al momento de ser detenido, los efectivos secuestraron <b>dosis de coca\u00edna ya fraccionadas, una balanza de precisi\u00f3n, dinero en efectivo y tel\u00e9fonos celulares, elementos que la polic\u00eda considera claves para avanzar en la investigaci\u00f3n<\/b>.<\/p>\n<p>Seg\u00fan la informaci\u00f3n publicada por <i>Primer Plano Online<\/i>, el allanamiento fue ordenado por el juez de Garant\u00edas<b> Gustavo Robles<\/b>, tras haber recibido un pedido de la Fiscal\u00eda N\u00b0 9 de Mor\u00f3n. As\u00ed, qued\u00f3 aprobado el procedimiento que se llev\u00f3 a cabo durante la madrugada del mi\u00e9rcoles en una finca cercana a la esquina de Doblas y Mart\u00edn Rodr\u00edguez, en la localidad de <b>Libertad<\/b>.<\/p>\n<p><img loading=\"lazy\" decoding=\"async\" src=\"https:\/\/lobosnews.com.ar\/wp-content\/uploads\/2026\/01\/detuvieron-a-un-hombre-que-vendia-drogas-frente-a-un-jardin-de-infantes-en-merlo-1.jpg\" alt=\"La casa del acusado quedaba frente a un jard\u00edn de infantes\" height=\"647\" width=\"1203\"\/><\/p>\n<p>De esta manera, se concret\u00f3 la captura de los tres sujetos acusados de formar parte del negocio il\u00edcito: el hombre en silla de ruedas, su madre y su t\u00edo. Finalmente, los detenidos quedaron a disposici\u00f3n del fiscal<b> Emiliano Rodr\u00edguez Reggiani<\/b>, bajo cargos de<b> tenencia ilegal de estupefacientes <\/b>con fines de comercializaci\u00f3n.<\/p>\n<h2>Desarticularon una banda de narcomenudeo en La Matanza y Merlo: hay siete detenidos<\/h2>\n<p>El <b>despliegue de la Polic\u00eda Bonaerense en La Matanza y Merlo<\/b> logr\u00f3 desarticular una organizaci\u00f3n criminal dedicada al narcomenudeo tras arduas tareas de inteligencia y seguimiento. As\u00ed, el \u201cOperativo La Banda del Fondo\u201d dej\u00f3 como resultado <b>siete detenidos<\/b>, la incautaci\u00f3n de casi <b>tres mil envoltorios de coca\u00edna<\/b> y un narcotraficante muerto.<\/p>\n<p>Seg\u00fan confirmaron fuentes allegadas al caso a <b>Infobae<\/b><i>, <\/i>en la etapa final del operativo, los investigadores emplearon tecnolog\u00eda de vigilancia a\u00e9rea para identificar a los sospechosos que custodiaban y vend\u00edan drogas en el descampado conocido como \u201cLa Tosquera\u201d. Se trataba de un terreno de aproximadamente <b>30 hect\u00e1reas<\/b> delimitado por espejos de agua y vegetaci\u00f3n, escenario previo de violentos conflictos territoriales entre bandas.<\/p>\n<p>Durante la irrupci\u00f3n policial, al percatarse de la presencia de los efectivos, <b>varios integrantes de la banda intentaron huir saltando al agua<\/b>. Uno de ellos, de nacionalidad paraguaya, se sumergi\u00f3 y no resurgi\u00f3 a la superficie. Un equipo t\u00e1ctico de buzos, asistido por una embarcaci\u00f3n neum\u00e1tica, encontr\u00f3 luego el cuerpo, pero a pesar de las maniobras de reanimaci\u00f3n cardiopulmonar, <b>el hombre muri\u00f3<\/b>.<\/p>\n<p><img loading=\"lazy\" decoding=\"async\" src=\"https:\/\/lobosnews.com.ar\/wp-content\/uploads\/2026\/01\/detuvieron-a-un-hombre-que-vendia-drogas-frente-a-un-jardin-de-infantes-en-merlo-2.jpg\" alt=\"Parte de la droga secuestrada en los allanamientos\" height=\"1080\" width=\"1920\"\/><\/p>\n<p>Por este hecho, intervino el fiscal de Homicidios y Averiguaci\u00f3n de Causales de Muerte,<b> Diego Rulli<\/b>, quien orden\u00f3 la toma de declaraciones testimoniales para esclarecer lo ocurrido. A pesar de esto, las autoridades no dispusieron medidas contra los oficiales que participaron en el operativo.<\/p>\n<p>La investigaci\u00f3n se inici\u00f3 el 30 de septiembre, desarroll\u00e1ndose con tareas encubiertas, registros visuales y seguimientos coordinados por la Superintendencia de Investigaciones del Tr\u00e1fico de Drogas Il\u00edcitas de la Delegaci\u00f3n La Matanza y la UFI N\u00ba 14, a cargo de los fiscales <b>Mat\u00edas Folino y Fernando L\u00f3pez<\/b>. El Juzgado de Garant\u00edas N\u00ba 4, bajo la direcci\u00f3n del juez <b>Fernando Pinos Guevara<\/b>, autoriz\u00f3 las \u00f3rdenes de allanamiento.<\/p>\n<p>Las acciones se ejecutaron en dos fases. En la primera, realizada en la madrugada en Virrey del Pino, se efectuaron <b>once allanamientos<\/b> en los que se incautaron marihuana y coca\u00edna fraccionada, armas, una m\u00e1quina para contar billetes y veh\u00edculos relacionados con la banda.<\/p>\n<p>All\u00ed, se arrest\u00f3 al presunto jefe de la organizaci\u00f3n, <b>B. G. L.<\/b>, paraguayo de 30 a\u00f1os; a la guardadora <b>D. R. I. M.<\/b>, tambi\u00e9n paraguaya, de 41 a\u00f1os; y a una joven argentina se\u00f1alada como integrante activa, <b>G. E. A.<\/b>, de 25 a\u00f1os. Adem\u00e1s, <b>dos sospechosos<\/b> m\u00e1s quedaron imputados por su v\u00ednculo con las \u00e1reas de ocultamiento de la droga.<\/p>\n<p><img loading=\"lazy\" decoding=\"async\" src=\"https:\/\/lobosnews.com.ar\/wp-content\/uploads\/2026\/01\/detuvieron-a-un-hombre-que-vendia-drogas-frente-a-un-jardin-de-infantes-en-merlo-3.jpg\" alt=\"Solo tres de los siete detenidos contin\u00faan tras las rejas\" height=\"1080\" width=\"1920\"\/><\/p>\n<p>La segunda etapa, en Libertad y Pontevedra (Merlo), deriv\u00f3 en la aprehensi\u00f3n de otros cuatro integrantes: <b>C. A. J.<\/b>, paraguayo de 22 a\u00f1os, involucrado en la venta; <b>S. E. A.<\/b>, argentino de 24 a\u00f1os; <b>D. T. D.<\/b>, argentina de 23 a\u00f1os, encargada de tareas de observaci\u00f3n (\u201csat\u00e9lite\u201d); y <b>R. M. A.<\/b>, paraguayo de 29 a\u00f1os, se\u00f1alado como \u201csoldadito\u201d.<\/p>\n<p>Entre los elementos secuestrados figuran <b>36 ladrillos de marihuana<\/b>, <b>2.342 gramos de coca\u00edna distribuidos en 2.941 envoltorios<\/b>, <b>dos pistolas calibre nueve mil\u00edmetros<\/b> (una con pedido de secuestro por robo), municiones de <b>calibre nueve mil\u00edmetros y .22<\/b>, <b>25.000 pesos argentinos<\/b> y <b>100 d\u00f3lares estadounidenses<\/b>, cuatro veh\u00edculos, doce tel\u00e9fonos celulares, balanzas de precisi\u00f3n y una m\u00e1quina contadora de billetes. Los agentes tambi\u00e9n hallaron documentaci\u00f3n relevante para la causa.<\/p>\n<p>De los siete detenidos, permanecen tras las rejas solo tres, mientras que cuatro recuperaron la libertad aunque contin\u00faan imputados. Asimismo, determinaron que la organizaci\u00f3n, integrada por argentinos y paraguayos, contaba con una estructura definida de jefes, vendedores, custodios (\u201csoldaditos\u201d) y funciones de vigilancia (\u201csat\u00e9lites\u201d), y dispon\u00eda de puntos de venta protegidos por guardianes armados, quienes portaban incluso armas de alto poder de fuego.<\/p>\n","protected":false},"excerpt":{"rendered":"<p>Luego de que la Justicia recibiera una denuncia an\u00f3nima contra un hombre en silla de ruedas, acusado de vender droga frente a un jard\u00edn de infantes en Merlo, esta semana se concret\u00f3 su captura. La operaci\u00f3n policial se llev\u00f3 a cabo solo despu\u00e9s de sumar pruebas como seguimientos encubiertos, im\u00e1genes y vigilancia de compradores. Estas&#8230;<\/p>\n","protected":false},"author":1,"featured_media":9951,"comment_status":"open","ping_status":"closed","sticky":false,"template":"","format":"standard","meta":{"_jetpack_memberships_contains_paid_content":false,"footnotes":""},"categories":[31,30,32,77,84,35,36,37],"tags":[],"class_list":["post-9945","post","type-post","status-publish","format-standard","has-post-thumbnail","hentry","category-actualidad","category-argentina","category-economia","category-inseguridad","category-masradios-com","category-nacionales","category-seguridad","category-sociedad"],"magazineBlocksPostFeaturedMedia":{"thumbnail":"https:\/\/lobosnews.com.ar\/wp-content\/uploads\/2026\/01\/detuvieron-a-un-hombre-que-vendia-drogas-frente-a-un-jardin-de-infantes-en-merlo-6-150x150.jpg","medium":"https:\/\/lobosnews.com.ar\/wp-content\/uploads\/2026\/01\/detuvieron-a-un-hombre-que-vendia-drogas-frente-a-un-jardin-de-infantes-en-merlo-6-300x169.jpg","medium_large":"https:\/\/lobosnews.com.ar\/wp-content\/uploads\/2026\/01\/detuvieron-a-un-hombre-que-vendia-drogas-frente-a-un-jardin-de-infantes-en-merlo-6-768x432.jpg","large":"https:\/\/lobosnews.com.ar\/wp-content\/uploads\/2026\/01\/detuvieron-a-un-hombre-que-vendia-drogas-frente-a-un-jardin-de-infantes-en-merlo-6-1024x576.jpg","1536x1536":"https:\/\/lobosnews.com.ar\/wp-content\/uploads\/2026\/01\/detuvieron-a-un-hombre-que-vendia-drogas-frente-a-un-jardin-de-infantes-en-merlo-6-1536x864.jpg","2048x2048":"https:\/\/lobosnews.com.ar\/wp-content\/uploads\/2026\/01\/detuvieron-a-un-hombre-que-vendia-drogas-frente-a-un-jardin-de-infantes-en-merlo-6.jpg","newsmatic-featured":"https:\/\/lobosnews.com.ar\/wp-content\/uploads\/2026\/01\/detuvieron-a-un-hombre-que-vendia-drogas-frente-a-un-jardin-de-infantes-en-merlo-6-820x545.jpg","newsmatic-list":"https:\/\/lobosnews.com.ar\/wp-content\/uploads\/2026\/01\/detuvieron-a-un-hombre-que-vendia-drogas-frente-a-un-jardin-de-infantes-en-merlo-6-600x400.jpg","newsmatic-thumb":"https:\/\/lobosnews.com.ar\/wp-content\/uploads\/2026\/01\/detuvieron-a-un-hombre-que-vendia-drogas-frente-a-un-jardin-de-infantes-en-merlo-6-300x200.jpg","newsmatic-small":"https:\/\/lobosnews.com.ar\/wp-content\/uploads\/2026\/01\/detuvieron-a-un-hombre-que-vendia-drogas-frente-a-un-jardin-de-infantes-en-merlo-6-150x95.jpg","newsmatic-grid":"https:\/\/lobosnews.com.ar\/wp-content\/uploads\/2026\/01\/detuvieron-a-un-hombre-que-vendia-drogas-frente-a-un-jardin-de-infantes-en-merlo-6-400x250.jpg"},"magazineBlocksPostAuthor":{"name":"admin","avatar":"https:\/\/secure.gravatar.com\/avatar\/76e419471a2083bc3ceab22a763dbbf9b0c1bd15a6214cf3280e2c2dde4580f9?s=96&d=mm&r=g"},"magazineBlocksPostCommentsNumber":"0","magazineBlocksPostExcerpt":"Luego de que la Justicia recibiera una denuncia an\u00f3nima contra un hombre en silla de ruedas, acusado de vender droga frente a un jard\u00edn de infantes en Merlo, esta semana se concret\u00f3 su captura. La operaci\u00f3n policial se llev\u00f3 a cabo solo despu\u00e9s de sumar pruebas como seguimientos encubiertos, im\u00e1genes y vigilancia de compradores. Estas...","magazineBlocksPostCategories":["Actualidad","Argentina","econom\u00eda","inseguridad","masradios.com","nacionales","seguridad","sociedad"],"magazineBlocksPostViewCount":171,"magazineBlocksPostReadTime":5,"magazine_blocks_featured_image_url":{"full":["https:\/\/lobosnews.com.ar\/wp-content\/uploads\/2026\/01\/detuvieron-a-un-hombre-que-vendia-drogas-frente-a-un-jardin-de-infantes-en-merlo-6.jpg",1920,1080,false],"medium":["https:\/\/lobosnews.com.ar\/wp-content\/uploads\/2026\/01\/detuvieron-a-un-hombre-que-vendia-drogas-frente-a-un-jardin-de-infantes-en-merlo-6-300x169.jpg",300,169,true],"thumbnail":["https:\/\/lobosnews.com.ar\/wp-content\/uploads\/2026\/01\/detuvieron-a-un-hombre-que-vendia-drogas-frente-a-un-jardin-de-infantes-en-merlo-6-150x150.jpg",150,150,true]},"magazine_blocks_author":{"display_name":"admin","author_link":"https:\/\/lobosnews.com.ar\/index.php\/author\/lobos-news\/"},"magazine_blocks_comment":0,"magazine_blocks_author_image":"https:\/\/secure.gravatar.com\/avatar\/76e419471a2083bc3ceab22a763dbbf9b0c1bd15a6214cf3280e2c2dde4580f9?s=96&d=mm&r=g","magazine_blocks_category":"<a href=\"#\" class=\"category-link category-link-31\">Actualidad<\/a> <a href=\"#\" class=\"category-link category-link-30\">Argentina<\/a> <a href=\"#\" class=\"category-link category-link-32\">econom\u00eda<\/a> <a href=\"#\" class=\"category-link category-link-77\">inseguridad<\/a> <a href=\"#\" class=\"category-link category-link-84\">masradios.com<\/a> <a href=\"#\" class=\"category-link category-link-35\">nacionales<\/a> <a href=\"#\" class=\"category-link category-link-36\">seguridad<\/a> <a href=\"#\" class=\"category-link category-link-37\">sociedad<\/a>","yoast_head":"<!-- This site is optimized with the Yoast SEO plugin v26.6 - https:\/\/yoast.com\/wordpress\/plugins\/seo\/ -->\n<title>Detuvieron a un hombre que vend\u00eda drogas frente a un jard\u00edn de infantes en Merlo - Lobos News<\/title>\n<meta name=\"robots\" content=\"index, follow, max-snippet:-1, max-image-preview:large, max-video-preview:-1\" \/>\n<link rel=\"canonical\" href=\"https:\/\/lobosnews.com.ar\/index.php\/2026\/01\/22\/detuvieron-a-un-hombre-que-vendia-drogas-frente-a-un-jardin-de-infantes-en-merlo\/\" \/>\n<meta property=\"og:locale\" content=\"es_ES\" \/>\n<meta property=\"og:type\" content=\"article\" \/>\n<meta property=\"og:title\" content=\"Detuvieron a un hombre que vend\u00eda drogas frente a un jard\u00edn de infantes en Merlo - Lobos News\" \/>\n<meta property=\"og:description\" content=\"Luego de que la Justicia recibiera una denuncia an\u00f3nima contra un hombre en silla de ruedas, acusado de vender droga frente a un jard\u00edn de infantes en Merlo, esta semana se concret\u00f3 su captura. La operaci\u00f3n policial se llev\u00f3 a cabo solo despu\u00e9s de sumar pruebas como seguimientos encubiertos, im\u00e1genes y vigilancia de compradores. Estas...\" \/>\n<meta property=\"og:url\" content=\"https:\/\/lobosnews.com.ar\/index.php\/2026\/01\/22\/detuvieron-a-un-hombre-que-vendia-drogas-frente-a-un-jardin-de-infantes-en-merlo\/\" \/>\n<meta property=\"og:site_name\" content=\"Lobos News\" \/>\n<meta property=\"article:published_time\" content=\"2026-01-22T07:01:02+00:00\" \/>\n<meta property=\"article:modified_time\" content=\"2026-01-22T08:38:56+00:00\" \/>\n<meta property=\"og:image\" content=\"https:\/\/lobosnews.com.ar\/wp-content\/uploads\/2026\/01\/detuvieron-a-un-hombre-que-vendia-drogas-frente-a-un-jardin-de-infantes-en-merlo.jpg\" \/>\n<meta name=\"author\" content=\"admin\" \/>\n<meta name=\"twitter:card\" content=\"summary_large_image\" \/>\n<meta name=\"twitter:label1\" content=\"Escrito por\" \/>\n\t<meta name=\"twitter:data1\" content=\"admin\" \/>\n\t<meta name=\"twitter:label2\" content=\"Tiempo de lectura\" \/>\n\t<meta name=\"twitter:data2\" content=\"5 minutos\" \/>\n<script type=\"application\/ld+json\" class=\"yoast-schema-graph\">{\"@context\":\"https:\/\/schema.org\",\"@graph\":[{\"@type\":\"Article\",\"@id\":\"https:\/\/lobosnews.com.ar\/index.php\/2026\/01\/22\/detuvieron-a-un-hombre-que-vendia-drogas-frente-a-un-jardin-de-infantes-en-merlo\/#article\",\"isPartOf\":{\"@id\":\"https:\/\/lobosnews.com.ar\/index.php\/2026\/01\/22\/detuvieron-a-un-hombre-que-vendia-drogas-frente-a-un-jardin-de-infantes-en-merlo\/\"},\"author\":{\"name\":\"admin\",\"@id\":\"https:\/\/lobosnews.com.ar\/#\/schema\/person\/232422a593d5c541dd9aef6aaed10943\"},\"headline\":\"Detuvieron a un hombre que vend\u00eda drogas frente a un jard\u00edn de infantes en Merlo\",\"datePublished\":\"2026-01-22T07:01:02+00:00\",\"dateModified\":\"2026-01-22T08:38:56+00:00\",\"mainEntityOfPage\":{\"@id\":\"https:\/\/lobosnews.com.ar\/index.php\/2026\/01\/22\/detuvieron-a-un-hombre-que-vendia-drogas-frente-a-un-jardin-de-infantes-en-merlo\/\"},\"wordCount\":922,\"commentCount\":0,\"publisher\":{\"@id\":\"https:\/\/lobosnews.com.ar\/#organization\"},\"image\":{\"@id\":\"https:\/\/lobosnews.com.ar\/index.php\/2026\/01\/22\/detuvieron-a-un-hombre-que-vendia-drogas-frente-a-un-jardin-de-infantes-en-merlo\/#primaryimage\"},\"thumbnailUrl\":\"https:\/\/lobosnews.com.ar\/wp-content\/uploads\/2026\/01\/detuvieron-a-un-hombre-que-vendia-drogas-frente-a-un-jardin-de-infantes-en-merlo-6.jpg\",\"articleSection\":[\"Actualidad\",\"Argentina\",\"econom\u00eda\",\"inseguridad\",\"masradios.com\",\"nacionales\",\"seguridad\",\"sociedad\"],\"inLanguage\":\"es\",\"potentialAction\":[{\"@type\":\"CommentAction\",\"name\":\"Comment\",\"target\":[\"https:\/\/lobosnews.com.ar\/index.php\/2026\/01\/22\/detuvieron-a-un-hombre-que-vendia-drogas-frente-a-un-jardin-de-infantes-en-merlo\/#respond\"]}]},{\"@type\":\"WebPage\",\"@id\":\"https:\/\/lobosnews.com.ar\/index.php\/2026\/01\/22\/detuvieron-a-un-hombre-que-vendia-drogas-frente-a-un-jardin-de-infantes-en-merlo\/\",\"url\":\"https:\/\/lobosnews.com.ar\/index.php\/2026\/01\/22\/detuvieron-a-un-hombre-que-vendia-drogas-frente-a-un-jardin-de-infantes-en-merlo\/\",\"name\":\"Detuvieron a un hombre que vend\u00eda drogas frente a un jard\u00edn de infantes en Merlo - Lobos News\",\"isPartOf\":{\"@id\":\"https:\/\/lobosnews.com.ar\/#website\"},\"primaryImageOfPage\":{\"@id\":\"https:\/\/lobosnews.com.ar\/index.php\/2026\/01\/22\/detuvieron-a-un-hombre-que-vendia-drogas-frente-a-un-jardin-de-infantes-en-merlo\/#primaryimage\"},\"image\":{\"@id\":\"https:\/\/lobosnews.com.ar\/index.php\/2026\/01\/22\/detuvieron-a-un-hombre-que-vendia-drogas-frente-a-un-jardin-de-infantes-en-merlo\/#primaryimage\"},\"thumbnailUrl\":\"https:\/\/lobosnews.com.ar\/wp-content\/uploads\/2026\/01\/detuvieron-a-un-hombre-que-vendia-drogas-frente-a-un-jardin-de-infantes-en-merlo-6.jpg\",\"datePublished\":\"2026-01-22T07:01:02+00:00\",\"dateModified\":\"2026-01-22T08:38:56+00:00\",\"breadcrumb\":{\"@id\":\"https:\/\/lobosnews.com.ar\/index.php\/2026\/01\/22\/detuvieron-a-un-hombre-que-vendia-drogas-frente-a-un-jardin-de-infantes-en-merlo\/#breadcrumb\"},\"inLanguage\":\"es\",\"potentialAction\":[{\"@type\":\"ReadAction\",\"target\":[\"https:\/\/lobosnews.com.ar\/index.php\/2026\/01\/22\/detuvieron-a-un-hombre-que-vendia-drogas-frente-a-un-jardin-de-infantes-en-merlo\/\"]}]},{\"@type\":\"ImageObject\",\"inLanguage\":\"es\",\"@id\":\"https:\/\/lobosnews.com.ar\/index.php\/2026\/01\/22\/detuvieron-a-un-hombre-que-vendia-drogas-frente-a-un-jardin-de-infantes-en-merlo\/#primaryimage\",\"url\":\"https:\/\/lobosnews.com.ar\/wp-content\/uploads\/2026\/01\/detuvieron-a-un-hombre-que-vendia-drogas-frente-a-un-jardin-de-infantes-en-merlo-6.jpg\",\"contentUrl\":\"https:\/\/lobosnews.com.ar\/wp-content\/uploads\/2026\/01\/detuvieron-a-un-hombre-que-vendia-drogas-frente-a-un-jardin-de-infantes-en-merlo-6.jpg\",\"width\":1920,\"height\":1080,\"caption\":\"Detuvieron a un hombre que vend\u00eda drogas frente a un jard\u00edn de infantes en Merlo\"},{\"@type\":\"BreadcrumbList\",\"@id\":\"https:\/\/lobosnews.com.ar\/index.php\/2026\/01\/22\/detuvieron-a-un-hombre-que-vendia-drogas-frente-a-un-jardin-de-infantes-en-merlo\/#breadcrumb\",\"itemListElement\":[{\"@type\":\"ListItem\",\"position\":1,\"name\":\"Portada\",\"item\":\"https:\/\/lobosnews.com.ar\/\"},{\"@type\":\"ListItem\",\"position\":2,\"name\":\"Detuvieron a un hombre que vend\u00eda drogas frente a un jard\u00edn de infantes en Merlo\"}]},{\"@type\":\"WebSite\",\"@id\":\"https:\/\/lobosnews.com.ar\/#website\",\"url\":\"https:\/\/lobosnews.com.ar\/\",\"name\":\"Lobos News\",\"description\":\"Informaci\u00f3n a cada instante\",\"publisher\":{\"@id\":\"https:\/\/lobosnews.com.ar\/#organization\"},\"potentialAction\":[{\"@type\":\"SearchAction\",\"target\":{\"@type\":\"EntryPoint\",\"urlTemplate\":\"https:\/\/lobosnews.com.ar\/?s={search_term_string}\"},\"query-input\":{\"@type\":\"PropertyValueSpecification\",\"valueRequired\":true,\"valueName\":\"search_term_string\"}}],\"inLanguage\":\"es\"},{\"@type\":\"Organization\",\"@id\":\"https:\/\/lobosnews.com.ar\/#organization\",\"name\":\"Lobos News\",\"url\":\"https:\/\/lobosnews.com.ar\/\",\"logo\":{\"@type\":\"ImageObject\",\"inLanguage\":\"es\",\"@id\":\"https:\/\/lobosnews.com.ar\/#\/schema\/logo\/image\/\",\"url\":\"https:\/\/lobosnews.com.ar\/wp-content\/uploads\/2026\/01\/logo-lobosnews.png\",\"contentUrl\":\"https:\/\/lobosnews.com.ar\/wp-content\/uploads\/2026\/01\/logo-lobosnews.png\",\"width\":500,\"height\":200,\"caption\":\"Lobos News\"},\"image\":{\"@id\":\"https:\/\/lobosnews.com.ar\/#\/schema\/logo\/image\/\"}},{\"@type\":\"Person\",\"@id\":\"https:\/\/lobosnews.com.ar\/#\/schema\/person\/232422a593d5c541dd9aef6aaed10943\",\"name\":\"admin\",\"image\":{\"@type\":\"ImageObject\",\"inLanguage\":\"es\",\"@id\":\"https:\/\/lobosnews.com.ar\/#\/schema\/person\/image\/\",\"url\":\"https:\/\/secure.gravatar.com\/avatar\/76e419471a2083bc3ceab22a763dbbf9b0c1bd15a6214cf3280e2c2dde4580f9?s=96&d=mm&r=g\",\"contentUrl\":\"https:\/\/secure.gravatar.com\/avatar\/76e419471a2083bc3ceab22a763dbbf9b0c1bd15a6214cf3280e2c2dde4580f9?s=96&d=mm&r=g\",\"caption\":\"admin\"},\"sameAs\":[\"https:\/\/lobosnews.com.ar\"],\"url\":\"https:\/\/lobosnews.com.ar\/index.php\/author\/lobos-news\/\"}]}<\/script>\n<!-- \/ Yoast SEO plugin. -->","yoast_head_json":{"title":"Detuvieron a un hombre que vend\u00eda drogas frente a un jard\u00edn de infantes en Merlo - Lobos News","robots":{"index":"index","follow":"follow","max-snippet":"max-snippet:-1","max-image-preview":"max-image-preview:large","max-video-preview":"max-video-preview:-1"},"canonical":"https:\/\/lobosnews.com.ar\/index.php\/2026\/01\/22\/detuvieron-a-un-hombre-que-vendia-drogas-frente-a-un-jardin-de-infantes-en-merlo\/","og_locale":"es_ES","og_type":"article","og_title":"Detuvieron a un hombre que vend\u00eda drogas frente a un jard\u00edn de infantes en Merlo - Lobos News","og_description":"Luego de que la Justicia recibiera una denuncia an\u00f3nima contra un hombre en silla de ruedas, acusado de vender droga frente a un jard\u00edn de infantes en Merlo, esta semana se concret\u00f3 su captura. La operaci\u00f3n policial se llev\u00f3 a cabo solo despu\u00e9s de sumar pruebas como seguimientos encubiertos, im\u00e1genes y vigilancia de compradores. Estas...","og_url":"https:\/\/lobosnews.com.ar\/index.php\/2026\/01\/22\/detuvieron-a-un-hombre-que-vendia-drogas-frente-a-un-jardin-de-infantes-en-merlo\/","og_site_name":"Lobos News","article_published_time":"2026-01-22T07:01:02+00:00","article_modified_time":"2026-01-22T08:38:56+00:00","og_image":[{"url":"https:\/\/lobosnews.com.ar\/wp-content\/uploads\/2026\/01\/detuvieron-a-un-hombre-que-vendia-drogas-frente-a-un-jardin-de-infantes-en-merlo.jpg","type":"","width":"","height":""}],"author":"admin","twitter_card":"summary_large_image","twitter_misc":{"Escrito por":"admin","Tiempo de lectura":"5 minutos"},"schema":{"@context":"https:\/\/schema.org","@graph":[{"@type":"Article","@id":"https:\/\/lobosnews.com.ar\/index.php\/2026\/01\/22\/detuvieron-a-un-hombre-que-vendia-drogas-frente-a-un-jardin-de-infantes-en-merlo\/#article","isPartOf":{"@id":"https:\/\/lobosnews.com.ar\/index.php\/2026\/01\/22\/detuvieron-a-un-hombre-que-vendia-drogas-frente-a-un-jardin-de-infantes-en-merlo\/"},"author":{"name":"admin","@id":"https:\/\/lobosnews.com.ar\/#\/schema\/person\/232422a593d5c541dd9aef6aaed10943"},"headline":"Detuvieron a un hombre que vend\u00eda drogas frente a un jard\u00edn de infantes en Merlo","datePublished":"2026-01-22T07:01:02+00:00","dateModified":"2026-01-22T08:38:56+00:00","mainEntityOfPage":{"@id":"https:\/\/lobosnews.com.ar\/index.php\/2026\/01\/22\/detuvieron-a-un-hombre-que-vendia-drogas-frente-a-un-jardin-de-infantes-en-merlo\/"},"wordCount":922,"commentCount":0,"publisher":{"@id":"https:\/\/lobosnews.com.ar\/#organization"},"image":{"@id":"https:\/\/lobosnews.com.ar\/index.php\/2026\/01\/22\/detuvieron-a-un-hombre-que-vendia-drogas-frente-a-un-jardin-de-infantes-en-merlo\/#primaryimage"},"thumbnailUrl":"https:\/\/lobosnews.com.ar\/wp-content\/uploads\/2026\/01\/detuvieron-a-un-hombre-que-vendia-drogas-frente-a-un-jardin-de-infantes-en-merlo-6.jpg","articleSection":["Actualidad","Argentina","econom\u00eda","inseguridad","masradios.com","nacionales","seguridad","sociedad"],"inLanguage":"es","potentialAction":[{"@type":"CommentAction","name":"Comment","target":["https:\/\/lobosnews.com.ar\/index.php\/2026\/01\/22\/detuvieron-a-un-hombre-que-vendia-drogas-frente-a-un-jardin-de-infantes-en-merlo\/#respond"]}]},{"@type":"WebPage","@id":"https:\/\/lobosnews.com.ar\/index.php\/2026\/01\/22\/detuvieron-a-un-hombre-que-vendia-drogas-frente-a-un-jardin-de-infantes-en-merlo\/","url":"https:\/\/lobosnews.com.ar\/index.php\/2026\/01\/22\/detuvieron-a-un-hombre-que-vendia-drogas-frente-a-un-jardin-de-infantes-en-merlo\/","name":"Detuvieron a un hombre que vend\u00eda drogas frente a un jard\u00edn de infantes en Merlo - Lobos News","isPartOf":{"@id":"https:\/\/lobosnews.com.ar\/#website"},"primaryImageOfPage":{"@id":"https:\/\/lobosnews.com.ar\/index.php\/2026\/01\/22\/detuvieron-a-un-hombre-que-vendia-drogas-frente-a-un-jardin-de-infantes-en-merlo\/#primaryimage"},"image":{"@id":"https:\/\/lobosnews.com.ar\/index.php\/2026\/01\/22\/detuvieron-a-un-hombre-que-vendia-drogas-frente-a-un-jardin-de-infantes-en-merlo\/#primaryimage"},"thumbnailUrl":"https:\/\/lobosnews.com.ar\/wp-content\/uploads\/2026\/01\/detuvieron-a-un-hombre-que-vendia-drogas-frente-a-un-jardin-de-infantes-en-merlo-6.jpg","datePublished":"2026-01-22T07:01:02+00:00","dateModified":"2026-01-22T08:38:56+00:00","breadcrumb":{"@id":"https:\/\/lobosnews.com.ar\/index.php\/2026\/01\/22\/detuvieron-a-un-hombre-que-vendia-drogas-frente-a-un-jardin-de-infantes-en-merlo\/#breadcrumb"},"inLanguage":"es","potentialAction":[{"@type":"ReadAction","target":["https:\/\/lobosnews.com.ar\/index.php\/2026\/01\/22\/detuvieron-a-un-hombre-que-vendia-drogas-frente-a-un-jardin-de-infantes-en-merlo\/"]}]},{"@type":"ImageObject","inLanguage":"es","@id":"https:\/\/lobosnews.com.ar\/index.php\/2026\/01\/22\/detuvieron-a-un-hombre-que-vendia-drogas-frente-a-un-jardin-de-infantes-en-merlo\/#primaryimage","url":"https:\/\/lobosnews.com.ar\/wp-content\/uploads\/2026\/01\/detuvieron-a-un-hombre-que-vendia-drogas-frente-a-un-jardin-de-infantes-en-merlo-6.jpg","contentUrl":"https:\/\/lobosnews.com.ar\/wp-content\/uploads\/2026\/01\/detuvieron-a-un-hombre-que-vendia-drogas-frente-a-un-jardin-de-infantes-en-merlo-6.jpg","width":1920,"height":1080,"caption":"Detuvieron a un hombre que vend\u00eda drogas frente a un jard\u00edn de infantes en Merlo"},{"@type":"BreadcrumbList","@id":"https:\/\/lobosnews.com.ar\/index.php\/2026\/01\/22\/detuvieron-a-un-hombre-que-vendia-drogas-frente-a-un-jardin-de-infantes-en-merlo\/#breadcrumb","itemListElement":[{"@type":"ListItem","position":1,"name":"Portada","item":"https:\/\/lobosnews.com.ar\/"},{"@type":"ListItem","position":2,"name":"Detuvieron a un hombre que vend\u00eda drogas frente a un jard\u00edn de infantes en Merlo"}]},{"@type":"WebSite","@id":"https:\/\/lobosnews.com.ar\/#website","url":"https:\/\/lobosnews.com.ar\/","name":"Lobos News","description":"Informaci\u00f3n a cada instante","publisher":{"@id":"https:\/\/lobosnews.com.ar\/#organization"},"potentialAction":[{"@type":"SearchAction","target":{"@type":"EntryPoint","urlTemplate":"https:\/\/lobosnews.com.ar\/?s={search_term_string}"},"query-input":{"@type":"PropertyValueSpecification","valueRequired":true,"valueName":"search_term_string"}}],"inLanguage":"es"},{"@type":"Organization","@id":"https:\/\/lobosnews.com.ar\/#organization","name":"Lobos News","url":"https:\/\/lobosnews.com.ar\/","logo":{"@type":"ImageObject","inLanguage":"es","@id":"https:\/\/lobosnews.com.ar\/#\/schema\/logo\/image\/","url":"https:\/\/lobosnews.com.ar\/wp-content\/uploads\/2026\/01\/logo-lobosnews.png","contentUrl":"https:\/\/lobosnews.com.ar\/wp-content\/uploads\/2026\/01\/logo-lobosnews.png","width":500,"height":200,"caption":"Lobos News"},"image":{"@id":"https:\/\/lobosnews.com.ar\/#\/schema\/logo\/image\/"}},{"@type":"Person","@id":"https:\/\/lobosnews.com.ar\/#\/schema\/person\/232422a593d5c541dd9aef6aaed10943","name":"admin","image":{"@type":"ImageObject","inLanguage":"es","@id":"https:\/\/lobosnews.com.ar\/#\/schema\/person\/image\/","url":"https:\/\/secure.gravatar.com\/avatar\/76e419471a2083bc3ceab22a763dbbf9b0c1bd15a6214cf3280e2c2dde4580f9?s=96&d=mm&r=g","contentUrl":"https:\/\/secure.gravatar.com\/avatar\/76e419471a2083bc3ceab22a763dbbf9b0c1bd15a6214cf3280e2c2dde4580f9?s=96&d=mm&r=g","caption":"admin"},"sameAs":["https:\/\/lobosnews.com.ar"],"url":"https:\/\/lobosnews.com.ar\/index.php\/author\/lobos-news\/"}]}},"jetpack_featured_media_url":"https:\/\/lobosnews.com.ar\/wp-content\/uploads\/2026\/01\/detuvieron-a-un-hombre-que-vendia-drogas-frente-a-un-jardin-de-infantes-en-merlo-6.jpg","jetpack_sharing_enabled":true,"_links":{"self":[{"href":"https:\/\/lobosnews.com.ar\/index.php\/wp-json\/wp\/v2\/posts\/9945","targetHints":{"allow":["GET"]}}],"collection":[{"href":"https:\/\/lobosnews.com.ar\/index.php\/wp-json\/wp\/v2\/posts"}],"about":[{"href":"https:\/\/lobosnews.com.ar\/index.php\/wp-json\/wp\/v2\/types\/post"}],"author":[{"embeddable":true,"href":"https:\/\/lobosnews.com.ar\/index.php\/wp-json\/wp\/v2\/users\/1"}],"replies":[{"embeddable":true,"href":"https:\/\/lobosnews.com.ar\/index.php\/wp-json\/wp\/v2\/comments?post=9945"}],"version-history":[{"count":1,"href":"https:\/\/lobosnews.com.ar\/index.php\/wp-json\/wp\/v2\/posts\/9945\/revisions"}],"predecessor-version":[{"id":9950,"href":"https:\/\/lobosnews.com.ar\/index.php\/wp-json\/wp\/v2\/posts\/9945\/revisions\/9950"}],"wp:featuredmedia":[{"embeddable":true,"href":"https:\/\/lobosnews.com.ar\/index.php\/wp-json\/wp\/v2\/media\/9951"}],"wp:attachment":[{"href":"https:\/\/lobosnews.com.ar\/index.php\/wp-json\/wp\/v2\/media?parent=9945"}],"wp:term":[{"taxonomy":"category","embeddable":true,"href":"https:\/\/lobosnews.com.ar\/index.php\/wp-json\/wp\/v2\/categories?post=9945"},{"taxonomy":"post_tag","embeddable":true,"href":"https:\/\/lobosnews.com.ar\/index.php\/wp-json\/wp\/v2\/tags?post=9945"}],"curies":[{"name":"wp","href":"https:\/\/api.w.org\/{rel}","templated":true}]}}