{"id":9919,"date":"2026-01-22T03:02:00","date_gmt":"2026-01-22T03:02:00","guid":{"rendered":"https:\/\/lobosnews.com.ar\/index.php\/2026\/01\/22\/por-que-la-aptitud-cardiorrespiratoria-es-clave-para-la-longevidad-y-como-entrenarla-de-forma-efectiva\/"},"modified":"2026-01-22T05:07:29","modified_gmt":"2026-01-22T05:07:29","slug":"por-que-la-aptitud-cardiorrespiratoria-es-clave-para-la-longevidad-y-como-entrenarla-de-forma-efectiva","status":"publish","type":"post","link":"https:\/\/lobosnews.com.ar\/index.php\/2026\/01\/22\/por-que-la-aptitud-cardiorrespiratoria-es-clave-para-la-longevidad-y-como-entrenarla-de-forma-efectiva\/","title":{"rendered":"Por qu\u00e9 la aptitud cardiorrespiratoria es clave para la longevidad y c\u00f3mo entrenarla de forma efectiva"},"content":{"rendered":"<p><img loading=\"lazy\" decoding=\"async\" src=\"https:\/\/lobosnews.com.ar\/wp-content\/uploads\/2026\/01\/por-que-la-aptitud-cardiorrespiratoria-es-clave-para-la-longevidad-y-como-entrenarla-de-forma-efectiva.jpg\" alt=\"Peter Attia subraya que la condici\u00f3n cardiorrespiratoria es el principal predictor modificable de longevidad y calidad de vida (Captura de video: YouTube\/Drive Podcast)\" height=\"1006\" width=\"1600\"\/><\/p>\n<p><b>Peter Attia<\/b>, m\u00e9dico especializado en <span class=\"waslinkname\">longevidad<\/span>, en una charla con Nick Stenson para <i>The Drive podcast<\/i> abord\u00f3 la relevancia de la <b>condici\u00f3n cardiorrespiratoria, el <\/b><span class=\"waslinkname\"><b>entrenamiento en zona 2<\/b><\/span><b> y la medici\u00f3n del VO\u2082 m\u00e1ximo<\/b> como pilares para la salud y la calidad de vida. <\/p>\n<p>Durante la charla, explic\u00f3 conceptos fundamentales, resolvi\u00f3 dudas sobre estrategias de entrenamiento y brind\u00f3 recomendaciones dirigidas a quienes desean mejorar su bienestar f\u00edsico bas\u00e1ndose en la evidencia cient\u00edfica.<\/p>\n<h2>El papel central del VO\u2082 m\u00e1ximo<\/h2>\n<p>Attia defini\u00f3 la condici\u00f3n cardiorrespiratoria como el predictor modificable m\u00e1s potente tanto de la longevidad como de la calidad de vida. Tambi\u00e9n enfatiz\u00f3: <b>\u201cLa condici\u00f3n cardiorrespiratoria supera a cualquier otra variable que podamos medir como predictor de mortalidad\u201d<\/b>. <\/p>\n<p>Attia destac\u00f3 que se trata de un factor modificable mediante el entrenamiento f\u00edsico.<\/p>\n<p>De acuerdo con lo expuesto en el podcast, <b>el VO\u2082 m\u00e1ximo es la referencia para medir la capacidad cardiorrespiratoria<\/b>. \u201cRepresenta la tasa m\u00e1xima de consumo de ox\u00edgeno y se expresa en mililitros por kilogramo de peso corporal por minuto\u201d, explic\u00f3 Attia. <\/p>\n<p><img loading=\"lazy\" decoding=\"async\" src=\"https:\/\/lobosnews.com.ar\/wp-content\/uploads\/2026\/01\/por-que-la-aptitud-cardiorrespiratoria-es-clave-para-la-longevidad-y-como-entrenarla-de-forma-efectiva-1.jpg\" alt=\"El VO\u2082 m\u00e1ximo, medido en mililitros por kilogramo de peso corporal por minuto, determina la capacidad cardiorrespiratoria y el riesgo de mortalidad (Cr\u00e9dito: Freepik)\" height=\"3456\" width=\"6144\"\/><\/p>\n<p>Attia advirti\u00f3 sobre el impacto de este indicador: <b>\u201cEstar en el 20% inferior de la poblaci\u00f3n te da un riesgo de morir cuatro o cinco veces mayor en comparaci\u00f3n con quienes est\u00e1n en el 2% o 3% superior\u201d<\/b>. Incluso peque\u00f1as mejoras en el VO\u2082 m\u00e1ximo se asocian con una reducci\u00f3n significativa de la mortalidad.<\/p>\n<h2>El esfuerzo prolongado y el declive con la edad<\/h2>\n<p>Attia se\u00f1al\u00f3 que, a diferencia de un f\u00e1rmaco que corrige un marcador puntual, <b>mejorar el VO\u2082 m\u00e1ximo exige un proceso sostenido de entrenamiento<\/b> <b>y genera<\/b> <b>adaptaciones fisiol\u00f3gicas profundas<\/b>. Este progreso requiere cientos de horas de trabajo y compromete de manera integrada a los <b>sistemas cardiovascular, pulmonar, muscular y metab\u00f3lico<\/b>.<\/p>\n<p>Al abordar el impacto del envejecimiento, describi\u00f3 un patr\u00f3n consistente: el <b>VO\u2082 m\u00e1ximo cae cerca de un 10% por d\u00e9cada<\/b>, mientras que las exigencias de ox\u00edgeno de las actividades cotidianas se mantienen pr\u00e1cticamente constantes. <\/p>\n<p>En ese contexto, el experto fue enf\u00e1tico: \u201c<b>El objetivo es mantener la capacidad de estar activos tanto tiempo como sea posible<\/b>. Eso depende de sostener el mayor VO\u2082 m\u00e1ximo y la mayor fuerza posible\u201d.<\/p>\n<p><img loading=\"lazy\" decoding=\"async\" src=\"https:\/\/lobosnews.com.ar\/wp-content\/uploads\/2026\/01\/por-que-la-aptitud-cardiorrespiratoria-es-clave-para-la-longevidad-y-como-entrenarla-de-forma-efectiva-2.jpg\" alt=\"Attia subray\u00f3 que sostener un alto VO\u2082 m\u00e1ximo es clave para la longevidad y la autonom\u00eda a medida que avanza la edad (Imagen Ilustrativa Infobae)\" height=\"1080\" width=\"1920\"\/><\/p>\n<p>Desde la perspectiva de Attia, conservar una buena aptitud f\u00edsica no solo influye en la <b>longevidad<\/b>, sino que resulta clave para preservar la <b>autonom\u00eda y la calidad funcional<\/b> a medida que avanza la edad.<\/p>\n<h2>El tri\u00e1ngulo cardiorrespiratorio y la fisiolog\u00eda de la zona 2<\/h2>\n<p>Para describir c\u00f3mo se construye la aptitud cardiorrespiratoria, Attia recurri\u00f3 al modelo del <b>\u201ctri\u00e1ngulo cardiorrespiratorio\u201d<\/b>, que diferencia entre una <b>base aer\u00f3bica<\/b>, asociada a la capacidad de sostener esfuerzos subm\u00e1ximos prolongados, y un <b>pico aer\u00f3bico<\/b>, vinculado a la potencia m\u00e1xima mantenible durante pocos minutos. <\/p>\n<p>\u201cImagina un tri\u00e1ngulo con una base, que es tu capacidad de mantener esfuerzos subm\u00e1ximos durante mucho tiempo, y un pico, que ser\u00eda tu potencia aer\u00f3bica m\u00e1xima\u201d, describi\u00f3.<\/p>\n<p>El especialista resalt\u00f3 que <b>optimizar ambos extremos requiere entrenar a distintas intensidades<\/b>, ya que hacerlo siempre al mismo ritmo resulta menos eficiente y sostenible, una estrategia que, seg\u00fan remarc\u00f3, <b>los atletas de alto nivel no utilizan<\/b>. <\/p>\n<p><img loading=\"lazy\" decoding=\"async\" src=\"https:\/\/lobosnews.com.ar\/wp-content\/uploads\/2026\/01\/por-que-la-aptitud-cardiorrespiratoria-es-clave-para-la-longevidad-y-como-entrenarla-de-forma-efectiva-3.jpg\" alt=\"El modelo del tri\u00e1ngulo cardiorrespiratorio distingue entre la base aer\u00f3bica para esfuerzos prolongados y el pico aer\u00f3bico de m\u00e1xima potencia (Imagen Ilustrativa Infobae)\" height=\"768\" width=\"1408\"\/><\/p>\n<p>Detall\u00f3 que la base se desarrolla a trav\u00e9s de <b>adaptaciones mitocondriales<\/b> que mejoran la eficiencia energ\u00e9tica y el uso de grasas y lactato, mientras que el pico depende en gran medida de la <b>capacidad m\u00e1xima de transportar ox\u00edgeno<\/b>, determinada por el volumen sist\u00f3lico y la frecuencia card\u00edaca m\u00e1xima, factores que explican entre <b>el 70% y el 85% del VO\u2082 m\u00e1ximo<\/b>.<\/p>\n<p>Desde el plano fisiol\u00f3gico, explic\u00f3 que el metabolismo energ\u00e9tico y el <b>reclutamiento de fibras musculares<\/b> var\u00edan seg\u00fan la intensidad del esfuerzo: las fibras tipo I, resistentes y eficientes, predominan a baja intensidad, mientras que con mayores demandas se activan fibras r\u00e1pidas, m\u00e1s dependientes de la glucosa y asociadas a una mayor producci\u00f3n de lactato.<\/p>\n<h2>Estrategias de entrenamiento y cr\u00edticas a la zona 2<\/h2>\n<p>Consultado sobre el metabolismo durante ejercicios en zona 2, precis\u00f3 que el lactato generado inicialmente es reciclado localmente, pero cuando supera la capacidad de reciclaje de las fibras lentas, el lactato pasa a la sangre y otros \u00f3rganos empiezan a utilizarlo como energ\u00eda. Para personas metab\u00f3licamente flexibles, la zona 2 se caracteriza por <b>un nivel de lactato en sangre cercano a dos milimoles<\/b>.<\/p>\n<p>Al abordar el debate sobre el entrenamiento en zona 2, reconoci\u00f3 las cr\u00edticas que cuestionan su utilidad frente a los ejercicios de <b>alta intensidad<\/b>, especialmente cuando el tiempo es limitado. <\/p>\n<p>\u201cHay quienes argumentan que el trabajo intenso genera igual o mayor adaptaci\u00f3n fisiol\u00f3gica, especialmente si se dispone de poco tiempo\u201d, se\u00f1al\u00f3. En ese contexto, fue claro: <b>si el volumen semanal se reduce a unas dos horas y media, conviene priorizar sesiones de alta intensidad<\/b>.<\/p>\n<p><img loading=\"lazy\" decoding=\"async\" src=\"https:\/\/lobosnews.com.ar\/wp-content\/uploads\/2026\/01\/por-que-la-aptitud-cardiorrespiratoria-es-clave-para-la-longevidad-y-como-entrenarla-de-forma-efectiva-4.jpg\" alt=\"El entrenamiento en zona 2 resulta clave para quienes pueden destinar m\u00e1s tiempo, porque fomenta adaptaciones fisiol\u00f3gicas duraderas y sostenibilidad (Cr\u00e9dito: Freepik)\" height=\"4480\" width=\"6720\"\/><\/p>\n<p>Sin embargo, Attia aclar\u00f3 que esta l\u00f3gica cambia a medida que aumenta la disponibilidad de tiempo. <b>Para quienes pueden entrenar m\u00e1s, sostuvo que el<\/b> <b>trabajo en zona 2 se vuelve imprescindible<\/b> y adquiere mayor valor conforme crece el volumen total, ya que permite sostener la carga y favorecer adaptaciones duraderas.<\/p>\n<p>El experto remarc\u00f3 que el dise\u00f1o del entrenamiento debe ajustarse al tiempo disponible y a los objetivos personales: con 150 minutos semanales conviene priorizar fuerza e intensidad, mientras que <b>quienes buscan beneficios \u00f3ptimos en longevidad y rendimiento a largo plazo deben integrar mayor volumen y diversidad de est\u00edmulos<\/b>.<\/p>\n<h2>Sostenibilidad y beneficios duraderos del entrenamiento en zona 2<\/h2>\n<p>En el tramo final de su intervenci\u00f3n en <i>The Drive podcast<\/i>, Attia recalc\u00f3 que el entrenamiento en zona 2 proporciona una estrategia sostenible y segura para alcanzar el volumen y la constancia necesarios en la b\u00fasqueda de una salud duradera. <\/p>\n<p>Practicarlo regularmente dentro de la intensidad adecuada permite cimentar una condici\u00f3n cardiorrespiratoria s\u00f3lida y <b>prolongar la capacidad de mantenerse f\u00edsicamente activo<\/b> a lo largo de la vida.<\/p>\n","protected":false},"excerpt":{"rendered":"<p>Peter Attia, m\u00e9dico especializado en longevidad, en una charla con Nick Stenson para The Drive podcast abord\u00f3 la relevancia de la condici\u00f3n cardiorrespiratoria, el entrenamiento en zona 2 y la medici\u00f3n del VO\u2082 m\u00e1ximo como pilares para la salud y la calidad de vida. Durante la charla, explic\u00f3 conceptos fundamentales, resolvi\u00f3 dudas sobre estrategias de&#8230;<\/p>\n","protected":false},"author":1,"featured_media":9926,"comment_status":"open","ping_status":"closed","sticky":false,"template":"","format":"standard","meta":{"_jetpack_memberships_contains_paid_content":false,"footnotes":""},"categories":[81],"tags":[],"class_list":["post-9919","post","type-post","status-publish","format-standard","has-post-thumbnail","hentry","category-salud"],"magazineBlocksPostFeaturedMedia":{"thumbnail":"https:\/\/lobosnews.com.ar\/wp-content\/uploads\/2026\/01\/por-que-la-aptitud-cardiorrespiratoria-es-clave-para-la-longevidad-y-como-entrenarla-de-forma-efectiva-8-150x150.jpg","medium":"https:\/\/lobosnews.com.ar\/wp-content\/uploads\/2026\/01\/por-que-la-aptitud-cardiorrespiratoria-es-clave-para-la-longevidad-y-como-entrenarla-de-forma-efectiva-8-300x200.jpg","medium_large":"https:\/\/lobosnews.com.ar\/wp-content\/uploads\/2026\/01\/por-que-la-aptitud-cardiorrespiratoria-es-clave-para-la-longevidad-y-como-entrenarla-de-forma-efectiva-8-768x512.jpg","large":"https:\/\/lobosnews.com.ar\/wp-content\/uploads\/2026\/01\/por-que-la-aptitud-cardiorrespiratoria-es-clave-para-la-longevidad-y-como-entrenarla-de-forma-efectiva-8-1024x683.jpg","1536x1536":"https:\/\/lobosnews.com.ar\/wp-content\/uploads\/2026\/01\/por-que-la-aptitud-cardiorrespiratoria-es-clave-para-la-longevidad-y-como-entrenarla-de-forma-efectiva-8-1536x1024.jpg","2048x2048":"https:\/\/lobosnews.com.ar\/wp-content\/uploads\/2026\/01\/por-que-la-aptitud-cardiorrespiratoria-es-clave-para-la-longevidad-y-como-entrenarla-de-forma-efectiva-8-2048x1365.jpg","newsmatic-featured":"https:\/\/lobosnews.com.ar\/wp-content\/uploads\/2026\/01\/por-que-la-aptitud-cardiorrespiratoria-es-clave-para-la-longevidad-y-como-entrenarla-de-forma-efectiva-8-820x545.jpg","newsmatic-list":"https:\/\/lobosnews.com.ar\/wp-content\/uploads\/2026\/01\/por-que-la-aptitud-cardiorrespiratoria-es-clave-para-la-longevidad-y-como-entrenarla-de-forma-efectiva-8-600x400.jpg","newsmatic-thumb":"https:\/\/lobosnews.com.ar\/wp-content\/uploads\/2026\/01\/por-que-la-aptitud-cardiorrespiratoria-es-clave-para-la-longevidad-y-como-entrenarla-de-forma-efectiva-8-300x200.jpg","newsmatic-small":"https:\/\/lobosnews.com.ar\/wp-content\/uploads\/2026\/01\/por-que-la-aptitud-cardiorrespiratoria-es-clave-para-la-longevidad-y-como-entrenarla-de-forma-efectiva-8-150x95.jpg","newsmatic-grid":"https:\/\/lobosnews.com.ar\/wp-content\/uploads\/2026\/01\/por-que-la-aptitud-cardiorrespiratoria-es-clave-para-la-longevidad-y-como-entrenarla-de-forma-efectiva-8-400x250.jpg"},"magazineBlocksPostAuthor":{"name":"admin","avatar":"https:\/\/secure.gravatar.com\/avatar\/76e419471a2083bc3ceab22a763dbbf9b0c1bd15a6214cf3280e2c2dde4580f9?s=96&d=mm&r=g"},"magazineBlocksPostCommentsNumber":"0","magazineBlocksPostExcerpt":"Peter Attia, m\u00e9dico especializado en longevidad, en una charla con Nick Stenson para The Drive podcast abord\u00f3 la relevancia de la condici\u00f3n cardiorrespiratoria, el entrenamiento en zona 2 y la medici\u00f3n del VO\u2082 m\u00e1ximo como pilares para la salud y la calidad de vida. Durante la charla, explic\u00f3 conceptos fundamentales, resolvi\u00f3 dudas sobre estrategias de...","magazineBlocksPostCategories":["Salud"],"magazineBlocksPostViewCount":162,"magazineBlocksPostReadTime":5,"magazine_blocks_featured_image_url":{"full":["https:\/\/lobosnews.com.ar\/wp-content\/uploads\/2026\/01\/por-que-la-aptitud-cardiorrespiratoria-es-clave-para-la-longevidad-y-como-entrenarla-de-forma-efectiva-8-scaled.jpg",2560,1706,false],"medium":["https:\/\/lobosnews.com.ar\/wp-content\/uploads\/2026\/01\/por-que-la-aptitud-cardiorrespiratoria-es-clave-para-la-longevidad-y-como-entrenarla-de-forma-efectiva-8-300x200.jpg",300,200,true],"thumbnail":["https:\/\/lobosnews.com.ar\/wp-content\/uploads\/2026\/01\/por-que-la-aptitud-cardiorrespiratoria-es-clave-para-la-longevidad-y-como-entrenarla-de-forma-efectiva-8-150x150.jpg",150,150,true]},"magazine_blocks_author":{"display_name":"admin","author_link":"https:\/\/lobosnews.com.ar\/index.php\/author\/lobos-news\/"},"magazine_blocks_comment":0,"magazine_blocks_author_image":"https:\/\/secure.gravatar.com\/avatar\/76e419471a2083bc3ceab22a763dbbf9b0c1bd15a6214cf3280e2c2dde4580f9?s=96&d=mm&r=g","magazine_blocks_category":"<a href=\"#\" class=\"category-link category-link-81\">Salud<\/a>","yoast_head":"<!-- This site is optimized with the Yoast SEO plugin v26.6 - https:\/\/yoast.com\/wordpress\/plugins\/seo\/ -->\n<title>Por qu\u00e9 la aptitud cardiorrespiratoria es clave para la longevidad y c\u00f3mo entrenarla de forma efectiva - Lobos News<\/title>\n<meta name=\"robots\" content=\"index, follow, max-snippet:-1, max-image-preview:large, max-video-preview:-1\" \/>\n<link rel=\"canonical\" href=\"https:\/\/lobosnews.com.ar\/index.php\/2026\/01\/22\/por-que-la-aptitud-cardiorrespiratoria-es-clave-para-la-longevidad-y-como-entrenarla-de-forma-efectiva\/\" \/>\n<meta property=\"og:locale\" content=\"es_ES\" \/>\n<meta property=\"og:type\" content=\"article\" \/>\n<meta property=\"og:title\" content=\"Por qu\u00e9 la aptitud cardiorrespiratoria es clave para la longevidad y c\u00f3mo entrenarla de forma efectiva - Lobos News\" \/>\n<meta property=\"og:description\" content=\"Peter Attia, m\u00e9dico especializado en longevidad, en una charla con Nick Stenson para The Drive podcast abord\u00f3 la relevancia de la condici\u00f3n cardiorrespiratoria, el entrenamiento en zona 2 y la medici\u00f3n del VO\u2082 m\u00e1ximo como pilares para la salud y la calidad de vida. Durante la charla, explic\u00f3 conceptos fundamentales, resolvi\u00f3 dudas sobre estrategias de...\" \/>\n<meta property=\"og:url\" content=\"https:\/\/lobosnews.com.ar\/index.php\/2026\/01\/22\/por-que-la-aptitud-cardiorrespiratoria-es-clave-para-la-longevidad-y-como-entrenarla-de-forma-efectiva\/\" \/>\n<meta property=\"og:site_name\" content=\"Lobos News\" \/>\n<meta property=\"article:published_time\" content=\"2026-01-22T03:02:00+00:00\" \/>\n<meta property=\"article:modified_time\" content=\"2026-01-22T05:07:29+00:00\" \/>\n<meta property=\"og:image\" content=\"https:\/\/lobosnews.com.ar\/wp-content\/uploads\/2026\/01\/por-que-la-aptitud-cardiorrespiratoria-es-clave-para-la-longevidad-y-como-entrenarla-de-forma-efectiva.jpg\" \/>\n<meta name=\"author\" content=\"admin\" \/>\n<meta name=\"twitter:card\" content=\"summary_large_image\" \/>\n<meta name=\"twitter:label1\" content=\"Escrito por\" \/>\n\t<meta name=\"twitter:data1\" content=\"admin\" \/>\n\t<meta name=\"twitter:label2\" content=\"Tiempo de lectura\" \/>\n\t<meta name=\"twitter:data2\" content=\"5 minutos\" \/>\n<script type=\"application\/ld+json\" class=\"yoast-schema-graph\">{\"@context\":\"https:\/\/schema.org\",\"@graph\":[{\"@type\":\"Article\",\"@id\":\"https:\/\/lobosnews.com.ar\/index.php\/2026\/01\/22\/por-que-la-aptitud-cardiorrespiratoria-es-clave-para-la-longevidad-y-como-entrenarla-de-forma-efectiva\/#article\",\"isPartOf\":{\"@id\":\"https:\/\/lobosnews.com.ar\/index.php\/2026\/01\/22\/por-que-la-aptitud-cardiorrespiratoria-es-clave-para-la-longevidad-y-como-entrenarla-de-forma-efectiva\/\"},\"author\":{\"name\":\"admin\",\"@id\":\"https:\/\/lobosnews.com.ar\/#\/schema\/person\/232422a593d5c541dd9aef6aaed10943\"},\"headline\":\"Por qu\u00e9 la aptitud cardiorrespiratoria es clave para la longevidad y c\u00f3mo entrenarla de forma efectiva\",\"datePublished\":\"2026-01-22T03:02:00+00:00\",\"dateModified\":\"2026-01-22T05:07:29+00:00\",\"mainEntityOfPage\":{\"@id\":\"https:\/\/lobosnews.com.ar\/index.php\/2026\/01\/22\/por-que-la-aptitud-cardiorrespiratoria-es-clave-para-la-longevidad-y-como-entrenarla-de-forma-efectiva\/\"},\"wordCount\":1016,\"commentCount\":0,\"publisher\":{\"@id\":\"https:\/\/lobosnews.com.ar\/#organization\"},\"image\":{\"@id\":\"https:\/\/lobosnews.com.ar\/index.php\/2026\/01\/22\/por-que-la-aptitud-cardiorrespiratoria-es-clave-para-la-longevidad-y-como-entrenarla-de-forma-efectiva\/#primaryimage\"},\"thumbnailUrl\":\"https:\/\/lobosnews.com.ar\/wp-content\/uploads\/2026\/01\/por-que-la-aptitud-cardiorrespiratoria-es-clave-para-la-longevidad-y-como-entrenarla-de-forma-efectiva-8-scaled.jpg\",\"articleSection\":[\"Salud\"],\"inLanguage\":\"es\",\"potentialAction\":[{\"@type\":\"CommentAction\",\"name\":\"Comment\",\"target\":[\"https:\/\/lobosnews.com.ar\/index.php\/2026\/01\/22\/por-que-la-aptitud-cardiorrespiratoria-es-clave-para-la-longevidad-y-como-entrenarla-de-forma-efectiva\/#respond\"]}]},{\"@type\":\"WebPage\",\"@id\":\"https:\/\/lobosnews.com.ar\/index.php\/2026\/01\/22\/por-que-la-aptitud-cardiorrespiratoria-es-clave-para-la-longevidad-y-como-entrenarla-de-forma-efectiva\/\",\"url\":\"https:\/\/lobosnews.com.ar\/index.php\/2026\/01\/22\/por-que-la-aptitud-cardiorrespiratoria-es-clave-para-la-longevidad-y-como-entrenarla-de-forma-efectiva\/\",\"name\":\"Por qu\u00e9 la aptitud cardiorrespiratoria es clave para la longevidad y c\u00f3mo entrenarla de forma efectiva - Lobos News\",\"isPartOf\":{\"@id\":\"https:\/\/lobosnews.com.ar\/#website\"},\"primaryImageOfPage\":{\"@id\":\"https:\/\/lobosnews.com.ar\/index.php\/2026\/01\/22\/por-que-la-aptitud-cardiorrespiratoria-es-clave-para-la-longevidad-y-como-entrenarla-de-forma-efectiva\/#primaryimage\"},\"image\":{\"@id\":\"https:\/\/lobosnews.com.ar\/index.php\/2026\/01\/22\/por-que-la-aptitud-cardiorrespiratoria-es-clave-para-la-longevidad-y-como-entrenarla-de-forma-efectiva\/#primaryimage\"},\"thumbnailUrl\":\"https:\/\/lobosnews.com.ar\/wp-content\/uploads\/2026\/01\/por-que-la-aptitud-cardiorrespiratoria-es-clave-para-la-longevidad-y-como-entrenarla-de-forma-efectiva-8-scaled.jpg\",\"datePublished\":\"2026-01-22T03:02:00+00:00\",\"dateModified\":\"2026-01-22T05:07:29+00:00\",\"breadcrumb\":{\"@id\":\"https:\/\/lobosnews.com.ar\/index.php\/2026\/01\/22\/por-que-la-aptitud-cardiorrespiratoria-es-clave-para-la-longevidad-y-como-entrenarla-de-forma-efectiva\/#breadcrumb\"},\"inLanguage\":\"es\",\"potentialAction\":[{\"@type\":\"ReadAction\",\"target\":[\"https:\/\/lobosnews.com.ar\/index.php\/2026\/01\/22\/por-que-la-aptitud-cardiorrespiratoria-es-clave-para-la-longevidad-y-como-entrenarla-de-forma-efectiva\/\"]}]},{\"@type\":\"ImageObject\",\"inLanguage\":\"es\",\"@id\":\"https:\/\/lobosnews.com.ar\/index.php\/2026\/01\/22\/por-que-la-aptitud-cardiorrespiratoria-es-clave-para-la-longevidad-y-como-entrenarla-de-forma-efectiva\/#primaryimage\",\"url\":\"https:\/\/lobosnews.com.ar\/wp-content\/uploads\/2026\/01\/por-que-la-aptitud-cardiorrespiratoria-es-clave-para-la-longevidad-y-como-entrenarla-de-forma-efectiva-8-scaled.jpg\",\"contentUrl\":\"https:\/\/lobosnews.com.ar\/wp-content\/uploads\/2026\/01\/por-que-la-aptitud-cardiorrespiratoria-es-clave-para-la-longevidad-y-como-entrenarla-de-forma-efectiva-8-scaled.jpg\",\"width\":2560,\"height\":1706,\"caption\":\"Por qu\u00e9 la aptitud cardiorrespiratoria es clave para la longevidad y c\u00f3mo entrenarla de forma efectiva\"},{\"@type\":\"BreadcrumbList\",\"@id\":\"https:\/\/lobosnews.com.ar\/index.php\/2026\/01\/22\/por-que-la-aptitud-cardiorrespiratoria-es-clave-para-la-longevidad-y-como-entrenarla-de-forma-efectiva\/#breadcrumb\",\"itemListElement\":[{\"@type\":\"ListItem\",\"position\":1,\"name\":\"Portada\",\"item\":\"https:\/\/lobosnews.com.ar\/\"},{\"@type\":\"ListItem\",\"position\":2,\"name\":\"Por qu\u00e9 la aptitud cardiorrespiratoria es clave para la longevidad y c\u00f3mo entrenarla de forma efectiva\"}]},{\"@type\":\"WebSite\",\"@id\":\"https:\/\/lobosnews.com.ar\/#website\",\"url\":\"https:\/\/lobosnews.com.ar\/\",\"name\":\"Lobos News\",\"description\":\"Informaci\u00f3n a cada instante\",\"publisher\":{\"@id\":\"https:\/\/lobosnews.com.ar\/#organization\"},\"potentialAction\":[{\"@type\":\"SearchAction\",\"target\":{\"@type\":\"EntryPoint\",\"urlTemplate\":\"https:\/\/lobosnews.com.ar\/?s={search_term_string}\"},\"query-input\":{\"@type\":\"PropertyValueSpecification\",\"valueRequired\":true,\"valueName\":\"search_term_string\"}}],\"inLanguage\":\"es\"},{\"@type\":\"Organization\",\"@id\":\"https:\/\/lobosnews.com.ar\/#organization\",\"name\":\"Lobos News\",\"url\":\"https:\/\/lobosnews.com.ar\/\",\"logo\":{\"@type\":\"ImageObject\",\"inLanguage\":\"es\",\"@id\":\"https:\/\/lobosnews.com.ar\/#\/schema\/logo\/image\/\",\"url\":\"https:\/\/lobosnews.com.ar\/wp-content\/uploads\/2026\/01\/logo-lobosnews.png\",\"contentUrl\":\"https:\/\/lobosnews.com.ar\/wp-content\/uploads\/2026\/01\/logo-lobosnews.png\",\"width\":500,\"height\":200,\"caption\":\"Lobos News\"},\"image\":{\"@id\":\"https:\/\/lobosnews.com.ar\/#\/schema\/logo\/image\/\"}},{\"@type\":\"Person\",\"@id\":\"https:\/\/lobosnews.com.ar\/#\/schema\/person\/232422a593d5c541dd9aef6aaed10943\",\"name\":\"admin\",\"image\":{\"@type\":\"ImageObject\",\"inLanguage\":\"es\",\"@id\":\"https:\/\/lobosnews.com.ar\/#\/schema\/person\/image\/\",\"url\":\"https:\/\/secure.gravatar.com\/avatar\/76e419471a2083bc3ceab22a763dbbf9b0c1bd15a6214cf3280e2c2dde4580f9?s=96&d=mm&r=g\",\"contentUrl\":\"https:\/\/secure.gravatar.com\/avatar\/76e419471a2083bc3ceab22a763dbbf9b0c1bd15a6214cf3280e2c2dde4580f9?s=96&d=mm&r=g\",\"caption\":\"admin\"},\"sameAs\":[\"https:\/\/lobosnews.com.ar\"],\"url\":\"https:\/\/lobosnews.com.ar\/index.php\/author\/lobos-news\/\"}]}<\/script>\n<!-- \/ Yoast SEO plugin. -->","yoast_head_json":{"title":"Por qu\u00e9 la aptitud cardiorrespiratoria es clave para la longevidad y c\u00f3mo entrenarla de forma efectiva - Lobos News","robots":{"index":"index","follow":"follow","max-snippet":"max-snippet:-1","max-image-preview":"max-image-preview:large","max-video-preview":"max-video-preview:-1"},"canonical":"https:\/\/lobosnews.com.ar\/index.php\/2026\/01\/22\/por-que-la-aptitud-cardiorrespiratoria-es-clave-para-la-longevidad-y-como-entrenarla-de-forma-efectiva\/","og_locale":"es_ES","og_type":"article","og_title":"Por qu\u00e9 la aptitud cardiorrespiratoria es clave para la longevidad y c\u00f3mo entrenarla de forma efectiva - Lobos News","og_description":"Peter Attia, m\u00e9dico especializado en longevidad, en una charla con Nick Stenson para The Drive podcast abord\u00f3 la relevancia de la condici\u00f3n cardiorrespiratoria, el entrenamiento en zona 2 y la medici\u00f3n del VO\u2082 m\u00e1ximo como pilares para la salud y la calidad de vida. Durante la charla, explic\u00f3 conceptos fundamentales, resolvi\u00f3 dudas sobre estrategias de...","og_url":"https:\/\/lobosnews.com.ar\/index.php\/2026\/01\/22\/por-que-la-aptitud-cardiorrespiratoria-es-clave-para-la-longevidad-y-como-entrenarla-de-forma-efectiva\/","og_site_name":"Lobos News","article_published_time":"2026-01-22T03:02:00+00:00","article_modified_time":"2026-01-22T05:07:29+00:00","og_image":[{"url":"https:\/\/lobosnews.com.ar\/wp-content\/uploads\/2026\/01\/por-que-la-aptitud-cardiorrespiratoria-es-clave-para-la-longevidad-y-como-entrenarla-de-forma-efectiva.jpg","type":"","width":"","height":""}],"author":"admin","twitter_card":"summary_large_image","twitter_misc":{"Escrito por":"admin","Tiempo de lectura":"5 minutos"},"schema":{"@context":"https:\/\/schema.org","@graph":[{"@type":"Article","@id":"https:\/\/lobosnews.com.ar\/index.php\/2026\/01\/22\/por-que-la-aptitud-cardiorrespiratoria-es-clave-para-la-longevidad-y-como-entrenarla-de-forma-efectiva\/#article","isPartOf":{"@id":"https:\/\/lobosnews.com.ar\/index.php\/2026\/01\/22\/por-que-la-aptitud-cardiorrespiratoria-es-clave-para-la-longevidad-y-como-entrenarla-de-forma-efectiva\/"},"author":{"name":"admin","@id":"https:\/\/lobosnews.com.ar\/#\/schema\/person\/232422a593d5c541dd9aef6aaed10943"},"headline":"Por qu\u00e9 la aptitud cardiorrespiratoria es clave para la longevidad y c\u00f3mo entrenarla de forma efectiva","datePublished":"2026-01-22T03:02:00+00:00","dateModified":"2026-01-22T05:07:29+00:00","mainEntityOfPage":{"@id":"https:\/\/lobosnews.com.ar\/index.php\/2026\/01\/22\/por-que-la-aptitud-cardiorrespiratoria-es-clave-para-la-longevidad-y-como-entrenarla-de-forma-efectiva\/"},"wordCount":1016,"commentCount":0,"publisher":{"@id":"https:\/\/lobosnews.com.ar\/#organization"},"image":{"@id":"https:\/\/lobosnews.com.ar\/index.php\/2026\/01\/22\/por-que-la-aptitud-cardiorrespiratoria-es-clave-para-la-longevidad-y-como-entrenarla-de-forma-efectiva\/#primaryimage"},"thumbnailUrl":"https:\/\/lobosnews.com.ar\/wp-content\/uploads\/2026\/01\/por-que-la-aptitud-cardiorrespiratoria-es-clave-para-la-longevidad-y-como-entrenarla-de-forma-efectiva-8-scaled.jpg","articleSection":["Salud"],"inLanguage":"es","potentialAction":[{"@type":"CommentAction","name":"Comment","target":["https:\/\/lobosnews.com.ar\/index.php\/2026\/01\/22\/por-que-la-aptitud-cardiorrespiratoria-es-clave-para-la-longevidad-y-como-entrenarla-de-forma-efectiva\/#respond"]}]},{"@type":"WebPage","@id":"https:\/\/lobosnews.com.ar\/index.php\/2026\/01\/22\/por-que-la-aptitud-cardiorrespiratoria-es-clave-para-la-longevidad-y-como-entrenarla-de-forma-efectiva\/","url":"https:\/\/lobosnews.com.ar\/index.php\/2026\/01\/22\/por-que-la-aptitud-cardiorrespiratoria-es-clave-para-la-longevidad-y-como-entrenarla-de-forma-efectiva\/","name":"Por qu\u00e9 la aptitud cardiorrespiratoria es clave para la longevidad y c\u00f3mo entrenarla de forma efectiva - Lobos News","isPartOf":{"@id":"https:\/\/lobosnews.com.ar\/#website"},"primaryImageOfPage":{"@id":"https:\/\/lobosnews.com.ar\/index.php\/2026\/01\/22\/por-que-la-aptitud-cardiorrespiratoria-es-clave-para-la-longevidad-y-como-entrenarla-de-forma-efectiva\/#primaryimage"},"image":{"@id":"https:\/\/lobosnews.com.ar\/index.php\/2026\/01\/22\/por-que-la-aptitud-cardiorrespiratoria-es-clave-para-la-longevidad-y-como-entrenarla-de-forma-efectiva\/#primaryimage"},"thumbnailUrl":"https:\/\/lobosnews.com.ar\/wp-content\/uploads\/2026\/01\/por-que-la-aptitud-cardiorrespiratoria-es-clave-para-la-longevidad-y-como-entrenarla-de-forma-efectiva-8-scaled.jpg","datePublished":"2026-01-22T03:02:00+00:00","dateModified":"2026-01-22T05:07:29+00:00","breadcrumb":{"@id":"https:\/\/lobosnews.com.ar\/index.php\/2026\/01\/22\/por-que-la-aptitud-cardiorrespiratoria-es-clave-para-la-longevidad-y-como-entrenarla-de-forma-efectiva\/#breadcrumb"},"inLanguage":"es","potentialAction":[{"@type":"ReadAction","target":["https:\/\/lobosnews.com.ar\/index.php\/2026\/01\/22\/por-que-la-aptitud-cardiorrespiratoria-es-clave-para-la-longevidad-y-como-entrenarla-de-forma-efectiva\/"]}]},{"@type":"ImageObject","inLanguage":"es","@id":"https:\/\/lobosnews.com.ar\/index.php\/2026\/01\/22\/por-que-la-aptitud-cardiorrespiratoria-es-clave-para-la-longevidad-y-como-entrenarla-de-forma-efectiva\/#primaryimage","url":"https:\/\/lobosnews.com.ar\/wp-content\/uploads\/2026\/01\/por-que-la-aptitud-cardiorrespiratoria-es-clave-para-la-longevidad-y-como-entrenarla-de-forma-efectiva-8-scaled.jpg","contentUrl":"https:\/\/lobosnews.com.ar\/wp-content\/uploads\/2026\/01\/por-que-la-aptitud-cardiorrespiratoria-es-clave-para-la-longevidad-y-como-entrenarla-de-forma-efectiva-8-scaled.jpg","width":2560,"height":1706,"caption":"Por qu\u00e9 la aptitud cardiorrespiratoria es clave para la longevidad y c\u00f3mo entrenarla de forma efectiva"},{"@type":"BreadcrumbList","@id":"https:\/\/lobosnews.com.ar\/index.php\/2026\/01\/22\/por-que-la-aptitud-cardiorrespiratoria-es-clave-para-la-longevidad-y-como-entrenarla-de-forma-efectiva\/#breadcrumb","itemListElement":[{"@type":"ListItem","position":1,"name":"Portada","item":"https:\/\/lobosnews.com.ar\/"},{"@type":"ListItem","position":2,"name":"Por qu\u00e9 la aptitud cardiorrespiratoria es clave para la longevidad y c\u00f3mo entrenarla de forma efectiva"}]},{"@type":"WebSite","@id":"https:\/\/lobosnews.com.ar\/#website","url":"https:\/\/lobosnews.com.ar\/","name":"Lobos News","description":"Informaci\u00f3n a cada instante","publisher":{"@id":"https:\/\/lobosnews.com.ar\/#organization"},"potentialAction":[{"@type":"SearchAction","target":{"@type":"EntryPoint","urlTemplate":"https:\/\/lobosnews.com.ar\/?s={search_term_string}"},"query-input":{"@type":"PropertyValueSpecification","valueRequired":true,"valueName":"search_term_string"}}],"inLanguage":"es"},{"@type":"Organization","@id":"https:\/\/lobosnews.com.ar\/#organization","name":"Lobos News","url":"https:\/\/lobosnews.com.ar\/","logo":{"@type":"ImageObject","inLanguage":"es","@id":"https:\/\/lobosnews.com.ar\/#\/schema\/logo\/image\/","url":"https:\/\/lobosnews.com.ar\/wp-content\/uploads\/2026\/01\/logo-lobosnews.png","contentUrl":"https:\/\/lobosnews.com.ar\/wp-content\/uploads\/2026\/01\/logo-lobosnews.png","width":500,"height":200,"caption":"Lobos News"},"image":{"@id":"https:\/\/lobosnews.com.ar\/#\/schema\/logo\/image\/"}},{"@type":"Person","@id":"https:\/\/lobosnews.com.ar\/#\/schema\/person\/232422a593d5c541dd9aef6aaed10943","name":"admin","image":{"@type":"ImageObject","inLanguage":"es","@id":"https:\/\/lobosnews.com.ar\/#\/schema\/person\/image\/","url":"https:\/\/secure.gravatar.com\/avatar\/76e419471a2083bc3ceab22a763dbbf9b0c1bd15a6214cf3280e2c2dde4580f9?s=96&d=mm&r=g","contentUrl":"https:\/\/secure.gravatar.com\/avatar\/76e419471a2083bc3ceab22a763dbbf9b0c1bd15a6214cf3280e2c2dde4580f9?s=96&d=mm&r=g","caption":"admin"},"sameAs":["https:\/\/lobosnews.com.ar"],"url":"https:\/\/lobosnews.com.ar\/index.php\/author\/lobos-news\/"}]}},"jetpack_featured_media_url":"https:\/\/lobosnews.com.ar\/wp-content\/uploads\/2026\/01\/por-que-la-aptitud-cardiorrespiratoria-es-clave-para-la-longevidad-y-como-entrenarla-de-forma-efectiva-8-scaled.jpg","jetpack_sharing_enabled":true,"_links":{"self":[{"href":"https:\/\/lobosnews.com.ar\/index.php\/wp-json\/wp\/v2\/posts\/9919","targetHints":{"allow":["GET"]}}],"collection":[{"href":"https:\/\/lobosnews.com.ar\/index.php\/wp-json\/wp\/v2\/posts"}],"about":[{"href":"https:\/\/lobosnews.com.ar\/index.php\/wp-json\/wp\/v2\/types\/post"}],"author":[{"embeddable":true,"href":"https:\/\/lobosnews.com.ar\/index.php\/wp-json\/wp\/v2\/users\/1"}],"replies":[{"embeddable":true,"href":"https:\/\/lobosnews.com.ar\/index.php\/wp-json\/wp\/v2\/comments?post=9919"}],"version-history":[{"count":1,"href":"https:\/\/lobosnews.com.ar\/index.php\/wp-json\/wp\/v2\/posts\/9919\/revisions"}],"predecessor-version":[{"id":9925,"href":"https:\/\/lobosnews.com.ar\/index.php\/wp-json\/wp\/v2\/posts\/9919\/revisions\/9925"}],"wp:featuredmedia":[{"embeddable":true,"href":"https:\/\/lobosnews.com.ar\/index.php\/wp-json\/wp\/v2\/media\/9926"}],"wp:attachment":[{"href":"https:\/\/lobosnews.com.ar\/index.php\/wp-json\/wp\/v2\/media?parent=9919"}],"wp:term":[{"taxonomy":"category","embeddable":true,"href":"https:\/\/lobosnews.com.ar\/index.php\/wp-json\/wp\/v2\/categories?post=9919"},{"taxonomy":"post_tag","embeddable":true,"href":"https:\/\/lobosnews.com.ar\/index.php\/wp-json\/wp\/v2\/tags?post=9919"}],"curies":[{"name":"wp","href":"https:\/\/api.w.org\/{rel}","templated":true}]}}