{"id":9912,"date":"2026-01-22T03:03:00","date_gmt":"2026-01-22T03:03:00","guid":{"rendered":"https:\/\/lobosnews.com.ar\/index.php\/2026\/01\/22\/la-alimentacion-con-fibra-y-vitaminas-se-asocia-con-mejoras-en-la-memoria-de-los-adultos-mayores\/"},"modified":"2026-01-22T05:06:59","modified_gmt":"2026-01-22T05:06:59","slug":"la-alimentacion-con-fibra-y-vitaminas-se-asocia-con-mejoras-en-la-memoria-de-los-adultos-mayores","status":"publish","type":"post","link":"https:\/\/lobosnews.com.ar\/index.php\/2026\/01\/22\/la-alimentacion-con-fibra-y-vitaminas-se-asocia-con-mejoras-en-la-memoria-de-los-adultos-mayores\/","title":{"rendered":"La alimentaci\u00f3n con fibra y vitaminas se asocia con mejoras en la memoria de los adultos mayores"},"content":{"rendered":"<p><img fetchpriority=\"high\" decoding=\"async\" src=\"https:\/\/lobosnews.com.ar\/wp-content\/uploads\/2026\/01\/la-alimentacion-con-fibra-y-vitaminas-se-asocia-con-mejoras-en-la-memoria-de-los-adultos-mayores.jpg\" alt=\"La fibra diet\u00e9tica y ciertos micronutrientes son aliados clave para el envejecimiento cerebral saludable seg\u00fan un nuevo estudio (Imagen Ilustrativa Infobae)\" height=\"816\" width=\"1456\"\/><\/p>\n<p>En los a\u00f1os recientes, cada vez m\u00e1s la b\u00fasqueda de estrategias para favorecer la <span class=\"waslinkname\"><b>salud cerebral<\/b><\/span> y prevenir<b> enfermedades neurodegenerativas <\/b>pone el foco en la alimentaci\u00f3n. <\/p>\n<p>Un <span class=\"waslinkname\"><b>estudio<\/b><\/span><b> <\/b>publicado en la revista <i>Nutrients<\/i>, dirigido por Samitinjaya Dhakal de la <b>Universidad Estatal de Dakota del Sur<\/b>, identific\u00f3 una asociaci\u00f3n entre la ingesta adecuada de <b>fibra diet\u00e9tica<\/b>, grasas insaturadas y ciertos <b>micronutrientes <\/b>con un mejor desempe\u00f1o cognitivo en personas mayores.<\/p>\n<p>Una de las enfermedades neurodegenerativas y formas de demencia m\u00e1s frecuentes es el Alzheimer, la causa que afecta a uno de cada diez adultos mayores de 70 a\u00f1os, seg\u00fan un <span class=\"waslinkname\">estudio<\/span> reciente publicado en Nature.<\/p>\n<h2>Metodolog\u00eda del estudio: dieta, memoria y salud mental<\/h2>\n<p>La nueva investigaci\u00f3n evalu\u00f3 a 72 personas de m\u00e1s de 65 a\u00f1os residentes en la comunidad de <b>Brookings, Dakota del Sur<\/b>. Los especialistas analizaron la calidad de la dieta con encuestas de recordatorio de 24 horas y el \u00edndice <i>Healthy Eating Index<\/i>, adem\u00e1s de realizar pruebas estandarizadas de memoria y habilidades visuoespaciales. <\/p>\n<p>No se observaron diferencias relevantes en otros par\u00e1metros, como calidad del sue\u00f1o o estado de salud mental, que pudieran incidir en el rendimiento cognitivo.<\/p>\n<p><img loading=\"lazy\" decoding=\"async\" src=\"https:\/\/lobosnews.com.ar\/wp-content\/uploads\/2026\/01\/la-alimentacion-con-fibra-y-vitaminas-se-asocia-con-mejoras-en-la-memoria-de-los-adultos-mayores-1.jpg\" alt=\"Un bajo porcentaje de adultos mayores logra cubrir las recomendaciones de fibra y vitaminas esenciales para el cerebro (Imagen Ilustrativa Infobae)\" height=\"768\" width=\"1408\"\/><\/p>\n<p>Los resultados evidencian que una mayor ingesta de<b> fibra diet\u00e9tica, carotenoides, grasas insaturadas y micronutrientes, incluidas las vitaminas A y E, magnesio, potasio, cobre, zinc y calcio<\/b>, se asocia con un mejor rendimiento cognitivo. <\/p>\n<p>\u201cNuestros hallazgos sugieren que la fibra, las grasas insaturadas, los carotenoides y determinados micronutrientes cumplen un rol importante en el mantenimiento de la salud cerebral en la vejez, mientras que el consumo elevado de granos refinados puede ser perjudicial para la funci\u00f3n cognitiva\u201d, explic\u00f3 Dhakal.<\/p>\n<h2>D\u00e9ficits nutricionales: una advertencia para los adultos mayores<\/h2>\n<p>El estudio se\u00f1ala una insuficiencia generalizada de nutrientes: solo el 9,7% de la muestra cumpl\u00eda con la recomendaci\u00f3n diaria de fibra, y menos del once por ciento alcanzaba los niveles sugeridos de<b> vitaminas A y E, calcio y potasio. <\/b>Esta carencia se presenta incluso en personas que viven de manera independiente y reportan buen estado general de salud. <\/p>\n<p>De acuerdo con <i>Nutrients<\/i>: \u201cEn nuestra cohorte, solo el 9,7% cumpl\u00eda con la recomendaci\u00f3n diaria de fibra y menos del once por ciento alcanzaba los niveles sugeridos de algunas vitaminas y minerales\u201d.<\/p>\n<p><img loading=\"lazy\" decoding=\"async\" src=\"https:\/\/lobosnews.com.ar\/wp-content\/uploads\/2026\/01\/la-alimentacion-con-fibra-y-vitaminas-se-asocia-con-mejoras-en-la-memoria-de-los-adultos-mayores-2.jpg\" alt=\"Los investigadores destacan la importancia de cambios sostenibles en la dieta para proteger la salud mental en la vejez (Imagen Ilustrativa Infobae)\" height=\"768\" width=\"1408\"\/><\/p>\n<p>Un punto relevante es el efecto negativo asociado a la alta ingesta de <b>granos refinados<\/b>, presentes en productos como el pan blanco y algunas pastas. <i>Nutrients<\/i> describi\u00f3 una relaci\u00f3n inversa entre el consumo de estos alimentos y la memoria.<\/p>\n<p>Entre los mecanismos biol\u00f3gicos considerados, el trabajo dirigido por Dhakal en <i>Nutrients<\/i> indica que la fermentaci\u00f3n de la fibra en el intestino genera \u00e1cidos grasos de cadena corta, que benefician la salud neuronal y disminuyen la inflamaci\u00f3n sist\u00e9mica. <\/p>\n<p>Asimismo, los carotenoides y grasas insaturadas act\u00faan como antioxidantes y participan en la se\u00f1alizaci\u00f3n celular, implicados en la protecci\u00f3n contra el deterioro cognitivo.<\/p>\n<h2>Limitaciones y desaf\u00edos para futuras investigaciones<\/h2>\n<p><img loading=\"lazy\" decoding=\"async\" src=\"https:\/\/lobosnews.com.ar\/wp-content\/uploads\/2026\/01\/la-alimentacion-con-fibra-y-vitaminas-se-asocia-con-mejoras-en-la-memoria-de-los-adultos-mayores-3.jpg\" alt=\"La investigaci\u00f3n subraya la urgencia de realizar m\u00e1s estudios para validar los efectos de la dieta en el envejecimiento cognitivo (Imagen Ilustrativa Infobae)\" height=\"4473\" width=\"7952\"\/><\/p>\n<p>El estudio reconoci\u00f3 limitaciones, como el tama\u00f1o muestral reducido, el uso de autoinforme en los datos diet\u00e9ticos y un dise\u00f1o transversal, lo que impide establecer relaciones causales directas. <\/p>\n<p>Los autores insisten en el car\u00e1cter exploratorio de los resultados y la necesidad de realizar investigaciones longitudinales y ensayos controlados para validar estos hallazgos y orientar futuras intervenciones nutricionales.<\/p>\n<p>Ante este panorama, los investigadores destacan la importancia de implementar pol\u00edticas p\u00fablicas y estrategias adaptadas que permitan un mejor acceso a una alimentaci\u00f3n rica en fibra y micronutrientes entre los adultos mayores. <\/p>\n<p>Identificar los factores diet\u00e9ticos modificables representa solo el primer paso; el desaf\u00edo es que estas recomendaciones se conviertan en <b>cambios reales y sostenibles<\/b> en la vida cotidiana de la poblaci\u00f3n envejecida.<\/p>\n<p>El estudio de la Universidad Estatal de Dakota del Sur concluy\u00f3 que la promoci\u00f3n de pol\u00edticas p\u00fablicas y estrategias adaptadas puede facilitar el acceso de los adultos mayores a una alimentaci\u00f3n rica en fibra y micronutrientes. <\/p>\n","protected":false},"excerpt":{"rendered":"<p>En los a\u00f1os recientes, cada vez m\u00e1s la b\u00fasqueda de estrategias para favorecer la salud cerebral y prevenir enfermedades neurodegenerativas pone el foco en la alimentaci\u00f3n. Un estudio publicado en la revista Nutrients, dirigido por Samitinjaya Dhakal de la Universidad Estatal de Dakota del Sur, identific\u00f3 una asociaci\u00f3n entre la ingesta adecuada de fibra diet\u00e9tica,&#8230;<\/p>\n","protected":false},"author":1,"featured_media":9918,"comment_status":"open","ping_status":"closed","sticky":false,"template":"","format":"standard","meta":{"_jetpack_memberships_contains_paid_content":false,"footnotes":""},"categories":[81],"tags":[],"class_list":["post-9912","post","type-post","status-publish","format-standard","has-post-thumbnail","hentry","category-salud"],"magazineBlocksPostFeaturedMedia":{"thumbnail":"https:\/\/lobosnews.com.ar\/wp-content\/uploads\/2026\/01\/la-alimentacion-con-fibra-y-vitaminas-se-asocia-con-mejoras-en-la-memoria-de-los-adultos-mayores-6-150x150.jpg","medium":"https:\/\/lobosnews.com.ar\/wp-content\/uploads\/2026\/01\/la-alimentacion-con-fibra-y-vitaminas-se-asocia-con-mejoras-en-la-memoria-de-los-adultos-mayores-6-300x169.jpg","medium_large":"https:\/\/lobosnews.com.ar\/wp-content\/uploads\/2026\/01\/la-alimentacion-con-fibra-y-vitaminas-se-asocia-con-mejoras-en-la-memoria-de-los-adultos-mayores-6-768x432.jpg","large":"https:\/\/lobosnews.com.ar\/wp-content\/uploads\/2026\/01\/la-alimentacion-con-fibra-y-vitaminas-se-asocia-con-mejoras-en-la-memoria-de-los-adultos-mayores-6-1024x576.jpg","1536x1536":"https:\/\/lobosnews.com.ar\/wp-content\/uploads\/2026\/01\/la-alimentacion-con-fibra-y-vitaminas-se-asocia-con-mejoras-en-la-memoria-de-los-adultos-mayores-6-1536x864.jpg","2048x2048":"https:\/\/lobosnews.com.ar\/wp-content\/uploads\/2026\/01\/la-alimentacion-con-fibra-y-vitaminas-se-asocia-con-mejoras-en-la-memoria-de-los-adultos-mayores-6-2048x1152.jpg","newsmatic-featured":"https:\/\/lobosnews.com.ar\/wp-content\/uploads\/2026\/01\/la-alimentacion-con-fibra-y-vitaminas-se-asocia-con-mejoras-en-la-memoria-de-los-adultos-mayores-6-820x545.jpg","newsmatic-list":"https:\/\/lobosnews.com.ar\/wp-content\/uploads\/2026\/01\/la-alimentacion-con-fibra-y-vitaminas-se-asocia-con-mejoras-en-la-memoria-de-los-adultos-mayores-6-600x400.jpg","newsmatic-thumb":"https:\/\/lobosnews.com.ar\/wp-content\/uploads\/2026\/01\/la-alimentacion-con-fibra-y-vitaminas-se-asocia-con-mejoras-en-la-memoria-de-los-adultos-mayores-6-300x200.jpg","newsmatic-small":"https:\/\/lobosnews.com.ar\/wp-content\/uploads\/2026\/01\/la-alimentacion-con-fibra-y-vitaminas-se-asocia-con-mejoras-en-la-memoria-de-los-adultos-mayores-6-150x95.jpg","newsmatic-grid":"https:\/\/lobosnews.com.ar\/wp-content\/uploads\/2026\/01\/la-alimentacion-con-fibra-y-vitaminas-se-asocia-con-mejoras-en-la-memoria-de-los-adultos-mayores-6-400x250.jpg"},"magazineBlocksPostAuthor":{"name":"admin","avatar":"https:\/\/secure.gravatar.com\/avatar\/76e419471a2083bc3ceab22a763dbbf9b0c1bd15a6214cf3280e2c2dde4580f9?s=96&d=mm&r=g"},"magazineBlocksPostCommentsNumber":"0","magazineBlocksPostExcerpt":"En los a\u00f1os recientes, cada vez m\u00e1s la b\u00fasqueda de estrategias para favorecer la salud cerebral y prevenir enfermedades neurodegenerativas pone el foco en la alimentaci\u00f3n. Un estudio publicado en la revista Nutrients, dirigido por Samitinjaya Dhakal de la Universidad Estatal de Dakota del Sur, identific\u00f3 una asociaci\u00f3n entre la ingesta adecuada de fibra diet\u00e9tica,...","magazineBlocksPostCategories":["Salud"],"magazineBlocksPostViewCount":120,"magazineBlocksPostReadTime":4,"magazine_blocks_featured_image_url":{"full":["https:\/\/lobosnews.com.ar\/wp-content\/uploads\/2026\/01\/la-alimentacion-con-fibra-y-vitaminas-se-asocia-con-mejoras-en-la-memoria-de-los-adultos-mayores-6-scaled.jpg",2560,1440,false],"medium":["https:\/\/lobosnews.com.ar\/wp-content\/uploads\/2026\/01\/la-alimentacion-con-fibra-y-vitaminas-se-asocia-con-mejoras-en-la-memoria-de-los-adultos-mayores-6-300x169.jpg",300,169,true],"thumbnail":["https:\/\/lobosnews.com.ar\/wp-content\/uploads\/2026\/01\/la-alimentacion-con-fibra-y-vitaminas-se-asocia-con-mejoras-en-la-memoria-de-los-adultos-mayores-6-150x150.jpg",150,150,true]},"magazine_blocks_author":{"display_name":"admin","author_link":"https:\/\/lobosnews.com.ar\/index.php\/author\/lobos-news\/"},"magazine_blocks_comment":0,"magazine_blocks_author_image":"https:\/\/secure.gravatar.com\/avatar\/76e419471a2083bc3ceab22a763dbbf9b0c1bd15a6214cf3280e2c2dde4580f9?s=96&d=mm&r=g","magazine_blocks_category":"<a href=\"#\" class=\"category-link category-link-81\">Salud<\/a>","yoast_head":"<!-- This site is optimized with the Yoast SEO plugin v26.6 - https:\/\/yoast.com\/wordpress\/plugins\/seo\/ -->\n<title>La alimentaci\u00f3n con fibra y vitaminas se asocia con mejoras en la memoria de los adultos mayores - Lobos News<\/title>\n<meta name=\"robots\" content=\"index, follow, max-snippet:-1, max-image-preview:large, max-video-preview:-1\" \/>\n<link rel=\"canonical\" href=\"https:\/\/lobosnews.com.ar\/index.php\/2026\/01\/22\/la-alimentacion-con-fibra-y-vitaminas-se-asocia-con-mejoras-en-la-memoria-de-los-adultos-mayores\/\" \/>\n<meta property=\"og:locale\" content=\"es_ES\" \/>\n<meta property=\"og:type\" content=\"article\" \/>\n<meta property=\"og:title\" content=\"La alimentaci\u00f3n con fibra y vitaminas se asocia con mejoras en la memoria de los adultos mayores - Lobos News\" \/>\n<meta property=\"og:description\" content=\"En los a\u00f1os recientes, cada vez m\u00e1s la b\u00fasqueda de estrategias para favorecer la salud cerebral y prevenir enfermedades neurodegenerativas pone el foco en la alimentaci\u00f3n. Un estudio publicado en la revista Nutrients, dirigido por Samitinjaya Dhakal de la Universidad Estatal de Dakota del Sur, identific\u00f3 una asociaci\u00f3n entre la ingesta adecuada de fibra diet\u00e9tica,...\" \/>\n<meta property=\"og:url\" content=\"https:\/\/lobosnews.com.ar\/index.php\/2026\/01\/22\/la-alimentacion-con-fibra-y-vitaminas-se-asocia-con-mejoras-en-la-memoria-de-los-adultos-mayores\/\" \/>\n<meta property=\"og:site_name\" content=\"Lobos News\" \/>\n<meta property=\"article:published_time\" content=\"2026-01-22T03:03:00+00:00\" \/>\n<meta property=\"article:modified_time\" content=\"2026-01-22T05:06:59+00:00\" \/>\n<meta property=\"og:image\" content=\"https:\/\/lobosnews.com.ar\/wp-content\/uploads\/2026\/01\/la-alimentacion-con-fibra-y-vitaminas-se-asocia-con-mejoras-en-la-memoria-de-los-adultos-mayores.jpg\" \/>\n<meta name=\"author\" content=\"admin\" \/>\n<meta name=\"twitter:card\" content=\"summary_large_image\" \/>\n<meta name=\"twitter:label1\" content=\"Escrito por\" \/>\n\t<meta name=\"twitter:data1\" content=\"admin\" \/>\n\t<meta name=\"twitter:label2\" content=\"Tiempo de lectura\" \/>\n\t<meta name=\"twitter:data2\" content=\"3 minutos\" \/>\n<script type=\"application\/ld+json\" class=\"yoast-schema-graph\">{\"@context\":\"https:\/\/schema.org\",\"@graph\":[{\"@type\":\"Article\",\"@id\":\"https:\/\/lobosnews.com.ar\/index.php\/2026\/01\/22\/la-alimentacion-con-fibra-y-vitaminas-se-asocia-con-mejoras-en-la-memoria-de-los-adultos-mayores\/#article\",\"isPartOf\":{\"@id\":\"https:\/\/lobosnews.com.ar\/index.php\/2026\/01\/22\/la-alimentacion-con-fibra-y-vitaminas-se-asocia-con-mejoras-en-la-memoria-de-los-adultos-mayores\/\"},\"author\":{\"name\":\"admin\",\"@id\":\"https:\/\/lobosnews.com.ar\/#\/schema\/person\/232422a593d5c541dd9aef6aaed10943\"},\"headline\":\"La alimentaci\u00f3n con fibra y vitaminas se asocia con mejoras en la memoria de los adultos mayores\",\"datePublished\":\"2026-01-22T03:03:00+00:00\",\"dateModified\":\"2026-01-22T05:06:59+00:00\",\"mainEntityOfPage\":{\"@id\":\"https:\/\/lobosnews.com.ar\/index.php\/2026\/01\/22\/la-alimentacion-con-fibra-y-vitaminas-se-asocia-con-mejoras-en-la-memoria-de-los-adultos-mayores\/\"},\"wordCount\":687,\"commentCount\":0,\"publisher\":{\"@id\":\"https:\/\/lobosnews.com.ar\/#organization\"},\"image\":{\"@id\":\"https:\/\/lobosnews.com.ar\/index.php\/2026\/01\/22\/la-alimentacion-con-fibra-y-vitaminas-se-asocia-con-mejoras-en-la-memoria-de-los-adultos-mayores\/#primaryimage\"},\"thumbnailUrl\":\"https:\/\/lobosnews.com.ar\/wp-content\/uploads\/2026\/01\/la-alimentacion-con-fibra-y-vitaminas-se-asocia-con-mejoras-en-la-memoria-de-los-adultos-mayores-6-scaled.jpg\",\"articleSection\":[\"Salud\"],\"inLanguage\":\"es\",\"potentialAction\":[{\"@type\":\"CommentAction\",\"name\":\"Comment\",\"target\":[\"https:\/\/lobosnews.com.ar\/index.php\/2026\/01\/22\/la-alimentacion-con-fibra-y-vitaminas-se-asocia-con-mejoras-en-la-memoria-de-los-adultos-mayores\/#respond\"]}]},{\"@type\":\"WebPage\",\"@id\":\"https:\/\/lobosnews.com.ar\/index.php\/2026\/01\/22\/la-alimentacion-con-fibra-y-vitaminas-se-asocia-con-mejoras-en-la-memoria-de-los-adultos-mayores\/\",\"url\":\"https:\/\/lobosnews.com.ar\/index.php\/2026\/01\/22\/la-alimentacion-con-fibra-y-vitaminas-se-asocia-con-mejoras-en-la-memoria-de-los-adultos-mayores\/\",\"name\":\"La alimentaci\u00f3n con fibra y vitaminas se asocia con mejoras en la memoria de los adultos mayores - Lobos News\",\"isPartOf\":{\"@id\":\"https:\/\/lobosnews.com.ar\/#website\"},\"primaryImageOfPage\":{\"@id\":\"https:\/\/lobosnews.com.ar\/index.php\/2026\/01\/22\/la-alimentacion-con-fibra-y-vitaminas-se-asocia-con-mejoras-en-la-memoria-de-los-adultos-mayores\/#primaryimage\"},\"image\":{\"@id\":\"https:\/\/lobosnews.com.ar\/index.php\/2026\/01\/22\/la-alimentacion-con-fibra-y-vitaminas-se-asocia-con-mejoras-en-la-memoria-de-los-adultos-mayores\/#primaryimage\"},\"thumbnailUrl\":\"https:\/\/lobosnews.com.ar\/wp-content\/uploads\/2026\/01\/la-alimentacion-con-fibra-y-vitaminas-se-asocia-con-mejoras-en-la-memoria-de-los-adultos-mayores-6-scaled.jpg\",\"datePublished\":\"2026-01-22T03:03:00+00:00\",\"dateModified\":\"2026-01-22T05:06:59+00:00\",\"breadcrumb\":{\"@id\":\"https:\/\/lobosnews.com.ar\/index.php\/2026\/01\/22\/la-alimentacion-con-fibra-y-vitaminas-se-asocia-con-mejoras-en-la-memoria-de-los-adultos-mayores\/#breadcrumb\"},\"inLanguage\":\"es\",\"potentialAction\":[{\"@type\":\"ReadAction\",\"target\":[\"https:\/\/lobosnews.com.ar\/index.php\/2026\/01\/22\/la-alimentacion-con-fibra-y-vitaminas-se-asocia-con-mejoras-en-la-memoria-de-los-adultos-mayores\/\"]}]},{\"@type\":\"ImageObject\",\"inLanguage\":\"es\",\"@id\":\"https:\/\/lobosnews.com.ar\/index.php\/2026\/01\/22\/la-alimentacion-con-fibra-y-vitaminas-se-asocia-con-mejoras-en-la-memoria-de-los-adultos-mayores\/#primaryimage\",\"url\":\"https:\/\/lobosnews.com.ar\/wp-content\/uploads\/2026\/01\/la-alimentacion-con-fibra-y-vitaminas-se-asocia-con-mejoras-en-la-memoria-de-los-adultos-mayores-6-scaled.jpg\",\"contentUrl\":\"https:\/\/lobosnews.com.ar\/wp-content\/uploads\/2026\/01\/la-alimentacion-con-fibra-y-vitaminas-se-asocia-con-mejoras-en-la-memoria-de-los-adultos-mayores-6-scaled.jpg\",\"width\":2560,\"height\":1440,\"caption\":\"La alimentaci\u00f3n con fibra y vitaminas se asocia con mejoras en la memoria de los adultos mayores\"},{\"@type\":\"BreadcrumbList\",\"@id\":\"https:\/\/lobosnews.com.ar\/index.php\/2026\/01\/22\/la-alimentacion-con-fibra-y-vitaminas-se-asocia-con-mejoras-en-la-memoria-de-los-adultos-mayores\/#breadcrumb\",\"itemListElement\":[{\"@type\":\"ListItem\",\"position\":1,\"name\":\"Portada\",\"item\":\"https:\/\/lobosnews.com.ar\/\"},{\"@type\":\"ListItem\",\"position\":2,\"name\":\"La alimentaci\u00f3n con fibra y vitaminas se asocia con mejoras en la memoria de los adultos mayores\"}]},{\"@type\":\"WebSite\",\"@id\":\"https:\/\/lobosnews.com.ar\/#website\",\"url\":\"https:\/\/lobosnews.com.ar\/\",\"name\":\"Lobos News\",\"description\":\"Informaci\u00f3n a cada instante\",\"publisher\":{\"@id\":\"https:\/\/lobosnews.com.ar\/#organization\"},\"potentialAction\":[{\"@type\":\"SearchAction\",\"target\":{\"@type\":\"EntryPoint\",\"urlTemplate\":\"https:\/\/lobosnews.com.ar\/?s={search_term_string}\"},\"query-input\":{\"@type\":\"PropertyValueSpecification\",\"valueRequired\":true,\"valueName\":\"search_term_string\"}}],\"inLanguage\":\"es\"},{\"@type\":\"Organization\",\"@id\":\"https:\/\/lobosnews.com.ar\/#organization\",\"name\":\"Lobos News\",\"url\":\"https:\/\/lobosnews.com.ar\/\",\"logo\":{\"@type\":\"ImageObject\",\"inLanguage\":\"es\",\"@id\":\"https:\/\/lobosnews.com.ar\/#\/schema\/logo\/image\/\",\"url\":\"https:\/\/lobosnews.com.ar\/wp-content\/uploads\/2026\/01\/logo-lobosnews.png\",\"contentUrl\":\"https:\/\/lobosnews.com.ar\/wp-content\/uploads\/2026\/01\/logo-lobosnews.png\",\"width\":500,\"height\":200,\"caption\":\"Lobos News\"},\"image\":{\"@id\":\"https:\/\/lobosnews.com.ar\/#\/schema\/logo\/image\/\"}},{\"@type\":\"Person\",\"@id\":\"https:\/\/lobosnews.com.ar\/#\/schema\/person\/232422a593d5c541dd9aef6aaed10943\",\"name\":\"admin\",\"image\":{\"@type\":\"ImageObject\",\"inLanguage\":\"es\",\"@id\":\"https:\/\/lobosnews.com.ar\/#\/schema\/person\/image\/\",\"url\":\"https:\/\/secure.gravatar.com\/avatar\/76e419471a2083bc3ceab22a763dbbf9b0c1bd15a6214cf3280e2c2dde4580f9?s=96&d=mm&r=g\",\"contentUrl\":\"https:\/\/secure.gravatar.com\/avatar\/76e419471a2083bc3ceab22a763dbbf9b0c1bd15a6214cf3280e2c2dde4580f9?s=96&d=mm&r=g\",\"caption\":\"admin\"},\"sameAs\":[\"https:\/\/lobosnews.com.ar\"],\"url\":\"https:\/\/lobosnews.com.ar\/index.php\/author\/lobos-news\/\"}]}<\/script>\n<!-- \/ Yoast SEO plugin. -->","yoast_head_json":{"title":"La alimentaci\u00f3n con fibra y vitaminas se asocia con mejoras en la memoria de los adultos mayores - Lobos News","robots":{"index":"index","follow":"follow","max-snippet":"max-snippet:-1","max-image-preview":"max-image-preview:large","max-video-preview":"max-video-preview:-1"},"canonical":"https:\/\/lobosnews.com.ar\/index.php\/2026\/01\/22\/la-alimentacion-con-fibra-y-vitaminas-se-asocia-con-mejoras-en-la-memoria-de-los-adultos-mayores\/","og_locale":"es_ES","og_type":"article","og_title":"La alimentaci\u00f3n con fibra y vitaminas se asocia con mejoras en la memoria de los adultos mayores - Lobos News","og_description":"En los a\u00f1os recientes, cada vez m\u00e1s la b\u00fasqueda de estrategias para favorecer la salud cerebral y prevenir enfermedades neurodegenerativas pone el foco en la alimentaci\u00f3n. Un estudio publicado en la revista Nutrients, dirigido por Samitinjaya Dhakal de la Universidad Estatal de Dakota del Sur, identific\u00f3 una asociaci\u00f3n entre la ingesta adecuada de fibra diet\u00e9tica,...","og_url":"https:\/\/lobosnews.com.ar\/index.php\/2026\/01\/22\/la-alimentacion-con-fibra-y-vitaminas-se-asocia-con-mejoras-en-la-memoria-de-los-adultos-mayores\/","og_site_name":"Lobos News","article_published_time":"2026-01-22T03:03:00+00:00","article_modified_time":"2026-01-22T05:06:59+00:00","og_image":[{"url":"https:\/\/lobosnews.com.ar\/wp-content\/uploads\/2026\/01\/la-alimentacion-con-fibra-y-vitaminas-se-asocia-con-mejoras-en-la-memoria-de-los-adultos-mayores.jpg","type":"","width":"","height":""}],"author":"admin","twitter_card":"summary_large_image","twitter_misc":{"Escrito por":"admin","Tiempo de lectura":"3 minutos"},"schema":{"@context":"https:\/\/schema.org","@graph":[{"@type":"Article","@id":"https:\/\/lobosnews.com.ar\/index.php\/2026\/01\/22\/la-alimentacion-con-fibra-y-vitaminas-se-asocia-con-mejoras-en-la-memoria-de-los-adultos-mayores\/#article","isPartOf":{"@id":"https:\/\/lobosnews.com.ar\/index.php\/2026\/01\/22\/la-alimentacion-con-fibra-y-vitaminas-se-asocia-con-mejoras-en-la-memoria-de-los-adultos-mayores\/"},"author":{"name":"admin","@id":"https:\/\/lobosnews.com.ar\/#\/schema\/person\/232422a593d5c541dd9aef6aaed10943"},"headline":"La alimentaci\u00f3n con fibra y vitaminas se asocia con mejoras en la memoria de los adultos mayores","datePublished":"2026-01-22T03:03:00+00:00","dateModified":"2026-01-22T05:06:59+00:00","mainEntityOfPage":{"@id":"https:\/\/lobosnews.com.ar\/index.php\/2026\/01\/22\/la-alimentacion-con-fibra-y-vitaminas-se-asocia-con-mejoras-en-la-memoria-de-los-adultos-mayores\/"},"wordCount":687,"commentCount":0,"publisher":{"@id":"https:\/\/lobosnews.com.ar\/#organization"},"image":{"@id":"https:\/\/lobosnews.com.ar\/index.php\/2026\/01\/22\/la-alimentacion-con-fibra-y-vitaminas-se-asocia-con-mejoras-en-la-memoria-de-los-adultos-mayores\/#primaryimage"},"thumbnailUrl":"https:\/\/lobosnews.com.ar\/wp-content\/uploads\/2026\/01\/la-alimentacion-con-fibra-y-vitaminas-se-asocia-con-mejoras-en-la-memoria-de-los-adultos-mayores-6-scaled.jpg","articleSection":["Salud"],"inLanguage":"es","potentialAction":[{"@type":"CommentAction","name":"Comment","target":["https:\/\/lobosnews.com.ar\/index.php\/2026\/01\/22\/la-alimentacion-con-fibra-y-vitaminas-se-asocia-con-mejoras-en-la-memoria-de-los-adultos-mayores\/#respond"]}]},{"@type":"WebPage","@id":"https:\/\/lobosnews.com.ar\/index.php\/2026\/01\/22\/la-alimentacion-con-fibra-y-vitaminas-se-asocia-con-mejoras-en-la-memoria-de-los-adultos-mayores\/","url":"https:\/\/lobosnews.com.ar\/index.php\/2026\/01\/22\/la-alimentacion-con-fibra-y-vitaminas-se-asocia-con-mejoras-en-la-memoria-de-los-adultos-mayores\/","name":"La alimentaci\u00f3n con fibra y vitaminas se asocia con mejoras en la memoria de los adultos mayores - Lobos News","isPartOf":{"@id":"https:\/\/lobosnews.com.ar\/#website"},"primaryImageOfPage":{"@id":"https:\/\/lobosnews.com.ar\/index.php\/2026\/01\/22\/la-alimentacion-con-fibra-y-vitaminas-se-asocia-con-mejoras-en-la-memoria-de-los-adultos-mayores\/#primaryimage"},"image":{"@id":"https:\/\/lobosnews.com.ar\/index.php\/2026\/01\/22\/la-alimentacion-con-fibra-y-vitaminas-se-asocia-con-mejoras-en-la-memoria-de-los-adultos-mayores\/#primaryimage"},"thumbnailUrl":"https:\/\/lobosnews.com.ar\/wp-content\/uploads\/2026\/01\/la-alimentacion-con-fibra-y-vitaminas-se-asocia-con-mejoras-en-la-memoria-de-los-adultos-mayores-6-scaled.jpg","datePublished":"2026-01-22T03:03:00+00:00","dateModified":"2026-01-22T05:06:59+00:00","breadcrumb":{"@id":"https:\/\/lobosnews.com.ar\/index.php\/2026\/01\/22\/la-alimentacion-con-fibra-y-vitaminas-se-asocia-con-mejoras-en-la-memoria-de-los-adultos-mayores\/#breadcrumb"},"inLanguage":"es","potentialAction":[{"@type":"ReadAction","target":["https:\/\/lobosnews.com.ar\/index.php\/2026\/01\/22\/la-alimentacion-con-fibra-y-vitaminas-se-asocia-con-mejoras-en-la-memoria-de-los-adultos-mayores\/"]}]},{"@type":"ImageObject","inLanguage":"es","@id":"https:\/\/lobosnews.com.ar\/index.php\/2026\/01\/22\/la-alimentacion-con-fibra-y-vitaminas-se-asocia-con-mejoras-en-la-memoria-de-los-adultos-mayores\/#primaryimage","url":"https:\/\/lobosnews.com.ar\/wp-content\/uploads\/2026\/01\/la-alimentacion-con-fibra-y-vitaminas-se-asocia-con-mejoras-en-la-memoria-de-los-adultos-mayores-6-scaled.jpg","contentUrl":"https:\/\/lobosnews.com.ar\/wp-content\/uploads\/2026\/01\/la-alimentacion-con-fibra-y-vitaminas-se-asocia-con-mejoras-en-la-memoria-de-los-adultos-mayores-6-scaled.jpg","width":2560,"height":1440,"caption":"La alimentaci\u00f3n con fibra y vitaminas se asocia con mejoras en la memoria de los adultos mayores"},{"@type":"BreadcrumbList","@id":"https:\/\/lobosnews.com.ar\/index.php\/2026\/01\/22\/la-alimentacion-con-fibra-y-vitaminas-se-asocia-con-mejoras-en-la-memoria-de-los-adultos-mayores\/#breadcrumb","itemListElement":[{"@type":"ListItem","position":1,"name":"Portada","item":"https:\/\/lobosnews.com.ar\/"},{"@type":"ListItem","position":2,"name":"La alimentaci\u00f3n con fibra y vitaminas se asocia con mejoras en la memoria de los adultos mayores"}]},{"@type":"WebSite","@id":"https:\/\/lobosnews.com.ar\/#website","url":"https:\/\/lobosnews.com.ar\/","name":"Lobos News","description":"Informaci\u00f3n a cada instante","publisher":{"@id":"https:\/\/lobosnews.com.ar\/#organization"},"potentialAction":[{"@type":"SearchAction","target":{"@type":"EntryPoint","urlTemplate":"https:\/\/lobosnews.com.ar\/?s={search_term_string}"},"query-input":{"@type":"PropertyValueSpecification","valueRequired":true,"valueName":"search_term_string"}}],"inLanguage":"es"},{"@type":"Organization","@id":"https:\/\/lobosnews.com.ar\/#organization","name":"Lobos News","url":"https:\/\/lobosnews.com.ar\/","logo":{"@type":"ImageObject","inLanguage":"es","@id":"https:\/\/lobosnews.com.ar\/#\/schema\/logo\/image\/","url":"https:\/\/lobosnews.com.ar\/wp-content\/uploads\/2026\/01\/logo-lobosnews.png","contentUrl":"https:\/\/lobosnews.com.ar\/wp-content\/uploads\/2026\/01\/logo-lobosnews.png","width":500,"height":200,"caption":"Lobos News"},"image":{"@id":"https:\/\/lobosnews.com.ar\/#\/schema\/logo\/image\/"}},{"@type":"Person","@id":"https:\/\/lobosnews.com.ar\/#\/schema\/person\/232422a593d5c541dd9aef6aaed10943","name":"admin","image":{"@type":"ImageObject","inLanguage":"es","@id":"https:\/\/lobosnews.com.ar\/#\/schema\/person\/image\/","url":"https:\/\/secure.gravatar.com\/avatar\/76e419471a2083bc3ceab22a763dbbf9b0c1bd15a6214cf3280e2c2dde4580f9?s=96&d=mm&r=g","contentUrl":"https:\/\/secure.gravatar.com\/avatar\/76e419471a2083bc3ceab22a763dbbf9b0c1bd15a6214cf3280e2c2dde4580f9?s=96&d=mm&r=g","caption":"admin"},"sameAs":["https:\/\/lobosnews.com.ar"],"url":"https:\/\/lobosnews.com.ar\/index.php\/author\/lobos-news\/"}]}},"jetpack_featured_media_url":"https:\/\/lobosnews.com.ar\/wp-content\/uploads\/2026\/01\/la-alimentacion-con-fibra-y-vitaminas-se-asocia-con-mejoras-en-la-memoria-de-los-adultos-mayores-6-scaled.jpg","jetpack_sharing_enabled":true,"_links":{"self":[{"href":"https:\/\/lobosnews.com.ar\/index.php\/wp-json\/wp\/v2\/posts\/9912","targetHints":{"allow":["GET"]}}],"collection":[{"href":"https:\/\/lobosnews.com.ar\/index.php\/wp-json\/wp\/v2\/posts"}],"about":[{"href":"https:\/\/lobosnews.com.ar\/index.php\/wp-json\/wp\/v2\/types\/post"}],"author":[{"embeddable":true,"href":"https:\/\/lobosnews.com.ar\/index.php\/wp-json\/wp\/v2\/users\/1"}],"replies":[{"embeddable":true,"href":"https:\/\/lobosnews.com.ar\/index.php\/wp-json\/wp\/v2\/comments?post=9912"}],"version-history":[{"count":1,"href":"https:\/\/lobosnews.com.ar\/index.php\/wp-json\/wp\/v2\/posts\/9912\/revisions"}],"predecessor-version":[{"id":9917,"href":"https:\/\/lobosnews.com.ar\/index.php\/wp-json\/wp\/v2\/posts\/9912\/revisions\/9917"}],"wp:featuredmedia":[{"embeddable":true,"href":"https:\/\/lobosnews.com.ar\/index.php\/wp-json\/wp\/v2\/media\/9918"}],"wp:attachment":[{"href":"https:\/\/lobosnews.com.ar\/index.php\/wp-json\/wp\/v2\/media?parent=9912"}],"wp:term":[{"taxonomy":"category","embeddable":true,"href":"https:\/\/lobosnews.com.ar\/index.php\/wp-json\/wp\/v2\/categories?post=9912"},{"taxonomy":"post_tag","embeddable":true,"href":"https:\/\/lobosnews.com.ar\/index.php\/wp-json\/wp\/v2\/tags?post=9912"}],"curies":[{"name":"wp","href":"https:\/\/api.w.org\/{rel}","templated":true}]}}