{"id":9887,"date":"2026-01-22T04:49:31","date_gmt":"2026-01-22T04:49:31","guid":{"rendered":"https:\/\/lobosnews.com.ar\/index.php\/2026\/01\/22\/pablo-alarcon-y-claribel-medina-celebran-en-carlos-paz-un-regreso-compartido-el-escenario-es-sanador\/"},"modified":"2026-01-22T05:03:09","modified_gmt":"2026-01-22T05:03:09","slug":"pablo-alarcon-y-claribel-medina-celebran-en-carlos-paz-un-regreso-compartido-el-escenario-es-sanador","status":"publish","type":"post","link":"https:\/\/lobosnews.com.ar\/index.php\/2026\/01\/22\/pablo-alarcon-y-claribel-medina-celebran-en-carlos-paz-un-regreso-compartido-el-escenario-es-sanador\/","title":{"rendered":"Pablo Alarc\u00f3n y Claribel Medina celebran en Carlos Paz un regreso compartido: \u201cEl escenario es sanador\u201d"},"content":{"rendered":"<p>Hay trayectorias que se renuevan en cada desaf\u00edo y artistas que, m\u00e1s all\u00e1 de los a\u00f1os y las adversidades, nunca pierden la pasi\u00f3n por aquello que los define: el escenario. <span class=\"waslinkname\"><b>Pablo Alarc\u00f3n <\/b><\/span>y<b> <\/b><span class=\"waslinkname\"><b>Claribel Medina<\/b><\/span><b> <\/b>construyeron una historia de vida juntos, compartieron el amor, dos hijas y caminos que se bifurcaron lejos de la mirada p\u00fablica. M\u00e1s de treinta a\u00f1os despu\u00e9s de su \u00faltima vez sobre las tablas, el destino los reuni\u00f3 una vez m\u00e1s. Desde mayo pasado, l<span class=\"waslinkname\">a dupla volvi\u00f3 a brillar en escena con <i><b>Es Complicado<\/b><\/i><\/span>, <b>y hoy, bajo el sol y el clima festivo de las sierras cordobesas, celebran su llegada a la temporada teatral de Carlos Paz<\/b>.<\/p>\n<p>En charla con <b>Teleshow<\/b>, <b>la dupla repas\u00f3 no solo su experiencia en la ciudad tur\u00edstica m\u00e1s popular de C\u00f3rdoba<\/b>, sino tambi\u00e9n el recorrido que llevan desde que apostaron por este proyecto. <i>Es Complicado <\/i>es una comedia escrita y dirigida por Ernesto Medela que, aunque no fue concebida especialmente para ellos, resuena en su propia historia: habla de los v\u00ednculos que quedan despu\u00e9s del amor, de las cicatrices y de la posibilidad de transformar una separaci\u00f3n en otra forma de relaci\u00f3n. Actualmente, <b>comparten esta trama con el p\u00fablico cordob\u00e9s cada martes en el Teatro Holiday de Carlos Paz <\/b>y los viernes en el Teatro Llave de la capital provincial, donde noche a noche cosechan risas y emociones.<\/p>\n<p>\u2014<b>\u00bfC\u00f3mo se sienten al formar parte de esta nueva temporada teatral en Carlos Paz? <\/b><\/p>\n<p>\u2014<b>Claribel Medina<\/b>: <b>Espectacular, en especial porque la ciudad tiene mucho encanto<\/b>. Primero, porque estamos rodeados de sierras y verdaderamente cada paisaje que viv\u00eds y cada localidad a la que vas, tambi\u00e9n <b>la gente est\u00e1 a disposici\u00f3n de disfrutar del teatro, de paseo, de vacaciones<\/b>. La energ\u00eda est\u00e1 puesta como en otra cosa, en el disfrutar. Entonces, nos pasa eso. Los dos lugares m\u00e1s bellos que tiene la Argentina: la enorme ciudad de Mar del Plata con tanto teatro, pero Villa Carlos Paz es otra opci\u00f3n imperdible para hacerlo, como C\u00f3rdoba capital y todas sus localidades.<\/p>\n<p>\u2014<b>Pablo Alarc\u00f3n<\/b>: S\u00ed, coincido. Adem\u00e1s, <b>C\u00f3rdoba es una provincia que yo particularmente amo, me encanta<\/b>. La naturaleza, la forma de vida que tienen, que es absolutamente diferente a la de la capital.<b> As\u00ed que estoy trabajando mucho, mucho, mucho, pero tambi\u00e9n disfrutando mucho<\/b>. <\/p>\n<p><img fetchpriority=\"high\" decoding=\"async\" src=\"https:\/\/lobosnews.com.ar\/wp-content\/uploads\/2026\/01\/pablo-alarcon-y-claribel-medina-celebran-en-carlos-paz-un-regreso-compartido-el-escenario-es-sanador.jpg\" alt=\"La dupla, que desde mayo pasado protagoniza Es Complicado, traslad\u00f3 su obra a la popular ciudad cordobesa (Cr\u00e9dito: Gentileza de Alcaza Agencia)\" height=\"1600\" width=\"900\"\/><\/p>\n<p>\u2014<b>\u00bfQu\u00e9 los hizo decidirse por llevar su obra a Carlos Paz en lugar de Mar del Plata <\/b><\/p>\n<p>\u2014<b> Medina<\/b>: <b>Es un lugar muy lindo para venir a hacer teatro. Tal vez no te pod\u00e9s acercar al r\u00edo todos los d\u00edas, porque vamos a trabajar, pero nos da la posibilidad de recorrer un poco<\/b>. Por ejemplo, visitamos Alta Gracia, y conocimos una estancia jesuita muy bella. Entonces, vas aprendiendo de cada localidad las cosas hermosas que tienen y su historia. As\u00ed que lo estamos disfrutando.<\/p>\n<p>\u2014<b>Alarc\u00f3n<\/b>: Adem\u00e1s, <b>tuvo que ver un poco con nuestro productor, Dami\u00e1n Sequeira. \u00c9l ama mucho C\u00f3rdoba, conoce mucho la zona<\/b> y ha estado muchas temporadas de verano. Si bien estamos fijos todos los viernes en C\u00f3rdoba capital, en La Llave, y todos los martes en el Holiday en Villa Carlos Paz, el resto es por todas localidades donde ya hemos trabajado much\u00edsimo y \u00e9l tambi\u00e9n.<\/p>\n<p>\u2014<b>\u00bfC\u00f3mo describir\u00edan la obra y la experiencia de llevarla al p\u00fablico cordob\u00e9s? <\/b><\/p>\n<p>\u2014<b> Medina<\/b>: Cuando se hace gira es un crecimiento enorme para todo el equipo, para los que est\u00e1n atr\u00e1s del escenario y para los que estamos adelante. As\u00ed que <b>te obliga a estar muy atento con todo para hacer que la obra sea lo mejor posible <\/b>para ese p\u00fablico que vino a verla.<\/p>\n<p>\u2014<b>Alarc\u00f3n<\/b>: <b>La obra es muy graciosa, es linda, tiene su mensaje, habla de la reconciliaci\u00f3n<\/b>. Yo le pondr\u00eda un subt\u00edtulo: \u201cLa reconciliaci\u00f3n es complicada, pero se puede\u201d. Tendr\u00eda que tener un t\u00edtulo, pero es una comedia, comedia, comedia. En esta ocasi\u00f3n, <b>fue un aprendizaje llevarla a Carlos Paz, en especial porque uno vive una adaptaci\u00f3n constante al espacio y a quienes se dirige<\/b>.<\/p>\n<p><img loading=\"lazy\" decoding=\"async\" src=\"https:\/\/lobosnews.com.ar\/wp-content\/uploads\/2026\/01\/pablo-alarcon-y-claribel-medina-celebran-en-carlos-paz-un-regreso-compartido-el-escenario-es-sanador-1.jpg\" alt=\"\"Volver a subir al escenario fue una elecci\u00f3n nuestra\", asegura Medina, quien se sube a las tablas con su expareja y padre de sus hijas\" height=\"1600\" width=\"900\"\/><\/p>\n<p>\u2014<b>\u00bfY creen que este proyecto marc\u00f3 un antes y un despu\u00e9s en su relaci\u00f3n? <\/b><\/p>\n<p>\u2014<b>Medina<\/b>: <b>Por supuesto<\/b>. Luego de m\u00e1s de dos d\u00e9cadas en que no trabajamos juntos,<b> volver a subir al escenario fue una elecci\u00f3n nuestra<\/b>. Entonces, en ese sentido, es como una suma de cosas hermosas, porque <b>vos dec\u00eds: \u2018A ver, \u00bfqui\u00e9n es esta persona que yo me vuelvo a encontrar 27 a\u00f1os despu\u00e9s en el escenario?\u2019<\/b>. Y es como reafirmar que s\u00ed, que segu\u00eds siendo la misma persona con un mont\u00f3n de bagaje atr\u00e1s tuyo, de todo lo que viviste durante todos estos a\u00f1os, ya no sos tan joven, entonces ya est\u00e1s como en otra edad siendo la misma persona. Y <b>es muy lindo eso, es muy enriquecedor<\/b>.<\/p>\n<p>\u2014<b>Alarc\u00f3n<\/b>: S\u00ed. Despu\u00e9s de un gran amor, el nacimiento de nuestras hijas, una separaci\u00f3n dolorosa, <b>se dio una reafirmaci\u00f3n de nuestra relaci\u00f3n y de nuestra amistad y de nuestro cari\u00f1o<\/b>. <\/p>\n<p><b>\u2014En medio de todo este \u00e9xito, <\/b><span class=\"waslinkname\"><b>vivieron la descompensaci\u00f3n de Pablo<\/b><\/span><b> en julio. \u00bfC\u00f3mo atravesaron ese momento a nivel familiar y laboral? <\/b><\/p>\n<p>\u2014<b>Alarc\u00f3n<\/b>: S\u00ed, a m\u00ed particularmente me encontr\u00f3 internado (r\u00ede), pero gracias a Dios y gracias a la Obra Social de Actores y gracias a la Cl\u00ednica IMAC y gracias al Hospital Fern\u00e1ndez y a todos los m\u00e9dicos que me atendieron y a Jos\u00e9 Arrieta, que me oper\u00f3 y <b>tantos otros que me cuidaron, estoy vivito y coleando<\/b>.<\/p>\n<p> \u2014<b>Medina<\/b>: <b>\u00c9l fue el que puso el cuerpo, obviamente, y es una persona que va para adelante y es absolutamente optimist<\/b>a. Entonces, <b>era Pablo quien manten\u00eda como la calma dentro de todo esto<\/b>. El trabajo despu\u00e9s sigui\u00f3 y volvimos a retomar con esa pausa que tuvimos.<\/p>\n<p><img loading=\"lazy\" decoding=\"async\" src=\"https:\/\/lobosnews.com.ar\/wp-content\/uploads\/2026\/01\/pablo-alarcon-y-claribel-medina-celebran-en-carlos-paz-un-regreso-compartido-el-escenario-es-sanador-2.jpg\" alt=\"La dupla, tanto arriba como lejos del escenario, combina su talento y humor para contar una historia de reconciliaci\u00f3n\" height=\"1600\" width=\"900\"\/><\/p>\n<p>\u2014<b>\u00bfPensaron en alg\u00fan momento ponerle pausa por completo al proyecto despu\u00e9s de este susto? <\/b><\/p>\n<p>\u2014<b>Medina<\/b>: <b>No, para nada, porque el escenario es sanador y salva<\/b>. As\u00ed que el escenario para los actores es como m\u00e1gico.<\/p>\n<p>\u2014 <b>Alarc\u00f3n<\/b>: No, nunca estuvo en nuestros planes.<\/p>\n<p>\u2014<b>\u00bfSienten que el p\u00fablico cordob\u00e9s tiene algo diferente al resto del pa\u00eds?<\/b><\/p>\n<p>\u2014<b>Medina<\/b>: <b>El p\u00fablico cordob\u00e9s es un p\u00fablico dif\u00edcil<\/b>, en especial porque C\u00f3rdoba es una ciudad que tiene grandes actores, tiene mucho humor, tanto en la m\u00fasica como en el trabajo arriba del escenario teatral. <b>Tambi\u00e9n es muy divertido, en especial con la din\u00e1mica que tienen en la obra, que la gente te contesta<\/b>, que vos hac\u00e9s una pregunta y el p\u00fablico contesta u opina sobre lo que est\u00e1 sucediendo arriba del escenario en voz alta.<b> Eso realmente es muy fascinante<\/b>. <\/p>\n<p>\u2014<b>Alarc\u00f3n<\/b>: S\u00ed, el p\u00fablico cordob\u00e9s <b>es muy diferente al de Mar del Plata. \u00bfSab\u00e9s en qu\u00e9 lo noto? En la forma de re\u00edrse. Tiene una risa m\u00e1s abierta, m\u00e1s contundente<\/b>. Y, por otro lado,<b> tambi\u00e9n se deja llevar por las emociones<\/b>, porque la obra tiene momentos de ternura, de drama y de reflexi\u00f3n. Y yo s\u00ed noto, le escucho alg\u00fan llantito por ah\u00ed. Incluso te digo, nos hablan. Es genial.<\/p>\n<p><img loading=\"lazy\" decoding=\"async\" src=\"https:\/\/lobosnews.com.ar\/wp-content\/uploads\/2026\/01\/pablo-alarcon-y-claribel-medina-celebran-en-carlos-paz-un-regreso-compartido-el-escenario-es-sanador-3.jpg\" alt=\"En la popular ciudad de Carlos Paz, Claribel y Pablo deleitan al p\u00fablico con su propuesta\" height=\"1242\" width=\"1079\"\/><\/p>\n<p>\u2014<b>\u00bfQu\u00e9 es lo que m\u00e1s les gusta, hoy en d\u00eda, de trabajar juntos? <\/b><\/p>\n<p>\u2014<b>Medina<\/b>:<b> El juego, que es algo muy hermoso, que llevamos adelante en el escenario. Nosotros tenemos una profesi\u00f3n \u00fanica que te lo permite<\/b>. Adem\u00e1s, el esfuerzo que realizamos, porque las giras requieren de mucho de eso. <b>Es un trabajo fuerte en equipo<\/b> y ambos estamos siempre muy atentos. Eso hace que el trabajo sea pleno y que tambi\u00e9n salga como tiene que ser profesionalmente para efectos del p\u00fablico.<\/p>\n<p>\u2014<b>Alarc\u00f3n<\/b>: Yo rescato que<b> Claribel es una excelente actriz, es una gran comediante y me r\u00edo, me gusta lo que hace, me causa gracia<\/b>, a veces hasta me tiento con lo que hace. Es una profesional seria, aplicada, ocupada del trabajo. El cansancio en ella no existe cuando empieza la obra y la energ\u00eda que tiene siempre es la misma.<\/p>\n<p>\u2014<b>\u00bfQu\u00e9 creen que el p\u00fablico cordob\u00e9s se lleva de cada funci\u00f3n? <\/b><\/p>\n<p>\u2014<b>Medina<\/b>: Creo que, luego de ver la obra, se lleva ambas cosas:<b> la reflexi\u00f3n, la risa y la alegr\u00eda de haber visto un espect\u00e1culo donde los actores le entregaron lo mejor que pod\u00edan<\/b>. <\/p>\n<p><img loading=\"lazy\" decoding=\"async\" src=\"https:\/\/lobosnews.com.ar\/wp-content\/uploads\/2026\/01\/pablo-alarcon-y-claribel-medina-celebran-en-carlos-paz-un-regreso-compartido-el-escenario-es-sanador-4.jpg\" alt=\"\"El p\u00fablico ve nuestra historia\", destaca Alarc\u00f3n al reflexionar lo que se lleva el p\u00fablico cordob\u00e9s luego de verlos en escena (Cr\u00e9dito: Gentileza de Alcaza Agencia)\" height=\"1600\" width=\"900\"\/><\/p>\n<p>\u2014<b>Alarc\u00f3n<\/b>: Si bien la obra es buena, <b>nosotros le hemos agregado muchas cosas que son autorreferenciales. Con transparencia, el p\u00fablico ve nuestra historia<\/b>.<\/p>\n<p>\u2014Si bien el 2026 reci\u00e9n empieza, <b>\u00bfplanean seguir con esta obra<\/b> <b>\u00bfTienen otros proyectos en conjunto o individuales que esperan poder anunciar pronto? <\/b><\/p>\n<p>\u2014<b>Medina<\/b>: Se ver\u00e1. Por ahora, <b>esta obra pensamos seguirla porque tiene para largo<\/b>. Ya estuvimos de gira el a\u00f1o pasado, pero es un pa\u00eds enorme y todav\u00eda nos faltan much\u00edsimos lugares donde la gente quiere que sea llevada y el productor tambi\u00e9n. Y s\u00ed, tenemos ofertas para ver, pero por lo pronto nos abocamos a esto. <\/p>\n<p>\u2014<b>Alarc\u00f3n<\/b>: S\u00ed, coincido. Exactamente.<b> Es altamente posible que sigamos. \u00bfCu\u00e1nto tiempo? No lo s\u00e9. Pero yo conozco obras que estuvieron a\u00f1os<\/b>, incluso yo mismo hice una obra que estuve dos d\u00e9cadas haci\u00e9ndola. Creo que va para largo. Tengo otras ofertas, pero me interesa seguir con esta obra porque todav\u00eda tiene sentido hacerla.<\/p>\n<p><i><b>Fotos: Gentileza de Alcaza Agencia<\/b><\/i>.<\/p>\n","protected":false},"excerpt":{"rendered":"<p>Hay trayectorias que se renuevan en cada desaf\u00edo y artistas que, m\u00e1s all\u00e1 de los a\u00f1os y las adversidades, nunca pierden la pasi\u00f3n por aquello que los define: el escenario. Pablo Alarc\u00f3n y Claribel Medina construyeron una historia de vida juntos, compartieron el amor, dos hijas y caminos que se bifurcaron lejos de la mirada&#8230;<\/p>\n","protected":false},"author":1,"featured_media":9894,"comment_status":"open","ping_status":"closed","sticky":false,"template":"","format":"standard","meta":{"_jetpack_memberships_contains_paid_content":false,"footnotes":""},"categories":[79],"tags":[],"class_list":["post-9887","post","type-post","status-publish","format-standard","has-post-thumbnail","hentry","category-cine-y-series"],"magazineBlocksPostFeaturedMedia":{"thumbnail":"https:\/\/lobosnews.com.ar\/wp-content\/uploads\/2026\/01\/pablo-alarcon-y-claribel-medina-celebran-en-carlos-paz-un-regreso-compartido-el-escenario-es-sanador-8-150x150.jpg","medium":"https:\/\/lobosnews.com.ar\/wp-content\/uploads\/2026\/01\/pablo-alarcon-y-claribel-medina-celebran-en-carlos-paz-un-regreso-compartido-el-escenario-es-sanador-8-169x300.jpg","medium_large":"https:\/\/lobosnews.com.ar\/wp-content\/uploads\/2026\/01\/pablo-alarcon-y-claribel-medina-celebran-en-carlos-paz-un-regreso-compartido-el-escenario-es-sanador-8-768x1365.jpg","large":"https:\/\/lobosnews.com.ar\/wp-content\/uploads\/2026\/01\/pablo-alarcon-y-claribel-medina-celebran-en-carlos-paz-un-regreso-compartido-el-escenario-es-sanador-8-576x1024.jpg","1536x1536":"https:\/\/lobosnews.com.ar\/wp-content\/uploads\/2026\/01\/pablo-alarcon-y-claribel-medina-celebran-en-carlos-paz-un-regreso-compartido-el-escenario-es-sanador-8-864x1536.jpg","2048x2048":"https:\/\/lobosnews.com.ar\/wp-content\/uploads\/2026\/01\/pablo-alarcon-y-claribel-medina-celebran-en-carlos-paz-un-regreso-compartido-el-escenario-es-sanador-8.jpg","newsmatic-featured":"https:\/\/lobosnews.com.ar\/wp-content\/uploads\/2026\/01\/pablo-alarcon-y-claribel-medina-celebran-en-carlos-paz-un-regreso-compartido-el-escenario-es-sanador-8-820x545.jpg","newsmatic-list":"https:\/\/lobosnews.com.ar\/wp-content\/uploads\/2026\/01\/pablo-alarcon-y-claribel-medina-celebran-en-carlos-paz-un-regreso-compartido-el-escenario-es-sanador-8-600x400.jpg","newsmatic-thumb":"https:\/\/lobosnews.com.ar\/wp-content\/uploads\/2026\/01\/pablo-alarcon-y-claribel-medina-celebran-en-carlos-paz-un-regreso-compartido-el-escenario-es-sanador-8-300x200.jpg","newsmatic-small":"https:\/\/lobosnews.com.ar\/wp-content\/uploads\/2026\/01\/pablo-alarcon-y-claribel-medina-celebran-en-carlos-paz-un-regreso-compartido-el-escenario-es-sanador-8-150x95.jpg","newsmatic-grid":"https:\/\/lobosnews.com.ar\/wp-content\/uploads\/2026\/01\/pablo-alarcon-y-claribel-medina-celebran-en-carlos-paz-un-regreso-compartido-el-escenario-es-sanador-8-400x250.jpg"},"magazineBlocksPostAuthor":{"name":"admin","avatar":"https:\/\/secure.gravatar.com\/avatar\/76e419471a2083bc3ceab22a763dbbf9b0c1bd15a6214cf3280e2c2dde4580f9?s=96&d=mm&r=g"},"magazineBlocksPostCommentsNumber":"0","magazineBlocksPostExcerpt":"Hay trayectorias que se renuevan en cada desaf\u00edo y artistas que, m\u00e1s all\u00e1 de los a\u00f1os y las adversidades, nunca pierden la pasi\u00f3n por aquello que los define: el escenario. Pablo Alarc\u00f3n y Claribel Medina construyeron una historia de vida juntos, compartieron el amor, dos hijas y caminos que se bifurcaron lejos de la mirada...","magazineBlocksPostCategories":["Cine y Series"],"magazineBlocksPostViewCount":192,"magazineBlocksPostReadTime":9,"magazine_blocks_featured_image_url":{"full":["https:\/\/lobosnews.com.ar\/wp-content\/uploads\/2026\/01\/pablo-alarcon-y-claribel-medina-celebran-en-carlos-paz-un-regreso-compartido-el-escenario-es-sanador-8.jpg",900,1600,false],"medium":["https:\/\/lobosnews.com.ar\/wp-content\/uploads\/2026\/01\/pablo-alarcon-y-claribel-medina-celebran-en-carlos-paz-un-regreso-compartido-el-escenario-es-sanador-8-169x300.jpg",169,300,true],"thumbnail":["https:\/\/lobosnews.com.ar\/wp-content\/uploads\/2026\/01\/pablo-alarcon-y-claribel-medina-celebran-en-carlos-paz-un-regreso-compartido-el-escenario-es-sanador-8-150x150.jpg",150,150,true]},"magazine_blocks_author":{"display_name":"admin","author_link":"https:\/\/lobosnews.com.ar\/index.php\/author\/lobos-news\/"},"magazine_blocks_comment":0,"magazine_blocks_author_image":"https:\/\/secure.gravatar.com\/avatar\/76e419471a2083bc3ceab22a763dbbf9b0c1bd15a6214cf3280e2c2dde4580f9?s=96&d=mm&r=g","magazine_blocks_category":"<a href=\"#\" class=\"category-link category-link-79\">Cine y Series<\/a>","yoast_head":"<!-- This site is optimized with the Yoast SEO plugin v26.6 - https:\/\/yoast.com\/wordpress\/plugins\/seo\/ -->\n<title>Pablo Alarc\u00f3n y Claribel Medina celebran en Carlos Paz un regreso compartido: \u201cEl escenario es sanador\u201d - Lobos News<\/title>\n<meta name=\"robots\" content=\"index, follow, max-snippet:-1, max-image-preview:large, max-video-preview:-1\" \/>\n<link rel=\"canonical\" href=\"https:\/\/lobosnews.com.ar\/index.php\/2026\/01\/22\/pablo-alarcon-y-claribel-medina-celebran-en-carlos-paz-un-regreso-compartido-el-escenario-es-sanador\/\" \/>\n<meta property=\"og:locale\" content=\"es_ES\" \/>\n<meta property=\"og:type\" content=\"article\" \/>\n<meta property=\"og:title\" content=\"Pablo Alarc\u00f3n y Claribel Medina celebran en Carlos Paz un regreso compartido: \u201cEl escenario es sanador\u201d - Lobos News\" \/>\n<meta property=\"og:description\" content=\"Hay trayectorias que se renuevan en cada desaf\u00edo y artistas que, m\u00e1s all\u00e1 de los a\u00f1os y las adversidades, nunca pierden la pasi\u00f3n por aquello que los define: el escenario. Pablo Alarc\u00f3n y Claribel Medina construyeron una historia de vida juntos, compartieron el amor, dos hijas y caminos que se bifurcaron lejos de la mirada...\" \/>\n<meta property=\"og:url\" content=\"https:\/\/lobosnews.com.ar\/index.php\/2026\/01\/22\/pablo-alarcon-y-claribel-medina-celebran-en-carlos-paz-un-regreso-compartido-el-escenario-es-sanador\/\" \/>\n<meta property=\"og:site_name\" content=\"Lobos News\" \/>\n<meta property=\"article:published_time\" content=\"2026-01-22T04:49:31+00:00\" \/>\n<meta property=\"article:modified_time\" content=\"2026-01-22T05:03:09+00:00\" \/>\n<meta property=\"og:image\" content=\"https:\/\/lobosnews.com.ar\/wp-content\/uploads\/2026\/01\/pablo-alarcon-y-claribel-medina-celebran-en-carlos-paz-un-regreso-compartido-el-escenario-es-sanador.jpg\" \/>\n<meta name=\"author\" content=\"admin\" \/>\n<meta name=\"twitter:card\" content=\"summary_large_image\" \/>\n<meta name=\"twitter:label1\" content=\"Escrito por\" \/>\n\t<meta name=\"twitter:data1\" content=\"admin\" \/>\n\t<meta name=\"twitter:label2\" content=\"Tiempo de lectura\" \/>\n\t<meta name=\"twitter:data2\" content=\"8 minutos\" \/>\n<script type=\"application\/ld+json\" class=\"yoast-schema-graph\">{\"@context\":\"https:\/\/schema.org\",\"@graph\":[{\"@type\":\"Article\",\"@id\":\"https:\/\/lobosnews.com.ar\/index.php\/2026\/01\/22\/pablo-alarcon-y-claribel-medina-celebran-en-carlos-paz-un-regreso-compartido-el-escenario-es-sanador\/#article\",\"isPartOf\":{\"@id\":\"https:\/\/lobosnews.com.ar\/index.php\/2026\/01\/22\/pablo-alarcon-y-claribel-medina-celebran-en-carlos-paz-un-regreso-compartido-el-escenario-es-sanador\/\"},\"author\":{\"name\":\"admin\",\"@id\":\"https:\/\/lobosnews.com.ar\/#\/schema\/person\/232422a593d5c541dd9aef6aaed10943\"},\"headline\":\"Pablo Alarc\u00f3n y Claribel Medina celebran en Carlos Paz un regreso compartido: \u201cEl escenario es sanador\u201d\",\"datePublished\":\"2026-01-22T04:49:31+00:00\",\"dateModified\":\"2026-01-22T05:03:09+00:00\",\"mainEntityOfPage\":{\"@id\":\"https:\/\/lobosnews.com.ar\/index.php\/2026\/01\/22\/pablo-alarcon-y-claribel-medina-celebran-en-carlos-paz-un-regreso-compartido-el-escenario-es-sanador\/\"},\"wordCount\":1637,\"commentCount\":0,\"publisher\":{\"@id\":\"https:\/\/lobosnews.com.ar\/#organization\"},\"image\":{\"@id\":\"https:\/\/lobosnews.com.ar\/index.php\/2026\/01\/22\/pablo-alarcon-y-claribel-medina-celebran-en-carlos-paz-un-regreso-compartido-el-escenario-es-sanador\/#primaryimage\"},\"thumbnailUrl\":\"https:\/\/lobosnews.com.ar\/wp-content\/uploads\/2026\/01\/pablo-alarcon-y-claribel-medina-celebran-en-carlos-paz-un-regreso-compartido-el-escenario-es-sanador-8.jpg\",\"articleSection\":[\"Cine y Series\"],\"inLanguage\":\"es\",\"potentialAction\":[{\"@type\":\"CommentAction\",\"name\":\"Comment\",\"target\":[\"https:\/\/lobosnews.com.ar\/index.php\/2026\/01\/22\/pablo-alarcon-y-claribel-medina-celebran-en-carlos-paz-un-regreso-compartido-el-escenario-es-sanador\/#respond\"]}]},{\"@type\":\"WebPage\",\"@id\":\"https:\/\/lobosnews.com.ar\/index.php\/2026\/01\/22\/pablo-alarcon-y-claribel-medina-celebran-en-carlos-paz-un-regreso-compartido-el-escenario-es-sanador\/\",\"url\":\"https:\/\/lobosnews.com.ar\/index.php\/2026\/01\/22\/pablo-alarcon-y-claribel-medina-celebran-en-carlos-paz-un-regreso-compartido-el-escenario-es-sanador\/\",\"name\":\"Pablo Alarc\u00f3n y Claribel Medina celebran en Carlos Paz un regreso compartido: \u201cEl escenario es sanador\u201d - Lobos News\",\"isPartOf\":{\"@id\":\"https:\/\/lobosnews.com.ar\/#website\"},\"primaryImageOfPage\":{\"@id\":\"https:\/\/lobosnews.com.ar\/index.php\/2026\/01\/22\/pablo-alarcon-y-claribel-medina-celebran-en-carlos-paz-un-regreso-compartido-el-escenario-es-sanador\/#primaryimage\"},\"image\":{\"@id\":\"https:\/\/lobosnews.com.ar\/index.php\/2026\/01\/22\/pablo-alarcon-y-claribel-medina-celebran-en-carlos-paz-un-regreso-compartido-el-escenario-es-sanador\/#primaryimage\"},\"thumbnailUrl\":\"https:\/\/lobosnews.com.ar\/wp-content\/uploads\/2026\/01\/pablo-alarcon-y-claribel-medina-celebran-en-carlos-paz-un-regreso-compartido-el-escenario-es-sanador-8.jpg\",\"datePublished\":\"2026-01-22T04:49:31+00:00\",\"dateModified\":\"2026-01-22T05:03:09+00:00\",\"breadcrumb\":{\"@id\":\"https:\/\/lobosnews.com.ar\/index.php\/2026\/01\/22\/pablo-alarcon-y-claribel-medina-celebran-en-carlos-paz-un-regreso-compartido-el-escenario-es-sanador\/#breadcrumb\"},\"inLanguage\":\"es\",\"potentialAction\":[{\"@type\":\"ReadAction\",\"target\":[\"https:\/\/lobosnews.com.ar\/index.php\/2026\/01\/22\/pablo-alarcon-y-claribel-medina-celebran-en-carlos-paz-un-regreso-compartido-el-escenario-es-sanador\/\"]}]},{\"@type\":\"ImageObject\",\"inLanguage\":\"es\",\"@id\":\"https:\/\/lobosnews.com.ar\/index.php\/2026\/01\/22\/pablo-alarcon-y-claribel-medina-celebran-en-carlos-paz-un-regreso-compartido-el-escenario-es-sanador\/#primaryimage\",\"url\":\"https:\/\/lobosnews.com.ar\/wp-content\/uploads\/2026\/01\/pablo-alarcon-y-claribel-medina-celebran-en-carlos-paz-un-regreso-compartido-el-escenario-es-sanador-8.jpg\",\"contentUrl\":\"https:\/\/lobosnews.com.ar\/wp-content\/uploads\/2026\/01\/pablo-alarcon-y-claribel-medina-celebran-en-carlos-paz-un-regreso-compartido-el-escenario-es-sanador-8.jpg\",\"width\":900,\"height\":1600,\"caption\":\"Pablo Alarc\u00f3n y Claribel Medina celebran en Carlos Paz un regreso compartido: \u201cEl escenario es sanador\u201d\"},{\"@type\":\"BreadcrumbList\",\"@id\":\"https:\/\/lobosnews.com.ar\/index.php\/2026\/01\/22\/pablo-alarcon-y-claribel-medina-celebran-en-carlos-paz-un-regreso-compartido-el-escenario-es-sanador\/#breadcrumb\",\"itemListElement\":[{\"@type\":\"ListItem\",\"position\":1,\"name\":\"Portada\",\"item\":\"https:\/\/lobosnews.com.ar\/\"},{\"@type\":\"ListItem\",\"position\":2,\"name\":\"Pablo Alarc\u00f3n y Claribel Medina celebran en Carlos Paz un regreso compartido: \u201cEl escenario es sanador\u201d\"}]},{\"@type\":\"WebSite\",\"@id\":\"https:\/\/lobosnews.com.ar\/#website\",\"url\":\"https:\/\/lobosnews.com.ar\/\",\"name\":\"Lobos News\",\"description\":\"Informaci\u00f3n a cada instante\",\"publisher\":{\"@id\":\"https:\/\/lobosnews.com.ar\/#organization\"},\"potentialAction\":[{\"@type\":\"SearchAction\",\"target\":{\"@type\":\"EntryPoint\",\"urlTemplate\":\"https:\/\/lobosnews.com.ar\/?s={search_term_string}\"},\"query-input\":{\"@type\":\"PropertyValueSpecification\",\"valueRequired\":true,\"valueName\":\"search_term_string\"}}],\"inLanguage\":\"es\"},{\"@type\":\"Organization\",\"@id\":\"https:\/\/lobosnews.com.ar\/#organization\",\"name\":\"Lobos News\",\"url\":\"https:\/\/lobosnews.com.ar\/\",\"logo\":{\"@type\":\"ImageObject\",\"inLanguage\":\"es\",\"@id\":\"https:\/\/lobosnews.com.ar\/#\/schema\/logo\/image\/\",\"url\":\"https:\/\/lobosnews.com.ar\/wp-content\/uploads\/2026\/01\/logo-lobosnews.png\",\"contentUrl\":\"https:\/\/lobosnews.com.ar\/wp-content\/uploads\/2026\/01\/logo-lobosnews.png\",\"width\":500,\"height\":200,\"caption\":\"Lobos News\"},\"image\":{\"@id\":\"https:\/\/lobosnews.com.ar\/#\/schema\/logo\/image\/\"}},{\"@type\":\"Person\",\"@id\":\"https:\/\/lobosnews.com.ar\/#\/schema\/person\/232422a593d5c541dd9aef6aaed10943\",\"name\":\"admin\",\"image\":{\"@type\":\"ImageObject\",\"inLanguage\":\"es\",\"@id\":\"https:\/\/lobosnews.com.ar\/#\/schema\/person\/image\/\",\"url\":\"https:\/\/secure.gravatar.com\/avatar\/76e419471a2083bc3ceab22a763dbbf9b0c1bd15a6214cf3280e2c2dde4580f9?s=96&d=mm&r=g\",\"contentUrl\":\"https:\/\/secure.gravatar.com\/avatar\/76e419471a2083bc3ceab22a763dbbf9b0c1bd15a6214cf3280e2c2dde4580f9?s=96&d=mm&r=g\",\"caption\":\"admin\"},\"sameAs\":[\"https:\/\/lobosnews.com.ar\"],\"url\":\"https:\/\/lobosnews.com.ar\/index.php\/author\/lobos-news\/\"}]}<\/script>\n<!-- \/ Yoast SEO plugin. -->","yoast_head_json":{"title":"Pablo Alarc\u00f3n y Claribel Medina celebran en Carlos Paz un regreso compartido: \u201cEl escenario es sanador\u201d - Lobos News","robots":{"index":"index","follow":"follow","max-snippet":"max-snippet:-1","max-image-preview":"max-image-preview:large","max-video-preview":"max-video-preview:-1"},"canonical":"https:\/\/lobosnews.com.ar\/index.php\/2026\/01\/22\/pablo-alarcon-y-claribel-medina-celebran-en-carlos-paz-un-regreso-compartido-el-escenario-es-sanador\/","og_locale":"es_ES","og_type":"article","og_title":"Pablo Alarc\u00f3n y Claribel Medina celebran en Carlos Paz un regreso compartido: \u201cEl escenario es sanador\u201d - Lobos News","og_description":"Hay trayectorias que se renuevan en cada desaf\u00edo y artistas que, m\u00e1s all\u00e1 de los a\u00f1os y las adversidades, nunca pierden la pasi\u00f3n por aquello que los define: el escenario. Pablo Alarc\u00f3n y Claribel Medina construyeron una historia de vida juntos, compartieron el amor, dos hijas y caminos que se bifurcaron lejos de la mirada...","og_url":"https:\/\/lobosnews.com.ar\/index.php\/2026\/01\/22\/pablo-alarcon-y-claribel-medina-celebran-en-carlos-paz-un-regreso-compartido-el-escenario-es-sanador\/","og_site_name":"Lobos News","article_published_time":"2026-01-22T04:49:31+00:00","article_modified_time":"2026-01-22T05:03:09+00:00","og_image":[{"url":"https:\/\/lobosnews.com.ar\/wp-content\/uploads\/2026\/01\/pablo-alarcon-y-claribel-medina-celebran-en-carlos-paz-un-regreso-compartido-el-escenario-es-sanador.jpg","type":"","width":"","height":""}],"author":"admin","twitter_card":"summary_large_image","twitter_misc":{"Escrito por":"admin","Tiempo de lectura":"8 minutos"},"schema":{"@context":"https:\/\/schema.org","@graph":[{"@type":"Article","@id":"https:\/\/lobosnews.com.ar\/index.php\/2026\/01\/22\/pablo-alarcon-y-claribel-medina-celebran-en-carlos-paz-un-regreso-compartido-el-escenario-es-sanador\/#article","isPartOf":{"@id":"https:\/\/lobosnews.com.ar\/index.php\/2026\/01\/22\/pablo-alarcon-y-claribel-medina-celebran-en-carlos-paz-un-regreso-compartido-el-escenario-es-sanador\/"},"author":{"name":"admin","@id":"https:\/\/lobosnews.com.ar\/#\/schema\/person\/232422a593d5c541dd9aef6aaed10943"},"headline":"Pablo Alarc\u00f3n y Claribel Medina celebran en Carlos Paz un regreso compartido: \u201cEl escenario es sanador\u201d","datePublished":"2026-01-22T04:49:31+00:00","dateModified":"2026-01-22T05:03:09+00:00","mainEntityOfPage":{"@id":"https:\/\/lobosnews.com.ar\/index.php\/2026\/01\/22\/pablo-alarcon-y-claribel-medina-celebran-en-carlos-paz-un-regreso-compartido-el-escenario-es-sanador\/"},"wordCount":1637,"commentCount":0,"publisher":{"@id":"https:\/\/lobosnews.com.ar\/#organization"},"image":{"@id":"https:\/\/lobosnews.com.ar\/index.php\/2026\/01\/22\/pablo-alarcon-y-claribel-medina-celebran-en-carlos-paz-un-regreso-compartido-el-escenario-es-sanador\/#primaryimage"},"thumbnailUrl":"https:\/\/lobosnews.com.ar\/wp-content\/uploads\/2026\/01\/pablo-alarcon-y-claribel-medina-celebran-en-carlos-paz-un-regreso-compartido-el-escenario-es-sanador-8.jpg","articleSection":["Cine y Series"],"inLanguage":"es","potentialAction":[{"@type":"CommentAction","name":"Comment","target":["https:\/\/lobosnews.com.ar\/index.php\/2026\/01\/22\/pablo-alarcon-y-claribel-medina-celebran-en-carlos-paz-un-regreso-compartido-el-escenario-es-sanador\/#respond"]}]},{"@type":"WebPage","@id":"https:\/\/lobosnews.com.ar\/index.php\/2026\/01\/22\/pablo-alarcon-y-claribel-medina-celebran-en-carlos-paz-un-regreso-compartido-el-escenario-es-sanador\/","url":"https:\/\/lobosnews.com.ar\/index.php\/2026\/01\/22\/pablo-alarcon-y-claribel-medina-celebran-en-carlos-paz-un-regreso-compartido-el-escenario-es-sanador\/","name":"Pablo Alarc\u00f3n y Claribel Medina celebran en Carlos Paz un regreso compartido: \u201cEl escenario es sanador\u201d - Lobos News","isPartOf":{"@id":"https:\/\/lobosnews.com.ar\/#website"},"primaryImageOfPage":{"@id":"https:\/\/lobosnews.com.ar\/index.php\/2026\/01\/22\/pablo-alarcon-y-claribel-medina-celebran-en-carlos-paz-un-regreso-compartido-el-escenario-es-sanador\/#primaryimage"},"image":{"@id":"https:\/\/lobosnews.com.ar\/index.php\/2026\/01\/22\/pablo-alarcon-y-claribel-medina-celebran-en-carlos-paz-un-regreso-compartido-el-escenario-es-sanador\/#primaryimage"},"thumbnailUrl":"https:\/\/lobosnews.com.ar\/wp-content\/uploads\/2026\/01\/pablo-alarcon-y-claribel-medina-celebran-en-carlos-paz-un-regreso-compartido-el-escenario-es-sanador-8.jpg","datePublished":"2026-01-22T04:49:31+00:00","dateModified":"2026-01-22T05:03:09+00:00","breadcrumb":{"@id":"https:\/\/lobosnews.com.ar\/index.php\/2026\/01\/22\/pablo-alarcon-y-claribel-medina-celebran-en-carlos-paz-un-regreso-compartido-el-escenario-es-sanador\/#breadcrumb"},"inLanguage":"es","potentialAction":[{"@type":"ReadAction","target":["https:\/\/lobosnews.com.ar\/index.php\/2026\/01\/22\/pablo-alarcon-y-claribel-medina-celebran-en-carlos-paz-un-regreso-compartido-el-escenario-es-sanador\/"]}]},{"@type":"ImageObject","inLanguage":"es","@id":"https:\/\/lobosnews.com.ar\/index.php\/2026\/01\/22\/pablo-alarcon-y-claribel-medina-celebran-en-carlos-paz-un-regreso-compartido-el-escenario-es-sanador\/#primaryimage","url":"https:\/\/lobosnews.com.ar\/wp-content\/uploads\/2026\/01\/pablo-alarcon-y-claribel-medina-celebran-en-carlos-paz-un-regreso-compartido-el-escenario-es-sanador-8.jpg","contentUrl":"https:\/\/lobosnews.com.ar\/wp-content\/uploads\/2026\/01\/pablo-alarcon-y-claribel-medina-celebran-en-carlos-paz-un-regreso-compartido-el-escenario-es-sanador-8.jpg","width":900,"height":1600,"caption":"Pablo Alarc\u00f3n y Claribel Medina celebran en Carlos Paz un regreso compartido: \u201cEl escenario es sanador\u201d"},{"@type":"BreadcrumbList","@id":"https:\/\/lobosnews.com.ar\/index.php\/2026\/01\/22\/pablo-alarcon-y-claribel-medina-celebran-en-carlos-paz-un-regreso-compartido-el-escenario-es-sanador\/#breadcrumb","itemListElement":[{"@type":"ListItem","position":1,"name":"Portada","item":"https:\/\/lobosnews.com.ar\/"},{"@type":"ListItem","position":2,"name":"Pablo Alarc\u00f3n y Claribel Medina celebran en Carlos Paz un regreso compartido: \u201cEl escenario es sanador\u201d"}]},{"@type":"WebSite","@id":"https:\/\/lobosnews.com.ar\/#website","url":"https:\/\/lobosnews.com.ar\/","name":"Lobos News","description":"Informaci\u00f3n a cada instante","publisher":{"@id":"https:\/\/lobosnews.com.ar\/#organization"},"potentialAction":[{"@type":"SearchAction","target":{"@type":"EntryPoint","urlTemplate":"https:\/\/lobosnews.com.ar\/?s={search_term_string}"},"query-input":{"@type":"PropertyValueSpecification","valueRequired":true,"valueName":"search_term_string"}}],"inLanguage":"es"},{"@type":"Organization","@id":"https:\/\/lobosnews.com.ar\/#organization","name":"Lobos News","url":"https:\/\/lobosnews.com.ar\/","logo":{"@type":"ImageObject","inLanguage":"es","@id":"https:\/\/lobosnews.com.ar\/#\/schema\/logo\/image\/","url":"https:\/\/lobosnews.com.ar\/wp-content\/uploads\/2026\/01\/logo-lobosnews.png","contentUrl":"https:\/\/lobosnews.com.ar\/wp-content\/uploads\/2026\/01\/logo-lobosnews.png","width":500,"height":200,"caption":"Lobos News"},"image":{"@id":"https:\/\/lobosnews.com.ar\/#\/schema\/logo\/image\/"}},{"@type":"Person","@id":"https:\/\/lobosnews.com.ar\/#\/schema\/person\/232422a593d5c541dd9aef6aaed10943","name":"admin","image":{"@type":"ImageObject","inLanguage":"es","@id":"https:\/\/lobosnews.com.ar\/#\/schema\/person\/image\/","url":"https:\/\/secure.gravatar.com\/avatar\/76e419471a2083bc3ceab22a763dbbf9b0c1bd15a6214cf3280e2c2dde4580f9?s=96&d=mm&r=g","contentUrl":"https:\/\/secure.gravatar.com\/avatar\/76e419471a2083bc3ceab22a763dbbf9b0c1bd15a6214cf3280e2c2dde4580f9?s=96&d=mm&r=g","caption":"admin"},"sameAs":["https:\/\/lobosnews.com.ar"],"url":"https:\/\/lobosnews.com.ar\/index.php\/author\/lobos-news\/"}]}},"jetpack_featured_media_url":"https:\/\/lobosnews.com.ar\/wp-content\/uploads\/2026\/01\/pablo-alarcon-y-claribel-medina-celebran-en-carlos-paz-un-regreso-compartido-el-escenario-es-sanador-8.jpg","jetpack_sharing_enabled":true,"_links":{"self":[{"href":"https:\/\/lobosnews.com.ar\/index.php\/wp-json\/wp\/v2\/posts\/9887","targetHints":{"allow":["GET"]}}],"collection":[{"href":"https:\/\/lobosnews.com.ar\/index.php\/wp-json\/wp\/v2\/posts"}],"about":[{"href":"https:\/\/lobosnews.com.ar\/index.php\/wp-json\/wp\/v2\/types\/post"}],"author":[{"embeddable":true,"href":"https:\/\/lobosnews.com.ar\/index.php\/wp-json\/wp\/v2\/users\/1"}],"replies":[{"embeddable":true,"href":"https:\/\/lobosnews.com.ar\/index.php\/wp-json\/wp\/v2\/comments?post=9887"}],"version-history":[{"count":1,"href":"https:\/\/lobosnews.com.ar\/index.php\/wp-json\/wp\/v2\/posts\/9887\/revisions"}],"predecessor-version":[{"id":9893,"href":"https:\/\/lobosnews.com.ar\/index.php\/wp-json\/wp\/v2\/posts\/9887\/revisions\/9893"}],"wp:featuredmedia":[{"embeddable":true,"href":"https:\/\/lobosnews.com.ar\/index.php\/wp-json\/wp\/v2\/media\/9894"}],"wp:attachment":[{"href":"https:\/\/lobosnews.com.ar\/index.php\/wp-json\/wp\/v2\/media?parent=9887"}],"wp:term":[{"taxonomy":"category","embeddable":true,"href":"https:\/\/lobosnews.com.ar\/index.php\/wp-json\/wp\/v2\/categories?post=9887"},{"taxonomy":"post_tag","embeddable":true,"href":"https:\/\/lobosnews.com.ar\/index.php\/wp-json\/wp\/v2\/tags?post=9887"}],"curies":[{"name":"wp","href":"https:\/\/api.w.org\/{rel}","templated":true}]}}