{"id":9845,"date":"2026-01-22T03:05:51","date_gmt":"2026-01-22T03:05:51","guid":{"rendered":"https:\/\/lobosnews.com.ar\/index.php\/2026\/01\/22\/sebastian-baez-se-despidio-del-australian-open-tras-caer-ante-luciano-darderi-los-unicos-dos-argentinos-que-sigue-en-carrera\/"},"modified":"2026-01-22T03:48:51","modified_gmt":"2026-01-22T03:48:51","slug":"sebastian-baez-se-despidio-del-australian-open-tras-caer-ante-luciano-darderi-los-unicos-dos-argentinos-que-sigue-en-carrera","status":"publish","type":"post","link":"https:\/\/lobosnews.com.ar\/index.php\/2026\/01\/22\/sebastian-baez-se-despidio-del-australian-open-tras-caer-ante-luciano-darderi-los-unicos-dos-argentinos-que-sigue-en-carrera\/","title":{"rendered":"Sebasti\u00e1n B\u00e1ez se despidi\u00f3 del Australian Open tras caer ante Luciano Darderi: los \u00fanicos dos argentinos que sigue en carrera"},"content":{"rendered":"<p><img fetchpriority=\"high\" decoding=\"async\" src=\"https:\/\/lobosnews.com.ar\/wp-content\/uploads\/2026\/01\/sebastian-baez-se-despidio-del-australian-open-tras-caer-ante-luciano-darderi-los-unicos-dos-argentinos-que-sigue-en-carrera.jpg\" alt=\"Sebasti\u00e1n B\u00e1ez se despidi\u00f3 de la segunda ronda del Australian Open al caer con Luciano Darderi (Cr\u00e9dito: REUTERS\/Hollie Adams)\" height=\"2523\" width=\"3876\"\/><\/p>\n<p><b>Sebasti\u00e1n B\u00e1ez<\/b> se despidi\u00f3 en la segunda ronda del primer <b>Grand<\/b> <b>Slam<\/b> de la temporada, el <b>Australian<\/b> <b>Open<\/b>, al caer en cuatro sets frente al italoargentino <b>Luciano<\/b> <b>Darderi<\/b>, con parciales de 6-3, 1-6, 6-4 y 6-3. <b>Francisco<\/b> <b>Cer\u00fandolo<\/b> y <b>Tom\u00e1s<\/b> <b>Etcheverry<\/b> son los \u00fanicos representantes nacionales que contin\u00faan en carrera en Melbourne Park.<\/p>\n<p>Con 19 grados cent\u00edgrados en la cancha n\u00famero 6 de <b>Melbourne<\/b> <b>Park<\/b> comenz\u00f3 la acci\u00f3n entre <b>B\u00e1ez<\/b>, ubicado en el puesto 36 del ranking mundial, y <b>Darderi<\/b> (25\u00b0). El partido se inici\u00f3 con intercambios desde el fondo y puntos largos. El bonaerense fue quien logr\u00f3 tomar la primera ventaja y se adelant\u00f3 de inmediato 2-0. <\/p>\n<p>Sin embargo, el jugador nacido en <b>Villa<\/b> <b>Gesell<\/b>, de 23 a\u00f1os y que compite bajo la bandera italiana, no se dej\u00f3 intimidar y encaden\u00f3 cinco juegos consecutivos, una reacci\u00f3n que lo encamin\u00f3 a quedarse con el set por 6-3.<\/p>\n<p>Sin tiempo para lamentos, <b>B\u00e1ez<\/b> sali\u00f3 a disputar el segundo parcial con la misma contundencia que hab\u00eda mostrado hasta ese momento, a pesar de estar debajo en el score.<b> R\u00e1pidamente se encontr\u00f3 5-0 arriba, <\/b>producto de una mejora en la precisi\u00f3n de su primer saque, con un 70 por ciento de puntos ganados, contra el 60 de su rival. Adem\u00e1s, conect\u00f3 28 tiros ganadores y lastim\u00f3 con su derecha cruzada para marcar diferencias. De esa manera, <b>igual\u00f3 la pizarra al imponerse por 6-1.<\/b><\/p>\n<p><img loading=\"lazy\" decoding=\"async\" src=\"https:\/\/lobosnews.com.ar\/wp-content\/uploads\/2026\/01\/sebastian-baez-se-despidio-del-australian-open-tras-caer-ante-luciano-darderi-los-unicos-dos-argentinos-que-sigue-en-carrera-1.jpg\" alt=\"Luciano Darderi se clasific\u00f3 para la tercera ronda del Australian Open (Cr\u00e9dito: WILLIAM WEST \/ AFP)\" height=\"4149\" width=\"6223\"\/><\/p>\n<p>En el tercer set, <b>Darderi<\/b> volvi\u00f3 a pasar al frente sobre el jugador de <b>San<\/b> <b>Mart\u00edn<\/b>. Las diferencias fueron m\u00ednimas, pero supo capitalizarlas con dos quiebres a su favor y uno en contra, una efectividad que le permiti\u00f3 volver a inclinar el marcador por 6-4.<\/p>\n<p>En el cuarto parcial, <b>Darderi<\/b> ratific\u00f3 su crecimiento ten\u00edstico y su fortaleza mental para superar a <b>B\u00e1ez<\/b>. Un break le bast\u00f3 para sellar el 6-3 y asegurarse la victoria.<\/p>\n<p>El arranque de la temporada por <b>Ocean\u00eda<\/b> marc\u00f3 un punto de inflexi\u00f3n en el recorrido del bonaerense, especialmente en canchas r\u00e1pidas, una superficie que hist\u00f3ricamente le hab\u00eda presentado mayores desaf\u00edos y que termin\u00f3 con un saldo de 8 triunfos y dos derrotas. <\/p>\n<p>La <b>United<\/b> <b>Cup<\/b> apareci\u00f3 como el primer gran term\u00f3metro: all\u00ed encontr\u00f3 continuidad, confianza y respuestas ante rivales de jerarqu\u00eda como el estadounidense <b>Taylor Fritz<\/b>, el espa\u00f1ol <b>Jaume Munar<\/b> y el suizo <b>Stanislas Wawrinka<\/b>, resultados que le permitieron igualar r\u00e1pidamente su producci\u00f3n del a\u00f1o anterior en este tipo de escenarios. <\/p>\n<p>Ese impulso se traslad\u00f3 luego <b>al ATP 250 de Auckland,<\/b> torneo que tuvo como \u00faltimo campe\u00f3n argentino a <b>Juan Mart\u00edn Del Potro<\/b> en 2009, donde encaden\u00f3 una serie de actuaciones consistentes frente a <b>Emilio Nava<\/b>, <b>Jenson Brooksby<\/b>, <b>Ben Shelton<\/b> y <b>Marcos Giron<\/b>, antes de cerrar la semana perdiendo la final ante el checo <b>Jakub Mensik. <\/b> <\/p>\n<h3>Cer\u00fandolo y Etcheverry ponen tercera <\/h3>\n<p><img loading=\"lazy\" decoding=\"async\" src=\"https:\/\/lobosnews.com.ar\/wp-content\/uploads\/2026\/01\/sebastian-baez-se-despidio-del-australian-open-tras-caer-ante-luciano-darderi-los-unicos-dos-argentinos-que-sigue-en-carrera-2.jpg\" alt=\"Francisco Cer\u00fandolo y Tom\u00e1s Etcheverry se presentan en la tercera ronda del Australian Open (Cr\u00e9dito: REUTERS\/Edgar Su)\" height=\"2544\" width=\"3855\"\/><\/p>\n<p>Para este jueves, ya viernes en Australia, los argentinos <b>Francisco Cer\u00fandolo<\/b> (21\u00b0) y <b>Tom\u00e1s Etcheverry<\/b> se presentar\u00e1n en la tercera ronda. El hermano mayor de los <b>Cer\u00fandolo<\/b> llega tras dos actuaciones s\u00f3lidas en las instancias iniciales, en las que no cedi\u00f3 sets al imponerse ante el chino <b>Zhizhen Zhang<\/b> (368\u00b0) y el bosnio <b>Damir Dzumhur<\/b> (66\u00b0). En la pr\u00f3xima etapa se medir\u00e1 con el ruso <b>Andrey Rublev<\/b> (15\u00b0).<\/p>\n<p>El historial entre ambos favorece al porte\u00f1o de 27 a\u00f1os, que lidera la serie por tres victorias contra una derrota. El antecedente m\u00e1s cercano se registr\u00f3 en la ronda de 32 del Masters 1000 de Par\u00eds, con triunfo para el albiceleste.<\/p>\n<p>Por su parte, <b>Etcheverry<\/b> debut\u00f3 con una exigente batalla a cinco sets, que se extendi\u00f3 por casi cuatro horas frente al serbio <b>Miomir Kecmanovic<\/b> (60\u00b0), y luego super\u00f3 al brit\u00e1nico <b>Arthur Fery<\/b> (186\u00b0), proveniente de la clasificaci\u00f3n.<\/p>\n<p>En busca de un lugar en los octavos de final, el platense enfrentar\u00e1 al kazajo <b>Alexander Bublik<\/b> (10\u00b0), reciente campe\u00f3n del ATP 250 de Hong Kong.<\/p>\n","protected":false},"excerpt":{"rendered":"<p>Sebasti\u00e1n B\u00e1ez se despidi\u00f3 en la segunda ronda del primer Grand Slam de la temporada, el Australian Open, al caer en cuatro sets frente al italoargentino Luciano Darderi, con parciales de 6-3, 1-6, 6-4 y 6-3. Francisco Cer\u00fandolo y Tom\u00e1s Etcheverry son los \u00fanicos representantes nacionales que contin\u00faan en carrera en Melbourne Park. Con 19&#8230;<\/p>\n","protected":false},"author":1,"featured_media":0,"comment_status":"open","ping_status":"closed","sticky":false,"template":"","format":"standard","meta":{"_jetpack_memberships_contains_paid_content":false,"footnotes":""},"categories":[30],"tags":[39],"class_list":["post-9845","post","type-post","status-publish","format-standard","hentry","category-argentina","tag-deportes"],"magazineBlocksPostFeaturedMedia":{"thumbnail":false,"medium":false,"medium_large":false,"large":false,"1536x1536":false,"2048x2048":false,"newsmatic-featured":false,"newsmatic-list":false,"newsmatic-thumb":false,"newsmatic-small":false,"newsmatic-grid":false},"magazineBlocksPostAuthor":{"name":"admin","avatar":"https:\/\/secure.gravatar.com\/avatar\/76e419471a2083bc3ceab22a763dbbf9b0c1bd15a6214cf3280e2c2dde4580f9?s=96&d=mm&r=g"},"magazineBlocksPostCommentsNumber":"0","magazineBlocksPostExcerpt":"Sebasti\u00e1n B\u00e1ez se despidi\u00f3 en la segunda ronda del primer Grand Slam de la temporada, el Australian Open, al caer en cuatro sets frente al italoargentino Luciano Darderi, con parciales de 6-3, 1-6, 6-4 y 6-3. Francisco Cer\u00fandolo y Tom\u00e1s Etcheverry son los \u00fanicos representantes nacionales que contin\u00faan en carrera en Melbourne Park. Con 19...","magazineBlocksPostCategories":["Argentina"],"magazineBlocksPostViewCount":164,"magazineBlocksPostReadTime":4,"magazine_blocks_featured_image_url":{"full":false,"medium":false,"thumbnail":false},"magazine_blocks_author":{"display_name":"admin","author_link":"https:\/\/lobosnews.com.ar\/index.php\/author\/lobos-news\/"},"magazine_blocks_comment":0,"magazine_blocks_author_image":"https:\/\/secure.gravatar.com\/avatar\/76e419471a2083bc3ceab22a763dbbf9b0c1bd15a6214cf3280e2c2dde4580f9?s=96&d=mm&r=g","magazine_blocks_category":"<a href=\"#\" class=\"category-link category-link-30\">Argentina<\/a>","yoast_head":"<!-- This site is optimized with the Yoast SEO plugin v26.6 - https:\/\/yoast.com\/wordpress\/plugins\/seo\/ -->\n<title>Sebasti\u00e1n B\u00e1ez se despidi\u00f3 del Australian Open tras caer ante Luciano Darderi: los \u00fanicos dos argentinos que sigue en carrera - Lobos News<\/title>\n<meta name=\"robots\" content=\"index, follow, max-snippet:-1, max-image-preview:large, max-video-preview:-1\" \/>\n<link rel=\"canonical\" href=\"https:\/\/lobosnews.com.ar\/index.php\/2026\/01\/22\/sebastian-baez-se-despidio-del-australian-open-tras-caer-ante-luciano-darderi-los-unicos-dos-argentinos-que-sigue-en-carrera\/\" \/>\n<meta property=\"og:locale\" content=\"es_ES\" \/>\n<meta property=\"og:type\" content=\"article\" \/>\n<meta property=\"og:title\" content=\"Sebasti\u00e1n B\u00e1ez se despidi\u00f3 del Australian Open tras caer ante Luciano Darderi: los \u00fanicos dos argentinos que sigue en carrera - Lobos News\" \/>\n<meta property=\"og:description\" content=\"Sebasti\u00e1n B\u00e1ez se despidi\u00f3 en la segunda ronda del primer Grand Slam de la temporada, el Australian Open, al caer en cuatro sets frente al italoargentino Luciano Darderi, con parciales de 6-3, 1-6, 6-4 y 6-3. Francisco Cer\u00fandolo y Tom\u00e1s Etcheverry son los \u00fanicos representantes nacionales que contin\u00faan en carrera en Melbourne Park. Con 19...\" \/>\n<meta property=\"og:url\" content=\"https:\/\/lobosnews.com.ar\/index.php\/2026\/01\/22\/sebastian-baez-se-despidio-del-australian-open-tras-caer-ante-luciano-darderi-los-unicos-dos-argentinos-que-sigue-en-carrera\/\" \/>\n<meta property=\"og:site_name\" content=\"Lobos News\" \/>\n<meta property=\"article:published_time\" content=\"2026-01-22T03:05:51+00:00\" \/>\n<meta property=\"article:modified_time\" content=\"2026-01-22T03:48:51+00:00\" \/>\n<meta property=\"og:image\" content=\"https:\/\/lobosnews.com.ar\/wp-content\/uploads\/2026\/01\/sebastian-baez-se-despidio-del-australian-open-tras-caer-ante-luciano-darderi-los-unicos-dos-argentinos-que-sigue-en-carrera.jpg\" \/>\n<meta name=\"author\" content=\"admin\" \/>\n<meta name=\"twitter:card\" content=\"summary_large_image\" \/>\n<meta name=\"twitter:label1\" content=\"Escrito por\" \/>\n\t<meta name=\"twitter:data1\" content=\"admin\" \/>\n\t<meta name=\"twitter:label2\" content=\"Tiempo de lectura\" \/>\n\t<meta name=\"twitter:data2\" content=\"3 minutos\" \/>\n<script type=\"application\/ld+json\" class=\"yoast-schema-graph\">{\"@context\":\"https:\/\/schema.org\",\"@graph\":[{\"@type\":\"Article\",\"@id\":\"https:\/\/lobosnews.com.ar\/index.php\/2026\/01\/22\/sebastian-baez-se-despidio-del-australian-open-tras-caer-ante-luciano-darderi-los-unicos-dos-argentinos-que-sigue-en-carrera\/#article\",\"isPartOf\":{\"@id\":\"https:\/\/lobosnews.com.ar\/index.php\/2026\/01\/22\/sebastian-baez-se-despidio-del-australian-open-tras-caer-ante-luciano-darderi-los-unicos-dos-argentinos-que-sigue-en-carrera\/\"},\"author\":{\"name\":\"admin\",\"@id\":\"https:\/\/lobosnews.com.ar\/#\/schema\/person\/232422a593d5c541dd9aef6aaed10943\"},\"headline\":\"Sebasti\u00e1n B\u00e1ez se despidi\u00f3 del Australian Open tras caer ante Luciano Darderi: los \u00fanicos dos argentinos que sigue en carrera\",\"datePublished\":\"2026-01-22T03:05:51+00:00\",\"dateModified\":\"2026-01-22T03:48:51+00:00\",\"mainEntityOfPage\":{\"@id\":\"https:\/\/lobosnews.com.ar\/index.php\/2026\/01\/22\/sebastian-baez-se-despidio-del-australian-open-tras-caer-ante-luciano-darderi-los-unicos-dos-argentinos-que-sigue-en-carrera\/\"},\"wordCount\":675,\"commentCount\":0,\"publisher\":{\"@id\":\"https:\/\/lobosnews.com.ar\/#organization\"},\"image\":{\"@id\":\"https:\/\/lobosnews.com.ar\/index.php\/2026\/01\/22\/sebastian-baez-se-despidio-del-australian-open-tras-caer-ante-luciano-darderi-los-unicos-dos-argentinos-que-sigue-en-carrera\/#primaryimage\"},\"thumbnailUrl\":\"https:\/\/lobosnews.com.ar\/wp-content\/uploads\/2026\/01\/sebastian-baez-se-despidio-del-australian-open-tras-caer-ante-luciano-darderi-los-unicos-dos-argentinos-que-sigue-en-carrera.jpg\",\"keywords\":[\"Deportes\"],\"articleSection\":[\"Argentina\"],\"inLanguage\":\"es\",\"potentialAction\":[{\"@type\":\"CommentAction\",\"name\":\"Comment\",\"target\":[\"https:\/\/lobosnews.com.ar\/index.php\/2026\/01\/22\/sebastian-baez-se-despidio-del-australian-open-tras-caer-ante-luciano-darderi-los-unicos-dos-argentinos-que-sigue-en-carrera\/#respond\"]}]},{\"@type\":\"WebPage\",\"@id\":\"https:\/\/lobosnews.com.ar\/index.php\/2026\/01\/22\/sebastian-baez-se-despidio-del-australian-open-tras-caer-ante-luciano-darderi-los-unicos-dos-argentinos-que-sigue-en-carrera\/\",\"url\":\"https:\/\/lobosnews.com.ar\/index.php\/2026\/01\/22\/sebastian-baez-se-despidio-del-australian-open-tras-caer-ante-luciano-darderi-los-unicos-dos-argentinos-que-sigue-en-carrera\/\",\"name\":\"Sebasti\u00e1n B\u00e1ez se despidi\u00f3 del Australian Open tras caer ante Luciano Darderi: los \u00fanicos dos argentinos que sigue en carrera - Lobos News\",\"isPartOf\":{\"@id\":\"https:\/\/lobosnews.com.ar\/#website\"},\"primaryImageOfPage\":{\"@id\":\"https:\/\/lobosnews.com.ar\/index.php\/2026\/01\/22\/sebastian-baez-se-despidio-del-australian-open-tras-caer-ante-luciano-darderi-los-unicos-dos-argentinos-que-sigue-en-carrera\/#primaryimage\"},\"image\":{\"@id\":\"https:\/\/lobosnews.com.ar\/index.php\/2026\/01\/22\/sebastian-baez-se-despidio-del-australian-open-tras-caer-ante-luciano-darderi-los-unicos-dos-argentinos-que-sigue-en-carrera\/#primaryimage\"},\"thumbnailUrl\":\"https:\/\/lobosnews.com.ar\/wp-content\/uploads\/2026\/01\/sebastian-baez-se-despidio-del-australian-open-tras-caer-ante-luciano-darderi-los-unicos-dos-argentinos-que-sigue-en-carrera.jpg\",\"datePublished\":\"2026-01-22T03:05:51+00:00\",\"dateModified\":\"2026-01-22T03:48:51+00:00\",\"breadcrumb\":{\"@id\":\"https:\/\/lobosnews.com.ar\/index.php\/2026\/01\/22\/sebastian-baez-se-despidio-del-australian-open-tras-caer-ante-luciano-darderi-los-unicos-dos-argentinos-que-sigue-en-carrera\/#breadcrumb\"},\"inLanguage\":\"es\",\"potentialAction\":[{\"@type\":\"ReadAction\",\"target\":[\"https:\/\/lobosnews.com.ar\/index.php\/2026\/01\/22\/sebastian-baez-se-despidio-del-australian-open-tras-caer-ante-luciano-darderi-los-unicos-dos-argentinos-que-sigue-en-carrera\/\"]}]},{\"@type\":\"ImageObject\",\"inLanguage\":\"es\",\"@id\":\"https:\/\/lobosnews.com.ar\/index.php\/2026\/01\/22\/sebastian-baez-se-despidio-del-australian-open-tras-caer-ante-luciano-darderi-los-unicos-dos-argentinos-que-sigue-en-carrera\/#primaryimage\",\"url\":\"https:\/\/lobosnews.com.ar\/wp-content\/uploads\/2026\/01\/sebastian-baez-se-despidio-del-australian-open-tras-caer-ante-luciano-darderi-los-unicos-dos-argentinos-que-sigue-en-carrera.jpg\",\"contentUrl\":\"https:\/\/lobosnews.com.ar\/wp-content\/uploads\/2026\/01\/sebastian-baez-se-despidio-del-australian-open-tras-caer-ante-luciano-darderi-los-unicos-dos-argentinos-que-sigue-en-carrera.jpg\"},{\"@type\":\"BreadcrumbList\",\"@id\":\"https:\/\/lobosnews.com.ar\/index.php\/2026\/01\/22\/sebastian-baez-se-despidio-del-australian-open-tras-caer-ante-luciano-darderi-los-unicos-dos-argentinos-que-sigue-en-carrera\/#breadcrumb\",\"itemListElement\":[{\"@type\":\"ListItem\",\"position\":1,\"name\":\"Portada\",\"item\":\"https:\/\/lobosnews.com.ar\/\"},{\"@type\":\"ListItem\",\"position\":2,\"name\":\"Sebasti\u00e1n B\u00e1ez se despidi\u00f3 del Australian Open tras caer ante Luciano Darderi: los \u00fanicos dos argentinos que sigue en carrera\"}]},{\"@type\":\"WebSite\",\"@id\":\"https:\/\/lobosnews.com.ar\/#website\",\"url\":\"https:\/\/lobosnews.com.ar\/\",\"name\":\"Lobos News\",\"description\":\"Informaci\u00f3n a cada instante\",\"publisher\":{\"@id\":\"https:\/\/lobosnews.com.ar\/#organization\"},\"potentialAction\":[{\"@type\":\"SearchAction\",\"target\":{\"@type\":\"EntryPoint\",\"urlTemplate\":\"https:\/\/lobosnews.com.ar\/?s={search_term_string}\"},\"query-input\":{\"@type\":\"PropertyValueSpecification\",\"valueRequired\":true,\"valueName\":\"search_term_string\"}}],\"inLanguage\":\"es\"},{\"@type\":\"Organization\",\"@id\":\"https:\/\/lobosnews.com.ar\/#organization\",\"name\":\"Lobos News\",\"url\":\"https:\/\/lobosnews.com.ar\/\",\"logo\":{\"@type\":\"ImageObject\",\"inLanguage\":\"es\",\"@id\":\"https:\/\/lobosnews.com.ar\/#\/schema\/logo\/image\/\",\"url\":\"https:\/\/lobosnews.com.ar\/wp-content\/uploads\/2026\/01\/logo-lobosnews.png\",\"contentUrl\":\"https:\/\/lobosnews.com.ar\/wp-content\/uploads\/2026\/01\/logo-lobosnews.png\",\"width\":500,\"height\":200,\"caption\":\"Lobos News\"},\"image\":{\"@id\":\"https:\/\/lobosnews.com.ar\/#\/schema\/logo\/image\/\"}},{\"@type\":\"Person\",\"@id\":\"https:\/\/lobosnews.com.ar\/#\/schema\/person\/232422a593d5c541dd9aef6aaed10943\",\"name\":\"admin\",\"image\":{\"@type\":\"ImageObject\",\"inLanguage\":\"es\",\"@id\":\"https:\/\/lobosnews.com.ar\/#\/schema\/person\/image\/\",\"url\":\"https:\/\/secure.gravatar.com\/avatar\/76e419471a2083bc3ceab22a763dbbf9b0c1bd15a6214cf3280e2c2dde4580f9?s=96&d=mm&r=g\",\"contentUrl\":\"https:\/\/secure.gravatar.com\/avatar\/76e419471a2083bc3ceab22a763dbbf9b0c1bd15a6214cf3280e2c2dde4580f9?s=96&d=mm&r=g\",\"caption\":\"admin\"},\"sameAs\":[\"https:\/\/lobosnews.com.ar\"],\"url\":\"https:\/\/lobosnews.com.ar\/index.php\/author\/lobos-news\/\"}]}<\/script>\n<!-- \/ Yoast SEO plugin. -->","yoast_head_json":{"title":"Sebasti\u00e1n B\u00e1ez se despidi\u00f3 del Australian Open tras caer ante Luciano Darderi: los \u00fanicos dos argentinos que sigue en carrera - Lobos News","robots":{"index":"index","follow":"follow","max-snippet":"max-snippet:-1","max-image-preview":"max-image-preview:large","max-video-preview":"max-video-preview:-1"},"canonical":"https:\/\/lobosnews.com.ar\/index.php\/2026\/01\/22\/sebastian-baez-se-despidio-del-australian-open-tras-caer-ante-luciano-darderi-los-unicos-dos-argentinos-que-sigue-en-carrera\/","og_locale":"es_ES","og_type":"article","og_title":"Sebasti\u00e1n B\u00e1ez se despidi\u00f3 del Australian Open tras caer ante Luciano Darderi: los \u00fanicos dos argentinos que sigue en carrera - Lobos News","og_description":"Sebasti\u00e1n B\u00e1ez se despidi\u00f3 en la segunda ronda del primer Grand Slam de la temporada, el Australian Open, al caer en cuatro sets frente al italoargentino Luciano Darderi, con parciales de 6-3, 1-6, 6-4 y 6-3. Francisco Cer\u00fandolo y Tom\u00e1s Etcheverry son los \u00fanicos representantes nacionales que contin\u00faan en carrera en Melbourne Park. Con 19...","og_url":"https:\/\/lobosnews.com.ar\/index.php\/2026\/01\/22\/sebastian-baez-se-despidio-del-australian-open-tras-caer-ante-luciano-darderi-los-unicos-dos-argentinos-que-sigue-en-carrera\/","og_site_name":"Lobos News","article_published_time":"2026-01-22T03:05:51+00:00","article_modified_time":"2026-01-22T03:48:51+00:00","og_image":[{"url":"https:\/\/lobosnews.com.ar\/wp-content\/uploads\/2026\/01\/sebastian-baez-se-despidio-del-australian-open-tras-caer-ante-luciano-darderi-los-unicos-dos-argentinos-que-sigue-en-carrera.jpg","type":"","width":"","height":""}],"author":"admin","twitter_card":"summary_large_image","twitter_misc":{"Escrito por":"admin","Tiempo de lectura":"3 minutos"},"schema":{"@context":"https:\/\/schema.org","@graph":[{"@type":"Article","@id":"https:\/\/lobosnews.com.ar\/index.php\/2026\/01\/22\/sebastian-baez-se-despidio-del-australian-open-tras-caer-ante-luciano-darderi-los-unicos-dos-argentinos-que-sigue-en-carrera\/#article","isPartOf":{"@id":"https:\/\/lobosnews.com.ar\/index.php\/2026\/01\/22\/sebastian-baez-se-despidio-del-australian-open-tras-caer-ante-luciano-darderi-los-unicos-dos-argentinos-que-sigue-en-carrera\/"},"author":{"name":"admin","@id":"https:\/\/lobosnews.com.ar\/#\/schema\/person\/232422a593d5c541dd9aef6aaed10943"},"headline":"Sebasti\u00e1n B\u00e1ez se despidi\u00f3 del Australian Open tras caer ante Luciano Darderi: los \u00fanicos dos argentinos que sigue en carrera","datePublished":"2026-01-22T03:05:51+00:00","dateModified":"2026-01-22T03:48:51+00:00","mainEntityOfPage":{"@id":"https:\/\/lobosnews.com.ar\/index.php\/2026\/01\/22\/sebastian-baez-se-despidio-del-australian-open-tras-caer-ante-luciano-darderi-los-unicos-dos-argentinos-que-sigue-en-carrera\/"},"wordCount":675,"commentCount":0,"publisher":{"@id":"https:\/\/lobosnews.com.ar\/#organization"},"image":{"@id":"https:\/\/lobosnews.com.ar\/index.php\/2026\/01\/22\/sebastian-baez-se-despidio-del-australian-open-tras-caer-ante-luciano-darderi-los-unicos-dos-argentinos-que-sigue-en-carrera\/#primaryimage"},"thumbnailUrl":"https:\/\/lobosnews.com.ar\/wp-content\/uploads\/2026\/01\/sebastian-baez-se-despidio-del-australian-open-tras-caer-ante-luciano-darderi-los-unicos-dos-argentinos-que-sigue-en-carrera.jpg","keywords":["Deportes"],"articleSection":["Argentina"],"inLanguage":"es","potentialAction":[{"@type":"CommentAction","name":"Comment","target":["https:\/\/lobosnews.com.ar\/index.php\/2026\/01\/22\/sebastian-baez-se-despidio-del-australian-open-tras-caer-ante-luciano-darderi-los-unicos-dos-argentinos-que-sigue-en-carrera\/#respond"]}]},{"@type":"WebPage","@id":"https:\/\/lobosnews.com.ar\/index.php\/2026\/01\/22\/sebastian-baez-se-despidio-del-australian-open-tras-caer-ante-luciano-darderi-los-unicos-dos-argentinos-que-sigue-en-carrera\/","url":"https:\/\/lobosnews.com.ar\/index.php\/2026\/01\/22\/sebastian-baez-se-despidio-del-australian-open-tras-caer-ante-luciano-darderi-los-unicos-dos-argentinos-que-sigue-en-carrera\/","name":"Sebasti\u00e1n B\u00e1ez se despidi\u00f3 del Australian Open tras caer ante Luciano Darderi: los \u00fanicos dos argentinos que sigue en carrera - Lobos News","isPartOf":{"@id":"https:\/\/lobosnews.com.ar\/#website"},"primaryImageOfPage":{"@id":"https:\/\/lobosnews.com.ar\/index.php\/2026\/01\/22\/sebastian-baez-se-despidio-del-australian-open-tras-caer-ante-luciano-darderi-los-unicos-dos-argentinos-que-sigue-en-carrera\/#primaryimage"},"image":{"@id":"https:\/\/lobosnews.com.ar\/index.php\/2026\/01\/22\/sebastian-baez-se-despidio-del-australian-open-tras-caer-ante-luciano-darderi-los-unicos-dos-argentinos-que-sigue-en-carrera\/#primaryimage"},"thumbnailUrl":"https:\/\/lobosnews.com.ar\/wp-content\/uploads\/2026\/01\/sebastian-baez-se-despidio-del-australian-open-tras-caer-ante-luciano-darderi-los-unicos-dos-argentinos-que-sigue-en-carrera.jpg","datePublished":"2026-01-22T03:05:51+00:00","dateModified":"2026-01-22T03:48:51+00:00","breadcrumb":{"@id":"https:\/\/lobosnews.com.ar\/index.php\/2026\/01\/22\/sebastian-baez-se-despidio-del-australian-open-tras-caer-ante-luciano-darderi-los-unicos-dos-argentinos-que-sigue-en-carrera\/#breadcrumb"},"inLanguage":"es","potentialAction":[{"@type":"ReadAction","target":["https:\/\/lobosnews.com.ar\/index.php\/2026\/01\/22\/sebastian-baez-se-despidio-del-australian-open-tras-caer-ante-luciano-darderi-los-unicos-dos-argentinos-que-sigue-en-carrera\/"]}]},{"@type":"ImageObject","inLanguage":"es","@id":"https:\/\/lobosnews.com.ar\/index.php\/2026\/01\/22\/sebastian-baez-se-despidio-del-australian-open-tras-caer-ante-luciano-darderi-los-unicos-dos-argentinos-que-sigue-en-carrera\/#primaryimage","url":"https:\/\/lobosnews.com.ar\/wp-content\/uploads\/2026\/01\/sebastian-baez-se-despidio-del-australian-open-tras-caer-ante-luciano-darderi-los-unicos-dos-argentinos-que-sigue-en-carrera.jpg","contentUrl":"https:\/\/lobosnews.com.ar\/wp-content\/uploads\/2026\/01\/sebastian-baez-se-despidio-del-australian-open-tras-caer-ante-luciano-darderi-los-unicos-dos-argentinos-que-sigue-en-carrera.jpg"},{"@type":"BreadcrumbList","@id":"https:\/\/lobosnews.com.ar\/index.php\/2026\/01\/22\/sebastian-baez-se-despidio-del-australian-open-tras-caer-ante-luciano-darderi-los-unicos-dos-argentinos-que-sigue-en-carrera\/#breadcrumb","itemListElement":[{"@type":"ListItem","position":1,"name":"Portada","item":"https:\/\/lobosnews.com.ar\/"},{"@type":"ListItem","position":2,"name":"Sebasti\u00e1n B\u00e1ez se despidi\u00f3 del Australian Open tras caer ante Luciano Darderi: los \u00fanicos dos argentinos que sigue en carrera"}]},{"@type":"WebSite","@id":"https:\/\/lobosnews.com.ar\/#website","url":"https:\/\/lobosnews.com.ar\/","name":"Lobos News","description":"Informaci\u00f3n a cada instante","publisher":{"@id":"https:\/\/lobosnews.com.ar\/#organization"},"potentialAction":[{"@type":"SearchAction","target":{"@type":"EntryPoint","urlTemplate":"https:\/\/lobosnews.com.ar\/?s={search_term_string}"},"query-input":{"@type":"PropertyValueSpecification","valueRequired":true,"valueName":"search_term_string"}}],"inLanguage":"es"},{"@type":"Organization","@id":"https:\/\/lobosnews.com.ar\/#organization","name":"Lobos News","url":"https:\/\/lobosnews.com.ar\/","logo":{"@type":"ImageObject","inLanguage":"es","@id":"https:\/\/lobosnews.com.ar\/#\/schema\/logo\/image\/","url":"https:\/\/lobosnews.com.ar\/wp-content\/uploads\/2026\/01\/logo-lobosnews.png","contentUrl":"https:\/\/lobosnews.com.ar\/wp-content\/uploads\/2026\/01\/logo-lobosnews.png","width":500,"height":200,"caption":"Lobos News"},"image":{"@id":"https:\/\/lobosnews.com.ar\/#\/schema\/logo\/image\/"}},{"@type":"Person","@id":"https:\/\/lobosnews.com.ar\/#\/schema\/person\/232422a593d5c541dd9aef6aaed10943","name":"admin","image":{"@type":"ImageObject","inLanguage":"es","@id":"https:\/\/lobosnews.com.ar\/#\/schema\/person\/image\/","url":"https:\/\/secure.gravatar.com\/avatar\/76e419471a2083bc3ceab22a763dbbf9b0c1bd15a6214cf3280e2c2dde4580f9?s=96&d=mm&r=g","contentUrl":"https:\/\/secure.gravatar.com\/avatar\/76e419471a2083bc3ceab22a763dbbf9b0c1bd15a6214cf3280e2c2dde4580f9?s=96&d=mm&r=g","caption":"admin"},"sameAs":["https:\/\/lobosnews.com.ar"],"url":"https:\/\/lobosnews.com.ar\/index.php\/author\/lobos-news\/"}]}},"jetpack_featured_media_url":"","jetpack_sharing_enabled":true,"_links":{"self":[{"href":"https:\/\/lobosnews.com.ar\/index.php\/wp-json\/wp\/v2\/posts\/9845","targetHints":{"allow":["GET"]}}],"collection":[{"href":"https:\/\/lobosnews.com.ar\/index.php\/wp-json\/wp\/v2\/posts"}],"about":[{"href":"https:\/\/lobosnews.com.ar\/index.php\/wp-json\/wp\/v2\/types\/post"}],"author":[{"embeddable":true,"href":"https:\/\/lobosnews.com.ar\/index.php\/wp-json\/wp\/v2\/users\/1"}],"replies":[{"embeddable":true,"href":"https:\/\/lobosnews.com.ar\/index.php\/wp-json\/wp\/v2\/comments?post=9845"}],"version-history":[{"count":1,"href":"https:\/\/lobosnews.com.ar\/index.php\/wp-json\/wp\/v2\/posts\/9845\/revisions"}],"predecessor-version":[{"id":9849,"href":"https:\/\/lobosnews.com.ar\/index.php\/wp-json\/wp\/v2\/posts\/9845\/revisions\/9849"}],"wp:attachment":[{"href":"https:\/\/lobosnews.com.ar\/index.php\/wp-json\/wp\/v2\/media?parent=9845"}],"wp:term":[{"taxonomy":"category","embeddable":true,"href":"https:\/\/lobosnews.com.ar\/index.php\/wp-json\/wp\/v2\/categories?post=9845"},{"taxonomy":"post_tag","embeddable":true,"href":"https:\/\/lobosnews.com.ar\/index.php\/wp-json\/wp\/v2\/tags?post=9845"}],"curies":[{"name":"wp","href":"https:\/\/api.w.org\/{rel}","templated":true}]}}