{"id":9840,"date":"2026-01-21T23:59:10","date_gmt":"2026-01-21T23:59:10","guid":{"rendered":"https:\/\/lobosnews.com.ar\/index.php\/2026\/01\/21\/cordoba-se-derrumbo-la-medianera-de-una-cochera-y-varios-autos-quedaron-bajo-los-escombros\/"},"modified":"2026-01-22T02:38:46","modified_gmt":"2026-01-22T02:38:46","slug":"cordoba-se-derrumbo-la-medianera-de-una-cochera-y-varios-autos-quedaron-bajo-los-escombros","status":"publish","type":"post","link":"https:\/\/lobosnews.com.ar\/index.php\/2026\/01\/21\/cordoba-se-derrumbo-la-medianera-de-una-cochera-y-varios-autos-quedaron-bajo-los-escombros\/","title":{"rendered":"C\u00f3rdoba: se derrumb\u00f3 la medianera de una cochera y varios autos quedaron bajo los escombros"},"content":{"rendered":"<p><img loading=\"lazy\" decoding=\"async\" src=\"https:\/\/lobosnews.com.ar\/wp-content\/uploads\/2026\/01\/cordoba-se-derrumbo-la-medianera-de-una-cochera-y-varios-autos-quedaron-bajo-los-escombros.jpg\" alt=\"Vecinos y ocupantes de departamentos internos debieron abandonar temporalmente sus viviendas por precauci\u00f3n\" height=\"900\" width=\"1600\"\/><\/p>\n<p>Una pared de una cochera ubicada en la calle <b>Jacinto R\u00edos al 364 <\/b>se desplom\u00f3 y aplast\u00f3 varios autos en el <b>barrio General Paz<\/b>, en la ciudad de <span class=\"waslinkname\"><b>C\u00f3rdoba<\/b><\/span>. El hecho, que gener\u00f3 alarma entre los vecinos durante el mediod\u00eda de este mi\u00e9rcoles, se habr\u00eda originado por un <b>socav\u00f3n atribuido a excavaciones en una obra en construcci\u00f3n<\/b> lindera al lugar.<\/p>\n<p>Seg\u00fan informaron fuentes del caso, el colapso de la estructura caus\u00f3 da\u00f1os a <b>cuatro veh\u00edculos<\/b> que se encontraban estacionados en el galp\u00f3n: un <b>Toyota Corolla<\/b>, un <b>Renault Logan<\/b>, un <b>Ford Focus<\/b> y un <b>Nissan Kicks<\/b>. La ca\u00edda de la medianera dej\u00f3 los autos bajo los escombros y moviliz\u00f3 de inmediato a la <b>Direcci\u00f3n de Bomberos<\/b>, que junto con <b>Defensa Civil<\/b> arrib\u00f3 para evaluar la situaci\u00f3n y asegurar la zona, seg\u00fan detallaron fuentes policiales.<\/p>\n<p>El episodio no solo afect\u00f3 a los autos. <b>Varios departamentos internos y viviendas cercanas a la cochera tambi\u00e9n sufrieron da\u00f1os<\/b> y se solicit\u00f3 a los habitantes que abandonaran temporalmente sus domicilios por precauci\u00f3n. <\/p>\n<p>La presidenta del <b>Colegio de Veterinarios<\/b>, <b>Natalia Elstner<\/b>, cuya sede se encuentra a pocos metros del lugar, relat\u00f3 que el edificio recibi\u00f3 impactos de mamposter\u00eda tras el derrumbe. \u201cFue un derrumbe bastante grande. Nosotros estamos a mitad de cuadra y nos cay\u00f3 mamposter\u00eda\u201d, expres\u00f3 Elstner, en di\u00e1logo con el medio local <i>El Doce<\/i>.<\/p>\n<p><img loading=\"lazy\" decoding=\"async\" src=\"https:\/\/lobosnews.com.ar\/wp-content\/uploads\/2026\/01\/cordoba-se-derrumbo-la-medianera-de-una-cochera-y-varios-autos-quedaron-bajo-los-escombros-1.jpg\" alt=\"La ca\u00edda de la pared en la cochera afect\u00f3 a un Toyota Corolla, un Renault Logan, un Ford Focus y un Nissan Kicks\" height=\"745\" width=\"1600\"\/><\/p>\n<p>En la construcci\u00f3n vecina se estaban realizando excavaciones profundas para los cimientos de un nuevo edificio. <b>La hip\u00f3tesis inicial es que las tareas de movimiento de suelo habr\u00edan comprometido la estabilidad de las propiedades linderas<\/b>, lo que deriv\u00f3 en el colapso de la medianera y los da\u00f1os materiales.<\/p>\n<p>Tras el incidente, agentes de la <b>municipalidad de C\u00f3rdoba<\/b> dispusieron el corte de tr\u00e1nsito en las calles afectadas para evitar nuevos riesgos y garantizar la seguridad en la zona. <\/p>\n<p>El operativo de prevenci\u00f3n incluy\u00f3 la inspecci\u00f3n de las estructuras y la asistencia a los damnificados, mientras continuaban las tareas t\u00e9cnicas para determinar las causas exactas del desplome.<\/p>\n<h2>Se derrumb\u00f3 el techo de un centro m\u00e9dico en Palermo: al menos 6 pacientes heridos<\/h2>\n<p>Un <b>derrumbe <\/b>impact\u00f3 la ma\u00f1ana del martes pasado en la <span class=\"waslinkname\">sede del <b>Centro M\u00e9dico OSECAC<\/b><\/span>, ubicado en el barrio de Palermo, causando <b>seis pacientes <\/b>heridos.<\/p>\n<p>La instituci\u00f3n sanitaria, ubicada en <b>Medrano 1164<\/b>, entre las calles <b>Jos\u00e9 Antonio Cabrera<\/b> y <b>Gorriti<\/b>, sufri\u00f3 el colapso del techo del primer piso. Todo ocurri\u00f3 en horario de atenci\u00f3n al p\u00fablico, mientras se recib\u00edan las visitas de pacientes en la sala de espera.<\/p>\n<p>El hecho se produjo en el primer piso del edificio, destinado a <b>consultorios externos<\/b>, que tambi\u00e9n se compone de planta baja y un segundo piso. La ca\u00edda produjo lesiones entre los pacientes que estaban aguardando su turno.<\/p>\n<p>Seg\u00fan informaron fuentes oficiales a <b>Infobae<\/b>, el SAME atendi\u00f3 a <b>cinco mujeres <\/b>y <b>un hombre<\/b>, las que fueron derivadas a hospitales p\u00fablicos, en tanto otras personas que se hallaban en la obra social del sindicato de Comercio se les realiz\u00f3 un control cl\u00ednico preventivo.<\/p>\n<p>En el centro de salud, hab\u00eda alrededor de 40 personas al momento de la ca\u00edda del cielorraso. Con el impacto, el servicio m\u00e9dico atendi\u00f3 a tres pacientes dentro de la instituci\u00f3n, mientras que <b>otros tres<\/b> fueron trasladados a los hospitales<b> Durand<\/b>, <b>Fern\u00e1ndez<\/b> y <b>Ramos Mej\u00eda<\/b>.<\/p>\n<p>Posteriormente, desde OSECAC informaron que <b>siete personas <\/b>sufrieron lesiones de car\u00e1cter leve. \u201cTodas ellas est\u00e1n siendo derivadas al Sanatorio Sagrado Coraz\u00f3n, donde recibir\u00e1n una evaluaci\u00f3n m\u00e9dica integral\u201d, indicaron desde la obra social.<\/p>\n<p>El titular del SAME, <b>Alberto Crescenti<\/b>, confirm\u00f3 que \u201c<b>no hay v\u00edctimas fatales<\/b>\u201d, tras el desplome de la estructura, y asegur\u00f3 que \u201clos heridos est\u00e1n fuera de peligro con traumatismo de cr\u00e1neo\u201d. \u201cPor suerte no hubo menores\u201d, dijo, y aclar\u00f3 que \u201cno se saben las causas\u201d, en declaraciones a la prensa.<\/p>\n<p>\u201c<b>Se escuch\u00f3 un estruendo<\/b>, en menos de dos minutos se escuchan las sirenas de Bomberos y el SAME. Era un derrumbe de la parte del primer piso. <b>Al lado hay una obra<\/b>, que aparentemente hizo vibrar y temblar todo\u201d, cont\u00f3 Valent\u00edn en di\u00e1logo con <i>TN<\/i>, testigo del vecindario. Al momento de la ca\u00edda, estaba yendo a realizar las compras.<\/p>\n","protected":false},"excerpt":{"rendered":"<p>Una pared de una cochera ubicada en la calle Jacinto R\u00edos al 364 se desplom\u00f3 y aplast\u00f3 varios autos en el barrio General Paz, en la ciudad de C\u00f3rdoba. El hecho, que gener\u00f3 alarma entre los vecinos durante el mediod\u00eda de este mi\u00e9rcoles, se habr\u00eda originado por un socav\u00f3n atribuido a excavaciones en una obra&#8230;<\/p>\n","protected":false},"author":1,"featured_media":9844,"comment_status":"open","ping_status":"closed","sticky":false,"template":"","format":"standard","meta":{"_jetpack_memberships_contains_paid_content":false,"footnotes":""},"categories":[31,30,32,77,84,35,36,37],"tags":[],"class_list":["post-9840","post","type-post","status-publish","format-standard","has-post-thumbnail","hentry","category-actualidad","category-argentina","category-economia","category-inseguridad","category-masradios-com","category-nacionales","category-seguridad","category-sociedad"],"magazineBlocksPostFeaturedMedia":{"thumbnail":"https:\/\/lobosnews.com.ar\/wp-content\/uploads\/2026\/01\/cordoba-se-derrumbo-la-medianera-de-una-cochera-y-varios-autos-quedaron-bajo-los-escombros-2-150x150.jpg","medium":"https:\/\/lobosnews.com.ar\/wp-content\/uploads\/2026\/01\/cordoba-se-derrumbo-la-medianera-de-una-cochera-y-varios-autos-quedaron-bajo-los-escombros-2-300x140.jpg","medium_large":"https:\/\/lobosnews.com.ar\/wp-content\/uploads\/2026\/01\/cordoba-se-derrumbo-la-medianera-de-una-cochera-y-varios-autos-quedaron-bajo-los-escombros-2-768x358.jpg","large":"https:\/\/lobosnews.com.ar\/wp-content\/uploads\/2026\/01\/cordoba-se-derrumbo-la-medianera-de-una-cochera-y-varios-autos-quedaron-bajo-los-escombros-2-1024x477.jpg","1536x1536":"https:\/\/lobosnews.com.ar\/wp-content\/uploads\/2026\/01\/cordoba-se-derrumbo-la-medianera-de-una-cochera-y-varios-autos-quedaron-bajo-los-escombros-2-1536x715.jpg","2048x2048":"https:\/\/lobosnews.com.ar\/wp-content\/uploads\/2026\/01\/cordoba-se-derrumbo-la-medianera-de-una-cochera-y-varios-autos-quedaron-bajo-los-escombros-2.jpg","newsmatic-featured":"https:\/\/lobosnews.com.ar\/wp-content\/uploads\/2026\/01\/cordoba-se-derrumbo-la-medianera-de-una-cochera-y-varios-autos-quedaron-bajo-los-escombros-2-820x545.jpg","newsmatic-list":"https:\/\/lobosnews.com.ar\/wp-content\/uploads\/2026\/01\/cordoba-se-derrumbo-la-medianera-de-una-cochera-y-varios-autos-quedaron-bajo-los-escombros-2-600x400.jpg","newsmatic-thumb":"https:\/\/lobosnews.com.ar\/wp-content\/uploads\/2026\/01\/cordoba-se-derrumbo-la-medianera-de-una-cochera-y-varios-autos-quedaron-bajo-los-escombros-2-300x200.jpg","newsmatic-small":"https:\/\/lobosnews.com.ar\/wp-content\/uploads\/2026\/01\/cordoba-se-derrumbo-la-medianera-de-una-cochera-y-varios-autos-quedaron-bajo-los-escombros-2-150x95.jpg","newsmatic-grid":"https:\/\/lobosnews.com.ar\/wp-content\/uploads\/2026\/01\/cordoba-se-derrumbo-la-medianera-de-una-cochera-y-varios-autos-quedaron-bajo-los-escombros-2-400x250.jpg"},"magazineBlocksPostAuthor":{"name":"admin","avatar":"https:\/\/secure.gravatar.com\/avatar\/76e419471a2083bc3ceab22a763dbbf9b0c1bd15a6214cf3280e2c2dde4580f9?s=96&d=mm&r=g"},"magazineBlocksPostCommentsNumber":"0","magazineBlocksPostExcerpt":"Una pared de una cochera ubicada en la calle Jacinto R\u00edos al 364 se desplom\u00f3 y aplast\u00f3 varios autos en el barrio General Paz, en la ciudad de C\u00f3rdoba. El hecho, que gener\u00f3 alarma entre los vecinos durante el mediod\u00eda de este mi\u00e9rcoles, se habr\u00eda originado por un socav\u00f3n atribuido a excavaciones en una obra...","magazineBlocksPostCategories":["Actualidad","Argentina","econom\u00eda","inseguridad","masradios.com","nacionales","seguridad","sociedad"],"magazineBlocksPostViewCount":146,"magazineBlocksPostReadTime":4,"magazine_blocks_featured_image_url":{"full":["https:\/\/lobosnews.com.ar\/wp-content\/uploads\/2026\/01\/cordoba-se-derrumbo-la-medianera-de-una-cochera-y-varios-autos-quedaron-bajo-los-escombros-2.jpg",1600,745,false],"medium":["https:\/\/lobosnews.com.ar\/wp-content\/uploads\/2026\/01\/cordoba-se-derrumbo-la-medianera-de-una-cochera-y-varios-autos-quedaron-bajo-los-escombros-2-300x140.jpg",300,140,true],"thumbnail":["https:\/\/lobosnews.com.ar\/wp-content\/uploads\/2026\/01\/cordoba-se-derrumbo-la-medianera-de-una-cochera-y-varios-autos-quedaron-bajo-los-escombros-2-150x150.jpg",150,150,true]},"magazine_blocks_author":{"display_name":"admin","author_link":"https:\/\/lobosnews.com.ar\/index.php\/author\/lobos-news\/"},"magazine_blocks_comment":0,"magazine_blocks_author_image":"https:\/\/secure.gravatar.com\/avatar\/76e419471a2083bc3ceab22a763dbbf9b0c1bd15a6214cf3280e2c2dde4580f9?s=96&d=mm&r=g","magazine_blocks_category":"<a href=\"#\" class=\"category-link category-link-31\">Actualidad<\/a> <a href=\"#\" class=\"category-link category-link-30\">Argentina<\/a> <a href=\"#\" class=\"category-link category-link-32\">econom\u00eda<\/a> <a href=\"#\" class=\"category-link category-link-77\">inseguridad<\/a> <a href=\"#\" class=\"category-link category-link-84\">masradios.com<\/a> <a href=\"#\" class=\"category-link category-link-35\">nacionales<\/a> <a href=\"#\" class=\"category-link category-link-36\">seguridad<\/a> <a href=\"#\" class=\"category-link category-link-37\">sociedad<\/a>","yoast_head":"<!-- This site is optimized with the Yoast SEO plugin v26.6 - https:\/\/yoast.com\/wordpress\/plugins\/seo\/ -->\n<title>C\u00f3rdoba: se derrumb\u00f3 la medianera de una cochera y varios autos quedaron bajo los escombros - Lobos News<\/title>\n<meta name=\"robots\" content=\"index, follow, max-snippet:-1, max-image-preview:large, max-video-preview:-1\" \/>\n<link rel=\"canonical\" href=\"https:\/\/lobosnews.com.ar\/index.php\/2026\/01\/21\/cordoba-se-derrumbo-la-medianera-de-una-cochera-y-varios-autos-quedaron-bajo-los-escombros\/\" \/>\n<meta property=\"og:locale\" content=\"es_ES\" \/>\n<meta property=\"og:type\" content=\"article\" \/>\n<meta property=\"og:title\" content=\"C\u00f3rdoba: se derrumb\u00f3 la medianera de una cochera y varios autos quedaron bajo los escombros - Lobos News\" \/>\n<meta property=\"og:description\" content=\"Una pared de una cochera ubicada en la calle Jacinto R\u00edos al 364 se desplom\u00f3 y aplast\u00f3 varios autos en el barrio General Paz, en la ciudad de C\u00f3rdoba. El hecho, que gener\u00f3 alarma entre los vecinos durante el mediod\u00eda de este mi\u00e9rcoles, se habr\u00eda originado por un socav\u00f3n atribuido a excavaciones en una obra...\" \/>\n<meta property=\"og:url\" content=\"https:\/\/lobosnews.com.ar\/index.php\/2026\/01\/21\/cordoba-se-derrumbo-la-medianera-de-una-cochera-y-varios-autos-quedaron-bajo-los-escombros\/\" \/>\n<meta property=\"og:site_name\" content=\"Lobos News\" \/>\n<meta property=\"article:published_time\" content=\"2026-01-21T23:59:10+00:00\" \/>\n<meta property=\"article:modified_time\" content=\"2026-01-22T02:38:46+00:00\" \/>\n<meta property=\"og:image\" content=\"https:\/\/lobosnews.com.ar\/wp-content\/uploads\/2026\/01\/cordoba-se-derrumbo-la-medianera-de-una-cochera-y-varios-autos-quedaron-bajo-los-escombros.jpg\" \/>\n<meta name=\"author\" content=\"admin\" \/>\n<meta name=\"twitter:card\" content=\"summary_large_image\" \/>\n<meta name=\"twitter:label1\" content=\"Escrito por\" \/>\n\t<meta name=\"twitter:data1\" content=\"admin\" \/>\n\t<meta name=\"twitter:label2\" content=\"Tiempo de lectura\" \/>\n\t<meta name=\"twitter:data2\" content=\"4 minutos\" \/>\n<script type=\"application\/ld+json\" class=\"yoast-schema-graph\">{\"@context\":\"https:\/\/schema.org\",\"@graph\":[{\"@type\":\"Article\",\"@id\":\"https:\/\/lobosnews.com.ar\/index.php\/2026\/01\/21\/cordoba-se-derrumbo-la-medianera-de-una-cochera-y-varios-autos-quedaron-bajo-los-escombros\/#article\",\"isPartOf\":{\"@id\":\"https:\/\/lobosnews.com.ar\/index.php\/2026\/01\/21\/cordoba-se-derrumbo-la-medianera-de-una-cochera-y-varios-autos-quedaron-bajo-los-escombros\/\"},\"author\":{\"name\":\"admin\",\"@id\":\"https:\/\/lobosnews.com.ar\/#\/schema\/person\/232422a593d5c541dd9aef6aaed10943\"},\"headline\":\"C\u00f3rdoba: se derrumb\u00f3 la medianera de una cochera y varios autos quedaron bajo los escombros\",\"datePublished\":\"2026-01-21T23:59:10+00:00\",\"dateModified\":\"2026-01-22T02:38:46+00:00\",\"mainEntityOfPage\":{\"@id\":\"https:\/\/lobosnews.com.ar\/index.php\/2026\/01\/21\/cordoba-se-derrumbo-la-medianera-de-una-cochera-y-varios-autos-quedaron-bajo-los-escombros\/\"},\"wordCount\":746,\"commentCount\":0,\"publisher\":{\"@id\":\"https:\/\/lobosnews.com.ar\/#organization\"},\"image\":{\"@id\":\"https:\/\/lobosnews.com.ar\/index.php\/2026\/01\/21\/cordoba-se-derrumbo-la-medianera-de-una-cochera-y-varios-autos-quedaron-bajo-los-escombros\/#primaryimage\"},\"thumbnailUrl\":\"https:\/\/lobosnews.com.ar\/wp-content\/uploads\/2026\/01\/cordoba-se-derrumbo-la-medianera-de-una-cochera-y-varios-autos-quedaron-bajo-los-escombros-2.jpg\",\"articleSection\":[\"Actualidad\",\"Argentina\",\"econom\u00eda\",\"inseguridad\",\"masradios.com\",\"nacionales\",\"seguridad\",\"sociedad\"],\"inLanguage\":\"es\",\"potentialAction\":[{\"@type\":\"CommentAction\",\"name\":\"Comment\",\"target\":[\"https:\/\/lobosnews.com.ar\/index.php\/2026\/01\/21\/cordoba-se-derrumbo-la-medianera-de-una-cochera-y-varios-autos-quedaron-bajo-los-escombros\/#respond\"]}]},{\"@type\":\"WebPage\",\"@id\":\"https:\/\/lobosnews.com.ar\/index.php\/2026\/01\/21\/cordoba-se-derrumbo-la-medianera-de-una-cochera-y-varios-autos-quedaron-bajo-los-escombros\/\",\"url\":\"https:\/\/lobosnews.com.ar\/index.php\/2026\/01\/21\/cordoba-se-derrumbo-la-medianera-de-una-cochera-y-varios-autos-quedaron-bajo-los-escombros\/\",\"name\":\"C\u00f3rdoba: se derrumb\u00f3 la medianera de una cochera y varios autos quedaron bajo los escombros - Lobos News\",\"isPartOf\":{\"@id\":\"https:\/\/lobosnews.com.ar\/#website\"},\"primaryImageOfPage\":{\"@id\":\"https:\/\/lobosnews.com.ar\/index.php\/2026\/01\/21\/cordoba-se-derrumbo-la-medianera-de-una-cochera-y-varios-autos-quedaron-bajo-los-escombros\/#primaryimage\"},\"image\":{\"@id\":\"https:\/\/lobosnews.com.ar\/index.php\/2026\/01\/21\/cordoba-se-derrumbo-la-medianera-de-una-cochera-y-varios-autos-quedaron-bajo-los-escombros\/#primaryimage\"},\"thumbnailUrl\":\"https:\/\/lobosnews.com.ar\/wp-content\/uploads\/2026\/01\/cordoba-se-derrumbo-la-medianera-de-una-cochera-y-varios-autos-quedaron-bajo-los-escombros-2.jpg\",\"datePublished\":\"2026-01-21T23:59:10+00:00\",\"dateModified\":\"2026-01-22T02:38:46+00:00\",\"breadcrumb\":{\"@id\":\"https:\/\/lobosnews.com.ar\/index.php\/2026\/01\/21\/cordoba-se-derrumbo-la-medianera-de-una-cochera-y-varios-autos-quedaron-bajo-los-escombros\/#breadcrumb\"},\"inLanguage\":\"es\",\"potentialAction\":[{\"@type\":\"ReadAction\",\"target\":[\"https:\/\/lobosnews.com.ar\/index.php\/2026\/01\/21\/cordoba-se-derrumbo-la-medianera-de-una-cochera-y-varios-autos-quedaron-bajo-los-escombros\/\"]}]},{\"@type\":\"ImageObject\",\"inLanguage\":\"es\",\"@id\":\"https:\/\/lobosnews.com.ar\/index.php\/2026\/01\/21\/cordoba-se-derrumbo-la-medianera-de-una-cochera-y-varios-autos-quedaron-bajo-los-escombros\/#primaryimage\",\"url\":\"https:\/\/lobosnews.com.ar\/wp-content\/uploads\/2026\/01\/cordoba-se-derrumbo-la-medianera-de-una-cochera-y-varios-autos-quedaron-bajo-los-escombros-2.jpg\",\"contentUrl\":\"https:\/\/lobosnews.com.ar\/wp-content\/uploads\/2026\/01\/cordoba-se-derrumbo-la-medianera-de-una-cochera-y-varios-autos-quedaron-bajo-los-escombros-2.jpg\",\"width\":1600,\"height\":745,\"caption\":\"C\u00f3rdoba: se derrumb\u00f3 la medianera de una cochera y varios autos quedaron bajo los escombros\"},{\"@type\":\"BreadcrumbList\",\"@id\":\"https:\/\/lobosnews.com.ar\/index.php\/2026\/01\/21\/cordoba-se-derrumbo-la-medianera-de-una-cochera-y-varios-autos-quedaron-bajo-los-escombros\/#breadcrumb\",\"itemListElement\":[{\"@type\":\"ListItem\",\"position\":1,\"name\":\"Portada\",\"item\":\"https:\/\/lobosnews.com.ar\/\"},{\"@type\":\"ListItem\",\"position\":2,\"name\":\"C\u00f3rdoba: se derrumb\u00f3 la medianera de una cochera y varios autos quedaron bajo los escombros\"}]},{\"@type\":\"WebSite\",\"@id\":\"https:\/\/lobosnews.com.ar\/#website\",\"url\":\"https:\/\/lobosnews.com.ar\/\",\"name\":\"Lobos News\",\"description\":\"Informaci\u00f3n a cada instante\",\"publisher\":{\"@id\":\"https:\/\/lobosnews.com.ar\/#organization\"},\"potentialAction\":[{\"@type\":\"SearchAction\",\"target\":{\"@type\":\"EntryPoint\",\"urlTemplate\":\"https:\/\/lobosnews.com.ar\/?s={search_term_string}\"},\"query-input\":{\"@type\":\"PropertyValueSpecification\",\"valueRequired\":true,\"valueName\":\"search_term_string\"}}],\"inLanguage\":\"es\"},{\"@type\":\"Organization\",\"@id\":\"https:\/\/lobosnews.com.ar\/#organization\",\"name\":\"Lobos News\",\"url\":\"https:\/\/lobosnews.com.ar\/\",\"logo\":{\"@type\":\"ImageObject\",\"inLanguage\":\"es\",\"@id\":\"https:\/\/lobosnews.com.ar\/#\/schema\/logo\/image\/\",\"url\":\"https:\/\/lobosnews.com.ar\/wp-content\/uploads\/2026\/01\/logo-lobosnews.png\",\"contentUrl\":\"https:\/\/lobosnews.com.ar\/wp-content\/uploads\/2026\/01\/logo-lobosnews.png\",\"width\":500,\"height\":200,\"caption\":\"Lobos News\"},\"image\":{\"@id\":\"https:\/\/lobosnews.com.ar\/#\/schema\/logo\/image\/\"}},{\"@type\":\"Person\",\"@id\":\"https:\/\/lobosnews.com.ar\/#\/schema\/person\/232422a593d5c541dd9aef6aaed10943\",\"name\":\"admin\",\"image\":{\"@type\":\"ImageObject\",\"inLanguage\":\"es\",\"@id\":\"https:\/\/lobosnews.com.ar\/#\/schema\/person\/image\/\",\"url\":\"https:\/\/secure.gravatar.com\/avatar\/76e419471a2083bc3ceab22a763dbbf9b0c1bd15a6214cf3280e2c2dde4580f9?s=96&d=mm&r=g\",\"contentUrl\":\"https:\/\/secure.gravatar.com\/avatar\/76e419471a2083bc3ceab22a763dbbf9b0c1bd15a6214cf3280e2c2dde4580f9?s=96&d=mm&r=g\",\"caption\":\"admin\"},\"sameAs\":[\"https:\/\/lobosnews.com.ar\"],\"url\":\"https:\/\/lobosnews.com.ar\/index.php\/author\/lobos-news\/\"}]}<\/script>\n<!-- \/ Yoast SEO plugin. -->","yoast_head_json":{"title":"C\u00f3rdoba: se derrumb\u00f3 la medianera de una cochera y varios autos quedaron bajo los escombros - Lobos News","robots":{"index":"index","follow":"follow","max-snippet":"max-snippet:-1","max-image-preview":"max-image-preview:large","max-video-preview":"max-video-preview:-1"},"canonical":"https:\/\/lobosnews.com.ar\/index.php\/2026\/01\/21\/cordoba-se-derrumbo-la-medianera-de-una-cochera-y-varios-autos-quedaron-bajo-los-escombros\/","og_locale":"es_ES","og_type":"article","og_title":"C\u00f3rdoba: se derrumb\u00f3 la medianera de una cochera y varios autos quedaron bajo los escombros - Lobos News","og_description":"Una pared de una cochera ubicada en la calle Jacinto R\u00edos al 364 se desplom\u00f3 y aplast\u00f3 varios autos en el barrio General Paz, en la ciudad de C\u00f3rdoba. El hecho, que gener\u00f3 alarma entre los vecinos durante el mediod\u00eda de este mi\u00e9rcoles, se habr\u00eda originado por un socav\u00f3n atribuido a excavaciones en una obra...","og_url":"https:\/\/lobosnews.com.ar\/index.php\/2026\/01\/21\/cordoba-se-derrumbo-la-medianera-de-una-cochera-y-varios-autos-quedaron-bajo-los-escombros\/","og_site_name":"Lobos News","article_published_time":"2026-01-21T23:59:10+00:00","article_modified_time":"2026-01-22T02:38:46+00:00","og_image":[{"url":"https:\/\/lobosnews.com.ar\/wp-content\/uploads\/2026\/01\/cordoba-se-derrumbo-la-medianera-de-una-cochera-y-varios-autos-quedaron-bajo-los-escombros.jpg","type":"","width":"","height":""}],"author":"admin","twitter_card":"summary_large_image","twitter_misc":{"Escrito por":"admin","Tiempo de lectura":"4 minutos"},"schema":{"@context":"https:\/\/schema.org","@graph":[{"@type":"Article","@id":"https:\/\/lobosnews.com.ar\/index.php\/2026\/01\/21\/cordoba-se-derrumbo-la-medianera-de-una-cochera-y-varios-autos-quedaron-bajo-los-escombros\/#article","isPartOf":{"@id":"https:\/\/lobosnews.com.ar\/index.php\/2026\/01\/21\/cordoba-se-derrumbo-la-medianera-de-una-cochera-y-varios-autos-quedaron-bajo-los-escombros\/"},"author":{"name":"admin","@id":"https:\/\/lobosnews.com.ar\/#\/schema\/person\/232422a593d5c541dd9aef6aaed10943"},"headline":"C\u00f3rdoba: se derrumb\u00f3 la medianera de una cochera y varios autos quedaron bajo los escombros","datePublished":"2026-01-21T23:59:10+00:00","dateModified":"2026-01-22T02:38:46+00:00","mainEntityOfPage":{"@id":"https:\/\/lobosnews.com.ar\/index.php\/2026\/01\/21\/cordoba-se-derrumbo-la-medianera-de-una-cochera-y-varios-autos-quedaron-bajo-los-escombros\/"},"wordCount":746,"commentCount":0,"publisher":{"@id":"https:\/\/lobosnews.com.ar\/#organization"},"image":{"@id":"https:\/\/lobosnews.com.ar\/index.php\/2026\/01\/21\/cordoba-se-derrumbo-la-medianera-de-una-cochera-y-varios-autos-quedaron-bajo-los-escombros\/#primaryimage"},"thumbnailUrl":"https:\/\/lobosnews.com.ar\/wp-content\/uploads\/2026\/01\/cordoba-se-derrumbo-la-medianera-de-una-cochera-y-varios-autos-quedaron-bajo-los-escombros-2.jpg","articleSection":["Actualidad","Argentina","econom\u00eda","inseguridad","masradios.com","nacionales","seguridad","sociedad"],"inLanguage":"es","potentialAction":[{"@type":"CommentAction","name":"Comment","target":["https:\/\/lobosnews.com.ar\/index.php\/2026\/01\/21\/cordoba-se-derrumbo-la-medianera-de-una-cochera-y-varios-autos-quedaron-bajo-los-escombros\/#respond"]}]},{"@type":"WebPage","@id":"https:\/\/lobosnews.com.ar\/index.php\/2026\/01\/21\/cordoba-se-derrumbo-la-medianera-de-una-cochera-y-varios-autos-quedaron-bajo-los-escombros\/","url":"https:\/\/lobosnews.com.ar\/index.php\/2026\/01\/21\/cordoba-se-derrumbo-la-medianera-de-una-cochera-y-varios-autos-quedaron-bajo-los-escombros\/","name":"C\u00f3rdoba: se derrumb\u00f3 la medianera de una cochera y varios autos quedaron bajo los escombros - Lobos News","isPartOf":{"@id":"https:\/\/lobosnews.com.ar\/#website"},"primaryImageOfPage":{"@id":"https:\/\/lobosnews.com.ar\/index.php\/2026\/01\/21\/cordoba-se-derrumbo-la-medianera-de-una-cochera-y-varios-autos-quedaron-bajo-los-escombros\/#primaryimage"},"image":{"@id":"https:\/\/lobosnews.com.ar\/index.php\/2026\/01\/21\/cordoba-se-derrumbo-la-medianera-de-una-cochera-y-varios-autos-quedaron-bajo-los-escombros\/#primaryimage"},"thumbnailUrl":"https:\/\/lobosnews.com.ar\/wp-content\/uploads\/2026\/01\/cordoba-se-derrumbo-la-medianera-de-una-cochera-y-varios-autos-quedaron-bajo-los-escombros-2.jpg","datePublished":"2026-01-21T23:59:10+00:00","dateModified":"2026-01-22T02:38:46+00:00","breadcrumb":{"@id":"https:\/\/lobosnews.com.ar\/index.php\/2026\/01\/21\/cordoba-se-derrumbo-la-medianera-de-una-cochera-y-varios-autos-quedaron-bajo-los-escombros\/#breadcrumb"},"inLanguage":"es","potentialAction":[{"@type":"ReadAction","target":["https:\/\/lobosnews.com.ar\/index.php\/2026\/01\/21\/cordoba-se-derrumbo-la-medianera-de-una-cochera-y-varios-autos-quedaron-bajo-los-escombros\/"]}]},{"@type":"ImageObject","inLanguage":"es","@id":"https:\/\/lobosnews.com.ar\/index.php\/2026\/01\/21\/cordoba-se-derrumbo-la-medianera-de-una-cochera-y-varios-autos-quedaron-bajo-los-escombros\/#primaryimage","url":"https:\/\/lobosnews.com.ar\/wp-content\/uploads\/2026\/01\/cordoba-se-derrumbo-la-medianera-de-una-cochera-y-varios-autos-quedaron-bajo-los-escombros-2.jpg","contentUrl":"https:\/\/lobosnews.com.ar\/wp-content\/uploads\/2026\/01\/cordoba-se-derrumbo-la-medianera-de-una-cochera-y-varios-autos-quedaron-bajo-los-escombros-2.jpg","width":1600,"height":745,"caption":"C\u00f3rdoba: se derrumb\u00f3 la medianera de una cochera y varios autos quedaron bajo los escombros"},{"@type":"BreadcrumbList","@id":"https:\/\/lobosnews.com.ar\/index.php\/2026\/01\/21\/cordoba-se-derrumbo-la-medianera-de-una-cochera-y-varios-autos-quedaron-bajo-los-escombros\/#breadcrumb","itemListElement":[{"@type":"ListItem","position":1,"name":"Portada","item":"https:\/\/lobosnews.com.ar\/"},{"@type":"ListItem","position":2,"name":"C\u00f3rdoba: se derrumb\u00f3 la medianera de una cochera y varios autos quedaron bajo los escombros"}]},{"@type":"WebSite","@id":"https:\/\/lobosnews.com.ar\/#website","url":"https:\/\/lobosnews.com.ar\/","name":"Lobos News","description":"Informaci\u00f3n a cada instante","publisher":{"@id":"https:\/\/lobosnews.com.ar\/#organization"},"potentialAction":[{"@type":"SearchAction","target":{"@type":"EntryPoint","urlTemplate":"https:\/\/lobosnews.com.ar\/?s={search_term_string}"},"query-input":{"@type":"PropertyValueSpecification","valueRequired":true,"valueName":"search_term_string"}}],"inLanguage":"es"},{"@type":"Organization","@id":"https:\/\/lobosnews.com.ar\/#organization","name":"Lobos News","url":"https:\/\/lobosnews.com.ar\/","logo":{"@type":"ImageObject","inLanguage":"es","@id":"https:\/\/lobosnews.com.ar\/#\/schema\/logo\/image\/","url":"https:\/\/lobosnews.com.ar\/wp-content\/uploads\/2026\/01\/logo-lobosnews.png","contentUrl":"https:\/\/lobosnews.com.ar\/wp-content\/uploads\/2026\/01\/logo-lobosnews.png","width":500,"height":200,"caption":"Lobos News"},"image":{"@id":"https:\/\/lobosnews.com.ar\/#\/schema\/logo\/image\/"}},{"@type":"Person","@id":"https:\/\/lobosnews.com.ar\/#\/schema\/person\/232422a593d5c541dd9aef6aaed10943","name":"admin","image":{"@type":"ImageObject","inLanguage":"es","@id":"https:\/\/lobosnews.com.ar\/#\/schema\/person\/image\/","url":"https:\/\/secure.gravatar.com\/avatar\/76e419471a2083bc3ceab22a763dbbf9b0c1bd15a6214cf3280e2c2dde4580f9?s=96&d=mm&r=g","contentUrl":"https:\/\/secure.gravatar.com\/avatar\/76e419471a2083bc3ceab22a763dbbf9b0c1bd15a6214cf3280e2c2dde4580f9?s=96&d=mm&r=g","caption":"admin"},"sameAs":["https:\/\/lobosnews.com.ar"],"url":"https:\/\/lobosnews.com.ar\/index.php\/author\/lobos-news\/"}]}},"jetpack_featured_media_url":"https:\/\/lobosnews.com.ar\/wp-content\/uploads\/2026\/01\/cordoba-se-derrumbo-la-medianera-de-una-cochera-y-varios-autos-quedaron-bajo-los-escombros-2.jpg","jetpack_sharing_enabled":true,"_links":{"self":[{"href":"https:\/\/lobosnews.com.ar\/index.php\/wp-json\/wp\/v2\/posts\/9840","targetHints":{"allow":["GET"]}}],"collection":[{"href":"https:\/\/lobosnews.com.ar\/index.php\/wp-json\/wp\/v2\/posts"}],"about":[{"href":"https:\/\/lobosnews.com.ar\/index.php\/wp-json\/wp\/v2\/types\/post"}],"author":[{"embeddable":true,"href":"https:\/\/lobosnews.com.ar\/index.php\/wp-json\/wp\/v2\/users\/1"}],"replies":[{"embeddable":true,"href":"https:\/\/lobosnews.com.ar\/index.php\/wp-json\/wp\/v2\/comments?post=9840"}],"version-history":[{"count":1,"href":"https:\/\/lobosnews.com.ar\/index.php\/wp-json\/wp\/v2\/posts\/9840\/revisions"}],"predecessor-version":[{"id":9843,"href":"https:\/\/lobosnews.com.ar\/index.php\/wp-json\/wp\/v2\/posts\/9840\/revisions\/9843"}],"wp:featuredmedia":[{"embeddable":true,"href":"https:\/\/lobosnews.com.ar\/index.php\/wp-json\/wp\/v2\/media\/9844"}],"wp:attachment":[{"href":"https:\/\/lobosnews.com.ar\/index.php\/wp-json\/wp\/v2\/media?parent=9840"}],"wp:term":[{"taxonomy":"category","embeddable":true,"href":"https:\/\/lobosnews.com.ar\/index.php\/wp-json\/wp\/v2\/categories?post=9840"},{"taxonomy":"post_tag","embeddable":true,"href":"https:\/\/lobosnews.com.ar\/index.php\/wp-json\/wp\/v2\/tags?post=9840"}],"curies":[{"name":"wp","href":"https:\/\/api.w.org\/{rel}","templated":true}]}}