{"id":9830,"date":"2026-01-22T01:43:53","date_gmt":"2026-01-22T01:43:53","guid":{"rendered":"https:\/\/lobosnews.com.ar\/index.php\/2026\/01\/22\/otorgaron-prision-domiciliaria-al-lider-ruso-detenido-por-trata-de-personas-en-bariloche\/"},"modified":"2026-01-22T02:38:44","modified_gmt":"2026-01-22T02:38:44","slug":"otorgaron-prision-domiciliaria-al-lider-ruso-detenido-por-trata-de-personas-en-bariloche","status":"publish","type":"post","link":"https:\/\/lobosnews.com.ar\/index.php\/2026\/01\/22\/otorgaron-prision-domiciliaria-al-lider-ruso-detenido-por-trata-de-personas-en-bariloche\/","title":{"rendered":"Otorgaron prisi\u00f3n domiciliaria al l\u00edder ruso detenido por trata de personas en Bariloche"},"content":{"rendered":"<p><img fetchpriority=\"high\" decoding=\"async\" src=\"https:\/\/lobosnews.com.ar\/wp-content\/uploads\/2026\/01\/otorgaron-prision-domiciliaria-al-lider-ruso-detenido-por-trata-de-personas-en-bariloche.jpg\" alt=\"Rudnev fue arrestado en el aeropuerto de Bariloche junto a un grupo de mujeres de nacionalidad rusa\" height=\"1080\" width=\"1920\"\/><\/p>\n<p>El juez federal a cargo de la causa resolvi\u00f3 conceder <b>la prisi\u00f3n domiciliaria a <\/b><span class=\"waslinkname\"><b>Konstantin Rudnev<\/b><\/span>, acusado de encabezar una presunta secta con base en <b>Bariloche<\/b>, tras un extenso per\u00edodo de detenci\u00f3n en la Unidad 6 de <b>Rawson<\/b>. Seg\u00fan confirm\u00f3 la defensa del ciudadano ruso a <b>Infobae<\/b>, la decisi\u00f3n judicial se fundament\u00f3 en el grave deterioro de la salud del imputado y las deficiencias en la atenci\u00f3n m\u00e9dica que recibi\u00f3 durante casi seis meses de reclusi\u00f3n.<\/p>\n<p><b>Carlos Broitman<\/b>, abogado defensor, sostuvo que la medida resulta consecuencia de una \u201cnegligencia\u201d probada en la atenci\u00f3n sanitaria que recibi\u00f3 <b>Rudnev<\/b>. <b>\u201cDemostramos la negligencia despu\u00e9s de casi seis meses\u201d<\/b>, remarc\u00f3 el letrado en declaraciones al portal <i>Diario R\u00edo Negro<\/i>. La defensa detall\u00f3 que la presentaci\u00f3n de un perito de parte permiti\u00f3 corroborar la existencia de m\u00faltiples patolog\u00edas coincidentes con las observadas tambi\u00e9n por los m\u00e9dicos convocados por la acusaci\u00f3n.<\/p>\n<p>Durante la audiencia, que se realiz\u00f3 por videollamada y se extendi\u00f3 durante cuatro horas, el juez escuch\u00f3 los argumentos sobre la imposibilidad de garantizar un diagn\u00f3stico y tratamiento adecuados en el contexto carcelario. <b>\u201cNo se pod\u00eda diagnosticar y, si alg\u00fan diagn\u00f3stico sal\u00eda m\u00e1s o menos, era de peligro inminente en la vida de Rudnev; el juez entendi\u00f3 entonces que no se pod\u00eda tener a una persona sometida a un proceso en esas condiciones\u201d<\/b>, explic\u00f3 <b>Broitman<\/b>. <b>Rudnev<\/b> perdi\u00f3 cerca de 50 kilos desde el inicio de su detenci\u00f3n. La defensa enumer\u00f3 que el acusado padece hipertensi\u00f3n, problemas respiratorios y p\u00e9rdidas de sangre, adem\u00e1s de otras afecciones cl\u00ednicas, sumado a una alimentaci\u00f3n inadecuada.<\/p>\n<p>El expediente judicial, que mantiene al ciudadano ruso privado de la libertad desde el 28 de marzo de 2025, entrar\u00e1 en una nueva fase el pr\u00f3ximo 3 de abril. En esa fecha, la <b>Fiscal\u00eda Federal<\/b>, encabezada por <b>Fernando Arrigo<\/b>, deber\u00e1 presentar la acusaci\u00f3n formal contra <b>Rudnev<\/b> y varias mujeres de nacionalidad rusa, a quienes la investigaci\u00f3n considera parte de la estructura que \u00e9l habr\u00eda comandado en <b>Argentina<\/b>.<\/p>\n<p><img loading=\"lazy\" decoding=\"async\" src=\"https:\/\/lobosnews.com.ar\/wp-content\/uploads\/2026\/01\/otorgaron-prision-domiciliaria-al-lider-ruso-detenido-por-trata-de-personas-en-bariloche-1.jpg\" alt=\"La investigaci\u00f3n se inici\u00f3 tras una denuncia hospitalaria en Bariloche vinculada a una mujer rusa\" height=\"1081\" width=\"1920\"\/><\/p>\n<p>Uno de los elementos destacados por la defensa es la existencia de constancias escritas en las que el l\u00edder de su propia secta, <b>Ashram Shambala, <\/b>solicit\u00f3 reiteradas veces atenci\u00f3n m\u00e9dica. <b>\u201cQuedaron las pruebas de la negativa y \u00e9l firmaba: \u2018por favor, quiero ser atendido\u2019\u201d<\/b>, sostuvo <b>Broitman<\/b>. Adem\u00e1s, advirti\u00f3 sobre las dificultades derivadas de la barrera idiom\u00e1tica, ya que el personal penitenciario utilizaba traductores autom\u00e1ticos para transmitirle indicaciones sobre los medicamentos.<\/p>\n<p>En lo que respecta al fondo de la causa, el abogado fue tajante al afirmar que la defensa cuenta con elementos para \u201cdestruir toda la acusaci\u00f3n\u201d. La investigaci\u00f3n se origin\u00f3 tras una denuncia hospitalaria en <b>Bariloche<\/b>, donde una mujer rusa dio a luz supuestamente bajo presiones de una organizaci\u00f3n de tipo sectario. El abogado neg\u00f3 que existieran pruebas que acreditaran la vulnerabilidad de la joven madre, ni que fuera menor de edad en el momento del parto, y rechaz\u00f3 que se hubieran encontrado drogas ilegales en poder de <b>Rudnev<\/b>. \u201cSe dijo que ten\u00eda droga y se acredit\u00f3 que eran medicamentos, no pastillas de coca\u00edna; todo era medicina de venta libre\u201d, aclar\u00f3 <b>Broitman<\/b>.<\/p>\n<p>La investigaci\u00f3n, impulsada por la <b>Fiscal\u00eda Federal<\/b> y la <b>Polic\u00eda Federal Argentina<\/b>, tambi\u00e9n puso el foco en supuestas maniobras de lavado de dinero y tr\u00e1fico de personas. No obstante, la defensa desestim\u00f3 ambas hip\u00f3tesis y asegur\u00f3 que los bienes incautados se limitan a una camioneta, sin registros de compras ni movimientos patrimoniales durante la estad\u00eda del grupo en el pa\u00eds. \u201c\u00c9l vino a buscar la paz ac\u00e1, no vino a armar una escuela de yoga ni a promocionar un culto\u201d, expres\u00f3 <b>Broitman<\/b>.<\/p>\n<p>En cuanto al c\u00edrculo \u00edntimo de <b>Rudnev<\/b>, la defensa sostuvo que las mujeres que lo acompa\u00f1aban eran su esposa, una asistente y amigas, todas integrantes de su entorno personal y no v\u00edctimas como plantea la investigaci\u00f3n. \u201cTenemos elementos para destruir toda la acusaci\u00f3n, ni saben c\u00f3mo lo van a acusar\u201d, insisti\u00f3<b> <\/b>su abogado.<\/p>\n<p>La causa, que investiga la posible existencia de una organizaci\u00f3n dedicada al reclutamiento de mujeres rusas, despleg\u00f3 operativos y detenciones en <b>R\u00edo Negro<\/b>, <b>Neuqu\u00e9n<\/b> y <b>Buenos Aires<\/b>.<\/p>\n<h2>Qui\u00e9n es Konstantin Rudnev<\/h2>\n<p><img loading=\"lazy\" decoding=\"async\" src=\"https:\/\/lobosnews.com.ar\/wp-content\/uploads\/2026\/01\/otorgaron-prision-domiciliaria-al-lider-ruso-detenido-por-trata-de-personas-en-bariloche-2.jpg\" alt=\"La defensa denunci\u00f3 problemas de comunicaci\u00f3n y atenci\u00f3n m\u00e9dica en la Unidad 6 de Rawson\" height=\"520\" width=\"920\"\/><\/p>\n<p><b>Konstantin Rudnev<\/b> fue condenado en 2013 a 11 a\u00f1os de prisi\u00f3n en <b>Siberia<\/b> por delitos sexuales contra seguidoras de su organizaci\u00f3n. Fundador de la secta <b>Ashram Shambala<\/b> a fines de los a\u00f1os 80 en <b>Novosibirsk<\/b>, lleg\u00f3 a reunir hasta 20 mil seguidores. La agrupaci\u00f3n, seg\u00fan reportes citados por <i>Infobae<\/i>, operaba bajo din\u00e1micas propias de las organizaciones sectarias, incluyendo la captaci\u00f3n de bienes y sumisi\u00f3n psicol\u00f3gica.<\/p>\n<p>La historia de <b>Rudnev<\/b> en <b>Argentina<\/b> comenz\u00f3 cuando fue arrestado en el aeropuerto de <b>Bariloche<\/b> junto a varias mujeres rusas, todas con pasajes hacia <b>Buenos Aires<\/b> y luego a <b>Brasil<\/b>. Ese episodio marc\u00f3 el inicio de la investigaci\u00f3n local, en la que se lo vincula con la presunta radicaci\u00f3n de su grupo en el pa\u00eds y con el dictado de cursos de yoga de alto costo.<\/p>\n<p>El expediente, a cargo del fiscal <b>Fernando Arrigo<\/b>, involucra a otras trece personas, la mayor\u00eda de nacionalidad rusa. La identidad del padre del beb\u00e9 de la mujer que dio a luz en <b>Bariloche<\/b> sigue siendo materia de investigaci\u00f3n, as\u00ed como el alcance de las actividades del grupo en territorio argentino.<\/p>\n<p>El arresto de <b>Rudnev<\/b> en el pa\u00eds se produjo en un contexto en el que las autoridades sospechan que intentaba establecer una nueva sede de <b>Ashram Shambala<\/b> en <b>Sudam\u00e9rica<\/b>. La investigaci\u00f3n de las autoridades locales contin\u00faa mientras el caso avanza hacia la etapa de acusaci\u00f3n formal y se mantiene la expectativa sobre el futuro judicial del ciudadano ruso.<\/p>\n","protected":false},"excerpt":{"rendered":"<p>El juez federal a cargo de la causa resolvi\u00f3 conceder la prisi\u00f3n domiciliaria a Konstantin Rudnev, acusado de encabezar una presunta secta con base en Bariloche, tras un extenso per\u00edodo de detenci\u00f3n en la Unidad 6 de Rawson. Seg\u00fan confirm\u00f3 la defensa del ciudadano ruso a Infobae, la decisi\u00f3n judicial se fundament\u00f3 en el grave&#8230;<\/p>\n","protected":false},"author":1,"featured_media":9835,"comment_status":"open","ping_status":"closed","sticky":false,"template":"","format":"standard","meta":{"_jetpack_memberships_contains_paid_content":false,"footnotes":""},"categories":[31,30,32,77,84,35,36,37],"tags":[],"class_list":["post-9830","post","type-post","status-publish","format-standard","has-post-thumbnail","hentry","category-actualidad","category-argentina","category-economia","category-inseguridad","category-masradios-com","category-nacionales","category-seguridad","category-sociedad"],"magazineBlocksPostFeaturedMedia":{"thumbnail":"https:\/\/lobosnews.com.ar\/wp-content\/uploads\/2026\/01\/otorgaron-prision-domiciliaria-al-lider-ruso-detenido-por-trata-de-personas-en-bariloche-4-150x150.jpg","medium":"https:\/\/lobosnews.com.ar\/wp-content\/uploads\/2026\/01\/otorgaron-prision-domiciliaria-al-lider-ruso-detenido-por-trata-de-personas-en-bariloche-4-300x170.jpg","medium_large":"https:\/\/lobosnews.com.ar\/wp-content\/uploads\/2026\/01\/otorgaron-prision-domiciliaria-al-lider-ruso-detenido-por-trata-de-personas-en-bariloche-4-768x434.jpg","large":"https:\/\/lobosnews.com.ar\/wp-content\/uploads\/2026\/01\/otorgaron-prision-domiciliaria-al-lider-ruso-detenido-por-trata-de-personas-en-bariloche-4.jpg","1536x1536":"https:\/\/lobosnews.com.ar\/wp-content\/uploads\/2026\/01\/otorgaron-prision-domiciliaria-al-lider-ruso-detenido-por-trata-de-personas-en-bariloche-4.jpg","2048x2048":"https:\/\/lobosnews.com.ar\/wp-content\/uploads\/2026\/01\/otorgaron-prision-domiciliaria-al-lider-ruso-detenido-por-trata-de-personas-en-bariloche-4.jpg","newsmatic-featured":"https:\/\/lobosnews.com.ar\/wp-content\/uploads\/2026\/01\/otorgaron-prision-domiciliaria-al-lider-ruso-detenido-por-trata-de-personas-en-bariloche-4-820x520.jpg","newsmatic-list":"https:\/\/lobosnews.com.ar\/wp-content\/uploads\/2026\/01\/otorgaron-prision-domiciliaria-al-lider-ruso-detenido-por-trata-de-personas-en-bariloche-4-600x400.jpg","newsmatic-thumb":"https:\/\/lobosnews.com.ar\/wp-content\/uploads\/2026\/01\/otorgaron-prision-domiciliaria-al-lider-ruso-detenido-por-trata-de-personas-en-bariloche-4-300x200.jpg","newsmatic-small":"https:\/\/lobosnews.com.ar\/wp-content\/uploads\/2026\/01\/otorgaron-prision-domiciliaria-al-lider-ruso-detenido-por-trata-de-personas-en-bariloche-4-150x95.jpg","newsmatic-grid":"https:\/\/lobosnews.com.ar\/wp-content\/uploads\/2026\/01\/otorgaron-prision-domiciliaria-al-lider-ruso-detenido-por-trata-de-personas-en-bariloche-4-400x250.jpg"},"magazineBlocksPostAuthor":{"name":"admin","avatar":"https:\/\/secure.gravatar.com\/avatar\/76e419471a2083bc3ceab22a763dbbf9b0c1bd15a6214cf3280e2c2dde4580f9?s=96&d=mm&r=g"},"magazineBlocksPostCommentsNumber":"0","magazineBlocksPostExcerpt":"El juez federal a cargo de la causa resolvi\u00f3 conceder la prisi\u00f3n domiciliaria a Konstantin Rudnev, acusado de encabezar una presunta secta con base en Bariloche, tras un extenso per\u00edodo de detenci\u00f3n en la Unidad 6 de Rawson. Seg\u00fan confirm\u00f3 la defensa del ciudadano ruso a Infobae, la decisi\u00f3n judicial se fundament\u00f3 en el grave...","magazineBlocksPostCategories":["Actualidad","Argentina","econom\u00eda","inseguridad","masradios.com","nacionales","seguridad","sociedad"],"magazineBlocksPostViewCount":165,"magazineBlocksPostReadTime":5,"magazine_blocks_featured_image_url":{"full":["https:\/\/lobosnews.com.ar\/wp-content\/uploads\/2026\/01\/otorgaron-prision-domiciliaria-al-lider-ruso-detenido-por-trata-de-personas-en-bariloche-4.jpg",920,520,false],"medium":["https:\/\/lobosnews.com.ar\/wp-content\/uploads\/2026\/01\/otorgaron-prision-domiciliaria-al-lider-ruso-detenido-por-trata-de-personas-en-bariloche-4-300x170.jpg",300,170,true],"thumbnail":["https:\/\/lobosnews.com.ar\/wp-content\/uploads\/2026\/01\/otorgaron-prision-domiciliaria-al-lider-ruso-detenido-por-trata-de-personas-en-bariloche-4-150x150.jpg",150,150,true]},"magazine_blocks_author":{"display_name":"admin","author_link":"https:\/\/lobosnews.com.ar\/index.php\/author\/lobos-news\/"},"magazine_blocks_comment":1,"magazine_blocks_author_image":"https:\/\/secure.gravatar.com\/avatar\/76e419471a2083bc3ceab22a763dbbf9b0c1bd15a6214cf3280e2c2dde4580f9?s=96&d=mm&r=g","magazine_blocks_category":"<a href=\"#\" class=\"category-link category-link-31\">Actualidad<\/a> <a href=\"#\" class=\"category-link category-link-30\">Argentina<\/a> <a href=\"#\" class=\"category-link category-link-32\">econom\u00eda<\/a> <a href=\"#\" class=\"category-link category-link-77\">inseguridad<\/a> <a href=\"#\" class=\"category-link category-link-84\">masradios.com<\/a> <a href=\"#\" class=\"category-link category-link-35\">nacionales<\/a> <a href=\"#\" class=\"category-link category-link-36\">seguridad<\/a> <a href=\"#\" class=\"category-link category-link-37\">sociedad<\/a>","yoast_head":"<!-- This site is optimized with the Yoast SEO plugin v26.6 - https:\/\/yoast.com\/wordpress\/plugins\/seo\/ -->\n<title>Otorgaron prisi\u00f3n domiciliaria al l\u00edder ruso detenido por trata de personas en Bariloche - Lobos News<\/title>\n<meta name=\"robots\" content=\"index, follow, max-snippet:-1, max-image-preview:large, max-video-preview:-1\" \/>\n<link rel=\"canonical\" href=\"https:\/\/lobosnews.com.ar\/index.php\/2026\/01\/22\/otorgaron-prision-domiciliaria-al-lider-ruso-detenido-por-trata-de-personas-en-bariloche\/\" \/>\n<meta property=\"og:locale\" content=\"es_ES\" \/>\n<meta property=\"og:type\" content=\"article\" \/>\n<meta property=\"og:title\" content=\"Otorgaron prisi\u00f3n domiciliaria al l\u00edder ruso detenido por trata de personas en Bariloche - Lobos News\" \/>\n<meta property=\"og:description\" content=\"El juez federal a cargo de la causa resolvi\u00f3 conceder la prisi\u00f3n domiciliaria a Konstantin Rudnev, acusado de encabezar una presunta secta con base en Bariloche, tras un extenso per\u00edodo de detenci\u00f3n en la Unidad 6 de Rawson. Seg\u00fan confirm\u00f3 la defensa del ciudadano ruso a Infobae, la decisi\u00f3n judicial se fundament\u00f3 en el grave...\" \/>\n<meta property=\"og:url\" content=\"https:\/\/lobosnews.com.ar\/index.php\/2026\/01\/22\/otorgaron-prision-domiciliaria-al-lider-ruso-detenido-por-trata-de-personas-en-bariloche\/\" \/>\n<meta property=\"og:site_name\" content=\"Lobos News\" \/>\n<meta property=\"article:published_time\" content=\"2026-01-22T01:43:53+00:00\" \/>\n<meta property=\"article:modified_time\" content=\"2026-01-22T02:38:44+00:00\" \/>\n<meta property=\"og:image\" content=\"https:\/\/lobosnews.com.ar\/wp-content\/uploads\/2026\/01\/otorgaron-prision-domiciliaria-al-lider-ruso-detenido-por-trata-de-personas-en-bariloche.jpg\" \/>\n<meta name=\"author\" content=\"admin\" \/>\n<meta name=\"twitter:card\" content=\"summary_large_image\" \/>\n<meta name=\"twitter:label1\" content=\"Escrito por\" \/>\n\t<meta name=\"twitter:data1\" content=\"admin\" \/>\n\t<meta name=\"twitter:label2\" content=\"Tiempo de lectura\" \/>\n\t<meta name=\"twitter:data2\" content=\"5 minutos\" \/>\n<script type=\"application\/ld+json\" class=\"yoast-schema-graph\">{\"@context\":\"https:\/\/schema.org\",\"@graph\":[{\"@type\":\"Article\",\"@id\":\"https:\/\/lobosnews.com.ar\/index.php\/2026\/01\/22\/otorgaron-prision-domiciliaria-al-lider-ruso-detenido-por-trata-de-personas-en-bariloche\/#article\",\"isPartOf\":{\"@id\":\"https:\/\/lobosnews.com.ar\/index.php\/2026\/01\/22\/otorgaron-prision-domiciliaria-al-lider-ruso-detenido-por-trata-de-personas-en-bariloche\/\"},\"author\":{\"name\":\"admin\",\"@id\":\"https:\/\/lobosnews.com.ar\/#\/schema\/person\/232422a593d5c541dd9aef6aaed10943\"},\"headline\":\"Otorgaron prisi\u00f3n domiciliaria al l\u00edder ruso detenido por trata de personas en Bariloche\",\"datePublished\":\"2026-01-22T01:43:53+00:00\",\"dateModified\":\"2026-01-22T02:38:44+00:00\",\"mainEntityOfPage\":{\"@id\":\"https:\/\/lobosnews.com.ar\/index.php\/2026\/01\/22\/otorgaron-prision-domiciliaria-al-lider-ruso-detenido-por-trata-de-personas-en-bariloche\/\"},\"wordCount\":1000,\"commentCount\":0,\"publisher\":{\"@id\":\"https:\/\/lobosnews.com.ar\/#organization\"},\"image\":{\"@id\":\"https:\/\/lobosnews.com.ar\/index.php\/2026\/01\/22\/otorgaron-prision-domiciliaria-al-lider-ruso-detenido-por-trata-de-personas-en-bariloche\/#primaryimage\"},\"thumbnailUrl\":\"https:\/\/lobosnews.com.ar\/wp-content\/uploads\/2026\/01\/otorgaron-prision-domiciliaria-al-lider-ruso-detenido-por-trata-de-personas-en-bariloche-4.jpg\",\"articleSection\":[\"Actualidad\",\"Argentina\",\"econom\u00eda\",\"inseguridad\",\"masradios.com\",\"nacionales\",\"seguridad\",\"sociedad\"],\"inLanguage\":\"es\",\"potentialAction\":[{\"@type\":\"CommentAction\",\"name\":\"Comment\",\"target\":[\"https:\/\/lobosnews.com.ar\/index.php\/2026\/01\/22\/otorgaron-prision-domiciliaria-al-lider-ruso-detenido-por-trata-de-personas-en-bariloche\/#respond\"]}]},{\"@type\":\"WebPage\",\"@id\":\"https:\/\/lobosnews.com.ar\/index.php\/2026\/01\/22\/otorgaron-prision-domiciliaria-al-lider-ruso-detenido-por-trata-de-personas-en-bariloche\/\",\"url\":\"https:\/\/lobosnews.com.ar\/index.php\/2026\/01\/22\/otorgaron-prision-domiciliaria-al-lider-ruso-detenido-por-trata-de-personas-en-bariloche\/\",\"name\":\"Otorgaron prisi\u00f3n domiciliaria al l\u00edder ruso detenido por trata de personas en Bariloche - Lobos News\",\"isPartOf\":{\"@id\":\"https:\/\/lobosnews.com.ar\/#website\"},\"primaryImageOfPage\":{\"@id\":\"https:\/\/lobosnews.com.ar\/index.php\/2026\/01\/22\/otorgaron-prision-domiciliaria-al-lider-ruso-detenido-por-trata-de-personas-en-bariloche\/#primaryimage\"},\"image\":{\"@id\":\"https:\/\/lobosnews.com.ar\/index.php\/2026\/01\/22\/otorgaron-prision-domiciliaria-al-lider-ruso-detenido-por-trata-de-personas-en-bariloche\/#primaryimage\"},\"thumbnailUrl\":\"https:\/\/lobosnews.com.ar\/wp-content\/uploads\/2026\/01\/otorgaron-prision-domiciliaria-al-lider-ruso-detenido-por-trata-de-personas-en-bariloche-4.jpg\",\"datePublished\":\"2026-01-22T01:43:53+00:00\",\"dateModified\":\"2026-01-22T02:38:44+00:00\",\"breadcrumb\":{\"@id\":\"https:\/\/lobosnews.com.ar\/index.php\/2026\/01\/22\/otorgaron-prision-domiciliaria-al-lider-ruso-detenido-por-trata-de-personas-en-bariloche\/#breadcrumb\"},\"inLanguage\":\"es\",\"potentialAction\":[{\"@type\":\"ReadAction\",\"target\":[\"https:\/\/lobosnews.com.ar\/index.php\/2026\/01\/22\/otorgaron-prision-domiciliaria-al-lider-ruso-detenido-por-trata-de-personas-en-bariloche\/\"]}]},{\"@type\":\"ImageObject\",\"inLanguage\":\"es\",\"@id\":\"https:\/\/lobosnews.com.ar\/index.php\/2026\/01\/22\/otorgaron-prision-domiciliaria-al-lider-ruso-detenido-por-trata-de-personas-en-bariloche\/#primaryimage\",\"url\":\"https:\/\/lobosnews.com.ar\/wp-content\/uploads\/2026\/01\/otorgaron-prision-domiciliaria-al-lider-ruso-detenido-por-trata-de-personas-en-bariloche-4.jpg\",\"contentUrl\":\"https:\/\/lobosnews.com.ar\/wp-content\/uploads\/2026\/01\/otorgaron-prision-domiciliaria-al-lider-ruso-detenido-por-trata-de-personas-en-bariloche-4.jpg\",\"width\":920,\"height\":520,\"caption\":\"Otorgaron prisi\u00f3n domiciliaria al l\u00edder ruso detenido por trata de personas en Bariloche\"},{\"@type\":\"BreadcrumbList\",\"@id\":\"https:\/\/lobosnews.com.ar\/index.php\/2026\/01\/22\/otorgaron-prision-domiciliaria-al-lider-ruso-detenido-por-trata-de-personas-en-bariloche\/#breadcrumb\",\"itemListElement\":[{\"@type\":\"ListItem\",\"position\":1,\"name\":\"Portada\",\"item\":\"https:\/\/lobosnews.com.ar\/\"},{\"@type\":\"ListItem\",\"position\":2,\"name\":\"Otorgaron prisi\u00f3n domiciliaria al l\u00edder ruso detenido por trata de personas en Bariloche\"}]},{\"@type\":\"WebSite\",\"@id\":\"https:\/\/lobosnews.com.ar\/#website\",\"url\":\"https:\/\/lobosnews.com.ar\/\",\"name\":\"Lobos News\",\"description\":\"Informaci\u00f3n a cada instante\",\"publisher\":{\"@id\":\"https:\/\/lobosnews.com.ar\/#organization\"},\"potentialAction\":[{\"@type\":\"SearchAction\",\"target\":{\"@type\":\"EntryPoint\",\"urlTemplate\":\"https:\/\/lobosnews.com.ar\/?s={search_term_string}\"},\"query-input\":{\"@type\":\"PropertyValueSpecification\",\"valueRequired\":true,\"valueName\":\"search_term_string\"}}],\"inLanguage\":\"es\"},{\"@type\":\"Organization\",\"@id\":\"https:\/\/lobosnews.com.ar\/#organization\",\"name\":\"Lobos News\",\"url\":\"https:\/\/lobosnews.com.ar\/\",\"logo\":{\"@type\":\"ImageObject\",\"inLanguage\":\"es\",\"@id\":\"https:\/\/lobosnews.com.ar\/#\/schema\/logo\/image\/\",\"url\":\"https:\/\/lobosnews.com.ar\/wp-content\/uploads\/2026\/01\/logo-lobosnews.png\",\"contentUrl\":\"https:\/\/lobosnews.com.ar\/wp-content\/uploads\/2026\/01\/logo-lobosnews.png\",\"width\":500,\"height\":200,\"caption\":\"Lobos News\"},\"image\":{\"@id\":\"https:\/\/lobosnews.com.ar\/#\/schema\/logo\/image\/\"}},{\"@type\":\"Person\",\"@id\":\"https:\/\/lobosnews.com.ar\/#\/schema\/person\/232422a593d5c541dd9aef6aaed10943\",\"name\":\"admin\",\"image\":{\"@type\":\"ImageObject\",\"inLanguage\":\"es\",\"@id\":\"https:\/\/lobosnews.com.ar\/#\/schema\/person\/image\/\",\"url\":\"https:\/\/secure.gravatar.com\/avatar\/76e419471a2083bc3ceab22a763dbbf9b0c1bd15a6214cf3280e2c2dde4580f9?s=96&d=mm&r=g\",\"contentUrl\":\"https:\/\/secure.gravatar.com\/avatar\/76e419471a2083bc3ceab22a763dbbf9b0c1bd15a6214cf3280e2c2dde4580f9?s=96&d=mm&r=g\",\"caption\":\"admin\"},\"sameAs\":[\"https:\/\/lobosnews.com.ar\"],\"url\":\"https:\/\/lobosnews.com.ar\/index.php\/author\/lobos-news\/\"}]}<\/script>\n<!-- \/ Yoast SEO plugin. -->","yoast_head_json":{"title":"Otorgaron prisi\u00f3n domiciliaria al l\u00edder ruso detenido por trata de personas en Bariloche - Lobos News","robots":{"index":"index","follow":"follow","max-snippet":"max-snippet:-1","max-image-preview":"max-image-preview:large","max-video-preview":"max-video-preview:-1"},"canonical":"https:\/\/lobosnews.com.ar\/index.php\/2026\/01\/22\/otorgaron-prision-domiciliaria-al-lider-ruso-detenido-por-trata-de-personas-en-bariloche\/","og_locale":"es_ES","og_type":"article","og_title":"Otorgaron prisi\u00f3n domiciliaria al l\u00edder ruso detenido por trata de personas en Bariloche - Lobos News","og_description":"El juez federal a cargo de la causa resolvi\u00f3 conceder la prisi\u00f3n domiciliaria a Konstantin Rudnev, acusado de encabezar una presunta secta con base en Bariloche, tras un extenso per\u00edodo de detenci\u00f3n en la Unidad 6 de Rawson. Seg\u00fan confirm\u00f3 la defensa del ciudadano ruso a Infobae, la decisi\u00f3n judicial se fundament\u00f3 en el grave...","og_url":"https:\/\/lobosnews.com.ar\/index.php\/2026\/01\/22\/otorgaron-prision-domiciliaria-al-lider-ruso-detenido-por-trata-de-personas-en-bariloche\/","og_site_name":"Lobos News","article_published_time":"2026-01-22T01:43:53+00:00","article_modified_time":"2026-01-22T02:38:44+00:00","og_image":[{"url":"https:\/\/lobosnews.com.ar\/wp-content\/uploads\/2026\/01\/otorgaron-prision-domiciliaria-al-lider-ruso-detenido-por-trata-de-personas-en-bariloche.jpg","type":"","width":"","height":""}],"author":"admin","twitter_card":"summary_large_image","twitter_misc":{"Escrito por":"admin","Tiempo de lectura":"5 minutos"},"schema":{"@context":"https:\/\/schema.org","@graph":[{"@type":"Article","@id":"https:\/\/lobosnews.com.ar\/index.php\/2026\/01\/22\/otorgaron-prision-domiciliaria-al-lider-ruso-detenido-por-trata-de-personas-en-bariloche\/#article","isPartOf":{"@id":"https:\/\/lobosnews.com.ar\/index.php\/2026\/01\/22\/otorgaron-prision-domiciliaria-al-lider-ruso-detenido-por-trata-de-personas-en-bariloche\/"},"author":{"name":"admin","@id":"https:\/\/lobosnews.com.ar\/#\/schema\/person\/232422a593d5c541dd9aef6aaed10943"},"headline":"Otorgaron prisi\u00f3n domiciliaria al l\u00edder ruso detenido por trata de personas en Bariloche","datePublished":"2026-01-22T01:43:53+00:00","dateModified":"2026-01-22T02:38:44+00:00","mainEntityOfPage":{"@id":"https:\/\/lobosnews.com.ar\/index.php\/2026\/01\/22\/otorgaron-prision-domiciliaria-al-lider-ruso-detenido-por-trata-de-personas-en-bariloche\/"},"wordCount":1000,"commentCount":0,"publisher":{"@id":"https:\/\/lobosnews.com.ar\/#organization"},"image":{"@id":"https:\/\/lobosnews.com.ar\/index.php\/2026\/01\/22\/otorgaron-prision-domiciliaria-al-lider-ruso-detenido-por-trata-de-personas-en-bariloche\/#primaryimage"},"thumbnailUrl":"https:\/\/lobosnews.com.ar\/wp-content\/uploads\/2026\/01\/otorgaron-prision-domiciliaria-al-lider-ruso-detenido-por-trata-de-personas-en-bariloche-4.jpg","articleSection":["Actualidad","Argentina","econom\u00eda","inseguridad","masradios.com","nacionales","seguridad","sociedad"],"inLanguage":"es","potentialAction":[{"@type":"CommentAction","name":"Comment","target":["https:\/\/lobosnews.com.ar\/index.php\/2026\/01\/22\/otorgaron-prision-domiciliaria-al-lider-ruso-detenido-por-trata-de-personas-en-bariloche\/#respond"]}]},{"@type":"WebPage","@id":"https:\/\/lobosnews.com.ar\/index.php\/2026\/01\/22\/otorgaron-prision-domiciliaria-al-lider-ruso-detenido-por-trata-de-personas-en-bariloche\/","url":"https:\/\/lobosnews.com.ar\/index.php\/2026\/01\/22\/otorgaron-prision-domiciliaria-al-lider-ruso-detenido-por-trata-de-personas-en-bariloche\/","name":"Otorgaron prisi\u00f3n domiciliaria al l\u00edder ruso detenido por trata de personas en Bariloche - Lobos News","isPartOf":{"@id":"https:\/\/lobosnews.com.ar\/#website"},"primaryImageOfPage":{"@id":"https:\/\/lobosnews.com.ar\/index.php\/2026\/01\/22\/otorgaron-prision-domiciliaria-al-lider-ruso-detenido-por-trata-de-personas-en-bariloche\/#primaryimage"},"image":{"@id":"https:\/\/lobosnews.com.ar\/index.php\/2026\/01\/22\/otorgaron-prision-domiciliaria-al-lider-ruso-detenido-por-trata-de-personas-en-bariloche\/#primaryimage"},"thumbnailUrl":"https:\/\/lobosnews.com.ar\/wp-content\/uploads\/2026\/01\/otorgaron-prision-domiciliaria-al-lider-ruso-detenido-por-trata-de-personas-en-bariloche-4.jpg","datePublished":"2026-01-22T01:43:53+00:00","dateModified":"2026-01-22T02:38:44+00:00","breadcrumb":{"@id":"https:\/\/lobosnews.com.ar\/index.php\/2026\/01\/22\/otorgaron-prision-domiciliaria-al-lider-ruso-detenido-por-trata-de-personas-en-bariloche\/#breadcrumb"},"inLanguage":"es","potentialAction":[{"@type":"ReadAction","target":["https:\/\/lobosnews.com.ar\/index.php\/2026\/01\/22\/otorgaron-prision-domiciliaria-al-lider-ruso-detenido-por-trata-de-personas-en-bariloche\/"]}]},{"@type":"ImageObject","inLanguage":"es","@id":"https:\/\/lobosnews.com.ar\/index.php\/2026\/01\/22\/otorgaron-prision-domiciliaria-al-lider-ruso-detenido-por-trata-de-personas-en-bariloche\/#primaryimage","url":"https:\/\/lobosnews.com.ar\/wp-content\/uploads\/2026\/01\/otorgaron-prision-domiciliaria-al-lider-ruso-detenido-por-trata-de-personas-en-bariloche-4.jpg","contentUrl":"https:\/\/lobosnews.com.ar\/wp-content\/uploads\/2026\/01\/otorgaron-prision-domiciliaria-al-lider-ruso-detenido-por-trata-de-personas-en-bariloche-4.jpg","width":920,"height":520,"caption":"Otorgaron prisi\u00f3n domiciliaria al l\u00edder ruso detenido por trata de personas en Bariloche"},{"@type":"BreadcrumbList","@id":"https:\/\/lobosnews.com.ar\/index.php\/2026\/01\/22\/otorgaron-prision-domiciliaria-al-lider-ruso-detenido-por-trata-de-personas-en-bariloche\/#breadcrumb","itemListElement":[{"@type":"ListItem","position":1,"name":"Portada","item":"https:\/\/lobosnews.com.ar\/"},{"@type":"ListItem","position":2,"name":"Otorgaron prisi\u00f3n domiciliaria al l\u00edder ruso detenido por trata de personas en Bariloche"}]},{"@type":"WebSite","@id":"https:\/\/lobosnews.com.ar\/#website","url":"https:\/\/lobosnews.com.ar\/","name":"Lobos News","description":"Informaci\u00f3n a cada instante","publisher":{"@id":"https:\/\/lobosnews.com.ar\/#organization"},"potentialAction":[{"@type":"SearchAction","target":{"@type":"EntryPoint","urlTemplate":"https:\/\/lobosnews.com.ar\/?s={search_term_string}"},"query-input":{"@type":"PropertyValueSpecification","valueRequired":true,"valueName":"search_term_string"}}],"inLanguage":"es"},{"@type":"Organization","@id":"https:\/\/lobosnews.com.ar\/#organization","name":"Lobos News","url":"https:\/\/lobosnews.com.ar\/","logo":{"@type":"ImageObject","inLanguage":"es","@id":"https:\/\/lobosnews.com.ar\/#\/schema\/logo\/image\/","url":"https:\/\/lobosnews.com.ar\/wp-content\/uploads\/2026\/01\/logo-lobosnews.png","contentUrl":"https:\/\/lobosnews.com.ar\/wp-content\/uploads\/2026\/01\/logo-lobosnews.png","width":500,"height":200,"caption":"Lobos News"},"image":{"@id":"https:\/\/lobosnews.com.ar\/#\/schema\/logo\/image\/"}},{"@type":"Person","@id":"https:\/\/lobosnews.com.ar\/#\/schema\/person\/232422a593d5c541dd9aef6aaed10943","name":"admin","image":{"@type":"ImageObject","inLanguage":"es","@id":"https:\/\/lobosnews.com.ar\/#\/schema\/person\/image\/","url":"https:\/\/secure.gravatar.com\/avatar\/76e419471a2083bc3ceab22a763dbbf9b0c1bd15a6214cf3280e2c2dde4580f9?s=96&d=mm&r=g","contentUrl":"https:\/\/secure.gravatar.com\/avatar\/76e419471a2083bc3ceab22a763dbbf9b0c1bd15a6214cf3280e2c2dde4580f9?s=96&d=mm&r=g","caption":"admin"},"sameAs":["https:\/\/lobosnews.com.ar"],"url":"https:\/\/lobosnews.com.ar\/index.php\/author\/lobos-news\/"}]}},"jetpack_featured_media_url":"https:\/\/lobosnews.com.ar\/wp-content\/uploads\/2026\/01\/otorgaron-prision-domiciliaria-al-lider-ruso-detenido-por-trata-de-personas-en-bariloche-4.jpg","jetpack_sharing_enabled":true,"_links":{"self":[{"href":"https:\/\/lobosnews.com.ar\/index.php\/wp-json\/wp\/v2\/posts\/9830","targetHints":{"allow":["GET"]}}],"collection":[{"href":"https:\/\/lobosnews.com.ar\/index.php\/wp-json\/wp\/v2\/posts"}],"about":[{"href":"https:\/\/lobosnews.com.ar\/index.php\/wp-json\/wp\/v2\/types\/post"}],"author":[{"embeddable":true,"href":"https:\/\/lobosnews.com.ar\/index.php\/wp-json\/wp\/v2\/users\/1"}],"replies":[{"embeddable":true,"href":"https:\/\/lobosnews.com.ar\/index.php\/wp-json\/wp\/v2\/comments?post=9830"}],"version-history":[{"count":1,"href":"https:\/\/lobosnews.com.ar\/index.php\/wp-json\/wp\/v2\/posts\/9830\/revisions"}],"predecessor-version":[{"id":9834,"href":"https:\/\/lobosnews.com.ar\/index.php\/wp-json\/wp\/v2\/posts\/9830\/revisions\/9834"}],"wp:featuredmedia":[{"embeddable":true,"href":"https:\/\/lobosnews.com.ar\/index.php\/wp-json\/wp\/v2\/media\/9835"}],"wp:attachment":[{"href":"https:\/\/lobosnews.com.ar\/index.php\/wp-json\/wp\/v2\/media?parent=9830"}],"wp:term":[{"taxonomy":"category","embeddable":true,"href":"https:\/\/lobosnews.com.ar\/index.php\/wp-json\/wp\/v2\/categories?post=9830"},{"taxonomy":"post_tag","embeddable":true,"href":"https:\/\/lobosnews.com.ar\/index.php\/wp-json\/wp\/v2\/tags?post=9830"}],"curies":[{"name":"wp","href":"https:\/\/api.w.org\/{rel}","templated":true}]}}