{"id":98262,"date":"2026-09-06T17:09:01","date_gmt":"2026-09-06T17:09:01","guid":{"rendered":"https:\/\/lobosnews.com.ar\/?p=98262"},"modified":"2026-09-06T20:02:18","modified_gmt":"2026-09-06T20:02:18","slug":"el-tierno-posteo-de-mica-lapegue-por-el-cumpleanos-de-su-padre-sergio-orgullosa-y-agradecida","status":"publish","type":"post","link":"https:\/\/lobosnews.com.ar\/index.php\/2026\/09\/06\/el-tierno-posteo-de-mica-lapegue-por-el-cumpleanos-de-su-padre-sergio-orgullosa-y-agradecida\/","title":{"rendered":"El tierno posteo de Mica Lapeg\u00fce por el cumplea\u00f1os de su padre Sergio: \u201cOrgullosa y agradecida\u201d"},"content":{"rendered":"<p>En el d\u00eda de su cumplea\u00f1os, <span class=\"waslinkname\"><b>Sergio Lapeg\u00fce <\/b><\/span><b>recibi\u00f3 un mensaje cargado de afecto de su hija <\/b><span class=\"waslinkname\"><b>Mica<\/b>,<\/span> que comparti\u00f3 en redes sociales una serie de im\u00e1genes y videos del festejo familiar, con una dedicatoria en la que lo defini\u00f3 como \u201c<b>mi pap\u00e1, mi amigo, mi compa\u00f1ero de todo<\/b>\u201d. La publicaci\u00f3n mostr\u00f3 adem\u00e1s un momento \u00edntimo entre ambos, con el periodista junto a la panza de su hija embarazada, ya en <span class=\"waslinkname\">la etapa final antes del nacimiento de su nieta<\/span>.<\/p>\n<p>El posteo puso el foco en el v\u00ednculo entre Mica y el periodista en una fecha especial para la familia. Entre las fotos que eligi\u00f3 para saludarlo, una de las escenas m\u00e1s destacadas dej\u00f3 ver al conductor<b> d\u00e1ndole un beso a la panza de su hija, que est\u00e1 a poco de dar a luz<\/b>. La secuencia sum\u00f3 tambi\u00e9n otro registro de la celebraci\u00f3n durante la noche anterior: cuando el periodista sopl\u00f3 las velitas rodeado por amigos y familiares.<\/p>\n<p>En esas im\u00e1genes se lo vio sonriente, en medio de una reuni\u00f3n con sus seres queridos, mientras celebraba un nuevo a\u00f1o. <b>El video del brindis y las velas mostr\u00f3 el clima del encuentro<\/b>, con Sergio en el centro del festejo y acompa\u00f1ado por su c\u00edrculo m\u00e1s cercano en una noche atravesada por la alegr\u00eda familiar.<\/p>\n<p>Junto al material audiovisual, Mica escribi\u00f3 un mensaje directo y personal para su padre. \u201cHoy cumple a\u00f1os el @sergiolapegue,<b> mi pap\u00e1, mi amigo, mi compa\u00f1ero de todo<\/b>. Qu\u00e9 lindo es verte feliz, <b>qu\u00e9 linda es tu carcajada<\/b>. Qu\u00e9 lindo es que seas mi pap\u00e1 y el abuelo de Delfi. <b>Estoy orgullosa y agradecida<\/b>. \u00a1Te amo!!!! Feliz cumplea\u00f1os\u201d, public\u00f3 en su cuenta, en un texto que reuni\u00f3 el cumplea\u00f1os del conductor con la inminente llegada de la nueva integrante de la familia.<\/p>\n<p><img loading=\"lazy\" decoding=\"async\" src=\"https:\/\/lobosnews.com.ar\/wp-content\/uploads\/2026\/09\/el-tierno-posteo-de-mica-lapegue-por-el-cumpleanos-de-su-padre-sergio-orgullosa-y-agradecida.jpg\" alt=\"\"Orgullosa y agradecida\", dijo en pocas palabras la influencer al lado de un carrete de im\u00e1genes durante el festejo de su padre\" height=\"860\" width=\"484\"\/><\/p>\n<p>La menci\u00f3n a \u201cDelfi\u201d en el saludo reforz\u00f3 otro de los momentos centrales que atraviesa hoy la familia: <span class=\"waslinkname\">la espera del nacimiento de la beba<\/span>. \u201cEstoy orgullosa y agradecida\u201d, resumi\u00f3 ella en el mismo posteo. Esa referencia apareci\u00f3 integrada de manera natural al homenaje y dej\u00f3 ver c\u00f3mo el cumplea\u00f1os del periodista se vive este a\u00f1o en un contexto marcado por la cercan\u00eda de convertirse en abuelo.<\/p>\n<p>Ese clima ya se hab\u00eda reflejado meses atr\u00e1s, en una publicaci\u00f3n de abril de 2026 cuando la influencer mostr\u00f3 una foto junto a su padre <span class=\"waslinkname\">durante el cuarto mes de embarazo<\/span>. En aquella ocasi\u00f3n comparti\u00f3 una imagen en la que ambos aparecieron levant\u00e1ndose la remera para exhibir sus panzas, en una postal tomada en el jard\u00edn de la casa familiar. \u201c<b>Yo estoy de 17 semanas, \u00bfy \u00e9l? Jajaja lo que me hace re\u00edr este hombre<\/b>\u201d, hab\u00eda escrito entonces.<\/p>\n<p>Esa publicaci\u00f3n anterior dej\u00f3 expuesta la din\u00e1mica entre padre e hija en esta etapa. Cabe destacar que el anuncio del embarazo abri\u00f3 un per\u00edodo de celebraciones para la familia, que desde comienzos de marzo transita la espera de la primera hija de Micaela junto a <b>Tom\u00e1s Bartolom\u00e9<\/b>. En ese marco, la figura de Sergio Lapeg\u00fce tambi\u00e9n gan\u00f3 un lugar especial, atravesado por <span class=\"waslinkname\">la expectativa de la llegada de su nieta<\/span>.<\/p>\n<p><img loading=\"lazy\" decoding=\"async\" src=\"https:\/\/lobosnews.com.ar\/wp-content\/uploads\/2026\/09\/el-tierno-posteo-de-mica-lapegue-por-el-cumpleanos-de-su-padre-sergio-orgullosa-y-agradecida-1.jpg\" alt=\"La influencer, quien espera a su primera hija Delfina, escribi\u00f3 unas tiernas palabras para el periodista quien pronto se convertir\u00e1 en abuelo\" height=\"696\" width=\"494\"\/><\/p>\n<p>El propio periodista ya hab\u00eda hablado de ese proceso. En declaraciones a comienzos de marzo, expres\u00f3: \u201c<b>Por fin, voy a ser abuelo. Vamos a ser abuelos, estamos felices<\/b>\u201d. En ese mismo testimonio, adem\u00e1s, agreg\u00f3: \u201c<b>Lo esper\u00e1bamos con amor esto. Estamos tan contentos que a veces uno no cae<\/b>\u201d.<\/p>\n<p>Ahora, en su cumplea\u00f1os, ese sentimiento volvi\u00f3 a quedar expuesto en la publicaci\u00f3n de su hija. Entre las im\u00e1genes del beso a la panza, el video del momento de las velitas y el mensaje que lo nombr\u00f3 como padre, amigo y compa\u00f1ero, el posteo reuni\u00f3 el festejo de Sergio Lapeg\u00fce con la cuenta regresiva para la llegada de su nieta Delfi.<\/p>\n","protected":false},"excerpt":{"rendered":"<p>En el d\u00eda de su cumplea\u00f1os, Sergio Lapeg\u00fce recibi\u00f3 un mensaje cargado de afecto de su hija Mica, que comparti\u00f3 en redes sociales una serie de im\u00e1genes y videos del festejo familiar, con una dedicatoria en la que lo defini\u00f3 como \u201cmi pap\u00e1, mi amigo, mi compa\u00f1ero de todo\u201d. La publicaci\u00f3n mostr\u00f3 adem\u00e1s un momento&#8230;<\/p>\n","protected":false},"author":1,"featured_media":98266,"comment_status":"open","ping_status":"closed","sticky":false,"template":"","format":"standard","meta":{"_jetpack_newsletter_access":"","_jetpack_dont_email_post_to_subs":false,"_jetpack_newsletter_tier_id":0,"_jetpack_memberships_contains_paywalled_content":false,"_jetpack_memberships_contains_paid_content":false,"footnotes":"","jetpack_post_was_ever_published":false},"categories":[79],"tags":[],"class_list":["post-98262","post","type-post","status-publish","format-standard","has-post-thumbnail","hentry","category-cine-y-series"],"magazineBlocksPostFeaturedMedia":{"thumbnail":"https:\/\/lobosnews.com.ar\/wp-content\/uploads\/2026\/09\/el-tierno-posteo-de-mica-lapegue-por-el-cumpleanos-de-su-padre-sergio-orgullosa-y-agradecida-2-150x150.jpg","medium":"https:\/\/lobosnews.com.ar\/wp-content\/uploads\/2026\/09\/el-tierno-posteo-de-mica-lapegue-por-el-cumpleanos-de-su-padre-sergio-orgullosa-y-agradecida-2-213x300.jpg","medium_large":"https:\/\/lobosnews.com.ar\/wp-content\/uploads\/2026\/09\/el-tierno-posteo-de-mica-lapegue-por-el-cumpleanos-de-su-padre-sergio-orgullosa-y-agradecida-2.jpg","large":"https:\/\/lobosnews.com.ar\/wp-content\/uploads\/2026\/09\/el-tierno-posteo-de-mica-lapegue-por-el-cumpleanos-de-su-padre-sergio-orgullosa-y-agradecida-2.jpg","1536x1536":"https:\/\/lobosnews.com.ar\/wp-content\/uploads\/2026\/09\/el-tierno-posteo-de-mica-lapegue-por-el-cumpleanos-de-su-padre-sergio-orgullosa-y-agradecida-2.jpg","2048x2048":"https:\/\/lobosnews.com.ar\/wp-content\/uploads\/2026\/09\/el-tierno-posteo-de-mica-lapegue-por-el-cumpleanos-de-su-padre-sergio-orgullosa-y-agradecida-2.jpg","newsmatic-featured":"https:\/\/lobosnews.com.ar\/wp-content\/uploads\/2026\/09\/el-tierno-posteo-de-mica-lapegue-por-el-cumpleanos-de-su-padre-sergio-orgullosa-y-agradecida-2-494x545.jpg","newsmatic-list":"https:\/\/lobosnews.com.ar\/wp-content\/uploads\/2026\/09\/el-tierno-posteo-de-mica-lapegue-por-el-cumpleanos-de-su-padre-sergio-orgullosa-y-agradecida-2-494x400.jpg","newsmatic-thumb":"https:\/\/lobosnews.com.ar\/wp-content\/uploads\/2026\/09\/el-tierno-posteo-de-mica-lapegue-por-el-cumpleanos-de-su-padre-sergio-orgullosa-y-agradecida-2-300x200.jpg","newsmatic-small":"https:\/\/lobosnews.com.ar\/wp-content\/uploads\/2026\/09\/el-tierno-posteo-de-mica-lapegue-por-el-cumpleanos-de-su-padre-sergio-orgullosa-y-agradecida-2-150x95.jpg","newsmatic-grid":"https:\/\/lobosnews.com.ar\/wp-content\/uploads\/2026\/09\/el-tierno-posteo-de-mica-lapegue-por-el-cumpleanos-de-su-padre-sergio-orgullosa-y-agradecida-2-400x250.jpg"},"magazineBlocksPostAuthor":{"name":"admin","avatar":"https:\/\/secure.gravatar.com\/avatar\/76e419471a2083bc3ceab22a763dbbf9b0c1bd15a6214cf3280e2c2dde4580f9?s=96&d=mm&r=g"},"magazineBlocksPostCommentsNumber":"0","magazineBlocksPostExcerpt":"En el d\u00eda de su cumplea\u00f1os, Sergio Lapeg\u00fce recibi\u00f3 un mensaje cargado de afecto de su hija Mica, que comparti\u00f3 en redes sociales una serie de im\u00e1genes y videos del festejo familiar, con una dedicatoria en la que lo defini\u00f3 como \u201cmi pap\u00e1, mi amigo, mi compa\u00f1ero de todo\u201d. La publicaci\u00f3n mostr\u00f3 adem\u00e1s un momento...","magazineBlocksPostCategories":["Cine y Series"],"magazineBlocksPostViewCount":42,"magazineBlocksPostReadTime":4,"magazine_blocks_featured_image_url":{"full":["https:\/\/lobosnews.com.ar\/wp-content\/uploads\/2026\/09\/el-tierno-posteo-de-mica-lapegue-por-el-cumpleanos-de-su-padre-sergio-orgullosa-y-agradecida-2.jpg",494,696,false],"medium":["https:\/\/lobosnews.com.ar\/wp-content\/uploads\/2026\/09\/el-tierno-posteo-de-mica-lapegue-por-el-cumpleanos-de-su-padre-sergio-orgullosa-y-agradecida-2-213x300.jpg",213,300,true],"thumbnail":["https:\/\/lobosnews.com.ar\/wp-content\/uploads\/2026\/09\/el-tierno-posteo-de-mica-lapegue-por-el-cumpleanos-de-su-padre-sergio-orgullosa-y-agradecida-2-150x150.jpg",150,150,true]},"magazine_blocks_author":{"display_name":"admin","author_link":"https:\/\/lobosnews.com.ar\/index.php\/author\/lobos-news\/"},"magazine_blocks_comment":0,"magazine_blocks_author_image":"https:\/\/secure.gravatar.com\/avatar\/76e419471a2083bc3ceab22a763dbbf9b0c1bd15a6214cf3280e2c2dde4580f9?s=96&d=mm&r=g","magazine_blocks_category":"<a href=\"#\" class=\"category-link category-link-79\">Cine y Series<\/a>","yoast_head":"<!-- This site is optimized with the Yoast SEO plugin v28.0 - https:\/\/yoast.com\/product\/yoast-seo-wordpress\/ -->\n<title>El tierno posteo de Mica Lapeg\u00fce por el cumplea\u00f1os de su padre Sergio: \u201cOrgullosa y agradecida\u201d - Lobos News<\/title>\n<meta name=\"robots\" content=\"index, follow, max-snippet:-1, max-image-preview:large, max-video-preview:-1\" \/>\n<link rel=\"canonical\" href=\"https:\/\/lobosnews.com.ar\/index.php\/2026\/09\/06\/el-tierno-posteo-de-mica-lapegue-por-el-cumpleanos-de-su-padre-sergio-orgullosa-y-agradecida\/\" \/>\n<meta property=\"og:locale\" content=\"es_ES\" \/>\n<meta property=\"og:type\" content=\"article\" \/>\n<meta property=\"og:title\" content=\"El tierno posteo de Mica Lapeg\u00fce por el cumplea\u00f1os de su padre Sergio: \u201cOrgullosa y agradecida\u201d - Lobos News\" \/>\n<meta property=\"og:description\" content=\"En el d\u00eda de su cumplea\u00f1os, Sergio Lapeg\u00fce recibi\u00f3 un mensaje cargado de afecto de su hija Mica, que comparti\u00f3 en redes sociales una serie de im\u00e1genes y videos del festejo familiar, con una dedicatoria en la que lo defini\u00f3 como \u201cmi pap\u00e1, mi amigo, mi compa\u00f1ero de todo\u201d. La publicaci\u00f3n mostr\u00f3 adem\u00e1s un momento...\" \/>\n<meta property=\"og:url\" content=\"https:\/\/lobosnews.com.ar\/index.php\/2026\/09\/06\/el-tierno-posteo-de-mica-lapegue-por-el-cumpleanos-de-su-padre-sergio-orgullosa-y-agradecida\/\" \/>\n<meta property=\"og:site_name\" content=\"Lobos News\" \/>\n<meta property=\"article:published_time\" content=\"2026-09-06T17:09:01+00:00\" \/>\n<meta property=\"article:modified_time\" content=\"2026-09-06T20:02:18+00:00\" \/>\n<meta property=\"og:image\" content=\"https:\/\/lobosnews.com.ar\/wp-content\/uploads\/2026\/09\/el-tierno-posteo-de-mica-lapegue-por-el-cumpleanos-de-su-padre-sergio-orgullosa-y-agradecida-2.jpg\" \/>\n\t<meta property=\"og:image:width\" content=\"494\" \/>\n\t<meta property=\"og:image:height\" content=\"696\" \/>\n\t<meta property=\"og:image:type\" content=\"image\/jpeg\" \/>\n<meta name=\"author\" content=\"admin\" \/>\n<meta name=\"twitter:card\" content=\"summary_large_image\" \/>\n<meta name=\"twitter:label1\" content=\"Escrito por\" \/>\n\t<meta name=\"twitter:data1\" content=\"admin\" \/>\n\t<meta name=\"twitter:label2\" content=\"Tiempo de lectura\" \/>\n\t<meta name=\"twitter:data2\" content=\"3 minutos\" \/>\n<script type=\"application\/ld+json\" class=\"yoast-schema-graph\">{\"@context\":\"https:\\\/\\\/schema.org\",\"@graph\":[{\"@type\":\"Article\",\"@id\":\"https:\\\/\\\/lobosnews.com.ar\\\/index.php\\\/2026\\\/09\\\/06\\\/el-tierno-posteo-de-mica-lapegue-por-el-cumpleanos-de-su-padre-sergio-orgullosa-y-agradecida\\\/#article\",\"isPartOf\":{\"@id\":\"https:\\\/\\\/lobosnews.com.ar\\\/index.php\\\/2026\\\/09\\\/06\\\/el-tierno-posteo-de-mica-lapegue-por-el-cumpleanos-de-su-padre-sergio-orgullosa-y-agradecida\\\/\"},\"author\":{\"name\":\"admin\",\"@id\":\"https:\\\/\\\/lobosnews.com.ar\\\/#\\\/schema\\\/person\\\/232422a593d5c541dd9aef6aaed10943\"},\"headline\":\"El tierno posteo de Mica Lapeg\u00fce por el cumplea\u00f1os de su padre Sergio: \u201cOrgullosa y agradecida\u201d\",\"datePublished\":\"2026-09-06T17:09:01+00:00\",\"dateModified\":\"2026-09-06T20:02:18+00:00\",\"mainEntityOfPage\":{\"@id\":\"https:\\\/\\\/lobosnews.com.ar\\\/index.php\\\/2026\\\/09\\\/06\\\/el-tierno-posteo-de-mica-lapegue-por-el-cumpleanos-de-su-padre-sergio-orgullosa-y-agradecida\\\/\"},\"wordCount\":684,\"commentCount\":0,\"publisher\":{\"@id\":\"https:\\\/\\\/lobosnews.com.ar\\\/#organization\"},\"image\":{\"@id\":\"https:\\\/\\\/lobosnews.com.ar\\\/index.php\\\/2026\\\/09\\\/06\\\/el-tierno-posteo-de-mica-lapegue-por-el-cumpleanos-de-su-padre-sergio-orgullosa-y-agradecida\\\/#primaryimage\"},\"thumbnailUrl\":\"https:\\\/\\\/lobosnews.com.ar\\\/wp-content\\\/uploads\\\/2026\\\/09\\\/el-tierno-posteo-de-mica-lapegue-por-el-cumpleanos-de-su-padre-sergio-orgullosa-y-agradecida-2.jpg\",\"articleSection\":[\"Cine y Series\"],\"inLanguage\":\"es\",\"potentialAction\":[{\"@type\":\"CommentAction\",\"name\":\"Comment\",\"target\":[\"https:\\\/\\\/lobosnews.com.ar\\\/index.php\\\/2026\\\/09\\\/06\\\/el-tierno-posteo-de-mica-lapegue-por-el-cumpleanos-de-su-padre-sergio-orgullosa-y-agradecida\\\/#respond\"]}]},{\"@type\":\"WebPage\",\"@id\":\"https:\\\/\\\/lobosnews.com.ar\\\/index.php\\\/2026\\\/09\\\/06\\\/el-tierno-posteo-de-mica-lapegue-por-el-cumpleanos-de-su-padre-sergio-orgullosa-y-agradecida\\\/\",\"url\":\"https:\\\/\\\/lobosnews.com.ar\\\/index.php\\\/2026\\\/09\\\/06\\\/el-tierno-posteo-de-mica-lapegue-por-el-cumpleanos-de-su-padre-sergio-orgullosa-y-agradecida\\\/\",\"name\":\"El tierno posteo de Mica Lapeg\u00fce por el cumplea\u00f1os de su padre Sergio: \u201cOrgullosa y agradecida\u201d - Lobos News\",\"isPartOf\":{\"@id\":\"https:\\\/\\\/lobosnews.com.ar\\\/#website\"},\"primaryImageOfPage\":{\"@id\":\"https:\\\/\\\/lobosnews.com.ar\\\/index.php\\\/2026\\\/09\\\/06\\\/el-tierno-posteo-de-mica-lapegue-por-el-cumpleanos-de-su-padre-sergio-orgullosa-y-agradecida\\\/#primaryimage\"},\"image\":{\"@id\":\"https:\\\/\\\/lobosnews.com.ar\\\/index.php\\\/2026\\\/09\\\/06\\\/el-tierno-posteo-de-mica-lapegue-por-el-cumpleanos-de-su-padre-sergio-orgullosa-y-agradecida\\\/#primaryimage\"},\"thumbnailUrl\":\"https:\\\/\\\/lobosnews.com.ar\\\/wp-content\\\/uploads\\\/2026\\\/09\\\/el-tierno-posteo-de-mica-lapegue-por-el-cumpleanos-de-su-padre-sergio-orgullosa-y-agradecida-2.jpg\",\"datePublished\":\"2026-09-06T17:09:01+00:00\",\"dateModified\":\"2026-09-06T20:02:18+00:00\",\"breadcrumb\":{\"@id\":\"https:\\\/\\\/lobosnews.com.ar\\\/index.php\\\/2026\\\/09\\\/06\\\/el-tierno-posteo-de-mica-lapegue-por-el-cumpleanos-de-su-padre-sergio-orgullosa-y-agradecida\\\/#breadcrumb\"},\"inLanguage\":\"es\",\"potentialAction\":[{\"@type\":\"ReadAction\",\"target\":[\"https:\\\/\\\/lobosnews.com.ar\\\/index.php\\\/2026\\\/09\\\/06\\\/el-tierno-posteo-de-mica-lapegue-por-el-cumpleanos-de-su-padre-sergio-orgullosa-y-agradecida\\\/\"]}]},{\"@type\":\"ImageObject\",\"inLanguage\":\"es\",\"@id\":\"https:\\\/\\\/lobosnews.com.ar\\\/index.php\\\/2026\\\/09\\\/06\\\/el-tierno-posteo-de-mica-lapegue-por-el-cumpleanos-de-su-padre-sergio-orgullosa-y-agradecida\\\/#primaryimage\",\"url\":\"https:\\\/\\\/lobosnews.com.ar\\\/wp-content\\\/uploads\\\/2026\\\/09\\\/el-tierno-posteo-de-mica-lapegue-por-el-cumpleanos-de-su-padre-sergio-orgullosa-y-agradecida-2.jpg\",\"contentUrl\":\"https:\\\/\\\/lobosnews.com.ar\\\/wp-content\\\/uploads\\\/2026\\\/09\\\/el-tierno-posteo-de-mica-lapegue-por-el-cumpleanos-de-su-padre-sergio-orgullosa-y-agradecida-2.jpg\",\"width\":494,\"height\":696,\"caption\":\"El tierno posteo de Mica Lapeg\u00fce por el cumplea\u00f1os de su padre Sergio: \u201cOrgullosa y agradecida\u201d\"},{\"@type\":\"BreadcrumbList\",\"@id\":\"https:\\\/\\\/lobosnews.com.ar\\\/index.php\\\/2026\\\/09\\\/06\\\/el-tierno-posteo-de-mica-lapegue-por-el-cumpleanos-de-su-padre-sergio-orgullosa-y-agradecida\\\/#breadcrumb\",\"itemListElement\":[{\"@type\":\"ListItem\",\"position\":1,\"name\":\"Portada\",\"item\":\"https:\\\/\\\/lobosnews.com.ar\\\/\"},{\"@type\":\"ListItem\",\"position\":2,\"name\":\"El tierno posteo de Mica Lapeg\u00fce por el cumplea\u00f1os de su padre Sergio: \u201cOrgullosa y agradecida\u201d\"}]},{\"@type\":\"WebSite\",\"@id\":\"https:\\\/\\\/lobosnews.com.ar\\\/#website\",\"url\":\"https:\\\/\\\/lobosnews.com.ar\\\/\",\"name\":\"Lobos News\",\"description\":\"Informaci\u00f3n a cada instante\",\"publisher\":{\"@id\":\"https:\\\/\\\/lobosnews.com.ar\\\/#organization\"},\"potentialAction\":[{\"@type\":\"SearchAction\",\"target\":{\"@type\":\"EntryPoint\",\"urlTemplate\":\"https:\\\/\\\/lobosnews.com.ar\\\/?s={search_term_string}\"},\"query-input\":{\"@type\":\"PropertyValueSpecification\",\"valueRequired\":true,\"valueName\":\"search_term_string\"}}],\"inLanguage\":\"es\"},{\"@type\":\"Organization\",\"@id\":\"https:\\\/\\\/lobosnews.com.ar\\\/#organization\",\"name\":\"Lobos News\",\"url\":\"https:\\\/\\\/lobosnews.com.ar\\\/\",\"logo\":{\"@type\":\"ImageObject\",\"inLanguage\":\"es\",\"@id\":\"https:\\\/\\\/lobosnews.com.ar\\\/#\\\/schema\\\/logo\\\/image\\\/\",\"url\":\"https:\\\/\\\/lobosnews.com.ar\\\/wp-content\\\/uploads\\\/2026\\\/01\\\/logo-lobosnews.png\",\"contentUrl\":\"https:\\\/\\\/lobosnews.com.ar\\\/wp-content\\\/uploads\\\/2026\\\/01\\\/logo-lobosnews.png\",\"width\":500,\"height\":200,\"caption\":\"Lobos News\"},\"image\":{\"@id\":\"https:\\\/\\\/lobosnews.com.ar\\\/#\\\/schema\\\/logo\\\/image\\\/\"}},{\"@type\":\"Person\",\"@id\":\"https:\\\/\\\/lobosnews.com.ar\\\/#\\\/schema\\\/person\\\/232422a593d5c541dd9aef6aaed10943\",\"name\":\"admin\",\"image\":{\"@type\":\"ImageObject\",\"inLanguage\":\"es\",\"@id\":\"https:\\\/\\\/secure.gravatar.com\\\/avatar\\\/76e419471a2083bc3ceab22a763dbbf9b0c1bd15a6214cf3280e2c2dde4580f9?s=96&d=mm&r=g\",\"url\":\"https:\\\/\\\/secure.gravatar.com\\\/avatar\\\/76e419471a2083bc3ceab22a763dbbf9b0c1bd15a6214cf3280e2c2dde4580f9?s=96&d=mm&r=g\",\"contentUrl\":\"https:\\\/\\\/secure.gravatar.com\\\/avatar\\\/76e419471a2083bc3ceab22a763dbbf9b0c1bd15a6214cf3280e2c2dde4580f9?s=96&d=mm&r=g\",\"caption\":\"admin\"},\"sameAs\":[\"https:\\\/\\\/lobosnews.com.ar\"],\"url\":\"https:\\\/\\\/lobosnews.com.ar\\\/index.php\\\/author\\\/lobos-news\\\/\"}]}<\/script>\n<!-- \/ Yoast SEO plugin. -->","yoast_head_json":{"title":"El tierno posteo de Mica Lapeg\u00fce por el cumplea\u00f1os de su padre Sergio: \u201cOrgullosa y agradecida\u201d - Lobos News","robots":{"index":"index","follow":"follow","max-snippet":"max-snippet:-1","max-image-preview":"max-image-preview:large","max-video-preview":"max-video-preview:-1"},"canonical":"https:\/\/lobosnews.com.ar\/index.php\/2026\/09\/06\/el-tierno-posteo-de-mica-lapegue-por-el-cumpleanos-de-su-padre-sergio-orgullosa-y-agradecida\/","og_locale":"es_ES","og_type":"article","og_title":"El tierno posteo de Mica Lapeg\u00fce por el cumplea\u00f1os de su padre Sergio: \u201cOrgullosa y agradecida\u201d - Lobos News","og_description":"En el d\u00eda de su cumplea\u00f1os, Sergio Lapeg\u00fce recibi\u00f3 un mensaje cargado de afecto de su hija Mica, que comparti\u00f3 en redes sociales una serie de im\u00e1genes y videos del festejo familiar, con una dedicatoria en la que lo defini\u00f3 como \u201cmi pap\u00e1, mi amigo, mi compa\u00f1ero de todo\u201d. La publicaci\u00f3n mostr\u00f3 adem\u00e1s un momento...","og_url":"https:\/\/lobosnews.com.ar\/index.php\/2026\/09\/06\/el-tierno-posteo-de-mica-lapegue-por-el-cumpleanos-de-su-padre-sergio-orgullosa-y-agradecida\/","og_site_name":"Lobos News","article_published_time":"2026-09-06T17:09:01+00:00","article_modified_time":"2026-09-06T20:02:18+00:00","og_image":[{"width":494,"height":696,"url":"https:\/\/lobosnews.com.ar\/wp-content\/uploads\/2026\/09\/el-tierno-posteo-de-mica-lapegue-por-el-cumpleanos-de-su-padre-sergio-orgullosa-y-agradecida-2.jpg","type":"image\/jpeg"}],"author":"admin","twitter_card":"summary_large_image","twitter_misc":{"Escrito por":"admin","Tiempo de lectura":"3 minutos"},"schema":{"@context":"https:\/\/schema.org","@graph":[{"@type":"Article","@id":"https:\/\/lobosnews.com.ar\/index.php\/2026\/09\/06\/el-tierno-posteo-de-mica-lapegue-por-el-cumpleanos-de-su-padre-sergio-orgullosa-y-agradecida\/#article","isPartOf":{"@id":"https:\/\/lobosnews.com.ar\/index.php\/2026\/09\/06\/el-tierno-posteo-de-mica-lapegue-por-el-cumpleanos-de-su-padre-sergio-orgullosa-y-agradecida\/"},"author":{"name":"admin","@id":"https:\/\/lobosnews.com.ar\/#\/schema\/person\/232422a593d5c541dd9aef6aaed10943"},"headline":"El tierno posteo de Mica Lapeg\u00fce por el cumplea\u00f1os de su padre Sergio: \u201cOrgullosa y agradecida\u201d","datePublished":"2026-09-06T17:09:01+00:00","dateModified":"2026-09-06T20:02:18+00:00","mainEntityOfPage":{"@id":"https:\/\/lobosnews.com.ar\/index.php\/2026\/09\/06\/el-tierno-posteo-de-mica-lapegue-por-el-cumpleanos-de-su-padre-sergio-orgullosa-y-agradecida\/"},"wordCount":684,"commentCount":0,"publisher":{"@id":"https:\/\/lobosnews.com.ar\/#organization"},"image":{"@id":"https:\/\/lobosnews.com.ar\/index.php\/2026\/09\/06\/el-tierno-posteo-de-mica-lapegue-por-el-cumpleanos-de-su-padre-sergio-orgullosa-y-agradecida\/#primaryimage"},"thumbnailUrl":"https:\/\/lobosnews.com.ar\/wp-content\/uploads\/2026\/09\/el-tierno-posteo-de-mica-lapegue-por-el-cumpleanos-de-su-padre-sergio-orgullosa-y-agradecida-2.jpg","articleSection":["Cine y Series"],"inLanguage":"es","potentialAction":[{"@type":"CommentAction","name":"Comment","target":["https:\/\/lobosnews.com.ar\/index.php\/2026\/09\/06\/el-tierno-posteo-de-mica-lapegue-por-el-cumpleanos-de-su-padre-sergio-orgullosa-y-agradecida\/#respond"]}]},{"@type":"WebPage","@id":"https:\/\/lobosnews.com.ar\/index.php\/2026\/09\/06\/el-tierno-posteo-de-mica-lapegue-por-el-cumpleanos-de-su-padre-sergio-orgullosa-y-agradecida\/","url":"https:\/\/lobosnews.com.ar\/index.php\/2026\/09\/06\/el-tierno-posteo-de-mica-lapegue-por-el-cumpleanos-de-su-padre-sergio-orgullosa-y-agradecida\/","name":"El tierno posteo de Mica Lapeg\u00fce por el cumplea\u00f1os de su padre Sergio: \u201cOrgullosa y agradecida\u201d - Lobos News","isPartOf":{"@id":"https:\/\/lobosnews.com.ar\/#website"},"primaryImageOfPage":{"@id":"https:\/\/lobosnews.com.ar\/index.php\/2026\/09\/06\/el-tierno-posteo-de-mica-lapegue-por-el-cumpleanos-de-su-padre-sergio-orgullosa-y-agradecida\/#primaryimage"},"image":{"@id":"https:\/\/lobosnews.com.ar\/index.php\/2026\/09\/06\/el-tierno-posteo-de-mica-lapegue-por-el-cumpleanos-de-su-padre-sergio-orgullosa-y-agradecida\/#primaryimage"},"thumbnailUrl":"https:\/\/lobosnews.com.ar\/wp-content\/uploads\/2026\/09\/el-tierno-posteo-de-mica-lapegue-por-el-cumpleanos-de-su-padre-sergio-orgullosa-y-agradecida-2.jpg","datePublished":"2026-09-06T17:09:01+00:00","dateModified":"2026-09-06T20:02:18+00:00","breadcrumb":{"@id":"https:\/\/lobosnews.com.ar\/index.php\/2026\/09\/06\/el-tierno-posteo-de-mica-lapegue-por-el-cumpleanos-de-su-padre-sergio-orgullosa-y-agradecida\/#breadcrumb"},"inLanguage":"es","potentialAction":[{"@type":"ReadAction","target":["https:\/\/lobosnews.com.ar\/index.php\/2026\/09\/06\/el-tierno-posteo-de-mica-lapegue-por-el-cumpleanos-de-su-padre-sergio-orgullosa-y-agradecida\/"]}]},{"@type":"ImageObject","inLanguage":"es","@id":"https:\/\/lobosnews.com.ar\/index.php\/2026\/09\/06\/el-tierno-posteo-de-mica-lapegue-por-el-cumpleanos-de-su-padre-sergio-orgullosa-y-agradecida\/#primaryimage","url":"https:\/\/lobosnews.com.ar\/wp-content\/uploads\/2026\/09\/el-tierno-posteo-de-mica-lapegue-por-el-cumpleanos-de-su-padre-sergio-orgullosa-y-agradecida-2.jpg","contentUrl":"https:\/\/lobosnews.com.ar\/wp-content\/uploads\/2026\/09\/el-tierno-posteo-de-mica-lapegue-por-el-cumpleanos-de-su-padre-sergio-orgullosa-y-agradecida-2.jpg","width":494,"height":696,"caption":"El tierno posteo de Mica Lapeg\u00fce por el cumplea\u00f1os de su padre Sergio: \u201cOrgullosa y agradecida\u201d"},{"@type":"BreadcrumbList","@id":"https:\/\/lobosnews.com.ar\/index.php\/2026\/09\/06\/el-tierno-posteo-de-mica-lapegue-por-el-cumpleanos-de-su-padre-sergio-orgullosa-y-agradecida\/#breadcrumb","itemListElement":[{"@type":"ListItem","position":1,"name":"Portada","item":"https:\/\/lobosnews.com.ar\/"},{"@type":"ListItem","position":2,"name":"El tierno posteo de Mica Lapeg\u00fce por el cumplea\u00f1os de su padre Sergio: \u201cOrgullosa y agradecida\u201d"}]},{"@type":"WebSite","@id":"https:\/\/lobosnews.com.ar\/#website","url":"https:\/\/lobosnews.com.ar\/","name":"Lobos News","description":"Informaci\u00f3n a cada instante","publisher":{"@id":"https:\/\/lobosnews.com.ar\/#organization"},"potentialAction":[{"@type":"SearchAction","target":{"@type":"EntryPoint","urlTemplate":"https:\/\/lobosnews.com.ar\/?s={search_term_string}"},"query-input":{"@type":"PropertyValueSpecification","valueRequired":true,"valueName":"search_term_string"}}],"inLanguage":"es"},{"@type":"Organization","@id":"https:\/\/lobosnews.com.ar\/#organization","name":"Lobos News","url":"https:\/\/lobosnews.com.ar\/","logo":{"@type":"ImageObject","inLanguage":"es","@id":"https:\/\/lobosnews.com.ar\/#\/schema\/logo\/image\/","url":"https:\/\/lobosnews.com.ar\/wp-content\/uploads\/2026\/01\/logo-lobosnews.png","contentUrl":"https:\/\/lobosnews.com.ar\/wp-content\/uploads\/2026\/01\/logo-lobosnews.png","width":500,"height":200,"caption":"Lobos News"},"image":{"@id":"https:\/\/lobosnews.com.ar\/#\/schema\/logo\/image\/"}},{"@type":"Person","@id":"https:\/\/lobosnews.com.ar\/#\/schema\/person\/232422a593d5c541dd9aef6aaed10943","name":"admin","image":{"@type":"ImageObject","inLanguage":"es","@id":"https:\/\/secure.gravatar.com\/avatar\/76e419471a2083bc3ceab22a763dbbf9b0c1bd15a6214cf3280e2c2dde4580f9?s=96&d=mm&r=g","url":"https:\/\/secure.gravatar.com\/avatar\/76e419471a2083bc3ceab22a763dbbf9b0c1bd15a6214cf3280e2c2dde4580f9?s=96&d=mm&r=g","contentUrl":"https:\/\/secure.gravatar.com\/avatar\/76e419471a2083bc3ceab22a763dbbf9b0c1bd15a6214cf3280e2c2dde4580f9?s=96&d=mm&r=g","caption":"admin"},"sameAs":["https:\/\/lobosnews.com.ar"],"url":"https:\/\/lobosnews.com.ar\/index.php\/author\/lobos-news\/"}]}},"jetpack_featured_media_url":"https:\/\/lobosnews.com.ar\/wp-content\/uploads\/2026\/09\/el-tierno-posteo-de-mica-lapegue-por-el-cumpleanos-de-su-padre-sergio-orgullosa-y-agradecida-2.jpg","jetpack_sharing_enabled":true,"_links":{"self":[{"href":"https:\/\/lobosnews.com.ar\/index.php\/wp-json\/wp\/v2\/posts\/98262","targetHints":{"allow":["GET"]}}],"collection":[{"href":"https:\/\/lobosnews.com.ar\/index.php\/wp-json\/wp\/v2\/posts"}],"about":[{"href":"https:\/\/lobosnews.com.ar\/index.php\/wp-json\/wp\/v2\/types\/post"}],"author":[{"embeddable":true,"href":"https:\/\/lobosnews.com.ar\/index.php\/wp-json\/wp\/v2\/users\/1"}],"replies":[{"embeddable":true,"href":"https:\/\/lobosnews.com.ar\/index.php\/wp-json\/wp\/v2\/comments?post=98262"}],"version-history":[{"count":1,"href":"https:\/\/lobosnews.com.ar\/index.php\/wp-json\/wp\/v2\/posts\/98262\/revisions"}],"predecessor-version":[{"id":98265,"href":"https:\/\/lobosnews.com.ar\/index.php\/wp-json\/wp\/v2\/posts\/98262\/revisions\/98265"}],"wp:featuredmedia":[{"embeddable":true,"href":"https:\/\/lobosnews.com.ar\/index.php\/wp-json\/wp\/v2\/media\/98266"}],"wp:attachment":[{"href":"https:\/\/lobosnews.com.ar\/index.php\/wp-json\/wp\/v2\/media?parent=98262"}],"wp:term":[{"taxonomy":"category","embeddable":true,"href":"https:\/\/lobosnews.com.ar\/index.php\/wp-json\/wp\/v2\/categories?post=98262"},{"taxonomy":"post_tag","embeddable":true,"href":"https:\/\/lobosnews.com.ar\/index.php\/wp-json\/wp\/v2\/tags?post=98262"}],"curies":[{"name":"wp","href":"https:\/\/api.w.org\/{rel}","templated":true}]}}