{"id":98228,"date":"2026-09-06T17:43:05","date_gmt":"2026-09-06T17:43:05","guid":{"rendered":"https:\/\/lobosnews.com.ar\/?p=98228"},"modified":"2026-09-06T20:01:09","modified_gmt":"2026-09-06T20:01:09","slug":"racing-recibira-a-atletico-tucuman-por-el-torneo-clausura-con-el-objetivo-de-salir-del-fondo-hora-tv-y-formaciones","status":"publish","type":"post","link":"https:\/\/lobosnews.com.ar\/index.php\/2026\/09\/06\/racing-recibira-a-atletico-tucuman-por-el-torneo-clausura-con-el-objetivo-de-salir-del-fondo-hora-tv-y-formaciones\/","title":{"rendered":"Racing recibir\u00e1 a Atl\u00e9tico Tucum\u00e1n por el Torneo Clausura con el objetivo de salir del fondo: hora, TV y formaciones"},"content":{"rendered":"<p><img loading=\"lazy\" decoding=\"async\" src=\"https:\/\/lobosnews.com.ar\/wp-content\/uploads\/2026\/09\/racing-recibira-a-atletico-tucuman-por-el-torneo-clausura-con-el-objetivo-de-salir-del-fondo-hora-tv-y-formaciones.jpg\" alt=\"Racing recibe a Atl\u00e9tico Tucum\u00e1n con la obligaci\u00f3n de ganar\" height=\"1536\" width=\"2752\"\/><\/p>\n<p><!DOCTYPE html><br \/>\n<html><br \/>\n<head><br \/>\n\u00a0\u00a0\u00a0\u00a0<script src=\"https:\/\/secure.widget.cloud.opta.net\/v3\/v3.opta-widgets.js\"><\/script><br \/>\n\u00a0\u00a0\u00a0\u00a0<script>\n\u00a0\u00a0\u00a0\u00a0\u00a0\u00a0\u00a0\u00a0var opta_settings = {\n\u00a0\u00a0\u00a0\u00a0\u00a0\u00a0\u00a0\u00a0\u00a0\u00a0\u00a0\u00a0subscription_id: \"0ce911759cb7a972c7849a33fa0ba29d\",\n\u00a0\u00a0\u00a0\u00a0\u00a0\u00a0\u00a0\u00a0\u00a0\u00a0\u00a0\u00a0language: \"es_CO\",\n\u00a0\u00a0\u00a0\u00a0\u00a0\u00a0\u00a0\u00a0\u00a0\u00a0\u00a0\u00a0timezone: \"user\"\n\u00a0\u00a0\u00a0\u00a0\u00a0\u00a0\u00a0\u00a0};\n\u00a0\u00a0\u00a0\u00a0<\/script><br \/>\n\u00a0\u00a0\u00a0\u00a0<link rel=\"stylesheet\" href=\"https:\/\/secure.widget.cloud.opta.net\/v3\/css\/v3.football.opta-widgets.css\">\n\u00a0\u00a0\u00a0\u00a0<link rel=\"stylesheet\" href=\"https:\/\/secure.widget.cloud.opta.net\/v3\/css\/v3.basketball.opta-widgets.css\">\n\u00a0\u00a0\u00a0\u00a0<script src=\"https:\/\/s3-eu-west-1.amazonaws.com\/widget.cloud.opta.net\/2.0\/js\/widgets.opta.js\"><\/script><br \/>\n\u00a0\u00a0\u00a0\u00a0<script>\n\u00a0\u00a0\u00a0\u00a0\u00a0\u00a0\u00a0\u00a0var _optaParams = {\n\u00a0\u00a0\u00a0\u00a0\u00a0\u00a0\u00a0\u00a0\u00a0\u00a0\u00a0\u00a0custID: \"0ce911759cb7a972c7849a33fa0ba29d\",\n\u00a0\u00a0\u00a0\u00a0\u00a0\u00a0\u00a0\u00a0\u00a0\u00a0\u00a0\u00a0language: \"es_CO\",\n\u00a0\u00a0\u00a0\u00a0\u00a0\u00a0\u00a0\u00a0\u00a0\u00a0\u00a0\u00a0timezone: -3,\n\u00a0\u00a0\u00a0\u00a0\u00a0\u00a0\u00a0\u00a0\u00a0\u00a0\u00a0\u00a0callbacks: [OptaCustomv2AfterInitCallback]\n\u00a0\u00a0\u00a0\u00a0\u00a0\u00a0\u00a0\u00a0};\n\u00a0\u00a0\u00a0\u00a0<\/script><br \/>\n\u00a0\u00a0\u00a0\u00a0<link rel=\"stylesheet\" href=\"https:\/\/s3-eu-west-1.amazonaws.com\/widget.cloud.opta.net\/2.0\/css\/widgets.opta.css\"\n\u00a0\u00a0\u00a0\u00a0\u00a0\u00a0\u00a0\u00a0type=\"text\/css\"><br \/>\n\u00a0\u00a0\u00a0\u00a0<!--[if IE 9]><link rel=\"stylesheet\" type=\"text\/css\" href=\"https:\/\/s3-eu-west-1.amazonaws.com\/widget.cloud.opta.net\/2.0\/css\/ie9.widgets.opta.css\" media=\"screen\"\/><![endif]--><br \/>\n\u00a0\u00a0\u00a0\u00a0<!--[if IE 8]><link rel=\"stylesheet\" type=\"text\/css\" href=\"https:\/\/s3-eu-west-1.amazonaws.com\/widget.cloud.opta.net\/2.0\/css\/ie8.widgets.opta.css\" media=\"screen\"\/><![endif]--><br \/>\n\u00a0\u00a0\u00a0\u00a0<!--[if IE 7]><link rel=\"stylesheet\" type=\"text\/css\" href=\"https:\/\/s3-eu-west-1.amazonaws.com\/widget.cloud.opta.net\/2.0\/css\/ie7.widgets.opta.css\" media=\"screen\"\/><![endif]--><br \/>\n<\/head><br \/>\n<body><opta-widget widget=\"timeline\" competition=\"724\" season=\"2026\" match=\"2614480\" template=\"normal\" live=\"true\" orientation=\"horizontal\" vertical_timebar_height=\"260\" group_substitutions=\"true\" show_match_header=\"true\" show_score=\"true\" show_crests=\"true\" show_assists=\"all\" show_team_formation=\"true\" show_clock=\"true\" show_period_dividers=\"true\" show_halftime_score=\"true\" show_date=\"true\" date_format=\"dddd D MMMM YYYY\" narrow_date_format=\"DD\/MM\/YY\" show_attendance=\"true\" show_images=\"true\" show_referee=\"true\" show_venue=\"true\" show_cards=\"all\" show_goals=\"true\" show_penalties_missed=\"true\" show_subs=\"true\" show_goals_combined=\"true\" show_shootouts=\"true\" show_competition_name=\"true\" competition_naming=\"full\" team_naming=\"full\" player_naming=\"full\" show_live=\"true\" show_logo=\"false\" show_title=\"true\" breakpoints=\"400, 700\" sport=\"football\"><\/opta-widget><\/body><br \/>\n<\/html><\/p>\n<p>En medio de un presente adverso, <b>Racing <\/b>se enfrentar\u00e1 a <b>Atl\u00e9tico Tucum\u00e1n<\/b> en el <i>Cilindro de Avellaneda<\/i> por la fecha 7 del <b>Torneo Clausura<\/b>. La <i>Academia <\/i>marcha ante\u00faltimo en la zona B y est\u00e1 obligado a ganar para meterse en la pelea de los playoffs, que tienen al <i>Decano <\/i>al acecho. El \u00e1rbitro principal del encuentro, que iniciar\u00e1 a las<b> 21:30<\/b>, ser\u00e1 Pablo Echavarr\u00eda, mientras que en el VAR estar\u00e1 Jos\u00e9 Carreras. La transmisi\u00f3n estar\u00e1 a cargo de <i>ESPN Premium<\/i>.<\/p>\n<p>Con la incorporaci\u00f3n de <b>Juan Pablo Vojvoda<\/b> en el banco de suplentes, Racing no inici\u00f3 el segundo semestre de gran manera. Pese a la clasificaci\u00f3n a los cuartos de final \u2014chocar\u00e1 contra <b>Boca Juniors<\/b>\u2014 de la <b>Copa Argentina<\/b> tras vencer a Belgrano de C\u00f3rdoba, la <i>Academia<\/i> <b>se ubica 14\u00b0 en la zona B con cinco unidades y cay\u00f3 a la 22\u00b0 posici\u00f3n de la Tabla Anual con 26 puntos<\/b>. <\/p>\n<p>A diferencia de la ca\u00edda por 3-1 contra <b>Independiente Rivadavia<\/b> en Mendoza, Vojvoda contar\u00e1 con nuevas incorporaciones en el plantel. <b>Mat\u00edas P\u00e9rez<\/b>, marcador central, se perfila para debutar como titular en el equipo, mientras que el flamante refuerzo <b>Leandro C\u00f3rdoba<\/b>, desde Racing de C\u00f3rdoba, podr\u00eda integrar el banco de suplentes.<\/p>\n<p><b>Diego Milito<\/b>, presidente de la instituci\u00f3n, <span class=\"waslinkname\">realiz\u00f3 una breve conferencia de prensa en la jornada del jueves para hacer una fuerte autocr\u00edtica sobre el presente de Racing<\/span>. \u201cHacemos autocr\u00edtica todos los d\u00edas y entiendo que cuando se dan este tipo de situaciones yo soy el m\u00e1ximo responsable como presidente del club. No nos gusta vernos en la situaci\u00f3n en la que estamos en cuanto a resultados, Racing no puede estar as\u00ed, pero estoy confiado en que lo sacaremos adelante. <b>Tenemos material, seguimos teniendo el tercer equipo mejor valorado de la Argentina despu\u00e9s de River y Boca. No lo digo yo, lo dicen las grandes plataformas. <\/b>Este es un gran plantel que necesita acoplarse y rendir lo que nosotros esperamos\u201d, fue una de las frases que solt\u00f3 el m\u00e1ximo mandatario, quien tambi\u00e9n se refiri\u00f3 a la renovaci\u00f3n del contrato de Gustavo Costas.<\/p>\n<p><!DOCTYPE html><br \/>\n<html><br \/>\n<head><br \/>\n<meta name=\"viewport\" content=\"width=device-width, initial-scale=1\"><\/p>\n<style>\n.container-video { position: relative; width: 100%; overflow: hidden; padding-top: 56.25%;\n}\n.responsive-iframe-video { position: absolute; top: 0; left: 0; bottom: 0; right: 0; width: 100%; height: 100%; border: none;\n}\n<\/style>\n<p><\/head><br \/>\n<body><\/p>\n<div class=\"container-video\"> <iframe title=\"video-espn\" class=\"responsive-iframe-video\" src=\"https:\/\/www.espn.com.ar\/core\/video\/iframe?id=17204972&#038;endcard=false&#038;omniReportSuite=wdgespge\" allowfullscreen><\/iframe>\n<\/div>\n<p><\/body><br \/>\n<\/html>\n<\/p>\n<p><i>*La postura de Diego Milito sobre el presente de Racing en el Torneo Clausura<\/i><\/p>\n<p>Respecto al presente del equipo, analiz\u00f3: \u201c<b>Yo tambi\u00e9n me enojo cuando no ganamos, pero el equipo en estos \u00faltimos partidos mostr\u00f3 cosas. Hizo buenos partidos y, para ser honesto, merecimos tener alg\u00fan punto m\u00e1s de los que tenemos. <\/b>Desde que est\u00e1 Juan Pablo, tuvimos buenos partidos, pasamos dos instancias de Copa Argentina contra grandes rivales (Defensa y Justicia y Belgrano) y mereci\u00e9ndolo. El partido con Boca fue bueno, contra Banfield perdimos, pero merecimos m\u00e1s. L\u00f3gicamente no estamos contentos con los resultados que se est\u00e1n dando, pero es un a\u00f1o complejo\u201d.<\/p>\n<p>Del otro lado, <b>Atl\u00e9tico Tucum\u00e1n<\/b> consum\u00f3 buenos resultados de la mano de <b>Julio C\u00e9sar Falcioni<\/b>. Con 10 unidades, <b>el <\/b><i><b>Decano<\/b><\/i><b> est\u00e1 en la pelea por ingresar a los playoffs del Torneo Clausura<\/b> y se escap\u00f3 de forma definitiva del descenso en la Tabla Anual al cosechar 24 puntos. <b>Viene de igualar sin goles contra Instituto y Belgrano de C\u00f3rdoba<\/b> en sus \u00faltimas presentaciones. Adem\u00e1s, sigue vivo en la Copa Argentina: se medir\u00e1 contra <b>Independiente Rivadavia<\/b> por los cuartos de final el mi\u00e9rcoles 16 de septiembre a las 19:00 en el Estadio Florencio Sola (Banfield).<\/p>\n<p>Antes del choque contra la Lepra mendocina, <b>Atl\u00e9tico Tucum\u00e1n deber\u00e1 recibir a River Plate<\/b> en el <i>Monumental Jos\u00e9 Fierro<\/i> el pr\u00f3ximo s\u00e1bado 12 de septiembre desde las 17:30. Racing, por su parte, <b>visitar\u00e1 a Hurac\u00e1n<\/b> en Parque Patricios el domingo a las 21:30.<\/p>\n<p><b>Posibles formaciones<\/b><\/p>\n<p><b>Racing<\/b>: Facundo Cambeses; Ezequiel Cannavo, Mat\u00edas P\u00e9rez, Gonzalo Escudero, Alfonso Espino; Ulises Ortegoza, Leonel P\u00e9rez, Mat\u00edas Zaracho; Matko Miljevic; Tom\u00e1s Conechny y Adri\u00e1n Mart\u00ednez. DT: Juan Pablo Vojvoda. <b>DT<\/b>: Juan Pablo Vojvoda.<\/p>\n<p><b>Atl\u00e9tico Tucum\u00e1n<\/b>: Luis Ingolotti; Leonel Di Placido, Clever Ferreira, Luciano Vallejo, Ignacio Galv\u00e1n; Leonel Vega, Lautaro Godoy, Renzo Tesuri; Nicol\u00e1s Lam\u00e9ndola, Franco Nicolas y Leandro D\u00edaz. <b>DT<\/b>: Julio C\u00e9sar Falcioni<\/p>\n<p><opta-widget widget=\"matchday_live\" competition=\"724\" season=\"2026\" match=\"2614480\" template=\"normal\" live=\"true\" orientation=\"horizontal\" side=\"both\" show_match_header=\"true\" show_crests=\"true\" show_pitch_crests=\"true\" show_team_formation=\"true\" show_score=\"true\" show_halftime_score=\"true\" show_competition_name=\"true\" show_date=\"true\" date_format=\"dddd D MMMM YYYY\" narrow_date_format=\"DD\/MM\/YY\" show_referee=\"true\" show_venue=\"true\" show_attendance=\"true\" show_images=\"true\" show_pitch_images=\"true\" show_team_sheets=\"true\" show_event_icons=\"true\" show_player_names=\"true\" show_player_stats=\"true\" show_subs=\"all\" competition_naming=\"full\" team_naming=\"full\" player_naming=\"full\" show_live=\"true\" show_logo=\"false\" show_title=\"true\" breakpoints=\"400, 700\" sport=\"football\"><\/opta-widget><\/p>\n<p><b>\u00c1rbitro<\/b>: Pablo Echavarr\u00eda<\/p>\n<p><b>VAR<\/b>: Jos\u00e9 Carreras<\/p>\n<p><b>Estadio<\/b>: Cilindro de Avellaneda<\/p>\n<p><b>Hora<\/b>: 21.30<\/p>\n<p><b>TV<\/b>: ESPN Premium<\/p>\n","protected":false},"excerpt":{"rendered":"<p>\u00a0\u00a0\u00a0\u00a0 \u00a0\u00a0\u00a0\u00a0 \u00a0\u00a0\u00a0\u00a0 \u00a0\u00a0\u00a0\u00a0 \u00a0\u00a0\u00a0\u00a0 \u00a0\u00a0\u00a0\u00a0 \u00a0\u00a0\u00a0\u00a0 \u00a0\u00a0\u00a0\u00a0 \u00a0\u00a0\u00a0\u00a0 \u00a0\u00a0\u00a0\u00a0 En medio de un presente adverso, Racing se enfrentar\u00e1 a Atl\u00e9tico Tucum\u00e1n en el Cilindro de Avellaneda por la fecha 7 del Torneo Clausura. La Academia marcha ante\u00faltimo en la zona B y est\u00e1 obligado a ganar para meterse en la pelea de los playoffs,&#8230;<\/p>\n","protected":false},"author":1,"featured_media":0,"comment_status":"open","ping_status":"closed","sticky":false,"template":"","format":"standard","meta":{"_jetpack_newsletter_access":"","_jetpack_dont_email_post_to_subs":false,"_jetpack_newsletter_tier_id":0,"_jetpack_memberships_contains_paywalled_content":false,"_jetpack_memberships_contains_paid_content":false,"footnotes":"","jetpack_post_was_ever_published":false},"categories":[30],"tags":[39],"class_list":["post-98228","post","type-post","status-publish","format-standard","hentry","category-argentina","tag-deportes"],"magazineBlocksPostFeaturedMedia":{"thumbnail":false,"medium":false,"medium_large":false,"large":false,"1536x1536":false,"2048x2048":false,"newsmatic-featured":false,"newsmatic-list":false,"newsmatic-thumb":false,"newsmatic-small":false,"newsmatic-grid":false},"magazineBlocksPostAuthor":{"name":"admin","avatar":"https:\/\/secure.gravatar.com\/avatar\/76e419471a2083bc3ceab22a763dbbf9b0c1bd15a6214cf3280e2c2dde4580f9?s=96&d=mm&r=g"},"magazineBlocksPostCommentsNumber":"0","magazineBlocksPostExcerpt":"\u00a0\u00a0\u00a0\u00a0 \u00a0\u00a0\u00a0\u00a0 \u00a0\u00a0\u00a0\u00a0 \u00a0\u00a0\u00a0\u00a0 \u00a0\u00a0\u00a0\u00a0 \u00a0\u00a0\u00a0\u00a0 \u00a0\u00a0\u00a0\u00a0 \u00a0\u00a0\u00a0\u00a0 \u00a0\u00a0\u00a0\u00a0 \u00a0\u00a0\u00a0\u00a0 En medio de un presente adverso, Racing se enfrentar\u00e1 a Atl\u00e9tico Tucum\u00e1n en el Cilindro de Avellaneda por la fecha 7 del Torneo Clausura. La Academia marcha ante\u00faltimo en la zona B y est\u00e1 obligado a ganar para meterse en la pelea de los playoffs,...","magazineBlocksPostCategories":["Argentina"],"magazineBlocksPostViewCount":40,"magazineBlocksPostReadTime":4,"magazine_blocks_featured_image_url":{"full":false,"medium":false,"thumbnail":false},"magazine_blocks_author":{"display_name":"admin","author_link":"https:\/\/lobosnews.com.ar\/index.php\/author\/lobos-news\/"},"magazine_blocks_comment":0,"magazine_blocks_author_image":"https:\/\/secure.gravatar.com\/avatar\/76e419471a2083bc3ceab22a763dbbf9b0c1bd15a6214cf3280e2c2dde4580f9?s=96&d=mm&r=g","magazine_blocks_category":"<a href=\"#\" class=\"category-link category-link-30\">Argentina<\/a>","yoast_head":"<!-- This site is optimized with the Yoast SEO plugin v28.0 - https:\/\/yoast.com\/product\/yoast-seo-wordpress\/ -->\n<title>Racing recibir\u00e1 a Atl\u00e9tico Tucum\u00e1n por el Torneo Clausura con el objetivo de salir del fondo: hora, TV y formaciones - Lobos News<\/title>\n<meta name=\"robots\" content=\"index, follow, max-snippet:-1, max-image-preview:large, max-video-preview:-1\" \/>\n<link rel=\"canonical\" href=\"https:\/\/lobosnews.com.ar\/index.php\/2026\/09\/06\/racing-recibira-a-atletico-tucuman-por-el-torneo-clausura-con-el-objetivo-de-salir-del-fondo-hora-tv-y-formaciones\/\" \/>\n<meta property=\"og:locale\" content=\"es_ES\" \/>\n<meta property=\"og:type\" content=\"article\" \/>\n<meta property=\"og:title\" content=\"Racing recibir\u00e1 a Atl\u00e9tico Tucum\u00e1n por el Torneo Clausura con el objetivo de salir del fondo: hora, TV y formaciones - Lobos News\" \/>\n<meta property=\"og:description\" content=\"\u00a0\u00a0\u00a0\u00a0 \u00a0\u00a0\u00a0\u00a0 \u00a0\u00a0\u00a0\u00a0 \u00a0\u00a0\u00a0\u00a0 \u00a0\u00a0\u00a0\u00a0 \u00a0\u00a0\u00a0\u00a0 \u00a0\u00a0\u00a0\u00a0 \u00a0\u00a0\u00a0\u00a0 \u00a0\u00a0\u00a0\u00a0 \u00a0\u00a0\u00a0\u00a0 En medio de un presente adverso, Racing se enfrentar\u00e1 a Atl\u00e9tico Tucum\u00e1n en el Cilindro de Avellaneda por la fecha 7 del Torneo Clausura. La Academia marcha ante\u00faltimo en la zona B y est\u00e1 obligado a ganar para meterse en la pelea de los playoffs,...\" \/>\n<meta property=\"og:url\" content=\"https:\/\/lobosnews.com.ar\/index.php\/2026\/09\/06\/racing-recibira-a-atletico-tucuman-por-el-torneo-clausura-con-el-objetivo-de-salir-del-fondo-hora-tv-y-formaciones\/\" \/>\n<meta property=\"og:site_name\" content=\"Lobos News\" \/>\n<meta property=\"article:published_time\" content=\"2026-09-06T17:43:05+00:00\" \/>\n<meta property=\"article:modified_time\" content=\"2026-09-06T20:01:09+00:00\" \/>\n<meta property=\"og:image\" content=\"https:\/\/lobosnews.com.ar\/wp-content\/uploads\/2026\/09\/racing-recibira-a-atletico-tucuman-por-el-torneo-clausura-con-el-objetivo-de-salir-del-fondo-hora-tv-y-formaciones.jpg\" \/>\n<meta name=\"author\" content=\"admin\" \/>\n<meta name=\"twitter:card\" content=\"summary_large_image\" \/>\n<meta name=\"twitter:label1\" content=\"Escrito por\" \/>\n\t<meta name=\"twitter:data1\" content=\"admin\" \/>\n\t<meta name=\"twitter:label2\" content=\"Tiempo de lectura\" \/>\n\t<meta name=\"twitter:data2\" content=\"4 minutos\" \/>\n<script type=\"application\/ld+json\" class=\"yoast-schema-graph\">{\"@context\":\"https:\\\/\\\/schema.org\",\"@graph\":[{\"@type\":\"Article\",\"@id\":\"https:\\\/\\\/lobosnews.com.ar\\\/index.php\\\/2026\\\/09\\\/06\\\/racing-recibira-a-atletico-tucuman-por-el-torneo-clausura-con-el-objetivo-de-salir-del-fondo-hora-tv-y-formaciones\\\/#article\",\"isPartOf\":{\"@id\":\"https:\\\/\\\/lobosnews.com.ar\\\/index.php\\\/2026\\\/09\\\/06\\\/racing-recibira-a-atletico-tucuman-por-el-torneo-clausura-con-el-objetivo-de-salir-del-fondo-hora-tv-y-formaciones\\\/\"},\"author\":{\"name\":\"admin\",\"@id\":\"https:\\\/\\\/lobosnews.com.ar\\\/#\\\/schema\\\/person\\\/232422a593d5c541dd9aef6aaed10943\"},\"headline\":\"Racing recibir\u00e1 a Atl\u00e9tico Tucum\u00e1n por el Torneo Clausura con el objetivo de salir del fondo: hora, TV y formaciones\",\"datePublished\":\"2026-09-06T17:43:05+00:00\",\"dateModified\":\"2026-09-06T20:01:09+00:00\",\"mainEntityOfPage\":{\"@id\":\"https:\\\/\\\/lobosnews.com.ar\\\/index.php\\\/2026\\\/09\\\/06\\\/racing-recibira-a-atletico-tucuman-por-el-torneo-clausura-con-el-objetivo-de-salir-del-fondo-hora-tv-y-formaciones\\\/\"},\"wordCount\":728,\"commentCount\":0,\"publisher\":{\"@id\":\"https:\\\/\\\/lobosnews.com.ar\\\/#organization\"},\"image\":{\"@id\":\"https:\\\/\\\/lobosnews.com.ar\\\/index.php\\\/2026\\\/09\\\/06\\\/racing-recibira-a-atletico-tucuman-por-el-torneo-clausura-con-el-objetivo-de-salir-del-fondo-hora-tv-y-formaciones\\\/#primaryimage\"},\"thumbnailUrl\":\"https:\\\/\\\/lobosnews.com.ar\\\/wp-content\\\/uploads\\\/2026\\\/09\\\/racing-recibira-a-atletico-tucuman-por-el-torneo-clausura-con-el-objetivo-de-salir-del-fondo-hora-tv-y-formaciones.jpg\",\"keywords\":[\"Deportes\"],\"articleSection\":[\"Argentina\"],\"inLanguage\":\"es\",\"potentialAction\":[{\"@type\":\"CommentAction\",\"name\":\"Comment\",\"target\":[\"https:\\\/\\\/lobosnews.com.ar\\\/index.php\\\/2026\\\/09\\\/06\\\/racing-recibira-a-atletico-tucuman-por-el-torneo-clausura-con-el-objetivo-de-salir-del-fondo-hora-tv-y-formaciones\\\/#respond\"]}]},{\"@type\":\"WebPage\",\"@id\":\"https:\\\/\\\/lobosnews.com.ar\\\/index.php\\\/2026\\\/09\\\/06\\\/racing-recibira-a-atletico-tucuman-por-el-torneo-clausura-con-el-objetivo-de-salir-del-fondo-hora-tv-y-formaciones\\\/\",\"url\":\"https:\\\/\\\/lobosnews.com.ar\\\/index.php\\\/2026\\\/09\\\/06\\\/racing-recibira-a-atletico-tucuman-por-el-torneo-clausura-con-el-objetivo-de-salir-del-fondo-hora-tv-y-formaciones\\\/\",\"name\":\"Racing recibir\u00e1 a Atl\u00e9tico Tucum\u00e1n por el Torneo Clausura con el objetivo de salir del fondo: hora, TV y formaciones - Lobos News\",\"isPartOf\":{\"@id\":\"https:\\\/\\\/lobosnews.com.ar\\\/#website\"},\"primaryImageOfPage\":{\"@id\":\"https:\\\/\\\/lobosnews.com.ar\\\/index.php\\\/2026\\\/09\\\/06\\\/racing-recibira-a-atletico-tucuman-por-el-torneo-clausura-con-el-objetivo-de-salir-del-fondo-hora-tv-y-formaciones\\\/#primaryimage\"},\"image\":{\"@id\":\"https:\\\/\\\/lobosnews.com.ar\\\/index.php\\\/2026\\\/09\\\/06\\\/racing-recibira-a-atletico-tucuman-por-el-torneo-clausura-con-el-objetivo-de-salir-del-fondo-hora-tv-y-formaciones\\\/#primaryimage\"},\"thumbnailUrl\":\"https:\\\/\\\/lobosnews.com.ar\\\/wp-content\\\/uploads\\\/2026\\\/09\\\/racing-recibira-a-atletico-tucuman-por-el-torneo-clausura-con-el-objetivo-de-salir-del-fondo-hora-tv-y-formaciones.jpg\",\"datePublished\":\"2026-09-06T17:43:05+00:00\",\"dateModified\":\"2026-09-06T20:01:09+00:00\",\"breadcrumb\":{\"@id\":\"https:\\\/\\\/lobosnews.com.ar\\\/index.php\\\/2026\\\/09\\\/06\\\/racing-recibira-a-atletico-tucuman-por-el-torneo-clausura-con-el-objetivo-de-salir-del-fondo-hora-tv-y-formaciones\\\/#breadcrumb\"},\"inLanguage\":\"es\",\"potentialAction\":[{\"@type\":\"ReadAction\",\"target\":[\"https:\\\/\\\/lobosnews.com.ar\\\/index.php\\\/2026\\\/09\\\/06\\\/racing-recibira-a-atletico-tucuman-por-el-torneo-clausura-con-el-objetivo-de-salir-del-fondo-hora-tv-y-formaciones\\\/\"]}]},{\"@type\":\"ImageObject\",\"inLanguage\":\"es\",\"@id\":\"https:\\\/\\\/lobosnews.com.ar\\\/index.php\\\/2026\\\/09\\\/06\\\/racing-recibira-a-atletico-tucuman-por-el-torneo-clausura-con-el-objetivo-de-salir-del-fondo-hora-tv-y-formaciones\\\/#primaryimage\",\"url\":\"https:\\\/\\\/lobosnews.com.ar\\\/wp-content\\\/uploads\\\/2026\\\/09\\\/racing-recibira-a-atletico-tucuman-por-el-torneo-clausura-con-el-objetivo-de-salir-del-fondo-hora-tv-y-formaciones-scaled.jpg\",\"contentUrl\":\"https:\\\/\\\/lobosnews.com.ar\\\/wp-content\\\/uploads\\\/2026\\\/09\\\/racing-recibira-a-atletico-tucuman-por-el-torneo-clausura-con-el-objetivo-de-salir-del-fondo-hora-tv-y-formaciones-scaled.jpg\",\"width\":2560,\"height\":1429},{\"@type\":\"BreadcrumbList\",\"@id\":\"https:\\\/\\\/lobosnews.com.ar\\\/index.php\\\/2026\\\/09\\\/06\\\/racing-recibira-a-atletico-tucuman-por-el-torneo-clausura-con-el-objetivo-de-salir-del-fondo-hora-tv-y-formaciones\\\/#breadcrumb\",\"itemListElement\":[{\"@type\":\"ListItem\",\"position\":1,\"name\":\"Portada\",\"item\":\"https:\\\/\\\/lobosnews.com.ar\\\/\"},{\"@type\":\"ListItem\",\"position\":2,\"name\":\"Racing recibir\u00e1 a Atl\u00e9tico Tucum\u00e1n por el Torneo Clausura con el objetivo de salir del fondo: hora, TV y formaciones\"}]},{\"@type\":\"WebSite\",\"@id\":\"https:\\\/\\\/lobosnews.com.ar\\\/#website\",\"url\":\"https:\\\/\\\/lobosnews.com.ar\\\/\",\"name\":\"Lobos News\",\"description\":\"Informaci\u00f3n a cada instante\",\"publisher\":{\"@id\":\"https:\\\/\\\/lobosnews.com.ar\\\/#organization\"},\"potentialAction\":[{\"@type\":\"SearchAction\",\"target\":{\"@type\":\"EntryPoint\",\"urlTemplate\":\"https:\\\/\\\/lobosnews.com.ar\\\/?s={search_term_string}\"},\"query-input\":{\"@type\":\"PropertyValueSpecification\",\"valueRequired\":true,\"valueName\":\"search_term_string\"}}],\"inLanguage\":\"es\"},{\"@type\":\"Organization\",\"@id\":\"https:\\\/\\\/lobosnews.com.ar\\\/#organization\",\"name\":\"Lobos News\",\"url\":\"https:\\\/\\\/lobosnews.com.ar\\\/\",\"logo\":{\"@type\":\"ImageObject\",\"inLanguage\":\"es\",\"@id\":\"https:\\\/\\\/lobosnews.com.ar\\\/#\\\/schema\\\/logo\\\/image\\\/\",\"url\":\"https:\\\/\\\/lobosnews.com.ar\\\/wp-content\\\/uploads\\\/2026\\\/01\\\/logo-lobosnews.png\",\"contentUrl\":\"https:\\\/\\\/lobosnews.com.ar\\\/wp-content\\\/uploads\\\/2026\\\/01\\\/logo-lobosnews.png\",\"width\":500,\"height\":200,\"caption\":\"Lobos News\"},\"image\":{\"@id\":\"https:\\\/\\\/lobosnews.com.ar\\\/#\\\/schema\\\/logo\\\/image\\\/\"}},{\"@type\":\"Person\",\"@id\":\"https:\\\/\\\/lobosnews.com.ar\\\/#\\\/schema\\\/person\\\/232422a593d5c541dd9aef6aaed10943\",\"name\":\"admin\",\"image\":{\"@type\":\"ImageObject\",\"inLanguage\":\"es\",\"@id\":\"https:\\\/\\\/secure.gravatar.com\\\/avatar\\\/76e419471a2083bc3ceab22a763dbbf9b0c1bd15a6214cf3280e2c2dde4580f9?s=96&d=mm&r=g\",\"url\":\"https:\\\/\\\/secure.gravatar.com\\\/avatar\\\/76e419471a2083bc3ceab22a763dbbf9b0c1bd15a6214cf3280e2c2dde4580f9?s=96&d=mm&r=g\",\"contentUrl\":\"https:\\\/\\\/secure.gravatar.com\\\/avatar\\\/76e419471a2083bc3ceab22a763dbbf9b0c1bd15a6214cf3280e2c2dde4580f9?s=96&d=mm&r=g\",\"caption\":\"admin\"},\"sameAs\":[\"https:\\\/\\\/lobosnews.com.ar\"],\"url\":\"https:\\\/\\\/lobosnews.com.ar\\\/index.php\\\/author\\\/lobos-news\\\/\"}]}<\/script>\n<!-- \/ Yoast SEO plugin. -->","yoast_head_json":{"title":"Racing recibir\u00e1 a Atl\u00e9tico Tucum\u00e1n por el Torneo Clausura con el objetivo de salir del fondo: hora, TV y formaciones - Lobos News","robots":{"index":"index","follow":"follow","max-snippet":"max-snippet:-1","max-image-preview":"max-image-preview:large","max-video-preview":"max-video-preview:-1"},"canonical":"https:\/\/lobosnews.com.ar\/index.php\/2026\/09\/06\/racing-recibira-a-atletico-tucuman-por-el-torneo-clausura-con-el-objetivo-de-salir-del-fondo-hora-tv-y-formaciones\/","og_locale":"es_ES","og_type":"article","og_title":"Racing recibir\u00e1 a Atl\u00e9tico Tucum\u00e1n por el Torneo Clausura con el objetivo de salir del fondo: hora, TV y formaciones - Lobos News","og_description":"\u00a0\u00a0\u00a0\u00a0 \u00a0\u00a0\u00a0\u00a0 \u00a0\u00a0\u00a0\u00a0 \u00a0\u00a0\u00a0\u00a0 \u00a0\u00a0\u00a0\u00a0 \u00a0\u00a0\u00a0\u00a0 \u00a0\u00a0\u00a0\u00a0 \u00a0\u00a0\u00a0\u00a0 \u00a0\u00a0\u00a0\u00a0 \u00a0\u00a0\u00a0\u00a0 En medio de un presente adverso, Racing se enfrentar\u00e1 a Atl\u00e9tico Tucum\u00e1n en el Cilindro de Avellaneda por la fecha 7 del Torneo Clausura. La Academia marcha ante\u00faltimo en la zona B y est\u00e1 obligado a ganar para meterse en la pelea de los playoffs,...","og_url":"https:\/\/lobosnews.com.ar\/index.php\/2026\/09\/06\/racing-recibira-a-atletico-tucuman-por-el-torneo-clausura-con-el-objetivo-de-salir-del-fondo-hora-tv-y-formaciones\/","og_site_name":"Lobos News","article_published_time":"2026-09-06T17:43:05+00:00","article_modified_time":"2026-09-06T20:01:09+00:00","og_image":[{"url":"https:\/\/lobosnews.com.ar\/wp-content\/uploads\/2026\/09\/racing-recibira-a-atletico-tucuman-por-el-torneo-clausura-con-el-objetivo-de-salir-del-fondo-hora-tv-y-formaciones.jpg","type":"","width":"","height":""}],"author":"admin","twitter_card":"summary_large_image","twitter_misc":{"Escrito por":"admin","Tiempo de lectura":"4 minutos"},"schema":{"@context":"https:\/\/schema.org","@graph":[{"@type":"Article","@id":"https:\/\/lobosnews.com.ar\/index.php\/2026\/09\/06\/racing-recibira-a-atletico-tucuman-por-el-torneo-clausura-con-el-objetivo-de-salir-del-fondo-hora-tv-y-formaciones\/#article","isPartOf":{"@id":"https:\/\/lobosnews.com.ar\/index.php\/2026\/09\/06\/racing-recibira-a-atletico-tucuman-por-el-torneo-clausura-con-el-objetivo-de-salir-del-fondo-hora-tv-y-formaciones\/"},"author":{"name":"admin","@id":"https:\/\/lobosnews.com.ar\/#\/schema\/person\/232422a593d5c541dd9aef6aaed10943"},"headline":"Racing recibir\u00e1 a Atl\u00e9tico Tucum\u00e1n por el Torneo Clausura con el objetivo de salir del fondo: hora, TV y formaciones","datePublished":"2026-09-06T17:43:05+00:00","dateModified":"2026-09-06T20:01:09+00:00","mainEntityOfPage":{"@id":"https:\/\/lobosnews.com.ar\/index.php\/2026\/09\/06\/racing-recibira-a-atletico-tucuman-por-el-torneo-clausura-con-el-objetivo-de-salir-del-fondo-hora-tv-y-formaciones\/"},"wordCount":728,"commentCount":0,"publisher":{"@id":"https:\/\/lobosnews.com.ar\/#organization"},"image":{"@id":"https:\/\/lobosnews.com.ar\/index.php\/2026\/09\/06\/racing-recibira-a-atletico-tucuman-por-el-torneo-clausura-con-el-objetivo-de-salir-del-fondo-hora-tv-y-formaciones\/#primaryimage"},"thumbnailUrl":"https:\/\/lobosnews.com.ar\/wp-content\/uploads\/2026\/09\/racing-recibira-a-atletico-tucuman-por-el-torneo-clausura-con-el-objetivo-de-salir-del-fondo-hora-tv-y-formaciones.jpg","keywords":["Deportes"],"articleSection":["Argentina"],"inLanguage":"es","potentialAction":[{"@type":"CommentAction","name":"Comment","target":["https:\/\/lobosnews.com.ar\/index.php\/2026\/09\/06\/racing-recibira-a-atletico-tucuman-por-el-torneo-clausura-con-el-objetivo-de-salir-del-fondo-hora-tv-y-formaciones\/#respond"]}]},{"@type":"WebPage","@id":"https:\/\/lobosnews.com.ar\/index.php\/2026\/09\/06\/racing-recibira-a-atletico-tucuman-por-el-torneo-clausura-con-el-objetivo-de-salir-del-fondo-hora-tv-y-formaciones\/","url":"https:\/\/lobosnews.com.ar\/index.php\/2026\/09\/06\/racing-recibira-a-atletico-tucuman-por-el-torneo-clausura-con-el-objetivo-de-salir-del-fondo-hora-tv-y-formaciones\/","name":"Racing recibir\u00e1 a Atl\u00e9tico Tucum\u00e1n por el Torneo Clausura con el objetivo de salir del fondo: hora, TV y formaciones - Lobos News","isPartOf":{"@id":"https:\/\/lobosnews.com.ar\/#website"},"primaryImageOfPage":{"@id":"https:\/\/lobosnews.com.ar\/index.php\/2026\/09\/06\/racing-recibira-a-atletico-tucuman-por-el-torneo-clausura-con-el-objetivo-de-salir-del-fondo-hora-tv-y-formaciones\/#primaryimage"},"image":{"@id":"https:\/\/lobosnews.com.ar\/index.php\/2026\/09\/06\/racing-recibira-a-atletico-tucuman-por-el-torneo-clausura-con-el-objetivo-de-salir-del-fondo-hora-tv-y-formaciones\/#primaryimage"},"thumbnailUrl":"https:\/\/lobosnews.com.ar\/wp-content\/uploads\/2026\/09\/racing-recibira-a-atletico-tucuman-por-el-torneo-clausura-con-el-objetivo-de-salir-del-fondo-hora-tv-y-formaciones.jpg","datePublished":"2026-09-06T17:43:05+00:00","dateModified":"2026-09-06T20:01:09+00:00","breadcrumb":{"@id":"https:\/\/lobosnews.com.ar\/index.php\/2026\/09\/06\/racing-recibira-a-atletico-tucuman-por-el-torneo-clausura-con-el-objetivo-de-salir-del-fondo-hora-tv-y-formaciones\/#breadcrumb"},"inLanguage":"es","potentialAction":[{"@type":"ReadAction","target":["https:\/\/lobosnews.com.ar\/index.php\/2026\/09\/06\/racing-recibira-a-atletico-tucuman-por-el-torneo-clausura-con-el-objetivo-de-salir-del-fondo-hora-tv-y-formaciones\/"]}]},{"@type":"ImageObject","inLanguage":"es","@id":"https:\/\/lobosnews.com.ar\/index.php\/2026\/09\/06\/racing-recibira-a-atletico-tucuman-por-el-torneo-clausura-con-el-objetivo-de-salir-del-fondo-hora-tv-y-formaciones\/#primaryimage","url":"https:\/\/lobosnews.com.ar\/wp-content\/uploads\/2026\/09\/racing-recibira-a-atletico-tucuman-por-el-torneo-clausura-con-el-objetivo-de-salir-del-fondo-hora-tv-y-formaciones-scaled.jpg","contentUrl":"https:\/\/lobosnews.com.ar\/wp-content\/uploads\/2026\/09\/racing-recibira-a-atletico-tucuman-por-el-torneo-clausura-con-el-objetivo-de-salir-del-fondo-hora-tv-y-formaciones-scaled.jpg","width":2560,"height":1429},{"@type":"BreadcrumbList","@id":"https:\/\/lobosnews.com.ar\/index.php\/2026\/09\/06\/racing-recibira-a-atletico-tucuman-por-el-torneo-clausura-con-el-objetivo-de-salir-del-fondo-hora-tv-y-formaciones\/#breadcrumb","itemListElement":[{"@type":"ListItem","position":1,"name":"Portada","item":"https:\/\/lobosnews.com.ar\/"},{"@type":"ListItem","position":2,"name":"Racing recibir\u00e1 a Atl\u00e9tico Tucum\u00e1n por el Torneo Clausura con el objetivo de salir del fondo: hora, TV y formaciones"}]},{"@type":"WebSite","@id":"https:\/\/lobosnews.com.ar\/#website","url":"https:\/\/lobosnews.com.ar\/","name":"Lobos News","description":"Informaci\u00f3n a cada instante","publisher":{"@id":"https:\/\/lobosnews.com.ar\/#organization"},"potentialAction":[{"@type":"SearchAction","target":{"@type":"EntryPoint","urlTemplate":"https:\/\/lobosnews.com.ar\/?s={search_term_string}"},"query-input":{"@type":"PropertyValueSpecification","valueRequired":true,"valueName":"search_term_string"}}],"inLanguage":"es"},{"@type":"Organization","@id":"https:\/\/lobosnews.com.ar\/#organization","name":"Lobos News","url":"https:\/\/lobosnews.com.ar\/","logo":{"@type":"ImageObject","inLanguage":"es","@id":"https:\/\/lobosnews.com.ar\/#\/schema\/logo\/image\/","url":"https:\/\/lobosnews.com.ar\/wp-content\/uploads\/2026\/01\/logo-lobosnews.png","contentUrl":"https:\/\/lobosnews.com.ar\/wp-content\/uploads\/2026\/01\/logo-lobosnews.png","width":500,"height":200,"caption":"Lobos News"},"image":{"@id":"https:\/\/lobosnews.com.ar\/#\/schema\/logo\/image\/"}},{"@type":"Person","@id":"https:\/\/lobosnews.com.ar\/#\/schema\/person\/232422a593d5c541dd9aef6aaed10943","name":"admin","image":{"@type":"ImageObject","inLanguage":"es","@id":"https:\/\/secure.gravatar.com\/avatar\/76e419471a2083bc3ceab22a763dbbf9b0c1bd15a6214cf3280e2c2dde4580f9?s=96&d=mm&r=g","url":"https:\/\/secure.gravatar.com\/avatar\/76e419471a2083bc3ceab22a763dbbf9b0c1bd15a6214cf3280e2c2dde4580f9?s=96&d=mm&r=g","contentUrl":"https:\/\/secure.gravatar.com\/avatar\/76e419471a2083bc3ceab22a763dbbf9b0c1bd15a6214cf3280e2c2dde4580f9?s=96&d=mm&r=g","caption":"admin"},"sameAs":["https:\/\/lobosnews.com.ar"],"url":"https:\/\/lobosnews.com.ar\/index.php\/author\/lobos-news\/"}]}},"jetpack_featured_media_url":"","jetpack_sharing_enabled":true,"_links":{"self":[{"href":"https:\/\/lobosnews.com.ar\/index.php\/wp-json\/wp\/v2\/posts\/98228","targetHints":{"allow":["GET"]}}],"collection":[{"href":"https:\/\/lobosnews.com.ar\/index.php\/wp-json\/wp\/v2\/posts"}],"about":[{"href":"https:\/\/lobosnews.com.ar\/index.php\/wp-json\/wp\/v2\/types\/post"}],"author":[{"embeddable":true,"href":"https:\/\/lobosnews.com.ar\/index.php\/wp-json\/wp\/v2\/users\/1"}],"replies":[{"embeddable":true,"href":"https:\/\/lobosnews.com.ar\/index.php\/wp-json\/wp\/v2\/comments?post=98228"}],"version-history":[{"count":1,"href":"https:\/\/lobosnews.com.ar\/index.php\/wp-json\/wp\/v2\/posts\/98228\/revisions"}],"predecessor-version":[{"id":98230,"href":"https:\/\/lobosnews.com.ar\/index.php\/wp-json\/wp\/v2\/posts\/98228\/revisions\/98230"}],"wp:attachment":[{"href":"https:\/\/lobosnews.com.ar\/index.php\/wp-json\/wp\/v2\/media?parent=98228"}],"wp:term":[{"taxonomy":"category","embeddable":true,"href":"https:\/\/lobosnews.com.ar\/index.php\/wp-json\/wp\/v2\/categories?post=98228"},{"taxonomy":"post_tag","embeddable":true,"href":"https:\/\/lobosnews.com.ar\/index.php\/wp-json\/wp\/v2\/tags?post=98228"}],"curies":[{"name":"wp","href":"https:\/\/api.w.org\/{rel}","templated":true}]}}