{"id":98150,"date":"2026-09-06T05:01:00","date_gmt":"2026-09-06T05:01:00","guid":{"rendered":"https:\/\/lobosnews.com.ar\/?p=98150"},"modified":"2026-09-06T13:16:05","modified_gmt":"2026-09-06T13:16:05","slug":"maribel-verdu-se-animo-por-primera-vez-al-terror-con-bajo-tus-pies-fue-una-pesadilla-humana-y-asfixiante","status":"publish","type":"post","link":"https:\/\/lobosnews.com.ar\/index.php\/2026\/09\/06\/maribel-verdu-se-animo-por-primera-vez-al-terror-con-bajo-tus-pies-fue-una-pesadilla-humana-y-asfixiante\/","title":{"rendered":"Maribel Verd\u00fa se anim\u00f3 por primera vez al terror con Bajo tus pies: \u201cFue una pesadilla humana y asfixiante\u201d"},"content":{"rendered":"<p><b>En di\u00e1logo con Teleshow desde Espa\u00f1a, Maribel Verd\u00fa habl\u00f3 sobre su primera incursi\u00f3n plena en el g\u00e9nero de terror, <\/b>el trabajo f\u00edsico y emocional que le demand\u00f3 el personaje y la experiencia de rodar con el director argentino Cristian Barnard, que llevaba trece a\u00f1os desarrollando este proyecto y lleg\u00f3 al set con un storyboard de 4.000 dibujos.<\/p>\n<p>La actriz espa\u00f1ola volvi\u00f3 a ponerse al frente de una historia intensa con <span class=\"waslinkname\"><i><b>Bajo tus pies<\/b><\/i>,<b> que se estrena en Argentina el 10 de septiembre.<\/b><\/span> En el film, Verd\u00fa interpreta a Isabel,<b> una madre separada que se muda con sus dos hijos a un departamento econ\u00f3mico en Bilbao y, a partir de ese momento, queda atrapada en una espiral de tensi\u00f3n, insomnio y miedo.<\/b><\/p>\n<p>Con<b> Sof\u00eda Otero <\/b>en el elenco, la pel\u00edcula apuesta a un terror psicol\u00f3gico apoyado en la atm\u00f3sfera, el desgaste emocional y el miedo cotidiano.<b> <\/b>La historia explora la amenaza latente dentro del espacio dom\u00e9stico y convierte en pesadilla elementos tan reconocibles como los vecinos, los ruidos nocturnos y la imposibilidad de descansar.<b> <\/b><\/p>\n<p><img loading=\"lazy\" decoding=\"async\" src=\"https:\/\/lobosnews.com.ar\/wp-content\/uploads\/2026\/09\/maribel-verdu-se-animo-por-primera-vez-al-terror-con-bajo-tus-pies-fue-una-pesadilla-humana-y-asfixiante.jpg\" alt=\"La actriz construy\u00f3 la ca\u00edda de Isabel a partir del cansancio, la falta de sue\u00f1o y el deterioro f\u00edsico del personaje\" height=\"3143\" width=\"4745\"\/><\/p>\n<p><b>\u2014Con <\/b><i><b>Bajo tus pies<\/b><\/i><b> te met\u00e9s de lleno por primera vez en el terror. \u00bfQu\u00e9 te sorprendi\u00f3 de ese universo y qu\u00e9 te hizo aceptar el proyecto?<\/b><\/p>\n<p>\u2014Me sorprendi\u00f3 el nivel de rigor t\u00e9cnico y f\u00edsico que exige. En el terror no puedes improvisar el tempo: una mirada sostenida un segundo de m\u00e1s o una respiraci\u00f3n fuera de lugar arruinan la tensi\u00f3n. Dije que s\u00ed porque el terror psicol\u00f3gico me atrae como espectadora y sent\u00ed que era un territorio en el que todav\u00eda no me hab\u00eda puesto a prueba de verdad. El guion me atrap\u00f3 de inmediato; no era un terror efectista, era una pesadilla humana y asfixiante.<\/p>\n<p><b>\u2014\u00bfQu\u00e9 viste en Isabel que te atrap\u00f3 desde la primera lectura<\/b><\/p>\n<p>\u2014Su fragilidad inicial y c\u00f3mo esa vulnerabilidad se convierte en una bomba de relojer\u00eda. Isabel es una mujer com\u00fan que solo busca un nuevo comienzo, proteger a los suyos y reconstruirse. No es una hero\u00edna cl\u00e1sica, sino alguien a quien las circunstancias, el aislamiento y la impotencia van empujando hacia un abismo moral y emocional tremendo.<\/p>\n<p><b>\u2014Tu personaje empieza buscando una vida nueva y termina completamente desbordado. \u00bfC\u00f3mo construiste esa ca\u00edda <\/b><\/p>\n<p>\u2014Fue un trabajo milim\u00e9trico y muy progresivo. Hablamos mucho con Cristian (Bernard) de evitar que la locura apareciera de golpe; ten\u00eda que ser un goteo. La clave estuvo en el cuerpo: el cansancio acumulado, el deterioro f\u00edsico, c\u00f3mo la mirada va perdiendo luz y la postura se vuelve m\u00e1s tensa y err\u00e1tica. Trabajamos la paranoia desde la pura falta de sue\u00f1o, que es algo que altera profundamente la qu\u00edmica y la mente de cualquiera.<\/p>\n<p><b>\u2014\u00bfHubo alguna escena que te dejara especialmente al l\u00edmite durante el rodaje?<\/b><\/p>\n<p>\u2014Las secuencias del tramo final fueron agotadoras, tanto a nivel f\u00edsico como emocional. Hay momentos donde Isabel est\u00e1 completamente desbordada, al l\u00edmite del colapso, y mantener esa intensidad toma tras toma te deja exhausta. Terminas el d\u00eda muy cansada, pero ver el resultado en pantalla compensa todo ese esfuerzo.<\/p>\n<p><img loading=\"lazy\" decoding=\"async\" src=\"https:\/\/lobosnews.com.ar\/wp-content\/uploads\/2026\/09\/maribel-verdu-se-animo-por-primera-vez-al-terror-con-bajo-tus-pies-fue-una-pesadilla-humana-y-asfixiante-1.jpg\" alt=\"Cristian Bernard lleg\u00f3 al rodaje de Bajo tus pies con un storyboard de 4.000 dibujos tras trece a\u00f1os de trabajo en el proyecto.\" height=\"720\" width=\"1280\"\/><\/p>\n<p><b>\u2014Ac\u00e1 el terror no viene de monstruos, sino de algo tan cercano como los vecinos y la falta de sue\u00f1o. Eso lo vuelve m\u00e1s perturbador&#8230;<\/b><\/p>\n<p>\u2014Absolutamente. Los monstruos o lo sobrenatural te permiten poner cierta distancia como espectador, pero una comunidad de vecinos hostil, los ruidos en mitad de la noche y el insomnio son cosas que todos conocemos. Saber que tu propia casa \u2014el \u00fanico lugar donde deber\u00edas sentirte a salvo\u2014 se convierte en una trampa es aterradoramente real.<\/p>\n<p><b>\u2014\u00bfAlguna vez viviste algo con vecinos que pudiera haber terminado en una historia de terror?<\/b><\/p>\n<p>\u2014Por suerte, nada a los niveles extremos de la pel\u00edcula, \u00a1si no, me habr\u00eda mudado al segundo d\u00eda! Pero s\u00ed que he tenido alguna \u00e9poca de obras interminables o vecinos con h\u00e1bitos nocturnos complicados que te hacen entender perfectamente c\u00f3mo la falta de descanso te puede llegar a desquiciar y alterar el car\u00e1cter por completo.<\/p>\n<p><img loading=\"lazy\" decoding=\"async\" src=\"https:\/\/lobosnews.com.ar\/wp-content\/uploads\/2026\/09\/maribel-verdu-se-animo-por-primera-vez-al-terror-con-bajo-tus-pies-fue-una-pesadilla-humana-y-asfixiante-2.jpg\" alt=\"En Bajo tus pies, Maribel Verd\u00fa interpreta a Isabel, una madre separada que se muda con sus hijos a un departamento econ\u00f3mico en Bilbao \" height=\"2756\" width=\"4134\"\/><\/p>\n<p><b>\u2014Cristian Bernard lleg\u00f3 al rodaje con un storyboard de 4.000 dibujos y trece a\u00f1os de trabajo encima. \u00bfC\u00f3mo fue ponerse en manos de un director que ten\u00eda todo tan pensado?<\/b><\/p>\n<p>\u2014Fue una delicia y una tranquilidad absoluta. Cuando un director tiene las cosas tan claras en la cabeza y en el papel, te da una red de seguridad enorme para tirarte al vac\u00edo como actriz. Sab\u00edas exactamente qu\u00e9 encuadre buscaba, qu\u00e9 ritmo necesitaba cada plano y por qu\u00e9 cada elemento estaba en su sitio. Esa obsesi\u00f3n sana y esa pasi\u00f3n que tra\u00eda despu\u00e9s de tantos a\u00f1os empujando el proyecto eran tremendamente contagiosas.<\/p>\n<p><b>\u2014\u00bfQu\u00e9 te interes\u00f3 de esa mirada<\/b><\/p>\n<p>\u2014Es el tipo de cine que a m\u00ed me interesa. El susto f\u00e1cil dura un segundo y se olvida; la atm\u00f3sfera que construye Cristian se te mete debajo de la piel y no te suelta. Trabaja el fuera de campo, el sonido y la incomodidad de una manera muy inteligente. Logra que el espectador sienta la misma claustrofobia y la misma desesperaci\u00f3n que est\u00e1 viviendo Isabel.<\/p>\n<p><b>\u2014Cristian lleg\u00f3 a decir que sos \u201cla mejor actriz de cine del universo\u201d. \u00bfC\u00f3mo recib\u00eds un elogio as\u00ed?<\/b><\/p>\n<p>\u2014Es un piropo desmesurado y muy generoso que solo puede venir del cari\u00f1o y de la intensidad con la que vivimos este rodaje. Cristian es pura pasi\u00f3n, y que alguien que ha dedicado m\u00e1s de una d\u00e9cada a una historia conf\u00ede en ti para encarnarla y termine tan feliz con el trabajo es el mayor premio que te puedes llevar.<\/p>\n<p><img loading=\"lazy\" decoding=\"async\" src=\"https:\/\/lobosnews.com.ar\/wp-content\/uploads\/2026\/09\/maribel-verdu-se-animo-por-primera-vez-al-terror-con-bajo-tus-pies-fue-una-pesadilla-humana-y-asfixiante-3.jpg\" alt=\"Maribel Verd\u00fa habl\u00f3 desde Espa\u00f1a sobre Bajo tus pies y su primera incursi\u00f3n plena en el terror psicol\u00f3gico\" height=\"1080\" width=\"1920\"\/><\/p>\n<p><b>\u2014\u00bfQu\u00e9 fue lo que m\u00e1s te sac\u00f3 de tu zona de confort en este trabajo?<\/b><\/p>\n<p>\u2014Me pidi\u00f3 transitar zonas muy oscuras y viscerales, sin miedo a perder el control ni a verme rota o desagradable en pantalla. Cristian me empuj\u00f3 a habitar el silencio y la desesperaci\u00f3n desde un lugar muy crudo, despoj\u00e1ndome de cualquier truco o recurso seguro. Me exigi\u00f3 una entrega absoluta al caos interno de Isabel, y ese riesgo fue precisamente lo m\u00e1s enriquecedor.<\/p>\n<p>Con una figura del peso de Maribel Verd\u00fa al frente, <i>Bajo tus pies<\/i> se perfila como una de las apuestas m\u00e1s inquietantes dentro del terror psicol\u00f3gico en habla hispana. Entre vecinos hostiles, noches sin descanso y una tensi\u00f3n que no da tregua, la pel\u00edcula propone una pesadilla \u00edntima con una protagonista llevada al l\u00edmite.<\/p>\n","protected":false},"excerpt":{"rendered":"<p>En di\u00e1logo con Teleshow desde Espa\u00f1a, Maribel Verd\u00fa habl\u00f3 sobre su primera incursi\u00f3n plena en el g\u00e9nero de terror, el trabajo f\u00edsico y emocional que le demand\u00f3 el personaje y la experiencia de rodar con el director argentino Cristian Barnard, que llevaba trece a\u00f1os desarrollando este proyecto y lleg\u00f3 al set con un storyboard de&#8230;<\/p>\n","protected":false},"author":1,"featured_media":98156,"comment_status":"open","ping_status":"closed","sticky":false,"template":"","format":"standard","meta":{"_jetpack_newsletter_access":"","_jetpack_dont_email_post_to_subs":false,"_jetpack_newsletter_tier_id":0,"_jetpack_memberships_contains_paywalled_content":false,"_jetpack_memberships_contains_paid_content":false,"footnotes":"","jetpack_post_was_ever_published":false},"categories":[79],"tags":[],"class_list":["post-98150","post","type-post","status-publish","format-standard","has-post-thumbnail","hentry","category-cine-y-series"],"magazineBlocksPostFeaturedMedia":{"thumbnail":"https:\/\/lobosnews.com.ar\/wp-content\/uploads\/2026\/09\/maribel-verdu-se-animo-por-primera-vez-al-terror-con-bajo-tus-pies-fue-una-pesadilla-humana-y-asfixiante-6-150x150.jpg","medium":"https:\/\/lobosnews.com.ar\/wp-content\/uploads\/2026\/09\/maribel-verdu-se-animo-por-primera-vez-al-terror-con-bajo-tus-pies-fue-una-pesadilla-humana-y-asfixiante-6-300x169.jpg","medium_large":"https:\/\/lobosnews.com.ar\/wp-content\/uploads\/2026\/09\/maribel-verdu-se-animo-por-primera-vez-al-terror-con-bajo-tus-pies-fue-una-pesadilla-humana-y-asfixiante-6-768x432.jpg","large":"https:\/\/lobosnews.com.ar\/wp-content\/uploads\/2026\/09\/maribel-verdu-se-animo-por-primera-vez-al-terror-con-bajo-tus-pies-fue-una-pesadilla-humana-y-asfixiante-6-1024x576.jpg","1536x1536":"https:\/\/lobosnews.com.ar\/wp-content\/uploads\/2026\/09\/maribel-verdu-se-animo-por-primera-vez-al-terror-con-bajo-tus-pies-fue-una-pesadilla-humana-y-asfixiante-6-1536x864.jpg","2048x2048":"https:\/\/lobosnews.com.ar\/wp-content\/uploads\/2026\/09\/maribel-verdu-se-animo-por-primera-vez-al-terror-con-bajo-tus-pies-fue-una-pesadilla-humana-y-asfixiante-6.jpg","newsmatic-featured":"https:\/\/lobosnews.com.ar\/wp-content\/uploads\/2026\/09\/maribel-verdu-se-animo-por-primera-vez-al-terror-con-bajo-tus-pies-fue-una-pesadilla-humana-y-asfixiante-6-820x545.jpg","newsmatic-list":"https:\/\/lobosnews.com.ar\/wp-content\/uploads\/2026\/09\/maribel-verdu-se-animo-por-primera-vez-al-terror-con-bajo-tus-pies-fue-una-pesadilla-humana-y-asfixiante-6-600x400.jpg","newsmatic-thumb":"https:\/\/lobosnews.com.ar\/wp-content\/uploads\/2026\/09\/maribel-verdu-se-animo-por-primera-vez-al-terror-con-bajo-tus-pies-fue-una-pesadilla-humana-y-asfixiante-6-300x200.jpg","newsmatic-small":"https:\/\/lobosnews.com.ar\/wp-content\/uploads\/2026\/09\/maribel-verdu-se-animo-por-primera-vez-al-terror-con-bajo-tus-pies-fue-una-pesadilla-humana-y-asfixiante-6-150x95.jpg","newsmatic-grid":"https:\/\/lobosnews.com.ar\/wp-content\/uploads\/2026\/09\/maribel-verdu-se-animo-por-primera-vez-al-terror-con-bajo-tus-pies-fue-una-pesadilla-humana-y-asfixiante-6-400x250.jpg"},"magazineBlocksPostAuthor":{"name":"admin","avatar":"https:\/\/secure.gravatar.com\/avatar\/76e419471a2083bc3ceab22a763dbbf9b0c1bd15a6214cf3280e2c2dde4580f9?s=96&d=mm&r=g"},"magazineBlocksPostCommentsNumber":"0","magazineBlocksPostExcerpt":"En di\u00e1logo con Teleshow desde Espa\u00f1a, Maribel Verd\u00fa habl\u00f3 sobre su primera incursi\u00f3n plena en el g\u00e9nero de terror, el trabajo f\u00edsico y emocional que le demand\u00f3 el personaje y la experiencia de rodar con el director argentino Cristian Barnard, que llevaba trece a\u00f1os desarrollando este proyecto y lleg\u00f3 al set con un storyboard de...","magazineBlocksPostCategories":["Cine y Series"],"magazineBlocksPostViewCount":14,"magazineBlocksPostReadTime":6,"magazine_blocks_featured_image_url":{"full":["https:\/\/lobosnews.com.ar\/wp-content\/uploads\/2026\/09\/maribel-verdu-se-animo-por-primera-vez-al-terror-con-bajo-tus-pies-fue-una-pesadilla-humana-y-asfixiante-6.jpg",1920,1080,false],"medium":["https:\/\/lobosnews.com.ar\/wp-content\/uploads\/2026\/09\/maribel-verdu-se-animo-por-primera-vez-al-terror-con-bajo-tus-pies-fue-una-pesadilla-humana-y-asfixiante-6-300x169.jpg",300,169,true],"thumbnail":["https:\/\/lobosnews.com.ar\/wp-content\/uploads\/2026\/09\/maribel-verdu-se-animo-por-primera-vez-al-terror-con-bajo-tus-pies-fue-una-pesadilla-humana-y-asfixiante-6-150x150.jpg",150,150,true]},"magazine_blocks_author":{"display_name":"admin","author_link":"https:\/\/lobosnews.com.ar\/index.php\/author\/lobos-news\/"},"magazine_blocks_comment":0,"magazine_blocks_author_image":"https:\/\/secure.gravatar.com\/avatar\/76e419471a2083bc3ceab22a763dbbf9b0c1bd15a6214cf3280e2c2dde4580f9?s=96&d=mm&r=g","magazine_blocks_category":"<a href=\"#\" class=\"category-link category-link-79\">Cine y Series<\/a>","yoast_head":"<!-- This site is optimized with the Yoast SEO plugin v28.0 - https:\/\/yoast.com\/product\/yoast-seo-wordpress\/ -->\n<title>Maribel Verd\u00fa se anim\u00f3 por primera vez al terror con Bajo tus pies: \u201cFue una pesadilla humana y asfixiante\u201d - Lobos News<\/title>\n<meta name=\"robots\" content=\"index, follow, max-snippet:-1, max-image-preview:large, max-video-preview:-1\" \/>\n<link rel=\"canonical\" href=\"https:\/\/lobosnews.com.ar\/index.php\/2026\/09\/06\/maribel-verdu-se-animo-por-primera-vez-al-terror-con-bajo-tus-pies-fue-una-pesadilla-humana-y-asfixiante\/\" \/>\n<meta property=\"og:locale\" content=\"es_ES\" \/>\n<meta property=\"og:type\" content=\"article\" \/>\n<meta property=\"og:title\" content=\"Maribel Verd\u00fa se anim\u00f3 por primera vez al terror con Bajo tus pies: \u201cFue una pesadilla humana y asfixiante\u201d - Lobos News\" \/>\n<meta property=\"og:description\" content=\"En di\u00e1logo con Teleshow desde Espa\u00f1a, Maribel Verd\u00fa habl\u00f3 sobre su primera incursi\u00f3n plena en el g\u00e9nero de terror, el trabajo f\u00edsico y emocional que le demand\u00f3 el personaje y la experiencia de rodar con el director argentino Cristian Barnard, que llevaba trece a\u00f1os desarrollando este proyecto y lleg\u00f3 al set con un storyboard de...\" \/>\n<meta property=\"og:url\" content=\"https:\/\/lobosnews.com.ar\/index.php\/2026\/09\/06\/maribel-verdu-se-animo-por-primera-vez-al-terror-con-bajo-tus-pies-fue-una-pesadilla-humana-y-asfixiante\/\" \/>\n<meta property=\"og:site_name\" content=\"Lobos News\" \/>\n<meta property=\"article:published_time\" content=\"2026-09-06T05:01:00+00:00\" \/>\n<meta property=\"article:modified_time\" content=\"2026-09-06T13:16:05+00:00\" \/>\n<meta property=\"og:image\" content=\"https:\/\/lobosnews.com.ar\/wp-content\/uploads\/2026\/09\/maribel-verdu-se-animo-por-primera-vez-al-terror-con-bajo-tus-pies-fue-una-pesadilla-humana-y-asfixiante-6.jpg\" \/>\n\t<meta property=\"og:image:width\" content=\"1920\" \/>\n\t<meta property=\"og:image:height\" content=\"1080\" \/>\n\t<meta property=\"og:image:type\" content=\"image\/jpeg\" \/>\n<meta name=\"author\" content=\"admin\" \/>\n<meta name=\"twitter:card\" content=\"summary_large_image\" \/>\n<meta name=\"twitter:label1\" content=\"Escrito por\" \/>\n\t<meta name=\"twitter:data1\" content=\"admin\" \/>\n\t<meta name=\"twitter:label2\" content=\"Tiempo de lectura\" \/>\n\t<meta name=\"twitter:data2\" content=\"6 minutos\" \/>\n<script type=\"application\/ld+json\" class=\"yoast-schema-graph\">{\"@context\":\"https:\\\/\\\/schema.org\",\"@graph\":[{\"@type\":\"Article\",\"@id\":\"https:\\\/\\\/lobosnews.com.ar\\\/index.php\\\/2026\\\/09\\\/06\\\/maribel-verdu-se-animo-por-primera-vez-al-terror-con-bajo-tus-pies-fue-una-pesadilla-humana-y-asfixiante\\\/#article\",\"isPartOf\":{\"@id\":\"https:\\\/\\\/lobosnews.com.ar\\\/index.php\\\/2026\\\/09\\\/06\\\/maribel-verdu-se-animo-por-primera-vez-al-terror-con-bajo-tus-pies-fue-una-pesadilla-humana-y-asfixiante\\\/\"},\"author\":{\"name\":\"admin\",\"@id\":\"https:\\\/\\\/lobosnews.com.ar\\\/#\\\/schema\\\/person\\\/232422a593d5c541dd9aef6aaed10943\"},\"headline\":\"Maribel Verd\u00fa se anim\u00f3 por primera vez al terror con Bajo tus pies: \u201cFue una pesadilla humana y asfixiante\u201d\",\"datePublished\":\"2026-09-06T05:01:00+00:00\",\"dateModified\":\"2026-09-06T13:16:05+00:00\",\"mainEntityOfPage\":{\"@id\":\"https:\\\/\\\/lobosnews.com.ar\\\/index.php\\\/2026\\\/09\\\/06\\\/maribel-verdu-se-animo-por-primera-vez-al-terror-con-bajo-tus-pies-fue-una-pesadilla-humana-y-asfixiante\\\/\"},\"wordCount\":1127,\"commentCount\":0,\"publisher\":{\"@id\":\"https:\\\/\\\/lobosnews.com.ar\\\/#organization\"},\"image\":{\"@id\":\"https:\\\/\\\/lobosnews.com.ar\\\/index.php\\\/2026\\\/09\\\/06\\\/maribel-verdu-se-animo-por-primera-vez-al-terror-con-bajo-tus-pies-fue-una-pesadilla-humana-y-asfixiante\\\/#primaryimage\"},\"thumbnailUrl\":\"https:\\\/\\\/lobosnews.com.ar\\\/wp-content\\\/uploads\\\/2026\\\/09\\\/maribel-verdu-se-animo-por-primera-vez-al-terror-con-bajo-tus-pies-fue-una-pesadilla-humana-y-asfixiante-6.jpg\",\"articleSection\":[\"Cine y Series\"],\"inLanguage\":\"es\",\"potentialAction\":[{\"@type\":\"CommentAction\",\"name\":\"Comment\",\"target\":[\"https:\\\/\\\/lobosnews.com.ar\\\/index.php\\\/2026\\\/09\\\/06\\\/maribel-verdu-se-animo-por-primera-vez-al-terror-con-bajo-tus-pies-fue-una-pesadilla-humana-y-asfixiante\\\/#respond\"]}]},{\"@type\":\"WebPage\",\"@id\":\"https:\\\/\\\/lobosnews.com.ar\\\/index.php\\\/2026\\\/09\\\/06\\\/maribel-verdu-se-animo-por-primera-vez-al-terror-con-bajo-tus-pies-fue-una-pesadilla-humana-y-asfixiante\\\/\",\"url\":\"https:\\\/\\\/lobosnews.com.ar\\\/index.php\\\/2026\\\/09\\\/06\\\/maribel-verdu-se-animo-por-primera-vez-al-terror-con-bajo-tus-pies-fue-una-pesadilla-humana-y-asfixiante\\\/\",\"name\":\"Maribel Verd\u00fa se anim\u00f3 por primera vez al terror con Bajo tus pies: \u201cFue una pesadilla humana y asfixiante\u201d - Lobos News\",\"isPartOf\":{\"@id\":\"https:\\\/\\\/lobosnews.com.ar\\\/#website\"},\"primaryImageOfPage\":{\"@id\":\"https:\\\/\\\/lobosnews.com.ar\\\/index.php\\\/2026\\\/09\\\/06\\\/maribel-verdu-se-animo-por-primera-vez-al-terror-con-bajo-tus-pies-fue-una-pesadilla-humana-y-asfixiante\\\/#primaryimage\"},\"image\":{\"@id\":\"https:\\\/\\\/lobosnews.com.ar\\\/index.php\\\/2026\\\/09\\\/06\\\/maribel-verdu-se-animo-por-primera-vez-al-terror-con-bajo-tus-pies-fue-una-pesadilla-humana-y-asfixiante\\\/#primaryimage\"},\"thumbnailUrl\":\"https:\\\/\\\/lobosnews.com.ar\\\/wp-content\\\/uploads\\\/2026\\\/09\\\/maribel-verdu-se-animo-por-primera-vez-al-terror-con-bajo-tus-pies-fue-una-pesadilla-humana-y-asfixiante-6.jpg\",\"datePublished\":\"2026-09-06T05:01:00+00:00\",\"dateModified\":\"2026-09-06T13:16:05+00:00\",\"breadcrumb\":{\"@id\":\"https:\\\/\\\/lobosnews.com.ar\\\/index.php\\\/2026\\\/09\\\/06\\\/maribel-verdu-se-animo-por-primera-vez-al-terror-con-bajo-tus-pies-fue-una-pesadilla-humana-y-asfixiante\\\/#breadcrumb\"},\"inLanguage\":\"es\",\"potentialAction\":[{\"@type\":\"ReadAction\",\"target\":[\"https:\\\/\\\/lobosnews.com.ar\\\/index.php\\\/2026\\\/09\\\/06\\\/maribel-verdu-se-animo-por-primera-vez-al-terror-con-bajo-tus-pies-fue-una-pesadilla-humana-y-asfixiante\\\/\"]}]},{\"@type\":\"ImageObject\",\"inLanguage\":\"es\",\"@id\":\"https:\\\/\\\/lobosnews.com.ar\\\/index.php\\\/2026\\\/09\\\/06\\\/maribel-verdu-se-animo-por-primera-vez-al-terror-con-bajo-tus-pies-fue-una-pesadilla-humana-y-asfixiante\\\/#primaryimage\",\"url\":\"https:\\\/\\\/lobosnews.com.ar\\\/wp-content\\\/uploads\\\/2026\\\/09\\\/maribel-verdu-se-animo-por-primera-vez-al-terror-con-bajo-tus-pies-fue-una-pesadilla-humana-y-asfixiante-6.jpg\",\"contentUrl\":\"https:\\\/\\\/lobosnews.com.ar\\\/wp-content\\\/uploads\\\/2026\\\/09\\\/maribel-verdu-se-animo-por-primera-vez-al-terror-con-bajo-tus-pies-fue-una-pesadilla-humana-y-asfixiante-6.jpg\",\"width\":1920,\"height\":1080,\"caption\":\"Maribel Verd\u00fa se anim\u00f3 por primera vez al terror con Bajo tus pies: \u201cFue una pesadilla humana y asfixiante\u201d\"},{\"@type\":\"BreadcrumbList\",\"@id\":\"https:\\\/\\\/lobosnews.com.ar\\\/index.php\\\/2026\\\/09\\\/06\\\/maribel-verdu-se-animo-por-primera-vez-al-terror-con-bajo-tus-pies-fue-una-pesadilla-humana-y-asfixiante\\\/#breadcrumb\",\"itemListElement\":[{\"@type\":\"ListItem\",\"position\":1,\"name\":\"Portada\",\"item\":\"https:\\\/\\\/lobosnews.com.ar\\\/\"},{\"@type\":\"ListItem\",\"position\":2,\"name\":\"Maribel Verd\u00fa se anim\u00f3 por primera vez al terror con Bajo tus pies: \u201cFue una pesadilla humana y asfixiante\u201d\"}]},{\"@type\":\"WebSite\",\"@id\":\"https:\\\/\\\/lobosnews.com.ar\\\/#website\",\"url\":\"https:\\\/\\\/lobosnews.com.ar\\\/\",\"name\":\"Lobos News\",\"description\":\"Informaci\u00f3n a cada instante\",\"publisher\":{\"@id\":\"https:\\\/\\\/lobosnews.com.ar\\\/#organization\"},\"potentialAction\":[{\"@type\":\"SearchAction\",\"target\":{\"@type\":\"EntryPoint\",\"urlTemplate\":\"https:\\\/\\\/lobosnews.com.ar\\\/?s={search_term_string}\"},\"query-input\":{\"@type\":\"PropertyValueSpecification\",\"valueRequired\":true,\"valueName\":\"search_term_string\"}}],\"inLanguage\":\"es\"},{\"@type\":\"Organization\",\"@id\":\"https:\\\/\\\/lobosnews.com.ar\\\/#organization\",\"name\":\"Lobos News\",\"url\":\"https:\\\/\\\/lobosnews.com.ar\\\/\",\"logo\":{\"@type\":\"ImageObject\",\"inLanguage\":\"es\",\"@id\":\"https:\\\/\\\/lobosnews.com.ar\\\/#\\\/schema\\\/logo\\\/image\\\/\",\"url\":\"https:\\\/\\\/lobosnews.com.ar\\\/wp-content\\\/uploads\\\/2026\\\/01\\\/logo-lobosnews.png\",\"contentUrl\":\"https:\\\/\\\/lobosnews.com.ar\\\/wp-content\\\/uploads\\\/2026\\\/01\\\/logo-lobosnews.png\",\"width\":500,\"height\":200,\"caption\":\"Lobos News\"},\"image\":{\"@id\":\"https:\\\/\\\/lobosnews.com.ar\\\/#\\\/schema\\\/logo\\\/image\\\/\"}},{\"@type\":\"Person\",\"@id\":\"https:\\\/\\\/lobosnews.com.ar\\\/#\\\/schema\\\/person\\\/232422a593d5c541dd9aef6aaed10943\",\"name\":\"admin\",\"image\":{\"@type\":\"ImageObject\",\"inLanguage\":\"es\",\"@id\":\"https:\\\/\\\/secure.gravatar.com\\\/avatar\\\/76e419471a2083bc3ceab22a763dbbf9b0c1bd15a6214cf3280e2c2dde4580f9?s=96&d=mm&r=g\",\"url\":\"https:\\\/\\\/secure.gravatar.com\\\/avatar\\\/76e419471a2083bc3ceab22a763dbbf9b0c1bd15a6214cf3280e2c2dde4580f9?s=96&d=mm&r=g\",\"contentUrl\":\"https:\\\/\\\/secure.gravatar.com\\\/avatar\\\/76e419471a2083bc3ceab22a763dbbf9b0c1bd15a6214cf3280e2c2dde4580f9?s=96&d=mm&r=g\",\"caption\":\"admin\"},\"sameAs\":[\"https:\\\/\\\/lobosnews.com.ar\"],\"url\":\"https:\\\/\\\/lobosnews.com.ar\\\/index.php\\\/author\\\/lobos-news\\\/\"}]}<\/script>\n<!-- \/ Yoast SEO plugin. -->","yoast_head_json":{"title":"Maribel Verd\u00fa se anim\u00f3 por primera vez al terror con Bajo tus pies: \u201cFue una pesadilla humana y asfixiante\u201d - Lobos News","robots":{"index":"index","follow":"follow","max-snippet":"max-snippet:-1","max-image-preview":"max-image-preview:large","max-video-preview":"max-video-preview:-1"},"canonical":"https:\/\/lobosnews.com.ar\/index.php\/2026\/09\/06\/maribel-verdu-se-animo-por-primera-vez-al-terror-con-bajo-tus-pies-fue-una-pesadilla-humana-y-asfixiante\/","og_locale":"es_ES","og_type":"article","og_title":"Maribel Verd\u00fa se anim\u00f3 por primera vez al terror con Bajo tus pies: \u201cFue una pesadilla humana y asfixiante\u201d - Lobos News","og_description":"En di\u00e1logo con Teleshow desde Espa\u00f1a, Maribel Verd\u00fa habl\u00f3 sobre su primera incursi\u00f3n plena en el g\u00e9nero de terror, el trabajo f\u00edsico y emocional que le demand\u00f3 el personaje y la experiencia de rodar con el director argentino Cristian Barnard, que llevaba trece a\u00f1os desarrollando este proyecto y lleg\u00f3 al set con un storyboard de...","og_url":"https:\/\/lobosnews.com.ar\/index.php\/2026\/09\/06\/maribel-verdu-se-animo-por-primera-vez-al-terror-con-bajo-tus-pies-fue-una-pesadilla-humana-y-asfixiante\/","og_site_name":"Lobos News","article_published_time":"2026-09-06T05:01:00+00:00","article_modified_time":"2026-09-06T13:16:05+00:00","og_image":[{"width":1920,"height":1080,"url":"https:\/\/lobosnews.com.ar\/wp-content\/uploads\/2026\/09\/maribel-verdu-se-animo-por-primera-vez-al-terror-con-bajo-tus-pies-fue-una-pesadilla-humana-y-asfixiante-6.jpg","type":"image\/jpeg"}],"author":"admin","twitter_card":"summary_large_image","twitter_misc":{"Escrito por":"admin","Tiempo de lectura":"6 minutos"},"schema":{"@context":"https:\/\/schema.org","@graph":[{"@type":"Article","@id":"https:\/\/lobosnews.com.ar\/index.php\/2026\/09\/06\/maribel-verdu-se-animo-por-primera-vez-al-terror-con-bajo-tus-pies-fue-una-pesadilla-humana-y-asfixiante\/#article","isPartOf":{"@id":"https:\/\/lobosnews.com.ar\/index.php\/2026\/09\/06\/maribel-verdu-se-animo-por-primera-vez-al-terror-con-bajo-tus-pies-fue-una-pesadilla-humana-y-asfixiante\/"},"author":{"name":"admin","@id":"https:\/\/lobosnews.com.ar\/#\/schema\/person\/232422a593d5c541dd9aef6aaed10943"},"headline":"Maribel Verd\u00fa se anim\u00f3 por primera vez al terror con Bajo tus pies: \u201cFue una pesadilla humana y asfixiante\u201d","datePublished":"2026-09-06T05:01:00+00:00","dateModified":"2026-09-06T13:16:05+00:00","mainEntityOfPage":{"@id":"https:\/\/lobosnews.com.ar\/index.php\/2026\/09\/06\/maribel-verdu-se-animo-por-primera-vez-al-terror-con-bajo-tus-pies-fue-una-pesadilla-humana-y-asfixiante\/"},"wordCount":1127,"commentCount":0,"publisher":{"@id":"https:\/\/lobosnews.com.ar\/#organization"},"image":{"@id":"https:\/\/lobosnews.com.ar\/index.php\/2026\/09\/06\/maribel-verdu-se-animo-por-primera-vez-al-terror-con-bajo-tus-pies-fue-una-pesadilla-humana-y-asfixiante\/#primaryimage"},"thumbnailUrl":"https:\/\/lobosnews.com.ar\/wp-content\/uploads\/2026\/09\/maribel-verdu-se-animo-por-primera-vez-al-terror-con-bajo-tus-pies-fue-una-pesadilla-humana-y-asfixiante-6.jpg","articleSection":["Cine y Series"],"inLanguage":"es","potentialAction":[{"@type":"CommentAction","name":"Comment","target":["https:\/\/lobosnews.com.ar\/index.php\/2026\/09\/06\/maribel-verdu-se-animo-por-primera-vez-al-terror-con-bajo-tus-pies-fue-una-pesadilla-humana-y-asfixiante\/#respond"]}]},{"@type":"WebPage","@id":"https:\/\/lobosnews.com.ar\/index.php\/2026\/09\/06\/maribel-verdu-se-animo-por-primera-vez-al-terror-con-bajo-tus-pies-fue-una-pesadilla-humana-y-asfixiante\/","url":"https:\/\/lobosnews.com.ar\/index.php\/2026\/09\/06\/maribel-verdu-se-animo-por-primera-vez-al-terror-con-bajo-tus-pies-fue-una-pesadilla-humana-y-asfixiante\/","name":"Maribel Verd\u00fa se anim\u00f3 por primera vez al terror con Bajo tus pies: \u201cFue una pesadilla humana y asfixiante\u201d - Lobos News","isPartOf":{"@id":"https:\/\/lobosnews.com.ar\/#website"},"primaryImageOfPage":{"@id":"https:\/\/lobosnews.com.ar\/index.php\/2026\/09\/06\/maribel-verdu-se-animo-por-primera-vez-al-terror-con-bajo-tus-pies-fue-una-pesadilla-humana-y-asfixiante\/#primaryimage"},"image":{"@id":"https:\/\/lobosnews.com.ar\/index.php\/2026\/09\/06\/maribel-verdu-se-animo-por-primera-vez-al-terror-con-bajo-tus-pies-fue-una-pesadilla-humana-y-asfixiante\/#primaryimage"},"thumbnailUrl":"https:\/\/lobosnews.com.ar\/wp-content\/uploads\/2026\/09\/maribel-verdu-se-animo-por-primera-vez-al-terror-con-bajo-tus-pies-fue-una-pesadilla-humana-y-asfixiante-6.jpg","datePublished":"2026-09-06T05:01:00+00:00","dateModified":"2026-09-06T13:16:05+00:00","breadcrumb":{"@id":"https:\/\/lobosnews.com.ar\/index.php\/2026\/09\/06\/maribel-verdu-se-animo-por-primera-vez-al-terror-con-bajo-tus-pies-fue-una-pesadilla-humana-y-asfixiante\/#breadcrumb"},"inLanguage":"es","potentialAction":[{"@type":"ReadAction","target":["https:\/\/lobosnews.com.ar\/index.php\/2026\/09\/06\/maribel-verdu-se-animo-por-primera-vez-al-terror-con-bajo-tus-pies-fue-una-pesadilla-humana-y-asfixiante\/"]}]},{"@type":"ImageObject","inLanguage":"es","@id":"https:\/\/lobosnews.com.ar\/index.php\/2026\/09\/06\/maribel-verdu-se-animo-por-primera-vez-al-terror-con-bajo-tus-pies-fue-una-pesadilla-humana-y-asfixiante\/#primaryimage","url":"https:\/\/lobosnews.com.ar\/wp-content\/uploads\/2026\/09\/maribel-verdu-se-animo-por-primera-vez-al-terror-con-bajo-tus-pies-fue-una-pesadilla-humana-y-asfixiante-6.jpg","contentUrl":"https:\/\/lobosnews.com.ar\/wp-content\/uploads\/2026\/09\/maribel-verdu-se-animo-por-primera-vez-al-terror-con-bajo-tus-pies-fue-una-pesadilla-humana-y-asfixiante-6.jpg","width":1920,"height":1080,"caption":"Maribel Verd\u00fa se anim\u00f3 por primera vez al terror con Bajo tus pies: \u201cFue una pesadilla humana y asfixiante\u201d"},{"@type":"BreadcrumbList","@id":"https:\/\/lobosnews.com.ar\/index.php\/2026\/09\/06\/maribel-verdu-se-animo-por-primera-vez-al-terror-con-bajo-tus-pies-fue-una-pesadilla-humana-y-asfixiante\/#breadcrumb","itemListElement":[{"@type":"ListItem","position":1,"name":"Portada","item":"https:\/\/lobosnews.com.ar\/"},{"@type":"ListItem","position":2,"name":"Maribel Verd\u00fa se anim\u00f3 por primera vez al terror con Bajo tus pies: \u201cFue una pesadilla humana y asfixiante\u201d"}]},{"@type":"WebSite","@id":"https:\/\/lobosnews.com.ar\/#website","url":"https:\/\/lobosnews.com.ar\/","name":"Lobos News","description":"Informaci\u00f3n a cada instante","publisher":{"@id":"https:\/\/lobosnews.com.ar\/#organization"},"potentialAction":[{"@type":"SearchAction","target":{"@type":"EntryPoint","urlTemplate":"https:\/\/lobosnews.com.ar\/?s={search_term_string}"},"query-input":{"@type":"PropertyValueSpecification","valueRequired":true,"valueName":"search_term_string"}}],"inLanguage":"es"},{"@type":"Organization","@id":"https:\/\/lobosnews.com.ar\/#organization","name":"Lobos News","url":"https:\/\/lobosnews.com.ar\/","logo":{"@type":"ImageObject","inLanguage":"es","@id":"https:\/\/lobosnews.com.ar\/#\/schema\/logo\/image\/","url":"https:\/\/lobosnews.com.ar\/wp-content\/uploads\/2026\/01\/logo-lobosnews.png","contentUrl":"https:\/\/lobosnews.com.ar\/wp-content\/uploads\/2026\/01\/logo-lobosnews.png","width":500,"height":200,"caption":"Lobos News"},"image":{"@id":"https:\/\/lobosnews.com.ar\/#\/schema\/logo\/image\/"}},{"@type":"Person","@id":"https:\/\/lobosnews.com.ar\/#\/schema\/person\/232422a593d5c541dd9aef6aaed10943","name":"admin","image":{"@type":"ImageObject","inLanguage":"es","@id":"https:\/\/secure.gravatar.com\/avatar\/76e419471a2083bc3ceab22a763dbbf9b0c1bd15a6214cf3280e2c2dde4580f9?s=96&d=mm&r=g","url":"https:\/\/secure.gravatar.com\/avatar\/76e419471a2083bc3ceab22a763dbbf9b0c1bd15a6214cf3280e2c2dde4580f9?s=96&d=mm&r=g","contentUrl":"https:\/\/secure.gravatar.com\/avatar\/76e419471a2083bc3ceab22a763dbbf9b0c1bd15a6214cf3280e2c2dde4580f9?s=96&d=mm&r=g","caption":"admin"},"sameAs":["https:\/\/lobosnews.com.ar"],"url":"https:\/\/lobosnews.com.ar\/index.php\/author\/lobos-news\/"}]}},"jetpack_featured_media_url":"https:\/\/lobosnews.com.ar\/wp-content\/uploads\/2026\/09\/maribel-verdu-se-animo-por-primera-vez-al-terror-con-bajo-tus-pies-fue-una-pesadilla-humana-y-asfixiante-6.jpg","jetpack_sharing_enabled":true,"_links":{"self":[{"href":"https:\/\/lobosnews.com.ar\/index.php\/wp-json\/wp\/v2\/posts\/98150","targetHints":{"allow":["GET"]}}],"collection":[{"href":"https:\/\/lobosnews.com.ar\/index.php\/wp-json\/wp\/v2\/posts"}],"about":[{"href":"https:\/\/lobosnews.com.ar\/index.php\/wp-json\/wp\/v2\/types\/post"}],"author":[{"embeddable":true,"href":"https:\/\/lobosnews.com.ar\/index.php\/wp-json\/wp\/v2\/users\/1"}],"replies":[{"embeddable":true,"href":"https:\/\/lobosnews.com.ar\/index.php\/wp-json\/wp\/v2\/comments?post=98150"}],"version-history":[{"count":1,"href":"https:\/\/lobosnews.com.ar\/index.php\/wp-json\/wp\/v2\/posts\/98150\/revisions"}],"predecessor-version":[{"id":98155,"href":"https:\/\/lobosnews.com.ar\/index.php\/wp-json\/wp\/v2\/posts\/98150\/revisions\/98155"}],"wp:featuredmedia":[{"embeddable":true,"href":"https:\/\/lobosnews.com.ar\/index.php\/wp-json\/wp\/v2\/media\/98156"}],"wp:attachment":[{"href":"https:\/\/lobosnews.com.ar\/index.php\/wp-json\/wp\/v2\/media?parent=98150"}],"wp:term":[{"taxonomy":"category","embeddable":true,"href":"https:\/\/lobosnews.com.ar\/index.php\/wp-json\/wp\/v2\/categories?post=98150"},{"taxonomy":"post_tag","embeddable":true,"href":"https:\/\/lobosnews.com.ar\/index.php\/wp-json\/wp\/v2\/tags?post=98150"}],"curies":[{"name":"wp","href":"https:\/\/api.w.org\/{rel}","templated":true}]}}