{"id":9811,"date":"2026-01-21T19:38:38","date_gmt":"2026-01-21T19:38:38","guid":{"rendered":"https:\/\/lobosnews.com.ar\/index.php\/2026\/01\/21\/advierten-sobre-casos-de-gastroenteritis-en-el-sur-de-brasil-y-detectan-playas-no-aptas-para-el-bano\/"},"modified":"2026-01-21T23:07:12","modified_gmt":"2026-01-21T23:07:12","slug":"advierten-sobre-casos-de-gastroenteritis-en-el-sur-de-brasil-y-detectan-playas-no-aptas-para-el-bano","status":"publish","type":"post","link":"https:\/\/lobosnews.com.ar\/index.php\/2026\/01\/21\/advierten-sobre-casos-de-gastroenteritis-en-el-sur-de-brasil-y-detectan-playas-no-aptas-para-el-bano\/","title":{"rendered":"Advierten sobre casos de gastroenteritis en el sur de Brasil y detectan playas no aptas para el ba\u00f1o"},"content":{"rendered":"<p><img loading=\"lazy\" decoding=\"async\" src=\"https:\/\/lobosnews.com.ar\/wp-content\/uploads\/2026\/01\/advierten-sobre-casos-de-gastroenteritis-en-el-sur-de-brasil-y-detectan-playas-no-aptas-para-el-bano.jpg\" alt=\"El \u00faltimo informe del IMA advierte que m\u00e1s de un tercio de los puntos monitoreados en Florian\u00f3polis no son aptos para el ba\u00f1o\" height=\"1080\" width=\"1920\"\/><\/p>\n<p>La temporada tur\u00edstica en <span class=\"waslinkname\"><b>Florian\u00f3polis<\/b> <\/span>presenta un escenario de <b>riesgo sanitario<\/b>. El \u00faltimo informe del <b>Instituto de Medio Ambiente de Santa Catarina (IMA)<\/b>, estado donde se encuentra la ciudad costera confirm\u00f3 que m\u00e1s de un tercio de los puntos monitoreados en las playas de la regi\u00f3n presentan condiciones no aptas para el ba\u00f1o, con <span class=\"waslinkname\"><i>focos de contaminaci\u00f3n<\/i><\/span> por la bacteria<i> <\/i><i><b>Escherichia coli<\/b><\/i><i> <\/i>en zonas de alta concurrencia tur\u00edstica.<\/p>\n<p>Las autoridades insisten en la importancia de que los visitantes consulten el estado actualizado del agua antes de ingresar al mar, en especial tras lluvias intensas y cerca de desembocaduras de r\u00edos o canales. Esto se debe a que la exposici\u00f3n a este pat\u00f3geno a trav\u00e9s de la ingesta accidental de agua contaminada puede tener efectos negativos severos para la salud.<\/p>\n<p>El aumento de casos de <b>enfermedades diarreicas agudas<\/b>, un grupo de infecciones gastrointestinales que provocan diarrea, v\u00f3mitos y dolor abdominal, y la identificaci\u00f3n puntual de sectores contaminados obligan a reforzar las <b>medidas de prevenci\u00f3n<\/b>. Se reportaron <b>10.649 <\/b>de estos episodios en <b>Santa Catarina<\/b> en lo que va del a\u00f1o, seg\u00fan el tablero oficial del Ministerio de Salud de Brasil, que utiliza el sistema nacional de vigilancia <b>SIVEP-DDA\/Monitoramento das Doen\u00e7as Diarreicas Agudas (MDDA)<\/b>.<\/p>\n<p>La combinaci\u00f3n de datos ambientales y sanitarios permite comprender mejor el <b>riesgo<\/b> y tomar decisiones informadas para evitar complicaciones durante las vacaciones.<\/p>\n<h2>Cu\u00e1l es la situaci\u00f3n en Florian\u00f3polis<\/h2>\n<p><img loading=\"lazy\" decoding=\"async\" src=\"https:\/\/lobosnews.com.ar\/wp-content\/uploads\/2026\/01\/advierten-sobre-casos-de-gastroenteritis-en-el-sur-de-brasil-y-detectan-playas-no-aptas-para-el-bano-1.jpg\" alt=\"Sectores de playas con alta concurrencia tur\u00edstica presentan focos de contaminaci\u00f3n por la bacteria Escherichia coli, seg\u00fan el IMA (Imagen Ilustrativa Infobae)\" height=\"768\" width=\"1408\"\/><\/p>\n<p>El <b>Informe de Balneabilidad N\u00ba10\u2013Temporada 2025\/2026<\/b>, elaborado por el IMA, detall\u00f3 que de los 260 puntos monitoreados en las playas de Santa Catarina, un 34,23% result\u00f3 no apto para el ba\u00f1o, lo que representa 89 sectores con niveles de Escherichia coli superiores a los permitidos por la <b>Resoluci\u00f3n CONAMA n\u00ba 274\/2000<\/b>.<\/p>\n<p>Esta normativa establece que un \u00e1rea solo se considera apta si, en al menos el 80% de las muestras de las \u00faltimas cinco semanas, se registran menos de 800 Escherichia coli por 100 mililitros; si se superan estos valores, o si una muestra individual excede los 2.000 Escherichia coli por 100 mililitros, el lugar se clasifica como no apto.<\/p>\n<p><b>Florian\u00f3polis<\/b>, epicentro del turismo en la regi\u00f3n sur de Brasil, refleja la tendencia: 29 puntos de muestreo en la ciudad fueron clasificados como \u201cimpropios\u201d, mientras que 59 resultaron aptos.<\/p>\n<p>El informe subraya que la <b>contaminaci\u00f3n<\/b> no afecta a playas enteras, sino a tramos puntuales, especialmente cerca de desembocaduras de r\u00edos, canales pluviales y zonas urbanas con alta presi\u00f3n cloacal.<\/p>\n<p><img loading=\"lazy\" decoding=\"async\" src=\"https:\/\/lobosnews.com.ar\/wp-content\/uploads\/2026\/01\/advierten-sobre-casos-de-gastroenteritis-en-el-sur-de-brasil-y-detectan-playas-no-aptas-para-el-bano-2.jpg\" alt=\"La gastroenteritis puede causar diarrea v\u00f3mitos y dolor abdominal en cuadros asociados a agua o alimentos contaminados (Imagen Ilustrativa Infobae)\" height=\"1024\" width=\"1536\"\/><\/p>\n<p>En <b>Jurer\u00ea<\/b> y <b>Praia Mole<\/b>, todos los puntos analizados durante la semana del 13 de enero fueron clasificados como aptos para el ba\u00f1o, seg\u00fan los par\u00e1metros microbiol\u00f3gicos exigidos por la legislaci\u00f3n ambiental. En contraste, en <b>Joaquina<\/b>, el punto monitoreado frente al puesto de salvavidas arroj\u00f3 valores que determinan la condici\u00f3n de no apto, lo que obliga a desaconsejar el ingreso al agua en ese sector.<\/p>\n<p>En <b>Praia da Daniela<\/b>, la mayor parte de los tramos monitoreados mantiene una calidad de agua adecuada, mientras que en <b>Canasvieiras<\/b> solo un punto, frente a la Rua Acary Margarida, result\u00f3 no apto, y el resto de los sectores presenta condiciones seguras para los ba\u00f1istas. Por su parte, en <b>Ingleses<\/b>, la calidad del agua depende de la cercan\u00eda con el r\u00edo Capivari y las descargas pluviales, lo que explica la clasificaci\u00f3n de algunos tramos como impropios y de otros como propios.<\/p>\n<p>Zonas como <b>Praia Brava<\/b>, <b>Lagoinha do Norte<\/b> y <b>Santo Ant\u00f4nio de Lisboa<\/b> muestran tambi\u00e9n escenarios contrastantes. En Praia Brava, la mayor\u00eda de los puntos cumplen con los criterios sanitarios, con excepci\u00f3n de \u00e1reas espec\u00edficas junto a desembocaduras de riachuelos. En Santo Ant\u00f4nio de Lisboa, los dos puntos analizados se consideran aptos para el ba\u00f1o, mientras que en Lagoinha do Norte se recomienda atenci\u00f3n especial a sectores cercanos a la salida de la laguna, donde pueden producirse episodios puntuales de contaminaci\u00f3n.<\/p>\n<h2>Qu\u00e9 es la gastroenteritis y cu\u00e1les son sus s\u00edntomas<\/h2>\n<p><img loading=\"lazy\" decoding=\"async\" src=\"https:\/\/lobosnews.com.ar\/wp-content\/uploads\/2026\/01\/advierten-sobre-casos-de-gastroenteritis-en-el-sur-de-brasil-y-detectan-playas-no-aptas-para-el-bano-3.jpg\" alt=\"La gastroenteritis puede ser de origen infeccioso, qu\u00edmico o estar asociada a medicamentos seg\u00fan el Ministerio de Salud de Brasil (Imagen Ilustrativa Infobae)\" height=\"816\" width=\"1456\"\/><\/p>\n<p>Las enfermedades diarreicas agudas forman parte de un grupo de <b>infecciones gastrointestinales<\/b> caracterizadas por \u201cla ocurrencia de al menos tres episodios de diarrea aguda en 24 horas\u201d, explica el Ministerio de Salud de Brasil. Estos cuadros pueden incluir disminuci\u00f3n de la consistencia de las heces, aumento de la frecuencia evacuatoria, n\u00e1useas, v\u00f3mitos, fiebre y dolor abdominal. En casos m\u00e1s graves, pueden presentarse sangre o moco en las heces, fen\u00f3meno conocido como <b>disenter\u00eda<\/b>.<\/p>\n<p>La mayor parte de los episodios se resuelve en menos de dos semanas y son autolimitados, aunque existe riesgo de <b>deshidrataci\u00f3n grave<\/b>, especialmente en ni\u00f1os y adultos mayores. El ministerio brasile\u00f1o advierte: \u201cEl paciente con diarrea debe estar atento y buscar atenci\u00f3n inmediata si presenta empeoramiento, v\u00f3mitos repetidos, mucha sed, sangre en las heces o disminuci\u00f3n de la orina\u201d.<\/p>\n<p>La <b>gastroenteritis<\/b> puede tener origen infeccioso (virus, bacterias, par\u00e1sitos), qu\u00edmico o estar asociada a medicamentos y enfermedades cr\u00f3nicas. La <b>Escherichia coli<\/b>, bacteria presente en el intestino de personas y animales, es una de las causas m\u00e1s frecuentes de cuadros graves cuando ciertas cepas contaminan el agua o los alimentos. Seg\u00fan Mayo Clinic, la infecci\u00f3n por <b>E. coli O157:H7<\/b> puede causar \u201cc\u00f3licos abdominales intensos, diarrea con sangre y v\u00f3mitos\u201d. Los s\u00edntomas suelen aparecer entre uno y cuatro d\u00edas despu\u00e9s de la exposici\u00f3n.<\/p>\n<p><img loading=\"lazy\" decoding=\"async\" src=\"https:\/\/lobosnews.com.ar\/wp-content\/uploads\/2026\/01\/advierten-sobre-casos-de-gastroenteritis-en-el-sur-de-brasil-y-detectan-playas-no-aptas-para-el-bano-4.jpg\" alt=\"El monitoreo de la calidad del agua de las playas continuar\u00e1 hasta marzo cuando desciende la afluencia tur\u00edstica en la regi\u00f3n (Imagen Ilustrativa Infobae)\" height=\"768\" width=\"1408\"\/><\/p>\n<p>El diagn\u00f3stico definitivo requiere estudios de laboratorio, aunque no siempre se logra identificar el agente causal, ya que la recolecci\u00f3n de muestras de heces no resulta habitual en todos los pacientes. El Ministerio de Salud de Brasil subraya la importancia de la <b>hidrataci\u00f3n<\/b> como medida principal de tratamiento, con la administraci\u00f3n de soluciones de rehidrataci\u00f3n oral o fluidos intravenosos en casos graves.<\/p>\n<h2>C\u00f3mo prevenir la gastroenteritis y mapa de balneabilidad<\/h2>\n<p>La principal medida de prevenci\u00f3n recomendada por el <b>Ministerio de Salud de Brasil<\/b> consiste en evitar el contacto con agua considerada no apta en los informes oficiales. Desde el <b>IMA<\/b> resaltan la importancia de que cada visitante verifique el estado actualizado de cada playa y sector antes de ingresar al agua, ya que la clasificaci\u00f3n puede cambiar semana a semana.<\/p>\n<p>Insisten en extremar los <b>cuidados durante las 24 a 48 horas posteriores a lluvias intensas<\/b>, momento en que aumenta el arrastre de contaminantes hacia el mar y los riesgos para la salud. El mapa actualizado de balneabilidad puede consultarse en el <span class=\"waslinkname\">portal oficial<\/span> donde se informa el estado puntual de cada punto de muestreo. La informaci\u00f3n se actualiza semanalmente.<\/p>\n<p><img loading=\"lazy\" decoding=\"async\" src=\"https:\/\/lobosnews.com.ar\/wp-content\/uploads\/2026\/01\/advierten-sobre-casos-de-gastroenteritis-en-el-sur-de-brasil-y-detectan-playas-no-aptas-para-el-bano-5.jpg\" alt=\"El IMA actualiza semanalmente el mapa de balneabilidad que indica qu\u00e9 sectores son aptos o no para el ba\u00f1o en cada playa (Instituto de Medio Ambiente de Santa Catarina)\" height=\"576\" width=\"1365\"\/><\/p>\n<p>Las acciones individuales incluyen lavar siempre las manos con jab\u00f3n y agua limpia, antes y despu\u00e9s de preparar o consumir alimentos, tras ir al ba\u00f1o o tocar superficies potencialmente contaminadas. El Ministerio de Salud recomienda \u201c<b>tratar el agua antes de consumirla<\/b>\u201d por medio de filtrado, hervido o adici\u00f3n de hipoclorito de sodio al 2,5%, y guardar el agua en envases limpios y con tapa.<\/p>\n<p>En cuanto a la alimentaci\u00f3n, se aconseja evitar alimentos crudos o mal cocidos, especialmente carnes y mariscos, y lavar frutas y verduras con agua segura. El IMA sugiere prestar atenci\u00f3n a se\u00f1ales como cambio de color en el agua, presencia de olor desagradable o visualizaci\u00f3n de <b>algas flotantes<\/b> y evitar el contacto en caso de observar esas condiciones.<\/p>\n<p>El monitoreo continuar\u00e1 hasta marzo, cuando desciende la <b>afluencia tur\u00edstica<\/b>. La autoridad ambiental reitera la necesidad de consultar el estado actualizado de cada playa antes de ba\u00f1arse y reportar cualquier incidente sanitario a la <b>Vigilancia Sanitaria<\/b> local.<\/p>\n","protected":false},"excerpt":{"rendered":"<p>La temporada tur\u00edstica en Florian\u00f3polis presenta un escenario de riesgo sanitario. El \u00faltimo informe del Instituto de Medio Ambiente de Santa Catarina (IMA), estado donde se encuentra la ciudad costera confirm\u00f3 que m\u00e1s de un tercio de los puntos monitoreados en las playas de la regi\u00f3n presentan condiciones no aptas para el ba\u00f1o, con focos&#8230;<\/p>\n","protected":false},"author":1,"featured_media":9819,"comment_status":"open","ping_status":"closed","sticky":false,"template":"","format":"standard","meta":{"_jetpack_memberships_contains_paid_content":false,"footnotes":""},"categories":[81],"tags":[],"class_list":["post-9811","post","type-post","status-publish","format-standard","has-post-thumbnail","hentry","category-salud"],"magazineBlocksPostFeaturedMedia":{"thumbnail":"https:\/\/lobosnews.com.ar\/wp-content\/uploads\/2026\/01\/advierten-sobre-casos-de-gastroenteritis-en-el-sur-de-brasil-y-detectan-playas-no-aptas-para-el-bano-12-150x150.jpg","medium":"https:\/\/lobosnews.com.ar\/wp-content\/uploads\/2026\/01\/advierten-sobre-casos-de-gastroenteritis-en-el-sur-de-brasil-y-detectan-playas-no-aptas-para-el-bano-12-300x127.jpg","medium_large":"https:\/\/lobosnews.com.ar\/wp-content\/uploads\/2026\/01\/advierten-sobre-casos-de-gastroenteritis-en-el-sur-de-brasil-y-detectan-playas-no-aptas-para-el-bano-12-768x324.jpg","large":"https:\/\/lobosnews.com.ar\/wp-content\/uploads\/2026\/01\/advierten-sobre-casos-de-gastroenteritis-en-el-sur-de-brasil-y-detectan-playas-no-aptas-para-el-bano-12-1024x432.jpg","1536x1536":"https:\/\/lobosnews.com.ar\/wp-content\/uploads\/2026\/01\/advierten-sobre-casos-de-gastroenteritis-en-el-sur-de-brasil-y-detectan-playas-no-aptas-para-el-bano-12.jpg","2048x2048":"https:\/\/lobosnews.com.ar\/wp-content\/uploads\/2026\/01\/advierten-sobre-casos-de-gastroenteritis-en-el-sur-de-brasil-y-detectan-playas-no-aptas-para-el-bano-12.jpg","newsmatic-featured":"https:\/\/lobosnews.com.ar\/wp-content\/uploads\/2026\/01\/advierten-sobre-casos-de-gastroenteritis-en-el-sur-de-brasil-y-detectan-playas-no-aptas-para-el-bano-12-820x545.jpg","newsmatic-list":"https:\/\/lobosnews.com.ar\/wp-content\/uploads\/2026\/01\/advierten-sobre-casos-de-gastroenteritis-en-el-sur-de-brasil-y-detectan-playas-no-aptas-para-el-bano-12-600x400.jpg","newsmatic-thumb":"https:\/\/lobosnews.com.ar\/wp-content\/uploads\/2026\/01\/advierten-sobre-casos-de-gastroenteritis-en-el-sur-de-brasil-y-detectan-playas-no-aptas-para-el-bano-12-300x200.jpg","newsmatic-small":"https:\/\/lobosnews.com.ar\/wp-content\/uploads\/2026\/01\/advierten-sobre-casos-de-gastroenteritis-en-el-sur-de-brasil-y-detectan-playas-no-aptas-para-el-bano-12-150x95.jpg","newsmatic-grid":"https:\/\/lobosnews.com.ar\/wp-content\/uploads\/2026\/01\/advierten-sobre-casos-de-gastroenteritis-en-el-sur-de-brasil-y-detectan-playas-no-aptas-para-el-bano-12-400x250.jpg"},"magazineBlocksPostAuthor":{"name":"admin","avatar":"https:\/\/secure.gravatar.com\/avatar\/76e419471a2083bc3ceab22a763dbbf9b0c1bd15a6214cf3280e2c2dde4580f9?s=96&d=mm&r=g"},"magazineBlocksPostCommentsNumber":"0","magazineBlocksPostExcerpt":"La temporada tur\u00edstica en Florian\u00f3polis presenta un escenario de riesgo sanitario. El \u00faltimo informe del Instituto de Medio Ambiente de Santa Catarina (IMA), estado donde se encuentra la ciudad costera confirm\u00f3 que m\u00e1s de un tercio de los puntos monitoreados en las playas de la regi\u00f3n presentan condiciones no aptas para el ba\u00f1o, con focos...","magazineBlocksPostCategories":["Salud"],"magazineBlocksPostViewCount":168,"magazineBlocksPostReadTime":7,"magazine_blocks_featured_image_url":{"full":["https:\/\/lobosnews.com.ar\/wp-content\/uploads\/2026\/01\/advierten-sobre-casos-de-gastroenteritis-en-el-sur-de-brasil-y-detectan-playas-no-aptas-para-el-bano-12.jpg",1365,576,false],"medium":["https:\/\/lobosnews.com.ar\/wp-content\/uploads\/2026\/01\/advierten-sobre-casos-de-gastroenteritis-en-el-sur-de-brasil-y-detectan-playas-no-aptas-para-el-bano-12-300x127.jpg",300,127,true],"thumbnail":["https:\/\/lobosnews.com.ar\/wp-content\/uploads\/2026\/01\/advierten-sobre-casos-de-gastroenteritis-en-el-sur-de-brasil-y-detectan-playas-no-aptas-para-el-bano-12-150x150.jpg",150,150,true]},"magazine_blocks_author":{"display_name":"admin","author_link":"https:\/\/lobosnews.com.ar\/index.php\/author\/lobos-news\/"},"magazine_blocks_comment":0,"magazine_blocks_author_image":"https:\/\/secure.gravatar.com\/avatar\/76e419471a2083bc3ceab22a763dbbf9b0c1bd15a6214cf3280e2c2dde4580f9?s=96&d=mm&r=g","magazine_blocks_category":"<a href=\"#\" class=\"category-link category-link-81\">Salud<\/a>","yoast_head":"<!-- This site is optimized with the Yoast SEO plugin v26.6 - https:\/\/yoast.com\/wordpress\/plugins\/seo\/ -->\n<title>Advierten sobre casos de gastroenteritis en el sur de Brasil y detectan playas no aptas para el ba\u00f1o - Lobos News<\/title>\n<meta name=\"robots\" content=\"index, follow, max-snippet:-1, max-image-preview:large, max-video-preview:-1\" \/>\n<link rel=\"canonical\" href=\"https:\/\/lobosnews.com.ar\/index.php\/2026\/01\/21\/advierten-sobre-casos-de-gastroenteritis-en-el-sur-de-brasil-y-detectan-playas-no-aptas-para-el-bano\/\" \/>\n<meta property=\"og:locale\" content=\"es_ES\" \/>\n<meta property=\"og:type\" content=\"article\" \/>\n<meta property=\"og:title\" content=\"Advierten sobre casos de gastroenteritis en el sur de Brasil y detectan playas no aptas para el ba\u00f1o - Lobos News\" \/>\n<meta property=\"og:description\" content=\"La temporada tur\u00edstica en Florian\u00f3polis presenta un escenario de riesgo sanitario. El \u00faltimo informe del Instituto de Medio Ambiente de Santa Catarina (IMA), estado donde se encuentra la ciudad costera confirm\u00f3 que m\u00e1s de un tercio de los puntos monitoreados en las playas de la regi\u00f3n presentan condiciones no aptas para el ba\u00f1o, con focos...\" \/>\n<meta property=\"og:url\" content=\"https:\/\/lobosnews.com.ar\/index.php\/2026\/01\/21\/advierten-sobre-casos-de-gastroenteritis-en-el-sur-de-brasil-y-detectan-playas-no-aptas-para-el-bano\/\" \/>\n<meta property=\"og:site_name\" content=\"Lobos News\" \/>\n<meta property=\"article:published_time\" content=\"2026-01-21T19:38:38+00:00\" \/>\n<meta property=\"article:modified_time\" content=\"2026-01-21T23:07:12+00:00\" \/>\n<meta property=\"og:image\" content=\"https:\/\/lobosnews.com.ar\/wp-content\/uploads\/2026\/01\/advierten-sobre-casos-de-gastroenteritis-en-el-sur-de-brasil-y-detectan-playas-no-aptas-para-el-bano.jpg\" \/>\n<meta name=\"author\" content=\"admin\" \/>\n<meta name=\"twitter:card\" content=\"summary_large_image\" \/>\n<meta name=\"twitter:label1\" content=\"Escrito por\" \/>\n\t<meta name=\"twitter:data1\" content=\"admin\" \/>\n\t<meta name=\"twitter:label2\" content=\"Tiempo de lectura\" \/>\n\t<meta name=\"twitter:data2\" content=\"6 minutos\" \/>\n<script type=\"application\/ld+json\" class=\"yoast-schema-graph\">{\"@context\":\"https:\/\/schema.org\",\"@graph\":[{\"@type\":\"Article\",\"@id\":\"https:\/\/lobosnews.com.ar\/index.php\/2026\/01\/21\/advierten-sobre-casos-de-gastroenteritis-en-el-sur-de-brasil-y-detectan-playas-no-aptas-para-el-bano\/#article\",\"isPartOf\":{\"@id\":\"https:\/\/lobosnews.com.ar\/index.php\/2026\/01\/21\/advierten-sobre-casos-de-gastroenteritis-en-el-sur-de-brasil-y-detectan-playas-no-aptas-para-el-bano\/\"},\"author\":{\"name\":\"admin\",\"@id\":\"https:\/\/lobosnews.com.ar\/#\/schema\/person\/232422a593d5c541dd9aef6aaed10943\"},\"headline\":\"Advierten sobre casos de gastroenteritis en el sur de Brasil y detectan playas no aptas para el ba\u00f1o\",\"datePublished\":\"2026-01-21T19:38:38+00:00\",\"dateModified\":\"2026-01-21T23:07:12+00:00\",\"mainEntityOfPage\":{\"@id\":\"https:\/\/lobosnews.com.ar\/index.php\/2026\/01\/21\/advierten-sobre-casos-de-gastroenteritis-en-el-sur-de-brasil-y-detectan-playas-no-aptas-para-el-bano\/\"},\"wordCount\":1289,\"commentCount\":0,\"publisher\":{\"@id\":\"https:\/\/lobosnews.com.ar\/#organization\"},\"image\":{\"@id\":\"https:\/\/lobosnews.com.ar\/index.php\/2026\/01\/21\/advierten-sobre-casos-de-gastroenteritis-en-el-sur-de-brasil-y-detectan-playas-no-aptas-para-el-bano\/#primaryimage\"},\"thumbnailUrl\":\"https:\/\/lobosnews.com.ar\/wp-content\/uploads\/2026\/01\/advierten-sobre-casos-de-gastroenteritis-en-el-sur-de-brasil-y-detectan-playas-no-aptas-para-el-bano-12.jpg\",\"articleSection\":[\"Salud\"],\"inLanguage\":\"es\",\"potentialAction\":[{\"@type\":\"CommentAction\",\"name\":\"Comment\",\"target\":[\"https:\/\/lobosnews.com.ar\/index.php\/2026\/01\/21\/advierten-sobre-casos-de-gastroenteritis-en-el-sur-de-brasil-y-detectan-playas-no-aptas-para-el-bano\/#respond\"]}]},{\"@type\":\"WebPage\",\"@id\":\"https:\/\/lobosnews.com.ar\/index.php\/2026\/01\/21\/advierten-sobre-casos-de-gastroenteritis-en-el-sur-de-brasil-y-detectan-playas-no-aptas-para-el-bano\/\",\"url\":\"https:\/\/lobosnews.com.ar\/index.php\/2026\/01\/21\/advierten-sobre-casos-de-gastroenteritis-en-el-sur-de-brasil-y-detectan-playas-no-aptas-para-el-bano\/\",\"name\":\"Advierten sobre casos de gastroenteritis en el sur de Brasil y detectan playas no aptas para el ba\u00f1o - Lobos News\",\"isPartOf\":{\"@id\":\"https:\/\/lobosnews.com.ar\/#website\"},\"primaryImageOfPage\":{\"@id\":\"https:\/\/lobosnews.com.ar\/index.php\/2026\/01\/21\/advierten-sobre-casos-de-gastroenteritis-en-el-sur-de-brasil-y-detectan-playas-no-aptas-para-el-bano\/#primaryimage\"},\"image\":{\"@id\":\"https:\/\/lobosnews.com.ar\/index.php\/2026\/01\/21\/advierten-sobre-casos-de-gastroenteritis-en-el-sur-de-brasil-y-detectan-playas-no-aptas-para-el-bano\/#primaryimage\"},\"thumbnailUrl\":\"https:\/\/lobosnews.com.ar\/wp-content\/uploads\/2026\/01\/advierten-sobre-casos-de-gastroenteritis-en-el-sur-de-brasil-y-detectan-playas-no-aptas-para-el-bano-12.jpg\",\"datePublished\":\"2026-01-21T19:38:38+00:00\",\"dateModified\":\"2026-01-21T23:07:12+00:00\",\"breadcrumb\":{\"@id\":\"https:\/\/lobosnews.com.ar\/index.php\/2026\/01\/21\/advierten-sobre-casos-de-gastroenteritis-en-el-sur-de-brasil-y-detectan-playas-no-aptas-para-el-bano\/#breadcrumb\"},\"inLanguage\":\"es\",\"potentialAction\":[{\"@type\":\"ReadAction\",\"target\":[\"https:\/\/lobosnews.com.ar\/index.php\/2026\/01\/21\/advierten-sobre-casos-de-gastroenteritis-en-el-sur-de-brasil-y-detectan-playas-no-aptas-para-el-bano\/\"]}]},{\"@type\":\"ImageObject\",\"inLanguage\":\"es\",\"@id\":\"https:\/\/lobosnews.com.ar\/index.php\/2026\/01\/21\/advierten-sobre-casos-de-gastroenteritis-en-el-sur-de-brasil-y-detectan-playas-no-aptas-para-el-bano\/#primaryimage\",\"url\":\"https:\/\/lobosnews.com.ar\/wp-content\/uploads\/2026\/01\/advierten-sobre-casos-de-gastroenteritis-en-el-sur-de-brasil-y-detectan-playas-no-aptas-para-el-bano-12.jpg\",\"contentUrl\":\"https:\/\/lobosnews.com.ar\/wp-content\/uploads\/2026\/01\/advierten-sobre-casos-de-gastroenteritis-en-el-sur-de-brasil-y-detectan-playas-no-aptas-para-el-bano-12.jpg\",\"width\":1365,\"height\":576,\"caption\":\"Advierten sobre casos de gastroenteritis en el sur de Brasil y detectan playas no aptas para el ba\u00f1o\"},{\"@type\":\"BreadcrumbList\",\"@id\":\"https:\/\/lobosnews.com.ar\/index.php\/2026\/01\/21\/advierten-sobre-casos-de-gastroenteritis-en-el-sur-de-brasil-y-detectan-playas-no-aptas-para-el-bano\/#breadcrumb\",\"itemListElement\":[{\"@type\":\"ListItem\",\"position\":1,\"name\":\"Portada\",\"item\":\"https:\/\/lobosnews.com.ar\/\"},{\"@type\":\"ListItem\",\"position\":2,\"name\":\"Advierten sobre casos de gastroenteritis en el sur de Brasil y detectan playas no aptas para el ba\u00f1o\"}]},{\"@type\":\"WebSite\",\"@id\":\"https:\/\/lobosnews.com.ar\/#website\",\"url\":\"https:\/\/lobosnews.com.ar\/\",\"name\":\"Lobos News\",\"description\":\"Informaci\u00f3n a cada instante\",\"publisher\":{\"@id\":\"https:\/\/lobosnews.com.ar\/#organization\"},\"potentialAction\":[{\"@type\":\"SearchAction\",\"target\":{\"@type\":\"EntryPoint\",\"urlTemplate\":\"https:\/\/lobosnews.com.ar\/?s={search_term_string}\"},\"query-input\":{\"@type\":\"PropertyValueSpecification\",\"valueRequired\":true,\"valueName\":\"search_term_string\"}}],\"inLanguage\":\"es\"},{\"@type\":\"Organization\",\"@id\":\"https:\/\/lobosnews.com.ar\/#organization\",\"name\":\"Lobos News\",\"url\":\"https:\/\/lobosnews.com.ar\/\",\"logo\":{\"@type\":\"ImageObject\",\"inLanguage\":\"es\",\"@id\":\"https:\/\/lobosnews.com.ar\/#\/schema\/logo\/image\/\",\"url\":\"https:\/\/lobosnews.com.ar\/wp-content\/uploads\/2026\/01\/logo-lobosnews.png\",\"contentUrl\":\"https:\/\/lobosnews.com.ar\/wp-content\/uploads\/2026\/01\/logo-lobosnews.png\",\"width\":500,\"height\":200,\"caption\":\"Lobos News\"},\"image\":{\"@id\":\"https:\/\/lobosnews.com.ar\/#\/schema\/logo\/image\/\"}},{\"@type\":\"Person\",\"@id\":\"https:\/\/lobosnews.com.ar\/#\/schema\/person\/232422a593d5c541dd9aef6aaed10943\",\"name\":\"admin\",\"image\":{\"@type\":\"ImageObject\",\"inLanguage\":\"es\",\"@id\":\"https:\/\/lobosnews.com.ar\/#\/schema\/person\/image\/\",\"url\":\"https:\/\/secure.gravatar.com\/avatar\/76e419471a2083bc3ceab22a763dbbf9b0c1bd15a6214cf3280e2c2dde4580f9?s=96&d=mm&r=g\",\"contentUrl\":\"https:\/\/secure.gravatar.com\/avatar\/76e419471a2083bc3ceab22a763dbbf9b0c1bd15a6214cf3280e2c2dde4580f9?s=96&d=mm&r=g\",\"caption\":\"admin\"},\"sameAs\":[\"https:\/\/lobosnews.com.ar\"],\"url\":\"https:\/\/lobosnews.com.ar\/index.php\/author\/lobos-news\/\"}]}<\/script>\n<!-- \/ Yoast SEO plugin. -->","yoast_head_json":{"title":"Advierten sobre casos de gastroenteritis en el sur de Brasil y detectan playas no aptas para el ba\u00f1o - Lobos News","robots":{"index":"index","follow":"follow","max-snippet":"max-snippet:-1","max-image-preview":"max-image-preview:large","max-video-preview":"max-video-preview:-1"},"canonical":"https:\/\/lobosnews.com.ar\/index.php\/2026\/01\/21\/advierten-sobre-casos-de-gastroenteritis-en-el-sur-de-brasil-y-detectan-playas-no-aptas-para-el-bano\/","og_locale":"es_ES","og_type":"article","og_title":"Advierten sobre casos de gastroenteritis en el sur de Brasil y detectan playas no aptas para el ba\u00f1o - Lobos News","og_description":"La temporada tur\u00edstica en Florian\u00f3polis presenta un escenario de riesgo sanitario. El \u00faltimo informe del Instituto de Medio Ambiente de Santa Catarina (IMA), estado donde se encuentra la ciudad costera confirm\u00f3 que m\u00e1s de un tercio de los puntos monitoreados en las playas de la regi\u00f3n presentan condiciones no aptas para el ba\u00f1o, con focos...","og_url":"https:\/\/lobosnews.com.ar\/index.php\/2026\/01\/21\/advierten-sobre-casos-de-gastroenteritis-en-el-sur-de-brasil-y-detectan-playas-no-aptas-para-el-bano\/","og_site_name":"Lobos News","article_published_time":"2026-01-21T19:38:38+00:00","article_modified_time":"2026-01-21T23:07:12+00:00","og_image":[{"url":"https:\/\/lobosnews.com.ar\/wp-content\/uploads\/2026\/01\/advierten-sobre-casos-de-gastroenteritis-en-el-sur-de-brasil-y-detectan-playas-no-aptas-para-el-bano.jpg","type":"","width":"","height":""}],"author":"admin","twitter_card":"summary_large_image","twitter_misc":{"Escrito por":"admin","Tiempo de lectura":"6 minutos"},"schema":{"@context":"https:\/\/schema.org","@graph":[{"@type":"Article","@id":"https:\/\/lobosnews.com.ar\/index.php\/2026\/01\/21\/advierten-sobre-casos-de-gastroenteritis-en-el-sur-de-brasil-y-detectan-playas-no-aptas-para-el-bano\/#article","isPartOf":{"@id":"https:\/\/lobosnews.com.ar\/index.php\/2026\/01\/21\/advierten-sobre-casos-de-gastroenteritis-en-el-sur-de-brasil-y-detectan-playas-no-aptas-para-el-bano\/"},"author":{"name":"admin","@id":"https:\/\/lobosnews.com.ar\/#\/schema\/person\/232422a593d5c541dd9aef6aaed10943"},"headline":"Advierten sobre casos de gastroenteritis en el sur de Brasil y detectan playas no aptas para el ba\u00f1o","datePublished":"2026-01-21T19:38:38+00:00","dateModified":"2026-01-21T23:07:12+00:00","mainEntityOfPage":{"@id":"https:\/\/lobosnews.com.ar\/index.php\/2026\/01\/21\/advierten-sobre-casos-de-gastroenteritis-en-el-sur-de-brasil-y-detectan-playas-no-aptas-para-el-bano\/"},"wordCount":1289,"commentCount":0,"publisher":{"@id":"https:\/\/lobosnews.com.ar\/#organization"},"image":{"@id":"https:\/\/lobosnews.com.ar\/index.php\/2026\/01\/21\/advierten-sobre-casos-de-gastroenteritis-en-el-sur-de-brasil-y-detectan-playas-no-aptas-para-el-bano\/#primaryimage"},"thumbnailUrl":"https:\/\/lobosnews.com.ar\/wp-content\/uploads\/2026\/01\/advierten-sobre-casos-de-gastroenteritis-en-el-sur-de-brasil-y-detectan-playas-no-aptas-para-el-bano-12.jpg","articleSection":["Salud"],"inLanguage":"es","potentialAction":[{"@type":"CommentAction","name":"Comment","target":["https:\/\/lobosnews.com.ar\/index.php\/2026\/01\/21\/advierten-sobre-casos-de-gastroenteritis-en-el-sur-de-brasil-y-detectan-playas-no-aptas-para-el-bano\/#respond"]}]},{"@type":"WebPage","@id":"https:\/\/lobosnews.com.ar\/index.php\/2026\/01\/21\/advierten-sobre-casos-de-gastroenteritis-en-el-sur-de-brasil-y-detectan-playas-no-aptas-para-el-bano\/","url":"https:\/\/lobosnews.com.ar\/index.php\/2026\/01\/21\/advierten-sobre-casos-de-gastroenteritis-en-el-sur-de-brasil-y-detectan-playas-no-aptas-para-el-bano\/","name":"Advierten sobre casos de gastroenteritis en el sur de Brasil y detectan playas no aptas para el ba\u00f1o - Lobos News","isPartOf":{"@id":"https:\/\/lobosnews.com.ar\/#website"},"primaryImageOfPage":{"@id":"https:\/\/lobosnews.com.ar\/index.php\/2026\/01\/21\/advierten-sobre-casos-de-gastroenteritis-en-el-sur-de-brasil-y-detectan-playas-no-aptas-para-el-bano\/#primaryimage"},"image":{"@id":"https:\/\/lobosnews.com.ar\/index.php\/2026\/01\/21\/advierten-sobre-casos-de-gastroenteritis-en-el-sur-de-brasil-y-detectan-playas-no-aptas-para-el-bano\/#primaryimage"},"thumbnailUrl":"https:\/\/lobosnews.com.ar\/wp-content\/uploads\/2026\/01\/advierten-sobre-casos-de-gastroenteritis-en-el-sur-de-brasil-y-detectan-playas-no-aptas-para-el-bano-12.jpg","datePublished":"2026-01-21T19:38:38+00:00","dateModified":"2026-01-21T23:07:12+00:00","breadcrumb":{"@id":"https:\/\/lobosnews.com.ar\/index.php\/2026\/01\/21\/advierten-sobre-casos-de-gastroenteritis-en-el-sur-de-brasil-y-detectan-playas-no-aptas-para-el-bano\/#breadcrumb"},"inLanguage":"es","potentialAction":[{"@type":"ReadAction","target":["https:\/\/lobosnews.com.ar\/index.php\/2026\/01\/21\/advierten-sobre-casos-de-gastroenteritis-en-el-sur-de-brasil-y-detectan-playas-no-aptas-para-el-bano\/"]}]},{"@type":"ImageObject","inLanguage":"es","@id":"https:\/\/lobosnews.com.ar\/index.php\/2026\/01\/21\/advierten-sobre-casos-de-gastroenteritis-en-el-sur-de-brasil-y-detectan-playas-no-aptas-para-el-bano\/#primaryimage","url":"https:\/\/lobosnews.com.ar\/wp-content\/uploads\/2026\/01\/advierten-sobre-casos-de-gastroenteritis-en-el-sur-de-brasil-y-detectan-playas-no-aptas-para-el-bano-12.jpg","contentUrl":"https:\/\/lobosnews.com.ar\/wp-content\/uploads\/2026\/01\/advierten-sobre-casos-de-gastroenteritis-en-el-sur-de-brasil-y-detectan-playas-no-aptas-para-el-bano-12.jpg","width":1365,"height":576,"caption":"Advierten sobre casos de gastroenteritis en el sur de Brasil y detectan playas no aptas para el ba\u00f1o"},{"@type":"BreadcrumbList","@id":"https:\/\/lobosnews.com.ar\/index.php\/2026\/01\/21\/advierten-sobre-casos-de-gastroenteritis-en-el-sur-de-brasil-y-detectan-playas-no-aptas-para-el-bano\/#breadcrumb","itemListElement":[{"@type":"ListItem","position":1,"name":"Portada","item":"https:\/\/lobosnews.com.ar\/"},{"@type":"ListItem","position":2,"name":"Advierten sobre casos de gastroenteritis en el sur de Brasil y detectan playas no aptas para el ba\u00f1o"}]},{"@type":"WebSite","@id":"https:\/\/lobosnews.com.ar\/#website","url":"https:\/\/lobosnews.com.ar\/","name":"Lobos News","description":"Informaci\u00f3n a cada instante","publisher":{"@id":"https:\/\/lobosnews.com.ar\/#organization"},"potentialAction":[{"@type":"SearchAction","target":{"@type":"EntryPoint","urlTemplate":"https:\/\/lobosnews.com.ar\/?s={search_term_string}"},"query-input":{"@type":"PropertyValueSpecification","valueRequired":true,"valueName":"search_term_string"}}],"inLanguage":"es"},{"@type":"Organization","@id":"https:\/\/lobosnews.com.ar\/#organization","name":"Lobos News","url":"https:\/\/lobosnews.com.ar\/","logo":{"@type":"ImageObject","inLanguage":"es","@id":"https:\/\/lobosnews.com.ar\/#\/schema\/logo\/image\/","url":"https:\/\/lobosnews.com.ar\/wp-content\/uploads\/2026\/01\/logo-lobosnews.png","contentUrl":"https:\/\/lobosnews.com.ar\/wp-content\/uploads\/2026\/01\/logo-lobosnews.png","width":500,"height":200,"caption":"Lobos News"},"image":{"@id":"https:\/\/lobosnews.com.ar\/#\/schema\/logo\/image\/"}},{"@type":"Person","@id":"https:\/\/lobosnews.com.ar\/#\/schema\/person\/232422a593d5c541dd9aef6aaed10943","name":"admin","image":{"@type":"ImageObject","inLanguage":"es","@id":"https:\/\/lobosnews.com.ar\/#\/schema\/person\/image\/","url":"https:\/\/secure.gravatar.com\/avatar\/76e419471a2083bc3ceab22a763dbbf9b0c1bd15a6214cf3280e2c2dde4580f9?s=96&d=mm&r=g","contentUrl":"https:\/\/secure.gravatar.com\/avatar\/76e419471a2083bc3ceab22a763dbbf9b0c1bd15a6214cf3280e2c2dde4580f9?s=96&d=mm&r=g","caption":"admin"},"sameAs":["https:\/\/lobosnews.com.ar"],"url":"https:\/\/lobosnews.com.ar\/index.php\/author\/lobos-news\/"}]}},"jetpack_featured_media_url":"https:\/\/lobosnews.com.ar\/wp-content\/uploads\/2026\/01\/advierten-sobre-casos-de-gastroenteritis-en-el-sur-de-brasil-y-detectan-playas-no-aptas-para-el-bano-12.jpg","jetpack_sharing_enabled":true,"_links":{"self":[{"href":"https:\/\/lobosnews.com.ar\/index.php\/wp-json\/wp\/v2\/posts\/9811","targetHints":{"allow":["GET"]}}],"collection":[{"href":"https:\/\/lobosnews.com.ar\/index.php\/wp-json\/wp\/v2\/posts"}],"about":[{"href":"https:\/\/lobosnews.com.ar\/index.php\/wp-json\/wp\/v2\/types\/post"}],"author":[{"embeddable":true,"href":"https:\/\/lobosnews.com.ar\/index.php\/wp-json\/wp\/v2\/users\/1"}],"replies":[{"embeddable":true,"href":"https:\/\/lobosnews.com.ar\/index.php\/wp-json\/wp\/v2\/comments?post=9811"}],"version-history":[{"count":1,"href":"https:\/\/lobosnews.com.ar\/index.php\/wp-json\/wp\/v2\/posts\/9811\/revisions"}],"predecessor-version":[{"id":9818,"href":"https:\/\/lobosnews.com.ar\/index.php\/wp-json\/wp\/v2\/posts\/9811\/revisions\/9818"}],"wp:featuredmedia":[{"embeddable":true,"href":"https:\/\/lobosnews.com.ar\/index.php\/wp-json\/wp\/v2\/media\/9819"}],"wp:attachment":[{"href":"https:\/\/lobosnews.com.ar\/index.php\/wp-json\/wp\/v2\/media?parent=9811"}],"wp:term":[{"taxonomy":"category","embeddable":true,"href":"https:\/\/lobosnews.com.ar\/index.php\/wp-json\/wp\/v2\/categories?post=9811"},{"taxonomy":"post_tag","embeddable":true,"href":"https:\/\/lobosnews.com.ar\/index.php\/wp-json\/wp\/v2\/tags?post=9811"}],"curies":[{"name":"wp","href":"https:\/\/api.w.org\/{rel}","templated":true}]}}