{"id":98014,"date":"2026-09-06T01:23:08","date_gmt":"2026-09-06T01:23:08","guid":{"rendered":"https:\/\/lobosnews.com.ar\/?p=98014"},"modified":"2026-09-06T06:36:54","modified_gmt":"2026-09-06T06:36:54","slug":"los-hijos-de-romina-yan-la-recordaron-con-fotos-intimas-en-el-dia-de-su-cumpleanos","status":"publish","type":"post","link":"https:\/\/lobosnews.com.ar\/index.php\/2026\/09\/06\/los-hijos-de-romina-yan-la-recordaron-con-fotos-intimas-en-el-dia-de-su-cumpleanos\/","title":{"rendered":"Los hijos de Romina Yan la recordaron con fotos \u00edntimas en el d\u00eda de su cumplea\u00f1os"},"content":{"rendered":"<p><img loading=\"lazy\" decoding=\"async\" src=\"https:\/\/lobosnews.com.ar\/wp-content\/uploads\/2026\/09\/los-hijos-de-romina-yan-la-recordaron-con-fotos-intimas-en-el-dia-de-su-cumpleanos.jpg\" alt=\"Valent\u00edn y Franco Yan, los hijos de Romina, la recordaron en el d\u00eda en el que hubiese cumplido 52 a\u00f1os (Instagram)\" height=\"500\" width=\"786\"\/><\/p>\n<p>A 16 a\u00f1os de su muerte<span class=\"waslinkname\">, <\/span><span class=\"waslinkname\"><b>Romina Yan<\/b><\/span><span class=\"waslinkname\"> <\/span>sigue presente en la memoria de quienes la conocieron y en la de una generaci\u00f3n que la vio crecer en la televisi\u00f3n argentina. La actriz, hija de la productora <span class=\"waslinkname\"><b>Cris Morena<\/b><\/span><span class=\"waslinkname\"> <\/span>y del director <b>Gustavo Yankelevich<\/b>, fue una de las figuras centrales de la pantalla infantil durante los a\u00f1os 90 y 2000, y cada aniversario de su nacimiento renueva los homenajes. Este viernes, en lo que habr\u00eda sido su cumplea\u00f1os n\u00famero 52, sus hijos <b>Valent\u00edn<\/b> y <b>Franco<\/b> \u2014fruto de su relaci\u00f3n con <b>Dar\u00edo Giordano<\/b>\u2014 la recordaron en sus redes sociales con fotograf\u00edas que combinan intimidad familiar y nostalgia.<\/p>\n<p>Valent\u00edn fue el primero en publicar. Eligi\u00f3 una fotograf\u00eda en blanco y negro donde aparece de ni\u00f1o, recostado sobre la espalda de su madre, ambos sentados sobre una cama. En la imagen, Romina Yan viste un pijama con estampado de lunares de colores; \u00e9l, un buzo rojo y pantal\u00f3n con estampado de perros. La publicaci\u00f3n no incluy\u00f3 texto: solo dos emojis, uno de infinito y otro de auriculares en tono azul claro, en un gesto que evoca el v\u00ednculo eterno entre madre e hijo.<\/p>\n<p>La imagen acumul\u00f3 9.923 \u201cme gusta\u201d y 176 comentarios en pocas horas. Entre las respuestas se destacaron las de <b>Mery del Cerro<\/b>, quien escribi\u00f3 un coraz\u00f3n rojo junto a un emoji de manos en oraci\u00f3n, y la de <b>Nico V\u00e1zquez<\/b>, que sum\u00f3 manos en oraci\u00f3n, un coraz\u00f3n rojo y el s\u00edmbolo de infinito.<\/p>\n<p><img loading=\"lazy\" decoding=\"async\" src=\"https:\/\/lobosnews.com.ar\/wp-content\/uploads\/2026\/09\/los-hijos-de-romina-yan-la-recordaron-con-fotos-intimas-en-el-dia-de-su-cumpleanos-1.jpg\" alt=\"Fran record\u00f3 a su mam\u00e1 con una foto junto a sus dos hermanos y luego una solo con su madre (Instagram)\" height=\"906\" width=\"507\"\/><\/p>\n<p>Horas m\u00e1s tarde, Franco sum\u00f3 su propio homenaje con dos fotograf\u00edas. La primera muestra una escena familiar completa: los tres hermanos junto a su madre, sentados sobre una cama con s\u00e1banas blancas. La m\u00e1s peque\u00f1a aparece con pijama de estampado floral; los dos varones, con ropa de entrecasa \u2014uno con buzo gris, el otro con remera roja y mangas grises\u2014. Romina, al centro, lleva el mismo pijama de lunares que aparece en la foto compartida por Valent\u00edn, lo que sugiere que ambas im\u00e1genes fueron tomadas en la misma jornada. Franco eligi\u00f3 musicalizar esa postal familiar con \u201cZona de Promesas\u201d, el tema interpretado por Mercedes Sosa y Gustavo Cerati.<\/p>\n<p>La segunda fotograf\u00eda que comparti\u00f3 Franco tiene un registro distinto: a color, tomada en la playa, muestra a Romina Yan con el pelo suelto y despeinado por el viento, sonriente, mientras sostiene contra su rostro a uno de sus hijos beb\u00e9, tambi\u00e9n sonriente y con los primeros dientes asomando. La toma, de tono m\u00e1s c\u00e1lido y luminoso, estuvo acompa\u00f1ada \u00fanicamente por el emoji de infinito y un coraz\u00f3n rojo, los mismos s\u00edmbolos que hab\u00eda usado Valent\u00edn en su publicaci\u00f3n, en una coincidencia que refuerza el mensaje compartido entre los dos hermanos.<\/p>\n<p>Ellos no fueron los \u00fanicos que la recordaron. La productora de \u00e9xitos infantiles vuelve a hablarle como si el tiempo no hubiera pasado. El mensaje empez\u00f3 con un tono po\u00e9tico que son\u00f3 casi a canci\u00f3n de cuna: \u201c<b>Un d\u00eda llegaste, Romina; fresias y jazmines nacen de la tierra, un \u00e1ngel vestido de gris cenicienta\u201d<\/b>. Los textos, intercalados con im\u00e1genes de algunos de sus papeles m\u00e1s recordados, continuaron con el mismo tono: \u201c<b>Tus ojos que miran tan hondo, Romina, que llegan al alma dibujando estrellas. Tus manos tan suaves que sanan las penas, rodean de calma todas las tristezas. Feliz cumple, chiquita m\u00eda<\/b>\u201d.<\/p>\n<p>Despu\u00e9s lleg\u00f3 la parte m\u00e1s \u00edntima, la que se lee casi como una confesi\u00f3n: <b>\u201cEst\u00e1s en mi coraz\u00f3n cada segundo de mi vida. Sos mi gu\u00eda, mi faro y mi luz\u201d<\/b>. Y ah\u00ed, Cris Morena sum\u00f3 una frase de Azul, la hija de Romina, que hizo propia para nombrar lo que siente: \u201cSos la presencia de nuestra ausencia, como dice Azul&#8230; Y somos lo que so\u00f1amos, como siempre nos dec\u00edamos vos y yo. \u00a1Feliz cumplea\u00f1os, hijita bella! Est\u00e1s y siempre estar\u00e1s en m\u00ed\u2026\u201d.<\/p>\n","protected":false},"excerpt":{"rendered":"<p>A 16 a\u00f1os de su muerte, Romina Yan sigue presente en la memoria de quienes la conocieron y en la de una generaci\u00f3n que la vio crecer en la televisi\u00f3n argentina. La actriz, hija de la productora Cris Morena y del director Gustavo Yankelevich, fue una de las figuras centrales de la pantalla infantil durante&#8230;<\/p>\n","protected":false},"author":1,"featured_media":98018,"comment_status":"open","ping_status":"closed","sticky":false,"template":"","format":"standard","meta":{"_jetpack_newsletter_access":"","_jetpack_dont_email_post_to_subs":false,"_jetpack_newsletter_tier_id":0,"_jetpack_memberships_contains_paywalled_content":false,"_jetpack_memberships_contains_paid_content":false,"footnotes":"","jetpack_post_was_ever_published":false},"categories":[79],"tags":[],"class_list":["post-98014","post","type-post","status-publish","format-standard","has-post-thumbnail","hentry","category-cine-y-series"],"magazineBlocksPostFeaturedMedia":{"thumbnail":"https:\/\/lobosnews.com.ar\/wp-content\/uploads\/2026\/09\/los-hijos-de-romina-yan-la-recordaron-con-fotos-intimas-en-el-dia-de-su-cumpleanos-2-150x150.jpg","medium":"https:\/\/lobosnews.com.ar\/wp-content\/uploads\/2026\/09\/los-hijos-de-romina-yan-la-recordaron-con-fotos-intimas-en-el-dia-de-su-cumpleanos-2-168x300.jpg","medium_large":"https:\/\/lobosnews.com.ar\/wp-content\/uploads\/2026\/09\/los-hijos-de-romina-yan-la-recordaron-con-fotos-intimas-en-el-dia-de-su-cumpleanos-2.jpg","large":"https:\/\/lobosnews.com.ar\/wp-content\/uploads\/2026\/09\/los-hijos-de-romina-yan-la-recordaron-con-fotos-intimas-en-el-dia-de-su-cumpleanos-2.jpg","1536x1536":"https:\/\/lobosnews.com.ar\/wp-content\/uploads\/2026\/09\/los-hijos-de-romina-yan-la-recordaron-con-fotos-intimas-en-el-dia-de-su-cumpleanos-2.jpg","2048x2048":"https:\/\/lobosnews.com.ar\/wp-content\/uploads\/2026\/09\/los-hijos-de-romina-yan-la-recordaron-con-fotos-intimas-en-el-dia-de-su-cumpleanos-2.jpg","newsmatic-featured":"https:\/\/lobosnews.com.ar\/wp-content\/uploads\/2026\/09\/los-hijos-de-romina-yan-la-recordaron-con-fotos-intimas-en-el-dia-de-su-cumpleanos-2-507x545.jpg","newsmatic-list":"https:\/\/lobosnews.com.ar\/wp-content\/uploads\/2026\/09\/los-hijos-de-romina-yan-la-recordaron-con-fotos-intimas-en-el-dia-de-su-cumpleanos-2-507x400.jpg","newsmatic-thumb":"https:\/\/lobosnews.com.ar\/wp-content\/uploads\/2026\/09\/los-hijos-de-romina-yan-la-recordaron-con-fotos-intimas-en-el-dia-de-su-cumpleanos-2-300x200.jpg","newsmatic-small":"https:\/\/lobosnews.com.ar\/wp-content\/uploads\/2026\/09\/los-hijos-de-romina-yan-la-recordaron-con-fotos-intimas-en-el-dia-de-su-cumpleanos-2-150x95.jpg","newsmatic-grid":"https:\/\/lobosnews.com.ar\/wp-content\/uploads\/2026\/09\/los-hijos-de-romina-yan-la-recordaron-con-fotos-intimas-en-el-dia-de-su-cumpleanos-2-400x250.jpg"},"magazineBlocksPostAuthor":{"name":"admin","avatar":"https:\/\/secure.gravatar.com\/avatar\/76e419471a2083bc3ceab22a763dbbf9b0c1bd15a6214cf3280e2c2dde4580f9?s=96&d=mm&r=g"},"magazineBlocksPostCommentsNumber":"0","magazineBlocksPostExcerpt":"A 16 a\u00f1os de su muerte, Romina Yan sigue presente en la memoria de quienes la conocieron y en la de una generaci\u00f3n que la vio crecer en la televisi\u00f3n argentina. La actriz, hija de la productora Cris Morena y del director Gustavo Yankelevich, fue una de las figuras centrales de la pantalla infantil durante...","magazineBlocksPostCategories":["Cine y Series"],"magazineBlocksPostViewCount":48,"magazineBlocksPostReadTime":4,"magazine_blocks_featured_image_url":{"full":["https:\/\/lobosnews.com.ar\/wp-content\/uploads\/2026\/09\/los-hijos-de-romina-yan-la-recordaron-con-fotos-intimas-en-el-dia-de-su-cumpleanos-2.jpg",507,906,false],"medium":["https:\/\/lobosnews.com.ar\/wp-content\/uploads\/2026\/09\/los-hijos-de-romina-yan-la-recordaron-con-fotos-intimas-en-el-dia-de-su-cumpleanos-2-168x300.jpg",168,300,true],"thumbnail":["https:\/\/lobosnews.com.ar\/wp-content\/uploads\/2026\/09\/los-hijos-de-romina-yan-la-recordaron-con-fotos-intimas-en-el-dia-de-su-cumpleanos-2-150x150.jpg",150,150,true]},"magazine_blocks_author":{"display_name":"admin","author_link":"https:\/\/lobosnews.com.ar\/index.php\/author\/lobos-news\/"},"magazine_blocks_comment":0,"magazine_blocks_author_image":"https:\/\/secure.gravatar.com\/avatar\/76e419471a2083bc3ceab22a763dbbf9b0c1bd15a6214cf3280e2c2dde4580f9?s=96&d=mm&r=g","magazine_blocks_category":"<a href=\"#\" class=\"category-link category-link-79\">Cine y Series<\/a>","yoast_head":"<!-- This site is optimized with the Yoast SEO plugin v28.0 - https:\/\/yoast.com\/product\/yoast-seo-wordpress\/ -->\n<title>Los hijos de Romina Yan la recordaron con fotos \u00edntimas en el d\u00eda de su cumplea\u00f1os - Lobos News<\/title>\n<meta name=\"robots\" content=\"index, follow, max-snippet:-1, max-image-preview:large, max-video-preview:-1\" \/>\n<link rel=\"canonical\" href=\"https:\/\/lobosnews.com.ar\/index.php\/2026\/09\/06\/los-hijos-de-romina-yan-la-recordaron-con-fotos-intimas-en-el-dia-de-su-cumpleanos\/\" \/>\n<meta property=\"og:locale\" content=\"es_ES\" \/>\n<meta property=\"og:type\" content=\"article\" \/>\n<meta property=\"og:title\" content=\"Los hijos de Romina Yan la recordaron con fotos \u00edntimas en el d\u00eda de su cumplea\u00f1os - Lobos News\" \/>\n<meta property=\"og:description\" content=\"A 16 a\u00f1os de su muerte, Romina Yan sigue presente en la memoria de quienes la conocieron y en la de una generaci\u00f3n que la vio crecer en la televisi\u00f3n argentina. La actriz, hija de la productora Cris Morena y del director Gustavo Yankelevich, fue una de las figuras centrales de la pantalla infantil durante...\" \/>\n<meta property=\"og:url\" content=\"https:\/\/lobosnews.com.ar\/index.php\/2026\/09\/06\/los-hijos-de-romina-yan-la-recordaron-con-fotos-intimas-en-el-dia-de-su-cumpleanos\/\" \/>\n<meta property=\"og:site_name\" content=\"Lobos News\" \/>\n<meta property=\"article:published_time\" content=\"2026-09-06T01:23:08+00:00\" \/>\n<meta property=\"article:modified_time\" content=\"2026-09-06T06:36:54+00:00\" \/>\n<meta property=\"og:image\" content=\"https:\/\/lobosnews.com.ar\/wp-content\/uploads\/2026\/09\/los-hijos-de-romina-yan-la-recordaron-con-fotos-intimas-en-el-dia-de-su-cumpleanos-2.jpg\" \/>\n\t<meta property=\"og:image:width\" content=\"507\" \/>\n\t<meta property=\"og:image:height\" content=\"906\" \/>\n\t<meta property=\"og:image:type\" content=\"image\/jpeg\" \/>\n<meta name=\"author\" content=\"admin\" \/>\n<meta name=\"twitter:card\" content=\"summary_large_image\" \/>\n<meta name=\"twitter:label1\" content=\"Escrito por\" \/>\n\t<meta name=\"twitter:data1\" content=\"admin\" \/>\n\t<meta name=\"twitter:label2\" content=\"Tiempo de lectura\" \/>\n\t<meta name=\"twitter:data2\" content=\"3 minutos\" \/>\n<script type=\"application\/ld+json\" class=\"yoast-schema-graph\">{\"@context\":\"https:\\\/\\\/schema.org\",\"@graph\":[{\"@type\":\"Article\",\"@id\":\"https:\\\/\\\/lobosnews.com.ar\\\/index.php\\\/2026\\\/09\\\/06\\\/los-hijos-de-romina-yan-la-recordaron-con-fotos-intimas-en-el-dia-de-su-cumpleanos\\\/#article\",\"isPartOf\":{\"@id\":\"https:\\\/\\\/lobosnews.com.ar\\\/index.php\\\/2026\\\/09\\\/06\\\/los-hijos-de-romina-yan-la-recordaron-con-fotos-intimas-en-el-dia-de-su-cumpleanos\\\/\"},\"author\":{\"name\":\"admin\",\"@id\":\"https:\\\/\\\/lobosnews.com.ar\\\/#\\\/schema\\\/person\\\/232422a593d5c541dd9aef6aaed10943\"},\"headline\":\"Los hijos de Romina Yan la recordaron con fotos \u00edntimas en el d\u00eda de su cumplea\u00f1os\",\"datePublished\":\"2026-09-06T01:23:08+00:00\",\"dateModified\":\"2026-09-06T06:36:54+00:00\",\"mainEntityOfPage\":{\"@id\":\"https:\\\/\\\/lobosnews.com.ar\\\/index.php\\\/2026\\\/09\\\/06\\\/los-hijos-de-romina-yan-la-recordaron-con-fotos-intimas-en-el-dia-de-su-cumpleanos\\\/\"},\"wordCount\":696,\"commentCount\":0,\"publisher\":{\"@id\":\"https:\\\/\\\/lobosnews.com.ar\\\/#organization\"},\"image\":{\"@id\":\"https:\\\/\\\/lobosnews.com.ar\\\/index.php\\\/2026\\\/09\\\/06\\\/los-hijos-de-romina-yan-la-recordaron-con-fotos-intimas-en-el-dia-de-su-cumpleanos\\\/#primaryimage\"},\"thumbnailUrl\":\"https:\\\/\\\/lobosnews.com.ar\\\/wp-content\\\/uploads\\\/2026\\\/09\\\/los-hijos-de-romina-yan-la-recordaron-con-fotos-intimas-en-el-dia-de-su-cumpleanos-2.jpg\",\"articleSection\":[\"Cine y Series\"],\"inLanguage\":\"es\",\"potentialAction\":[{\"@type\":\"CommentAction\",\"name\":\"Comment\",\"target\":[\"https:\\\/\\\/lobosnews.com.ar\\\/index.php\\\/2026\\\/09\\\/06\\\/los-hijos-de-romina-yan-la-recordaron-con-fotos-intimas-en-el-dia-de-su-cumpleanos\\\/#respond\"]}]},{\"@type\":\"WebPage\",\"@id\":\"https:\\\/\\\/lobosnews.com.ar\\\/index.php\\\/2026\\\/09\\\/06\\\/los-hijos-de-romina-yan-la-recordaron-con-fotos-intimas-en-el-dia-de-su-cumpleanos\\\/\",\"url\":\"https:\\\/\\\/lobosnews.com.ar\\\/index.php\\\/2026\\\/09\\\/06\\\/los-hijos-de-romina-yan-la-recordaron-con-fotos-intimas-en-el-dia-de-su-cumpleanos\\\/\",\"name\":\"Los hijos de Romina Yan la recordaron con fotos \u00edntimas en el d\u00eda de su cumplea\u00f1os - Lobos News\",\"isPartOf\":{\"@id\":\"https:\\\/\\\/lobosnews.com.ar\\\/#website\"},\"primaryImageOfPage\":{\"@id\":\"https:\\\/\\\/lobosnews.com.ar\\\/index.php\\\/2026\\\/09\\\/06\\\/los-hijos-de-romina-yan-la-recordaron-con-fotos-intimas-en-el-dia-de-su-cumpleanos\\\/#primaryimage\"},\"image\":{\"@id\":\"https:\\\/\\\/lobosnews.com.ar\\\/index.php\\\/2026\\\/09\\\/06\\\/los-hijos-de-romina-yan-la-recordaron-con-fotos-intimas-en-el-dia-de-su-cumpleanos\\\/#primaryimage\"},\"thumbnailUrl\":\"https:\\\/\\\/lobosnews.com.ar\\\/wp-content\\\/uploads\\\/2026\\\/09\\\/los-hijos-de-romina-yan-la-recordaron-con-fotos-intimas-en-el-dia-de-su-cumpleanos-2.jpg\",\"datePublished\":\"2026-09-06T01:23:08+00:00\",\"dateModified\":\"2026-09-06T06:36:54+00:00\",\"breadcrumb\":{\"@id\":\"https:\\\/\\\/lobosnews.com.ar\\\/index.php\\\/2026\\\/09\\\/06\\\/los-hijos-de-romina-yan-la-recordaron-con-fotos-intimas-en-el-dia-de-su-cumpleanos\\\/#breadcrumb\"},\"inLanguage\":\"es\",\"potentialAction\":[{\"@type\":\"ReadAction\",\"target\":[\"https:\\\/\\\/lobosnews.com.ar\\\/index.php\\\/2026\\\/09\\\/06\\\/los-hijos-de-romina-yan-la-recordaron-con-fotos-intimas-en-el-dia-de-su-cumpleanos\\\/\"]}]},{\"@type\":\"ImageObject\",\"inLanguage\":\"es\",\"@id\":\"https:\\\/\\\/lobosnews.com.ar\\\/index.php\\\/2026\\\/09\\\/06\\\/los-hijos-de-romina-yan-la-recordaron-con-fotos-intimas-en-el-dia-de-su-cumpleanos\\\/#primaryimage\",\"url\":\"https:\\\/\\\/lobosnews.com.ar\\\/wp-content\\\/uploads\\\/2026\\\/09\\\/los-hijos-de-romina-yan-la-recordaron-con-fotos-intimas-en-el-dia-de-su-cumpleanos-2.jpg\",\"contentUrl\":\"https:\\\/\\\/lobosnews.com.ar\\\/wp-content\\\/uploads\\\/2026\\\/09\\\/los-hijos-de-romina-yan-la-recordaron-con-fotos-intimas-en-el-dia-de-su-cumpleanos-2.jpg\",\"width\":507,\"height\":906,\"caption\":\"Los hijos de Romina Yan la recordaron con fotos \u00edntimas en el d\u00eda de su cumplea\u00f1os\"},{\"@type\":\"BreadcrumbList\",\"@id\":\"https:\\\/\\\/lobosnews.com.ar\\\/index.php\\\/2026\\\/09\\\/06\\\/los-hijos-de-romina-yan-la-recordaron-con-fotos-intimas-en-el-dia-de-su-cumpleanos\\\/#breadcrumb\",\"itemListElement\":[{\"@type\":\"ListItem\",\"position\":1,\"name\":\"Portada\",\"item\":\"https:\\\/\\\/lobosnews.com.ar\\\/\"},{\"@type\":\"ListItem\",\"position\":2,\"name\":\"Los hijos de Romina Yan la recordaron con fotos \u00edntimas en el d\u00eda de su cumplea\u00f1os\"}]},{\"@type\":\"WebSite\",\"@id\":\"https:\\\/\\\/lobosnews.com.ar\\\/#website\",\"url\":\"https:\\\/\\\/lobosnews.com.ar\\\/\",\"name\":\"Lobos News\",\"description\":\"Informaci\u00f3n a cada instante\",\"publisher\":{\"@id\":\"https:\\\/\\\/lobosnews.com.ar\\\/#organization\"},\"potentialAction\":[{\"@type\":\"SearchAction\",\"target\":{\"@type\":\"EntryPoint\",\"urlTemplate\":\"https:\\\/\\\/lobosnews.com.ar\\\/?s={search_term_string}\"},\"query-input\":{\"@type\":\"PropertyValueSpecification\",\"valueRequired\":true,\"valueName\":\"search_term_string\"}}],\"inLanguage\":\"es\"},{\"@type\":\"Organization\",\"@id\":\"https:\\\/\\\/lobosnews.com.ar\\\/#organization\",\"name\":\"Lobos News\",\"url\":\"https:\\\/\\\/lobosnews.com.ar\\\/\",\"logo\":{\"@type\":\"ImageObject\",\"inLanguage\":\"es\",\"@id\":\"https:\\\/\\\/lobosnews.com.ar\\\/#\\\/schema\\\/logo\\\/image\\\/\",\"url\":\"https:\\\/\\\/lobosnews.com.ar\\\/wp-content\\\/uploads\\\/2026\\\/01\\\/logo-lobosnews.png\",\"contentUrl\":\"https:\\\/\\\/lobosnews.com.ar\\\/wp-content\\\/uploads\\\/2026\\\/01\\\/logo-lobosnews.png\",\"width\":500,\"height\":200,\"caption\":\"Lobos News\"},\"image\":{\"@id\":\"https:\\\/\\\/lobosnews.com.ar\\\/#\\\/schema\\\/logo\\\/image\\\/\"}},{\"@type\":\"Person\",\"@id\":\"https:\\\/\\\/lobosnews.com.ar\\\/#\\\/schema\\\/person\\\/232422a593d5c541dd9aef6aaed10943\",\"name\":\"admin\",\"image\":{\"@type\":\"ImageObject\",\"inLanguage\":\"es\",\"@id\":\"https:\\\/\\\/secure.gravatar.com\\\/avatar\\\/76e419471a2083bc3ceab22a763dbbf9b0c1bd15a6214cf3280e2c2dde4580f9?s=96&d=mm&r=g\",\"url\":\"https:\\\/\\\/secure.gravatar.com\\\/avatar\\\/76e419471a2083bc3ceab22a763dbbf9b0c1bd15a6214cf3280e2c2dde4580f9?s=96&d=mm&r=g\",\"contentUrl\":\"https:\\\/\\\/secure.gravatar.com\\\/avatar\\\/76e419471a2083bc3ceab22a763dbbf9b0c1bd15a6214cf3280e2c2dde4580f9?s=96&d=mm&r=g\",\"caption\":\"admin\"},\"sameAs\":[\"https:\\\/\\\/lobosnews.com.ar\"],\"url\":\"https:\\\/\\\/lobosnews.com.ar\\\/index.php\\\/author\\\/lobos-news\\\/\"}]}<\/script>\n<!-- \/ Yoast SEO plugin. -->","yoast_head_json":{"title":"Los hijos de Romina Yan la recordaron con fotos \u00edntimas en el d\u00eda de su cumplea\u00f1os - Lobos News","robots":{"index":"index","follow":"follow","max-snippet":"max-snippet:-1","max-image-preview":"max-image-preview:large","max-video-preview":"max-video-preview:-1"},"canonical":"https:\/\/lobosnews.com.ar\/index.php\/2026\/09\/06\/los-hijos-de-romina-yan-la-recordaron-con-fotos-intimas-en-el-dia-de-su-cumpleanos\/","og_locale":"es_ES","og_type":"article","og_title":"Los hijos de Romina Yan la recordaron con fotos \u00edntimas en el d\u00eda de su cumplea\u00f1os - Lobos News","og_description":"A 16 a\u00f1os de su muerte, Romina Yan sigue presente en la memoria de quienes la conocieron y en la de una generaci\u00f3n que la vio crecer en la televisi\u00f3n argentina. La actriz, hija de la productora Cris Morena y del director Gustavo Yankelevich, fue una de las figuras centrales de la pantalla infantil durante...","og_url":"https:\/\/lobosnews.com.ar\/index.php\/2026\/09\/06\/los-hijos-de-romina-yan-la-recordaron-con-fotos-intimas-en-el-dia-de-su-cumpleanos\/","og_site_name":"Lobos News","article_published_time":"2026-09-06T01:23:08+00:00","article_modified_time":"2026-09-06T06:36:54+00:00","og_image":[{"width":507,"height":906,"url":"https:\/\/lobosnews.com.ar\/wp-content\/uploads\/2026\/09\/los-hijos-de-romina-yan-la-recordaron-con-fotos-intimas-en-el-dia-de-su-cumpleanos-2.jpg","type":"image\/jpeg"}],"author":"admin","twitter_card":"summary_large_image","twitter_misc":{"Escrito por":"admin","Tiempo de lectura":"3 minutos"},"schema":{"@context":"https:\/\/schema.org","@graph":[{"@type":"Article","@id":"https:\/\/lobosnews.com.ar\/index.php\/2026\/09\/06\/los-hijos-de-romina-yan-la-recordaron-con-fotos-intimas-en-el-dia-de-su-cumpleanos\/#article","isPartOf":{"@id":"https:\/\/lobosnews.com.ar\/index.php\/2026\/09\/06\/los-hijos-de-romina-yan-la-recordaron-con-fotos-intimas-en-el-dia-de-su-cumpleanos\/"},"author":{"name":"admin","@id":"https:\/\/lobosnews.com.ar\/#\/schema\/person\/232422a593d5c541dd9aef6aaed10943"},"headline":"Los hijos de Romina Yan la recordaron con fotos \u00edntimas en el d\u00eda de su cumplea\u00f1os","datePublished":"2026-09-06T01:23:08+00:00","dateModified":"2026-09-06T06:36:54+00:00","mainEntityOfPage":{"@id":"https:\/\/lobosnews.com.ar\/index.php\/2026\/09\/06\/los-hijos-de-romina-yan-la-recordaron-con-fotos-intimas-en-el-dia-de-su-cumpleanos\/"},"wordCount":696,"commentCount":0,"publisher":{"@id":"https:\/\/lobosnews.com.ar\/#organization"},"image":{"@id":"https:\/\/lobosnews.com.ar\/index.php\/2026\/09\/06\/los-hijos-de-romina-yan-la-recordaron-con-fotos-intimas-en-el-dia-de-su-cumpleanos\/#primaryimage"},"thumbnailUrl":"https:\/\/lobosnews.com.ar\/wp-content\/uploads\/2026\/09\/los-hijos-de-romina-yan-la-recordaron-con-fotos-intimas-en-el-dia-de-su-cumpleanos-2.jpg","articleSection":["Cine y Series"],"inLanguage":"es","potentialAction":[{"@type":"CommentAction","name":"Comment","target":["https:\/\/lobosnews.com.ar\/index.php\/2026\/09\/06\/los-hijos-de-romina-yan-la-recordaron-con-fotos-intimas-en-el-dia-de-su-cumpleanos\/#respond"]}]},{"@type":"WebPage","@id":"https:\/\/lobosnews.com.ar\/index.php\/2026\/09\/06\/los-hijos-de-romina-yan-la-recordaron-con-fotos-intimas-en-el-dia-de-su-cumpleanos\/","url":"https:\/\/lobosnews.com.ar\/index.php\/2026\/09\/06\/los-hijos-de-romina-yan-la-recordaron-con-fotos-intimas-en-el-dia-de-su-cumpleanos\/","name":"Los hijos de Romina Yan la recordaron con fotos \u00edntimas en el d\u00eda de su cumplea\u00f1os - Lobos News","isPartOf":{"@id":"https:\/\/lobosnews.com.ar\/#website"},"primaryImageOfPage":{"@id":"https:\/\/lobosnews.com.ar\/index.php\/2026\/09\/06\/los-hijos-de-romina-yan-la-recordaron-con-fotos-intimas-en-el-dia-de-su-cumpleanos\/#primaryimage"},"image":{"@id":"https:\/\/lobosnews.com.ar\/index.php\/2026\/09\/06\/los-hijos-de-romina-yan-la-recordaron-con-fotos-intimas-en-el-dia-de-su-cumpleanos\/#primaryimage"},"thumbnailUrl":"https:\/\/lobosnews.com.ar\/wp-content\/uploads\/2026\/09\/los-hijos-de-romina-yan-la-recordaron-con-fotos-intimas-en-el-dia-de-su-cumpleanos-2.jpg","datePublished":"2026-09-06T01:23:08+00:00","dateModified":"2026-09-06T06:36:54+00:00","breadcrumb":{"@id":"https:\/\/lobosnews.com.ar\/index.php\/2026\/09\/06\/los-hijos-de-romina-yan-la-recordaron-con-fotos-intimas-en-el-dia-de-su-cumpleanos\/#breadcrumb"},"inLanguage":"es","potentialAction":[{"@type":"ReadAction","target":["https:\/\/lobosnews.com.ar\/index.php\/2026\/09\/06\/los-hijos-de-romina-yan-la-recordaron-con-fotos-intimas-en-el-dia-de-su-cumpleanos\/"]}]},{"@type":"ImageObject","inLanguage":"es","@id":"https:\/\/lobosnews.com.ar\/index.php\/2026\/09\/06\/los-hijos-de-romina-yan-la-recordaron-con-fotos-intimas-en-el-dia-de-su-cumpleanos\/#primaryimage","url":"https:\/\/lobosnews.com.ar\/wp-content\/uploads\/2026\/09\/los-hijos-de-romina-yan-la-recordaron-con-fotos-intimas-en-el-dia-de-su-cumpleanos-2.jpg","contentUrl":"https:\/\/lobosnews.com.ar\/wp-content\/uploads\/2026\/09\/los-hijos-de-romina-yan-la-recordaron-con-fotos-intimas-en-el-dia-de-su-cumpleanos-2.jpg","width":507,"height":906,"caption":"Los hijos de Romina Yan la recordaron con fotos \u00edntimas en el d\u00eda de su cumplea\u00f1os"},{"@type":"BreadcrumbList","@id":"https:\/\/lobosnews.com.ar\/index.php\/2026\/09\/06\/los-hijos-de-romina-yan-la-recordaron-con-fotos-intimas-en-el-dia-de-su-cumpleanos\/#breadcrumb","itemListElement":[{"@type":"ListItem","position":1,"name":"Portada","item":"https:\/\/lobosnews.com.ar\/"},{"@type":"ListItem","position":2,"name":"Los hijos de Romina Yan la recordaron con fotos \u00edntimas en el d\u00eda de su cumplea\u00f1os"}]},{"@type":"WebSite","@id":"https:\/\/lobosnews.com.ar\/#website","url":"https:\/\/lobosnews.com.ar\/","name":"Lobos News","description":"Informaci\u00f3n a cada instante","publisher":{"@id":"https:\/\/lobosnews.com.ar\/#organization"},"potentialAction":[{"@type":"SearchAction","target":{"@type":"EntryPoint","urlTemplate":"https:\/\/lobosnews.com.ar\/?s={search_term_string}"},"query-input":{"@type":"PropertyValueSpecification","valueRequired":true,"valueName":"search_term_string"}}],"inLanguage":"es"},{"@type":"Organization","@id":"https:\/\/lobosnews.com.ar\/#organization","name":"Lobos News","url":"https:\/\/lobosnews.com.ar\/","logo":{"@type":"ImageObject","inLanguage":"es","@id":"https:\/\/lobosnews.com.ar\/#\/schema\/logo\/image\/","url":"https:\/\/lobosnews.com.ar\/wp-content\/uploads\/2026\/01\/logo-lobosnews.png","contentUrl":"https:\/\/lobosnews.com.ar\/wp-content\/uploads\/2026\/01\/logo-lobosnews.png","width":500,"height":200,"caption":"Lobos News"},"image":{"@id":"https:\/\/lobosnews.com.ar\/#\/schema\/logo\/image\/"}},{"@type":"Person","@id":"https:\/\/lobosnews.com.ar\/#\/schema\/person\/232422a593d5c541dd9aef6aaed10943","name":"admin","image":{"@type":"ImageObject","inLanguage":"es","@id":"https:\/\/secure.gravatar.com\/avatar\/76e419471a2083bc3ceab22a763dbbf9b0c1bd15a6214cf3280e2c2dde4580f9?s=96&d=mm&r=g","url":"https:\/\/secure.gravatar.com\/avatar\/76e419471a2083bc3ceab22a763dbbf9b0c1bd15a6214cf3280e2c2dde4580f9?s=96&d=mm&r=g","contentUrl":"https:\/\/secure.gravatar.com\/avatar\/76e419471a2083bc3ceab22a763dbbf9b0c1bd15a6214cf3280e2c2dde4580f9?s=96&d=mm&r=g","caption":"admin"},"sameAs":["https:\/\/lobosnews.com.ar"],"url":"https:\/\/lobosnews.com.ar\/index.php\/author\/lobos-news\/"}]}},"jetpack_featured_media_url":"https:\/\/lobosnews.com.ar\/wp-content\/uploads\/2026\/09\/los-hijos-de-romina-yan-la-recordaron-con-fotos-intimas-en-el-dia-de-su-cumpleanos-2.jpg","jetpack_sharing_enabled":true,"_links":{"self":[{"href":"https:\/\/lobosnews.com.ar\/index.php\/wp-json\/wp\/v2\/posts\/98014","targetHints":{"allow":["GET"]}}],"collection":[{"href":"https:\/\/lobosnews.com.ar\/index.php\/wp-json\/wp\/v2\/posts"}],"about":[{"href":"https:\/\/lobosnews.com.ar\/index.php\/wp-json\/wp\/v2\/types\/post"}],"author":[{"embeddable":true,"href":"https:\/\/lobosnews.com.ar\/index.php\/wp-json\/wp\/v2\/users\/1"}],"replies":[{"embeddable":true,"href":"https:\/\/lobosnews.com.ar\/index.php\/wp-json\/wp\/v2\/comments?post=98014"}],"version-history":[{"count":1,"href":"https:\/\/lobosnews.com.ar\/index.php\/wp-json\/wp\/v2\/posts\/98014\/revisions"}],"predecessor-version":[{"id":98017,"href":"https:\/\/lobosnews.com.ar\/index.php\/wp-json\/wp\/v2\/posts\/98014\/revisions\/98017"}],"wp:featuredmedia":[{"embeddable":true,"href":"https:\/\/lobosnews.com.ar\/index.php\/wp-json\/wp\/v2\/media\/98018"}],"wp:attachment":[{"href":"https:\/\/lobosnews.com.ar\/index.php\/wp-json\/wp\/v2\/media?parent=98014"}],"wp:term":[{"taxonomy":"category","embeddable":true,"href":"https:\/\/lobosnews.com.ar\/index.php\/wp-json\/wp\/v2\/categories?post=98014"},{"taxonomy":"post_tag","embeddable":true,"href":"https:\/\/lobosnews.com.ar\/index.php\/wp-json\/wp\/v2\/tags?post=98014"}],"curies":[{"name":"wp","href":"https:\/\/api.w.org\/{rel}","templated":true}]}}