{"id":98007,"date":"2026-09-06T03:17:41","date_gmt":"2026-09-06T03:17:41","guid":{"rendered":"https:\/\/lobosnews.com.ar\/?p=98007"},"modified":"2026-09-06T06:36:52","modified_gmt":"2026-09-06T06:36:52","slug":"round-a-round-el-tenso-cruce-de-elba-marcovecchio-y-ana-rosenfeld-en-la-mesa-de-juana-viale","status":"publish","type":"post","link":"https:\/\/lobosnews.com.ar\/index.php\/2026\/09\/06\/round-a-round-el-tenso-cruce-de-elba-marcovecchio-y-ana-rosenfeld-en-la-mesa-de-juana-viale\/","title":{"rendered":"Round a round: el tenso cruce de Elba Marcovecchio y Ana Rosenfeld en la mesa de Juana Viale"},"content":{"rendered":"<p><b>Elba Marcovecchio<\/b> y <b>Ana Rosenfeld<\/b> protagonizan un <b>tenso cruce en la mesa de <\/b><i><b>La Noche de Mirtha<\/b><\/i>, conducida este s\u00e1bado por <b>Juana Viale<\/b> ante la ausencia de <b>Mirtha Legrand<\/b>, quien se ausent\u00f3 por un cuadro gripal. Las dos abogadas \u2014representantes legales de <b>Mauro Icardi<\/b> y <b>Wanda Nara<\/b>, respectivamente\u2014 se enfrentan en vivo con acusaciones cruzadas sobre la conducci\u00f3n de las causas judiciales, la reserva del expediente y los v\u00ednculos personales que Rosenfeld mantuvo con el matrimonio antes de la separaci\u00f3n. Tambi\u00e9n participaron de la mesa las periodistas <b>Karina Iavicoli<\/b> y <b>Luciana Rubinska<\/b>.<\/p>\n<h2>Marcovecchio acus\u00f3 a Wanda Nara de haber violado la reserva del expediente<\/h2>\n<p>La letrada de Icardi abri\u00f3 el debate con una acusaci\u00f3n directa contra su contraria en el proceso: sostuvo que fue la propia <b>Nara<\/b> quien rompi\u00f3 primero la confidencialidad del expediente al dar declaraciones en una nota junto a <b>Susana Gim\u00e9nez<\/b>. \u201cEste expediente empez\u00f3 con una solicitud de que fuera reservada y la primera que viola la reserva del expediente en una nota con la se\u00f1ora Susana Gim\u00e9nez fue la se\u00f1ora Wanda\u201d, afirm\u00f3 <b>Marcovecchio<\/b>. La abogada subray\u00f3 que ese episodio marc\u00f3 \u201cla historicidad\u201d del caso y la \u201cconducta\u201d que, a su juicio, deriv\u00f3 en sanciones contra <b>Nara<\/b> \u2014tambi\u00e9n por otros incumplimientos\u2014, aunque no precis\u00f3 en qu\u00e9 consistieron esas sanciones.<\/p>\n<p><b>Rosenfeld<\/b> contrarrest\u00f3 con una pregunta inc\u00f3moda para la defensa de Icardi: le record\u00f3 que el futbolista termin\u00f3 pagando la cuota alimentaria que, seg\u00fan ella, sus abogados hab\u00edan sostenido que no deb\u00eda. \u201c\u00bfY lo de Mauro Icardi, que ustedes se la pasaron diciendo que no deb\u00eda cuota alimentaria y terminaron pagando?\u201d, lanz\u00f3 la letrada de <b>Nara<\/b>. Marcovecchio no respondi\u00f3 sobre el fondo de la cuesti\u00f3n y le recrimin\u00f3 a su colega que adoptara \u201cun rol de agresi\u00f3n\u201d en lugar de centrarse en los expedientes. <b>Rosenfeld<\/b> rechaz\u00f3 esa lectura.<\/p>\n<p><img loading=\"lazy\" decoding=\"async\" src=\"https:\/\/lobosnews.com.ar\/wp-content\/uploads\/2026\/09\/round-a-round-el-tenso-cruce-de-elba-marcovecchio-y-ana-rosenfeld-en-la-mesa-de-juana-viale.jpg\" alt=\"Juana Viale con Luciana Rubinska, Ana Rosenfeld, Elba Marcovecchio y Karina Iav\u00edcoli: una mesa caliente\" height=\"1066\" width=\"1600\"\/><\/p>\n<h2>Rosenfeld revel\u00f3 que conoci\u00f3 a Icardi como amiga del matrimonio antes de convertirse en abogada de Wanda<\/h2>\n<p>El intercambio deriv\u00f3 hacia los antecedentes de la relaci\u00f3n entre <b>Rosenfeld<\/b> y la ex pareja. <b>Marcovecchio<\/b> se\u00f1al\u00f3 que su colega hab\u00eda sido \u201cabogada de los dos\u201d \u2014de Mauro y de Wanda\u2014 y que ella misma hab\u00eda admitido p\u00fablicamente ser amiga del matrimonio. Tambi\u00e9n le atribuy\u00f3 haber intervenido en una causa vinculada a <b>Maxi L\u00f3pez<\/b>, el exmarido de <b>Nara<\/b>. <b>Rosenfeld<\/b> neg\u00f3 haber actuado como abogada de Icardi y aclar\u00f3 que la amistad no equivale a representaci\u00f3n legal. \u201cHemos viajado juntos, hemos paseado\u201d, reconoci\u00f3, pero insisti\u00f3 en que supo \u201cseparar\u201d ese v\u00ednculo cuando decidi\u00f3 asumir la representaci\u00f3n de <b>Nara<\/b>, hace tres a\u00f1os.<\/p>\n<p><b>Marcovecchio<\/b> fue m\u00e1s lejos y le record\u00f3 a <b>Rosenfeld<\/b> que el propio <b>Icardi<\/b> la consideraba \u201ccomo una madre\u201d durante el tiempo que dur\u00f3 esa relaci\u00f3n, y que al asumir la defensa de <b>Nara<\/b> la abogada lo \u201cfue atacando\u201d conociendo su car\u00e1cter. \u201cEso es dif\u00edcil, yo entiendo que es dif\u00edcil\u201d, dijo la representante legal del futbolista. <b>Rosenfeld<\/b> calific\u00f3 eso de \u201cuna percepci\u00f3n\u201d suya. <b>Marcovecchio<\/b> replic\u00f3 que no era una percepci\u00f3n sino una afirmaci\u00f3n que la propia <b>Rosenfeld<\/b> hab\u00eda hecho en una declaraci\u00f3n testimonial ante el doctor <b>Bayarrola<\/b> en la causa penal. <b>Rosenfeld<\/b> acept\u00f3 parcialmente: admiti\u00f3 haber dicho que \u201ct\u00e9cnicamente conoc\u00eda a un Mauro y despu\u00e9s me encontr\u00e9 con otro\u201d, pero neg\u00f3 haber utilizado la comparaci\u00f3n materna.<\/p>\n<h2>Iavicoli acus\u00f3 a ambas letradas de ser m\u00e1s protagonistas que sus propios clientes<\/h2>\n<p>En el pico de la discusi\u00f3n, <b>Karina Iavicoli<\/b> intervino para poner pa\u00f1os fr\u00edos \u2014y una cuota de iron\u00eda\u2014 sobre la pelea entre colegas. \u201cLas dos son excelentes abogadas, pero esta novela\u2026 creo que en un punto les divierte a ustedes\u201d, se\u00f1al\u00f3 la periodista, quien observ\u00f3 que hace dos a\u00f1os son las letradas, y no <b>Icardi<\/b> y <b>Nara<\/b>, quienes concentran la atenci\u00f3n p\u00fablica. <b>Rosenfeld<\/b> rechaz\u00f3 que la situaci\u00f3n le resultara divertida, pero <b>Iavicoli<\/b> no le crey\u00f3: \u201cAy, no me digan eso, porque a las dos les encanta dar m\u00f3viles, hablar. Si no, se guardar\u00edan, como hacen otros abogados que no son medi\u00e1ticos.\u201d<\/p>\n<h2>Juana Viale pregunt\u00f3 por qu\u00e9 se usan a los hijos como herramienta de negociaci\u00f3n<\/h2>\n<p>La conductora tom\u00f3 la palabra para instalar una pregunta que sobrevolaba el debate desde el principio: por qu\u00e9 los hijos de <b>Icardi<\/b> y <b>Nara<\/b> terminan funcionando como herramienta de negociaci\u00f3n en el conflicto judicial. <b>Rosenfeld<\/b> sali\u00f3 al cruce de esa caracterizaci\u00f3n y la calific\u00f3 de \u201cuna gran confusi\u00f3n que se instal\u00f3 en los medios\u201d. Antes de que pudiera desarrollar su argumento, <b>Marcovecchio<\/b> la interrumpi\u00f3 para enumerar las multas que, seg\u00fan ella, la justicia aplic\u00f3 a <b>Nara<\/b> por retener a las hijas y no entregarlas: el 13 de diciembre, el 27 de diciembre y el episodio del Chateau \u2014conocido como \u201cel esc\u00e1ndalo del ascensor\u201d, ocurrido el 14 de marzo\u2014, todos bajo la gesti\u00f3n de <b>Rosenfeld<\/b>. \u201cNo es una confusi\u00f3n\u201d, remarc\u00f3 la letrada de Icardi.<\/p>\n<p><b>Rosenfeld<\/b> neg\u00f3 haber intervenido en el incidente del ascensor en car\u00e1cter de abogada. \u201cMe llamaron ustedes\u201d, aclar\u00f3. <b>Marcovecchio<\/b> insisti\u00f3 en que <b>Rosenfeld<\/b> hab\u00eda hablado por tel\u00e9fono con ella durante ese episodio y que en el canal LAM se hab\u00eda presentado como abogada. La discusi\u00f3n amenaz\u00f3 con enquistarse en un conteo cruzado de infracciones hasta que <b>Rosenfeld<\/b> pidi\u00f3 \u201ccorrer un poco la situaci\u00f3n\u201d y advirti\u00f3 que el intercambio \u201cparece un Boca-River\u201d. <b>Iavicoli<\/b> festej\u00f3 la comparaci\u00f3n: \u201cLo es\u201d.<\/p>\n<p><img loading=\"lazy\" decoding=\"async\" src=\"https:\/\/lobosnews.com.ar\/wp-content\/uploads\/2026\/09\/round-a-round-el-tenso-cruce-de-elba-marcovecchio-y-ana-rosenfeld-en-la-mesa-de-juana-viale-1.jpg\" alt=\"Los invitados con Juana Viale: Ana Rosenfeld, Luciana Rubinska, Karina Iav\u00edcoli y Elba Marcovecchio\" height=\"1066\" width=\"1600\"\/><\/p>\n<h2>El robo de los pasaportes en Italia, el punto de quiebre seg\u00fan Rosenfeld<\/h2>\n<p><b>Rosenfeld<\/b> ubic\u00f3 el inicio del per\u00edodo m\u00e1s cr\u00edtico del conflicto en el robo de los pasaportes de las hijas del matrimonio en <b>Italia<\/b>. A partir de ese momento, sostuvo, las ni\u00f1as \u201cempezaron a vivir una situaci\u00f3n muy particular\u201d que r\u00e1pidamente pas\u00f3 a tener estado p\u00fablico. La periodista <b>Luciana Rubinska<\/b> pregunt\u00f3 si era cierto que <b>Icardi<\/b> no hab\u00eda permitido que los hijos viajaran con <b>Nara<\/b> tras ese episodio.<\/p>\n<p><b>Marcovecchio<\/b> defendi\u00f3 la postura de su cliente: afirm\u00f3 que <b>Icardi<\/b> autoriz\u00f3 el viaje a <b>Italia<\/b> y explic\u00f3 que, al producirse el robo de los documentos, la jurisdicci\u00f3n competente para tramitar los nuevos pasaportes era la italiana \u2014donde tambi\u00e9n tramita el divorcio\u2014, no la argentina. Agreg\u00f3 que la resoluci\u00f3n judicial se dict\u00f3 en <b>Italia<\/b> y que la restituci\u00f3n internacional involucra tres jurisdicciones: <b>Italia<\/b>, <b>Argentina<\/b> y <b>Turqu\u00eda<\/b>. \u201c\u00bfPor qu\u00e9 todos estos casos son internacionales?\u201d, pregunt\u00f3 ret\u00f3ricamente.<\/p>\n<p><b>Rosenfeld<\/b> contradijo esa versi\u00f3n: sostuvo que <b>Icardi<\/b> \u201cno solo no prest\u00f3 colaboraci\u00f3n\u201d tras el robo sino que \u201cse opuso expresamente a que estas ni\u00f1as volvieran a la Argentina\u201d y que impuls\u00f3 un tr\u00e1mite de restituci\u00f3n internacional. <b>Marcovecchio<\/b> rechaz\u00f3 ese relato y argument\u00f3 que, si <b>Nara<\/b> hubiera actuado judicialmente \u201cde manera oportuna\u201d, los pasaportes se habr\u00edan obtenido antes. Sum\u00f3 adem\u00e1s que <b>Nara<\/b> y las ni\u00f1as hicieron una escala no avisada en <b>Par\u00eds<\/b> durante el viaje autorizado, lo que calific\u00f3 como \u201cun ejemplo muy malo para los padres que tienen chicos judicializados\u201d. <b>Rosenfeld<\/b> le pidi\u00f3 que no mezclara episodios y afirm\u00f3 que \u201cla respuesta es otra\u201d.<\/p>\n<p><b>Juana Viale<\/b> pregunt\u00f3 por qu\u00e9 el divorcio no tramita \u00edntegramente ante la justicia argentina si la pareja se cas\u00f3 en ese pa\u00eds. <b>Rosenfeld<\/b> y <b>Marcovecchio<\/b> coincidieron, por una vez, en la respuesta: <b>\u201cLas nenas son italianas\u201d<\/b>, y es esa nacionalidad la que determina parte de la competencia judicial. Sobre el final del intercambio, <b>Rosenfeld<\/b> cerr\u00f3 con iron\u00eda: <b>\u201cYo ya me salgo a esta altura, cambi\u00e9 de canal.\u201d<\/b><\/p>\n<h2>Rosenfeld acus\u00f3 a Icardi de ejercer \u201cviolencia vicaria\u201d y Marcovecchio invirti\u00f3 el argumento<\/h2>\n<p>El debate escal\u00f3 cuando <b>Rosenfeld<\/b> introdujo el concepto de <b>violencia vicaria<\/b> para describir la conducta de <b>Icardi<\/b> hacia las ni\u00f1as. \u201cEl inter\u00e9s es lo que se llama violencia vicaria y el padre est\u00e1 ejerciendo sobre estas criaturas una violencia extrema\u201d, afirm\u00f3 la letrada de <b>Nara<\/b>. <b>Marcovecchio<\/b> la fren\u00f3 de inmediato: \u201cNo te lo puedo permitir que digas que el padre est\u00e1 ejerciendo violencia vicaria cuando es la madre la que retiene sistem\u00e1ticamente a las nenas.\u201d<\/p>\n<p><b>Rosenfeld<\/b> respondi\u00f3 con un listado de fechas concretas: \u201cDel 13 al 17 de diciembre tuvo retenci\u00f3n de las nenas. Tuvo retenci\u00f3n en enero del 2025. Tuvo retenci\u00f3n en el santuario hasta el 27 de junio. Sigue con la retenci\u00f3n de la nena. Y cada vez que Mauro quiere estar con las nenas le tiene que poner una lista de condiciones que ni ella cumple.\u201d <b>Marcovecchio<\/b> tom\u00f3 esa \u00faltima frase y la devolvi\u00f3: \u201cLista de condiciones que ni la se\u00f1ora cumple.\u201d<\/p>\n<p><img loading=\"lazy\" decoding=\"async\" src=\"https:\/\/lobosnews.com.ar\/wp-content\/uploads\/2026\/09\/round-a-round-el-tenso-cruce-de-elba-marcovecchio-y-ana-rosenfeld-en-la-mesa-de-juana-viale-2.jpg\" alt=\"Ana Rosenfeld en la mesa de La Noche de Mirtha\" height=\"1599\" width=\"1066\"\/><\/p>\n<h2>Las abogadas se cruzaron por qui\u00e9n filtr\u00f3 a la prensa la resoluci\u00f3n judicial del d\u00eda anterior<\/h2>\n<p><b>Rosenfeld<\/b> anticip\u00f3 que iba a revelar lo que el juez hab\u00eda resuelto el viernes \u2014el d\u00eda anterior a la emisi\u00f3n\u2014 y argument\u00f3 que pod\u00eda hacerlo porque \u201cla otra parte ya lo hizo saber\u201d. <b>Marcovecchio<\/b> lo neg\u00f3: \u201c\u00bfPor qu\u00e9 dec\u00eds que la otra parte lo hizo saber? Nosotros tampoco fuimos.\u201d <b>Rosenfeld<\/b> respondi\u00f3 con iron\u00eda: \u201cAh, \u00bfno?\u201d Las dos letradas sostuvieron que la filtraci\u00f3n hab\u00eda partido del bando contrario. \u201cNo me vas a decir que la justicia filtra, porque entonces&#8230;\u201d, retruc\u00f3 <b>Rosenfeld<\/b>. <b>Marcovecchio<\/b> cerr\u00f3: \u201cYo jam\u00e1s dir\u00eda que la justicia filtra. El tema es que no creo que ustedes no hayan sido.\u201d <b>Rosenfeld<\/b> fue tajante: <b>\u201cSe va a saber todo, porque a m\u00ed tambi\u00e9n me avisan.\u201d<\/b><\/p>\n<h2>La cuota alimentaria: un s\u00ed y un no que se repitieron sin acuerdo posible<\/h2>\n<p>El cruce deriv\u00f3 nuevamente hacia la cuota alimentaria. \u201c\u00bfPaga la cuota\u201d, le pregunt\u00f3 <b>Marcovecchio<\/b>. \u201cNo\u201d, respondi\u00f3 <b>Rosenfeld<\/b>. \u201cS\u00ed la paga\u201d, replic\u00f3 <b>Marcovecchio<\/b>. \u201cNo la paga\u201d, insisti\u00f3 <b>Rosenfeld<\/b>. \u201cS\u00ed la paga\u201d, volvi\u00f3 <b>Marcovecchio<\/b>. El ida y vuelta se repiti\u00f3 con id\u00e9ntica cadencia hasta que <b>Rosenfeld<\/b> calific\u00f3 el momento como \u201cun partido de tenis\u201d y sum\u00f3 otro cargo: <b>\u201cEl Osde, por ejemplo, tiene la obligaci\u00f3n de pagar la medicina prepaga y no la paga. \u00bfPaga Osde? No paga Osde. Contestame, ahora est\u00e1s cruzando los cubiertos.\u201d<\/b> <b>Marcovecchio<\/b> no respondi\u00f3 sobre ese punto.<\/p>\n<p><b>Marcovecchio<\/b> le record\u00f3 a <b>Rosenfeld<\/b> que hab\u00eda dicho en LAM que <b>Icardi<\/b> no hab\u00eda pagado la cuota, cuando en el expediente constaba que s\u00ed estaba paga. <b>Rosenfeld<\/b> aclar\u00f3: \u201cLo que dije es que no se le acredit\u00f3 en la cuenta porque se recepcion\u00f3\u201d, sin reconocer error en su declaraci\u00f3n anterior. <b>Marcovecchio<\/b> redobl\u00f3: \u201cSi cada una de las cosas vas a seguir con los pitch&#8230;\u201d<\/p>\n<p><b>Iavicoli<\/b>, que ya no disimulaba el hartazgo, intervino para poner l\u00edmite: \u201cEstoy harta de escuchar hablar de Wanda y de Mauro. Harta, m\u00e1s all\u00e1 del contenido que dan.\u201d <b>Rubinska<\/b> sum\u00f3 que estas disputas \u201catraviesan a un mont\u00f3n de familias separadas\u201d y que, desde afuera, la conclusi\u00f3n es que \u201clas dos partes tienen que ceder\u201d. <b>Iavicoli<\/b> fue m\u00e1s directa: <b>\u201cAc\u00e1 no piensa nadie en los chicos. No se nota, perdoname, no se nota.\u201d<\/b> <b>Juana Viale<\/b>, como madre separada, cerr\u00f3 con su propia lectura: \u201cLo \u00fanico que boga uno es por la sanidad emocional de esos hijos.\u201d<\/p>\n<p><img loading=\"lazy\" decoding=\"async\" src=\"https:\/\/lobosnews.com.ar\/wp-content\/uploads\/2026\/09\/round-a-round-el-tenso-cruce-de-elba-marcovecchio-y-ana-rosenfeld-en-la-mesa-de-juana-viale-3.jpg\" alt=\"Elba Marcovecchio en la mesa de Juana Viale\" height=\"1599\" width=\"1066\"\/><\/p>\n<h2>Marcovecchio revel\u00f3 que una apelaci\u00f3n de Rosenfeld fren\u00f3 la carrera de Icardi y abri\u00f3 la puerta a un juicio contra Nara<\/h2>\n<p><b>Rubinska<\/b> pregunt\u00f3 si <b>Icardi<\/b> tiene ofertas para continuar su carrera futbol\u00edstica. <b>Marcovecchio<\/b> confirm\u00f3 que s\u00ed, pero vincul\u00f3 esa situaci\u00f3n a una maniobra judicial de la parte contraria. Explic\u00f3 que el 5 de agosto se decret\u00f3 el levantamiento de la prohibici\u00f3n de salida del pa\u00eds que pesaba sobre el futbolista, pero que <b>Rosenfeld<\/b>, en representaci\u00f3n de <b>Nara<\/b>, apel\u00f3 esa medida. \u201cLa c\u00e1mara \u2014dijo\u2014 no ten\u00eda ning\u00fan tipo de fundamento\u201d para sostener la apelaci\u00f3n y la desestim\u00f3, pero el tiempo insumido hizo que <b>Icardi<\/b> pasara \u201cde estar totalmente disponible a no ser el mayor de los considerados para un equipo de f\u00fatbol que necesita un jugador\u201d. <b>\u201cHay un da\u00f1o\u201d<\/b>, afirm\u00f3 <b>Marcovecchio<\/b>. <b>Iavicoli<\/b> lo tradujo de inmediato: \u201cLe va a hacer juicio a Wanda por el da\u00f1o.\u201d<\/p>\n<p><b>Rosenfeld<\/b> explic\u00f3 por qu\u00e9 <b>Nara<\/b> se opuso al viaje de las ni\u00f1as a <b>Miami<\/b> con <b>Icardi<\/b> durante las vacaciones de invierno: \u201cEl juez dijo que s\u00ed, puede viajar, pero el pasaporte tiene que estar en poder de Wanda. Por lo tanto, tiene que viajar Wanda.\u201d Seg\u00fan la letrada, el antecedente del robo de los pasaportes en <b>Italia<\/b> justificaba esa precauci\u00f3n, porque con los documentos en mano el padre pod\u00eda trasladar a las ni\u00f1as a cualquier destino. <b>Marcovecchio<\/b> rechaz\u00f3 esa lectura: \u201c\u00bfViene a pensar que el pap\u00e1 va a secuestrar a las ni\u00f1as?\u201d Y contraargument\u00f3 que <b>Icardi<\/b> hab\u00eda consentido todos los viajes de las nenas con su madre, incluido uno a <b>Uruguay<\/b> en enero. \u201cNosotros hemos consentido todos los viajes\u201d, subray\u00f3.<\/p>\n","protected":false},"excerpt":{"rendered":"<p>Elba Marcovecchio y Ana Rosenfeld protagonizan un tenso cruce en la mesa de La Noche de Mirtha, conducida este s\u00e1bado por Juana Viale ante la ausencia de Mirtha Legrand, quien se ausent\u00f3 por un cuadro gripal. Las dos abogadas \u2014representantes legales de Mauro Icardi y Wanda Nara, respectivamente\u2014 se enfrentan en vivo con acusaciones cruzadas&#8230;<\/p>\n","protected":false},"author":1,"featured_media":98013,"comment_status":"open","ping_status":"closed","sticky":false,"template":"","format":"standard","meta":{"_jetpack_newsletter_access":"","_jetpack_dont_email_post_to_subs":false,"_jetpack_newsletter_tier_id":0,"_jetpack_memberships_contains_paywalled_content":false,"_jetpack_memberships_contains_paid_content":false,"footnotes":"","jetpack_post_was_ever_published":false},"categories":[79],"tags":[],"class_list":["post-98007","post","type-post","status-publish","format-standard","has-post-thumbnail","hentry","category-cine-y-series"],"magazineBlocksPostFeaturedMedia":{"thumbnail":"https:\/\/lobosnews.com.ar\/wp-content\/uploads\/2026\/09\/round-a-round-el-tenso-cruce-de-elba-marcovecchio-y-ana-rosenfeld-en-la-mesa-de-juana-viale-6-150x150.jpg","medium":"https:\/\/lobosnews.com.ar\/wp-content\/uploads\/2026\/09\/round-a-round-el-tenso-cruce-de-elba-marcovecchio-y-ana-rosenfeld-en-la-mesa-de-juana-viale-6-200x300.jpg","medium_large":"https:\/\/lobosnews.com.ar\/wp-content\/uploads\/2026\/09\/round-a-round-el-tenso-cruce-de-elba-marcovecchio-y-ana-rosenfeld-en-la-mesa-de-juana-viale-6-768x1152.jpg","large":"https:\/\/lobosnews.com.ar\/wp-content\/uploads\/2026\/09\/round-a-round-el-tenso-cruce-de-elba-marcovecchio-y-ana-rosenfeld-en-la-mesa-de-juana-viale-6-683x1024.jpg","1536x1536":"https:\/\/lobosnews.com.ar\/wp-content\/uploads\/2026\/09\/round-a-round-el-tenso-cruce-de-elba-marcovecchio-y-ana-rosenfeld-en-la-mesa-de-juana-viale-6-1024x1536.jpg","2048x2048":"https:\/\/lobosnews.com.ar\/wp-content\/uploads\/2026\/09\/round-a-round-el-tenso-cruce-de-elba-marcovecchio-y-ana-rosenfeld-en-la-mesa-de-juana-viale-6.jpg","newsmatic-featured":"https:\/\/lobosnews.com.ar\/wp-content\/uploads\/2026\/09\/round-a-round-el-tenso-cruce-de-elba-marcovecchio-y-ana-rosenfeld-en-la-mesa-de-juana-viale-6-820x545.jpg","newsmatic-list":"https:\/\/lobosnews.com.ar\/wp-content\/uploads\/2026\/09\/round-a-round-el-tenso-cruce-de-elba-marcovecchio-y-ana-rosenfeld-en-la-mesa-de-juana-viale-6-600x400.jpg","newsmatic-thumb":"https:\/\/lobosnews.com.ar\/wp-content\/uploads\/2026\/09\/round-a-round-el-tenso-cruce-de-elba-marcovecchio-y-ana-rosenfeld-en-la-mesa-de-juana-viale-6-300x200.jpg","newsmatic-small":"https:\/\/lobosnews.com.ar\/wp-content\/uploads\/2026\/09\/round-a-round-el-tenso-cruce-de-elba-marcovecchio-y-ana-rosenfeld-en-la-mesa-de-juana-viale-6-150x95.jpg","newsmatic-grid":"https:\/\/lobosnews.com.ar\/wp-content\/uploads\/2026\/09\/round-a-round-el-tenso-cruce-de-elba-marcovecchio-y-ana-rosenfeld-en-la-mesa-de-juana-viale-6-400x250.jpg"},"magazineBlocksPostAuthor":{"name":"admin","avatar":"https:\/\/secure.gravatar.com\/avatar\/76e419471a2083bc3ceab22a763dbbf9b0c1bd15a6214cf3280e2c2dde4580f9?s=96&d=mm&r=g"},"magazineBlocksPostCommentsNumber":"0","magazineBlocksPostExcerpt":"Elba Marcovecchio y Ana Rosenfeld protagonizan un tenso cruce en la mesa de La Noche de Mirtha, conducida este s\u00e1bado por Juana Viale ante la ausencia de Mirtha Legrand, quien se ausent\u00f3 por un cuadro gripal. Las dos abogadas \u2014representantes legales de Mauro Icardi y Wanda Nara, respectivamente\u2014 se enfrentan en vivo con acusaciones cruzadas...","magazineBlocksPostCategories":["Cine y Series"],"magazineBlocksPostViewCount":52,"magazineBlocksPostReadTime":11,"magazine_blocks_featured_image_url":{"full":["https:\/\/lobosnews.com.ar\/wp-content\/uploads\/2026\/09\/round-a-round-el-tenso-cruce-de-elba-marcovecchio-y-ana-rosenfeld-en-la-mesa-de-juana-viale-6.jpg",1066,1599,false],"medium":["https:\/\/lobosnews.com.ar\/wp-content\/uploads\/2026\/09\/round-a-round-el-tenso-cruce-de-elba-marcovecchio-y-ana-rosenfeld-en-la-mesa-de-juana-viale-6-200x300.jpg",200,300,true],"thumbnail":["https:\/\/lobosnews.com.ar\/wp-content\/uploads\/2026\/09\/round-a-round-el-tenso-cruce-de-elba-marcovecchio-y-ana-rosenfeld-en-la-mesa-de-juana-viale-6-150x150.jpg",150,150,true]},"magazine_blocks_author":{"display_name":"admin","author_link":"https:\/\/lobosnews.com.ar\/index.php\/author\/lobos-news\/"},"magazine_blocks_comment":0,"magazine_blocks_author_image":"https:\/\/secure.gravatar.com\/avatar\/76e419471a2083bc3ceab22a763dbbf9b0c1bd15a6214cf3280e2c2dde4580f9?s=96&d=mm&r=g","magazine_blocks_category":"<a href=\"#\" class=\"category-link category-link-79\">Cine y Series<\/a>","yoast_head":"<!-- This site is optimized with the Yoast SEO plugin v28.0 - https:\/\/yoast.com\/product\/yoast-seo-wordpress\/ -->\n<title>Round a round: el tenso cruce de Elba Marcovecchio y Ana Rosenfeld en la mesa de Juana Viale - Lobos News<\/title>\n<meta name=\"robots\" content=\"index, follow, max-snippet:-1, max-image-preview:large, max-video-preview:-1\" \/>\n<link rel=\"canonical\" href=\"https:\/\/lobosnews.com.ar\/index.php\/2026\/09\/06\/round-a-round-el-tenso-cruce-de-elba-marcovecchio-y-ana-rosenfeld-en-la-mesa-de-juana-viale\/\" \/>\n<meta property=\"og:locale\" content=\"es_ES\" \/>\n<meta property=\"og:type\" content=\"article\" \/>\n<meta property=\"og:title\" content=\"Round a round: el tenso cruce de Elba Marcovecchio y Ana Rosenfeld en la mesa de Juana Viale - Lobos News\" \/>\n<meta property=\"og:description\" content=\"Elba Marcovecchio y Ana Rosenfeld protagonizan un tenso cruce en la mesa de La Noche de Mirtha, conducida este s\u00e1bado por Juana Viale ante la ausencia de Mirtha Legrand, quien se ausent\u00f3 por un cuadro gripal. Las dos abogadas \u2014representantes legales de Mauro Icardi y Wanda Nara, respectivamente\u2014 se enfrentan en vivo con acusaciones cruzadas...\" \/>\n<meta property=\"og:url\" content=\"https:\/\/lobosnews.com.ar\/index.php\/2026\/09\/06\/round-a-round-el-tenso-cruce-de-elba-marcovecchio-y-ana-rosenfeld-en-la-mesa-de-juana-viale\/\" \/>\n<meta property=\"og:site_name\" content=\"Lobos News\" \/>\n<meta property=\"article:published_time\" content=\"2026-09-06T03:17:41+00:00\" \/>\n<meta property=\"article:modified_time\" content=\"2026-09-06T06:36:52+00:00\" \/>\n<meta property=\"og:image\" content=\"https:\/\/lobosnews.com.ar\/wp-content\/uploads\/2026\/09\/round-a-round-el-tenso-cruce-de-elba-marcovecchio-y-ana-rosenfeld-en-la-mesa-de-juana-viale-6.jpg\" \/>\n\t<meta property=\"og:image:width\" content=\"1066\" \/>\n\t<meta property=\"og:image:height\" content=\"1599\" \/>\n\t<meta property=\"og:image:type\" content=\"image\/jpeg\" \/>\n<meta name=\"author\" content=\"admin\" \/>\n<meta name=\"twitter:card\" content=\"summary_large_image\" \/>\n<meta name=\"twitter:label1\" content=\"Escrito por\" \/>\n\t<meta name=\"twitter:data1\" content=\"admin\" \/>\n\t<meta name=\"twitter:label2\" content=\"Tiempo de lectura\" \/>\n\t<meta name=\"twitter:data2\" content=\"11 minutos\" \/>\n<script type=\"application\/ld+json\" class=\"yoast-schema-graph\">{\"@context\":\"https:\\\/\\\/schema.org\",\"@graph\":[{\"@type\":\"Article\",\"@id\":\"https:\\\/\\\/lobosnews.com.ar\\\/index.php\\\/2026\\\/09\\\/06\\\/round-a-round-el-tenso-cruce-de-elba-marcovecchio-y-ana-rosenfeld-en-la-mesa-de-juana-viale\\\/#article\",\"isPartOf\":{\"@id\":\"https:\\\/\\\/lobosnews.com.ar\\\/index.php\\\/2026\\\/09\\\/06\\\/round-a-round-el-tenso-cruce-de-elba-marcovecchio-y-ana-rosenfeld-en-la-mesa-de-juana-viale\\\/\"},\"author\":{\"name\":\"admin\",\"@id\":\"https:\\\/\\\/lobosnews.com.ar\\\/#\\\/schema\\\/person\\\/232422a593d5c541dd9aef6aaed10943\"},\"headline\":\"Round a round: el tenso cruce de Elba Marcovecchio y Ana Rosenfeld en la mesa de Juana Viale\",\"datePublished\":\"2026-09-06T03:17:41+00:00\",\"dateModified\":\"2026-09-06T06:36:52+00:00\",\"mainEntityOfPage\":{\"@id\":\"https:\\\/\\\/lobosnews.com.ar\\\/index.php\\\/2026\\\/09\\\/06\\\/round-a-round-el-tenso-cruce-de-elba-marcovecchio-y-ana-rosenfeld-en-la-mesa-de-juana-viale\\\/\"},\"wordCount\":2168,\"commentCount\":0,\"publisher\":{\"@id\":\"https:\\\/\\\/lobosnews.com.ar\\\/#organization\"},\"image\":{\"@id\":\"https:\\\/\\\/lobosnews.com.ar\\\/index.php\\\/2026\\\/09\\\/06\\\/round-a-round-el-tenso-cruce-de-elba-marcovecchio-y-ana-rosenfeld-en-la-mesa-de-juana-viale\\\/#primaryimage\"},\"thumbnailUrl\":\"https:\\\/\\\/lobosnews.com.ar\\\/wp-content\\\/uploads\\\/2026\\\/09\\\/round-a-round-el-tenso-cruce-de-elba-marcovecchio-y-ana-rosenfeld-en-la-mesa-de-juana-viale-6.jpg\",\"articleSection\":[\"Cine y Series\"],\"inLanguage\":\"es\",\"potentialAction\":[{\"@type\":\"CommentAction\",\"name\":\"Comment\",\"target\":[\"https:\\\/\\\/lobosnews.com.ar\\\/index.php\\\/2026\\\/09\\\/06\\\/round-a-round-el-tenso-cruce-de-elba-marcovecchio-y-ana-rosenfeld-en-la-mesa-de-juana-viale\\\/#respond\"]}]},{\"@type\":\"WebPage\",\"@id\":\"https:\\\/\\\/lobosnews.com.ar\\\/index.php\\\/2026\\\/09\\\/06\\\/round-a-round-el-tenso-cruce-de-elba-marcovecchio-y-ana-rosenfeld-en-la-mesa-de-juana-viale\\\/\",\"url\":\"https:\\\/\\\/lobosnews.com.ar\\\/index.php\\\/2026\\\/09\\\/06\\\/round-a-round-el-tenso-cruce-de-elba-marcovecchio-y-ana-rosenfeld-en-la-mesa-de-juana-viale\\\/\",\"name\":\"Round a round: el tenso cruce de Elba Marcovecchio y Ana Rosenfeld en la mesa de Juana Viale - Lobos News\",\"isPartOf\":{\"@id\":\"https:\\\/\\\/lobosnews.com.ar\\\/#website\"},\"primaryImageOfPage\":{\"@id\":\"https:\\\/\\\/lobosnews.com.ar\\\/index.php\\\/2026\\\/09\\\/06\\\/round-a-round-el-tenso-cruce-de-elba-marcovecchio-y-ana-rosenfeld-en-la-mesa-de-juana-viale\\\/#primaryimage\"},\"image\":{\"@id\":\"https:\\\/\\\/lobosnews.com.ar\\\/index.php\\\/2026\\\/09\\\/06\\\/round-a-round-el-tenso-cruce-de-elba-marcovecchio-y-ana-rosenfeld-en-la-mesa-de-juana-viale\\\/#primaryimage\"},\"thumbnailUrl\":\"https:\\\/\\\/lobosnews.com.ar\\\/wp-content\\\/uploads\\\/2026\\\/09\\\/round-a-round-el-tenso-cruce-de-elba-marcovecchio-y-ana-rosenfeld-en-la-mesa-de-juana-viale-6.jpg\",\"datePublished\":\"2026-09-06T03:17:41+00:00\",\"dateModified\":\"2026-09-06T06:36:52+00:00\",\"breadcrumb\":{\"@id\":\"https:\\\/\\\/lobosnews.com.ar\\\/index.php\\\/2026\\\/09\\\/06\\\/round-a-round-el-tenso-cruce-de-elba-marcovecchio-y-ana-rosenfeld-en-la-mesa-de-juana-viale\\\/#breadcrumb\"},\"inLanguage\":\"es\",\"potentialAction\":[{\"@type\":\"ReadAction\",\"target\":[\"https:\\\/\\\/lobosnews.com.ar\\\/index.php\\\/2026\\\/09\\\/06\\\/round-a-round-el-tenso-cruce-de-elba-marcovecchio-y-ana-rosenfeld-en-la-mesa-de-juana-viale\\\/\"]}]},{\"@type\":\"ImageObject\",\"inLanguage\":\"es\",\"@id\":\"https:\\\/\\\/lobosnews.com.ar\\\/index.php\\\/2026\\\/09\\\/06\\\/round-a-round-el-tenso-cruce-de-elba-marcovecchio-y-ana-rosenfeld-en-la-mesa-de-juana-viale\\\/#primaryimage\",\"url\":\"https:\\\/\\\/lobosnews.com.ar\\\/wp-content\\\/uploads\\\/2026\\\/09\\\/round-a-round-el-tenso-cruce-de-elba-marcovecchio-y-ana-rosenfeld-en-la-mesa-de-juana-viale-6.jpg\",\"contentUrl\":\"https:\\\/\\\/lobosnews.com.ar\\\/wp-content\\\/uploads\\\/2026\\\/09\\\/round-a-round-el-tenso-cruce-de-elba-marcovecchio-y-ana-rosenfeld-en-la-mesa-de-juana-viale-6.jpg\",\"width\":1066,\"height\":1599,\"caption\":\"Round a round: el tenso cruce de Elba Marcovecchio y Ana Rosenfeld en la mesa de Juana Viale\"},{\"@type\":\"BreadcrumbList\",\"@id\":\"https:\\\/\\\/lobosnews.com.ar\\\/index.php\\\/2026\\\/09\\\/06\\\/round-a-round-el-tenso-cruce-de-elba-marcovecchio-y-ana-rosenfeld-en-la-mesa-de-juana-viale\\\/#breadcrumb\",\"itemListElement\":[{\"@type\":\"ListItem\",\"position\":1,\"name\":\"Portada\",\"item\":\"https:\\\/\\\/lobosnews.com.ar\\\/\"},{\"@type\":\"ListItem\",\"position\":2,\"name\":\"Round a round: el tenso cruce de Elba Marcovecchio y Ana Rosenfeld en la mesa de Juana Viale\"}]},{\"@type\":\"WebSite\",\"@id\":\"https:\\\/\\\/lobosnews.com.ar\\\/#website\",\"url\":\"https:\\\/\\\/lobosnews.com.ar\\\/\",\"name\":\"Lobos News\",\"description\":\"Informaci\u00f3n a cada instante\",\"publisher\":{\"@id\":\"https:\\\/\\\/lobosnews.com.ar\\\/#organization\"},\"potentialAction\":[{\"@type\":\"SearchAction\",\"target\":{\"@type\":\"EntryPoint\",\"urlTemplate\":\"https:\\\/\\\/lobosnews.com.ar\\\/?s={search_term_string}\"},\"query-input\":{\"@type\":\"PropertyValueSpecification\",\"valueRequired\":true,\"valueName\":\"search_term_string\"}}],\"inLanguage\":\"es\"},{\"@type\":\"Organization\",\"@id\":\"https:\\\/\\\/lobosnews.com.ar\\\/#organization\",\"name\":\"Lobos News\",\"url\":\"https:\\\/\\\/lobosnews.com.ar\\\/\",\"logo\":{\"@type\":\"ImageObject\",\"inLanguage\":\"es\",\"@id\":\"https:\\\/\\\/lobosnews.com.ar\\\/#\\\/schema\\\/logo\\\/image\\\/\",\"url\":\"https:\\\/\\\/lobosnews.com.ar\\\/wp-content\\\/uploads\\\/2026\\\/01\\\/logo-lobosnews.png\",\"contentUrl\":\"https:\\\/\\\/lobosnews.com.ar\\\/wp-content\\\/uploads\\\/2026\\\/01\\\/logo-lobosnews.png\",\"width\":500,\"height\":200,\"caption\":\"Lobos News\"},\"image\":{\"@id\":\"https:\\\/\\\/lobosnews.com.ar\\\/#\\\/schema\\\/logo\\\/image\\\/\"}},{\"@type\":\"Person\",\"@id\":\"https:\\\/\\\/lobosnews.com.ar\\\/#\\\/schema\\\/person\\\/232422a593d5c541dd9aef6aaed10943\",\"name\":\"admin\",\"image\":{\"@type\":\"ImageObject\",\"inLanguage\":\"es\",\"@id\":\"https:\\\/\\\/secure.gravatar.com\\\/avatar\\\/76e419471a2083bc3ceab22a763dbbf9b0c1bd15a6214cf3280e2c2dde4580f9?s=96&d=mm&r=g\",\"url\":\"https:\\\/\\\/secure.gravatar.com\\\/avatar\\\/76e419471a2083bc3ceab22a763dbbf9b0c1bd15a6214cf3280e2c2dde4580f9?s=96&d=mm&r=g\",\"contentUrl\":\"https:\\\/\\\/secure.gravatar.com\\\/avatar\\\/76e419471a2083bc3ceab22a763dbbf9b0c1bd15a6214cf3280e2c2dde4580f9?s=96&d=mm&r=g\",\"caption\":\"admin\"},\"sameAs\":[\"https:\\\/\\\/lobosnews.com.ar\"],\"url\":\"https:\\\/\\\/lobosnews.com.ar\\\/index.php\\\/author\\\/lobos-news\\\/\"}]}<\/script>\n<!-- \/ Yoast SEO plugin. -->","yoast_head_json":{"title":"Round a round: el tenso cruce de Elba Marcovecchio y Ana Rosenfeld en la mesa de Juana Viale - Lobos News","robots":{"index":"index","follow":"follow","max-snippet":"max-snippet:-1","max-image-preview":"max-image-preview:large","max-video-preview":"max-video-preview:-1"},"canonical":"https:\/\/lobosnews.com.ar\/index.php\/2026\/09\/06\/round-a-round-el-tenso-cruce-de-elba-marcovecchio-y-ana-rosenfeld-en-la-mesa-de-juana-viale\/","og_locale":"es_ES","og_type":"article","og_title":"Round a round: el tenso cruce de Elba Marcovecchio y Ana Rosenfeld en la mesa de Juana Viale - Lobos News","og_description":"Elba Marcovecchio y Ana Rosenfeld protagonizan un tenso cruce en la mesa de La Noche de Mirtha, conducida este s\u00e1bado por Juana Viale ante la ausencia de Mirtha Legrand, quien se ausent\u00f3 por un cuadro gripal. Las dos abogadas \u2014representantes legales de Mauro Icardi y Wanda Nara, respectivamente\u2014 se enfrentan en vivo con acusaciones cruzadas...","og_url":"https:\/\/lobosnews.com.ar\/index.php\/2026\/09\/06\/round-a-round-el-tenso-cruce-de-elba-marcovecchio-y-ana-rosenfeld-en-la-mesa-de-juana-viale\/","og_site_name":"Lobos News","article_published_time":"2026-09-06T03:17:41+00:00","article_modified_time":"2026-09-06T06:36:52+00:00","og_image":[{"width":1066,"height":1599,"url":"https:\/\/lobosnews.com.ar\/wp-content\/uploads\/2026\/09\/round-a-round-el-tenso-cruce-de-elba-marcovecchio-y-ana-rosenfeld-en-la-mesa-de-juana-viale-6.jpg","type":"image\/jpeg"}],"author":"admin","twitter_card":"summary_large_image","twitter_misc":{"Escrito por":"admin","Tiempo de lectura":"11 minutos"},"schema":{"@context":"https:\/\/schema.org","@graph":[{"@type":"Article","@id":"https:\/\/lobosnews.com.ar\/index.php\/2026\/09\/06\/round-a-round-el-tenso-cruce-de-elba-marcovecchio-y-ana-rosenfeld-en-la-mesa-de-juana-viale\/#article","isPartOf":{"@id":"https:\/\/lobosnews.com.ar\/index.php\/2026\/09\/06\/round-a-round-el-tenso-cruce-de-elba-marcovecchio-y-ana-rosenfeld-en-la-mesa-de-juana-viale\/"},"author":{"name":"admin","@id":"https:\/\/lobosnews.com.ar\/#\/schema\/person\/232422a593d5c541dd9aef6aaed10943"},"headline":"Round a round: el tenso cruce de Elba Marcovecchio y Ana Rosenfeld en la mesa de Juana Viale","datePublished":"2026-09-06T03:17:41+00:00","dateModified":"2026-09-06T06:36:52+00:00","mainEntityOfPage":{"@id":"https:\/\/lobosnews.com.ar\/index.php\/2026\/09\/06\/round-a-round-el-tenso-cruce-de-elba-marcovecchio-y-ana-rosenfeld-en-la-mesa-de-juana-viale\/"},"wordCount":2168,"commentCount":0,"publisher":{"@id":"https:\/\/lobosnews.com.ar\/#organization"},"image":{"@id":"https:\/\/lobosnews.com.ar\/index.php\/2026\/09\/06\/round-a-round-el-tenso-cruce-de-elba-marcovecchio-y-ana-rosenfeld-en-la-mesa-de-juana-viale\/#primaryimage"},"thumbnailUrl":"https:\/\/lobosnews.com.ar\/wp-content\/uploads\/2026\/09\/round-a-round-el-tenso-cruce-de-elba-marcovecchio-y-ana-rosenfeld-en-la-mesa-de-juana-viale-6.jpg","articleSection":["Cine y Series"],"inLanguage":"es","potentialAction":[{"@type":"CommentAction","name":"Comment","target":["https:\/\/lobosnews.com.ar\/index.php\/2026\/09\/06\/round-a-round-el-tenso-cruce-de-elba-marcovecchio-y-ana-rosenfeld-en-la-mesa-de-juana-viale\/#respond"]}]},{"@type":"WebPage","@id":"https:\/\/lobosnews.com.ar\/index.php\/2026\/09\/06\/round-a-round-el-tenso-cruce-de-elba-marcovecchio-y-ana-rosenfeld-en-la-mesa-de-juana-viale\/","url":"https:\/\/lobosnews.com.ar\/index.php\/2026\/09\/06\/round-a-round-el-tenso-cruce-de-elba-marcovecchio-y-ana-rosenfeld-en-la-mesa-de-juana-viale\/","name":"Round a round: el tenso cruce de Elba Marcovecchio y Ana Rosenfeld en la mesa de Juana Viale - Lobos News","isPartOf":{"@id":"https:\/\/lobosnews.com.ar\/#website"},"primaryImageOfPage":{"@id":"https:\/\/lobosnews.com.ar\/index.php\/2026\/09\/06\/round-a-round-el-tenso-cruce-de-elba-marcovecchio-y-ana-rosenfeld-en-la-mesa-de-juana-viale\/#primaryimage"},"image":{"@id":"https:\/\/lobosnews.com.ar\/index.php\/2026\/09\/06\/round-a-round-el-tenso-cruce-de-elba-marcovecchio-y-ana-rosenfeld-en-la-mesa-de-juana-viale\/#primaryimage"},"thumbnailUrl":"https:\/\/lobosnews.com.ar\/wp-content\/uploads\/2026\/09\/round-a-round-el-tenso-cruce-de-elba-marcovecchio-y-ana-rosenfeld-en-la-mesa-de-juana-viale-6.jpg","datePublished":"2026-09-06T03:17:41+00:00","dateModified":"2026-09-06T06:36:52+00:00","breadcrumb":{"@id":"https:\/\/lobosnews.com.ar\/index.php\/2026\/09\/06\/round-a-round-el-tenso-cruce-de-elba-marcovecchio-y-ana-rosenfeld-en-la-mesa-de-juana-viale\/#breadcrumb"},"inLanguage":"es","potentialAction":[{"@type":"ReadAction","target":["https:\/\/lobosnews.com.ar\/index.php\/2026\/09\/06\/round-a-round-el-tenso-cruce-de-elba-marcovecchio-y-ana-rosenfeld-en-la-mesa-de-juana-viale\/"]}]},{"@type":"ImageObject","inLanguage":"es","@id":"https:\/\/lobosnews.com.ar\/index.php\/2026\/09\/06\/round-a-round-el-tenso-cruce-de-elba-marcovecchio-y-ana-rosenfeld-en-la-mesa-de-juana-viale\/#primaryimage","url":"https:\/\/lobosnews.com.ar\/wp-content\/uploads\/2026\/09\/round-a-round-el-tenso-cruce-de-elba-marcovecchio-y-ana-rosenfeld-en-la-mesa-de-juana-viale-6.jpg","contentUrl":"https:\/\/lobosnews.com.ar\/wp-content\/uploads\/2026\/09\/round-a-round-el-tenso-cruce-de-elba-marcovecchio-y-ana-rosenfeld-en-la-mesa-de-juana-viale-6.jpg","width":1066,"height":1599,"caption":"Round a round: el tenso cruce de Elba Marcovecchio y Ana Rosenfeld en la mesa de Juana Viale"},{"@type":"BreadcrumbList","@id":"https:\/\/lobosnews.com.ar\/index.php\/2026\/09\/06\/round-a-round-el-tenso-cruce-de-elba-marcovecchio-y-ana-rosenfeld-en-la-mesa-de-juana-viale\/#breadcrumb","itemListElement":[{"@type":"ListItem","position":1,"name":"Portada","item":"https:\/\/lobosnews.com.ar\/"},{"@type":"ListItem","position":2,"name":"Round a round: el tenso cruce de Elba Marcovecchio y Ana Rosenfeld en la mesa de Juana Viale"}]},{"@type":"WebSite","@id":"https:\/\/lobosnews.com.ar\/#website","url":"https:\/\/lobosnews.com.ar\/","name":"Lobos News","description":"Informaci\u00f3n a cada instante","publisher":{"@id":"https:\/\/lobosnews.com.ar\/#organization"},"potentialAction":[{"@type":"SearchAction","target":{"@type":"EntryPoint","urlTemplate":"https:\/\/lobosnews.com.ar\/?s={search_term_string}"},"query-input":{"@type":"PropertyValueSpecification","valueRequired":true,"valueName":"search_term_string"}}],"inLanguage":"es"},{"@type":"Organization","@id":"https:\/\/lobosnews.com.ar\/#organization","name":"Lobos News","url":"https:\/\/lobosnews.com.ar\/","logo":{"@type":"ImageObject","inLanguage":"es","@id":"https:\/\/lobosnews.com.ar\/#\/schema\/logo\/image\/","url":"https:\/\/lobosnews.com.ar\/wp-content\/uploads\/2026\/01\/logo-lobosnews.png","contentUrl":"https:\/\/lobosnews.com.ar\/wp-content\/uploads\/2026\/01\/logo-lobosnews.png","width":500,"height":200,"caption":"Lobos News"},"image":{"@id":"https:\/\/lobosnews.com.ar\/#\/schema\/logo\/image\/"}},{"@type":"Person","@id":"https:\/\/lobosnews.com.ar\/#\/schema\/person\/232422a593d5c541dd9aef6aaed10943","name":"admin","image":{"@type":"ImageObject","inLanguage":"es","@id":"https:\/\/secure.gravatar.com\/avatar\/76e419471a2083bc3ceab22a763dbbf9b0c1bd15a6214cf3280e2c2dde4580f9?s=96&d=mm&r=g","url":"https:\/\/secure.gravatar.com\/avatar\/76e419471a2083bc3ceab22a763dbbf9b0c1bd15a6214cf3280e2c2dde4580f9?s=96&d=mm&r=g","contentUrl":"https:\/\/secure.gravatar.com\/avatar\/76e419471a2083bc3ceab22a763dbbf9b0c1bd15a6214cf3280e2c2dde4580f9?s=96&d=mm&r=g","caption":"admin"},"sameAs":["https:\/\/lobosnews.com.ar"],"url":"https:\/\/lobosnews.com.ar\/index.php\/author\/lobos-news\/"}]}},"jetpack_featured_media_url":"https:\/\/lobosnews.com.ar\/wp-content\/uploads\/2026\/09\/round-a-round-el-tenso-cruce-de-elba-marcovecchio-y-ana-rosenfeld-en-la-mesa-de-juana-viale-6.jpg","jetpack_sharing_enabled":true,"_links":{"self":[{"href":"https:\/\/lobosnews.com.ar\/index.php\/wp-json\/wp\/v2\/posts\/98007","targetHints":{"allow":["GET"]}}],"collection":[{"href":"https:\/\/lobosnews.com.ar\/index.php\/wp-json\/wp\/v2\/posts"}],"about":[{"href":"https:\/\/lobosnews.com.ar\/index.php\/wp-json\/wp\/v2\/types\/post"}],"author":[{"embeddable":true,"href":"https:\/\/lobosnews.com.ar\/index.php\/wp-json\/wp\/v2\/users\/1"}],"replies":[{"embeddable":true,"href":"https:\/\/lobosnews.com.ar\/index.php\/wp-json\/wp\/v2\/comments?post=98007"}],"version-history":[{"count":1,"href":"https:\/\/lobosnews.com.ar\/index.php\/wp-json\/wp\/v2\/posts\/98007\/revisions"}],"predecessor-version":[{"id":98012,"href":"https:\/\/lobosnews.com.ar\/index.php\/wp-json\/wp\/v2\/posts\/98007\/revisions\/98012"}],"wp:featuredmedia":[{"embeddable":true,"href":"https:\/\/lobosnews.com.ar\/index.php\/wp-json\/wp\/v2\/media\/98013"}],"wp:attachment":[{"href":"https:\/\/lobosnews.com.ar\/index.php\/wp-json\/wp\/v2\/media?parent=98007"}],"wp:term":[{"taxonomy":"category","embeddable":true,"href":"https:\/\/lobosnews.com.ar\/index.php\/wp-json\/wp\/v2\/categories?post=98007"},{"taxonomy":"post_tag","embeddable":true,"href":"https:\/\/lobosnews.com.ar\/index.php\/wp-json\/wp\/v2\/tags?post=98007"}],"curies":[{"name":"wp","href":"https:\/\/api.w.org\/{rel}","templated":true}]}}