{"id":97899,"date":"2026-09-05T16:47:14","date_gmt":"2026-09-05T16:47:14","guid":{"rendered":"https:\/\/lobosnews.com.ar\/?p=97899"},"modified":"2026-09-05T22:09:38","modified_gmt":"2026-09-05T22:09:38","slug":"murio-oveja-stec-historico-percusionista-de-los-palmeras-gracias-por-tantos-momentos","status":"publish","type":"post","link":"https:\/\/lobosnews.com.ar\/index.php\/2026\/09\/05\/murio-oveja-stec-historico-percusionista-de-los-palmeras-gracias-por-tantos-momentos\/","title":{"rendered":"Muri\u00f3 Oveja Stec, hist\u00f3rico percusionista de Los Palmeras: \u201cGracias por tantos momentos\u201d"},"content":{"rendered":"<p>La <b>cumbia santafesina<\/b> est\u00e1 de luto con la confirmaci\u00f3n de la muerte de <b>Ricardo \u201cOveja\u201d Stec<\/b>, percusionista con d\u00e9cadas de trayectoria en la escena musical en algunos de los conjuntos m\u00e1s destacados de la provincia. La noticia fue confirmada por <span class=\"waslinkname\"><b>Los Palmeras<\/b><\/span>, la agrupaci\u00f3n con la que el m\u00fasico grab\u00f3 algunos de los discos m\u00e1s recordados de la historia del g\u00e9nero, a trav\u00e9s de sus canales oficiales en redes sociales.<\/p>\n<p>\u201cHoy nos toca despedir a otro de nuestros hist\u00f3ricos miembros\u201d, <span class=\"waslinkname\">escribi\u00f3 la banda<\/span> en su cuenta de <b>Instagram<\/b>, junto a un video que repasaba momentos de Stec en escena. El mensaje, breve pero cargado de emotividad, incluy\u00f3 un agradecimiento por \u201ctantos momentos compartidos y toda tu m\u00fasica\u201d y cerr\u00f3 con una despedida que habl\u00f3 en nombre de toda la agrupaci\u00f3n, que contin\u00faa en plena reconstrucci\u00f3n luego de la disputa <span class=\"waslinkname\">que termin\u00f3 con la salida del cantante Cacho Deicas<\/span>: <b>\u201cTe saludan hoy y siempre tus amigos, Los Palmeras\u201d<\/b>.<\/p>\n<p><img loading=\"lazy\" decoding=\"async\" src=\"https:\/\/lobosnews.com.ar\/wp-content\/uploads\/2026\/09\/murio-oveja-stec-historico-percusionista-de-los-palmeras-gracias-por-tantos-momentos.jpg\" alt=\"La despedida de Los Palmeras a Oveja Stec\" height=\"1258\" width=\"1920\"\/><\/p>\n<p>La publicaci\u00f3n gener\u00f3 una catarata de reacciones en la comunidad musical. Entre los comentarios se destac\u00f3 el de <b>Ariel<\/b>, hijo del m\u00fasico, que agradeci\u00f3 el gesto de la banda y escribi\u00f3: <b>\u201cTe amo, viejo, gracias por darme la vida\u201d y su mensaje se sum\u00f3 a otros cientos en la improvisada despedida.<\/b><\/p>\n<p>\u201cUn hist\u00f3rico, que en paz descanse\u201d, \u201cMuchas fuerzas para toda la familia en este duro momento\u201d y \u201cDescans\u00e1 en paz, llev\u00e1 all\u00e1 arriba tu m\u00fasica\u201d, fueron algunos de los mensajes que se multiplicaron en la publicaci\u00f3n. Tambi\u00e9n llegaron condolencias desde otras agrupaciones de la cumbia regional, entre ellas <b>Fredy y Los Nobles<\/b>, cuyo staff expres\u00f3 su acompa\u00f1amiento a la familia en este momento.<\/p>\n<p><img loading=\"lazy\" decoding=\"async\" src=\"https:\/\/lobosnews.com.ar\/wp-content\/uploads\/2026\/09\/murio-oveja-stec-historico-percusionista-de-los-palmeras-gracias-por-tantos-momentos-1.jpg\" alt=\"\"Loquito por ti\", uno de los discos que grab\u00f3 Stec con Los Palmeras\" height=\"1800\" width=\"1800\"\/><\/p>\n<p>La relaci\u00f3n de <b>Oveja Stec<\/b> con Los Palmeras abarc\u00f3 cuatro a\u00f1os de intensa producci\u00f3n discogr\u00e1fica. A cargo de las tumbadoras, el percusionista form\u00f3 parte de la formaci\u00f3n que grab\u00f3 <i>Loquito por ti<\/i> (1988), <i>Sus amigos<\/i> (1989), <i>Rumor de cumbia<\/i> y <i>Chiquita pero buena<\/i> (1990), y <i>Boquita azucarada<\/i> (1991). Durante ese per\u00edodo comparti\u00f3 la alineaci\u00f3n con <b>Rub\u00e9n \u201cCacho\u201d Deicas<\/b>, <b>Marcos Camino<\/b> y <b>Jos\u00e9 Mar\u00eda Roa<\/b>. Su \u00faltima temporada en el conjunto coincidi\u00f3 con los festejos por los 20 a\u00f1os de trayectoria de la banda.<\/p>\n<p><b>Los del Boh\u00edo<\/b> tambi\u00e9n se sumaron a la despedida a trav\u00e9s de sus redes, recordando que Stec hab\u00eda sido parte del grupo a comienzos de los a\u00f1os 80 y que hab\u00eda dejado su huella en el disco <i>Los preferidos del ritmo caliente<\/i>. Pero el posteo fue m\u00e1s all\u00e1 de lo musical: la banda destac\u00f3 la amistad que el percusionista supo construir con <b>Juan Carlos Denis<\/b> y con toda la familia que rodea al conjunto. \u201cHoy se va un pedazo de aquella historia. Quedan su alegr\u00eda, su m\u00fasica, las an\u00e9cdotas y el recuerdo de quienes tuvimos la suerte de conocerlo\u201d, escribieron en su cuenta de Facebook.<\/p>\n<p><img loading=\"lazy\" decoding=\"async\" src=\"https:\/\/lobosnews.com.ar\/wp-content\/uploads\/2026\/09\/murio-oveja-stec-historico-percusionista-de-los-palmeras-gracias-por-tantos-momentos-2.jpg\" alt=\"Los del Bohio tambi\u00e9n recordaron a Oveja Stec\" height=\"709\" width=\"533\"\/><\/p>\n<p>Pero la huella de Stec en la m\u00fasica santafesina excedi\u00f3 ampliamente ese cap\u00edtulo. A lo largo de su carrera, el percusionista toc\u00f3 y grab\u00f3 con una gran cantidad de conjuntos destacados de la provincia, entre ellos <b>Yuli y los Girasoles<\/b> y <b>Los Lamas<\/b>, lo que le vali\u00f3 un reconocimiento sostenido dentro del ambiente de la cumbia regional.<\/p>\n<p><img loading=\"lazy\" decoding=\"async\" src=\"https:\/\/lobosnews.com.ar\/wp-content\/uploads\/2026\/09\/murio-oveja-stec-historico-percusionista-de-los-palmeras-gracias-por-tantos-momentos-3.jpg\" alt=\"Yuli y los Girasoles, otro grupo en el que Oveja Stec dej\u00f3 su huella\" height=\"1981\" width=\"1920\"\/><\/p>\n<p>La muerte de <b>Ricardo Stec<\/b> se produce apenas meses despu\u00e9s de otro duelo para la agrupaci\u00f3n. En febrero de este a\u00f1o, falleci\u00f3 <b>Jos\u00e9 Mar\u00eda \u201cPupi\u201d Roa<\/b>, timbalero que tambi\u00e9n hab\u00eda integrado las filas hist\u00f3ricas del grupo. En aquella oportunidad, Los Palmeras lo despidieron con un mensaje similar: <b>\u201cM\u00e1s de 20 a\u00f1os marcando el pulso con un estilo inconfundible. Su ritmo queda para siempre en cada canci\u00f3n y en cada coraz\u00f3n\u201d<\/b>. La frase con la que la banda encabez\u00f3 el posteo por Stec \u2014\u201cotro de nuestros hist\u00f3ricos miembros\u201d\u2014 refleja la acumulaci\u00f3n de p\u00e9rdidas que atraviesa la formaci\u00f3n en sus integrantes de las d\u00e9cadas pasadas.<\/p>\n<p><img loading=\"lazy\" decoding=\"async\" src=\"https:\/\/lobosnews.com.ar\/wp-content\/uploads\/2026\/09\/murio-oveja-stec-historico-percusionista-de-los-palmeras-gracias-por-tantos-momentos-4.jpg\" alt=\"Ricardo \"Oveja\" Stec frente a los timbales, el instrumento con el que marc\u00f3 una \u00e9poca en Santa Fe\" height=\"2763\" width=\"1920\"\/><\/p>\n<p>La muerte de Stec llega en un momento de fuertes turbulencias para <b>Los Palmeras<\/b>. En el \u00faltimo tiempo, la banda debi\u00f3 sobrellevar una crisis interna de alto voltaje protagonizada por sus dos figuras m\u00e1s emblem\u00e1ticas: el vocalista <b>Rub\u00e9n \u201cCacho\u201d Deicas<\/b> y el acordeonista y fundador <b>Marcos Camino<\/b>. <\/p>\n<p>El conflicto entre ambos escal\u00f3 hasta las instancias legales, con cartas documento de por medio, y termin\u00f3 con la salida de Deicas del grupo que ayud\u00f3 a construir durante d\u00e9cadas. Poco despu\u00e9s, Camino tambi\u00e9n anunci\u00f3 su retiro de los escenarios por razones de salud, aunque aclar\u00f3 que seguir\u00e1 vinculado al proyecto desde un rol diferente. Su lugar fue ocupado por su propio hijo. La agrupaci\u00f3n santafesina enfrenta as\u00ed el desaf\u00edo de reinventarse sin sus caras m\u00e1s reconocibles, en medio de un presente que acumula p\u00e9rdidas.<\/p>\n","protected":false},"excerpt":{"rendered":"<p>La cumbia santafesina est\u00e1 de luto con la confirmaci\u00f3n de la muerte de Ricardo \u201cOveja\u201d Stec, percusionista con d\u00e9cadas de trayectoria en la escena musical en algunos de los conjuntos m\u00e1s destacados de la provincia. La noticia fue confirmada por Los Palmeras, la agrupaci\u00f3n con la que el m\u00fasico grab\u00f3 algunos de los discos m\u00e1s&#8230;<\/p>\n","protected":false},"author":1,"featured_media":97906,"comment_status":"open","ping_status":"closed","sticky":false,"template":"","format":"standard","meta":{"_jetpack_newsletter_access":"","_jetpack_dont_email_post_to_subs":false,"_jetpack_newsletter_tier_id":0,"_jetpack_memberships_contains_paywalled_content":false,"_jetpack_memberships_contains_paid_content":false,"footnotes":"","jetpack_post_was_ever_published":false},"categories":[79],"tags":[],"class_list":["post-97899","post","type-post","status-publish","format-standard","has-post-thumbnail","hentry","category-cine-y-series"],"magazineBlocksPostFeaturedMedia":{"thumbnail":"https:\/\/lobosnews.com.ar\/wp-content\/uploads\/2026\/09\/murio-oveja-stec-historico-percusionista-de-los-palmeras-gracias-por-tantos-momentos-8-150x150.jpg","medium":"https:\/\/lobosnews.com.ar\/wp-content\/uploads\/2026\/09\/murio-oveja-stec-historico-percusionista-de-los-palmeras-gracias-por-tantos-momentos-8-208x300.jpg","medium_large":"https:\/\/lobosnews.com.ar\/wp-content\/uploads\/2026\/09\/murio-oveja-stec-historico-percusionista-de-los-palmeras-gracias-por-tantos-momentos-8-768x1105.jpg","large":"https:\/\/lobosnews.com.ar\/wp-content\/uploads\/2026\/09\/murio-oveja-stec-historico-percusionista-de-los-palmeras-gracias-por-tantos-momentos-8-712x1024.jpg","1536x1536":"https:\/\/lobosnews.com.ar\/wp-content\/uploads\/2026\/09\/murio-oveja-stec-historico-percusionista-de-los-palmeras-gracias-por-tantos-momentos-8-1067x1536.jpg","2048x2048":"https:\/\/lobosnews.com.ar\/wp-content\/uploads\/2026\/09\/murio-oveja-stec-historico-percusionista-de-los-palmeras-gracias-por-tantos-momentos-8-1423x2048.jpg","newsmatic-featured":"https:\/\/lobosnews.com.ar\/wp-content\/uploads\/2026\/09\/murio-oveja-stec-historico-percusionista-de-los-palmeras-gracias-por-tantos-momentos-8-820x545.jpg","newsmatic-list":"https:\/\/lobosnews.com.ar\/wp-content\/uploads\/2026\/09\/murio-oveja-stec-historico-percusionista-de-los-palmeras-gracias-por-tantos-momentos-8-600x400.jpg","newsmatic-thumb":"https:\/\/lobosnews.com.ar\/wp-content\/uploads\/2026\/09\/murio-oveja-stec-historico-percusionista-de-los-palmeras-gracias-por-tantos-momentos-8-300x200.jpg","newsmatic-small":"https:\/\/lobosnews.com.ar\/wp-content\/uploads\/2026\/09\/murio-oveja-stec-historico-percusionista-de-los-palmeras-gracias-por-tantos-momentos-8-150x95.jpg","newsmatic-grid":"https:\/\/lobosnews.com.ar\/wp-content\/uploads\/2026\/09\/murio-oveja-stec-historico-percusionista-de-los-palmeras-gracias-por-tantos-momentos-8-400x250.jpg"},"magazineBlocksPostAuthor":{"name":"admin","avatar":"https:\/\/secure.gravatar.com\/avatar\/76e419471a2083bc3ceab22a763dbbf9b0c1bd15a6214cf3280e2c2dde4580f9?s=96&d=mm&r=g"},"magazineBlocksPostCommentsNumber":"0","magazineBlocksPostExcerpt":"La cumbia santafesina est\u00e1 de luto con la confirmaci\u00f3n de la muerte de Ricardo \u201cOveja\u201d Stec, percusionista con d\u00e9cadas de trayectoria en la escena musical en algunos de los conjuntos m\u00e1s destacados de la provincia. La noticia fue confirmada por Los Palmeras, la agrupaci\u00f3n con la que el m\u00fasico grab\u00f3 algunos de los discos m\u00e1s...","magazineBlocksPostCategories":["Cine y Series"],"magazineBlocksPostViewCount":58,"magazineBlocksPostReadTime":5,"magazine_blocks_featured_image_url":{"full":["https:\/\/lobosnews.com.ar\/wp-content\/uploads\/2026\/09\/murio-oveja-stec-historico-percusionista-de-los-palmeras-gracias-por-tantos-momentos-8-scaled.jpg",1779,2560,false],"medium":["https:\/\/lobosnews.com.ar\/wp-content\/uploads\/2026\/09\/murio-oveja-stec-historico-percusionista-de-los-palmeras-gracias-por-tantos-momentos-8-208x300.jpg",208,300,true],"thumbnail":["https:\/\/lobosnews.com.ar\/wp-content\/uploads\/2026\/09\/murio-oveja-stec-historico-percusionista-de-los-palmeras-gracias-por-tantos-momentos-8-150x150.jpg",150,150,true]},"magazine_blocks_author":{"display_name":"admin","author_link":"https:\/\/lobosnews.com.ar\/index.php\/author\/lobos-news\/"},"magazine_blocks_comment":0,"magazine_blocks_author_image":"https:\/\/secure.gravatar.com\/avatar\/76e419471a2083bc3ceab22a763dbbf9b0c1bd15a6214cf3280e2c2dde4580f9?s=96&d=mm&r=g","magazine_blocks_category":"<a href=\"#\" class=\"category-link category-link-79\">Cine y Series<\/a>","yoast_head":"<!-- This site is optimized with the Yoast SEO plugin v28.0 - https:\/\/yoast.com\/product\/yoast-seo-wordpress\/ -->\n<title>Muri\u00f3 Oveja Stec, hist\u00f3rico percusionista de Los Palmeras: \u201cGracias por tantos momentos\u201d - Lobos News<\/title>\n<meta name=\"robots\" content=\"index, follow, max-snippet:-1, max-image-preview:large, max-video-preview:-1\" \/>\n<link rel=\"canonical\" href=\"https:\/\/lobosnews.com.ar\/index.php\/2026\/09\/05\/murio-oveja-stec-historico-percusionista-de-los-palmeras-gracias-por-tantos-momentos\/\" \/>\n<meta property=\"og:locale\" content=\"es_ES\" \/>\n<meta property=\"og:type\" content=\"article\" \/>\n<meta property=\"og:title\" content=\"Muri\u00f3 Oveja Stec, hist\u00f3rico percusionista de Los Palmeras: \u201cGracias por tantos momentos\u201d - Lobos News\" \/>\n<meta property=\"og:description\" content=\"La cumbia santafesina est\u00e1 de luto con la confirmaci\u00f3n de la muerte de Ricardo \u201cOveja\u201d Stec, percusionista con d\u00e9cadas de trayectoria en la escena musical en algunos de los conjuntos m\u00e1s destacados de la provincia. La noticia fue confirmada por Los Palmeras, la agrupaci\u00f3n con la que el m\u00fasico grab\u00f3 algunos de los discos m\u00e1s...\" \/>\n<meta property=\"og:url\" content=\"https:\/\/lobosnews.com.ar\/index.php\/2026\/09\/05\/murio-oveja-stec-historico-percusionista-de-los-palmeras-gracias-por-tantos-momentos\/\" \/>\n<meta property=\"og:site_name\" content=\"Lobos News\" \/>\n<meta property=\"article:published_time\" content=\"2026-09-05T16:47:14+00:00\" \/>\n<meta property=\"article:modified_time\" content=\"2026-09-05T22:09:38+00:00\" \/>\n<meta property=\"og:image\" content=\"https:\/\/lobosnews.com.ar\/wp-content\/uploads\/2026\/09\/murio-oveja-stec-historico-percusionista-de-los-palmeras-gracias-por-tantos-momentos-8-scaled.jpg\" \/>\n\t<meta property=\"og:image:width\" content=\"1779\" \/>\n\t<meta property=\"og:image:height\" content=\"2560\" \/>\n\t<meta property=\"og:image:type\" content=\"image\/jpeg\" \/>\n<meta name=\"author\" content=\"admin\" \/>\n<meta name=\"twitter:card\" content=\"summary_large_image\" \/>\n<meta name=\"twitter:label1\" content=\"Escrito por\" \/>\n\t<meta name=\"twitter:data1\" content=\"admin\" \/>\n\t<meta name=\"twitter:label2\" content=\"Tiempo de lectura\" \/>\n\t<meta name=\"twitter:data2\" content=\"4 minutos\" \/>\n<script type=\"application\/ld+json\" class=\"yoast-schema-graph\">{\"@context\":\"https:\\\/\\\/schema.org\",\"@graph\":[{\"@type\":\"Article\",\"@id\":\"https:\\\/\\\/lobosnews.com.ar\\\/index.php\\\/2026\\\/09\\\/05\\\/murio-oveja-stec-historico-percusionista-de-los-palmeras-gracias-por-tantos-momentos\\\/#article\",\"isPartOf\":{\"@id\":\"https:\\\/\\\/lobosnews.com.ar\\\/index.php\\\/2026\\\/09\\\/05\\\/murio-oveja-stec-historico-percusionista-de-los-palmeras-gracias-por-tantos-momentos\\\/\"},\"author\":{\"name\":\"admin\",\"@id\":\"https:\\\/\\\/lobosnews.com.ar\\\/#\\\/schema\\\/person\\\/232422a593d5c541dd9aef6aaed10943\"},\"headline\":\"Muri\u00f3 Oveja Stec, hist\u00f3rico percusionista de Los Palmeras: \u201cGracias por tantos momentos\u201d\",\"datePublished\":\"2026-09-05T16:47:14+00:00\",\"dateModified\":\"2026-09-05T22:09:38+00:00\",\"mainEntityOfPage\":{\"@id\":\"https:\\\/\\\/lobosnews.com.ar\\\/index.php\\\/2026\\\/09\\\/05\\\/murio-oveja-stec-historico-percusionista-de-los-palmeras-gracias-por-tantos-momentos\\\/\"},\"wordCount\":825,\"commentCount\":0,\"publisher\":{\"@id\":\"https:\\\/\\\/lobosnews.com.ar\\\/#organization\"},\"image\":{\"@id\":\"https:\\\/\\\/lobosnews.com.ar\\\/index.php\\\/2026\\\/09\\\/05\\\/murio-oveja-stec-historico-percusionista-de-los-palmeras-gracias-por-tantos-momentos\\\/#primaryimage\"},\"thumbnailUrl\":\"https:\\\/\\\/lobosnews.com.ar\\\/wp-content\\\/uploads\\\/2026\\\/09\\\/murio-oveja-stec-historico-percusionista-de-los-palmeras-gracias-por-tantos-momentos-8-scaled.jpg\",\"articleSection\":[\"Cine y Series\"],\"inLanguage\":\"es\",\"potentialAction\":[{\"@type\":\"CommentAction\",\"name\":\"Comment\",\"target\":[\"https:\\\/\\\/lobosnews.com.ar\\\/index.php\\\/2026\\\/09\\\/05\\\/murio-oveja-stec-historico-percusionista-de-los-palmeras-gracias-por-tantos-momentos\\\/#respond\"]}]},{\"@type\":\"WebPage\",\"@id\":\"https:\\\/\\\/lobosnews.com.ar\\\/index.php\\\/2026\\\/09\\\/05\\\/murio-oveja-stec-historico-percusionista-de-los-palmeras-gracias-por-tantos-momentos\\\/\",\"url\":\"https:\\\/\\\/lobosnews.com.ar\\\/index.php\\\/2026\\\/09\\\/05\\\/murio-oveja-stec-historico-percusionista-de-los-palmeras-gracias-por-tantos-momentos\\\/\",\"name\":\"Muri\u00f3 Oveja Stec, hist\u00f3rico percusionista de Los Palmeras: \u201cGracias por tantos momentos\u201d - Lobos News\",\"isPartOf\":{\"@id\":\"https:\\\/\\\/lobosnews.com.ar\\\/#website\"},\"primaryImageOfPage\":{\"@id\":\"https:\\\/\\\/lobosnews.com.ar\\\/index.php\\\/2026\\\/09\\\/05\\\/murio-oveja-stec-historico-percusionista-de-los-palmeras-gracias-por-tantos-momentos\\\/#primaryimage\"},\"image\":{\"@id\":\"https:\\\/\\\/lobosnews.com.ar\\\/index.php\\\/2026\\\/09\\\/05\\\/murio-oveja-stec-historico-percusionista-de-los-palmeras-gracias-por-tantos-momentos\\\/#primaryimage\"},\"thumbnailUrl\":\"https:\\\/\\\/lobosnews.com.ar\\\/wp-content\\\/uploads\\\/2026\\\/09\\\/murio-oveja-stec-historico-percusionista-de-los-palmeras-gracias-por-tantos-momentos-8-scaled.jpg\",\"datePublished\":\"2026-09-05T16:47:14+00:00\",\"dateModified\":\"2026-09-05T22:09:38+00:00\",\"breadcrumb\":{\"@id\":\"https:\\\/\\\/lobosnews.com.ar\\\/index.php\\\/2026\\\/09\\\/05\\\/murio-oveja-stec-historico-percusionista-de-los-palmeras-gracias-por-tantos-momentos\\\/#breadcrumb\"},\"inLanguage\":\"es\",\"potentialAction\":[{\"@type\":\"ReadAction\",\"target\":[\"https:\\\/\\\/lobosnews.com.ar\\\/index.php\\\/2026\\\/09\\\/05\\\/murio-oveja-stec-historico-percusionista-de-los-palmeras-gracias-por-tantos-momentos\\\/\"]}]},{\"@type\":\"ImageObject\",\"inLanguage\":\"es\",\"@id\":\"https:\\\/\\\/lobosnews.com.ar\\\/index.php\\\/2026\\\/09\\\/05\\\/murio-oveja-stec-historico-percusionista-de-los-palmeras-gracias-por-tantos-momentos\\\/#primaryimage\",\"url\":\"https:\\\/\\\/lobosnews.com.ar\\\/wp-content\\\/uploads\\\/2026\\\/09\\\/murio-oveja-stec-historico-percusionista-de-los-palmeras-gracias-por-tantos-momentos-8-scaled.jpg\",\"contentUrl\":\"https:\\\/\\\/lobosnews.com.ar\\\/wp-content\\\/uploads\\\/2026\\\/09\\\/murio-oveja-stec-historico-percusionista-de-los-palmeras-gracias-por-tantos-momentos-8-scaled.jpg\",\"width\":1779,\"height\":2560,\"caption\":\"Muri\u00f3 Oveja Stec, hist\u00f3rico percusionista de Los Palmeras: \u201cGracias por tantos momentos\u201d\"},{\"@type\":\"BreadcrumbList\",\"@id\":\"https:\\\/\\\/lobosnews.com.ar\\\/index.php\\\/2026\\\/09\\\/05\\\/murio-oveja-stec-historico-percusionista-de-los-palmeras-gracias-por-tantos-momentos\\\/#breadcrumb\",\"itemListElement\":[{\"@type\":\"ListItem\",\"position\":1,\"name\":\"Portada\",\"item\":\"https:\\\/\\\/lobosnews.com.ar\\\/\"},{\"@type\":\"ListItem\",\"position\":2,\"name\":\"Muri\u00f3 Oveja Stec, hist\u00f3rico percusionista de Los Palmeras: \u201cGracias por tantos momentos\u201d\"}]},{\"@type\":\"WebSite\",\"@id\":\"https:\\\/\\\/lobosnews.com.ar\\\/#website\",\"url\":\"https:\\\/\\\/lobosnews.com.ar\\\/\",\"name\":\"Lobos News\",\"description\":\"Informaci\u00f3n a cada instante\",\"publisher\":{\"@id\":\"https:\\\/\\\/lobosnews.com.ar\\\/#organization\"},\"potentialAction\":[{\"@type\":\"SearchAction\",\"target\":{\"@type\":\"EntryPoint\",\"urlTemplate\":\"https:\\\/\\\/lobosnews.com.ar\\\/?s={search_term_string}\"},\"query-input\":{\"@type\":\"PropertyValueSpecification\",\"valueRequired\":true,\"valueName\":\"search_term_string\"}}],\"inLanguage\":\"es\"},{\"@type\":\"Organization\",\"@id\":\"https:\\\/\\\/lobosnews.com.ar\\\/#organization\",\"name\":\"Lobos News\",\"url\":\"https:\\\/\\\/lobosnews.com.ar\\\/\",\"logo\":{\"@type\":\"ImageObject\",\"inLanguage\":\"es\",\"@id\":\"https:\\\/\\\/lobosnews.com.ar\\\/#\\\/schema\\\/logo\\\/image\\\/\",\"url\":\"https:\\\/\\\/lobosnews.com.ar\\\/wp-content\\\/uploads\\\/2026\\\/01\\\/logo-lobosnews.png\",\"contentUrl\":\"https:\\\/\\\/lobosnews.com.ar\\\/wp-content\\\/uploads\\\/2026\\\/01\\\/logo-lobosnews.png\",\"width\":500,\"height\":200,\"caption\":\"Lobos News\"},\"image\":{\"@id\":\"https:\\\/\\\/lobosnews.com.ar\\\/#\\\/schema\\\/logo\\\/image\\\/\"}},{\"@type\":\"Person\",\"@id\":\"https:\\\/\\\/lobosnews.com.ar\\\/#\\\/schema\\\/person\\\/232422a593d5c541dd9aef6aaed10943\",\"name\":\"admin\",\"image\":{\"@type\":\"ImageObject\",\"inLanguage\":\"es\",\"@id\":\"https:\\\/\\\/secure.gravatar.com\\\/avatar\\\/76e419471a2083bc3ceab22a763dbbf9b0c1bd15a6214cf3280e2c2dde4580f9?s=96&d=mm&r=g\",\"url\":\"https:\\\/\\\/secure.gravatar.com\\\/avatar\\\/76e419471a2083bc3ceab22a763dbbf9b0c1bd15a6214cf3280e2c2dde4580f9?s=96&d=mm&r=g\",\"contentUrl\":\"https:\\\/\\\/secure.gravatar.com\\\/avatar\\\/76e419471a2083bc3ceab22a763dbbf9b0c1bd15a6214cf3280e2c2dde4580f9?s=96&d=mm&r=g\",\"caption\":\"admin\"},\"sameAs\":[\"https:\\\/\\\/lobosnews.com.ar\"],\"url\":\"https:\\\/\\\/lobosnews.com.ar\\\/index.php\\\/author\\\/lobos-news\\\/\"}]}<\/script>\n<!-- \/ Yoast SEO plugin. -->","yoast_head_json":{"title":"Muri\u00f3 Oveja Stec, hist\u00f3rico percusionista de Los Palmeras: \u201cGracias por tantos momentos\u201d - Lobos News","robots":{"index":"index","follow":"follow","max-snippet":"max-snippet:-1","max-image-preview":"max-image-preview:large","max-video-preview":"max-video-preview:-1"},"canonical":"https:\/\/lobosnews.com.ar\/index.php\/2026\/09\/05\/murio-oveja-stec-historico-percusionista-de-los-palmeras-gracias-por-tantos-momentos\/","og_locale":"es_ES","og_type":"article","og_title":"Muri\u00f3 Oveja Stec, hist\u00f3rico percusionista de Los Palmeras: \u201cGracias por tantos momentos\u201d - Lobos News","og_description":"La cumbia santafesina est\u00e1 de luto con la confirmaci\u00f3n de la muerte de Ricardo \u201cOveja\u201d Stec, percusionista con d\u00e9cadas de trayectoria en la escena musical en algunos de los conjuntos m\u00e1s destacados de la provincia. La noticia fue confirmada por Los Palmeras, la agrupaci\u00f3n con la que el m\u00fasico grab\u00f3 algunos de los discos m\u00e1s...","og_url":"https:\/\/lobosnews.com.ar\/index.php\/2026\/09\/05\/murio-oveja-stec-historico-percusionista-de-los-palmeras-gracias-por-tantos-momentos\/","og_site_name":"Lobos News","article_published_time":"2026-09-05T16:47:14+00:00","article_modified_time":"2026-09-05T22:09:38+00:00","og_image":[{"width":1779,"height":2560,"url":"https:\/\/lobosnews.com.ar\/wp-content\/uploads\/2026\/09\/murio-oveja-stec-historico-percusionista-de-los-palmeras-gracias-por-tantos-momentos-8-scaled.jpg","type":"image\/jpeg"}],"author":"admin","twitter_card":"summary_large_image","twitter_misc":{"Escrito por":"admin","Tiempo de lectura":"4 minutos"},"schema":{"@context":"https:\/\/schema.org","@graph":[{"@type":"Article","@id":"https:\/\/lobosnews.com.ar\/index.php\/2026\/09\/05\/murio-oveja-stec-historico-percusionista-de-los-palmeras-gracias-por-tantos-momentos\/#article","isPartOf":{"@id":"https:\/\/lobosnews.com.ar\/index.php\/2026\/09\/05\/murio-oveja-stec-historico-percusionista-de-los-palmeras-gracias-por-tantos-momentos\/"},"author":{"name":"admin","@id":"https:\/\/lobosnews.com.ar\/#\/schema\/person\/232422a593d5c541dd9aef6aaed10943"},"headline":"Muri\u00f3 Oveja Stec, hist\u00f3rico percusionista de Los Palmeras: \u201cGracias por tantos momentos\u201d","datePublished":"2026-09-05T16:47:14+00:00","dateModified":"2026-09-05T22:09:38+00:00","mainEntityOfPage":{"@id":"https:\/\/lobosnews.com.ar\/index.php\/2026\/09\/05\/murio-oveja-stec-historico-percusionista-de-los-palmeras-gracias-por-tantos-momentos\/"},"wordCount":825,"commentCount":0,"publisher":{"@id":"https:\/\/lobosnews.com.ar\/#organization"},"image":{"@id":"https:\/\/lobosnews.com.ar\/index.php\/2026\/09\/05\/murio-oveja-stec-historico-percusionista-de-los-palmeras-gracias-por-tantos-momentos\/#primaryimage"},"thumbnailUrl":"https:\/\/lobosnews.com.ar\/wp-content\/uploads\/2026\/09\/murio-oveja-stec-historico-percusionista-de-los-palmeras-gracias-por-tantos-momentos-8-scaled.jpg","articleSection":["Cine y Series"],"inLanguage":"es","potentialAction":[{"@type":"CommentAction","name":"Comment","target":["https:\/\/lobosnews.com.ar\/index.php\/2026\/09\/05\/murio-oveja-stec-historico-percusionista-de-los-palmeras-gracias-por-tantos-momentos\/#respond"]}]},{"@type":"WebPage","@id":"https:\/\/lobosnews.com.ar\/index.php\/2026\/09\/05\/murio-oveja-stec-historico-percusionista-de-los-palmeras-gracias-por-tantos-momentos\/","url":"https:\/\/lobosnews.com.ar\/index.php\/2026\/09\/05\/murio-oveja-stec-historico-percusionista-de-los-palmeras-gracias-por-tantos-momentos\/","name":"Muri\u00f3 Oveja Stec, hist\u00f3rico percusionista de Los Palmeras: \u201cGracias por tantos momentos\u201d - Lobos News","isPartOf":{"@id":"https:\/\/lobosnews.com.ar\/#website"},"primaryImageOfPage":{"@id":"https:\/\/lobosnews.com.ar\/index.php\/2026\/09\/05\/murio-oveja-stec-historico-percusionista-de-los-palmeras-gracias-por-tantos-momentos\/#primaryimage"},"image":{"@id":"https:\/\/lobosnews.com.ar\/index.php\/2026\/09\/05\/murio-oveja-stec-historico-percusionista-de-los-palmeras-gracias-por-tantos-momentos\/#primaryimage"},"thumbnailUrl":"https:\/\/lobosnews.com.ar\/wp-content\/uploads\/2026\/09\/murio-oveja-stec-historico-percusionista-de-los-palmeras-gracias-por-tantos-momentos-8-scaled.jpg","datePublished":"2026-09-05T16:47:14+00:00","dateModified":"2026-09-05T22:09:38+00:00","breadcrumb":{"@id":"https:\/\/lobosnews.com.ar\/index.php\/2026\/09\/05\/murio-oveja-stec-historico-percusionista-de-los-palmeras-gracias-por-tantos-momentos\/#breadcrumb"},"inLanguage":"es","potentialAction":[{"@type":"ReadAction","target":["https:\/\/lobosnews.com.ar\/index.php\/2026\/09\/05\/murio-oveja-stec-historico-percusionista-de-los-palmeras-gracias-por-tantos-momentos\/"]}]},{"@type":"ImageObject","inLanguage":"es","@id":"https:\/\/lobosnews.com.ar\/index.php\/2026\/09\/05\/murio-oveja-stec-historico-percusionista-de-los-palmeras-gracias-por-tantos-momentos\/#primaryimage","url":"https:\/\/lobosnews.com.ar\/wp-content\/uploads\/2026\/09\/murio-oveja-stec-historico-percusionista-de-los-palmeras-gracias-por-tantos-momentos-8-scaled.jpg","contentUrl":"https:\/\/lobosnews.com.ar\/wp-content\/uploads\/2026\/09\/murio-oveja-stec-historico-percusionista-de-los-palmeras-gracias-por-tantos-momentos-8-scaled.jpg","width":1779,"height":2560,"caption":"Muri\u00f3 Oveja Stec, hist\u00f3rico percusionista de Los Palmeras: \u201cGracias por tantos momentos\u201d"},{"@type":"BreadcrumbList","@id":"https:\/\/lobosnews.com.ar\/index.php\/2026\/09\/05\/murio-oveja-stec-historico-percusionista-de-los-palmeras-gracias-por-tantos-momentos\/#breadcrumb","itemListElement":[{"@type":"ListItem","position":1,"name":"Portada","item":"https:\/\/lobosnews.com.ar\/"},{"@type":"ListItem","position":2,"name":"Muri\u00f3 Oveja Stec, hist\u00f3rico percusionista de Los Palmeras: \u201cGracias por tantos momentos\u201d"}]},{"@type":"WebSite","@id":"https:\/\/lobosnews.com.ar\/#website","url":"https:\/\/lobosnews.com.ar\/","name":"Lobos News","description":"Informaci\u00f3n a cada instante","publisher":{"@id":"https:\/\/lobosnews.com.ar\/#organization"},"potentialAction":[{"@type":"SearchAction","target":{"@type":"EntryPoint","urlTemplate":"https:\/\/lobosnews.com.ar\/?s={search_term_string}"},"query-input":{"@type":"PropertyValueSpecification","valueRequired":true,"valueName":"search_term_string"}}],"inLanguage":"es"},{"@type":"Organization","@id":"https:\/\/lobosnews.com.ar\/#organization","name":"Lobos News","url":"https:\/\/lobosnews.com.ar\/","logo":{"@type":"ImageObject","inLanguage":"es","@id":"https:\/\/lobosnews.com.ar\/#\/schema\/logo\/image\/","url":"https:\/\/lobosnews.com.ar\/wp-content\/uploads\/2026\/01\/logo-lobosnews.png","contentUrl":"https:\/\/lobosnews.com.ar\/wp-content\/uploads\/2026\/01\/logo-lobosnews.png","width":500,"height":200,"caption":"Lobos News"},"image":{"@id":"https:\/\/lobosnews.com.ar\/#\/schema\/logo\/image\/"}},{"@type":"Person","@id":"https:\/\/lobosnews.com.ar\/#\/schema\/person\/232422a593d5c541dd9aef6aaed10943","name":"admin","image":{"@type":"ImageObject","inLanguage":"es","@id":"https:\/\/secure.gravatar.com\/avatar\/76e419471a2083bc3ceab22a763dbbf9b0c1bd15a6214cf3280e2c2dde4580f9?s=96&d=mm&r=g","url":"https:\/\/secure.gravatar.com\/avatar\/76e419471a2083bc3ceab22a763dbbf9b0c1bd15a6214cf3280e2c2dde4580f9?s=96&d=mm&r=g","contentUrl":"https:\/\/secure.gravatar.com\/avatar\/76e419471a2083bc3ceab22a763dbbf9b0c1bd15a6214cf3280e2c2dde4580f9?s=96&d=mm&r=g","caption":"admin"},"sameAs":["https:\/\/lobosnews.com.ar"],"url":"https:\/\/lobosnews.com.ar\/index.php\/author\/lobos-news\/"}]}},"jetpack_featured_media_url":"https:\/\/lobosnews.com.ar\/wp-content\/uploads\/2026\/09\/murio-oveja-stec-historico-percusionista-de-los-palmeras-gracias-por-tantos-momentos-8-scaled.jpg","jetpack_sharing_enabled":true,"_links":{"self":[{"href":"https:\/\/lobosnews.com.ar\/index.php\/wp-json\/wp\/v2\/posts\/97899","targetHints":{"allow":["GET"]}}],"collection":[{"href":"https:\/\/lobosnews.com.ar\/index.php\/wp-json\/wp\/v2\/posts"}],"about":[{"href":"https:\/\/lobosnews.com.ar\/index.php\/wp-json\/wp\/v2\/types\/post"}],"author":[{"embeddable":true,"href":"https:\/\/lobosnews.com.ar\/index.php\/wp-json\/wp\/v2\/users\/1"}],"replies":[{"embeddable":true,"href":"https:\/\/lobosnews.com.ar\/index.php\/wp-json\/wp\/v2\/comments?post=97899"}],"version-history":[{"count":1,"href":"https:\/\/lobosnews.com.ar\/index.php\/wp-json\/wp\/v2\/posts\/97899\/revisions"}],"predecessor-version":[{"id":97905,"href":"https:\/\/lobosnews.com.ar\/index.php\/wp-json\/wp\/v2\/posts\/97899\/revisions\/97905"}],"wp:featuredmedia":[{"embeddable":true,"href":"https:\/\/lobosnews.com.ar\/index.php\/wp-json\/wp\/v2\/media\/97906"}],"wp:attachment":[{"href":"https:\/\/lobosnews.com.ar\/index.php\/wp-json\/wp\/v2\/media?parent=97899"}],"wp:term":[{"taxonomy":"category","embeddable":true,"href":"https:\/\/lobosnews.com.ar\/index.php\/wp-json\/wp\/v2\/categories?post=97899"},{"taxonomy":"post_tag","embeddable":true,"href":"https:\/\/lobosnews.com.ar\/index.php\/wp-json\/wp\/v2\/tags?post=97899"}],"curies":[{"name":"wp","href":"https:\/\/api.w.org\/{rel}","templated":true}]}}