{"id":9789,"date":"2026-01-21T18:46:21","date_gmt":"2026-01-21T18:46:21","guid":{"rendered":"https:\/\/lobosnews.com.ar\/index.php\/2026\/01\/21\/las-vacaciones-magicas-de-el-polaco-y-barby-silenzi-con-su-hija-abril-en-disney\/"},"modified":"2026-01-21T23:01:13","modified_gmt":"2026-01-21T23:01:13","slug":"las-vacaciones-magicas-de-el-polaco-y-barby-silenzi-con-su-hija-abril-en-disney","status":"publish","type":"post","link":"https:\/\/lobosnews.com.ar\/index.php\/2026\/01\/21\/las-vacaciones-magicas-de-el-polaco-y-barby-silenzi-con-su-hija-abril-en-disney\/","title":{"rendered":"Las vacaciones m\u00e1gicas de El Polaco y Barby Silenzi con su hija Abril en Disney"},"content":{"rendered":"<p>El 2026 arranc\u00f3 con emociones intensas para <span class=\"waslinkname\"><b>El Polaco<\/b><\/span>, tanto en el plano personal como en el laboral. Entre shows, la pol\u00e9mica por la relaci\u00f3n con <span class=\"waslinkname\">su hija junto a <b>Valeria Aquino<\/b> <\/span>y los rumores sobre una aparente crisis con<span class=\"waslinkname\"> <b>Barby Silenzi<\/b><\/span>, el cantante decidi\u00f3 poner un freno, desconectarse del ruido medi\u00e1tico y recargar energ\u00edas. Pero este cambio de rumbo no lo hizo solo: <b>lo acompa\u00f1aron Barby y su hija en com\u00fan, Abril, en un viaje so\u00f1ado a los parques tem\u00e1ticos de Disney<\/b>, en Estados Unidos.<\/p>\n<p>La llegada al destino fue celebrada con humor y alegr\u00eda en Instagram, donde El Polaco comparti\u00f3 una publicaci\u00f3n conjunta con Barby. El video, editado con ingenio, los mostr\u00f3 <b>corriendo por turnos desde el aeropuerto hasta el ic\u00f3nico castillo de Cenicienta en<\/b> <b>Magic Kingdom<\/b>, musicalizado con \u201cHakuna Matata\u201d, la canci\u00f3n emblem\u00e1tica de <span class=\"waslinkname\"><i><b>El Rey Le\u00f3n<\/b><\/i><\/span>. Finalmente, la familia se reuni\u00f3 a las puertas del castillo para dar inicio a las vacaciones, mostrando la complicidad y el buen clima que hoy atraviesa al clan.<\/p>\n<p><img loading=\"lazy\" decoding=\"async\" src=\"https:\/\/lobosnews.com.ar\/wp-content\/uploads\/2026\/01\/las-vacaciones-magicas-de-el-polaco-y-barby-silenzi-con-su-hija-abril-en-disney.jpg\" alt=\"Al momento de su llegada, la bailarina y el cantante posaron a metros del castillo de la Cenicienta\" height=\"862\" width=\"483\"\/><\/p>\n<p>Las postales de la aventura no tardaron en multiplicarse. En una imagen,<b> todos posaron frente al monumento a <\/b><span class=\"waslinkname\"><b>Walt Disney<\/b> <\/span>y <b>Mickey Mouse<\/b>, s\u00edmbolo del universo m\u00e1gico que conquista a grandes y chicos. M\u00e1s tarde, Barby comparti\u00f3 una foto de <b>Abril disfrutando de su desayuno: dos wafles con la forma del famoso rat\u00f3n<\/b>, mientras la ni\u00f1a sonre\u00eda a la c\u00e1mara. La bailarina tambi\u00e9n mostr\u00f3 los momentos de relax en la habitaci\u00f3n, cuando la familia aprovech\u00f3 para ver pel\u00edculas de Disney en la pantalla del hotel, completando as\u00ed la experiencia de fantas\u00eda.<\/p>\n<p>No es la primera vez que El Polaco cumple el sue\u00f1o de visitar Orlando. <span class=\"waslinkname\">En abril de 2018, el cantante viaj\u00f3 a Disney junto a sus hijas <\/span><b>Sol<\/b>, fruto de su relaci\u00f3n con<span class=\"waslinkname\"> <b>Karina La Princesita<\/b><\/span>, <b>Alma<\/b>, nacida de su historia con <span class=\"waslinkname\"><b>Valeria Aquino<\/b><\/span>, <b>y su hermano Jonathan<\/b>.\u201cSue\u00f1o cumplido. <b>Pensar que de chico uno so\u00f1aba con estar en Disney. Hoy de grande, mi felicidad es la de ellas<\/b>, que con esfuerzo, dedicaci\u00f3n y con la ayuda de Dios pude cumplirlo y pueden disfrutar de algo tan hermoso. Dios, hoy no te pido nada, te agradezco\u201d, escribi\u00f3 junto a fotos del paseo familiar.<\/p>\n<p><img loading=\"lazy\" decoding=\"async\" src=\"https:\/\/lobosnews.com.ar\/wp-content\/uploads\/2026\/01\/las-vacaciones-magicas-de-el-polaco-y-barby-silenzi-con-su-hija-abril-en-disney-1.jpg\" alt=\"Abril disfrut\u00f3 de su desayuno con tem\u00e1tica del reconocido Mickey Mouse\" height=\"1137\" width=\"640\"\/><\/p>\n<p>El presente, sin embargo, tiene un condimento especial. Este viaje con Silenzi se da <span class=\"waslinkname\">en medio de versiones que hablan de una posible crisis<\/span>. Apenas dos semanas atr\u00e1s, Barby public\u00f3 una frase que dio qu\u00e9 hablar. \u201c<b>Amigos-compa\u00f1eros-novios-amantes. Qu\u00e9 lindo encontrar todo en vos. Te amo<\/b>\u201d, lo que fue interpretado por muchos como una confirmaci\u00f3n de la vigencia del v\u00ednculo y de la dificultad de ponerle un r\u00f3tulo definitivo a la relaci\u00f3n.<\/p>\n<p><b>El historial sentimental entre Barby y El Polaco ha estado marcado por altibajos<\/b>, separaciones, rumores de terceros y exposiciones medi\u00e1ticas continuas. En el pasado reciente, incluso, algunas fuentes se\u00f1alaron un posible acercamiento entre el artista y la cantante <b>Dalila<\/b> durante un per\u00edodo de distanciamiento con Barby. Sin embargo, el tiempo y los afectos terminaron por acercarlos nuevamente.<\/p>\n<p><img loading=\"lazy\" decoding=\"async\" src=\"https:\/\/lobosnews.com.ar\/wp-content\/uploads\/2026\/01\/las-vacaciones-magicas-de-el-polaco-y-barby-silenzi-con-su-hija-abril-en-disney-2.jpg\" alt=\"Tambi\u00e9n el descanso tuvo lugar durante sus primeros momentos en Disney (Instagram)\" height=\"852\" width=\"487\"\/><\/p>\n<p><span class=\"waslinkname\">Consultado a fines del a\u00f1o pasado en el programa <i><b>Bondi<\/b><\/i><\/span>, El Polaco abord\u00f3 el presente de su vida amorosa con honestidad. \u201c<b>Estamos bien, estamos juntos. Ahora estamos juntos<\/b>. Siempre nuestra relaci\u00f3n fue as\u00ed, medio que vamos y venimos, vamos y venimos\u201d, reconoci\u00f3, dejando en claro que el v\u00ednculo con Barby no es f\u00e1cil de encasillar, pero que ambos apuestan a la familia y al reencuentro.<\/p>\n<p>As\u00ed, lejos de las pol\u00e9micas y los flashes, El Polaco apuesta por lo esencial: el tiempo compartido, la alegr\u00eda de ver crecer a su hija y la chance de crear recuerdos felices. El 2026 lo encuentra entre shows, reconciliaciones y nuevas aventuras familiares, con el deseo de que esta etapa marque un nuevo rumbo y le permita disfrutar de lo m\u00e1s valioso: la uni\u00f3n y el amor de los suyos.<\/p>\n","protected":false},"excerpt":{"rendered":"<p>El 2026 arranc\u00f3 con emociones intensas para El Polaco, tanto en el plano personal como en el laboral. Entre shows, la pol\u00e9mica por la relaci\u00f3n con su hija junto a Valeria Aquino y los rumores sobre una aparente crisis con Barby Silenzi, el cantante decidi\u00f3 poner un freno, desconectarse del ruido medi\u00e1tico y recargar energ\u00edas&#8230;.<\/p>\n","protected":false},"author":1,"featured_media":9794,"comment_status":"open","ping_status":"closed","sticky":false,"template":"","format":"standard","meta":{"_jetpack_memberships_contains_paid_content":false,"footnotes":""},"categories":[79],"tags":[],"class_list":["post-9789","post","type-post","status-publish","format-standard","has-post-thumbnail","hentry","category-cine-y-series"],"magazineBlocksPostFeaturedMedia":{"thumbnail":"https:\/\/lobosnews.com.ar\/wp-content\/uploads\/2026\/01\/las-vacaciones-magicas-de-el-polaco-y-barby-silenzi-con-su-hija-abril-en-disney-4-150x150.jpg","medium":"https:\/\/lobosnews.com.ar\/wp-content\/uploads\/2026\/01\/las-vacaciones-magicas-de-el-polaco-y-barby-silenzi-con-su-hija-abril-en-disney-4-171x300.jpg","medium_large":"https:\/\/lobosnews.com.ar\/wp-content\/uploads\/2026\/01\/las-vacaciones-magicas-de-el-polaco-y-barby-silenzi-con-su-hija-abril-en-disney-4.jpg","large":"https:\/\/lobosnews.com.ar\/wp-content\/uploads\/2026\/01\/las-vacaciones-magicas-de-el-polaco-y-barby-silenzi-con-su-hija-abril-en-disney-4.jpg","1536x1536":"https:\/\/lobosnews.com.ar\/wp-content\/uploads\/2026\/01\/las-vacaciones-magicas-de-el-polaco-y-barby-silenzi-con-su-hija-abril-en-disney-4.jpg","2048x2048":"https:\/\/lobosnews.com.ar\/wp-content\/uploads\/2026\/01\/las-vacaciones-magicas-de-el-polaco-y-barby-silenzi-con-su-hija-abril-en-disney-4.jpg","newsmatic-featured":"https:\/\/lobosnews.com.ar\/wp-content\/uploads\/2026\/01\/las-vacaciones-magicas-de-el-polaco-y-barby-silenzi-con-su-hija-abril-en-disney-4-487x545.jpg","newsmatic-list":"https:\/\/lobosnews.com.ar\/wp-content\/uploads\/2026\/01\/las-vacaciones-magicas-de-el-polaco-y-barby-silenzi-con-su-hija-abril-en-disney-4-487x400.jpg","newsmatic-thumb":"https:\/\/lobosnews.com.ar\/wp-content\/uploads\/2026\/01\/las-vacaciones-magicas-de-el-polaco-y-barby-silenzi-con-su-hija-abril-en-disney-4-300x200.jpg","newsmatic-small":"https:\/\/lobosnews.com.ar\/wp-content\/uploads\/2026\/01\/las-vacaciones-magicas-de-el-polaco-y-barby-silenzi-con-su-hija-abril-en-disney-4-150x95.jpg","newsmatic-grid":"https:\/\/lobosnews.com.ar\/wp-content\/uploads\/2026\/01\/las-vacaciones-magicas-de-el-polaco-y-barby-silenzi-con-su-hija-abril-en-disney-4-400x250.jpg"},"magazineBlocksPostAuthor":{"name":"admin","avatar":"https:\/\/secure.gravatar.com\/avatar\/76e419471a2083bc3ceab22a763dbbf9b0c1bd15a6214cf3280e2c2dde4580f9?s=96&d=mm&r=g"},"magazineBlocksPostCommentsNumber":"0","magazineBlocksPostExcerpt":"El 2026 arranc\u00f3 con emociones intensas para El Polaco, tanto en el plano personal como en el laboral. Entre shows, la pol\u00e9mica por la relaci\u00f3n con su hija junto a Valeria Aquino y los rumores sobre una aparente crisis con Barby Silenzi, el cantante decidi\u00f3 poner un freno, desconectarse del ruido medi\u00e1tico y recargar energ\u00edas....","magazineBlocksPostCategories":["Cine y Series"],"magazineBlocksPostViewCount":173,"magazineBlocksPostReadTime":4,"magazine_blocks_featured_image_url":{"full":["https:\/\/lobosnews.com.ar\/wp-content\/uploads\/2026\/01\/las-vacaciones-magicas-de-el-polaco-y-barby-silenzi-con-su-hija-abril-en-disney-4.jpg",487,852,false],"medium":["https:\/\/lobosnews.com.ar\/wp-content\/uploads\/2026\/01\/las-vacaciones-magicas-de-el-polaco-y-barby-silenzi-con-su-hija-abril-en-disney-4-171x300.jpg",171,300,true],"thumbnail":["https:\/\/lobosnews.com.ar\/wp-content\/uploads\/2026\/01\/las-vacaciones-magicas-de-el-polaco-y-barby-silenzi-con-su-hija-abril-en-disney-4-150x150.jpg",150,150,true]},"magazine_blocks_author":{"display_name":"admin","author_link":"https:\/\/lobosnews.com.ar\/index.php\/author\/lobos-news\/"},"magazine_blocks_comment":0,"magazine_blocks_author_image":"https:\/\/secure.gravatar.com\/avatar\/76e419471a2083bc3ceab22a763dbbf9b0c1bd15a6214cf3280e2c2dde4580f9?s=96&d=mm&r=g","magazine_blocks_category":"<a href=\"#\" class=\"category-link category-link-79\">Cine y Series<\/a>","yoast_head":"<!-- This site is optimized with the Yoast SEO plugin v26.6 - https:\/\/yoast.com\/wordpress\/plugins\/seo\/ -->\n<title>Las vacaciones m\u00e1gicas de El Polaco y Barby Silenzi con su hija Abril en Disney - Lobos News<\/title>\n<meta name=\"robots\" content=\"index, follow, max-snippet:-1, max-image-preview:large, max-video-preview:-1\" \/>\n<link rel=\"canonical\" href=\"https:\/\/lobosnews.com.ar\/index.php\/2026\/01\/21\/las-vacaciones-magicas-de-el-polaco-y-barby-silenzi-con-su-hija-abril-en-disney\/\" \/>\n<meta property=\"og:locale\" content=\"es_ES\" \/>\n<meta property=\"og:type\" content=\"article\" \/>\n<meta property=\"og:title\" content=\"Las vacaciones m\u00e1gicas de El Polaco y Barby Silenzi con su hija Abril en Disney - Lobos News\" \/>\n<meta property=\"og:description\" content=\"El 2026 arranc\u00f3 con emociones intensas para El Polaco, tanto en el plano personal como en el laboral. Entre shows, la pol\u00e9mica por la relaci\u00f3n con su hija junto a Valeria Aquino y los rumores sobre una aparente crisis con Barby Silenzi, el cantante decidi\u00f3 poner un freno, desconectarse del ruido medi\u00e1tico y recargar energ\u00edas....\" \/>\n<meta property=\"og:url\" content=\"https:\/\/lobosnews.com.ar\/index.php\/2026\/01\/21\/las-vacaciones-magicas-de-el-polaco-y-barby-silenzi-con-su-hija-abril-en-disney\/\" \/>\n<meta property=\"og:site_name\" content=\"Lobos News\" \/>\n<meta property=\"article:published_time\" content=\"2026-01-21T18:46:21+00:00\" \/>\n<meta property=\"article:modified_time\" content=\"2026-01-21T23:01:13+00:00\" \/>\n<meta property=\"og:image\" content=\"https:\/\/lobosnews.com.ar\/wp-content\/uploads\/2026\/01\/las-vacaciones-magicas-de-el-polaco-y-barby-silenzi-con-su-hija-abril-en-disney.jpg\" \/>\n<meta name=\"author\" content=\"admin\" \/>\n<meta name=\"twitter:card\" content=\"summary_large_image\" \/>\n<meta name=\"twitter:label1\" content=\"Escrito por\" \/>\n\t<meta name=\"twitter:data1\" content=\"admin\" \/>\n\t<meta name=\"twitter:label2\" content=\"Tiempo de lectura\" \/>\n\t<meta name=\"twitter:data2\" content=\"3 minutos\" \/>\n<script type=\"application\/ld+json\" class=\"yoast-schema-graph\">{\"@context\":\"https:\/\/schema.org\",\"@graph\":[{\"@type\":\"Article\",\"@id\":\"https:\/\/lobosnews.com.ar\/index.php\/2026\/01\/21\/las-vacaciones-magicas-de-el-polaco-y-barby-silenzi-con-su-hija-abril-en-disney\/#article\",\"isPartOf\":{\"@id\":\"https:\/\/lobosnews.com.ar\/index.php\/2026\/01\/21\/las-vacaciones-magicas-de-el-polaco-y-barby-silenzi-con-su-hija-abril-en-disney\/\"},\"author\":{\"name\":\"admin\",\"@id\":\"https:\/\/lobosnews.com.ar\/#\/schema\/person\/232422a593d5c541dd9aef6aaed10943\"},\"headline\":\"Las vacaciones m\u00e1gicas de El Polaco y Barby Silenzi con su hija Abril en Disney\",\"datePublished\":\"2026-01-21T18:46:21+00:00\",\"dateModified\":\"2026-01-21T23:01:13+00:00\",\"mainEntityOfPage\":{\"@id\":\"https:\/\/lobosnews.com.ar\/index.php\/2026\/01\/21\/las-vacaciones-magicas-de-el-polaco-y-barby-silenzi-con-su-hija-abril-en-disney\/\"},\"wordCount\":685,\"commentCount\":0,\"publisher\":{\"@id\":\"https:\/\/lobosnews.com.ar\/#organization\"},\"image\":{\"@id\":\"https:\/\/lobosnews.com.ar\/index.php\/2026\/01\/21\/las-vacaciones-magicas-de-el-polaco-y-barby-silenzi-con-su-hija-abril-en-disney\/#primaryimage\"},\"thumbnailUrl\":\"https:\/\/lobosnews.com.ar\/wp-content\/uploads\/2026\/01\/las-vacaciones-magicas-de-el-polaco-y-barby-silenzi-con-su-hija-abril-en-disney-4.jpg\",\"articleSection\":[\"Cine y Series\"],\"inLanguage\":\"es\",\"potentialAction\":[{\"@type\":\"CommentAction\",\"name\":\"Comment\",\"target\":[\"https:\/\/lobosnews.com.ar\/index.php\/2026\/01\/21\/las-vacaciones-magicas-de-el-polaco-y-barby-silenzi-con-su-hija-abril-en-disney\/#respond\"]}]},{\"@type\":\"WebPage\",\"@id\":\"https:\/\/lobosnews.com.ar\/index.php\/2026\/01\/21\/las-vacaciones-magicas-de-el-polaco-y-barby-silenzi-con-su-hija-abril-en-disney\/\",\"url\":\"https:\/\/lobosnews.com.ar\/index.php\/2026\/01\/21\/las-vacaciones-magicas-de-el-polaco-y-barby-silenzi-con-su-hija-abril-en-disney\/\",\"name\":\"Las vacaciones m\u00e1gicas de El Polaco y Barby Silenzi con su hija Abril en Disney - Lobos News\",\"isPartOf\":{\"@id\":\"https:\/\/lobosnews.com.ar\/#website\"},\"primaryImageOfPage\":{\"@id\":\"https:\/\/lobosnews.com.ar\/index.php\/2026\/01\/21\/las-vacaciones-magicas-de-el-polaco-y-barby-silenzi-con-su-hija-abril-en-disney\/#primaryimage\"},\"image\":{\"@id\":\"https:\/\/lobosnews.com.ar\/index.php\/2026\/01\/21\/las-vacaciones-magicas-de-el-polaco-y-barby-silenzi-con-su-hija-abril-en-disney\/#primaryimage\"},\"thumbnailUrl\":\"https:\/\/lobosnews.com.ar\/wp-content\/uploads\/2026\/01\/las-vacaciones-magicas-de-el-polaco-y-barby-silenzi-con-su-hija-abril-en-disney-4.jpg\",\"datePublished\":\"2026-01-21T18:46:21+00:00\",\"dateModified\":\"2026-01-21T23:01:13+00:00\",\"breadcrumb\":{\"@id\":\"https:\/\/lobosnews.com.ar\/index.php\/2026\/01\/21\/las-vacaciones-magicas-de-el-polaco-y-barby-silenzi-con-su-hija-abril-en-disney\/#breadcrumb\"},\"inLanguage\":\"es\",\"potentialAction\":[{\"@type\":\"ReadAction\",\"target\":[\"https:\/\/lobosnews.com.ar\/index.php\/2026\/01\/21\/las-vacaciones-magicas-de-el-polaco-y-barby-silenzi-con-su-hija-abril-en-disney\/\"]}]},{\"@type\":\"ImageObject\",\"inLanguage\":\"es\",\"@id\":\"https:\/\/lobosnews.com.ar\/index.php\/2026\/01\/21\/las-vacaciones-magicas-de-el-polaco-y-barby-silenzi-con-su-hija-abril-en-disney\/#primaryimage\",\"url\":\"https:\/\/lobosnews.com.ar\/wp-content\/uploads\/2026\/01\/las-vacaciones-magicas-de-el-polaco-y-barby-silenzi-con-su-hija-abril-en-disney-4.jpg\",\"contentUrl\":\"https:\/\/lobosnews.com.ar\/wp-content\/uploads\/2026\/01\/las-vacaciones-magicas-de-el-polaco-y-barby-silenzi-con-su-hija-abril-en-disney-4.jpg\",\"width\":487,\"height\":852,\"caption\":\"Las vacaciones m\u00e1gicas de El Polaco y Barby Silenzi con su hija Abril en Disney\"},{\"@type\":\"BreadcrumbList\",\"@id\":\"https:\/\/lobosnews.com.ar\/index.php\/2026\/01\/21\/las-vacaciones-magicas-de-el-polaco-y-barby-silenzi-con-su-hija-abril-en-disney\/#breadcrumb\",\"itemListElement\":[{\"@type\":\"ListItem\",\"position\":1,\"name\":\"Portada\",\"item\":\"https:\/\/lobosnews.com.ar\/\"},{\"@type\":\"ListItem\",\"position\":2,\"name\":\"Las vacaciones m\u00e1gicas de El Polaco y Barby Silenzi con su hija Abril en Disney\"}]},{\"@type\":\"WebSite\",\"@id\":\"https:\/\/lobosnews.com.ar\/#website\",\"url\":\"https:\/\/lobosnews.com.ar\/\",\"name\":\"Lobos News\",\"description\":\"Informaci\u00f3n a cada instante\",\"publisher\":{\"@id\":\"https:\/\/lobosnews.com.ar\/#organization\"},\"potentialAction\":[{\"@type\":\"SearchAction\",\"target\":{\"@type\":\"EntryPoint\",\"urlTemplate\":\"https:\/\/lobosnews.com.ar\/?s={search_term_string}\"},\"query-input\":{\"@type\":\"PropertyValueSpecification\",\"valueRequired\":true,\"valueName\":\"search_term_string\"}}],\"inLanguage\":\"es\"},{\"@type\":\"Organization\",\"@id\":\"https:\/\/lobosnews.com.ar\/#organization\",\"name\":\"Lobos News\",\"url\":\"https:\/\/lobosnews.com.ar\/\",\"logo\":{\"@type\":\"ImageObject\",\"inLanguage\":\"es\",\"@id\":\"https:\/\/lobosnews.com.ar\/#\/schema\/logo\/image\/\",\"url\":\"https:\/\/lobosnews.com.ar\/wp-content\/uploads\/2026\/01\/logo-lobosnews.png\",\"contentUrl\":\"https:\/\/lobosnews.com.ar\/wp-content\/uploads\/2026\/01\/logo-lobosnews.png\",\"width\":500,\"height\":200,\"caption\":\"Lobos News\"},\"image\":{\"@id\":\"https:\/\/lobosnews.com.ar\/#\/schema\/logo\/image\/\"}},{\"@type\":\"Person\",\"@id\":\"https:\/\/lobosnews.com.ar\/#\/schema\/person\/232422a593d5c541dd9aef6aaed10943\",\"name\":\"admin\",\"image\":{\"@type\":\"ImageObject\",\"inLanguage\":\"es\",\"@id\":\"https:\/\/lobosnews.com.ar\/#\/schema\/person\/image\/\",\"url\":\"https:\/\/secure.gravatar.com\/avatar\/76e419471a2083bc3ceab22a763dbbf9b0c1bd15a6214cf3280e2c2dde4580f9?s=96&d=mm&r=g\",\"contentUrl\":\"https:\/\/secure.gravatar.com\/avatar\/76e419471a2083bc3ceab22a763dbbf9b0c1bd15a6214cf3280e2c2dde4580f9?s=96&d=mm&r=g\",\"caption\":\"admin\"},\"sameAs\":[\"https:\/\/lobosnews.com.ar\"],\"url\":\"https:\/\/lobosnews.com.ar\/index.php\/author\/lobos-news\/\"}]}<\/script>\n<!-- \/ Yoast SEO plugin. -->","yoast_head_json":{"title":"Las vacaciones m\u00e1gicas de El Polaco y Barby Silenzi con su hija Abril en Disney - Lobos News","robots":{"index":"index","follow":"follow","max-snippet":"max-snippet:-1","max-image-preview":"max-image-preview:large","max-video-preview":"max-video-preview:-1"},"canonical":"https:\/\/lobosnews.com.ar\/index.php\/2026\/01\/21\/las-vacaciones-magicas-de-el-polaco-y-barby-silenzi-con-su-hija-abril-en-disney\/","og_locale":"es_ES","og_type":"article","og_title":"Las vacaciones m\u00e1gicas de El Polaco y Barby Silenzi con su hija Abril en Disney - Lobos News","og_description":"El 2026 arranc\u00f3 con emociones intensas para El Polaco, tanto en el plano personal como en el laboral. Entre shows, la pol\u00e9mica por la relaci\u00f3n con su hija junto a Valeria Aquino y los rumores sobre una aparente crisis con Barby Silenzi, el cantante decidi\u00f3 poner un freno, desconectarse del ruido medi\u00e1tico y recargar energ\u00edas....","og_url":"https:\/\/lobosnews.com.ar\/index.php\/2026\/01\/21\/las-vacaciones-magicas-de-el-polaco-y-barby-silenzi-con-su-hija-abril-en-disney\/","og_site_name":"Lobos News","article_published_time":"2026-01-21T18:46:21+00:00","article_modified_time":"2026-01-21T23:01:13+00:00","og_image":[{"url":"https:\/\/lobosnews.com.ar\/wp-content\/uploads\/2026\/01\/las-vacaciones-magicas-de-el-polaco-y-barby-silenzi-con-su-hija-abril-en-disney.jpg","type":"","width":"","height":""}],"author":"admin","twitter_card":"summary_large_image","twitter_misc":{"Escrito por":"admin","Tiempo de lectura":"3 minutos"},"schema":{"@context":"https:\/\/schema.org","@graph":[{"@type":"Article","@id":"https:\/\/lobosnews.com.ar\/index.php\/2026\/01\/21\/las-vacaciones-magicas-de-el-polaco-y-barby-silenzi-con-su-hija-abril-en-disney\/#article","isPartOf":{"@id":"https:\/\/lobosnews.com.ar\/index.php\/2026\/01\/21\/las-vacaciones-magicas-de-el-polaco-y-barby-silenzi-con-su-hija-abril-en-disney\/"},"author":{"name":"admin","@id":"https:\/\/lobosnews.com.ar\/#\/schema\/person\/232422a593d5c541dd9aef6aaed10943"},"headline":"Las vacaciones m\u00e1gicas de El Polaco y Barby Silenzi con su hija Abril en Disney","datePublished":"2026-01-21T18:46:21+00:00","dateModified":"2026-01-21T23:01:13+00:00","mainEntityOfPage":{"@id":"https:\/\/lobosnews.com.ar\/index.php\/2026\/01\/21\/las-vacaciones-magicas-de-el-polaco-y-barby-silenzi-con-su-hija-abril-en-disney\/"},"wordCount":685,"commentCount":0,"publisher":{"@id":"https:\/\/lobosnews.com.ar\/#organization"},"image":{"@id":"https:\/\/lobosnews.com.ar\/index.php\/2026\/01\/21\/las-vacaciones-magicas-de-el-polaco-y-barby-silenzi-con-su-hija-abril-en-disney\/#primaryimage"},"thumbnailUrl":"https:\/\/lobosnews.com.ar\/wp-content\/uploads\/2026\/01\/las-vacaciones-magicas-de-el-polaco-y-barby-silenzi-con-su-hija-abril-en-disney-4.jpg","articleSection":["Cine y Series"],"inLanguage":"es","potentialAction":[{"@type":"CommentAction","name":"Comment","target":["https:\/\/lobosnews.com.ar\/index.php\/2026\/01\/21\/las-vacaciones-magicas-de-el-polaco-y-barby-silenzi-con-su-hija-abril-en-disney\/#respond"]}]},{"@type":"WebPage","@id":"https:\/\/lobosnews.com.ar\/index.php\/2026\/01\/21\/las-vacaciones-magicas-de-el-polaco-y-barby-silenzi-con-su-hija-abril-en-disney\/","url":"https:\/\/lobosnews.com.ar\/index.php\/2026\/01\/21\/las-vacaciones-magicas-de-el-polaco-y-barby-silenzi-con-su-hija-abril-en-disney\/","name":"Las vacaciones m\u00e1gicas de El Polaco y Barby Silenzi con su hija Abril en Disney - Lobos News","isPartOf":{"@id":"https:\/\/lobosnews.com.ar\/#website"},"primaryImageOfPage":{"@id":"https:\/\/lobosnews.com.ar\/index.php\/2026\/01\/21\/las-vacaciones-magicas-de-el-polaco-y-barby-silenzi-con-su-hija-abril-en-disney\/#primaryimage"},"image":{"@id":"https:\/\/lobosnews.com.ar\/index.php\/2026\/01\/21\/las-vacaciones-magicas-de-el-polaco-y-barby-silenzi-con-su-hija-abril-en-disney\/#primaryimage"},"thumbnailUrl":"https:\/\/lobosnews.com.ar\/wp-content\/uploads\/2026\/01\/las-vacaciones-magicas-de-el-polaco-y-barby-silenzi-con-su-hija-abril-en-disney-4.jpg","datePublished":"2026-01-21T18:46:21+00:00","dateModified":"2026-01-21T23:01:13+00:00","breadcrumb":{"@id":"https:\/\/lobosnews.com.ar\/index.php\/2026\/01\/21\/las-vacaciones-magicas-de-el-polaco-y-barby-silenzi-con-su-hija-abril-en-disney\/#breadcrumb"},"inLanguage":"es","potentialAction":[{"@type":"ReadAction","target":["https:\/\/lobosnews.com.ar\/index.php\/2026\/01\/21\/las-vacaciones-magicas-de-el-polaco-y-barby-silenzi-con-su-hija-abril-en-disney\/"]}]},{"@type":"ImageObject","inLanguage":"es","@id":"https:\/\/lobosnews.com.ar\/index.php\/2026\/01\/21\/las-vacaciones-magicas-de-el-polaco-y-barby-silenzi-con-su-hija-abril-en-disney\/#primaryimage","url":"https:\/\/lobosnews.com.ar\/wp-content\/uploads\/2026\/01\/las-vacaciones-magicas-de-el-polaco-y-barby-silenzi-con-su-hija-abril-en-disney-4.jpg","contentUrl":"https:\/\/lobosnews.com.ar\/wp-content\/uploads\/2026\/01\/las-vacaciones-magicas-de-el-polaco-y-barby-silenzi-con-su-hija-abril-en-disney-4.jpg","width":487,"height":852,"caption":"Las vacaciones m\u00e1gicas de El Polaco y Barby Silenzi con su hija Abril en Disney"},{"@type":"BreadcrumbList","@id":"https:\/\/lobosnews.com.ar\/index.php\/2026\/01\/21\/las-vacaciones-magicas-de-el-polaco-y-barby-silenzi-con-su-hija-abril-en-disney\/#breadcrumb","itemListElement":[{"@type":"ListItem","position":1,"name":"Portada","item":"https:\/\/lobosnews.com.ar\/"},{"@type":"ListItem","position":2,"name":"Las vacaciones m\u00e1gicas de El Polaco y Barby Silenzi con su hija Abril en Disney"}]},{"@type":"WebSite","@id":"https:\/\/lobosnews.com.ar\/#website","url":"https:\/\/lobosnews.com.ar\/","name":"Lobos News","description":"Informaci\u00f3n a cada instante","publisher":{"@id":"https:\/\/lobosnews.com.ar\/#organization"},"potentialAction":[{"@type":"SearchAction","target":{"@type":"EntryPoint","urlTemplate":"https:\/\/lobosnews.com.ar\/?s={search_term_string}"},"query-input":{"@type":"PropertyValueSpecification","valueRequired":true,"valueName":"search_term_string"}}],"inLanguage":"es"},{"@type":"Organization","@id":"https:\/\/lobosnews.com.ar\/#organization","name":"Lobos News","url":"https:\/\/lobosnews.com.ar\/","logo":{"@type":"ImageObject","inLanguage":"es","@id":"https:\/\/lobosnews.com.ar\/#\/schema\/logo\/image\/","url":"https:\/\/lobosnews.com.ar\/wp-content\/uploads\/2026\/01\/logo-lobosnews.png","contentUrl":"https:\/\/lobosnews.com.ar\/wp-content\/uploads\/2026\/01\/logo-lobosnews.png","width":500,"height":200,"caption":"Lobos News"},"image":{"@id":"https:\/\/lobosnews.com.ar\/#\/schema\/logo\/image\/"}},{"@type":"Person","@id":"https:\/\/lobosnews.com.ar\/#\/schema\/person\/232422a593d5c541dd9aef6aaed10943","name":"admin","image":{"@type":"ImageObject","inLanguage":"es","@id":"https:\/\/lobosnews.com.ar\/#\/schema\/person\/image\/","url":"https:\/\/secure.gravatar.com\/avatar\/76e419471a2083bc3ceab22a763dbbf9b0c1bd15a6214cf3280e2c2dde4580f9?s=96&d=mm&r=g","contentUrl":"https:\/\/secure.gravatar.com\/avatar\/76e419471a2083bc3ceab22a763dbbf9b0c1bd15a6214cf3280e2c2dde4580f9?s=96&d=mm&r=g","caption":"admin"},"sameAs":["https:\/\/lobosnews.com.ar"],"url":"https:\/\/lobosnews.com.ar\/index.php\/author\/lobos-news\/"}]}},"jetpack_featured_media_url":"https:\/\/lobosnews.com.ar\/wp-content\/uploads\/2026\/01\/las-vacaciones-magicas-de-el-polaco-y-barby-silenzi-con-su-hija-abril-en-disney-4.jpg","jetpack_sharing_enabled":true,"_links":{"self":[{"href":"https:\/\/lobosnews.com.ar\/index.php\/wp-json\/wp\/v2\/posts\/9789","targetHints":{"allow":["GET"]}}],"collection":[{"href":"https:\/\/lobosnews.com.ar\/index.php\/wp-json\/wp\/v2\/posts"}],"about":[{"href":"https:\/\/lobosnews.com.ar\/index.php\/wp-json\/wp\/v2\/types\/post"}],"author":[{"embeddable":true,"href":"https:\/\/lobosnews.com.ar\/index.php\/wp-json\/wp\/v2\/users\/1"}],"replies":[{"embeddable":true,"href":"https:\/\/lobosnews.com.ar\/index.php\/wp-json\/wp\/v2\/comments?post=9789"}],"version-history":[{"count":1,"href":"https:\/\/lobosnews.com.ar\/index.php\/wp-json\/wp\/v2\/posts\/9789\/revisions"}],"predecessor-version":[{"id":9793,"href":"https:\/\/lobosnews.com.ar\/index.php\/wp-json\/wp\/v2\/posts\/9789\/revisions\/9793"}],"wp:featuredmedia":[{"embeddable":true,"href":"https:\/\/lobosnews.com.ar\/index.php\/wp-json\/wp\/v2\/media\/9794"}],"wp:attachment":[{"href":"https:\/\/lobosnews.com.ar\/index.php\/wp-json\/wp\/v2\/media?parent=9789"}],"wp:term":[{"taxonomy":"category","embeddable":true,"href":"https:\/\/lobosnews.com.ar\/index.php\/wp-json\/wp\/v2\/categories?post=9789"},{"taxonomy":"post_tag","embeddable":true,"href":"https:\/\/lobosnews.com.ar\/index.php\/wp-json\/wp\/v2\/tags?post=9789"}],"curies":[{"name":"wp","href":"https:\/\/api.w.org\/{rel}","templated":true}]}}