{"id":9785,"date":"2026-01-21T20:12:12","date_gmt":"2026-01-21T20:12:12","guid":{"rendered":"https:\/\/lobosnews.com.ar\/index.php\/2026\/01\/21\/sabrina-rojas-hablo-de-su-postura-ante-la-polemica-de-griselda-siciliani-y-luciano-castro-yo-opino-con-la-verdad\/"},"modified":"2026-01-21T23:01:08","modified_gmt":"2026-01-21T23:01:08","slug":"sabrina-rojas-hablo-de-su-postura-ante-la-polemica-de-griselda-siciliani-y-luciano-castro-yo-opino-con-la-verdad","status":"publish","type":"post","link":"https:\/\/lobosnews.com.ar\/index.php\/2026\/01\/21\/sabrina-rojas-hablo-de-su-postura-ante-la-polemica-de-griselda-siciliani-y-luciano-castro-yo-opino-con-la-verdad\/","title":{"rendered":"Sabrina Rojas habl\u00f3 de su postura ante la pol\u00e9mica de Griselda Siciliani y Luciano Castro: \u201cYo opino con la verdad\u201d"},"content":{"rendered":"<p>La exposici\u00f3n medi\u00e1tica de las figuras del espect\u00e1culo volvi\u00f3 a encenderse <span class=\"waslinkname\">en medio de la crisis entre<\/span> <span class=\"waslinkname\"><b>Griselda Siciliani<\/b><\/span> y <span class=\"waslinkname\"><b>Luciano Castro<\/b><\/span>. En medio de este escenario, las palabras de <span class=\"waslinkname\"><b>Sabrina Rojas<\/b><\/span>, expareja del actor y madre de sus hijas, contin\u00faan haciendo eco. Y, en medio de opiniones cruzadas, <b>sali\u00f3 a defender su postura en plena emisi\u00f3n de <\/b><i><b>Intrusos<\/b><\/i><b> <\/b>(Am\u00e9rica).<\/p>\n<p><b>Sabrina<\/b> <b>fue consultada por su postura ante el tratamiento<\/b> a la situaci\u00f3n de su expareja. En ese sentido, fue sincera sobre el desgaste que le implica. \u201cNo, <b>es que hace falta desintoxicarme porque de verdad yo me asqueo de m\u00ed<\/b>. Digo, al tener dos programas en vivo, que es inevitable tocar el tema&#8230;\u201d, reconoci\u00f3.<\/p>\n<p>La exposici\u00f3n constante no le da respiro y el ciclo de preguntas se repite. \u201c<b>Yo s\u00e9 que lo que digo trae coletazo, pero si encima despu\u00e9s de eso se hace la nota de\u2026 <\/b>Uno tiene que hacerlo para estar agradecida, pero no se termina m\u00e1s\u201d, agreg\u00f3, admitiendo su cansancio frente a la insistencia de la prensa por obtener su opini\u00f3n sobre el tema. M\u00e1s adelante, intent\u00f3 marcar una diferencia en esta nueva etapa profesional: \u201c<b>Yo ya estoy de este lado y lo estoy disfrutando<\/b>\u201d.<\/p>\n<p><img loading=\"lazy\" decoding=\"async\" src=\"https:\/\/lobosnews.com.ar\/wp-content\/uploads\/2026\/01\/sabrina-rojas-hablo-de-su-postura-ante-la-polemica-de-griselda-siciliani-y-luciano-castro-yo-opino-con-la-verdad.jpg\" alt=\"\"Yo solamente opino lo que la producci\u00f3n presenta\", se\u00f1al\u00f3 Rojas respecto a su postura sobre la pol\u00e9mica entre Siciliani y Castro (Captura de La Ma\u00f1ana con Moria)\" height=\"1080\" width=\"1920\"\/><\/p>\n<p>En la misma l\u00ednea, explic\u00f3 c\u00f3mo vive el cruce entre lo personal y lo medi\u00e1tico. \u201cPor ejemplo, reci\u00e9n me cruc\u00e9 a <span class=\"waslinkname\"><b>Nico V\u00e1zquez<\/b><\/span>, digo, que<span class=\"waslinkname\"> hemos tratado mucho de su tema<\/span> y lo hemos realizado con opini\u00f3n. Despu\u00e9s me lo cruzo y le tengo cari\u00f1o. <b>Yo no llevo y traigo info, yo solamente opino lo que la producci\u00f3n presenta<\/b>\u201d, ejemplific\u00f3<\/p>\n<p>En otro tramo de la charla, Sabrina reconoci\u00f3: \u201cA veces, la opini\u00f3n puede ser peor. <b>Yo lo hago desde el sentido com\u00fan con lo que sucedi\u00f3 con<\/b> <b>Luciano<\/b> y <b>Griselda<\/b>.<b> Yo opino con la verdad<\/b>, que eso el tiempo lo demuestra. Luego, desde lo vivido, lo aprendido y lo que vemos todos. S\u00e9 que la m\u00eda, al estar involucrada, suena m\u00e1s fuerte que la de otros\u201d.<\/p>\n<p>En cuanto a la comparaci\u00f3n con otras figuras femeninas del espect\u00e1culo y la reacci\u00f3n frente a la infidelidad, Sabrina fue contundente: \u201c<b>Hay que desdramatizarlo tambi\u00e9n<\/b>. Viste que es todo un tema. Ayer ve\u00eda una nota de <span class=\"waslinkname\"><b>Yanina Latorre<\/b><\/span> <span class=\"waslinkname\">cuando pas\u00f3 lo de <b>Diego<\/b><\/span>, con la verdad que ella atraviesa eso y se hace cargo de lo que le pas\u00f3, no es algo que gener\u00f3 ella, pero lo atraviesa\u201d.<\/p>\n<p>En ese sentido, mencion\u00f3 casos de mujeres que, desde su perspectiva, lograron empoderarse y asumir el dolor p\u00fablicamente: \u201cDespu\u00e9s vemos otras mujeres, como <span class=\"waslinkname\"> Moria Cas\u00e1n <\/span>con <b>Ferrer V\u00e1zquez<\/b>, que lo hab\u00edan encontrado no s\u00e9 d\u00f3nde, o <b>Griselda<\/b>, que<b> son mujeres m\u00e1s empoderadas, que les cuesta poder, poder decir: \u2018S\u00ed, me enga\u00f1aron. S\u00ed, me quiero morir. Me duele\u2019<\/b>\u201d.<\/p>\n<p>Estos dichos se suman a los que dijo <span class=\"waslinkname\"><b>en su \u00faltima participaci\u00f3n en Bondi Live<\/b><\/span>. All\u00ed, lanz\u00f3: \u201cEl valor de lo que uno hace depende de la estelaridad.<b> Luciano meti\u00f3 los cuernos y es \u2018pobre\u2019, \u2018ah, tal vez\u2019. A m\u00ed cuando metieron los cuernos era \u2018cornuda\u2019, \u2018\u00bfqu\u00e9 opin\u00e1s que sos cornuda\u2019<\/b>. Me hicieron mie&#8230;\u201d. <\/p>\n<p>Tambi\u00e9n destac\u00f3 el doble est\u00e1ndar en el \u00e1mbito del espect\u00e1culo, por lo que utiliz\u00f3 a Cas\u00e1n como ejemplo. \u201c<b>Tiene que ver seg\u00fan si est\u00e1s enojada o no con el novio de Lali o si ten\u00e9s favoritismos<\/b>. Cada uno con sus principios\u201d, asegur\u00f3. Y al ahondar al respecto, sum\u00f3: \u201c<b>Para m\u00ed, tal vez, es no tener principios<\/b>, meterte todo el tiempo con tipos casados, porque ya, si bien la culpa los tienen los tipos, hay una cosa de no sororidad, que levantamos el pa\u00f1uelo verde y la sororidad, pero cuando&#8230; Porque te puede pasar que te enamores alguna vez de un casado, pero cuando es todo a la vez, repet\u00eds la misma&#8230; Es porque las mujeres te chupan un hue\u2026\u201d.<\/p>\n","protected":false},"excerpt":{"rendered":"<p>La exposici\u00f3n medi\u00e1tica de las figuras del espect\u00e1culo volvi\u00f3 a encenderse en medio de la crisis entre Griselda Siciliani y Luciano Castro. En medio de este escenario, las palabras de Sabrina Rojas, expareja del actor y madre de sus hijas, contin\u00faan haciendo eco. Y, en medio de opiniones cruzadas, sali\u00f3 a defender su postura en&#8230;<\/p>\n","protected":false},"author":1,"featured_media":9788,"comment_status":"open","ping_status":"closed","sticky":false,"template":"","format":"standard","meta":{"_jetpack_memberships_contains_paid_content":false,"footnotes":""},"categories":[79],"tags":[],"class_list":["post-9785","post","type-post","status-publish","format-standard","has-post-thumbnail","hentry","category-cine-y-series"],"magazineBlocksPostFeaturedMedia":{"thumbnail":"https:\/\/lobosnews.com.ar\/wp-content\/uploads\/2026\/01\/sabrina-rojas-hablo-de-su-postura-ante-la-polemica-de-griselda-siciliani-y-luciano-castro-yo-opino-con-la-verdad-150x150.jpg","medium":"https:\/\/lobosnews.com.ar\/wp-content\/uploads\/2026\/01\/sabrina-rojas-hablo-de-su-postura-ante-la-polemica-de-griselda-siciliani-y-luciano-castro-yo-opino-con-la-verdad-300x169.jpg","medium_large":"https:\/\/lobosnews.com.ar\/wp-content\/uploads\/2026\/01\/sabrina-rojas-hablo-de-su-postura-ante-la-polemica-de-griselda-siciliani-y-luciano-castro-yo-opino-con-la-verdad-768x432.jpg","large":"https:\/\/lobosnews.com.ar\/wp-content\/uploads\/2026\/01\/sabrina-rojas-hablo-de-su-postura-ante-la-polemica-de-griselda-siciliani-y-luciano-castro-yo-opino-con-la-verdad-1024x576.jpg","1536x1536":"https:\/\/lobosnews.com.ar\/wp-content\/uploads\/2026\/01\/sabrina-rojas-hablo-de-su-postura-ante-la-polemica-de-griselda-siciliani-y-luciano-castro-yo-opino-con-la-verdad-1536x864.jpg","2048x2048":"https:\/\/lobosnews.com.ar\/wp-content\/uploads\/2026\/01\/sabrina-rojas-hablo-de-su-postura-ante-la-polemica-de-griselda-siciliani-y-luciano-castro-yo-opino-con-la-verdad.jpg","newsmatic-featured":"https:\/\/lobosnews.com.ar\/wp-content\/uploads\/2026\/01\/sabrina-rojas-hablo-de-su-postura-ante-la-polemica-de-griselda-siciliani-y-luciano-castro-yo-opino-con-la-verdad-820x545.jpg","newsmatic-list":"https:\/\/lobosnews.com.ar\/wp-content\/uploads\/2026\/01\/sabrina-rojas-hablo-de-su-postura-ante-la-polemica-de-griselda-siciliani-y-luciano-castro-yo-opino-con-la-verdad-600x400.jpg","newsmatic-thumb":"https:\/\/lobosnews.com.ar\/wp-content\/uploads\/2026\/01\/sabrina-rojas-hablo-de-su-postura-ante-la-polemica-de-griselda-siciliani-y-luciano-castro-yo-opino-con-la-verdad-300x200.jpg","newsmatic-small":"https:\/\/lobosnews.com.ar\/wp-content\/uploads\/2026\/01\/sabrina-rojas-hablo-de-su-postura-ante-la-polemica-de-griselda-siciliani-y-luciano-castro-yo-opino-con-la-verdad-150x95.jpg","newsmatic-grid":"https:\/\/lobosnews.com.ar\/wp-content\/uploads\/2026\/01\/sabrina-rojas-hablo-de-su-postura-ante-la-polemica-de-griselda-siciliani-y-luciano-castro-yo-opino-con-la-verdad-400x250.jpg"},"magazineBlocksPostAuthor":{"name":"admin","avatar":"https:\/\/secure.gravatar.com\/avatar\/76e419471a2083bc3ceab22a763dbbf9b0c1bd15a6214cf3280e2c2dde4580f9?s=96&d=mm&r=g"},"magazineBlocksPostCommentsNumber":"0","magazineBlocksPostExcerpt":"La exposici\u00f3n medi\u00e1tica de las figuras del espect\u00e1culo volvi\u00f3 a encenderse en medio de la crisis entre Griselda Siciliani y Luciano Castro. En medio de este escenario, las palabras de Sabrina Rojas, expareja del actor y madre de sus hijas, contin\u00faan haciendo eco. Y, en medio de opiniones cruzadas, sali\u00f3 a defender su postura en...","magazineBlocksPostCategories":["Cine y Series"],"magazineBlocksPostViewCount":174,"magazineBlocksPostReadTime":4,"magazine_blocks_featured_image_url":{"full":["https:\/\/lobosnews.com.ar\/wp-content\/uploads\/2026\/01\/sabrina-rojas-hablo-de-su-postura-ante-la-polemica-de-griselda-siciliani-y-luciano-castro-yo-opino-con-la-verdad.jpg",1920,1080,false],"medium":["https:\/\/lobosnews.com.ar\/wp-content\/uploads\/2026\/01\/sabrina-rojas-hablo-de-su-postura-ante-la-polemica-de-griselda-siciliani-y-luciano-castro-yo-opino-con-la-verdad-300x169.jpg",300,169,true],"thumbnail":["https:\/\/lobosnews.com.ar\/wp-content\/uploads\/2026\/01\/sabrina-rojas-hablo-de-su-postura-ante-la-polemica-de-griselda-siciliani-y-luciano-castro-yo-opino-con-la-verdad-150x150.jpg",150,150,true]},"magazine_blocks_author":{"display_name":"admin","author_link":"https:\/\/lobosnews.com.ar\/index.php\/author\/lobos-news\/"},"magazine_blocks_comment":0,"magazine_blocks_author_image":"https:\/\/secure.gravatar.com\/avatar\/76e419471a2083bc3ceab22a763dbbf9b0c1bd15a6214cf3280e2c2dde4580f9?s=96&d=mm&r=g","magazine_blocks_category":"<a href=\"#\" class=\"category-link category-link-79\">Cine y Series<\/a>","yoast_head":"<!-- This site is optimized with the Yoast SEO plugin v26.6 - https:\/\/yoast.com\/wordpress\/plugins\/seo\/ -->\n<title>Sabrina Rojas habl\u00f3 de su postura ante la pol\u00e9mica de Griselda Siciliani y Luciano Castro: \u201cYo opino con la verdad\u201d - Lobos News<\/title>\n<meta name=\"robots\" content=\"index, follow, max-snippet:-1, max-image-preview:large, max-video-preview:-1\" \/>\n<link rel=\"canonical\" href=\"https:\/\/lobosnews.com.ar\/index.php\/2026\/01\/21\/sabrina-rojas-hablo-de-su-postura-ante-la-polemica-de-griselda-siciliani-y-luciano-castro-yo-opino-con-la-verdad\/\" \/>\n<meta property=\"og:locale\" content=\"es_ES\" \/>\n<meta property=\"og:type\" content=\"article\" \/>\n<meta property=\"og:title\" content=\"Sabrina Rojas habl\u00f3 de su postura ante la pol\u00e9mica de Griselda Siciliani y Luciano Castro: \u201cYo opino con la verdad\u201d - Lobos News\" \/>\n<meta property=\"og:description\" content=\"La exposici\u00f3n medi\u00e1tica de las figuras del espect\u00e1culo volvi\u00f3 a encenderse en medio de la crisis entre Griselda Siciliani y Luciano Castro. En medio de este escenario, las palabras de Sabrina Rojas, expareja del actor y madre de sus hijas, contin\u00faan haciendo eco. Y, en medio de opiniones cruzadas, sali\u00f3 a defender su postura en...\" \/>\n<meta property=\"og:url\" content=\"https:\/\/lobosnews.com.ar\/index.php\/2026\/01\/21\/sabrina-rojas-hablo-de-su-postura-ante-la-polemica-de-griselda-siciliani-y-luciano-castro-yo-opino-con-la-verdad\/\" \/>\n<meta property=\"og:site_name\" content=\"Lobos News\" \/>\n<meta property=\"article:published_time\" content=\"2026-01-21T20:12:12+00:00\" \/>\n<meta property=\"article:modified_time\" content=\"2026-01-21T23:01:08+00:00\" \/>\n<meta property=\"og:image\" content=\"https:\/\/lobosnews.com.ar\/wp-content\/uploads\/2026\/01\/sabrina-rojas-hablo-de-su-postura-ante-la-polemica-de-griselda-siciliani-y-luciano-castro-yo-opino-con-la-verdad.jpg\" \/>\n<meta name=\"author\" content=\"admin\" \/>\n<meta name=\"twitter:card\" content=\"summary_large_image\" \/>\n<meta name=\"twitter:label1\" content=\"Escrito por\" \/>\n\t<meta name=\"twitter:data1\" content=\"admin\" \/>\n\t<meta name=\"twitter:label2\" content=\"Tiempo de lectura\" \/>\n\t<meta name=\"twitter:data2\" content=\"3 minutos\" \/>\n<script type=\"application\/ld+json\" class=\"yoast-schema-graph\">{\"@context\":\"https:\/\/schema.org\",\"@graph\":[{\"@type\":\"Article\",\"@id\":\"https:\/\/lobosnews.com.ar\/index.php\/2026\/01\/21\/sabrina-rojas-hablo-de-su-postura-ante-la-polemica-de-griselda-siciliani-y-luciano-castro-yo-opino-con-la-verdad\/#article\",\"isPartOf\":{\"@id\":\"https:\/\/lobosnews.com.ar\/index.php\/2026\/01\/21\/sabrina-rojas-hablo-de-su-postura-ante-la-polemica-de-griselda-siciliani-y-luciano-castro-yo-opino-con-la-verdad\/\"},\"author\":{\"name\":\"admin\",\"@id\":\"https:\/\/lobosnews.com.ar\/#\/schema\/person\/232422a593d5c541dd9aef6aaed10943\"},\"headline\":\"Sabrina Rojas habl\u00f3 de su postura ante la pol\u00e9mica de Griselda Siciliani y Luciano Castro: \u201cYo opino con la verdad\u201d\",\"datePublished\":\"2026-01-21T20:12:12+00:00\",\"dateModified\":\"2026-01-21T23:01:08+00:00\",\"mainEntityOfPage\":{\"@id\":\"https:\/\/lobosnews.com.ar\/index.php\/2026\/01\/21\/sabrina-rojas-hablo-de-su-postura-ante-la-polemica-de-griselda-siciliani-y-luciano-castro-yo-opino-con-la-verdad\/\"},\"wordCount\":692,\"commentCount\":0,\"publisher\":{\"@id\":\"https:\/\/lobosnews.com.ar\/#organization\"},\"image\":{\"@id\":\"https:\/\/lobosnews.com.ar\/index.php\/2026\/01\/21\/sabrina-rojas-hablo-de-su-postura-ante-la-polemica-de-griselda-siciliani-y-luciano-castro-yo-opino-con-la-verdad\/#primaryimage\"},\"thumbnailUrl\":\"https:\/\/lobosnews.com.ar\/wp-content\/uploads\/2026\/01\/sabrina-rojas-hablo-de-su-postura-ante-la-polemica-de-griselda-siciliani-y-luciano-castro-yo-opino-con-la-verdad.jpg\",\"articleSection\":[\"Cine y Series\"],\"inLanguage\":\"es\",\"potentialAction\":[{\"@type\":\"CommentAction\",\"name\":\"Comment\",\"target\":[\"https:\/\/lobosnews.com.ar\/index.php\/2026\/01\/21\/sabrina-rojas-hablo-de-su-postura-ante-la-polemica-de-griselda-siciliani-y-luciano-castro-yo-opino-con-la-verdad\/#respond\"]}]},{\"@type\":\"WebPage\",\"@id\":\"https:\/\/lobosnews.com.ar\/index.php\/2026\/01\/21\/sabrina-rojas-hablo-de-su-postura-ante-la-polemica-de-griselda-siciliani-y-luciano-castro-yo-opino-con-la-verdad\/\",\"url\":\"https:\/\/lobosnews.com.ar\/index.php\/2026\/01\/21\/sabrina-rojas-hablo-de-su-postura-ante-la-polemica-de-griselda-siciliani-y-luciano-castro-yo-opino-con-la-verdad\/\",\"name\":\"Sabrina Rojas habl\u00f3 de su postura ante la pol\u00e9mica de Griselda Siciliani y Luciano Castro: \u201cYo opino con la verdad\u201d - Lobos News\",\"isPartOf\":{\"@id\":\"https:\/\/lobosnews.com.ar\/#website\"},\"primaryImageOfPage\":{\"@id\":\"https:\/\/lobosnews.com.ar\/index.php\/2026\/01\/21\/sabrina-rojas-hablo-de-su-postura-ante-la-polemica-de-griselda-siciliani-y-luciano-castro-yo-opino-con-la-verdad\/#primaryimage\"},\"image\":{\"@id\":\"https:\/\/lobosnews.com.ar\/index.php\/2026\/01\/21\/sabrina-rojas-hablo-de-su-postura-ante-la-polemica-de-griselda-siciliani-y-luciano-castro-yo-opino-con-la-verdad\/#primaryimage\"},\"thumbnailUrl\":\"https:\/\/lobosnews.com.ar\/wp-content\/uploads\/2026\/01\/sabrina-rojas-hablo-de-su-postura-ante-la-polemica-de-griselda-siciliani-y-luciano-castro-yo-opino-con-la-verdad.jpg\",\"datePublished\":\"2026-01-21T20:12:12+00:00\",\"dateModified\":\"2026-01-21T23:01:08+00:00\",\"breadcrumb\":{\"@id\":\"https:\/\/lobosnews.com.ar\/index.php\/2026\/01\/21\/sabrina-rojas-hablo-de-su-postura-ante-la-polemica-de-griselda-siciliani-y-luciano-castro-yo-opino-con-la-verdad\/#breadcrumb\"},\"inLanguage\":\"es\",\"potentialAction\":[{\"@type\":\"ReadAction\",\"target\":[\"https:\/\/lobosnews.com.ar\/index.php\/2026\/01\/21\/sabrina-rojas-hablo-de-su-postura-ante-la-polemica-de-griselda-siciliani-y-luciano-castro-yo-opino-con-la-verdad\/\"]}]},{\"@type\":\"ImageObject\",\"inLanguage\":\"es\",\"@id\":\"https:\/\/lobosnews.com.ar\/index.php\/2026\/01\/21\/sabrina-rojas-hablo-de-su-postura-ante-la-polemica-de-griselda-siciliani-y-luciano-castro-yo-opino-con-la-verdad\/#primaryimage\",\"url\":\"https:\/\/lobosnews.com.ar\/wp-content\/uploads\/2026\/01\/sabrina-rojas-hablo-de-su-postura-ante-la-polemica-de-griselda-siciliani-y-luciano-castro-yo-opino-con-la-verdad.jpg\",\"contentUrl\":\"https:\/\/lobosnews.com.ar\/wp-content\/uploads\/2026\/01\/sabrina-rojas-hablo-de-su-postura-ante-la-polemica-de-griselda-siciliani-y-luciano-castro-yo-opino-con-la-verdad.jpg\",\"width\":1920,\"height\":1080,\"caption\":\"Sabrina Rojas habl\u00f3 de su postura ante la pol\u00e9mica de Griselda Siciliani y Luciano Castro: \u201cYo opino con la verdad\u201d\"},{\"@type\":\"BreadcrumbList\",\"@id\":\"https:\/\/lobosnews.com.ar\/index.php\/2026\/01\/21\/sabrina-rojas-hablo-de-su-postura-ante-la-polemica-de-griselda-siciliani-y-luciano-castro-yo-opino-con-la-verdad\/#breadcrumb\",\"itemListElement\":[{\"@type\":\"ListItem\",\"position\":1,\"name\":\"Portada\",\"item\":\"https:\/\/lobosnews.com.ar\/\"},{\"@type\":\"ListItem\",\"position\":2,\"name\":\"Sabrina Rojas habl\u00f3 de su postura ante la pol\u00e9mica de Griselda Siciliani y Luciano Castro: \u201cYo opino con la verdad\u201d\"}]},{\"@type\":\"WebSite\",\"@id\":\"https:\/\/lobosnews.com.ar\/#website\",\"url\":\"https:\/\/lobosnews.com.ar\/\",\"name\":\"Lobos News\",\"description\":\"Informaci\u00f3n a cada instante\",\"publisher\":{\"@id\":\"https:\/\/lobosnews.com.ar\/#organization\"},\"potentialAction\":[{\"@type\":\"SearchAction\",\"target\":{\"@type\":\"EntryPoint\",\"urlTemplate\":\"https:\/\/lobosnews.com.ar\/?s={search_term_string}\"},\"query-input\":{\"@type\":\"PropertyValueSpecification\",\"valueRequired\":true,\"valueName\":\"search_term_string\"}}],\"inLanguage\":\"es\"},{\"@type\":\"Organization\",\"@id\":\"https:\/\/lobosnews.com.ar\/#organization\",\"name\":\"Lobos News\",\"url\":\"https:\/\/lobosnews.com.ar\/\",\"logo\":{\"@type\":\"ImageObject\",\"inLanguage\":\"es\",\"@id\":\"https:\/\/lobosnews.com.ar\/#\/schema\/logo\/image\/\",\"url\":\"https:\/\/lobosnews.com.ar\/wp-content\/uploads\/2026\/01\/logo-lobosnews.png\",\"contentUrl\":\"https:\/\/lobosnews.com.ar\/wp-content\/uploads\/2026\/01\/logo-lobosnews.png\",\"width\":500,\"height\":200,\"caption\":\"Lobos News\"},\"image\":{\"@id\":\"https:\/\/lobosnews.com.ar\/#\/schema\/logo\/image\/\"}},{\"@type\":\"Person\",\"@id\":\"https:\/\/lobosnews.com.ar\/#\/schema\/person\/232422a593d5c541dd9aef6aaed10943\",\"name\":\"admin\",\"image\":{\"@type\":\"ImageObject\",\"inLanguage\":\"es\",\"@id\":\"https:\/\/lobosnews.com.ar\/#\/schema\/person\/image\/\",\"url\":\"https:\/\/secure.gravatar.com\/avatar\/76e419471a2083bc3ceab22a763dbbf9b0c1bd15a6214cf3280e2c2dde4580f9?s=96&d=mm&r=g\",\"contentUrl\":\"https:\/\/secure.gravatar.com\/avatar\/76e419471a2083bc3ceab22a763dbbf9b0c1bd15a6214cf3280e2c2dde4580f9?s=96&d=mm&r=g\",\"caption\":\"admin\"},\"sameAs\":[\"https:\/\/lobosnews.com.ar\"],\"url\":\"https:\/\/lobosnews.com.ar\/index.php\/author\/lobos-news\/\"}]}<\/script>\n<!-- \/ Yoast SEO plugin. -->","yoast_head_json":{"title":"Sabrina Rojas habl\u00f3 de su postura ante la pol\u00e9mica de Griselda Siciliani y Luciano Castro: \u201cYo opino con la verdad\u201d - Lobos News","robots":{"index":"index","follow":"follow","max-snippet":"max-snippet:-1","max-image-preview":"max-image-preview:large","max-video-preview":"max-video-preview:-1"},"canonical":"https:\/\/lobosnews.com.ar\/index.php\/2026\/01\/21\/sabrina-rojas-hablo-de-su-postura-ante-la-polemica-de-griselda-siciliani-y-luciano-castro-yo-opino-con-la-verdad\/","og_locale":"es_ES","og_type":"article","og_title":"Sabrina Rojas habl\u00f3 de su postura ante la pol\u00e9mica de Griselda Siciliani y Luciano Castro: \u201cYo opino con la verdad\u201d - Lobos News","og_description":"La exposici\u00f3n medi\u00e1tica de las figuras del espect\u00e1culo volvi\u00f3 a encenderse en medio de la crisis entre Griselda Siciliani y Luciano Castro. En medio de este escenario, las palabras de Sabrina Rojas, expareja del actor y madre de sus hijas, contin\u00faan haciendo eco. Y, en medio de opiniones cruzadas, sali\u00f3 a defender su postura en...","og_url":"https:\/\/lobosnews.com.ar\/index.php\/2026\/01\/21\/sabrina-rojas-hablo-de-su-postura-ante-la-polemica-de-griselda-siciliani-y-luciano-castro-yo-opino-con-la-verdad\/","og_site_name":"Lobos News","article_published_time":"2026-01-21T20:12:12+00:00","article_modified_time":"2026-01-21T23:01:08+00:00","og_image":[{"url":"https:\/\/lobosnews.com.ar\/wp-content\/uploads\/2026\/01\/sabrina-rojas-hablo-de-su-postura-ante-la-polemica-de-griselda-siciliani-y-luciano-castro-yo-opino-con-la-verdad.jpg","type":"","width":"","height":""}],"author":"admin","twitter_card":"summary_large_image","twitter_misc":{"Escrito por":"admin","Tiempo de lectura":"3 minutos"},"schema":{"@context":"https:\/\/schema.org","@graph":[{"@type":"Article","@id":"https:\/\/lobosnews.com.ar\/index.php\/2026\/01\/21\/sabrina-rojas-hablo-de-su-postura-ante-la-polemica-de-griselda-siciliani-y-luciano-castro-yo-opino-con-la-verdad\/#article","isPartOf":{"@id":"https:\/\/lobosnews.com.ar\/index.php\/2026\/01\/21\/sabrina-rojas-hablo-de-su-postura-ante-la-polemica-de-griselda-siciliani-y-luciano-castro-yo-opino-con-la-verdad\/"},"author":{"name":"admin","@id":"https:\/\/lobosnews.com.ar\/#\/schema\/person\/232422a593d5c541dd9aef6aaed10943"},"headline":"Sabrina Rojas habl\u00f3 de su postura ante la pol\u00e9mica de Griselda Siciliani y Luciano Castro: \u201cYo opino con la verdad\u201d","datePublished":"2026-01-21T20:12:12+00:00","dateModified":"2026-01-21T23:01:08+00:00","mainEntityOfPage":{"@id":"https:\/\/lobosnews.com.ar\/index.php\/2026\/01\/21\/sabrina-rojas-hablo-de-su-postura-ante-la-polemica-de-griselda-siciliani-y-luciano-castro-yo-opino-con-la-verdad\/"},"wordCount":692,"commentCount":0,"publisher":{"@id":"https:\/\/lobosnews.com.ar\/#organization"},"image":{"@id":"https:\/\/lobosnews.com.ar\/index.php\/2026\/01\/21\/sabrina-rojas-hablo-de-su-postura-ante-la-polemica-de-griselda-siciliani-y-luciano-castro-yo-opino-con-la-verdad\/#primaryimage"},"thumbnailUrl":"https:\/\/lobosnews.com.ar\/wp-content\/uploads\/2026\/01\/sabrina-rojas-hablo-de-su-postura-ante-la-polemica-de-griselda-siciliani-y-luciano-castro-yo-opino-con-la-verdad.jpg","articleSection":["Cine y Series"],"inLanguage":"es","potentialAction":[{"@type":"CommentAction","name":"Comment","target":["https:\/\/lobosnews.com.ar\/index.php\/2026\/01\/21\/sabrina-rojas-hablo-de-su-postura-ante-la-polemica-de-griselda-siciliani-y-luciano-castro-yo-opino-con-la-verdad\/#respond"]}]},{"@type":"WebPage","@id":"https:\/\/lobosnews.com.ar\/index.php\/2026\/01\/21\/sabrina-rojas-hablo-de-su-postura-ante-la-polemica-de-griselda-siciliani-y-luciano-castro-yo-opino-con-la-verdad\/","url":"https:\/\/lobosnews.com.ar\/index.php\/2026\/01\/21\/sabrina-rojas-hablo-de-su-postura-ante-la-polemica-de-griselda-siciliani-y-luciano-castro-yo-opino-con-la-verdad\/","name":"Sabrina Rojas habl\u00f3 de su postura ante la pol\u00e9mica de Griselda Siciliani y Luciano Castro: \u201cYo opino con la verdad\u201d - Lobos News","isPartOf":{"@id":"https:\/\/lobosnews.com.ar\/#website"},"primaryImageOfPage":{"@id":"https:\/\/lobosnews.com.ar\/index.php\/2026\/01\/21\/sabrina-rojas-hablo-de-su-postura-ante-la-polemica-de-griselda-siciliani-y-luciano-castro-yo-opino-con-la-verdad\/#primaryimage"},"image":{"@id":"https:\/\/lobosnews.com.ar\/index.php\/2026\/01\/21\/sabrina-rojas-hablo-de-su-postura-ante-la-polemica-de-griselda-siciliani-y-luciano-castro-yo-opino-con-la-verdad\/#primaryimage"},"thumbnailUrl":"https:\/\/lobosnews.com.ar\/wp-content\/uploads\/2026\/01\/sabrina-rojas-hablo-de-su-postura-ante-la-polemica-de-griselda-siciliani-y-luciano-castro-yo-opino-con-la-verdad.jpg","datePublished":"2026-01-21T20:12:12+00:00","dateModified":"2026-01-21T23:01:08+00:00","breadcrumb":{"@id":"https:\/\/lobosnews.com.ar\/index.php\/2026\/01\/21\/sabrina-rojas-hablo-de-su-postura-ante-la-polemica-de-griselda-siciliani-y-luciano-castro-yo-opino-con-la-verdad\/#breadcrumb"},"inLanguage":"es","potentialAction":[{"@type":"ReadAction","target":["https:\/\/lobosnews.com.ar\/index.php\/2026\/01\/21\/sabrina-rojas-hablo-de-su-postura-ante-la-polemica-de-griselda-siciliani-y-luciano-castro-yo-opino-con-la-verdad\/"]}]},{"@type":"ImageObject","inLanguage":"es","@id":"https:\/\/lobosnews.com.ar\/index.php\/2026\/01\/21\/sabrina-rojas-hablo-de-su-postura-ante-la-polemica-de-griselda-siciliani-y-luciano-castro-yo-opino-con-la-verdad\/#primaryimage","url":"https:\/\/lobosnews.com.ar\/wp-content\/uploads\/2026\/01\/sabrina-rojas-hablo-de-su-postura-ante-la-polemica-de-griselda-siciliani-y-luciano-castro-yo-opino-con-la-verdad.jpg","contentUrl":"https:\/\/lobosnews.com.ar\/wp-content\/uploads\/2026\/01\/sabrina-rojas-hablo-de-su-postura-ante-la-polemica-de-griselda-siciliani-y-luciano-castro-yo-opino-con-la-verdad.jpg","width":1920,"height":1080,"caption":"Sabrina Rojas habl\u00f3 de su postura ante la pol\u00e9mica de Griselda Siciliani y Luciano Castro: \u201cYo opino con la verdad\u201d"},{"@type":"BreadcrumbList","@id":"https:\/\/lobosnews.com.ar\/index.php\/2026\/01\/21\/sabrina-rojas-hablo-de-su-postura-ante-la-polemica-de-griselda-siciliani-y-luciano-castro-yo-opino-con-la-verdad\/#breadcrumb","itemListElement":[{"@type":"ListItem","position":1,"name":"Portada","item":"https:\/\/lobosnews.com.ar\/"},{"@type":"ListItem","position":2,"name":"Sabrina Rojas habl\u00f3 de su postura ante la pol\u00e9mica de Griselda Siciliani y Luciano Castro: \u201cYo opino con la verdad\u201d"}]},{"@type":"WebSite","@id":"https:\/\/lobosnews.com.ar\/#website","url":"https:\/\/lobosnews.com.ar\/","name":"Lobos News","description":"Informaci\u00f3n a cada instante","publisher":{"@id":"https:\/\/lobosnews.com.ar\/#organization"},"potentialAction":[{"@type":"SearchAction","target":{"@type":"EntryPoint","urlTemplate":"https:\/\/lobosnews.com.ar\/?s={search_term_string}"},"query-input":{"@type":"PropertyValueSpecification","valueRequired":true,"valueName":"search_term_string"}}],"inLanguage":"es"},{"@type":"Organization","@id":"https:\/\/lobosnews.com.ar\/#organization","name":"Lobos News","url":"https:\/\/lobosnews.com.ar\/","logo":{"@type":"ImageObject","inLanguage":"es","@id":"https:\/\/lobosnews.com.ar\/#\/schema\/logo\/image\/","url":"https:\/\/lobosnews.com.ar\/wp-content\/uploads\/2026\/01\/logo-lobosnews.png","contentUrl":"https:\/\/lobosnews.com.ar\/wp-content\/uploads\/2026\/01\/logo-lobosnews.png","width":500,"height":200,"caption":"Lobos News"},"image":{"@id":"https:\/\/lobosnews.com.ar\/#\/schema\/logo\/image\/"}},{"@type":"Person","@id":"https:\/\/lobosnews.com.ar\/#\/schema\/person\/232422a593d5c541dd9aef6aaed10943","name":"admin","image":{"@type":"ImageObject","inLanguage":"es","@id":"https:\/\/lobosnews.com.ar\/#\/schema\/person\/image\/","url":"https:\/\/secure.gravatar.com\/avatar\/76e419471a2083bc3ceab22a763dbbf9b0c1bd15a6214cf3280e2c2dde4580f9?s=96&d=mm&r=g","contentUrl":"https:\/\/secure.gravatar.com\/avatar\/76e419471a2083bc3ceab22a763dbbf9b0c1bd15a6214cf3280e2c2dde4580f9?s=96&d=mm&r=g","caption":"admin"},"sameAs":["https:\/\/lobosnews.com.ar"],"url":"https:\/\/lobosnews.com.ar\/index.php\/author\/lobos-news\/"}]}},"jetpack_featured_media_url":"https:\/\/lobosnews.com.ar\/wp-content\/uploads\/2026\/01\/sabrina-rojas-hablo-de-su-postura-ante-la-polemica-de-griselda-siciliani-y-luciano-castro-yo-opino-con-la-verdad.jpg","jetpack_sharing_enabled":true,"_links":{"self":[{"href":"https:\/\/lobosnews.com.ar\/index.php\/wp-json\/wp\/v2\/posts\/9785","targetHints":{"allow":["GET"]}}],"collection":[{"href":"https:\/\/lobosnews.com.ar\/index.php\/wp-json\/wp\/v2\/posts"}],"about":[{"href":"https:\/\/lobosnews.com.ar\/index.php\/wp-json\/wp\/v2\/types\/post"}],"author":[{"embeddable":true,"href":"https:\/\/lobosnews.com.ar\/index.php\/wp-json\/wp\/v2\/users\/1"}],"replies":[{"embeddable":true,"href":"https:\/\/lobosnews.com.ar\/index.php\/wp-json\/wp\/v2\/comments?post=9785"}],"version-history":[{"count":1,"href":"https:\/\/lobosnews.com.ar\/index.php\/wp-json\/wp\/v2\/posts\/9785\/revisions"}],"predecessor-version":[{"id":9787,"href":"https:\/\/lobosnews.com.ar\/index.php\/wp-json\/wp\/v2\/posts\/9785\/revisions\/9787"}],"wp:featuredmedia":[{"embeddable":true,"href":"https:\/\/lobosnews.com.ar\/index.php\/wp-json\/wp\/v2\/media\/9788"}],"wp:attachment":[{"href":"https:\/\/lobosnews.com.ar\/index.php\/wp-json\/wp\/v2\/media?parent=9785"}],"wp:term":[{"taxonomy":"category","embeddable":true,"href":"https:\/\/lobosnews.com.ar\/index.php\/wp-json\/wp\/v2\/categories?post=9785"},{"taxonomy":"post_tag","embeddable":true,"href":"https:\/\/lobosnews.com.ar\/index.php\/wp-json\/wp\/v2\/tags?post=9785"}],"curies":[{"name":"wp","href":"https:\/\/api.w.org\/{rel}","templated":true}]}}