{"id":97829,"date":"2026-09-05T14:07:35","date_gmt":"2026-09-05T14:07:35","guid":{"rendered":"https:\/\/lobosnews.com.ar\/?p=97829"},"modified":"2026-09-05T15:58:43","modified_gmt":"2026-09-05T15:58:43","slug":"cayo-otro-de-los-sospechosos-del-brutal-crimen-narco-de-candela-en-la-matanza-el-rastro-de-camaras-que-lo-delato","status":"publish","type":"post","link":"https:\/\/lobosnews.com.ar\/index.php\/2026\/09\/05\/cayo-otro-de-los-sospechosos-del-brutal-crimen-narco-de-candela-en-la-matanza-el-rastro-de-camaras-que-lo-delato\/","title":{"rendered":"Cay\u00f3 otro de los sospechosos del brutal crimen narco de Candela en La Matanza: el rastro de c\u00e1maras que lo delat\u00f3"},"content":{"rendered":"<p><img loading=\"lazy\" decoding=\"async\" src=\"https:\/\/lobosnews.com.ar\/wp-content\/uploads\/2026\/09\/cayo-otro-de-los-sospechosos-del-brutal-crimen-narco-de-candela-en-la-matanza-el-rastro-de-camaras-que-lo-delato.jpg\" alt=\"Oviedo huye de la escena del crimen de Candela pistola en mano\" height=\"610\" width=\"1032\"\/><\/p>\n<p><b>Gabriel Oviedo, de 23 a\u00f1os, oriundo de Virrey del Pino, fue detenido este viernes <\/b>en La Tablada por la Polic\u00eda Bonaerense. La Justicia, con el<b> fiscal Claudio Fornaro de la UFI de Homicidios de La Matanza<\/b>, lo acusa de ser parte de uno de los cr\u00edmenes m\u00e1s indignantes de los \u00faltimos tiempos:<span class=\"waslinkname\"><b> el asesinato narco de Candela Urquiza, ocurrido el 2 de julio \u00faltimo. <\/b><\/span><\/p>\n<p>Candela<b> qued\u00f3 atrapada en el fuego cruzado de dos bandas de transas <\/b>que se disputaban a tiros el control de un bunker de droga en Virrey del Pino. Muri\u00f3 de un disparo en la cabeza. Ten\u00eda apenas 14 a\u00f1os.<\/p>\n<p>Oviedo fue <b>capturado por personal de la Superintendencia AMBA Oeste I de la Bonaerense <\/b>en la esquina de Franklin y Moreno. Intent\u00f3 escapar, sin \u00e9xito. Su indagatoria se espera para las primeras horas del lunes.<b> El seguimiento de c\u00e1maras de seguridad fue clave para identificarlo. <\/b>Las filmaciones del barrio lo muestran huyendo, pistola en mano.<\/p>\n<p><img loading=\"lazy\" decoding=\"async\" src=\"https:\/\/lobosnews.com.ar\/wp-content\/uploads\/2026\/09\/cayo-otro-de-los-sospechosos-del-brutal-crimen-narco-de-candela-en-la-matanza-el-rastro-de-camaras-que-lo-delato-1.jpg\" alt=\"Oviedo tras su detenci\u00f3n\" height=\"599\" width=\"903\"\/><\/p>\n<p>As\u00ed, Oviedo<b> se convirti\u00f3 en el s\u00e9ptimo sospechoso detenido por el caso, <\/b>y<b> <\/b><span class=\"waslinkname\"><b>el segundo en caer en 48 horas<\/b><\/span>: el viernes, personal de la Comisar\u00eda 3\u00b0 de Virrey del Pino <b>detuvo a Jonathan Rasgido.<\/b> Para el fiscal, Rasgido, oriundo de la zona, ser\u00eda parte del comando transa de tiradores que llev\u00f3 al barrio de Candela para ultimar a un dealer local. <\/p>\n<p>Rasgido -que tiene <b>antecedentes por encubrimiento y violencia de g\u00e9nero<\/b>, con una restricci\u00f3n perimetral- <b>se neg\u00f3 a declarar <\/b>y qued\u00f3 detenido. Las c\u00e1maras lo incriminaron tambi\u00e9n.<\/p>\n<p>Hay, tambi\u00e9n, otra parte del caso sumamente inquietante: Fornaro, confirman altas fuentes del caso, <b>tiene firmes sospechas sobre tres polic\u00edas que habr\u00edan encubierto a los narcos <\/b>involucrados en el asesinato de Candela. Por lo pronto, no est\u00e1n detenidos.<\/p>\n<p><img loading=\"lazy\" decoding=\"async\" src=\"https:\/\/lobosnews.com.ar\/wp-content\/uploads\/2026\/09\/cayo-otro-de-los-sospechosos-del-brutal-crimen-narco-de-candela-en-la-matanza-el-rastro-de-camaras-que-lo-delato-2.jpg\" alt=\"Candela Urquiza, la v\u00edctima\" height=\"1080\" width=\"1920\"\/><\/p>\n<p>En los \u00faltimos meses, de cara a los homicidios narco en La Matanza, <b>la nueva conducci\u00f3n de la Superintendencia AMBA Oeste I removi\u00f3 de sus puestos a once oficiales <\/b>de alto rango en la jurisdicci\u00f3n.<\/p>\n<p>El asesinato de la joven de 14 a\u00f1os ocurri\u00f3 en medio de una guerra matancera por el control del negocio dealer. El s\u00e1bado <b>27 de junio <\/b>en la esquina de Recuero e Icalma, <b>zona de Rafael Castillo<\/b>, un triple crimen ocurri\u00f3 poco despu\u00e9s de la medianoche en torno a un b\u00fanker de venta de drogas. <b>Dos v\u00edctimas fueron halladas en el lugar, ya sin vida. <\/b>Otra v\u00edctima lleg\u00f3 a una sala m\u00e9dica de la zona, donde finalmente muri\u00f3. El rancho de los traficantes fue incendiado por vecinos.<\/p>\n","protected":false},"excerpt":{"rendered":"<p>Gabriel Oviedo, de 23 a\u00f1os, oriundo de Virrey del Pino, fue detenido este viernes en La Tablada por la Polic\u00eda Bonaerense. La Justicia, con el fiscal Claudio Fornaro de la UFI de Homicidios de La Matanza, lo acusa de ser parte de uno de los cr\u00edmenes m\u00e1s indignantes de los \u00faltimos tiempos: el asesinato narco&#8230;<\/p>\n","protected":false},"author":1,"featured_media":97834,"comment_status":"open","ping_status":"closed","sticky":false,"template":"","format":"standard","meta":{"_jetpack_newsletter_access":"","_jetpack_dont_email_post_to_subs":false,"_jetpack_newsletter_tier_id":0,"_jetpack_memberships_contains_paywalled_content":false,"_jetpack_memberships_contains_paid_content":false,"footnotes":"","jetpack_post_was_ever_published":false},"categories":[31,30,32,77,84,35,36,37],"tags":[],"class_list":["post-97829","post","type-post","status-publish","format-standard","has-post-thumbnail","hentry","category-actualidad","category-argentina","category-economia","category-inseguridad","category-masradios-com","category-nacionales","category-seguridad","category-sociedad"],"magazineBlocksPostFeaturedMedia":{"thumbnail":"https:\/\/lobosnews.com.ar\/wp-content\/uploads\/2026\/09\/cayo-otro-de-los-sospechosos-del-brutal-crimen-narco-de-candela-en-la-matanza-el-rastro-de-camaras-que-lo-delato-4-150x150.jpg","medium":"https:\/\/lobosnews.com.ar\/wp-content\/uploads\/2026\/09\/cayo-otro-de-los-sospechosos-del-brutal-crimen-narco-de-candela-en-la-matanza-el-rastro-de-camaras-que-lo-delato-4-300x169.jpg","medium_large":"https:\/\/lobosnews.com.ar\/wp-content\/uploads\/2026\/09\/cayo-otro-de-los-sospechosos-del-brutal-crimen-narco-de-candela-en-la-matanza-el-rastro-de-camaras-que-lo-delato-4-768x432.jpg","large":"https:\/\/lobosnews.com.ar\/wp-content\/uploads\/2026\/09\/cayo-otro-de-los-sospechosos-del-brutal-crimen-narco-de-candela-en-la-matanza-el-rastro-de-camaras-que-lo-delato-4-1024x576.jpg","1536x1536":"https:\/\/lobosnews.com.ar\/wp-content\/uploads\/2026\/09\/cayo-otro-de-los-sospechosos-del-brutal-crimen-narco-de-candela-en-la-matanza-el-rastro-de-camaras-que-lo-delato-4-1536x864.jpg","2048x2048":"https:\/\/lobosnews.com.ar\/wp-content\/uploads\/2026\/09\/cayo-otro-de-los-sospechosos-del-brutal-crimen-narco-de-candela-en-la-matanza-el-rastro-de-camaras-que-lo-delato-4.jpg","newsmatic-featured":"https:\/\/lobosnews.com.ar\/wp-content\/uploads\/2026\/09\/cayo-otro-de-los-sospechosos-del-brutal-crimen-narco-de-candela-en-la-matanza-el-rastro-de-camaras-que-lo-delato-4-820x545.jpg","newsmatic-list":"https:\/\/lobosnews.com.ar\/wp-content\/uploads\/2026\/09\/cayo-otro-de-los-sospechosos-del-brutal-crimen-narco-de-candela-en-la-matanza-el-rastro-de-camaras-que-lo-delato-4-600x400.jpg","newsmatic-thumb":"https:\/\/lobosnews.com.ar\/wp-content\/uploads\/2026\/09\/cayo-otro-de-los-sospechosos-del-brutal-crimen-narco-de-candela-en-la-matanza-el-rastro-de-camaras-que-lo-delato-4-300x200.jpg","newsmatic-small":"https:\/\/lobosnews.com.ar\/wp-content\/uploads\/2026\/09\/cayo-otro-de-los-sospechosos-del-brutal-crimen-narco-de-candela-en-la-matanza-el-rastro-de-camaras-que-lo-delato-4-150x95.jpg","newsmatic-grid":"https:\/\/lobosnews.com.ar\/wp-content\/uploads\/2026\/09\/cayo-otro-de-los-sospechosos-del-brutal-crimen-narco-de-candela-en-la-matanza-el-rastro-de-camaras-que-lo-delato-4-400x250.jpg"},"magazineBlocksPostAuthor":{"name":"admin","avatar":"https:\/\/secure.gravatar.com\/avatar\/76e419471a2083bc3ceab22a763dbbf9b0c1bd15a6214cf3280e2c2dde4580f9?s=96&d=mm&r=g"},"magazineBlocksPostCommentsNumber":"0","magazineBlocksPostExcerpt":"Gabriel Oviedo, de 23 a\u00f1os, oriundo de Virrey del Pino, fue detenido este viernes en La Tablada por la Polic\u00eda Bonaerense. La Justicia, con el fiscal Claudio Fornaro de la UFI de Homicidios de La Matanza, lo acusa de ser parte de uno de los cr\u00edmenes m\u00e1s indignantes de los \u00faltimos tiempos: el asesinato narco...","magazineBlocksPostCategories":["Actualidad","Argentina","econom\u00eda","inseguridad","masradios.com","nacionales","seguridad","sociedad"],"magazineBlocksPostViewCount":70,"magazineBlocksPostReadTime":3,"magazine_blocks_featured_image_url":{"full":["https:\/\/lobosnews.com.ar\/wp-content\/uploads\/2026\/09\/cayo-otro-de-los-sospechosos-del-brutal-crimen-narco-de-candela-en-la-matanza-el-rastro-de-camaras-que-lo-delato-4.jpg",1920,1080,false],"medium":["https:\/\/lobosnews.com.ar\/wp-content\/uploads\/2026\/09\/cayo-otro-de-los-sospechosos-del-brutal-crimen-narco-de-candela-en-la-matanza-el-rastro-de-camaras-que-lo-delato-4-300x169.jpg",300,169,true],"thumbnail":["https:\/\/lobosnews.com.ar\/wp-content\/uploads\/2026\/09\/cayo-otro-de-los-sospechosos-del-brutal-crimen-narco-de-candela-en-la-matanza-el-rastro-de-camaras-que-lo-delato-4-150x150.jpg",150,150,true]},"magazine_blocks_author":{"display_name":"admin","author_link":"https:\/\/lobosnews.com.ar\/index.php\/author\/lobos-news\/"},"magazine_blocks_comment":0,"magazine_blocks_author_image":"https:\/\/secure.gravatar.com\/avatar\/76e419471a2083bc3ceab22a763dbbf9b0c1bd15a6214cf3280e2c2dde4580f9?s=96&d=mm&r=g","magazine_blocks_category":"<a href=\"#\" class=\"category-link category-link-31\">Actualidad<\/a> <a href=\"#\" class=\"category-link category-link-30\">Argentina<\/a> <a href=\"#\" class=\"category-link category-link-32\">econom\u00eda<\/a> <a href=\"#\" class=\"category-link category-link-77\">inseguridad<\/a> <a href=\"#\" class=\"category-link category-link-84\">masradios.com<\/a> <a href=\"#\" class=\"category-link category-link-35\">nacionales<\/a> <a href=\"#\" class=\"category-link category-link-36\">seguridad<\/a> <a href=\"#\" class=\"category-link category-link-37\">sociedad<\/a>","yoast_head":"<!-- This site is optimized with the Yoast SEO plugin v28.0 - https:\/\/yoast.com\/product\/yoast-seo-wordpress\/ -->\n<title>Cay\u00f3 otro de los sospechosos del brutal crimen narco de Candela en La Matanza: el rastro de c\u00e1maras que lo delat\u00f3 - Lobos News<\/title>\n<meta name=\"robots\" content=\"index, follow, max-snippet:-1, max-image-preview:large, max-video-preview:-1\" \/>\n<link rel=\"canonical\" href=\"https:\/\/lobosnews.com.ar\/index.php\/2026\/09\/05\/cayo-otro-de-los-sospechosos-del-brutal-crimen-narco-de-candela-en-la-matanza-el-rastro-de-camaras-que-lo-delato\/\" \/>\n<meta property=\"og:locale\" content=\"es_ES\" \/>\n<meta property=\"og:type\" content=\"article\" \/>\n<meta property=\"og:title\" content=\"Cay\u00f3 otro de los sospechosos del brutal crimen narco de Candela en La Matanza: el rastro de c\u00e1maras que lo delat\u00f3 - Lobos News\" \/>\n<meta property=\"og:description\" content=\"Gabriel Oviedo, de 23 a\u00f1os, oriundo de Virrey del Pino, fue detenido este viernes en La Tablada por la Polic\u00eda Bonaerense. La Justicia, con el fiscal Claudio Fornaro de la UFI de Homicidios de La Matanza, lo acusa de ser parte de uno de los cr\u00edmenes m\u00e1s indignantes de los \u00faltimos tiempos: el asesinato narco...\" \/>\n<meta property=\"og:url\" content=\"https:\/\/lobosnews.com.ar\/index.php\/2026\/09\/05\/cayo-otro-de-los-sospechosos-del-brutal-crimen-narco-de-candela-en-la-matanza-el-rastro-de-camaras-que-lo-delato\/\" \/>\n<meta property=\"og:site_name\" content=\"Lobos News\" \/>\n<meta property=\"article:published_time\" content=\"2026-09-05T14:07:35+00:00\" \/>\n<meta property=\"article:modified_time\" content=\"2026-09-05T15:58:43+00:00\" \/>\n<meta property=\"og:image\" content=\"https:\/\/lobosnews.com.ar\/wp-content\/uploads\/2026\/09\/cayo-otro-de-los-sospechosos-del-brutal-crimen-narco-de-candela-en-la-matanza-el-rastro-de-camaras-que-lo-delato-4.jpg\" \/>\n\t<meta property=\"og:image:width\" content=\"1920\" \/>\n\t<meta property=\"og:image:height\" content=\"1080\" \/>\n\t<meta property=\"og:image:type\" content=\"image\/jpeg\" \/>\n<meta name=\"author\" content=\"admin\" \/>\n<meta name=\"twitter:card\" content=\"summary_large_image\" \/>\n<meta name=\"twitter:label1\" content=\"Escrito por\" \/>\n\t<meta name=\"twitter:data1\" content=\"admin\" \/>\n\t<meta name=\"twitter:label2\" content=\"Tiempo de lectura\" \/>\n\t<meta name=\"twitter:data2\" content=\"2 minutos\" \/>\n<script type=\"application\/ld+json\" class=\"yoast-schema-graph\">{\"@context\":\"https:\\\/\\\/schema.org\",\"@graph\":[{\"@type\":\"Article\",\"@id\":\"https:\\\/\\\/lobosnews.com.ar\\\/index.php\\\/2026\\\/09\\\/05\\\/cayo-otro-de-los-sospechosos-del-brutal-crimen-narco-de-candela-en-la-matanza-el-rastro-de-camaras-que-lo-delato\\\/#article\",\"isPartOf\":{\"@id\":\"https:\\\/\\\/lobosnews.com.ar\\\/index.php\\\/2026\\\/09\\\/05\\\/cayo-otro-de-los-sospechosos-del-brutal-crimen-narco-de-candela-en-la-matanza-el-rastro-de-camaras-que-lo-delato\\\/\"},\"author\":{\"name\":\"admin\",\"@id\":\"https:\\\/\\\/lobosnews.com.ar\\\/#\\\/schema\\\/person\\\/232422a593d5c541dd9aef6aaed10943\"},\"headline\":\"Cay\u00f3 otro de los sospechosos del brutal crimen narco de Candela en La Matanza: el rastro de c\u00e1maras que lo delat\u00f3\",\"datePublished\":\"2026-09-05T14:07:35+00:00\",\"dateModified\":\"2026-09-05T15:58:43+00:00\",\"mainEntityOfPage\":{\"@id\":\"https:\\\/\\\/lobosnews.com.ar\\\/index.php\\\/2026\\\/09\\\/05\\\/cayo-otro-de-los-sospechosos-del-brutal-crimen-narco-de-candela-en-la-matanza-el-rastro-de-camaras-que-lo-delato\\\/\"},\"wordCount\":448,\"commentCount\":0,\"publisher\":{\"@id\":\"https:\\\/\\\/lobosnews.com.ar\\\/#organization\"},\"image\":{\"@id\":\"https:\\\/\\\/lobosnews.com.ar\\\/index.php\\\/2026\\\/09\\\/05\\\/cayo-otro-de-los-sospechosos-del-brutal-crimen-narco-de-candela-en-la-matanza-el-rastro-de-camaras-que-lo-delato\\\/#primaryimage\"},\"thumbnailUrl\":\"https:\\\/\\\/lobosnews.com.ar\\\/wp-content\\\/uploads\\\/2026\\\/09\\\/cayo-otro-de-los-sospechosos-del-brutal-crimen-narco-de-candela-en-la-matanza-el-rastro-de-camaras-que-lo-delato-4.jpg\",\"articleSection\":[\"Actualidad\",\"Argentina\",\"econom\u00eda\",\"inseguridad\",\"masradios.com\",\"nacionales\",\"seguridad\",\"sociedad\"],\"inLanguage\":\"es\",\"potentialAction\":[{\"@type\":\"CommentAction\",\"name\":\"Comment\",\"target\":[\"https:\\\/\\\/lobosnews.com.ar\\\/index.php\\\/2026\\\/09\\\/05\\\/cayo-otro-de-los-sospechosos-del-brutal-crimen-narco-de-candela-en-la-matanza-el-rastro-de-camaras-que-lo-delato\\\/#respond\"]}]},{\"@type\":\"WebPage\",\"@id\":\"https:\\\/\\\/lobosnews.com.ar\\\/index.php\\\/2026\\\/09\\\/05\\\/cayo-otro-de-los-sospechosos-del-brutal-crimen-narco-de-candela-en-la-matanza-el-rastro-de-camaras-que-lo-delato\\\/\",\"url\":\"https:\\\/\\\/lobosnews.com.ar\\\/index.php\\\/2026\\\/09\\\/05\\\/cayo-otro-de-los-sospechosos-del-brutal-crimen-narco-de-candela-en-la-matanza-el-rastro-de-camaras-que-lo-delato\\\/\",\"name\":\"Cay\u00f3 otro de los sospechosos del brutal crimen narco de Candela en La Matanza: el rastro de c\u00e1maras que lo delat\u00f3 - Lobos News\",\"isPartOf\":{\"@id\":\"https:\\\/\\\/lobosnews.com.ar\\\/#website\"},\"primaryImageOfPage\":{\"@id\":\"https:\\\/\\\/lobosnews.com.ar\\\/index.php\\\/2026\\\/09\\\/05\\\/cayo-otro-de-los-sospechosos-del-brutal-crimen-narco-de-candela-en-la-matanza-el-rastro-de-camaras-que-lo-delato\\\/#primaryimage\"},\"image\":{\"@id\":\"https:\\\/\\\/lobosnews.com.ar\\\/index.php\\\/2026\\\/09\\\/05\\\/cayo-otro-de-los-sospechosos-del-brutal-crimen-narco-de-candela-en-la-matanza-el-rastro-de-camaras-que-lo-delato\\\/#primaryimage\"},\"thumbnailUrl\":\"https:\\\/\\\/lobosnews.com.ar\\\/wp-content\\\/uploads\\\/2026\\\/09\\\/cayo-otro-de-los-sospechosos-del-brutal-crimen-narco-de-candela-en-la-matanza-el-rastro-de-camaras-que-lo-delato-4.jpg\",\"datePublished\":\"2026-09-05T14:07:35+00:00\",\"dateModified\":\"2026-09-05T15:58:43+00:00\",\"breadcrumb\":{\"@id\":\"https:\\\/\\\/lobosnews.com.ar\\\/index.php\\\/2026\\\/09\\\/05\\\/cayo-otro-de-los-sospechosos-del-brutal-crimen-narco-de-candela-en-la-matanza-el-rastro-de-camaras-que-lo-delato\\\/#breadcrumb\"},\"inLanguage\":\"es\",\"potentialAction\":[{\"@type\":\"ReadAction\",\"target\":[\"https:\\\/\\\/lobosnews.com.ar\\\/index.php\\\/2026\\\/09\\\/05\\\/cayo-otro-de-los-sospechosos-del-brutal-crimen-narco-de-candela-en-la-matanza-el-rastro-de-camaras-que-lo-delato\\\/\"]}]},{\"@type\":\"ImageObject\",\"inLanguage\":\"es\",\"@id\":\"https:\\\/\\\/lobosnews.com.ar\\\/index.php\\\/2026\\\/09\\\/05\\\/cayo-otro-de-los-sospechosos-del-brutal-crimen-narco-de-candela-en-la-matanza-el-rastro-de-camaras-que-lo-delato\\\/#primaryimage\",\"url\":\"https:\\\/\\\/lobosnews.com.ar\\\/wp-content\\\/uploads\\\/2026\\\/09\\\/cayo-otro-de-los-sospechosos-del-brutal-crimen-narco-de-candela-en-la-matanza-el-rastro-de-camaras-que-lo-delato-4.jpg\",\"contentUrl\":\"https:\\\/\\\/lobosnews.com.ar\\\/wp-content\\\/uploads\\\/2026\\\/09\\\/cayo-otro-de-los-sospechosos-del-brutal-crimen-narco-de-candela-en-la-matanza-el-rastro-de-camaras-que-lo-delato-4.jpg\",\"width\":1920,\"height\":1080,\"caption\":\"Cay\u00f3 otro de los sospechosos del brutal crimen narco de Candela en La Matanza: el rastro de c\u00e1maras que lo delat\u00f3\"},{\"@type\":\"BreadcrumbList\",\"@id\":\"https:\\\/\\\/lobosnews.com.ar\\\/index.php\\\/2026\\\/09\\\/05\\\/cayo-otro-de-los-sospechosos-del-brutal-crimen-narco-de-candela-en-la-matanza-el-rastro-de-camaras-que-lo-delato\\\/#breadcrumb\",\"itemListElement\":[{\"@type\":\"ListItem\",\"position\":1,\"name\":\"Portada\",\"item\":\"https:\\\/\\\/lobosnews.com.ar\\\/\"},{\"@type\":\"ListItem\",\"position\":2,\"name\":\"Cay\u00f3 otro de los sospechosos del brutal crimen narco de Candela en La Matanza: el rastro de c\u00e1maras que lo delat\u00f3\"}]},{\"@type\":\"WebSite\",\"@id\":\"https:\\\/\\\/lobosnews.com.ar\\\/#website\",\"url\":\"https:\\\/\\\/lobosnews.com.ar\\\/\",\"name\":\"Lobos News\",\"description\":\"Informaci\u00f3n a cada instante\",\"publisher\":{\"@id\":\"https:\\\/\\\/lobosnews.com.ar\\\/#organization\"},\"potentialAction\":[{\"@type\":\"SearchAction\",\"target\":{\"@type\":\"EntryPoint\",\"urlTemplate\":\"https:\\\/\\\/lobosnews.com.ar\\\/?s={search_term_string}\"},\"query-input\":{\"@type\":\"PropertyValueSpecification\",\"valueRequired\":true,\"valueName\":\"search_term_string\"}}],\"inLanguage\":\"es\"},{\"@type\":\"Organization\",\"@id\":\"https:\\\/\\\/lobosnews.com.ar\\\/#organization\",\"name\":\"Lobos News\",\"url\":\"https:\\\/\\\/lobosnews.com.ar\\\/\",\"logo\":{\"@type\":\"ImageObject\",\"inLanguage\":\"es\",\"@id\":\"https:\\\/\\\/lobosnews.com.ar\\\/#\\\/schema\\\/logo\\\/image\\\/\",\"url\":\"https:\\\/\\\/lobosnews.com.ar\\\/wp-content\\\/uploads\\\/2026\\\/01\\\/logo-lobosnews.png\",\"contentUrl\":\"https:\\\/\\\/lobosnews.com.ar\\\/wp-content\\\/uploads\\\/2026\\\/01\\\/logo-lobosnews.png\",\"width\":500,\"height\":200,\"caption\":\"Lobos News\"},\"image\":{\"@id\":\"https:\\\/\\\/lobosnews.com.ar\\\/#\\\/schema\\\/logo\\\/image\\\/\"}},{\"@type\":\"Person\",\"@id\":\"https:\\\/\\\/lobosnews.com.ar\\\/#\\\/schema\\\/person\\\/232422a593d5c541dd9aef6aaed10943\",\"name\":\"admin\",\"image\":{\"@type\":\"ImageObject\",\"inLanguage\":\"es\",\"@id\":\"https:\\\/\\\/secure.gravatar.com\\\/avatar\\\/76e419471a2083bc3ceab22a763dbbf9b0c1bd15a6214cf3280e2c2dde4580f9?s=96&d=mm&r=g\",\"url\":\"https:\\\/\\\/secure.gravatar.com\\\/avatar\\\/76e419471a2083bc3ceab22a763dbbf9b0c1bd15a6214cf3280e2c2dde4580f9?s=96&d=mm&r=g\",\"contentUrl\":\"https:\\\/\\\/secure.gravatar.com\\\/avatar\\\/76e419471a2083bc3ceab22a763dbbf9b0c1bd15a6214cf3280e2c2dde4580f9?s=96&d=mm&r=g\",\"caption\":\"admin\"},\"sameAs\":[\"https:\\\/\\\/lobosnews.com.ar\"],\"url\":\"https:\\\/\\\/lobosnews.com.ar\\\/index.php\\\/author\\\/lobos-news\\\/\"}]}<\/script>\n<!-- \/ Yoast SEO plugin. -->","yoast_head_json":{"title":"Cay\u00f3 otro de los sospechosos del brutal crimen narco de Candela en La Matanza: el rastro de c\u00e1maras que lo delat\u00f3 - Lobos News","robots":{"index":"index","follow":"follow","max-snippet":"max-snippet:-1","max-image-preview":"max-image-preview:large","max-video-preview":"max-video-preview:-1"},"canonical":"https:\/\/lobosnews.com.ar\/index.php\/2026\/09\/05\/cayo-otro-de-los-sospechosos-del-brutal-crimen-narco-de-candela-en-la-matanza-el-rastro-de-camaras-que-lo-delato\/","og_locale":"es_ES","og_type":"article","og_title":"Cay\u00f3 otro de los sospechosos del brutal crimen narco de Candela en La Matanza: el rastro de c\u00e1maras que lo delat\u00f3 - Lobos News","og_description":"Gabriel Oviedo, de 23 a\u00f1os, oriundo de Virrey del Pino, fue detenido este viernes en La Tablada por la Polic\u00eda Bonaerense. La Justicia, con el fiscal Claudio Fornaro de la UFI de Homicidios de La Matanza, lo acusa de ser parte de uno de los cr\u00edmenes m\u00e1s indignantes de los \u00faltimos tiempos: el asesinato narco...","og_url":"https:\/\/lobosnews.com.ar\/index.php\/2026\/09\/05\/cayo-otro-de-los-sospechosos-del-brutal-crimen-narco-de-candela-en-la-matanza-el-rastro-de-camaras-que-lo-delato\/","og_site_name":"Lobos News","article_published_time":"2026-09-05T14:07:35+00:00","article_modified_time":"2026-09-05T15:58:43+00:00","og_image":[{"width":1920,"height":1080,"url":"https:\/\/lobosnews.com.ar\/wp-content\/uploads\/2026\/09\/cayo-otro-de-los-sospechosos-del-brutal-crimen-narco-de-candela-en-la-matanza-el-rastro-de-camaras-que-lo-delato-4.jpg","type":"image\/jpeg"}],"author":"admin","twitter_card":"summary_large_image","twitter_misc":{"Escrito por":"admin","Tiempo de lectura":"2 minutos"},"schema":{"@context":"https:\/\/schema.org","@graph":[{"@type":"Article","@id":"https:\/\/lobosnews.com.ar\/index.php\/2026\/09\/05\/cayo-otro-de-los-sospechosos-del-brutal-crimen-narco-de-candela-en-la-matanza-el-rastro-de-camaras-que-lo-delato\/#article","isPartOf":{"@id":"https:\/\/lobosnews.com.ar\/index.php\/2026\/09\/05\/cayo-otro-de-los-sospechosos-del-brutal-crimen-narco-de-candela-en-la-matanza-el-rastro-de-camaras-que-lo-delato\/"},"author":{"name":"admin","@id":"https:\/\/lobosnews.com.ar\/#\/schema\/person\/232422a593d5c541dd9aef6aaed10943"},"headline":"Cay\u00f3 otro de los sospechosos del brutal crimen narco de Candela en La Matanza: el rastro de c\u00e1maras que lo delat\u00f3","datePublished":"2026-09-05T14:07:35+00:00","dateModified":"2026-09-05T15:58:43+00:00","mainEntityOfPage":{"@id":"https:\/\/lobosnews.com.ar\/index.php\/2026\/09\/05\/cayo-otro-de-los-sospechosos-del-brutal-crimen-narco-de-candela-en-la-matanza-el-rastro-de-camaras-que-lo-delato\/"},"wordCount":448,"commentCount":0,"publisher":{"@id":"https:\/\/lobosnews.com.ar\/#organization"},"image":{"@id":"https:\/\/lobosnews.com.ar\/index.php\/2026\/09\/05\/cayo-otro-de-los-sospechosos-del-brutal-crimen-narco-de-candela-en-la-matanza-el-rastro-de-camaras-que-lo-delato\/#primaryimage"},"thumbnailUrl":"https:\/\/lobosnews.com.ar\/wp-content\/uploads\/2026\/09\/cayo-otro-de-los-sospechosos-del-brutal-crimen-narco-de-candela-en-la-matanza-el-rastro-de-camaras-que-lo-delato-4.jpg","articleSection":["Actualidad","Argentina","econom\u00eda","inseguridad","masradios.com","nacionales","seguridad","sociedad"],"inLanguage":"es","potentialAction":[{"@type":"CommentAction","name":"Comment","target":["https:\/\/lobosnews.com.ar\/index.php\/2026\/09\/05\/cayo-otro-de-los-sospechosos-del-brutal-crimen-narco-de-candela-en-la-matanza-el-rastro-de-camaras-que-lo-delato\/#respond"]}]},{"@type":"WebPage","@id":"https:\/\/lobosnews.com.ar\/index.php\/2026\/09\/05\/cayo-otro-de-los-sospechosos-del-brutal-crimen-narco-de-candela-en-la-matanza-el-rastro-de-camaras-que-lo-delato\/","url":"https:\/\/lobosnews.com.ar\/index.php\/2026\/09\/05\/cayo-otro-de-los-sospechosos-del-brutal-crimen-narco-de-candela-en-la-matanza-el-rastro-de-camaras-que-lo-delato\/","name":"Cay\u00f3 otro de los sospechosos del brutal crimen narco de Candela en La Matanza: el rastro de c\u00e1maras que lo delat\u00f3 - Lobos News","isPartOf":{"@id":"https:\/\/lobosnews.com.ar\/#website"},"primaryImageOfPage":{"@id":"https:\/\/lobosnews.com.ar\/index.php\/2026\/09\/05\/cayo-otro-de-los-sospechosos-del-brutal-crimen-narco-de-candela-en-la-matanza-el-rastro-de-camaras-que-lo-delato\/#primaryimage"},"image":{"@id":"https:\/\/lobosnews.com.ar\/index.php\/2026\/09\/05\/cayo-otro-de-los-sospechosos-del-brutal-crimen-narco-de-candela-en-la-matanza-el-rastro-de-camaras-que-lo-delato\/#primaryimage"},"thumbnailUrl":"https:\/\/lobosnews.com.ar\/wp-content\/uploads\/2026\/09\/cayo-otro-de-los-sospechosos-del-brutal-crimen-narco-de-candela-en-la-matanza-el-rastro-de-camaras-que-lo-delato-4.jpg","datePublished":"2026-09-05T14:07:35+00:00","dateModified":"2026-09-05T15:58:43+00:00","breadcrumb":{"@id":"https:\/\/lobosnews.com.ar\/index.php\/2026\/09\/05\/cayo-otro-de-los-sospechosos-del-brutal-crimen-narco-de-candela-en-la-matanza-el-rastro-de-camaras-que-lo-delato\/#breadcrumb"},"inLanguage":"es","potentialAction":[{"@type":"ReadAction","target":["https:\/\/lobosnews.com.ar\/index.php\/2026\/09\/05\/cayo-otro-de-los-sospechosos-del-brutal-crimen-narco-de-candela-en-la-matanza-el-rastro-de-camaras-que-lo-delato\/"]}]},{"@type":"ImageObject","inLanguage":"es","@id":"https:\/\/lobosnews.com.ar\/index.php\/2026\/09\/05\/cayo-otro-de-los-sospechosos-del-brutal-crimen-narco-de-candela-en-la-matanza-el-rastro-de-camaras-que-lo-delato\/#primaryimage","url":"https:\/\/lobosnews.com.ar\/wp-content\/uploads\/2026\/09\/cayo-otro-de-los-sospechosos-del-brutal-crimen-narco-de-candela-en-la-matanza-el-rastro-de-camaras-que-lo-delato-4.jpg","contentUrl":"https:\/\/lobosnews.com.ar\/wp-content\/uploads\/2026\/09\/cayo-otro-de-los-sospechosos-del-brutal-crimen-narco-de-candela-en-la-matanza-el-rastro-de-camaras-que-lo-delato-4.jpg","width":1920,"height":1080,"caption":"Cay\u00f3 otro de los sospechosos del brutal crimen narco de Candela en La Matanza: el rastro de c\u00e1maras que lo delat\u00f3"},{"@type":"BreadcrumbList","@id":"https:\/\/lobosnews.com.ar\/index.php\/2026\/09\/05\/cayo-otro-de-los-sospechosos-del-brutal-crimen-narco-de-candela-en-la-matanza-el-rastro-de-camaras-que-lo-delato\/#breadcrumb","itemListElement":[{"@type":"ListItem","position":1,"name":"Portada","item":"https:\/\/lobosnews.com.ar\/"},{"@type":"ListItem","position":2,"name":"Cay\u00f3 otro de los sospechosos del brutal crimen narco de Candela en La Matanza: el rastro de c\u00e1maras que lo delat\u00f3"}]},{"@type":"WebSite","@id":"https:\/\/lobosnews.com.ar\/#website","url":"https:\/\/lobosnews.com.ar\/","name":"Lobos News","description":"Informaci\u00f3n a cada instante","publisher":{"@id":"https:\/\/lobosnews.com.ar\/#organization"},"potentialAction":[{"@type":"SearchAction","target":{"@type":"EntryPoint","urlTemplate":"https:\/\/lobosnews.com.ar\/?s={search_term_string}"},"query-input":{"@type":"PropertyValueSpecification","valueRequired":true,"valueName":"search_term_string"}}],"inLanguage":"es"},{"@type":"Organization","@id":"https:\/\/lobosnews.com.ar\/#organization","name":"Lobos News","url":"https:\/\/lobosnews.com.ar\/","logo":{"@type":"ImageObject","inLanguage":"es","@id":"https:\/\/lobosnews.com.ar\/#\/schema\/logo\/image\/","url":"https:\/\/lobosnews.com.ar\/wp-content\/uploads\/2026\/01\/logo-lobosnews.png","contentUrl":"https:\/\/lobosnews.com.ar\/wp-content\/uploads\/2026\/01\/logo-lobosnews.png","width":500,"height":200,"caption":"Lobos News"},"image":{"@id":"https:\/\/lobosnews.com.ar\/#\/schema\/logo\/image\/"}},{"@type":"Person","@id":"https:\/\/lobosnews.com.ar\/#\/schema\/person\/232422a593d5c541dd9aef6aaed10943","name":"admin","image":{"@type":"ImageObject","inLanguage":"es","@id":"https:\/\/secure.gravatar.com\/avatar\/76e419471a2083bc3ceab22a763dbbf9b0c1bd15a6214cf3280e2c2dde4580f9?s=96&d=mm&r=g","url":"https:\/\/secure.gravatar.com\/avatar\/76e419471a2083bc3ceab22a763dbbf9b0c1bd15a6214cf3280e2c2dde4580f9?s=96&d=mm&r=g","contentUrl":"https:\/\/secure.gravatar.com\/avatar\/76e419471a2083bc3ceab22a763dbbf9b0c1bd15a6214cf3280e2c2dde4580f9?s=96&d=mm&r=g","caption":"admin"},"sameAs":["https:\/\/lobosnews.com.ar"],"url":"https:\/\/lobosnews.com.ar\/index.php\/author\/lobos-news\/"}]}},"jetpack_featured_media_url":"https:\/\/lobosnews.com.ar\/wp-content\/uploads\/2026\/09\/cayo-otro-de-los-sospechosos-del-brutal-crimen-narco-de-candela-en-la-matanza-el-rastro-de-camaras-que-lo-delato-4.jpg","jetpack_sharing_enabled":true,"_links":{"self":[{"href":"https:\/\/lobosnews.com.ar\/index.php\/wp-json\/wp\/v2\/posts\/97829","targetHints":{"allow":["GET"]}}],"collection":[{"href":"https:\/\/lobosnews.com.ar\/index.php\/wp-json\/wp\/v2\/posts"}],"about":[{"href":"https:\/\/lobosnews.com.ar\/index.php\/wp-json\/wp\/v2\/types\/post"}],"author":[{"embeddable":true,"href":"https:\/\/lobosnews.com.ar\/index.php\/wp-json\/wp\/v2\/users\/1"}],"replies":[{"embeddable":true,"href":"https:\/\/lobosnews.com.ar\/index.php\/wp-json\/wp\/v2\/comments?post=97829"}],"version-history":[{"count":1,"href":"https:\/\/lobosnews.com.ar\/index.php\/wp-json\/wp\/v2\/posts\/97829\/revisions"}],"predecessor-version":[{"id":97833,"href":"https:\/\/lobosnews.com.ar\/index.php\/wp-json\/wp\/v2\/posts\/97829\/revisions\/97833"}],"wp:featuredmedia":[{"embeddable":true,"href":"https:\/\/lobosnews.com.ar\/index.php\/wp-json\/wp\/v2\/media\/97834"}],"wp:attachment":[{"href":"https:\/\/lobosnews.com.ar\/index.php\/wp-json\/wp\/v2\/media?parent=97829"}],"wp:term":[{"taxonomy":"category","embeddable":true,"href":"https:\/\/lobosnews.com.ar\/index.php\/wp-json\/wp\/v2\/categories?post=97829"},{"taxonomy":"post_tag","embeddable":true,"href":"https:\/\/lobosnews.com.ar\/index.php\/wp-json\/wp\/v2\/tags?post=97829"}],"curies":[{"name":"wp","href":"https:\/\/api.w.org\/{rel}","templated":true}]}}