{"id":97824,"date":"2026-09-05T15:16:28","date_gmt":"2026-09-05T15:16:28","guid":{"rendered":"https:\/\/lobosnews.com.ar\/?p=97824"},"modified":"2026-09-05T15:58:14","modified_gmt":"2026-09-05T15:58:14","slug":"salta-registro-un-sismo-de-47-y-el-temblor-se-percibio-en-varias-ciudades-del-norte-argentino","status":"publish","type":"post","link":"https:\/\/lobosnews.com.ar\/index.php\/2026\/09\/05\/salta-registro-un-sismo-de-47-y-el-temblor-se-percibio-en-varias-ciudades-del-norte-argentino\/","title":{"rendered":"Salta registr\u00f3 un sismo de 4,7 y el temblor se percibi\u00f3 en varias ciudades del norte argentino"},"content":{"rendered":"<p><img fetchpriority=\"high\" decoding=\"async\" src=\"https:\/\/lobosnews.com.ar\/wp-content\/uploads\/2026\/09\/salta-registro-un-sismo-de-47-y-el-temblor-se-percibio-en-varias-ciudades-del-norte-argentino.jpg\" alt=\"El sismo se sinti\u00f3 en Salta, Jujuy y Tucum\u00e1n\" height=\"1536\" width=\"2752\"\/><\/p>\n<p>Un temblor se sinti\u00f3 este s\u00e1bado por la ma\u00f1ana en el noroeste argentino, donde <b>un sismo de magnitud 4,7 tuvo epicentro en la provincia de Salta<\/b> y alcanz\u00f3 distintos niveles de percepci\u00f3n en localidades de esa provincia, adem\u00e1s de la capital tucumana y la ciudad de San Salvador de Jujuy, seg\u00fan inform\u00f3 el <b>Instituto Nacional de Prevenci\u00f3n S\u00edsmica<\/b> (<b>INPRES<\/b>).<\/p>\n<p>De acuerdo con los datos difundidos por el organismo oficial, el movimiento ocurri\u00f3 a las <b>08:37:13<\/b> hora local de este <b>5 de septiembre de 2026<\/b>. El registro tambi\u00e9n consign\u00f3 la hora GMT, fijada en <b>11:37:13<\/b>, y ubic\u00f3 el foco en las coordenadas <b>-25.974 y -66.703<\/b>, con una profundidad de <b>6 kil\u00f3metros<\/b>.<\/p>\n<p>La referencia geogr\u00e1fica publicada por el <b>INPRES<\/b> se\u00f1al\u00f3 que el epicentro se localiz\u00f3 a <b>71 kil\u00f3metros al este de Antofagasta<\/b>, a <b>71 kil\u00f3metros al este de Antofagasta de la Sierra<\/b> y a <b>74 kil\u00f3metros al oeste de Cafayate<\/b>. En el informe difundido por el instituto, el \u00e1rea marcada se situ\u00f3 dentro del territorio salte\u00f1o, en una zona pr\u00f3xima al l\u00edmite con <b>Catamarca<\/b> y relativamente cerca del sector de los Valles Calchaqu\u00edes.<\/p>\n<p><img loading=\"lazy\" decoding=\"async\" src=\"https:\/\/lobosnews.com.ar\/wp-content\/uploads\/2026\/09\/salta-registro-un-sismo-de-47-y-el-temblor-se-percibio-en-varias-ciudades-del-norte-argentino-1.jpg\" alt=\"El informe del Instituto Nacional de Prevenci\u00f3n S\u00edsmica (INPRES)\" height=\"1536\" width=\"2752\"\/><\/p>\n<p>La cifra principal del informe fue la <b>magnitud 4,7<\/b>, mientras que el apartado sobre profundidad indic\u00f3 <b>6 km<\/b>. En la misma ficha, el instituto present\u00f3 adem\u00e1s una tabla de intensidad Mercalli modificada, con el detalle de los lugares donde el fen\u00f3meno se percibi\u00f3 y los efectos asociados a cada nivel.<\/p>\n<p>En esa tabla, <b>Molinos<\/b>, en la provincia de <b>Salta<\/b>, apareci\u00f3 con intensidad <b>IV<\/b>. El organismo describi\u00f3 ese nivel con la frase <b>\u201cObjetos colgantes oscilan\u201d<\/b>, una de las referencias incluidas para clasificar c\u00f3mo se percibi\u00f3 el movimiento en superficie.<\/p>\n<p>Para <b>Cafayate<\/b>, tambi\u00e9n en <b>Salta<\/b>, el parte asign\u00f3 una intensidad de <b>III a IV<\/b>. En ese tramo de la escala, el cuadro oficial indic\u00f3: <b>\u201cEntre lo perciben algunas personas en reposo, y objetos colgantes oscilan\u201d<\/b>. La menci\u00f3n ubic\u00f3 a esa ciudad entre los puntos donde el sismo tuvo una percepci\u00f3n intermedia dentro del listado difundido.<\/p>\n<p>La tabla publicada por el instituto sum\u00f3 otros centros urbanos. La <b>ciudad de Salta<\/b> y la <b>ciudad de San Miguel de Tucum\u00e1n<\/b> quedaron encuadradas en intensidad <b>III<\/b>. Para ese nivel, el detalle del organismo se\u00f1al\u00f3: <b>\u201cLo perciben algunas personas en reposo\u201d<\/b>.<\/p>\n<p>El parte oficial agreg\u00f3 a la <b>ciudad de San Salvador de Jujuy<\/b> dentro del rango <b>II a III<\/b>. En esa categor\u00eda, el texto del cuadro indic\u00f3 que el fen\u00f3meno fue <b>\u201csentido levemente por algunas personas en reposo o en edificios\u201d<\/b>.<\/p>\n<p>La distribuci\u00f3n de intensidades mostr\u00f3 que la percepci\u00f3n del movimiento alcanz\u00f3 al menos cuatro \u00e1reas urbanas o localidades mencionadas expresamente por el organismo nacional. El listado abarc\u00f3 puntos de <b>Salta<\/b>, <b>Tucum\u00e1n<\/b> y <b>Jujuy<\/b>, con diferentes efectos reportados seg\u00fan la escala Mercalli modificada.<\/p>\n","protected":false},"excerpt":{"rendered":"<p>Un temblor se sinti\u00f3 este s\u00e1bado por la ma\u00f1ana en el noroeste argentino, donde un sismo de magnitud 4,7 tuvo epicentro en la provincia de Salta y alcanz\u00f3 distintos niveles de percepci\u00f3n en localidades de esa provincia, adem\u00e1s de la capital tucumana y la ciudad de San Salvador de Jujuy, seg\u00fan inform\u00f3 el Instituto Nacional&#8230;<\/p>\n","protected":false},"author":1,"featured_media":97828,"comment_status":"open","ping_status":"closed","sticky":false,"template":"","format":"standard","meta":{"_jetpack_newsletter_access":"","_jetpack_dont_email_post_to_subs":false,"_jetpack_newsletter_tier_id":0,"_jetpack_memberships_contains_paywalled_content":false,"_jetpack_memberships_contains_paid_content":false,"footnotes":"","jetpack_post_was_ever_published":false},"categories":[31,30,32,77,84,35,36,37],"tags":[],"class_list":["post-97824","post","type-post","status-publish","format-standard","has-post-thumbnail","hentry","category-actualidad","category-argentina","category-economia","category-inseguridad","category-masradios-com","category-nacionales","category-seguridad","category-sociedad"],"magazineBlocksPostFeaturedMedia":{"thumbnail":"https:\/\/lobosnews.com.ar\/wp-content\/uploads\/2026\/09\/salta-registro-un-sismo-de-47-y-el-temblor-se-percibio-en-varias-ciudades-del-norte-argentino-2-150x150.jpg","medium":"https:\/\/lobosnews.com.ar\/wp-content\/uploads\/2026\/09\/salta-registro-un-sismo-de-47-y-el-temblor-se-percibio-en-varias-ciudades-del-norte-argentino-2-300x167.jpg","medium_large":"https:\/\/lobosnews.com.ar\/wp-content\/uploads\/2026\/09\/salta-registro-un-sismo-de-47-y-el-temblor-se-percibio-en-varias-ciudades-del-norte-argentino-2-768x429.jpg","large":"https:\/\/lobosnews.com.ar\/wp-content\/uploads\/2026\/09\/salta-registro-un-sismo-de-47-y-el-temblor-se-percibio-en-varias-ciudades-del-norte-argentino-2-1024x572.jpg","1536x1536":"https:\/\/lobosnews.com.ar\/wp-content\/uploads\/2026\/09\/salta-registro-un-sismo-de-47-y-el-temblor-se-percibio-en-varias-ciudades-del-norte-argentino-2-1536x857.jpg","2048x2048":"https:\/\/lobosnews.com.ar\/wp-content\/uploads\/2026\/09\/salta-registro-un-sismo-de-47-y-el-temblor-se-percibio-en-varias-ciudades-del-norte-argentino-2-2048x1143.jpg","newsmatic-featured":"https:\/\/lobosnews.com.ar\/wp-content\/uploads\/2026\/09\/salta-registro-un-sismo-de-47-y-el-temblor-se-percibio-en-varias-ciudades-del-norte-argentino-2-820x545.jpg","newsmatic-list":"https:\/\/lobosnews.com.ar\/wp-content\/uploads\/2026\/09\/salta-registro-un-sismo-de-47-y-el-temblor-se-percibio-en-varias-ciudades-del-norte-argentino-2-600x400.jpg","newsmatic-thumb":"https:\/\/lobosnews.com.ar\/wp-content\/uploads\/2026\/09\/salta-registro-un-sismo-de-47-y-el-temblor-se-percibio-en-varias-ciudades-del-norte-argentino-2-300x200.jpg","newsmatic-small":"https:\/\/lobosnews.com.ar\/wp-content\/uploads\/2026\/09\/salta-registro-un-sismo-de-47-y-el-temblor-se-percibio-en-varias-ciudades-del-norte-argentino-2-150x95.jpg","newsmatic-grid":"https:\/\/lobosnews.com.ar\/wp-content\/uploads\/2026\/09\/salta-registro-un-sismo-de-47-y-el-temblor-se-percibio-en-varias-ciudades-del-norte-argentino-2-400x250.jpg"},"magazineBlocksPostAuthor":{"name":"admin","avatar":"https:\/\/secure.gravatar.com\/avatar\/76e419471a2083bc3ceab22a763dbbf9b0c1bd15a6214cf3280e2c2dde4580f9?s=96&d=mm&r=g"},"magazineBlocksPostCommentsNumber":"0","magazineBlocksPostExcerpt":"Un temblor se sinti\u00f3 este s\u00e1bado por la ma\u00f1ana en el noroeste argentino, donde un sismo de magnitud 4,7 tuvo epicentro en la provincia de Salta y alcanz\u00f3 distintos niveles de percepci\u00f3n en localidades de esa provincia, adem\u00e1s de la capital tucumana y la ciudad de San Salvador de Jujuy, seg\u00fan inform\u00f3 el Instituto Nacional...","magazineBlocksPostCategories":["Actualidad","Argentina","econom\u00eda","inseguridad","masradios.com","nacionales","seguridad","sociedad"],"magazineBlocksPostViewCount":99,"magazineBlocksPostReadTime":3,"magazine_blocks_featured_image_url":{"full":["https:\/\/lobosnews.com.ar\/wp-content\/uploads\/2026\/09\/salta-registro-un-sismo-de-47-y-el-temblor-se-percibio-en-varias-ciudades-del-norte-argentino-2-scaled.jpg",2560,1429,false],"medium":["https:\/\/lobosnews.com.ar\/wp-content\/uploads\/2026\/09\/salta-registro-un-sismo-de-47-y-el-temblor-se-percibio-en-varias-ciudades-del-norte-argentino-2-300x167.jpg",300,167,true],"thumbnail":["https:\/\/lobosnews.com.ar\/wp-content\/uploads\/2026\/09\/salta-registro-un-sismo-de-47-y-el-temblor-se-percibio-en-varias-ciudades-del-norte-argentino-2-150x150.jpg",150,150,true]},"magazine_blocks_author":{"display_name":"admin","author_link":"https:\/\/lobosnews.com.ar\/index.php\/author\/lobos-news\/"},"magazine_blocks_comment":0,"magazine_blocks_author_image":"https:\/\/secure.gravatar.com\/avatar\/76e419471a2083bc3ceab22a763dbbf9b0c1bd15a6214cf3280e2c2dde4580f9?s=96&d=mm&r=g","magazine_blocks_category":"<a href=\"#\" class=\"category-link category-link-31\">Actualidad<\/a> <a href=\"#\" class=\"category-link category-link-30\">Argentina<\/a> <a href=\"#\" class=\"category-link category-link-32\">econom\u00eda<\/a> <a href=\"#\" class=\"category-link category-link-77\">inseguridad<\/a> <a href=\"#\" class=\"category-link category-link-84\">masradios.com<\/a> <a href=\"#\" class=\"category-link category-link-35\">nacionales<\/a> <a href=\"#\" class=\"category-link category-link-36\">seguridad<\/a> <a href=\"#\" class=\"category-link category-link-37\">sociedad<\/a>","yoast_head":"<!-- This site is optimized with the Yoast SEO plugin v28.0 - https:\/\/yoast.com\/product\/yoast-seo-wordpress\/ -->\n<title>Salta registr\u00f3 un sismo de 4,7 y el temblor se percibi\u00f3 en varias ciudades del norte argentino - Lobos News<\/title>\n<meta name=\"robots\" content=\"index, follow, max-snippet:-1, max-image-preview:large, max-video-preview:-1\" \/>\n<link rel=\"canonical\" href=\"https:\/\/lobosnews.com.ar\/index.php\/2026\/09\/05\/salta-registro-un-sismo-de-47-y-el-temblor-se-percibio-en-varias-ciudades-del-norte-argentino\/\" \/>\n<meta property=\"og:locale\" content=\"es_ES\" \/>\n<meta property=\"og:type\" content=\"article\" \/>\n<meta property=\"og:title\" content=\"Salta registr\u00f3 un sismo de 4,7 y el temblor se percibi\u00f3 en varias ciudades del norte argentino - Lobos News\" \/>\n<meta property=\"og:description\" content=\"Un temblor se sinti\u00f3 este s\u00e1bado por la ma\u00f1ana en el noroeste argentino, donde un sismo de magnitud 4,7 tuvo epicentro en la provincia de Salta y alcanz\u00f3 distintos niveles de percepci\u00f3n en localidades de esa provincia, adem\u00e1s de la capital tucumana y la ciudad de San Salvador de Jujuy, seg\u00fan inform\u00f3 el Instituto Nacional...\" \/>\n<meta property=\"og:url\" content=\"https:\/\/lobosnews.com.ar\/index.php\/2026\/09\/05\/salta-registro-un-sismo-de-47-y-el-temblor-se-percibio-en-varias-ciudades-del-norte-argentino\/\" \/>\n<meta property=\"og:site_name\" content=\"Lobos News\" \/>\n<meta property=\"article:published_time\" content=\"2026-09-05T15:16:28+00:00\" \/>\n<meta property=\"article:modified_time\" content=\"2026-09-05T15:58:14+00:00\" \/>\n<meta property=\"og:image\" content=\"https:\/\/lobosnews.com.ar\/wp-content\/uploads\/2026\/09\/salta-registro-un-sismo-de-47-y-el-temblor-se-percibio-en-varias-ciudades-del-norte-argentino-2-scaled.jpg\" \/>\n\t<meta property=\"og:image:width\" content=\"2560\" \/>\n\t<meta property=\"og:image:height\" content=\"1429\" \/>\n\t<meta property=\"og:image:type\" content=\"image\/jpeg\" \/>\n<meta name=\"author\" content=\"admin\" \/>\n<meta name=\"twitter:card\" content=\"summary_large_image\" \/>\n<meta name=\"twitter:label1\" content=\"Escrito por\" \/>\n\t<meta name=\"twitter:data1\" content=\"admin\" \/>\n\t<meta name=\"twitter:label2\" content=\"Tiempo de lectura\" \/>\n\t<meta name=\"twitter:data2\" content=\"2 minutos\" \/>\n<script type=\"application\/ld+json\" class=\"yoast-schema-graph\">{\"@context\":\"https:\\\/\\\/schema.org\",\"@graph\":[{\"@type\":\"Article\",\"@id\":\"https:\\\/\\\/lobosnews.com.ar\\\/index.php\\\/2026\\\/09\\\/05\\\/salta-registro-un-sismo-de-47-y-el-temblor-se-percibio-en-varias-ciudades-del-norte-argentino\\\/#article\",\"isPartOf\":{\"@id\":\"https:\\\/\\\/lobosnews.com.ar\\\/index.php\\\/2026\\\/09\\\/05\\\/salta-registro-un-sismo-de-47-y-el-temblor-se-percibio-en-varias-ciudades-del-norte-argentino\\\/\"},\"author\":{\"name\":\"admin\",\"@id\":\"https:\\\/\\\/lobosnews.com.ar\\\/#\\\/schema\\\/person\\\/232422a593d5c541dd9aef6aaed10943\"},\"headline\":\"Salta registr\u00f3 un sismo de 4,7 y el temblor se percibi\u00f3 en varias ciudades del norte argentino\",\"datePublished\":\"2026-09-05T15:16:28+00:00\",\"dateModified\":\"2026-09-05T15:58:14+00:00\",\"mainEntityOfPage\":{\"@id\":\"https:\\\/\\\/lobosnews.com.ar\\\/index.php\\\/2026\\\/09\\\/05\\\/salta-registro-un-sismo-de-47-y-el-temblor-se-percibio-en-varias-ciudades-del-norte-argentino\\\/\"},\"wordCount\":484,\"commentCount\":0,\"publisher\":{\"@id\":\"https:\\\/\\\/lobosnews.com.ar\\\/#organization\"},\"image\":{\"@id\":\"https:\\\/\\\/lobosnews.com.ar\\\/index.php\\\/2026\\\/09\\\/05\\\/salta-registro-un-sismo-de-47-y-el-temblor-se-percibio-en-varias-ciudades-del-norte-argentino\\\/#primaryimage\"},\"thumbnailUrl\":\"https:\\\/\\\/lobosnews.com.ar\\\/wp-content\\\/uploads\\\/2026\\\/09\\\/salta-registro-un-sismo-de-47-y-el-temblor-se-percibio-en-varias-ciudades-del-norte-argentino-2-scaled.jpg\",\"articleSection\":[\"Actualidad\",\"Argentina\",\"econom\u00eda\",\"inseguridad\",\"masradios.com\",\"nacionales\",\"seguridad\",\"sociedad\"],\"inLanguage\":\"es\",\"potentialAction\":[{\"@type\":\"CommentAction\",\"name\":\"Comment\",\"target\":[\"https:\\\/\\\/lobosnews.com.ar\\\/index.php\\\/2026\\\/09\\\/05\\\/salta-registro-un-sismo-de-47-y-el-temblor-se-percibio-en-varias-ciudades-del-norte-argentino\\\/#respond\"]}]},{\"@type\":\"WebPage\",\"@id\":\"https:\\\/\\\/lobosnews.com.ar\\\/index.php\\\/2026\\\/09\\\/05\\\/salta-registro-un-sismo-de-47-y-el-temblor-se-percibio-en-varias-ciudades-del-norte-argentino\\\/\",\"url\":\"https:\\\/\\\/lobosnews.com.ar\\\/index.php\\\/2026\\\/09\\\/05\\\/salta-registro-un-sismo-de-47-y-el-temblor-se-percibio-en-varias-ciudades-del-norte-argentino\\\/\",\"name\":\"Salta registr\u00f3 un sismo de 4,7 y el temblor se percibi\u00f3 en varias ciudades del norte argentino - Lobos News\",\"isPartOf\":{\"@id\":\"https:\\\/\\\/lobosnews.com.ar\\\/#website\"},\"primaryImageOfPage\":{\"@id\":\"https:\\\/\\\/lobosnews.com.ar\\\/index.php\\\/2026\\\/09\\\/05\\\/salta-registro-un-sismo-de-47-y-el-temblor-se-percibio-en-varias-ciudades-del-norte-argentino\\\/#primaryimage\"},\"image\":{\"@id\":\"https:\\\/\\\/lobosnews.com.ar\\\/index.php\\\/2026\\\/09\\\/05\\\/salta-registro-un-sismo-de-47-y-el-temblor-se-percibio-en-varias-ciudades-del-norte-argentino\\\/#primaryimage\"},\"thumbnailUrl\":\"https:\\\/\\\/lobosnews.com.ar\\\/wp-content\\\/uploads\\\/2026\\\/09\\\/salta-registro-un-sismo-de-47-y-el-temblor-se-percibio-en-varias-ciudades-del-norte-argentino-2-scaled.jpg\",\"datePublished\":\"2026-09-05T15:16:28+00:00\",\"dateModified\":\"2026-09-05T15:58:14+00:00\",\"breadcrumb\":{\"@id\":\"https:\\\/\\\/lobosnews.com.ar\\\/index.php\\\/2026\\\/09\\\/05\\\/salta-registro-un-sismo-de-47-y-el-temblor-se-percibio-en-varias-ciudades-del-norte-argentino\\\/#breadcrumb\"},\"inLanguage\":\"es\",\"potentialAction\":[{\"@type\":\"ReadAction\",\"target\":[\"https:\\\/\\\/lobosnews.com.ar\\\/index.php\\\/2026\\\/09\\\/05\\\/salta-registro-un-sismo-de-47-y-el-temblor-se-percibio-en-varias-ciudades-del-norte-argentino\\\/\"]}]},{\"@type\":\"ImageObject\",\"inLanguage\":\"es\",\"@id\":\"https:\\\/\\\/lobosnews.com.ar\\\/index.php\\\/2026\\\/09\\\/05\\\/salta-registro-un-sismo-de-47-y-el-temblor-se-percibio-en-varias-ciudades-del-norte-argentino\\\/#primaryimage\",\"url\":\"https:\\\/\\\/lobosnews.com.ar\\\/wp-content\\\/uploads\\\/2026\\\/09\\\/salta-registro-un-sismo-de-47-y-el-temblor-se-percibio-en-varias-ciudades-del-norte-argentino-2-scaled.jpg\",\"contentUrl\":\"https:\\\/\\\/lobosnews.com.ar\\\/wp-content\\\/uploads\\\/2026\\\/09\\\/salta-registro-un-sismo-de-47-y-el-temblor-se-percibio-en-varias-ciudades-del-norte-argentino-2-scaled.jpg\",\"width\":2560,\"height\":1429,\"caption\":\"Salta registr\u00f3 un sismo de 4,7 y el temblor se percibi\u00f3 en varias ciudades del norte argentino\"},{\"@type\":\"BreadcrumbList\",\"@id\":\"https:\\\/\\\/lobosnews.com.ar\\\/index.php\\\/2026\\\/09\\\/05\\\/salta-registro-un-sismo-de-47-y-el-temblor-se-percibio-en-varias-ciudades-del-norte-argentino\\\/#breadcrumb\",\"itemListElement\":[{\"@type\":\"ListItem\",\"position\":1,\"name\":\"Portada\",\"item\":\"https:\\\/\\\/lobosnews.com.ar\\\/\"},{\"@type\":\"ListItem\",\"position\":2,\"name\":\"Salta registr\u00f3 un sismo de 4,7 y el temblor se percibi\u00f3 en varias ciudades del norte argentino\"}]},{\"@type\":\"WebSite\",\"@id\":\"https:\\\/\\\/lobosnews.com.ar\\\/#website\",\"url\":\"https:\\\/\\\/lobosnews.com.ar\\\/\",\"name\":\"Lobos News\",\"description\":\"Informaci\u00f3n a cada instante\",\"publisher\":{\"@id\":\"https:\\\/\\\/lobosnews.com.ar\\\/#organization\"},\"potentialAction\":[{\"@type\":\"SearchAction\",\"target\":{\"@type\":\"EntryPoint\",\"urlTemplate\":\"https:\\\/\\\/lobosnews.com.ar\\\/?s={search_term_string}\"},\"query-input\":{\"@type\":\"PropertyValueSpecification\",\"valueRequired\":true,\"valueName\":\"search_term_string\"}}],\"inLanguage\":\"es\"},{\"@type\":\"Organization\",\"@id\":\"https:\\\/\\\/lobosnews.com.ar\\\/#organization\",\"name\":\"Lobos News\",\"url\":\"https:\\\/\\\/lobosnews.com.ar\\\/\",\"logo\":{\"@type\":\"ImageObject\",\"inLanguage\":\"es\",\"@id\":\"https:\\\/\\\/lobosnews.com.ar\\\/#\\\/schema\\\/logo\\\/image\\\/\",\"url\":\"https:\\\/\\\/lobosnews.com.ar\\\/wp-content\\\/uploads\\\/2026\\\/01\\\/logo-lobosnews.png\",\"contentUrl\":\"https:\\\/\\\/lobosnews.com.ar\\\/wp-content\\\/uploads\\\/2026\\\/01\\\/logo-lobosnews.png\",\"width\":500,\"height\":200,\"caption\":\"Lobos News\"},\"image\":{\"@id\":\"https:\\\/\\\/lobosnews.com.ar\\\/#\\\/schema\\\/logo\\\/image\\\/\"}},{\"@type\":\"Person\",\"@id\":\"https:\\\/\\\/lobosnews.com.ar\\\/#\\\/schema\\\/person\\\/232422a593d5c541dd9aef6aaed10943\",\"name\":\"admin\",\"image\":{\"@type\":\"ImageObject\",\"inLanguage\":\"es\",\"@id\":\"https:\\\/\\\/secure.gravatar.com\\\/avatar\\\/76e419471a2083bc3ceab22a763dbbf9b0c1bd15a6214cf3280e2c2dde4580f9?s=96&d=mm&r=g\",\"url\":\"https:\\\/\\\/secure.gravatar.com\\\/avatar\\\/76e419471a2083bc3ceab22a763dbbf9b0c1bd15a6214cf3280e2c2dde4580f9?s=96&d=mm&r=g\",\"contentUrl\":\"https:\\\/\\\/secure.gravatar.com\\\/avatar\\\/76e419471a2083bc3ceab22a763dbbf9b0c1bd15a6214cf3280e2c2dde4580f9?s=96&d=mm&r=g\",\"caption\":\"admin\"},\"sameAs\":[\"https:\\\/\\\/lobosnews.com.ar\"],\"url\":\"https:\\\/\\\/lobosnews.com.ar\\\/index.php\\\/author\\\/lobos-news\\\/\"}]}<\/script>\n<!-- \/ Yoast SEO plugin. -->","yoast_head_json":{"title":"Salta registr\u00f3 un sismo de 4,7 y el temblor se percibi\u00f3 en varias ciudades del norte argentino - Lobos News","robots":{"index":"index","follow":"follow","max-snippet":"max-snippet:-1","max-image-preview":"max-image-preview:large","max-video-preview":"max-video-preview:-1"},"canonical":"https:\/\/lobosnews.com.ar\/index.php\/2026\/09\/05\/salta-registro-un-sismo-de-47-y-el-temblor-se-percibio-en-varias-ciudades-del-norte-argentino\/","og_locale":"es_ES","og_type":"article","og_title":"Salta registr\u00f3 un sismo de 4,7 y el temblor se percibi\u00f3 en varias ciudades del norte argentino - Lobos News","og_description":"Un temblor se sinti\u00f3 este s\u00e1bado por la ma\u00f1ana en el noroeste argentino, donde un sismo de magnitud 4,7 tuvo epicentro en la provincia de Salta y alcanz\u00f3 distintos niveles de percepci\u00f3n en localidades de esa provincia, adem\u00e1s de la capital tucumana y la ciudad de San Salvador de Jujuy, seg\u00fan inform\u00f3 el Instituto Nacional...","og_url":"https:\/\/lobosnews.com.ar\/index.php\/2026\/09\/05\/salta-registro-un-sismo-de-47-y-el-temblor-se-percibio-en-varias-ciudades-del-norte-argentino\/","og_site_name":"Lobos News","article_published_time":"2026-09-05T15:16:28+00:00","article_modified_time":"2026-09-05T15:58:14+00:00","og_image":[{"width":2560,"height":1429,"url":"https:\/\/lobosnews.com.ar\/wp-content\/uploads\/2026\/09\/salta-registro-un-sismo-de-47-y-el-temblor-se-percibio-en-varias-ciudades-del-norte-argentino-2-scaled.jpg","type":"image\/jpeg"}],"author":"admin","twitter_card":"summary_large_image","twitter_misc":{"Escrito por":"admin","Tiempo de lectura":"2 minutos"},"schema":{"@context":"https:\/\/schema.org","@graph":[{"@type":"Article","@id":"https:\/\/lobosnews.com.ar\/index.php\/2026\/09\/05\/salta-registro-un-sismo-de-47-y-el-temblor-se-percibio-en-varias-ciudades-del-norte-argentino\/#article","isPartOf":{"@id":"https:\/\/lobosnews.com.ar\/index.php\/2026\/09\/05\/salta-registro-un-sismo-de-47-y-el-temblor-se-percibio-en-varias-ciudades-del-norte-argentino\/"},"author":{"name":"admin","@id":"https:\/\/lobosnews.com.ar\/#\/schema\/person\/232422a593d5c541dd9aef6aaed10943"},"headline":"Salta registr\u00f3 un sismo de 4,7 y el temblor se percibi\u00f3 en varias ciudades del norte argentino","datePublished":"2026-09-05T15:16:28+00:00","dateModified":"2026-09-05T15:58:14+00:00","mainEntityOfPage":{"@id":"https:\/\/lobosnews.com.ar\/index.php\/2026\/09\/05\/salta-registro-un-sismo-de-47-y-el-temblor-se-percibio-en-varias-ciudades-del-norte-argentino\/"},"wordCount":484,"commentCount":0,"publisher":{"@id":"https:\/\/lobosnews.com.ar\/#organization"},"image":{"@id":"https:\/\/lobosnews.com.ar\/index.php\/2026\/09\/05\/salta-registro-un-sismo-de-47-y-el-temblor-se-percibio-en-varias-ciudades-del-norte-argentino\/#primaryimage"},"thumbnailUrl":"https:\/\/lobosnews.com.ar\/wp-content\/uploads\/2026\/09\/salta-registro-un-sismo-de-47-y-el-temblor-se-percibio-en-varias-ciudades-del-norte-argentino-2-scaled.jpg","articleSection":["Actualidad","Argentina","econom\u00eda","inseguridad","masradios.com","nacionales","seguridad","sociedad"],"inLanguage":"es","potentialAction":[{"@type":"CommentAction","name":"Comment","target":["https:\/\/lobosnews.com.ar\/index.php\/2026\/09\/05\/salta-registro-un-sismo-de-47-y-el-temblor-se-percibio-en-varias-ciudades-del-norte-argentino\/#respond"]}]},{"@type":"WebPage","@id":"https:\/\/lobosnews.com.ar\/index.php\/2026\/09\/05\/salta-registro-un-sismo-de-47-y-el-temblor-se-percibio-en-varias-ciudades-del-norte-argentino\/","url":"https:\/\/lobosnews.com.ar\/index.php\/2026\/09\/05\/salta-registro-un-sismo-de-47-y-el-temblor-se-percibio-en-varias-ciudades-del-norte-argentino\/","name":"Salta registr\u00f3 un sismo de 4,7 y el temblor se percibi\u00f3 en varias ciudades del norte argentino - Lobos News","isPartOf":{"@id":"https:\/\/lobosnews.com.ar\/#website"},"primaryImageOfPage":{"@id":"https:\/\/lobosnews.com.ar\/index.php\/2026\/09\/05\/salta-registro-un-sismo-de-47-y-el-temblor-se-percibio-en-varias-ciudades-del-norte-argentino\/#primaryimage"},"image":{"@id":"https:\/\/lobosnews.com.ar\/index.php\/2026\/09\/05\/salta-registro-un-sismo-de-47-y-el-temblor-se-percibio-en-varias-ciudades-del-norte-argentino\/#primaryimage"},"thumbnailUrl":"https:\/\/lobosnews.com.ar\/wp-content\/uploads\/2026\/09\/salta-registro-un-sismo-de-47-y-el-temblor-se-percibio-en-varias-ciudades-del-norte-argentino-2-scaled.jpg","datePublished":"2026-09-05T15:16:28+00:00","dateModified":"2026-09-05T15:58:14+00:00","breadcrumb":{"@id":"https:\/\/lobosnews.com.ar\/index.php\/2026\/09\/05\/salta-registro-un-sismo-de-47-y-el-temblor-se-percibio-en-varias-ciudades-del-norte-argentino\/#breadcrumb"},"inLanguage":"es","potentialAction":[{"@type":"ReadAction","target":["https:\/\/lobosnews.com.ar\/index.php\/2026\/09\/05\/salta-registro-un-sismo-de-47-y-el-temblor-se-percibio-en-varias-ciudades-del-norte-argentino\/"]}]},{"@type":"ImageObject","inLanguage":"es","@id":"https:\/\/lobosnews.com.ar\/index.php\/2026\/09\/05\/salta-registro-un-sismo-de-47-y-el-temblor-se-percibio-en-varias-ciudades-del-norte-argentino\/#primaryimage","url":"https:\/\/lobosnews.com.ar\/wp-content\/uploads\/2026\/09\/salta-registro-un-sismo-de-47-y-el-temblor-se-percibio-en-varias-ciudades-del-norte-argentino-2-scaled.jpg","contentUrl":"https:\/\/lobosnews.com.ar\/wp-content\/uploads\/2026\/09\/salta-registro-un-sismo-de-47-y-el-temblor-se-percibio-en-varias-ciudades-del-norte-argentino-2-scaled.jpg","width":2560,"height":1429,"caption":"Salta registr\u00f3 un sismo de 4,7 y el temblor se percibi\u00f3 en varias ciudades del norte argentino"},{"@type":"BreadcrumbList","@id":"https:\/\/lobosnews.com.ar\/index.php\/2026\/09\/05\/salta-registro-un-sismo-de-47-y-el-temblor-se-percibio-en-varias-ciudades-del-norte-argentino\/#breadcrumb","itemListElement":[{"@type":"ListItem","position":1,"name":"Portada","item":"https:\/\/lobosnews.com.ar\/"},{"@type":"ListItem","position":2,"name":"Salta registr\u00f3 un sismo de 4,7 y el temblor se percibi\u00f3 en varias ciudades del norte argentino"}]},{"@type":"WebSite","@id":"https:\/\/lobosnews.com.ar\/#website","url":"https:\/\/lobosnews.com.ar\/","name":"Lobos News","description":"Informaci\u00f3n a cada instante","publisher":{"@id":"https:\/\/lobosnews.com.ar\/#organization"},"potentialAction":[{"@type":"SearchAction","target":{"@type":"EntryPoint","urlTemplate":"https:\/\/lobosnews.com.ar\/?s={search_term_string}"},"query-input":{"@type":"PropertyValueSpecification","valueRequired":true,"valueName":"search_term_string"}}],"inLanguage":"es"},{"@type":"Organization","@id":"https:\/\/lobosnews.com.ar\/#organization","name":"Lobos News","url":"https:\/\/lobosnews.com.ar\/","logo":{"@type":"ImageObject","inLanguage":"es","@id":"https:\/\/lobosnews.com.ar\/#\/schema\/logo\/image\/","url":"https:\/\/lobosnews.com.ar\/wp-content\/uploads\/2026\/01\/logo-lobosnews.png","contentUrl":"https:\/\/lobosnews.com.ar\/wp-content\/uploads\/2026\/01\/logo-lobosnews.png","width":500,"height":200,"caption":"Lobos News"},"image":{"@id":"https:\/\/lobosnews.com.ar\/#\/schema\/logo\/image\/"}},{"@type":"Person","@id":"https:\/\/lobosnews.com.ar\/#\/schema\/person\/232422a593d5c541dd9aef6aaed10943","name":"admin","image":{"@type":"ImageObject","inLanguage":"es","@id":"https:\/\/secure.gravatar.com\/avatar\/76e419471a2083bc3ceab22a763dbbf9b0c1bd15a6214cf3280e2c2dde4580f9?s=96&d=mm&r=g","url":"https:\/\/secure.gravatar.com\/avatar\/76e419471a2083bc3ceab22a763dbbf9b0c1bd15a6214cf3280e2c2dde4580f9?s=96&d=mm&r=g","contentUrl":"https:\/\/secure.gravatar.com\/avatar\/76e419471a2083bc3ceab22a763dbbf9b0c1bd15a6214cf3280e2c2dde4580f9?s=96&d=mm&r=g","caption":"admin"},"sameAs":["https:\/\/lobosnews.com.ar"],"url":"https:\/\/lobosnews.com.ar\/index.php\/author\/lobos-news\/"}]}},"jetpack_featured_media_url":"https:\/\/lobosnews.com.ar\/wp-content\/uploads\/2026\/09\/salta-registro-un-sismo-de-47-y-el-temblor-se-percibio-en-varias-ciudades-del-norte-argentino-2-scaled.jpg","jetpack_sharing_enabled":true,"_links":{"self":[{"href":"https:\/\/lobosnews.com.ar\/index.php\/wp-json\/wp\/v2\/posts\/97824","targetHints":{"allow":["GET"]}}],"collection":[{"href":"https:\/\/lobosnews.com.ar\/index.php\/wp-json\/wp\/v2\/posts"}],"about":[{"href":"https:\/\/lobosnews.com.ar\/index.php\/wp-json\/wp\/v2\/types\/post"}],"author":[{"embeddable":true,"href":"https:\/\/lobosnews.com.ar\/index.php\/wp-json\/wp\/v2\/users\/1"}],"replies":[{"embeddable":true,"href":"https:\/\/lobosnews.com.ar\/index.php\/wp-json\/wp\/v2\/comments?post=97824"}],"version-history":[{"count":1,"href":"https:\/\/lobosnews.com.ar\/index.php\/wp-json\/wp\/v2\/posts\/97824\/revisions"}],"predecessor-version":[{"id":97827,"href":"https:\/\/lobosnews.com.ar\/index.php\/wp-json\/wp\/v2\/posts\/97824\/revisions\/97827"}],"wp:featuredmedia":[{"embeddable":true,"href":"https:\/\/lobosnews.com.ar\/index.php\/wp-json\/wp\/v2\/media\/97828"}],"wp:attachment":[{"href":"https:\/\/lobosnews.com.ar\/index.php\/wp-json\/wp\/v2\/media?parent=97824"}],"wp:term":[{"taxonomy":"category","embeddable":true,"href":"https:\/\/lobosnews.com.ar\/index.php\/wp-json\/wp\/v2\/categories?post=97824"},{"taxonomy":"post_tag","embeddable":true,"href":"https:\/\/lobosnews.com.ar\/index.php\/wp-json\/wp\/v2\/tags?post=97824"}],"curies":[{"name":"wp","href":"https:\/\/api.w.org\/{rel}","templated":true}]}}