{"id":97803,"date":"2026-09-05T05:00:00","date_gmt":"2026-09-05T05:00:00","guid":{"rendered":"https:\/\/lobosnews.com.ar\/?p=97803"},"modified":"2026-09-05T15:56:25","modified_gmt":"2026-09-05T15:56:25","slug":"la-despedida-de-messi-de-la-seleccion-no-duele-solo-por-el-futbol-que-explica-la-tristeza-colectiva-que-genero-su-anuncio","status":"publish","type":"post","link":"https:\/\/lobosnews.com.ar\/index.php\/2026\/09\/05\/la-despedida-de-messi-de-la-seleccion-no-duele-solo-por-el-futbol-que-explica-la-tristeza-colectiva-que-genero-su-anuncio\/","title":{"rendered":"La despedida de Messi de la Selecci\u00f3n no duele solo por el f\u00fatbol: qu\u00e9 explica la tristeza colectiva que gener\u00f3 su anuncio"},"content":{"rendered":"<p><img loading=\"lazy\" decoding=\"async\" src=\"https:\/\/lobosnews.com.ar\/wp-content\/uploads\/2026\/09\/la-despedida-de-messi-de-la-seleccion-no-duele-solo-por-el-futbol-que-explica-la-tristeza-colectiva-que-genero-su-anuncio.jpg\" alt=\"La despedida de Messi de la Selecci\u00f3n Argentina activ\u00f3 una p\u00e9rdida simb\u00f3lica ligada a recuerdos v\u00ednculos e identidad compartida (REUTERS\/Agustin Marcarian)\" height=\"1815\" width=\"2723\"\/><\/p>\n<p>Mediante una sentida <span class=\"waslinkname\"><b>carta<\/b><\/span>,<b> <\/b><span class=\"waslinkname\"><b>Messi anunci\u00f3 esta semana en redes sociales que dejaba la Selecci\u00f3n Argentina<\/b><\/span>. El campe\u00f3n mundial en Qatar 2022, subcampe\u00f3n en 2014 y 2026 y ganador de tantos t\u00edtulos, cerr\u00f3 as\u00ed un ciclo que durante <b>20 a\u00f1os <\/b>reuni\u00f3 a distintas generaciones alrededor de <b>partidos, celebraciones e identificaci\u00f3n colectiva.<\/b><\/p>\n<p>\u201cQueda poco y se van<b> cerrando etapas<\/b> y esta es una que <b>me duele mucho<\/b>. Amo, am\u00e9 y amar\u00e9 siempre estar en la Selecci\u00f3n. <b>Me vaci\u00e9<\/b>, ya no tengo m\u00e1s para dar y aparte vienen chicos muy grandes atr\u00e1s que merecen estar\u201d, expres\u00f3 el \u00eddolo popular.<\/p>\n<p><b>\u00bfPor qu\u00e9 una noticia as\u00ed moviliza tanto, incluso a quienes no siguen el f\u00fatbol de cerca<\/b><\/p>\n<p>El doctor <b>Ricardo A. Rubinstein,<\/b> m\u00e9dico psicoanalista y miembro titular en funci\u00f3n did\u00e1ctica APA-Full member Internacional, explic\u00f3 a <b>Infobae <\/b>que Messi representa para los argentinos <b>mucho m\u00e1s que el jugador y la persona de carne y hueso<\/b>. <\/p>\n<p>\u201cHa sido un <b>embajador<\/b>, un representante destacado de los argentinos y consagra muchos <b>valores <\/b>que apreciamos y que nos hacen vernos en \u00e9l como en un <b>espejo<\/b>, en el que se identifican la<b> calidad, la nobleza de lo argentino, <\/b>el hecho de poder <b>reponerse de situaciones de frustraci\u00f3n, de pelear,<\/b> de ser un poco tambi\u00e9n <b>David frente al Goliat<\/b> de otras potencias futbol\u00edsticas y llegar a la c\u00faspide del <b>triunfo<\/b>\u201d, compar\u00f3 el m\u00e9dico.<\/p>\n<p><img loading=\"lazy\" decoding=\"async\" src=\"https:\/\/lobosnews.com.ar\/wp-content\/uploads\/2026\/09\/la-despedida-de-messi-de-la-seleccion-no-duele-solo-por-el-futbol-que-explica-la-tristeza-colectiva-que-genero-su-anuncio-1.jpg\" alt=\"La carta de despedida que escribi\u00f3 Lionel Messi de pu\u00f1o y letra (@leomessi)\" height=\"759\" width=\"1350\"\/><\/p>\n<p>Rubinstein se\u00f1al\u00f3 adem\u00e1s que el rosarino ha tenido una permanencia y una continuidad: \u201cRepresent\u00f3 momentos de nuestras vidas con los que podemos <b>reencontrarnos<\/b>. Este espejo de identidad hace que, de manera <b>colectiva y social<\/b>, sintamos el anuncio de Messi como una <b>situaci\u00f3n de p\u00e9rdida que lleva a un estado de duelo y de tristeza<\/b>. Es un lugar que hoy por hoy va a quedar <b>vac\u00edo<\/b>. Ya no vamos a poder identificarnos proyectados hacia el futuro, sino que nos va a quedar todo lo que Messi nos dio, todo ese <b>legado<\/b> a lo largo de la trayectoria\u201d.<\/p>\n<p>En el mismo sentido, el licenciado <b>Rodrigo Pereda<\/b> (MN 82.330), miembro del Departamento de Psicoterapia Cognitiva de INECO, afirm\u00f3 a <b>Infobae <\/b>que el retiro del 10 puede vivirse como una <b>p\u00e9rdida simb\u00f3lica: <\/b>\u201cPara muchas personas, la despedida no remiti\u00f3 solo al f\u00fatbol, sino al <b>cierre de una experiencia colectiva asociada a recuerdos, v\u00ednculos y formas compartidas de identidad\u201d.<\/b><\/p>\n<p>Pereda aclar\u00f3 que no se trata de un duelo equivalente a la muerte de un ser querido, pero s\u00ed del <b>final de un rol<\/b> <b>con el que millones de argentinos se vincularon durante a\u00f1os.<\/b> \u201cLo que se pierde es la posibilidad de seguir esperando nuevas experiencias con \u00e9l vistiendo la camiseta de la Selecci\u00f3n\u201d, explic\u00f3.<\/p>\n<p>Seg\u00fan el especialista, la <b>intensidad emocional <\/b>no depende solo del hecho en s\u00ed, sino del lugar que esa figura ocup\u00f3 en la<b> historia personal y colectiva.<\/b> En ese sentido, la salida de Messi tambi\u00e9n <b>confronta a muchas personas con el paso del tiempo: <\/b>para quienes lo vieron debutar, despedirlo implica reconocer que <b>transcurrieron m\u00e1s de dos d\u00e9cadas de sus propias vidas<\/b>; para los m\u00e1s j\u00f3venes, ser\u00e1 la primera vez que conozcan una selecci\u00f3n argentina sin \u00e9l.<\/p>\n<p><img loading=\"lazy\" decoding=\"async\" src=\"https:\/\/lobosnews.com.ar\/wp-content\/uploads\/2026\/09\/la-despedida-de-messi-de-la-seleccion-no-duele-solo-por-el-futbol-que-explica-la-tristeza-colectiva-que-genero-su-anuncio-2.jpg\" alt=\"En 2022, Messi cumpli\u00f3 su sue\u00f1o m\u00e1s preciado: ser campe\u00f3n mundial (REUTERS\/Carl Recine)\" height=\"2626\" width=\"4099\"\/><\/p>\n<p>\u201cLa Selecci\u00f3n tiene un valor cultural que excede ampliamente lo deportivo. Sus partidos funcionan como <b>rituales colectivos:<\/b> re\u00fanen a familias y amigos, generan <b>conversaciones <\/b>entre desconocidos y permiten que personas muy diferentes compartan por un momento una misma <b>identidad<\/b>. Cuando juega la Selecci\u00f3n, muchas personas hablan de que<b> \u2018ganamos\u2019, \u2018perdimos\u2019 o \u2018salimos campeones\u2019, <\/b>porque sienten que aquello que ocurre dentro de la cancha tambi\u00e9n las representa. Messi ocup\u00f3 durante a\u00f1os el <b>centro de esa experiencia compartida<\/b>\u201d, reflexion\u00f3 el psic\u00f3logo.<\/p>\n<p>Frente a este cierre pueden coexistir varios sentimientos: <b>tristeza, nostalgia, gratitud y orgullo, aseguran los expertos.<\/b> \u201cNo es necesario minimizar estas emociones afirmando que \u2018es solo f\u00fatbol\u2019 ni apresurarse a encontrar a alguien que ocupe inmediatamente su lugar. Los homenajes, las despedidas y los recuerdos compartidos permiten <b>reconocer el final e integrar lo vivido.<\/b> Elaborar esta p\u00e9rdida no consiste en reemplazar a Messi, sino en <b>transformar su presencia en memoria y legado<\/b>\u201d, afirm\u00f3 Pereda.<\/p>\n<p>Tambi\u00e9n record\u00f3 que el v\u00ednculo entre Messi y los argentinos estuvo atravesado por <b>expectativas altas, derrotas dolorosas, cr\u00edticas, distanciamientos y reencuentros. <\/b>\u201cEste recorrido hizo que muchas personas no solo admiraran al jugador, sino que tambi\u00e9n se <b>identificaran <\/b>emocionalmente con su <b>perseverancia <\/b>y vivieran sus logros con la selecci\u00f3n como una forma de <b>reparaci\u00f3n <\/b>despu\u00e9s de tantos intentos\u201d, coment\u00f3.<\/p>\n<p>Esa dimensi\u00f3n emocional ayuda a explicar por qu\u00e9 el retiro no se lee solamente como la salida de un futbolista, sino como <b>el final de una narrativa compartida.<\/b><\/p>\n<h2>El \u00eddolo y lo que el f\u00fatbol produce<\/h2>\n<p><img loading=\"lazy\" decoding=\"async\" src=\"https:\/\/lobosnews.com.ar\/wp-content\/uploads\/2026\/09\/la-despedida-de-messi-de-la-seleccion-no-duele-solo-por-el-futbol-que-explica-la-tristeza-colectiva-que-genero-su-anuncio-3.jpg\" alt=\"El 10 y capit\u00e1n tambi\u00e9n fue un ejemplo para todos sus compa\u00f1eros (Reuters\/Brett Davis)\" height=\"3060\" width=\"4766\"\/><\/p>\n<p>\u00bfPor qu\u00e9 el deporte, y en especial el f\u00fatbol, produce estas pasiones en algunas personas? El doctor Rubinstein dijo que esto se relaciona con aspectos <b>psicol\u00f3gicos y sociales. <\/b>\u201cEl deporte permite <b>evadirnos<\/b> <b>de la realidad cotidiana<\/b> <b>y meternos en otra, la del juego<\/b>. A trav\u00e9s de un mecanismo de <b>identificaci\u00f3n<\/b>, sentimos que participamos de lo que est\u00e1 pasando all\u00ed. Durante el tiempo que dura un evento deportivo, dejamos de lado las <b>miserias de la vida cotidiana, las preocupaciones, las frustraciones y dem\u00e1s\u201d<\/b>, describi\u00f3 el doctor.<\/p>\n<p>Otro elemento tiene que ver con el lugar que tiene el f\u00fatbol dentro de la sociedad argentina. \u201cEste es un pa\u00eds con una <b>gran tradici\u00f3n futbolera<\/b> y los jugadores son un <b>espejo <\/b>valorado de nuestra sociedad, un <b>producto de exportaci\u00f3n<\/b>, por decirlo as\u00ed, de gran calidad. Nos sentimos orgullosos de estos representantes y nuestra estima social y valoraci\u00f3n se juegan mucho en esto\u201d.<\/p>\n<p>\u201cMessi es quiz\u00e1s uno de los mejores jugadores de todos los tiempos y es argentino. Es un poquito cada uno de nosotros. Al irse Messi y todo lo que lo rodea en cuanto a calidad y prestigio, ese espacio de la Selecci\u00f3n que nos pone a todos en un lugar de orgullo <b>vive una p\u00e9rdida a nivel social<\/b>\u201d, reflexion\u00f3 Rubinstein.<\/p>\n<p><img loading=\"lazy\" decoding=\"async\" src=\"https:\/\/lobosnews.com.ar\/wp-content\/uploads\/2026\/09\/la-despedida-de-messi-de-la-seleccion-no-duele-solo-por-el-futbol-que-explica-la-tristeza-colectiva-que-genero-su-anuncio-4.jpg\" alt=\"Especialistas explicaron que la salida de Messi no remite solo al f\u00fatbol sino al cierre de una experiencia colectiva muy arraigada (REUTERS\/Bernadett Szabo)\" height=\"4000\" width=\"6000\"\/><\/p>\n<h2>Qu\u00e9 implica cerrar una etapa <\/h2>\n<p>M\u00e1s all\u00e1 de Messi, darse cuenta de que un ciclo termin\u00f3 y cerrar la puerta son procesos dif\u00edciles de transitar por distintas causas, afirman los expertos.<\/p>\n<p>Para Rubinstein, <b>ponerle fin a una etapa implica poder aceptar un final<\/b>,<b> <\/b>el dolor por aquello que fue, por aquello que fuimos y que sentimos y que vivimos durante toda esta etapa. \u201cLuego tenemos que poder elaborar esa situaci\u00f3n de p\u00e9rdida,<b> tolerar el dolor y apostar por lo que va a venir<\/b>\u201d, explic\u00f3 el psicoanalista.<\/p>\n<p>Y resalt\u00f3 que es importante cerrar un ciclo <b>para no quedar fijados melanc\u00f3licamente a un pasado<\/b> que nunca se va a poder repetir. \u201cHacer ese proceso y <b>elaborar el duelo <\/b>da lugar a una <b>b\u00fasqueda en el futuro<\/b> de algo que sin duda va a ser distinto y que tambi\u00e9n nos va a hacer sentir distintos a nosotros. Este es el proceso del que se trata, no solo en este caso con la figura de Messi, sino en cada momento de la vida\u201d, afirm\u00f3.<\/p>\n<p><img loading=\"lazy\" decoding=\"async\" src=\"https:\/\/lobosnews.com.ar\/wp-content\/uploads\/2026\/09\/la-despedida-de-messi-de-la-seleccion-no-duele-solo-por-el-futbol-que-explica-la-tristeza-colectiva-que-genero-su-anuncio-5.jpg\" alt=\"Cerrar una etapa permite aceptar lo vivido, reorganizar la identidad y abrir espacio a nuevos proyectos y formas de relacionarse con el presente (Imagen Ilustrativa Infobae)\" height=\"816\" width=\"1456\"\/><\/p>\n<p>Por su parte, Pereda defini\u00f3 una <b>etapa como un per\u00edodo de la vida organizado alrededor de determinados v\u00ednculos, roles, proyectos, rutinas y expectativas. <\/b>Cerrarla significa <b>reconocer que esa forma de organizar la experiencia \u201cya no puede o no necesita continuar de la misma manera.<\/b> No implica negar lo vivido ni eliminar su importancia, sino aceptar que aquello que formaba parte del presente comienza a ocupar otro lugar dentro de la historia personal\u201d.<\/p>\n<p>Tambi\u00e9n diferenci\u00f3 entre <b>finales elegidos y finales impuestos por las circunstancias. <\/b>\u201cAlgunos son elegidos, como retirarse de una actividad, cambiar de trabajo o terminar una relaci\u00f3n, mientras que otros ocurren sin que la persona los haya decidido. En estos \u00faltimos casos, el hecho puede haber terminado objetivamente mucho antes de que logre ser asimilado de modo emocional. Por eso existe una diferencia entre que una etapa haya finalizado en la realidad y que la persona pueda reconocer internamente ese final\u201d, expres\u00f3 Pereda.<\/p>\n<h2>C\u00f3mo reconocer cuando un ciclo est\u00e1 cumplido<\/h2>\n<p><img loading=\"lazy\" decoding=\"async\" src=\"https:\/\/lobosnews.com.ar\/wp-content\/uploads\/2026\/09\/la-despedida-de-messi-de-la-seleccion-no-duele-solo-por-el-futbol-que-explica-la-tristeza-colectiva-que-genero-su-anuncio-6.jpg\" alt=\"Reconocer que un ciclo termin\u00f3 puede surgir cuando los objetivos pierden sentido y sostener la etapa produce m\u00e1s desgaste que alivio (Imagen Ilustrativa Infobae)\" height=\"863\" width=\"1534\"\/><\/p>\n<p>Al ser consultado sobre c\u00f3mo reconocer el momento de un cierre, Pereda afirm\u00f3 que no existe una se\u00f1al \u00fanica que lo indique con absoluta certeza. \u201cGeneralmente se observa una combinaci\u00f3n de factores: <b>la etapa cumpli\u00f3 su funci\u00f3n, los objetivos que la sosten\u00edan perdieron sentido<\/b> y mantenerla produce un <b>desgaste <\/b>desproporcionado o ya no coincide con las necesidades, los valores y las posibilidades actuales\u201d. <\/p>\n<p>Agreg\u00f3 que tambi\u00e9n podr\u00eda advertirse cuando <b>la permanencia responde sobre todo al miedo, la culpa o la costumbre<\/b>. A la vez, recomend\u00f3 no confundir un final de ciclo con una dificultad transitoria y que antes de decidir resulta necesario observar si el malestar se sostiene en el tiempo y si se han intentado cambios sin obtener resultados significativos.<\/p>\n<p>Finalmente, dijo que reconocer que una etapa debe terminar no significa sentirse completamente preparado para hacerlo. \u201cLas<b> decisiones importantes suelen estar acompa\u00f1adas por emociones contradictorias<\/b>. Una persona puede saber que es momento de finalizar algo y, al mismo tiempo, <b>sentir tristeza, miedo, dudas o deseos de prolongarlo<\/b>. El dolor no necesariamente indica que la decisi\u00f3n sea equivocada; muchas veces demuestra que aquello que se est\u00e1 dejando tuvo un valor significativo\u201d, resalt\u00f3.<\/p>\n<h2>Por qu\u00e9 es importante cerrar etapas<\/h2>\n<p><img loading=\"lazy\" decoding=\"async\" src=\"https:\/\/lobosnews.com.ar\/wp-content\/uploads\/2026\/09\/la-despedida-de-messi-de-la-seleccion-no-duele-solo-por-el-futbol-que-explica-la-tristeza-colectiva-que-genero-su-anuncio-7.jpg\" alt=\"Los especialistas se\u00f1alaron que algunos finales son elegidos y otros impuestos y que no siempre coinciden con el tiempo emocional (Imagen Ilustrativa Infobae)\" height=\"1536\" width=\"2752\"\/><\/p>\n<p>Para Rubinstein, en la medida en que podemos soportar el dolor, hacer el duelo y elaborar la p\u00e9rdida, no tenemos que negarla ni decir que ha sido \u00fanica y absolutamente irremplazable: \u201cQueda en nuestro recuerdo el<b> legado, el afecto hist\u00f3rico de aquello que vivimos y pasamos, y nos permite apostar hacia el futuro\u201d.<\/b><\/p>\n<p>Por su parte, Pereda explic\u00f3 que cerrar una etapa permite <b>adaptar la vida psicol\u00f3gica a una realidad que cambi\u00f3<\/b>: \u201cCuando algo termin\u00f3 en los hechos, pero la persona contin\u00faa relacion\u00e1ndose con ello como si todav\u00eda pudiera regresar o mantenerse de la misma manera, puede quedar<b> atrapada en un estado de espera.<\/b> Esto favorece la <b>rumiaci\u00f3n<\/b>, dificulta la toma de decisiones y mantiene una parte importante de la <b>atenci\u00f3n dirigida hacia el pasado<\/b>\u201d.<\/p>\n<p>El cierre tambi\u00e9n permite <b>reorganizar la identidad<\/b>, destac\u00f3 Pereda: \u201cLas personas se definen parcialmente a trav\u00e9s de sus v\u00ednculos, actividades, proyectos y roles. Cuando alguno de ellos desaparece, no solo se pierde una relaci\u00f3n o una rutina, sino tambi\u00e9n una determinada manera de reconocerse a uno mismo\u201d.<\/p>\n<p><img loading=\"lazy\" decoding=\"async\" src=\"https:\/\/lobosnews.com.ar\/wp-content\/uploads\/2026\/09\/la-despedida-de-messi-de-la-seleccion-no-duele-solo-por-el-futbol-que-explica-la-tristeza-colectiva-que-genero-su-anuncio-8.jpg\" alt=\"Pereda explic\u00f3 que cerrar una etapa permite adaptar la vida psicol\u00f3gica a una realidad que cambi\u00f3 (Imagen Ilustrativa Infobae)\" height=\"816\" width=\"1456\"\/><\/p>\n<p>En ese aspecto, agreg\u00f3 que <b>elaborar ese final <\/b>ayuda a conservar los aprendizajes y aspectos valiosos de la experiencia, al mismo tiempo que permite construir nuevos proyectos y formas de relacionarse con el presente.<\/p>\n<p>Cerrar, a\u00f1adi\u00f3,<b> no significa olvidar ni dejar de sentir ni quitarle importancia a lo vivido<\/b>: \u201cTampoco requiere comprender cada detalle o recibir todas las explicaciones que se hubieran deseado. <b>Algunas experiencias terminan sin ofrecer respuestas suficientes<\/b> y esperar una resoluci\u00f3n perfecta puede prolongar indefinidamente el malestar. En estos casos, <b>el cierre consiste en aceptar aquello que no puede modificarse y decidir c\u00f3mo continuar a partir de esa realidad<\/b>\u201d.<\/p>\n<p>Seg\u00fan Pereda,<b> los cierres no suelen producirse de una sola vez ni son necesariamente definitivos<\/b>:<b> <\/b>\u201cUna fecha, una canci\u00f3n, un lugar o un recuerdo pueden reactivar emociones relacionadas con una etapa anterior. Esto no significa que el proceso haya fracasado. Lo importante es que aquello que termin\u00f3 pueda conservar un lugar en la historia de la persona sin continuar organizando permanentemente su presente. De esta manera, cerrar una etapa no implica eliminar el pasado, sino integrarlo para recuperar la posibilidad de proyectarse hacia el futuro\u201d.<\/p>\n<h2>C\u00f3mo atravesar los finales de etapa y avanzar<\/h2>\n<p><img loading=\"lazy\" decoding=\"async\" src=\"https:\/\/lobosnews.com.ar\/wp-content\/uploads\/2026\/09\/la-despedida-de-messi-de-la-seleccion-no-duele-solo-por-el-futbol-que-explica-la-tristeza-colectiva-que-genero-su-anuncio-9.jpg\" alt=\"Cerrar una etapa ayuda a evitar quedar atrapado en la espera, favorece la toma de decisiones y permite proyectarse hacia el futuro (Imagen Ilustrativa Infobae)\" height=\"816\" width=\"1456\"\/><\/p>\n<p>El licenciado afirm\u00f3 que <b>no existe una \u00fanica manera de atravesar un final<\/b>, ya que su impacto depende de la <b>importancia <\/b>de lo perdido, de las <b>circunstancias <\/b>en las que ocurri\u00f3 y de los <b>recursos <\/b>con los que cuenta cada persona. Sin embargo, para el psic\u00f3logo, uno de los primeros pasos consiste en reconocer con claridad qu\u00e9 termin\u00f3. \u201cUna etapa suele incluir<b> p\u00e9rdidas secundarias<\/b> que no siempre resultan evidentes: pueden modificarse las <b>rutinas, los v\u00ednculos, los proyectos,<\/b> la manera en que la persona se percibe a s\u00ed misma y <b>el futuro que hab\u00eda imaginado<\/b>\u201d.<\/p>\n<p>En ese proceso, los <b>rituales de despedida<\/b> podr\u00edan cumplir una funci\u00f3n relevante. <b>Conversar<\/b> sobre lo sucedido, <b>escribir<\/b>, hacer un <b>homenaje<\/b>, conservar un <b>recuerdo <\/b>o compartir experiencias con otras personas, explic\u00f3, ayuda a darle una forma concreta al final. \u201c<b>Estas acciones no eliminan el dolor, pero permiten reconocer la transici\u00f3n y construir una narraci\u00f3n en la que lo vivido pueda ser integrado\u201d.<\/b><\/p>\n<p><img loading=\"lazy\" decoding=\"async\" src=\"https:\/\/lobosnews.com.ar\/wp-content\/uploads\/2026\/09\/la-despedida-de-messi-de-la-seleccion-no-duele-solo-por-el-futbol-que-explica-la-tristeza-colectiva-que-genero-su-anuncio-10.jpg\" alt=\"Puede ser recomendable buscar acompa\u00f1amiento profesional cuando el malestar se sostiene con intensidad y afecta el sue\u00f1o, el trabajo, los v\u00ednculos o el cuidado personal (Imagen Ilustrativa Infobae)\" height=\"768\" width=\"1408\"\/><\/p>\n<p>Pereda sostuvo que<b> la elaboraci\u00f3n de una p\u00e9rdida no es lineal.<\/b> \u201cEs habitual que la persona alterne entre momentos orientados hacia aquello que termin\u00f3, en los que recuerda, extra\u00f1a o se entristece, y otros dirigidos hacia la <b>reconstrucci\u00f3n<\/b>, en los que recupera sus rutinas y comienza a interesarse por nuevos proyectos. Volver a experimentar tristeza despu\u00e9s de un per\u00edodo de mayor bienestar no implica necesariamente un retroceso\u201d, se\u00f1al\u00f3. Avanzar, precis\u00f3, supone<b> invertir energ\u00eda de manera gradual en nuevos v\u00ednculos, actividades y objetivos<\/b>, sin la obligaci\u00f3n de reemplazar de inmediato aquello que se perdi\u00f3.<\/p>\n<p>El psic\u00f3logo concluy\u00f3 que<b> cuando el malestar se mantiene con una intensidad elevada <\/b>y produce un deterioro significativo del sue\u00f1o, el trabajo, los v\u00ednculos o el cuidado personal, puede ser recomendable buscar <b>acompa\u00f1amiento profesional. <\/b><\/p>\n","protected":false},"excerpt":{"rendered":"<p>Mediante una sentida carta, Messi anunci\u00f3 esta semana en redes sociales que dejaba la Selecci\u00f3n Argentina. El campe\u00f3n mundial en Qatar 2022, subcampe\u00f3n en 2014 y 2026 y ganador de tantos t\u00edtulos, cerr\u00f3 as\u00ed un ciclo que durante 20 a\u00f1os reuni\u00f3 a distintas generaciones alrededor de partidos, celebraciones e identificaci\u00f3n colectiva. \u201cQueda poco y se&#8230;<\/p>\n","protected":false},"author":1,"featured_media":97816,"comment_status":"open","ping_status":"closed","sticky":false,"template":"","format":"standard","meta":{"_jetpack_newsletter_access":"","_jetpack_dont_email_post_to_subs":false,"_jetpack_newsletter_tier_id":0,"_jetpack_memberships_contains_paywalled_content":false,"_jetpack_memberships_contains_paid_content":false,"footnotes":"","jetpack_post_was_ever_published":false},"categories":[81],"tags":[],"class_list":["post-97803","post","type-post","status-publish","format-standard","has-post-thumbnail","hentry","category-salud"],"magazineBlocksPostFeaturedMedia":{"thumbnail":"https:\/\/lobosnews.com.ar\/wp-content\/uploads\/2026\/09\/la-despedida-de-messi-de-la-seleccion-no-duele-solo-por-el-futbol-que-explica-la-tristeza-colectiva-que-genero-su-anuncio-20-150x150.jpg","medium":"https:\/\/lobosnews.com.ar\/wp-content\/uploads\/2026\/09\/la-despedida-de-messi-de-la-seleccion-no-duele-solo-por-el-futbol-que-explica-la-tristeza-colectiva-que-genero-su-anuncio-20-300x164.jpg","medium_large":"https:\/\/lobosnews.com.ar\/wp-content\/uploads\/2026\/09\/la-despedida-de-messi-de-la-seleccion-no-duele-solo-por-el-futbol-que-explica-la-tristeza-colectiva-que-genero-su-anuncio-20-768x419.jpg","large":"https:\/\/lobosnews.com.ar\/wp-content\/uploads\/2026\/09\/la-despedida-de-messi-de-la-seleccion-no-duele-solo-por-el-futbol-que-explica-la-tristeza-colectiva-que-genero-su-anuncio-20-1024x559.jpg","1536x1536":"https:\/\/lobosnews.com.ar\/wp-content\/uploads\/2026\/09\/la-despedida-de-messi-de-la-seleccion-no-duele-solo-por-el-futbol-que-explica-la-tristeza-colectiva-que-genero-su-anuncio-20.jpg","2048x2048":"https:\/\/lobosnews.com.ar\/wp-content\/uploads\/2026\/09\/la-despedida-de-messi-de-la-seleccion-no-duele-solo-por-el-futbol-que-explica-la-tristeza-colectiva-que-genero-su-anuncio-20.jpg","newsmatic-featured":"https:\/\/lobosnews.com.ar\/wp-content\/uploads\/2026\/09\/la-despedida-de-messi-de-la-seleccion-no-duele-solo-por-el-futbol-que-explica-la-tristeza-colectiva-que-genero-su-anuncio-20-820x545.jpg","newsmatic-list":"https:\/\/lobosnews.com.ar\/wp-content\/uploads\/2026\/09\/la-despedida-de-messi-de-la-seleccion-no-duele-solo-por-el-futbol-que-explica-la-tristeza-colectiva-que-genero-su-anuncio-20-600x400.jpg","newsmatic-thumb":"https:\/\/lobosnews.com.ar\/wp-content\/uploads\/2026\/09\/la-despedida-de-messi-de-la-seleccion-no-duele-solo-por-el-futbol-que-explica-la-tristeza-colectiva-que-genero-su-anuncio-20-300x200.jpg","newsmatic-small":"https:\/\/lobosnews.com.ar\/wp-content\/uploads\/2026\/09\/la-despedida-de-messi-de-la-seleccion-no-duele-solo-por-el-futbol-que-explica-la-tristeza-colectiva-que-genero-su-anuncio-20-150x95.jpg","newsmatic-grid":"https:\/\/lobosnews.com.ar\/wp-content\/uploads\/2026\/09\/la-despedida-de-messi-de-la-seleccion-no-duele-solo-por-el-futbol-que-explica-la-tristeza-colectiva-que-genero-su-anuncio-20-400x250.jpg"},"magazineBlocksPostAuthor":{"name":"admin","avatar":"https:\/\/secure.gravatar.com\/avatar\/76e419471a2083bc3ceab22a763dbbf9b0c1bd15a6214cf3280e2c2dde4580f9?s=96&d=mm&r=g"},"magazineBlocksPostCommentsNumber":"0","magazineBlocksPostExcerpt":"Mediante una sentida carta, Messi anunci\u00f3 esta semana en redes sociales que dejaba la Selecci\u00f3n Argentina. El campe\u00f3n mundial en Qatar 2022, subcampe\u00f3n en 2014 y 2026 y ganador de tantos t\u00edtulos, cerr\u00f3 as\u00ed un ciclo que durante 20 a\u00f1os reuni\u00f3 a distintas generaciones alrededor de partidos, celebraciones e identificaci\u00f3n colectiva. \u201cQueda poco y se...","magazineBlocksPostCategories":["Salud"],"magazineBlocksPostViewCount":22,"magazineBlocksPostReadTime":12,"magazine_blocks_featured_image_url":{"full":["https:\/\/lobosnews.com.ar\/wp-content\/uploads\/2026\/09\/la-despedida-de-messi-de-la-seleccion-no-duele-solo-por-el-futbol-que-explica-la-tristeza-colectiva-que-genero-su-anuncio-20.jpg",1408,768,false],"medium":["https:\/\/lobosnews.com.ar\/wp-content\/uploads\/2026\/09\/la-despedida-de-messi-de-la-seleccion-no-duele-solo-por-el-futbol-que-explica-la-tristeza-colectiva-que-genero-su-anuncio-20-300x164.jpg",300,164,true],"thumbnail":["https:\/\/lobosnews.com.ar\/wp-content\/uploads\/2026\/09\/la-despedida-de-messi-de-la-seleccion-no-duele-solo-por-el-futbol-que-explica-la-tristeza-colectiva-que-genero-su-anuncio-20-150x150.jpg",150,150,true]},"magazine_blocks_author":{"display_name":"admin","author_link":"https:\/\/lobosnews.com.ar\/index.php\/author\/lobos-news\/"},"magazine_blocks_comment":0,"magazine_blocks_author_image":"https:\/\/secure.gravatar.com\/avatar\/76e419471a2083bc3ceab22a763dbbf9b0c1bd15a6214cf3280e2c2dde4580f9?s=96&d=mm&r=g","magazine_blocks_category":"<a href=\"#\" class=\"category-link category-link-81\">Salud<\/a>","yoast_head":"<!-- This site is optimized with the Yoast SEO plugin v28.0 - https:\/\/yoast.com\/product\/yoast-seo-wordpress\/ -->\n<title>La despedida de Messi de la Selecci\u00f3n no duele solo por el f\u00fatbol: qu\u00e9 explica la tristeza colectiva que gener\u00f3 su anuncio - Lobos News<\/title>\n<meta name=\"robots\" content=\"index, follow, max-snippet:-1, max-image-preview:large, max-video-preview:-1\" \/>\n<link rel=\"canonical\" href=\"https:\/\/lobosnews.com.ar\/index.php\/2026\/09\/05\/la-despedida-de-messi-de-la-seleccion-no-duele-solo-por-el-futbol-que-explica-la-tristeza-colectiva-que-genero-su-anuncio\/\" \/>\n<meta property=\"og:locale\" content=\"es_ES\" \/>\n<meta property=\"og:type\" content=\"article\" \/>\n<meta property=\"og:title\" content=\"La despedida de Messi de la Selecci\u00f3n no duele solo por el f\u00fatbol: qu\u00e9 explica la tristeza colectiva que gener\u00f3 su anuncio - Lobos News\" \/>\n<meta property=\"og:description\" content=\"Mediante una sentida carta, Messi anunci\u00f3 esta semana en redes sociales que dejaba la Selecci\u00f3n Argentina. El campe\u00f3n mundial en Qatar 2022, subcampe\u00f3n en 2014 y 2026 y ganador de tantos t\u00edtulos, cerr\u00f3 as\u00ed un ciclo que durante 20 a\u00f1os reuni\u00f3 a distintas generaciones alrededor de partidos, celebraciones e identificaci\u00f3n colectiva. \u201cQueda poco y se...\" \/>\n<meta property=\"og:url\" content=\"https:\/\/lobosnews.com.ar\/index.php\/2026\/09\/05\/la-despedida-de-messi-de-la-seleccion-no-duele-solo-por-el-futbol-que-explica-la-tristeza-colectiva-que-genero-su-anuncio\/\" \/>\n<meta property=\"og:site_name\" content=\"Lobos News\" \/>\n<meta property=\"article:published_time\" content=\"2026-09-05T05:00:00+00:00\" \/>\n<meta property=\"article:modified_time\" content=\"2026-09-05T15:56:25+00:00\" \/>\n<meta property=\"og:image\" content=\"https:\/\/lobosnews.com.ar\/wp-content\/uploads\/2026\/09\/la-despedida-de-messi-de-la-seleccion-no-duele-solo-por-el-futbol-que-explica-la-tristeza-colectiva-que-genero-su-anuncio-20.jpg\" \/>\n\t<meta property=\"og:image:width\" content=\"1408\" \/>\n\t<meta property=\"og:image:height\" content=\"768\" \/>\n\t<meta property=\"og:image:type\" content=\"image\/jpeg\" \/>\n<meta name=\"author\" content=\"admin\" \/>\n<meta name=\"twitter:card\" content=\"summary_large_image\" \/>\n<meta name=\"twitter:label1\" content=\"Escrito por\" \/>\n\t<meta name=\"twitter:data1\" content=\"admin\" \/>\n\t<meta name=\"twitter:label2\" content=\"Tiempo de lectura\" \/>\n\t<meta name=\"twitter:data2\" content=\"11 minutos\" \/>\n<script type=\"application\/ld+json\" class=\"yoast-schema-graph\">{\"@context\":\"https:\\\/\\\/schema.org\",\"@graph\":[{\"@type\":\"Article\",\"@id\":\"https:\\\/\\\/lobosnews.com.ar\\\/index.php\\\/2026\\\/09\\\/05\\\/la-despedida-de-messi-de-la-seleccion-no-duele-solo-por-el-futbol-que-explica-la-tristeza-colectiva-que-genero-su-anuncio\\\/#article\",\"isPartOf\":{\"@id\":\"https:\\\/\\\/lobosnews.com.ar\\\/index.php\\\/2026\\\/09\\\/05\\\/la-despedida-de-messi-de-la-seleccion-no-duele-solo-por-el-futbol-que-explica-la-tristeza-colectiva-que-genero-su-anuncio\\\/\"},\"author\":{\"name\":\"admin\",\"@id\":\"https:\\\/\\\/lobosnews.com.ar\\\/#\\\/schema\\\/person\\\/232422a593d5c541dd9aef6aaed10943\"},\"headline\":\"La despedida de Messi de la Selecci\u00f3n no duele solo por el f\u00fatbol: qu\u00e9 explica la tristeza colectiva que gener\u00f3 su anuncio\",\"datePublished\":\"2026-09-05T05:00:00+00:00\",\"dateModified\":\"2026-09-05T15:56:25+00:00\",\"mainEntityOfPage\":{\"@id\":\"https:\\\/\\\/lobosnews.com.ar\\\/index.php\\\/2026\\\/09\\\/05\\\/la-despedida-de-messi-de-la-seleccion-no-duele-solo-por-el-futbol-que-explica-la-tristeza-colectiva-que-genero-su-anuncio\\\/\"},\"wordCount\":2288,\"commentCount\":0,\"publisher\":{\"@id\":\"https:\\\/\\\/lobosnews.com.ar\\\/#organization\"},\"image\":{\"@id\":\"https:\\\/\\\/lobosnews.com.ar\\\/index.php\\\/2026\\\/09\\\/05\\\/la-despedida-de-messi-de-la-seleccion-no-duele-solo-por-el-futbol-que-explica-la-tristeza-colectiva-que-genero-su-anuncio\\\/#primaryimage\"},\"thumbnailUrl\":\"https:\\\/\\\/lobosnews.com.ar\\\/wp-content\\\/uploads\\\/2026\\\/09\\\/la-despedida-de-messi-de-la-seleccion-no-duele-solo-por-el-futbol-que-explica-la-tristeza-colectiva-que-genero-su-anuncio-20.jpg\",\"articleSection\":[\"Salud\"],\"inLanguage\":\"es\",\"potentialAction\":[{\"@type\":\"CommentAction\",\"name\":\"Comment\",\"target\":[\"https:\\\/\\\/lobosnews.com.ar\\\/index.php\\\/2026\\\/09\\\/05\\\/la-despedida-de-messi-de-la-seleccion-no-duele-solo-por-el-futbol-que-explica-la-tristeza-colectiva-que-genero-su-anuncio\\\/#respond\"]}]},{\"@type\":\"WebPage\",\"@id\":\"https:\\\/\\\/lobosnews.com.ar\\\/index.php\\\/2026\\\/09\\\/05\\\/la-despedida-de-messi-de-la-seleccion-no-duele-solo-por-el-futbol-que-explica-la-tristeza-colectiva-que-genero-su-anuncio\\\/\",\"url\":\"https:\\\/\\\/lobosnews.com.ar\\\/index.php\\\/2026\\\/09\\\/05\\\/la-despedida-de-messi-de-la-seleccion-no-duele-solo-por-el-futbol-que-explica-la-tristeza-colectiva-que-genero-su-anuncio\\\/\",\"name\":\"La despedida de Messi de la Selecci\u00f3n no duele solo por el f\u00fatbol: qu\u00e9 explica la tristeza colectiva que gener\u00f3 su anuncio - Lobos News\",\"isPartOf\":{\"@id\":\"https:\\\/\\\/lobosnews.com.ar\\\/#website\"},\"primaryImageOfPage\":{\"@id\":\"https:\\\/\\\/lobosnews.com.ar\\\/index.php\\\/2026\\\/09\\\/05\\\/la-despedida-de-messi-de-la-seleccion-no-duele-solo-por-el-futbol-que-explica-la-tristeza-colectiva-que-genero-su-anuncio\\\/#primaryimage\"},\"image\":{\"@id\":\"https:\\\/\\\/lobosnews.com.ar\\\/index.php\\\/2026\\\/09\\\/05\\\/la-despedida-de-messi-de-la-seleccion-no-duele-solo-por-el-futbol-que-explica-la-tristeza-colectiva-que-genero-su-anuncio\\\/#primaryimage\"},\"thumbnailUrl\":\"https:\\\/\\\/lobosnews.com.ar\\\/wp-content\\\/uploads\\\/2026\\\/09\\\/la-despedida-de-messi-de-la-seleccion-no-duele-solo-por-el-futbol-que-explica-la-tristeza-colectiva-que-genero-su-anuncio-20.jpg\",\"datePublished\":\"2026-09-05T05:00:00+00:00\",\"dateModified\":\"2026-09-05T15:56:25+00:00\",\"breadcrumb\":{\"@id\":\"https:\\\/\\\/lobosnews.com.ar\\\/index.php\\\/2026\\\/09\\\/05\\\/la-despedida-de-messi-de-la-seleccion-no-duele-solo-por-el-futbol-que-explica-la-tristeza-colectiva-que-genero-su-anuncio\\\/#breadcrumb\"},\"inLanguage\":\"es\",\"potentialAction\":[{\"@type\":\"ReadAction\",\"target\":[\"https:\\\/\\\/lobosnews.com.ar\\\/index.php\\\/2026\\\/09\\\/05\\\/la-despedida-de-messi-de-la-seleccion-no-duele-solo-por-el-futbol-que-explica-la-tristeza-colectiva-que-genero-su-anuncio\\\/\"]}]},{\"@type\":\"ImageObject\",\"inLanguage\":\"es\",\"@id\":\"https:\\\/\\\/lobosnews.com.ar\\\/index.php\\\/2026\\\/09\\\/05\\\/la-despedida-de-messi-de-la-seleccion-no-duele-solo-por-el-futbol-que-explica-la-tristeza-colectiva-que-genero-su-anuncio\\\/#primaryimage\",\"url\":\"https:\\\/\\\/lobosnews.com.ar\\\/wp-content\\\/uploads\\\/2026\\\/09\\\/la-despedida-de-messi-de-la-seleccion-no-duele-solo-por-el-futbol-que-explica-la-tristeza-colectiva-que-genero-su-anuncio-20.jpg\",\"contentUrl\":\"https:\\\/\\\/lobosnews.com.ar\\\/wp-content\\\/uploads\\\/2026\\\/09\\\/la-despedida-de-messi-de-la-seleccion-no-duele-solo-por-el-futbol-que-explica-la-tristeza-colectiva-que-genero-su-anuncio-20.jpg\",\"width\":1408,\"height\":768,\"caption\":\"La despedida de Messi de la Selecci\u00f3n no duele solo por el f\u00fatbol: qu\u00e9 explica la tristeza colectiva que gener\u00f3 su anuncio\"},{\"@type\":\"BreadcrumbList\",\"@id\":\"https:\\\/\\\/lobosnews.com.ar\\\/index.php\\\/2026\\\/09\\\/05\\\/la-despedida-de-messi-de-la-seleccion-no-duele-solo-por-el-futbol-que-explica-la-tristeza-colectiva-que-genero-su-anuncio\\\/#breadcrumb\",\"itemListElement\":[{\"@type\":\"ListItem\",\"position\":1,\"name\":\"Portada\",\"item\":\"https:\\\/\\\/lobosnews.com.ar\\\/\"},{\"@type\":\"ListItem\",\"position\":2,\"name\":\"La despedida de Messi de la Selecci\u00f3n no duele solo por el f\u00fatbol: qu\u00e9 explica la tristeza colectiva que gener\u00f3 su anuncio\"}]},{\"@type\":\"WebSite\",\"@id\":\"https:\\\/\\\/lobosnews.com.ar\\\/#website\",\"url\":\"https:\\\/\\\/lobosnews.com.ar\\\/\",\"name\":\"Lobos News\",\"description\":\"Informaci\u00f3n a cada instante\",\"publisher\":{\"@id\":\"https:\\\/\\\/lobosnews.com.ar\\\/#organization\"},\"potentialAction\":[{\"@type\":\"SearchAction\",\"target\":{\"@type\":\"EntryPoint\",\"urlTemplate\":\"https:\\\/\\\/lobosnews.com.ar\\\/?s={search_term_string}\"},\"query-input\":{\"@type\":\"PropertyValueSpecification\",\"valueRequired\":true,\"valueName\":\"search_term_string\"}}],\"inLanguage\":\"es\"},{\"@type\":\"Organization\",\"@id\":\"https:\\\/\\\/lobosnews.com.ar\\\/#organization\",\"name\":\"Lobos News\",\"url\":\"https:\\\/\\\/lobosnews.com.ar\\\/\",\"logo\":{\"@type\":\"ImageObject\",\"inLanguage\":\"es\",\"@id\":\"https:\\\/\\\/lobosnews.com.ar\\\/#\\\/schema\\\/logo\\\/image\\\/\",\"url\":\"https:\\\/\\\/lobosnews.com.ar\\\/wp-content\\\/uploads\\\/2026\\\/01\\\/logo-lobosnews.png\",\"contentUrl\":\"https:\\\/\\\/lobosnews.com.ar\\\/wp-content\\\/uploads\\\/2026\\\/01\\\/logo-lobosnews.png\",\"width\":500,\"height\":200,\"caption\":\"Lobos News\"},\"image\":{\"@id\":\"https:\\\/\\\/lobosnews.com.ar\\\/#\\\/schema\\\/logo\\\/image\\\/\"}},{\"@type\":\"Person\",\"@id\":\"https:\\\/\\\/lobosnews.com.ar\\\/#\\\/schema\\\/person\\\/232422a593d5c541dd9aef6aaed10943\",\"name\":\"admin\",\"image\":{\"@type\":\"ImageObject\",\"inLanguage\":\"es\",\"@id\":\"https:\\\/\\\/secure.gravatar.com\\\/avatar\\\/76e419471a2083bc3ceab22a763dbbf9b0c1bd15a6214cf3280e2c2dde4580f9?s=96&d=mm&r=g\",\"url\":\"https:\\\/\\\/secure.gravatar.com\\\/avatar\\\/76e419471a2083bc3ceab22a763dbbf9b0c1bd15a6214cf3280e2c2dde4580f9?s=96&d=mm&r=g\",\"contentUrl\":\"https:\\\/\\\/secure.gravatar.com\\\/avatar\\\/76e419471a2083bc3ceab22a763dbbf9b0c1bd15a6214cf3280e2c2dde4580f9?s=96&d=mm&r=g\",\"caption\":\"admin\"},\"sameAs\":[\"https:\\\/\\\/lobosnews.com.ar\"],\"url\":\"https:\\\/\\\/lobosnews.com.ar\\\/index.php\\\/author\\\/lobos-news\\\/\"}]}<\/script>\n<!-- \/ Yoast SEO plugin. -->","yoast_head_json":{"title":"La despedida de Messi de la Selecci\u00f3n no duele solo por el f\u00fatbol: qu\u00e9 explica la tristeza colectiva que gener\u00f3 su anuncio - Lobos News","robots":{"index":"index","follow":"follow","max-snippet":"max-snippet:-1","max-image-preview":"max-image-preview:large","max-video-preview":"max-video-preview:-1"},"canonical":"https:\/\/lobosnews.com.ar\/index.php\/2026\/09\/05\/la-despedida-de-messi-de-la-seleccion-no-duele-solo-por-el-futbol-que-explica-la-tristeza-colectiva-que-genero-su-anuncio\/","og_locale":"es_ES","og_type":"article","og_title":"La despedida de Messi de la Selecci\u00f3n no duele solo por el f\u00fatbol: qu\u00e9 explica la tristeza colectiva que gener\u00f3 su anuncio - Lobos News","og_description":"Mediante una sentida carta, Messi anunci\u00f3 esta semana en redes sociales que dejaba la Selecci\u00f3n Argentina. El campe\u00f3n mundial en Qatar 2022, subcampe\u00f3n en 2014 y 2026 y ganador de tantos t\u00edtulos, cerr\u00f3 as\u00ed un ciclo que durante 20 a\u00f1os reuni\u00f3 a distintas generaciones alrededor de partidos, celebraciones e identificaci\u00f3n colectiva. \u201cQueda poco y se...","og_url":"https:\/\/lobosnews.com.ar\/index.php\/2026\/09\/05\/la-despedida-de-messi-de-la-seleccion-no-duele-solo-por-el-futbol-que-explica-la-tristeza-colectiva-que-genero-su-anuncio\/","og_site_name":"Lobos News","article_published_time":"2026-09-05T05:00:00+00:00","article_modified_time":"2026-09-05T15:56:25+00:00","og_image":[{"width":1408,"height":768,"url":"https:\/\/lobosnews.com.ar\/wp-content\/uploads\/2026\/09\/la-despedida-de-messi-de-la-seleccion-no-duele-solo-por-el-futbol-que-explica-la-tristeza-colectiva-que-genero-su-anuncio-20.jpg","type":"image\/jpeg"}],"author":"admin","twitter_card":"summary_large_image","twitter_misc":{"Escrito por":"admin","Tiempo de lectura":"11 minutos"},"schema":{"@context":"https:\/\/schema.org","@graph":[{"@type":"Article","@id":"https:\/\/lobosnews.com.ar\/index.php\/2026\/09\/05\/la-despedida-de-messi-de-la-seleccion-no-duele-solo-por-el-futbol-que-explica-la-tristeza-colectiva-que-genero-su-anuncio\/#article","isPartOf":{"@id":"https:\/\/lobosnews.com.ar\/index.php\/2026\/09\/05\/la-despedida-de-messi-de-la-seleccion-no-duele-solo-por-el-futbol-que-explica-la-tristeza-colectiva-que-genero-su-anuncio\/"},"author":{"name":"admin","@id":"https:\/\/lobosnews.com.ar\/#\/schema\/person\/232422a593d5c541dd9aef6aaed10943"},"headline":"La despedida de Messi de la Selecci\u00f3n no duele solo por el f\u00fatbol: qu\u00e9 explica la tristeza colectiva que gener\u00f3 su anuncio","datePublished":"2026-09-05T05:00:00+00:00","dateModified":"2026-09-05T15:56:25+00:00","mainEntityOfPage":{"@id":"https:\/\/lobosnews.com.ar\/index.php\/2026\/09\/05\/la-despedida-de-messi-de-la-seleccion-no-duele-solo-por-el-futbol-que-explica-la-tristeza-colectiva-que-genero-su-anuncio\/"},"wordCount":2288,"commentCount":0,"publisher":{"@id":"https:\/\/lobosnews.com.ar\/#organization"},"image":{"@id":"https:\/\/lobosnews.com.ar\/index.php\/2026\/09\/05\/la-despedida-de-messi-de-la-seleccion-no-duele-solo-por-el-futbol-que-explica-la-tristeza-colectiva-que-genero-su-anuncio\/#primaryimage"},"thumbnailUrl":"https:\/\/lobosnews.com.ar\/wp-content\/uploads\/2026\/09\/la-despedida-de-messi-de-la-seleccion-no-duele-solo-por-el-futbol-que-explica-la-tristeza-colectiva-que-genero-su-anuncio-20.jpg","articleSection":["Salud"],"inLanguage":"es","potentialAction":[{"@type":"CommentAction","name":"Comment","target":["https:\/\/lobosnews.com.ar\/index.php\/2026\/09\/05\/la-despedida-de-messi-de-la-seleccion-no-duele-solo-por-el-futbol-que-explica-la-tristeza-colectiva-que-genero-su-anuncio\/#respond"]}]},{"@type":"WebPage","@id":"https:\/\/lobosnews.com.ar\/index.php\/2026\/09\/05\/la-despedida-de-messi-de-la-seleccion-no-duele-solo-por-el-futbol-que-explica-la-tristeza-colectiva-que-genero-su-anuncio\/","url":"https:\/\/lobosnews.com.ar\/index.php\/2026\/09\/05\/la-despedida-de-messi-de-la-seleccion-no-duele-solo-por-el-futbol-que-explica-la-tristeza-colectiva-que-genero-su-anuncio\/","name":"La despedida de Messi de la Selecci\u00f3n no duele solo por el f\u00fatbol: qu\u00e9 explica la tristeza colectiva que gener\u00f3 su anuncio - Lobos News","isPartOf":{"@id":"https:\/\/lobosnews.com.ar\/#website"},"primaryImageOfPage":{"@id":"https:\/\/lobosnews.com.ar\/index.php\/2026\/09\/05\/la-despedida-de-messi-de-la-seleccion-no-duele-solo-por-el-futbol-que-explica-la-tristeza-colectiva-que-genero-su-anuncio\/#primaryimage"},"image":{"@id":"https:\/\/lobosnews.com.ar\/index.php\/2026\/09\/05\/la-despedida-de-messi-de-la-seleccion-no-duele-solo-por-el-futbol-que-explica-la-tristeza-colectiva-que-genero-su-anuncio\/#primaryimage"},"thumbnailUrl":"https:\/\/lobosnews.com.ar\/wp-content\/uploads\/2026\/09\/la-despedida-de-messi-de-la-seleccion-no-duele-solo-por-el-futbol-que-explica-la-tristeza-colectiva-que-genero-su-anuncio-20.jpg","datePublished":"2026-09-05T05:00:00+00:00","dateModified":"2026-09-05T15:56:25+00:00","breadcrumb":{"@id":"https:\/\/lobosnews.com.ar\/index.php\/2026\/09\/05\/la-despedida-de-messi-de-la-seleccion-no-duele-solo-por-el-futbol-que-explica-la-tristeza-colectiva-que-genero-su-anuncio\/#breadcrumb"},"inLanguage":"es","potentialAction":[{"@type":"ReadAction","target":["https:\/\/lobosnews.com.ar\/index.php\/2026\/09\/05\/la-despedida-de-messi-de-la-seleccion-no-duele-solo-por-el-futbol-que-explica-la-tristeza-colectiva-que-genero-su-anuncio\/"]}]},{"@type":"ImageObject","inLanguage":"es","@id":"https:\/\/lobosnews.com.ar\/index.php\/2026\/09\/05\/la-despedida-de-messi-de-la-seleccion-no-duele-solo-por-el-futbol-que-explica-la-tristeza-colectiva-que-genero-su-anuncio\/#primaryimage","url":"https:\/\/lobosnews.com.ar\/wp-content\/uploads\/2026\/09\/la-despedida-de-messi-de-la-seleccion-no-duele-solo-por-el-futbol-que-explica-la-tristeza-colectiva-que-genero-su-anuncio-20.jpg","contentUrl":"https:\/\/lobosnews.com.ar\/wp-content\/uploads\/2026\/09\/la-despedida-de-messi-de-la-seleccion-no-duele-solo-por-el-futbol-que-explica-la-tristeza-colectiva-que-genero-su-anuncio-20.jpg","width":1408,"height":768,"caption":"La despedida de Messi de la Selecci\u00f3n no duele solo por el f\u00fatbol: qu\u00e9 explica la tristeza colectiva que gener\u00f3 su anuncio"},{"@type":"BreadcrumbList","@id":"https:\/\/lobosnews.com.ar\/index.php\/2026\/09\/05\/la-despedida-de-messi-de-la-seleccion-no-duele-solo-por-el-futbol-que-explica-la-tristeza-colectiva-que-genero-su-anuncio\/#breadcrumb","itemListElement":[{"@type":"ListItem","position":1,"name":"Portada","item":"https:\/\/lobosnews.com.ar\/"},{"@type":"ListItem","position":2,"name":"La despedida de Messi de la Selecci\u00f3n no duele solo por el f\u00fatbol: qu\u00e9 explica la tristeza colectiva que gener\u00f3 su anuncio"}]},{"@type":"WebSite","@id":"https:\/\/lobosnews.com.ar\/#website","url":"https:\/\/lobosnews.com.ar\/","name":"Lobos News","description":"Informaci\u00f3n a cada instante","publisher":{"@id":"https:\/\/lobosnews.com.ar\/#organization"},"potentialAction":[{"@type":"SearchAction","target":{"@type":"EntryPoint","urlTemplate":"https:\/\/lobosnews.com.ar\/?s={search_term_string}"},"query-input":{"@type":"PropertyValueSpecification","valueRequired":true,"valueName":"search_term_string"}}],"inLanguage":"es"},{"@type":"Organization","@id":"https:\/\/lobosnews.com.ar\/#organization","name":"Lobos News","url":"https:\/\/lobosnews.com.ar\/","logo":{"@type":"ImageObject","inLanguage":"es","@id":"https:\/\/lobosnews.com.ar\/#\/schema\/logo\/image\/","url":"https:\/\/lobosnews.com.ar\/wp-content\/uploads\/2026\/01\/logo-lobosnews.png","contentUrl":"https:\/\/lobosnews.com.ar\/wp-content\/uploads\/2026\/01\/logo-lobosnews.png","width":500,"height":200,"caption":"Lobos News"},"image":{"@id":"https:\/\/lobosnews.com.ar\/#\/schema\/logo\/image\/"}},{"@type":"Person","@id":"https:\/\/lobosnews.com.ar\/#\/schema\/person\/232422a593d5c541dd9aef6aaed10943","name":"admin","image":{"@type":"ImageObject","inLanguage":"es","@id":"https:\/\/secure.gravatar.com\/avatar\/76e419471a2083bc3ceab22a763dbbf9b0c1bd15a6214cf3280e2c2dde4580f9?s=96&d=mm&r=g","url":"https:\/\/secure.gravatar.com\/avatar\/76e419471a2083bc3ceab22a763dbbf9b0c1bd15a6214cf3280e2c2dde4580f9?s=96&d=mm&r=g","contentUrl":"https:\/\/secure.gravatar.com\/avatar\/76e419471a2083bc3ceab22a763dbbf9b0c1bd15a6214cf3280e2c2dde4580f9?s=96&d=mm&r=g","caption":"admin"},"sameAs":["https:\/\/lobosnews.com.ar"],"url":"https:\/\/lobosnews.com.ar\/index.php\/author\/lobos-news\/"}]}},"jetpack_featured_media_url":"https:\/\/lobosnews.com.ar\/wp-content\/uploads\/2026\/09\/la-despedida-de-messi-de-la-seleccion-no-duele-solo-por-el-futbol-que-explica-la-tristeza-colectiva-que-genero-su-anuncio-20.jpg","jetpack_sharing_enabled":true,"_links":{"self":[{"href":"https:\/\/lobosnews.com.ar\/index.php\/wp-json\/wp\/v2\/posts\/97803","targetHints":{"allow":["GET"]}}],"collection":[{"href":"https:\/\/lobosnews.com.ar\/index.php\/wp-json\/wp\/v2\/posts"}],"about":[{"href":"https:\/\/lobosnews.com.ar\/index.php\/wp-json\/wp\/v2\/types\/post"}],"author":[{"embeddable":true,"href":"https:\/\/lobosnews.com.ar\/index.php\/wp-json\/wp\/v2\/users\/1"}],"replies":[{"embeddable":true,"href":"https:\/\/lobosnews.com.ar\/index.php\/wp-json\/wp\/v2\/comments?post=97803"}],"version-history":[{"count":1,"href":"https:\/\/lobosnews.com.ar\/index.php\/wp-json\/wp\/v2\/posts\/97803\/revisions"}],"predecessor-version":[{"id":97815,"href":"https:\/\/lobosnews.com.ar\/index.php\/wp-json\/wp\/v2\/posts\/97803\/revisions\/97815"}],"wp:featuredmedia":[{"embeddable":true,"href":"https:\/\/lobosnews.com.ar\/index.php\/wp-json\/wp\/v2\/media\/97816"}],"wp:attachment":[{"href":"https:\/\/lobosnews.com.ar\/index.php\/wp-json\/wp\/v2\/media?parent=97803"}],"wp:term":[{"taxonomy":"category","embeddable":true,"href":"https:\/\/lobosnews.com.ar\/index.php\/wp-json\/wp\/v2\/categories?post=97803"},{"taxonomy":"post_tag","embeddable":true,"href":"https:\/\/lobosnews.com.ar\/index.php\/wp-json\/wp\/v2\/tags?post=97803"}],"curies":[{"name":"wp","href":"https:\/\/api.w.org\/{rel}","templated":true}]}}