{"id":97789,"date":"2026-09-05T04:03:40","date_gmt":"2026-09-05T04:03:40","guid":{"rendered":"https:\/\/lobosnews.com.ar\/?p=97789"},"modified":"2026-09-05T15:55:28","modified_gmt":"2026-09-05T15:55:28","slug":"ivana-figueiras-compartio-un-tierno-mensaje-tras-el-gesto-de-dario-cvitanich-mi-novio-el-mas-romantico","status":"publish","type":"post","link":"https:\/\/lobosnews.com.ar\/index.php\/2026\/09\/05\/ivana-figueiras-compartio-un-tierno-mensaje-tras-el-gesto-de-dario-cvitanich-mi-novio-el-mas-romantico\/","title":{"rendered":"Ivana Figueiras comparti\u00f3 un tierno mensaje tras el gesto de Dar\u00edo Cvitanich: \u201cMi novio el m\u00e1s rom\u00e1ntico\u201d"},"content":{"rendered":"<p><img loading=\"lazy\" decoding=\"async\" src=\"https:\/\/lobosnews.com.ar\/wp-content\/uploads\/2026\/09\/ivana-figueiras-compartio-un-tierno-mensaje-tras-el-gesto-de-dario-cvitanich-mi-novio-el-mas-romantico.jpg\" alt=\"Cvitanich, Figueiras y Carolina, la mejor amiga de la empresaria, durante la cena en Ancho\u00edta\" height=\"2346\" width=\"1320\"\/><\/p>\n<p>Una cena, tres comensales sonrientes y un gesto que<span class=\"waslinkname\"> <\/span><span class=\"waslinkname\"><b>Ivana Figueiras<\/b><\/span> no tard\u00f3 en compartir con sus seguidores. El exdelantero <span class=\"waslinkname\"><b>Dar\u00edo Cvitanich<\/b><\/span><span class=\"waslinkname\"> <\/span>tuvo un detalle con su novia durante una velada en <b>Ancho\u00edta<\/b>, el restaurante del piloto y cineasta <b>Enrique Pi\u00f1eyro<\/b>, y ella lo subi\u00f3 a sus redes con una frase escueta: \u201cMi novio el m\u00e1s rom\u00e1ntico\u201d.<\/p>\n<p>La velada tuvo a tres protagonistas. Junto a la pareja estuvo Carolina \u2014mejor amiga de Figueiras, con cuenta en Instagram bajo el usuario <b>@carolinelineline<\/b>\u2014, quien tambi\u00e9n inmortaliz\u00f3 el momento desde su perfil. En una de las im\u00e1genes que circul\u00f3 por las redes, las dos amigas aparecen en el sal\u00f3n del local, sentadas frente a frente y brindando con sus copas, con la pared de ladrillos a la vista que caracteriza al lugar. La dise\u00f1adora etiquet\u00f3 a Carolina como \u201cMy bff\u201d en esa publicaci\u00f3n, que significa precisamente \u201cmi mejor amiga\u201d.<\/p>\n<p>Fue Figueiras quien revel\u00f3 de qu\u00e9 se trat\u00f3 el gesto de Cvitanich: una tableta de chocolate negro con las palabras \u201cTe amo\u201d trazadas sobre su superficie. El mensaje acompa\u00f1\u00f3 la imagen sin m\u00e1s texto que la breve leyenda de la modelo. Por su parte, la cuenta de Carolina tambi\u00e9n registr\u00f3 una foto grupal de los tres juntos, con menci\u00f3n directa a <b>@figueirasivana<\/b> y <b>@daricvitaok<\/b>.<\/p>\n<p><img loading=\"lazy\" decoding=\"async\" src=\"https:\/\/lobosnews.com.ar\/wp-content\/uploads\/2026\/09\/ivana-figueiras-compartio-un-tierno-mensaje-tras-el-gesto-de-dario-cvitanich-mi-novio-el-mas-romantico-1.jpg\" alt=\"El mensaje que Cvitanich le escribi\u00f3 a su novia sobre una tableta de chocolate negro y que ella comparti\u00f3 con la frase \"Mi novio el m\u00e1s rom\u00e1ntico\"\" height=\"2346\" width=\"1320\"\/><\/p>\n<p>La cena en Ancho\u00edta lleg\u00f3 pocas semanas despu\u00e9s de que <span class=\"waslinkname\">la pareja mostrara una escapada a <\/span><span class=\"waslinkname\"><b>Bariloche<\/b><\/span>, donde compartieron d\u00edas de ski, jacuzzi con vista a la cordillera y momentos en el alojamiento. Fue durante ese viaje cuando Figueiras fotografi\u00f3 a Cvitanich en las pistas con la leyenda \u201cEl mejor alumno\u201d \u2014en alusi\u00f3n a una ca\u00edda sobre la nieve\u2014 y tambi\u00e9n registr\u00f3 instantes m\u00e1s \u00edntimos, como una selfie frente al espejo donde el exdelantero le daba un beso en la mejilla.<\/p>\n<p>El pie de foto que eligi\u00f3 la dise\u00f1adora para cerrar ese posteo fue una sola palabra: \u201cSiempre\u201d. Cvitanich respondi\u00f3 en los comentarios sin demoras: <b>\u201cSos mi felicidad absoluta, gracias por estos d\u00edas, TE AMO!!!\u201d<\/b>, seg\u00fan consign\u00f3 <i>Infobae<\/i>.<\/p>\n<p>El viaje a <b>Bariloche<\/b> fue, seg\u00fan lo que la propia Figueiras comparti\u00f3, uno de los m\u00e1s completos que vivieron juntos. El lodge elegido contaba con jacuzzi exterior con vista panor\u00e1mica al lago y la cordillera, chimenea encendida y atardeceres sobre las cumbres nevadas. La modelo fotografi\u00f3 cada escena con detalle: desde el vapor sobre el agua del jacuzzi hasta el cielo con tonos anaranjados sobre las cumbres, pasando por una foto de Figueiras sentada sobre un barril de madera, de espaldas a la c\u00e1mara, con el horizonte abierto de la cordillera como fondo.<\/p>\n<p><img loading=\"lazy\" decoding=\"async\" src=\"https:\/\/lobosnews.com.ar\/wp-content\/uploads\/2026\/09\/ivana-figueiras-compartio-un-tierno-mensaje-tras-el-gesto-de-dario-cvitanich-mi-novio-el-mas-romantico-2.jpg\" alt=\"Figueiras y su amiga Carolina celebraron la noche con un brindis\" height=\"822\" width=\"479\"\/><\/p>\n<p>La pareja tambi\u00e9n comparti\u00f3 esa escapada con otras dos personas, seg\u00fan se vio en una foto grupal en un deck con vista a los cerros nevados, todos con equipamiento de ski y el cielo azul de fondo. En las pistas, el exdelantero tuvo su propio cap\u00edtulo: Figueiras lo retrat\u00f3 con bastones y anteojos azules, parado sobre la nieve con el telesilla de fondo. Para acompa\u00f1ar esa imagen, eligi\u00f3 cuatro emojis de fuego como \u00fanico comentario. Tambi\u00e9n hubo espacio para el humor: otra foto lo muestra doblado sobre la pista mientras alguien lo ayuda a levantarse, con los esqu\u00eds cruzados y los bastones desparramados.<\/p>\n<p>El viaje al sur qued\u00f3 as\u00ed como el antecedente m\u00e1s cercano a la velada en Ancho\u00edta, donde Cvitanich volvi\u00f3 a dejar una marca, esta vez sobre una tableta de chocolate negro. La pareja, que no esquiva las muestras p\u00fablicas de afecto, sum\u00f3 con esa cena una nueva escena a una serie de gestos que ambos eligieron compartir abiertamente con sus seguidores en redes. <b>La cena en Ancho\u00edta y el chocolate con \u201cTe amo\u201d escrito son la imagen m\u00e1s reciente de ese v\u00ednculo.<\/b><\/p>\n","protected":false},"excerpt":{"rendered":"<p>Una cena, tres comensales sonrientes y un gesto que Ivana Figueiras no tard\u00f3 en compartir con sus seguidores. El exdelantero Dar\u00edo Cvitanich tuvo un detalle con su novia durante una velada en Ancho\u00edta, el restaurante del piloto y cineasta Enrique Pi\u00f1eyro, y ella lo subi\u00f3 a sus redes con una frase escueta: \u201cMi novio el&#8230;<\/p>\n","protected":false},"author":1,"featured_media":97794,"comment_status":"open","ping_status":"closed","sticky":false,"template":"","format":"standard","meta":{"_jetpack_newsletter_access":"","_jetpack_dont_email_post_to_subs":false,"_jetpack_newsletter_tier_id":0,"_jetpack_memberships_contains_paywalled_content":false,"_jetpack_memberships_contains_paid_content":false,"footnotes":"","jetpack_post_was_ever_published":false},"categories":[79],"tags":[],"class_list":["post-97789","post","type-post","status-publish","format-standard","has-post-thumbnail","hentry","category-cine-y-series"],"magazineBlocksPostFeaturedMedia":{"thumbnail":"https:\/\/lobosnews.com.ar\/wp-content\/uploads\/2026\/09\/ivana-figueiras-compartio-un-tierno-mensaje-tras-el-gesto-de-dario-cvitanich-mi-novio-el-mas-romantico-4-150x150.jpg","medium":"https:\/\/lobosnews.com.ar\/wp-content\/uploads\/2026\/09\/ivana-figueiras-compartio-un-tierno-mensaje-tras-el-gesto-de-dario-cvitanich-mi-novio-el-mas-romantico-4-175x300.jpg","medium_large":"https:\/\/lobosnews.com.ar\/wp-content\/uploads\/2026\/09\/ivana-figueiras-compartio-un-tierno-mensaje-tras-el-gesto-de-dario-cvitanich-mi-novio-el-mas-romantico-4.jpg","large":"https:\/\/lobosnews.com.ar\/wp-content\/uploads\/2026\/09\/ivana-figueiras-compartio-un-tierno-mensaje-tras-el-gesto-de-dario-cvitanich-mi-novio-el-mas-romantico-4.jpg","1536x1536":"https:\/\/lobosnews.com.ar\/wp-content\/uploads\/2026\/09\/ivana-figueiras-compartio-un-tierno-mensaje-tras-el-gesto-de-dario-cvitanich-mi-novio-el-mas-romantico-4.jpg","2048x2048":"https:\/\/lobosnews.com.ar\/wp-content\/uploads\/2026\/09\/ivana-figueiras-compartio-un-tierno-mensaje-tras-el-gesto-de-dario-cvitanich-mi-novio-el-mas-romantico-4.jpg","newsmatic-featured":"https:\/\/lobosnews.com.ar\/wp-content\/uploads\/2026\/09\/ivana-figueiras-compartio-un-tierno-mensaje-tras-el-gesto-de-dario-cvitanich-mi-novio-el-mas-romantico-4-479x545.jpg","newsmatic-list":"https:\/\/lobosnews.com.ar\/wp-content\/uploads\/2026\/09\/ivana-figueiras-compartio-un-tierno-mensaje-tras-el-gesto-de-dario-cvitanich-mi-novio-el-mas-romantico-4-479x400.jpg","newsmatic-thumb":"https:\/\/lobosnews.com.ar\/wp-content\/uploads\/2026\/09\/ivana-figueiras-compartio-un-tierno-mensaje-tras-el-gesto-de-dario-cvitanich-mi-novio-el-mas-romantico-4-300x200.jpg","newsmatic-small":"https:\/\/lobosnews.com.ar\/wp-content\/uploads\/2026\/09\/ivana-figueiras-compartio-un-tierno-mensaje-tras-el-gesto-de-dario-cvitanich-mi-novio-el-mas-romantico-4-150x95.jpg","newsmatic-grid":"https:\/\/lobosnews.com.ar\/wp-content\/uploads\/2026\/09\/ivana-figueiras-compartio-un-tierno-mensaje-tras-el-gesto-de-dario-cvitanich-mi-novio-el-mas-romantico-4-400x250.jpg"},"magazineBlocksPostAuthor":{"name":"admin","avatar":"https:\/\/secure.gravatar.com\/avatar\/76e419471a2083bc3ceab22a763dbbf9b0c1bd15a6214cf3280e2c2dde4580f9?s=96&d=mm&r=g"},"magazineBlocksPostCommentsNumber":"0","magazineBlocksPostExcerpt":"Una cena, tres comensales sonrientes y un gesto que Ivana Figueiras no tard\u00f3 en compartir con sus seguidores. El exdelantero Dar\u00edo Cvitanich tuvo un detalle con su novia durante una velada en Ancho\u00edta, el restaurante del piloto y cineasta Enrique Pi\u00f1eyro, y ella lo subi\u00f3 a sus redes con una frase escueta: \u201cMi novio el...","magazineBlocksPostCategories":["Cine y Series"],"magazineBlocksPostViewCount":23,"magazineBlocksPostReadTime":4,"magazine_blocks_featured_image_url":{"full":["https:\/\/lobosnews.com.ar\/wp-content\/uploads\/2026\/09\/ivana-figueiras-compartio-un-tierno-mensaje-tras-el-gesto-de-dario-cvitanich-mi-novio-el-mas-romantico-4.jpg",479,822,false],"medium":["https:\/\/lobosnews.com.ar\/wp-content\/uploads\/2026\/09\/ivana-figueiras-compartio-un-tierno-mensaje-tras-el-gesto-de-dario-cvitanich-mi-novio-el-mas-romantico-4-175x300.jpg",175,300,true],"thumbnail":["https:\/\/lobosnews.com.ar\/wp-content\/uploads\/2026\/09\/ivana-figueiras-compartio-un-tierno-mensaje-tras-el-gesto-de-dario-cvitanich-mi-novio-el-mas-romantico-4-150x150.jpg",150,150,true]},"magazine_blocks_author":{"display_name":"admin","author_link":"https:\/\/lobosnews.com.ar\/index.php\/author\/lobos-news\/"},"magazine_blocks_comment":0,"magazine_blocks_author_image":"https:\/\/secure.gravatar.com\/avatar\/76e419471a2083bc3ceab22a763dbbf9b0c1bd15a6214cf3280e2c2dde4580f9?s=96&d=mm&r=g","magazine_blocks_category":"<a href=\"#\" class=\"category-link category-link-79\">Cine y Series<\/a>","yoast_head":"<!-- This site is optimized with the Yoast SEO plugin v28.0 - https:\/\/yoast.com\/product\/yoast-seo-wordpress\/ -->\n<title>Ivana Figueiras comparti\u00f3 un tierno mensaje tras el gesto de Dar\u00edo Cvitanich: \u201cMi novio el m\u00e1s rom\u00e1ntico\u201d - Lobos News<\/title>\n<meta name=\"robots\" content=\"index, follow, max-snippet:-1, max-image-preview:large, max-video-preview:-1\" \/>\n<link rel=\"canonical\" href=\"https:\/\/lobosnews.com.ar\/index.php\/2026\/09\/05\/ivana-figueiras-compartio-un-tierno-mensaje-tras-el-gesto-de-dario-cvitanich-mi-novio-el-mas-romantico\/\" \/>\n<meta property=\"og:locale\" content=\"es_ES\" \/>\n<meta property=\"og:type\" content=\"article\" \/>\n<meta property=\"og:title\" content=\"Ivana Figueiras comparti\u00f3 un tierno mensaje tras el gesto de Dar\u00edo Cvitanich: \u201cMi novio el m\u00e1s rom\u00e1ntico\u201d - Lobos News\" \/>\n<meta property=\"og:description\" content=\"Una cena, tres comensales sonrientes y un gesto que Ivana Figueiras no tard\u00f3 en compartir con sus seguidores. El exdelantero Dar\u00edo Cvitanich tuvo un detalle con su novia durante una velada en Ancho\u00edta, el restaurante del piloto y cineasta Enrique Pi\u00f1eyro, y ella lo subi\u00f3 a sus redes con una frase escueta: \u201cMi novio el...\" \/>\n<meta property=\"og:url\" content=\"https:\/\/lobosnews.com.ar\/index.php\/2026\/09\/05\/ivana-figueiras-compartio-un-tierno-mensaje-tras-el-gesto-de-dario-cvitanich-mi-novio-el-mas-romantico\/\" \/>\n<meta property=\"og:site_name\" content=\"Lobos News\" \/>\n<meta property=\"article:published_time\" content=\"2026-09-05T04:03:40+00:00\" \/>\n<meta property=\"article:modified_time\" content=\"2026-09-05T15:55:28+00:00\" \/>\n<meta property=\"og:image\" content=\"https:\/\/lobosnews.com.ar\/wp-content\/uploads\/2026\/09\/ivana-figueiras-compartio-un-tierno-mensaje-tras-el-gesto-de-dario-cvitanich-mi-novio-el-mas-romantico-4.jpg\" \/>\n\t<meta property=\"og:image:width\" content=\"479\" \/>\n\t<meta property=\"og:image:height\" content=\"822\" \/>\n\t<meta property=\"og:image:type\" content=\"image\/jpeg\" \/>\n<meta name=\"author\" content=\"admin\" \/>\n<meta name=\"twitter:card\" content=\"summary_large_image\" \/>\n<meta name=\"twitter:label1\" content=\"Escrito por\" \/>\n\t<meta name=\"twitter:data1\" content=\"admin\" \/>\n\t<meta name=\"twitter:label2\" content=\"Tiempo de lectura\" \/>\n\t<meta name=\"twitter:data2\" content=\"3 minutos\" \/>\n<script type=\"application\/ld+json\" class=\"yoast-schema-graph\">{\"@context\":\"https:\\\/\\\/schema.org\",\"@graph\":[{\"@type\":\"Article\",\"@id\":\"https:\\\/\\\/lobosnews.com.ar\\\/index.php\\\/2026\\\/09\\\/05\\\/ivana-figueiras-compartio-un-tierno-mensaje-tras-el-gesto-de-dario-cvitanich-mi-novio-el-mas-romantico\\\/#article\",\"isPartOf\":{\"@id\":\"https:\\\/\\\/lobosnews.com.ar\\\/index.php\\\/2026\\\/09\\\/05\\\/ivana-figueiras-compartio-un-tierno-mensaje-tras-el-gesto-de-dario-cvitanich-mi-novio-el-mas-romantico\\\/\"},\"author\":{\"name\":\"admin\",\"@id\":\"https:\\\/\\\/lobosnews.com.ar\\\/#\\\/schema\\\/person\\\/232422a593d5c541dd9aef6aaed10943\"},\"headline\":\"Ivana Figueiras comparti\u00f3 un tierno mensaje tras el gesto de Dar\u00edo Cvitanich: \u201cMi novio el m\u00e1s rom\u00e1ntico\u201d\",\"datePublished\":\"2026-09-05T04:03:40+00:00\",\"dateModified\":\"2026-09-05T15:55:28+00:00\",\"mainEntityOfPage\":{\"@id\":\"https:\\\/\\\/lobosnews.com.ar\\\/index.php\\\/2026\\\/09\\\/05\\\/ivana-figueiras-compartio-un-tierno-mensaje-tras-el-gesto-de-dario-cvitanich-mi-novio-el-mas-romantico\\\/\"},\"wordCount\":665,\"commentCount\":0,\"publisher\":{\"@id\":\"https:\\\/\\\/lobosnews.com.ar\\\/#organization\"},\"image\":{\"@id\":\"https:\\\/\\\/lobosnews.com.ar\\\/index.php\\\/2026\\\/09\\\/05\\\/ivana-figueiras-compartio-un-tierno-mensaje-tras-el-gesto-de-dario-cvitanich-mi-novio-el-mas-romantico\\\/#primaryimage\"},\"thumbnailUrl\":\"https:\\\/\\\/lobosnews.com.ar\\\/wp-content\\\/uploads\\\/2026\\\/09\\\/ivana-figueiras-compartio-un-tierno-mensaje-tras-el-gesto-de-dario-cvitanich-mi-novio-el-mas-romantico-4.jpg\",\"articleSection\":[\"Cine y Series\"],\"inLanguage\":\"es\",\"potentialAction\":[{\"@type\":\"CommentAction\",\"name\":\"Comment\",\"target\":[\"https:\\\/\\\/lobosnews.com.ar\\\/index.php\\\/2026\\\/09\\\/05\\\/ivana-figueiras-compartio-un-tierno-mensaje-tras-el-gesto-de-dario-cvitanich-mi-novio-el-mas-romantico\\\/#respond\"]}]},{\"@type\":\"WebPage\",\"@id\":\"https:\\\/\\\/lobosnews.com.ar\\\/index.php\\\/2026\\\/09\\\/05\\\/ivana-figueiras-compartio-un-tierno-mensaje-tras-el-gesto-de-dario-cvitanich-mi-novio-el-mas-romantico\\\/\",\"url\":\"https:\\\/\\\/lobosnews.com.ar\\\/index.php\\\/2026\\\/09\\\/05\\\/ivana-figueiras-compartio-un-tierno-mensaje-tras-el-gesto-de-dario-cvitanich-mi-novio-el-mas-romantico\\\/\",\"name\":\"Ivana Figueiras comparti\u00f3 un tierno mensaje tras el gesto de Dar\u00edo Cvitanich: \u201cMi novio el m\u00e1s rom\u00e1ntico\u201d - Lobos News\",\"isPartOf\":{\"@id\":\"https:\\\/\\\/lobosnews.com.ar\\\/#website\"},\"primaryImageOfPage\":{\"@id\":\"https:\\\/\\\/lobosnews.com.ar\\\/index.php\\\/2026\\\/09\\\/05\\\/ivana-figueiras-compartio-un-tierno-mensaje-tras-el-gesto-de-dario-cvitanich-mi-novio-el-mas-romantico\\\/#primaryimage\"},\"image\":{\"@id\":\"https:\\\/\\\/lobosnews.com.ar\\\/index.php\\\/2026\\\/09\\\/05\\\/ivana-figueiras-compartio-un-tierno-mensaje-tras-el-gesto-de-dario-cvitanich-mi-novio-el-mas-romantico\\\/#primaryimage\"},\"thumbnailUrl\":\"https:\\\/\\\/lobosnews.com.ar\\\/wp-content\\\/uploads\\\/2026\\\/09\\\/ivana-figueiras-compartio-un-tierno-mensaje-tras-el-gesto-de-dario-cvitanich-mi-novio-el-mas-romantico-4.jpg\",\"datePublished\":\"2026-09-05T04:03:40+00:00\",\"dateModified\":\"2026-09-05T15:55:28+00:00\",\"breadcrumb\":{\"@id\":\"https:\\\/\\\/lobosnews.com.ar\\\/index.php\\\/2026\\\/09\\\/05\\\/ivana-figueiras-compartio-un-tierno-mensaje-tras-el-gesto-de-dario-cvitanich-mi-novio-el-mas-romantico\\\/#breadcrumb\"},\"inLanguage\":\"es\",\"potentialAction\":[{\"@type\":\"ReadAction\",\"target\":[\"https:\\\/\\\/lobosnews.com.ar\\\/index.php\\\/2026\\\/09\\\/05\\\/ivana-figueiras-compartio-un-tierno-mensaje-tras-el-gesto-de-dario-cvitanich-mi-novio-el-mas-romantico\\\/\"]}]},{\"@type\":\"ImageObject\",\"inLanguage\":\"es\",\"@id\":\"https:\\\/\\\/lobosnews.com.ar\\\/index.php\\\/2026\\\/09\\\/05\\\/ivana-figueiras-compartio-un-tierno-mensaje-tras-el-gesto-de-dario-cvitanich-mi-novio-el-mas-romantico\\\/#primaryimage\",\"url\":\"https:\\\/\\\/lobosnews.com.ar\\\/wp-content\\\/uploads\\\/2026\\\/09\\\/ivana-figueiras-compartio-un-tierno-mensaje-tras-el-gesto-de-dario-cvitanich-mi-novio-el-mas-romantico-4.jpg\",\"contentUrl\":\"https:\\\/\\\/lobosnews.com.ar\\\/wp-content\\\/uploads\\\/2026\\\/09\\\/ivana-figueiras-compartio-un-tierno-mensaje-tras-el-gesto-de-dario-cvitanich-mi-novio-el-mas-romantico-4.jpg\",\"width\":479,\"height\":822,\"caption\":\"Ivana Figueiras comparti\u00f3 un tierno mensaje tras el gesto de Dar\u00edo Cvitanich: \u201cMi novio el m\u00e1s rom\u00e1ntico\u201d\"},{\"@type\":\"BreadcrumbList\",\"@id\":\"https:\\\/\\\/lobosnews.com.ar\\\/index.php\\\/2026\\\/09\\\/05\\\/ivana-figueiras-compartio-un-tierno-mensaje-tras-el-gesto-de-dario-cvitanich-mi-novio-el-mas-romantico\\\/#breadcrumb\",\"itemListElement\":[{\"@type\":\"ListItem\",\"position\":1,\"name\":\"Portada\",\"item\":\"https:\\\/\\\/lobosnews.com.ar\\\/\"},{\"@type\":\"ListItem\",\"position\":2,\"name\":\"Ivana Figueiras comparti\u00f3 un tierno mensaje tras el gesto de Dar\u00edo Cvitanich: \u201cMi novio el m\u00e1s rom\u00e1ntico\u201d\"}]},{\"@type\":\"WebSite\",\"@id\":\"https:\\\/\\\/lobosnews.com.ar\\\/#website\",\"url\":\"https:\\\/\\\/lobosnews.com.ar\\\/\",\"name\":\"Lobos News\",\"description\":\"Informaci\u00f3n a cada instante\",\"publisher\":{\"@id\":\"https:\\\/\\\/lobosnews.com.ar\\\/#organization\"},\"potentialAction\":[{\"@type\":\"SearchAction\",\"target\":{\"@type\":\"EntryPoint\",\"urlTemplate\":\"https:\\\/\\\/lobosnews.com.ar\\\/?s={search_term_string}\"},\"query-input\":{\"@type\":\"PropertyValueSpecification\",\"valueRequired\":true,\"valueName\":\"search_term_string\"}}],\"inLanguage\":\"es\"},{\"@type\":\"Organization\",\"@id\":\"https:\\\/\\\/lobosnews.com.ar\\\/#organization\",\"name\":\"Lobos News\",\"url\":\"https:\\\/\\\/lobosnews.com.ar\\\/\",\"logo\":{\"@type\":\"ImageObject\",\"inLanguage\":\"es\",\"@id\":\"https:\\\/\\\/lobosnews.com.ar\\\/#\\\/schema\\\/logo\\\/image\\\/\",\"url\":\"https:\\\/\\\/lobosnews.com.ar\\\/wp-content\\\/uploads\\\/2026\\\/01\\\/logo-lobosnews.png\",\"contentUrl\":\"https:\\\/\\\/lobosnews.com.ar\\\/wp-content\\\/uploads\\\/2026\\\/01\\\/logo-lobosnews.png\",\"width\":500,\"height\":200,\"caption\":\"Lobos News\"},\"image\":{\"@id\":\"https:\\\/\\\/lobosnews.com.ar\\\/#\\\/schema\\\/logo\\\/image\\\/\"}},{\"@type\":\"Person\",\"@id\":\"https:\\\/\\\/lobosnews.com.ar\\\/#\\\/schema\\\/person\\\/232422a593d5c541dd9aef6aaed10943\",\"name\":\"admin\",\"image\":{\"@type\":\"ImageObject\",\"inLanguage\":\"es\",\"@id\":\"https:\\\/\\\/secure.gravatar.com\\\/avatar\\\/76e419471a2083bc3ceab22a763dbbf9b0c1bd15a6214cf3280e2c2dde4580f9?s=96&d=mm&r=g\",\"url\":\"https:\\\/\\\/secure.gravatar.com\\\/avatar\\\/76e419471a2083bc3ceab22a763dbbf9b0c1bd15a6214cf3280e2c2dde4580f9?s=96&d=mm&r=g\",\"contentUrl\":\"https:\\\/\\\/secure.gravatar.com\\\/avatar\\\/76e419471a2083bc3ceab22a763dbbf9b0c1bd15a6214cf3280e2c2dde4580f9?s=96&d=mm&r=g\",\"caption\":\"admin\"},\"sameAs\":[\"https:\\\/\\\/lobosnews.com.ar\"],\"url\":\"https:\\\/\\\/lobosnews.com.ar\\\/index.php\\\/author\\\/lobos-news\\\/\"}]}<\/script>\n<!-- \/ Yoast SEO plugin. -->","yoast_head_json":{"title":"Ivana Figueiras comparti\u00f3 un tierno mensaje tras el gesto de Dar\u00edo Cvitanich: \u201cMi novio el m\u00e1s rom\u00e1ntico\u201d - Lobos News","robots":{"index":"index","follow":"follow","max-snippet":"max-snippet:-1","max-image-preview":"max-image-preview:large","max-video-preview":"max-video-preview:-1"},"canonical":"https:\/\/lobosnews.com.ar\/index.php\/2026\/09\/05\/ivana-figueiras-compartio-un-tierno-mensaje-tras-el-gesto-de-dario-cvitanich-mi-novio-el-mas-romantico\/","og_locale":"es_ES","og_type":"article","og_title":"Ivana Figueiras comparti\u00f3 un tierno mensaje tras el gesto de Dar\u00edo Cvitanich: \u201cMi novio el m\u00e1s rom\u00e1ntico\u201d - Lobos News","og_description":"Una cena, tres comensales sonrientes y un gesto que Ivana Figueiras no tard\u00f3 en compartir con sus seguidores. El exdelantero Dar\u00edo Cvitanich tuvo un detalle con su novia durante una velada en Ancho\u00edta, el restaurante del piloto y cineasta Enrique Pi\u00f1eyro, y ella lo subi\u00f3 a sus redes con una frase escueta: \u201cMi novio el...","og_url":"https:\/\/lobosnews.com.ar\/index.php\/2026\/09\/05\/ivana-figueiras-compartio-un-tierno-mensaje-tras-el-gesto-de-dario-cvitanich-mi-novio-el-mas-romantico\/","og_site_name":"Lobos News","article_published_time":"2026-09-05T04:03:40+00:00","article_modified_time":"2026-09-05T15:55:28+00:00","og_image":[{"width":479,"height":822,"url":"https:\/\/lobosnews.com.ar\/wp-content\/uploads\/2026\/09\/ivana-figueiras-compartio-un-tierno-mensaje-tras-el-gesto-de-dario-cvitanich-mi-novio-el-mas-romantico-4.jpg","type":"image\/jpeg"}],"author":"admin","twitter_card":"summary_large_image","twitter_misc":{"Escrito por":"admin","Tiempo de lectura":"3 minutos"},"schema":{"@context":"https:\/\/schema.org","@graph":[{"@type":"Article","@id":"https:\/\/lobosnews.com.ar\/index.php\/2026\/09\/05\/ivana-figueiras-compartio-un-tierno-mensaje-tras-el-gesto-de-dario-cvitanich-mi-novio-el-mas-romantico\/#article","isPartOf":{"@id":"https:\/\/lobosnews.com.ar\/index.php\/2026\/09\/05\/ivana-figueiras-compartio-un-tierno-mensaje-tras-el-gesto-de-dario-cvitanich-mi-novio-el-mas-romantico\/"},"author":{"name":"admin","@id":"https:\/\/lobosnews.com.ar\/#\/schema\/person\/232422a593d5c541dd9aef6aaed10943"},"headline":"Ivana Figueiras comparti\u00f3 un tierno mensaje tras el gesto de Dar\u00edo Cvitanich: \u201cMi novio el m\u00e1s rom\u00e1ntico\u201d","datePublished":"2026-09-05T04:03:40+00:00","dateModified":"2026-09-05T15:55:28+00:00","mainEntityOfPage":{"@id":"https:\/\/lobosnews.com.ar\/index.php\/2026\/09\/05\/ivana-figueiras-compartio-un-tierno-mensaje-tras-el-gesto-de-dario-cvitanich-mi-novio-el-mas-romantico\/"},"wordCount":665,"commentCount":0,"publisher":{"@id":"https:\/\/lobosnews.com.ar\/#organization"},"image":{"@id":"https:\/\/lobosnews.com.ar\/index.php\/2026\/09\/05\/ivana-figueiras-compartio-un-tierno-mensaje-tras-el-gesto-de-dario-cvitanich-mi-novio-el-mas-romantico\/#primaryimage"},"thumbnailUrl":"https:\/\/lobosnews.com.ar\/wp-content\/uploads\/2026\/09\/ivana-figueiras-compartio-un-tierno-mensaje-tras-el-gesto-de-dario-cvitanich-mi-novio-el-mas-romantico-4.jpg","articleSection":["Cine y Series"],"inLanguage":"es","potentialAction":[{"@type":"CommentAction","name":"Comment","target":["https:\/\/lobosnews.com.ar\/index.php\/2026\/09\/05\/ivana-figueiras-compartio-un-tierno-mensaje-tras-el-gesto-de-dario-cvitanich-mi-novio-el-mas-romantico\/#respond"]}]},{"@type":"WebPage","@id":"https:\/\/lobosnews.com.ar\/index.php\/2026\/09\/05\/ivana-figueiras-compartio-un-tierno-mensaje-tras-el-gesto-de-dario-cvitanich-mi-novio-el-mas-romantico\/","url":"https:\/\/lobosnews.com.ar\/index.php\/2026\/09\/05\/ivana-figueiras-compartio-un-tierno-mensaje-tras-el-gesto-de-dario-cvitanich-mi-novio-el-mas-romantico\/","name":"Ivana Figueiras comparti\u00f3 un tierno mensaje tras el gesto de Dar\u00edo Cvitanich: \u201cMi novio el m\u00e1s rom\u00e1ntico\u201d - Lobos News","isPartOf":{"@id":"https:\/\/lobosnews.com.ar\/#website"},"primaryImageOfPage":{"@id":"https:\/\/lobosnews.com.ar\/index.php\/2026\/09\/05\/ivana-figueiras-compartio-un-tierno-mensaje-tras-el-gesto-de-dario-cvitanich-mi-novio-el-mas-romantico\/#primaryimage"},"image":{"@id":"https:\/\/lobosnews.com.ar\/index.php\/2026\/09\/05\/ivana-figueiras-compartio-un-tierno-mensaje-tras-el-gesto-de-dario-cvitanich-mi-novio-el-mas-romantico\/#primaryimage"},"thumbnailUrl":"https:\/\/lobosnews.com.ar\/wp-content\/uploads\/2026\/09\/ivana-figueiras-compartio-un-tierno-mensaje-tras-el-gesto-de-dario-cvitanich-mi-novio-el-mas-romantico-4.jpg","datePublished":"2026-09-05T04:03:40+00:00","dateModified":"2026-09-05T15:55:28+00:00","breadcrumb":{"@id":"https:\/\/lobosnews.com.ar\/index.php\/2026\/09\/05\/ivana-figueiras-compartio-un-tierno-mensaje-tras-el-gesto-de-dario-cvitanich-mi-novio-el-mas-romantico\/#breadcrumb"},"inLanguage":"es","potentialAction":[{"@type":"ReadAction","target":["https:\/\/lobosnews.com.ar\/index.php\/2026\/09\/05\/ivana-figueiras-compartio-un-tierno-mensaje-tras-el-gesto-de-dario-cvitanich-mi-novio-el-mas-romantico\/"]}]},{"@type":"ImageObject","inLanguage":"es","@id":"https:\/\/lobosnews.com.ar\/index.php\/2026\/09\/05\/ivana-figueiras-compartio-un-tierno-mensaje-tras-el-gesto-de-dario-cvitanich-mi-novio-el-mas-romantico\/#primaryimage","url":"https:\/\/lobosnews.com.ar\/wp-content\/uploads\/2026\/09\/ivana-figueiras-compartio-un-tierno-mensaje-tras-el-gesto-de-dario-cvitanich-mi-novio-el-mas-romantico-4.jpg","contentUrl":"https:\/\/lobosnews.com.ar\/wp-content\/uploads\/2026\/09\/ivana-figueiras-compartio-un-tierno-mensaje-tras-el-gesto-de-dario-cvitanich-mi-novio-el-mas-romantico-4.jpg","width":479,"height":822,"caption":"Ivana Figueiras comparti\u00f3 un tierno mensaje tras el gesto de Dar\u00edo Cvitanich: \u201cMi novio el m\u00e1s rom\u00e1ntico\u201d"},{"@type":"BreadcrumbList","@id":"https:\/\/lobosnews.com.ar\/index.php\/2026\/09\/05\/ivana-figueiras-compartio-un-tierno-mensaje-tras-el-gesto-de-dario-cvitanich-mi-novio-el-mas-romantico\/#breadcrumb","itemListElement":[{"@type":"ListItem","position":1,"name":"Portada","item":"https:\/\/lobosnews.com.ar\/"},{"@type":"ListItem","position":2,"name":"Ivana Figueiras comparti\u00f3 un tierno mensaje tras el gesto de Dar\u00edo Cvitanich: \u201cMi novio el m\u00e1s rom\u00e1ntico\u201d"}]},{"@type":"WebSite","@id":"https:\/\/lobosnews.com.ar\/#website","url":"https:\/\/lobosnews.com.ar\/","name":"Lobos News","description":"Informaci\u00f3n a cada instante","publisher":{"@id":"https:\/\/lobosnews.com.ar\/#organization"},"potentialAction":[{"@type":"SearchAction","target":{"@type":"EntryPoint","urlTemplate":"https:\/\/lobosnews.com.ar\/?s={search_term_string}"},"query-input":{"@type":"PropertyValueSpecification","valueRequired":true,"valueName":"search_term_string"}}],"inLanguage":"es"},{"@type":"Organization","@id":"https:\/\/lobosnews.com.ar\/#organization","name":"Lobos News","url":"https:\/\/lobosnews.com.ar\/","logo":{"@type":"ImageObject","inLanguage":"es","@id":"https:\/\/lobosnews.com.ar\/#\/schema\/logo\/image\/","url":"https:\/\/lobosnews.com.ar\/wp-content\/uploads\/2026\/01\/logo-lobosnews.png","contentUrl":"https:\/\/lobosnews.com.ar\/wp-content\/uploads\/2026\/01\/logo-lobosnews.png","width":500,"height":200,"caption":"Lobos News"},"image":{"@id":"https:\/\/lobosnews.com.ar\/#\/schema\/logo\/image\/"}},{"@type":"Person","@id":"https:\/\/lobosnews.com.ar\/#\/schema\/person\/232422a593d5c541dd9aef6aaed10943","name":"admin","image":{"@type":"ImageObject","inLanguage":"es","@id":"https:\/\/secure.gravatar.com\/avatar\/76e419471a2083bc3ceab22a763dbbf9b0c1bd15a6214cf3280e2c2dde4580f9?s=96&d=mm&r=g","url":"https:\/\/secure.gravatar.com\/avatar\/76e419471a2083bc3ceab22a763dbbf9b0c1bd15a6214cf3280e2c2dde4580f9?s=96&d=mm&r=g","contentUrl":"https:\/\/secure.gravatar.com\/avatar\/76e419471a2083bc3ceab22a763dbbf9b0c1bd15a6214cf3280e2c2dde4580f9?s=96&d=mm&r=g","caption":"admin"},"sameAs":["https:\/\/lobosnews.com.ar"],"url":"https:\/\/lobosnews.com.ar\/index.php\/author\/lobos-news\/"}]}},"jetpack_featured_media_url":"https:\/\/lobosnews.com.ar\/wp-content\/uploads\/2026\/09\/ivana-figueiras-compartio-un-tierno-mensaje-tras-el-gesto-de-dario-cvitanich-mi-novio-el-mas-romantico-4.jpg","jetpack_sharing_enabled":true,"_links":{"self":[{"href":"https:\/\/lobosnews.com.ar\/index.php\/wp-json\/wp\/v2\/posts\/97789","targetHints":{"allow":["GET"]}}],"collection":[{"href":"https:\/\/lobosnews.com.ar\/index.php\/wp-json\/wp\/v2\/posts"}],"about":[{"href":"https:\/\/lobosnews.com.ar\/index.php\/wp-json\/wp\/v2\/types\/post"}],"author":[{"embeddable":true,"href":"https:\/\/lobosnews.com.ar\/index.php\/wp-json\/wp\/v2\/users\/1"}],"replies":[{"embeddable":true,"href":"https:\/\/lobosnews.com.ar\/index.php\/wp-json\/wp\/v2\/comments?post=97789"}],"version-history":[{"count":1,"href":"https:\/\/lobosnews.com.ar\/index.php\/wp-json\/wp\/v2\/posts\/97789\/revisions"}],"predecessor-version":[{"id":97793,"href":"https:\/\/lobosnews.com.ar\/index.php\/wp-json\/wp\/v2\/posts\/97789\/revisions\/97793"}],"wp:featuredmedia":[{"embeddable":true,"href":"https:\/\/lobosnews.com.ar\/index.php\/wp-json\/wp\/v2\/media\/97794"}],"wp:attachment":[{"href":"https:\/\/lobosnews.com.ar\/index.php\/wp-json\/wp\/v2\/media?parent=97789"}],"wp:term":[{"taxonomy":"category","embeddable":true,"href":"https:\/\/lobosnews.com.ar\/index.php\/wp-json\/wp\/v2\/categories?post=97789"},{"taxonomy":"post_tag","embeddable":true,"href":"https:\/\/lobosnews.com.ar\/index.php\/wp-json\/wp\/v2\/tags?post=97789"}],"curies":[{"name":"wp","href":"https:\/\/api.w.org\/{rel}","templated":true}]}}