{"id":97764,"date":"2026-09-05T14:51:15","date_gmt":"2026-09-05T14:51:15","guid":{"rendered":"https:\/\/lobosnews.com.ar\/?p=97764"},"modified":"2026-09-05T15:54:20","modified_gmt":"2026-09-05T15:54:20","slug":"el-sentido-homenaje-de-cris-morena-a-romina-yan-el-dia-en-que-hubiera-cumplido-52-anos-tus-manos-que-sanan-penas","status":"publish","type":"post","link":"https:\/\/lobosnews.com.ar\/index.php\/2026\/09\/05\/el-sentido-homenaje-de-cris-morena-a-romina-yan-el-dia-en-que-hubiera-cumplido-52-anos-tus-manos-que-sanan-penas\/","title":{"rendered":"El sentido homenaje de Cris Morena a Romina Yan el d\u00eda en que hubiera cumplido 52 a\u00f1os: \u201cTus manos que sanan penas\u201d"},"content":{"rendered":"<p><img fetchpriority=\"high\" decoding=\"async\" src=\"https:\/\/lobosnews.com.ar\/wp-content\/uploads\/2026\/09\/el-sentido-homenaje-de-cris-morena-a-romina-yan-el-dia-en-que-hubiera-cumplido-52-anos-tus-manos-que-sanan-penas.jpg\" alt=\"Cris Morena homenaje\u00f3 a Romina Yan en Instagram con un poema y fotos \u00edntimas por el d\u00eda en que habr\u00eda cumplido 52 a\u00f1os\" height=\"507\" width=\"644\"\/><\/p>\n<p>Un collage de fotos y palabras escritas con el peso de 16 a\u00f1os de ausencia volvi\u00f3 a poner en el centro de la escena a <span class=\"waslinkname\"><b>Romina Yan<\/b><\/span>, la hija de<b> <\/b><span class=\"waslinkname\"><b>Cris Morena<\/b><\/span> y <b>Gustavo Yankelevich<\/b>, en el d\u00eda en que habr\u00eda cumplido 52 a\u00f1os. La productora eligi\u00f3 su cuenta de Instagram <span class=\"waslinkname\">para decirle que sigue ah\u00ed, presente<\/span>, como cada a\u00f1o desde aquella tarde del 16 de septiembre de 2010, cuando falleci\u00f3 con tan solo 36 a\u00f1os.<\/p>\n<p>Romina dej\u00f3 tres hijos peque\u00f1os y un vac\u00edo que ning\u00fan aniversario logra cerrar. Pero cada 5 de septiembre, el d\u00eda de su nacimiento, Cris Morena vuelve a hablarle como si el tiempo no hubiera pasado. Y all\u00ed est\u00e1n sus seguidores, quienes crecieron mirando a su hija en sus diferentes programas y hoy la acompa\u00f1an en su duelo eterno de madre. <\/p>\n<p><img loading=\"lazy\" decoding=\"async\" src=\"https:\/\/lobosnews.com.ar\/wp-content\/uploads\/2026\/09\/el-sentido-homenaje-de-cris-morena-a-romina-yan-el-dia-en-que-hubiera-cumplido-52-anos-tus-manos-que-sanan-penas-1.jpg\" alt=\"Romina Yan, siempre presente en el eterno recuerdo de su madre\" height=\"2560\" width=\"1920\"\/><img loading=\"lazy\" decoding=\"async\" src=\"https:\/\/lobosnews.com.ar\/wp-content\/uploads\/2026\/09\/el-sentido-homenaje-de-cris-morena-a-romina-yan-el-dia-en-que-hubiera-cumplido-52-anos-tus-manos-que-sanan-penas-2.jpg\" alt=\"Cris Morena y Gustavo Yankelevich con sus hijos Romina y Tom\u00e1s\" height=\"2560\" width=\"1920\"\/><\/p>\n<p>El mensaje empez\u00f3 con un tono po\u00e9tico que son\u00f3 casi a canci\u00f3n de cuna: \u201c<b>Un d\u00eda llegaste, Romina; fresias y jazmines nacen de la tierra, un \u00e1ngel vestido de gris cenicienta\u201d<\/b>. Los textos, intercalados con im\u00e1genes de algunos de sus papeles m\u00e1s recordados, continuaron con el mismo tono: \u201c<b>Tus ojos que miran tan hondo, Romina, que llegan al alma dibujando estrellas. Tus manos tan suaves que sanan las penas, rodean de calma todas las tristezas. Feliz cumple, chiquita m\u00eda<\/b>\u201d.<\/p>\n<p>Despu\u00e9s lleg\u00f3 la parte m\u00e1s \u00edntima, la que se lee casi como una confesi\u00f3n: <b>\u201cEst\u00e1s en mi coraz\u00f3n cada segundo de mi vida. Sos mi gu\u00eda, mi faro y mi luz\u201d<\/b>. Y ah\u00ed, Cris Morena sum\u00f3 una frase de Azul, la hija de Romina, que hizo propia para nombrar lo que siente: \u201cSos la presencia de nuestra ausencia, como dice Azul&#8230; Y somos lo que so\u00f1amos, como siempre nos dec\u00edamos vos y yo. \u00a1Feliz cumplea\u00f1os, hijita bella! Est\u00e1s y siempre estar\u00e1s en m\u00ed\u2026\u201d.<\/p>\n<p><img loading=\"lazy\" decoding=\"async\" src=\"https:\/\/lobosnews.com.ar\/wp-content\/uploads\/2026\/09\/el-sentido-homenaje-de-cris-morena-a-romina-yan-el-dia-en-que-hubiera-cumplido-52-anos-tus-manos-que-sanan-penas-3.jpg\" alt=\"Romina Yan fue una figura de la televisi\u00f3n argentina y su papel de Bel\u00e9n Fraga en Chiquititas qued\u00f3 entre los m\u00e1s recordados de su carrera\" height=\"2560\" width=\"1920\"\/><img loading=\"lazy\" decoding=\"async\" src=\"https:\/\/lobosnews.com.ar\/wp-content\/uploads\/2026\/09\/el-sentido-homenaje-de-cris-morena-a-romina-yan-el-dia-en-que-hubiera-cumplido-52-anos-tus-manos-que-sanan-penas-4.jpg\" alt=\"Romina Yan se cas\u00f3 con Dar\u00edo Giordano en 1998 y juntos tuvieron a Franco, Valent\u00edn y Azul\" height=\"2560\" width=\"1920\"\/><\/p>\n<p>Adem\u00e1s de las postales laborales, las palabras estuvieron acompa\u00f1adas por un collage de fotos: Romina junto a sus padres, con su hermano <b>Tom\u00e1s<\/b>, y con sus tres hijos, fruto de su matrimonio con <b>Dar\u00edo Giordano<\/b>. Im\u00e1genes de una vida que se detuvo demasiado pronto.<\/p>\n<p>Antes de ser la hija que hoy se recuerda cada cumplea\u00f1os, Romina Yan fue una de las caras m\u00e1s queridas de la televisi\u00f3n argentina. Particip\u00f3 en tiras como Prov\u00f3came, Abre tus ojos, Amor m\u00edo y B&amp;B, pero fue su personaje de <i>Bel\u00e9n Fraga<\/i> en <b>Chiquititas<\/b> el que la instal\u00f3 para siempre en la memoria de toda una generaci\u00f3n.<\/p>\n<p><img loading=\"lazy\" decoding=\"async\" src=\"https:\/\/lobosnews.com.ar\/wp-content\/uploads\/2026\/09\/el-sentido-homenaje-de-cris-morena-a-romina-yan-el-dia-en-que-hubiera-cumplido-52-anos-tus-manos-que-sanan-penas-5.jpg\" alt=\"Romina Yan siempre est\u00e1 presente en el recuerdo de su madre\" height=\"2560\" width=\"1920\"\/><img loading=\"lazy\" decoding=\"async\" src=\"https:\/\/lobosnews.com.ar\/wp-content\/uploads\/2026\/09\/el-sentido-homenaje-de-cris-morena-a-romina-yan-el-dia-en-que-hubiera-cumplido-52-anos-tus-manos-que-sanan-penas-6.jpg\" alt=\"Romina comparti\u00f3 programa con Diego Topa en un proyecto de Disney\" height=\"2560\" width=\"1920\"\/><\/p>\n<p>Se cas\u00f3 con Dar\u00edo Giordano en 1998, luego de un noviazgo de un a\u00f1o y medio. Cont\u00f3 alguna vez, en el living de Susana Gim\u00e9nez, que al principio no le dio ni bola: \u201cLo maltrat\u00e9 durante cuatro a\u00f1os. \u00c9l se me declar\u00f3 enseguida. Primero fuimos amigos y un d\u00eda se me despert\u00f3 el amor\u201d. Juntos tuvieron a Franco, Valent\u00edn y Azul.<\/p>\n<p>El d\u00eda en que muri\u00f3, Romina volv\u00eda del gimnasio y empez\u00f3 a sentirse mal en la esquina de Avenida del Libertador y Alvear, en Mart\u00ednez. Un amigo la llev\u00f3 de urgencia al Hospital Central de San Isidro, donde intentaron reanimarla durante 50 minutos sin \u00e9xito. Ten\u00eda 36 a\u00f1os. Sus hijos ten\u00edan 10, 8 y 4.<\/p>\n<p><img loading=\"lazy\" decoding=\"async\" src=\"https:\/\/lobosnews.com.ar\/wp-content\/uploads\/2026\/09\/el-sentido-homenaje-de-cris-morena-a-romina-yan-el-dia-en-que-hubiera-cumplido-52-anos-tus-manos-que-sanan-penas-7.jpg\" alt=\"Con Dami\u00e1n de Santo protagoniz\u00f3 las tiras Amor m\u00edo y Bella y Bestia\" height=\"2560\" width=\"1920\"\/><img loading=\"lazy\" decoding=\"async\" src=\"https:\/\/lobosnews.com.ar\/wp-content\/uploads\/2026\/09\/el-sentido-homenaje-de-cris-morena-a-romina-yan-el-dia-en-que-hubiera-cumplido-52-anos-tus-manos-que-sanan-penas-8.jpg\" alt=\"Romina Yan muri\u00f3 en 2010 despu\u00e9s de descomponerse en Mart\u00ednez y de ser trasladada de urgencia al Hospital Central de San Isidro\" height=\"2560\" width=\"1920\"\/><\/p>\n<p>Pasaron los a\u00f1os, pero nada en el mensaje de hoy suena a despedida. <b>Cris Morena habla de su hija en presente<\/b>, como a alguien que sigue ah\u00ed, guiando, iluminando, acompa\u00f1ando cada segundo. Y esa manera de nombrarla, sin pasado, sin distancia, es quiz\u00e1s lo que m\u00e1s conmueve de un texto que no necesita explicar nada m\u00e1s para hacerse entender.<\/p>\n<p>El posteo no tard\u00f3 en llenarse de mensajes cargados de cari\u00f1o y emoci\u00f3n. Diego Topa, excompa\u00f1ero de la actriz, fue uno de los primeros en despedirla: \u201cFeliz cumple al cielo. Abrazo eterno para la familia\u201d. Catherine Fulop tambi\u00e9n dej\u00f3 su sentido saludo: \u201cTe abrazo, Cris, con todo mi coraz\u00f3n. Besos al cielo a Romi en el d\u00eda de su nacimiento\u201d.<\/p>\n<p><img loading=\"lazy\" decoding=\"async\" src=\"https:\/\/lobosnews.com.ar\/wp-content\/uploads\/2026\/09\/el-sentido-homenaje-de-cris-morena-a-romina-yan-el-dia-en-que-hubiera-cumplido-52-anos-tus-manos-que-sanan-penas-9.jpg\" alt=\"El homenaje de Cris Morena a Romina Yan recibi\u00f3 mensajes de Diego Topa, Catherine Fulop, Maru Botana y Claudia Villafa\u00f1e\" height=\"1479\" width=\"1920\"\/><\/p>\n<p>A esas palabras se sumaron las de la cocinera Maru Botana: \u201cFeliz cumple al cielo y un abrazo de oso, Cris, de coraz\u00f3n a coraz\u00f3n\u201d. La empresaria Claudia Villafa\u00f1e tambi\u00e9n quiso acompa\u00f1arla con un mensaje lleno de afecto: \u201cBesos al cielo. Te abrazo fuerte, Cris\u201d. Apenas unas voces de las miles que se plegaron al recuerdo de una actriz que se fue demasiado pronto, pero quedar\u00e1 para siempre en el coraz\u00f3n de quiens la admiraron. <\/p>\n","protected":false},"excerpt":{"rendered":"<p>Un collage de fotos y palabras escritas con el peso de 16 a\u00f1os de ausencia volvi\u00f3 a poner en el centro de la escena a Romina Yan, la hija de Cris Morena y Gustavo Yankelevich, en el d\u00eda en que habr\u00eda cumplido 52 a\u00f1os. La productora eligi\u00f3 su cuenta de Instagram para decirle que sigue&#8230;<\/p>\n","protected":false},"author":1,"featured_media":97776,"comment_status":"open","ping_status":"closed","sticky":false,"template":"","format":"standard","meta":{"_jetpack_newsletter_access":"","_jetpack_dont_email_post_to_subs":false,"_jetpack_newsletter_tier_id":0,"_jetpack_memberships_contains_paywalled_content":false,"_jetpack_memberships_contains_paid_content":false,"footnotes":"","jetpack_post_was_ever_published":false},"categories":[79],"tags":[],"class_list":["post-97764","post","type-post","status-publish","format-standard","has-post-thumbnail","hentry","category-cine-y-series"],"magazineBlocksPostFeaturedMedia":{"thumbnail":"https:\/\/lobosnews.com.ar\/wp-content\/uploads\/2026\/09\/el-sentido-homenaje-de-cris-morena-a-romina-yan-el-dia-en-que-hubiera-cumplido-52-anos-tus-manos-que-sanan-penas-18-150x150.jpg","medium":"https:\/\/lobosnews.com.ar\/wp-content\/uploads\/2026\/09\/el-sentido-homenaje-de-cris-morena-a-romina-yan-el-dia-en-que-hubiera-cumplido-52-anos-tus-manos-que-sanan-penas-18-300x231.jpg","medium_large":"https:\/\/lobosnews.com.ar\/wp-content\/uploads\/2026\/09\/el-sentido-homenaje-de-cris-morena-a-romina-yan-el-dia-en-que-hubiera-cumplido-52-anos-tus-manos-que-sanan-penas-18-768x592.jpg","large":"https:\/\/lobosnews.com.ar\/wp-content\/uploads\/2026\/09\/el-sentido-homenaje-de-cris-morena-a-romina-yan-el-dia-en-que-hubiera-cumplido-52-anos-tus-manos-que-sanan-penas-18-1024x789.jpg","1536x1536":"https:\/\/lobosnews.com.ar\/wp-content\/uploads\/2026\/09\/el-sentido-homenaje-de-cris-morena-a-romina-yan-el-dia-en-que-hubiera-cumplido-52-anos-tus-manos-que-sanan-penas-18-1536x1183.jpg","2048x2048":"https:\/\/lobosnews.com.ar\/wp-content\/uploads\/2026\/09\/el-sentido-homenaje-de-cris-morena-a-romina-yan-el-dia-en-que-hubiera-cumplido-52-anos-tus-manos-que-sanan-penas-18.jpg","newsmatic-featured":"https:\/\/lobosnews.com.ar\/wp-content\/uploads\/2026\/09\/el-sentido-homenaje-de-cris-morena-a-romina-yan-el-dia-en-que-hubiera-cumplido-52-anos-tus-manos-que-sanan-penas-18-820x545.jpg","newsmatic-list":"https:\/\/lobosnews.com.ar\/wp-content\/uploads\/2026\/09\/el-sentido-homenaje-de-cris-morena-a-romina-yan-el-dia-en-que-hubiera-cumplido-52-anos-tus-manos-que-sanan-penas-18-600x400.jpg","newsmatic-thumb":"https:\/\/lobosnews.com.ar\/wp-content\/uploads\/2026\/09\/el-sentido-homenaje-de-cris-morena-a-romina-yan-el-dia-en-que-hubiera-cumplido-52-anos-tus-manos-que-sanan-penas-18-300x200.jpg","newsmatic-small":"https:\/\/lobosnews.com.ar\/wp-content\/uploads\/2026\/09\/el-sentido-homenaje-de-cris-morena-a-romina-yan-el-dia-en-que-hubiera-cumplido-52-anos-tus-manos-que-sanan-penas-18-150x95.jpg","newsmatic-grid":"https:\/\/lobosnews.com.ar\/wp-content\/uploads\/2026\/09\/el-sentido-homenaje-de-cris-morena-a-romina-yan-el-dia-en-que-hubiera-cumplido-52-anos-tus-manos-que-sanan-penas-18-400x250.jpg"},"magazineBlocksPostAuthor":{"name":"admin","avatar":"https:\/\/secure.gravatar.com\/avatar\/76e419471a2083bc3ceab22a763dbbf9b0c1bd15a6214cf3280e2c2dde4580f9?s=96&d=mm&r=g"},"magazineBlocksPostCommentsNumber":"0","magazineBlocksPostExcerpt":"Un collage de fotos y palabras escritas con el peso de 16 a\u00f1os de ausencia volvi\u00f3 a poner en el centro de la escena a Romina Yan, la hija de Cris Morena y Gustavo Yankelevich, en el d\u00eda en que habr\u00eda cumplido 52 a\u00f1os. La productora eligi\u00f3 su cuenta de Instagram para decirle que sigue...","magazineBlocksPostCategories":["Cine y Series"],"magazineBlocksPostViewCount":91,"magazineBlocksPostReadTime":4,"magazine_blocks_featured_image_url":{"full":["https:\/\/lobosnews.com.ar\/wp-content\/uploads\/2026\/09\/el-sentido-homenaje-de-cris-morena-a-romina-yan-el-dia-en-que-hubiera-cumplido-52-anos-tus-manos-que-sanan-penas-18.jpg",1920,1479,false],"medium":["https:\/\/lobosnews.com.ar\/wp-content\/uploads\/2026\/09\/el-sentido-homenaje-de-cris-morena-a-romina-yan-el-dia-en-que-hubiera-cumplido-52-anos-tus-manos-que-sanan-penas-18-300x231.jpg",300,231,true],"thumbnail":["https:\/\/lobosnews.com.ar\/wp-content\/uploads\/2026\/09\/el-sentido-homenaje-de-cris-morena-a-romina-yan-el-dia-en-que-hubiera-cumplido-52-anos-tus-manos-que-sanan-penas-18-150x150.jpg",150,150,true]},"magazine_blocks_author":{"display_name":"admin","author_link":"https:\/\/lobosnews.com.ar\/index.php\/author\/lobos-news\/"},"magazine_blocks_comment":0,"magazine_blocks_author_image":"https:\/\/secure.gravatar.com\/avatar\/76e419471a2083bc3ceab22a763dbbf9b0c1bd15a6214cf3280e2c2dde4580f9?s=96&d=mm&r=g","magazine_blocks_category":"<a href=\"#\" class=\"category-link category-link-79\">Cine y Series<\/a>","yoast_head":"<!-- This site is optimized with the Yoast SEO plugin v28.0 - https:\/\/yoast.com\/product\/yoast-seo-wordpress\/ -->\n<title>El sentido homenaje de Cris Morena a Romina Yan el d\u00eda en que hubiera cumplido 52 a\u00f1os: \u201cTus manos que sanan penas\u201d - Lobos News<\/title>\n<meta name=\"robots\" content=\"index, follow, max-snippet:-1, max-image-preview:large, max-video-preview:-1\" \/>\n<link rel=\"canonical\" href=\"https:\/\/lobosnews.com.ar\/index.php\/2026\/09\/05\/el-sentido-homenaje-de-cris-morena-a-romina-yan-el-dia-en-que-hubiera-cumplido-52-anos-tus-manos-que-sanan-penas\/\" \/>\n<meta property=\"og:locale\" content=\"es_ES\" \/>\n<meta property=\"og:type\" content=\"article\" \/>\n<meta property=\"og:title\" content=\"El sentido homenaje de Cris Morena a Romina Yan el d\u00eda en que hubiera cumplido 52 a\u00f1os: \u201cTus manos que sanan penas\u201d - Lobos News\" \/>\n<meta property=\"og:description\" content=\"Un collage de fotos y palabras escritas con el peso de 16 a\u00f1os de ausencia volvi\u00f3 a poner en el centro de la escena a Romina Yan, la hija de Cris Morena y Gustavo Yankelevich, en el d\u00eda en que habr\u00eda cumplido 52 a\u00f1os. La productora eligi\u00f3 su cuenta de Instagram para decirle que sigue...\" \/>\n<meta property=\"og:url\" content=\"https:\/\/lobosnews.com.ar\/index.php\/2026\/09\/05\/el-sentido-homenaje-de-cris-morena-a-romina-yan-el-dia-en-que-hubiera-cumplido-52-anos-tus-manos-que-sanan-penas\/\" \/>\n<meta property=\"og:site_name\" content=\"Lobos News\" \/>\n<meta property=\"article:published_time\" content=\"2026-09-05T14:51:15+00:00\" \/>\n<meta property=\"article:modified_time\" content=\"2026-09-05T15:54:20+00:00\" \/>\n<meta property=\"og:image\" content=\"https:\/\/lobosnews.com.ar\/wp-content\/uploads\/2026\/09\/el-sentido-homenaje-de-cris-morena-a-romina-yan-el-dia-en-que-hubiera-cumplido-52-anos-tus-manos-que-sanan-penas-18.jpg\" \/>\n\t<meta property=\"og:image:width\" content=\"1920\" \/>\n\t<meta property=\"og:image:height\" content=\"1479\" \/>\n\t<meta property=\"og:image:type\" content=\"image\/jpeg\" \/>\n<meta name=\"author\" content=\"admin\" \/>\n<meta name=\"twitter:card\" content=\"summary_large_image\" \/>\n<meta name=\"twitter:label1\" content=\"Escrito por\" \/>\n\t<meta name=\"twitter:data1\" content=\"admin\" \/>\n\t<meta name=\"twitter:label2\" content=\"Tiempo de lectura\" \/>\n\t<meta name=\"twitter:data2\" content=\"4 minutos\" \/>\n<script type=\"application\/ld+json\" class=\"yoast-schema-graph\">{\"@context\":\"https:\\\/\\\/schema.org\",\"@graph\":[{\"@type\":\"Article\",\"@id\":\"https:\\\/\\\/lobosnews.com.ar\\\/index.php\\\/2026\\\/09\\\/05\\\/el-sentido-homenaje-de-cris-morena-a-romina-yan-el-dia-en-que-hubiera-cumplido-52-anos-tus-manos-que-sanan-penas\\\/#article\",\"isPartOf\":{\"@id\":\"https:\\\/\\\/lobosnews.com.ar\\\/index.php\\\/2026\\\/09\\\/05\\\/el-sentido-homenaje-de-cris-morena-a-romina-yan-el-dia-en-que-hubiera-cumplido-52-anos-tus-manos-que-sanan-penas\\\/\"},\"author\":{\"name\":\"admin\",\"@id\":\"https:\\\/\\\/lobosnews.com.ar\\\/#\\\/schema\\\/person\\\/232422a593d5c541dd9aef6aaed10943\"},\"headline\":\"El sentido homenaje de Cris Morena a Romina Yan el d\u00eda en que hubiera cumplido 52 a\u00f1os: \u201cTus manos que sanan penas\u201d\",\"datePublished\":\"2026-09-05T14:51:15+00:00\",\"dateModified\":\"2026-09-05T15:54:20+00:00\",\"mainEntityOfPage\":{\"@id\":\"https:\\\/\\\/lobosnews.com.ar\\\/index.php\\\/2026\\\/09\\\/05\\\/el-sentido-homenaje-de-cris-morena-a-romina-yan-el-dia-en-que-hubiera-cumplido-52-anos-tus-manos-que-sanan-penas\\\/\"},\"wordCount\":793,\"commentCount\":0,\"publisher\":{\"@id\":\"https:\\\/\\\/lobosnews.com.ar\\\/#organization\"},\"image\":{\"@id\":\"https:\\\/\\\/lobosnews.com.ar\\\/index.php\\\/2026\\\/09\\\/05\\\/el-sentido-homenaje-de-cris-morena-a-romina-yan-el-dia-en-que-hubiera-cumplido-52-anos-tus-manos-que-sanan-penas\\\/#primaryimage\"},\"thumbnailUrl\":\"https:\\\/\\\/lobosnews.com.ar\\\/wp-content\\\/uploads\\\/2026\\\/09\\\/el-sentido-homenaje-de-cris-morena-a-romina-yan-el-dia-en-que-hubiera-cumplido-52-anos-tus-manos-que-sanan-penas-18.jpg\",\"articleSection\":[\"Cine y Series\"],\"inLanguage\":\"es\",\"potentialAction\":[{\"@type\":\"CommentAction\",\"name\":\"Comment\",\"target\":[\"https:\\\/\\\/lobosnews.com.ar\\\/index.php\\\/2026\\\/09\\\/05\\\/el-sentido-homenaje-de-cris-morena-a-romina-yan-el-dia-en-que-hubiera-cumplido-52-anos-tus-manos-que-sanan-penas\\\/#respond\"]}]},{\"@type\":\"WebPage\",\"@id\":\"https:\\\/\\\/lobosnews.com.ar\\\/index.php\\\/2026\\\/09\\\/05\\\/el-sentido-homenaje-de-cris-morena-a-romina-yan-el-dia-en-que-hubiera-cumplido-52-anos-tus-manos-que-sanan-penas\\\/\",\"url\":\"https:\\\/\\\/lobosnews.com.ar\\\/index.php\\\/2026\\\/09\\\/05\\\/el-sentido-homenaje-de-cris-morena-a-romina-yan-el-dia-en-que-hubiera-cumplido-52-anos-tus-manos-que-sanan-penas\\\/\",\"name\":\"El sentido homenaje de Cris Morena a Romina Yan el d\u00eda en que hubiera cumplido 52 a\u00f1os: \u201cTus manos que sanan penas\u201d - Lobos News\",\"isPartOf\":{\"@id\":\"https:\\\/\\\/lobosnews.com.ar\\\/#website\"},\"primaryImageOfPage\":{\"@id\":\"https:\\\/\\\/lobosnews.com.ar\\\/index.php\\\/2026\\\/09\\\/05\\\/el-sentido-homenaje-de-cris-morena-a-romina-yan-el-dia-en-que-hubiera-cumplido-52-anos-tus-manos-que-sanan-penas\\\/#primaryimage\"},\"image\":{\"@id\":\"https:\\\/\\\/lobosnews.com.ar\\\/index.php\\\/2026\\\/09\\\/05\\\/el-sentido-homenaje-de-cris-morena-a-romina-yan-el-dia-en-que-hubiera-cumplido-52-anos-tus-manos-que-sanan-penas\\\/#primaryimage\"},\"thumbnailUrl\":\"https:\\\/\\\/lobosnews.com.ar\\\/wp-content\\\/uploads\\\/2026\\\/09\\\/el-sentido-homenaje-de-cris-morena-a-romina-yan-el-dia-en-que-hubiera-cumplido-52-anos-tus-manos-que-sanan-penas-18.jpg\",\"datePublished\":\"2026-09-05T14:51:15+00:00\",\"dateModified\":\"2026-09-05T15:54:20+00:00\",\"breadcrumb\":{\"@id\":\"https:\\\/\\\/lobosnews.com.ar\\\/index.php\\\/2026\\\/09\\\/05\\\/el-sentido-homenaje-de-cris-morena-a-romina-yan-el-dia-en-que-hubiera-cumplido-52-anos-tus-manos-que-sanan-penas\\\/#breadcrumb\"},\"inLanguage\":\"es\",\"potentialAction\":[{\"@type\":\"ReadAction\",\"target\":[\"https:\\\/\\\/lobosnews.com.ar\\\/index.php\\\/2026\\\/09\\\/05\\\/el-sentido-homenaje-de-cris-morena-a-romina-yan-el-dia-en-que-hubiera-cumplido-52-anos-tus-manos-que-sanan-penas\\\/\"]}]},{\"@type\":\"ImageObject\",\"inLanguage\":\"es\",\"@id\":\"https:\\\/\\\/lobosnews.com.ar\\\/index.php\\\/2026\\\/09\\\/05\\\/el-sentido-homenaje-de-cris-morena-a-romina-yan-el-dia-en-que-hubiera-cumplido-52-anos-tus-manos-que-sanan-penas\\\/#primaryimage\",\"url\":\"https:\\\/\\\/lobosnews.com.ar\\\/wp-content\\\/uploads\\\/2026\\\/09\\\/el-sentido-homenaje-de-cris-morena-a-romina-yan-el-dia-en-que-hubiera-cumplido-52-anos-tus-manos-que-sanan-penas-18.jpg\",\"contentUrl\":\"https:\\\/\\\/lobosnews.com.ar\\\/wp-content\\\/uploads\\\/2026\\\/09\\\/el-sentido-homenaje-de-cris-morena-a-romina-yan-el-dia-en-que-hubiera-cumplido-52-anos-tus-manos-que-sanan-penas-18.jpg\",\"width\":1920,\"height\":1479,\"caption\":\"El sentido homenaje de Cris Morena a Romina Yan el d\u00eda en que hubiera cumplido 52 a\u00f1os: \u201cTus manos que sanan penas\u201d\"},{\"@type\":\"BreadcrumbList\",\"@id\":\"https:\\\/\\\/lobosnews.com.ar\\\/index.php\\\/2026\\\/09\\\/05\\\/el-sentido-homenaje-de-cris-morena-a-romina-yan-el-dia-en-que-hubiera-cumplido-52-anos-tus-manos-que-sanan-penas\\\/#breadcrumb\",\"itemListElement\":[{\"@type\":\"ListItem\",\"position\":1,\"name\":\"Portada\",\"item\":\"https:\\\/\\\/lobosnews.com.ar\\\/\"},{\"@type\":\"ListItem\",\"position\":2,\"name\":\"El sentido homenaje de Cris Morena a Romina Yan el d\u00eda en que hubiera cumplido 52 a\u00f1os: \u201cTus manos que sanan penas\u201d\"}]},{\"@type\":\"WebSite\",\"@id\":\"https:\\\/\\\/lobosnews.com.ar\\\/#website\",\"url\":\"https:\\\/\\\/lobosnews.com.ar\\\/\",\"name\":\"Lobos News\",\"description\":\"Informaci\u00f3n a cada instante\",\"publisher\":{\"@id\":\"https:\\\/\\\/lobosnews.com.ar\\\/#organization\"},\"potentialAction\":[{\"@type\":\"SearchAction\",\"target\":{\"@type\":\"EntryPoint\",\"urlTemplate\":\"https:\\\/\\\/lobosnews.com.ar\\\/?s={search_term_string}\"},\"query-input\":{\"@type\":\"PropertyValueSpecification\",\"valueRequired\":true,\"valueName\":\"search_term_string\"}}],\"inLanguage\":\"es\"},{\"@type\":\"Organization\",\"@id\":\"https:\\\/\\\/lobosnews.com.ar\\\/#organization\",\"name\":\"Lobos News\",\"url\":\"https:\\\/\\\/lobosnews.com.ar\\\/\",\"logo\":{\"@type\":\"ImageObject\",\"inLanguage\":\"es\",\"@id\":\"https:\\\/\\\/lobosnews.com.ar\\\/#\\\/schema\\\/logo\\\/image\\\/\",\"url\":\"https:\\\/\\\/lobosnews.com.ar\\\/wp-content\\\/uploads\\\/2026\\\/01\\\/logo-lobosnews.png\",\"contentUrl\":\"https:\\\/\\\/lobosnews.com.ar\\\/wp-content\\\/uploads\\\/2026\\\/01\\\/logo-lobosnews.png\",\"width\":500,\"height\":200,\"caption\":\"Lobos News\"},\"image\":{\"@id\":\"https:\\\/\\\/lobosnews.com.ar\\\/#\\\/schema\\\/logo\\\/image\\\/\"}},{\"@type\":\"Person\",\"@id\":\"https:\\\/\\\/lobosnews.com.ar\\\/#\\\/schema\\\/person\\\/232422a593d5c541dd9aef6aaed10943\",\"name\":\"admin\",\"image\":{\"@type\":\"ImageObject\",\"inLanguage\":\"es\",\"@id\":\"https:\\\/\\\/secure.gravatar.com\\\/avatar\\\/76e419471a2083bc3ceab22a763dbbf9b0c1bd15a6214cf3280e2c2dde4580f9?s=96&d=mm&r=g\",\"url\":\"https:\\\/\\\/secure.gravatar.com\\\/avatar\\\/76e419471a2083bc3ceab22a763dbbf9b0c1bd15a6214cf3280e2c2dde4580f9?s=96&d=mm&r=g\",\"contentUrl\":\"https:\\\/\\\/secure.gravatar.com\\\/avatar\\\/76e419471a2083bc3ceab22a763dbbf9b0c1bd15a6214cf3280e2c2dde4580f9?s=96&d=mm&r=g\",\"caption\":\"admin\"},\"sameAs\":[\"https:\\\/\\\/lobosnews.com.ar\"],\"url\":\"https:\\\/\\\/lobosnews.com.ar\\\/index.php\\\/author\\\/lobos-news\\\/\"}]}<\/script>\n<!-- \/ Yoast SEO plugin. -->","yoast_head_json":{"title":"El sentido homenaje de Cris Morena a Romina Yan el d\u00eda en que hubiera cumplido 52 a\u00f1os: \u201cTus manos que sanan penas\u201d - Lobos News","robots":{"index":"index","follow":"follow","max-snippet":"max-snippet:-1","max-image-preview":"max-image-preview:large","max-video-preview":"max-video-preview:-1"},"canonical":"https:\/\/lobosnews.com.ar\/index.php\/2026\/09\/05\/el-sentido-homenaje-de-cris-morena-a-romina-yan-el-dia-en-que-hubiera-cumplido-52-anos-tus-manos-que-sanan-penas\/","og_locale":"es_ES","og_type":"article","og_title":"El sentido homenaje de Cris Morena a Romina Yan el d\u00eda en que hubiera cumplido 52 a\u00f1os: \u201cTus manos que sanan penas\u201d - Lobos News","og_description":"Un collage de fotos y palabras escritas con el peso de 16 a\u00f1os de ausencia volvi\u00f3 a poner en el centro de la escena a Romina Yan, la hija de Cris Morena y Gustavo Yankelevich, en el d\u00eda en que habr\u00eda cumplido 52 a\u00f1os. La productora eligi\u00f3 su cuenta de Instagram para decirle que sigue...","og_url":"https:\/\/lobosnews.com.ar\/index.php\/2026\/09\/05\/el-sentido-homenaje-de-cris-morena-a-romina-yan-el-dia-en-que-hubiera-cumplido-52-anos-tus-manos-que-sanan-penas\/","og_site_name":"Lobos News","article_published_time":"2026-09-05T14:51:15+00:00","article_modified_time":"2026-09-05T15:54:20+00:00","og_image":[{"width":1920,"height":1479,"url":"https:\/\/lobosnews.com.ar\/wp-content\/uploads\/2026\/09\/el-sentido-homenaje-de-cris-morena-a-romina-yan-el-dia-en-que-hubiera-cumplido-52-anos-tus-manos-que-sanan-penas-18.jpg","type":"image\/jpeg"}],"author":"admin","twitter_card":"summary_large_image","twitter_misc":{"Escrito por":"admin","Tiempo de lectura":"4 minutos"},"schema":{"@context":"https:\/\/schema.org","@graph":[{"@type":"Article","@id":"https:\/\/lobosnews.com.ar\/index.php\/2026\/09\/05\/el-sentido-homenaje-de-cris-morena-a-romina-yan-el-dia-en-que-hubiera-cumplido-52-anos-tus-manos-que-sanan-penas\/#article","isPartOf":{"@id":"https:\/\/lobosnews.com.ar\/index.php\/2026\/09\/05\/el-sentido-homenaje-de-cris-morena-a-romina-yan-el-dia-en-que-hubiera-cumplido-52-anos-tus-manos-que-sanan-penas\/"},"author":{"name":"admin","@id":"https:\/\/lobosnews.com.ar\/#\/schema\/person\/232422a593d5c541dd9aef6aaed10943"},"headline":"El sentido homenaje de Cris Morena a Romina Yan el d\u00eda en que hubiera cumplido 52 a\u00f1os: \u201cTus manos que sanan penas\u201d","datePublished":"2026-09-05T14:51:15+00:00","dateModified":"2026-09-05T15:54:20+00:00","mainEntityOfPage":{"@id":"https:\/\/lobosnews.com.ar\/index.php\/2026\/09\/05\/el-sentido-homenaje-de-cris-morena-a-romina-yan-el-dia-en-que-hubiera-cumplido-52-anos-tus-manos-que-sanan-penas\/"},"wordCount":793,"commentCount":0,"publisher":{"@id":"https:\/\/lobosnews.com.ar\/#organization"},"image":{"@id":"https:\/\/lobosnews.com.ar\/index.php\/2026\/09\/05\/el-sentido-homenaje-de-cris-morena-a-romina-yan-el-dia-en-que-hubiera-cumplido-52-anos-tus-manos-que-sanan-penas\/#primaryimage"},"thumbnailUrl":"https:\/\/lobosnews.com.ar\/wp-content\/uploads\/2026\/09\/el-sentido-homenaje-de-cris-morena-a-romina-yan-el-dia-en-que-hubiera-cumplido-52-anos-tus-manos-que-sanan-penas-18.jpg","articleSection":["Cine y Series"],"inLanguage":"es","potentialAction":[{"@type":"CommentAction","name":"Comment","target":["https:\/\/lobosnews.com.ar\/index.php\/2026\/09\/05\/el-sentido-homenaje-de-cris-morena-a-romina-yan-el-dia-en-que-hubiera-cumplido-52-anos-tus-manos-que-sanan-penas\/#respond"]}]},{"@type":"WebPage","@id":"https:\/\/lobosnews.com.ar\/index.php\/2026\/09\/05\/el-sentido-homenaje-de-cris-morena-a-romina-yan-el-dia-en-que-hubiera-cumplido-52-anos-tus-manos-que-sanan-penas\/","url":"https:\/\/lobosnews.com.ar\/index.php\/2026\/09\/05\/el-sentido-homenaje-de-cris-morena-a-romina-yan-el-dia-en-que-hubiera-cumplido-52-anos-tus-manos-que-sanan-penas\/","name":"El sentido homenaje de Cris Morena a Romina Yan el d\u00eda en que hubiera cumplido 52 a\u00f1os: \u201cTus manos que sanan penas\u201d - Lobos News","isPartOf":{"@id":"https:\/\/lobosnews.com.ar\/#website"},"primaryImageOfPage":{"@id":"https:\/\/lobosnews.com.ar\/index.php\/2026\/09\/05\/el-sentido-homenaje-de-cris-morena-a-romina-yan-el-dia-en-que-hubiera-cumplido-52-anos-tus-manos-que-sanan-penas\/#primaryimage"},"image":{"@id":"https:\/\/lobosnews.com.ar\/index.php\/2026\/09\/05\/el-sentido-homenaje-de-cris-morena-a-romina-yan-el-dia-en-que-hubiera-cumplido-52-anos-tus-manos-que-sanan-penas\/#primaryimage"},"thumbnailUrl":"https:\/\/lobosnews.com.ar\/wp-content\/uploads\/2026\/09\/el-sentido-homenaje-de-cris-morena-a-romina-yan-el-dia-en-que-hubiera-cumplido-52-anos-tus-manos-que-sanan-penas-18.jpg","datePublished":"2026-09-05T14:51:15+00:00","dateModified":"2026-09-05T15:54:20+00:00","breadcrumb":{"@id":"https:\/\/lobosnews.com.ar\/index.php\/2026\/09\/05\/el-sentido-homenaje-de-cris-morena-a-romina-yan-el-dia-en-que-hubiera-cumplido-52-anos-tus-manos-que-sanan-penas\/#breadcrumb"},"inLanguage":"es","potentialAction":[{"@type":"ReadAction","target":["https:\/\/lobosnews.com.ar\/index.php\/2026\/09\/05\/el-sentido-homenaje-de-cris-morena-a-romina-yan-el-dia-en-que-hubiera-cumplido-52-anos-tus-manos-que-sanan-penas\/"]}]},{"@type":"ImageObject","inLanguage":"es","@id":"https:\/\/lobosnews.com.ar\/index.php\/2026\/09\/05\/el-sentido-homenaje-de-cris-morena-a-romina-yan-el-dia-en-que-hubiera-cumplido-52-anos-tus-manos-que-sanan-penas\/#primaryimage","url":"https:\/\/lobosnews.com.ar\/wp-content\/uploads\/2026\/09\/el-sentido-homenaje-de-cris-morena-a-romina-yan-el-dia-en-que-hubiera-cumplido-52-anos-tus-manos-que-sanan-penas-18.jpg","contentUrl":"https:\/\/lobosnews.com.ar\/wp-content\/uploads\/2026\/09\/el-sentido-homenaje-de-cris-morena-a-romina-yan-el-dia-en-que-hubiera-cumplido-52-anos-tus-manos-que-sanan-penas-18.jpg","width":1920,"height":1479,"caption":"El sentido homenaje de Cris Morena a Romina Yan el d\u00eda en que hubiera cumplido 52 a\u00f1os: \u201cTus manos que sanan penas\u201d"},{"@type":"BreadcrumbList","@id":"https:\/\/lobosnews.com.ar\/index.php\/2026\/09\/05\/el-sentido-homenaje-de-cris-morena-a-romina-yan-el-dia-en-que-hubiera-cumplido-52-anos-tus-manos-que-sanan-penas\/#breadcrumb","itemListElement":[{"@type":"ListItem","position":1,"name":"Portada","item":"https:\/\/lobosnews.com.ar\/"},{"@type":"ListItem","position":2,"name":"El sentido homenaje de Cris Morena a Romina Yan el d\u00eda en que hubiera cumplido 52 a\u00f1os: \u201cTus manos que sanan penas\u201d"}]},{"@type":"WebSite","@id":"https:\/\/lobosnews.com.ar\/#website","url":"https:\/\/lobosnews.com.ar\/","name":"Lobos News","description":"Informaci\u00f3n a cada instante","publisher":{"@id":"https:\/\/lobosnews.com.ar\/#organization"},"potentialAction":[{"@type":"SearchAction","target":{"@type":"EntryPoint","urlTemplate":"https:\/\/lobosnews.com.ar\/?s={search_term_string}"},"query-input":{"@type":"PropertyValueSpecification","valueRequired":true,"valueName":"search_term_string"}}],"inLanguage":"es"},{"@type":"Organization","@id":"https:\/\/lobosnews.com.ar\/#organization","name":"Lobos News","url":"https:\/\/lobosnews.com.ar\/","logo":{"@type":"ImageObject","inLanguage":"es","@id":"https:\/\/lobosnews.com.ar\/#\/schema\/logo\/image\/","url":"https:\/\/lobosnews.com.ar\/wp-content\/uploads\/2026\/01\/logo-lobosnews.png","contentUrl":"https:\/\/lobosnews.com.ar\/wp-content\/uploads\/2026\/01\/logo-lobosnews.png","width":500,"height":200,"caption":"Lobos News"},"image":{"@id":"https:\/\/lobosnews.com.ar\/#\/schema\/logo\/image\/"}},{"@type":"Person","@id":"https:\/\/lobosnews.com.ar\/#\/schema\/person\/232422a593d5c541dd9aef6aaed10943","name":"admin","image":{"@type":"ImageObject","inLanguage":"es","@id":"https:\/\/secure.gravatar.com\/avatar\/76e419471a2083bc3ceab22a763dbbf9b0c1bd15a6214cf3280e2c2dde4580f9?s=96&d=mm&r=g","url":"https:\/\/secure.gravatar.com\/avatar\/76e419471a2083bc3ceab22a763dbbf9b0c1bd15a6214cf3280e2c2dde4580f9?s=96&d=mm&r=g","contentUrl":"https:\/\/secure.gravatar.com\/avatar\/76e419471a2083bc3ceab22a763dbbf9b0c1bd15a6214cf3280e2c2dde4580f9?s=96&d=mm&r=g","caption":"admin"},"sameAs":["https:\/\/lobosnews.com.ar"],"url":"https:\/\/lobosnews.com.ar\/index.php\/author\/lobos-news\/"}]}},"jetpack_featured_media_url":"https:\/\/lobosnews.com.ar\/wp-content\/uploads\/2026\/09\/el-sentido-homenaje-de-cris-morena-a-romina-yan-el-dia-en-que-hubiera-cumplido-52-anos-tus-manos-que-sanan-penas-18.jpg","jetpack_sharing_enabled":true,"_links":{"self":[{"href":"https:\/\/lobosnews.com.ar\/index.php\/wp-json\/wp\/v2\/posts\/97764","targetHints":{"allow":["GET"]}}],"collection":[{"href":"https:\/\/lobosnews.com.ar\/index.php\/wp-json\/wp\/v2\/posts"}],"about":[{"href":"https:\/\/lobosnews.com.ar\/index.php\/wp-json\/wp\/v2\/types\/post"}],"author":[{"embeddable":true,"href":"https:\/\/lobosnews.com.ar\/index.php\/wp-json\/wp\/v2\/users\/1"}],"replies":[{"embeddable":true,"href":"https:\/\/lobosnews.com.ar\/index.php\/wp-json\/wp\/v2\/comments?post=97764"}],"version-history":[{"count":1,"href":"https:\/\/lobosnews.com.ar\/index.php\/wp-json\/wp\/v2\/posts\/97764\/revisions"}],"predecessor-version":[{"id":97775,"href":"https:\/\/lobosnews.com.ar\/index.php\/wp-json\/wp\/v2\/posts\/97764\/revisions\/97775"}],"wp:featuredmedia":[{"embeddable":true,"href":"https:\/\/lobosnews.com.ar\/index.php\/wp-json\/wp\/v2\/media\/97776"}],"wp:attachment":[{"href":"https:\/\/lobosnews.com.ar\/index.php\/wp-json\/wp\/v2\/media?parent=97764"}],"wp:term":[{"taxonomy":"category","embeddable":true,"href":"https:\/\/lobosnews.com.ar\/index.php\/wp-json\/wp\/v2\/categories?post=97764"},{"taxonomy":"post_tag","embeddable":true,"href":"https:\/\/lobosnews.com.ar\/index.php\/wp-json\/wp\/v2\/tags?post=97764"}],"curies":[{"name":"wp","href":"https:\/\/api.w.org\/{rel}","templated":true}]}}