{"id":97758,"date":"2026-09-05T12:54:49","date_gmt":"2026-09-05T12:54:49","guid":{"rendered":"https:\/\/lobosnews.com.ar\/?p=97758"},"modified":"2026-09-05T15:54:07","modified_gmt":"2026-09-05T15:54:07","slug":"un-camion-con-aceite-fue-saqueado-en-la-habana-mientras-era-custodiado-por-policias","status":"publish","type":"post","link":"https:\/\/lobosnews.com.ar\/index.php\/2026\/09\/05\/un-camion-con-aceite-fue-saqueado-en-la-habana-mientras-era-custodiado-por-policias\/","title":{"rendered":"Un cami\u00f3n con aceite fue saqueado en La Habana mientras era custodiado por polic\u00edas"},"content":{"rendered":"<p><img loading=\"lazy\" decoding=\"async\" src=\"https:\/\/lobosnews.com.ar\/wp-content\/uploads\/2026\/09\/un-camion-con-aceite-fue-saqueado-en-la-habana-mientras-era-custodiado-por-policias.jpg\" alt=\"Decenas de personas saquearon un cami\u00f3n con aceite para cocinar en La Habana, cerca del Cementerio de La Lisa y la Autopista Nacional. (Cortes\u00eda: Gilberto Dorrego)\" height=\"450\" width=\"790\"\/><\/p>\n<p><b>Decenas de personas saquearon un cami\u00f3n que transportaba aceite para cocinar en La Habana<\/b>, <b>Cuba<\/b>, seg\u00fan inform\u00f3 el periodista <b>Gilberto Dorrego<\/b>, quien difundi\u00f3 un video del episodio ocurrido el viernes 4 de septiembre en las cercan\u00edas del Cementerio de La Lisa y la Autopista Nacional.<\/p>\n<p>De acuerdo con la informaci\u00f3n del comunicador, el veh\u00edculo circulaba bajo custodia de agentes policiales cuando un grupo de personas se abalanz\u00f3 sobre la carga. El hecho ocurri\u00f3 en una zona de tr\u00e1nsito relevante del oeste de la capital cubana y <b>expuso la tensi\u00f3n que genera la escasez de productos b\u00e1sicos y el encarecimiento de los alimentos<\/b>.<\/p>\n<p>Dorrego tambi\u00e9n se\u00f1al\u00f3 que el cami\u00f3n trasladaba <b>aceite destinado al consumo<\/b>. Seg\u00fan su reporte, retomado por diversos medios, varias personas se acercaron al veh\u00edculo y tomaron parte de la mercanc\u00eda pese a que hab\u00eda polic\u00edas en el lugar. Hasta el momento, no trascendieron datos oficiales sobre la cantidad de aceite sustra\u00edda, posibles detenidos ni el destino original de la carga.<\/p>\n<p>En las im\u00e1genes se observa a un grupo numeroso de personas alrededor del cami\u00f3n que se mantiene en movimiento. Varias se acercan y retiran envases, mientras otras permanecen a pocos metros del veh\u00edculo.<\/p>\n<h2>El precio del aceite en Cuba<\/h2>\n<p>El episodio se conoci\u00f3 en medio de un aumento del precio del aceite en los mercados informales de <b>Cuba<\/b>. De acuerdo con Dorrego, <b>un litro de aceite para cocinar lleg\u00f3 a costar 7,000 CUP<\/b>, una cifra que representa cerca de <b>USD 10.25<\/b>.<\/p>\n<p>La conversi\u00f3n permite dimensionar la p\u00e9rdida de poder adquisitivo de los hogares cubanos frente a productos de uso cotidiano. Cabe destacar que alimentos, art\u00edculos de higiene y otros bienes esenciales dependen de circuitos de venta en divisas o del mercado informal.<\/p>\n<p>Hasta el cierre de la nota, autoridades cubanas no hab\u00edan difundido una versi\u00f3n p\u00fablica sobre lo ocurrido cerca del Cementerio de La Lisa. Tampoco se conocieron detalles sobre la intervenci\u00f3n de los agentes que custodiaban el cami\u00f3n ni sobre el n\u00famero de personas que particip\u00f3 en el saqueo.<\/p>\n<p><img loading=\"lazy\" decoding=\"async\" src=\"https:\/\/lobosnews.com.ar\/wp-content\/uploads\/2026\/09\/un-camion-con-aceite-fue-saqueado-en-la-habana-mientras-era-custodiado-por-policias-1.jpg\" alt=\" (REUTERS\/Norlys Perez)\" height=\"3667\" width=\"5500\"\/><\/p>\n<p>El suceso sit\u00faa el hecho en un punto pr\u00f3ximo a la Autopista Nacional, una v\u00eda que conecta La Habana con otras provincias de la isla. La presencia policial no logr\u00f3 impedir que las personas llegaran hasta la carga.<\/p>\n<p>La falta de productos y los altos precios forman parte de la vida cotidiana de los cubanos, quienes enfrentan dificultades para acceder a alimentos, medicamentos y otros bienes de primera necesidad. <b>En ese escenario<\/b>, <b>la distribuci\u00f3n de mercanc\u00edas como el aceite suele atraer a decenas de personas<\/b>, <b>sobre todo cuando la oferta disponible en comercios del r\u00e9gimen es limitada o irregular<\/b>.<\/p>\n<p>El Programa Mundial de Alimentos (PMA) advirti\u00f3 en su plan estrat\u00e9gico para 2026-2030 que la dieta de los hogares cubanos suele resultar insuficiente en energ\u00eda, variedad y calidad nutricional.<\/p>\n<p>De igual manera, el organismo se\u00f1al\u00f3 que las dificultades para importar alimentos y bienes esenciales, la ca\u00edda de la producci\u00f3n local, la inflaci\u00f3n y la escasez de combustible redujeron la disponibilidad de productos y la capacidad de compra de la poblaci\u00f3n. <\/p>\n","protected":false},"excerpt":{"rendered":"<p>Decenas de personas saquearon un cami\u00f3n que transportaba aceite para cocinar en La Habana, Cuba, seg\u00fan inform\u00f3 el periodista Gilberto Dorrego, quien difundi\u00f3 un video del episodio ocurrido el viernes 4 de septiembre en las cercan\u00edas del Cementerio de La Lisa y la Autopista Nacional. De acuerdo con la informaci\u00f3n del comunicador, el veh\u00edculo circulaba&#8230;<\/p>\n","protected":false},"author":1,"featured_media":97762,"comment_status":"open","ping_status":"closed","sticky":false,"template":"","format":"standard","meta":{"_jetpack_newsletter_access":"","_jetpack_dont_email_post_to_subs":false,"_jetpack_newsletter_tier_id":0,"_jetpack_memberships_contains_paywalled_content":false,"_jetpack_memberships_contains_paid_content":false,"footnotes":"","jetpack_post_was_ever_published":false},"categories":[31],"tags":[],"class_list":["post-97758","post","type-post","status-publish","format-standard","has-post-thumbnail","hentry","category-actualidad"],"magazineBlocksPostFeaturedMedia":{"thumbnail":"https:\/\/lobosnews.com.ar\/wp-content\/uploads\/2026\/09\/un-camion-con-aceite-fue-saqueado-en-la-habana-mientras-era-custodiado-por-policias-2-150x150.jpg","medium":"https:\/\/lobosnews.com.ar\/wp-content\/uploads\/2026\/09\/un-camion-con-aceite-fue-saqueado-en-la-habana-mientras-era-custodiado-por-policias-2-300x200.jpg","medium_large":"https:\/\/lobosnews.com.ar\/wp-content\/uploads\/2026\/09\/un-camion-con-aceite-fue-saqueado-en-la-habana-mientras-era-custodiado-por-policias-2-768x512.jpg","large":"https:\/\/lobosnews.com.ar\/wp-content\/uploads\/2026\/09\/un-camion-con-aceite-fue-saqueado-en-la-habana-mientras-era-custodiado-por-policias-2-1024x683.jpg","1536x1536":"https:\/\/lobosnews.com.ar\/wp-content\/uploads\/2026\/09\/un-camion-con-aceite-fue-saqueado-en-la-habana-mientras-era-custodiado-por-policias-2-1536x1024.jpg","2048x2048":"https:\/\/lobosnews.com.ar\/wp-content\/uploads\/2026\/09\/un-camion-con-aceite-fue-saqueado-en-la-habana-mientras-era-custodiado-por-policias-2-2048x1366.jpg","newsmatic-featured":"https:\/\/lobosnews.com.ar\/wp-content\/uploads\/2026\/09\/un-camion-con-aceite-fue-saqueado-en-la-habana-mientras-era-custodiado-por-policias-2-820x545.jpg","newsmatic-list":"https:\/\/lobosnews.com.ar\/wp-content\/uploads\/2026\/09\/un-camion-con-aceite-fue-saqueado-en-la-habana-mientras-era-custodiado-por-policias-2-600x400.jpg","newsmatic-thumb":"https:\/\/lobosnews.com.ar\/wp-content\/uploads\/2026\/09\/un-camion-con-aceite-fue-saqueado-en-la-habana-mientras-era-custodiado-por-policias-2-300x200.jpg","newsmatic-small":"https:\/\/lobosnews.com.ar\/wp-content\/uploads\/2026\/09\/un-camion-con-aceite-fue-saqueado-en-la-habana-mientras-era-custodiado-por-policias-2-150x95.jpg","newsmatic-grid":"https:\/\/lobosnews.com.ar\/wp-content\/uploads\/2026\/09\/un-camion-con-aceite-fue-saqueado-en-la-habana-mientras-era-custodiado-por-policias-2-400x250.jpg"},"magazineBlocksPostAuthor":{"name":"admin","avatar":"https:\/\/secure.gravatar.com\/avatar\/76e419471a2083bc3ceab22a763dbbf9b0c1bd15a6214cf3280e2c2dde4580f9?s=96&d=mm&r=g"},"magazineBlocksPostCommentsNumber":"0","magazineBlocksPostExcerpt":"Decenas de personas saquearon un cami\u00f3n que transportaba aceite para cocinar en La Habana, Cuba, seg\u00fan inform\u00f3 el periodista Gilberto Dorrego, quien difundi\u00f3 un video del episodio ocurrido el viernes 4 de septiembre en las cercan\u00edas del Cementerio de La Lisa y la Autopista Nacional. De acuerdo con la informaci\u00f3n del comunicador, el veh\u00edculo circulaba...","magazineBlocksPostCategories":["Actualidad"],"magazineBlocksPostViewCount":74,"magazineBlocksPostReadTime":3,"magazine_blocks_featured_image_url":{"full":["https:\/\/lobosnews.com.ar\/wp-content\/uploads\/2026\/09\/un-camion-con-aceite-fue-saqueado-en-la-habana-mientras-era-custodiado-por-policias-2-scaled.jpg",2560,1707,false],"medium":["https:\/\/lobosnews.com.ar\/wp-content\/uploads\/2026\/09\/un-camion-con-aceite-fue-saqueado-en-la-habana-mientras-era-custodiado-por-policias-2-300x200.jpg",300,200,true],"thumbnail":["https:\/\/lobosnews.com.ar\/wp-content\/uploads\/2026\/09\/un-camion-con-aceite-fue-saqueado-en-la-habana-mientras-era-custodiado-por-policias-2-150x150.jpg",150,150,true]},"magazine_blocks_author":{"display_name":"admin","author_link":"https:\/\/lobosnews.com.ar\/index.php\/author\/lobos-news\/"},"magazine_blocks_comment":0,"magazine_blocks_author_image":"https:\/\/secure.gravatar.com\/avatar\/76e419471a2083bc3ceab22a763dbbf9b0c1bd15a6214cf3280e2c2dde4580f9?s=96&d=mm&r=g","magazine_blocks_category":"<a href=\"#\" class=\"category-link category-link-31\">Actualidad<\/a>","yoast_head":"<!-- This site is optimized with the Yoast SEO plugin v28.0 - https:\/\/yoast.com\/product\/yoast-seo-wordpress\/ -->\n<title>Un cami\u00f3n con aceite fue saqueado en La Habana mientras era custodiado por polic\u00edas - Lobos News<\/title>\n<meta name=\"robots\" content=\"index, follow, max-snippet:-1, max-image-preview:large, max-video-preview:-1\" \/>\n<link rel=\"canonical\" href=\"https:\/\/lobosnews.com.ar\/index.php\/2026\/09\/05\/un-camion-con-aceite-fue-saqueado-en-la-habana-mientras-era-custodiado-por-policias\/\" \/>\n<meta property=\"og:locale\" content=\"es_ES\" \/>\n<meta property=\"og:type\" content=\"article\" \/>\n<meta property=\"og:title\" content=\"Un cami\u00f3n con aceite fue saqueado en La Habana mientras era custodiado por polic\u00edas - Lobos News\" \/>\n<meta property=\"og:description\" content=\"Decenas de personas saquearon un cami\u00f3n que transportaba aceite para cocinar en La Habana, Cuba, seg\u00fan inform\u00f3 el periodista Gilberto Dorrego, quien difundi\u00f3 un video del episodio ocurrido el viernes 4 de septiembre en las cercan\u00edas del Cementerio de La Lisa y la Autopista Nacional. De acuerdo con la informaci\u00f3n del comunicador, el veh\u00edculo circulaba...\" \/>\n<meta property=\"og:url\" content=\"https:\/\/lobosnews.com.ar\/index.php\/2026\/09\/05\/un-camion-con-aceite-fue-saqueado-en-la-habana-mientras-era-custodiado-por-policias\/\" \/>\n<meta property=\"og:site_name\" content=\"Lobos News\" \/>\n<meta property=\"article:published_time\" content=\"2026-09-05T12:54:49+00:00\" \/>\n<meta property=\"article:modified_time\" content=\"2026-09-05T15:54:07+00:00\" \/>\n<meta property=\"og:image\" content=\"https:\/\/lobosnews.com.ar\/wp-content\/uploads\/2026\/09\/un-camion-con-aceite-fue-saqueado-en-la-habana-mientras-era-custodiado-por-policias-2-scaled.jpg\" \/>\n\t<meta property=\"og:image:width\" content=\"2560\" \/>\n\t<meta property=\"og:image:height\" content=\"1707\" \/>\n\t<meta property=\"og:image:type\" content=\"image\/jpeg\" \/>\n<meta name=\"author\" content=\"admin\" \/>\n<meta name=\"twitter:card\" content=\"summary_large_image\" \/>\n<meta name=\"twitter:label1\" content=\"Escrito por\" \/>\n\t<meta name=\"twitter:data1\" content=\"admin\" \/>\n\t<meta name=\"twitter:label2\" content=\"Tiempo de lectura\" \/>\n\t<meta name=\"twitter:data2\" content=\"3 minutos\" \/>\n<script type=\"application\/ld+json\" class=\"yoast-schema-graph\">{\"@context\":\"https:\\\/\\\/schema.org\",\"@graph\":[{\"@type\":\"Article\",\"@id\":\"https:\\\/\\\/lobosnews.com.ar\\\/index.php\\\/2026\\\/09\\\/05\\\/un-camion-con-aceite-fue-saqueado-en-la-habana-mientras-era-custodiado-por-policias\\\/#article\",\"isPartOf\":{\"@id\":\"https:\\\/\\\/lobosnews.com.ar\\\/index.php\\\/2026\\\/09\\\/05\\\/un-camion-con-aceite-fue-saqueado-en-la-habana-mientras-era-custodiado-por-policias\\\/\"},\"author\":{\"name\":\"admin\",\"@id\":\"https:\\\/\\\/lobosnews.com.ar\\\/#\\\/schema\\\/person\\\/232422a593d5c541dd9aef6aaed10943\"},\"headline\":\"Un cami\u00f3n con aceite fue saqueado en La Habana mientras era custodiado por polic\u00edas\",\"datePublished\":\"2026-09-05T12:54:49+00:00\",\"dateModified\":\"2026-09-05T15:54:07+00:00\",\"mainEntityOfPage\":{\"@id\":\"https:\\\/\\\/lobosnews.com.ar\\\/index.php\\\/2026\\\/09\\\/05\\\/un-camion-con-aceite-fue-saqueado-en-la-habana-mientras-era-custodiado-por-policias\\\/\"},\"wordCount\":556,\"commentCount\":0,\"publisher\":{\"@id\":\"https:\\\/\\\/lobosnews.com.ar\\\/#organization\"},\"image\":{\"@id\":\"https:\\\/\\\/lobosnews.com.ar\\\/index.php\\\/2026\\\/09\\\/05\\\/un-camion-con-aceite-fue-saqueado-en-la-habana-mientras-era-custodiado-por-policias\\\/#primaryimage\"},\"thumbnailUrl\":\"https:\\\/\\\/lobosnews.com.ar\\\/wp-content\\\/uploads\\\/2026\\\/09\\\/un-camion-con-aceite-fue-saqueado-en-la-habana-mientras-era-custodiado-por-policias-2-scaled.jpg\",\"articleSection\":[\"Actualidad\"],\"inLanguage\":\"es\",\"potentialAction\":[{\"@type\":\"CommentAction\",\"name\":\"Comment\",\"target\":[\"https:\\\/\\\/lobosnews.com.ar\\\/index.php\\\/2026\\\/09\\\/05\\\/un-camion-con-aceite-fue-saqueado-en-la-habana-mientras-era-custodiado-por-policias\\\/#respond\"]}]},{\"@type\":\"WebPage\",\"@id\":\"https:\\\/\\\/lobosnews.com.ar\\\/index.php\\\/2026\\\/09\\\/05\\\/un-camion-con-aceite-fue-saqueado-en-la-habana-mientras-era-custodiado-por-policias\\\/\",\"url\":\"https:\\\/\\\/lobosnews.com.ar\\\/index.php\\\/2026\\\/09\\\/05\\\/un-camion-con-aceite-fue-saqueado-en-la-habana-mientras-era-custodiado-por-policias\\\/\",\"name\":\"Un cami\u00f3n con aceite fue saqueado en La Habana mientras era custodiado por polic\u00edas - Lobos News\",\"isPartOf\":{\"@id\":\"https:\\\/\\\/lobosnews.com.ar\\\/#website\"},\"primaryImageOfPage\":{\"@id\":\"https:\\\/\\\/lobosnews.com.ar\\\/index.php\\\/2026\\\/09\\\/05\\\/un-camion-con-aceite-fue-saqueado-en-la-habana-mientras-era-custodiado-por-policias\\\/#primaryimage\"},\"image\":{\"@id\":\"https:\\\/\\\/lobosnews.com.ar\\\/index.php\\\/2026\\\/09\\\/05\\\/un-camion-con-aceite-fue-saqueado-en-la-habana-mientras-era-custodiado-por-policias\\\/#primaryimage\"},\"thumbnailUrl\":\"https:\\\/\\\/lobosnews.com.ar\\\/wp-content\\\/uploads\\\/2026\\\/09\\\/un-camion-con-aceite-fue-saqueado-en-la-habana-mientras-era-custodiado-por-policias-2-scaled.jpg\",\"datePublished\":\"2026-09-05T12:54:49+00:00\",\"dateModified\":\"2026-09-05T15:54:07+00:00\",\"breadcrumb\":{\"@id\":\"https:\\\/\\\/lobosnews.com.ar\\\/index.php\\\/2026\\\/09\\\/05\\\/un-camion-con-aceite-fue-saqueado-en-la-habana-mientras-era-custodiado-por-policias\\\/#breadcrumb\"},\"inLanguage\":\"es\",\"potentialAction\":[{\"@type\":\"ReadAction\",\"target\":[\"https:\\\/\\\/lobosnews.com.ar\\\/index.php\\\/2026\\\/09\\\/05\\\/un-camion-con-aceite-fue-saqueado-en-la-habana-mientras-era-custodiado-por-policias\\\/\"]}]},{\"@type\":\"ImageObject\",\"inLanguage\":\"es\",\"@id\":\"https:\\\/\\\/lobosnews.com.ar\\\/index.php\\\/2026\\\/09\\\/05\\\/un-camion-con-aceite-fue-saqueado-en-la-habana-mientras-era-custodiado-por-policias\\\/#primaryimage\",\"url\":\"https:\\\/\\\/lobosnews.com.ar\\\/wp-content\\\/uploads\\\/2026\\\/09\\\/un-camion-con-aceite-fue-saqueado-en-la-habana-mientras-era-custodiado-por-policias-2-scaled.jpg\",\"contentUrl\":\"https:\\\/\\\/lobosnews.com.ar\\\/wp-content\\\/uploads\\\/2026\\\/09\\\/un-camion-con-aceite-fue-saqueado-en-la-habana-mientras-era-custodiado-por-policias-2-scaled.jpg\",\"width\":2560,\"height\":1707,\"caption\":\"Un cami\u00f3n con aceite fue saqueado en La Habana mientras era custodiado por polic\u00edas\"},{\"@type\":\"BreadcrumbList\",\"@id\":\"https:\\\/\\\/lobosnews.com.ar\\\/index.php\\\/2026\\\/09\\\/05\\\/un-camion-con-aceite-fue-saqueado-en-la-habana-mientras-era-custodiado-por-policias\\\/#breadcrumb\",\"itemListElement\":[{\"@type\":\"ListItem\",\"position\":1,\"name\":\"Portada\",\"item\":\"https:\\\/\\\/lobosnews.com.ar\\\/\"},{\"@type\":\"ListItem\",\"position\":2,\"name\":\"Un cami\u00f3n con aceite fue saqueado en La Habana mientras era custodiado por polic\u00edas\"}]},{\"@type\":\"WebSite\",\"@id\":\"https:\\\/\\\/lobosnews.com.ar\\\/#website\",\"url\":\"https:\\\/\\\/lobosnews.com.ar\\\/\",\"name\":\"Lobos News\",\"description\":\"Informaci\u00f3n a cada instante\",\"publisher\":{\"@id\":\"https:\\\/\\\/lobosnews.com.ar\\\/#organization\"},\"potentialAction\":[{\"@type\":\"SearchAction\",\"target\":{\"@type\":\"EntryPoint\",\"urlTemplate\":\"https:\\\/\\\/lobosnews.com.ar\\\/?s={search_term_string}\"},\"query-input\":{\"@type\":\"PropertyValueSpecification\",\"valueRequired\":true,\"valueName\":\"search_term_string\"}}],\"inLanguage\":\"es\"},{\"@type\":\"Organization\",\"@id\":\"https:\\\/\\\/lobosnews.com.ar\\\/#organization\",\"name\":\"Lobos News\",\"url\":\"https:\\\/\\\/lobosnews.com.ar\\\/\",\"logo\":{\"@type\":\"ImageObject\",\"inLanguage\":\"es\",\"@id\":\"https:\\\/\\\/lobosnews.com.ar\\\/#\\\/schema\\\/logo\\\/image\\\/\",\"url\":\"https:\\\/\\\/lobosnews.com.ar\\\/wp-content\\\/uploads\\\/2026\\\/01\\\/logo-lobosnews.png\",\"contentUrl\":\"https:\\\/\\\/lobosnews.com.ar\\\/wp-content\\\/uploads\\\/2026\\\/01\\\/logo-lobosnews.png\",\"width\":500,\"height\":200,\"caption\":\"Lobos News\"},\"image\":{\"@id\":\"https:\\\/\\\/lobosnews.com.ar\\\/#\\\/schema\\\/logo\\\/image\\\/\"}},{\"@type\":\"Person\",\"@id\":\"https:\\\/\\\/lobosnews.com.ar\\\/#\\\/schema\\\/person\\\/232422a593d5c541dd9aef6aaed10943\",\"name\":\"admin\",\"image\":{\"@type\":\"ImageObject\",\"inLanguage\":\"es\",\"@id\":\"https:\\\/\\\/secure.gravatar.com\\\/avatar\\\/76e419471a2083bc3ceab22a763dbbf9b0c1bd15a6214cf3280e2c2dde4580f9?s=96&d=mm&r=g\",\"url\":\"https:\\\/\\\/secure.gravatar.com\\\/avatar\\\/76e419471a2083bc3ceab22a763dbbf9b0c1bd15a6214cf3280e2c2dde4580f9?s=96&d=mm&r=g\",\"contentUrl\":\"https:\\\/\\\/secure.gravatar.com\\\/avatar\\\/76e419471a2083bc3ceab22a763dbbf9b0c1bd15a6214cf3280e2c2dde4580f9?s=96&d=mm&r=g\",\"caption\":\"admin\"},\"sameAs\":[\"https:\\\/\\\/lobosnews.com.ar\"],\"url\":\"https:\\\/\\\/lobosnews.com.ar\\\/index.php\\\/author\\\/lobos-news\\\/\"}]}<\/script>\n<!-- \/ Yoast SEO plugin. -->","yoast_head_json":{"title":"Un cami\u00f3n con aceite fue saqueado en La Habana mientras era custodiado por polic\u00edas - Lobos News","robots":{"index":"index","follow":"follow","max-snippet":"max-snippet:-1","max-image-preview":"max-image-preview:large","max-video-preview":"max-video-preview:-1"},"canonical":"https:\/\/lobosnews.com.ar\/index.php\/2026\/09\/05\/un-camion-con-aceite-fue-saqueado-en-la-habana-mientras-era-custodiado-por-policias\/","og_locale":"es_ES","og_type":"article","og_title":"Un cami\u00f3n con aceite fue saqueado en La Habana mientras era custodiado por polic\u00edas - Lobos News","og_description":"Decenas de personas saquearon un cami\u00f3n que transportaba aceite para cocinar en La Habana, Cuba, seg\u00fan inform\u00f3 el periodista Gilberto Dorrego, quien difundi\u00f3 un video del episodio ocurrido el viernes 4 de septiembre en las cercan\u00edas del Cementerio de La Lisa y la Autopista Nacional. De acuerdo con la informaci\u00f3n del comunicador, el veh\u00edculo circulaba...","og_url":"https:\/\/lobosnews.com.ar\/index.php\/2026\/09\/05\/un-camion-con-aceite-fue-saqueado-en-la-habana-mientras-era-custodiado-por-policias\/","og_site_name":"Lobos News","article_published_time":"2026-09-05T12:54:49+00:00","article_modified_time":"2026-09-05T15:54:07+00:00","og_image":[{"width":2560,"height":1707,"url":"https:\/\/lobosnews.com.ar\/wp-content\/uploads\/2026\/09\/un-camion-con-aceite-fue-saqueado-en-la-habana-mientras-era-custodiado-por-policias-2-scaled.jpg","type":"image\/jpeg"}],"author":"admin","twitter_card":"summary_large_image","twitter_misc":{"Escrito por":"admin","Tiempo de lectura":"3 minutos"},"schema":{"@context":"https:\/\/schema.org","@graph":[{"@type":"Article","@id":"https:\/\/lobosnews.com.ar\/index.php\/2026\/09\/05\/un-camion-con-aceite-fue-saqueado-en-la-habana-mientras-era-custodiado-por-policias\/#article","isPartOf":{"@id":"https:\/\/lobosnews.com.ar\/index.php\/2026\/09\/05\/un-camion-con-aceite-fue-saqueado-en-la-habana-mientras-era-custodiado-por-policias\/"},"author":{"name":"admin","@id":"https:\/\/lobosnews.com.ar\/#\/schema\/person\/232422a593d5c541dd9aef6aaed10943"},"headline":"Un cami\u00f3n con aceite fue saqueado en La Habana mientras era custodiado por polic\u00edas","datePublished":"2026-09-05T12:54:49+00:00","dateModified":"2026-09-05T15:54:07+00:00","mainEntityOfPage":{"@id":"https:\/\/lobosnews.com.ar\/index.php\/2026\/09\/05\/un-camion-con-aceite-fue-saqueado-en-la-habana-mientras-era-custodiado-por-policias\/"},"wordCount":556,"commentCount":0,"publisher":{"@id":"https:\/\/lobosnews.com.ar\/#organization"},"image":{"@id":"https:\/\/lobosnews.com.ar\/index.php\/2026\/09\/05\/un-camion-con-aceite-fue-saqueado-en-la-habana-mientras-era-custodiado-por-policias\/#primaryimage"},"thumbnailUrl":"https:\/\/lobosnews.com.ar\/wp-content\/uploads\/2026\/09\/un-camion-con-aceite-fue-saqueado-en-la-habana-mientras-era-custodiado-por-policias-2-scaled.jpg","articleSection":["Actualidad"],"inLanguage":"es","potentialAction":[{"@type":"CommentAction","name":"Comment","target":["https:\/\/lobosnews.com.ar\/index.php\/2026\/09\/05\/un-camion-con-aceite-fue-saqueado-en-la-habana-mientras-era-custodiado-por-policias\/#respond"]}]},{"@type":"WebPage","@id":"https:\/\/lobosnews.com.ar\/index.php\/2026\/09\/05\/un-camion-con-aceite-fue-saqueado-en-la-habana-mientras-era-custodiado-por-policias\/","url":"https:\/\/lobosnews.com.ar\/index.php\/2026\/09\/05\/un-camion-con-aceite-fue-saqueado-en-la-habana-mientras-era-custodiado-por-policias\/","name":"Un cami\u00f3n con aceite fue saqueado en La Habana mientras era custodiado por polic\u00edas - Lobos News","isPartOf":{"@id":"https:\/\/lobosnews.com.ar\/#website"},"primaryImageOfPage":{"@id":"https:\/\/lobosnews.com.ar\/index.php\/2026\/09\/05\/un-camion-con-aceite-fue-saqueado-en-la-habana-mientras-era-custodiado-por-policias\/#primaryimage"},"image":{"@id":"https:\/\/lobosnews.com.ar\/index.php\/2026\/09\/05\/un-camion-con-aceite-fue-saqueado-en-la-habana-mientras-era-custodiado-por-policias\/#primaryimage"},"thumbnailUrl":"https:\/\/lobosnews.com.ar\/wp-content\/uploads\/2026\/09\/un-camion-con-aceite-fue-saqueado-en-la-habana-mientras-era-custodiado-por-policias-2-scaled.jpg","datePublished":"2026-09-05T12:54:49+00:00","dateModified":"2026-09-05T15:54:07+00:00","breadcrumb":{"@id":"https:\/\/lobosnews.com.ar\/index.php\/2026\/09\/05\/un-camion-con-aceite-fue-saqueado-en-la-habana-mientras-era-custodiado-por-policias\/#breadcrumb"},"inLanguage":"es","potentialAction":[{"@type":"ReadAction","target":["https:\/\/lobosnews.com.ar\/index.php\/2026\/09\/05\/un-camion-con-aceite-fue-saqueado-en-la-habana-mientras-era-custodiado-por-policias\/"]}]},{"@type":"ImageObject","inLanguage":"es","@id":"https:\/\/lobosnews.com.ar\/index.php\/2026\/09\/05\/un-camion-con-aceite-fue-saqueado-en-la-habana-mientras-era-custodiado-por-policias\/#primaryimage","url":"https:\/\/lobosnews.com.ar\/wp-content\/uploads\/2026\/09\/un-camion-con-aceite-fue-saqueado-en-la-habana-mientras-era-custodiado-por-policias-2-scaled.jpg","contentUrl":"https:\/\/lobosnews.com.ar\/wp-content\/uploads\/2026\/09\/un-camion-con-aceite-fue-saqueado-en-la-habana-mientras-era-custodiado-por-policias-2-scaled.jpg","width":2560,"height":1707,"caption":"Un cami\u00f3n con aceite fue saqueado en La Habana mientras era custodiado por polic\u00edas"},{"@type":"BreadcrumbList","@id":"https:\/\/lobosnews.com.ar\/index.php\/2026\/09\/05\/un-camion-con-aceite-fue-saqueado-en-la-habana-mientras-era-custodiado-por-policias\/#breadcrumb","itemListElement":[{"@type":"ListItem","position":1,"name":"Portada","item":"https:\/\/lobosnews.com.ar\/"},{"@type":"ListItem","position":2,"name":"Un cami\u00f3n con aceite fue saqueado en La Habana mientras era custodiado por polic\u00edas"}]},{"@type":"WebSite","@id":"https:\/\/lobosnews.com.ar\/#website","url":"https:\/\/lobosnews.com.ar\/","name":"Lobos News","description":"Informaci\u00f3n a cada instante","publisher":{"@id":"https:\/\/lobosnews.com.ar\/#organization"},"potentialAction":[{"@type":"SearchAction","target":{"@type":"EntryPoint","urlTemplate":"https:\/\/lobosnews.com.ar\/?s={search_term_string}"},"query-input":{"@type":"PropertyValueSpecification","valueRequired":true,"valueName":"search_term_string"}}],"inLanguage":"es"},{"@type":"Organization","@id":"https:\/\/lobosnews.com.ar\/#organization","name":"Lobos News","url":"https:\/\/lobosnews.com.ar\/","logo":{"@type":"ImageObject","inLanguage":"es","@id":"https:\/\/lobosnews.com.ar\/#\/schema\/logo\/image\/","url":"https:\/\/lobosnews.com.ar\/wp-content\/uploads\/2026\/01\/logo-lobosnews.png","contentUrl":"https:\/\/lobosnews.com.ar\/wp-content\/uploads\/2026\/01\/logo-lobosnews.png","width":500,"height":200,"caption":"Lobos News"},"image":{"@id":"https:\/\/lobosnews.com.ar\/#\/schema\/logo\/image\/"}},{"@type":"Person","@id":"https:\/\/lobosnews.com.ar\/#\/schema\/person\/232422a593d5c541dd9aef6aaed10943","name":"admin","image":{"@type":"ImageObject","inLanguage":"es","@id":"https:\/\/secure.gravatar.com\/avatar\/76e419471a2083bc3ceab22a763dbbf9b0c1bd15a6214cf3280e2c2dde4580f9?s=96&d=mm&r=g","url":"https:\/\/secure.gravatar.com\/avatar\/76e419471a2083bc3ceab22a763dbbf9b0c1bd15a6214cf3280e2c2dde4580f9?s=96&d=mm&r=g","contentUrl":"https:\/\/secure.gravatar.com\/avatar\/76e419471a2083bc3ceab22a763dbbf9b0c1bd15a6214cf3280e2c2dde4580f9?s=96&d=mm&r=g","caption":"admin"},"sameAs":["https:\/\/lobosnews.com.ar"],"url":"https:\/\/lobosnews.com.ar\/index.php\/author\/lobos-news\/"}]}},"jetpack_featured_media_url":"https:\/\/lobosnews.com.ar\/wp-content\/uploads\/2026\/09\/un-camion-con-aceite-fue-saqueado-en-la-habana-mientras-era-custodiado-por-policias-2-scaled.jpg","jetpack_sharing_enabled":true,"_links":{"self":[{"href":"https:\/\/lobosnews.com.ar\/index.php\/wp-json\/wp\/v2\/posts\/97758","targetHints":{"allow":["GET"]}}],"collection":[{"href":"https:\/\/lobosnews.com.ar\/index.php\/wp-json\/wp\/v2\/posts"}],"about":[{"href":"https:\/\/lobosnews.com.ar\/index.php\/wp-json\/wp\/v2\/types\/post"}],"author":[{"embeddable":true,"href":"https:\/\/lobosnews.com.ar\/index.php\/wp-json\/wp\/v2\/users\/1"}],"replies":[{"embeddable":true,"href":"https:\/\/lobosnews.com.ar\/index.php\/wp-json\/wp\/v2\/comments?post=97758"}],"version-history":[{"count":1,"href":"https:\/\/lobosnews.com.ar\/index.php\/wp-json\/wp\/v2\/posts\/97758\/revisions"}],"predecessor-version":[{"id":97761,"href":"https:\/\/lobosnews.com.ar\/index.php\/wp-json\/wp\/v2\/posts\/97758\/revisions\/97761"}],"wp:featuredmedia":[{"embeddable":true,"href":"https:\/\/lobosnews.com.ar\/index.php\/wp-json\/wp\/v2\/media\/97762"}],"wp:attachment":[{"href":"https:\/\/lobosnews.com.ar\/index.php\/wp-json\/wp\/v2\/media?parent=97758"}],"wp:term":[{"taxonomy":"category","embeddable":true,"href":"https:\/\/lobosnews.com.ar\/index.php\/wp-json\/wp\/v2\/categories?post=97758"},{"taxonomy":"post_tag","embeddable":true,"href":"https:\/\/lobosnews.com.ar\/index.php\/wp-json\/wp\/v2\/tags?post=97758"}],"curies":[{"name":"wp","href":"https:\/\/api.w.org\/{rel}","templated":true}]}}