{"id":97722,"date":"2026-09-05T14:28:04","date_gmt":"2026-09-05T14:28:04","guid":{"rendered":"https:\/\/lobosnews.com.ar\/?p=97722"},"modified":"2026-09-05T15:53:19","modified_gmt":"2026-09-05T15:53:19","slug":"la-historia-de-la-maestra-argentina-que-gano-un-contrato-de-ufc-tras-una-sangrienta-pelea-y-ahora-tendra-su-esperado-debut-en-paris","status":"publish","type":"post","link":"https:\/\/lobosnews.com.ar\/index.php\/2026\/09\/05\/la-historia-de-la-maestra-argentina-que-gano-un-contrato-de-ufc-tras-una-sangrienta-pelea-y-ahora-tendra-su-esperado-debut-en-paris\/","title":{"rendered":"La historia de la maestra argentina que gan\u00f3 un contrato de UFC tras una sangrienta pelea y ahora tendr\u00e1 su esperado debut en Par\u00eds"},"content":{"rendered":"<p><img fetchpriority=\"high\" decoding=\"async\" src=\"https:\/\/lobosnews.com.ar\/wp-content\/uploads\/2026\/09\/la-historia-de-la-maestra-argentina-que-gano-un-contrato-de-ufc-tras-una-sangrienta-pelea-y-ahora-tendra-su-esperado-debut-en-paris.jpg\" alt=\"Sof\u00eda Montenegro debutar\u00e1 en UFC \" height=\"1080\" width=\"1920\"\/><\/p>\n<p><b>Sof\u00eda Montenegro<\/b> tuvo que aprender desde muy temprano que ganar y perder no siempre significa lo que dicen las tarjetas de los jueces. Lo descubri\u00f3 de la manera m\u00e1s cruel y, al mismo tiempo, m\u00e1s inesperada: despu\u00e9s de<span class=\"waslinkname\"> protagonizar una pelea sangrienta<\/span>, <b>sufrir una derrota por decisi\u00f3n dividida <\/b>y terminar en un hospital recibiendo puntos por los cortes en su rostro, lleg\u00f3 la noticia que pod\u00eda cambiarle la vida.<\/p>\n<p>Hab\u00eda perdido. Pero <b>Dana White quer\u00eda que estuviera en UFC.<\/b> Casi un a\u00f1o despu\u00e9s de aquella noche, la cordobesa tendr\u00e1 finalmente la oportunidad de demostrar por qu\u00e9 el presidente de la organizaci\u00f3n decidi\u00f3 contratarla. Este s\u00e1bado 5 de septiembre, <i>La Bruja<\/i> <b>har\u00e1 su esperado debut oficial en la Ultimate Fighting Championship <\/b>frente a la francesa <b>Delphine Benouaich<\/b>, en el Accor Arena de Par\u00eds, como parte de la cartelera preliminar de<b> UFC Par\u00eds. <\/b>(Se podr\u00e1 ver por <i>Paramount+<\/i> a partir de las 13 horas en Argentina).<\/p>\n<p>Ser\u00e1 el cap\u00edtulo que durante meses pareci\u00f3 no llegar. Porque Montenegro ya hab\u00eda estado a las puertas de su estreno.<b> El 28 de febrero ten\u00eda previsto enfrentar a la lituana Ernesta Kareckait\u0117<\/b> en la Arena CDMX de M\u00e9xico. Hab\u00eda cumplido con la preparaci\u00f3n, hab\u00eda atravesado el campamento y estaba lista para entrar por primera vez al oct\u00e1gono como peleadora de UFC, pero <b>cuatro d\u00edas antes de la pelea, todo cambi\u00f3.<\/b><\/p>\n<p>El 24 de febrero sufri\u00f3<b> un sangrado ginecol\u00f3gico abundante<\/b>. Despu\u00e9s de ser evaluada por el cuerpo m\u00e9dico de la organizaci\u00f3n y por su equipo, se determin\u00f3 que <b>no estaba en condiciones de competir de manera segura<\/b>. La indicaci\u00f3n fue reposo absoluto y la pelea tuvo que cancelarse. <b>Regina Tar\u00edn <\/b>reemplaz\u00f3 de urgencia a la argentina para enfrentar a Kareckait\u0117.<\/p>\n<p>Otra vez, Montenegro tuvo que esperar. Y otra vez tuvo que empezar de nuevo. Ahora, finalmente,<b> Par\u00eds ser\u00e1 el escenario de su estreno.<\/b><\/p>\n<p>Pero mucho antes de imaginarse caminando hacia un oct\u00e1gono de UFC, Montenegro era <b>una adolescente que buscaba una forma de cambiar su vida.<\/b><\/p>\n<p>Ten\u00eda<b> 15 a\u00f1os<\/b> y hab\u00eda comenzado a convivir con una realidad que la incomodaba: <span class=\"waslinkname\">el sobrepeso y las inseguridades propias de la adolescencia<\/span>. Prob\u00f3 distintos deportes hasta que <b>lleg\u00f3 al kickboxing <\/b>en un centro vecinal de su barrio Observatorio, en C\u00f3rdoba. \u201cTen\u00eda sobrepeso, entonces estaba buscando alg\u00fan deporte para hacer. Hab\u00eda intentado con varios\u201d, record\u00f3 en una entrevista con <b>Infobae<\/b>. Lo que empez\u00f3 como un intento por trabajar su f\u00edsico termin\u00f3 convirti\u00e9ndose en una pasi\u00f3n.<b> \u201cCuando empec\u00e9 a entrenar me ve\u00eda bastante motivada<\/b> y empec\u00e9 mucho a bajar de peso. Eso tambi\u00e9n me hac\u00eda sentir bien. Empec\u00e9 a andar mejor en mi vida en general, a mejorar mi estado de \u00e1nimo\u201d, cont\u00f3.<\/p>\n<p>El cambio no fue solamente f\u00edsico. <b>El deporte le permiti\u00f3 recuperar confianza<\/b> en una etapa en la que sent\u00eda que estaba demasiado expuesta a las miradas y los comentarios de los dem\u00e1s. \u201cPor el hecho de tener sobrepeso, a esa edad, en plena adolescencia, siempre uno est\u00e1 a la vista de que lo se\u00f1alen, de sentirse mal\u201d, explic\u00f3.<\/p>\n<p>En ese proceso tambi\u00e9n tuvo un papel importante su familia. Montenegro naci\u00f3 en una casa en la que <b>el deporte era casi una obligaci\u00f3n gen\u00e9tica<\/b>, aunque ella eligi\u00f3 una disciplina completamente diferente. Su padre, <b>Ricardo Montenegro<\/b>, fue futbolista profesional y tuvo un destacado paso por <b>Talleres de C\u00f3rdoba<\/b>. Sus hermanos tambi\u00e9n siguieron el camino del f\u00fatbol.<\/p>\n<p>Sof\u00eda, en cambio, encontr\u00f3 su lugar arriba de un ring. Incluso pens\u00f3 en probar suerte con la pelota, pero<b> su madre la convenci\u00f3 de que no era necesario<\/b> que todos siguieran el mismo camino.<\/p>\n<p>El kickboxing termin\u00f3 gan\u00e1ndole al f\u00fatbol. Y, con el paso de los a\u00f1os, <b>tambi\u00e9n al aula. <\/b>Mientras su carrera como peleadora comenzaba a crecer, Montenegro construy\u00f3 otra identidad: <b>la de maestra.<\/b><\/p>\n<p><img loading=\"lazy\" decoding=\"async\" src=\"https:\/\/lobosnews.com.ar\/wp-content\/uploads\/2026\/09\/la-historia-de-la-maestra-argentina-que-gano-un-contrato-de-ufc-tras-una-sangrienta-pelea-y-ahora-tendra-su-esperado-debut-en-paris-1.jpg\" alt=\"La peleadora abandon\u00f3 su carrera como maestra para centrarse de lleno en las MMA (@ufcespanol)\" height=\"1080\" width=\"1920\"\/><\/p>\n<p>Estudi\u00f3 el profesorado de educaci\u00f3n primaria y lleg\u00f3 a estar cerca de recibirse a los 21 a\u00f1os. Por entonces ya hab\u00eda comenzado a entrenar MMA y su entrenador le plante\u00f3 una posibilidad que implicaba tomar una decisi\u00f3n. Si quer\u00eda dedicarse realmente a las artes marciales mixtas,<b> deb\u00eda aprovechar su juventud para competir.<\/b><\/p>\n<p>La carrera pod\u00eda esperar. Montenegro eligi\u00f3 el deporte. Durante a\u00f1os sostuvo su carrera de una manera que poco ten\u00eda que ver con el glamour de UFC. <b>Trabaj\u00f3 dando clases de boxeo y kickboxing.<\/b> Lleg\u00f3 a desempe\u00f1arse en cinco o seis gimnasios diferentes para poder vivir de esas clases y pagar sus entrenamientos. Tambi\u00e9n <b>daba clases particulares como maestra<\/b>, aunque evit\u00f3 tomar un cargo fijo porque sab\u00eda que le quitar\u00eda tiempo de preparaci\u00f3n.<\/p>\n<p>Su formaci\u00f3n como docente, sin embargo, nunca desapareci\u00f3. <b>\u201cMe ayud\u00f3 mucho en la forma de sociabilizar, de expresarme y de tener confianza\u201d<\/b>, explic\u00f3. \u201cPararte frente a un aula te da herramientas\u201d.<\/p>\n<p>Aquella doble vida tambi\u00e9n refleja una parte fundamental de su recorrido: durante mucho tiempo <b>no tuvo garant\u00edas de que las MMA fueran a convertirse en su profesi\u00f3n.<\/b> \u201cUno nunca recibe de vuelta todo lo que le da el deporte\u201d, reconoci\u00f3, al mismo tiempo que afirmaba: <b>\u201cTuve muchas veces ganas de abandonar, de dedicarme a otra cosa\u201d,<\/b> hasta que apareci\u00f3 una oportunidad que le permiti\u00f3 demostrar que todo aquel sacrificio hab\u00eda tenido sentido.<\/p>\n<p><img loading=\"lazy\" decoding=\"async\" src=\"https:\/\/lobosnews.com.ar\/wp-content\/uploads\/2026\/09\/la-historia-de-la-maestra-argentina-que-gano-un-contrato-de-ufc-tras-una-sangrienta-pelea-y-ahora-tendra-su-esperado-debut-en-paris-2.jpg\" alt=\"Sof\u00eda Montenegro debutar\u00e1 en UFC ante Benouaich\" height=\"1920\" width=\"1920\"\/><\/p>\n<p>El 23 de septiembre de 2025, Montenegro se present\u00f3 en el <b>Dana White\u2019s Contender Series<\/b>, el programa en el que peleadores de todo el mundo buscan impresionar al presidente de UFC para conseguir un contrato.<\/p>\n<p>Su rival fue la brasile\u00f1a Jeisla Chaves. Fueron 15 minutos de golpes, sangre y resistencia. <b>Las dos terminaron muy castigadas. <\/b>Montenegro perdi\u00f3 por decisi\u00f3n dividida y, en t\u00e9rminos oficiales, Chaves fue la ganadora de aquella batalla. Pero el resultado no fue suficiente para borrar la impresi\u00f3n que hab\u00eda dejado la argentina. Mientras Montenegro estaba en el hospital recibiendo puntos por las heridas sufridas durante la pelea, su equipo recibi\u00f3 una llamada.<\/p>\n<p><b>Dana White hab\u00eda decidido contratarla.<\/b> \u201cCuando me baj\u00e9 de la pelea habl\u00e9 con Dana White. Me dijo que hab\u00eda sido una guerra y que me iba a recompensar\u201d, cont\u00f3. El propio presidente de UFC consideraba que <b>Montenegro hab\u00eda hecho m\u00e9ritos suficientes para estar en la compa\u00f1\u00eda.<\/b> La derrota se transform\u00f3 en contrato. Y el contrato, finalmente, en una espera que parec\u00eda interminable.<\/p>\n<p>Montenegro llegar\u00e1 a Francia con un r\u00e9cord profesional de 6 victorias y 2 derrotas. La pelea frente a Benouaich, que tiene una marca de 7-2, tendr\u00e1 adem\u00e1s un condimento especial: <b>la argentina deber\u00e1 enfrentar a una rival local en territorio franc\u00e9s.<\/b><\/p>\n<p>Pero tambi\u00e9n ser\u00e1 una Montenegro diferente. Hasta ahora, la cordobesa hab\u00eda construido la mayor parte de su carrera en las 125 libras, la divisi\u00f3n de peso mosca. <b>Para su estreno en UFC decidi\u00f3 bajar a las 115 libras<\/b>, aproximadamente 52 kilos, para competir en peso paja. El cambio forma parte de una estrategia trabajada junto su equipo. Sus 1,68 metros de altura y su estilo de striker pueden convertirse en herramientas importantes en una categor\u00eda en la que el alcance puede marcar diferencias.<\/p>\n<p>Del otro lado estar\u00e1 Benouaich, una francesa de 31 a\u00f1os que llega con <b>experiencia y ritmo competitivo <\/b>despu\u00e9s de haber participado en la \u00faltima temporada de The Ultimate Fighter.<\/p>\n","protected":false},"excerpt":{"rendered":"<p>Sof\u00eda Montenegro tuvo que aprender desde muy temprano que ganar y perder no siempre significa lo que dicen las tarjetas de los jueces. Lo descubri\u00f3 de la manera m\u00e1s cruel y, al mismo tiempo, m\u00e1s inesperada: despu\u00e9s de protagonizar una pelea sangrienta, sufrir una derrota por decisi\u00f3n dividida y terminar en un hospital recibiendo puntos&#8230;<\/p>\n","protected":false},"author":1,"featured_media":0,"comment_status":"open","ping_status":"closed","sticky":false,"template":"","format":"standard","meta":{"_jetpack_newsletter_access":"","_jetpack_dont_email_post_to_subs":false,"_jetpack_newsletter_tier_id":0,"_jetpack_memberships_contains_paywalled_content":false,"_jetpack_memberships_contains_paid_content":false,"footnotes":"","jetpack_post_was_ever_published":false},"categories":[30],"tags":[39],"class_list":["post-97722","post","type-post","status-publish","format-standard","hentry","category-argentina","tag-deportes"],"magazineBlocksPostFeaturedMedia":{"thumbnail":false,"medium":false,"medium_large":false,"large":false,"1536x1536":false,"2048x2048":false,"newsmatic-featured":false,"newsmatic-list":false,"newsmatic-thumb":false,"newsmatic-small":false,"newsmatic-grid":false},"magazineBlocksPostAuthor":{"name":"admin","avatar":"https:\/\/secure.gravatar.com\/avatar\/76e419471a2083bc3ceab22a763dbbf9b0c1bd15a6214cf3280e2c2dde4580f9?s=96&d=mm&r=g"},"magazineBlocksPostCommentsNumber":"0","magazineBlocksPostExcerpt":"Sof\u00eda Montenegro tuvo que aprender desde muy temprano que ganar y perder no siempre significa lo que dicen las tarjetas de los jueces. Lo descubri\u00f3 de la manera m\u00e1s cruel y, al mismo tiempo, m\u00e1s inesperada: despu\u00e9s de protagonizar una pelea sangrienta, sufrir una derrota por decisi\u00f3n dividida y terminar en un hospital recibiendo puntos...","magazineBlocksPostCategories":["Argentina"],"magazineBlocksPostViewCount":84,"magazineBlocksPostReadTime":7,"magazine_blocks_featured_image_url":{"full":false,"medium":false,"thumbnail":false},"magazine_blocks_author":{"display_name":"admin","author_link":"https:\/\/lobosnews.com.ar\/index.php\/author\/lobos-news\/"},"magazine_blocks_comment":0,"magazine_blocks_author_image":"https:\/\/secure.gravatar.com\/avatar\/76e419471a2083bc3ceab22a763dbbf9b0c1bd15a6214cf3280e2c2dde4580f9?s=96&d=mm&r=g","magazine_blocks_category":"<a href=\"#\" class=\"category-link category-link-30\">Argentina<\/a>","yoast_head":"<!-- This site is optimized with the Yoast SEO plugin v28.0 - https:\/\/yoast.com\/product\/yoast-seo-wordpress\/ -->\n<title>La historia de la maestra argentina que gan\u00f3 un contrato de UFC tras una sangrienta pelea y ahora tendr\u00e1 su esperado debut en Par\u00eds - Lobos News<\/title>\n<meta name=\"robots\" content=\"index, follow, max-snippet:-1, max-image-preview:large, max-video-preview:-1\" \/>\n<link rel=\"canonical\" href=\"https:\/\/lobosnews.com.ar\/index.php\/2026\/09\/05\/la-historia-de-la-maestra-argentina-que-gano-un-contrato-de-ufc-tras-una-sangrienta-pelea-y-ahora-tendra-su-esperado-debut-en-paris\/\" \/>\n<meta property=\"og:locale\" content=\"es_ES\" \/>\n<meta property=\"og:type\" content=\"article\" \/>\n<meta property=\"og:title\" content=\"La historia de la maestra argentina que gan\u00f3 un contrato de UFC tras una sangrienta pelea y ahora tendr\u00e1 su esperado debut en Par\u00eds - Lobos News\" \/>\n<meta property=\"og:description\" content=\"Sof\u00eda Montenegro tuvo que aprender desde muy temprano que ganar y perder no siempre significa lo que dicen las tarjetas de los jueces. Lo descubri\u00f3 de la manera m\u00e1s cruel y, al mismo tiempo, m\u00e1s inesperada: despu\u00e9s de protagonizar una pelea sangrienta, sufrir una derrota por decisi\u00f3n dividida y terminar en un hospital recibiendo puntos...\" \/>\n<meta property=\"og:url\" content=\"https:\/\/lobosnews.com.ar\/index.php\/2026\/09\/05\/la-historia-de-la-maestra-argentina-que-gano-un-contrato-de-ufc-tras-una-sangrienta-pelea-y-ahora-tendra-su-esperado-debut-en-paris\/\" \/>\n<meta property=\"og:site_name\" content=\"Lobos News\" \/>\n<meta property=\"article:published_time\" content=\"2026-09-05T14:28:04+00:00\" \/>\n<meta property=\"article:modified_time\" content=\"2026-09-05T15:53:19+00:00\" \/>\n<meta property=\"og:image\" content=\"https:\/\/lobosnews.com.ar\/wp-content\/uploads\/2026\/09\/la-historia-de-la-maestra-argentina-que-gano-un-contrato-de-ufc-tras-una-sangrienta-pelea-y-ahora-tendra-su-esperado-debut-en-paris.jpg\" \/>\n<meta name=\"author\" content=\"admin\" \/>\n<meta name=\"twitter:card\" content=\"summary_large_image\" \/>\n<meta name=\"twitter:label1\" content=\"Escrito por\" \/>\n\t<meta name=\"twitter:data1\" content=\"admin\" \/>\n\t<meta name=\"twitter:label2\" content=\"Tiempo de lectura\" \/>\n\t<meta name=\"twitter:data2\" content=\"6 minutos\" \/>\n<script type=\"application\/ld+json\" class=\"yoast-schema-graph\">{\"@context\":\"https:\\\/\\\/schema.org\",\"@graph\":[{\"@type\":\"Article\",\"@id\":\"https:\\\/\\\/lobosnews.com.ar\\\/index.php\\\/2026\\\/09\\\/05\\\/la-historia-de-la-maestra-argentina-que-gano-un-contrato-de-ufc-tras-una-sangrienta-pelea-y-ahora-tendra-su-esperado-debut-en-paris\\\/#article\",\"isPartOf\":{\"@id\":\"https:\\\/\\\/lobosnews.com.ar\\\/index.php\\\/2026\\\/09\\\/05\\\/la-historia-de-la-maestra-argentina-que-gano-un-contrato-de-ufc-tras-una-sangrienta-pelea-y-ahora-tendra-su-esperado-debut-en-paris\\\/\"},\"author\":{\"name\":\"admin\",\"@id\":\"https:\\\/\\\/lobosnews.com.ar\\\/#\\\/schema\\\/person\\\/232422a593d5c541dd9aef6aaed10943\"},\"headline\":\"La historia de la maestra argentina que gan\u00f3 un contrato de UFC tras una sangrienta pelea y ahora tendr\u00e1 su esperado debut en Par\u00eds\",\"datePublished\":\"2026-09-05T14:28:04+00:00\",\"dateModified\":\"2026-09-05T15:53:19+00:00\",\"mainEntityOfPage\":{\"@id\":\"https:\\\/\\\/lobosnews.com.ar\\\/index.php\\\/2026\\\/09\\\/05\\\/la-historia-de-la-maestra-argentina-que-gano-un-contrato-de-ufc-tras-una-sangrienta-pelea-y-ahora-tendra-su-esperado-debut-en-paris\\\/\"},\"wordCount\":1276,\"commentCount\":0,\"publisher\":{\"@id\":\"https:\\\/\\\/lobosnews.com.ar\\\/#organization\"},\"image\":{\"@id\":\"https:\\\/\\\/lobosnews.com.ar\\\/index.php\\\/2026\\\/09\\\/05\\\/la-historia-de-la-maestra-argentina-que-gano-un-contrato-de-ufc-tras-una-sangrienta-pelea-y-ahora-tendra-su-esperado-debut-en-paris\\\/#primaryimage\"},\"thumbnailUrl\":\"https:\\\/\\\/lobosnews.com.ar\\\/wp-content\\\/uploads\\\/2026\\\/09\\\/la-historia-de-la-maestra-argentina-que-gano-un-contrato-de-ufc-tras-una-sangrienta-pelea-y-ahora-tendra-su-esperado-debut-en-paris.jpg\",\"keywords\":[\"Deportes\"],\"articleSection\":[\"Argentina\"],\"inLanguage\":\"es\",\"potentialAction\":[{\"@type\":\"CommentAction\",\"name\":\"Comment\",\"target\":[\"https:\\\/\\\/lobosnews.com.ar\\\/index.php\\\/2026\\\/09\\\/05\\\/la-historia-de-la-maestra-argentina-que-gano-un-contrato-de-ufc-tras-una-sangrienta-pelea-y-ahora-tendra-su-esperado-debut-en-paris\\\/#respond\"]}]},{\"@type\":\"WebPage\",\"@id\":\"https:\\\/\\\/lobosnews.com.ar\\\/index.php\\\/2026\\\/09\\\/05\\\/la-historia-de-la-maestra-argentina-que-gano-un-contrato-de-ufc-tras-una-sangrienta-pelea-y-ahora-tendra-su-esperado-debut-en-paris\\\/\",\"url\":\"https:\\\/\\\/lobosnews.com.ar\\\/index.php\\\/2026\\\/09\\\/05\\\/la-historia-de-la-maestra-argentina-que-gano-un-contrato-de-ufc-tras-una-sangrienta-pelea-y-ahora-tendra-su-esperado-debut-en-paris\\\/\",\"name\":\"La historia de la maestra argentina que gan\u00f3 un contrato de UFC tras una sangrienta pelea y ahora tendr\u00e1 su esperado debut en Par\u00eds - Lobos News\",\"isPartOf\":{\"@id\":\"https:\\\/\\\/lobosnews.com.ar\\\/#website\"},\"primaryImageOfPage\":{\"@id\":\"https:\\\/\\\/lobosnews.com.ar\\\/index.php\\\/2026\\\/09\\\/05\\\/la-historia-de-la-maestra-argentina-que-gano-un-contrato-de-ufc-tras-una-sangrienta-pelea-y-ahora-tendra-su-esperado-debut-en-paris\\\/#primaryimage\"},\"image\":{\"@id\":\"https:\\\/\\\/lobosnews.com.ar\\\/index.php\\\/2026\\\/09\\\/05\\\/la-historia-de-la-maestra-argentina-que-gano-un-contrato-de-ufc-tras-una-sangrienta-pelea-y-ahora-tendra-su-esperado-debut-en-paris\\\/#primaryimage\"},\"thumbnailUrl\":\"https:\\\/\\\/lobosnews.com.ar\\\/wp-content\\\/uploads\\\/2026\\\/09\\\/la-historia-de-la-maestra-argentina-que-gano-un-contrato-de-ufc-tras-una-sangrienta-pelea-y-ahora-tendra-su-esperado-debut-en-paris.jpg\",\"datePublished\":\"2026-09-05T14:28:04+00:00\",\"dateModified\":\"2026-09-05T15:53:19+00:00\",\"breadcrumb\":{\"@id\":\"https:\\\/\\\/lobosnews.com.ar\\\/index.php\\\/2026\\\/09\\\/05\\\/la-historia-de-la-maestra-argentina-que-gano-un-contrato-de-ufc-tras-una-sangrienta-pelea-y-ahora-tendra-su-esperado-debut-en-paris\\\/#breadcrumb\"},\"inLanguage\":\"es\",\"potentialAction\":[{\"@type\":\"ReadAction\",\"target\":[\"https:\\\/\\\/lobosnews.com.ar\\\/index.php\\\/2026\\\/09\\\/05\\\/la-historia-de-la-maestra-argentina-que-gano-un-contrato-de-ufc-tras-una-sangrienta-pelea-y-ahora-tendra-su-esperado-debut-en-paris\\\/\"]}]},{\"@type\":\"ImageObject\",\"inLanguage\":\"es\",\"@id\":\"https:\\\/\\\/lobosnews.com.ar\\\/index.php\\\/2026\\\/09\\\/05\\\/la-historia-de-la-maestra-argentina-que-gano-un-contrato-de-ufc-tras-una-sangrienta-pelea-y-ahora-tendra-su-esperado-debut-en-paris\\\/#primaryimage\",\"url\":\"https:\\\/\\\/lobosnews.com.ar\\\/wp-content\\\/uploads\\\/2026\\\/09\\\/la-historia-de-la-maestra-argentina-que-gano-un-contrato-de-ufc-tras-una-sangrienta-pelea-y-ahora-tendra-su-esperado-debut-en-paris.jpg\",\"contentUrl\":\"https:\\\/\\\/lobosnews.com.ar\\\/wp-content\\\/uploads\\\/2026\\\/09\\\/la-historia-de-la-maestra-argentina-que-gano-un-contrato-de-ufc-tras-una-sangrienta-pelea-y-ahora-tendra-su-esperado-debut-en-paris.jpg\",\"width\":1920,\"height\":1080},{\"@type\":\"BreadcrumbList\",\"@id\":\"https:\\\/\\\/lobosnews.com.ar\\\/index.php\\\/2026\\\/09\\\/05\\\/la-historia-de-la-maestra-argentina-que-gano-un-contrato-de-ufc-tras-una-sangrienta-pelea-y-ahora-tendra-su-esperado-debut-en-paris\\\/#breadcrumb\",\"itemListElement\":[{\"@type\":\"ListItem\",\"position\":1,\"name\":\"Portada\",\"item\":\"https:\\\/\\\/lobosnews.com.ar\\\/\"},{\"@type\":\"ListItem\",\"position\":2,\"name\":\"La historia de la maestra argentina que gan\u00f3 un contrato de UFC tras una sangrienta pelea y ahora tendr\u00e1 su esperado debut en Par\u00eds\"}]},{\"@type\":\"WebSite\",\"@id\":\"https:\\\/\\\/lobosnews.com.ar\\\/#website\",\"url\":\"https:\\\/\\\/lobosnews.com.ar\\\/\",\"name\":\"Lobos News\",\"description\":\"Informaci\u00f3n a cada instante\",\"publisher\":{\"@id\":\"https:\\\/\\\/lobosnews.com.ar\\\/#organization\"},\"potentialAction\":[{\"@type\":\"SearchAction\",\"target\":{\"@type\":\"EntryPoint\",\"urlTemplate\":\"https:\\\/\\\/lobosnews.com.ar\\\/?s={search_term_string}\"},\"query-input\":{\"@type\":\"PropertyValueSpecification\",\"valueRequired\":true,\"valueName\":\"search_term_string\"}}],\"inLanguage\":\"es\"},{\"@type\":\"Organization\",\"@id\":\"https:\\\/\\\/lobosnews.com.ar\\\/#organization\",\"name\":\"Lobos News\",\"url\":\"https:\\\/\\\/lobosnews.com.ar\\\/\",\"logo\":{\"@type\":\"ImageObject\",\"inLanguage\":\"es\",\"@id\":\"https:\\\/\\\/lobosnews.com.ar\\\/#\\\/schema\\\/logo\\\/image\\\/\",\"url\":\"https:\\\/\\\/lobosnews.com.ar\\\/wp-content\\\/uploads\\\/2026\\\/01\\\/logo-lobosnews.png\",\"contentUrl\":\"https:\\\/\\\/lobosnews.com.ar\\\/wp-content\\\/uploads\\\/2026\\\/01\\\/logo-lobosnews.png\",\"width\":500,\"height\":200,\"caption\":\"Lobos News\"},\"image\":{\"@id\":\"https:\\\/\\\/lobosnews.com.ar\\\/#\\\/schema\\\/logo\\\/image\\\/\"}},{\"@type\":\"Person\",\"@id\":\"https:\\\/\\\/lobosnews.com.ar\\\/#\\\/schema\\\/person\\\/232422a593d5c541dd9aef6aaed10943\",\"name\":\"admin\",\"image\":{\"@type\":\"ImageObject\",\"inLanguage\":\"es\",\"@id\":\"https:\\\/\\\/secure.gravatar.com\\\/avatar\\\/76e419471a2083bc3ceab22a763dbbf9b0c1bd15a6214cf3280e2c2dde4580f9?s=96&d=mm&r=g\",\"url\":\"https:\\\/\\\/secure.gravatar.com\\\/avatar\\\/76e419471a2083bc3ceab22a763dbbf9b0c1bd15a6214cf3280e2c2dde4580f9?s=96&d=mm&r=g\",\"contentUrl\":\"https:\\\/\\\/secure.gravatar.com\\\/avatar\\\/76e419471a2083bc3ceab22a763dbbf9b0c1bd15a6214cf3280e2c2dde4580f9?s=96&d=mm&r=g\",\"caption\":\"admin\"},\"sameAs\":[\"https:\\\/\\\/lobosnews.com.ar\"],\"url\":\"https:\\\/\\\/lobosnews.com.ar\\\/index.php\\\/author\\\/lobos-news\\\/\"}]}<\/script>\n<!-- \/ Yoast SEO plugin. -->","yoast_head_json":{"title":"La historia de la maestra argentina que gan\u00f3 un contrato de UFC tras una sangrienta pelea y ahora tendr\u00e1 su esperado debut en Par\u00eds - Lobos News","robots":{"index":"index","follow":"follow","max-snippet":"max-snippet:-1","max-image-preview":"max-image-preview:large","max-video-preview":"max-video-preview:-1"},"canonical":"https:\/\/lobosnews.com.ar\/index.php\/2026\/09\/05\/la-historia-de-la-maestra-argentina-que-gano-un-contrato-de-ufc-tras-una-sangrienta-pelea-y-ahora-tendra-su-esperado-debut-en-paris\/","og_locale":"es_ES","og_type":"article","og_title":"La historia de la maestra argentina que gan\u00f3 un contrato de UFC tras una sangrienta pelea y ahora tendr\u00e1 su esperado debut en Par\u00eds - Lobos News","og_description":"Sof\u00eda Montenegro tuvo que aprender desde muy temprano que ganar y perder no siempre significa lo que dicen las tarjetas de los jueces. Lo descubri\u00f3 de la manera m\u00e1s cruel y, al mismo tiempo, m\u00e1s inesperada: despu\u00e9s de protagonizar una pelea sangrienta, sufrir una derrota por decisi\u00f3n dividida y terminar en un hospital recibiendo puntos...","og_url":"https:\/\/lobosnews.com.ar\/index.php\/2026\/09\/05\/la-historia-de-la-maestra-argentina-que-gano-un-contrato-de-ufc-tras-una-sangrienta-pelea-y-ahora-tendra-su-esperado-debut-en-paris\/","og_site_name":"Lobos News","article_published_time":"2026-09-05T14:28:04+00:00","article_modified_time":"2026-09-05T15:53:19+00:00","og_image":[{"url":"https:\/\/lobosnews.com.ar\/wp-content\/uploads\/2026\/09\/la-historia-de-la-maestra-argentina-que-gano-un-contrato-de-ufc-tras-una-sangrienta-pelea-y-ahora-tendra-su-esperado-debut-en-paris.jpg","type":"","width":"","height":""}],"author":"admin","twitter_card":"summary_large_image","twitter_misc":{"Escrito por":"admin","Tiempo de lectura":"6 minutos"},"schema":{"@context":"https:\/\/schema.org","@graph":[{"@type":"Article","@id":"https:\/\/lobosnews.com.ar\/index.php\/2026\/09\/05\/la-historia-de-la-maestra-argentina-que-gano-un-contrato-de-ufc-tras-una-sangrienta-pelea-y-ahora-tendra-su-esperado-debut-en-paris\/#article","isPartOf":{"@id":"https:\/\/lobosnews.com.ar\/index.php\/2026\/09\/05\/la-historia-de-la-maestra-argentina-que-gano-un-contrato-de-ufc-tras-una-sangrienta-pelea-y-ahora-tendra-su-esperado-debut-en-paris\/"},"author":{"name":"admin","@id":"https:\/\/lobosnews.com.ar\/#\/schema\/person\/232422a593d5c541dd9aef6aaed10943"},"headline":"La historia de la maestra argentina que gan\u00f3 un contrato de UFC tras una sangrienta pelea y ahora tendr\u00e1 su esperado debut en Par\u00eds","datePublished":"2026-09-05T14:28:04+00:00","dateModified":"2026-09-05T15:53:19+00:00","mainEntityOfPage":{"@id":"https:\/\/lobosnews.com.ar\/index.php\/2026\/09\/05\/la-historia-de-la-maestra-argentina-que-gano-un-contrato-de-ufc-tras-una-sangrienta-pelea-y-ahora-tendra-su-esperado-debut-en-paris\/"},"wordCount":1276,"commentCount":0,"publisher":{"@id":"https:\/\/lobosnews.com.ar\/#organization"},"image":{"@id":"https:\/\/lobosnews.com.ar\/index.php\/2026\/09\/05\/la-historia-de-la-maestra-argentina-que-gano-un-contrato-de-ufc-tras-una-sangrienta-pelea-y-ahora-tendra-su-esperado-debut-en-paris\/#primaryimage"},"thumbnailUrl":"https:\/\/lobosnews.com.ar\/wp-content\/uploads\/2026\/09\/la-historia-de-la-maestra-argentina-que-gano-un-contrato-de-ufc-tras-una-sangrienta-pelea-y-ahora-tendra-su-esperado-debut-en-paris.jpg","keywords":["Deportes"],"articleSection":["Argentina"],"inLanguage":"es","potentialAction":[{"@type":"CommentAction","name":"Comment","target":["https:\/\/lobosnews.com.ar\/index.php\/2026\/09\/05\/la-historia-de-la-maestra-argentina-que-gano-un-contrato-de-ufc-tras-una-sangrienta-pelea-y-ahora-tendra-su-esperado-debut-en-paris\/#respond"]}]},{"@type":"WebPage","@id":"https:\/\/lobosnews.com.ar\/index.php\/2026\/09\/05\/la-historia-de-la-maestra-argentina-que-gano-un-contrato-de-ufc-tras-una-sangrienta-pelea-y-ahora-tendra-su-esperado-debut-en-paris\/","url":"https:\/\/lobosnews.com.ar\/index.php\/2026\/09\/05\/la-historia-de-la-maestra-argentina-que-gano-un-contrato-de-ufc-tras-una-sangrienta-pelea-y-ahora-tendra-su-esperado-debut-en-paris\/","name":"La historia de la maestra argentina que gan\u00f3 un contrato de UFC tras una sangrienta pelea y ahora tendr\u00e1 su esperado debut en Par\u00eds - Lobos News","isPartOf":{"@id":"https:\/\/lobosnews.com.ar\/#website"},"primaryImageOfPage":{"@id":"https:\/\/lobosnews.com.ar\/index.php\/2026\/09\/05\/la-historia-de-la-maestra-argentina-que-gano-un-contrato-de-ufc-tras-una-sangrienta-pelea-y-ahora-tendra-su-esperado-debut-en-paris\/#primaryimage"},"image":{"@id":"https:\/\/lobosnews.com.ar\/index.php\/2026\/09\/05\/la-historia-de-la-maestra-argentina-que-gano-un-contrato-de-ufc-tras-una-sangrienta-pelea-y-ahora-tendra-su-esperado-debut-en-paris\/#primaryimage"},"thumbnailUrl":"https:\/\/lobosnews.com.ar\/wp-content\/uploads\/2026\/09\/la-historia-de-la-maestra-argentina-que-gano-un-contrato-de-ufc-tras-una-sangrienta-pelea-y-ahora-tendra-su-esperado-debut-en-paris.jpg","datePublished":"2026-09-05T14:28:04+00:00","dateModified":"2026-09-05T15:53:19+00:00","breadcrumb":{"@id":"https:\/\/lobosnews.com.ar\/index.php\/2026\/09\/05\/la-historia-de-la-maestra-argentina-que-gano-un-contrato-de-ufc-tras-una-sangrienta-pelea-y-ahora-tendra-su-esperado-debut-en-paris\/#breadcrumb"},"inLanguage":"es","potentialAction":[{"@type":"ReadAction","target":["https:\/\/lobosnews.com.ar\/index.php\/2026\/09\/05\/la-historia-de-la-maestra-argentina-que-gano-un-contrato-de-ufc-tras-una-sangrienta-pelea-y-ahora-tendra-su-esperado-debut-en-paris\/"]}]},{"@type":"ImageObject","inLanguage":"es","@id":"https:\/\/lobosnews.com.ar\/index.php\/2026\/09\/05\/la-historia-de-la-maestra-argentina-que-gano-un-contrato-de-ufc-tras-una-sangrienta-pelea-y-ahora-tendra-su-esperado-debut-en-paris\/#primaryimage","url":"https:\/\/lobosnews.com.ar\/wp-content\/uploads\/2026\/09\/la-historia-de-la-maestra-argentina-que-gano-un-contrato-de-ufc-tras-una-sangrienta-pelea-y-ahora-tendra-su-esperado-debut-en-paris.jpg","contentUrl":"https:\/\/lobosnews.com.ar\/wp-content\/uploads\/2026\/09\/la-historia-de-la-maestra-argentina-que-gano-un-contrato-de-ufc-tras-una-sangrienta-pelea-y-ahora-tendra-su-esperado-debut-en-paris.jpg","width":1920,"height":1080},{"@type":"BreadcrumbList","@id":"https:\/\/lobosnews.com.ar\/index.php\/2026\/09\/05\/la-historia-de-la-maestra-argentina-que-gano-un-contrato-de-ufc-tras-una-sangrienta-pelea-y-ahora-tendra-su-esperado-debut-en-paris\/#breadcrumb","itemListElement":[{"@type":"ListItem","position":1,"name":"Portada","item":"https:\/\/lobosnews.com.ar\/"},{"@type":"ListItem","position":2,"name":"La historia de la maestra argentina que gan\u00f3 un contrato de UFC tras una sangrienta pelea y ahora tendr\u00e1 su esperado debut en Par\u00eds"}]},{"@type":"WebSite","@id":"https:\/\/lobosnews.com.ar\/#website","url":"https:\/\/lobosnews.com.ar\/","name":"Lobos News","description":"Informaci\u00f3n a cada instante","publisher":{"@id":"https:\/\/lobosnews.com.ar\/#organization"},"potentialAction":[{"@type":"SearchAction","target":{"@type":"EntryPoint","urlTemplate":"https:\/\/lobosnews.com.ar\/?s={search_term_string}"},"query-input":{"@type":"PropertyValueSpecification","valueRequired":true,"valueName":"search_term_string"}}],"inLanguage":"es"},{"@type":"Organization","@id":"https:\/\/lobosnews.com.ar\/#organization","name":"Lobos News","url":"https:\/\/lobosnews.com.ar\/","logo":{"@type":"ImageObject","inLanguage":"es","@id":"https:\/\/lobosnews.com.ar\/#\/schema\/logo\/image\/","url":"https:\/\/lobosnews.com.ar\/wp-content\/uploads\/2026\/01\/logo-lobosnews.png","contentUrl":"https:\/\/lobosnews.com.ar\/wp-content\/uploads\/2026\/01\/logo-lobosnews.png","width":500,"height":200,"caption":"Lobos News"},"image":{"@id":"https:\/\/lobosnews.com.ar\/#\/schema\/logo\/image\/"}},{"@type":"Person","@id":"https:\/\/lobosnews.com.ar\/#\/schema\/person\/232422a593d5c541dd9aef6aaed10943","name":"admin","image":{"@type":"ImageObject","inLanguage":"es","@id":"https:\/\/secure.gravatar.com\/avatar\/76e419471a2083bc3ceab22a763dbbf9b0c1bd15a6214cf3280e2c2dde4580f9?s=96&d=mm&r=g","url":"https:\/\/secure.gravatar.com\/avatar\/76e419471a2083bc3ceab22a763dbbf9b0c1bd15a6214cf3280e2c2dde4580f9?s=96&d=mm&r=g","contentUrl":"https:\/\/secure.gravatar.com\/avatar\/76e419471a2083bc3ceab22a763dbbf9b0c1bd15a6214cf3280e2c2dde4580f9?s=96&d=mm&r=g","caption":"admin"},"sameAs":["https:\/\/lobosnews.com.ar"],"url":"https:\/\/lobosnews.com.ar\/index.php\/author\/lobos-news\/"}]}},"jetpack_featured_media_url":"","jetpack_sharing_enabled":true,"_links":{"self":[{"href":"https:\/\/lobosnews.com.ar\/index.php\/wp-json\/wp\/v2\/posts\/97722","targetHints":{"allow":["GET"]}}],"collection":[{"href":"https:\/\/lobosnews.com.ar\/index.php\/wp-json\/wp\/v2\/posts"}],"about":[{"href":"https:\/\/lobosnews.com.ar\/index.php\/wp-json\/wp\/v2\/types\/post"}],"author":[{"embeddable":true,"href":"https:\/\/lobosnews.com.ar\/index.php\/wp-json\/wp\/v2\/users\/1"}],"replies":[{"embeddable":true,"href":"https:\/\/lobosnews.com.ar\/index.php\/wp-json\/wp\/v2\/comments?post=97722"}],"version-history":[{"count":1,"href":"https:\/\/lobosnews.com.ar\/index.php\/wp-json\/wp\/v2\/posts\/97722\/revisions"}],"predecessor-version":[{"id":97726,"href":"https:\/\/lobosnews.com.ar\/index.php\/wp-json\/wp\/v2\/posts\/97722\/revisions\/97726"}],"wp:attachment":[{"href":"https:\/\/lobosnews.com.ar\/index.php\/wp-json\/wp\/v2\/media?parent=97722"}],"wp:term":[{"taxonomy":"category","embeddable":true,"href":"https:\/\/lobosnews.com.ar\/index.php\/wp-json\/wp\/v2\/categories?post=97722"},{"taxonomy":"post_tag","embeddable":true,"href":"https:\/\/lobosnews.com.ar\/index.php\/wp-json\/wp\/v2\/tags?post=97722"}],"curies":[{"name":"wp","href":"https:\/\/api.w.org\/{rel}","templated":true}]}}