{"id":9765,"date":"2026-01-21T20:17:45","date_gmt":"2026-01-21T20:17:45","guid":{"rendered":"https:\/\/lobosnews.com.ar\/index.php\/2026\/01\/21\/dinamarca-desplego-una-unidad-de-elite-en-groenlandia-y-prepara-a-la-poblacion-para-enfrentar-una-crisis-en-la-isla\/"},"modified":"2026-01-21T22:55:15","modified_gmt":"2026-01-21T22:55:15","slug":"dinamarca-desplego-una-unidad-de-elite-en-groenlandia-y-prepara-a-la-poblacion-para-enfrentar-una-crisis-en-la-isla","status":"publish","type":"post","link":"https:\/\/lobosnews.com.ar\/index.php\/2026\/01\/21\/dinamarca-desplego-una-unidad-de-elite-en-groenlandia-y-prepara-a-la-poblacion-para-enfrentar-una-crisis-en-la-isla\/","title":{"rendered":"Dinamarca despleg\u00f3 una unidad de \u00e9lite en Groenlandia y prepara a la poblaci\u00f3n para enfrentar una crisis en la isla"},"content":{"rendered":"<p><img loading=\"lazy\" decoding=\"async\" src=\"https:\/\/lobosnews.com.ar\/wp-content\/uploads\/2026\/01\/dinamarca-desplego-una-unidad-de-elite-en-groenlandia-y-prepara-a-la-poblacion-para-enfrentar-una-crisis-en-la-isla.jpg\" alt=\"Miembros de las fuerzas armadas danesas practican la b\u00fasqueda de posibles amenazas durante un ejercicio militar mientras unidades de la guardia nacional danesa, sueca y noruega, junto con tropas danesas, alemanas y francesas, participan en ejercicios militares conjuntos en Kangerlussuaq, Groenlandia, el 17 de septiembre de 2025. REUTERS\/Guglielmo Mangiapane\" height=\"3816\" width=\"5726\"\/><\/p>\n<p>El ej\u00e9rcito dan\u00e9s despleg\u00f3 el mi\u00e9rcoles <b>unidades de \u00e9lite en Groenlandia<\/b>, un territorio aut\u00f3nomo dan\u00e9s cuya importancia geopol\u00edtica ha crecido en los \u00faltimos a\u00f1os y que ha sido objetivo de inter\u00e9s por parte de <b>Donald Trump<\/b>. Seg\u00fan el <b>Comando \u00c1rtico Dan\u00e9s<\/b>, por primera vez, especialistas de la unidad de <b>fuerzas<\/b> <b>especiales Jaegerkorpset <\/b>operan en la costa de Blosseville, una de las regiones m\u00e1s agrestes del territorio. El despliegue responde a la intenci\u00f3n de<b> reforzar la presencia en el \u00c1rtico<\/b>, en un contexto marcado por la competencia internacional en la regi\u00f3n.<\/p>\n<p>En paralelo, la fragata danesa <b>Peter Willemoes <\/b>participa en el ejercicio militar <b>Arctic Endurance<\/b>, que re\u00fane a fuerzas de varios pa\u00edses europeos y que comenz\u00f3 la semana pasada en Groenlandia, de acuerdo con la emisora danesa DR. Adem\u00e1s, la fragata francesa Bretagne est\u00e1 realizando maniobras conjuntas con el buque dan\u00e9s Thetis en el Atl\u00e1ntico Norte, indic\u00f3 el Comando \u00c1rtico.<\/p>\n<p>Mientras tanto, el gobierno de <b>Groenlandia difundi\u00f3 el mi\u00e9rcoles una nueva gu\u00eda destinada a la poblaci\u00f3n para afrontar posibles situaciones de crisis<\/b>. Seg\u00fan explic\u00f3 el ministro de Autosuficiencia, Peter Borg, el documento constituye una \u201c<b>p\u00f3liza de seguro<\/b>\u201d a la que esperan no tener que recurrir. La gu\u00eda, presentada en una conferencia de prensa en Nuuk, recomienda almacenar <b>alimentos <\/b>y <b>agua <\/b>para cinco d\u00edas, as\u00ed como <b>armas <\/b>de caza, <b>munici\u00f3n <\/b>y equipo de <b>pesca<\/b>. El material fue elaborado \u201c<b>ante la realidad de cortes de energ\u00eda de diferente duraci\u00f3n<\/b>\u201d, seg\u00fan detall\u00f3 el gobierno groenland\u00e9s.<\/p>\n<p>La poblaci\u00f3n de Groenlandia, compuesta por unas <b>57.000<\/b> <b>personas<\/b>, en su mayor\u00eda inuit, mantiene una tradici\u00f3n de subsistencia basada en la <b>caza <\/b>y la <b>pesca<\/b>. Seg\u00fan una encuesta realizada en enero de 2025,<b> el 85% de los groenlandeses se opone a la integraci\u00f3n con Estados Unidos, mientras que solo el 6% la apoya.<\/b><\/p>\n<p>En el \u00e1mbito internacional, el presidente estadounidense Donald Trump reiter\u00f3 este mi\u00e9rcoles en el Foro de Davos su inter\u00e9s en adquirir Groenlandia, argumentando la necesidad de contrarrestar la influencia de Rusia y China en el \u00c1rtico y preservar la estabilidad global, seg\u00fan declaraciones recogidas por DR y el gobierno groenland\u00e9s. Trump asegur\u00f3 que \u201cno utilizar\u00e1 la fuerza\u201d para tomar la isla, pero exigi\u00f3 el inicio de \u201cnegociaciones inmediatas\u201d para su adquisici\u00f3n, gesto que ha generado inquietud entre aliados europeos y de la OTAN.<\/p>\n<p><img loading=\"lazy\" decoding=\"async\" src=\"https:\/\/lobosnews.com.ar\/wp-content\/uploads\/2026\/01\/dinamarca-desplego-una-unidad-de-elite-en-groenlandia-y-prepara-a-la-poblacion-para-enfrentar-una-crisis-en-la-isla-1.jpg\" alt=\"Un avi\u00f3n de la Real Fuerza A\u00e9rea Danesa con personal militar aterriza en el aeropuerto de Nuuk, Groenlandia, el 14 de enero de 2026. REUTERS\/Janis Laizans\" height=\"4000\" width=\"6000\"\/><\/p>\n<p>El primer ministro groenland\u00e9s, Jens-Frederik Nielsen, descart\u00f3 el martes la posibilidad de una operaci\u00f3n militar contra el territorio, aunque subray\u00f3 la necesidad de estar preparados ante cualquier eventualidad.<\/p>\n<h2>Carney y Rutte se comprometen a la \u201csoberan\u00eda e integridad\u201d de Dinamarca y Groenlandia<\/h2>\n<p><img loading=\"lazy\" decoding=\"async\" src=\"https:\/\/lobosnews.com.ar\/wp-content\/uploads\/2026\/01\/dinamarca-desplego-una-unidad-de-elite-en-groenlandia-y-prepara-a-la-poblacion-para-enfrentar-una-crisis-en-la-isla-2.jpg\" alt=\"Fuerzas militares danesas participan en un ejercicio con cientos de tropas de varios pa\u00edses europeos miembros de la OTAN en el oc\u00e9ano \u00c1rtico, en Nuuk, Groenlandia, el lunes 15 de septiembre de 2025. (Foto AP\/Ebrahim Noroozi)\" height=\"5103\" width=\"7654\"\/><\/p>\n<p>El primer ministro de Canad\u00e1, <b>Mark Carney<\/b>, y el secretario general de la OTAN, <b>Mark Rutte<\/b>, reafirmaron su respaldo a la soberan\u00eda e integridad territorial de Dinamarca, incluida Groenlandia, durante una reuni\u00f3n mantenida este mi\u00e9rcoles en los m\u00e1rgenes del Foro de Davos, seg\u00fan un comunicado difundido por la Oficina del Primer Ministro de Canad\u00e1. Entre los temas tratados destacaron la \u201cprueba\u201d que enfrenta la Alianza Atl\u00e1ntica ante los intentos de Washington de adquirir Groenlandia, as\u00ed como la importancia de la seguridad en el \u00c1rtico, el gasto en defensa y la situaci\u00f3n en Ucrania.<\/p>\n<p>En el encuentro, Carney y Rutte subrayaron que cualquier decisi\u00f3n sobre el futuro de Groenlandia corresponde exclusivamente a Groenlandia y Dinamarca, de acuerdo con el comunicado oficial. Si bien el texto no menciona expl\u00edcitamente a Estados Unidos ni al presidente Donald Trump, ambos calificaron como una \u201cprueba\u201d la coyuntura actual que afronta la alianza militar por los intentos estadounidenses de adquirir la isla.<\/p>\n<p>Los mandatarios indicaron que la primera respuesta ante este desaf\u00edo debe ser garantizar la seguridad del \u00c1rtico, lo que implica acelerar nuevas inversiones en el flanco noroccidental de la OTAN.<b> Carney record\u00f3 a Rutte que Canad\u00e1 est\u00e1 en pleno proceso de cuadruplicar su gasto en defensa durante las pr\u00f3ximas d\u00e9cadas, incluyendo el refuerzo de la soberan\u00eda canadiense sobre sus zonas \u00e1rticas.<\/b><\/p>\n<p>Durante la reuni\u00f3n, Carney y Rutte dialogaron tambi\u00e9n sobre la situaci\u00f3n en Ucrania y las conversaciones de paz, reiterando la importancia del respaldo de la OTAN para el avance de la paz y la seguridad en el pa\u00eds afectado por la invasi\u00f3n rusa, seg\u00fan el comunicado difundido por la Oficina del Primer Ministro de Canad\u00e1.<\/p>\n<p><i>(Con informaci\u00f3n de EFE y AFP)<\/i><\/p>\n","protected":false},"excerpt":{"rendered":"<p>El ej\u00e9rcito dan\u00e9s despleg\u00f3 el mi\u00e9rcoles unidades de \u00e9lite en Groenlandia, un territorio aut\u00f3nomo dan\u00e9s cuya importancia geopol\u00edtica ha crecido en los \u00faltimos a\u00f1os y que ha sido objetivo de inter\u00e9s por parte de Donald Trump. Seg\u00fan el Comando \u00c1rtico Dan\u00e9s, por primera vez, especialistas de la unidad de fuerzas especiales Jaegerkorpset operan en la&#8230;<\/p>\n","protected":false},"author":1,"featured_media":9770,"comment_status":"open","ping_status":"closed","sticky":false,"template":"","format":"standard","meta":{"_jetpack_memberships_contains_paid_content":false,"footnotes":""},"categories":[31],"tags":[],"class_list":["post-9765","post","type-post","status-publish","format-standard","has-post-thumbnail","hentry","category-actualidad"],"magazineBlocksPostFeaturedMedia":{"thumbnail":"https:\/\/lobosnews.com.ar\/wp-content\/uploads\/2026\/01\/dinamarca-desplego-una-unidad-de-elite-en-groenlandia-y-prepara-a-la-poblacion-para-enfrentar-una-crisis-en-la-isla-4-150x150.jpg","medium":"https:\/\/lobosnews.com.ar\/wp-content\/uploads\/2026\/01\/dinamarca-desplego-una-unidad-de-elite-en-groenlandia-y-prepara-a-la-poblacion-para-enfrentar-una-crisis-en-la-isla-4-300x200.jpg","medium_large":"https:\/\/lobosnews.com.ar\/wp-content\/uploads\/2026\/01\/dinamarca-desplego-una-unidad-de-elite-en-groenlandia-y-prepara-a-la-poblacion-para-enfrentar-una-crisis-en-la-isla-4-768x512.jpg","large":"https:\/\/lobosnews.com.ar\/wp-content\/uploads\/2026\/01\/dinamarca-desplego-una-unidad-de-elite-en-groenlandia-y-prepara-a-la-poblacion-para-enfrentar-una-crisis-en-la-isla-4-1024x683.jpg","1536x1536":"https:\/\/lobosnews.com.ar\/wp-content\/uploads\/2026\/01\/dinamarca-desplego-una-unidad-de-elite-en-groenlandia-y-prepara-a-la-poblacion-para-enfrentar-una-crisis-en-la-isla-4-1536x1024.jpg","2048x2048":"https:\/\/lobosnews.com.ar\/wp-content\/uploads\/2026\/01\/dinamarca-desplego-una-unidad-de-elite-en-groenlandia-y-prepara-a-la-poblacion-para-enfrentar-una-crisis-en-la-isla-4-2048x1366.jpg","newsmatic-featured":"https:\/\/lobosnews.com.ar\/wp-content\/uploads\/2026\/01\/dinamarca-desplego-una-unidad-de-elite-en-groenlandia-y-prepara-a-la-poblacion-para-enfrentar-una-crisis-en-la-isla-4-820x545.jpg","newsmatic-list":"https:\/\/lobosnews.com.ar\/wp-content\/uploads\/2026\/01\/dinamarca-desplego-una-unidad-de-elite-en-groenlandia-y-prepara-a-la-poblacion-para-enfrentar-una-crisis-en-la-isla-4-600x400.jpg","newsmatic-thumb":"https:\/\/lobosnews.com.ar\/wp-content\/uploads\/2026\/01\/dinamarca-desplego-una-unidad-de-elite-en-groenlandia-y-prepara-a-la-poblacion-para-enfrentar-una-crisis-en-la-isla-4-300x200.jpg","newsmatic-small":"https:\/\/lobosnews.com.ar\/wp-content\/uploads\/2026\/01\/dinamarca-desplego-una-unidad-de-elite-en-groenlandia-y-prepara-a-la-poblacion-para-enfrentar-una-crisis-en-la-isla-4-150x95.jpg","newsmatic-grid":"https:\/\/lobosnews.com.ar\/wp-content\/uploads\/2026\/01\/dinamarca-desplego-una-unidad-de-elite-en-groenlandia-y-prepara-a-la-poblacion-para-enfrentar-una-crisis-en-la-isla-4-400x250.jpg"},"magazineBlocksPostAuthor":{"name":"admin","avatar":"https:\/\/secure.gravatar.com\/avatar\/76e419471a2083bc3ceab22a763dbbf9b0c1bd15a6214cf3280e2c2dde4580f9?s=96&d=mm&r=g"},"magazineBlocksPostCommentsNumber":"0","magazineBlocksPostExcerpt":"El ej\u00e9rcito dan\u00e9s despleg\u00f3 el mi\u00e9rcoles unidades de \u00e9lite en Groenlandia, un territorio aut\u00f3nomo dan\u00e9s cuya importancia geopol\u00edtica ha crecido en los \u00faltimos a\u00f1os y que ha sido objetivo de inter\u00e9s por parte de Donald Trump. Seg\u00fan el Comando \u00c1rtico Dan\u00e9s, por primera vez, especialistas de la unidad de fuerzas especiales Jaegerkorpset operan en la...","magazineBlocksPostCategories":["Actualidad"],"magazineBlocksPostViewCount":137,"magazineBlocksPostReadTime":4,"magazine_blocks_featured_image_url":{"full":["https:\/\/lobosnews.com.ar\/wp-content\/uploads\/2026\/01\/dinamarca-desplego-una-unidad-de-elite-en-groenlandia-y-prepara-a-la-poblacion-para-enfrentar-una-crisis-en-la-isla-4-scaled.jpg",2560,1707,false],"medium":["https:\/\/lobosnews.com.ar\/wp-content\/uploads\/2026\/01\/dinamarca-desplego-una-unidad-de-elite-en-groenlandia-y-prepara-a-la-poblacion-para-enfrentar-una-crisis-en-la-isla-4-300x200.jpg",300,200,true],"thumbnail":["https:\/\/lobosnews.com.ar\/wp-content\/uploads\/2026\/01\/dinamarca-desplego-una-unidad-de-elite-en-groenlandia-y-prepara-a-la-poblacion-para-enfrentar-una-crisis-en-la-isla-4-150x150.jpg",150,150,true]},"magazine_blocks_author":{"display_name":"admin","author_link":"https:\/\/lobosnews.com.ar\/index.php\/author\/lobos-news\/"},"magazine_blocks_comment":0,"magazine_blocks_author_image":"https:\/\/secure.gravatar.com\/avatar\/76e419471a2083bc3ceab22a763dbbf9b0c1bd15a6214cf3280e2c2dde4580f9?s=96&d=mm&r=g","magazine_blocks_category":"<a href=\"#\" class=\"category-link category-link-31\">Actualidad<\/a>","yoast_head":"<!-- This site is optimized with the Yoast SEO plugin v26.6 - https:\/\/yoast.com\/wordpress\/plugins\/seo\/ -->\n<title>Dinamarca despleg\u00f3 una unidad de \u00e9lite en Groenlandia y prepara a la poblaci\u00f3n para enfrentar una crisis en la isla - Lobos News<\/title>\n<meta name=\"robots\" content=\"index, follow, max-snippet:-1, max-image-preview:large, max-video-preview:-1\" \/>\n<link rel=\"canonical\" href=\"https:\/\/lobosnews.com.ar\/index.php\/2026\/01\/21\/dinamarca-desplego-una-unidad-de-elite-en-groenlandia-y-prepara-a-la-poblacion-para-enfrentar-una-crisis-en-la-isla\/\" \/>\n<meta property=\"og:locale\" content=\"es_ES\" \/>\n<meta property=\"og:type\" content=\"article\" \/>\n<meta property=\"og:title\" content=\"Dinamarca despleg\u00f3 una unidad de \u00e9lite en Groenlandia y prepara a la poblaci\u00f3n para enfrentar una crisis en la isla - Lobos News\" \/>\n<meta property=\"og:description\" content=\"El ej\u00e9rcito dan\u00e9s despleg\u00f3 el mi\u00e9rcoles unidades de \u00e9lite en Groenlandia, un territorio aut\u00f3nomo dan\u00e9s cuya importancia geopol\u00edtica ha crecido en los \u00faltimos a\u00f1os y que ha sido objetivo de inter\u00e9s por parte de Donald Trump. Seg\u00fan el Comando \u00c1rtico Dan\u00e9s, por primera vez, especialistas de la unidad de fuerzas especiales Jaegerkorpset operan en la...\" \/>\n<meta property=\"og:url\" content=\"https:\/\/lobosnews.com.ar\/index.php\/2026\/01\/21\/dinamarca-desplego-una-unidad-de-elite-en-groenlandia-y-prepara-a-la-poblacion-para-enfrentar-una-crisis-en-la-isla\/\" \/>\n<meta property=\"og:site_name\" content=\"Lobos News\" \/>\n<meta property=\"article:published_time\" content=\"2026-01-21T20:17:45+00:00\" \/>\n<meta property=\"article:modified_time\" content=\"2026-01-21T22:55:15+00:00\" \/>\n<meta property=\"og:image\" content=\"https:\/\/lobosnews.com.ar\/wp-content\/uploads\/2026\/01\/dinamarca-desplego-una-unidad-de-elite-en-groenlandia-y-prepara-a-la-poblacion-para-enfrentar-una-crisis-en-la-isla.jpg\" \/>\n<meta name=\"author\" content=\"admin\" \/>\n<meta name=\"twitter:card\" content=\"summary_large_image\" \/>\n<meta name=\"twitter:label1\" content=\"Escrito por\" \/>\n\t<meta name=\"twitter:data1\" content=\"admin\" \/>\n\t<meta name=\"twitter:label2\" content=\"Tiempo de lectura\" \/>\n\t<meta name=\"twitter:data2\" content=\"4 minutos\" \/>\n<script type=\"application\/ld+json\" class=\"yoast-schema-graph\">{\"@context\":\"https:\/\/schema.org\",\"@graph\":[{\"@type\":\"Article\",\"@id\":\"https:\/\/lobosnews.com.ar\/index.php\/2026\/01\/21\/dinamarca-desplego-una-unidad-de-elite-en-groenlandia-y-prepara-a-la-poblacion-para-enfrentar-una-crisis-en-la-isla\/#article\",\"isPartOf\":{\"@id\":\"https:\/\/lobosnews.com.ar\/index.php\/2026\/01\/21\/dinamarca-desplego-una-unidad-de-elite-en-groenlandia-y-prepara-a-la-poblacion-para-enfrentar-una-crisis-en-la-isla\/\"},\"author\":{\"name\":\"admin\",\"@id\":\"https:\/\/lobosnews.com.ar\/#\/schema\/person\/232422a593d5c541dd9aef6aaed10943\"},\"headline\":\"Dinamarca despleg\u00f3 una unidad de \u00e9lite en Groenlandia y prepara a la poblaci\u00f3n para enfrentar una crisis en la isla\",\"datePublished\":\"2026-01-21T20:17:45+00:00\",\"dateModified\":\"2026-01-21T22:55:15+00:00\",\"mainEntityOfPage\":{\"@id\":\"https:\/\/lobosnews.com.ar\/index.php\/2026\/01\/21\/dinamarca-desplego-una-unidad-de-elite-en-groenlandia-y-prepara-a-la-poblacion-para-enfrentar-una-crisis-en-la-isla\/\"},\"wordCount\":777,\"commentCount\":0,\"publisher\":{\"@id\":\"https:\/\/lobosnews.com.ar\/#organization\"},\"image\":{\"@id\":\"https:\/\/lobosnews.com.ar\/index.php\/2026\/01\/21\/dinamarca-desplego-una-unidad-de-elite-en-groenlandia-y-prepara-a-la-poblacion-para-enfrentar-una-crisis-en-la-isla\/#primaryimage\"},\"thumbnailUrl\":\"https:\/\/lobosnews.com.ar\/wp-content\/uploads\/2026\/01\/dinamarca-desplego-una-unidad-de-elite-en-groenlandia-y-prepara-a-la-poblacion-para-enfrentar-una-crisis-en-la-isla-4-scaled.jpg\",\"articleSection\":[\"Actualidad\"],\"inLanguage\":\"es\",\"potentialAction\":[{\"@type\":\"CommentAction\",\"name\":\"Comment\",\"target\":[\"https:\/\/lobosnews.com.ar\/index.php\/2026\/01\/21\/dinamarca-desplego-una-unidad-de-elite-en-groenlandia-y-prepara-a-la-poblacion-para-enfrentar-una-crisis-en-la-isla\/#respond\"]}]},{\"@type\":\"WebPage\",\"@id\":\"https:\/\/lobosnews.com.ar\/index.php\/2026\/01\/21\/dinamarca-desplego-una-unidad-de-elite-en-groenlandia-y-prepara-a-la-poblacion-para-enfrentar-una-crisis-en-la-isla\/\",\"url\":\"https:\/\/lobosnews.com.ar\/index.php\/2026\/01\/21\/dinamarca-desplego-una-unidad-de-elite-en-groenlandia-y-prepara-a-la-poblacion-para-enfrentar-una-crisis-en-la-isla\/\",\"name\":\"Dinamarca despleg\u00f3 una unidad de \u00e9lite en Groenlandia y prepara a la poblaci\u00f3n para enfrentar una crisis en la isla - Lobos News\",\"isPartOf\":{\"@id\":\"https:\/\/lobosnews.com.ar\/#website\"},\"primaryImageOfPage\":{\"@id\":\"https:\/\/lobosnews.com.ar\/index.php\/2026\/01\/21\/dinamarca-desplego-una-unidad-de-elite-en-groenlandia-y-prepara-a-la-poblacion-para-enfrentar-una-crisis-en-la-isla\/#primaryimage\"},\"image\":{\"@id\":\"https:\/\/lobosnews.com.ar\/index.php\/2026\/01\/21\/dinamarca-desplego-una-unidad-de-elite-en-groenlandia-y-prepara-a-la-poblacion-para-enfrentar-una-crisis-en-la-isla\/#primaryimage\"},\"thumbnailUrl\":\"https:\/\/lobosnews.com.ar\/wp-content\/uploads\/2026\/01\/dinamarca-desplego-una-unidad-de-elite-en-groenlandia-y-prepara-a-la-poblacion-para-enfrentar-una-crisis-en-la-isla-4-scaled.jpg\",\"datePublished\":\"2026-01-21T20:17:45+00:00\",\"dateModified\":\"2026-01-21T22:55:15+00:00\",\"breadcrumb\":{\"@id\":\"https:\/\/lobosnews.com.ar\/index.php\/2026\/01\/21\/dinamarca-desplego-una-unidad-de-elite-en-groenlandia-y-prepara-a-la-poblacion-para-enfrentar-una-crisis-en-la-isla\/#breadcrumb\"},\"inLanguage\":\"es\",\"potentialAction\":[{\"@type\":\"ReadAction\",\"target\":[\"https:\/\/lobosnews.com.ar\/index.php\/2026\/01\/21\/dinamarca-desplego-una-unidad-de-elite-en-groenlandia-y-prepara-a-la-poblacion-para-enfrentar-una-crisis-en-la-isla\/\"]}]},{\"@type\":\"ImageObject\",\"inLanguage\":\"es\",\"@id\":\"https:\/\/lobosnews.com.ar\/index.php\/2026\/01\/21\/dinamarca-desplego-una-unidad-de-elite-en-groenlandia-y-prepara-a-la-poblacion-para-enfrentar-una-crisis-en-la-isla\/#primaryimage\",\"url\":\"https:\/\/lobosnews.com.ar\/wp-content\/uploads\/2026\/01\/dinamarca-desplego-una-unidad-de-elite-en-groenlandia-y-prepara-a-la-poblacion-para-enfrentar-una-crisis-en-la-isla-4-scaled.jpg\",\"contentUrl\":\"https:\/\/lobosnews.com.ar\/wp-content\/uploads\/2026\/01\/dinamarca-desplego-una-unidad-de-elite-en-groenlandia-y-prepara-a-la-poblacion-para-enfrentar-una-crisis-en-la-isla-4-scaled.jpg\",\"width\":2560,\"height\":1707,\"caption\":\"Dinamarca despleg\u00f3 una unidad de \u00e9lite en Groenlandia y prepara a la poblaci\u00f3n para enfrentar una crisis en la isla\"},{\"@type\":\"BreadcrumbList\",\"@id\":\"https:\/\/lobosnews.com.ar\/index.php\/2026\/01\/21\/dinamarca-desplego-una-unidad-de-elite-en-groenlandia-y-prepara-a-la-poblacion-para-enfrentar-una-crisis-en-la-isla\/#breadcrumb\",\"itemListElement\":[{\"@type\":\"ListItem\",\"position\":1,\"name\":\"Portada\",\"item\":\"https:\/\/lobosnews.com.ar\/\"},{\"@type\":\"ListItem\",\"position\":2,\"name\":\"Dinamarca despleg\u00f3 una unidad de \u00e9lite en Groenlandia y prepara a la poblaci\u00f3n para enfrentar una crisis en la isla\"}]},{\"@type\":\"WebSite\",\"@id\":\"https:\/\/lobosnews.com.ar\/#website\",\"url\":\"https:\/\/lobosnews.com.ar\/\",\"name\":\"Lobos News\",\"description\":\"Informaci\u00f3n a cada instante\",\"publisher\":{\"@id\":\"https:\/\/lobosnews.com.ar\/#organization\"},\"potentialAction\":[{\"@type\":\"SearchAction\",\"target\":{\"@type\":\"EntryPoint\",\"urlTemplate\":\"https:\/\/lobosnews.com.ar\/?s={search_term_string}\"},\"query-input\":{\"@type\":\"PropertyValueSpecification\",\"valueRequired\":true,\"valueName\":\"search_term_string\"}}],\"inLanguage\":\"es\"},{\"@type\":\"Organization\",\"@id\":\"https:\/\/lobosnews.com.ar\/#organization\",\"name\":\"Lobos News\",\"url\":\"https:\/\/lobosnews.com.ar\/\",\"logo\":{\"@type\":\"ImageObject\",\"inLanguage\":\"es\",\"@id\":\"https:\/\/lobosnews.com.ar\/#\/schema\/logo\/image\/\",\"url\":\"https:\/\/lobosnews.com.ar\/wp-content\/uploads\/2026\/01\/logo-lobosnews.png\",\"contentUrl\":\"https:\/\/lobosnews.com.ar\/wp-content\/uploads\/2026\/01\/logo-lobosnews.png\",\"width\":500,\"height\":200,\"caption\":\"Lobos News\"},\"image\":{\"@id\":\"https:\/\/lobosnews.com.ar\/#\/schema\/logo\/image\/\"}},{\"@type\":\"Person\",\"@id\":\"https:\/\/lobosnews.com.ar\/#\/schema\/person\/232422a593d5c541dd9aef6aaed10943\",\"name\":\"admin\",\"image\":{\"@type\":\"ImageObject\",\"inLanguage\":\"es\",\"@id\":\"https:\/\/lobosnews.com.ar\/#\/schema\/person\/image\/\",\"url\":\"https:\/\/secure.gravatar.com\/avatar\/76e419471a2083bc3ceab22a763dbbf9b0c1bd15a6214cf3280e2c2dde4580f9?s=96&d=mm&r=g\",\"contentUrl\":\"https:\/\/secure.gravatar.com\/avatar\/76e419471a2083bc3ceab22a763dbbf9b0c1bd15a6214cf3280e2c2dde4580f9?s=96&d=mm&r=g\",\"caption\":\"admin\"},\"sameAs\":[\"https:\/\/lobosnews.com.ar\"],\"url\":\"https:\/\/lobosnews.com.ar\/index.php\/author\/lobos-news\/\"}]}<\/script>\n<!-- \/ Yoast SEO plugin. -->","yoast_head_json":{"title":"Dinamarca despleg\u00f3 una unidad de \u00e9lite en Groenlandia y prepara a la poblaci\u00f3n para enfrentar una crisis en la isla - Lobos News","robots":{"index":"index","follow":"follow","max-snippet":"max-snippet:-1","max-image-preview":"max-image-preview:large","max-video-preview":"max-video-preview:-1"},"canonical":"https:\/\/lobosnews.com.ar\/index.php\/2026\/01\/21\/dinamarca-desplego-una-unidad-de-elite-en-groenlandia-y-prepara-a-la-poblacion-para-enfrentar-una-crisis-en-la-isla\/","og_locale":"es_ES","og_type":"article","og_title":"Dinamarca despleg\u00f3 una unidad de \u00e9lite en Groenlandia y prepara a la poblaci\u00f3n para enfrentar una crisis en la isla - Lobos News","og_description":"El ej\u00e9rcito dan\u00e9s despleg\u00f3 el mi\u00e9rcoles unidades de \u00e9lite en Groenlandia, un territorio aut\u00f3nomo dan\u00e9s cuya importancia geopol\u00edtica ha crecido en los \u00faltimos a\u00f1os y que ha sido objetivo de inter\u00e9s por parte de Donald Trump. Seg\u00fan el Comando \u00c1rtico Dan\u00e9s, por primera vez, especialistas de la unidad de fuerzas especiales Jaegerkorpset operan en la...","og_url":"https:\/\/lobosnews.com.ar\/index.php\/2026\/01\/21\/dinamarca-desplego-una-unidad-de-elite-en-groenlandia-y-prepara-a-la-poblacion-para-enfrentar-una-crisis-en-la-isla\/","og_site_name":"Lobos News","article_published_time":"2026-01-21T20:17:45+00:00","article_modified_time":"2026-01-21T22:55:15+00:00","og_image":[{"url":"https:\/\/lobosnews.com.ar\/wp-content\/uploads\/2026\/01\/dinamarca-desplego-una-unidad-de-elite-en-groenlandia-y-prepara-a-la-poblacion-para-enfrentar-una-crisis-en-la-isla.jpg","type":"","width":"","height":""}],"author":"admin","twitter_card":"summary_large_image","twitter_misc":{"Escrito por":"admin","Tiempo de lectura":"4 minutos"},"schema":{"@context":"https:\/\/schema.org","@graph":[{"@type":"Article","@id":"https:\/\/lobosnews.com.ar\/index.php\/2026\/01\/21\/dinamarca-desplego-una-unidad-de-elite-en-groenlandia-y-prepara-a-la-poblacion-para-enfrentar-una-crisis-en-la-isla\/#article","isPartOf":{"@id":"https:\/\/lobosnews.com.ar\/index.php\/2026\/01\/21\/dinamarca-desplego-una-unidad-de-elite-en-groenlandia-y-prepara-a-la-poblacion-para-enfrentar-una-crisis-en-la-isla\/"},"author":{"name":"admin","@id":"https:\/\/lobosnews.com.ar\/#\/schema\/person\/232422a593d5c541dd9aef6aaed10943"},"headline":"Dinamarca despleg\u00f3 una unidad de \u00e9lite en Groenlandia y prepara a la poblaci\u00f3n para enfrentar una crisis en la isla","datePublished":"2026-01-21T20:17:45+00:00","dateModified":"2026-01-21T22:55:15+00:00","mainEntityOfPage":{"@id":"https:\/\/lobosnews.com.ar\/index.php\/2026\/01\/21\/dinamarca-desplego-una-unidad-de-elite-en-groenlandia-y-prepara-a-la-poblacion-para-enfrentar-una-crisis-en-la-isla\/"},"wordCount":777,"commentCount":0,"publisher":{"@id":"https:\/\/lobosnews.com.ar\/#organization"},"image":{"@id":"https:\/\/lobosnews.com.ar\/index.php\/2026\/01\/21\/dinamarca-desplego-una-unidad-de-elite-en-groenlandia-y-prepara-a-la-poblacion-para-enfrentar-una-crisis-en-la-isla\/#primaryimage"},"thumbnailUrl":"https:\/\/lobosnews.com.ar\/wp-content\/uploads\/2026\/01\/dinamarca-desplego-una-unidad-de-elite-en-groenlandia-y-prepara-a-la-poblacion-para-enfrentar-una-crisis-en-la-isla-4-scaled.jpg","articleSection":["Actualidad"],"inLanguage":"es","potentialAction":[{"@type":"CommentAction","name":"Comment","target":["https:\/\/lobosnews.com.ar\/index.php\/2026\/01\/21\/dinamarca-desplego-una-unidad-de-elite-en-groenlandia-y-prepara-a-la-poblacion-para-enfrentar-una-crisis-en-la-isla\/#respond"]}]},{"@type":"WebPage","@id":"https:\/\/lobosnews.com.ar\/index.php\/2026\/01\/21\/dinamarca-desplego-una-unidad-de-elite-en-groenlandia-y-prepara-a-la-poblacion-para-enfrentar-una-crisis-en-la-isla\/","url":"https:\/\/lobosnews.com.ar\/index.php\/2026\/01\/21\/dinamarca-desplego-una-unidad-de-elite-en-groenlandia-y-prepara-a-la-poblacion-para-enfrentar-una-crisis-en-la-isla\/","name":"Dinamarca despleg\u00f3 una unidad de \u00e9lite en Groenlandia y prepara a la poblaci\u00f3n para enfrentar una crisis en la isla - Lobos News","isPartOf":{"@id":"https:\/\/lobosnews.com.ar\/#website"},"primaryImageOfPage":{"@id":"https:\/\/lobosnews.com.ar\/index.php\/2026\/01\/21\/dinamarca-desplego-una-unidad-de-elite-en-groenlandia-y-prepara-a-la-poblacion-para-enfrentar-una-crisis-en-la-isla\/#primaryimage"},"image":{"@id":"https:\/\/lobosnews.com.ar\/index.php\/2026\/01\/21\/dinamarca-desplego-una-unidad-de-elite-en-groenlandia-y-prepara-a-la-poblacion-para-enfrentar-una-crisis-en-la-isla\/#primaryimage"},"thumbnailUrl":"https:\/\/lobosnews.com.ar\/wp-content\/uploads\/2026\/01\/dinamarca-desplego-una-unidad-de-elite-en-groenlandia-y-prepara-a-la-poblacion-para-enfrentar-una-crisis-en-la-isla-4-scaled.jpg","datePublished":"2026-01-21T20:17:45+00:00","dateModified":"2026-01-21T22:55:15+00:00","breadcrumb":{"@id":"https:\/\/lobosnews.com.ar\/index.php\/2026\/01\/21\/dinamarca-desplego-una-unidad-de-elite-en-groenlandia-y-prepara-a-la-poblacion-para-enfrentar-una-crisis-en-la-isla\/#breadcrumb"},"inLanguage":"es","potentialAction":[{"@type":"ReadAction","target":["https:\/\/lobosnews.com.ar\/index.php\/2026\/01\/21\/dinamarca-desplego-una-unidad-de-elite-en-groenlandia-y-prepara-a-la-poblacion-para-enfrentar-una-crisis-en-la-isla\/"]}]},{"@type":"ImageObject","inLanguage":"es","@id":"https:\/\/lobosnews.com.ar\/index.php\/2026\/01\/21\/dinamarca-desplego-una-unidad-de-elite-en-groenlandia-y-prepara-a-la-poblacion-para-enfrentar-una-crisis-en-la-isla\/#primaryimage","url":"https:\/\/lobosnews.com.ar\/wp-content\/uploads\/2026\/01\/dinamarca-desplego-una-unidad-de-elite-en-groenlandia-y-prepara-a-la-poblacion-para-enfrentar-una-crisis-en-la-isla-4-scaled.jpg","contentUrl":"https:\/\/lobosnews.com.ar\/wp-content\/uploads\/2026\/01\/dinamarca-desplego-una-unidad-de-elite-en-groenlandia-y-prepara-a-la-poblacion-para-enfrentar-una-crisis-en-la-isla-4-scaled.jpg","width":2560,"height":1707,"caption":"Dinamarca despleg\u00f3 una unidad de \u00e9lite en Groenlandia y prepara a la poblaci\u00f3n para enfrentar una crisis en la isla"},{"@type":"BreadcrumbList","@id":"https:\/\/lobosnews.com.ar\/index.php\/2026\/01\/21\/dinamarca-desplego-una-unidad-de-elite-en-groenlandia-y-prepara-a-la-poblacion-para-enfrentar-una-crisis-en-la-isla\/#breadcrumb","itemListElement":[{"@type":"ListItem","position":1,"name":"Portada","item":"https:\/\/lobosnews.com.ar\/"},{"@type":"ListItem","position":2,"name":"Dinamarca despleg\u00f3 una unidad de \u00e9lite en Groenlandia y prepara a la poblaci\u00f3n para enfrentar una crisis en la isla"}]},{"@type":"WebSite","@id":"https:\/\/lobosnews.com.ar\/#website","url":"https:\/\/lobosnews.com.ar\/","name":"Lobos News","description":"Informaci\u00f3n a cada instante","publisher":{"@id":"https:\/\/lobosnews.com.ar\/#organization"},"potentialAction":[{"@type":"SearchAction","target":{"@type":"EntryPoint","urlTemplate":"https:\/\/lobosnews.com.ar\/?s={search_term_string}"},"query-input":{"@type":"PropertyValueSpecification","valueRequired":true,"valueName":"search_term_string"}}],"inLanguage":"es"},{"@type":"Organization","@id":"https:\/\/lobosnews.com.ar\/#organization","name":"Lobos News","url":"https:\/\/lobosnews.com.ar\/","logo":{"@type":"ImageObject","inLanguage":"es","@id":"https:\/\/lobosnews.com.ar\/#\/schema\/logo\/image\/","url":"https:\/\/lobosnews.com.ar\/wp-content\/uploads\/2026\/01\/logo-lobosnews.png","contentUrl":"https:\/\/lobosnews.com.ar\/wp-content\/uploads\/2026\/01\/logo-lobosnews.png","width":500,"height":200,"caption":"Lobos News"},"image":{"@id":"https:\/\/lobosnews.com.ar\/#\/schema\/logo\/image\/"}},{"@type":"Person","@id":"https:\/\/lobosnews.com.ar\/#\/schema\/person\/232422a593d5c541dd9aef6aaed10943","name":"admin","image":{"@type":"ImageObject","inLanguage":"es","@id":"https:\/\/lobosnews.com.ar\/#\/schema\/person\/image\/","url":"https:\/\/secure.gravatar.com\/avatar\/76e419471a2083bc3ceab22a763dbbf9b0c1bd15a6214cf3280e2c2dde4580f9?s=96&d=mm&r=g","contentUrl":"https:\/\/secure.gravatar.com\/avatar\/76e419471a2083bc3ceab22a763dbbf9b0c1bd15a6214cf3280e2c2dde4580f9?s=96&d=mm&r=g","caption":"admin"},"sameAs":["https:\/\/lobosnews.com.ar"],"url":"https:\/\/lobosnews.com.ar\/index.php\/author\/lobos-news\/"}]}},"jetpack_featured_media_url":"https:\/\/lobosnews.com.ar\/wp-content\/uploads\/2026\/01\/dinamarca-desplego-una-unidad-de-elite-en-groenlandia-y-prepara-a-la-poblacion-para-enfrentar-una-crisis-en-la-isla-4-scaled.jpg","jetpack_sharing_enabled":true,"_links":{"self":[{"href":"https:\/\/lobosnews.com.ar\/index.php\/wp-json\/wp\/v2\/posts\/9765","targetHints":{"allow":["GET"]}}],"collection":[{"href":"https:\/\/lobosnews.com.ar\/index.php\/wp-json\/wp\/v2\/posts"}],"about":[{"href":"https:\/\/lobosnews.com.ar\/index.php\/wp-json\/wp\/v2\/types\/post"}],"author":[{"embeddable":true,"href":"https:\/\/lobosnews.com.ar\/index.php\/wp-json\/wp\/v2\/users\/1"}],"replies":[{"embeddable":true,"href":"https:\/\/lobosnews.com.ar\/index.php\/wp-json\/wp\/v2\/comments?post=9765"}],"version-history":[{"count":1,"href":"https:\/\/lobosnews.com.ar\/index.php\/wp-json\/wp\/v2\/posts\/9765\/revisions"}],"predecessor-version":[{"id":9769,"href":"https:\/\/lobosnews.com.ar\/index.php\/wp-json\/wp\/v2\/posts\/9765\/revisions\/9769"}],"wp:featuredmedia":[{"embeddable":true,"href":"https:\/\/lobosnews.com.ar\/index.php\/wp-json\/wp\/v2\/media\/9770"}],"wp:attachment":[{"href":"https:\/\/lobosnews.com.ar\/index.php\/wp-json\/wp\/v2\/media?parent=9765"}],"wp:term":[{"taxonomy":"category","embeddable":true,"href":"https:\/\/lobosnews.com.ar\/index.php\/wp-json\/wp\/v2\/categories?post=9765"},{"taxonomy":"post_tag","embeddable":true,"href":"https:\/\/lobosnews.com.ar\/index.php\/wp-json\/wp\/v2\/tags?post=9765"}],"curies":[{"name":"wp","href":"https:\/\/api.w.org\/{rel}","templated":true}]}}