{"id":97596,"date":"2026-09-04T23:43:36","date_gmt":"2026-09-04T23:43:36","guid":{"rendered":"https:\/\/lobosnews.com.ar\/?p=97596"},"modified":"2026-09-05T01:32:55","modified_gmt":"2026-09-05T01:32:55","slug":"el-hijo-de-miguel-angel-pierri-recordo-su-intervencion-en-el-caso-angeles-rawson-yo-tenia-claro-que-era-un-asesino","status":"publish","type":"post","link":"https:\/\/lobosnews.com.ar\/index.php\/2026\/09\/04\/el-hijo-de-miguel-angel-pierri-recordo-su-intervencion-en-el-caso-angeles-rawson-yo-tenia-claro-que-era-un-asesino\/","title":{"rendered":"El hijo de Miguel \u00c1ngel Pierri record\u00f3 su intervenci\u00f3n en el caso \u00c1ngeles Rawson: \u201cYo ten\u00eda claro que era un asesino\u201d"},"content":{"rendered":"<p>Juan ten\u00eda unos seis a\u00f1os cuando apareci\u00f3 inesperadamente en una entrevista televisiva a su padre, <span class=\"waslinkname\"><b>Miguel \u00c1ngel Pierri<\/b><\/span>, mientras el abogado defend\u00eda a Jorge Mangeri por el crimen de <b>\u00c1ngeles Rawson<\/b>. La escena qued\u00f3 registrada y, m\u00e1s de una d\u00e9cada despu\u00e9s, el joven record\u00f3 en <span class=\"waslinkname\"><b>Infobae al Regreso<\/b><\/span> qu\u00e9 hab\u00eda pasado aquella noche y c\u00f3mo vivi\u00f3 de chico la exposici\u00f3n que rodeaba a su familia.<\/p>\n<p>\u201c<b>Yo lo que recuerdo, como dije anteriormente, es que lo escuch\u00e9 en la tele y, bueno, yo no tom\u00e9 conciencia de que Miguel est\u00e9 defendiendo a un asesino<\/b>\u201d, cont\u00f3. En su casa se hablaba del caso y \u00e9l segu\u00eda las noticias por televisi\u00f3n, aunque todav\u00eda no ten\u00eda dimensi\u00f3n de todo lo que estaba ocurriendo.<\/p>\n<p>Seg\u00fan relat\u00f3, su aparici\u00f3n frente a las c\u00e1maras fue completamente espont\u00e1nea. \u201cYo miraba mucha tele en casa y miraba c\u00f3mo en los programas se debat\u00edan. Entonces, bueno, dije: \u2018Me voy a meter, ya fue\u2019, y ah\u00ed qued\u00f3\u201d. La entrevista buscaba mostrar c\u00f3mo era la vida cotidiana de la familia de un abogado que estaba al frente de una de las causas m\u00e1s medi\u00e1ticas de ese momento.<\/p>\n<p>Su madre incluso le hab\u00eda pedido que intentara no hablar. \u201c<b>Me acuerdo que mi vieja me dijo que vaya, pero trat\u00e1 de no hablar porque yo hablaba hasta por los codos<\/b>\u201d, record\u00f3. Adem\u00e1s, aquella noche no hab\u00eda ni\u00f1era, por lo que termin\u00f3 acompa\u00f1ando a sus padres y qued\u00f3 frente a las c\u00e1maras.<\/p>\n<p><img loading=\"lazy\" decoding=\"async\" src=\"https:\/\/lobosnews.com.ar\/wp-content\/uploads\/2026\/09\/el-hijo-de-miguel-angel-pierri-recordo-su-intervencion-en-el-caso-angeles-rawson-yo-tenia-claro-que-era-un-asesino.jpg\" alt=\"Juan Ignacio Pierri afirm\u00f3 sobre Jorge Mangeri: \u201cYo ten\u00eda claro que era un asesino\u201d al evocar el crimen de \u00c1ngeles Rawson (Infobae en Vivo)\" height=\"556\" width=\"845\"\/><\/p>\n<p>Con el tiempo, Pierri entendi\u00f3 de otra manera aquella intervenci\u00f3n. \u201c<b>La inocencia de un nene termin\u00f3 diciendo la verdad<\/b>\u201d, sostuvo al recordar una escena que todav\u00eda hoy le mencionan.<\/p>\n<p>Durante la charla, tambi\u00e9n volvi\u00f3 sobre el clima que se viv\u00eda alrededor del caso y sobre la exposici\u00f3n de otras personas vinculadas a la investigaci\u00f3n. Federico Fahsbender record\u00f3 c\u00f3mo, antes de que Mangeri quedara definitivamente en el centro de la causa, las sospechas tambi\u00e9n hab\u00edan reca\u00eddo sobre Sergio Opatowski, padrastro de \u00c1ngeles.<\/p>\n<p>Pierri coincidi\u00f3 en que Opatowski hab\u00eda sido uno de los principales apuntados por los medios. \u201c<b>Por el periodismo era uno de los m\u00e1s apuntados hasta que Mangeri empieza a ser nombrado<\/b>\u201d, afirm\u00f3. Seg\u00fan record\u00f3, parte de esas sospechas estaba relacionada con su manera de hablar y con la imagen que transmit\u00eda frente a las c\u00e1maras.<\/p>\n<p>Pero el foco de la conversaci\u00f3n volvi\u00f3 r\u00e1pidamente a su experiencia personal. Juan Ignacio creci\u00f3 viendo m\u00f3viles de televisi\u00f3n frente a su casa y termin\u00f3 naturalizando una situaci\u00f3n que para cualquiera de sus amigos era extraordinaria. \u201c<b>Es una \u00e9poca la cual yo disfrut\u00e9 much\u00edsimo, porque me acuerdo que ven\u00edan los m\u00f3viles a casa<\/b>\u201d, cont\u00f3.<\/p>\n<p><img loading=\"lazy\" decoding=\"async\" src=\"https:\/\/lobosnews.com.ar\/wp-content\/uploads\/2026\/09\/el-hijo-de-miguel-angel-pierri-recordo-su-intervencion-en-el-caso-angeles-rawson-yo-tenia-claro-que-era-un-asesino-1.jpg\" alt=\"El hijo de Miguel \u00c1ngel Pierri cont\u00f3 que su intervenci\u00f3n en TV fue espont\u00e1nea mientras en su casa se segu\u00eda el caso \u00c1ngeles Rawson\" height=\"1012\" width=\"1798\"\/><\/p>\n<p>Hasta ese punto, la presencia de periodistas y c\u00e1maras formaba parte de su cotidianeidad. \u201cYo a veces iba con un amigo a casa y pas\u00e1bamos detr\u00e1s de las c\u00e1maras y para m\u00ed era algo normal. \u00c9l me dec\u00eda: \u2018\u00bfPor qu\u00e9 est\u00e1 todo esto?\u2019\u201d, relat\u00f3.<\/p>\n<p>Aziz le pregunt\u00f3 c\u00f3mo entend\u00eda, siendo tan chico, que su padre estuviera defendiendo a un hombre acusado de un crimen. Pierri fue directo: \u201cYo ten\u00eda claro que era un asesino\u201d. Con el paso de los a\u00f1os, sin embargo, su mirada sobre la tarea de un abogado penalista cambi\u00f3.<\/p>\n<p>\u201c<b>Hay muchas veces al abogado le toca defender a un tipo que no es ejemplo de nada<\/b>\u201d, explic\u00f3. En ese sentido, consider\u00f3 que la responsabilidad del defensor pasa por garantizar que una persona tenga una defensa adecuada m\u00e1s all\u00e1 del delito que se le atribuya. Fahsbender aport\u00f3 otra mirada sobre ese punto: \u201cEl abogado defensor no es un c\u00f3mplice, no es un sacapresos. Es el tipo que tiene que ofrecer la mejor defensa t\u00e9cnica posible\u201d.<\/p>\n<p>La conversaci\u00f3n tambi\u00e9n llev\u00f3 a hablar de Miguel \u00c1ngel Pierri, aunque desde un lugar mucho m\u00e1s personal. Juan Ignacio cont\u00f3 que la relaci\u00f3n entre ambos atraves\u00f3 distintos momentos y que hoy prefiere llamarlo por su nombre.<\/p>\n<p>\u201cTuvimos nuestras diferencias con Miguel. \u00c9l se ha equivocado mucho como padre, como novio de mam\u00e1. Entonces yo tom\u00e9 partido y, bueno, por eso le digo Miguel ahora\u201d, explic\u00f3.<\/p>\n<p><img loading=\"lazy\" decoding=\"async\" src=\"https:\/\/lobosnews.com.ar\/wp-content\/uploads\/2026\/09\/el-hijo-de-miguel-angel-pierri-recordo-su-intervencion-en-el-caso-angeles-rawson-yo-tenia-claro-que-era-un-asesino-2.jpg\" alt=\"La charla sobre el caso \u00c1ngeles Rawson tambi\u00e9n repas\u00f3 que Sergio Opatowski fue uno de los principales apuntados por los medios antes de que Jorge Mangeri quedara en el centro de la causa (NA)\" height=\"1080\" width=\"1920\"\/><\/p>\n<p>En cambio, se\u00f1al\u00f3 a Marcelo Biondi, actual esposo de su madre, como la persona que reconoce como figura paterna. \u201cYo no lo siento como padre, sino que yo siento como pap\u00e1 al doctor Marcelo Biondi, que hoy en d\u00eda es esposo de mi mam\u00e1 y fue el que a m\u00ed me cri\u00f3\u201d, afirm\u00f3.<\/p>\n<p>Ese v\u00ednculo tambi\u00e9n est\u00e1 relacionado con el camino que eligi\u00f3 para su futuro. Juan Ignacio estudia Derecho en la Universidad de Ciencias Empresariales y Sociales y trabaja junto a Biondi. Su intenci\u00f3n es dedicarse al derecho penal. \u201cQuiero dedicarme al tema, ser abogado penalista\u201d, cont\u00f3.<\/p>\n<p>La experiencia de haber crecido cerca de causas policiales tambi\u00e9n influy\u00f3 en su manera de entender ese mundo. Sin embargo, admiti\u00f3 que hay casos que le costar\u00eda defender por una cuesti\u00f3n personal. \u201cSi no ofrecen mucha plata, yo a un violador no lo defender\u00eda, la verdad. Tengo una hermana m\u00e1s chica, entonces como que me pega un poco eso\u201d, dijo.<\/p>\n<p>A los 19 a\u00f1os, aquella escena que protagoniz\u00f3 cuando era un ni\u00f1o qued\u00f3 convertida en un recuerdo de otra etapa. Pero Pierri reconoce que haber crecido rodeado de abogados, periodistas y causas de alto impacto tambi\u00e9n dej\u00f3 una marca en su forma de ver el mundo. \u201cMe ayud\u00f3 tambi\u00e9n a estar mucho m\u00e1s pillo, a ser m\u00e1s despierto a la hora de caminar en la calle, estar m\u00e1s atento\u201d, concluy\u00f3.<\/p>\n<p>\u2013<\/p>\n<p><b>Infobae <\/b>te acompa\u00f1a cada d\u00eda en YouTube con entrevistas, an\u00e1lisis y la informaci\u00f3n m\u00e1s destacada, en un formato cercano y din\u00e1mico.<\/p>\n<p>\u2022 De 7 a 9: <b>Infobae al Amanecer<\/b>: Nacho Giron, Luciana Rubinska y Bel\u00e9n Escobar.<\/p>\n<p>\u2022 De 9 a 12: <b>Infobae a las Nueve<\/b>: Gonzalo S\u00e1nchez, Tatiana Schapiro, Ram\u00f3n Indart y Cecilia Boufflet.<\/p>\n<p>\u2022 De 12 a 15: <b>Infobae al Mediodia<\/b>: Maru Duffard, Andrei Serbin Pont, Fede Mayol y Facundo Kablan.<\/p>\n<p>\u2022 De 15 a 18: <b>Infobae a la Tarde<\/b>: Manu Jove, Maia Jastreblansky y Paula Guardia Bourdin; rotan en la semana Marcos Shaw, Lara L\u00f3pez Calvo y Tom\u00e1s Trap\u00e9.<\/p>\n<p>\u2022 De 18 a 21: <b>Infobae al Regreso<\/b>: Gonzalo Aziz, Diego Iglesias, Malena de los R\u00edos y Mat\u00edas Barber\u00eda; rotan en la semana Gustavo Lazzari, Mart\u00edn Tetaz y Mica Mendelevich<\/p>\n<p>Seguinos en nuestro canal de<span class=\"waslinkname\"> <i><b>YouTube <\/b><\/i><i>@infobae<\/i><\/span>.<\/p>\n","protected":false},"excerpt":{"rendered":"<p>Juan ten\u00eda unos seis a\u00f1os cuando apareci\u00f3 inesperadamente en una entrevista televisiva a su padre, Miguel \u00c1ngel Pierri, mientras el abogado defend\u00eda a Jorge Mangeri por el crimen de \u00c1ngeles Rawson. La escena qued\u00f3 registrada y, m\u00e1s de una d\u00e9cada despu\u00e9s, el joven record\u00f3 en Infobae al Regreso qu\u00e9 hab\u00eda pasado aquella noche y c\u00f3mo&#8230;<\/p>\n","protected":false},"author":1,"featured_media":97601,"comment_status":"open","ping_status":"closed","sticky":false,"template":"","format":"standard","meta":{"_jetpack_newsletter_access":"","_jetpack_dont_email_post_to_subs":false,"_jetpack_newsletter_tier_id":0,"_jetpack_memberships_contains_paywalled_content":false,"_jetpack_memberships_contains_paid_content":false,"footnotes":"","jetpack_post_was_ever_published":false},"categories":[31,30,32,77,84,35,36,37],"tags":[],"class_list":["post-97596","post","type-post","status-publish","format-standard","has-post-thumbnail","hentry","category-actualidad","category-argentina","category-economia","category-inseguridad","category-masradios-com","category-nacionales","category-seguridad","category-sociedad"],"magazineBlocksPostFeaturedMedia":{"thumbnail":"https:\/\/lobosnews.com.ar\/wp-content\/uploads\/2026\/09\/el-hijo-de-miguel-angel-pierri-recordo-su-intervencion-en-el-caso-angeles-rawson-yo-tenia-claro-que-era-un-asesino-4-150x150.jpg","medium":"https:\/\/lobosnews.com.ar\/wp-content\/uploads\/2026\/09\/el-hijo-de-miguel-angel-pierri-recordo-su-intervencion-en-el-caso-angeles-rawson-yo-tenia-claro-que-era-un-asesino-4-300x169.jpg","medium_large":"https:\/\/lobosnews.com.ar\/wp-content\/uploads\/2026\/09\/el-hijo-de-miguel-angel-pierri-recordo-su-intervencion-en-el-caso-angeles-rawson-yo-tenia-claro-que-era-un-asesino-4-768x432.jpg","large":"https:\/\/lobosnews.com.ar\/wp-content\/uploads\/2026\/09\/el-hijo-de-miguel-angel-pierri-recordo-su-intervencion-en-el-caso-angeles-rawson-yo-tenia-claro-que-era-un-asesino-4-1024x576.jpg","1536x1536":"https:\/\/lobosnews.com.ar\/wp-content\/uploads\/2026\/09\/el-hijo-de-miguel-angel-pierri-recordo-su-intervencion-en-el-caso-angeles-rawson-yo-tenia-claro-que-era-un-asesino-4-1536x864.jpg","2048x2048":"https:\/\/lobosnews.com.ar\/wp-content\/uploads\/2026\/09\/el-hijo-de-miguel-angel-pierri-recordo-su-intervencion-en-el-caso-angeles-rawson-yo-tenia-claro-que-era-un-asesino-4.jpg","newsmatic-featured":"https:\/\/lobosnews.com.ar\/wp-content\/uploads\/2026\/09\/el-hijo-de-miguel-angel-pierri-recordo-su-intervencion-en-el-caso-angeles-rawson-yo-tenia-claro-que-era-un-asesino-4-820x545.jpg","newsmatic-list":"https:\/\/lobosnews.com.ar\/wp-content\/uploads\/2026\/09\/el-hijo-de-miguel-angel-pierri-recordo-su-intervencion-en-el-caso-angeles-rawson-yo-tenia-claro-que-era-un-asesino-4-600x400.jpg","newsmatic-thumb":"https:\/\/lobosnews.com.ar\/wp-content\/uploads\/2026\/09\/el-hijo-de-miguel-angel-pierri-recordo-su-intervencion-en-el-caso-angeles-rawson-yo-tenia-claro-que-era-un-asesino-4-300x200.jpg","newsmatic-small":"https:\/\/lobosnews.com.ar\/wp-content\/uploads\/2026\/09\/el-hijo-de-miguel-angel-pierri-recordo-su-intervencion-en-el-caso-angeles-rawson-yo-tenia-claro-que-era-un-asesino-4-150x95.jpg","newsmatic-grid":"https:\/\/lobosnews.com.ar\/wp-content\/uploads\/2026\/09\/el-hijo-de-miguel-angel-pierri-recordo-su-intervencion-en-el-caso-angeles-rawson-yo-tenia-claro-que-era-un-asesino-4-400x250.jpg"},"magazineBlocksPostAuthor":{"name":"admin","avatar":"https:\/\/secure.gravatar.com\/avatar\/76e419471a2083bc3ceab22a763dbbf9b0c1bd15a6214cf3280e2c2dde4580f9?s=96&d=mm&r=g"},"magazineBlocksPostCommentsNumber":"0","magazineBlocksPostExcerpt":"Juan ten\u00eda unos seis a\u00f1os cuando apareci\u00f3 inesperadamente en una entrevista televisiva a su padre, Miguel \u00c1ngel Pierri, mientras el abogado defend\u00eda a Jorge Mangeri por el crimen de \u00c1ngeles Rawson. La escena qued\u00f3 registrada y, m\u00e1s de una d\u00e9cada despu\u00e9s, el joven record\u00f3 en Infobae al Regreso qu\u00e9 hab\u00eda pasado aquella noche y c\u00f3mo...","magazineBlocksPostCategories":["Actualidad","Argentina","econom\u00eda","inseguridad","masradios.com","nacionales","seguridad","sociedad"],"magazineBlocksPostViewCount":55,"magazineBlocksPostReadTime":6,"magazine_blocks_featured_image_url":{"full":["https:\/\/lobosnews.com.ar\/wp-content\/uploads\/2026\/09\/el-hijo-de-miguel-angel-pierri-recordo-su-intervencion-en-el-caso-angeles-rawson-yo-tenia-claro-que-era-un-asesino-4.jpg",1920,1080,false],"medium":["https:\/\/lobosnews.com.ar\/wp-content\/uploads\/2026\/09\/el-hijo-de-miguel-angel-pierri-recordo-su-intervencion-en-el-caso-angeles-rawson-yo-tenia-claro-que-era-un-asesino-4-300x169.jpg",300,169,true],"thumbnail":["https:\/\/lobosnews.com.ar\/wp-content\/uploads\/2026\/09\/el-hijo-de-miguel-angel-pierri-recordo-su-intervencion-en-el-caso-angeles-rawson-yo-tenia-claro-que-era-un-asesino-4-150x150.jpg",150,150,true]},"magazine_blocks_author":{"display_name":"admin","author_link":"https:\/\/lobosnews.com.ar\/index.php\/author\/lobos-news\/"},"magazine_blocks_comment":0,"magazine_blocks_author_image":"https:\/\/secure.gravatar.com\/avatar\/76e419471a2083bc3ceab22a763dbbf9b0c1bd15a6214cf3280e2c2dde4580f9?s=96&d=mm&r=g","magazine_blocks_category":"<a href=\"#\" class=\"category-link category-link-31\">Actualidad<\/a> <a href=\"#\" class=\"category-link category-link-30\">Argentina<\/a> <a href=\"#\" class=\"category-link category-link-32\">econom\u00eda<\/a> <a href=\"#\" class=\"category-link category-link-77\">inseguridad<\/a> <a href=\"#\" class=\"category-link category-link-84\">masradios.com<\/a> <a href=\"#\" class=\"category-link category-link-35\">nacionales<\/a> <a href=\"#\" class=\"category-link category-link-36\">seguridad<\/a> <a href=\"#\" class=\"category-link category-link-37\">sociedad<\/a>","yoast_head":"<!-- This site is optimized with the Yoast SEO plugin v28.0 - https:\/\/yoast.com\/product\/yoast-seo-wordpress\/ -->\n<title>El hijo de Miguel \u00c1ngel Pierri record\u00f3 su intervenci\u00f3n en el caso \u00c1ngeles Rawson: \u201cYo ten\u00eda claro que era un asesino\u201d - Lobos News<\/title>\n<meta name=\"robots\" content=\"index, follow, max-snippet:-1, max-image-preview:large, max-video-preview:-1\" \/>\n<link rel=\"canonical\" href=\"https:\/\/lobosnews.com.ar\/index.php\/2026\/09\/04\/el-hijo-de-miguel-angel-pierri-recordo-su-intervencion-en-el-caso-angeles-rawson-yo-tenia-claro-que-era-un-asesino\/\" \/>\n<meta property=\"og:locale\" content=\"es_ES\" \/>\n<meta property=\"og:type\" content=\"article\" \/>\n<meta property=\"og:title\" content=\"El hijo de Miguel \u00c1ngel Pierri record\u00f3 su intervenci\u00f3n en el caso \u00c1ngeles Rawson: \u201cYo ten\u00eda claro que era un asesino\u201d - Lobos News\" \/>\n<meta property=\"og:description\" content=\"Juan ten\u00eda unos seis a\u00f1os cuando apareci\u00f3 inesperadamente en una entrevista televisiva a su padre, Miguel \u00c1ngel Pierri, mientras el abogado defend\u00eda a Jorge Mangeri por el crimen de \u00c1ngeles Rawson. La escena qued\u00f3 registrada y, m\u00e1s de una d\u00e9cada despu\u00e9s, el joven record\u00f3 en Infobae al Regreso qu\u00e9 hab\u00eda pasado aquella noche y c\u00f3mo...\" \/>\n<meta property=\"og:url\" content=\"https:\/\/lobosnews.com.ar\/index.php\/2026\/09\/04\/el-hijo-de-miguel-angel-pierri-recordo-su-intervencion-en-el-caso-angeles-rawson-yo-tenia-claro-que-era-un-asesino\/\" \/>\n<meta property=\"og:site_name\" content=\"Lobos News\" \/>\n<meta property=\"article:published_time\" content=\"2026-09-04T23:43:36+00:00\" \/>\n<meta property=\"article:modified_time\" content=\"2026-09-05T01:32:55+00:00\" \/>\n<meta property=\"og:image\" content=\"https:\/\/lobosnews.com.ar\/wp-content\/uploads\/2026\/09\/el-hijo-de-miguel-angel-pierri-recordo-su-intervencion-en-el-caso-angeles-rawson-yo-tenia-claro-que-era-un-asesino-4.jpg\" \/>\n\t<meta property=\"og:image:width\" content=\"1920\" \/>\n\t<meta property=\"og:image:height\" content=\"1080\" \/>\n\t<meta property=\"og:image:type\" content=\"image\/jpeg\" \/>\n<meta name=\"author\" content=\"admin\" \/>\n<meta name=\"twitter:card\" content=\"summary_large_image\" \/>\n<meta name=\"twitter:label1\" content=\"Escrito por\" \/>\n\t<meta name=\"twitter:data1\" content=\"admin\" \/>\n\t<meta name=\"twitter:label2\" content=\"Tiempo de lectura\" \/>\n\t<meta name=\"twitter:data2\" content=\"6 minutos\" \/>\n<script type=\"application\/ld+json\" class=\"yoast-schema-graph\">{\"@context\":\"https:\\\/\\\/schema.org\",\"@graph\":[{\"@type\":\"Article\",\"@id\":\"https:\\\/\\\/lobosnews.com.ar\\\/index.php\\\/2026\\\/09\\\/04\\\/el-hijo-de-miguel-angel-pierri-recordo-su-intervencion-en-el-caso-angeles-rawson-yo-tenia-claro-que-era-un-asesino\\\/#article\",\"isPartOf\":{\"@id\":\"https:\\\/\\\/lobosnews.com.ar\\\/index.php\\\/2026\\\/09\\\/04\\\/el-hijo-de-miguel-angel-pierri-recordo-su-intervencion-en-el-caso-angeles-rawson-yo-tenia-claro-que-era-un-asesino\\\/\"},\"author\":{\"name\":\"admin\",\"@id\":\"https:\\\/\\\/lobosnews.com.ar\\\/#\\\/schema\\\/person\\\/232422a593d5c541dd9aef6aaed10943\"},\"headline\":\"El hijo de Miguel \u00c1ngel Pierri record\u00f3 su intervenci\u00f3n en el caso \u00c1ngeles Rawson: \u201cYo ten\u00eda claro que era un asesino\u201d\",\"datePublished\":\"2026-09-04T23:43:36+00:00\",\"dateModified\":\"2026-09-05T01:32:55+00:00\",\"mainEntityOfPage\":{\"@id\":\"https:\\\/\\\/lobosnews.com.ar\\\/index.php\\\/2026\\\/09\\\/04\\\/el-hijo-de-miguel-angel-pierri-recordo-su-intervencion-en-el-caso-angeles-rawson-yo-tenia-claro-que-era-un-asesino\\\/\"},\"wordCount\":1132,\"commentCount\":0,\"publisher\":{\"@id\":\"https:\\\/\\\/lobosnews.com.ar\\\/#organization\"},\"image\":{\"@id\":\"https:\\\/\\\/lobosnews.com.ar\\\/index.php\\\/2026\\\/09\\\/04\\\/el-hijo-de-miguel-angel-pierri-recordo-su-intervencion-en-el-caso-angeles-rawson-yo-tenia-claro-que-era-un-asesino\\\/#primaryimage\"},\"thumbnailUrl\":\"https:\\\/\\\/lobosnews.com.ar\\\/wp-content\\\/uploads\\\/2026\\\/09\\\/el-hijo-de-miguel-angel-pierri-recordo-su-intervencion-en-el-caso-angeles-rawson-yo-tenia-claro-que-era-un-asesino-4.jpg\",\"articleSection\":[\"Actualidad\",\"Argentina\",\"econom\u00eda\",\"inseguridad\",\"masradios.com\",\"nacionales\",\"seguridad\",\"sociedad\"],\"inLanguage\":\"es\",\"potentialAction\":[{\"@type\":\"CommentAction\",\"name\":\"Comment\",\"target\":[\"https:\\\/\\\/lobosnews.com.ar\\\/index.php\\\/2026\\\/09\\\/04\\\/el-hijo-de-miguel-angel-pierri-recordo-su-intervencion-en-el-caso-angeles-rawson-yo-tenia-claro-que-era-un-asesino\\\/#respond\"]}]},{\"@type\":\"WebPage\",\"@id\":\"https:\\\/\\\/lobosnews.com.ar\\\/index.php\\\/2026\\\/09\\\/04\\\/el-hijo-de-miguel-angel-pierri-recordo-su-intervencion-en-el-caso-angeles-rawson-yo-tenia-claro-que-era-un-asesino\\\/\",\"url\":\"https:\\\/\\\/lobosnews.com.ar\\\/index.php\\\/2026\\\/09\\\/04\\\/el-hijo-de-miguel-angel-pierri-recordo-su-intervencion-en-el-caso-angeles-rawson-yo-tenia-claro-que-era-un-asesino\\\/\",\"name\":\"El hijo de Miguel \u00c1ngel Pierri record\u00f3 su intervenci\u00f3n en el caso \u00c1ngeles Rawson: \u201cYo ten\u00eda claro que era un asesino\u201d - Lobos News\",\"isPartOf\":{\"@id\":\"https:\\\/\\\/lobosnews.com.ar\\\/#website\"},\"primaryImageOfPage\":{\"@id\":\"https:\\\/\\\/lobosnews.com.ar\\\/index.php\\\/2026\\\/09\\\/04\\\/el-hijo-de-miguel-angel-pierri-recordo-su-intervencion-en-el-caso-angeles-rawson-yo-tenia-claro-que-era-un-asesino\\\/#primaryimage\"},\"image\":{\"@id\":\"https:\\\/\\\/lobosnews.com.ar\\\/index.php\\\/2026\\\/09\\\/04\\\/el-hijo-de-miguel-angel-pierri-recordo-su-intervencion-en-el-caso-angeles-rawson-yo-tenia-claro-que-era-un-asesino\\\/#primaryimage\"},\"thumbnailUrl\":\"https:\\\/\\\/lobosnews.com.ar\\\/wp-content\\\/uploads\\\/2026\\\/09\\\/el-hijo-de-miguel-angel-pierri-recordo-su-intervencion-en-el-caso-angeles-rawson-yo-tenia-claro-que-era-un-asesino-4.jpg\",\"datePublished\":\"2026-09-04T23:43:36+00:00\",\"dateModified\":\"2026-09-05T01:32:55+00:00\",\"breadcrumb\":{\"@id\":\"https:\\\/\\\/lobosnews.com.ar\\\/index.php\\\/2026\\\/09\\\/04\\\/el-hijo-de-miguel-angel-pierri-recordo-su-intervencion-en-el-caso-angeles-rawson-yo-tenia-claro-que-era-un-asesino\\\/#breadcrumb\"},\"inLanguage\":\"es\",\"potentialAction\":[{\"@type\":\"ReadAction\",\"target\":[\"https:\\\/\\\/lobosnews.com.ar\\\/index.php\\\/2026\\\/09\\\/04\\\/el-hijo-de-miguel-angel-pierri-recordo-su-intervencion-en-el-caso-angeles-rawson-yo-tenia-claro-que-era-un-asesino\\\/\"]}]},{\"@type\":\"ImageObject\",\"inLanguage\":\"es\",\"@id\":\"https:\\\/\\\/lobosnews.com.ar\\\/index.php\\\/2026\\\/09\\\/04\\\/el-hijo-de-miguel-angel-pierri-recordo-su-intervencion-en-el-caso-angeles-rawson-yo-tenia-claro-que-era-un-asesino\\\/#primaryimage\",\"url\":\"https:\\\/\\\/lobosnews.com.ar\\\/wp-content\\\/uploads\\\/2026\\\/09\\\/el-hijo-de-miguel-angel-pierri-recordo-su-intervencion-en-el-caso-angeles-rawson-yo-tenia-claro-que-era-un-asesino-4.jpg\",\"contentUrl\":\"https:\\\/\\\/lobosnews.com.ar\\\/wp-content\\\/uploads\\\/2026\\\/09\\\/el-hijo-de-miguel-angel-pierri-recordo-su-intervencion-en-el-caso-angeles-rawson-yo-tenia-claro-que-era-un-asesino-4.jpg\",\"width\":1920,\"height\":1080,\"caption\":\"El hijo de Miguel \u00c1ngel Pierri record\u00f3 su intervenci\u00f3n en el caso \u00c1ngeles Rawson: \u201cYo ten\u00eda claro que era un asesino\u201d\"},{\"@type\":\"BreadcrumbList\",\"@id\":\"https:\\\/\\\/lobosnews.com.ar\\\/index.php\\\/2026\\\/09\\\/04\\\/el-hijo-de-miguel-angel-pierri-recordo-su-intervencion-en-el-caso-angeles-rawson-yo-tenia-claro-que-era-un-asesino\\\/#breadcrumb\",\"itemListElement\":[{\"@type\":\"ListItem\",\"position\":1,\"name\":\"Portada\",\"item\":\"https:\\\/\\\/lobosnews.com.ar\\\/\"},{\"@type\":\"ListItem\",\"position\":2,\"name\":\"El hijo de Miguel \u00c1ngel Pierri record\u00f3 su intervenci\u00f3n en el caso \u00c1ngeles Rawson: \u201cYo ten\u00eda claro que era un asesino\u201d\"}]},{\"@type\":\"WebSite\",\"@id\":\"https:\\\/\\\/lobosnews.com.ar\\\/#website\",\"url\":\"https:\\\/\\\/lobosnews.com.ar\\\/\",\"name\":\"Lobos News\",\"description\":\"Informaci\u00f3n a cada instante\",\"publisher\":{\"@id\":\"https:\\\/\\\/lobosnews.com.ar\\\/#organization\"},\"potentialAction\":[{\"@type\":\"SearchAction\",\"target\":{\"@type\":\"EntryPoint\",\"urlTemplate\":\"https:\\\/\\\/lobosnews.com.ar\\\/?s={search_term_string}\"},\"query-input\":{\"@type\":\"PropertyValueSpecification\",\"valueRequired\":true,\"valueName\":\"search_term_string\"}}],\"inLanguage\":\"es\"},{\"@type\":\"Organization\",\"@id\":\"https:\\\/\\\/lobosnews.com.ar\\\/#organization\",\"name\":\"Lobos News\",\"url\":\"https:\\\/\\\/lobosnews.com.ar\\\/\",\"logo\":{\"@type\":\"ImageObject\",\"inLanguage\":\"es\",\"@id\":\"https:\\\/\\\/lobosnews.com.ar\\\/#\\\/schema\\\/logo\\\/image\\\/\",\"url\":\"https:\\\/\\\/lobosnews.com.ar\\\/wp-content\\\/uploads\\\/2026\\\/01\\\/logo-lobosnews.png\",\"contentUrl\":\"https:\\\/\\\/lobosnews.com.ar\\\/wp-content\\\/uploads\\\/2026\\\/01\\\/logo-lobosnews.png\",\"width\":500,\"height\":200,\"caption\":\"Lobos News\"},\"image\":{\"@id\":\"https:\\\/\\\/lobosnews.com.ar\\\/#\\\/schema\\\/logo\\\/image\\\/\"}},{\"@type\":\"Person\",\"@id\":\"https:\\\/\\\/lobosnews.com.ar\\\/#\\\/schema\\\/person\\\/232422a593d5c541dd9aef6aaed10943\",\"name\":\"admin\",\"image\":{\"@type\":\"ImageObject\",\"inLanguage\":\"es\",\"@id\":\"https:\\\/\\\/secure.gravatar.com\\\/avatar\\\/76e419471a2083bc3ceab22a763dbbf9b0c1bd15a6214cf3280e2c2dde4580f9?s=96&d=mm&r=g\",\"url\":\"https:\\\/\\\/secure.gravatar.com\\\/avatar\\\/76e419471a2083bc3ceab22a763dbbf9b0c1bd15a6214cf3280e2c2dde4580f9?s=96&d=mm&r=g\",\"contentUrl\":\"https:\\\/\\\/secure.gravatar.com\\\/avatar\\\/76e419471a2083bc3ceab22a763dbbf9b0c1bd15a6214cf3280e2c2dde4580f9?s=96&d=mm&r=g\",\"caption\":\"admin\"},\"sameAs\":[\"https:\\\/\\\/lobosnews.com.ar\"],\"url\":\"https:\\\/\\\/lobosnews.com.ar\\\/index.php\\\/author\\\/lobos-news\\\/\"}]}<\/script>\n<!-- \/ Yoast SEO plugin. -->","yoast_head_json":{"title":"El hijo de Miguel \u00c1ngel Pierri record\u00f3 su intervenci\u00f3n en el caso \u00c1ngeles Rawson: \u201cYo ten\u00eda claro que era un asesino\u201d - Lobos News","robots":{"index":"index","follow":"follow","max-snippet":"max-snippet:-1","max-image-preview":"max-image-preview:large","max-video-preview":"max-video-preview:-1"},"canonical":"https:\/\/lobosnews.com.ar\/index.php\/2026\/09\/04\/el-hijo-de-miguel-angel-pierri-recordo-su-intervencion-en-el-caso-angeles-rawson-yo-tenia-claro-que-era-un-asesino\/","og_locale":"es_ES","og_type":"article","og_title":"El hijo de Miguel \u00c1ngel Pierri record\u00f3 su intervenci\u00f3n en el caso \u00c1ngeles Rawson: \u201cYo ten\u00eda claro que era un asesino\u201d - Lobos News","og_description":"Juan ten\u00eda unos seis a\u00f1os cuando apareci\u00f3 inesperadamente en una entrevista televisiva a su padre, Miguel \u00c1ngel Pierri, mientras el abogado defend\u00eda a Jorge Mangeri por el crimen de \u00c1ngeles Rawson. La escena qued\u00f3 registrada y, m\u00e1s de una d\u00e9cada despu\u00e9s, el joven record\u00f3 en Infobae al Regreso qu\u00e9 hab\u00eda pasado aquella noche y c\u00f3mo...","og_url":"https:\/\/lobosnews.com.ar\/index.php\/2026\/09\/04\/el-hijo-de-miguel-angel-pierri-recordo-su-intervencion-en-el-caso-angeles-rawson-yo-tenia-claro-que-era-un-asesino\/","og_site_name":"Lobos News","article_published_time":"2026-09-04T23:43:36+00:00","article_modified_time":"2026-09-05T01:32:55+00:00","og_image":[{"width":1920,"height":1080,"url":"https:\/\/lobosnews.com.ar\/wp-content\/uploads\/2026\/09\/el-hijo-de-miguel-angel-pierri-recordo-su-intervencion-en-el-caso-angeles-rawson-yo-tenia-claro-que-era-un-asesino-4.jpg","type":"image\/jpeg"}],"author":"admin","twitter_card":"summary_large_image","twitter_misc":{"Escrito por":"admin","Tiempo de lectura":"6 minutos"},"schema":{"@context":"https:\/\/schema.org","@graph":[{"@type":"Article","@id":"https:\/\/lobosnews.com.ar\/index.php\/2026\/09\/04\/el-hijo-de-miguel-angel-pierri-recordo-su-intervencion-en-el-caso-angeles-rawson-yo-tenia-claro-que-era-un-asesino\/#article","isPartOf":{"@id":"https:\/\/lobosnews.com.ar\/index.php\/2026\/09\/04\/el-hijo-de-miguel-angel-pierri-recordo-su-intervencion-en-el-caso-angeles-rawson-yo-tenia-claro-que-era-un-asesino\/"},"author":{"name":"admin","@id":"https:\/\/lobosnews.com.ar\/#\/schema\/person\/232422a593d5c541dd9aef6aaed10943"},"headline":"El hijo de Miguel \u00c1ngel Pierri record\u00f3 su intervenci\u00f3n en el caso \u00c1ngeles Rawson: \u201cYo ten\u00eda claro que era un asesino\u201d","datePublished":"2026-09-04T23:43:36+00:00","dateModified":"2026-09-05T01:32:55+00:00","mainEntityOfPage":{"@id":"https:\/\/lobosnews.com.ar\/index.php\/2026\/09\/04\/el-hijo-de-miguel-angel-pierri-recordo-su-intervencion-en-el-caso-angeles-rawson-yo-tenia-claro-que-era-un-asesino\/"},"wordCount":1132,"commentCount":0,"publisher":{"@id":"https:\/\/lobosnews.com.ar\/#organization"},"image":{"@id":"https:\/\/lobosnews.com.ar\/index.php\/2026\/09\/04\/el-hijo-de-miguel-angel-pierri-recordo-su-intervencion-en-el-caso-angeles-rawson-yo-tenia-claro-que-era-un-asesino\/#primaryimage"},"thumbnailUrl":"https:\/\/lobosnews.com.ar\/wp-content\/uploads\/2026\/09\/el-hijo-de-miguel-angel-pierri-recordo-su-intervencion-en-el-caso-angeles-rawson-yo-tenia-claro-que-era-un-asesino-4.jpg","articleSection":["Actualidad","Argentina","econom\u00eda","inseguridad","masradios.com","nacionales","seguridad","sociedad"],"inLanguage":"es","potentialAction":[{"@type":"CommentAction","name":"Comment","target":["https:\/\/lobosnews.com.ar\/index.php\/2026\/09\/04\/el-hijo-de-miguel-angel-pierri-recordo-su-intervencion-en-el-caso-angeles-rawson-yo-tenia-claro-que-era-un-asesino\/#respond"]}]},{"@type":"WebPage","@id":"https:\/\/lobosnews.com.ar\/index.php\/2026\/09\/04\/el-hijo-de-miguel-angel-pierri-recordo-su-intervencion-en-el-caso-angeles-rawson-yo-tenia-claro-que-era-un-asesino\/","url":"https:\/\/lobosnews.com.ar\/index.php\/2026\/09\/04\/el-hijo-de-miguel-angel-pierri-recordo-su-intervencion-en-el-caso-angeles-rawson-yo-tenia-claro-que-era-un-asesino\/","name":"El hijo de Miguel \u00c1ngel Pierri record\u00f3 su intervenci\u00f3n en el caso \u00c1ngeles Rawson: \u201cYo ten\u00eda claro que era un asesino\u201d - Lobos News","isPartOf":{"@id":"https:\/\/lobosnews.com.ar\/#website"},"primaryImageOfPage":{"@id":"https:\/\/lobosnews.com.ar\/index.php\/2026\/09\/04\/el-hijo-de-miguel-angel-pierri-recordo-su-intervencion-en-el-caso-angeles-rawson-yo-tenia-claro-que-era-un-asesino\/#primaryimage"},"image":{"@id":"https:\/\/lobosnews.com.ar\/index.php\/2026\/09\/04\/el-hijo-de-miguel-angel-pierri-recordo-su-intervencion-en-el-caso-angeles-rawson-yo-tenia-claro-que-era-un-asesino\/#primaryimage"},"thumbnailUrl":"https:\/\/lobosnews.com.ar\/wp-content\/uploads\/2026\/09\/el-hijo-de-miguel-angel-pierri-recordo-su-intervencion-en-el-caso-angeles-rawson-yo-tenia-claro-que-era-un-asesino-4.jpg","datePublished":"2026-09-04T23:43:36+00:00","dateModified":"2026-09-05T01:32:55+00:00","breadcrumb":{"@id":"https:\/\/lobosnews.com.ar\/index.php\/2026\/09\/04\/el-hijo-de-miguel-angel-pierri-recordo-su-intervencion-en-el-caso-angeles-rawson-yo-tenia-claro-que-era-un-asesino\/#breadcrumb"},"inLanguage":"es","potentialAction":[{"@type":"ReadAction","target":["https:\/\/lobosnews.com.ar\/index.php\/2026\/09\/04\/el-hijo-de-miguel-angel-pierri-recordo-su-intervencion-en-el-caso-angeles-rawson-yo-tenia-claro-que-era-un-asesino\/"]}]},{"@type":"ImageObject","inLanguage":"es","@id":"https:\/\/lobosnews.com.ar\/index.php\/2026\/09\/04\/el-hijo-de-miguel-angel-pierri-recordo-su-intervencion-en-el-caso-angeles-rawson-yo-tenia-claro-que-era-un-asesino\/#primaryimage","url":"https:\/\/lobosnews.com.ar\/wp-content\/uploads\/2026\/09\/el-hijo-de-miguel-angel-pierri-recordo-su-intervencion-en-el-caso-angeles-rawson-yo-tenia-claro-que-era-un-asesino-4.jpg","contentUrl":"https:\/\/lobosnews.com.ar\/wp-content\/uploads\/2026\/09\/el-hijo-de-miguel-angel-pierri-recordo-su-intervencion-en-el-caso-angeles-rawson-yo-tenia-claro-que-era-un-asesino-4.jpg","width":1920,"height":1080,"caption":"El hijo de Miguel \u00c1ngel Pierri record\u00f3 su intervenci\u00f3n en el caso \u00c1ngeles Rawson: \u201cYo ten\u00eda claro que era un asesino\u201d"},{"@type":"BreadcrumbList","@id":"https:\/\/lobosnews.com.ar\/index.php\/2026\/09\/04\/el-hijo-de-miguel-angel-pierri-recordo-su-intervencion-en-el-caso-angeles-rawson-yo-tenia-claro-que-era-un-asesino\/#breadcrumb","itemListElement":[{"@type":"ListItem","position":1,"name":"Portada","item":"https:\/\/lobosnews.com.ar\/"},{"@type":"ListItem","position":2,"name":"El hijo de Miguel \u00c1ngel Pierri record\u00f3 su intervenci\u00f3n en el caso \u00c1ngeles Rawson: \u201cYo ten\u00eda claro que era un asesino\u201d"}]},{"@type":"WebSite","@id":"https:\/\/lobosnews.com.ar\/#website","url":"https:\/\/lobosnews.com.ar\/","name":"Lobos News","description":"Informaci\u00f3n a cada instante","publisher":{"@id":"https:\/\/lobosnews.com.ar\/#organization"},"potentialAction":[{"@type":"SearchAction","target":{"@type":"EntryPoint","urlTemplate":"https:\/\/lobosnews.com.ar\/?s={search_term_string}"},"query-input":{"@type":"PropertyValueSpecification","valueRequired":true,"valueName":"search_term_string"}}],"inLanguage":"es"},{"@type":"Organization","@id":"https:\/\/lobosnews.com.ar\/#organization","name":"Lobos News","url":"https:\/\/lobosnews.com.ar\/","logo":{"@type":"ImageObject","inLanguage":"es","@id":"https:\/\/lobosnews.com.ar\/#\/schema\/logo\/image\/","url":"https:\/\/lobosnews.com.ar\/wp-content\/uploads\/2026\/01\/logo-lobosnews.png","contentUrl":"https:\/\/lobosnews.com.ar\/wp-content\/uploads\/2026\/01\/logo-lobosnews.png","width":500,"height":200,"caption":"Lobos News"},"image":{"@id":"https:\/\/lobosnews.com.ar\/#\/schema\/logo\/image\/"}},{"@type":"Person","@id":"https:\/\/lobosnews.com.ar\/#\/schema\/person\/232422a593d5c541dd9aef6aaed10943","name":"admin","image":{"@type":"ImageObject","inLanguage":"es","@id":"https:\/\/secure.gravatar.com\/avatar\/76e419471a2083bc3ceab22a763dbbf9b0c1bd15a6214cf3280e2c2dde4580f9?s=96&d=mm&r=g","url":"https:\/\/secure.gravatar.com\/avatar\/76e419471a2083bc3ceab22a763dbbf9b0c1bd15a6214cf3280e2c2dde4580f9?s=96&d=mm&r=g","contentUrl":"https:\/\/secure.gravatar.com\/avatar\/76e419471a2083bc3ceab22a763dbbf9b0c1bd15a6214cf3280e2c2dde4580f9?s=96&d=mm&r=g","caption":"admin"},"sameAs":["https:\/\/lobosnews.com.ar"],"url":"https:\/\/lobosnews.com.ar\/index.php\/author\/lobos-news\/"}]}},"jetpack_featured_media_url":"https:\/\/lobosnews.com.ar\/wp-content\/uploads\/2026\/09\/el-hijo-de-miguel-angel-pierri-recordo-su-intervencion-en-el-caso-angeles-rawson-yo-tenia-claro-que-era-un-asesino-4.jpg","jetpack_sharing_enabled":true,"_links":{"self":[{"href":"https:\/\/lobosnews.com.ar\/index.php\/wp-json\/wp\/v2\/posts\/97596","targetHints":{"allow":["GET"]}}],"collection":[{"href":"https:\/\/lobosnews.com.ar\/index.php\/wp-json\/wp\/v2\/posts"}],"about":[{"href":"https:\/\/lobosnews.com.ar\/index.php\/wp-json\/wp\/v2\/types\/post"}],"author":[{"embeddable":true,"href":"https:\/\/lobosnews.com.ar\/index.php\/wp-json\/wp\/v2\/users\/1"}],"replies":[{"embeddable":true,"href":"https:\/\/lobosnews.com.ar\/index.php\/wp-json\/wp\/v2\/comments?post=97596"}],"version-history":[{"count":1,"href":"https:\/\/lobosnews.com.ar\/index.php\/wp-json\/wp\/v2\/posts\/97596\/revisions"}],"predecessor-version":[{"id":97600,"href":"https:\/\/lobosnews.com.ar\/index.php\/wp-json\/wp\/v2\/posts\/97596\/revisions\/97600"}],"wp:featuredmedia":[{"embeddable":true,"href":"https:\/\/lobosnews.com.ar\/index.php\/wp-json\/wp\/v2\/media\/97601"}],"wp:attachment":[{"href":"https:\/\/lobosnews.com.ar\/index.php\/wp-json\/wp\/v2\/media?parent=97596"}],"wp:term":[{"taxonomy":"category","embeddable":true,"href":"https:\/\/lobosnews.com.ar\/index.php\/wp-json\/wp\/v2\/categories?post=97596"},{"taxonomy":"post_tag","embeddable":true,"href":"https:\/\/lobosnews.com.ar\/index.php\/wp-json\/wp\/v2\/tags?post=97596"}],"curies":[{"name":"wp","href":"https:\/\/api.w.org\/{rel}","templated":true}]}}