{"id":97591,"date":"2026-09-05T00:37:53","date_gmt":"2026-09-05T00:37:53","guid":{"rendered":"https:\/\/lobosnews.com.ar\/?p=97591"},"modified":"2026-09-05T01:32:32","modified_gmt":"2026-09-05T01:32:32","slug":"tragico-accidente-en-rio-negro-una-pareja-choco-de-frente-contra-una-camioneta-y-murio","status":"publish","type":"post","link":"https:\/\/lobosnews.com.ar\/index.php\/2026\/09\/05\/tragico-accidente-en-rio-negro-una-pareja-choco-de-frente-contra-una-camioneta-y-murio\/","title":{"rendered":"Tr\u00e1gico accidente en R\u00edo Negro: una pareja choc\u00f3 de frente contra una camioneta y muri\u00f3"},"content":{"rendered":"<p><img fetchpriority=\"high\" decoding=\"async\" src=\"https:\/\/lobosnews.com.ar\/wp-content\/uploads\/2026\/09\/tragico-accidente-en-rio-negro-una-pareja-choco-de-frente-contra-una-camioneta-y-murio.jpg\" alt=\"M\u00f3nica Beatriz Garc\u00eda Reus y Carlos Antonio Mart\u00edn, una pareja de Allen, viajaban en un Mercedes Benz cuando ocurri\u00f3 el accidente en la Ruta 22.\" height=\"520\" width=\"920\"\/><\/p>\n<p><b>Dos personas murieron<\/b> en un choque frontal ocurrido el jueves 3 de septiembre sobre la <b>Ruta Nacional 22<\/b>, a la altura del kil\u00f3metro 883, en las proximidades de <b>R\u00edo Colorado<\/b>, en la provincia de <span class=\"waslinkname\"><b>R\u00edo Negro<\/b><\/span>. Las v\u00edctimas fueron identificadas como <b>M\u00f3nica Beatriz Garc\u00eda Reus<\/b>, de 72 a\u00f1os, y <b>Carlos Antonio Mart\u00edn<\/b>, de 81, quienes viajaban juntos como pareja a bordo de un <b>Mercedes Benz<\/b>.<\/p>\n<p>Seg\u00fan inform\u00f3 el <i>Diario R\u00edo Negro<\/i>, el impacto se produjo alrededor de las 20 y tuvo car\u00e1cter <b>semifrontal<\/b> entre el autom\u00f3vil en que iban las v\u00edctimas, <b>oriundas de Allen<\/b>, y una <b>camioneta Toyota Hilux<\/b>.<\/p>\n<p>Garc\u00eda Reus falleci\u00f3 en el lugar del accidente, mientras que Mart\u00edn fue trasladado a un hospital local, donde su muerte se constat\u00f3 a los pocos minutos del ingreso. <b>El conductor de la Hilux tambi\u00e9n result\u00f3 con lesiones y permanece internado.<\/b><\/p>\n<p>Las causas del siniestro est\u00e1n bajo investigaci\u00f3n. En el lugar actuaron el <b>fiscal adjunto Mat\u00edas \u00c1lvarez Reynolds<\/b> junto con la <b>Unidad Operativa de la Investigaci\u00f3n del Ministerio P\u00fablico Fiscal<\/b>, el gabinete de criminal\u00edstica y personal de <b>Seguridad Vial<\/b>.<\/p>\n<p>La noticia sacudi\u00f3 a la comunidad de Allen durante las primeras horas del viernes. Vecinos y allegados de la pareja difundieron mensajes de despedida en las redes, entre los que se destac\u00f3 el de un grupo de excompa\u00f1eras de <b>Garc\u00eda Reus<\/b>: <b>\u201cHoy despertamos con la peor de las noticias. Ayer perdi\u00f3 la vida nuestra querid\u00edsima amiga hermana M\u00f3nica Beatriz Garc\u00eda Reus; la sorprendi\u00f3 la muerte en R\u00edo Colorado en un fatal accidente. Nos cuesta creerlo y asimilarlo\u201d<\/b>, escribieron, seg\u00fan recogi\u00f3 el <i>Diario R\u00edo Negro<\/i>. En el mismo mensaje, las mujeres la recordaron como una persona llena de \u201cpaz, luz y amor\u201d.<\/p>\n<h2>Una camioneta choc\u00f3 contra un cami\u00f3n en la Ruta 12 y una mujer de 66 a\u00f1os muri\u00f3<\/h2>\n<p>El martes pasado, un choque frontal se produjo sobre la <b>Ruta Nacional 12<\/b> en el kil\u00f3metro 378, cerca de Aranguren, departamento <b>Nogoy\u00e1<\/b>, <b>Entre R\u00edos<\/b>. <span class=\"waslinkname\">Como consecuencia del brutal accidente entre una camioneta municipal y un cami\u00f3n, una mujer de 66 a\u00f1os perdi\u00f3 la vida<\/span>. El siniestro sucedi\u00f3 aproximadamente a las 6 de la ma\u00f1ana, momento en que una espesa niebla cubr\u00eda la zona y la visibilidad era casi nula.<\/p>\n<p><img loading=\"lazy\" decoding=\"async\" src=\"https:\/\/lobosnews.com.ar\/wp-content\/uploads\/2026\/09\/tragico-accidente-en-rio-negro-una-pareja-choco-de-frente-contra-una-camioneta-y-murio-1.jpg\" alt=\"Una mujer de 66 a\u00f1os muri\u00f3 en un choque frontal entre una camioneta municipal y un cami\u00f3n sobre la Ruta Nacional 12, cerca de Aranguren, en Entre R\u00edos.\" height=\"510\" width=\"765\"\/><\/p>\n<p>La v\u00edctima llevaba el nombre <b>Nilda Teresa Mu\u00f1oz<\/b> y medios provinciales confirmaron que se encontraba como pasajera de una Renault Kangoo perteneciente al <b>Municipio de Nogoy\u00e1<\/b>. Ese veh\u00edculo ofrec\u00eda servicios para el \u00e1rea de Desarrollo Social de la administraci\u00f3n local y se encargaba, en esa jornada, de transportar a cuatro personas que ten\u00edan turnos m\u00e9dicos programados en Paran\u00e1. Las tres mujeres restantes resultaron gravemente heridas y fueron trasladadas de urgencia tanto al <b>hospital de General Ram\u00edrez<\/b> como al <b>Hospital San Mart\u00edn de Paran\u00e1.<\/b><\/p>\n<p>Tambi\u00e9n estuvo involucrado un cami\u00f3n Iveco Daily blanco que ven\u00eda desde <b>San Jer\u00f3nimo<\/b>, <b>Santa Fe<\/b>, y que circulaba<b> con direcci\u00f3n a Gualeguaych\u00fa <\/b>cuando tuvo lugar la colisi\u00f3n frontal. La determinaci\u00f3n de las causas del accidente sigue pendiente y compete a la Justicia, que deber\u00e1 investigar tanto la mec\u00e1nica del choque como el posible papel de las condiciones clim\u00e1ticas.<\/p>\n<p>Un comunicado difundido por la <b>Municipalidad de Nogoy\u00e1<\/b> detall\u00f3 que el utilitario \u201cpresta el servicio de traslado de Desarrollo Social, y se dirig\u00eda a la ciudad de Paran\u00e1, con cuatro ocupantes que ten\u00edan turnos m\u00e9dicos programados\u201d. En ese mismo texto se incluy\u00f3 el mensaje de las autoridades: <b>\u201cAcompa\u00f1amos a los familiares y seres queridos de la v\u00edctima, en este doloroso momento\u201d.<\/b><\/p>\n<p><b>Cristian Koch<\/b>, jefe departamental de <b>Polic\u00eda de Nogoy\u00e1<\/b>, ofreci\u00f3 detalles a <i>Estaci\u00f3n Plus Crespo<\/i>, indicando que \u201cla persona fallecida iba como ocupante del utilitario\u201d y puntualizando que la conductora \u2014empleada municipal\u2014 tambi\u00e9n sufri\u00f3 lesiones y fue llevada a recibir atenci\u00f3n m\u00e9dica. Koch adem\u00e1s comunic\u00f3 la presencia de un fiscal en el lugar y que, de momento, no fue ordenada la autopsia, aunque la causa prosigue seg\u00fan sus directivas.<\/p>\n<p>Luego de la colisi\u00f3n, se efectu\u00f3 de inmediato el operativo de emergencia sobre la Ruta 12. Tanto el Cuerpo de Bomberos Voluntarios de Hern\u00e1ndez como la polic\u00eda y los equipos de emergencia participaron en la asistencia a los heridos, el retiro de los autom\u00f3viles y la reorganizaci\u00f3n del tr\u00e1nsito. El tramo de ruta fue bloqueado en la zona impactada, y se implementaron desv\u00edos por los accesos a Aranguren y Hern\u00e1ndez. En las horas siguientes, las autoridades pidieron a los automovilistas circular con m\u00e1xima precauci\u00f3n, ya que la niebla espesa persist\u00eda y segu\u00eda afectando el tr\u00e1nsito.<\/p>\n","protected":false},"excerpt":{"rendered":"<p>Dos personas murieron en un choque frontal ocurrido el jueves 3 de septiembre sobre la Ruta Nacional 22, a la altura del kil\u00f3metro 883, en las proximidades de R\u00edo Colorado, en la provincia de R\u00edo Negro. Las v\u00edctimas fueron identificadas como M\u00f3nica Beatriz Garc\u00eda Reus, de 72 a\u00f1os, y Carlos Antonio Mart\u00edn, de 81, quienes&#8230;<\/p>\n","protected":false},"author":1,"featured_media":97595,"comment_status":"open","ping_status":"closed","sticky":false,"template":"","format":"standard","meta":{"_jetpack_newsletter_access":"","_jetpack_dont_email_post_to_subs":false,"_jetpack_newsletter_tier_id":0,"_jetpack_memberships_contains_paywalled_content":false,"_jetpack_memberships_contains_paid_content":false,"footnotes":"","jetpack_post_was_ever_published":false},"categories":[31,30,32,77,84,35,36,37],"tags":[],"class_list":["post-97591","post","type-post","status-publish","format-standard","has-post-thumbnail","hentry","category-actualidad","category-argentina","category-economia","category-inseguridad","category-masradios-com","category-nacionales","category-seguridad","category-sociedad"],"magazineBlocksPostFeaturedMedia":{"thumbnail":"https:\/\/lobosnews.com.ar\/wp-content\/uploads\/2026\/09\/tragico-accidente-en-rio-negro-una-pareja-choco-de-frente-contra-una-camioneta-y-murio-2-150x150.jpg","medium":"https:\/\/lobosnews.com.ar\/wp-content\/uploads\/2026\/09\/tragico-accidente-en-rio-negro-una-pareja-choco-de-frente-contra-una-camioneta-y-murio-2-300x200.jpg","medium_large":"https:\/\/lobosnews.com.ar\/wp-content\/uploads\/2026\/09\/tragico-accidente-en-rio-negro-una-pareja-choco-de-frente-contra-una-camioneta-y-murio-2.jpg","large":"https:\/\/lobosnews.com.ar\/wp-content\/uploads\/2026\/09\/tragico-accidente-en-rio-negro-una-pareja-choco-de-frente-contra-una-camioneta-y-murio-2.jpg","1536x1536":"https:\/\/lobosnews.com.ar\/wp-content\/uploads\/2026\/09\/tragico-accidente-en-rio-negro-una-pareja-choco-de-frente-contra-una-camioneta-y-murio-2.jpg","2048x2048":"https:\/\/lobosnews.com.ar\/wp-content\/uploads\/2026\/09\/tragico-accidente-en-rio-negro-una-pareja-choco-de-frente-contra-una-camioneta-y-murio-2.jpg","newsmatic-featured":"https:\/\/lobosnews.com.ar\/wp-content\/uploads\/2026\/09\/tragico-accidente-en-rio-negro-una-pareja-choco-de-frente-contra-una-camioneta-y-murio-2.jpg","newsmatic-list":"https:\/\/lobosnews.com.ar\/wp-content\/uploads\/2026\/09\/tragico-accidente-en-rio-negro-una-pareja-choco-de-frente-contra-una-camioneta-y-murio-2-600x400.jpg","newsmatic-thumb":"https:\/\/lobosnews.com.ar\/wp-content\/uploads\/2026\/09\/tragico-accidente-en-rio-negro-una-pareja-choco-de-frente-contra-una-camioneta-y-murio-2-300x200.jpg","newsmatic-small":"https:\/\/lobosnews.com.ar\/wp-content\/uploads\/2026\/09\/tragico-accidente-en-rio-negro-una-pareja-choco-de-frente-contra-una-camioneta-y-murio-2-150x95.jpg","newsmatic-grid":"https:\/\/lobosnews.com.ar\/wp-content\/uploads\/2026\/09\/tragico-accidente-en-rio-negro-una-pareja-choco-de-frente-contra-una-camioneta-y-murio-2-400x250.jpg"},"magazineBlocksPostAuthor":{"name":"admin","avatar":"https:\/\/secure.gravatar.com\/avatar\/76e419471a2083bc3ceab22a763dbbf9b0c1bd15a6214cf3280e2c2dde4580f9?s=96&d=mm&r=g"},"magazineBlocksPostCommentsNumber":"0","magazineBlocksPostExcerpt":"Dos personas murieron en un choque frontal ocurrido el jueves 3 de septiembre sobre la Ruta Nacional 22, a la altura del kil\u00f3metro 883, en las proximidades de R\u00edo Colorado, en la provincia de R\u00edo Negro. Las v\u00edctimas fueron identificadas como M\u00f3nica Beatriz Garc\u00eda Reus, de 72 a\u00f1os, y Carlos Antonio Mart\u00edn, de 81, quienes...","magazineBlocksPostCategories":["Actualidad","Argentina","econom\u00eda","inseguridad","masradios.com","nacionales","seguridad","sociedad"],"magazineBlocksPostViewCount":42,"magazineBlocksPostReadTime":4,"magazine_blocks_featured_image_url":{"full":["https:\/\/lobosnews.com.ar\/wp-content\/uploads\/2026\/09\/tragico-accidente-en-rio-negro-una-pareja-choco-de-frente-contra-una-camioneta-y-murio-2.jpg",765,510,false],"medium":["https:\/\/lobosnews.com.ar\/wp-content\/uploads\/2026\/09\/tragico-accidente-en-rio-negro-una-pareja-choco-de-frente-contra-una-camioneta-y-murio-2-300x200.jpg",300,200,true],"thumbnail":["https:\/\/lobosnews.com.ar\/wp-content\/uploads\/2026\/09\/tragico-accidente-en-rio-negro-una-pareja-choco-de-frente-contra-una-camioneta-y-murio-2-150x150.jpg",150,150,true]},"magazine_blocks_author":{"display_name":"admin","author_link":"https:\/\/lobosnews.com.ar\/index.php\/author\/lobos-news\/"},"magazine_blocks_comment":0,"magazine_blocks_author_image":"https:\/\/secure.gravatar.com\/avatar\/76e419471a2083bc3ceab22a763dbbf9b0c1bd15a6214cf3280e2c2dde4580f9?s=96&d=mm&r=g","magazine_blocks_category":"<a href=\"#\" class=\"category-link category-link-31\">Actualidad<\/a> <a href=\"#\" class=\"category-link category-link-30\">Argentina<\/a> <a href=\"#\" class=\"category-link category-link-32\">econom\u00eda<\/a> <a href=\"#\" class=\"category-link category-link-77\">inseguridad<\/a> <a href=\"#\" class=\"category-link category-link-84\">masradios.com<\/a> <a href=\"#\" class=\"category-link category-link-35\">nacionales<\/a> <a href=\"#\" class=\"category-link category-link-36\">seguridad<\/a> <a href=\"#\" class=\"category-link category-link-37\">sociedad<\/a>","yoast_head":"<!-- This site is optimized with the Yoast SEO plugin v28.0 - https:\/\/yoast.com\/product\/yoast-seo-wordpress\/ -->\n<title>Tr\u00e1gico accidente en R\u00edo Negro: una pareja choc\u00f3 de frente contra una camioneta y muri\u00f3 - Lobos News<\/title>\n<meta name=\"robots\" content=\"index, follow, max-snippet:-1, max-image-preview:large, max-video-preview:-1\" \/>\n<link rel=\"canonical\" href=\"https:\/\/lobosnews.com.ar\/index.php\/2026\/09\/05\/tragico-accidente-en-rio-negro-una-pareja-choco-de-frente-contra-una-camioneta-y-murio\/\" \/>\n<meta property=\"og:locale\" content=\"es_ES\" \/>\n<meta property=\"og:type\" content=\"article\" \/>\n<meta property=\"og:title\" content=\"Tr\u00e1gico accidente en R\u00edo Negro: una pareja choc\u00f3 de frente contra una camioneta y muri\u00f3 - Lobos News\" \/>\n<meta property=\"og:description\" content=\"Dos personas murieron en un choque frontal ocurrido el jueves 3 de septiembre sobre la Ruta Nacional 22, a la altura del kil\u00f3metro 883, en las proximidades de R\u00edo Colorado, en la provincia de R\u00edo Negro. Las v\u00edctimas fueron identificadas como M\u00f3nica Beatriz Garc\u00eda Reus, de 72 a\u00f1os, y Carlos Antonio Mart\u00edn, de 81, quienes...\" \/>\n<meta property=\"og:url\" content=\"https:\/\/lobosnews.com.ar\/index.php\/2026\/09\/05\/tragico-accidente-en-rio-negro-una-pareja-choco-de-frente-contra-una-camioneta-y-murio\/\" \/>\n<meta property=\"og:site_name\" content=\"Lobos News\" \/>\n<meta property=\"article:published_time\" content=\"2026-09-05T00:37:53+00:00\" \/>\n<meta property=\"article:modified_time\" content=\"2026-09-05T01:32:32+00:00\" \/>\n<meta property=\"og:image\" content=\"https:\/\/lobosnews.com.ar\/wp-content\/uploads\/2026\/09\/tragico-accidente-en-rio-negro-una-pareja-choco-de-frente-contra-una-camioneta-y-murio-2.jpg\" \/>\n\t<meta property=\"og:image:width\" content=\"765\" \/>\n\t<meta property=\"og:image:height\" content=\"510\" \/>\n\t<meta property=\"og:image:type\" content=\"image\/jpeg\" \/>\n<meta name=\"author\" content=\"admin\" \/>\n<meta name=\"twitter:card\" content=\"summary_large_image\" \/>\n<meta name=\"twitter:label1\" content=\"Escrito por\" \/>\n\t<meta name=\"twitter:data1\" content=\"admin\" \/>\n\t<meta name=\"twitter:label2\" content=\"Tiempo de lectura\" \/>\n\t<meta name=\"twitter:data2\" content=\"4 minutos\" \/>\n<script type=\"application\/ld+json\" class=\"yoast-schema-graph\">{\"@context\":\"https:\\\/\\\/schema.org\",\"@graph\":[{\"@type\":\"Article\",\"@id\":\"https:\\\/\\\/lobosnews.com.ar\\\/index.php\\\/2026\\\/09\\\/05\\\/tragico-accidente-en-rio-negro-una-pareja-choco-de-frente-contra-una-camioneta-y-murio\\\/#article\",\"isPartOf\":{\"@id\":\"https:\\\/\\\/lobosnews.com.ar\\\/index.php\\\/2026\\\/09\\\/05\\\/tragico-accidente-en-rio-negro-una-pareja-choco-de-frente-contra-una-camioneta-y-murio\\\/\"},\"author\":{\"name\":\"admin\",\"@id\":\"https:\\\/\\\/lobosnews.com.ar\\\/#\\\/schema\\\/person\\\/232422a593d5c541dd9aef6aaed10943\"},\"headline\":\"Tr\u00e1gico accidente en R\u00edo Negro: una pareja choc\u00f3 de frente contra una camioneta y muri\u00f3\",\"datePublished\":\"2026-09-05T00:37:53+00:00\",\"dateModified\":\"2026-09-05T01:32:32+00:00\",\"mainEntityOfPage\":{\"@id\":\"https:\\\/\\\/lobosnews.com.ar\\\/index.php\\\/2026\\\/09\\\/05\\\/tragico-accidente-en-rio-negro-una-pareja-choco-de-frente-contra-una-camioneta-y-murio\\\/\"},\"wordCount\":814,\"commentCount\":0,\"publisher\":{\"@id\":\"https:\\\/\\\/lobosnews.com.ar\\\/#organization\"},\"image\":{\"@id\":\"https:\\\/\\\/lobosnews.com.ar\\\/index.php\\\/2026\\\/09\\\/05\\\/tragico-accidente-en-rio-negro-una-pareja-choco-de-frente-contra-una-camioneta-y-murio\\\/#primaryimage\"},\"thumbnailUrl\":\"https:\\\/\\\/lobosnews.com.ar\\\/wp-content\\\/uploads\\\/2026\\\/09\\\/tragico-accidente-en-rio-negro-una-pareja-choco-de-frente-contra-una-camioneta-y-murio-2.jpg\",\"articleSection\":[\"Actualidad\",\"Argentina\",\"econom\u00eda\",\"inseguridad\",\"masradios.com\",\"nacionales\",\"seguridad\",\"sociedad\"],\"inLanguage\":\"es\",\"potentialAction\":[{\"@type\":\"CommentAction\",\"name\":\"Comment\",\"target\":[\"https:\\\/\\\/lobosnews.com.ar\\\/index.php\\\/2026\\\/09\\\/05\\\/tragico-accidente-en-rio-negro-una-pareja-choco-de-frente-contra-una-camioneta-y-murio\\\/#respond\"]}]},{\"@type\":\"WebPage\",\"@id\":\"https:\\\/\\\/lobosnews.com.ar\\\/index.php\\\/2026\\\/09\\\/05\\\/tragico-accidente-en-rio-negro-una-pareja-choco-de-frente-contra-una-camioneta-y-murio\\\/\",\"url\":\"https:\\\/\\\/lobosnews.com.ar\\\/index.php\\\/2026\\\/09\\\/05\\\/tragico-accidente-en-rio-negro-una-pareja-choco-de-frente-contra-una-camioneta-y-murio\\\/\",\"name\":\"Tr\u00e1gico accidente en R\u00edo Negro: una pareja choc\u00f3 de frente contra una camioneta y muri\u00f3 - Lobos News\",\"isPartOf\":{\"@id\":\"https:\\\/\\\/lobosnews.com.ar\\\/#website\"},\"primaryImageOfPage\":{\"@id\":\"https:\\\/\\\/lobosnews.com.ar\\\/index.php\\\/2026\\\/09\\\/05\\\/tragico-accidente-en-rio-negro-una-pareja-choco-de-frente-contra-una-camioneta-y-murio\\\/#primaryimage\"},\"image\":{\"@id\":\"https:\\\/\\\/lobosnews.com.ar\\\/index.php\\\/2026\\\/09\\\/05\\\/tragico-accidente-en-rio-negro-una-pareja-choco-de-frente-contra-una-camioneta-y-murio\\\/#primaryimage\"},\"thumbnailUrl\":\"https:\\\/\\\/lobosnews.com.ar\\\/wp-content\\\/uploads\\\/2026\\\/09\\\/tragico-accidente-en-rio-negro-una-pareja-choco-de-frente-contra-una-camioneta-y-murio-2.jpg\",\"datePublished\":\"2026-09-05T00:37:53+00:00\",\"dateModified\":\"2026-09-05T01:32:32+00:00\",\"breadcrumb\":{\"@id\":\"https:\\\/\\\/lobosnews.com.ar\\\/index.php\\\/2026\\\/09\\\/05\\\/tragico-accidente-en-rio-negro-una-pareja-choco-de-frente-contra-una-camioneta-y-murio\\\/#breadcrumb\"},\"inLanguage\":\"es\",\"potentialAction\":[{\"@type\":\"ReadAction\",\"target\":[\"https:\\\/\\\/lobosnews.com.ar\\\/index.php\\\/2026\\\/09\\\/05\\\/tragico-accidente-en-rio-negro-una-pareja-choco-de-frente-contra-una-camioneta-y-murio\\\/\"]}]},{\"@type\":\"ImageObject\",\"inLanguage\":\"es\",\"@id\":\"https:\\\/\\\/lobosnews.com.ar\\\/index.php\\\/2026\\\/09\\\/05\\\/tragico-accidente-en-rio-negro-una-pareja-choco-de-frente-contra-una-camioneta-y-murio\\\/#primaryimage\",\"url\":\"https:\\\/\\\/lobosnews.com.ar\\\/wp-content\\\/uploads\\\/2026\\\/09\\\/tragico-accidente-en-rio-negro-una-pareja-choco-de-frente-contra-una-camioneta-y-murio-2.jpg\",\"contentUrl\":\"https:\\\/\\\/lobosnews.com.ar\\\/wp-content\\\/uploads\\\/2026\\\/09\\\/tragico-accidente-en-rio-negro-una-pareja-choco-de-frente-contra-una-camioneta-y-murio-2.jpg\",\"width\":765,\"height\":510,\"caption\":\"Tr\u00e1gico accidente en R\u00edo Negro: una pareja choc\u00f3 de frente contra una camioneta y muri\u00f3\"},{\"@type\":\"BreadcrumbList\",\"@id\":\"https:\\\/\\\/lobosnews.com.ar\\\/index.php\\\/2026\\\/09\\\/05\\\/tragico-accidente-en-rio-negro-una-pareja-choco-de-frente-contra-una-camioneta-y-murio\\\/#breadcrumb\",\"itemListElement\":[{\"@type\":\"ListItem\",\"position\":1,\"name\":\"Portada\",\"item\":\"https:\\\/\\\/lobosnews.com.ar\\\/\"},{\"@type\":\"ListItem\",\"position\":2,\"name\":\"Tr\u00e1gico accidente en R\u00edo Negro: una pareja choc\u00f3 de frente contra una camioneta y muri\u00f3\"}]},{\"@type\":\"WebSite\",\"@id\":\"https:\\\/\\\/lobosnews.com.ar\\\/#website\",\"url\":\"https:\\\/\\\/lobosnews.com.ar\\\/\",\"name\":\"Lobos News\",\"description\":\"Informaci\u00f3n a cada instante\",\"publisher\":{\"@id\":\"https:\\\/\\\/lobosnews.com.ar\\\/#organization\"},\"potentialAction\":[{\"@type\":\"SearchAction\",\"target\":{\"@type\":\"EntryPoint\",\"urlTemplate\":\"https:\\\/\\\/lobosnews.com.ar\\\/?s={search_term_string}\"},\"query-input\":{\"@type\":\"PropertyValueSpecification\",\"valueRequired\":true,\"valueName\":\"search_term_string\"}}],\"inLanguage\":\"es\"},{\"@type\":\"Organization\",\"@id\":\"https:\\\/\\\/lobosnews.com.ar\\\/#organization\",\"name\":\"Lobos News\",\"url\":\"https:\\\/\\\/lobosnews.com.ar\\\/\",\"logo\":{\"@type\":\"ImageObject\",\"inLanguage\":\"es\",\"@id\":\"https:\\\/\\\/lobosnews.com.ar\\\/#\\\/schema\\\/logo\\\/image\\\/\",\"url\":\"https:\\\/\\\/lobosnews.com.ar\\\/wp-content\\\/uploads\\\/2026\\\/01\\\/logo-lobosnews.png\",\"contentUrl\":\"https:\\\/\\\/lobosnews.com.ar\\\/wp-content\\\/uploads\\\/2026\\\/01\\\/logo-lobosnews.png\",\"width\":500,\"height\":200,\"caption\":\"Lobos News\"},\"image\":{\"@id\":\"https:\\\/\\\/lobosnews.com.ar\\\/#\\\/schema\\\/logo\\\/image\\\/\"}},{\"@type\":\"Person\",\"@id\":\"https:\\\/\\\/lobosnews.com.ar\\\/#\\\/schema\\\/person\\\/232422a593d5c541dd9aef6aaed10943\",\"name\":\"admin\",\"image\":{\"@type\":\"ImageObject\",\"inLanguage\":\"es\",\"@id\":\"https:\\\/\\\/secure.gravatar.com\\\/avatar\\\/76e419471a2083bc3ceab22a763dbbf9b0c1bd15a6214cf3280e2c2dde4580f9?s=96&d=mm&r=g\",\"url\":\"https:\\\/\\\/secure.gravatar.com\\\/avatar\\\/76e419471a2083bc3ceab22a763dbbf9b0c1bd15a6214cf3280e2c2dde4580f9?s=96&d=mm&r=g\",\"contentUrl\":\"https:\\\/\\\/secure.gravatar.com\\\/avatar\\\/76e419471a2083bc3ceab22a763dbbf9b0c1bd15a6214cf3280e2c2dde4580f9?s=96&d=mm&r=g\",\"caption\":\"admin\"},\"sameAs\":[\"https:\\\/\\\/lobosnews.com.ar\"],\"url\":\"https:\\\/\\\/lobosnews.com.ar\\\/index.php\\\/author\\\/lobos-news\\\/\"}]}<\/script>\n<!-- \/ Yoast SEO plugin. -->","yoast_head_json":{"title":"Tr\u00e1gico accidente en R\u00edo Negro: una pareja choc\u00f3 de frente contra una camioneta y muri\u00f3 - Lobos News","robots":{"index":"index","follow":"follow","max-snippet":"max-snippet:-1","max-image-preview":"max-image-preview:large","max-video-preview":"max-video-preview:-1"},"canonical":"https:\/\/lobosnews.com.ar\/index.php\/2026\/09\/05\/tragico-accidente-en-rio-negro-una-pareja-choco-de-frente-contra-una-camioneta-y-murio\/","og_locale":"es_ES","og_type":"article","og_title":"Tr\u00e1gico accidente en R\u00edo Negro: una pareja choc\u00f3 de frente contra una camioneta y muri\u00f3 - Lobos News","og_description":"Dos personas murieron en un choque frontal ocurrido el jueves 3 de septiembre sobre la Ruta Nacional 22, a la altura del kil\u00f3metro 883, en las proximidades de R\u00edo Colorado, en la provincia de R\u00edo Negro. Las v\u00edctimas fueron identificadas como M\u00f3nica Beatriz Garc\u00eda Reus, de 72 a\u00f1os, y Carlos Antonio Mart\u00edn, de 81, quienes...","og_url":"https:\/\/lobosnews.com.ar\/index.php\/2026\/09\/05\/tragico-accidente-en-rio-negro-una-pareja-choco-de-frente-contra-una-camioneta-y-murio\/","og_site_name":"Lobos News","article_published_time":"2026-09-05T00:37:53+00:00","article_modified_time":"2026-09-05T01:32:32+00:00","og_image":[{"width":765,"height":510,"url":"https:\/\/lobosnews.com.ar\/wp-content\/uploads\/2026\/09\/tragico-accidente-en-rio-negro-una-pareja-choco-de-frente-contra-una-camioneta-y-murio-2.jpg","type":"image\/jpeg"}],"author":"admin","twitter_card":"summary_large_image","twitter_misc":{"Escrito por":"admin","Tiempo de lectura":"4 minutos"},"schema":{"@context":"https:\/\/schema.org","@graph":[{"@type":"Article","@id":"https:\/\/lobosnews.com.ar\/index.php\/2026\/09\/05\/tragico-accidente-en-rio-negro-una-pareja-choco-de-frente-contra-una-camioneta-y-murio\/#article","isPartOf":{"@id":"https:\/\/lobosnews.com.ar\/index.php\/2026\/09\/05\/tragico-accidente-en-rio-negro-una-pareja-choco-de-frente-contra-una-camioneta-y-murio\/"},"author":{"name":"admin","@id":"https:\/\/lobosnews.com.ar\/#\/schema\/person\/232422a593d5c541dd9aef6aaed10943"},"headline":"Tr\u00e1gico accidente en R\u00edo Negro: una pareja choc\u00f3 de frente contra una camioneta y muri\u00f3","datePublished":"2026-09-05T00:37:53+00:00","dateModified":"2026-09-05T01:32:32+00:00","mainEntityOfPage":{"@id":"https:\/\/lobosnews.com.ar\/index.php\/2026\/09\/05\/tragico-accidente-en-rio-negro-una-pareja-choco-de-frente-contra-una-camioneta-y-murio\/"},"wordCount":814,"commentCount":0,"publisher":{"@id":"https:\/\/lobosnews.com.ar\/#organization"},"image":{"@id":"https:\/\/lobosnews.com.ar\/index.php\/2026\/09\/05\/tragico-accidente-en-rio-negro-una-pareja-choco-de-frente-contra-una-camioneta-y-murio\/#primaryimage"},"thumbnailUrl":"https:\/\/lobosnews.com.ar\/wp-content\/uploads\/2026\/09\/tragico-accidente-en-rio-negro-una-pareja-choco-de-frente-contra-una-camioneta-y-murio-2.jpg","articleSection":["Actualidad","Argentina","econom\u00eda","inseguridad","masradios.com","nacionales","seguridad","sociedad"],"inLanguage":"es","potentialAction":[{"@type":"CommentAction","name":"Comment","target":["https:\/\/lobosnews.com.ar\/index.php\/2026\/09\/05\/tragico-accidente-en-rio-negro-una-pareja-choco-de-frente-contra-una-camioneta-y-murio\/#respond"]}]},{"@type":"WebPage","@id":"https:\/\/lobosnews.com.ar\/index.php\/2026\/09\/05\/tragico-accidente-en-rio-negro-una-pareja-choco-de-frente-contra-una-camioneta-y-murio\/","url":"https:\/\/lobosnews.com.ar\/index.php\/2026\/09\/05\/tragico-accidente-en-rio-negro-una-pareja-choco-de-frente-contra-una-camioneta-y-murio\/","name":"Tr\u00e1gico accidente en R\u00edo Negro: una pareja choc\u00f3 de frente contra una camioneta y muri\u00f3 - Lobos News","isPartOf":{"@id":"https:\/\/lobosnews.com.ar\/#website"},"primaryImageOfPage":{"@id":"https:\/\/lobosnews.com.ar\/index.php\/2026\/09\/05\/tragico-accidente-en-rio-negro-una-pareja-choco-de-frente-contra-una-camioneta-y-murio\/#primaryimage"},"image":{"@id":"https:\/\/lobosnews.com.ar\/index.php\/2026\/09\/05\/tragico-accidente-en-rio-negro-una-pareja-choco-de-frente-contra-una-camioneta-y-murio\/#primaryimage"},"thumbnailUrl":"https:\/\/lobosnews.com.ar\/wp-content\/uploads\/2026\/09\/tragico-accidente-en-rio-negro-una-pareja-choco-de-frente-contra-una-camioneta-y-murio-2.jpg","datePublished":"2026-09-05T00:37:53+00:00","dateModified":"2026-09-05T01:32:32+00:00","breadcrumb":{"@id":"https:\/\/lobosnews.com.ar\/index.php\/2026\/09\/05\/tragico-accidente-en-rio-negro-una-pareja-choco-de-frente-contra-una-camioneta-y-murio\/#breadcrumb"},"inLanguage":"es","potentialAction":[{"@type":"ReadAction","target":["https:\/\/lobosnews.com.ar\/index.php\/2026\/09\/05\/tragico-accidente-en-rio-negro-una-pareja-choco-de-frente-contra-una-camioneta-y-murio\/"]}]},{"@type":"ImageObject","inLanguage":"es","@id":"https:\/\/lobosnews.com.ar\/index.php\/2026\/09\/05\/tragico-accidente-en-rio-negro-una-pareja-choco-de-frente-contra-una-camioneta-y-murio\/#primaryimage","url":"https:\/\/lobosnews.com.ar\/wp-content\/uploads\/2026\/09\/tragico-accidente-en-rio-negro-una-pareja-choco-de-frente-contra-una-camioneta-y-murio-2.jpg","contentUrl":"https:\/\/lobosnews.com.ar\/wp-content\/uploads\/2026\/09\/tragico-accidente-en-rio-negro-una-pareja-choco-de-frente-contra-una-camioneta-y-murio-2.jpg","width":765,"height":510,"caption":"Tr\u00e1gico accidente en R\u00edo Negro: una pareja choc\u00f3 de frente contra una camioneta y muri\u00f3"},{"@type":"BreadcrumbList","@id":"https:\/\/lobosnews.com.ar\/index.php\/2026\/09\/05\/tragico-accidente-en-rio-negro-una-pareja-choco-de-frente-contra-una-camioneta-y-murio\/#breadcrumb","itemListElement":[{"@type":"ListItem","position":1,"name":"Portada","item":"https:\/\/lobosnews.com.ar\/"},{"@type":"ListItem","position":2,"name":"Tr\u00e1gico accidente en R\u00edo Negro: una pareja choc\u00f3 de frente contra una camioneta y muri\u00f3"}]},{"@type":"WebSite","@id":"https:\/\/lobosnews.com.ar\/#website","url":"https:\/\/lobosnews.com.ar\/","name":"Lobos News","description":"Informaci\u00f3n a cada instante","publisher":{"@id":"https:\/\/lobosnews.com.ar\/#organization"},"potentialAction":[{"@type":"SearchAction","target":{"@type":"EntryPoint","urlTemplate":"https:\/\/lobosnews.com.ar\/?s={search_term_string}"},"query-input":{"@type":"PropertyValueSpecification","valueRequired":true,"valueName":"search_term_string"}}],"inLanguage":"es"},{"@type":"Organization","@id":"https:\/\/lobosnews.com.ar\/#organization","name":"Lobos News","url":"https:\/\/lobosnews.com.ar\/","logo":{"@type":"ImageObject","inLanguage":"es","@id":"https:\/\/lobosnews.com.ar\/#\/schema\/logo\/image\/","url":"https:\/\/lobosnews.com.ar\/wp-content\/uploads\/2026\/01\/logo-lobosnews.png","contentUrl":"https:\/\/lobosnews.com.ar\/wp-content\/uploads\/2026\/01\/logo-lobosnews.png","width":500,"height":200,"caption":"Lobos News"},"image":{"@id":"https:\/\/lobosnews.com.ar\/#\/schema\/logo\/image\/"}},{"@type":"Person","@id":"https:\/\/lobosnews.com.ar\/#\/schema\/person\/232422a593d5c541dd9aef6aaed10943","name":"admin","image":{"@type":"ImageObject","inLanguage":"es","@id":"https:\/\/secure.gravatar.com\/avatar\/76e419471a2083bc3ceab22a763dbbf9b0c1bd15a6214cf3280e2c2dde4580f9?s=96&d=mm&r=g","url":"https:\/\/secure.gravatar.com\/avatar\/76e419471a2083bc3ceab22a763dbbf9b0c1bd15a6214cf3280e2c2dde4580f9?s=96&d=mm&r=g","contentUrl":"https:\/\/secure.gravatar.com\/avatar\/76e419471a2083bc3ceab22a763dbbf9b0c1bd15a6214cf3280e2c2dde4580f9?s=96&d=mm&r=g","caption":"admin"},"sameAs":["https:\/\/lobosnews.com.ar"],"url":"https:\/\/lobosnews.com.ar\/index.php\/author\/lobos-news\/"}]}},"jetpack_featured_media_url":"https:\/\/lobosnews.com.ar\/wp-content\/uploads\/2026\/09\/tragico-accidente-en-rio-negro-una-pareja-choco-de-frente-contra-una-camioneta-y-murio-2.jpg","jetpack_sharing_enabled":true,"_links":{"self":[{"href":"https:\/\/lobosnews.com.ar\/index.php\/wp-json\/wp\/v2\/posts\/97591","targetHints":{"allow":["GET"]}}],"collection":[{"href":"https:\/\/lobosnews.com.ar\/index.php\/wp-json\/wp\/v2\/posts"}],"about":[{"href":"https:\/\/lobosnews.com.ar\/index.php\/wp-json\/wp\/v2\/types\/post"}],"author":[{"embeddable":true,"href":"https:\/\/lobosnews.com.ar\/index.php\/wp-json\/wp\/v2\/users\/1"}],"replies":[{"embeddable":true,"href":"https:\/\/lobosnews.com.ar\/index.php\/wp-json\/wp\/v2\/comments?post=97591"}],"version-history":[{"count":1,"href":"https:\/\/lobosnews.com.ar\/index.php\/wp-json\/wp\/v2\/posts\/97591\/revisions"}],"predecessor-version":[{"id":97594,"href":"https:\/\/lobosnews.com.ar\/index.php\/wp-json\/wp\/v2\/posts\/97591\/revisions\/97594"}],"wp:featuredmedia":[{"embeddable":true,"href":"https:\/\/lobosnews.com.ar\/index.php\/wp-json\/wp\/v2\/media\/97595"}],"wp:attachment":[{"href":"https:\/\/lobosnews.com.ar\/index.php\/wp-json\/wp\/v2\/media?parent=97591"}],"wp:term":[{"taxonomy":"category","embeddable":true,"href":"https:\/\/lobosnews.com.ar\/index.php\/wp-json\/wp\/v2\/categories?post=97591"},{"taxonomy":"post_tag","embeddable":true,"href":"https:\/\/lobosnews.com.ar\/index.php\/wp-json\/wp\/v2\/tags?post=97591"}],"curies":[{"name":"wp","href":"https:\/\/api.w.org\/{rel}","templated":true}]}}