{"id":97547,"date":"2026-09-04T21:13:00","date_gmt":"2026-09-04T21:13:00","guid":{"rendered":"https:\/\/lobosnews.com.ar\/?p=97547"},"modified":"2026-09-05T01:31:05","modified_gmt":"2026-09-05T01:31:05","slug":"el-polaco-barby-silenzi-y-abril-disfrutan-en-bariloche-culipatin-looks-combinados-y-una-batalla-de-nieve","status":"publish","type":"post","link":"https:\/\/lobosnews.com.ar\/index.php\/2026\/09\/04\/el-polaco-barby-silenzi-y-abril-disfrutan-en-bariloche-culipatin-looks-combinados-y-una-batalla-de-nieve\/","title":{"rendered":"El Polaco, Barby Silenzi y Abril disfrutan en Bariloche: culipat\u00edn, looks combinados y una batalla de nieve"},"content":{"rendered":"<p><span class=\"waslinkname\"><b>El Polaco<\/b><\/span><span class=\"waslinkname\"> <\/span>y<span class=\"waslinkname\"> <\/span><span class=\"waslinkname\"><b>Barby Silenzi<\/b><\/span><span class=\"waslinkname\"> <\/span>eligieron <span class=\"waslinkname\">dejar de lado sus actividades profesionales <\/span>y agendas llenas de conciertos, compromisos y eventos para organizar un viaje de descanso a <b>Bariloche<\/b> junto a <b>Abril<\/b>, su hija en com\u00fan. En redes sociales publicaron im\u00e1genes y videos donde se los vio disfrutando del destino: entre los paisajes de nieve y las pistas, los tres construyeron un mu\u00f1eco bajo los pinos caracter\u00edsticos de la localidad rionegrina y protagonizaron una batalla de bolas de nieve entre los \u00e1rboles.<\/p>\n<p>Las im\u00e1genes mostraron a la familia recorriendo distintos sectores del cerro Catedral en un d\u00eda de buena luz solar, con el pico nevado de fondo y cielo despejado. Selfies en la monta\u00f1a, juegos sobre la nieve y recorridos por zonas arboladas compusieron el registro que Abril acompa\u00f1\u00f3 con el texto \u201cBariloche 2026 con papi y mami\u201d en sus redes sociales.<\/p>\n<p>Para las salidas al cerro, los tres eligieron <b>indumentaria t\u00e9rmica con el mismo dise\u00f1o<\/b>. El cantante luci\u00f3 una campera con motivo camuflado en blanco y negro con detalles en azul, gorro del mismo color y anteojos de esqu\u00ed sobre la cabeza; en otra de las salidas sum\u00f3 un buzo negro con estampa gr\u00e1fica. Silenzi opt\u00f3 por el mismo patr\u00f3n camuflado en tonos rosa, negro y blanco, con gorro rosa con pomp\u00f3n y anteojos de espejo. Abril complet\u00f3 el tr\u00edo con una campera negra con estampado rosa y blanco, guantes con dise\u00f1o de conejitos y, seg\u00fan la toma, distintos gorros: uno celeste con un parche de Stitch y otro rosa con pomp\u00f3n.<\/p>\n<p>Buena parte del registro fotogr\u00e1fico tuvo a la menor como protagonista. En varias tomas apareci\u00f3 tirada sobre la nieve, boca abajo, con los guantes apoyados sobre el piso nevado. De fondo se distinguieron un arco inflable rojo, la torre amarilla de la aerosilla y las casas de estilo monta\u00f1\u00e9s que rodearon el circuito de esqu\u00ed.<\/p>\n<p>Otro de los momentos capturados fue la construcci\u00f3n de un mu\u00f1eco de nieve en un sector arbolado, rodeado de pinos con nieve acumulada en las ramas. Los tres aparecieron arrodillados alrededor de la figura mientras tomaba forma. En una imagen posterior, <b>Abril pos\u00f3 sola junto al mu\u00f1eco ya terminado<\/b>, que luc\u00eda sus anteojos de esqu\u00ed de marco espejado y el gorro celeste con el parche de Stitch como decoraci\u00f3n final.<\/p>\n<p>La secuencia de fotos cerr\u00f3 con una imagen grupal en un sendero nevado entre pinos: El Polaco se\u00f1alando con el pulgar hacia un costado, Silenzi con los brazos levantados y Abril al frente del grupo, con los anteojos de marco rojo sobre la cabeza y los guantes de conejitos puestos.<\/p>\n<p><img loading=\"lazy\" decoding=\"async\" src=\"https:\/\/lobosnews.com.ar\/wp-content\/uploads\/2026\/09\/el-polaco-barby-silenzi-y-abril-disfrutan-en-bariloche-culipatin-looks-combinados-y-una-batalla-de-nieve.jpg\" alt=\"La pareja eligi\u00f3 Bariloche para pasar unos d\u00edas en la nieve\" height=\"4032\" width=\"3024\"\/><img loading=\"lazy\" decoding=\"async\" src=\"https:\/\/lobosnews.com.ar\/wp-content\/uploads\/2026\/09\/el-polaco-barby-silenzi-y-abril-disfrutan-en-bariloche-culipatin-looks-combinados-y-una-batalla-de-nieve-1.jpg\" alt=\"Abril se anim\u00f3 a armar un mu\u00f1eco de nieve\" height=\"4096\" width=\"3072\"\/><img loading=\"lazy\" decoding=\"async\" src=\"https:\/\/lobosnews.com.ar\/wp-content\/uploads\/2026\/09\/el-polaco-barby-silenzi-y-abril-disfrutan-en-bariloche-culipatin-looks-combinados-y-una-batalla-de-nieve-2.jpg\" alt=\"El Polaco, Barby y su hija posaron junto a la creaci\u00f3n de la peque\u00f1a en Bariloche\" height=\"4096\" width=\"3072\"\/><\/p>\n<p>D\u00edas despu\u00e9s,<b> <\/b>Silenzi comparti\u00f3 un video en el que la pareja protagoniz\u00f3 una batalla de bolas de nieve en otro de los sectores boscosos del predio. La secuencia arranc\u00f3 con ella agachada, juntando nieve con las manos, mientras el cantante de \u201cDeja de llorar\u201d permaneci\u00f3 de pie a pocos metros. Ambos conservaron la misma indumentaria de las salidas anteriores: la campera camuflada en tonos rosa, negro y blanco ella, y el conjunto azul, blanco y negro \u00e9l.<\/p>\n<p>El sendero donde ocurri\u00f3 la escena estuvo flanqueado por pinos altos, con parches de nieve derretida entre los troncos y el cerro nevado asomando al fondo, entre la vegetaci\u00f3n. En las tomas siguientes, la pareja se persigui\u00f3 entre los \u00e1rboles con bolas de nieve en la mano; en una de ellas, El Polaco lanz\u00f3 nieve hacia adelante mientras caminaba hacia Silenzi, que retrocedi\u00f3 con los brazos extendidos.<\/p>\n<p>M\u00e1s adelante, Abril se sum\u00f3 a la escena y avanzaron por el sendero detr\u00e1s de El Polaco, en fila sobre la nieve compactada, con el cerro nevado como tel\u00f3n al fondo del camino. El video registr\u00f3 tambi\u00e9n el momento exacto en que El Polaco arroj\u00f3 una bola con el brazo en alto, mientras Silenzi se agach\u00f3 y se cubri\u00f3 con las manos para esquivar el impacto.<\/p>\n<p>El clip cerr\u00f3 con una revolcada grupal: los chicos y la pareja terminaron tirados sobre la nieve, junto a un mont\u00edculo acumulado al costado del sendero, entre los troncos de los pinos que bordearon el camino.<\/p>\n","protected":false},"excerpt":{"rendered":"<p>El Polaco y Barby Silenzi eligieron dejar de lado sus actividades profesionales y agendas llenas de conciertos, compromisos y eventos para organizar un viaje de descanso a Bariloche junto a Abril, su hija en com\u00fan. En redes sociales publicaron im\u00e1genes y videos donde se los vio disfrutando del destino: entre los paisajes de nieve y&#8230;<\/p>\n","protected":false},"author":1,"featured_media":97552,"comment_status":"open","ping_status":"closed","sticky":false,"template":"","format":"standard","meta":{"_jetpack_newsletter_access":"","_jetpack_dont_email_post_to_subs":false,"_jetpack_newsletter_tier_id":0,"_jetpack_memberships_contains_paywalled_content":false,"_jetpack_memberships_contains_paid_content":false,"footnotes":"","jetpack_post_was_ever_published":false},"categories":[79],"tags":[],"class_list":["post-97547","post","type-post","status-publish","format-standard","has-post-thumbnail","hentry","category-cine-y-series"],"magazineBlocksPostFeaturedMedia":{"thumbnail":"https:\/\/lobosnews.com.ar\/wp-content\/uploads\/2026\/09\/el-polaco-barby-silenzi-y-abril-disfrutan-en-bariloche-culipatin-looks-combinados-y-una-batalla-de-nieve-4-150x150.jpg","medium":"https:\/\/lobosnews.com.ar\/wp-content\/uploads\/2026\/09\/el-polaco-barby-silenzi-y-abril-disfrutan-en-bariloche-culipatin-looks-combinados-y-una-batalla-de-nieve-4-225x300.jpg","medium_large":"https:\/\/lobosnews.com.ar\/wp-content\/uploads\/2026\/09\/el-polaco-barby-silenzi-y-abril-disfrutan-en-bariloche-culipatin-looks-combinados-y-una-batalla-de-nieve-4-768x1024.jpg","large":"https:\/\/lobosnews.com.ar\/wp-content\/uploads\/2026\/09\/el-polaco-barby-silenzi-y-abril-disfrutan-en-bariloche-culipatin-looks-combinados-y-una-batalla-de-nieve-4-768x1024.jpg","1536x1536":"https:\/\/lobosnews.com.ar\/wp-content\/uploads\/2026\/09\/el-polaco-barby-silenzi-y-abril-disfrutan-en-bariloche-culipatin-looks-combinados-y-una-batalla-de-nieve-4-1152x1536.jpg","2048x2048":"https:\/\/lobosnews.com.ar\/wp-content\/uploads\/2026\/09\/el-polaco-barby-silenzi-y-abril-disfrutan-en-bariloche-culipatin-looks-combinados-y-una-batalla-de-nieve-4-1536x2048.jpg","newsmatic-featured":"https:\/\/lobosnews.com.ar\/wp-content\/uploads\/2026\/09\/el-polaco-barby-silenzi-y-abril-disfrutan-en-bariloche-culipatin-looks-combinados-y-una-batalla-de-nieve-4-820x545.jpg","newsmatic-list":"https:\/\/lobosnews.com.ar\/wp-content\/uploads\/2026\/09\/el-polaco-barby-silenzi-y-abril-disfrutan-en-bariloche-culipatin-looks-combinados-y-una-batalla-de-nieve-4-600x400.jpg","newsmatic-thumb":"https:\/\/lobosnews.com.ar\/wp-content\/uploads\/2026\/09\/el-polaco-barby-silenzi-y-abril-disfrutan-en-bariloche-culipatin-looks-combinados-y-una-batalla-de-nieve-4-300x200.jpg","newsmatic-small":"https:\/\/lobosnews.com.ar\/wp-content\/uploads\/2026\/09\/el-polaco-barby-silenzi-y-abril-disfrutan-en-bariloche-culipatin-looks-combinados-y-una-batalla-de-nieve-4-150x95.jpg","newsmatic-grid":"https:\/\/lobosnews.com.ar\/wp-content\/uploads\/2026\/09\/el-polaco-barby-silenzi-y-abril-disfrutan-en-bariloche-culipatin-looks-combinados-y-una-batalla-de-nieve-4-400x250.jpg"},"magazineBlocksPostAuthor":{"name":"admin","avatar":"https:\/\/secure.gravatar.com\/avatar\/76e419471a2083bc3ceab22a763dbbf9b0c1bd15a6214cf3280e2c2dde4580f9?s=96&d=mm&r=g"},"magazineBlocksPostCommentsNumber":"0","magazineBlocksPostExcerpt":"El Polaco y Barby Silenzi eligieron dejar de lado sus actividades profesionales y agendas llenas de conciertos, compromisos y eventos para organizar un viaje de descanso a Bariloche junto a Abril, su hija en com\u00fan. En redes sociales publicaron im\u00e1genes y videos donde se los vio disfrutando del destino: entre los paisajes de nieve y...","magazineBlocksPostCategories":["Cine y Series"],"magazineBlocksPostViewCount":55,"magazineBlocksPostReadTime":4,"magazine_blocks_featured_image_url":{"full":["https:\/\/lobosnews.com.ar\/wp-content\/uploads\/2026\/09\/el-polaco-barby-silenzi-y-abril-disfrutan-en-bariloche-culipatin-looks-combinados-y-una-batalla-de-nieve-4-scaled.jpg",1920,2560,false],"medium":["https:\/\/lobosnews.com.ar\/wp-content\/uploads\/2026\/09\/el-polaco-barby-silenzi-y-abril-disfrutan-en-bariloche-culipatin-looks-combinados-y-una-batalla-de-nieve-4-225x300.jpg",225,300,true],"thumbnail":["https:\/\/lobosnews.com.ar\/wp-content\/uploads\/2026\/09\/el-polaco-barby-silenzi-y-abril-disfrutan-en-bariloche-culipatin-looks-combinados-y-una-batalla-de-nieve-4-150x150.jpg",150,150,true]},"magazine_blocks_author":{"display_name":"admin","author_link":"https:\/\/lobosnews.com.ar\/index.php\/author\/lobos-news\/"},"magazine_blocks_comment":0,"magazine_blocks_author_image":"https:\/\/secure.gravatar.com\/avatar\/76e419471a2083bc3ceab22a763dbbf9b0c1bd15a6214cf3280e2c2dde4580f9?s=96&d=mm&r=g","magazine_blocks_category":"<a href=\"#\" class=\"category-link category-link-79\">Cine y Series<\/a>","yoast_head":"<!-- This site is optimized with the Yoast SEO plugin v28.0 - https:\/\/yoast.com\/product\/yoast-seo-wordpress\/ -->\n<title>El Polaco, Barby Silenzi y Abril disfrutan en Bariloche: culipat\u00edn, looks combinados y una batalla de nieve - Lobos News<\/title>\n<meta name=\"robots\" content=\"index, follow, max-snippet:-1, max-image-preview:large, max-video-preview:-1\" \/>\n<link rel=\"canonical\" href=\"https:\/\/lobosnews.com.ar\/index.php\/2026\/09\/04\/el-polaco-barby-silenzi-y-abril-disfrutan-en-bariloche-culipatin-looks-combinados-y-una-batalla-de-nieve\/\" \/>\n<meta property=\"og:locale\" content=\"es_ES\" \/>\n<meta property=\"og:type\" content=\"article\" \/>\n<meta property=\"og:title\" content=\"El Polaco, Barby Silenzi y Abril disfrutan en Bariloche: culipat\u00edn, looks combinados y una batalla de nieve - Lobos News\" \/>\n<meta property=\"og:description\" content=\"El Polaco y Barby Silenzi eligieron dejar de lado sus actividades profesionales y agendas llenas de conciertos, compromisos y eventos para organizar un viaje de descanso a Bariloche junto a Abril, su hija en com\u00fan. En redes sociales publicaron im\u00e1genes y videos donde se los vio disfrutando del destino: entre los paisajes de nieve y...\" \/>\n<meta property=\"og:url\" content=\"https:\/\/lobosnews.com.ar\/index.php\/2026\/09\/04\/el-polaco-barby-silenzi-y-abril-disfrutan-en-bariloche-culipatin-looks-combinados-y-una-batalla-de-nieve\/\" \/>\n<meta property=\"og:site_name\" content=\"Lobos News\" \/>\n<meta property=\"article:published_time\" content=\"2026-09-04T21:13:00+00:00\" \/>\n<meta property=\"article:modified_time\" content=\"2026-09-05T01:31:05+00:00\" \/>\n<meta property=\"og:image\" content=\"https:\/\/lobosnews.com.ar\/wp-content\/uploads\/2026\/09\/el-polaco-barby-silenzi-y-abril-disfrutan-en-bariloche-culipatin-looks-combinados-y-una-batalla-de-nieve-4-scaled.jpg\" \/>\n\t<meta property=\"og:image:width\" content=\"1920\" \/>\n\t<meta property=\"og:image:height\" content=\"2560\" \/>\n\t<meta property=\"og:image:type\" content=\"image\/jpeg\" \/>\n<meta name=\"author\" content=\"admin\" \/>\n<meta name=\"twitter:card\" content=\"summary_large_image\" \/>\n<meta name=\"twitter:label1\" content=\"Escrito por\" \/>\n\t<meta name=\"twitter:data1\" content=\"admin\" \/>\n\t<meta name=\"twitter:label2\" content=\"Tiempo de lectura\" \/>\n\t<meta name=\"twitter:data2\" content=\"4 minutos\" \/>\n<script type=\"application\/ld+json\" class=\"yoast-schema-graph\">{\"@context\":\"https:\\\/\\\/schema.org\",\"@graph\":[{\"@type\":\"Article\",\"@id\":\"https:\\\/\\\/lobosnews.com.ar\\\/index.php\\\/2026\\\/09\\\/04\\\/el-polaco-barby-silenzi-y-abril-disfrutan-en-bariloche-culipatin-looks-combinados-y-una-batalla-de-nieve\\\/#article\",\"isPartOf\":{\"@id\":\"https:\\\/\\\/lobosnews.com.ar\\\/index.php\\\/2026\\\/09\\\/04\\\/el-polaco-barby-silenzi-y-abril-disfrutan-en-bariloche-culipatin-looks-combinados-y-una-batalla-de-nieve\\\/\"},\"author\":{\"name\":\"admin\",\"@id\":\"https:\\\/\\\/lobosnews.com.ar\\\/#\\\/schema\\\/person\\\/232422a593d5c541dd9aef6aaed10943\"},\"headline\":\"El Polaco, Barby Silenzi y Abril disfrutan en Bariloche: culipat\u00edn, looks combinados y una batalla de nieve\",\"datePublished\":\"2026-09-04T21:13:00+00:00\",\"dateModified\":\"2026-09-05T01:31:05+00:00\",\"mainEntityOfPage\":{\"@id\":\"https:\\\/\\\/lobosnews.com.ar\\\/index.php\\\/2026\\\/09\\\/04\\\/el-polaco-barby-silenzi-y-abril-disfrutan-en-bariloche-culipatin-looks-combinados-y-una-batalla-de-nieve\\\/\"},\"wordCount\":722,\"commentCount\":0,\"publisher\":{\"@id\":\"https:\\\/\\\/lobosnews.com.ar\\\/#organization\"},\"image\":{\"@id\":\"https:\\\/\\\/lobosnews.com.ar\\\/index.php\\\/2026\\\/09\\\/04\\\/el-polaco-barby-silenzi-y-abril-disfrutan-en-bariloche-culipatin-looks-combinados-y-una-batalla-de-nieve\\\/#primaryimage\"},\"thumbnailUrl\":\"https:\\\/\\\/lobosnews.com.ar\\\/wp-content\\\/uploads\\\/2026\\\/09\\\/el-polaco-barby-silenzi-y-abril-disfrutan-en-bariloche-culipatin-looks-combinados-y-una-batalla-de-nieve-4-scaled.jpg\",\"articleSection\":[\"Cine y Series\"],\"inLanguage\":\"es\",\"potentialAction\":[{\"@type\":\"CommentAction\",\"name\":\"Comment\",\"target\":[\"https:\\\/\\\/lobosnews.com.ar\\\/index.php\\\/2026\\\/09\\\/04\\\/el-polaco-barby-silenzi-y-abril-disfrutan-en-bariloche-culipatin-looks-combinados-y-una-batalla-de-nieve\\\/#respond\"]}]},{\"@type\":\"WebPage\",\"@id\":\"https:\\\/\\\/lobosnews.com.ar\\\/index.php\\\/2026\\\/09\\\/04\\\/el-polaco-barby-silenzi-y-abril-disfrutan-en-bariloche-culipatin-looks-combinados-y-una-batalla-de-nieve\\\/\",\"url\":\"https:\\\/\\\/lobosnews.com.ar\\\/index.php\\\/2026\\\/09\\\/04\\\/el-polaco-barby-silenzi-y-abril-disfrutan-en-bariloche-culipatin-looks-combinados-y-una-batalla-de-nieve\\\/\",\"name\":\"El Polaco, Barby Silenzi y Abril disfrutan en Bariloche: culipat\u00edn, looks combinados y una batalla de nieve - Lobos News\",\"isPartOf\":{\"@id\":\"https:\\\/\\\/lobosnews.com.ar\\\/#website\"},\"primaryImageOfPage\":{\"@id\":\"https:\\\/\\\/lobosnews.com.ar\\\/index.php\\\/2026\\\/09\\\/04\\\/el-polaco-barby-silenzi-y-abril-disfrutan-en-bariloche-culipatin-looks-combinados-y-una-batalla-de-nieve\\\/#primaryimage\"},\"image\":{\"@id\":\"https:\\\/\\\/lobosnews.com.ar\\\/index.php\\\/2026\\\/09\\\/04\\\/el-polaco-barby-silenzi-y-abril-disfrutan-en-bariloche-culipatin-looks-combinados-y-una-batalla-de-nieve\\\/#primaryimage\"},\"thumbnailUrl\":\"https:\\\/\\\/lobosnews.com.ar\\\/wp-content\\\/uploads\\\/2026\\\/09\\\/el-polaco-barby-silenzi-y-abril-disfrutan-en-bariloche-culipatin-looks-combinados-y-una-batalla-de-nieve-4-scaled.jpg\",\"datePublished\":\"2026-09-04T21:13:00+00:00\",\"dateModified\":\"2026-09-05T01:31:05+00:00\",\"breadcrumb\":{\"@id\":\"https:\\\/\\\/lobosnews.com.ar\\\/index.php\\\/2026\\\/09\\\/04\\\/el-polaco-barby-silenzi-y-abril-disfrutan-en-bariloche-culipatin-looks-combinados-y-una-batalla-de-nieve\\\/#breadcrumb\"},\"inLanguage\":\"es\",\"potentialAction\":[{\"@type\":\"ReadAction\",\"target\":[\"https:\\\/\\\/lobosnews.com.ar\\\/index.php\\\/2026\\\/09\\\/04\\\/el-polaco-barby-silenzi-y-abril-disfrutan-en-bariloche-culipatin-looks-combinados-y-una-batalla-de-nieve\\\/\"]}]},{\"@type\":\"ImageObject\",\"inLanguage\":\"es\",\"@id\":\"https:\\\/\\\/lobosnews.com.ar\\\/index.php\\\/2026\\\/09\\\/04\\\/el-polaco-barby-silenzi-y-abril-disfrutan-en-bariloche-culipatin-looks-combinados-y-una-batalla-de-nieve\\\/#primaryimage\",\"url\":\"https:\\\/\\\/lobosnews.com.ar\\\/wp-content\\\/uploads\\\/2026\\\/09\\\/el-polaco-barby-silenzi-y-abril-disfrutan-en-bariloche-culipatin-looks-combinados-y-una-batalla-de-nieve-4-scaled.jpg\",\"contentUrl\":\"https:\\\/\\\/lobosnews.com.ar\\\/wp-content\\\/uploads\\\/2026\\\/09\\\/el-polaco-barby-silenzi-y-abril-disfrutan-en-bariloche-culipatin-looks-combinados-y-una-batalla-de-nieve-4-scaled.jpg\",\"width\":1920,\"height\":2560,\"caption\":\"El Polaco, Barby Silenzi y Abril disfrutan en Bariloche: culipat\u00edn, looks combinados y una batalla de nieve\"},{\"@type\":\"BreadcrumbList\",\"@id\":\"https:\\\/\\\/lobosnews.com.ar\\\/index.php\\\/2026\\\/09\\\/04\\\/el-polaco-barby-silenzi-y-abril-disfrutan-en-bariloche-culipatin-looks-combinados-y-una-batalla-de-nieve\\\/#breadcrumb\",\"itemListElement\":[{\"@type\":\"ListItem\",\"position\":1,\"name\":\"Portada\",\"item\":\"https:\\\/\\\/lobosnews.com.ar\\\/\"},{\"@type\":\"ListItem\",\"position\":2,\"name\":\"El Polaco, Barby Silenzi y Abril disfrutan en Bariloche: culipat\u00edn, looks combinados y una batalla de nieve\"}]},{\"@type\":\"WebSite\",\"@id\":\"https:\\\/\\\/lobosnews.com.ar\\\/#website\",\"url\":\"https:\\\/\\\/lobosnews.com.ar\\\/\",\"name\":\"Lobos News\",\"description\":\"Informaci\u00f3n a cada instante\",\"publisher\":{\"@id\":\"https:\\\/\\\/lobosnews.com.ar\\\/#organization\"},\"potentialAction\":[{\"@type\":\"SearchAction\",\"target\":{\"@type\":\"EntryPoint\",\"urlTemplate\":\"https:\\\/\\\/lobosnews.com.ar\\\/?s={search_term_string}\"},\"query-input\":{\"@type\":\"PropertyValueSpecification\",\"valueRequired\":true,\"valueName\":\"search_term_string\"}}],\"inLanguage\":\"es\"},{\"@type\":\"Organization\",\"@id\":\"https:\\\/\\\/lobosnews.com.ar\\\/#organization\",\"name\":\"Lobos News\",\"url\":\"https:\\\/\\\/lobosnews.com.ar\\\/\",\"logo\":{\"@type\":\"ImageObject\",\"inLanguage\":\"es\",\"@id\":\"https:\\\/\\\/lobosnews.com.ar\\\/#\\\/schema\\\/logo\\\/image\\\/\",\"url\":\"https:\\\/\\\/lobosnews.com.ar\\\/wp-content\\\/uploads\\\/2026\\\/01\\\/logo-lobosnews.png\",\"contentUrl\":\"https:\\\/\\\/lobosnews.com.ar\\\/wp-content\\\/uploads\\\/2026\\\/01\\\/logo-lobosnews.png\",\"width\":500,\"height\":200,\"caption\":\"Lobos News\"},\"image\":{\"@id\":\"https:\\\/\\\/lobosnews.com.ar\\\/#\\\/schema\\\/logo\\\/image\\\/\"}},{\"@type\":\"Person\",\"@id\":\"https:\\\/\\\/lobosnews.com.ar\\\/#\\\/schema\\\/person\\\/232422a593d5c541dd9aef6aaed10943\",\"name\":\"admin\",\"image\":{\"@type\":\"ImageObject\",\"inLanguage\":\"es\",\"@id\":\"https:\\\/\\\/secure.gravatar.com\\\/avatar\\\/76e419471a2083bc3ceab22a763dbbf9b0c1bd15a6214cf3280e2c2dde4580f9?s=96&d=mm&r=g\",\"url\":\"https:\\\/\\\/secure.gravatar.com\\\/avatar\\\/76e419471a2083bc3ceab22a763dbbf9b0c1bd15a6214cf3280e2c2dde4580f9?s=96&d=mm&r=g\",\"contentUrl\":\"https:\\\/\\\/secure.gravatar.com\\\/avatar\\\/76e419471a2083bc3ceab22a763dbbf9b0c1bd15a6214cf3280e2c2dde4580f9?s=96&d=mm&r=g\",\"caption\":\"admin\"},\"sameAs\":[\"https:\\\/\\\/lobosnews.com.ar\"],\"url\":\"https:\\\/\\\/lobosnews.com.ar\\\/index.php\\\/author\\\/lobos-news\\\/\"}]}<\/script>\n<!-- \/ Yoast SEO plugin. -->","yoast_head_json":{"title":"El Polaco, Barby Silenzi y Abril disfrutan en Bariloche: culipat\u00edn, looks combinados y una batalla de nieve - Lobos News","robots":{"index":"index","follow":"follow","max-snippet":"max-snippet:-1","max-image-preview":"max-image-preview:large","max-video-preview":"max-video-preview:-1"},"canonical":"https:\/\/lobosnews.com.ar\/index.php\/2026\/09\/04\/el-polaco-barby-silenzi-y-abril-disfrutan-en-bariloche-culipatin-looks-combinados-y-una-batalla-de-nieve\/","og_locale":"es_ES","og_type":"article","og_title":"El Polaco, Barby Silenzi y Abril disfrutan en Bariloche: culipat\u00edn, looks combinados y una batalla de nieve - Lobos News","og_description":"El Polaco y Barby Silenzi eligieron dejar de lado sus actividades profesionales y agendas llenas de conciertos, compromisos y eventos para organizar un viaje de descanso a Bariloche junto a Abril, su hija en com\u00fan. En redes sociales publicaron im\u00e1genes y videos donde se los vio disfrutando del destino: entre los paisajes de nieve y...","og_url":"https:\/\/lobosnews.com.ar\/index.php\/2026\/09\/04\/el-polaco-barby-silenzi-y-abril-disfrutan-en-bariloche-culipatin-looks-combinados-y-una-batalla-de-nieve\/","og_site_name":"Lobos News","article_published_time":"2026-09-04T21:13:00+00:00","article_modified_time":"2026-09-05T01:31:05+00:00","og_image":[{"width":1920,"height":2560,"url":"https:\/\/lobosnews.com.ar\/wp-content\/uploads\/2026\/09\/el-polaco-barby-silenzi-y-abril-disfrutan-en-bariloche-culipatin-looks-combinados-y-una-batalla-de-nieve-4-scaled.jpg","type":"image\/jpeg"}],"author":"admin","twitter_card":"summary_large_image","twitter_misc":{"Escrito por":"admin","Tiempo de lectura":"4 minutos"},"schema":{"@context":"https:\/\/schema.org","@graph":[{"@type":"Article","@id":"https:\/\/lobosnews.com.ar\/index.php\/2026\/09\/04\/el-polaco-barby-silenzi-y-abril-disfrutan-en-bariloche-culipatin-looks-combinados-y-una-batalla-de-nieve\/#article","isPartOf":{"@id":"https:\/\/lobosnews.com.ar\/index.php\/2026\/09\/04\/el-polaco-barby-silenzi-y-abril-disfrutan-en-bariloche-culipatin-looks-combinados-y-una-batalla-de-nieve\/"},"author":{"name":"admin","@id":"https:\/\/lobosnews.com.ar\/#\/schema\/person\/232422a593d5c541dd9aef6aaed10943"},"headline":"El Polaco, Barby Silenzi y Abril disfrutan en Bariloche: culipat\u00edn, looks combinados y una batalla de nieve","datePublished":"2026-09-04T21:13:00+00:00","dateModified":"2026-09-05T01:31:05+00:00","mainEntityOfPage":{"@id":"https:\/\/lobosnews.com.ar\/index.php\/2026\/09\/04\/el-polaco-barby-silenzi-y-abril-disfrutan-en-bariloche-culipatin-looks-combinados-y-una-batalla-de-nieve\/"},"wordCount":722,"commentCount":0,"publisher":{"@id":"https:\/\/lobosnews.com.ar\/#organization"},"image":{"@id":"https:\/\/lobosnews.com.ar\/index.php\/2026\/09\/04\/el-polaco-barby-silenzi-y-abril-disfrutan-en-bariloche-culipatin-looks-combinados-y-una-batalla-de-nieve\/#primaryimage"},"thumbnailUrl":"https:\/\/lobosnews.com.ar\/wp-content\/uploads\/2026\/09\/el-polaco-barby-silenzi-y-abril-disfrutan-en-bariloche-culipatin-looks-combinados-y-una-batalla-de-nieve-4-scaled.jpg","articleSection":["Cine y Series"],"inLanguage":"es","potentialAction":[{"@type":"CommentAction","name":"Comment","target":["https:\/\/lobosnews.com.ar\/index.php\/2026\/09\/04\/el-polaco-barby-silenzi-y-abril-disfrutan-en-bariloche-culipatin-looks-combinados-y-una-batalla-de-nieve\/#respond"]}]},{"@type":"WebPage","@id":"https:\/\/lobosnews.com.ar\/index.php\/2026\/09\/04\/el-polaco-barby-silenzi-y-abril-disfrutan-en-bariloche-culipatin-looks-combinados-y-una-batalla-de-nieve\/","url":"https:\/\/lobosnews.com.ar\/index.php\/2026\/09\/04\/el-polaco-barby-silenzi-y-abril-disfrutan-en-bariloche-culipatin-looks-combinados-y-una-batalla-de-nieve\/","name":"El Polaco, Barby Silenzi y Abril disfrutan en Bariloche: culipat\u00edn, looks combinados y una batalla de nieve - Lobos News","isPartOf":{"@id":"https:\/\/lobosnews.com.ar\/#website"},"primaryImageOfPage":{"@id":"https:\/\/lobosnews.com.ar\/index.php\/2026\/09\/04\/el-polaco-barby-silenzi-y-abril-disfrutan-en-bariloche-culipatin-looks-combinados-y-una-batalla-de-nieve\/#primaryimage"},"image":{"@id":"https:\/\/lobosnews.com.ar\/index.php\/2026\/09\/04\/el-polaco-barby-silenzi-y-abril-disfrutan-en-bariloche-culipatin-looks-combinados-y-una-batalla-de-nieve\/#primaryimage"},"thumbnailUrl":"https:\/\/lobosnews.com.ar\/wp-content\/uploads\/2026\/09\/el-polaco-barby-silenzi-y-abril-disfrutan-en-bariloche-culipatin-looks-combinados-y-una-batalla-de-nieve-4-scaled.jpg","datePublished":"2026-09-04T21:13:00+00:00","dateModified":"2026-09-05T01:31:05+00:00","breadcrumb":{"@id":"https:\/\/lobosnews.com.ar\/index.php\/2026\/09\/04\/el-polaco-barby-silenzi-y-abril-disfrutan-en-bariloche-culipatin-looks-combinados-y-una-batalla-de-nieve\/#breadcrumb"},"inLanguage":"es","potentialAction":[{"@type":"ReadAction","target":["https:\/\/lobosnews.com.ar\/index.php\/2026\/09\/04\/el-polaco-barby-silenzi-y-abril-disfrutan-en-bariloche-culipatin-looks-combinados-y-una-batalla-de-nieve\/"]}]},{"@type":"ImageObject","inLanguage":"es","@id":"https:\/\/lobosnews.com.ar\/index.php\/2026\/09\/04\/el-polaco-barby-silenzi-y-abril-disfrutan-en-bariloche-culipatin-looks-combinados-y-una-batalla-de-nieve\/#primaryimage","url":"https:\/\/lobosnews.com.ar\/wp-content\/uploads\/2026\/09\/el-polaco-barby-silenzi-y-abril-disfrutan-en-bariloche-culipatin-looks-combinados-y-una-batalla-de-nieve-4-scaled.jpg","contentUrl":"https:\/\/lobosnews.com.ar\/wp-content\/uploads\/2026\/09\/el-polaco-barby-silenzi-y-abril-disfrutan-en-bariloche-culipatin-looks-combinados-y-una-batalla-de-nieve-4-scaled.jpg","width":1920,"height":2560,"caption":"El Polaco, Barby Silenzi y Abril disfrutan en Bariloche: culipat\u00edn, looks combinados y una batalla de nieve"},{"@type":"BreadcrumbList","@id":"https:\/\/lobosnews.com.ar\/index.php\/2026\/09\/04\/el-polaco-barby-silenzi-y-abril-disfrutan-en-bariloche-culipatin-looks-combinados-y-una-batalla-de-nieve\/#breadcrumb","itemListElement":[{"@type":"ListItem","position":1,"name":"Portada","item":"https:\/\/lobosnews.com.ar\/"},{"@type":"ListItem","position":2,"name":"El Polaco, Barby Silenzi y Abril disfrutan en Bariloche: culipat\u00edn, looks combinados y una batalla de nieve"}]},{"@type":"WebSite","@id":"https:\/\/lobosnews.com.ar\/#website","url":"https:\/\/lobosnews.com.ar\/","name":"Lobos News","description":"Informaci\u00f3n a cada instante","publisher":{"@id":"https:\/\/lobosnews.com.ar\/#organization"},"potentialAction":[{"@type":"SearchAction","target":{"@type":"EntryPoint","urlTemplate":"https:\/\/lobosnews.com.ar\/?s={search_term_string}"},"query-input":{"@type":"PropertyValueSpecification","valueRequired":true,"valueName":"search_term_string"}}],"inLanguage":"es"},{"@type":"Organization","@id":"https:\/\/lobosnews.com.ar\/#organization","name":"Lobos News","url":"https:\/\/lobosnews.com.ar\/","logo":{"@type":"ImageObject","inLanguage":"es","@id":"https:\/\/lobosnews.com.ar\/#\/schema\/logo\/image\/","url":"https:\/\/lobosnews.com.ar\/wp-content\/uploads\/2026\/01\/logo-lobosnews.png","contentUrl":"https:\/\/lobosnews.com.ar\/wp-content\/uploads\/2026\/01\/logo-lobosnews.png","width":500,"height":200,"caption":"Lobos News"},"image":{"@id":"https:\/\/lobosnews.com.ar\/#\/schema\/logo\/image\/"}},{"@type":"Person","@id":"https:\/\/lobosnews.com.ar\/#\/schema\/person\/232422a593d5c541dd9aef6aaed10943","name":"admin","image":{"@type":"ImageObject","inLanguage":"es","@id":"https:\/\/secure.gravatar.com\/avatar\/76e419471a2083bc3ceab22a763dbbf9b0c1bd15a6214cf3280e2c2dde4580f9?s=96&d=mm&r=g","url":"https:\/\/secure.gravatar.com\/avatar\/76e419471a2083bc3ceab22a763dbbf9b0c1bd15a6214cf3280e2c2dde4580f9?s=96&d=mm&r=g","contentUrl":"https:\/\/secure.gravatar.com\/avatar\/76e419471a2083bc3ceab22a763dbbf9b0c1bd15a6214cf3280e2c2dde4580f9?s=96&d=mm&r=g","caption":"admin"},"sameAs":["https:\/\/lobosnews.com.ar"],"url":"https:\/\/lobosnews.com.ar\/index.php\/author\/lobos-news\/"}]}},"jetpack_featured_media_url":"https:\/\/lobosnews.com.ar\/wp-content\/uploads\/2026\/09\/el-polaco-barby-silenzi-y-abril-disfrutan-en-bariloche-culipatin-looks-combinados-y-una-batalla-de-nieve-4-scaled.jpg","jetpack_sharing_enabled":true,"_links":{"self":[{"href":"https:\/\/lobosnews.com.ar\/index.php\/wp-json\/wp\/v2\/posts\/97547","targetHints":{"allow":["GET"]}}],"collection":[{"href":"https:\/\/lobosnews.com.ar\/index.php\/wp-json\/wp\/v2\/posts"}],"about":[{"href":"https:\/\/lobosnews.com.ar\/index.php\/wp-json\/wp\/v2\/types\/post"}],"author":[{"embeddable":true,"href":"https:\/\/lobosnews.com.ar\/index.php\/wp-json\/wp\/v2\/users\/1"}],"replies":[{"embeddable":true,"href":"https:\/\/lobosnews.com.ar\/index.php\/wp-json\/wp\/v2\/comments?post=97547"}],"version-history":[{"count":1,"href":"https:\/\/lobosnews.com.ar\/index.php\/wp-json\/wp\/v2\/posts\/97547\/revisions"}],"predecessor-version":[{"id":97551,"href":"https:\/\/lobosnews.com.ar\/index.php\/wp-json\/wp\/v2\/posts\/97547\/revisions\/97551"}],"wp:featuredmedia":[{"embeddable":true,"href":"https:\/\/lobosnews.com.ar\/index.php\/wp-json\/wp\/v2\/media\/97552"}],"wp:attachment":[{"href":"https:\/\/lobosnews.com.ar\/index.php\/wp-json\/wp\/v2\/media?parent=97547"}],"wp:term":[{"taxonomy":"category","embeddable":true,"href":"https:\/\/lobosnews.com.ar\/index.php\/wp-json\/wp\/v2\/categories?post=97547"},{"taxonomy":"post_tag","embeddable":true,"href":"https:\/\/lobosnews.com.ar\/index.php\/wp-json\/wp\/v2\/tags?post=97547"}],"curies":[{"name":"wp","href":"https:\/\/api.w.org\/{rel}","templated":true}]}}