{"id":97543,"date":"2026-09-04T23:14:10","date_gmt":"2026-09-04T23:14:10","guid":{"rendered":"https:\/\/lobosnews.com.ar\/?p=97543"},"modified":"2026-09-05T01:30:56","modified_gmt":"2026-09-05T01:30:56","slug":"quienes-son-los-ocho-nuevos-convocados-para-masterchef-celebrity-en-telefe","status":"publish","type":"post","link":"https:\/\/lobosnews.com.ar\/index.php\/2026\/09\/04\/quienes-son-los-ocho-nuevos-convocados-para-masterchef-celebrity-en-telefe\/","title":{"rendered":"Qui\u00e9nes son los ocho nuevos convocados para MasterChef Celebrity en Telefe"},"content":{"rendered":"<p><span class=\"waslinkname\"><i>MasterChef Celebrity<\/i><\/span>, el programa que conduce<span class=\"waslinkname\"><b> Wanda Nara<\/b><\/span>, comenz\u00f3 a definir su elenco y Telefe confirm\u00f3 en las \u00faltimas horas ocho nuevas incorporaciones al ciclo de cocina m\u00e1s popular de la televisi\u00f3n argentina. Se suman a los ya anunciados <b>Lizy Tagliani<\/b>, <b>China Ansa<\/b>, <b>Juli Poggio<\/b>, <b>Edith Hermida<\/b>, <b>Karina Mazzocco<\/b>, <b>Grego Rossello<\/b>, <b>Luck Ra<\/b> y <b>L-Gante<\/b>, y entre los reci\u00e9n confirmados hay una hija de un \u00edcono del espect\u00e1culo, un humorista conocido por su humor \u00e1cido, una conductora que marc\u00f3 el rating del baile y un actor al que en el propio programa confundieron de nombre.<\/p>\n<p>A medida que se acerca la fecha para iniciar las grabaciones, los nombres se van revelando al aire de los programas de la se\u00f1al y por medio de las redes sociales del propio programa. En este caso los ocho nuevos nombres son <b>Julieta Nair Calvo<\/b>, <b>Marta Fort<\/b>, <b>Pachu Pe\u00f1a<\/b>, <b>Nazareno Casero<\/b>, <b>Sebasti\u00e1n Presta<\/b>, <b>Pablo Migliore<\/b>, <b>Roc\u00edo Robles<\/b> y <b>Morena Beltr\u00e1n<\/b>.<\/p>\n<p>Los anuncios se hicieron desde <i>Cort\u00e1 por Lozano<\/i> (Telefe), donde <b>Vero Lozano<\/b> condujo un juego de pistas con su panel para ir revelando a cada participante. En el caso de Fort, la conductora la present\u00f3 con afecto: <b>\u201cEs mi amiga Martita Fort\u201d<\/b>, y agreg\u00f3 que fue \u201cuno de los mejores divanes que hemos tenido ac\u00e1, ella y su hermano\u201d. El panel tambi\u00e9n remarc\u00f3 su costado medi\u00e1tico al recordar que \u201cestuvo en PH, dio que hablar\u201d y se\u00f1alar que en redes sociales la comenzaron a vincular con <b>L-Gante<\/b>, otro de los participantes confirmados.<\/p>\n<p><img loading=\"lazy\" decoding=\"async\" src=\"https:\/\/lobosnews.com.ar\/wp-content\/uploads\/2026\/09\/quienes-son-los-ocho-nuevos-convocados-para-masterchef-celebrity-en-telefe.jpg\" alt=\"As\u00ed anunciaron en redes sociales las nuevas incorporaciones al programa que conduce Wanda Nara (Instagram)\" height=\"828\" width=\"618\"\/><\/p>\n<p>El anuncio de Robles tambi\u00e9n ocup\u00f3 parte del juego al aire. Lozano fue enumerando pistas sobre su paso por <b>M\u00e9xico<\/b>, sus estudios de actuaci\u00f3n y televisi\u00f3n, y su recorrido como panelista y conductora, hasta que una integrante del panel arriesg\u00f3: \u201c<b>La mujer de Suar. Roc\u00edo. Roc\u00edo Robles<\/b>\u201d. Cabe recordar que Adri\u00e1n Suar forma parte de la gerencia de canal Trece por lo que la pareja competir\u00e1 en el rating.<\/p>\n<p>El turno de Presta estuvo marcado por el humor. Las pistas sobre su carrera \u2014pelado, divertido, humorista, exfiambrero, con trabajo junto a Marcelo Tinelli y experiencia en stand up\u2014 fueron guiando al panel hasta que <b>Juariu<\/b> lo confirm\u00f3 al aire: <b>\u201cEl que se suma a MasterChef Celebrity es un personaj\u00f3n y es \u00a1Sebasti\u00e1n Presta!\u201d<\/b>. Luego, Lozano destac\u00f3 una de las caracter\u00edsticas que podr\u00eda trasladar al reality: <b>\u201cNo s\u00e9 cu\u00e1nto sabe cocinar, pero maneja muy bien el humor negro\u201d<\/b>.<\/p>\n<p>La nueva tanda de confirmaciones re\u00fane perfiles de recorridos muy distintos dentro del espect\u00e1culo y el deporte. Nair Calvo desarroll\u00f3 su carrera como actriz, cantante y conductora, con pasos por tiras y musicales, y actualmente est\u00e1 protagonizando Annie junto a <b>Lizy Tagliani<\/b>. Fort gan\u00f3 visibilidad en los medios y las redes como hija de Ricardo Fort, con apariciones televisivas que la ubicaron como una de las figuras j\u00f3venes m\u00e1s seguidas del mundo del espect\u00e1culo. Pachu construy\u00f3 una trayectoria extensa en el humor y la televisi\u00f3n, con participaci\u00f3n en programas de gran audiencia y un v\u00ednculo sostenido con el entretenimiento popular.<\/p>\n<p>Nazareno logr\u00f3 salir de la sombra del apellido familiar y se consolid\u00f3 como actor en cine, teatro y televisi\u00f3n, mientras que Presta se afirm\u00f3 como comediante y actor a partir de sketches, stand up y trabajos en programas humor\u00edsticos. En el caso de Migliore, su nombre remite al f\u00fatbol profesional, con una carrera como arquero en clubes de primera divisi\u00f3n. Robles combin\u00f3 baile, panelismo, conducci\u00f3n y actuaci\u00f3n, y Morena se instal\u00f3 como una de las periodistas deportivas de mayor proyecci\u00f3n en la televisi\u00f3n y las plataformas digitales.<\/p>\n<p>Todav\u00eda no hay informaci\u00f3n sobre la fecha de inicio del reality de cocina. Sin embargo, la expectativa ya puede notarse en redes sociales. El panel de jueces estar\u00e1 compuesto por Dami\u00e1n Betular, Germ\u00e1n Martitegui y Maru Botana, quien ocupar\u00e1 el lugar de Donato di Santis. Este \u00faltimo opt\u00f3 por no volver a formar parte de las cocinas m\u00e1s conocidas.<\/p>\n","protected":false},"excerpt":{"rendered":"<p>MasterChef Celebrity, el programa que conduce Wanda Nara, comenz\u00f3 a definir su elenco y Telefe confirm\u00f3 en las \u00faltimas horas ocho nuevas incorporaciones al ciclo de cocina m\u00e1s popular de la televisi\u00f3n argentina. Se suman a los ya anunciados Lizy Tagliani, China Ansa, Juli Poggio, Edith Hermida, Karina Mazzocco, Grego Rossello, Luck Ra y L-Gante,&#8230;<\/p>\n","protected":false},"author":1,"featured_media":97546,"comment_status":"open","ping_status":"closed","sticky":false,"template":"","format":"standard","meta":{"_jetpack_newsletter_access":"","_jetpack_dont_email_post_to_subs":false,"_jetpack_newsletter_tier_id":0,"_jetpack_memberships_contains_paywalled_content":false,"_jetpack_memberships_contains_paid_content":false,"footnotes":"","jetpack_post_was_ever_published":false},"categories":[79],"tags":[],"class_list":["post-97543","post","type-post","status-publish","format-standard","has-post-thumbnail","hentry","category-cine-y-series"],"magazineBlocksPostFeaturedMedia":{"thumbnail":"https:\/\/lobosnews.com.ar\/wp-content\/uploads\/2026\/09\/quienes-son-los-ocho-nuevos-convocados-para-masterchef-celebrity-en-telefe-150x150.jpg","medium":"https:\/\/lobosnews.com.ar\/wp-content\/uploads\/2026\/09\/quienes-son-los-ocho-nuevos-convocados-para-masterchef-celebrity-en-telefe-224x300.jpg","medium_large":"https:\/\/lobosnews.com.ar\/wp-content\/uploads\/2026\/09\/quienes-son-los-ocho-nuevos-convocados-para-masterchef-celebrity-en-telefe.jpg","large":"https:\/\/lobosnews.com.ar\/wp-content\/uploads\/2026\/09\/quienes-son-los-ocho-nuevos-convocados-para-masterchef-celebrity-en-telefe.jpg","1536x1536":"https:\/\/lobosnews.com.ar\/wp-content\/uploads\/2026\/09\/quienes-son-los-ocho-nuevos-convocados-para-masterchef-celebrity-en-telefe.jpg","2048x2048":"https:\/\/lobosnews.com.ar\/wp-content\/uploads\/2026\/09\/quienes-son-los-ocho-nuevos-convocados-para-masterchef-celebrity-en-telefe.jpg","newsmatic-featured":"https:\/\/lobosnews.com.ar\/wp-content\/uploads\/2026\/09\/quienes-son-los-ocho-nuevos-convocados-para-masterchef-celebrity-en-telefe-618x545.jpg","newsmatic-list":"https:\/\/lobosnews.com.ar\/wp-content\/uploads\/2026\/09\/quienes-son-los-ocho-nuevos-convocados-para-masterchef-celebrity-en-telefe-600x400.jpg","newsmatic-thumb":"https:\/\/lobosnews.com.ar\/wp-content\/uploads\/2026\/09\/quienes-son-los-ocho-nuevos-convocados-para-masterchef-celebrity-en-telefe-300x200.jpg","newsmatic-small":"https:\/\/lobosnews.com.ar\/wp-content\/uploads\/2026\/09\/quienes-son-los-ocho-nuevos-convocados-para-masterchef-celebrity-en-telefe-150x95.jpg","newsmatic-grid":"https:\/\/lobosnews.com.ar\/wp-content\/uploads\/2026\/09\/quienes-son-los-ocho-nuevos-convocados-para-masterchef-celebrity-en-telefe-400x250.jpg"},"magazineBlocksPostAuthor":{"name":"admin","avatar":"https:\/\/secure.gravatar.com\/avatar\/76e419471a2083bc3ceab22a763dbbf9b0c1bd15a6214cf3280e2c2dde4580f9?s=96&d=mm&r=g"},"magazineBlocksPostCommentsNumber":"0","magazineBlocksPostExcerpt":"MasterChef Celebrity, el programa que conduce Wanda Nara, comenz\u00f3 a definir su elenco y Telefe confirm\u00f3 en las \u00faltimas horas ocho nuevas incorporaciones al ciclo de cocina m\u00e1s popular de la televisi\u00f3n argentina. Se suman a los ya anunciados Lizy Tagliani, China Ansa, Juli Poggio, Edith Hermida, Karina Mazzocco, Grego Rossello, Luck Ra y L-Gante,...","magazineBlocksPostCategories":["Cine y Series"],"magazineBlocksPostViewCount":58,"magazineBlocksPostReadTime":4,"magazine_blocks_featured_image_url":{"full":["https:\/\/lobosnews.com.ar\/wp-content\/uploads\/2026\/09\/quienes-son-los-ocho-nuevos-convocados-para-masterchef-celebrity-en-telefe.jpg",618,828,false],"medium":["https:\/\/lobosnews.com.ar\/wp-content\/uploads\/2026\/09\/quienes-son-los-ocho-nuevos-convocados-para-masterchef-celebrity-en-telefe-224x300.jpg",224,300,true],"thumbnail":["https:\/\/lobosnews.com.ar\/wp-content\/uploads\/2026\/09\/quienes-son-los-ocho-nuevos-convocados-para-masterchef-celebrity-en-telefe-150x150.jpg",150,150,true]},"magazine_blocks_author":{"display_name":"admin","author_link":"https:\/\/lobosnews.com.ar\/index.php\/author\/lobos-news\/"},"magazine_blocks_comment":0,"magazine_blocks_author_image":"https:\/\/secure.gravatar.com\/avatar\/76e419471a2083bc3ceab22a763dbbf9b0c1bd15a6214cf3280e2c2dde4580f9?s=96&d=mm&r=g","magazine_blocks_category":"<a href=\"#\" class=\"category-link category-link-79\">Cine y Series<\/a>","yoast_head":"<!-- This site is optimized with the Yoast SEO plugin v28.0 - https:\/\/yoast.com\/product\/yoast-seo-wordpress\/ -->\n<title>Qui\u00e9nes son los ocho nuevos convocados para MasterChef Celebrity en Telefe - Lobos News<\/title>\n<meta name=\"robots\" content=\"index, follow, max-snippet:-1, max-image-preview:large, max-video-preview:-1\" \/>\n<link rel=\"canonical\" href=\"https:\/\/lobosnews.com.ar\/index.php\/2026\/09\/04\/quienes-son-los-ocho-nuevos-convocados-para-masterchef-celebrity-en-telefe\/\" \/>\n<meta property=\"og:locale\" content=\"es_ES\" \/>\n<meta property=\"og:type\" content=\"article\" \/>\n<meta property=\"og:title\" content=\"Qui\u00e9nes son los ocho nuevos convocados para MasterChef Celebrity en Telefe - Lobos News\" \/>\n<meta property=\"og:description\" content=\"MasterChef Celebrity, el programa que conduce Wanda Nara, comenz\u00f3 a definir su elenco y Telefe confirm\u00f3 en las \u00faltimas horas ocho nuevas incorporaciones al ciclo de cocina m\u00e1s popular de la televisi\u00f3n argentina. Se suman a los ya anunciados Lizy Tagliani, China Ansa, Juli Poggio, Edith Hermida, Karina Mazzocco, Grego Rossello, Luck Ra y L-Gante,...\" \/>\n<meta property=\"og:url\" content=\"https:\/\/lobosnews.com.ar\/index.php\/2026\/09\/04\/quienes-son-los-ocho-nuevos-convocados-para-masterchef-celebrity-en-telefe\/\" \/>\n<meta property=\"og:site_name\" content=\"Lobos News\" \/>\n<meta property=\"article:published_time\" content=\"2026-09-04T23:14:10+00:00\" \/>\n<meta property=\"article:modified_time\" content=\"2026-09-05T01:30:56+00:00\" \/>\n<meta property=\"og:image\" content=\"https:\/\/lobosnews.com.ar\/wp-content\/uploads\/2026\/09\/quienes-son-los-ocho-nuevos-convocados-para-masterchef-celebrity-en-telefe.jpg\" \/>\n\t<meta property=\"og:image:width\" content=\"618\" \/>\n\t<meta property=\"og:image:height\" content=\"828\" \/>\n\t<meta property=\"og:image:type\" content=\"image\/jpeg\" \/>\n<meta name=\"author\" content=\"admin\" \/>\n<meta name=\"twitter:card\" content=\"summary_large_image\" \/>\n<meta name=\"twitter:label1\" content=\"Escrito por\" \/>\n\t<meta name=\"twitter:data1\" content=\"admin\" \/>\n\t<meta name=\"twitter:label2\" content=\"Tiempo de lectura\" \/>\n\t<meta name=\"twitter:data2\" content=\"3 minutos\" \/>\n<script type=\"application\/ld+json\" class=\"yoast-schema-graph\">{\"@context\":\"https:\\\/\\\/schema.org\",\"@graph\":[{\"@type\":\"Article\",\"@id\":\"https:\\\/\\\/lobosnews.com.ar\\\/index.php\\\/2026\\\/09\\\/04\\\/quienes-son-los-ocho-nuevos-convocados-para-masterchef-celebrity-en-telefe\\\/#article\",\"isPartOf\":{\"@id\":\"https:\\\/\\\/lobosnews.com.ar\\\/index.php\\\/2026\\\/09\\\/04\\\/quienes-son-los-ocho-nuevos-convocados-para-masterchef-celebrity-en-telefe\\\/\"},\"author\":{\"name\":\"admin\",\"@id\":\"https:\\\/\\\/lobosnews.com.ar\\\/#\\\/schema\\\/person\\\/232422a593d5c541dd9aef6aaed10943\"},\"headline\":\"Qui\u00e9nes son los ocho nuevos convocados para MasterChef Celebrity en Telefe\",\"datePublished\":\"2026-09-04T23:14:10+00:00\",\"dateModified\":\"2026-09-05T01:30:56+00:00\",\"mainEntityOfPage\":{\"@id\":\"https:\\\/\\\/lobosnews.com.ar\\\/index.php\\\/2026\\\/09\\\/04\\\/quienes-son-los-ocho-nuevos-convocados-para-masterchef-celebrity-en-telefe\\\/\"},\"wordCount\":697,\"commentCount\":0,\"publisher\":{\"@id\":\"https:\\\/\\\/lobosnews.com.ar\\\/#organization\"},\"image\":{\"@id\":\"https:\\\/\\\/lobosnews.com.ar\\\/index.php\\\/2026\\\/09\\\/04\\\/quienes-son-los-ocho-nuevos-convocados-para-masterchef-celebrity-en-telefe\\\/#primaryimage\"},\"thumbnailUrl\":\"https:\\\/\\\/lobosnews.com.ar\\\/wp-content\\\/uploads\\\/2026\\\/09\\\/quienes-son-los-ocho-nuevos-convocados-para-masterchef-celebrity-en-telefe.jpg\",\"articleSection\":[\"Cine y Series\"],\"inLanguage\":\"es\",\"potentialAction\":[{\"@type\":\"CommentAction\",\"name\":\"Comment\",\"target\":[\"https:\\\/\\\/lobosnews.com.ar\\\/index.php\\\/2026\\\/09\\\/04\\\/quienes-son-los-ocho-nuevos-convocados-para-masterchef-celebrity-en-telefe\\\/#respond\"]}]},{\"@type\":\"WebPage\",\"@id\":\"https:\\\/\\\/lobosnews.com.ar\\\/index.php\\\/2026\\\/09\\\/04\\\/quienes-son-los-ocho-nuevos-convocados-para-masterchef-celebrity-en-telefe\\\/\",\"url\":\"https:\\\/\\\/lobosnews.com.ar\\\/index.php\\\/2026\\\/09\\\/04\\\/quienes-son-los-ocho-nuevos-convocados-para-masterchef-celebrity-en-telefe\\\/\",\"name\":\"Qui\u00e9nes son los ocho nuevos convocados para MasterChef Celebrity en Telefe - Lobos News\",\"isPartOf\":{\"@id\":\"https:\\\/\\\/lobosnews.com.ar\\\/#website\"},\"primaryImageOfPage\":{\"@id\":\"https:\\\/\\\/lobosnews.com.ar\\\/index.php\\\/2026\\\/09\\\/04\\\/quienes-son-los-ocho-nuevos-convocados-para-masterchef-celebrity-en-telefe\\\/#primaryimage\"},\"image\":{\"@id\":\"https:\\\/\\\/lobosnews.com.ar\\\/index.php\\\/2026\\\/09\\\/04\\\/quienes-son-los-ocho-nuevos-convocados-para-masterchef-celebrity-en-telefe\\\/#primaryimage\"},\"thumbnailUrl\":\"https:\\\/\\\/lobosnews.com.ar\\\/wp-content\\\/uploads\\\/2026\\\/09\\\/quienes-son-los-ocho-nuevos-convocados-para-masterchef-celebrity-en-telefe.jpg\",\"datePublished\":\"2026-09-04T23:14:10+00:00\",\"dateModified\":\"2026-09-05T01:30:56+00:00\",\"breadcrumb\":{\"@id\":\"https:\\\/\\\/lobosnews.com.ar\\\/index.php\\\/2026\\\/09\\\/04\\\/quienes-son-los-ocho-nuevos-convocados-para-masterchef-celebrity-en-telefe\\\/#breadcrumb\"},\"inLanguage\":\"es\",\"potentialAction\":[{\"@type\":\"ReadAction\",\"target\":[\"https:\\\/\\\/lobosnews.com.ar\\\/index.php\\\/2026\\\/09\\\/04\\\/quienes-son-los-ocho-nuevos-convocados-para-masterchef-celebrity-en-telefe\\\/\"]}]},{\"@type\":\"ImageObject\",\"inLanguage\":\"es\",\"@id\":\"https:\\\/\\\/lobosnews.com.ar\\\/index.php\\\/2026\\\/09\\\/04\\\/quienes-son-los-ocho-nuevos-convocados-para-masterchef-celebrity-en-telefe\\\/#primaryimage\",\"url\":\"https:\\\/\\\/lobosnews.com.ar\\\/wp-content\\\/uploads\\\/2026\\\/09\\\/quienes-son-los-ocho-nuevos-convocados-para-masterchef-celebrity-en-telefe.jpg\",\"contentUrl\":\"https:\\\/\\\/lobosnews.com.ar\\\/wp-content\\\/uploads\\\/2026\\\/09\\\/quienes-son-los-ocho-nuevos-convocados-para-masterchef-celebrity-en-telefe.jpg\",\"width\":618,\"height\":828,\"caption\":\"Qui\u00e9nes son los ocho nuevos convocados para MasterChef Celebrity en Telefe\"},{\"@type\":\"BreadcrumbList\",\"@id\":\"https:\\\/\\\/lobosnews.com.ar\\\/index.php\\\/2026\\\/09\\\/04\\\/quienes-son-los-ocho-nuevos-convocados-para-masterchef-celebrity-en-telefe\\\/#breadcrumb\",\"itemListElement\":[{\"@type\":\"ListItem\",\"position\":1,\"name\":\"Portada\",\"item\":\"https:\\\/\\\/lobosnews.com.ar\\\/\"},{\"@type\":\"ListItem\",\"position\":2,\"name\":\"Qui\u00e9nes son los ocho nuevos convocados para MasterChef Celebrity en Telefe\"}]},{\"@type\":\"WebSite\",\"@id\":\"https:\\\/\\\/lobosnews.com.ar\\\/#website\",\"url\":\"https:\\\/\\\/lobosnews.com.ar\\\/\",\"name\":\"Lobos News\",\"description\":\"Informaci\u00f3n a cada instante\",\"publisher\":{\"@id\":\"https:\\\/\\\/lobosnews.com.ar\\\/#organization\"},\"potentialAction\":[{\"@type\":\"SearchAction\",\"target\":{\"@type\":\"EntryPoint\",\"urlTemplate\":\"https:\\\/\\\/lobosnews.com.ar\\\/?s={search_term_string}\"},\"query-input\":{\"@type\":\"PropertyValueSpecification\",\"valueRequired\":true,\"valueName\":\"search_term_string\"}}],\"inLanguage\":\"es\"},{\"@type\":\"Organization\",\"@id\":\"https:\\\/\\\/lobosnews.com.ar\\\/#organization\",\"name\":\"Lobos News\",\"url\":\"https:\\\/\\\/lobosnews.com.ar\\\/\",\"logo\":{\"@type\":\"ImageObject\",\"inLanguage\":\"es\",\"@id\":\"https:\\\/\\\/lobosnews.com.ar\\\/#\\\/schema\\\/logo\\\/image\\\/\",\"url\":\"https:\\\/\\\/lobosnews.com.ar\\\/wp-content\\\/uploads\\\/2026\\\/01\\\/logo-lobosnews.png\",\"contentUrl\":\"https:\\\/\\\/lobosnews.com.ar\\\/wp-content\\\/uploads\\\/2026\\\/01\\\/logo-lobosnews.png\",\"width\":500,\"height\":200,\"caption\":\"Lobos News\"},\"image\":{\"@id\":\"https:\\\/\\\/lobosnews.com.ar\\\/#\\\/schema\\\/logo\\\/image\\\/\"}},{\"@type\":\"Person\",\"@id\":\"https:\\\/\\\/lobosnews.com.ar\\\/#\\\/schema\\\/person\\\/232422a593d5c541dd9aef6aaed10943\",\"name\":\"admin\",\"image\":{\"@type\":\"ImageObject\",\"inLanguage\":\"es\",\"@id\":\"https:\\\/\\\/secure.gravatar.com\\\/avatar\\\/76e419471a2083bc3ceab22a763dbbf9b0c1bd15a6214cf3280e2c2dde4580f9?s=96&d=mm&r=g\",\"url\":\"https:\\\/\\\/secure.gravatar.com\\\/avatar\\\/76e419471a2083bc3ceab22a763dbbf9b0c1bd15a6214cf3280e2c2dde4580f9?s=96&d=mm&r=g\",\"contentUrl\":\"https:\\\/\\\/secure.gravatar.com\\\/avatar\\\/76e419471a2083bc3ceab22a763dbbf9b0c1bd15a6214cf3280e2c2dde4580f9?s=96&d=mm&r=g\",\"caption\":\"admin\"},\"sameAs\":[\"https:\\\/\\\/lobosnews.com.ar\"],\"url\":\"https:\\\/\\\/lobosnews.com.ar\\\/index.php\\\/author\\\/lobos-news\\\/\"}]}<\/script>\n<!-- \/ Yoast SEO plugin. -->","yoast_head_json":{"title":"Qui\u00e9nes son los ocho nuevos convocados para MasterChef Celebrity en Telefe - Lobos News","robots":{"index":"index","follow":"follow","max-snippet":"max-snippet:-1","max-image-preview":"max-image-preview:large","max-video-preview":"max-video-preview:-1"},"canonical":"https:\/\/lobosnews.com.ar\/index.php\/2026\/09\/04\/quienes-son-los-ocho-nuevos-convocados-para-masterchef-celebrity-en-telefe\/","og_locale":"es_ES","og_type":"article","og_title":"Qui\u00e9nes son los ocho nuevos convocados para MasterChef Celebrity en Telefe - Lobos News","og_description":"MasterChef Celebrity, el programa que conduce Wanda Nara, comenz\u00f3 a definir su elenco y Telefe confirm\u00f3 en las \u00faltimas horas ocho nuevas incorporaciones al ciclo de cocina m\u00e1s popular de la televisi\u00f3n argentina. Se suman a los ya anunciados Lizy Tagliani, China Ansa, Juli Poggio, Edith Hermida, Karina Mazzocco, Grego Rossello, Luck Ra y L-Gante,...","og_url":"https:\/\/lobosnews.com.ar\/index.php\/2026\/09\/04\/quienes-son-los-ocho-nuevos-convocados-para-masterchef-celebrity-en-telefe\/","og_site_name":"Lobos News","article_published_time":"2026-09-04T23:14:10+00:00","article_modified_time":"2026-09-05T01:30:56+00:00","og_image":[{"width":618,"height":828,"url":"https:\/\/lobosnews.com.ar\/wp-content\/uploads\/2026\/09\/quienes-son-los-ocho-nuevos-convocados-para-masterchef-celebrity-en-telefe.jpg","type":"image\/jpeg"}],"author":"admin","twitter_card":"summary_large_image","twitter_misc":{"Escrito por":"admin","Tiempo de lectura":"3 minutos"},"schema":{"@context":"https:\/\/schema.org","@graph":[{"@type":"Article","@id":"https:\/\/lobosnews.com.ar\/index.php\/2026\/09\/04\/quienes-son-los-ocho-nuevos-convocados-para-masterchef-celebrity-en-telefe\/#article","isPartOf":{"@id":"https:\/\/lobosnews.com.ar\/index.php\/2026\/09\/04\/quienes-son-los-ocho-nuevos-convocados-para-masterchef-celebrity-en-telefe\/"},"author":{"name":"admin","@id":"https:\/\/lobosnews.com.ar\/#\/schema\/person\/232422a593d5c541dd9aef6aaed10943"},"headline":"Qui\u00e9nes son los ocho nuevos convocados para MasterChef Celebrity en Telefe","datePublished":"2026-09-04T23:14:10+00:00","dateModified":"2026-09-05T01:30:56+00:00","mainEntityOfPage":{"@id":"https:\/\/lobosnews.com.ar\/index.php\/2026\/09\/04\/quienes-son-los-ocho-nuevos-convocados-para-masterchef-celebrity-en-telefe\/"},"wordCount":697,"commentCount":0,"publisher":{"@id":"https:\/\/lobosnews.com.ar\/#organization"},"image":{"@id":"https:\/\/lobosnews.com.ar\/index.php\/2026\/09\/04\/quienes-son-los-ocho-nuevos-convocados-para-masterchef-celebrity-en-telefe\/#primaryimage"},"thumbnailUrl":"https:\/\/lobosnews.com.ar\/wp-content\/uploads\/2026\/09\/quienes-son-los-ocho-nuevos-convocados-para-masterchef-celebrity-en-telefe.jpg","articleSection":["Cine y Series"],"inLanguage":"es","potentialAction":[{"@type":"CommentAction","name":"Comment","target":["https:\/\/lobosnews.com.ar\/index.php\/2026\/09\/04\/quienes-son-los-ocho-nuevos-convocados-para-masterchef-celebrity-en-telefe\/#respond"]}]},{"@type":"WebPage","@id":"https:\/\/lobosnews.com.ar\/index.php\/2026\/09\/04\/quienes-son-los-ocho-nuevos-convocados-para-masterchef-celebrity-en-telefe\/","url":"https:\/\/lobosnews.com.ar\/index.php\/2026\/09\/04\/quienes-son-los-ocho-nuevos-convocados-para-masterchef-celebrity-en-telefe\/","name":"Qui\u00e9nes son los ocho nuevos convocados para MasterChef Celebrity en Telefe - Lobos News","isPartOf":{"@id":"https:\/\/lobosnews.com.ar\/#website"},"primaryImageOfPage":{"@id":"https:\/\/lobosnews.com.ar\/index.php\/2026\/09\/04\/quienes-son-los-ocho-nuevos-convocados-para-masterchef-celebrity-en-telefe\/#primaryimage"},"image":{"@id":"https:\/\/lobosnews.com.ar\/index.php\/2026\/09\/04\/quienes-son-los-ocho-nuevos-convocados-para-masterchef-celebrity-en-telefe\/#primaryimage"},"thumbnailUrl":"https:\/\/lobosnews.com.ar\/wp-content\/uploads\/2026\/09\/quienes-son-los-ocho-nuevos-convocados-para-masterchef-celebrity-en-telefe.jpg","datePublished":"2026-09-04T23:14:10+00:00","dateModified":"2026-09-05T01:30:56+00:00","breadcrumb":{"@id":"https:\/\/lobosnews.com.ar\/index.php\/2026\/09\/04\/quienes-son-los-ocho-nuevos-convocados-para-masterchef-celebrity-en-telefe\/#breadcrumb"},"inLanguage":"es","potentialAction":[{"@type":"ReadAction","target":["https:\/\/lobosnews.com.ar\/index.php\/2026\/09\/04\/quienes-son-los-ocho-nuevos-convocados-para-masterchef-celebrity-en-telefe\/"]}]},{"@type":"ImageObject","inLanguage":"es","@id":"https:\/\/lobosnews.com.ar\/index.php\/2026\/09\/04\/quienes-son-los-ocho-nuevos-convocados-para-masterchef-celebrity-en-telefe\/#primaryimage","url":"https:\/\/lobosnews.com.ar\/wp-content\/uploads\/2026\/09\/quienes-son-los-ocho-nuevos-convocados-para-masterchef-celebrity-en-telefe.jpg","contentUrl":"https:\/\/lobosnews.com.ar\/wp-content\/uploads\/2026\/09\/quienes-son-los-ocho-nuevos-convocados-para-masterchef-celebrity-en-telefe.jpg","width":618,"height":828,"caption":"Qui\u00e9nes son los ocho nuevos convocados para MasterChef Celebrity en Telefe"},{"@type":"BreadcrumbList","@id":"https:\/\/lobosnews.com.ar\/index.php\/2026\/09\/04\/quienes-son-los-ocho-nuevos-convocados-para-masterchef-celebrity-en-telefe\/#breadcrumb","itemListElement":[{"@type":"ListItem","position":1,"name":"Portada","item":"https:\/\/lobosnews.com.ar\/"},{"@type":"ListItem","position":2,"name":"Qui\u00e9nes son los ocho nuevos convocados para MasterChef Celebrity en Telefe"}]},{"@type":"WebSite","@id":"https:\/\/lobosnews.com.ar\/#website","url":"https:\/\/lobosnews.com.ar\/","name":"Lobos News","description":"Informaci\u00f3n a cada instante","publisher":{"@id":"https:\/\/lobosnews.com.ar\/#organization"},"potentialAction":[{"@type":"SearchAction","target":{"@type":"EntryPoint","urlTemplate":"https:\/\/lobosnews.com.ar\/?s={search_term_string}"},"query-input":{"@type":"PropertyValueSpecification","valueRequired":true,"valueName":"search_term_string"}}],"inLanguage":"es"},{"@type":"Organization","@id":"https:\/\/lobosnews.com.ar\/#organization","name":"Lobos News","url":"https:\/\/lobosnews.com.ar\/","logo":{"@type":"ImageObject","inLanguage":"es","@id":"https:\/\/lobosnews.com.ar\/#\/schema\/logo\/image\/","url":"https:\/\/lobosnews.com.ar\/wp-content\/uploads\/2026\/01\/logo-lobosnews.png","contentUrl":"https:\/\/lobosnews.com.ar\/wp-content\/uploads\/2026\/01\/logo-lobosnews.png","width":500,"height":200,"caption":"Lobos News"},"image":{"@id":"https:\/\/lobosnews.com.ar\/#\/schema\/logo\/image\/"}},{"@type":"Person","@id":"https:\/\/lobosnews.com.ar\/#\/schema\/person\/232422a593d5c541dd9aef6aaed10943","name":"admin","image":{"@type":"ImageObject","inLanguage":"es","@id":"https:\/\/secure.gravatar.com\/avatar\/76e419471a2083bc3ceab22a763dbbf9b0c1bd15a6214cf3280e2c2dde4580f9?s=96&d=mm&r=g","url":"https:\/\/secure.gravatar.com\/avatar\/76e419471a2083bc3ceab22a763dbbf9b0c1bd15a6214cf3280e2c2dde4580f9?s=96&d=mm&r=g","contentUrl":"https:\/\/secure.gravatar.com\/avatar\/76e419471a2083bc3ceab22a763dbbf9b0c1bd15a6214cf3280e2c2dde4580f9?s=96&d=mm&r=g","caption":"admin"},"sameAs":["https:\/\/lobosnews.com.ar"],"url":"https:\/\/lobosnews.com.ar\/index.php\/author\/lobos-news\/"}]}},"jetpack_featured_media_url":"https:\/\/lobosnews.com.ar\/wp-content\/uploads\/2026\/09\/quienes-son-los-ocho-nuevos-convocados-para-masterchef-celebrity-en-telefe.jpg","jetpack_sharing_enabled":true,"_links":{"self":[{"href":"https:\/\/lobosnews.com.ar\/index.php\/wp-json\/wp\/v2\/posts\/97543","targetHints":{"allow":["GET"]}}],"collection":[{"href":"https:\/\/lobosnews.com.ar\/index.php\/wp-json\/wp\/v2\/posts"}],"about":[{"href":"https:\/\/lobosnews.com.ar\/index.php\/wp-json\/wp\/v2\/types\/post"}],"author":[{"embeddable":true,"href":"https:\/\/lobosnews.com.ar\/index.php\/wp-json\/wp\/v2\/users\/1"}],"replies":[{"embeddable":true,"href":"https:\/\/lobosnews.com.ar\/index.php\/wp-json\/wp\/v2\/comments?post=97543"}],"version-history":[{"count":1,"href":"https:\/\/lobosnews.com.ar\/index.php\/wp-json\/wp\/v2\/posts\/97543\/revisions"}],"predecessor-version":[{"id":97545,"href":"https:\/\/lobosnews.com.ar\/index.php\/wp-json\/wp\/v2\/posts\/97543\/revisions\/97545"}],"wp:featuredmedia":[{"embeddable":true,"href":"https:\/\/lobosnews.com.ar\/index.php\/wp-json\/wp\/v2\/media\/97546"}],"wp:attachment":[{"href":"https:\/\/lobosnews.com.ar\/index.php\/wp-json\/wp\/v2\/media?parent=97543"}],"wp:term":[{"taxonomy":"category","embeddable":true,"href":"https:\/\/lobosnews.com.ar\/index.php\/wp-json\/wp\/v2\/categories?post=97543"},{"taxonomy":"post_tag","embeddable":true,"href":"https:\/\/lobosnews.com.ar\/index.php\/wp-json\/wp\/v2\/tags?post=97543"}],"curies":[{"name":"wp","href":"https:\/\/api.w.org\/{rel}","templated":true}]}}