{"id":97515,"date":"2026-09-05T01:16:50","date_gmt":"2026-09-05T01:16:50","guid":{"rendered":"https:\/\/lobosnews.com.ar\/?p=97515"},"modified":"2026-09-05T01:30:30","modified_gmt":"2026-09-05T01:30:30","slug":"el-salvadoreno-marcelo-arevalo-llega-al-us-open-con-mate-pavic-y-una-cuenta-pendiente-que-todavia-marca-su-plan","status":"publish","type":"post","link":"https:\/\/lobosnews.com.ar\/index.php\/2026\/09\/05\/el-salvadoreno-marcelo-arevalo-llega-al-us-open-con-mate-pavic-y-una-cuenta-pendiente-que-todavia-marca-su-plan\/","title":{"rendered":"El salvadore\u00f1o Marcelo Ar\u00e9valo llega al US Open con Mate Pavi\u0107 y una cuenta pendiente que todav\u00eda marca su plan"},"content":{"rendered":"<p><img fetchpriority=\"high\" decoding=\"async\" src=\"https:\/\/lobosnews.com.ar\/wp-content\/uploads\/2026\/09\/el-salvadoreno-marcelo-arevalo-llega-al-us-open-con-mate-pavic-y-una-cuenta-pendiente-que-todavia-marca-su-plan.jpg\" alt=\"El jugador y Mate Pavi\u0107 buscar\u00e1n sostener cada turno de saque para ganar confianza, presionar en la devoluci\u00f3n y encontrar pronto una ruptura ante Johnson y Sielinski. (Cortes\u00eda: Marcelo Ar\u00e9valo)\" height=\"533\" width=\"800\"\/><\/p>\n<p>El tenista salvadore\u00f1o <b>MarceloAr\u00e9valo<\/b> llega al <b>US Open<\/b> con <b>Mate Pavi\u0107<\/b> y una meta expl\u00edcita: transformar el \u00faltimo Grand Slam del a\u00f1o en una nueva opci\u00f3n de t\u00edtulo, despu\u00e9s de haber recuperado confianza con una final en Canad\u00e1 y de cargar todav\u00eda con la semifinal que se les escap\u00f3 en 2024.<\/p>\n<p>Esa cuenta pendiente sigue marcada por un tramo concreto del partido del a\u00f1o pasado: Ar\u00e9valo record\u00f3 en <i>ESPN<\/i> que la dupla estuvo 4-1 arriba en el tercer set de la semifinal, a un paso de la final, antes de quedar eliminada. <b>Para el salvadore\u00f1o, esa derrota sigue siendo \u201cuna espina\u201d y una de las razones por las que mantienen el trabajo conjunto.<\/b><\/p>\n<p>En la antesala del debut, el jugador explic\u00f3 que la pareja enfrentar\u00e1 otra vez a Johnson y Sielinski, un cruce que ya tuvo un antecedente en el Abierto de Australia y que termin\u00f3 con derrota para Ar\u00e9valo y Pavi\u0107. <b>El tenista dijo al medio que ese resultado les dej\u00f3 una referencia clara sobre los aspectos que deben corregir ante un equipo que describi\u00f3 como fuerte y competitivo.<\/b><\/p>\n<h2>La dupla apunta a sostener el servicio y atacar con la devoluci\u00f3n<\/h2>\n<p>Ar\u00e9valo respondi\u00f3 de forma directa cu\u00e1l ser\u00e1 la base t\u00e1ctica del partido: defender el servicio. <b>Seg\u00fan explic\u00f3, en dobles conservar ese turno \u201ca toda costa\u201d cambia la din\u00e1mica del encuentro y les permite asumir m\u00e1s riesgos cuando devuelven.<\/b><\/p>\n<p><b>\u201cVa a ser muy importante concentrarnos en nuestro servicio\u201d,<\/b> afirm\u00f3.<b> \u201cCuando uno va ganando su servicio como equipo, tambi\u00e9n te da esa motivaci\u00f3n y esa seguridad extra de ir por un poquito m\u00e1s en las devoluciones\u201d.<\/b><\/p>\n<p>La apuesta, a\u00f1adi\u00f3, pasa por llegar al partido con esa sensaci\u00f3n de solidez para buscar un quiebre temprano en el set. Esa ventaja, en su descripci\u00f3n, les dar\u00eda la libertad necesaria para jugar su mejor tenis.<\/p>\n<p><b>El salvadore\u00f1o tambi\u00e9n descart\u00f3 que la historia reciente de la dupla agregue presi\u00f3n en Nueva York.<\/b> Haber ganado torneos importantes y haber ocupado posiciones de privilegio en el circuito, sostuvo, funciona m\u00e1s como una fuente de motivaci\u00f3n que como una carga.<\/p>\n<h2>Ar\u00e9valo describe una sociedad basada en energ\u00eda y experiencia<\/h2>\n<p>Al explicar qu\u00e9 distingue a la pareja con <b>Pavi\u0107<\/b>, Ar\u00e9valo habl\u00f3 de una combinaci\u00f3n entre energ\u00eda competitiva y recorrido en la \u00e9lite. <b>Dijo que suele construir su juego desde el \u00e1nimo propio y el impulso hacia su compa\u00f1ero, y que el croata responde bien a esa din\u00e1mica en cancha.<\/b><\/p>\n<p>Sobre Pavi\u0107, subray\u00f3 su trayectoria: se\u00f1al\u00f3 que gan\u00f3 los cuatro torneos de Grand Slam y una medalla de oro ol\u00edmpica. <b>Ar\u00e9valo dijo que intenta absorber esa experiencia, mientras \u00e9l aporta intensidad y empuje emocional durante los partidos.<\/b><\/p>\n<p><img loading=\"lazy\" decoding=\"async\" src=\"https:\/\/lobosnews.com.ar\/wp-content\/uploads\/2026\/09\/el-salvadoreno-marcelo-arevalo-llega-al-us-open-con-mate-pavic-y-una-cuenta-pendiente-que-todavia-marca-su-plan-1.jpg\" alt=\"Marcelo Ar\u00e9valo y Mate Pavic jugar\u00e1n la final de dobles masculino del Masters 1000 de Montreal este jueves 13 de agosto.\" height=\"1022\" width=\"1600\"\/><\/p>\n<p><b>Esa mezcla, plante\u00f3, es una de las razones por las que se consideran un buen equipo. <\/b>Tambi\u00e9n explic\u00f3 que su comunicaci\u00f3n cotidiana en la cancha se da en ingl\u00e9s, aunque el croata entiende algunas palabras en espa\u00f1ol por el tiempo que vivi\u00f3 en Espa\u00f1a cuando era joven.<\/p>\n<p>Entre los h\u00e1bitos previos a los partidos, Ar\u00e9valo cont\u00f3 en la se\u00f1al deportiva que no tienen una c\u00e1bala fija de equipo m\u00e1s all\u00e1 de una preferencia: cuando el calendario lo permite, les gusta volver a calentar en la misma cancha en la que lo hicieron antes de una victoria.<b> <\/b><\/p>\n<p><b>En torneos grandes, aclar\u00f3, esa posibilidad suele complicarse por la cantidad de encuentros programados entre singles, dobles y cuadros juveniles.<\/b><\/p>\n<h2>El tenista salvadore\u00f1o reivindica su lugar como referencia regional<\/h2>\n<p><b>M\u00e1s all\u00e1 del cuadro en Nueva York, Ar\u00e9valo vincul\u00f3 su presente con una idea de representaci\u00f3n regional.<\/b> Dijo sentir \u201cmuch\u00edsimo orgullo\u201d por competir no solo por <b>El Salvador<\/b>, sino tambi\u00e9n por <b>Centroam\u00e9rica<\/b>, una regi\u00f3n con la que asocia buena parte de su formaci\u00f3n desde etapa juvenil.<\/p>\n<p><b>Record\u00f3 viajes y torneos en Guatemala, Costa Rica, Honduras y Nicaragua, adem\u00e1s de la Copa del Caf\u00e9 en territorio costarricense.<\/b> De esa experiencia, se\u00f1al\u00f3, conserva amistades, recuerdos y una cercan\u00eda que hoy refuerza su deseo de ser una referencia positiva para los pr\u00f3ximos jugadores.<\/p>\n<p><img loading=\"lazy\" decoding=\"async\" src=\"https:\/\/lobosnews.com.ar\/wp-content\/uploads\/2026\/09\/el-salvadoreno-marcelo-arevalo-llega-al-us-open-con-mate-pavic-y-una-cuenta-pendiente-que-todavia-marca-su-plan-2.jpg\" alt=\"Tennis - Wimbledon - All England Lawn Tennis and Croquet Club, Londres, Gran Breta\u00f1a - 11 de julio de 2026 Marcelo Ar\u00e9valo de El Salvador y Mate Pavic de Croacia durante un descanso en el juego de su partido final de dobles masculinos contra Harri Heliovaara de Finlandia y Henry Patten de Gran Breta\u00f1a. REUTERS\/Marko Djurica\" height=\"2940\" width=\"4454\"\/><\/p>\n<p>Uno de sus objetivos, explic\u00f3, es dejar un legado para los ni\u00f1os y j\u00f3venes que empiezan en el tenis y demostrar que desde la regi\u00f3n tambi\u00e9n se puede llegar al alto nivel. <b>\u201cQue vean que hay otro centroamericano que ya lo logr\u00f3\u201d,<\/b> dijo al medio, con la expectativa de que en los pr\u00f3ximos a\u00f1os sea cada vez m\u00e1s habitual ver tenistas profesionales surgidos de esa parte del continente.<\/p>\n<p><b>Sobre el debut en el torneo, el mensaje final del salvadore\u00f1o fue m\u00e1s mental que estad\u00edstico.<\/b> Asegur\u00f3 que la pareja saldr\u00e1 a buscar el partido con el <b>100%<\/b> de sus posibilidades, con mentalidad ganadora y positiva, porque eso, remarc\u00f3, s\u00ed est\u00e1 bajo su control aunque el resultado no lo est\u00e9.<\/p>\n","protected":false},"excerpt":{"rendered":"<p>El tenista salvadore\u00f1o MarceloAr\u00e9valo llega al US Open con Mate Pavi\u0107 y una meta expl\u00edcita: transformar el \u00faltimo Grand Slam del a\u00f1o en una nueva opci\u00f3n de t\u00edtulo, despu\u00e9s de haber recuperado confianza con una final en Canad\u00e1 y de cargar todav\u00eda con la semifinal que se les escap\u00f3 en 2024. Esa cuenta pendiente sigue&#8230;<\/p>\n","protected":false},"author":1,"featured_media":97520,"comment_status":"open","ping_status":"closed","sticky":false,"template":"","format":"standard","meta":{"_jetpack_newsletter_access":"","_jetpack_dont_email_post_to_subs":false,"_jetpack_newsletter_tier_id":0,"_jetpack_memberships_contains_paywalled_content":false,"_jetpack_memberships_contains_paid_content":false,"footnotes":"","jetpack_post_was_ever_published":false},"categories":[31],"tags":[],"class_list":["post-97515","post","type-post","status-publish","format-standard","has-post-thumbnail","hentry","category-actualidad"],"magazineBlocksPostFeaturedMedia":{"thumbnail":"https:\/\/lobosnews.com.ar\/wp-content\/uploads\/2026\/09\/el-salvadoreno-marcelo-arevalo-llega-al-us-open-con-mate-pavic-y-una-cuenta-pendiente-que-todavia-marca-su-plan-4-150x150.jpg","medium":"https:\/\/lobosnews.com.ar\/wp-content\/uploads\/2026\/09\/el-salvadoreno-marcelo-arevalo-llega-al-us-open-con-mate-pavic-y-una-cuenta-pendiente-que-todavia-marca-su-plan-4-300x198.jpg","medium_large":"https:\/\/lobosnews.com.ar\/wp-content\/uploads\/2026\/09\/el-salvadoreno-marcelo-arevalo-llega-al-us-open-con-mate-pavic-y-una-cuenta-pendiente-que-todavia-marca-su-plan-4-768x507.jpg","large":"https:\/\/lobosnews.com.ar\/wp-content\/uploads\/2026\/09\/el-salvadoreno-marcelo-arevalo-llega-al-us-open-con-mate-pavic-y-una-cuenta-pendiente-que-todavia-marca-su-plan-4-1024x676.jpg","1536x1536":"https:\/\/lobosnews.com.ar\/wp-content\/uploads\/2026\/09\/el-salvadoreno-marcelo-arevalo-llega-al-us-open-con-mate-pavic-y-una-cuenta-pendiente-que-todavia-marca-su-plan-4-1536x1014.jpg","2048x2048":"https:\/\/lobosnews.com.ar\/wp-content\/uploads\/2026\/09\/el-salvadoreno-marcelo-arevalo-llega-al-us-open-con-mate-pavic-y-una-cuenta-pendiente-que-todavia-marca-su-plan-4-2048x1352.jpg","newsmatic-featured":"https:\/\/lobosnews.com.ar\/wp-content\/uploads\/2026\/09\/el-salvadoreno-marcelo-arevalo-llega-al-us-open-con-mate-pavic-y-una-cuenta-pendiente-que-todavia-marca-su-plan-4-820x545.jpg","newsmatic-list":"https:\/\/lobosnews.com.ar\/wp-content\/uploads\/2026\/09\/el-salvadoreno-marcelo-arevalo-llega-al-us-open-con-mate-pavic-y-una-cuenta-pendiente-que-todavia-marca-su-plan-4-600x400.jpg","newsmatic-thumb":"https:\/\/lobosnews.com.ar\/wp-content\/uploads\/2026\/09\/el-salvadoreno-marcelo-arevalo-llega-al-us-open-con-mate-pavic-y-una-cuenta-pendiente-que-todavia-marca-su-plan-4-300x200.jpg","newsmatic-small":"https:\/\/lobosnews.com.ar\/wp-content\/uploads\/2026\/09\/el-salvadoreno-marcelo-arevalo-llega-al-us-open-con-mate-pavic-y-una-cuenta-pendiente-que-todavia-marca-su-plan-4-150x95.jpg","newsmatic-grid":"https:\/\/lobosnews.com.ar\/wp-content\/uploads\/2026\/09\/el-salvadoreno-marcelo-arevalo-llega-al-us-open-con-mate-pavic-y-una-cuenta-pendiente-que-todavia-marca-su-plan-4-400x250.jpg"},"magazineBlocksPostAuthor":{"name":"admin","avatar":"https:\/\/secure.gravatar.com\/avatar\/76e419471a2083bc3ceab22a763dbbf9b0c1bd15a6214cf3280e2c2dde4580f9?s=96&d=mm&r=g"},"magazineBlocksPostCommentsNumber":"0","magazineBlocksPostExcerpt":"El tenista salvadore\u00f1o MarceloAr\u00e9valo llega al US Open con Mate Pavi\u0107 y una meta expl\u00edcita: transformar el \u00faltimo Grand Slam del a\u00f1o en una nueva opci\u00f3n de t\u00edtulo, despu\u00e9s de haber recuperado confianza con una final en Canad\u00e1 y de cargar todav\u00eda con la semifinal que se les escap\u00f3 en 2024. Esa cuenta pendiente sigue...","magazineBlocksPostCategories":["Actualidad"],"magazineBlocksPostViewCount":46,"magazineBlocksPostReadTime":5,"magazine_blocks_featured_image_url":{"full":["https:\/\/lobosnews.com.ar\/wp-content\/uploads\/2026\/09\/el-salvadoreno-marcelo-arevalo-llega-al-us-open-con-mate-pavic-y-una-cuenta-pendiente-que-todavia-marca-su-plan-4-scaled.jpg",2560,1690,false],"medium":["https:\/\/lobosnews.com.ar\/wp-content\/uploads\/2026\/09\/el-salvadoreno-marcelo-arevalo-llega-al-us-open-con-mate-pavic-y-una-cuenta-pendiente-que-todavia-marca-su-plan-4-300x198.jpg",300,198,true],"thumbnail":["https:\/\/lobosnews.com.ar\/wp-content\/uploads\/2026\/09\/el-salvadoreno-marcelo-arevalo-llega-al-us-open-con-mate-pavic-y-una-cuenta-pendiente-que-todavia-marca-su-plan-4-150x150.jpg",150,150,true]},"magazine_blocks_author":{"display_name":"admin","author_link":"https:\/\/lobosnews.com.ar\/index.php\/author\/lobos-news\/"},"magazine_blocks_comment":0,"magazine_blocks_author_image":"https:\/\/secure.gravatar.com\/avatar\/76e419471a2083bc3ceab22a763dbbf9b0c1bd15a6214cf3280e2c2dde4580f9?s=96&d=mm&r=g","magazine_blocks_category":"<a href=\"#\" class=\"category-link category-link-31\">Actualidad<\/a>","yoast_head":"<!-- This site is optimized with the Yoast SEO plugin v28.0 - https:\/\/yoast.com\/product\/yoast-seo-wordpress\/ -->\n<title>El salvadore\u00f1o Marcelo Ar\u00e9valo llega al US Open con Mate Pavi\u0107 y una cuenta pendiente que todav\u00eda marca su plan - Lobos News<\/title>\n<meta name=\"robots\" content=\"index, follow, max-snippet:-1, max-image-preview:large, max-video-preview:-1\" \/>\n<link rel=\"canonical\" href=\"https:\/\/lobosnews.com.ar\/index.php\/2026\/09\/05\/el-salvadoreno-marcelo-arevalo-llega-al-us-open-con-mate-pavic-y-una-cuenta-pendiente-que-todavia-marca-su-plan\/\" \/>\n<meta property=\"og:locale\" content=\"es_ES\" \/>\n<meta property=\"og:type\" content=\"article\" \/>\n<meta property=\"og:title\" content=\"El salvadore\u00f1o Marcelo Ar\u00e9valo llega al US Open con Mate Pavi\u0107 y una cuenta pendiente que todav\u00eda marca su plan - Lobos News\" \/>\n<meta property=\"og:description\" content=\"El tenista salvadore\u00f1o MarceloAr\u00e9valo llega al US Open con Mate Pavi\u0107 y una meta expl\u00edcita: transformar el \u00faltimo Grand Slam del a\u00f1o en una nueva opci\u00f3n de t\u00edtulo, despu\u00e9s de haber recuperado confianza con una final en Canad\u00e1 y de cargar todav\u00eda con la semifinal que se les escap\u00f3 en 2024. Esa cuenta pendiente sigue...\" \/>\n<meta property=\"og:url\" content=\"https:\/\/lobosnews.com.ar\/index.php\/2026\/09\/05\/el-salvadoreno-marcelo-arevalo-llega-al-us-open-con-mate-pavic-y-una-cuenta-pendiente-que-todavia-marca-su-plan\/\" \/>\n<meta property=\"og:site_name\" content=\"Lobos News\" \/>\n<meta property=\"article:published_time\" content=\"2026-09-05T01:16:50+00:00\" \/>\n<meta property=\"article:modified_time\" content=\"2026-09-05T01:30:30+00:00\" \/>\n<meta property=\"og:image\" content=\"https:\/\/lobosnews.com.ar\/wp-content\/uploads\/2026\/09\/el-salvadoreno-marcelo-arevalo-llega-al-us-open-con-mate-pavic-y-una-cuenta-pendiente-que-todavia-marca-su-plan-4-scaled.jpg\" \/>\n\t<meta property=\"og:image:width\" content=\"2560\" \/>\n\t<meta property=\"og:image:height\" content=\"1690\" \/>\n\t<meta property=\"og:image:type\" content=\"image\/jpeg\" \/>\n<meta name=\"author\" content=\"admin\" \/>\n<meta name=\"twitter:card\" content=\"summary_large_image\" \/>\n<meta name=\"twitter:label1\" content=\"Escrito por\" \/>\n\t<meta name=\"twitter:data1\" content=\"admin\" \/>\n\t<meta name=\"twitter:label2\" content=\"Tiempo de lectura\" \/>\n\t<meta name=\"twitter:data2\" content=\"4 minutos\" \/>\n<script type=\"application\/ld+json\" class=\"yoast-schema-graph\">{\"@context\":\"https:\\\/\\\/schema.org\",\"@graph\":[{\"@type\":\"Article\",\"@id\":\"https:\\\/\\\/lobosnews.com.ar\\\/index.php\\\/2026\\\/09\\\/05\\\/el-salvadoreno-marcelo-arevalo-llega-al-us-open-con-mate-pavic-y-una-cuenta-pendiente-que-todavia-marca-su-plan\\\/#article\",\"isPartOf\":{\"@id\":\"https:\\\/\\\/lobosnews.com.ar\\\/index.php\\\/2026\\\/09\\\/05\\\/el-salvadoreno-marcelo-arevalo-llega-al-us-open-con-mate-pavic-y-una-cuenta-pendiente-que-todavia-marca-su-plan\\\/\"},\"author\":{\"name\":\"admin\",\"@id\":\"https:\\\/\\\/lobosnews.com.ar\\\/#\\\/schema\\\/person\\\/232422a593d5c541dd9aef6aaed10943\"},\"headline\":\"El salvadore\u00f1o Marcelo Ar\u00e9valo llega al US Open con Mate Pavi\u0107 y una cuenta pendiente que todav\u00eda marca su plan\",\"datePublished\":\"2026-09-05T01:16:50+00:00\",\"dateModified\":\"2026-09-05T01:30:30+00:00\",\"mainEntityOfPage\":{\"@id\":\"https:\\\/\\\/lobosnews.com.ar\\\/index.php\\\/2026\\\/09\\\/05\\\/el-salvadoreno-marcelo-arevalo-llega-al-us-open-con-mate-pavic-y-una-cuenta-pendiente-que-todavia-marca-su-plan\\\/\"},\"wordCount\":866,\"commentCount\":0,\"publisher\":{\"@id\":\"https:\\\/\\\/lobosnews.com.ar\\\/#organization\"},\"image\":{\"@id\":\"https:\\\/\\\/lobosnews.com.ar\\\/index.php\\\/2026\\\/09\\\/05\\\/el-salvadoreno-marcelo-arevalo-llega-al-us-open-con-mate-pavic-y-una-cuenta-pendiente-que-todavia-marca-su-plan\\\/#primaryimage\"},\"thumbnailUrl\":\"https:\\\/\\\/lobosnews.com.ar\\\/wp-content\\\/uploads\\\/2026\\\/09\\\/el-salvadoreno-marcelo-arevalo-llega-al-us-open-con-mate-pavic-y-una-cuenta-pendiente-que-todavia-marca-su-plan-4-scaled.jpg\",\"articleSection\":[\"Actualidad\"],\"inLanguage\":\"es\",\"potentialAction\":[{\"@type\":\"CommentAction\",\"name\":\"Comment\",\"target\":[\"https:\\\/\\\/lobosnews.com.ar\\\/index.php\\\/2026\\\/09\\\/05\\\/el-salvadoreno-marcelo-arevalo-llega-al-us-open-con-mate-pavic-y-una-cuenta-pendiente-que-todavia-marca-su-plan\\\/#respond\"]}]},{\"@type\":\"WebPage\",\"@id\":\"https:\\\/\\\/lobosnews.com.ar\\\/index.php\\\/2026\\\/09\\\/05\\\/el-salvadoreno-marcelo-arevalo-llega-al-us-open-con-mate-pavic-y-una-cuenta-pendiente-que-todavia-marca-su-plan\\\/\",\"url\":\"https:\\\/\\\/lobosnews.com.ar\\\/index.php\\\/2026\\\/09\\\/05\\\/el-salvadoreno-marcelo-arevalo-llega-al-us-open-con-mate-pavic-y-una-cuenta-pendiente-que-todavia-marca-su-plan\\\/\",\"name\":\"El salvadore\u00f1o Marcelo Ar\u00e9valo llega al US Open con Mate Pavi\u0107 y una cuenta pendiente que todav\u00eda marca su plan - Lobos News\",\"isPartOf\":{\"@id\":\"https:\\\/\\\/lobosnews.com.ar\\\/#website\"},\"primaryImageOfPage\":{\"@id\":\"https:\\\/\\\/lobosnews.com.ar\\\/index.php\\\/2026\\\/09\\\/05\\\/el-salvadoreno-marcelo-arevalo-llega-al-us-open-con-mate-pavic-y-una-cuenta-pendiente-que-todavia-marca-su-plan\\\/#primaryimage\"},\"image\":{\"@id\":\"https:\\\/\\\/lobosnews.com.ar\\\/index.php\\\/2026\\\/09\\\/05\\\/el-salvadoreno-marcelo-arevalo-llega-al-us-open-con-mate-pavic-y-una-cuenta-pendiente-que-todavia-marca-su-plan\\\/#primaryimage\"},\"thumbnailUrl\":\"https:\\\/\\\/lobosnews.com.ar\\\/wp-content\\\/uploads\\\/2026\\\/09\\\/el-salvadoreno-marcelo-arevalo-llega-al-us-open-con-mate-pavic-y-una-cuenta-pendiente-que-todavia-marca-su-plan-4-scaled.jpg\",\"datePublished\":\"2026-09-05T01:16:50+00:00\",\"dateModified\":\"2026-09-05T01:30:30+00:00\",\"breadcrumb\":{\"@id\":\"https:\\\/\\\/lobosnews.com.ar\\\/index.php\\\/2026\\\/09\\\/05\\\/el-salvadoreno-marcelo-arevalo-llega-al-us-open-con-mate-pavic-y-una-cuenta-pendiente-que-todavia-marca-su-plan\\\/#breadcrumb\"},\"inLanguage\":\"es\",\"potentialAction\":[{\"@type\":\"ReadAction\",\"target\":[\"https:\\\/\\\/lobosnews.com.ar\\\/index.php\\\/2026\\\/09\\\/05\\\/el-salvadoreno-marcelo-arevalo-llega-al-us-open-con-mate-pavic-y-una-cuenta-pendiente-que-todavia-marca-su-plan\\\/\"]}]},{\"@type\":\"ImageObject\",\"inLanguage\":\"es\",\"@id\":\"https:\\\/\\\/lobosnews.com.ar\\\/index.php\\\/2026\\\/09\\\/05\\\/el-salvadoreno-marcelo-arevalo-llega-al-us-open-con-mate-pavic-y-una-cuenta-pendiente-que-todavia-marca-su-plan\\\/#primaryimage\",\"url\":\"https:\\\/\\\/lobosnews.com.ar\\\/wp-content\\\/uploads\\\/2026\\\/09\\\/el-salvadoreno-marcelo-arevalo-llega-al-us-open-con-mate-pavic-y-una-cuenta-pendiente-que-todavia-marca-su-plan-4-scaled.jpg\",\"contentUrl\":\"https:\\\/\\\/lobosnews.com.ar\\\/wp-content\\\/uploads\\\/2026\\\/09\\\/el-salvadoreno-marcelo-arevalo-llega-al-us-open-con-mate-pavic-y-una-cuenta-pendiente-que-todavia-marca-su-plan-4-scaled.jpg\",\"width\":2560,\"height\":1690,\"caption\":\"El salvadore\u00f1o Marcelo Ar\u00e9valo llega al US Open con Mate Pavi\u0107 y una cuenta pendiente que todav\u00eda marca su plan\"},{\"@type\":\"BreadcrumbList\",\"@id\":\"https:\\\/\\\/lobosnews.com.ar\\\/index.php\\\/2026\\\/09\\\/05\\\/el-salvadoreno-marcelo-arevalo-llega-al-us-open-con-mate-pavic-y-una-cuenta-pendiente-que-todavia-marca-su-plan\\\/#breadcrumb\",\"itemListElement\":[{\"@type\":\"ListItem\",\"position\":1,\"name\":\"Portada\",\"item\":\"https:\\\/\\\/lobosnews.com.ar\\\/\"},{\"@type\":\"ListItem\",\"position\":2,\"name\":\"El salvadore\u00f1o Marcelo Ar\u00e9valo llega al US Open con Mate Pavi\u0107 y una cuenta pendiente que todav\u00eda marca su plan\"}]},{\"@type\":\"WebSite\",\"@id\":\"https:\\\/\\\/lobosnews.com.ar\\\/#website\",\"url\":\"https:\\\/\\\/lobosnews.com.ar\\\/\",\"name\":\"Lobos News\",\"description\":\"Informaci\u00f3n a cada instante\",\"publisher\":{\"@id\":\"https:\\\/\\\/lobosnews.com.ar\\\/#organization\"},\"potentialAction\":[{\"@type\":\"SearchAction\",\"target\":{\"@type\":\"EntryPoint\",\"urlTemplate\":\"https:\\\/\\\/lobosnews.com.ar\\\/?s={search_term_string}\"},\"query-input\":{\"@type\":\"PropertyValueSpecification\",\"valueRequired\":true,\"valueName\":\"search_term_string\"}}],\"inLanguage\":\"es\"},{\"@type\":\"Organization\",\"@id\":\"https:\\\/\\\/lobosnews.com.ar\\\/#organization\",\"name\":\"Lobos News\",\"url\":\"https:\\\/\\\/lobosnews.com.ar\\\/\",\"logo\":{\"@type\":\"ImageObject\",\"inLanguage\":\"es\",\"@id\":\"https:\\\/\\\/lobosnews.com.ar\\\/#\\\/schema\\\/logo\\\/image\\\/\",\"url\":\"https:\\\/\\\/lobosnews.com.ar\\\/wp-content\\\/uploads\\\/2026\\\/01\\\/logo-lobosnews.png\",\"contentUrl\":\"https:\\\/\\\/lobosnews.com.ar\\\/wp-content\\\/uploads\\\/2026\\\/01\\\/logo-lobosnews.png\",\"width\":500,\"height\":200,\"caption\":\"Lobos News\"},\"image\":{\"@id\":\"https:\\\/\\\/lobosnews.com.ar\\\/#\\\/schema\\\/logo\\\/image\\\/\"}},{\"@type\":\"Person\",\"@id\":\"https:\\\/\\\/lobosnews.com.ar\\\/#\\\/schema\\\/person\\\/232422a593d5c541dd9aef6aaed10943\",\"name\":\"admin\",\"image\":{\"@type\":\"ImageObject\",\"inLanguage\":\"es\",\"@id\":\"https:\\\/\\\/secure.gravatar.com\\\/avatar\\\/76e419471a2083bc3ceab22a763dbbf9b0c1bd15a6214cf3280e2c2dde4580f9?s=96&d=mm&r=g\",\"url\":\"https:\\\/\\\/secure.gravatar.com\\\/avatar\\\/76e419471a2083bc3ceab22a763dbbf9b0c1bd15a6214cf3280e2c2dde4580f9?s=96&d=mm&r=g\",\"contentUrl\":\"https:\\\/\\\/secure.gravatar.com\\\/avatar\\\/76e419471a2083bc3ceab22a763dbbf9b0c1bd15a6214cf3280e2c2dde4580f9?s=96&d=mm&r=g\",\"caption\":\"admin\"},\"sameAs\":[\"https:\\\/\\\/lobosnews.com.ar\"],\"url\":\"https:\\\/\\\/lobosnews.com.ar\\\/index.php\\\/author\\\/lobos-news\\\/\"}]}<\/script>\n<!-- \/ Yoast SEO plugin. -->","yoast_head_json":{"title":"El salvadore\u00f1o Marcelo Ar\u00e9valo llega al US Open con Mate Pavi\u0107 y una cuenta pendiente que todav\u00eda marca su plan - Lobos News","robots":{"index":"index","follow":"follow","max-snippet":"max-snippet:-1","max-image-preview":"max-image-preview:large","max-video-preview":"max-video-preview:-1"},"canonical":"https:\/\/lobosnews.com.ar\/index.php\/2026\/09\/05\/el-salvadoreno-marcelo-arevalo-llega-al-us-open-con-mate-pavic-y-una-cuenta-pendiente-que-todavia-marca-su-plan\/","og_locale":"es_ES","og_type":"article","og_title":"El salvadore\u00f1o Marcelo Ar\u00e9valo llega al US Open con Mate Pavi\u0107 y una cuenta pendiente que todav\u00eda marca su plan - Lobos News","og_description":"El tenista salvadore\u00f1o MarceloAr\u00e9valo llega al US Open con Mate Pavi\u0107 y una meta expl\u00edcita: transformar el \u00faltimo Grand Slam del a\u00f1o en una nueva opci\u00f3n de t\u00edtulo, despu\u00e9s de haber recuperado confianza con una final en Canad\u00e1 y de cargar todav\u00eda con la semifinal que se les escap\u00f3 en 2024. Esa cuenta pendiente sigue...","og_url":"https:\/\/lobosnews.com.ar\/index.php\/2026\/09\/05\/el-salvadoreno-marcelo-arevalo-llega-al-us-open-con-mate-pavic-y-una-cuenta-pendiente-que-todavia-marca-su-plan\/","og_site_name":"Lobos News","article_published_time":"2026-09-05T01:16:50+00:00","article_modified_time":"2026-09-05T01:30:30+00:00","og_image":[{"width":2560,"height":1690,"url":"https:\/\/lobosnews.com.ar\/wp-content\/uploads\/2026\/09\/el-salvadoreno-marcelo-arevalo-llega-al-us-open-con-mate-pavic-y-una-cuenta-pendiente-que-todavia-marca-su-plan-4-scaled.jpg","type":"image\/jpeg"}],"author":"admin","twitter_card":"summary_large_image","twitter_misc":{"Escrito por":"admin","Tiempo de lectura":"4 minutos"},"schema":{"@context":"https:\/\/schema.org","@graph":[{"@type":"Article","@id":"https:\/\/lobosnews.com.ar\/index.php\/2026\/09\/05\/el-salvadoreno-marcelo-arevalo-llega-al-us-open-con-mate-pavic-y-una-cuenta-pendiente-que-todavia-marca-su-plan\/#article","isPartOf":{"@id":"https:\/\/lobosnews.com.ar\/index.php\/2026\/09\/05\/el-salvadoreno-marcelo-arevalo-llega-al-us-open-con-mate-pavic-y-una-cuenta-pendiente-que-todavia-marca-su-plan\/"},"author":{"name":"admin","@id":"https:\/\/lobosnews.com.ar\/#\/schema\/person\/232422a593d5c541dd9aef6aaed10943"},"headline":"El salvadore\u00f1o Marcelo Ar\u00e9valo llega al US Open con Mate Pavi\u0107 y una cuenta pendiente que todav\u00eda marca su plan","datePublished":"2026-09-05T01:16:50+00:00","dateModified":"2026-09-05T01:30:30+00:00","mainEntityOfPage":{"@id":"https:\/\/lobosnews.com.ar\/index.php\/2026\/09\/05\/el-salvadoreno-marcelo-arevalo-llega-al-us-open-con-mate-pavic-y-una-cuenta-pendiente-que-todavia-marca-su-plan\/"},"wordCount":866,"commentCount":0,"publisher":{"@id":"https:\/\/lobosnews.com.ar\/#organization"},"image":{"@id":"https:\/\/lobosnews.com.ar\/index.php\/2026\/09\/05\/el-salvadoreno-marcelo-arevalo-llega-al-us-open-con-mate-pavic-y-una-cuenta-pendiente-que-todavia-marca-su-plan\/#primaryimage"},"thumbnailUrl":"https:\/\/lobosnews.com.ar\/wp-content\/uploads\/2026\/09\/el-salvadoreno-marcelo-arevalo-llega-al-us-open-con-mate-pavic-y-una-cuenta-pendiente-que-todavia-marca-su-plan-4-scaled.jpg","articleSection":["Actualidad"],"inLanguage":"es","potentialAction":[{"@type":"CommentAction","name":"Comment","target":["https:\/\/lobosnews.com.ar\/index.php\/2026\/09\/05\/el-salvadoreno-marcelo-arevalo-llega-al-us-open-con-mate-pavic-y-una-cuenta-pendiente-que-todavia-marca-su-plan\/#respond"]}]},{"@type":"WebPage","@id":"https:\/\/lobosnews.com.ar\/index.php\/2026\/09\/05\/el-salvadoreno-marcelo-arevalo-llega-al-us-open-con-mate-pavic-y-una-cuenta-pendiente-que-todavia-marca-su-plan\/","url":"https:\/\/lobosnews.com.ar\/index.php\/2026\/09\/05\/el-salvadoreno-marcelo-arevalo-llega-al-us-open-con-mate-pavic-y-una-cuenta-pendiente-que-todavia-marca-su-plan\/","name":"El salvadore\u00f1o Marcelo Ar\u00e9valo llega al US Open con Mate Pavi\u0107 y una cuenta pendiente que todav\u00eda marca su plan - Lobos News","isPartOf":{"@id":"https:\/\/lobosnews.com.ar\/#website"},"primaryImageOfPage":{"@id":"https:\/\/lobosnews.com.ar\/index.php\/2026\/09\/05\/el-salvadoreno-marcelo-arevalo-llega-al-us-open-con-mate-pavic-y-una-cuenta-pendiente-que-todavia-marca-su-plan\/#primaryimage"},"image":{"@id":"https:\/\/lobosnews.com.ar\/index.php\/2026\/09\/05\/el-salvadoreno-marcelo-arevalo-llega-al-us-open-con-mate-pavic-y-una-cuenta-pendiente-que-todavia-marca-su-plan\/#primaryimage"},"thumbnailUrl":"https:\/\/lobosnews.com.ar\/wp-content\/uploads\/2026\/09\/el-salvadoreno-marcelo-arevalo-llega-al-us-open-con-mate-pavic-y-una-cuenta-pendiente-que-todavia-marca-su-plan-4-scaled.jpg","datePublished":"2026-09-05T01:16:50+00:00","dateModified":"2026-09-05T01:30:30+00:00","breadcrumb":{"@id":"https:\/\/lobosnews.com.ar\/index.php\/2026\/09\/05\/el-salvadoreno-marcelo-arevalo-llega-al-us-open-con-mate-pavic-y-una-cuenta-pendiente-que-todavia-marca-su-plan\/#breadcrumb"},"inLanguage":"es","potentialAction":[{"@type":"ReadAction","target":["https:\/\/lobosnews.com.ar\/index.php\/2026\/09\/05\/el-salvadoreno-marcelo-arevalo-llega-al-us-open-con-mate-pavic-y-una-cuenta-pendiente-que-todavia-marca-su-plan\/"]}]},{"@type":"ImageObject","inLanguage":"es","@id":"https:\/\/lobosnews.com.ar\/index.php\/2026\/09\/05\/el-salvadoreno-marcelo-arevalo-llega-al-us-open-con-mate-pavic-y-una-cuenta-pendiente-que-todavia-marca-su-plan\/#primaryimage","url":"https:\/\/lobosnews.com.ar\/wp-content\/uploads\/2026\/09\/el-salvadoreno-marcelo-arevalo-llega-al-us-open-con-mate-pavic-y-una-cuenta-pendiente-que-todavia-marca-su-plan-4-scaled.jpg","contentUrl":"https:\/\/lobosnews.com.ar\/wp-content\/uploads\/2026\/09\/el-salvadoreno-marcelo-arevalo-llega-al-us-open-con-mate-pavic-y-una-cuenta-pendiente-que-todavia-marca-su-plan-4-scaled.jpg","width":2560,"height":1690,"caption":"El salvadore\u00f1o Marcelo Ar\u00e9valo llega al US Open con Mate Pavi\u0107 y una cuenta pendiente que todav\u00eda marca su plan"},{"@type":"BreadcrumbList","@id":"https:\/\/lobosnews.com.ar\/index.php\/2026\/09\/05\/el-salvadoreno-marcelo-arevalo-llega-al-us-open-con-mate-pavic-y-una-cuenta-pendiente-que-todavia-marca-su-plan\/#breadcrumb","itemListElement":[{"@type":"ListItem","position":1,"name":"Portada","item":"https:\/\/lobosnews.com.ar\/"},{"@type":"ListItem","position":2,"name":"El salvadore\u00f1o Marcelo Ar\u00e9valo llega al US Open con Mate Pavi\u0107 y una cuenta pendiente que todav\u00eda marca su plan"}]},{"@type":"WebSite","@id":"https:\/\/lobosnews.com.ar\/#website","url":"https:\/\/lobosnews.com.ar\/","name":"Lobos News","description":"Informaci\u00f3n a cada instante","publisher":{"@id":"https:\/\/lobosnews.com.ar\/#organization"},"potentialAction":[{"@type":"SearchAction","target":{"@type":"EntryPoint","urlTemplate":"https:\/\/lobosnews.com.ar\/?s={search_term_string}"},"query-input":{"@type":"PropertyValueSpecification","valueRequired":true,"valueName":"search_term_string"}}],"inLanguage":"es"},{"@type":"Organization","@id":"https:\/\/lobosnews.com.ar\/#organization","name":"Lobos News","url":"https:\/\/lobosnews.com.ar\/","logo":{"@type":"ImageObject","inLanguage":"es","@id":"https:\/\/lobosnews.com.ar\/#\/schema\/logo\/image\/","url":"https:\/\/lobosnews.com.ar\/wp-content\/uploads\/2026\/01\/logo-lobosnews.png","contentUrl":"https:\/\/lobosnews.com.ar\/wp-content\/uploads\/2026\/01\/logo-lobosnews.png","width":500,"height":200,"caption":"Lobos News"},"image":{"@id":"https:\/\/lobosnews.com.ar\/#\/schema\/logo\/image\/"}},{"@type":"Person","@id":"https:\/\/lobosnews.com.ar\/#\/schema\/person\/232422a593d5c541dd9aef6aaed10943","name":"admin","image":{"@type":"ImageObject","inLanguage":"es","@id":"https:\/\/secure.gravatar.com\/avatar\/76e419471a2083bc3ceab22a763dbbf9b0c1bd15a6214cf3280e2c2dde4580f9?s=96&d=mm&r=g","url":"https:\/\/secure.gravatar.com\/avatar\/76e419471a2083bc3ceab22a763dbbf9b0c1bd15a6214cf3280e2c2dde4580f9?s=96&d=mm&r=g","contentUrl":"https:\/\/secure.gravatar.com\/avatar\/76e419471a2083bc3ceab22a763dbbf9b0c1bd15a6214cf3280e2c2dde4580f9?s=96&d=mm&r=g","caption":"admin"},"sameAs":["https:\/\/lobosnews.com.ar"],"url":"https:\/\/lobosnews.com.ar\/index.php\/author\/lobos-news\/"}]}},"jetpack_featured_media_url":"https:\/\/lobosnews.com.ar\/wp-content\/uploads\/2026\/09\/el-salvadoreno-marcelo-arevalo-llega-al-us-open-con-mate-pavic-y-una-cuenta-pendiente-que-todavia-marca-su-plan-4-scaled.jpg","jetpack_sharing_enabled":true,"_links":{"self":[{"href":"https:\/\/lobosnews.com.ar\/index.php\/wp-json\/wp\/v2\/posts\/97515","targetHints":{"allow":["GET"]}}],"collection":[{"href":"https:\/\/lobosnews.com.ar\/index.php\/wp-json\/wp\/v2\/posts"}],"about":[{"href":"https:\/\/lobosnews.com.ar\/index.php\/wp-json\/wp\/v2\/types\/post"}],"author":[{"embeddable":true,"href":"https:\/\/lobosnews.com.ar\/index.php\/wp-json\/wp\/v2\/users\/1"}],"replies":[{"embeddable":true,"href":"https:\/\/lobosnews.com.ar\/index.php\/wp-json\/wp\/v2\/comments?post=97515"}],"version-history":[{"count":1,"href":"https:\/\/lobosnews.com.ar\/index.php\/wp-json\/wp\/v2\/posts\/97515\/revisions"}],"predecessor-version":[{"id":97519,"href":"https:\/\/lobosnews.com.ar\/index.php\/wp-json\/wp\/v2\/posts\/97515\/revisions\/97519"}],"wp:featuredmedia":[{"embeddable":true,"href":"https:\/\/lobosnews.com.ar\/index.php\/wp-json\/wp\/v2\/media\/97520"}],"wp:attachment":[{"href":"https:\/\/lobosnews.com.ar\/index.php\/wp-json\/wp\/v2\/media?parent=97515"}],"wp:term":[{"taxonomy":"category","embeddable":true,"href":"https:\/\/lobosnews.com.ar\/index.php\/wp-json\/wp\/v2\/categories?post=97515"},{"taxonomy":"post_tag","embeddable":true,"href":"https:\/\/lobosnews.com.ar\/index.php\/wp-json\/wp\/v2\/tags?post=97515"}],"curies":[{"name":"wp","href":"https:\/\/api.w.org\/{rel}","templated":true}]}}