{"id":97485,"date":"2026-09-04T05:00:56","date_gmt":"2026-09-04T05:00:56","guid":{"rendered":"https:\/\/lobosnews.com.ar\/?p=97485"},"modified":"2026-09-04T12:04:50","modified_gmt":"2026-09-04T12:04:50","slug":"la-amiga-de-una-de-las-hijas-de-barreda-revela-detalles-de-la-vida-familiar-antes-de-los-femicidios-cuando-el-llegaba-teniamos-miedo","status":"publish","type":"post","link":"https:\/\/lobosnews.com.ar\/index.php\/2026\/09\/04\/la-amiga-de-una-de-las-hijas-de-barreda-revela-detalles-de-la-vida-familiar-antes-de-los-femicidios-cuando-el-llegaba-teniamos-miedo\/","title":{"rendered":"La amiga de una de las hijas de Barreda revela detalles de la vida familiar antes de los femicidios: \u201cCuando \u00e9l llegaba ten\u00edamos miedo\u201d"},"content":{"rendered":"<p>Se meti\u00f3 abajo de la mesa para que \u00e9l no la viera. Ten\u00eda quince a\u00f1os, estaba en el cumplea\u00f1os de su amiga y el padre de esa amiga acababa de entrar al sal\u00f3n. \u201cAh\u00ed viene Ricardo\u201d, se dijeron entre ellas. Y In\u00e9s Creimer desapareci\u00f3 debajo del mantel. <span class=\"waslinkname\"><b>Ricardo era Barreda<\/b><\/span>, el hombre que el 15 de noviembre de 1992 mat\u00f3 a escopetazos a su suegra <b>Elena Arreche (86), su mujer, Gladys McDonald (57), y sus hijas Cecilia (26) y Adriana (24).<\/b><\/p>\n<p>No era miedo, dice hoy In\u00e9s en di\u00e1logo con Infobae. Era otra cosa. Algo que en los a\u00f1os ochenta no ten\u00eda nombre preciso pero que se sent\u00eda en la piel. La incomodidad de que un hombre adulto, el padre de tu amiga, te mirara y te dijera \u201cqu\u00e9 linda que est\u00e1s\u201d delante de todos. La verg\u00fcenza de que te expusiera. <b>La necesidad de volverse invisible antes de que llegara.<\/b><\/p>\n<h2>La amiga que conoci\u00f3 a Barreda desde adentro<\/h2>\n<p><b>In\u00e9s fue compa\u00f1era de Cecilia Barreda<\/b> durante a\u00f1os en la escuela en el Normal 1 de La Plata. Pero la cercan\u00eda era m\u00e1s que escolar. Cuando la familia Barreda se mud\u00f3 a la casa de la calle 48, In\u00e9s viv\u00eda a la vuelta, en la calle 49, en La Plata. Todas las ma\u00f1anas la pasaba a buscar para ir caminando al colegio. <b>Vio la din\u00e1mica familiar desde adentro.<\/b><\/p>\n<p><img loading=\"lazy\" decoding=\"async\" src=\"https:\/\/lobosnews.com.ar\/wp-content\/uploads\/2026\/09\/la-amiga-de-una-de-las-hijas-de-barreda-revela-detalles-de-la-vida-familiar-antes-de-los-femicidios-cuando-el-llegaba-teniamos-miedo.jpg\" alt=\"Ricardo Barreda mat\u00f3 a sus dos hijas, a su esposa y a su suegra con una escopeta\" height=\"577\" width=\"547\"\/><\/p>\n<p>Lo que vio de <b>Ricardo Barreda<\/b> no fue violencia expl\u00edcita. Nunca presenci\u00f3 un golpe, ni un grito, ni una escena de las que despu\u00e9s aparecen en los expedientes judiciales. Lo que vio fue otra cosa. <b>Era un hombre que casi nunca estaba en la casa<\/b>, que cuando aparec\u00eda generaba incomodidad en las chicas del grupo, y que sus propias hijas sab\u00edan c\u00f3mo esquivar.<\/p>\n<p>\u201cRecuerdo que estaba en un cumple de Cecilia y con otra amiga dijimos \u2018ah\u00ed viene Ricardo\u2019 y yo me met\u00ed abajo de la mesa para que no me viera\u201d, cuenta Creimer. <\/p>\n<h2>El matriarcado de la calle 48<\/h2>\n<p>La casa ten\u00eda una l\u00f3gica propia. <b>In\u00e9s la describe como un matriarcado. <\/b>La abuela Elena Arreche, a quien Cecilia llamaba \u201cla baba\u201d, era quien llevaba las riendas, quien decid\u00eda, quien organizaba la vida cotidiana. Se levantaba antes que todos. Cuando In\u00e9s llegaba a la ma\u00f1ana a buscar a Cecilia, la mesa ya estaba puesta con cosas que la abuela hab\u00eda preparado para el desayuno. Desde strudel casero o panqueques reci\u00e9n hechos. Un desayuno que era, dice In\u00e9s, \u201cun acto de amor\u201d.<\/p>\n<p>Esa imagen, la abuela cocinando antes del amanecer para que sus nietas se fueran al colegio con el est\u00f3mago lleno, es la que In\u00e9s guarda con m\u00e1s nitidez de esa casa. Era una casa que funcionaba, que ten\u00eda ritmo, que ten\u00eda afecto. <b>Y en ese funcionamiento, Barreda era una presencia perif\u00e9rica.<\/b><\/p>\n<p>In\u00e9s dice que en todos los a\u00f1os que frecuent\u00f3 esa casa, nunca vio a Barreda realizar una tarea del hogar. Cuando durante el juicio \u00e9l construy\u00f3 el relato del hombre al que mandaban a podar la parra y a sacar la basura, <b>In\u00e9s escuch\u00f3 eso y no reconoci\u00f3 a nadie.<\/b> <\/p>\n<p><img loading=\"lazy\" decoding=\"async\" src=\"https:\/\/lobosnews.com.ar\/wp-content\/uploads\/2026\/09\/la-amiga-de-una-de-las-hijas-de-barreda-revela-detalles-de-la-vida-familiar-antes-de-los-femicidios-cuando-el-llegaba-teniamos-miedo-1.jpg\" alt=\"\" height=\"409\" width=\"726\"\/><\/p>\n<h2>El consultorio que no estaba en la casa<\/h2>\n<p>Una noche, despu\u00e9s de una fiesta,<b> Ricardo ten\u00eda que ir a buscarlas a las 4 de la ma\u00f1ana<\/b> y no aparec\u00eda. In\u00e9s le sugiri\u00f3 a Cecilia que llamara a su casa desde un tel\u00e9fono p\u00fablico. La respuesta fue directa y sin dudas: \u201cA mi pap\u00e1 hay que llamarlo al consultorio, que est\u00e1 ah\u00ed, no en la casa\u201d. El consultorio no estaba en la casa. Estaba en otro lado. Y a las 4 de la ma\u00f1ana, alguien atend\u00eda.<\/p>\n<p>In\u00e9s recuerda ese momento con una mezcla de incredulidad y comprensi\u00f3n tard\u00eda. En ese entonces no lo proces\u00f3 como una se\u00f1al. <b>Era simplemente la manera en que funcionaba esa familia.<\/b><\/p>\n<p>Barreda, seg\u00fan \u00e9l mismo relat\u00f3 a\u00f1os despu\u00e9s, tuvo m\u00e1s de una amante. Lo dijo en primera persona, sin que nadie se lo arrancara. In\u00e9s no lo sab\u00eda entonces. Pero <b>algo en la mec\u00e1nica de esa familia ya lo dec\u00eda todo sin decirlo.<\/b><\/p>\n<h2>Cecilia, la odont\u00f3loga rival<\/h2>\n<p>Cecilia Barreda estudi\u00f3 odontolog\u00eda. Se recibi\u00f3. Sigui\u00f3 los pasos profesionales de su padre, y eso, seg\u00fan recuerda In\u00e9s, a Ricardo no le gustaba. Le generaba celos. No quer\u00eda que su hija ejerciera la misma profesi\u00f3n que \u00e9l. Como si el t\u00edtulo de <b>Cecilia fuera una intrusi\u00f3n en un territorio que \u00e9l consideraba exclusivamente suyo.<\/b><\/p>\n<p><img loading=\"lazy\" decoding=\"async\" src=\"https:\/\/lobosnews.com.ar\/wp-content\/uploads\/2026\/09\/la-amiga-de-una-de-las-hijas-de-barreda-revela-detalles-de-la-vida-familiar-antes-de-los-femicidios-cuando-el-llegaba-teniamos-miedo-2.jpg\" alt=\"Cecilia Barreda estudi\u00f3 odontolog\u00eda igual que su padre\" height=\"2406\" width=\"1920\"\/><\/p>\n<p>Era una chica buena, dice In\u00e9s. <b>Buena e inocente.<\/b> La recuerda tambi\u00e9n en un episodio menor que dice mucho sobre c\u00f3mo era. \u201cEntre las amigas del grupo, cuando cumpl\u00edas 15 a\u00f1os pod\u00edas elegir entre una fiesta o una motito\u201d ,recuerda In\u00e9s. <\/p>\n<p>Muchas eleg\u00edan la moto para andar por los caminos de tierra que llevaban a las quintas de Gonnet. Un d\u00eda, In\u00e9s le prest\u00f3 la suya a Cecilia. Apenas aceler\u00f3, sali\u00f3 volando. Cay\u00f3 al suelo con varias lesiones y termin\u00f3 en el hospital. \u201cEstaba Gladys, la madre, al lado de su hija. <b>Ricardo Barreda no apareci\u00f3\u201d, cuenta Creimer.<\/b><\/p>\n<p>\u201cEn la Justicia se privilegi\u00f3 el relato de \u00e9l &#8211; dice In\u00e9s-. Nunca se supo nada de las v\u00edctimas. Barreda las asesin\u00f3 y <b>les borr\u00f3 la identidad.\u201d<\/b><\/p>\n<p><img loading=\"lazy\" decoding=\"async\" src=\"https:\/\/lobosnews.com.ar\/wp-content\/uploads\/2026\/09\/la-amiga-de-una-de-las-hijas-de-barreda-revela-detalles-de-la-vida-familiar-antes-de-los-femicidios-cuando-el-llegaba-teniamos-miedo-3.jpg\" alt=\"Ricardo Barreda durante la sentencia (Archivo)\" height=\"1080\" width=\"1920\"\/><\/p>\n<h2>El 15 de noviembre de 1992: la certeza que no tiene explicaci\u00f3n<\/h2>\n<p>In\u00e9s ya no viv\u00eda en La Plata cuando sucedi\u00f3. Se hab\u00eda mudado a Olavarr\u00eda hac\u00eda un tiempo. La \u00faltima vez que hab\u00eda visto a Cecilia fue dos a\u00f1os antes. Ese <b>15 de noviembre de 1992<\/b>, su hermano, que todav\u00eda viv\u00eda en La Plata, la llam\u00f3 para avisarle que hab\u00edan matado a las cuatro mujeres de la familia Barreda. Que hab\u00eda polic\u00eda en la casa de la calle 48. Lo primero que dijo In\u00e9s fue: \u201cRicardo\u201d.<\/p>\n<p>No lo pens\u00f3. No hizo un razonamiento. No record\u00f3 ning\u00fan hecho puntual que lo justificara. Simplemente lo dijo, y su hermano no le pregunt\u00f3 por qu\u00e9. \u201cNo puedo decir que hab\u00eda violencia en la casa, pero mi primera impresi\u00f3n, sin saber nada, fue que el asesino hab\u00eda sido \u00e9l\u201d, recuerda.<\/p>\n<p><b>El 15 de noviembre de 1992, Ricardo Barreda mat\u00f3 con una escopeta calibre 16<\/b> a su suegra Elena Arreche, de 86 a\u00f1os, a su esposa Gladys Mac Donald, de 57, y a sus hijas Cecilia, de 26, y Adriana, de 24. Antes hab\u00eda ido al cementerio \u201ca hablar\u201d con sus padres, pasado por el zool\u00f3gico (\u201cver elefantes y jirafas me relajaba\u201d, dir\u00eda despu\u00e9s) y se hab\u00eda encerrado con su amante en un hotel alojamiento. Luego la invit\u00f3 a comer pizza. Despu\u00e9s se entreg\u00f3 a la Polic\u00eda cuando su coartada se derrumb\u00f3. <\/p>\n<p>La escopeta calibre 16 que us\u00f3 hab\u00eda sido de la propia Elena Arreche. \u00c9l se la hab\u00eda regalado tiempo atr\u00e1s.<\/p>\n<p><img loading=\"lazy\" decoding=\"async\" src=\"https:\/\/lobosnews.com.ar\/wp-content\/uploads\/2026\/09\/la-amiga-de-una-de-las-hijas-de-barreda-revela-detalles-de-la-vida-familiar-antes-de-los-femicidios-cuando-el-llegaba-teniamos-miedo-4.jpg\" alt=\"In\u00e9s Creimer fue al colegio con Cecilia Barreda\" height=\"1280\" width=\"960\"\/><\/p>\n<h2>El juicio: de espaldas y sin poder preguntarle nada<\/h2>\n<p>In\u00e9s estuvo en la primera jornada del juicio oral. Se sent\u00f3 en el recinto con el resto del p\u00fablico, detr\u00e1s del acusado. Escuch\u00f3 el relato minucioso que Barreda hizo de los asesinatos, paso por paso, con una precisi\u00f3n que todav\u00eda le resulta dif\u00edcil de procesar. Pero \u00e9l estaba de espaldas. <b>No pudo verle la cara en ning\u00fan momento.<\/b><\/p>\n<p>\u201cSi hubiera podido acercarme a \u00e9l, me hubiera acercado &#8211; sostiene Creimer-. <b>Yo necesitaba preguntarle por qu\u00e9 no se hab\u00eda ido.\u201d<\/b><\/p>\n<p><b>La defensa construy\u00f3 durante el juicio un relato de victimizaci\u00f3n. <\/b>Hablaron de un hombre humillado, sometido, al que su mujer y su suegra llamaban \u201cconchita\u201d como forma de degradarlo, el hombre que podaba la parra y sacaba la basura mientras ellas lo maltrataban. <\/p>\n<p>Ese relato cal\u00f3 hondo en una parte de la sociedad argentina de los a\u00f1os noventa. Barreda sali\u00f3 del juicio condenado a cadena perpetua pero tambi\u00e9n convertido, para ciertos sectores, en una figura que expresaba algo.<b> Una especie de s\u00edmbolo del hombre que \u201creaccion\u00f3\u201d. <\/b><\/p>\n<p><img loading=\"lazy\" decoding=\"async\" src=\"https:\/\/lobosnews.com.ar\/wp-content\/uploads\/2026\/09\/la-amiga-de-una-de-las-hijas-de-barreda-revela-detalles-de-la-vida-familiar-antes-de-los-femicidios-cuando-el-llegaba-teniamos-miedo-5.jpg\" alt=\"Una foto de las cuatro v\u00edctimas de Barreda en la ventana de la casa familiar, recuperada por el Estado\" height=\"1800\" width=\"1440\"\/><\/p>\n<h2>\u201cEl chiste f\u00e1cil\u201d<\/h2>\n<p>El hecho de haber dejado La Plata antes del crimen le ahorr\u00f3 a In\u00e9s algo, aunque no todo. En Olavarr\u00eda nadie sab\u00eda en qu\u00e9 barrio hab\u00eda crecido, en qu\u00e9 escuela hab\u00eda estudiado, qui\u00e9nes hab\u00edan sido sus amigas. Nadie sab\u00eda d\u00f3nde quedaba la calle 48. <b>Pero el chiste lleg\u00f3 igual, <\/b>en los \u00e1mbitos laborales, en las reuniones, en las conversaciones de sobremesa.<\/p>\n<p>\u201cMuch\u00edsimas veces tuve que escuchar \u2018y bueno, mat\u00f3 a la mujer y a la suegra. Bueno, a las hijas capaz que no las tendr\u00eda que haber matado\u2019\u201d, recuerda. Siempre realzando la figura de \u00e9l. <b>Nunca preguntando qui\u00e9nes eran ellas, c\u00f3mo se llamaban, qu\u00e9 hac\u00edan, qu\u00e9 quer\u00edan. <\/b><\/p>\n<p>Ese chiste no envejeci\u00f3. In\u00e9s dice que hoy, con el estreno de la <span class=\"waslinkname\"><b>pel\u00edcula <\/b><i><b>Barreda<\/b><\/i><b> en Prime Video<\/b><\/span> <b>(protagonizada por Luis Mach\u00edn en el papel del odont\u00f3logo, con Carla Peterson como Gladys Mac Donald, Mercedes Mor\u00e1n como Elena Arreche, Maite Lanata como Cecilia y Margarita P\u00e1ez como Adriana),<\/b> alcanza con meterse en las redes sociales para encontrarlo de nuevo. <\/p>\n<p>Usuarios que ven una escena del film y escriben \u201cpunto para Barreda\u201d. <b>La guionista Donna Tefa Sanguinetti <\/b>sali\u00f3 a responderles en una entrevistas con Infobae. \u201cSe ve que hay varones a los que les sigue pareciendo que hay motivos que justifican matar a cuatro mujeres de la manera m\u00e1s brutal\u201d. <\/p>\n<p><img loading=\"lazy\" decoding=\"async\" src=\"https:\/\/lobosnews.com.ar\/wp-content\/uploads\/2026\/09\/la-amiga-de-una-de-las-hijas-de-barreda-revela-detalles-de-la-vida-familiar-antes-de-los-femicidios-cuando-el-llegaba-teniamos-miedo-6.jpg\" alt=\"El film Barreda se puede ver en Prime Video\" height=\"2294\" width=\"1920\"\/><\/p>\n<h2>Los sue\u00f1os a los que les falta un n\u00famero<\/h2>\n<p>Por muchos a\u00f1os, In\u00e9s so\u00f1\u00f3 con Barreda. En esos sue\u00f1os, ella trataba de preguntarle por qu\u00e9 lo hab\u00eda hecho. Por qu\u00e9 no se hab\u00eda ido. Nunca llegaba a escuchar la respuesta. <b>El sue\u00f1o siempre se cortaba antes<\/b>, o \u00e9l se daba vuelta y no dec\u00eda nada, o ella se despertaba con la pregunta todav\u00eda en la boca.<\/p>\n<p>Tambi\u00e9n so\u00f1aba con Cecilia. En esos sue\u00f1os, su amiga le daba un n\u00famero de tel\u00e9fono para que la llamara. Pero siempre faltaba un d\u00edgito. In\u00e9s marcaba, marcaba, y la comunicaci\u00f3n nunca se completaba. <b>\u201cEso me desesperaba. No poder llamarla\u201d, sostiene Creimer.<\/b><\/p>\n<p><span class=\"waslinkname\"><b>Ricardo Barreda recuper\u00f3 la libertad en 2016 y muri\u00f3 en 2020, a los 83 a\u00f1os.<\/b><\/span> La casona de la calle 48 de La Plata, donde mat\u00f3 a las cuatro mujeres, fue expropiada. Hoy funciona all\u00ed una asociaci\u00f3n de lucha contra la violencia de g\u00e9nero. En una de las ventanas, hay una foto de las cuatro v\u00edctimas para que todos recuerden lo que sucedi\u00f3 en esa casa hace 34 a\u00f1os.<\/p>\n","protected":false},"excerpt":{"rendered":"<p>Se meti\u00f3 abajo de la mesa para que \u00e9l no la viera. Ten\u00eda quince a\u00f1os, estaba en el cumplea\u00f1os de su amiga y el padre de esa amiga acababa de entrar al sal\u00f3n. \u201cAh\u00ed viene Ricardo\u201d, se dijeron entre ellas. Y In\u00e9s Creimer desapareci\u00f3 debajo del mantel. Ricardo era Barreda, el hombre que el 15&#8230;<\/p>\n","protected":false},"author":1,"featured_media":97494,"comment_status":"open","ping_status":"closed","sticky":false,"template":"","format":"standard","meta":{"_jetpack_newsletter_access":"","_jetpack_dont_email_post_to_subs":false,"_jetpack_newsletter_tier_id":0,"_jetpack_memberships_contains_paywalled_content":false,"_jetpack_memberships_contains_paid_content":false,"footnotes":"","jetpack_post_was_ever_published":false},"categories":[31,30,32,77,84,35,36,37],"tags":[],"class_list":["post-97485","post","type-post","status-publish","format-standard","has-post-thumbnail","hentry","category-actualidad","category-argentina","category-economia","category-inseguridad","category-masradios-com","category-nacionales","category-seguridad","category-sociedad"],"magazineBlocksPostFeaturedMedia":{"thumbnail":"https:\/\/lobosnews.com.ar\/wp-content\/uploads\/2026\/09\/la-amiga-de-una-de-las-hijas-de-barreda-revela-detalles-de-la-vida-familiar-antes-de-los-femicidios-cuando-el-llegaba-teniamos-miedo-12-150x150.jpg","medium":"https:\/\/lobosnews.com.ar\/wp-content\/uploads\/2026\/09\/la-amiga-de-una-de-las-hijas-de-barreda-revela-detalles-de-la-vida-familiar-antes-de-los-femicidios-cuando-el-llegaba-teniamos-miedo-12-251x300.jpg","medium_large":"https:\/\/lobosnews.com.ar\/wp-content\/uploads\/2026\/09\/la-amiga-de-una-de-las-hijas-de-barreda-revela-detalles-de-la-vida-familiar-antes-de-los-femicidios-cuando-el-llegaba-teniamos-miedo-12-768x918.jpg","large":"https:\/\/lobosnews.com.ar\/wp-content\/uploads\/2026\/09\/la-amiga-de-una-de-las-hijas-de-barreda-revela-detalles-de-la-vida-familiar-antes-de-los-femicidios-cuando-el-llegaba-teniamos-miedo-12-857x1024.jpg","1536x1536":"https:\/\/lobosnews.com.ar\/wp-content\/uploads\/2026\/09\/la-amiga-de-una-de-las-hijas-de-barreda-revela-detalles-de-la-vida-familiar-antes-de-los-femicidios-cuando-el-llegaba-teniamos-miedo-12-1286x1536.jpg","2048x2048":"https:\/\/lobosnews.com.ar\/wp-content\/uploads\/2026\/09\/la-amiga-de-una-de-las-hijas-de-barreda-revela-detalles-de-la-vida-familiar-antes-de-los-femicidios-cuando-el-llegaba-teniamos-miedo-12-1714x2048.jpg","newsmatic-featured":"https:\/\/lobosnews.com.ar\/wp-content\/uploads\/2026\/09\/la-amiga-de-una-de-las-hijas-de-barreda-revela-detalles-de-la-vida-familiar-antes-de-los-femicidios-cuando-el-llegaba-teniamos-miedo-12-820x545.jpg","newsmatic-list":"https:\/\/lobosnews.com.ar\/wp-content\/uploads\/2026\/09\/la-amiga-de-una-de-las-hijas-de-barreda-revela-detalles-de-la-vida-familiar-antes-de-los-femicidios-cuando-el-llegaba-teniamos-miedo-12-600x400.jpg","newsmatic-thumb":"https:\/\/lobosnews.com.ar\/wp-content\/uploads\/2026\/09\/la-amiga-de-una-de-las-hijas-de-barreda-revela-detalles-de-la-vida-familiar-antes-de-los-femicidios-cuando-el-llegaba-teniamos-miedo-12-300x200.jpg","newsmatic-small":"https:\/\/lobosnews.com.ar\/wp-content\/uploads\/2026\/09\/la-amiga-de-una-de-las-hijas-de-barreda-revela-detalles-de-la-vida-familiar-antes-de-los-femicidios-cuando-el-llegaba-teniamos-miedo-12-150x95.jpg","newsmatic-grid":"https:\/\/lobosnews.com.ar\/wp-content\/uploads\/2026\/09\/la-amiga-de-una-de-las-hijas-de-barreda-revela-detalles-de-la-vida-familiar-antes-de-los-femicidios-cuando-el-llegaba-teniamos-miedo-12-400x250.jpg"},"magazineBlocksPostAuthor":{"name":"admin","avatar":"https:\/\/secure.gravatar.com\/avatar\/76e419471a2083bc3ceab22a763dbbf9b0c1bd15a6214cf3280e2c2dde4580f9?s=96&d=mm&r=g"},"magazineBlocksPostCommentsNumber":"0","magazineBlocksPostExcerpt":"Se meti\u00f3 abajo de la mesa para que \u00e9l no la viera. Ten\u00eda quince a\u00f1os, estaba en el cumplea\u00f1os de su amiga y el padre de esa amiga acababa de entrar al sal\u00f3n. \u201cAh\u00ed viene Ricardo\u201d, se dijeron entre ellas. Y In\u00e9s Creimer desapareci\u00f3 debajo del mantel. Ricardo era Barreda, el hombre que el 15...","magazineBlocksPostCategories":["Actualidad","Argentina","econom\u00eda","inseguridad","masradios.com","nacionales","seguridad","sociedad"],"magazineBlocksPostViewCount":14,"magazineBlocksPostReadTime":10,"magazine_blocks_featured_image_url":{"full":["https:\/\/lobosnews.com.ar\/wp-content\/uploads\/2026\/09\/la-amiga-de-una-de-las-hijas-de-barreda-revela-detalles-de-la-vida-familiar-antes-de-los-femicidios-cuando-el-llegaba-teniamos-miedo-12.jpg",1920,2294,false],"medium":["https:\/\/lobosnews.com.ar\/wp-content\/uploads\/2026\/09\/la-amiga-de-una-de-las-hijas-de-barreda-revela-detalles-de-la-vida-familiar-antes-de-los-femicidios-cuando-el-llegaba-teniamos-miedo-12-251x300.jpg",251,300,true],"thumbnail":["https:\/\/lobosnews.com.ar\/wp-content\/uploads\/2026\/09\/la-amiga-de-una-de-las-hijas-de-barreda-revela-detalles-de-la-vida-familiar-antes-de-los-femicidios-cuando-el-llegaba-teniamos-miedo-12-150x150.jpg",150,150,true]},"magazine_blocks_author":{"display_name":"admin","author_link":"https:\/\/lobosnews.com.ar\/index.php\/author\/lobos-news\/"},"magazine_blocks_comment":0,"magazine_blocks_author_image":"https:\/\/secure.gravatar.com\/avatar\/76e419471a2083bc3ceab22a763dbbf9b0c1bd15a6214cf3280e2c2dde4580f9?s=96&d=mm&r=g","magazine_blocks_category":"<a href=\"#\" class=\"category-link category-link-31\">Actualidad<\/a> <a href=\"#\" class=\"category-link category-link-30\">Argentina<\/a> <a href=\"#\" class=\"category-link category-link-32\">econom\u00eda<\/a> <a href=\"#\" class=\"category-link category-link-77\">inseguridad<\/a> <a href=\"#\" class=\"category-link category-link-84\">masradios.com<\/a> <a href=\"#\" class=\"category-link category-link-35\">nacionales<\/a> <a href=\"#\" class=\"category-link category-link-36\">seguridad<\/a> <a href=\"#\" class=\"category-link category-link-37\">sociedad<\/a>","yoast_head":"<!-- This site is optimized with the Yoast SEO plugin v28.0 - https:\/\/yoast.com\/product\/yoast-seo-wordpress\/ -->\n<title>La amiga de una de las hijas de Barreda revela detalles de la vida familiar antes de los femicidios: \u201cCuando \u00e9l llegaba ten\u00edamos miedo\u201d - Lobos News<\/title>\n<meta name=\"robots\" content=\"index, follow, max-snippet:-1, max-image-preview:large, max-video-preview:-1\" \/>\n<link rel=\"canonical\" href=\"https:\/\/lobosnews.com.ar\/index.php\/2026\/09\/04\/la-amiga-de-una-de-las-hijas-de-barreda-revela-detalles-de-la-vida-familiar-antes-de-los-femicidios-cuando-el-llegaba-teniamos-miedo\/\" \/>\n<meta property=\"og:locale\" content=\"es_ES\" \/>\n<meta property=\"og:type\" content=\"article\" \/>\n<meta property=\"og:title\" content=\"La amiga de una de las hijas de Barreda revela detalles de la vida familiar antes de los femicidios: \u201cCuando \u00e9l llegaba ten\u00edamos miedo\u201d - Lobos News\" \/>\n<meta property=\"og:description\" content=\"Se meti\u00f3 abajo de la mesa para que \u00e9l no la viera. Ten\u00eda quince a\u00f1os, estaba en el cumplea\u00f1os de su amiga y el padre de esa amiga acababa de entrar al sal\u00f3n. \u201cAh\u00ed viene Ricardo\u201d, se dijeron entre ellas. Y In\u00e9s Creimer desapareci\u00f3 debajo del mantel. Ricardo era Barreda, el hombre que el 15...\" \/>\n<meta property=\"og:url\" content=\"https:\/\/lobosnews.com.ar\/index.php\/2026\/09\/04\/la-amiga-de-una-de-las-hijas-de-barreda-revela-detalles-de-la-vida-familiar-antes-de-los-femicidios-cuando-el-llegaba-teniamos-miedo\/\" \/>\n<meta property=\"og:site_name\" content=\"Lobos News\" \/>\n<meta property=\"article:published_time\" content=\"2026-09-04T05:00:56+00:00\" \/>\n<meta property=\"article:modified_time\" content=\"2026-09-04T12:04:50+00:00\" \/>\n<meta property=\"og:image\" content=\"https:\/\/lobosnews.com.ar\/wp-content\/uploads\/2026\/09\/la-amiga-de-una-de-las-hijas-de-barreda-revela-detalles-de-la-vida-familiar-antes-de-los-femicidios-cuando-el-llegaba-teniamos-miedo-12.jpg\" \/>\n\t<meta property=\"og:image:width\" content=\"1920\" \/>\n\t<meta property=\"og:image:height\" content=\"2294\" \/>\n\t<meta property=\"og:image:type\" content=\"image\/jpeg\" \/>\n<meta name=\"author\" content=\"admin\" \/>\n<meta name=\"twitter:card\" content=\"summary_large_image\" \/>\n<meta name=\"twitter:label1\" content=\"Escrito por\" \/>\n\t<meta name=\"twitter:data1\" content=\"admin\" \/>\n\t<meta name=\"twitter:label2\" content=\"Tiempo de lectura\" \/>\n\t<meta name=\"twitter:data2\" content=\"9 minutos\" \/>\n<script type=\"application\/ld+json\" class=\"yoast-schema-graph\">{\"@context\":\"https:\\\/\\\/schema.org\",\"@graph\":[{\"@type\":\"Article\",\"@id\":\"https:\\\/\\\/lobosnews.com.ar\\\/index.php\\\/2026\\\/09\\\/04\\\/la-amiga-de-una-de-las-hijas-de-barreda-revela-detalles-de-la-vida-familiar-antes-de-los-femicidios-cuando-el-llegaba-teniamos-miedo\\\/#article\",\"isPartOf\":{\"@id\":\"https:\\\/\\\/lobosnews.com.ar\\\/index.php\\\/2026\\\/09\\\/04\\\/la-amiga-de-una-de-las-hijas-de-barreda-revela-detalles-de-la-vida-familiar-antes-de-los-femicidios-cuando-el-llegaba-teniamos-miedo\\\/\"},\"author\":{\"name\":\"admin\",\"@id\":\"https:\\\/\\\/lobosnews.com.ar\\\/#\\\/schema\\\/person\\\/232422a593d5c541dd9aef6aaed10943\"},\"headline\":\"La amiga de una de las hijas de Barreda revela detalles de la vida familiar antes de los femicidios: \u201cCuando \u00e9l llegaba ten\u00edamos miedo\u201d\",\"datePublished\":\"2026-09-04T05:00:56+00:00\",\"dateModified\":\"2026-09-04T12:04:50+00:00\",\"mainEntityOfPage\":{\"@id\":\"https:\\\/\\\/lobosnews.com.ar\\\/index.php\\\/2026\\\/09\\\/04\\\/la-amiga-de-una-de-las-hijas-de-barreda-revela-detalles-de-la-vida-familiar-antes-de-los-femicidios-cuando-el-llegaba-teniamos-miedo\\\/\"},\"wordCount\":1828,\"commentCount\":0,\"publisher\":{\"@id\":\"https:\\\/\\\/lobosnews.com.ar\\\/#organization\"},\"image\":{\"@id\":\"https:\\\/\\\/lobosnews.com.ar\\\/index.php\\\/2026\\\/09\\\/04\\\/la-amiga-de-una-de-las-hijas-de-barreda-revela-detalles-de-la-vida-familiar-antes-de-los-femicidios-cuando-el-llegaba-teniamos-miedo\\\/#primaryimage\"},\"thumbnailUrl\":\"https:\\\/\\\/lobosnews.com.ar\\\/wp-content\\\/uploads\\\/2026\\\/09\\\/la-amiga-de-una-de-las-hijas-de-barreda-revela-detalles-de-la-vida-familiar-antes-de-los-femicidios-cuando-el-llegaba-teniamos-miedo-12.jpg\",\"articleSection\":[\"Actualidad\",\"Argentina\",\"econom\u00eda\",\"inseguridad\",\"masradios.com\",\"nacionales\",\"seguridad\",\"sociedad\"],\"inLanguage\":\"es\",\"potentialAction\":[{\"@type\":\"CommentAction\",\"name\":\"Comment\",\"target\":[\"https:\\\/\\\/lobosnews.com.ar\\\/index.php\\\/2026\\\/09\\\/04\\\/la-amiga-de-una-de-las-hijas-de-barreda-revela-detalles-de-la-vida-familiar-antes-de-los-femicidios-cuando-el-llegaba-teniamos-miedo\\\/#respond\"]}]},{\"@type\":\"WebPage\",\"@id\":\"https:\\\/\\\/lobosnews.com.ar\\\/index.php\\\/2026\\\/09\\\/04\\\/la-amiga-de-una-de-las-hijas-de-barreda-revela-detalles-de-la-vida-familiar-antes-de-los-femicidios-cuando-el-llegaba-teniamos-miedo\\\/\",\"url\":\"https:\\\/\\\/lobosnews.com.ar\\\/index.php\\\/2026\\\/09\\\/04\\\/la-amiga-de-una-de-las-hijas-de-barreda-revela-detalles-de-la-vida-familiar-antes-de-los-femicidios-cuando-el-llegaba-teniamos-miedo\\\/\",\"name\":\"La amiga de una de las hijas de Barreda revela detalles de la vida familiar antes de los femicidios: \u201cCuando \u00e9l llegaba ten\u00edamos miedo\u201d - Lobos News\",\"isPartOf\":{\"@id\":\"https:\\\/\\\/lobosnews.com.ar\\\/#website\"},\"primaryImageOfPage\":{\"@id\":\"https:\\\/\\\/lobosnews.com.ar\\\/index.php\\\/2026\\\/09\\\/04\\\/la-amiga-de-una-de-las-hijas-de-barreda-revela-detalles-de-la-vida-familiar-antes-de-los-femicidios-cuando-el-llegaba-teniamos-miedo\\\/#primaryimage\"},\"image\":{\"@id\":\"https:\\\/\\\/lobosnews.com.ar\\\/index.php\\\/2026\\\/09\\\/04\\\/la-amiga-de-una-de-las-hijas-de-barreda-revela-detalles-de-la-vida-familiar-antes-de-los-femicidios-cuando-el-llegaba-teniamos-miedo\\\/#primaryimage\"},\"thumbnailUrl\":\"https:\\\/\\\/lobosnews.com.ar\\\/wp-content\\\/uploads\\\/2026\\\/09\\\/la-amiga-de-una-de-las-hijas-de-barreda-revela-detalles-de-la-vida-familiar-antes-de-los-femicidios-cuando-el-llegaba-teniamos-miedo-12.jpg\",\"datePublished\":\"2026-09-04T05:00:56+00:00\",\"dateModified\":\"2026-09-04T12:04:50+00:00\",\"breadcrumb\":{\"@id\":\"https:\\\/\\\/lobosnews.com.ar\\\/index.php\\\/2026\\\/09\\\/04\\\/la-amiga-de-una-de-las-hijas-de-barreda-revela-detalles-de-la-vida-familiar-antes-de-los-femicidios-cuando-el-llegaba-teniamos-miedo\\\/#breadcrumb\"},\"inLanguage\":\"es\",\"potentialAction\":[{\"@type\":\"ReadAction\",\"target\":[\"https:\\\/\\\/lobosnews.com.ar\\\/index.php\\\/2026\\\/09\\\/04\\\/la-amiga-de-una-de-las-hijas-de-barreda-revela-detalles-de-la-vida-familiar-antes-de-los-femicidios-cuando-el-llegaba-teniamos-miedo\\\/\"]}]},{\"@type\":\"ImageObject\",\"inLanguage\":\"es\",\"@id\":\"https:\\\/\\\/lobosnews.com.ar\\\/index.php\\\/2026\\\/09\\\/04\\\/la-amiga-de-una-de-las-hijas-de-barreda-revela-detalles-de-la-vida-familiar-antes-de-los-femicidios-cuando-el-llegaba-teniamos-miedo\\\/#primaryimage\",\"url\":\"https:\\\/\\\/lobosnews.com.ar\\\/wp-content\\\/uploads\\\/2026\\\/09\\\/la-amiga-de-una-de-las-hijas-de-barreda-revela-detalles-de-la-vida-familiar-antes-de-los-femicidios-cuando-el-llegaba-teniamos-miedo-12.jpg\",\"contentUrl\":\"https:\\\/\\\/lobosnews.com.ar\\\/wp-content\\\/uploads\\\/2026\\\/09\\\/la-amiga-de-una-de-las-hijas-de-barreda-revela-detalles-de-la-vida-familiar-antes-de-los-femicidios-cuando-el-llegaba-teniamos-miedo-12.jpg\",\"width\":1920,\"height\":2294,\"caption\":\"La amiga de una de las hijas de Barreda revela detalles de la vida familiar antes de los femicidios: \u201cCuando \u00e9l llegaba ten\u00edamos miedo\u201d\"},{\"@type\":\"BreadcrumbList\",\"@id\":\"https:\\\/\\\/lobosnews.com.ar\\\/index.php\\\/2026\\\/09\\\/04\\\/la-amiga-de-una-de-las-hijas-de-barreda-revela-detalles-de-la-vida-familiar-antes-de-los-femicidios-cuando-el-llegaba-teniamos-miedo\\\/#breadcrumb\",\"itemListElement\":[{\"@type\":\"ListItem\",\"position\":1,\"name\":\"Portada\",\"item\":\"https:\\\/\\\/lobosnews.com.ar\\\/\"},{\"@type\":\"ListItem\",\"position\":2,\"name\":\"La amiga de una de las hijas de Barreda revela detalles de la vida familiar antes de los femicidios: \u201cCuando \u00e9l llegaba ten\u00edamos miedo\u201d\"}]},{\"@type\":\"WebSite\",\"@id\":\"https:\\\/\\\/lobosnews.com.ar\\\/#website\",\"url\":\"https:\\\/\\\/lobosnews.com.ar\\\/\",\"name\":\"Lobos News\",\"description\":\"Informaci\u00f3n a cada instante\",\"publisher\":{\"@id\":\"https:\\\/\\\/lobosnews.com.ar\\\/#organization\"},\"potentialAction\":[{\"@type\":\"SearchAction\",\"target\":{\"@type\":\"EntryPoint\",\"urlTemplate\":\"https:\\\/\\\/lobosnews.com.ar\\\/?s={search_term_string}\"},\"query-input\":{\"@type\":\"PropertyValueSpecification\",\"valueRequired\":true,\"valueName\":\"search_term_string\"}}],\"inLanguage\":\"es\"},{\"@type\":\"Organization\",\"@id\":\"https:\\\/\\\/lobosnews.com.ar\\\/#organization\",\"name\":\"Lobos News\",\"url\":\"https:\\\/\\\/lobosnews.com.ar\\\/\",\"logo\":{\"@type\":\"ImageObject\",\"inLanguage\":\"es\",\"@id\":\"https:\\\/\\\/lobosnews.com.ar\\\/#\\\/schema\\\/logo\\\/image\\\/\",\"url\":\"https:\\\/\\\/lobosnews.com.ar\\\/wp-content\\\/uploads\\\/2026\\\/01\\\/logo-lobosnews.png\",\"contentUrl\":\"https:\\\/\\\/lobosnews.com.ar\\\/wp-content\\\/uploads\\\/2026\\\/01\\\/logo-lobosnews.png\",\"width\":500,\"height\":200,\"caption\":\"Lobos News\"},\"image\":{\"@id\":\"https:\\\/\\\/lobosnews.com.ar\\\/#\\\/schema\\\/logo\\\/image\\\/\"}},{\"@type\":\"Person\",\"@id\":\"https:\\\/\\\/lobosnews.com.ar\\\/#\\\/schema\\\/person\\\/232422a593d5c541dd9aef6aaed10943\",\"name\":\"admin\",\"image\":{\"@type\":\"ImageObject\",\"inLanguage\":\"es\",\"@id\":\"https:\\\/\\\/secure.gravatar.com\\\/avatar\\\/76e419471a2083bc3ceab22a763dbbf9b0c1bd15a6214cf3280e2c2dde4580f9?s=96&d=mm&r=g\",\"url\":\"https:\\\/\\\/secure.gravatar.com\\\/avatar\\\/76e419471a2083bc3ceab22a763dbbf9b0c1bd15a6214cf3280e2c2dde4580f9?s=96&d=mm&r=g\",\"contentUrl\":\"https:\\\/\\\/secure.gravatar.com\\\/avatar\\\/76e419471a2083bc3ceab22a763dbbf9b0c1bd15a6214cf3280e2c2dde4580f9?s=96&d=mm&r=g\",\"caption\":\"admin\"},\"sameAs\":[\"https:\\\/\\\/lobosnews.com.ar\"],\"url\":\"https:\\\/\\\/lobosnews.com.ar\\\/index.php\\\/author\\\/lobos-news\\\/\"}]}<\/script>\n<!-- \/ Yoast SEO plugin. -->","yoast_head_json":{"title":"La amiga de una de las hijas de Barreda revela detalles de la vida familiar antes de los femicidios: \u201cCuando \u00e9l llegaba ten\u00edamos miedo\u201d - Lobos News","robots":{"index":"index","follow":"follow","max-snippet":"max-snippet:-1","max-image-preview":"max-image-preview:large","max-video-preview":"max-video-preview:-1"},"canonical":"https:\/\/lobosnews.com.ar\/index.php\/2026\/09\/04\/la-amiga-de-una-de-las-hijas-de-barreda-revela-detalles-de-la-vida-familiar-antes-de-los-femicidios-cuando-el-llegaba-teniamos-miedo\/","og_locale":"es_ES","og_type":"article","og_title":"La amiga de una de las hijas de Barreda revela detalles de la vida familiar antes de los femicidios: \u201cCuando \u00e9l llegaba ten\u00edamos miedo\u201d - Lobos News","og_description":"Se meti\u00f3 abajo de la mesa para que \u00e9l no la viera. Ten\u00eda quince a\u00f1os, estaba en el cumplea\u00f1os de su amiga y el padre de esa amiga acababa de entrar al sal\u00f3n. \u201cAh\u00ed viene Ricardo\u201d, se dijeron entre ellas. Y In\u00e9s Creimer desapareci\u00f3 debajo del mantel. Ricardo era Barreda, el hombre que el 15...","og_url":"https:\/\/lobosnews.com.ar\/index.php\/2026\/09\/04\/la-amiga-de-una-de-las-hijas-de-barreda-revela-detalles-de-la-vida-familiar-antes-de-los-femicidios-cuando-el-llegaba-teniamos-miedo\/","og_site_name":"Lobos News","article_published_time":"2026-09-04T05:00:56+00:00","article_modified_time":"2026-09-04T12:04:50+00:00","og_image":[{"width":1920,"height":2294,"url":"https:\/\/lobosnews.com.ar\/wp-content\/uploads\/2026\/09\/la-amiga-de-una-de-las-hijas-de-barreda-revela-detalles-de-la-vida-familiar-antes-de-los-femicidios-cuando-el-llegaba-teniamos-miedo-12.jpg","type":"image\/jpeg"}],"author":"admin","twitter_card":"summary_large_image","twitter_misc":{"Escrito por":"admin","Tiempo de lectura":"9 minutos"},"schema":{"@context":"https:\/\/schema.org","@graph":[{"@type":"Article","@id":"https:\/\/lobosnews.com.ar\/index.php\/2026\/09\/04\/la-amiga-de-una-de-las-hijas-de-barreda-revela-detalles-de-la-vida-familiar-antes-de-los-femicidios-cuando-el-llegaba-teniamos-miedo\/#article","isPartOf":{"@id":"https:\/\/lobosnews.com.ar\/index.php\/2026\/09\/04\/la-amiga-de-una-de-las-hijas-de-barreda-revela-detalles-de-la-vida-familiar-antes-de-los-femicidios-cuando-el-llegaba-teniamos-miedo\/"},"author":{"name":"admin","@id":"https:\/\/lobosnews.com.ar\/#\/schema\/person\/232422a593d5c541dd9aef6aaed10943"},"headline":"La amiga de una de las hijas de Barreda revela detalles de la vida familiar antes de los femicidios: \u201cCuando \u00e9l llegaba ten\u00edamos miedo\u201d","datePublished":"2026-09-04T05:00:56+00:00","dateModified":"2026-09-04T12:04:50+00:00","mainEntityOfPage":{"@id":"https:\/\/lobosnews.com.ar\/index.php\/2026\/09\/04\/la-amiga-de-una-de-las-hijas-de-barreda-revela-detalles-de-la-vida-familiar-antes-de-los-femicidios-cuando-el-llegaba-teniamos-miedo\/"},"wordCount":1828,"commentCount":0,"publisher":{"@id":"https:\/\/lobosnews.com.ar\/#organization"},"image":{"@id":"https:\/\/lobosnews.com.ar\/index.php\/2026\/09\/04\/la-amiga-de-una-de-las-hijas-de-barreda-revela-detalles-de-la-vida-familiar-antes-de-los-femicidios-cuando-el-llegaba-teniamos-miedo\/#primaryimage"},"thumbnailUrl":"https:\/\/lobosnews.com.ar\/wp-content\/uploads\/2026\/09\/la-amiga-de-una-de-las-hijas-de-barreda-revela-detalles-de-la-vida-familiar-antes-de-los-femicidios-cuando-el-llegaba-teniamos-miedo-12.jpg","articleSection":["Actualidad","Argentina","econom\u00eda","inseguridad","masradios.com","nacionales","seguridad","sociedad"],"inLanguage":"es","potentialAction":[{"@type":"CommentAction","name":"Comment","target":["https:\/\/lobosnews.com.ar\/index.php\/2026\/09\/04\/la-amiga-de-una-de-las-hijas-de-barreda-revela-detalles-de-la-vida-familiar-antes-de-los-femicidios-cuando-el-llegaba-teniamos-miedo\/#respond"]}]},{"@type":"WebPage","@id":"https:\/\/lobosnews.com.ar\/index.php\/2026\/09\/04\/la-amiga-de-una-de-las-hijas-de-barreda-revela-detalles-de-la-vida-familiar-antes-de-los-femicidios-cuando-el-llegaba-teniamos-miedo\/","url":"https:\/\/lobosnews.com.ar\/index.php\/2026\/09\/04\/la-amiga-de-una-de-las-hijas-de-barreda-revela-detalles-de-la-vida-familiar-antes-de-los-femicidios-cuando-el-llegaba-teniamos-miedo\/","name":"La amiga de una de las hijas de Barreda revela detalles de la vida familiar antes de los femicidios: \u201cCuando \u00e9l llegaba ten\u00edamos miedo\u201d - Lobos News","isPartOf":{"@id":"https:\/\/lobosnews.com.ar\/#website"},"primaryImageOfPage":{"@id":"https:\/\/lobosnews.com.ar\/index.php\/2026\/09\/04\/la-amiga-de-una-de-las-hijas-de-barreda-revela-detalles-de-la-vida-familiar-antes-de-los-femicidios-cuando-el-llegaba-teniamos-miedo\/#primaryimage"},"image":{"@id":"https:\/\/lobosnews.com.ar\/index.php\/2026\/09\/04\/la-amiga-de-una-de-las-hijas-de-barreda-revela-detalles-de-la-vida-familiar-antes-de-los-femicidios-cuando-el-llegaba-teniamos-miedo\/#primaryimage"},"thumbnailUrl":"https:\/\/lobosnews.com.ar\/wp-content\/uploads\/2026\/09\/la-amiga-de-una-de-las-hijas-de-barreda-revela-detalles-de-la-vida-familiar-antes-de-los-femicidios-cuando-el-llegaba-teniamos-miedo-12.jpg","datePublished":"2026-09-04T05:00:56+00:00","dateModified":"2026-09-04T12:04:50+00:00","breadcrumb":{"@id":"https:\/\/lobosnews.com.ar\/index.php\/2026\/09\/04\/la-amiga-de-una-de-las-hijas-de-barreda-revela-detalles-de-la-vida-familiar-antes-de-los-femicidios-cuando-el-llegaba-teniamos-miedo\/#breadcrumb"},"inLanguage":"es","potentialAction":[{"@type":"ReadAction","target":["https:\/\/lobosnews.com.ar\/index.php\/2026\/09\/04\/la-amiga-de-una-de-las-hijas-de-barreda-revela-detalles-de-la-vida-familiar-antes-de-los-femicidios-cuando-el-llegaba-teniamos-miedo\/"]}]},{"@type":"ImageObject","inLanguage":"es","@id":"https:\/\/lobosnews.com.ar\/index.php\/2026\/09\/04\/la-amiga-de-una-de-las-hijas-de-barreda-revela-detalles-de-la-vida-familiar-antes-de-los-femicidios-cuando-el-llegaba-teniamos-miedo\/#primaryimage","url":"https:\/\/lobosnews.com.ar\/wp-content\/uploads\/2026\/09\/la-amiga-de-una-de-las-hijas-de-barreda-revela-detalles-de-la-vida-familiar-antes-de-los-femicidios-cuando-el-llegaba-teniamos-miedo-12.jpg","contentUrl":"https:\/\/lobosnews.com.ar\/wp-content\/uploads\/2026\/09\/la-amiga-de-una-de-las-hijas-de-barreda-revela-detalles-de-la-vida-familiar-antes-de-los-femicidios-cuando-el-llegaba-teniamos-miedo-12.jpg","width":1920,"height":2294,"caption":"La amiga de una de las hijas de Barreda revela detalles de la vida familiar antes de los femicidios: \u201cCuando \u00e9l llegaba ten\u00edamos miedo\u201d"},{"@type":"BreadcrumbList","@id":"https:\/\/lobosnews.com.ar\/index.php\/2026\/09\/04\/la-amiga-de-una-de-las-hijas-de-barreda-revela-detalles-de-la-vida-familiar-antes-de-los-femicidios-cuando-el-llegaba-teniamos-miedo\/#breadcrumb","itemListElement":[{"@type":"ListItem","position":1,"name":"Portada","item":"https:\/\/lobosnews.com.ar\/"},{"@type":"ListItem","position":2,"name":"La amiga de una de las hijas de Barreda revela detalles de la vida familiar antes de los femicidios: \u201cCuando \u00e9l llegaba ten\u00edamos miedo\u201d"}]},{"@type":"WebSite","@id":"https:\/\/lobosnews.com.ar\/#website","url":"https:\/\/lobosnews.com.ar\/","name":"Lobos News","description":"Informaci\u00f3n a cada instante","publisher":{"@id":"https:\/\/lobosnews.com.ar\/#organization"},"potentialAction":[{"@type":"SearchAction","target":{"@type":"EntryPoint","urlTemplate":"https:\/\/lobosnews.com.ar\/?s={search_term_string}"},"query-input":{"@type":"PropertyValueSpecification","valueRequired":true,"valueName":"search_term_string"}}],"inLanguage":"es"},{"@type":"Organization","@id":"https:\/\/lobosnews.com.ar\/#organization","name":"Lobos News","url":"https:\/\/lobosnews.com.ar\/","logo":{"@type":"ImageObject","inLanguage":"es","@id":"https:\/\/lobosnews.com.ar\/#\/schema\/logo\/image\/","url":"https:\/\/lobosnews.com.ar\/wp-content\/uploads\/2026\/01\/logo-lobosnews.png","contentUrl":"https:\/\/lobosnews.com.ar\/wp-content\/uploads\/2026\/01\/logo-lobosnews.png","width":500,"height":200,"caption":"Lobos News"},"image":{"@id":"https:\/\/lobosnews.com.ar\/#\/schema\/logo\/image\/"}},{"@type":"Person","@id":"https:\/\/lobosnews.com.ar\/#\/schema\/person\/232422a593d5c541dd9aef6aaed10943","name":"admin","image":{"@type":"ImageObject","inLanguage":"es","@id":"https:\/\/secure.gravatar.com\/avatar\/76e419471a2083bc3ceab22a763dbbf9b0c1bd15a6214cf3280e2c2dde4580f9?s=96&d=mm&r=g","url":"https:\/\/secure.gravatar.com\/avatar\/76e419471a2083bc3ceab22a763dbbf9b0c1bd15a6214cf3280e2c2dde4580f9?s=96&d=mm&r=g","contentUrl":"https:\/\/secure.gravatar.com\/avatar\/76e419471a2083bc3ceab22a763dbbf9b0c1bd15a6214cf3280e2c2dde4580f9?s=96&d=mm&r=g","caption":"admin"},"sameAs":["https:\/\/lobosnews.com.ar"],"url":"https:\/\/lobosnews.com.ar\/index.php\/author\/lobos-news\/"}]}},"jetpack_featured_media_url":"https:\/\/lobosnews.com.ar\/wp-content\/uploads\/2026\/09\/la-amiga-de-una-de-las-hijas-de-barreda-revela-detalles-de-la-vida-familiar-antes-de-los-femicidios-cuando-el-llegaba-teniamos-miedo-12.jpg","jetpack_sharing_enabled":true,"_links":{"self":[{"href":"https:\/\/lobosnews.com.ar\/index.php\/wp-json\/wp\/v2\/posts\/97485","targetHints":{"allow":["GET"]}}],"collection":[{"href":"https:\/\/lobosnews.com.ar\/index.php\/wp-json\/wp\/v2\/posts"}],"about":[{"href":"https:\/\/lobosnews.com.ar\/index.php\/wp-json\/wp\/v2\/types\/post"}],"author":[{"embeddable":true,"href":"https:\/\/lobosnews.com.ar\/index.php\/wp-json\/wp\/v2\/users\/1"}],"replies":[{"embeddable":true,"href":"https:\/\/lobosnews.com.ar\/index.php\/wp-json\/wp\/v2\/comments?post=97485"}],"version-history":[{"count":1,"href":"https:\/\/lobosnews.com.ar\/index.php\/wp-json\/wp\/v2\/posts\/97485\/revisions"}],"predecessor-version":[{"id":97493,"href":"https:\/\/lobosnews.com.ar\/index.php\/wp-json\/wp\/v2\/posts\/97485\/revisions\/97493"}],"wp:featuredmedia":[{"embeddable":true,"href":"https:\/\/lobosnews.com.ar\/index.php\/wp-json\/wp\/v2\/media\/97494"}],"wp:attachment":[{"href":"https:\/\/lobosnews.com.ar\/index.php\/wp-json\/wp\/v2\/media?parent=97485"}],"wp:term":[{"taxonomy":"category","embeddable":true,"href":"https:\/\/lobosnews.com.ar\/index.php\/wp-json\/wp\/v2\/categories?post=97485"},{"taxonomy":"post_tag","embeddable":true,"href":"https:\/\/lobosnews.com.ar\/index.php\/wp-json\/wp\/v2\/tags?post=97485"}],"curies":[{"name":"wp","href":"https:\/\/api.w.org\/{rel}","templated":true}]}}