{"id":97447,"date":"2026-09-04T11:37:02","date_gmt":"2026-09-04T11:37:02","guid":{"rendered":"https:\/\/lobosnews.com.ar\/?p=97447"},"modified":"2026-09-04T12:03:46","modified_gmt":"2026-09-04T12:03:46","slug":"el-fotografo-jose-luis-cabezas-tendra-una-calle-en-barracas-con-su-nombre","status":"publish","type":"post","link":"https:\/\/lobosnews.com.ar\/index.php\/2026\/09\/04\/el-fotografo-jose-luis-cabezas-tendra-una-calle-en-barracas-con-su-nombre\/","title":{"rendered":"El fot\u00f3grafo Jos\u00e9 Luis Cabezas tendr\u00e1 una calle en Barracas con su nombre"},"content":{"rendered":"<p><img fetchpriority=\"high\" decoding=\"async\" src=\"https:\/\/lobosnews.com.ar\/wp-content\/uploads\/2026\/09\/el-fotografo-jose-luis-cabezas-tendra-una-calle-en-barracas-con-su-nombre.jpg\" alt=\"Jos\u00e9 Luis Cabezas recibi\u00f3 amenazas y advertencias desde su llegada a Pinamar durante el verano tr\u00e1gico de 1997\" height=\"1079\" width=\"1920\"\/><\/p>\n<p><b>La Legislatura porte\u00f1a aprob\u00f3 <\/b>cambiar el nombre de un tramo de la calle California, en el barrio porte\u00f1o de <b>Barracas<\/b>, por el de <span class=\"waslinkname\"><b>Jos\u00e9 Luis Cabezas<\/b><\/span>, en homenaje al fot\u00f3grafo asesinado en 1997 mientras trabajaba en Pinamar para la revista <i>Noticias<\/i>. <\/p>\n<p>La modificaci\u00f3n abarca las alturas entre 2100 y 3400 de la calle California, donde funciona la editorial <b>Perfil<\/b>. La iniciativa obtuvo 47 votos afirmativos, ning\u00fan rechazo y 14 abstenciones. El bloque de La Libertad Avanza no acompa\u00f1\u00f3 la propuesta, aunque reivindic\u00f3 la figura del reportero gr\u00e1fico. <\/p>\n<p>El proyecto fue presentado por <b>Rodrigo Lloret<\/b>, director de Perfil, y por el legislador del PRO Mat\u00edas L\u00f3pez. La ley tambi\u00e9n ordena colocar una placa en la esquina de Jos\u00e9 Luis Cabezas y Santa Elena, junto a la redacci\u00f3n de Perfil.<\/p>\n<p>Las normas que imponen o modifican nombres de calles en la Ciudad de Buenos Aires deben cumplir un mecanismo de doble lectura. El texto se vota por primera vez en el recinto, pasa por una audiencia p\u00fablica y luego vuelve a ser tratado por los legisladores.<\/p>\n<p>La propuesta se present\u00f3 en base a que la antigua planta de impresi\u00f3n de la revista <i>Noticias<\/i>, est\u00e1 situada en ese tramo de California. Fue all\u00ed donde se imprimi\u00f3 la edici\u00f3n cuya tapa public\u00f3 la hist\u00f3rica fotograf\u00eda del <b>empresario Alfredo Yabr\u00e1n<\/b> mientras caminaba por una playa de Pinamar, tomada por Cabezas. Desde 2015, toda la operaci\u00f3n de Perfil se traslad\u00f3 a ese edificio. <\/p>\n<p><img loading=\"lazy\" decoding=\"async\" src=\"https:\/\/lobosnews.com.ar\/wp-content\/uploads\/2026\/09\/el-fotografo-jose-luis-cabezas-tendra-una-calle-en-barracas-con-su-nombre-1.jpg\" alt=\"Cabezas fue asesinado en enero de 1997 (NA)\" height=\"1080\" width=\"1920\"\/><\/p>\n<h2>El crimen<\/h2>\n<p>Cabezas fue asesinado el 25 de enero en 1997 despu\u00e9s de revelar por primera vez la cara del poderoso empresario postal, un acontecimiento que marc\u00f3 la historia de la libertad de expresi\u00f3n del pa\u00eds y por <b>la que cada 25 de enero se celebra el D\u00eda Nacional del Reportero Gr\u00e1fico en Argentina<\/b>.<\/p>\n<p>El crimen, perpetrado por la banda Los Horneros por presunto encargo de Yabr\u00e1n, desnud\u00f3 supuestos v\u00ednculos con el entonces presidente Carlos Menem.<\/p>\n<p>Su asesinato se convirti\u00f3 en un s\u00edmbolo doloroso de la historia del periodismo argentino y gener\u00f3 numerosas manifestaciones en las que se mostraba la imagen del reportero gr\u00e1fico acompa\u00f1ada con la frase \u201cNo se olviden de Cabezas\u201d.<\/p>\n<p>En 1996 Cabezas fotografi\u00f3 en una playa al enigm\u00e1tico Yabr\u00e1n, y la imagen -la primera que se conoc\u00eda del empresario- fue publicada por Noticias el 3 de marzo junto con investigaciones sobre sus negocios.<\/p>\n<p>Casi un a\u00f1o m\u00e1s tarde, <b>a Cabezas le dispararon en la nuca dos veces y luego \u201cprendieron fuego a su cuerpo<\/b>, dentro del Ford Fiesta que Noticias hab\u00eda rentado para que el reportero gr\u00e1fico pudiera cubrir aquella temporada de verano\u201d, record\u00f3 el diario Perfil.<\/p>\n<p><img loading=\"lazy\" decoding=\"async\" src=\"https:\/\/www.infobae.com\/resizer\/v2\/YBWV2CAHMJFSBI75CWNJPNJR2U.jpg?auth=57af3e2a2105717cb512b47ca8412cb4775e84efd65fa650838e9040b2548dbd&#038;smart=true&#038;width=1920&#038;height=1080\" alt=\"Alfredo Yabr\u00e1n fue fotografiado por el periodista Jos\u00e9 Luis Cabezas en la localidad de Pinamar, en 1996 (Jos\u00e9 Luis Cabezas\/Perfil)\" height=\"1080\" width=\"1920\"\/><\/p>\n<p>Seg\u00fan Gabriel Michi, periodista, amigo y compa\u00f1ero de Cabezas que identific\u00f3 su cuerpo, la foto tomada a Yabr\u00e1n \u201cle puso rostro al personaje m\u00e1s poderoso de aquellos a\u00f1os 90\u201d, que alardeaba que \u201cni los servicios de inteligencia ten\u00edan su foto\u201d.<\/p>\n<p>La investigaci\u00f3n judicial revel\u00f3 que Yabr\u00e1n consider\u00f3 la publicaci\u00f3n de su imagen como una afrenta, y determin\u00f3 que el exmilitar y su jefe de Seguridad Gregorio R\u00edos ordenara el secuestro de Cabezas a la banda criminal Los Horneros, coludidos con polic\u00edas, record\u00f3 la SIP.<\/p>\n<p>Aunque Yabr\u00e1n fue se\u00f1alado como presunto autor intelectual del asesinato, nunca fue juzgado. <b>El empresario se suicid\u00f3 en 1998 despu\u00e9s de que se ordenara su arresto<\/b>.<\/p>\n<p>Los dem\u00e1s acusados por el crimen -varios polic\u00edas, miembros de Los Horneros y el jefe de la custodia de Yabr\u00e1n- fueron condenados a cadena perpetua, aunque luego sus sentencias fueron reducidas.<\/p>\n","protected":false},"excerpt":{"rendered":"<p>La Legislatura porte\u00f1a aprob\u00f3 cambiar el nombre de un tramo de la calle California, en el barrio porte\u00f1o de Barracas, por el de Jos\u00e9 Luis Cabezas, en homenaje al fot\u00f3grafo asesinado en 1997 mientras trabajaba en Pinamar para la revista Noticias. La modificaci\u00f3n abarca las alturas entre 2100 y 3400 de la calle California, donde&#8230;<\/p>\n","protected":false},"author":1,"featured_media":97454,"comment_status":"open","ping_status":"closed","sticky":false,"template":"","format":"standard","meta":{"_jetpack_newsletter_access":"","_jetpack_dont_email_post_to_subs":false,"_jetpack_newsletter_tier_id":0,"_jetpack_memberships_contains_paywalled_content":false,"_jetpack_memberships_contains_paid_content":false,"footnotes":"","jetpack_post_was_ever_published":false},"categories":[31,30,32,77,84,35,36,37],"tags":[],"class_list":["post-97447","post","type-post","status-publish","format-standard","has-post-thumbnail","hentry","category-actualidad","category-argentina","category-economia","category-inseguridad","category-masradios-com","category-nacionales","category-seguridad","category-sociedad"],"magazineBlocksPostFeaturedMedia":{"thumbnail":"https:\/\/lobosnews.com.ar\/wp-content\/uploads\/2026\/09\/el-fotografo-jose-luis-cabezas-tendra-una-calle-en-barracas-con-su-nombre-3-150x150.jpg","medium":"https:\/\/lobosnews.com.ar\/wp-content\/uploads\/2026\/09\/el-fotografo-jose-luis-cabezas-tendra-una-calle-en-barracas-con-su-nombre-3-300x169.jpg","medium_large":"https:\/\/lobosnews.com.ar\/wp-content\/uploads\/2026\/09\/el-fotografo-jose-luis-cabezas-tendra-una-calle-en-barracas-con-su-nombre-3-768x432.jpg","large":"https:\/\/lobosnews.com.ar\/wp-content\/uploads\/2026\/09\/el-fotografo-jose-luis-cabezas-tendra-una-calle-en-barracas-con-su-nombre-3-1024x576.jpg","1536x1536":"https:\/\/lobosnews.com.ar\/wp-content\/uploads\/2026\/09\/el-fotografo-jose-luis-cabezas-tendra-una-calle-en-barracas-con-su-nombre-3-1536x864.jpg","2048x2048":"https:\/\/lobosnews.com.ar\/wp-content\/uploads\/2026\/09\/el-fotografo-jose-luis-cabezas-tendra-una-calle-en-barracas-con-su-nombre-3.jpg","newsmatic-featured":"https:\/\/lobosnews.com.ar\/wp-content\/uploads\/2026\/09\/el-fotografo-jose-luis-cabezas-tendra-una-calle-en-barracas-con-su-nombre-3-820x545.jpg","newsmatic-list":"https:\/\/lobosnews.com.ar\/wp-content\/uploads\/2026\/09\/el-fotografo-jose-luis-cabezas-tendra-una-calle-en-barracas-con-su-nombre-3-600x400.jpg","newsmatic-thumb":"https:\/\/lobosnews.com.ar\/wp-content\/uploads\/2026\/09\/el-fotografo-jose-luis-cabezas-tendra-una-calle-en-barracas-con-su-nombre-3-300x200.jpg","newsmatic-small":"https:\/\/lobosnews.com.ar\/wp-content\/uploads\/2026\/09\/el-fotografo-jose-luis-cabezas-tendra-una-calle-en-barracas-con-su-nombre-3-150x95.jpg","newsmatic-grid":"https:\/\/lobosnews.com.ar\/wp-content\/uploads\/2026\/09\/el-fotografo-jose-luis-cabezas-tendra-una-calle-en-barracas-con-su-nombre-3-400x250.jpg"},"magazineBlocksPostAuthor":{"name":"admin","avatar":"https:\/\/secure.gravatar.com\/avatar\/76e419471a2083bc3ceab22a763dbbf9b0c1bd15a6214cf3280e2c2dde4580f9?s=96&d=mm&r=g"},"magazineBlocksPostCommentsNumber":"0","magazineBlocksPostExcerpt":"La Legislatura porte\u00f1a aprob\u00f3 cambiar el nombre de un tramo de la calle California, en el barrio porte\u00f1o de Barracas, por el de Jos\u00e9 Luis Cabezas, en homenaje al fot\u00f3grafo asesinado en 1997 mientras trabajaba en Pinamar para la revista Noticias. La modificaci\u00f3n abarca las alturas entre 2100 y 3400 de la calle California, donde...","magazineBlocksPostCategories":["Actualidad","Argentina","econom\u00eda","inseguridad","masradios.com","nacionales","seguridad","sociedad"],"magazineBlocksPostViewCount":129,"magazineBlocksPostReadTime":4,"magazine_blocks_featured_image_url":{"full":["https:\/\/lobosnews.com.ar\/wp-content\/uploads\/2026\/09\/el-fotografo-jose-luis-cabezas-tendra-una-calle-en-barracas-con-su-nombre-3.jpg",1920,1080,false],"medium":["https:\/\/lobosnews.com.ar\/wp-content\/uploads\/2026\/09\/el-fotografo-jose-luis-cabezas-tendra-una-calle-en-barracas-con-su-nombre-3-300x169.jpg",300,169,true],"thumbnail":["https:\/\/lobosnews.com.ar\/wp-content\/uploads\/2026\/09\/el-fotografo-jose-luis-cabezas-tendra-una-calle-en-barracas-con-su-nombre-3-150x150.jpg",150,150,true]},"magazine_blocks_author":{"display_name":"admin","author_link":"https:\/\/lobosnews.com.ar\/index.php\/author\/lobos-news\/"},"magazine_blocks_comment":0,"magazine_blocks_author_image":"https:\/\/secure.gravatar.com\/avatar\/76e419471a2083bc3ceab22a763dbbf9b0c1bd15a6214cf3280e2c2dde4580f9?s=96&d=mm&r=g","magazine_blocks_category":"<a href=\"#\" class=\"category-link category-link-31\">Actualidad<\/a> <a href=\"#\" class=\"category-link category-link-30\">Argentina<\/a> <a href=\"#\" class=\"category-link category-link-32\">econom\u00eda<\/a> <a href=\"#\" class=\"category-link category-link-77\">inseguridad<\/a> <a href=\"#\" class=\"category-link category-link-84\">masradios.com<\/a> <a href=\"#\" class=\"category-link category-link-35\">nacionales<\/a> <a href=\"#\" class=\"category-link category-link-36\">seguridad<\/a> <a href=\"#\" class=\"category-link category-link-37\">sociedad<\/a>","yoast_head":"<!-- This site is optimized with the Yoast SEO plugin v28.0 - https:\/\/yoast.com\/product\/yoast-seo-wordpress\/ -->\n<title>El fot\u00f3grafo Jos\u00e9 Luis Cabezas tendr\u00e1 una calle en Barracas con su nombre - Lobos News<\/title>\n<meta name=\"robots\" content=\"index, follow, max-snippet:-1, max-image-preview:large, max-video-preview:-1\" \/>\n<link rel=\"canonical\" href=\"https:\/\/lobosnews.com.ar\/index.php\/2026\/09\/04\/el-fotografo-jose-luis-cabezas-tendra-una-calle-en-barracas-con-su-nombre\/\" \/>\n<meta property=\"og:locale\" content=\"es_ES\" \/>\n<meta property=\"og:type\" content=\"article\" \/>\n<meta property=\"og:title\" content=\"El fot\u00f3grafo Jos\u00e9 Luis Cabezas tendr\u00e1 una calle en Barracas con su nombre - Lobos News\" \/>\n<meta property=\"og:description\" content=\"La Legislatura porte\u00f1a aprob\u00f3 cambiar el nombre de un tramo de la calle California, en el barrio porte\u00f1o de Barracas, por el de Jos\u00e9 Luis Cabezas, en homenaje al fot\u00f3grafo asesinado en 1997 mientras trabajaba en Pinamar para la revista Noticias. La modificaci\u00f3n abarca las alturas entre 2100 y 3400 de la calle California, donde...\" \/>\n<meta property=\"og:url\" content=\"https:\/\/lobosnews.com.ar\/index.php\/2026\/09\/04\/el-fotografo-jose-luis-cabezas-tendra-una-calle-en-barracas-con-su-nombre\/\" \/>\n<meta property=\"og:site_name\" content=\"Lobos News\" \/>\n<meta property=\"article:published_time\" content=\"2026-09-04T11:37:02+00:00\" \/>\n<meta property=\"article:modified_time\" content=\"2026-09-04T12:03:46+00:00\" \/>\n<meta property=\"og:image\" content=\"https:\/\/lobosnews.com.ar\/wp-content\/uploads\/2026\/09\/el-fotografo-jose-luis-cabezas-tendra-una-calle-en-barracas-con-su-nombre-3.jpg\" \/>\n\t<meta property=\"og:image:width\" content=\"1920\" \/>\n\t<meta property=\"og:image:height\" content=\"1080\" \/>\n\t<meta property=\"og:image:type\" content=\"image\/jpeg\" \/>\n<meta name=\"author\" content=\"admin\" \/>\n<meta name=\"twitter:card\" content=\"summary_large_image\" \/>\n<meta name=\"twitter:label1\" content=\"Escrito por\" \/>\n\t<meta name=\"twitter:data1\" content=\"admin\" \/>\n\t<meta name=\"twitter:label2\" content=\"Tiempo de lectura\" \/>\n\t<meta name=\"twitter:data2\" content=\"3 minutos\" \/>\n<script type=\"application\/ld+json\" class=\"yoast-schema-graph\">{\"@context\":\"https:\\\/\\\/schema.org\",\"@graph\":[{\"@type\":\"Article\",\"@id\":\"https:\\\/\\\/lobosnews.com.ar\\\/index.php\\\/2026\\\/09\\\/04\\\/el-fotografo-jose-luis-cabezas-tendra-una-calle-en-barracas-con-su-nombre\\\/#article\",\"isPartOf\":{\"@id\":\"https:\\\/\\\/lobosnews.com.ar\\\/index.php\\\/2026\\\/09\\\/04\\\/el-fotografo-jose-luis-cabezas-tendra-una-calle-en-barracas-con-su-nombre\\\/\"},\"author\":{\"name\":\"admin\",\"@id\":\"https:\\\/\\\/lobosnews.com.ar\\\/#\\\/schema\\\/person\\\/232422a593d5c541dd9aef6aaed10943\"},\"headline\":\"El fot\u00f3grafo Jos\u00e9 Luis Cabezas tendr\u00e1 una calle en Barracas con su nombre\",\"datePublished\":\"2026-09-04T11:37:02+00:00\",\"dateModified\":\"2026-09-04T12:03:46+00:00\",\"mainEntityOfPage\":{\"@id\":\"https:\\\/\\\/lobosnews.com.ar\\\/index.php\\\/2026\\\/09\\\/04\\\/el-fotografo-jose-luis-cabezas-tendra-una-calle-en-barracas-con-su-nombre\\\/\"},\"wordCount\":621,\"commentCount\":0,\"publisher\":{\"@id\":\"https:\\\/\\\/lobosnews.com.ar\\\/#organization\"},\"image\":{\"@id\":\"https:\\\/\\\/lobosnews.com.ar\\\/index.php\\\/2026\\\/09\\\/04\\\/el-fotografo-jose-luis-cabezas-tendra-una-calle-en-barracas-con-su-nombre\\\/#primaryimage\"},\"thumbnailUrl\":\"https:\\\/\\\/lobosnews.com.ar\\\/wp-content\\\/uploads\\\/2026\\\/09\\\/el-fotografo-jose-luis-cabezas-tendra-una-calle-en-barracas-con-su-nombre-3.jpg\",\"articleSection\":[\"Actualidad\",\"Argentina\",\"econom\u00eda\",\"inseguridad\",\"masradios.com\",\"nacionales\",\"seguridad\",\"sociedad\"],\"inLanguage\":\"es\",\"potentialAction\":[{\"@type\":\"CommentAction\",\"name\":\"Comment\",\"target\":[\"https:\\\/\\\/lobosnews.com.ar\\\/index.php\\\/2026\\\/09\\\/04\\\/el-fotografo-jose-luis-cabezas-tendra-una-calle-en-barracas-con-su-nombre\\\/#respond\"]}]},{\"@type\":\"WebPage\",\"@id\":\"https:\\\/\\\/lobosnews.com.ar\\\/index.php\\\/2026\\\/09\\\/04\\\/el-fotografo-jose-luis-cabezas-tendra-una-calle-en-barracas-con-su-nombre\\\/\",\"url\":\"https:\\\/\\\/lobosnews.com.ar\\\/index.php\\\/2026\\\/09\\\/04\\\/el-fotografo-jose-luis-cabezas-tendra-una-calle-en-barracas-con-su-nombre\\\/\",\"name\":\"El fot\u00f3grafo Jos\u00e9 Luis Cabezas tendr\u00e1 una calle en Barracas con su nombre - Lobos News\",\"isPartOf\":{\"@id\":\"https:\\\/\\\/lobosnews.com.ar\\\/#website\"},\"primaryImageOfPage\":{\"@id\":\"https:\\\/\\\/lobosnews.com.ar\\\/index.php\\\/2026\\\/09\\\/04\\\/el-fotografo-jose-luis-cabezas-tendra-una-calle-en-barracas-con-su-nombre\\\/#primaryimage\"},\"image\":{\"@id\":\"https:\\\/\\\/lobosnews.com.ar\\\/index.php\\\/2026\\\/09\\\/04\\\/el-fotografo-jose-luis-cabezas-tendra-una-calle-en-barracas-con-su-nombre\\\/#primaryimage\"},\"thumbnailUrl\":\"https:\\\/\\\/lobosnews.com.ar\\\/wp-content\\\/uploads\\\/2026\\\/09\\\/el-fotografo-jose-luis-cabezas-tendra-una-calle-en-barracas-con-su-nombre-3.jpg\",\"datePublished\":\"2026-09-04T11:37:02+00:00\",\"dateModified\":\"2026-09-04T12:03:46+00:00\",\"breadcrumb\":{\"@id\":\"https:\\\/\\\/lobosnews.com.ar\\\/index.php\\\/2026\\\/09\\\/04\\\/el-fotografo-jose-luis-cabezas-tendra-una-calle-en-barracas-con-su-nombre\\\/#breadcrumb\"},\"inLanguage\":\"es\",\"potentialAction\":[{\"@type\":\"ReadAction\",\"target\":[\"https:\\\/\\\/lobosnews.com.ar\\\/index.php\\\/2026\\\/09\\\/04\\\/el-fotografo-jose-luis-cabezas-tendra-una-calle-en-barracas-con-su-nombre\\\/\"]}]},{\"@type\":\"ImageObject\",\"inLanguage\":\"es\",\"@id\":\"https:\\\/\\\/lobosnews.com.ar\\\/index.php\\\/2026\\\/09\\\/04\\\/el-fotografo-jose-luis-cabezas-tendra-una-calle-en-barracas-con-su-nombre\\\/#primaryimage\",\"url\":\"https:\\\/\\\/lobosnews.com.ar\\\/wp-content\\\/uploads\\\/2026\\\/09\\\/el-fotografo-jose-luis-cabezas-tendra-una-calle-en-barracas-con-su-nombre-3.jpg\",\"contentUrl\":\"https:\\\/\\\/lobosnews.com.ar\\\/wp-content\\\/uploads\\\/2026\\\/09\\\/el-fotografo-jose-luis-cabezas-tendra-una-calle-en-barracas-con-su-nombre-3.jpg\",\"width\":1920,\"height\":1080,\"caption\":\"El fot\u00f3grafo Jos\u00e9 Luis Cabezas tendr\u00e1 una calle en Barracas con su nombre\"},{\"@type\":\"BreadcrumbList\",\"@id\":\"https:\\\/\\\/lobosnews.com.ar\\\/index.php\\\/2026\\\/09\\\/04\\\/el-fotografo-jose-luis-cabezas-tendra-una-calle-en-barracas-con-su-nombre\\\/#breadcrumb\",\"itemListElement\":[{\"@type\":\"ListItem\",\"position\":1,\"name\":\"Portada\",\"item\":\"https:\\\/\\\/lobosnews.com.ar\\\/\"},{\"@type\":\"ListItem\",\"position\":2,\"name\":\"El fot\u00f3grafo Jos\u00e9 Luis Cabezas tendr\u00e1 una calle en Barracas con su nombre\"}]},{\"@type\":\"WebSite\",\"@id\":\"https:\\\/\\\/lobosnews.com.ar\\\/#website\",\"url\":\"https:\\\/\\\/lobosnews.com.ar\\\/\",\"name\":\"Lobos News\",\"description\":\"Informaci\u00f3n a cada instante\",\"publisher\":{\"@id\":\"https:\\\/\\\/lobosnews.com.ar\\\/#organization\"},\"potentialAction\":[{\"@type\":\"SearchAction\",\"target\":{\"@type\":\"EntryPoint\",\"urlTemplate\":\"https:\\\/\\\/lobosnews.com.ar\\\/?s={search_term_string}\"},\"query-input\":{\"@type\":\"PropertyValueSpecification\",\"valueRequired\":true,\"valueName\":\"search_term_string\"}}],\"inLanguage\":\"es\"},{\"@type\":\"Organization\",\"@id\":\"https:\\\/\\\/lobosnews.com.ar\\\/#organization\",\"name\":\"Lobos News\",\"url\":\"https:\\\/\\\/lobosnews.com.ar\\\/\",\"logo\":{\"@type\":\"ImageObject\",\"inLanguage\":\"es\",\"@id\":\"https:\\\/\\\/lobosnews.com.ar\\\/#\\\/schema\\\/logo\\\/image\\\/\",\"url\":\"https:\\\/\\\/lobosnews.com.ar\\\/wp-content\\\/uploads\\\/2026\\\/01\\\/logo-lobosnews.png\",\"contentUrl\":\"https:\\\/\\\/lobosnews.com.ar\\\/wp-content\\\/uploads\\\/2026\\\/01\\\/logo-lobosnews.png\",\"width\":500,\"height\":200,\"caption\":\"Lobos News\"},\"image\":{\"@id\":\"https:\\\/\\\/lobosnews.com.ar\\\/#\\\/schema\\\/logo\\\/image\\\/\"}},{\"@type\":\"Person\",\"@id\":\"https:\\\/\\\/lobosnews.com.ar\\\/#\\\/schema\\\/person\\\/232422a593d5c541dd9aef6aaed10943\",\"name\":\"admin\",\"image\":{\"@type\":\"ImageObject\",\"inLanguage\":\"es\",\"@id\":\"https:\\\/\\\/secure.gravatar.com\\\/avatar\\\/76e419471a2083bc3ceab22a763dbbf9b0c1bd15a6214cf3280e2c2dde4580f9?s=96&d=mm&r=g\",\"url\":\"https:\\\/\\\/secure.gravatar.com\\\/avatar\\\/76e419471a2083bc3ceab22a763dbbf9b0c1bd15a6214cf3280e2c2dde4580f9?s=96&d=mm&r=g\",\"contentUrl\":\"https:\\\/\\\/secure.gravatar.com\\\/avatar\\\/76e419471a2083bc3ceab22a763dbbf9b0c1bd15a6214cf3280e2c2dde4580f9?s=96&d=mm&r=g\",\"caption\":\"admin\"},\"sameAs\":[\"https:\\\/\\\/lobosnews.com.ar\"],\"url\":\"https:\\\/\\\/lobosnews.com.ar\\\/index.php\\\/author\\\/lobos-news\\\/\"}]}<\/script>\n<!-- \/ Yoast SEO plugin. -->","yoast_head_json":{"title":"El fot\u00f3grafo Jos\u00e9 Luis Cabezas tendr\u00e1 una calle en Barracas con su nombre - Lobos News","robots":{"index":"index","follow":"follow","max-snippet":"max-snippet:-1","max-image-preview":"max-image-preview:large","max-video-preview":"max-video-preview:-1"},"canonical":"https:\/\/lobosnews.com.ar\/index.php\/2026\/09\/04\/el-fotografo-jose-luis-cabezas-tendra-una-calle-en-barracas-con-su-nombre\/","og_locale":"es_ES","og_type":"article","og_title":"El fot\u00f3grafo Jos\u00e9 Luis Cabezas tendr\u00e1 una calle en Barracas con su nombre - Lobos News","og_description":"La Legislatura porte\u00f1a aprob\u00f3 cambiar el nombre de un tramo de la calle California, en el barrio porte\u00f1o de Barracas, por el de Jos\u00e9 Luis Cabezas, en homenaje al fot\u00f3grafo asesinado en 1997 mientras trabajaba en Pinamar para la revista Noticias. La modificaci\u00f3n abarca las alturas entre 2100 y 3400 de la calle California, donde...","og_url":"https:\/\/lobosnews.com.ar\/index.php\/2026\/09\/04\/el-fotografo-jose-luis-cabezas-tendra-una-calle-en-barracas-con-su-nombre\/","og_site_name":"Lobos News","article_published_time":"2026-09-04T11:37:02+00:00","article_modified_time":"2026-09-04T12:03:46+00:00","og_image":[{"width":1920,"height":1080,"url":"https:\/\/lobosnews.com.ar\/wp-content\/uploads\/2026\/09\/el-fotografo-jose-luis-cabezas-tendra-una-calle-en-barracas-con-su-nombre-3.jpg","type":"image\/jpeg"}],"author":"admin","twitter_card":"summary_large_image","twitter_misc":{"Escrito por":"admin","Tiempo de lectura":"3 minutos"},"schema":{"@context":"https:\/\/schema.org","@graph":[{"@type":"Article","@id":"https:\/\/lobosnews.com.ar\/index.php\/2026\/09\/04\/el-fotografo-jose-luis-cabezas-tendra-una-calle-en-barracas-con-su-nombre\/#article","isPartOf":{"@id":"https:\/\/lobosnews.com.ar\/index.php\/2026\/09\/04\/el-fotografo-jose-luis-cabezas-tendra-una-calle-en-barracas-con-su-nombre\/"},"author":{"name":"admin","@id":"https:\/\/lobosnews.com.ar\/#\/schema\/person\/232422a593d5c541dd9aef6aaed10943"},"headline":"El fot\u00f3grafo Jos\u00e9 Luis Cabezas tendr\u00e1 una calle en Barracas con su nombre","datePublished":"2026-09-04T11:37:02+00:00","dateModified":"2026-09-04T12:03:46+00:00","mainEntityOfPage":{"@id":"https:\/\/lobosnews.com.ar\/index.php\/2026\/09\/04\/el-fotografo-jose-luis-cabezas-tendra-una-calle-en-barracas-con-su-nombre\/"},"wordCount":621,"commentCount":0,"publisher":{"@id":"https:\/\/lobosnews.com.ar\/#organization"},"image":{"@id":"https:\/\/lobosnews.com.ar\/index.php\/2026\/09\/04\/el-fotografo-jose-luis-cabezas-tendra-una-calle-en-barracas-con-su-nombre\/#primaryimage"},"thumbnailUrl":"https:\/\/lobosnews.com.ar\/wp-content\/uploads\/2026\/09\/el-fotografo-jose-luis-cabezas-tendra-una-calle-en-barracas-con-su-nombre-3.jpg","articleSection":["Actualidad","Argentina","econom\u00eda","inseguridad","masradios.com","nacionales","seguridad","sociedad"],"inLanguage":"es","potentialAction":[{"@type":"CommentAction","name":"Comment","target":["https:\/\/lobosnews.com.ar\/index.php\/2026\/09\/04\/el-fotografo-jose-luis-cabezas-tendra-una-calle-en-barracas-con-su-nombre\/#respond"]}]},{"@type":"WebPage","@id":"https:\/\/lobosnews.com.ar\/index.php\/2026\/09\/04\/el-fotografo-jose-luis-cabezas-tendra-una-calle-en-barracas-con-su-nombre\/","url":"https:\/\/lobosnews.com.ar\/index.php\/2026\/09\/04\/el-fotografo-jose-luis-cabezas-tendra-una-calle-en-barracas-con-su-nombre\/","name":"El fot\u00f3grafo Jos\u00e9 Luis Cabezas tendr\u00e1 una calle en Barracas con su nombre - Lobos News","isPartOf":{"@id":"https:\/\/lobosnews.com.ar\/#website"},"primaryImageOfPage":{"@id":"https:\/\/lobosnews.com.ar\/index.php\/2026\/09\/04\/el-fotografo-jose-luis-cabezas-tendra-una-calle-en-barracas-con-su-nombre\/#primaryimage"},"image":{"@id":"https:\/\/lobosnews.com.ar\/index.php\/2026\/09\/04\/el-fotografo-jose-luis-cabezas-tendra-una-calle-en-barracas-con-su-nombre\/#primaryimage"},"thumbnailUrl":"https:\/\/lobosnews.com.ar\/wp-content\/uploads\/2026\/09\/el-fotografo-jose-luis-cabezas-tendra-una-calle-en-barracas-con-su-nombre-3.jpg","datePublished":"2026-09-04T11:37:02+00:00","dateModified":"2026-09-04T12:03:46+00:00","breadcrumb":{"@id":"https:\/\/lobosnews.com.ar\/index.php\/2026\/09\/04\/el-fotografo-jose-luis-cabezas-tendra-una-calle-en-barracas-con-su-nombre\/#breadcrumb"},"inLanguage":"es","potentialAction":[{"@type":"ReadAction","target":["https:\/\/lobosnews.com.ar\/index.php\/2026\/09\/04\/el-fotografo-jose-luis-cabezas-tendra-una-calle-en-barracas-con-su-nombre\/"]}]},{"@type":"ImageObject","inLanguage":"es","@id":"https:\/\/lobosnews.com.ar\/index.php\/2026\/09\/04\/el-fotografo-jose-luis-cabezas-tendra-una-calle-en-barracas-con-su-nombre\/#primaryimage","url":"https:\/\/lobosnews.com.ar\/wp-content\/uploads\/2026\/09\/el-fotografo-jose-luis-cabezas-tendra-una-calle-en-barracas-con-su-nombre-3.jpg","contentUrl":"https:\/\/lobosnews.com.ar\/wp-content\/uploads\/2026\/09\/el-fotografo-jose-luis-cabezas-tendra-una-calle-en-barracas-con-su-nombre-3.jpg","width":1920,"height":1080,"caption":"El fot\u00f3grafo Jos\u00e9 Luis Cabezas tendr\u00e1 una calle en Barracas con su nombre"},{"@type":"BreadcrumbList","@id":"https:\/\/lobosnews.com.ar\/index.php\/2026\/09\/04\/el-fotografo-jose-luis-cabezas-tendra-una-calle-en-barracas-con-su-nombre\/#breadcrumb","itemListElement":[{"@type":"ListItem","position":1,"name":"Portada","item":"https:\/\/lobosnews.com.ar\/"},{"@type":"ListItem","position":2,"name":"El fot\u00f3grafo Jos\u00e9 Luis Cabezas tendr\u00e1 una calle en Barracas con su nombre"}]},{"@type":"WebSite","@id":"https:\/\/lobosnews.com.ar\/#website","url":"https:\/\/lobosnews.com.ar\/","name":"Lobos News","description":"Informaci\u00f3n a cada instante","publisher":{"@id":"https:\/\/lobosnews.com.ar\/#organization"},"potentialAction":[{"@type":"SearchAction","target":{"@type":"EntryPoint","urlTemplate":"https:\/\/lobosnews.com.ar\/?s={search_term_string}"},"query-input":{"@type":"PropertyValueSpecification","valueRequired":true,"valueName":"search_term_string"}}],"inLanguage":"es"},{"@type":"Organization","@id":"https:\/\/lobosnews.com.ar\/#organization","name":"Lobos News","url":"https:\/\/lobosnews.com.ar\/","logo":{"@type":"ImageObject","inLanguage":"es","@id":"https:\/\/lobosnews.com.ar\/#\/schema\/logo\/image\/","url":"https:\/\/lobosnews.com.ar\/wp-content\/uploads\/2026\/01\/logo-lobosnews.png","contentUrl":"https:\/\/lobosnews.com.ar\/wp-content\/uploads\/2026\/01\/logo-lobosnews.png","width":500,"height":200,"caption":"Lobos News"},"image":{"@id":"https:\/\/lobosnews.com.ar\/#\/schema\/logo\/image\/"}},{"@type":"Person","@id":"https:\/\/lobosnews.com.ar\/#\/schema\/person\/232422a593d5c541dd9aef6aaed10943","name":"admin","image":{"@type":"ImageObject","inLanguage":"es","@id":"https:\/\/secure.gravatar.com\/avatar\/76e419471a2083bc3ceab22a763dbbf9b0c1bd15a6214cf3280e2c2dde4580f9?s=96&d=mm&r=g","url":"https:\/\/secure.gravatar.com\/avatar\/76e419471a2083bc3ceab22a763dbbf9b0c1bd15a6214cf3280e2c2dde4580f9?s=96&d=mm&r=g","contentUrl":"https:\/\/secure.gravatar.com\/avatar\/76e419471a2083bc3ceab22a763dbbf9b0c1bd15a6214cf3280e2c2dde4580f9?s=96&d=mm&r=g","caption":"admin"},"sameAs":["https:\/\/lobosnews.com.ar"],"url":"https:\/\/lobosnews.com.ar\/index.php\/author\/lobos-news\/"}]}},"jetpack_featured_media_url":"https:\/\/lobosnews.com.ar\/wp-content\/uploads\/2026\/09\/el-fotografo-jose-luis-cabezas-tendra-una-calle-en-barracas-con-su-nombre-3.jpg","jetpack_sharing_enabled":true,"_links":{"self":[{"href":"https:\/\/lobosnews.com.ar\/index.php\/wp-json\/wp\/v2\/posts\/97447","targetHints":{"allow":["GET"]}}],"collection":[{"href":"https:\/\/lobosnews.com.ar\/index.php\/wp-json\/wp\/v2\/posts"}],"about":[{"href":"https:\/\/lobosnews.com.ar\/index.php\/wp-json\/wp\/v2\/types\/post"}],"author":[{"embeddable":true,"href":"https:\/\/lobosnews.com.ar\/index.php\/wp-json\/wp\/v2\/users\/1"}],"replies":[{"embeddable":true,"href":"https:\/\/lobosnews.com.ar\/index.php\/wp-json\/wp\/v2\/comments?post=97447"}],"version-history":[{"count":1,"href":"https:\/\/lobosnews.com.ar\/index.php\/wp-json\/wp\/v2\/posts\/97447\/revisions"}],"predecessor-version":[{"id":97453,"href":"https:\/\/lobosnews.com.ar\/index.php\/wp-json\/wp\/v2\/posts\/97447\/revisions\/97453"}],"wp:featuredmedia":[{"embeddable":true,"href":"https:\/\/lobosnews.com.ar\/index.php\/wp-json\/wp\/v2\/media\/97454"}],"wp:attachment":[{"href":"https:\/\/lobosnews.com.ar\/index.php\/wp-json\/wp\/v2\/media?parent=97447"}],"wp:term":[{"taxonomy":"category","embeddable":true,"href":"https:\/\/lobosnews.com.ar\/index.php\/wp-json\/wp\/v2\/categories?post=97447"},{"taxonomy":"post_tag","embeddable":true,"href":"https:\/\/lobosnews.com.ar\/index.php\/wp-json\/wp\/v2\/tags?post=97447"}],"curies":[{"name":"wp","href":"https:\/\/api.w.org\/{rel}","templated":true}]}}