{"id":9736,"date":"2026-01-21T20:42:34","date_gmt":"2026-01-21T20:42:34","guid":{"rendered":"https:\/\/lobosnews.com.ar\/index.php\/2026\/01\/21\/naseem-el-principe-hamed-recordo-su-mejor-momento-en-el-boxeo-sentia-que-podia-acabar-la-carrera-de-cualquier-rival\/"},"modified":"2026-01-21T21:48:49","modified_gmt":"2026-01-21T21:48:49","slug":"naseem-el-principe-hamed-recordo-su-mejor-momento-en-el-boxeo-sentia-que-podia-acabar-la-carrera-de-cualquier-rival","status":"publish","type":"post","link":"https:\/\/lobosnews.com.ar\/index.php\/2026\/01\/21\/naseem-el-principe-hamed-recordo-su-mejor-momento-en-el-boxeo-sentia-que-podia-acabar-la-carrera-de-cualquier-rival\/","title":{"rendered":"Naseem \u201cEl Pr\u00edncipe\u201d Hamed record\u00f3 su mejor momento en el boxeo: \u201cSent\u00eda que pod\u00eda acabar la carrera de cualquier rival\u201d"},"content":{"rendered":"<p>Recordado como una figura revolucionaria y <b>campe\u00f3n mundial<\/b> del peso pluma, <b>Naseem \u201cPr\u00edncipe\u201d Hamed<\/b> dej\u00f3 una huella imborrable en el boxeo por su originalidad dentro y fuera del cuadril\u00e1tero. A\u00f1os despu\u00e9s de su abrupto retiro, el propio Hamed explic\u00f3 en el p\u00f3dcast <i>High Performance<\/i> <b>las verdaderas razones que lo alejaron del deporte<\/b>, adem\u00e1s de reflexionar sobre su estilo \u00fanico, sus motivaciones y el sentido de su legado.<\/p>\n<p>\u201cTodo en mi carrera fue distinto. Nada fue convencional\u201d, declar\u00f3 en su reciente charla con <b>Jake Humphrey <\/b>y <b>Damon Hill<\/b>, subrayando la convicci\u00f3n con la que siempre se mostr\u00f3 en el ring.<\/p>\n<p>Su caracter\u00edstico estilo, repleto de <b>movimientos impredecibles<\/b>, <b>entradas teatrales<\/b> y <b>confianza total<\/b>, lo consolidaron como un atleta extravagante. En relaci\u00f3n a esto, relat\u00f3: \u201cQuer\u00eda poner mi sello en el boxeo. Que quedara claro que hab\u00eda llegado alguien completamente diferente, que lo har\u00eda todo a su manera, lejos de cualquier molde\u201d.<\/p>\n<p><img loading=\"lazy\" decoding=\"async\" src=\"https:\/\/lobosnews.com.ar\/wp-content\/uploads\/2026\/01\/naseem-el-principe-hamed-recordo-su-mejor-momento-en-el-boxeo-sentia-que-podia-acabar-la-carrera-de-cualquier-rival.jpg\" alt=\"El ex peleador de 51 a\u00f1os valor\u00f3 su rol disruptivo en la \u00e9lite del boxeo, con una personalidad provocativa y un estilo que marc\u00f3 un punto de inflexi\u00f3n (High Performance)\" height=\"1079\" width=\"1919\"\/><\/p>\n<p>Esta singularidad lo volvi\u00f3 un referente en el espect\u00e1culo. \u201c<b>Me enorgullece haber abierto la puerta para que los \u2018chicos peque\u00f1os\u2019<\/b> del boxeo pudieran alcanzar grandes bolsas. Antes de m\u00ed, los pesos ligeros no ganaban lo que los grandes\u201d, destac\u00f3.<\/p>\n<p>Asimismo, afirm\u00f3 que esa confianza ten\u00eda un fundamento real y se\u00f1al\u00f3: \u201c<b>Sent\u00eda que pod\u00eda acabar la carrera de cualquier rival<\/b>. Ese era el nivel de seguridad que ten\u00eda en mis habilidades\u201d.<\/p>\n<h2>Entrenamiento y confianza: la construcci\u00f3n de una leyenda<\/h2>\n<p>Gran parte de su \u00e9xito, sostuvo, que se basaba en <b>h\u00e1bitos poco comunes <\/b>y la visualizaci\u00f3n del triunfo. \u201cHab\u00eda noches en que, a las dos o tres de la madrugada, levantaba a todo mi equipo. \u2018Ahora entrenamos\u2019, les dec\u00eda\u201d, record\u00f3 sobre sus sesiones.<\/p>\n<p>Su preparaci\u00f3n comenz\u00f3 cuando ten\u00eda solo <b>7 a\u00f1os<\/b>, y para \u00e9l, la clave era ir siempre un paso adelante. Debido a esto, explic\u00f3: \u201cMientras otros chicos empezaban como amateurs a los 11, yo ya llevaba cuatro a\u00f1os de ventaja\u201d.<\/p>\n<p>La mezcla de talento, visi\u00f3n estrat\u00e9gica y autoconfianza marc\u00f3 su boxeo. \u201cEn muchos combates, ve\u00eda el golpe antes de darlo. <b>La visualizaci\u00f3n era fundamental<\/b>: primero lo imaginaba, luego lo hac\u00eda realidad. Las cosas pasaban dos veces para m\u00ed: en mi mente y luego en el ring\u201d, asegur\u00f3. Adem\u00e1s a\u00f1adi\u00f3: \u201c<b>Jam\u00e1s sent\u00ed miedo ni nervios<\/b>. Solo hab\u00eda una seguridad absoluta de que todo suceder\u00eda como yo lo hab\u00eda imaginado\u201d.<\/p>\n<p><img loading=\"lazy\" decoding=\"async\" src=\"https:\/\/lobosnews.com.ar\/wp-content\/uploads\/2026\/01\/naseem-el-principe-hamed-recordo-su-mejor-momento-en-el-boxeo-sentia-que-podia-acabar-la-carrera-de-cualquier-rival-1.jpg\" alt=\"La confianza de Hamed en sus habilidades y su preparaci\u00f3n desde los 7 a\u00f1os marcaron una carrera deportiva destacada (Grosby)\" height=\"1080\" width=\"1920\"\/><\/p>\n<h2>Motivos del retiro: la versi\u00f3n de Hamed<\/h2>\n<p>Interrogado sobre su retiro, el Pr\u00edncipe Hamed respondi\u00f3 en el programa que <b>las lesiones marcaron el final de su carrera<\/b>. \u201cDej\u00e9 el boxeo porque ya no pod\u00eda rendir por las lesiones. Las manos, la espalda, la dificultad para dar el peso&#8230; Fue un proceso de desgaste f\u00edsico\u201d, argument\u00f3.<\/p>\n<p>Sobre su primera y \u00fanica derrota profesional, reconoci\u00f3 la inevitabilidad del combate con <b>Marco Antonio Barrera <\/b>y el cierre de un ciclo. A prop\u00f3sito, mencion\u00f3: \u201c<b>Sab\u00eda que ser\u00eda una lucha cuesta arriba<\/b>. Llegu\u00e9 d\u00e9bil, hab\u00eda perdido mucho peso. Doy gracias a Dios por esa derrota, ten\u00eda que suceder\u201d.<\/p>\n<p>En cuanto al retiro definitivo, sostuvo: \u201c<b>No me cost\u00f3 tomar la decisi\u00f3n<\/b>. Tuve una carrera incre\u00edble, 11 a\u00f1os como amateur y 10 como profesional. No ten\u00eda sentido forzar mi cuerpo ni arriesgar mi legado\u201d. Sumado a esto, desestim\u00f3 cualquier inter\u00e9s en regresar. \u201cInvert\u00ed bien mi dinero, mi legado est\u00e1 intacto. <b>No soy de los que vuelven una y otra vez<\/b>. Cerr\u00e9 esa etapa en paz\u201d, sentenci\u00f3.<\/p>\n<p><img loading=\"lazy\" decoding=\"async\" src=\"https:\/\/lobosnews.com.ar\/wp-content\/uploads\/2026\/01\/naseem-el-principe-hamed-recordo-su-mejor-momento-en-el-boxeo-sentia-que-podia-acabar-la-carrera-de-cualquier-rival-2.jpg\" alt=\"Naseem Hamed atribuy\u00f3 su retiro a lesiones f\u00edsicas y descarta cualquier regreso, priorizando su salud y legado (Grosby)\" height=\"1080\" width=\"1920\"\/><\/p>\n<h2>Fe, identidad y vida tras la fama<\/h2>\n<p>La fe musulmana represent\u00f3 para Hamed la base de su confianza y tranquilidad. \u201c<b>La fe y la confianza en uno mismo<\/b> forman una combinaci\u00f3n poderosa. Saber que Dios est\u00e1 conmigo, que tengo un don, eso me dio equilibrio en la adversidad\u201d, afirm\u00f3.<\/p>\n<p>A pesar de la fama y las presiones del entorno, intent\u00f3 preservar su humildad. Es por ello que plante\u00f3: \u201c<b>Nunca me atrap\u00f3 la fama<\/b>. Para m\u00ed, el mayor logro es la felicidad y bienestar de mi familia. Comprarles una casa, aliviarles el peso de una hipoteca, eso vale m\u00e1s que cualquier t\u00edtulo\u201d.<\/p>\n<p>\u201c<b>No me considero nadie especial<\/b>. Sigo siendo el hijo de inmigrantes, el chico humilde de la tienda de la esquina. La percepci\u00f3n ajena no me define\u201d, remarc\u00f3.<\/p>\n<p>Respecto a su hist\u00f3rico entrenador, <b>Brendan Ingle<\/b>, manifest\u00f3 su deseo de reconciliaci\u00f3n: \u201cMe habr\u00eda gustado decirle que, ya mayores y m\u00e1s sabios, no hab\u00eda resentimientos. Le di nombre al gimnasio, a Sheffield y a Yorkshire. <b>Le debo mucho<\/b>\u201d.<\/p>\n<p><img loading=\"lazy\" decoding=\"async\" src=\"https:\/\/lobosnews.com.ar\/wp-content\/uploads\/2026\/01\/naseem-el-principe-hamed-recordo-su-mejor-momento-en-el-boxeo-sentia-que-podia-acabar-la-carrera-de-cualquier-rival-3.jpg\" alt=\"El ex campe\u00f3n mundial considera que su fe musulmana fue clave en su equilibrio personal y profesional (High Performance)\" height=\"1079\" width=\"1919\"\/><\/p>\n<h2>La industria y el boxeo moderno<\/h2>\n<p>Al analizar el cambio en el deporte, el expugilista observ\u00f3 el <b>auge de los \u201cYouTubers boxeadores\u201d<\/b> con distancia. \u201cEst\u00e1 claro que el boxeo cambi\u00f3. Es un juego de n\u00fameros ahora. No me molesta que otros ganen bien, pero lo que yo valoro es la b\u00fasqueda de legado verdadero\u201d, aclar\u00f3.<\/p>\n<p>Desde su visi\u00f3n defiende un \u00e1mbito m\u00e1s tradicional en el deporte, y expres\u00f3: \u201cNo tengo inter\u00e9s en ver peleas de quienes solo buscan dinero o fama r\u00e1pida. <b>Quiero ver campeones que lo dan todo por el boxeo<\/b>\u201d.<\/p>\n<p>Aunque siente que no siempre se reconoce su aporte innovador, insiste en su orgullo: \u201cTal vez tarde mucho tiempo para que se valore lo que hice. Pero<b> mi legado es haber dado un nuevo color al boxeo<\/b>\u201d.<\/p>\n<p><img loading=\"lazy\" decoding=\"async\" src=\"https:\/\/lobosnews.com.ar\/wp-content\/uploads\/2026\/01\/naseem-el-principe-hamed-recordo-su-mejor-momento-en-el-boxeo-sentia-que-podia-acabar-la-carrera-de-cualquier-rival-4.jpg\" alt=\"El excampe\u00f3n critica el enfoque de los 'YouTubers boxeadores' y defiende el valor del legado tradicional en el boxeo (High Performance)\" height=\"1079\" width=\"1919\"\/><\/p>\n<p>La mayor satisfacci\u00f3n para Naseem Hamed no proviene de los t\u00edtulos ni del reconocimiento p\u00fablico, sino de su vida interior. Sostuvo que su fuente de alegr\u00eda m\u00e1s constante es poder detenerse cada d\u00eda, orar y mantener intacta su conexi\u00f3n espiritual, encontrando ah\u00ed la paz y el sentido que trascienden la fama y su pasado sobre cuadril\u00e1teros<i>.<\/i><\/p>\n","protected":false},"excerpt":{"rendered":"<p>Recordado como una figura revolucionaria y campe\u00f3n mundial del peso pluma, Naseem \u201cPr\u00edncipe\u201d Hamed dej\u00f3 una huella imborrable en el boxeo por su originalidad dentro y fuera del cuadril\u00e1tero. A\u00f1os despu\u00e9s de su abrupto retiro, el propio Hamed explic\u00f3 en el p\u00f3dcast High Performance las verdaderas razones que lo alejaron del deporte, adem\u00e1s de reflexionar&#8230;<\/p>\n","protected":false},"author":1,"featured_media":0,"comment_status":"open","ping_status":"closed","sticky":false,"template":"","format":"standard","meta":{"_jetpack_memberships_contains_paid_content":false,"footnotes":""},"categories":[30],"tags":[39],"class_list":["post-9736","post","type-post","status-publish","format-standard","hentry","category-argentina","tag-deportes"],"magazineBlocksPostFeaturedMedia":{"thumbnail":false,"medium":false,"medium_large":false,"large":false,"1536x1536":false,"2048x2048":false,"newsmatic-featured":false,"newsmatic-list":false,"newsmatic-thumb":false,"newsmatic-small":false,"newsmatic-grid":false},"magazineBlocksPostAuthor":{"name":"admin","avatar":"https:\/\/secure.gravatar.com\/avatar\/76e419471a2083bc3ceab22a763dbbf9b0c1bd15a6214cf3280e2c2dde4580f9?s=96&d=mm&r=g"},"magazineBlocksPostCommentsNumber":"0","magazineBlocksPostExcerpt":"Recordado como una figura revolucionaria y campe\u00f3n mundial del peso pluma, Naseem \u201cPr\u00edncipe\u201d Hamed dej\u00f3 una huella imborrable en el boxeo por su originalidad dentro y fuera del cuadril\u00e1tero. A\u00f1os despu\u00e9s de su abrupto retiro, el propio Hamed explic\u00f3 en el p\u00f3dcast High Performance las verdaderas razones que lo alejaron del deporte, adem\u00e1s de reflexionar...","magazineBlocksPostCategories":["Argentina"],"magazineBlocksPostViewCount":153,"magazineBlocksPostReadTime":5,"magazine_blocks_featured_image_url":{"full":false,"medium":false,"thumbnail":false},"magazine_blocks_author":{"display_name":"admin","author_link":"https:\/\/lobosnews.com.ar\/index.php\/author\/lobos-news\/"},"magazine_blocks_comment":0,"magazine_blocks_author_image":"https:\/\/secure.gravatar.com\/avatar\/76e419471a2083bc3ceab22a763dbbf9b0c1bd15a6214cf3280e2c2dde4580f9?s=96&d=mm&r=g","magazine_blocks_category":"<a href=\"#\" class=\"category-link category-link-30\">Argentina<\/a>","yoast_head":"<!-- This site is optimized with the Yoast SEO plugin v26.6 - https:\/\/yoast.com\/wordpress\/plugins\/seo\/ -->\n<title>Naseem \u201cEl Pr\u00edncipe\u201d Hamed record\u00f3 su mejor momento en el boxeo: \u201cSent\u00eda que pod\u00eda acabar la carrera de cualquier rival\u201d - Lobos News<\/title>\n<meta name=\"robots\" content=\"index, follow, max-snippet:-1, max-image-preview:large, max-video-preview:-1\" \/>\n<link rel=\"canonical\" href=\"https:\/\/lobosnews.com.ar\/index.php\/2026\/01\/21\/naseem-el-principe-hamed-recordo-su-mejor-momento-en-el-boxeo-sentia-que-podia-acabar-la-carrera-de-cualquier-rival\/\" \/>\n<meta property=\"og:locale\" content=\"es_ES\" \/>\n<meta property=\"og:type\" content=\"article\" \/>\n<meta property=\"og:title\" content=\"Naseem \u201cEl Pr\u00edncipe\u201d Hamed record\u00f3 su mejor momento en el boxeo: \u201cSent\u00eda que pod\u00eda acabar la carrera de cualquier rival\u201d - Lobos News\" \/>\n<meta property=\"og:description\" content=\"Recordado como una figura revolucionaria y campe\u00f3n mundial del peso pluma, Naseem \u201cPr\u00edncipe\u201d Hamed dej\u00f3 una huella imborrable en el boxeo por su originalidad dentro y fuera del cuadril\u00e1tero. A\u00f1os despu\u00e9s de su abrupto retiro, el propio Hamed explic\u00f3 en el p\u00f3dcast High Performance las verdaderas razones que lo alejaron del deporte, adem\u00e1s de reflexionar...\" \/>\n<meta property=\"og:url\" content=\"https:\/\/lobosnews.com.ar\/index.php\/2026\/01\/21\/naseem-el-principe-hamed-recordo-su-mejor-momento-en-el-boxeo-sentia-que-podia-acabar-la-carrera-de-cualquier-rival\/\" \/>\n<meta property=\"og:site_name\" content=\"Lobos News\" \/>\n<meta property=\"article:published_time\" content=\"2026-01-21T20:42:34+00:00\" \/>\n<meta property=\"article:modified_time\" content=\"2026-01-21T21:48:49+00:00\" \/>\n<meta property=\"og:image\" content=\"https:\/\/lobosnews.com.ar\/wp-content\/uploads\/2026\/01\/naseem-el-principe-hamed-recordo-su-mejor-momento-en-el-boxeo-sentia-que-podia-acabar-la-carrera-de-cualquier-rival.jpg\" \/>\n<meta name=\"author\" content=\"admin\" \/>\n<meta name=\"twitter:card\" content=\"summary_large_image\" \/>\n<meta name=\"twitter:label1\" content=\"Escrito por\" \/>\n\t<meta name=\"twitter:data1\" content=\"admin\" \/>\n\t<meta name=\"twitter:label2\" content=\"Tiempo de lectura\" \/>\n\t<meta name=\"twitter:data2\" content=\"5 minutos\" \/>\n<script type=\"application\/ld+json\" class=\"yoast-schema-graph\">{\"@context\":\"https:\/\/schema.org\",\"@graph\":[{\"@type\":\"Article\",\"@id\":\"https:\/\/lobosnews.com.ar\/index.php\/2026\/01\/21\/naseem-el-principe-hamed-recordo-su-mejor-momento-en-el-boxeo-sentia-que-podia-acabar-la-carrera-de-cualquier-rival\/#article\",\"isPartOf\":{\"@id\":\"https:\/\/lobosnews.com.ar\/index.php\/2026\/01\/21\/naseem-el-principe-hamed-recordo-su-mejor-momento-en-el-boxeo-sentia-que-podia-acabar-la-carrera-de-cualquier-rival\/\"},\"author\":{\"name\":\"admin\",\"@id\":\"https:\/\/lobosnews.com.ar\/#\/schema\/person\/232422a593d5c541dd9aef6aaed10943\"},\"headline\":\"Naseem \u201cEl Pr\u00edncipe\u201d Hamed record\u00f3 su mejor momento en el boxeo: \u201cSent\u00eda que pod\u00eda acabar la carrera de cualquier rival\u201d\",\"datePublished\":\"2026-01-21T20:42:34+00:00\",\"dateModified\":\"2026-01-21T21:48:49+00:00\",\"mainEntityOfPage\":{\"@id\":\"https:\/\/lobosnews.com.ar\/index.php\/2026\/01\/21\/naseem-el-principe-hamed-recordo-su-mejor-momento-en-el-boxeo-sentia-que-podia-acabar-la-carrera-de-cualquier-rival\/\"},\"wordCount\":994,\"commentCount\":0,\"publisher\":{\"@id\":\"https:\/\/lobosnews.com.ar\/#organization\"},\"image\":{\"@id\":\"https:\/\/lobosnews.com.ar\/index.php\/2026\/01\/21\/naseem-el-principe-hamed-recordo-su-mejor-momento-en-el-boxeo-sentia-que-podia-acabar-la-carrera-de-cualquier-rival\/#primaryimage\"},\"thumbnailUrl\":\"https:\/\/lobosnews.com.ar\/wp-content\/uploads\/2026\/01\/naseem-el-principe-hamed-recordo-su-mejor-momento-en-el-boxeo-sentia-que-podia-acabar-la-carrera-de-cualquier-rival.jpg\",\"keywords\":[\"Deportes\"],\"articleSection\":[\"Argentina\"],\"inLanguage\":\"es\",\"potentialAction\":[{\"@type\":\"CommentAction\",\"name\":\"Comment\",\"target\":[\"https:\/\/lobosnews.com.ar\/index.php\/2026\/01\/21\/naseem-el-principe-hamed-recordo-su-mejor-momento-en-el-boxeo-sentia-que-podia-acabar-la-carrera-de-cualquier-rival\/#respond\"]}]},{\"@type\":\"WebPage\",\"@id\":\"https:\/\/lobosnews.com.ar\/index.php\/2026\/01\/21\/naseem-el-principe-hamed-recordo-su-mejor-momento-en-el-boxeo-sentia-que-podia-acabar-la-carrera-de-cualquier-rival\/\",\"url\":\"https:\/\/lobosnews.com.ar\/index.php\/2026\/01\/21\/naseem-el-principe-hamed-recordo-su-mejor-momento-en-el-boxeo-sentia-que-podia-acabar-la-carrera-de-cualquier-rival\/\",\"name\":\"Naseem \u201cEl Pr\u00edncipe\u201d Hamed record\u00f3 su mejor momento en el boxeo: \u201cSent\u00eda que pod\u00eda acabar la carrera de cualquier rival\u201d - Lobos News\",\"isPartOf\":{\"@id\":\"https:\/\/lobosnews.com.ar\/#website\"},\"primaryImageOfPage\":{\"@id\":\"https:\/\/lobosnews.com.ar\/index.php\/2026\/01\/21\/naseem-el-principe-hamed-recordo-su-mejor-momento-en-el-boxeo-sentia-que-podia-acabar-la-carrera-de-cualquier-rival\/#primaryimage\"},\"image\":{\"@id\":\"https:\/\/lobosnews.com.ar\/index.php\/2026\/01\/21\/naseem-el-principe-hamed-recordo-su-mejor-momento-en-el-boxeo-sentia-que-podia-acabar-la-carrera-de-cualquier-rival\/#primaryimage\"},\"thumbnailUrl\":\"https:\/\/lobosnews.com.ar\/wp-content\/uploads\/2026\/01\/naseem-el-principe-hamed-recordo-su-mejor-momento-en-el-boxeo-sentia-que-podia-acabar-la-carrera-de-cualquier-rival.jpg\",\"datePublished\":\"2026-01-21T20:42:34+00:00\",\"dateModified\":\"2026-01-21T21:48:49+00:00\",\"breadcrumb\":{\"@id\":\"https:\/\/lobosnews.com.ar\/index.php\/2026\/01\/21\/naseem-el-principe-hamed-recordo-su-mejor-momento-en-el-boxeo-sentia-que-podia-acabar-la-carrera-de-cualquier-rival\/#breadcrumb\"},\"inLanguage\":\"es\",\"potentialAction\":[{\"@type\":\"ReadAction\",\"target\":[\"https:\/\/lobosnews.com.ar\/index.php\/2026\/01\/21\/naseem-el-principe-hamed-recordo-su-mejor-momento-en-el-boxeo-sentia-que-podia-acabar-la-carrera-de-cualquier-rival\/\"]}]},{\"@type\":\"ImageObject\",\"inLanguage\":\"es\",\"@id\":\"https:\/\/lobosnews.com.ar\/index.php\/2026\/01\/21\/naseem-el-principe-hamed-recordo-su-mejor-momento-en-el-boxeo-sentia-que-podia-acabar-la-carrera-de-cualquier-rival\/#primaryimage\",\"url\":\"https:\/\/lobosnews.com.ar\/wp-content\/uploads\/2026\/01\/naseem-el-principe-hamed-recordo-su-mejor-momento-en-el-boxeo-sentia-que-podia-acabar-la-carrera-de-cualquier-rival.jpg\",\"contentUrl\":\"https:\/\/lobosnews.com.ar\/wp-content\/uploads\/2026\/01\/naseem-el-principe-hamed-recordo-su-mejor-momento-en-el-boxeo-sentia-que-podia-acabar-la-carrera-de-cualquier-rival.jpg\"},{\"@type\":\"BreadcrumbList\",\"@id\":\"https:\/\/lobosnews.com.ar\/index.php\/2026\/01\/21\/naseem-el-principe-hamed-recordo-su-mejor-momento-en-el-boxeo-sentia-que-podia-acabar-la-carrera-de-cualquier-rival\/#breadcrumb\",\"itemListElement\":[{\"@type\":\"ListItem\",\"position\":1,\"name\":\"Portada\",\"item\":\"https:\/\/lobosnews.com.ar\/\"},{\"@type\":\"ListItem\",\"position\":2,\"name\":\"Naseem \u201cEl Pr\u00edncipe\u201d Hamed record\u00f3 su mejor momento en el boxeo: \u201cSent\u00eda que pod\u00eda acabar la carrera de cualquier rival\u201d\"}]},{\"@type\":\"WebSite\",\"@id\":\"https:\/\/lobosnews.com.ar\/#website\",\"url\":\"https:\/\/lobosnews.com.ar\/\",\"name\":\"Lobos News\",\"description\":\"Informaci\u00f3n a cada instante\",\"publisher\":{\"@id\":\"https:\/\/lobosnews.com.ar\/#organization\"},\"potentialAction\":[{\"@type\":\"SearchAction\",\"target\":{\"@type\":\"EntryPoint\",\"urlTemplate\":\"https:\/\/lobosnews.com.ar\/?s={search_term_string}\"},\"query-input\":{\"@type\":\"PropertyValueSpecification\",\"valueRequired\":true,\"valueName\":\"search_term_string\"}}],\"inLanguage\":\"es\"},{\"@type\":\"Organization\",\"@id\":\"https:\/\/lobosnews.com.ar\/#organization\",\"name\":\"Lobos News\",\"url\":\"https:\/\/lobosnews.com.ar\/\",\"logo\":{\"@type\":\"ImageObject\",\"inLanguage\":\"es\",\"@id\":\"https:\/\/lobosnews.com.ar\/#\/schema\/logo\/image\/\",\"url\":\"https:\/\/lobosnews.com.ar\/wp-content\/uploads\/2026\/01\/logo-lobosnews.png\",\"contentUrl\":\"https:\/\/lobosnews.com.ar\/wp-content\/uploads\/2026\/01\/logo-lobosnews.png\",\"width\":500,\"height\":200,\"caption\":\"Lobos News\"},\"image\":{\"@id\":\"https:\/\/lobosnews.com.ar\/#\/schema\/logo\/image\/\"}},{\"@type\":\"Person\",\"@id\":\"https:\/\/lobosnews.com.ar\/#\/schema\/person\/232422a593d5c541dd9aef6aaed10943\",\"name\":\"admin\",\"image\":{\"@type\":\"ImageObject\",\"inLanguage\":\"es\",\"@id\":\"https:\/\/lobosnews.com.ar\/#\/schema\/person\/image\/\",\"url\":\"https:\/\/secure.gravatar.com\/avatar\/76e419471a2083bc3ceab22a763dbbf9b0c1bd15a6214cf3280e2c2dde4580f9?s=96&d=mm&r=g\",\"contentUrl\":\"https:\/\/secure.gravatar.com\/avatar\/76e419471a2083bc3ceab22a763dbbf9b0c1bd15a6214cf3280e2c2dde4580f9?s=96&d=mm&r=g\",\"caption\":\"admin\"},\"sameAs\":[\"https:\/\/lobosnews.com.ar\"],\"url\":\"https:\/\/lobosnews.com.ar\/index.php\/author\/lobos-news\/\"}]}<\/script>\n<!-- \/ Yoast SEO plugin. -->","yoast_head_json":{"title":"Naseem \u201cEl Pr\u00edncipe\u201d Hamed record\u00f3 su mejor momento en el boxeo: \u201cSent\u00eda que pod\u00eda acabar la carrera de cualquier rival\u201d - Lobos News","robots":{"index":"index","follow":"follow","max-snippet":"max-snippet:-1","max-image-preview":"max-image-preview:large","max-video-preview":"max-video-preview:-1"},"canonical":"https:\/\/lobosnews.com.ar\/index.php\/2026\/01\/21\/naseem-el-principe-hamed-recordo-su-mejor-momento-en-el-boxeo-sentia-que-podia-acabar-la-carrera-de-cualquier-rival\/","og_locale":"es_ES","og_type":"article","og_title":"Naseem \u201cEl Pr\u00edncipe\u201d Hamed record\u00f3 su mejor momento en el boxeo: \u201cSent\u00eda que pod\u00eda acabar la carrera de cualquier rival\u201d - Lobos News","og_description":"Recordado como una figura revolucionaria y campe\u00f3n mundial del peso pluma, Naseem \u201cPr\u00edncipe\u201d Hamed dej\u00f3 una huella imborrable en el boxeo por su originalidad dentro y fuera del cuadril\u00e1tero. A\u00f1os despu\u00e9s de su abrupto retiro, el propio Hamed explic\u00f3 en el p\u00f3dcast High Performance las verdaderas razones que lo alejaron del deporte, adem\u00e1s de reflexionar...","og_url":"https:\/\/lobosnews.com.ar\/index.php\/2026\/01\/21\/naseem-el-principe-hamed-recordo-su-mejor-momento-en-el-boxeo-sentia-que-podia-acabar-la-carrera-de-cualquier-rival\/","og_site_name":"Lobos News","article_published_time":"2026-01-21T20:42:34+00:00","article_modified_time":"2026-01-21T21:48:49+00:00","og_image":[{"url":"https:\/\/lobosnews.com.ar\/wp-content\/uploads\/2026\/01\/naseem-el-principe-hamed-recordo-su-mejor-momento-en-el-boxeo-sentia-que-podia-acabar-la-carrera-de-cualquier-rival.jpg","type":"","width":"","height":""}],"author":"admin","twitter_card":"summary_large_image","twitter_misc":{"Escrito por":"admin","Tiempo de lectura":"5 minutos"},"schema":{"@context":"https:\/\/schema.org","@graph":[{"@type":"Article","@id":"https:\/\/lobosnews.com.ar\/index.php\/2026\/01\/21\/naseem-el-principe-hamed-recordo-su-mejor-momento-en-el-boxeo-sentia-que-podia-acabar-la-carrera-de-cualquier-rival\/#article","isPartOf":{"@id":"https:\/\/lobosnews.com.ar\/index.php\/2026\/01\/21\/naseem-el-principe-hamed-recordo-su-mejor-momento-en-el-boxeo-sentia-que-podia-acabar-la-carrera-de-cualquier-rival\/"},"author":{"name":"admin","@id":"https:\/\/lobosnews.com.ar\/#\/schema\/person\/232422a593d5c541dd9aef6aaed10943"},"headline":"Naseem \u201cEl Pr\u00edncipe\u201d Hamed record\u00f3 su mejor momento en el boxeo: \u201cSent\u00eda que pod\u00eda acabar la carrera de cualquier rival\u201d","datePublished":"2026-01-21T20:42:34+00:00","dateModified":"2026-01-21T21:48:49+00:00","mainEntityOfPage":{"@id":"https:\/\/lobosnews.com.ar\/index.php\/2026\/01\/21\/naseem-el-principe-hamed-recordo-su-mejor-momento-en-el-boxeo-sentia-que-podia-acabar-la-carrera-de-cualquier-rival\/"},"wordCount":994,"commentCount":0,"publisher":{"@id":"https:\/\/lobosnews.com.ar\/#organization"},"image":{"@id":"https:\/\/lobosnews.com.ar\/index.php\/2026\/01\/21\/naseem-el-principe-hamed-recordo-su-mejor-momento-en-el-boxeo-sentia-que-podia-acabar-la-carrera-de-cualquier-rival\/#primaryimage"},"thumbnailUrl":"https:\/\/lobosnews.com.ar\/wp-content\/uploads\/2026\/01\/naseem-el-principe-hamed-recordo-su-mejor-momento-en-el-boxeo-sentia-que-podia-acabar-la-carrera-de-cualquier-rival.jpg","keywords":["Deportes"],"articleSection":["Argentina"],"inLanguage":"es","potentialAction":[{"@type":"CommentAction","name":"Comment","target":["https:\/\/lobosnews.com.ar\/index.php\/2026\/01\/21\/naseem-el-principe-hamed-recordo-su-mejor-momento-en-el-boxeo-sentia-que-podia-acabar-la-carrera-de-cualquier-rival\/#respond"]}]},{"@type":"WebPage","@id":"https:\/\/lobosnews.com.ar\/index.php\/2026\/01\/21\/naseem-el-principe-hamed-recordo-su-mejor-momento-en-el-boxeo-sentia-que-podia-acabar-la-carrera-de-cualquier-rival\/","url":"https:\/\/lobosnews.com.ar\/index.php\/2026\/01\/21\/naseem-el-principe-hamed-recordo-su-mejor-momento-en-el-boxeo-sentia-que-podia-acabar-la-carrera-de-cualquier-rival\/","name":"Naseem \u201cEl Pr\u00edncipe\u201d Hamed record\u00f3 su mejor momento en el boxeo: \u201cSent\u00eda que pod\u00eda acabar la carrera de cualquier rival\u201d - Lobos News","isPartOf":{"@id":"https:\/\/lobosnews.com.ar\/#website"},"primaryImageOfPage":{"@id":"https:\/\/lobosnews.com.ar\/index.php\/2026\/01\/21\/naseem-el-principe-hamed-recordo-su-mejor-momento-en-el-boxeo-sentia-que-podia-acabar-la-carrera-de-cualquier-rival\/#primaryimage"},"image":{"@id":"https:\/\/lobosnews.com.ar\/index.php\/2026\/01\/21\/naseem-el-principe-hamed-recordo-su-mejor-momento-en-el-boxeo-sentia-que-podia-acabar-la-carrera-de-cualquier-rival\/#primaryimage"},"thumbnailUrl":"https:\/\/lobosnews.com.ar\/wp-content\/uploads\/2026\/01\/naseem-el-principe-hamed-recordo-su-mejor-momento-en-el-boxeo-sentia-que-podia-acabar-la-carrera-de-cualquier-rival.jpg","datePublished":"2026-01-21T20:42:34+00:00","dateModified":"2026-01-21T21:48:49+00:00","breadcrumb":{"@id":"https:\/\/lobosnews.com.ar\/index.php\/2026\/01\/21\/naseem-el-principe-hamed-recordo-su-mejor-momento-en-el-boxeo-sentia-que-podia-acabar-la-carrera-de-cualquier-rival\/#breadcrumb"},"inLanguage":"es","potentialAction":[{"@type":"ReadAction","target":["https:\/\/lobosnews.com.ar\/index.php\/2026\/01\/21\/naseem-el-principe-hamed-recordo-su-mejor-momento-en-el-boxeo-sentia-que-podia-acabar-la-carrera-de-cualquier-rival\/"]}]},{"@type":"ImageObject","inLanguage":"es","@id":"https:\/\/lobosnews.com.ar\/index.php\/2026\/01\/21\/naseem-el-principe-hamed-recordo-su-mejor-momento-en-el-boxeo-sentia-que-podia-acabar-la-carrera-de-cualquier-rival\/#primaryimage","url":"https:\/\/lobosnews.com.ar\/wp-content\/uploads\/2026\/01\/naseem-el-principe-hamed-recordo-su-mejor-momento-en-el-boxeo-sentia-que-podia-acabar-la-carrera-de-cualquier-rival.jpg","contentUrl":"https:\/\/lobosnews.com.ar\/wp-content\/uploads\/2026\/01\/naseem-el-principe-hamed-recordo-su-mejor-momento-en-el-boxeo-sentia-que-podia-acabar-la-carrera-de-cualquier-rival.jpg"},{"@type":"BreadcrumbList","@id":"https:\/\/lobosnews.com.ar\/index.php\/2026\/01\/21\/naseem-el-principe-hamed-recordo-su-mejor-momento-en-el-boxeo-sentia-que-podia-acabar-la-carrera-de-cualquier-rival\/#breadcrumb","itemListElement":[{"@type":"ListItem","position":1,"name":"Portada","item":"https:\/\/lobosnews.com.ar\/"},{"@type":"ListItem","position":2,"name":"Naseem \u201cEl Pr\u00edncipe\u201d Hamed record\u00f3 su mejor momento en el boxeo: \u201cSent\u00eda que pod\u00eda acabar la carrera de cualquier rival\u201d"}]},{"@type":"WebSite","@id":"https:\/\/lobosnews.com.ar\/#website","url":"https:\/\/lobosnews.com.ar\/","name":"Lobos News","description":"Informaci\u00f3n a cada instante","publisher":{"@id":"https:\/\/lobosnews.com.ar\/#organization"},"potentialAction":[{"@type":"SearchAction","target":{"@type":"EntryPoint","urlTemplate":"https:\/\/lobosnews.com.ar\/?s={search_term_string}"},"query-input":{"@type":"PropertyValueSpecification","valueRequired":true,"valueName":"search_term_string"}}],"inLanguage":"es"},{"@type":"Organization","@id":"https:\/\/lobosnews.com.ar\/#organization","name":"Lobos News","url":"https:\/\/lobosnews.com.ar\/","logo":{"@type":"ImageObject","inLanguage":"es","@id":"https:\/\/lobosnews.com.ar\/#\/schema\/logo\/image\/","url":"https:\/\/lobosnews.com.ar\/wp-content\/uploads\/2026\/01\/logo-lobosnews.png","contentUrl":"https:\/\/lobosnews.com.ar\/wp-content\/uploads\/2026\/01\/logo-lobosnews.png","width":500,"height":200,"caption":"Lobos News"},"image":{"@id":"https:\/\/lobosnews.com.ar\/#\/schema\/logo\/image\/"}},{"@type":"Person","@id":"https:\/\/lobosnews.com.ar\/#\/schema\/person\/232422a593d5c541dd9aef6aaed10943","name":"admin","image":{"@type":"ImageObject","inLanguage":"es","@id":"https:\/\/lobosnews.com.ar\/#\/schema\/person\/image\/","url":"https:\/\/secure.gravatar.com\/avatar\/76e419471a2083bc3ceab22a763dbbf9b0c1bd15a6214cf3280e2c2dde4580f9?s=96&d=mm&r=g","contentUrl":"https:\/\/secure.gravatar.com\/avatar\/76e419471a2083bc3ceab22a763dbbf9b0c1bd15a6214cf3280e2c2dde4580f9?s=96&d=mm&r=g","caption":"admin"},"sameAs":["https:\/\/lobosnews.com.ar"],"url":"https:\/\/lobosnews.com.ar\/index.php\/author\/lobos-news\/"}]}},"jetpack_featured_media_url":"","jetpack_sharing_enabled":true,"_links":{"self":[{"href":"https:\/\/lobosnews.com.ar\/index.php\/wp-json\/wp\/v2\/posts\/9736","targetHints":{"allow":["GET"]}}],"collection":[{"href":"https:\/\/lobosnews.com.ar\/index.php\/wp-json\/wp\/v2\/posts"}],"about":[{"href":"https:\/\/lobosnews.com.ar\/index.php\/wp-json\/wp\/v2\/types\/post"}],"author":[{"embeddable":true,"href":"https:\/\/lobosnews.com.ar\/index.php\/wp-json\/wp\/v2\/users\/1"}],"replies":[{"embeddable":true,"href":"https:\/\/lobosnews.com.ar\/index.php\/wp-json\/wp\/v2\/comments?post=9736"}],"version-history":[{"count":1,"href":"https:\/\/lobosnews.com.ar\/index.php\/wp-json\/wp\/v2\/posts\/9736\/revisions"}],"predecessor-version":[{"id":9742,"href":"https:\/\/lobosnews.com.ar\/index.php\/wp-json\/wp\/v2\/posts\/9736\/revisions\/9742"}],"wp:attachment":[{"href":"https:\/\/lobosnews.com.ar\/index.php\/wp-json\/wp\/v2\/media?parent=9736"}],"wp:term":[{"taxonomy":"category","embeddable":true,"href":"https:\/\/lobosnews.com.ar\/index.php\/wp-json\/wp\/v2\/categories?post=9736"},{"taxonomy":"post_tag","embeddable":true,"href":"https:\/\/lobosnews.com.ar\/index.php\/wp-json\/wp\/v2\/tags?post=9736"}],"curies":[{"name":"wp","href":"https:\/\/api.w.org\/{rel}","templated":true}]}}