{"id":97355,"date":"2026-09-04T05:00:00","date_gmt":"2026-09-04T05:00:00","guid":{"rendered":"https:\/\/lobosnews.com.ar\/?p=97355"},"modified":"2026-09-04T12:00:35","modified_gmt":"2026-09-04T12:00:35","slug":"12-anos-sin-gustavo-cerati-el-ultimo-show-de-su-vida-y-quienes-lo-acompanaron-en-sus-1571-dias-en-coma","status":"publish","type":"post","link":"https:\/\/lobosnews.com.ar\/index.php\/2026\/09\/04\/12-anos-sin-gustavo-cerati-el-ultimo-show-de-su-vida-y-quienes-lo-acompanaron-en-sus-1571-dias-en-coma\/","title":{"rendered":"12 a\u00f1os sin Gustavo Cerati: el \u00faltimo show de su vida y qui\u00e9nes lo acompa\u00f1aron en sus 1571 d\u00edas en coma"},"content":{"rendered":"<p>El 4 de septiembre de 2014 muri\u00f3 <span class=\"waslinkname\"><b>Gustavo Cerati<\/b><\/span>, a los 55 a\u00f1os, luego de permanecer en coma durante 1571 d\u00edas, es decir, poco m\u00e1s de cuatro a\u00f1os. El desenlace se produjo por un paro cardiorrespiratorio en la habitaci\u00f3n 116 de la Cl\u00ednica ALCLA, en Buenos Aires, adonde hab\u00eda sido trasladado desde Venezuela tras sufrir un accidente cerebrovascular (ACV) el 17 de mayo de 2010. A <b>12 a\u00f1os<\/b> del fallecimiento, el recorrido de sus \u00faltimos a\u00f1os en el escenario, la crisis m\u00e9dica que atraves\u00f3 y el entorno que lo sostuvo durante la extensa internaci\u00f3n reconstruyen el cap\u00edtulo final del l\u00edder de <b>Soda Stereo<\/b>.<\/p>\n<p>Todo comenz\u00f3 la noche del 15 de mayo de 2010, cuando Cerati ofreci\u00f3 en Caracas el que ser\u00eda el \u00faltimo concierto de su carrera, en el Estadio de F\u00fatbol de la Universidad Sim\u00f3n Bol\u00edvar. El recital formaba parte de la gira <b>Fuerza Natural<\/b>, iniciada en 2009 para presentar su quinto \u00e1lbum solista, un trabajo que el propio m\u00fasico describ\u00eda como una s\u00edntesis de toda su trayectoria. Vestido de blanco, abri\u00f3 el show con la canci\u00f3n hom\u00f3nima del disco y despleg\u00f3 una lista de 25 temas junto a sus m\u00fasicos habituales, entre ellos <b>Richard Coleman<\/b>, <b>Fernando Samalea<\/b>, <b>Gonzalo C\u00f3rdoba<\/b> y <b>Anita \u00c1lvarez de Toledo<\/b>.<\/p>\n<p><img loading=\"lazy\" decoding=\"async\" src=\"https:\/\/lobosnews.com.ar\/wp-content\/uploads\/2026\/09\/12-anos-sin-gustavo-cerati-el-ultimo-show-de-su-vida-y-quienes-lo-acompanaron-en-sus-1571-dias-en-coma.jpg\" alt=\"Gustavo Cerati muri\u00f3 el 4 de septiembre de 2014 a los 55 a\u00f1os, despu\u00e9s de pasar 1571 d\u00edas en coma tras un ACV sufrido en Venezuela\" height=\"401\" width=\"604\"\/><\/p>\n<p>La primera parte del repertorio estuvo dedicada por completo a <i>Fuerza Natural<\/i>, con temas como \u201cMagia\u201d, \u201cDeja v\u00fa\u201d y \u201cCactus\u201d, interpretados en el orden exacto del \u00e1lbum, una regla art\u00edstica que Cerati sostuvo durante toda la gira. Despu\u00e9s llegaron canciones de <i>Bocanada<\/i>, <i>Ah\u00ed vamos <\/i>y <i>Amor amarillo<\/i>, adem\u00e1s de \u201cTratame suavemente\u201d, de Soda Stereo, que hab\u00eda incorporado al set para estrenar en vivo una guitarra doble cuello Mosrite. Durante \u201cLago en el cielo\u201d, uno de sus temas preferidos, improvis\u00f3 un solo mucho m\u00e1s extenso que en otras fechas de la gira. <b>\u201cEsa noche, en Caracas, el solo de viola que se mand\u00f3 fue much\u00edsimo m\u00e1s largo que de costumbre\u201d<\/b>, record\u00f3 Coleman en el libro <i>Cerati, conversaciones \u00edntimas<\/i>, de Gustavo Bove. Ser\u00eda la \u00faltima canci\u00f3n que Cerati tocar\u00eda en su vida. El cierre del show incluy\u00f3 un gesto que nadie imagin\u00f3 como definitivo: se llev\u00f3 la mano al coraz\u00f3n, lanz\u00f3 un beso al p\u00fablico y se despidi\u00f3 con la frase<b> \u201cHasta la pr\u00f3xima, chau\u201d<\/b>.<\/p>\n<p><img loading=\"lazy\" decoding=\"async\" src=\"https:\/\/lobosnews.com.ar\/wp-content\/uploads\/2026\/09\/12-anos-sin-gustavo-cerati-el-ultimo-show-de-su-vida-y-quienes-lo-acompanaron-en-sus-1571-dias-en-coma-1.jpg\" alt=\"El \u00faltimo concierto de Gustavo Cerati fue el 15 de mayo de 2010 en Caracas, durante la gira Fuerza Natural que presentaba su quinto \u00e1lbum solista\" height=\"888\" width=\"1579\"\/><\/p>\n<p>Despu\u00e9s del show del 15 de mayo, en el backstage se viv\u00eda un clima de celebraci\u00f3n, con cena y encuentros con fan\u00e1ticos. Cerati fue convocado a \u00faltimo momento para la foto grupal de cierre de gira y se ubic\u00f3 detr\u00e1s de su sonidista, <b>Adri\u00e1n Taverna<\/b>. \u201cEl primer disparo de la c\u00e1mara sali\u00f3 sin flash, as\u00ed que Samalea pidi\u00f3 que nadie se moviera. Taverna se dio vuelta para decirle algo a Gustavo y lo vio p\u00e1lido, con los ojos desorbitados\u201d, reconstruy\u00f3 <b>Juan Morris<\/b> en su biograf\u00eda del m\u00fasico. Cerati intent\u00f3 responder, pero no pudo articular palabras. Camin\u00f3 hacia su camar\u00edn y minutos despu\u00e9s fue hallado recostado en un sill\u00f3n, con la camisa abierta y la boca entreabierta.<\/p>\n<p><img loading=\"lazy\" decoding=\"async\" src=\"https:\/\/lobosnews.com.ar\/wp-content\/uploads\/2026\/09\/12-anos-sin-gustavo-cerati-el-ultimo-show-de-su-vida-y-quienes-lo-acompanaron-en-sus-1571-dias-en-coma-2.jpg\" alt=\"El repertorio del recital respet\u00f3 el orden de Fuerza Natural e incluy\u00f3 canciones de Bocanada, Ah\u00ed vamos, Amor amarillo y Soda Stereo\" height=\"1370\" width=\"1920\"\/><\/p>\n<p>Trasladado de urgencia, ingres\u00f3 primero al Centro M\u00e9dico La Trinidad, que en ese momento no contaba con electricidad, lo que oblig\u00f3 a un paso temporal por otra cl\u00ednica antes de regresar al mismo centro m\u00e9dico, donde fue internado en la suite presidencial. El diagn\u00f3stico confirm\u00f3 una isquemia cerebral que hab\u00eda derivado en un infarto extenso en el hemisferio izquierdo, con da\u00f1o en el tronco encef\u00e1lico. Durante las primeras horas, Cerati recuper\u00f3 parcialmente la conciencia: no pod\u00eda hablar, pero se comunicaba con gestos, comi\u00f3 con ayuda y lleg\u00f3 a ver televisi\u00f3n junto a Taverna. El 17 de mayo sufri\u00f3 una nueva crisis, con un edema cerebral que hac\u00eda presi\u00f3n contra el cr\u00e1neo, lo que deriv\u00f3 en una cirug\u00eda de urgencia el 18 de mayo.<b> La intervenci\u00f3n no logr\u00f3 revertir el cuadro y Cerati cay\u00f3 en coma<\/b>.<\/p>\n<p><img loading=\"lazy\" decoding=\"async\" src=\"https:\/\/lobosnews.com.ar\/wp-content\/uploads\/2026\/09\/12-anos-sin-gustavo-cerati-el-ultimo-show-de-su-vida-y-quienes-lo-acompanaron-en-sus-1571-dias-en-coma-3.jpg\" alt=\"Tras el recital en Caracas, Gustavo Cerati mostr\u00f3 signos de descompensaci\u00f3n y fue internado por una isquemia cerebral con infarto extenso en el hemisferio izquierdo\" height=\"610\" width=\"1024\"\/><\/p>\n<p>Permaneci\u00f3 internado en Caracas hasta el 7 de junio de 2010, cuando fue trasladado en aeroambulancia a Buenos Aires. Pas\u00f3 primero por la cl\u00ednica de rehabilitaci\u00f3n Fleni, donde en los primeros d\u00edas su cuerpo sufr\u00eda espasmos que le levantaban el torso de la cama, mientras en los medios circulaban versiones sobre los excesos vinculados al consumo durante la gira. A fines de octubre de ese a\u00f1o fue trasladado a la Cl\u00ednica ALCLA, donde permaneci\u00f3 alojado en el primer piso, en tres habitaciones distintas, hasta el final. All\u00ed se instal\u00f3 un detector de huellas digitales en la puerta de su cuarto despu\u00e9s de que un visitante ingresara sin autorizaci\u00f3n, de modo que solo su familia y las personas registradas en una planilla pod\u00edan verlo.<\/p>\n<p><img loading=\"lazy\" decoding=\"async\" src=\"https:\/\/lobosnews.com.ar\/wp-content\/uploads\/2026\/09\/12-anos-sin-gustavo-cerati-el-ultimo-show-de-su-vida-y-quienes-lo-acompanaron-en-sus-1571-dias-en-coma-4.jpg\" alt=\"En Caracas, Gustavo Cerati interpret\u00f3 25 temas y cerr\u00f3 el show con \u201cHasta la pr\u00f3xima, chau\u201d, en la despedida final de su carrera\" height=\"1440\" width=\"1920\"\/><\/p>\n<p>Durante los primeros a\u00f1os de internaci\u00f3n, su entorno m\u00e1s cercano sostuvo una rutina de visitas constantes. Su madre, <b>Lillian Clarke<\/b>, iba todas las tardes a la cl\u00ednica desde su casa de Villa Ort\u00fazar. Su hijo, <b>Benito Cerati<\/b>, su hermana <b>Laura<\/b> (quien firm\u00f3 la autorizaci\u00f3n para la cirug\u00eda de urgencia en Venezuela) y su hermana <b>Estela<\/b> se turnaban junto a otros familiares. Entre los amigos que lo visitaban con frecuencia estaban Adri\u00e1n Taverna, el dise\u00f1ador de imagen <b>Oscar Roho<\/b>, el baterista <b>Pedro Moscuzza<\/b> y el m\u00fasico Leandro Fresco, mientras que sus excompa\u00f1eros de Soda Stereo, <b>Zeta Bosio<\/b> y <b>Charly Alberti<\/b>, mantuvieron visitas m\u00e1s espaciadas. <b>Luis Alberto Spinetta <\/b>tambi\u00e9n lo visit\u00f3 en junio de 2011 y le llev\u00f3 de regalo una guitarra. Con el correr de los meses, los partes m\u00e9dicos se mantuvieron invariables, con el diagn\u00f3stico de da\u00f1o cerebral extenso y sin se\u00f1ales de mejor\u00eda cl\u00ednica.<\/p>\n<p>La noticia de su muerte, el 4 de septiembre de 2014, se conoci\u00f3 por un paro cardiorrespiratorio, un mes despu\u00e9s de que Cerati cumpliera 55 a\u00f1os. Esa misma noche, su cuerpo fue velado en la Legislatura de Buenos Aires, adonde acudieron miles de fan\u00e1ticos en una fila de varias cuadras bajo la lluvia. Entre los presentes estuvieron su madre, sus hermanas, Benito Cerati, su expareja Cecilia Amen\u00e1bar y amigos como Roho y Taverna. Distintas figuras de la m\u00fasica expresaron sus condolencias esa jornada: <b>Shakira<\/b> lo defini\u00f3 como \u201cla figura del rock en espa\u00f1ol m\u00e1s representativa\u201d, mientras que <b>Charly Garc\u00eda<\/b> lo calific\u00f3 como \u201cun arquitecto de la m\u00fasica\u201d.<\/p>\n","protected":false},"excerpt":{"rendered":"<p>El 4 de septiembre de 2014 muri\u00f3 Gustavo Cerati, a los 55 a\u00f1os, luego de permanecer en coma durante 1571 d\u00edas, es decir, poco m\u00e1s de cuatro a\u00f1os. El desenlace se produjo por un paro cardiorrespiratorio en la habitaci\u00f3n 116 de la Cl\u00ednica ALCLA, en Buenos Aires, adonde hab\u00eda sido trasladado desde Venezuela tras sufrir&#8230;<\/p>\n","protected":false},"author":1,"featured_media":97362,"comment_status":"open","ping_status":"closed","sticky":false,"template":"","format":"standard","meta":{"_jetpack_newsletter_access":"","_jetpack_dont_email_post_to_subs":false,"_jetpack_newsletter_tier_id":0,"_jetpack_memberships_contains_paywalled_content":false,"_jetpack_memberships_contains_paid_content":false,"footnotes":"","jetpack_post_was_ever_published":false},"categories":[79],"tags":[],"class_list":["post-97355","post","type-post","status-publish","format-standard","has-post-thumbnail","hentry","category-cine-y-series"],"magazineBlocksPostFeaturedMedia":{"thumbnail":"https:\/\/lobosnews.com.ar\/wp-content\/uploads\/2026\/09\/12-anos-sin-gustavo-cerati-el-ultimo-show-de-su-vida-y-quienes-lo-acompanaron-en-sus-1571-dias-en-coma-8-150x150.jpg","medium":"https:\/\/lobosnews.com.ar\/wp-content\/uploads\/2026\/09\/12-anos-sin-gustavo-cerati-el-ultimo-show-de-su-vida-y-quienes-lo-acompanaron-en-sus-1571-dias-en-coma-8-300x225.jpg","medium_large":"https:\/\/lobosnews.com.ar\/wp-content\/uploads\/2026\/09\/12-anos-sin-gustavo-cerati-el-ultimo-show-de-su-vida-y-quienes-lo-acompanaron-en-sus-1571-dias-en-coma-8-768x576.jpg","large":"https:\/\/lobosnews.com.ar\/wp-content\/uploads\/2026\/09\/12-anos-sin-gustavo-cerati-el-ultimo-show-de-su-vida-y-quienes-lo-acompanaron-en-sus-1571-dias-en-coma-8-1024x768.jpg","1536x1536":"https:\/\/lobosnews.com.ar\/wp-content\/uploads\/2026\/09\/12-anos-sin-gustavo-cerati-el-ultimo-show-de-su-vida-y-quienes-lo-acompanaron-en-sus-1571-dias-en-coma-8-1536x1152.jpg","2048x2048":"https:\/\/lobosnews.com.ar\/wp-content\/uploads\/2026\/09\/12-anos-sin-gustavo-cerati-el-ultimo-show-de-su-vida-y-quienes-lo-acompanaron-en-sus-1571-dias-en-coma-8.jpg","newsmatic-featured":"https:\/\/lobosnews.com.ar\/wp-content\/uploads\/2026\/09\/12-anos-sin-gustavo-cerati-el-ultimo-show-de-su-vida-y-quienes-lo-acompanaron-en-sus-1571-dias-en-coma-8-820x545.jpg","newsmatic-list":"https:\/\/lobosnews.com.ar\/wp-content\/uploads\/2026\/09\/12-anos-sin-gustavo-cerati-el-ultimo-show-de-su-vida-y-quienes-lo-acompanaron-en-sus-1571-dias-en-coma-8-600x400.jpg","newsmatic-thumb":"https:\/\/lobosnews.com.ar\/wp-content\/uploads\/2026\/09\/12-anos-sin-gustavo-cerati-el-ultimo-show-de-su-vida-y-quienes-lo-acompanaron-en-sus-1571-dias-en-coma-8-300x200.jpg","newsmatic-small":"https:\/\/lobosnews.com.ar\/wp-content\/uploads\/2026\/09\/12-anos-sin-gustavo-cerati-el-ultimo-show-de-su-vida-y-quienes-lo-acompanaron-en-sus-1571-dias-en-coma-8-150x95.jpg","newsmatic-grid":"https:\/\/lobosnews.com.ar\/wp-content\/uploads\/2026\/09\/12-anos-sin-gustavo-cerati-el-ultimo-show-de-su-vida-y-quienes-lo-acompanaron-en-sus-1571-dias-en-coma-8-400x250.jpg"},"magazineBlocksPostAuthor":{"name":"admin","avatar":"https:\/\/secure.gravatar.com\/avatar\/76e419471a2083bc3ceab22a763dbbf9b0c1bd15a6214cf3280e2c2dde4580f9?s=96&d=mm&r=g"},"magazineBlocksPostCommentsNumber":"0","magazineBlocksPostExcerpt":"El 4 de septiembre de 2014 muri\u00f3 Gustavo Cerati, a los 55 a\u00f1os, luego de permanecer en coma durante 1571 d\u00edas, es decir, poco m\u00e1s de cuatro a\u00f1os. El desenlace se produjo por un paro cardiorrespiratorio en la habitaci\u00f3n 116 de la Cl\u00ednica ALCLA, en Buenos Aires, adonde hab\u00eda sido trasladado desde Venezuela tras sufrir...","magazineBlocksPostCategories":["Cine y Series"],"magazineBlocksPostViewCount":16,"magazineBlocksPostReadTime":6,"magazine_blocks_featured_image_url":{"full":["https:\/\/lobosnews.com.ar\/wp-content\/uploads\/2026\/09\/12-anos-sin-gustavo-cerati-el-ultimo-show-de-su-vida-y-quienes-lo-acompanaron-en-sus-1571-dias-en-coma-8.jpg",1920,1440,false],"medium":["https:\/\/lobosnews.com.ar\/wp-content\/uploads\/2026\/09\/12-anos-sin-gustavo-cerati-el-ultimo-show-de-su-vida-y-quienes-lo-acompanaron-en-sus-1571-dias-en-coma-8-300x225.jpg",300,225,true],"thumbnail":["https:\/\/lobosnews.com.ar\/wp-content\/uploads\/2026\/09\/12-anos-sin-gustavo-cerati-el-ultimo-show-de-su-vida-y-quienes-lo-acompanaron-en-sus-1571-dias-en-coma-8-150x150.jpg",150,150,true]},"magazine_blocks_author":{"display_name":"admin","author_link":"https:\/\/lobosnews.com.ar\/index.php\/author\/lobos-news\/"},"magazine_blocks_comment":0,"magazine_blocks_author_image":"https:\/\/secure.gravatar.com\/avatar\/76e419471a2083bc3ceab22a763dbbf9b0c1bd15a6214cf3280e2c2dde4580f9?s=96&d=mm&r=g","magazine_blocks_category":"<a href=\"#\" class=\"category-link category-link-79\">Cine y Series<\/a>","yoast_head":"<!-- This site is optimized with the Yoast SEO plugin v28.0 - https:\/\/yoast.com\/product\/yoast-seo-wordpress\/ -->\n<title>12 a\u00f1os sin Gustavo Cerati: el \u00faltimo show de su vida y qui\u00e9nes lo acompa\u00f1aron en sus 1571 d\u00edas en coma - Lobos News<\/title>\n<meta name=\"robots\" content=\"index, follow, max-snippet:-1, max-image-preview:large, max-video-preview:-1\" \/>\n<link rel=\"canonical\" href=\"https:\/\/lobosnews.com.ar\/index.php\/2026\/09\/04\/12-anos-sin-gustavo-cerati-el-ultimo-show-de-su-vida-y-quienes-lo-acompanaron-en-sus-1571-dias-en-coma\/\" \/>\n<meta property=\"og:locale\" content=\"es_ES\" \/>\n<meta property=\"og:type\" content=\"article\" \/>\n<meta property=\"og:title\" content=\"12 a\u00f1os sin Gustavo Cerati: el \u00faltimo show de su vida y qui\u00e9nes lo acompa\u00f1aron en sus 1571 d\u00edas en coma - Lobos News\" \/>\n<meta property=\"og:description\" content=\"El 4 de septiembre de 2014 muri\u00f3 Gustavo Cerati, a los 55 a\u00f1os, luego de permanecer en coma durante 1571 d\u00edas, es decir, poco m\u00e1s de cuatro a\u00f1os. El desenlace se produjo por un paro cardiorrespiratorio en la habitaci\u00f3n 116 de la Cl\u00ednica ALCLA, en Buenos Aires, adonde hab\u00eda sido trasladado desde Venezuela tras sufrir...\" \/>\n<meta property=\"og:url\" content=\"https:\/\/lobosnews.com.ar\/index.php\/2026\/09\/04\/12-anos-sin-gustavo-cerati-el-ultimo-show-de-su-vida-y-quienes-lo-acompanaron-en-sus-1571-dias-en-coma\/\" \/>\n<meta property=\"og:site_name\" content=\"Lobos News\" \/>\n<meta property=\"article:published_time\" content=\"2026-09-04T05:00:00+00:00\" \/>\n<meta property=\"article:modified_time\" content=\"2026-09-04T12:00:35+00:00\" \/>\n<meta property=\"og:image\" content=\"https:\/\/lobosnews.com.ar\/wp-content\/uploads\/2026\/09\/12-anos-sin-gustavo-cerati-el-ultimo-show-de-su-vida-y-quienes-lo-acompanaron-en-sus-1571-dias-en-coma-8.jpg\" \/>\n\t<meta property=\"og:image:width\" content=\"1920\" \/>\n\t<meta property=\"og:image:height\" content=\"1440\" \/>\n\t<meta property=\"og:image:type\" content=\"image\/jpeg\" \/>\n<meta name=\"author\" content=\"admin\" \/>\n<meta name=\"twitter:card\" content=\"summary_large_image\" \/>\n<meta name=\"twitter:label1\" content=\"Escrito por\" \/>\n\t<meta name=\"twitter:data1\" content=\"admin\" \/>\n\t<meta name=\"twitter:label2\" content=\"Tiempo de lectura\" \/>\n\t<meta name=\"twitter:data2\" content=\"5 minutos\" \/>\n<script type=\"application\/ld+json\" class=\"yoast-schema-graph\">{\"@context\":\"https:\\\/\\\/schema.org\",\"@graph\":[{\"@type\":\"Article\",\"@id\":\"https:\\\/\\\/lobosnews.com.ar\\\/index.php\\\/2026\\\/09\\\/04\\\/12-anos-sin-gustavo-cerati-el-ultimo-show-de-su-vida-y-quienes-lo-acompanaron-en-sus-1571-dias-en-coma\\\/#article\",\"isPartOf\":{\"@id\":\"https:\\\/\\\/lobosnews.com.ar\\\/index.php\\\/2026\\\/09\\\/04\\\/12-anos-sin-gustavo-cerati-el-ultimo-show-de-su-vida-y-quienes-lo-acompanaron-en-sus-1571-dias-en-coma\\\/\"},\"author\":{\"name\":\"admin\",\"@id\":\"https:\\\/\\\/lobosnews.com.ar\\\/#\\\/schema\\\/person\\\/232422a593d5c541dd9aef6aaed10943\"},\"headline\":\"12 a\u00f1os sin Gustavo Cerati: el \u00faltimo show de su vida y qui\u00e9nes lo acompa\u00f1aron en sus 1571 d\u00edas en coma\",\"datePublished\":\"2026-09-04T05:00:00+00:00\",\"dateModified\":\"2026-09-04T12:00:35+00:00\",\"mainEntityOfPage\":{\"@id\":\"https:\\\/\\\/lobosnews.com.ar\\\/index.php\\\/2026\\\/09\\\/04\\\/12-anos-sin-gustavo-cerati-el-ultimo-show-de-su-vida-y-quienes-lo-acompanaron-en-sus-1571-dias-en-coma\\\/\"},\"wordCount\":1098,\"commentCount\":0,\"publisher\":{\"@id\":\"https:\\\/\\\/lobosnews.com.ar\\\/#organization\"},\"image\":{\"@id\":\"https:\\\/\\\/lobosnews.com.ar\\\/index.php\\\/2026\\\/09\\\/04\\\/12-anos-sin-gustavo-cerati-el-ultimo-show-de-su-vida-y-quienes-lo-acompanaron-en-sus-1571-dias-en-coma\\\/#primaryimage\"},\"thumbnailUrl\":\"https:\\\/\\\/lobosnews.com.ar\\\/wp-content\\\/uploads\\\/2026\\\/09\\\/12-anos-sin-gustavo-cerati-el-ultimo-show-de-su-vida-y-quienes-lo-acompanaron-en-sus-1571-dias-en-coma-8.jpg\",\"articleSection\":[\"Cine y Series\"],\"inLanguage\":\"es\",\"potentialAction\":[{\"@type\":\"CommentAction\",\"name\":\"Comment\",\"target\":[\"https:\\\/\\\/lobosnews.com.ar\\\/index.php\\\/2026\\\/09\\\/04\\\/12-anos-sin-gustavo-cerati-el-ultimo-show-de-su-vida-y-quienes-lo-acompanaron-en-sus-1571-dias-en-coma\\\/#respond\"]}]},{\"@type\":\"WebPage\",\"@id\":\"https:\\\/\\\/lobosnews.com.ar\\\/index.php\\\/2026\\\/09\\\/04\\\/12-anos-sin-gustavo-cerati-el-ultimo-show-de-su-vida-y-quienes-lo-acompanaron-en-sus-1571-dias-en-coma\\\/\",\"url\":\"https:\\\/\\\/lobosnews.com.ar\\\/index.php\\\/2026\\\/09\\\/04\\\/12-anos-sin-gustavo-cerati-el-ultimo-show-de-su-vida-y-quienes-lo-acompanaron-en-sus-1571-dias-en-coma\\\/\",\"name\":\"12 a\u00f1os sin Gustavo Cerati: el \u00faltimo show de su vida y qui\u00e9nes lo acompa\u00f1aron en sus 1571 d\u00edas en coma - Lobos News\",\"isPartOf\":{\"@id\":\"https:\\\/\\\/lobosnews.com.ar\\\/#website\"},\"primaryImageOfPage\":{\"@id\":\"https:\\\/\\\/lobosnews.com.ar\\\/index.php\\\/2026\\\/09\\\/04\\\/12-anos-sin-gustavo-cerati-el-ultimo-show-de-su-vida-y-quienes-lo-acompanaron-en-sus-1571-dias-en-coma\\\/#primaryimage\"},\"image\":{\"@id\":\"https:\\\/\\\/lobosnews.com.ar\\\/index.php\\\/2026\\\/09\\\/04\\\/12-anos-sin-gustavo-cerati-el-ultimo-show-de-su-vida-y-quienes-lo-acompanaron-en-sus-1571-dias-en-coma\\\/#primaryimage\"},\"thumbnailUrl\":\"https:\\\/\\\/lobosnews.com.ar\\\/wp-content\\\/uploads\\\/2026\\\/09\\\/12-anos-sin-gustavo-cerati-el-ultimo-show-de-su-vida-y-quienes-lo-acompanaron-en-sus-1571-dias-en-coma-8.jpg\",\"datePublished\":\"2026-09-04T05:00:00+00:00\",\"dateModified\":\"2026-09-04T12:00:35+00:00\",\"breadcrumb\":{\"@id\":\"https:\\\/\\\/lobosnews.com.ar\\\/index.php\\\/2026\\\/09\\\/04\\\/12-anos-sin-gustavo-cerati-el-ultimo-show-de-su-vida-y-quienes-lo-acompanaron-en-sus-1571-dias-en-coma\\\/#breadcrumb\"},\"inLanguage\":\"es\",\"potentialAction\":[{\"@type\":\"ReadAction\",\"target\":[\"https:\\\/\\\/lobosnews.com.ar\\\/index.php\\\/2026\\\/09\\\/04\\\/12-anos-sin-gustavo-cerati-el-ultimo-show-de-su-vida-y-quienes-lo-acompanaron-en-sus-1571-dias-en-coma\\\/\"]}]},{\"@type\":\"ImageObject\",\"inLanguage\":\"es\",\"@id\":\"https:\\\/\\\/lobosnews.com.ar\\\/index.php\\\/2026\\\/09\\\/04\\\/12-anos-sin-gustavo-cerati-el-ultimo-show-de-su-vida-y-quienes-lo-acompanaron-en-sus-1571-dias-en-coma\\\/#primaryimage\",\"url\":\"https:\\\/\\\/lobosnews.com.ar\\\/wp-content\\\/uploads\\\/2026\\\/09\\\/12-anos-sin-gustavo-cerati-el-ultimo-show-de-su-vida-y-quienes-lo-acompanaron-en-sus-1571-dias-en-coma-8.jpg\",\"contentUrl\":\"https:\\\/\\\/lobosnews.com.ar\\\/wp-content\\\/uploads\\\/2026\\\/09\\\/12-anos-sin-gustavo-cerati-el-ultimo-show-de-su-vida-y-quienes-lo-acompanaron-en-sus-1571-dias-en-coma-8.jpg\",\"width\":1920,\"height\":1440,\"caption\":\"12 a\u00f1os sin Gustavo Cerati: el \u00faltimo show de su vida y qui\u00e9nes lo acompa\u00f1aron en sus 1571 d\u00edas en coma\"},{\"@type\":\"BreadcrumbList\",\"@id\":\"https:\\\/\\\/lobosnews.com.ar\\\/index.php\\\/2026\\\/09\\\/04\\\/12-anos-sin-gustavo-cerati-el-ultimo-show-de-su-vida-y-quienes-lo-acompanaron-en-sus-1571-dias-en-coma\\\/#breadcrumb\",\"itemListElement\":[{\"@type\":\"ListItem\",\"position\":1,\"name\":\"Portada\",\"item\":\"https:\\\/\\\/lobosnews.com.ar\\\/\"},{\"@type\":\"ListItem\",\"position\":2,\"name\":\"12 a\u00f1os sin Gustavo Cerati: el \u00faltimo show de su vida y qui\u00e9nes lo acompa\u00f1aron en sus 1571 d\u00edas en coma\"}]},{\"@type\":\"WebSite\",\"@id\":\"https:\\\/\\\/lobosnews.com.ar\\\/#website\",\"url\":\"https:\\\/\\\/lobosnews.com.ar\\\/\",\"name\":\"Lobos News\",\"description\":\"Informaci\u00f3n a cada instante\",\"publisher\":{\"@id\":\"https:\\\/\\\/lobosnews.com.ar\\\/#organization\"},\"potentialAction\":[{\"@type\":\"SearchAction\",\"target\":{\"@type\":\"EntryPoint\",\"urlTemplate\":\"https:\\\/\\\/lobosnews.com.ar\\\/?s={search_term_string}\"},\"query-input\":{\"@type\":\"PropertyValueSpecification\",\"valueRequired\":true,\"valueName\":\"search_term_string\"}}],\"inLanguage\":\"es\"},{\"@type\":\"Organization\",\"@id\":\"https:\\\/\\\/lobosnews.com.ar\\\/#organization\",\"name\":\"Lobos News\",\"url\":\"https:\\\/\\\/lobosnews.com.ar\\\/\",\"logo\":{\"@type\":\"ImageObject\",\"inLanguage\":\"es\",\"@id\":\"https:\\\/\\\/lobosnews.com.ar\\\/#\\\/schema\\\/logo\\\/image\\\/\",\"url\":\"https:\\\/\\\/lobosnews.com.ar\\\/wp-content\\\/uploads\\\/2026\\\/01\\\/logo-lobosnews.png\",\"contentUrl\":\"https:\\\/\\\/lobosnews.com.ar\\\/wp-content\\\/uploads\\\/2026\\\/01\\\/logo-lobosnews.png\",\"width\":500,\"height\":200,\"caption\":\"Lobos News\"},\"image\":{\"@id\":\"https:\\\/\\\/lobosnews.com.ar\\\/#\\\/schema\\\/logo\\\/image\\\/\"}},{\"@type\":\"Person\",\"@id\":\"https:\\\/\\\/lobosnews.com.ar\\\/#\\\/schema\\\/person\\\/232422a593d5c541dd9aef6aaed10943\",\"name\":\"admin\",\"image\":{\"@type\":\"ImageObject\",\"inLanguage\":\"es\",\"@id\":\"https:\\\/\\\/secure.gravatar.com\\\/avatar\\\/76e419471a2083bc3ceab22a763dbbf9b0c1bd15a6214cf3280e2c2dde4580f9?s=96&d=mm&r=g\",\"url\":\"https:\\\/\\\/secure.gravatar.com\\\/avatar\\\/76e419471a2083bc3ceab22a763dbbf9b0c1bd15a6214cf3280e2c2dde4580f9?s=96&d=mm&r=g\",\"contentUrl\":\"https:\\\/\\\/secure.gravatar.com\\\/avatar\\\/76e419471a2083bc3ceab22a763dbbf9b0c1bd15a6214cf3280e2c2dde4580f9?s=96&d=mm&r=g\",\"caption\":\"admin\"},\"sameAs\":[\"https:\\\/\\\/lobosnews.com.ar\"],\"url\":\"https:\\\/\\\/lobosnews.com.ar\\\/index.php\\\/author\\\/lobos-news\\\/\"}]}<\/script>\n<!-- \/ Yoast SEO plugin. -->","yoast_head_json":{"title":"12 a\u00f1os sin Gustavo Cerati: el \u00faltimo show de su vida y qui\u00e9nes lo acompa\u00f1aron en sus 1571 d\u00edas en coma - Lobos News","robots":{"index":"index","follow":"follow","max-snippet":"max-snippet:-1","max-image-preview":"max-image-preview:large","max-video-preview":"max-video-preview:-1"},"canonical":"https:\/\/lobosnews.com.ar\/index.php\/2026\/09\/04\/12-anos-sin-gustavo-cerati-el-ultimo-show-de-su-vida-y-quienes-lo-acompanaron-en-sus-1571-dias-en-coma\/","og_locale":"es_ES","og_type":"article","og_title":"12 a\u00f1os sin Gustavo Cerati: el \u00faltimo show de su vida y qui\u00e9nes lo acompa\u00f1aron en sus 1571 d\u00edas en coma - Lobos News","og_description":"El 4 de septiembre de 2014 muri\u00f3 Gustavo Cerati, a los 55 a\u00f1os, luego de permanecer en coma durante 1571 d\u00edas, es decir, poco m\u00e1s de cuatro a\u00f1os. El desenlace se produjo por un paro cardiorrespiratorio en la habitaci\u00f3n 116 de la Cl\u00ednica ALCLA, en Buenos Aires, adonde hab\u00eda sido trasladado desde Venezuela tras sufrir...","og_url":"https:\/\/lobosnews.com.ar\/index.php\/2026\/09\/04\/12-anos-sin-gustavo-cerati-el-ultimo-show-de-su-vida-y-quienes-lo-acompanaron-en-sus-1571-dias-en-coma\/","og_site_name":"Lobos News","article_published_time":"2026-09-04T05:00:00+00:00","article_modified_time":"2026-09-04T12:00:35+00:00","og_image":[{"width":1920,"height":1440,"url":"https:\/\/lobosnews.com.ar\/wp-content\/uploads\/2026\/09\/12-anos-sin-gustavo-cerati-el-ultimo-show-de-su-vida-y-quienes-lo-acompanaron-en-sus-1571-dias-en-coma-8.jpg","type":"image\/jpeg"}],"author":"admin","twitter_card":"summary_large_image","twitter_misc":{"Escrito por":"admin","Tiempo de lectura":"5 minutos"},"schema":{"@context":"https:\/\/schema.org","@graph":[{"@type":"Article","@id":"https:\/\/lobosnews.com.ar\/index.php\/2026\/09\/04\/12-anos-sin-gustavo-cerati-el-ultimo-show-de-su-vida-y-quienes-lo-acompanaron-en-sus-1571-dias-en-coma\/#article","isPartOf":{"@id":"https:\/\/lobosnews.com.ar\/index.php\/2026\/09\/04\/12-anos-sin-gustavo-cerati-el-ultimo-show-de-su-vida-y-quienes-lo-acompanaron-en-sus-1571-dias-en-coma\/"},"author":{"name":"admin","@id":"https:\/\/lobosnews.com.ar\/#\/schema\/person\/232422a593d5c541dd9aef6aaed10943"},"headline":"12 a\u00f1os sin Gustavo Cerati: el \u00faltimo show de su vida y qui\u00e9nes lo acompa\u00f1aron en sus 1571 d\u00edas en coma","datePublished":"2026-09-04T05:00:00+00:00","dateModified":"2026-09-04T12:00:35+00:00","mainEntityOfPage":{"@id":"https:\/\/lobosnews.com.ar\/index.php\/2026\/09\/04\/12-anos-sin-gustavo-cerati-el-ultimo-show-de-su-vida-y-quienes-lo-acompanaron-en-sus-1571-dias-en-coma\/"},"wordCount":1098,"commentCount":0,"publisher":{"@id":"https:\/\/lobosnews.com.ar\/#organization"},"image":{"@id":"https:\/\/lobosnews.com.ar\/index.php\/2026\/09\/04\/12-anos-sin-gustavo-cerati-el-ultimo-show-de-su-vida-y-quienes-lo-acompanaron-en-sus-1571-dias-en-coma\/#primaryimage"},"thumbnailUrl":"https:\/\/lobosnews.com.ar\/wp-content\/uploads\/2026\/09\/12-anos-sin-gustavo-cerati-el-ultimo-show-de-su-vida-y-quienes-lo-acompanaron-en-sus-1571-dias-en-coma-8.jpg","articleSection":["Cine y Series"],"inLanguage":"es","potentialAction":[{"@type":"CommentAction","name":"Comment","target":["https:\/\/lobosnews.com.ar\/index.php\/2026\/09\/04\/12-anos-sin-gustavo-cerati-el-ultimo-show-de-su-vida-y-quienes-lo-acompanaron-en-sus-1571-dias-en-coma\/#respond"]}]},{"@type":"WebPage","@id":"https:\/\/lobosnews.com.ar\/index.php\/2026\/09\/04\/12-anos-sin-gustavo-cerati-el-ultimo-show-de-su-vida-y-quienes-lo-acompanaron-en-sus-1571-dias-en-coma\/","url":"https:\/\/lobosnews.com.ar\/index.php\/2026\/09\/04\/12-anos-sin-gustavo-cerati-el-ultimo-show-de-su-vida-y-quienes-lo-acompanaron-en-sus-1571-dias-en-coma\/","name":"12 a\u00f1os sin Gustavo Cerati: el \u00faltimo show de su vida y qui\u00e9nes lo acompa\u00f1aron en sus 1571 d\u00edas en coma - Lobos News","isPartOf":{"@id":"https:\/\/lobosnews.com.ar\/#website"},"primaryImageOfPage":{"@id":"https:\/\/lobosnews.com.ar\/index.php\/2026\/09\/04\/12-anos-sin-gustavo-cerati-el-ultimo-show-de-su-vida-y-quienes-lo-acompanaron-en-sus-1571-dias-en-coma\/#primaryimage"},"image":{"@id":"https:\/\/lobosnews.com.ar\/index.php\/2026\/09\/04\/12-anos-sin-gustavo-cerati-el-ultimo-show-de-su-vida-y-quienes-lo-acompanaron-en-sus-1571-dias-en-coma\/#primaryimage"},"thumbnailUrl":"https:\/\/lobosnews.com.ar\/wp-content\/uploads\/2026\/09\/12-anos-sin-gustavo-cerati-el-ultimo-show-de-su-vida-y-quienes-lo-acompanaron-en-sus-1571-dias-en-coma-8.jpg","datePublished":"2026-09-04T05:00:00+00:00","dateModified":"2026-09-04T12:00:35+00:00","breadcrumb":{"@id":"https:\/\/lobosnews.com.ar\/index.php\/2026\/09\/04\/12-anos-sin-gustavo-cerati-el-ultimo-show-de-su-vida-y-quienes-lo-acompanaron-en-sus-1571-dias-en-coma\/#breadcrumb"},"inLanguage":"es","potentialAction":[{"@type":"ReadAction","target":["https:\/\/lobosnews.com.ar\/index.php\/2026\/09\/04\/12-anos-sin-gustavo-cerati-el-ultimo-show-de-su-vida-y-quienes-lo-acompanaron-en-sus-1571-dias-en-coma\/"]}]},{"@type":"ImageObject","inLanguage":"es","@id":"https:\/\/lobosnews.com.ar\/index.php\/2026\/09\/04\/12-anos-sin-gustavo-cerati-el-ultimo-show-de-su-vida-y-quienes-lo-acompanaron-en-sus-1571-dias-en-coma\/#primaryimage","url":"https:\/\/lobosnews.com.ar\/wp-content\/uploads\/2026\/09\/12-anos-sin-gustavo-cerati-el-ultimo-show-de-su-vida-y-quienes-lo-acompanaron-en-sus-1571-dias-en-coma-8.jpg","contentUrl":"https:\/\/lobosnews.com.ar\/wp-content\/uploads\/2026\/09\/12-anos-sin-gustavo-cerati-el-ultimo-show-de-su-vida-y-quienes-lo-acompanaron-en-sus-1571-dias-en-coma-8.jpg","width":1920,"height":1440,"caption":"12 a\u00f1os sin Gustavo Cerati: el \u00faltimo show de su vida y qui\u00e9nes lo acompa\u00f1aron en sus 1571 d\u00edas en coma"},{"@type":"BreadcrumbList","@id":"https:\/\/lobosnews.com.ar\/index.php\/2026\/09\/04\/12-anos-sin-gustavo-cerati-el-ultimo-show-de-su-vida-y-quienes-lo-acompanaron-en-sus-1571-dias-en-coma\/#breadcrumb","itemListElement":[{"@type":"ListItem","position":1,"name":"Portada","item":"https:\/\/lobosnews.com.ar\/"},{"@type":"ListItem","position":2,"name":"12 a\u00f1os sin Gustavo Cerati: el \u00faltimo show de su vida y qui\u00e9nes lo acompa\u00f1aron en sus 1571 d\u00edas en coma"}]},{"@type":"WebSite","@id":"https:\/\/lobosnews.com.ar\/#website","url":"https:\/\/lobosnews.com.ar\/","name":"Lobos News","description":"Informaci\u00f3n a cada instante","publisher":{"@id":"https:\/\/lobosnews.com.ar\/#organization"},"potentialAction":[{"@type":"SearchAction","target":{"@type":"EntryPoint","urlTemplate":"https:\/\/lobosnews.com.ar\/?s={search_term_string}"},"query-input":{"@type":"PropertyValueSpecification","valueRequired":true,"valueName":"search_term_string"}}],"inLanguage":"es"},{"@type":"Organization","@id":"https:\/\/lobosnews.com.ar\/#organization","name":"Lobos News","url":"https:\/\/lobosnews.com.ar\/","logo":{"@type":"ImageObject","inLanguage":"es","@id":"https:\/\/lobosnews.com.ar\/#\/schema\/logo\/image\/","url":"https:\/\/lobosnews.com.ar\/wp-content\/uploads\/2026\/01\/logo-lobosnews.png","contentUrl":"https:\/\/lobosnews.com.ar\/wp-content\/uploads\/2026\/01\/logo-lobosnews.png","width":500,"height":200,"caption":"Lobos News"},"image":{"@id":"https:\/\/lobosnews.com.ar\/#\/schema\/logo\/image\/"}},{"@type":"Person","@id":"https:\/\/lobosnews.com.ar\/#\/schema\/person\/232422a593d5c541dd9aef6aaed10943","name":"admin","image":{"@type":"ImageObject","inLanguage":"es","@id":"https:\/\/secure.gravatar.com\/avatar\/76e419471a2083bc3ceab22a763dbbf9b0c1bd15a6214cf3280e2c2dde4580f9?s=96&d=mm&r=g","url":"https:\/\/secure.gravatar.com\/avatar\/76e419471a2083bc3ceab22a763dbbf9b0c1bd15a6214cf3280e2c2dde4580f9?s=96&d=mm&r=g","contentUrl":"https:\/\/secure.gravatar.com\/avatar\/76e419471a2083bc3ceab22a763dbbf9b0c1bd15a6214cf3280e2c2dde4580f9?s=96&d=mm&r=g","caption":"admin"},"sameAs":["https:\/\/lobosnews.com.ar"],"url":"https:\/\/lobosnews.com.ar\/index.php\/author\/lobos-news\/"}]}},"jetpack_featured_media_url":"https:\/\/lobosnews.com.ar\/wp-content\/uploads\/2026\/09\/12-anos-sin-gustavo-cerati-el-ultimo-show-de-su-vida-y-quienes-lo-acompanaron-en-sus-1571-dias-en-coma-8.jpg","jetpack_sharing_enabled":true,"_links":{"self":[{"href":"https:\/\/lobosnews.com.ar\/index.php\/wp-json\/wp\/v2\/posts\/97355","targetHints":{"allow":["GET"]}}],"collection":[{"href":"https:\/\/lobosnews.com.ar\/index.php\/wp-json\/wp\/v2\/posts"}],"about":[{"href":"https:\/\/lobosnews.com.ar\/index.php\/wp-json\/wp\/v2\/types\/post"}],"author":[{"embeddable":true,"href":"https:\/\/lobosnews.com.ar\/index.php\/wp-json\/wp\/v2\/users\/1"}],"replies":[{"embeddable":true,"href":"https:\/\/lobosnews.com.ar\/index.php\/wp-json\/wp\/v2\/comments?post=97355"}],"version-history":[{"count":1,"href":"https:\/\/lobosnews.com.ar\/index.php\/wp-json\/wp\/v2\/posts\/97355\/revisions"}],"predecessor-version":[{"id":97361,"href":"https:\/\/lobosnews.com.ar\/index.php\/wp-json\/wp\/v2\/posts\/97355\/revisions\/97361"}],"wp:featuredmedia":[{"embeddable":true,"href":"https:\/\/lobosnews.com.ar\/index.php\/wp-json\/wp\/v2\/media\/97362"}],"wp:attachment":[{"href":"https:\/\/lobosnews.com.ar\/index.php\/wp-json\/wp\/v2\/media?parent=97355"}],"wp:term":[{"taxonomy":"category","embeddable":true,"href":"https:\/\/lobosnews.com.ar\/index.php\/wp-json\/wp\/v2\/categories?post=97355"},{"taxonomy":"post_tag","embeddable":true,"href":"https:\/\/lobosnews.com.ar\/index.php\/wp-json\/wp\/v2\/tags?post=97355"}],"curies":[{"name":"wp","href":"https:\/\/api.w.org\/{rel}","templated":true}]}}