{"id":9733,"date":"2026-01-21T21:01:46","date_gmt":"2026-01-21T21:01:46","guid":{"rendered":"https:\/\/lobosnews.com.ar\/index.php\/2026\/01\/21\/la-figura-del-futbol-argentino-que-firmo-un-contrato-en-la-playa-hace-un-mes-pero-pidio-ir-a-san-lorenzo-estoy-para-jugar-manana\/"},"modified":"2026-01-21T21:48:45","modified_gmt":"2026-01-21T21:48:45","slug":"la-figura-del-futbol-argentino-que-firmo-un-contrato-en-la-playa-hace-un-mes-pero-pidio-ir-a-san-lorenzo-estoy-para-jugar-manana","status":"publish","type":"post","link":"https:\/\/lobosnews.com.ar\/index.php\/2026\/01\/21\/la-figura-del-futbol-argentino-que-firmo-un-contrato-en-la-playa-hace-un-mes-pero-pidio-ir-a-san-lorenzo-estoy-para-jugar-manana\/","title":{"rendered":"La figura del f\u00fatbol argentino que firm\u00f3 un contrato en la playa hace un mes, pero pidi\u00f3 ir a San Lorenzo: \u201cEstoy para jugar ma\u00f1ana\u201d"},"content":{"rendered":"<p><b>\u201cEn esta Navidad, los deseos se hacen realidad\u201d<\/b>. De esta manera, <b>Uni\u00f3n Espa\u00f1ola<\/b> de Chile present\u00f3 a <b>Emiliano Vecchio<\/b> como flamante refuerzo el 24 de diciembre pasado en redes sociales. De hecho, se hizo viral un video en el que firma su nuevo contrato desde la playa, pero el futbolista de 37 a\u00f1os se volvi\u00f3 a <b>Villa Ramallo<\/b> por promesas incumplidas desde la dirigencia y <b>acaba de expresar su intenci\u00f3n sin tapujos de ser refuerzo de San Lorenzo<\/b>.<\/p>\n<p>El ex hombre de <b>Rosario Central<\/b> y <b>Racing<\/b>, entre otros equipos, iba a intentar liderar un equipo que acaba de descender a la Segunda Divisi\u00f3n, pero los cortocircuitos con la directiva pusieron fin a su ef\u00edmera tercera etapa en el club. As\u00ed lo expres\u00f3 durante una entrevista con <i>TyC Sports<\/i>: \u201cEn diciembre, el presidente me pregunt\u00f3 si ten\u00eda ganas de volver al club y ayudar en la posici\u00f3n que est\u00e1. Le dije que me lo deje pensar. Yo tengo mi familia, mis hijos y una vida en la Argentina. Lo habl\u00e9 con mi pareja, le dimos para adelante. Ah\u00ed empezaron las negociaciones. Uni\u00f3n es un club que yo amo, era mi tercer pasaje y tampoco le ped\u00ed muchas cosas. <b>Las cosas b\u00e1sicas para estar c\u00f3modo: la casa, el traslado y algunas m\u00e1s, que el club se comprometi\u00f3 a cumplirlo<\/b>. Es lo normal en el f\u00fatbol, yo ten\u00eda que trasladarme con mi familia y mis hijos deb\u00edan cambiar el colegio\u201d.<\/p>\n<p>A continuaci\u00f3n, se\u00f1al\u00f3 las advertencias que le efectuaron y qu\u00e9 se encontr\u00f3 en su llegada: \u201cHubo gente que me dijo que tenga cuidado porque el club no est\u00e1 en las mejores condiciones. <b>Cuando llegu\u00e9, no me encontr\u00e9 con el mejor panorama. El club no me cumpli\u00f3 en nada de lo pactado, lamentablemente.<\/b> Son cosas que pasan, no lo tomo como algo tan terror\u00edfico, pero <b>las condiciones no estaban dadas. No me cumplieron nada, hasta tuvimos que pagar nosotros los pasajes.<\/b> Las cosas pasan por algo. El club est\u00e1 en Segunda Divisi\u00f3n y en un momento cr\u00edtico. Est\u00e1 gerenciado. El club est\u00e1 muy mal econ\u00f3mica, administrativa, organizativa y futbol\u00edsticamente. <b>Si a los 15 d\u00edas no me cumplen con nada, imag\u00ednate lo que iba a pasar en el a\u00f1o<\/b>\u201d.<\/p>\n<p>En este sentido, el futbolista se refiri\u00f3 a declaraciones suyas de hace pocas horas sobre su intenci\u00f3n clara y precisa de querer jugar en el <i>Cicl\u00f3n<\/i> para cumplir un sue\u00f1o: \u201cYo lo coment\u00e9 con un amigo, <b>las ganas de jugar en San Lorenzo estuvieron siempre<\/b>. Desde el d\u00eda que me fui de Central, recuerdo que habl\u00e9 con Maxi Bauza, el hijo del Pat\u00f3n, y por diferentes motivos no pude llegar. Termin\u00e9 llegando a Racing, y en todos los mercados de pases <b>tuve la ilusi\u00f3n de jugar en San Lorenzo<\/b>\u201d. Viene de jugar el \u00faltimo a\u00f1o en la Primera B Nacional con <b>Defensores de Belgrano<\/b> y en el Torneo Regional Amateur con <b>Regatas de San Nicol\u00e1s<\/b>.<\/p>\n<p><b>Vecchio <\/b>fue consultado sobre su elecci\u00f3n por el elenco de Boedo y no ocult\u00f3 el amor por los colores <i>azulgranas<\/i>: \u201c<b>Antes de ser jugador, fui hincha.<\/b> Iba a la cancha, he ido al Gas\u00f3metro tambi\u00e9n. Tengo muchos amigos de San Lorenzo, he ido a la cancha de grande y cada vez que jugaba era especial. <b>Por su gente e historia es un club que siempre quise jugar. <\/b>La gente de San Lorenzo lo sabe. No soy una persona con doble lectura, digo lo que pienso. Tengo much\u00edsimas ganas de jugar, esa es la verdad\u201d.<\/p>\n<p>Incluso, el ex jugador blanque\u00f3 conversaciones con la dirigencia: \u201c<b>He tenido contactos con gente de San Lorenzo, anteayer, ayer y hoy. Quedamos en seguir hablando, ahora en un rato se iban a comunicar conmigo. \u00cdbamos a hablar un poco m\u00e1s<\/b>\u201d. Y asegur\u00f3 que la parte salarial no ser\u00e1 un inconveniente para llegar a un acuerdo: \u201cLo econ\u00f3mico no es un problema para m\u00ed. S\u00e9 la realidad que vive San Lorenzo. Lo m\u00edo no pasa por la plata. Pasa por demostrar lo que puedo dar\u201d. Analiz\u00f3 que \u201cdel medio para adelante le falta parar la pelota un poco y jugar a otro ritmo\u201d. \u201cMe veo jugando en ese equipo. Ese es mi desaf\u00edo\u201d, lanz\u00f3.<\/p>\n<p>M\u00e1s adelante, profundiz\u00f3 en cu\u00e1les sus metas en el tramo final de la carrera y desprendi\u00f3 detalles sobre las charlas con los directivos: \u201cHablamos un poco, me comentaron que hay un proyecto con muchos chicos en el club, me dijeron que necesitaban alg\u00fan que otro jugador de experiencia. <b>Por ah\u00ed hab\u00eda salido que yo iba a jugar gratis, pero no.<\/b> Soy un jugador con experiencia, con ganas de jugar y <b>mi prioridad no es el dinero.<\/b> Es otra cosa. Me adapto a la realidad econ\u00f3mica, yo no tengo representante, me manejo solo y conmigo lo arreglan en dos horas. Les expres\u00e9 que mi idea pasa por un desaf\u00edo personal de volver a demostrar que, cuando estoy bien, <b>soy de los mejores jugadores del pa\u00eds<\/b>. Lo he demostrado en Central y Racing. <b>Quiero volver a demostrarlo, la edad no es un impedimento para m\u00ed<\/b>\u201d.<\/p>\n<p><img fetchpriority=\"high\" decoding=\"async\" src=\"https:\/\/lobosnews.com.ar\/wp-content\/uploads\/2026\/01\/la-figura-del-futbol-argentino-que-firmo-un-contrato-en-la-playa-hace-un-mes-pero-pidio-ir-a-san-lorenzo-estoy-para-jugar-manana.jpg\" alt=\"En 2025 jug\u00f3 en Primera B Nacional con Defensores de Belgrano y baj\u00f3 al Torneo Regional Amateur para desempe\u00f1arse en Regatas de San Nicol\u00e1s\" height=\"1391\" width=\"1870\"\/><\/p>\n<p><b>Emiliano Vecchio<\/b> asegur\u00f3 que est\u00e1 hablando con otros clubes, tanto de la <b>Liga Profesional<\/b> como de la <b>Primera B Nacional<\/b>, pero <b>\u201cno de la magnitud de San Lorenzo\u201d<\/b>. Asegur\u00f3 que no habl\u00f3 con el entrenador <b>Dami\u00e1n Ayude<\/b>, pero se mostr\u00f3 a disposici\u00f3n para sumarse a los entrenamientos: \u201c<b>Mi prioridad es San Lorenzo, quiero jugar ah\u00ed.<\/b> Lo dir\u00e9 por tercera vez: la plata no es un impedimento. Yo tengo mi vida en Argentina, no necesito nada, solo tengo que presentarme y jugar. En estos 20 d\u00edas hice una pretemporada en doble turno todos los d\u00edas, m\u00e1s all\u00e1 de que Uni\u00f3n Espa\u00f1ola no cumpl\u00eda conmigo. Estoy entrenado y quiero jugar un par de a\u00f1os m\u00e1s. <b>Estoy para jugar ma\u00f1ana si me necesitan.<\/b> Estoy espectacular de la parte f\u00edsica\u201d.<\/p>\n<p>El <i>Cicl\u00f3n <\/i>iniciar\u00e1 su camino en el Torneo Apertura este viernes desde las 19 ante Lan\u00fas en condici\u00f3n de local, el martes 27 visitar\u00e1 a Gimnasia de Mendoza (20:00), el s\u00e1bado 31 chocar\u00e1 con Central C\u00f3rdoba en el Bajo Flores (17:30) y el domingo 8 de febrero se medir\u00e1 a Hurac\u00e1n en el cl\u00e1sico a disputarse en Parque Patricios (19:15). Adem\u00e1s, tendr\u00e1 actividad continental porque obtuvo el pasaje a la Copa Sudamericana 2026.<\/p>\n","protected":false},"excerpt":{"rendered":"<p>\u201cEn esta Navidad, los deseos se hacen realidad\u201d. De esta manera, Uni\u00f3n Espa\u00f1ola de Chile present\u00f3 a Emiliano Vecchio como flamante refuerzo el 24 de diciembre pasado en redes sociales. De hecho, se hizo viral un video en el que firma su nuevo contrato desde la playa, pero el futbolista de 37 a\u00f1os se volvi\u00f3&#8230;<\/p>\n","protected":false},"author":1,"featured_media":0,"comment_status":"open","ping_status":"closed","sticky":false,"template":"","format":"standard","meta":{"_jetpack_memberships_contains_paid_content":false,"footnotes":""},"categories":[30],"tags":[39],"class_list":["post-9733","post","type-post","status-publish","format-standard","hentry","category-argentina","tag-deportes"],"magazineBlocksPostFeaturedMedia":{"thumbnail":false,"medium":false,"medium_large":false,"large":false,"1536x1536":false,"2048x2048":false,"newsmatic-featured":false,"newsmatic-list":false,"newsmatic-thumb":false,"newsmatic-small":false,"newsmatic-grid":false},"magazineBlocksPostAuthor":{"name":"admin","avatar":"https:\/\/secure.gravatar.com\/avatar\/76e419471a2083bc3ceab22a763dbbf9b0c1bd15a6214cf3280e2c2dde4580f9?s=96&d=mm&r=g"},"magazineBlocksPostCommentsNumber":"0","magazineBlocksPostExcerpt":"\u201cEn esta Navidad, los deseos se hacen realidad\u201d. De esta manera, Uni\u00f3n Espa\u00f1ola de Chile present\u00f3 a Emiliano Vecchio como flamante refuerzo el 24 de diciembre pasado en redes sociales. De hecho, se hizo viral un video en el que firma su nuevo contrato desde la playa, pero el futbolista de 37 a\u00f1os se volvi\u00f3...","magazineBlocksPostCategories":["Argentina"],"magazineBlocksPostViewCount":148,"magazineBlocksPostReadTime":6,"magazine_blocks_featured_image_url":{"full":false,"medium":false,"thumbnail":false},"magazine_blocks_author":{"display_name":"admin","author_link":"https:\/\/lobosnews.com.ar\/index.php\/author\/lobos-news\/"},"magazine_blocks_comment":0,"magazine_blocks_author_image":"https:\/\/secure.gravatar.com\/avatar\/76e419471a2083bc3ceab22a763dbbf9b0c1bd15a6214cf3280e2c2dde4580f9?s=96&d=mm&r=g","magazine_blocks_category":"<a href=\"#\" class=\"category-link category-link-30\">Argentina<\/a>","yoast_head":"<!-- This site is optimized with the Yoast SEO plugin v26.6 - https:\/\/yoast.com\/wordpress\/plugins\/seo\/ -->\n<title>La figura del f\u00fatbol argentino que firm\u00f3 un contrato en la playa hace un mes, pero pidi\u00f3 ir a San Lorenzo: \u201cEstoy para jugar ma\u00f1ana\u201d - Lobos News<\/title>\n<meta name=\"robots\" content=\"index, follow, max-snippet:-1, max-image-preview:large, max-video-preview:-1\" \/>\n<link rel=\"canonical\" href=\"https:\/\/lobosnews.com.ar\/index.php\/2026\/01\/21\/la-figura-del-futbol-argentino-que-firmo-un-contrato-en-la-playa-hace-un-mes-pero-pidio-ir-a-san-lorenzo-estoy-para-jugar-manana\/\" \/>\n<meta property=\"og:locale\" content=\"es_ES\" \/>\n<meta property=\"og:type\" content=\"article\" \/>\n<meta property=\"og:title\" content=\"La figura del f\u00fatbol argentino que firm\u00f3 un contrato en la playa hace un mes, pero pidi\u00f3 ir a San Lorenzo: \u201cEstoy para jugar ma\u00f1ana\u201d - Lobos News\" \/>\n<meta property=\"og:description\" content=\"\u201cEn esta Navidad, los deseos se hacen realidad\u201d. De esta manera, Uni\u00f3n Espa\u00f1ola de Chile present\u00f3 a Emiliano Vecchio como flamante refuerzo el 24 de diciembre pasado en redes sociales. De hecho, se hizo viral un video en el que firma su nuevo contrato desde la playa, pero el futbolista de 37 a\u00f1os se volvi\u00f3...\" \/>\n<meta property=\"og:url\" content=\"https:\/\/lobosnews.com.ar\/index.php\/2026\/01\/21\/la-figura-del-futbol-argentino-que-firmo-un-contrato-en-la-playa-hace-un-mes-pero-pidio-ir-a-san-lorenzo-estoy-para-jugar-manana\/\" \/>\n<meta property=\"og:site_name\" content=\"Lobos News\" \/>\n<meta property=\"article:published_time\" content=\"2026-01-21T21:01:46+00:00\" \/>\n<meta property=\"article:modified_time\" content=\"2026-01-21T21:48:45+00:00\" \/>\n<meta property=\"og:image\" content=\"https:\/\/lobosnews.com.ar\/wp-content\/uploads\/2026\/01\/la-figura-del-futbol-argentino-que-firmo-un-contrato-en-la-playa-hace-un-mes-pero-pidio-ir-a-san-lorenzo-estoy-para-jugar-manana.jpg\" \/>\n<meta name=\"author\" content=\"admin\" \/>\n<meta name=\"twitter:card\" content=\"summary_large_image\" \/>\n<meta name=\"twitter:label1\" content=\"Escrito por\" \/>\n\t<meta name=\"twitter:data1\" content=\"admin\" \/>\n\t<meta name=\"twitter:label2\" content=\"Tiempo de lectura\" \/>\n\t<meta name=\"twitter:data2\" content=\"5 minutos\" \/>\n<script type=\"application\/ld+json\" class=\"yoast-schema-graph\">{\"@context\":\"https:\/\/schema.org\",\"@graph\":[{\"@type\":\"Article\",\"@id\":\"https:\/\/lobosnews.com.ar\/index.php\/2026\/01\/21\/la-figura-del-futbol-argentino-que-firmo-un-contrato-en-la-playa-hace-un-mes-pero-pidio-ir-a-san-lorenzo-estoy-para-jugar-manana\/#article\",\"isPartOf\":{\"@id\":\"https:\/\/lobosnews.com.ar\/index.php\/2026\/01\/21\/la-figura-del-futbol-argentino-que-firmo-un-contrato-en-la-playa-hace-un-mes-pero-pidio-ir-a-san-lorenzo-estoy-para-jugar-manana\/\"},\"author\":{\"name\":\"admin\",\"@id\":\"https:\/\/lobosnews.com.ar\/#\/schema\/person\/232422a593d5c541dd9aef6aaed10943\"},\"headline\":\"La figura del f\u00fatbol argentino que firm\u00f3 un contrato en la playa hace un mes, pero pidi\u00f3 ir a San Lorenzo: \u201cEstoy para jugar ma\u00f1ana\u201d\",\"datePublished\":\"2026-01-21T21:01:46+00:00\",\"dateModified\":\"2026-01-21T21:48:45+00:00\",\"mainEntityOfPage\":{\"@id\":\"https:\/\/lobosnews.com.ar\/index.php\/2026\/01\/21\/la-figura-del-futbol-argentino-que-firmo-un-contrato-en-la-playa-hace-un-mes-pero-pidio-ir-a-san-lorenzo-estoy-para-jugar-manana\/\"},\"wordCount\":1111,\"commentCount\":0,\"publisher\":{\"@id\":\"https:\/\/lobosnews.com.ar\/#organization\"},\"image\":{\"@id\":\"https:\/\/lobosnews.com.ar\/index.php\/2026\/01\/21\/la-figura-del-futbol-argentino-que-firmo-un-contrato-en-la-playa-hace-un-mes-pero-pidio-ir-a-san-lorenzo-estoy-para-jugar-manana\/#primaryimage\"},\"thumbnailUrl\":\"https:\/\/lobosnews.com.ar\/wp-content\/uploads\/2026\/01\/la-figura-del-futbol-argentino-que-firmo-un-contrato-en-la-playa-hace-un-mes-pero-pidio-ir-a-san-lorenzo-estoy-para-jugar-manana.jpg\",\"keywords\":[\"Deportes\"],\"articleSection\":[\"Argentina\"],\"inLanguage\":\"es\",\"potentialAction\":[{\"@type\":\"CommentAction\",\"name\":\"Comment\",\"target\":[\"https:\/\/lobosnews.com.ar\/index.php\/2026\/01\/21\/la-figura-del-futbol-argentino-que-firmo-un-contrato-en-la-playa-hace-un-mes-pero-pidio-ir-a-san-lorenzo-estoy-para-jugar-manana\/#respond\"]}]},{\"@type\":\"WebPage\",\"@id\":\"https:\/\/lobosnews.com.ar\/index.php\/2026\/01\/21\/la-figura-del-futbol-argentino-que-firmo-un-contrato-en-la-playa-hace-un-mes-pero-pidio-ir-a-san-lorenzo-estoy-para-jugar-manana\/\",\"url\":\"https:\/\/lobosnews.com.ar\/index.php\/2026\/01\/21\/la-figura-del-futbol-argentino-que-firmo-un-contrato-en-la-playa-hace-un-mes-pero-pidio-ir-a-san-lorenzo-estoy-para-jugar-manana\/\",\"name\":\"La figura del f\u00fatbol argentino que firm\u00f3 un contrato en la playa hace un mes, pero pidi\u00f3 ir a San Lorenzo: \u201cEstoy para jugar ma\u00f1ana\u201d - Lobos News\",\"isPartOf\":{\"@id\":\"https:\/\/lobosnews.com.ar\/#website\"},\"primaryImageOfPage\":{\"@id\":\"https:\/\/lobosnews.com.ar\/index.php\/2026\/01\/21\/la-figura-del-futbol-argentino-que-firmo-un-contrato-en-la-playa-hace-un-mes-pero-pidio-ir-a-san-lorenzo-estoy-para-jugar-manana\/#primaryimage\"},\"image\":{\"@id\":\"https:\/\/lobosnews.com.ar\/index.php\/2026\/01\/21\/la-figura-del-futbol-argentino-que-firmo-un-contrato-en-la-playa-hace-un-mes-pero-pidio-ir-a-san-lorenzo-estoy-para-jugar-manana\/#primaryimage\"},\"thumbnailUrl\":\"https:\/\/lobosnews.com.ar\/wp-content\/uploads\/2026\/01\/la-figura-del-futbol-argentino-que-firmo-un-contrato-en-la-playa-hace-un-mes-pero-pidio-ir-a-san-lorenzo-estoy-para-jugar-manana.jpg\",\"datePublished\":\"2026-01-21T21:01:46+00:00\",\"dateModified\":\"2026-01-21T21:48:45+00:00\",\"breadcrumb\":{\"@id\":\"https:\/\/lobosnews.com.ar\/index.php\/2026\/01\/21\/la-figura-del-futbol-argentino-que-firmo-un-contrato-en-la-playa-hace-un-mes-pero-pidio-ir-a-san-lorenzo-estoy-para-jugar-manana\/#breadcrumb\"},\"inLanguage\":\"es\",\"potentialAction\":[{\"@type\":\"ReadAction\",\"target\":[\"https:\/\/lobosnews.com.ar\/index.php\/2026\/01\/21\/la-figura-del-futbol-argentino-que-firmo-un-contrato-en-la-playa-hace-un-mes-pero-pidio-ir-a-san-lorenzo-estoy-para-jugar-manana\/\"]}]},{\"@type\":\"ImageObject\",\"inLanguage\":\"es\",\"@id\":\"https:\/\/lobosnews.com.ar\/index.php\/2026\/01\/21\/la-figura-del-futbol-argentino-que-firmo-un-contrato-en-la-playa-hace-un-mes-pero-pidio-ir-a-san-lorenzo-estoy-para-jugar-manana\/#primaryimage\",\"url\":\"https:\/\/lobosnews.com.ar\/wp-content\/uploads\/2026\/01\/la-figura-del-futbol-argentino-que-firmo-un-contrato-en-la-playa-hace-un-mes-pero-pidio-ir-a-san-lorenzo-estoy-para-jugar-manana.jpg\",\"contentUrl\":\"https:\/\/lobosnews.com.ar\/wp-content\/uploads\/2026\/01\/la-figura-del-futbol-argentino-que-firmo-un-contrato-en-la-playa-hace-un-mes-pero-pidio-ir-a-san-lorenzo-estoy-para-jugar-manana.jpg\"},{\"@type\":\"BreadcrumbList\",\"@id\":\"https:\/\/lobosnews.com.ar\/index.php\/2026\/01\/21\/la-figura-del-futbol-argentino-que-firmo-un-contrato-en-la-playa-hace-un-mes-pero-pidio-ir-a-san-lorenzo-estoy-para-jugar-manana\/#breadcrumb\",\"itemListElement\":[{\"@type\":\"ListItem\",\"position\":1,\"name\":\"Portada\",\"item\":\"https:\/\/lobosnews.com.ar\/\"},{\"@type\":\"ListItem\",\"position\":2,\"name\":\"La figura del f\u00fatbol argentino que firm\u00f3 un contrato en la playa hace un mes, pero pidi\u00f3 ir a San Lorenzo: \u201cEstoy para jugar ma\u00f1ana\u201d\"}]},{\"@type\":\"WebSite\",\"@id\":\"https:\/\/lobosnews.com.ar\/#website\",\"url\":\"https:\/\/lobosnews.com.ar\/\",\"name\":\"Lobos News\",\"description\":\"Informaci\u00f3n a cada instante\",\"publisher\":{\"@id\":\"https:\/\/lobosnews.com.ar\/#organization\"},\"potentialAction\":[{\"@type\":\"SearchAction\",\"target\":{\"@type\":\"EntryPoint\",\"urlTemplate\":\"https:\/\/lobosnews.com.ar\/?s={search_term_string}\"},\"query-input\":{\"@type\":\"PropertyValueSpecification\",\"valueRequired\":true,\"valueName\":\"search_term_string\"}}],\"inLanguage\":\"es\"},{\"@type\":\"Organization\",\"@id\":\"https:\/\/lobosnews.com.ar\/#organization\",\"name\":\"Lobos News\",\"url\":\"https:\/\/lobosnews.com.ar\/\",\"logo\":{\"@type\":\"ImageObject\",\"inLanguage\":\"es\",\"@id\":\"https:\/\/lobosnews.com.ar\/#\/schema\/logo\/image\/\",\"url\":\"https:\/\/lobosnews.com.ar\/wp-content\/uploads\/2026\/01\/logo-lobosnews.png\",\"contentUrl\":\"https:\/\/lobosnews.com.ar\/wp-content\/uploads\/2026\/01\/logo-lobosnews.png\",\"width\":500,\"height\":200,\"caption\":\"Lobos News\"},\"image\":{\"@id\":\"https:\/\/lobosnews.com.ar\/#\/schema\/logo\/image\/\"}},{\"@type\":\"Person\",\"@id\":\"https:\/\/lobosnews.com.ar\/#\/schema\/person\/232422a593d5c541dd9aef6aaed10943\",\"name\":\"admin\",\"image\":{\"@type\":\"ImageObject\",\"inLanguage\":\"es\",\"@id\":\"https:\/\/lobosnews.com.ar\/#\/schema\/person\/image\/\",\"url\":\"https:\/\/secure.gravatar.com\/avatar\/76e419471a2083bc3ceab22a763dbbf9b0c1bd15a6214cf3280e2c2dde4580f9?s=96&d=mm&r=g\",\"contentUrl\":\"https:\/\/secure.gravatar.com\/avatar\/76e419471a2083bc3ceab22a763dbbf9b0c1bd15a6214cf3280e2c2dde4580f9?s=96&d=mm&r=g\",\"caption\":\"admin\"},\"sameAs\":[\"https:\/\/lobosnews.com.ar\"],\"url\":\"https:\/\/lobosnews.com.ar\/index.php\/author\/lobos-news\/\"}]}<\/script>\n<!-- \/ Yoast SEO plugin. -->","yoast_head_json":{"title":"La figura del f\u00fatbol argentino que firm\u00f3 un contrato en la playa hace un mes, pero pidi\u00f3 ir a San Lorenzo: \u201cEstoy para jugar ma\u00f1ana\u201d - Lobos News","robots":{"index":"index","follow":"follow","max-snippet":"max-snippet:-1","max-image-preview":"max-image-preview:large","max-video-preview":"max-video-preview:-1"},"canonical":"https:\/\/lobosnews.com.ar\/index.php\/2026\/01\/21\/la-figura-del-futbol-argentino-que-firmo-un-contrato-en-la-playa-hace-un-mes-pero-pidio-ir-a-san-lorenzo-estoy-para-jugar-manana\/","og_locale":"es_ES","og_type":"article","og_title":"La figura del f\u00fatbol argentino que firm\u00f3 un contrato en la playa hace un mes, pero pidi\u00f3 ir a San Lorenzo: \u201cEstoy para jugar ma\u00f1ana\u201d - Lobos News","og_description":"\u201cEn esta Navidad, los deseos se hacen realidad\u201d. De esta manera, Uni\u00f3n Espa\u00f1ola de Chile present\u00f3 a Emiliano Vecchio como flamante refuerzo el 24 de diciembre pasado en redes sociales. De hecho, se hizo viral un video en el que firma su nuevo contrato desde la playa, pero el futbolista de 37 a\u00f1os se volvi\u00f3...","og_url":"https:\/\/lobosnews.com.ar\/index.php\/2026\/01\/21\/la-figura-del-futbol-argentino-que-firmo-un-contrato-en-la-playa-hace-un-mes-pero-pidio-ir-a-san-lorenzo-estoy-para-jugar-manana\/","og_site_name":"Lobos News","article_published_time":"2026-01-21T21:01:46+00:00","article_modified_time":"2026-01-21T21:48:45+00:00","og_image":[{"url":"https:\/\/lobosnews.com.ar\/wp-content\/uploads\/2026\/01\/la-figura-del-futbol-argentino-que-firmo-un-contrato-en-la-playa-hace-un-mes-pero-pidio-ir-a-san-lorenzo-estoy-para-jugar-manana.jpg","type":"","width":"","height":""}],"author":"admin","twitter_card":"summary_large_image","twitter_misc":{"Escrito por":"admin","Tiempo de lectura":"5 minutos"},"schema":{"@context":"https:\/\/schema.org","@graph":[{"@type":"Article","@id":"https:\/\/lobosnews.com.ar\/index.php\/2026\/01\/21\/la-figura-del-futbol-argentino-que-firmo-un-contrato-en-la-playa-hace-un-mes-pero-pidio-ir-a-san-lorenzo-estoy-para-jugar-manana\/#article","isPartOf":{"@id":"https:\/\/lobosnews.com.ar\/index.php\/2026\/01\/21\/la-figura-del-futbol-argentino-que-firmo-un-contrato-en-la-playa-hace-un-mes-pero-pidio-ir-a-san-lorenzo-estoy-para-jugar-manana\/"},"author":{"name":"admin","@id":"https:\/\/lobosnews.com.ar\/#\/schema\/person\/232422a593d5c541dd9aef6aaed10943"},"headline":"La figura del f\u00fatbol argentino que firm\u00f3 un contrato en la playa hace un mes, pero pidi\u00f3 ir a San Lorenzo: \u201cEstoy para jugar ma\u00f1ana\u201d","datePublished":"2026-01-21T21:01:46+00:00","dateModified":"2026-01-21T21:48:45+00:00","mainEntityOfPage":{"@id":"https:\/\/lobosnews.com.ar\/index.php\/2026\/01\/21\/la-figura-del-futbol-argentino-que-firmo-un-contrato-en-la-playa-hace-un-mes-pero-pidio-ir-a-san-lorenzo-estoy-para-jugar-manana\/"},"wordCount":1111,"commentCount":0,"publisher":{"@id":"https:\/\/lobosnews.com.ar\/#organization"},"image":{"@id":"https:\/\/lobosnews.com.ar\/index.php\/2026\/01\/21\/la-figura-del-futbol-argentino-que-firmo-un-contrato-en-la-playa-hace-un-mes-pero-pidio-ir-a-san-lorenzo-estoy-para-jugar-manana\/#primaryimage"},"thumbnailUrl":"https:\/\/lobosnews.com.ar\/wp-content\/uploads\/2026\/01\/la-figura-del-futbol-argentino-que-firmo-un-contrato-en-la-playa-hace-un-mes-pero-pidio-ir-a-san-lorenzo-estoy-para-jugar-manana.jpg","keywords":["Deportes"],"articleSection":["Argentina"],"inLanguage":"es","potentialAction":[{"@type":"CommentAction","name":"Comment","target":["https:\/\/lobosnews.com.ar\/index.php\/2026\/01\/21\/la-figura-del-futbol-argentino-que-firmo-un-contrato-en-la-playa-hace-un-mes-pero-pidio-ir-a-san-lorenzo-estoy-para-jugar-manana\/#respond"]}]},{"@type":"WebPage","@id":"https:\/\/lobosnews.com.ar\/index.php\/2026\/01\/21\/la-figura-del-futbol-argentino-que-firmo-un-contrato-en-la-playa-hace-un-mes-pero-pidio-ir-a-san-lorenzo-estoy-para-jugar-manana\/","url":"https:\/\/lobosnews.com.ar\/index.php\/2026\/01\/21\/la-figura-del-futbol-argentino-que-firmo-un-contrato-en-la-playa-hace-un-mes-pero-pidio-ir-a-san-lorenzo-estoy-para-jugar-manana\/","name":"La figura del f\u00fatbol argentino que firm\u00f3 un contrato en la playa hace un mes, pero pidi\u00f3 ir a San Lorenzo: \u201cEstoy para jugar ma\u00f1ana\u201d - Lobos News","isPartOf":{"@id":"https:\/\/lobosnews.com.ar\/#website"},"primaryImageOfPage":{"@id":"https:\/\/lobosnews.com.ar\/index.php\/2026\/01\/21\/la-figura-del-futbol-argentino-que-firmo-un-contrato-en-la-playa-hace-un-mes-pero-pidio-ir-a-san-lorenzo-estoy-para-jugar-manana\/#primaryimage"},"image":{"@id":"https:\/\/lobosnews.com.ar\/index.php\/2026\/01\/21\/la-figura-del-futbol-argentino-que-firmo-un-contrato-en-la-playa-hace-un-mes-pero-pidio-ir-a-san-lorenzo-estoy-para-jugar-manana\/#primaryimage"},"thumbnailUrl":"https:\/\/lobosnews.com.ar\/wp-content\/uploads\/2026\/01\/la-figura-del-futbol-argentino-que-firmo-un-contrato-en-la-playa-hace-un-mes-pero-pidio-ir-a-san-lorenzo-estoy-para-jugar-manana.jpg","datePublished":"2026-01-21T21:01:46+00:00","dateModified":"2026-01-21T21:48:45+00:00","breadcrumb":{"@id":"https:\/\/lobosnews.com.ar\/index.php\/2026\/01\/21\/la-figura-del-futbol-argentino-que-firmo-un-contrato-en-la-playa-hace-un-mes-pero-pidio-ir-a-san-lorenzo-estoy-para-jugar-manana\/#breadcrumb"},"inLanguage":"es","potentialAction":[{"@type":"ReadAction","target":["https:\/\/lobosnews.com.ar\/index.php\/2026\/01\/21\/la-figura-del-futbol-argentino-que-firmo-un-contrato-en-la-playa-hace-un-mes-pero-pidio-ir-a-san-lorenzo-estoy-para-jugar-manana\/"]}]},{"@type":"ImageObject","inLanguage":"es","@id":"https:\/\/lobosnews.com.ar\/index.php\/2026\/01\/21\/la-figura-del-futbol-argentino-que-firmo-un-contrato-en-la-playa-hace-un-mes-pero-pidio-ir-a-san-lorenzo-estoy-para-jugar-manana\/#primaryimage","url":"https:\/\/lobosnews.com.ar\/wp-content\/uploads\/2026\/01\/la-figura-del-futbol-argentino-que-firmo-un-contrato-en-la-playa-hace-un-mes-pero-pidio-ir-a-san-lorenzo-estoy-para-jugar-manana.jpg","contentUrl":"https:\/\/lobosnews.com.ar\/wp-content\/uploads\/2026\/01\/la-figura-del-futbol-argentino-que-firmo-un-contrato-en-la-playa-hace-un-mes-pero-pidio-ir-a-san-lorenzo-estoy-para-jugar-manana.jpg"},{"@type":"BreadcrumbList","@id":"https:\/\/lobosnews.com.ar\/index.php\/2026\/01\/21\/la-figura-del-futbol-argentino-que-firmo-un-contrato-en-la-playa-hace-un-mes-pero-pidio-ir-a-san-lorenzo-estoy-para-jugar-manana\/#breadcrumb","itemListElement":[{"@type":"ListItem","position":1,"name":"Portada","item":"https:\/\/lobosnews.com.ar\/"},{"@type":"ListItem","position":2,"name":"La figura del f\u00fatbol argentino que firm\u00f3 un contrato en la playa hace un mes, pero pidi\u00f3 ir a San Lorenzo: \u201cEstoy para jugar ma\u00f1ana\u201d"}]},{"@type":"WebSite","@id":"https:\/\/lobosnews.com.ar\/#website","url":"https:\/\/lobosnews.com.ar\/","name":"Lobos News","description":"Informaci\u00f3n a cada instante","publisher":{"@id":"https:\/\/lobosnews.com.ar\/#organization"},"potentialAction":[{"@type":"SearchAction","target":{"@type":"EntryPoint","urlTemplate":"https:\/\/lobosnews.com.ar\/?s={search_term_string}"},"query-input":{"@type":"PropertyValueSpecification","valueRequired":true,"valueName":"search_term_string"}}],"inLanguage":"es"},{"@type":"Organization","@id":"https:\/\/lobosnews.com.ar\/#organization","name":"Lobos News","url":"https:\/\/lobosnews.com.ar\/","logo":{"@type":"ImageObject","inLanguage":"es","@id":"https:\/\/lobosnews.com.ar\/#\/schema\/logo\/image\/","url":"https:\/\/lobosnews.com.ar\/wp-content\/uploads\/2026\/01\/logo-lobosnews.png","contentUrl":"https:\/\/lobosnews.com.ar\/wp-content\/uploads\/2026\/01\/logo-lobosnews.png","width":500,"height":200,"caption":"Lobos News"},"image":{"@id":"https:\/\/lobosnews.com.ar\/#\/schema\/logo\/image\/"}},{"@type":"Person","@id":"https:\/\/lobosnews.com.ar\/#\/schema\/person\/232422a593d5c541dd9aef6aaed10943","name":"admin","image":{"@type":"ImageObject","inLanguage":"es","@id":"https:\/\/lobosnews.com.ar\/#\/schema\/person\/image\/","url":"https:\/\/secure.gravatar.com\/avatar\/76e419471a2083bc3ceab22a763dbbf9b0c1bd15a6214cf3280e2c2dde4580f9?s=96&d=mm&r=g","contentUrl":"https:\/\/secure.gravatar.com\/avatar\/76e419471a2083bc3ceab22a763dbbf9b0c1bd15a6214cf3280e2c2dde4580f9?s=96&d=mm&r=g","caption":"admin"},"sameAs":["https:\/\/lobosnews.com.ar"],"url":"https:\/\/lobosnews.com.ar\/index.php\/author\/lobos-news\/"}]}},"jetpack_featured_media_url":"","jetpack_sharing_enabled":true,"_links":{"self":[{"href":"https:\/\/lobosnews.com.ar\/index.php\/wp-json\/wp\/v2\/posts\/9733","targetHints":{"allow":["GET"]}}],"collection":[{"href":"https:\/\/lobosnews.com.ar\/index.php\/wp-json\/wp\/v2\/posts"}],"about":[{"href":"https:\/\/lobosnews.com.ar\/index.php\/wp-json\/wp\/v2\/types\/post"}],"author":[{"embeddable":true,"href":"https:\/\/lobosnews.com.ar\/index.php\/wp-json\/wp\/v2\/users\/1"}],"replies":[{"embeddable":true,"href":"https:\/\/lobosnews.com.ar\/index.php\/wp-json\/wp\/v2\/comments?post=9733"}],"version-history":[{"count":1,"href":"https:\/\/lobosnews.com.ar\/index.php\/wp-json\/wp\/v2\/posts\/9733\/revisions"}],"predecessor-version":[{"id":9735,"href":"https:\/\/lobosnews.com.ar\/index.php\/wp-json\/wp\/v2\/posts\/9733\/revisions\/9735"}],"wp:attachment":[{"href":"https:\/\/lobosnews.com.ar\/index.php\/wp-json\/wp\/v2\/media?parent=9733"}],"wp:term":[{"taxonomy":"category","embeddable":true,"href":"https:\/\/lobosnews.com.ar\/index.php\/wp-json\/wp\/v2\/categories?post=9733"},{"taxonomy":"post_tag","embeddable":true,"href":"https:\/\/lobosnews.com.ar\/index.php\/wp-json\/wp\/v2\/tags?post=9733"}],"curies":[{"name":"wp","href":"https:\/\/api.w.org\/{rel}","templated":true}]}}