{"id":97303,"date":"2026-09-04T11:17:13","date_gmt":"2026-09-04T11:17:13","guid":{"rendered":"https:\/\/lobosnews.com.ar\/?p=97303"},"modified":"2026-09-04T11:59:36","modified_gmt":"2026-09-04T11:59:36","slug":"impacto-en-la-formula-1-le-quitaron-el-podio-a-pierre-gasly-del-gp-de-monaco-y-alpine-perdera-puntos-clave-en-la-pelea-con-racing-bulls","status":"publish","type":"post","link":"https:\/\/lobosnews.com.ar\/index.php\/2026\/09\/04\/impacto-en-la-formula-1-le-quitaron-el-podio-a-pierre-gasly-del-gp-de-monaco-y-alpine-perdera-puntos-clave-en-la-pelea-con-racing-bulls\/","title":{"rendered":"Impacto en la F\u00f3rmula 1: le quitaron el podio a Pierre Gasly del GP de M\u00f3naco y Alpine perder\u00e1 puntos clave en la pelea con Racing Bulls"},"content":{"rendered":"<p><!DOCTYPE html><br \/>\n<html><br \/>\n<head><br \/>\n<meta name=\"viewport\" content=\"width=device-width, initial-scale=1\"><\/p>\n<style>\n.container-video { position: relative; width: 100%; overflow: hidden; padding-top: 56.25%;\n}\n.responsive-iframe-video { position: absolute; top: 0; left: 0; bottom: 0; right: 0; width: 100%; height: 100%; border: none;\n}\n<\/style>\n<p><\/head><br \/>\n<body><\/p>\n<div class=\"container-video\"> <iframe title=\"video-espn\" class=\"responsive-iframe-video\" src=\"https:\/\/www.espn.com.ar\/core\/video\/iframe?id=16808639&#038;endcard=false&#038;omniReportSuite=wdgespge\" allowfullscreen><\/iframe>\n<\/div>\n<p><\/body><br \/>\n<\/html><\/p>\n<p>El Tribunal de Apelaciones de la Federaci\u00f3n Internacional del Autom\u00f3vil (FIA) tom\u00f3 una decisi\u00f3n este viernes que impacta de lleno en la F\u00f3rmula 1:<b> le quit\u00f3 el podio que <\/b><span class=\"waslinkname\"><b>le hab\u00edan restituido a Pierre Gasly<\/b><\/span> del <span class=\"waslinkname\">Gran Premio de M\u00f3naco<\/span>. El franc\u00e9s, que hab\u00eda cruzado la meta en tercer lugar, hab\u00eda sido castigado por un <span class=\"waslinkname\">error de medici\u00f3n<\/span> y hab\u00eda ca\u00eddo al s\u00e9ptimo lugar. Si bien d\u00edas m\u00e1s tarde le devolvieron su lugar en el tercer pelda\u00f1o del podio, <span class=\"waslinkname\">el reclamo de otras escuder\u00edas<\/span> deriv\u00f3 en que nuevamente sea empujado al 7\u00b0 puesto.<\/p>\n<p>\u201c<b>El equipo expresa su decepci\u00f3n y frustraci\u00f3n por el fallo emitido por la Corte Internacional de Apelaciones de la FIA en relaci\u00f3n con el resultado del Gran Premio de M\u00f3naco de 2026<\/b>. Si bien no estamos de acuerdo con la decisi\u00f3n, y <b>seguimos sosteniendo firmemente que el auto n.\u00ba 10 no excedi\u00f3 el l\u00edmite de velocidad en el pit lane en ning\u00fan momento<\/b> durante la carrera, el equipo <b>reconoce la decisi\u00f3n del panel de jueces<\/b> de la reciente audiencia celebrada en Par\u00eds\u201d, expres\u00f3 Alpine en un comunicado.<\/p>\n<p>\u201c<b>Aunque el resultado no es el que esper\u00e1bamos, ya que consideramos que hemos sido sancionados injustamente<\/b>, el equipo est\u00e1 firmemente enfocado en seguir mejorando su desempe\u00f1o en la pista y se mantiene en una contienda por el campeonato re\u00f1ida y muy competitiva. <b>Este resultado no desalentar\u00e1 los esfuerzos ni la motivaci\u00f3n del equipo<\/b> para alcanzar sus objetivos antes de que termine la temporada\u201d, agregaron en un comunicado que difundieron durante los primeros minutos de la pr\u00e1ctica libre del Gran Premio de Italia en Monza.<\/p>\n<p><img fetchpriority=\"high\" decoding=\"async\" src=\"https:\/\/lobosnews.com.ar\/wp-content\/uploads\/2026\/09\/impacto-en-la-formula-1-le-quitaron-el-podio-a-pierre-gasly-del-gp-de-monaco-y-alpine-perdera-puntos-clave-en-la-pelea-con-racing-bulls.jpg\" alt=\"As\u00ed hab\u00edan quedado las posiciones del Gran Premio de M\u00f3naco con las sanciones\" height=\"1350\" width=\"1080\"\/><\/p>\n<p>El detalle es que esta decisi\u00f3n impacta de lleno en la pelea por el quinto lugar del Campeonato de Constructores: <b>Alpine perder\u00e1 9 puntos y Racing Bulls sumar\u00e1 4 unidades<\/b> porque <b>Liam Lawson<\/b> y <b>Arvid Lindblad<\/b> recuperar\u00e1n un puesto cada uno para quedar quinto y sexto, respectivamente.<\/p>\n<p>En ese contexto, los de Enstone contabilizan ahora <b>54 puntos en el sexto lugar<\/b> y <b>Racing Bulls suma 70 puntos<\/b>. La brecha, antes de Monza, era de tres puntos entre ambos equipos pero con esta decisi\u00f3n <b>pasar\u00e1 a ser de 16 unidades de distancia<\/b>.<\/p>\n<p>En cuanto al Campeonato de Pilotos, <b>Gasly continuar\u00e1 d\u00e9cimo con 35 puntos<\/b> (ten\u00eda 44 al arribar a Monza): <b>Arvid Lindblad<\/b>, ahora con <b>25 unidades<\/b>, figura 11\u00b0. <b>Liam Lawson<\/b>, que est\u00e1 9\u00b0, pasar\u00e1 a tener <b>51 puntos<\/b>.<\/p>\n<p><img loading=\"lazy\" decoding=\"async\" src=\"https:\/\/lobosnews.com.ar\/wp-content\/uploads\/2026\/09\/impacto-en-la-formula-1-le-quitaron-el-podio-a-pierre-gasly-del-gp-de-monaco-y-alpine-perdera-puntos-clave-en-la-pelea-con-racing-bulls-1.jpg\" alt=\"El equipo Alpine expresa su desacuerdo con la resoluci\u00f3n de la FIA sobre la sanci\u00f3n impuesta a Pierre Gasly en el Gran Premio de M\u00f3naco.\" height=\"2810\" width=\"1920\"\/><\/p>\n<p>En el comunicado que difundi\u00f3 la FIA para confirmar la sanci\u00f3n, dieron detalles de c\u00f3mo funciona esta c\u00e1mara de apelaciones que resolvi\u00f3 quitarle el podio a Gasly: \u201cLa Corte Internacional de Apelaciones (ICA), elegida por la Asamblea General de la FIA, es la instancia de apelaci\u00f3n definitiva para el automovilismo internacional y opera de manera independiente de la FIA. Se encarga de resolver disputas relacionadas con los estatutos, normas, reglamentos y actividades de la FIA, garantizando la imparcialidad y la igualdad de trato. El ICA puede conocer de apelaciones relacionadas con decisiones deportivas, decisiones tomadas por el Tribunal Internacional (IT) y el Panel de Administraci\u00f3n del L\u00edmite de Costos (CCAP), la interpretaci\u00f3n o aplicaci\u00f3n de los Estatutos de la FIA, y las decisiones de la FIA relacionadas con el Ap\u00e9ndice F del C\u00f3digo Deportivo Internacional. Tambi\u00e9n puede conocer de casos presentados por el presidente de la FIA y toma la decisi\u00f3n definitiva sobre estas controversias. La elegibilidad de los candidatos para formar parte del Tribunal Internacional y de la Corte Internacional de Apelaciones es verificada por el Comit\u00e9 de Evaluaci\u00f3n de Elegibilidad, de conformidad con los Estatutos de la FIA\u201d.<\/p>\n<p><img loading=\"lazy\" decoding=\"async\" src=\"https:\/\/lobosnews.com.ar\/wp-content\/uploads\/2026\/09\/impacto-en-la-formula-1-le-quitaron-el-podio-a-pierre-gasly-del-gp-de-monaco-y-alpine-perdera-puntos-clave-en-la-pelea-con-racing-bulls-2.jpg\" alt=\"La FIA confirma que la Corte Internacional de Apelaci\u00f3n restituy\u00f3 las sanciones al piloto Pierre Gasly por exceso de velocidad en M\u00f3naco.\" height=\"1882\" width=\"1920\"\/><\/p>\n<p>Gasly cruz\u00f3 la meta en el tercer lugar el 7 de junio, pero sufri\u00f3 dos sanciones que no cumpli\u00f3 y apenas cruz\u00f3 la l\u00ednea de meta cay\u00f3 dr\u00e1sticamente al s\u00e9ptimo lugar. Entre los pilotos que tambi\u00e9n sufrieron penalizaciones por exceder el l\u00edmite de velocidad en el pit lane est\u00e1n Franco Colapinto, Lewis Hamilton, Lance Stroll, Oscar Piastri y George Russell, pero a diferencia del franc\u00e9s ellos s\u00ed cumplieron en carrera la sanci\u00f3n. Alpine elev\u00f3 un reclamo apenas concluy\u00f3 la carrera y la FIA le dio administrativamente el podio a Gasly el 12 de junio. Ahora, 84 d\u00edas despu\u00e9s, se lo quitaron nuevamente. <\/p>\n<p><i><b>Noticia en desarrollo&#8230;<\/b><\/i><\/p>\n","protected":false},"excerpt":{"rendered":"<p>El Tribunal de Apelaciones de la Federaci\u00f3n Internacional del Autom\u00f3vil (FIA) tom\u00f3 una decisi\u00f3n este viernes que impacta de lleno en la F\u00f3rmula 1: le quit\u00f3 el podio que le hab\u00edan restituido a Pierre Gasly del Gran Premio de M\u00f3naco. El franc\u00e9s, que hab\u00eda cruzado la meta en tercer lugar, hab\u00eda sido castigado por un&#8230;<\/p>\n","protected":false},"author":1,"featured_media":0,"comment_status":"open","ping_status":"closed","sticky":false,"template":"","format":"standard","meta":{"_jetpack_newsletter_access":"","_jetpack_dont_email_post_to_subs":false,"_jetpack_newsletter_tier_id":0,"_jetpack_memberships_contains_paywalled_content":false,"_jetpack_memberships_contains_paid_content":false,"footnotes":"","jetpack_post_was_ever_published":false},"categories":[30],"tags":[39],"class_list":["post-97303","post","type-post","status-publish","format-standard","hentry","category-argentina","tag-deportes"],"magazineBlocksPostFeaturedMedia":{"thumbnail":false,"medium":false,"medium_large":false,"large":false,"1536x1536":false,"2048x2048":false,"newsmatic-featured":false,"newsmatic-list":false,"newsmatic-thumb":false,"newsmatic-small":false,"newsmatic-grid":false},"magazineBlocksPostAuthor":{"name":"admin","avatar":"https:\/\/secure.gravatar.com\/avatar\/76e419471a2083bc3ceab22a763dbbf9b0c1bd15a6214cf3280e2c2dde4580f9?s=96&d=mm&r=g"},"magazineBlocksPostCommentsNumber":"0","magazineBlocksPostExcerpt":"El Tribunal de Apelaciones de la Federaci\u00f3n Internacional del Autom\u00f3vil (FIA) tom\u00f3 una decisi\u00f3n este viernes que impacta de lleno en la F\u00f3rmula 1: le quit\u00f3 el podio que le hab\u00edan restituido a Pierre Gasly del Gran Premio de M\u00f3naco. El franc\u00e9s, que hab\u00eda cruzado la meta en tercer lugar, hab\u00eda sido castigado por un...","magazineBlocksPostCategories":["Argentina"],"magazineBlocksPostViewCount":39,"magazineBlocksPostReadTime":4,"magazine_blocks_featured_image_url":{"full":false,"medium":false,"thumbnail":false},"magazine_blocks_author":{"display_name":"admin","author_link":"https:\/\/lobosnews.com.ar\/index.php\/author\/lobos-news\/"},"magazine_blocks_comment":0,"magazine_blocks_author_image":"https:\/\/secure.gravatar.com\/avatar\/76e419471a2083bc3ceab22a763dbbf9b0c1bd15a6214cf3280e2c2dde4580f9?s=96&d=mm&r=g","magazine_blocks_category":"<a href=\"#\" class=\"category-link category-link-30\">Argentina<\/a>","yoast_head":"<!-- This site is optimized with the Yoast SEO plugin v28.0 - https:\/\/yoast.com\/product\/yoast-seo-wordpress\/ -->\n<title>Impacto en la F\u00f3rmula 1: le quitaron el podio a Pierre Gasly del GP de M\u00f3naco y Alpine perder\u00e1 puntos clave en la pelea con Racing Bulls - Lobos News<\/title>\n<meta name=\"robots\" content=\"index, follow, max-snippet:-1, max-image-preview:large, max-video-preview:-1\" \/>\n<link rel=\"canonical\" href=\"https:\/\/lobosnews.com.ar\/index.php\/2026\/09\/04\/impacto-en-la-formula-1-le-quitaron-el-podio-a-pierre-gasly-del-gp-de-monaco-y-alpine-perdera-puntos-clave-en-la-pelea-con-racing-bulls\/\" \/>\n<meta property=\"og:locale\" content=\"es_ES\" \/>\n<meta property=\"og:type\" content=\"article\" \/>\n<meta property=\"og:title\" content=\"Impacto en la F\u00f3rmula 1: le quitaron el podio a Pierre Gasly del GP de M\u00f3naco y Alpine perder\u00e1 puntos clave en la pelea con Racing Bulls - Lobos News\" \/>\n<meta property=\"og:description\" content=\"El Tribunal de Apelaciones de la Federaci\u00f3n Internacional del Autom\u00f3vil (FIA) tom\u00f3 una decisi\u00f3n este viernes que impacta de lleno en la F\u00f3rmula 1: le quit\u00f3 el podio que le hab\u00edan restituido a Pierre Gasly del Gran Premio de M\u00f3naco. El franc\u00e9s, que hab\u00eda cruzado la meta en tercer lugar, hab\u00eda sido castigado por un...\" \/>\n<meta property=\"og:url\" content=\"https:\/\/lobosnews.com.ar\/index.php\/2026\/09\/04\/impacto-en-la-formula-1-le-quitaron-el-podio-a-pierre-gasly-del-gp-de-monaco-y-alpine-perdera-puntos-clave-en-la-pelea-con-racing-bulls\/\" \/>\n<meta property=\"og:site_name\" content=\"Lobos News\" \/>\n<meta property=\"article:published_time\" content=\"2026-09-04T11:17:13+00:00\" \/>\n<meta property=\"article:modified_time\" content=\"2026-09-04T11:59:36+00:00\" \/>\n<meta property=\"og:image\" content=\"https:\/\/lobosnews.com.ar\/wp-content\/uploads\/2026\/09\/impacto-en-la-formula-1-le-quitaron-el-podio-a-pierre-gasly-del-gp-de-monaco-y-alpine-perdera-puntos-clave-en-la-pelea-con-racing-bulls.jpg\" \/>\n<meta name=\"author\" content=\"admin\" \/>\n<meta name=\"twitter:card\" content=\"summary_large_image\" \/>\n<meta name=\"twitter:label1\" content=\"Escrito por\" \/>\n\t<meta name=\"twitter:data1\" content=\"admin\" \/>\n\t<meta name=\"twitter:label2\" content=\"Tiempo de lectura\" \/>\n\t<meta name=\"twitter:data2\" content=\"4 minutos\" \/>\n<script type=\"application\/ld+json\" class=\"yoast-schema-graph\">{\"@context\":\"https:\\\/\\\/schema.org\",\"@graph\":[{\"@type\":\"Article\",\"@id\":\"https:\\\/\\\/lobosnews.com.ar\\\/index.php\\\/2026\\\/09\\\/04\\\/impacto-en-la-formula-1-le-quitaron-el-podio-a-pierre-gasly-del-gp-de-monaco-y-alpine-perdera-puntos-clave-en-la-pelea-con-racing-bulls\\\/#article\",\"isPartOf\":{\"@id\":\"https:\\\/\\\/lobosnews.com.ar\\\/index.php\\\/2026\\\/09\\\/04\\\/impacto-en-la-formula-1-le-quitaron-el-podio-a-pierre-gasly-del-gp-de-monaco-y-alpine-perdera-puntos-clave-en-la-pelea-con-racing-bulls\\\/\"},\"author\":{\"name\":\"admin\",\"@id\":\"https:\\\/\\\/lobosnews.com.ar\\\/#\\\/schema\\\/person\\\/232422a593d5c541dd9aef6aaed10943\"},\"headline\":\"Impacto en la F\u00f3rmula 1: le quitaron el podio a Pierre Gasly del GP de M\u00f3naco y Alpine perder\u00e1 puntos clave en la pelea con Racing Bulls\",\"datePublished\":\"2026-09-04T11:17:13+00:00\",\"dateModified\":\"2026-09-04T11:59:36+00:00\",\"mainEntityOfPage\":{\"@id\":\"https:\\\/\\\/lobosnews.com.ar\\\/index.php\\\/2026\\\/09\\\/04\\\/impacto-en-la-formula-1-le-quitaron-el-podio-a-pierre-gasly-del-gp-de-monaco-y-alpine-perdera-puntos-clave-en-la-pelea-con-racing-bulls\\\/\"},\"wordCount\":755,\"commentCount\":0,\"publisher\":{\"@id\":\"https:\\\/\\\/lobosnews.com.ar\\\/#organization\"},\"image\":{\"@id\":\"https:\\\/\\\/lobosnews.com.ar\\\/index.php\\\/2026\\\/09\\\/04\\\/impacto-en-la-formula-1-le-quitaron-el-podio-a-pierre-gasly-del-gp-de-monaco-y-alpine-perdera-puntos-clave-en-la-pelea-con-racing-bulls\\\/#primaryimage\"},\"thumbnailUrl\":\"https:\\\/\\\/lobosnews.com.ar\\\/wp-content\\\/uploads\\\/2026\\\/09\\\/impacto-en-la-formula-1-le-quitaron-el-podio-a-pierre-gasly-del-gp-de-monaco-y-alpine-perdera-puntos-clave-en-la-pelea-con-racing-bulls.jpg\",\"keywords\":[\"Deportes\"],\"articleSection\":[\"Argentina\"],\"inLanguage\":\"es\",\"potentialAction\":[{\"@type\":\"CommentAction\",\"name\":\"Comment\",\"target\":[\"https:\\\/\\\/lobosnews.com.ar\\\/index.php\\\/2026\\\/09\\\/04\\\/impacto-en-la-formula-1-le-quitaron-el-podio-a-pierre-gasly-del-gp-de-monaco-y-alpine-perdera-puntos-clave-en-la-pelea-con-racing-bulls\\\/#respond\"]}]},{\"@type\":\"WebPage\",\"@id\":\"https:\\\/\\\/lobosnews.com.ar\\\/index.php\\\/2026\\\/09\\\/04\\\/impacto-en-la-formula-1-le-quitaron-el-podio-a-pierre-gasly-del-gp-de-monaco-y-alpine-perdera-puntos-clave-en-la-pelea-con-racing-bulls\\\/\",\"url\":\"https:\\\/\\\/lobosnews.com.ar\\\/index.php\\\/2026\\\/09\\\/04\\\/impacto-en-la-formula-1-le-quitaron-el-podio-a-pierre-gasly-del-gp-de-monaco-y-alpine-perdera-puntos-clave-en-la-pelea-con-racing-bulls\\\/\",\"name\":\"Impacto en la F\u00f3rmula 1: le quitaron el podio a Pierre Gasly del GP de M\u00f3naco y Alpine perder\u00e1 puntos clave en la pelea con Racing Bulls - Lobos News\",\"isPartOf\":{\"@id\":\"https:\\\/\\\/lobosnews.com.ar\\\/#website\"},\"primaryImageOfPage\":{\"@id\":\"https:\\\/\\\/lobosnews.com.ar\\\/index.php\\\/2026\\\/09\\\/04\\\/impacto-en-la-formula-1-le-quitaron-el-podio-a-pierre-gasly-del-gp-de-monaco-y-alpine-perdera-puntos-clave-en-la-pelea-con-racing-bulls\\\/#primaryimage\"},\"image\":{\"@id\":\"https:\\\/\\\/lobosnews.com.ar\\\/index.php\\\/2026\\\/09\\\/04\\\/impacto-en-la-formula-1-le-quitaron-el-podio-a-pierre-gasly-del-gp-de-monaco-y-alpine-perdera-puntos-clave-en-la-pelea-con-racing-bulls\\\/#primaryimage\"},\"thumbnailUrl\":\"https:\\\/\\\/lobosnews.com.ar\\\/wp-content\\\/uploads\\\/2026\\\/09\\\/impacto-en-la-formula-1-le-quitaron-el-podio-a-pierre-gasly-del-gp-de-monaco-y-alpine-perdera-puntos-clave-en-la-pelea-con-racing-bulls.jpg\",\"datePublished\":\"2026-09-04T11:17:13+00:00\",\"dateModified\":\"2026-09-04T11:59:36+00:00\",\"breadcrumb\":{\"@id\":\"https:\\\/\\\/lobosnews.com.ar\\\/index.php\\\/2026\\\/09\\\/04\\\/impacto-en-la-formula-1-le-quitaron-el-podio-a-pierre-gasly-del-gp-de-monaco-y-alpine-perdera-puntos-clave-en-la-pelea-con-racing-bulls\\\/#breadcrumb\"},\"inLanguage\":\"es\",\"potentialAction\":[{\"@type\":\"ReadAction\",\"target\":[\"https:\\\/\\\/lobosnews.com.ar\\\/index.php\\\/2026\\\/09\\\/04\\\/impacto-en-la-formula-1-le-quitaron-el-podio-a-pierre-gasly-del-gp-de-monaco-y-alpine-perdera-puntos-clave-en-la-pelea-con-racing-bulls\\\/\"]}]},{\"@type\":\"ImageObject\",\"inLanguage\":\"es\",\"@id\":\"https:\\\/\\\/lobosnews.com.ar\\\/index.php\\\/2026\\\/09\\\/04\\\/impacto-en-la-formula-1-le-quitaron-el-podio-a-pierre-gasly-del-gp-de-monaco-y-alpine-perdera-puntos-clave-en-la-pelea-con-racing-bulls\\\/#primaryimage\",\"url\":\"https:\\\/\\\/lobosnews.com.ar\\\/wp-content\\\/uploads\\\/2026\\\/09\\\/impacto-en-la-formula-1-le-quitaron-el-podio-a-pierre-gasly-del-gp-de-monaco-y-alpine-perdera-puntos-clave-en-la-pelea-con-racing-bulls.jpg\",\"contentUrl\":\"https:\\\/\\\/lobosnews.com.ar\\\/wp-content\\\/uploads\\\/2026\\\/09\\\/impacto-en-la-formula-1-le-quitaron-el-podio-a-pierre-gasly-del-gp-de-monaco-y-alpine-perdera-puntos-clave-en-la-pelea-con-racing-bulls.jpg\",\"width\":1080,\"height\":1350},{\"@type\":\"BreadcrumbList\",\"@id\":\"https:\\\/\\\/lobosnews.com.ar\\\/index.php\\\/2026\\\/09\\\/04\\\/impacto-en-la-formula-1-le-quitaron-el-podio-a-pierre-gasly-del-gp-de-monaco-y-alpine-perdera-puntos-clave-en-la-pelea-con-racing-bulls\\\/#breadcrumb\",\"itemListElement\":[{\"@type\":\"ListItem\",\"position\":1,\"name\":\"Portada\",\"item\":\"https:\\\/\\\/lobosnews.com.ar\\\/\"},{\"@type\":\"ListItem\",\"position\":2,\"name\":\"Impacto en la F\u00f3rmula 1: le quitaron el podio a Pierre Gasly del GP de M\u00f3naco y Alpine perder\u00e1 puntos clave en la pelea con Racing Bulls\"}]},{\"@type\":\"WebSite\",\"@id\":\"https:\\\/\\\/lobosnews.com.ar\\\/#website\",\"url\":\"https:\\\/\\\/lobosnews.com.ar\\\/\",\"name\":\"Lobos News\",\"description\":\"Informaci\u00f3n a cada instante\",\"publisher\":{\"@id\":\"https:\\\/\\\/lobosnews.com.ar\\\/#organization\"},\"potentialAction\":[{\"@type\":\"SearchAction\",\"target\":{\"@type\":\"EntryPoint\",\"urlTemplate\":\"https:\\\/\\\/lobosnews.com.ar\\\/?s={search_term_string}\"},\"query-input\":{\"@type\":\"PropertyValueSpecification\",\"valueRequired\":true,\"valueName\":\"search_term_string\"}}],\"inLanguage\":\"es\"},{\"@type\":\"Organization\",\"@id\":\"https:\\\/\\\/lobosnews.com.ar\\\/#organization\",\"name\":\"Lobos News\",\"url\":\"https:\\\/\\\/lobosnews.com.ar\\\/\",\"logo\":{\"@type\":\"ImageObject\",\"inLanguage\":\"es\",\"@id\":\"https:\\\/\\\/lobosnews.com.ar\\\/#\\\/schema\\\/logo\\\/image\\\/\",\"url\":\"https:\\\/\\\/lobosnews.com.ar\\\/wp-content\\\/uploads\\\/2026\\\/01\\\/logo-lobosnews.png\",\"contentUrl\":\"https:\\\/\\\/lobosnews.com.ar\\\/wp-content\\\/uploads\\\/2026\\\/01\\\/logo-lobosnews.png\",\"width\":500,\"height\":200,\"caption\":\"Lobos News\"},\"image\":{\"@id\":\"https:\\\/\\\/lobosnews.com.ar\\\/#\\\/schema\\\/logo\\\/image\\\/\"}},{\"@type\":\"Person\",\"@id\":\"https:\\\/\\\/lobosnews.com.ar\\\/#\\\/schema\\\/person\\\/232422a593d5c541dd9aef6aaed10943\",\"name\":\"admin\",\"image\":{\"@type\":\"ImageObject\",\"inLanguage\":\"es\",\"@id\":\"https:\\\/\\\/secure.gravatar.com\\\/avatar\\\/76e419471a2083bc3ceab22a763dbbf9b0c1bd15a6214cf3280e2c2dde4580f9?s=96&d=mm&r=g\",\"url\":\"https:\\\/\\\/secure.gravatar.com\\\/avatar\\\/76e419471a2083bc3ceab22a763dbbf9b0c1bd15a6214cf3280e2c2dde4580f9?s=96&d=mm&r=g\",\"contentUrl\":\"https:\\\/\\\/secure.gravatar.com\\\/avatar\\\/76e419471a2083bc3ceab22a763dbbf9b0c1bd15a6214cf3280e2c2dde4580f9?s=96&d=mm&r=g\",\"caption\":\"admin\"},\"sameAs\":[\"https:\\\/\\\/lobosnews.com.ar\"],\"url\":\"https:\\\/\\\/lobosnews.com.ar\\\/index.php\\\/author\\\/lobos-news\\\/\"}]}<\/script>\n<!-- \/ Yoast SEO plugin. -->","yoast_head_json":{"title":"Impacto en la F\u00f3rmula 1: le quitaron el podio a Pierre Gasly del GP de M\u00f3naco y Alpine perder\u00e1 puntos clave en la pelea con Racing Bulls - Lobos News","robots":{"index":"index","follow":"follow","max-snippet":"max-snippet:-1","max-image-preview":"max-image-preview:large","max-video-preview":"max-video-preview:-1"},"canonical":"https:\/\/lobosnews.com.ar\/index.php\/2026\/09\/04\/impacto-en-la-formula-1-le-quitaron-el-podio-a-pierre-gasly-del-gp-de-monaco-y-alpine-perdera-puntos-clave-en-la-pelea-con-racing-bulls\/","og_locale":"es_ES","og_type":"article","og_title":"Impacto en la F\u00f3rmula 1: le quitaron el podio a Pierre Gasly del GP de M\u00f3naco y Alpine perder\u00e1 puntos clave en la pelea con Racing Bulls - Lobos News","og_description":"El Tribunal de Apelaciones de la Federaci\u00f3n Internacional del Autom\u00f3vil (FIA) tom\u00f3 una decisi\u00f3n este viernes que impacta de lleno en la F\u00f3rmula 1: le quit\u00f3 el podio que le hab\u00edan restituido a Pierre Gasly del Gran Premio de M\u00f3naco. El franc\u00e9s, que hab\u00eda cruzado la meta en tercer lugar, hab\u00eda sido castigado por un...","og_url":"https:\/\/lobosnews.com.ar\/index.php\/2026\/09\/04\/impacto-en-la-formula-1-le-quitaron-el-podio-a-pierre-gasly-del-gp-de-monaco-y-alpine-perdera-puntos-clave-en-la-pelea-con-racing-bulls\/","og_site_name":"Lobos News","article_published_time":"2026-09-04T11:17:13+00:00","article_modified_time":"2026-09-04T11:59:36+00:00","og_image":[{"url":"https:\/\/lobosnews.com.ar\/wp-content\/uploads\/2026\/09\/impacto-en-la-formula-1-le-quitaron-el-podio-a-pierre-gasly-del-gp-de-monaco-y-alpine-perdera-puntos-clave-en-la-pelea-con-racing-bulls.jpg","type":"","width":"","height":""}],"author":"admin","twitter_card":"summary_large_image","twitter_misc":{"Escrito por":"admin","Tiempo de lectura":"4 minutos"},"schema":{"@context":"https:\/\/schema.org","@graph":[{"@type":"Article","@id":"https:\/\/lobosnews.com.ar\/index.php\/2026\/09\/04\/impacto-en-la-formula-1-le-quitaron-el-podio-a-pierre-gasly-del-gp-de-monaco-y-alpine-perdera-puntos-clave-en-la-pelea-con-racing-bulls\/#article","isPartOf":{"@id":"https:\/\/lobosnews.com.ar\/index.php\/2026\/09\/04\/impacto-en-la-formula-1-le-quitaron-el-podio-a-pierre-gasly-del-gp-de-monaco-y-alpine-perdera-puntos-clave-en-la-pelea-con-racing-bulls\/"},"author":{"name":"admin","@id":"https:\/\/lobosnews.com.ar\/#\/schema\/person\/232422a593d5c541dd9aef6aaed10943"},"headline":"Impacto en la F\u00f3rmula 1: le quitaron el podio a Pierre Gasly del GP de M\u00f3naco y Alpine perder\u00e1 puntos clave en la pelea con Racing Bulls","datePublished":"2026-09-04T11:17:13+00:00","dateModified":"2026-09-04T11:59:36+00:00","mainEntityOfPage":{"@id":"https:\/\/lobosnews.com.ar\/index.php\/2026\/09\/04\/impacto-en-la-formula-1-le-quitaron-el-podio-a-pierre-gasly-del-gp-de-monaco-y-alpine-perdera-puntos-clave-en-la-pelea-con-racing-bulls\/"},"wordCount":755,"commentCount":0,"publisher":{"@id":"https:\/\/lobosnews.com.ar\/#organization"},"image":{"@id":"https:\/\/lobosnews.com.ar\/index.php\/2026\/09\/04\/impacto-en-la-formula-1-le-quitaron-el-podio-a-pierre-gasly-del-gp-de-monaco-y-alpine-perdera-puntos-clave-en-la-pelea-con-racing-bulls\/#primaryimage"},"thumbnailUrl":"https:\/\/lobosnews.com.ar\/wp-content\/uploads\/2026\/09\/impacto-en-la-formula-1-le-quitaron-el-podio-a-pierre-gasly-del-gp-de-monaco-y-alpine-perdera-puntos-clave-en-la-pelea-con-racing-bulls.jpg","keywords":["Deportes"],"articleSection":["Argentina"],"inLanguage":"es","potentialAction":[{"@type":"CommentAction","name":"Comment","target":["https:\/\/lobosnews.com.ar\/index.php\/2026\/09\/04\/impacto-en-la-formula-1-le-quitaron-el-podio-a-pierre-gasly-del-gp-de-monaco-y-alpine-perdera-puntos-clave-en-la-pelea-con-racing-bulls\/#respond"]}]},{"@type":"WebPage","@id":"https:\/\/lobosnews.com.ar\/index.php\/2026\/09\/04\/impacto-en-la-formula-1-le-quitaron-el-podio-a-pierre-gasly-del-gp-de-monaco-y-alpine-perdera-puntos-clave-en-la-pelea-con-racing-bulls\/","url":"https:\/\/lobosnews.com.ar\/index.php\/2026\/09\/04\/impacto-en-la-formula-1-le-quitaron-el-podio-a-pierre-gasly-del-gp-de-monaco-y-alpine-perdera-puntos-clave-en-la-pelea-con-racing-bulls\/","name":"Impacto en la F\u00f3rmula 1: le quitaron el podio a Pierre Gasly del GP de M\u00f3naco y Alpine perder\u00e1 puntos clave en la pelea con Racing Bulls - Lobos News","isPartOf":{"@id":"https:\/\/lobosnews.com.ar\/#website"},"primaryImageOfPage":{"@id":"https:\/\/lobosnews.com.ar\/index.php\/2026\/09\/04\/impacto-en-la-formula-1-le-quitaron-el-podio-a-pierre-gasly-del-gp-de-monaco-y-alpine-perdera-puntos-clave-en-la-pelea-con-racing-bulls\/#primaryimage"},"image":{"@id":"https:\/\/lobosnews.com.ar\/index.php\/2026\/09\/04\/impacto-en-la-formula-1-le-quitaron-el-podio-a-pierre-gasly-del-gp-de-monaco-y-alpine-perdera-puntos-clave-en-la-pelea-con-racing-bulls\/#primaryimage"},"thumbnailUrl":"https:\/\/lobosnews.com.ar\/wp-content\/uploads\/2026\/09\/impacto-en-la-formula-1-le-quitaron-el-podio-a-pierre-gasly-del-gp-de-monaco-y-alpine-perdera-puntos-clave-en-la-pelea-con-racing-bulls.jpg","datePublished":"2026-09-04T11:17:13+00:00","dateModified":"2026-09-04T11:59:36+00:00","breadcrumb":{"@id":"https:\/\/lobosnews.com.ar\/index.php\/2026\/09\/04\/impacto-en-la-formula-1-le-quitaron-el-podio-a-pierre-gasly-del-gp-de-monaco-y-alpine-perdera-puntos-clave-en-la-pelea-con-racing-bulls\/#breadcrumb"},"inLanguage":"es","potentialAction":[{"@type":"ReadAction","target":["https:\/\/lobosnews.com.ar\/index.php\/2026\/09\/04\/impacto-en-la-formula-1-le-quitaron-el-podio-a-pierre-gasly-del-gp-de-monaco-y-alpine-perdera-puntos-clave-en-la-pelea-con-racing-bulls\/"]}]},{"@type":"ImageObject","inLanguage":"es","@id":"https:\/\/lobosnews.com.ar\/index.php\/2026\/09\/04\/impacto-en-la-formula-1-le-quitaron-el-podio-a-pierre-gasly-del-gp-de-monaco-y-alpine-perdera-puntos-clave-en-la-pelea-con-racing-bulls\/#primaryimage","url":"https:\/\/lobosnews.com.ar\/wp-content\/uploads\/2026\/09\/impacto-en-la-formula-1-le-quitaron-el-podio-a-pierre-gasly-del-gp-de-monaco-y-alpine-perdera-puntos-clave-en-la-pelea-con-racing-bulls.jpg","contentUrl":"https:\/\/lobosnews.com.ar\/wp-content\/uploads\/2026\/09\/impacto-en-la-formula-1-le-quitaron-el-podio-a-pierre-gasly-del-gp-de-monaco-y-alpine-perdera-puntos-clave-en-la-pelea-con-racing-bulls.jpg","width":1080,"height":1350},{"@type":"BreadcrumbList","@id":"https:\/\/lobosnews.com.ar\/index.php\/2026\/09\/04\/impacto-en-la-formula-1-le-quitaron-el-podio-a-pierre-gasly-del-gp-de-monaco-y-alpine-perdera-puntos-clave-en-la-pelea-con-racing-bulls\/#breadcrumb","itemListElement":[{"@type":"ListItem","position":1,"name":"Portada","item":"https:\/\/lobosnews.com.ar\/"},{"@type":"ListItem","position":2,"name":"Impacto en la F\u00f3rmula 1: le quitaron el podio a Pierre Gasly del GP de M\u00f3naco y Alpine perder\u00e1 puntos clave en la pelea con Racing Bulls"}]},{"@type":"WebSite","@id":"https:\/\/lobosnews.com.ar\/#website","url":"https:\/\/lobosnews.com.ar\/","name":"Lobos News","description":"Informaci\u00f3n a cada instante","publisher":{"@id":"https:\/\/lobosnews.com.ar\/#organization"},"potentialAction":[{"@type":"SearchAction","target":{"@type":"EntryPoint","urlTemplate":"https:\/\/lobosnews.com.ar\/?s={search_term_string}"},"query-input":{"@type":"PropertyValueSpecification","valueRequired":true,"valueName":"search_term_string"}}],"inLanguage":"es"},{"@type":"Organization","@id":"https:\/\/lobosnews.com.ar\/#organization","name":"Lobos News","url":"https:\/\/lobosnews.com.ar\/","logo":{"@type":"ImageObject","inLanguage":"es","@id":"https:\/\/lobosnews.com.ar\/#\/schema\/logo\/image\/","url":"https:\/\/lobosnews.com.ar\/wp-content\/uploads\/2026\/01\/logo-lobosnews.png","contentUrl":"https:\/\/lobosnews.com.ar\/wp-content\/uploads\/2026\/01\/logo-lobosnews.png","width":500,"height":200,"caption":"Lobos News"},"image":{"@id":"https:\/\/lobosnews.com.ar\/#\/schema\/logo\/image\/"}},{"@type":"Person","@id":"https:\/\/lobosnews.com.ar\/#\/schema\/person\/232422a593d5c541dd9aef6aaed10943","name":"admin","image":{"@type":"ImageObject","inLanguage":"es","@id":"https:\/\/secure.gravatar.com\/avatar\/76e419471a2083bc3ceab22a763dbbf9b0c1bd15a6214cf3280e2c2dde4580f9?s=96&d=mm&r=g","url":"https:\/\/secure.gravatar.com\/avatar\/76e419471a2083bc3ceab22a763dbbf9b0c1bd15a6214cf3280e2c2dde4580f9?s=96&d=mm&r=g","contentUrl":"https:\/\/secure.gravatar.com\/avatar\/76e419471a2083bc3ceab22a763dbbf9b0c1bd15a6214cf3280e2c2dde4580f9?s=96&d=mm&r=g","caption":"admin"},"sameAs":["https:\/\/lobosnews.com.ar"],"url":"https:\/\/lobosnews.com.ar\/index.php\/author\/lobos-news\/"}]}},"jetpack_featured_media_url":"","jetpack_sharing_enabled":true,"_links":{"self":[{"href":"https:\/\/lobosnews.com.ar\/index.php\/wp-json\/wp\/v2\/posts\/97303","targetHints":{"allow":["GET"]}}],"collection":[{"href":"https:\/\/lobosnews.com.ar\/index.php\/wp-json\/wp\/v2\/posts"}],"about":[{"href":"https:\/\/lobosnews.com.ar\/index.php\/wp-json\/wp\/v2\/types\/post"}],"author":[{"embeddable":true,"href":"https:\/\/lobosnews.com.ar\/index.php\/wp-json\/wp\/v2\/users\/1"}],"replies":[{"embeddable":true,"href":"https:\/\/lobosnews.com.ar\/index.php\/wp-json\/wp\/v2\/comments?post=97303"}],"version-history":[{"count":1,"href":"https:\/\/lobosnews.com.ar\/index.php\/wp-json\/wp\/v2\/posts\/97303\/revisions"}],"predecessor-version":[{"id":97307,"href":"https:\/\/lobosnews.com.ar\/index.php\/wp-json\/wp\/v2\/posts\/97303\/revisions\/97307"}],"wp:attachment":[{"href":"https:\/\/lobosnews.com.ar\/index.php\/wp-json\/wp\/v2\/media?parent=97303"}],"wp:term":[{"taxonomy":"category","embeddable":true,"href":"https:\/\/lobosnews.com.ar\/index.php\/wp-json\/wp\/v2\/categories?post=97303"},{"taxonomy":"post_tag","embeddable":true,"href":"https:\/\/lobosnews.com.ar\/index.php\/wp-json\/wp\/v2\/tags?post=97303"}],"curies":[{"name":"wp","href":"https:\/\/api.w.org\/{rel}","templated":true}]}}