{"id":97269,"date":"2026-09-04T01:46:46","date_gmt":"2026-09-04T01:46:46","guid":{"rendered":"https:\/\/lobosnews.com.ar\/?p=97269"},"modified":"2026-09-04T04:51:07","modified_gmt":"2026-09-04T04:51:07","slug":"la-perdida-de-memoria-comienza-mas-joven-de-lo-que-se-pensaba-revelan-los-escaneres-cerebrales","status":"publish","type":"post","link":"https:\/\/lobosnews.com.ar\/index.php\/2026\/09\/04\/la-perdida-de-memoria-comienza-mas-joven-de-lo-que-se-pensaba-revelan-los-escaneres-cerebrales\/","title":{"rendered":"La p\u00e9rdida de memoria comienza m\u00e1s joven de lo que se pensaba, revelan los esc\u00e1neres cerebrales"},"content":{"rendered":"<p><img fetchpriority=\"high\" decoding=\"async\" src=\"https:\/\/lobosnews.com.ar\/wp-content\/uploads\/2026\/09\/la-perdida-de-memoria-comienza-mas-joven-de-lo-que-se-pensaba-revelan-los-escaneres-cerebrales.jpg\" alt=\"\" height=\"800\" width=\"1200\"\/><\/p>\n<p>JUEVES, 3 de septiembre de 2026 (HealthDay News) &#8212; La memoria de una persona empieza a empeorar mucho antes de lo que se pensaba, seg\u00fan un nuevo estudio.<\/p>\n<p>Las personas de m\u00e1s de 50 a\u00f1os empiezan a mostrar signos de disminuci\u00f3n de la funci\u00f3n de la memoria, probablemente debido a cambios en la regi\u00f3n cerebral responsable de estabilizar la memoria, seg\u00fan informaron recientemente investigadores en la revista Cerebral Cortex.<\/p>\n<p>\u00abEste es uno de una lista creciente de estudios que destacan que el periodo de la mediana edad es realmente importante para el funcionamiento de la memoria y no debe ser ignorado\u00bb, dijo en un comunicado de prensa el investigador senior Ian McDonough, profesor asociado de psicolog\u00eda en la Universidad de Binghamton en Nueva York.<\/p>\n<p>Los recuerdos comienzan cuando el cerebro registra un nuevo recuerdo, seg\u00fan los investigadores en notas de fondo. Poco despu\u00e9s, una regi\u00f3n cerebral llamada hipocampo reproduce el recuerdo para estabilizarlo, haci\u00e9ndolo disponible para su recuerdo cuando sea necesario.<\/p>\n<p>Para este estudio, los investigadores rastrearon c\u00f3mo el envejecimiento afecta la forma en que la informaci\u00f3n pasa entre esas etapas y, por tanto, c\u00f3mo se almacenan los recuerdos.<\/p>\n<p>El equipo pidi\u00f3 a un grupo de unos 60 adultos de entre 18 y 74 a\u00f1os que revisaran rostros junto a diversos objetos y escenas. Tras un descanso de cinco minutos, los participantes completaron una prueba de memoria para elegir el objeto o escena correcto vinculado a cada rostro.<\/p>\n<p>Durante este ejercicio, las resonancias magn\u00e9ticas registraron lecturas de su actividad hipocampal, seg\u00fan los investigadores.<\/p>\n<p>Los resultados mostraron que los participantes de mediana edad a menudo emparejaban un rostro con el objeto o escena equivocados. Recordaban los elementos, pero no el emparejamiento correcto.<\/p>\n<p>Los investigadores asum\u00edan que los adultos mayores mostrar\u00edan una actividad hipocampal m\u00e1s d\u00e9bil, lo que explicar\u00eda un menor recuerdo.<\/p>\n<p>Lo que realmente descubrieron fue m\u00e1s interesante.<\/p>\n<p>Los errores cometidos por los j\u00f3venes adultos ocurrieron porque sus cerebros no activaron los patrones de memoria originales, lo cual era de esperar.<\/p>\n<p>Pero los adultos mayores cometieron errores aunque sus cerebros mostraron una fuerte activaci\u00f3n de esos patrones de memoria, encontraron los investigadores.<\/p>\n<p>\u00abCuanto m\u00e1s reactivan el hipocampo que es coherente con la codificaci\u00f3n, m\u00e1s probable es que cometan estos errores de memoria\u00bb, dijo McDonough. \u00abAs\u00ed que, en lugar de que ese patr\u00f3n de reactivaci\u00f3n se asocie con una mejor memoria, est\u00e1 asociado a esos errores.\u00bb<\/p>\n<p>No se sabe por qu\u00e9 el patr\u00f3n habitual de crear y recuperar recuerdos empieza a fallar con la edad, dijo McDonough.<\/p>\n<p>\u00abEstamos viendo un gran descenso en la precisi\u00f3n de la memoria desde el grupo de edad de 20 a 30 a\u00f1os hacia personas de 50 a\u00f1os\u00bb, dijo. \u00abAlgunos de estos procesos hipocampales ya empiezan a disminuir a mediana edad. Eso sugiere que la mediana edad es realmente un punto de transici\u00f3n.\u00bb<\/p>\n<p>Los investigadores afirmaron que los futuros estudios deber\u00edan analizar m\u00e1s de cerca los procesos de memoria y explorar c\u00f3mo la estimulaci\u00f3n cerebral tras el aprendizaje afecta a la memoria.<\/p>\n<p>Esta investigaci\u00f3n podr\u00eda ser especialmente reveladora si rastrea a las personas desde la mediana edad en adelante, dijo McDonough.<\/p>\n<p>\u00abRealmente no tenemos una buena comprensi\u00f3n cient\u00edfica de lo que ocurre en la mediana edad, porque el cerebro no est\u00e1 disminuyendo de forma uniforme en este tiempo, con algunas regiones decayendo m\u00e1s r\u00e1pido que otras\u00bb, dijo McDonough. \u00abEncontrar cu\u00e1ndo est\u00e1n esos puntos de inflexi\u00f3n va a ser importante.\u00bb<\/p>\n<p>M\u00e1s informaci\u00f3n<\/p>\n<p>La Cleveland Clinic tiene m\u00e1s informaci\u00f3n sobre la memoria.<\/p>\n<p>FUENTE: Binghamton University, comunicado de prensa, 31 de agosto de 2026<\/p>\n","protected":false},"excerpt":{"rendered":"<p>JUEVES, 3 de septiembre de 2026 (HealthDay News) &#8212; La memoria de una persona empieza a empeorar mucho antes de lo que se pensaba, seg\u00fan un nuevo estudio. Las personas de m\u00e1s de 50 a\u00f1os empiezan a mostrar signos de disminuci\u00f3n de la funci\u00f3n de la memoria, probablemente debido a cambios en la regi\u00f3n cerebral&#8230;<\/p>\n","protected":false},"author":1,"featured_media":97272,"comment_status":"open","ping_status":"closed","sticky":false,"template":"","format":"standard","meta":{"_jetpack_newsletter_access":"","_jetpack_dont_email_post_to_subs":false,"_jetpack_newsletter_tier_id":0,"_jetpack_memberships_contains_paywalled_content":false,"_jetpack_memberships_contains_paid_content":false,"footnotes":"","jetpack_post_was_ever_published":false},"categories":[81],"tags":[],"class_list":["post-97269","post","type-post","status-publish","format-standard","has-post-thumbnail","hentry","category-salud"],"magazineBlocksPostFeaturedMedia":{"thumbnail":"https:\/\/lobosnews.com.ar\/wp-content\/uploads\/2026\/09\/la-perdida-de-memoria-comienza-mas-joven-de-lo-que-se-pensaba-revelan-los-escaneres-cerebrales-150x150.jpg","medium":"https:\/\/lobosnews.com.ar\/wp-content\/uploads\/2026\/09\/la-perdida-de-memoria-comienza-mas-joven-de-lo-que-se-pensaba-revelan-los-escaneres-cerebrales-300x200.jpg","medium_large":"https:\/\/lobosnews.com.ar\/wp-content\/uploads\/2026\/09\/la-perdida-de-memoria-comienza-mas-joven-de-lo-que-se-pensaba-revelan-los-escaneres-cerebrales-768x512.jpg","large":"https:\/\/lobosnews.com.ar\/wp-content\/uploads\/2026\/09\/la-perdida-de-memoria-comienza-mas-joven-de-lo-que-se-pensaba-revelan-los-escaneres-cerebrales-1024x683.jpg","1536x1536":"https:\/\/lobosnews.com.ar\/wp-content\/uploads\/2026\/09\/la-perdida-de-memoria-comienza-mas-joven-de-lo-que-se-pensaba-revelan-los-escaneres-cerebrales.jpg","2048x2048":"https:\/\/lobosnews.com.ar\/wp-content\/uploads\/2026\/09\/la-perdida-de-memoria-comienza-mas-joven-de-lo-que-se-pensaba-revelan-los-escaneres-cerebrales.jpg","newsmatic-featured":"https:\/\/lobosnews.com.ar\/wp-content\/uploads\/2026\/09\/la-perdida-de-memoria-comienza-mas-joven-de-lo-que-se-pensaba-revelan-los-escaneres-cerebrales-820x545.jpg","newsmatic-list":"https:\/\/lobosnews.com.ar\/wp-content\/uploads\/2026\/09\/la-perdida-de-memoria-comienza-mas-joven-de-lo-que-se-pensaba-revelan-los-escaneres-cerebrales-600x400.jpg","newsmatic-thumb":"https:\/\/lobosnews.com.ar\/wp-content\/uploads\/2026\/09\/la-perdida-de-memoria-comienza-mas-joven-de-lo-que-se-pensaba-revelan-los-escaneres-cerebrales-300x200.jpg","newsmatic-small":"https:\/\/lobosnews.com.ar\/wp-content\/uploads\/2026\/09\/la-perdida-de-memoria-comienza-mas-joven-de-lo-que-se-pensaba-revelan-los-escaneres-cerebrales-150x95.jpg","newsmatic-grid":"https:\/\/lobosnews.com.ar\/wp-content\/uploads\/2026\/09\/la-perdida-de-memoria-comienza-mas-joven-de-lo-que-se-pensaba-revelan-los-escaneres-cerebrales-400x250.jpg"},"magazineBlocksPostAuthor":{"name":"admin","avatar":"https:\/\/secure.gravatar.com\/avatar\/76e419471a2083bc3ceab22a763dbbf9b0c1bd15a6214cf3280e2c2dde4580f9?s=96&d=mm&r=g"},"magazineBlocksPostCommentsNumber":"0","magazineBlocksPostExcerpt":"JUEVES, 3 de septiembre de 2026 (HealthDay News) &#8212; La memoria de una persona empieza a empeorar mucho antes de lo que se pensaba, seg\u00fan un nuevo estudio. Las personas de m\u00e1s de 50 a\u00f1os empiezan a mostrar signos de disminuci\u00f3n de la funci\u00f3n de la memoria, probablemente debido a cambios en la regi\u00f3n cerebral...","magazineBlocksPostCategories":["Salud"],"magazineBlocksPostViewCount":37,"magazineBlocksPostReadTime":4,"magazine_blocks_featured_image_url":{"full":["https:\/\/lobosnews.com.ar\/wp-content\/uploads\/2026\/09\/la-perdida-de-memoria-comienza-mas-joven-de-lo-que-se-pensaba-revelan-los-escaneres-cerebrales.jpg",1200,800,false],"medium":["https:\/\/lobosnews.com.ar\/wp-content\/uploads\/2026\/09\/la-perdida-de-memoria-comienza-mas-joven-de-lo-que-se-pensaba-revelan-los-escaneres-cerebrales-300x200.jpg",300,200,true],"thumbnail":["https:\/\/lobosnews.com.ar\/wp-content\/uploads\/2026\/09\/la-perdida-de-memoria-comienza-mas-joven-de-lo-que-se-pensaba-revelan-los-escaneres-cerebrales-150x150.jpg",150,150,true]},"magazine_blocks_author":{"display_name":"admin","author_link":"https:\/\/lobosnews.com.ar\/index.php\/author\/lobos-news\/"},"magazine_blocks_comment":0,"magazine_blocks_author_image":"https:\/\/secure.gravatar.com\/avatar\/76e419471a2083bc3ceab22a763dbbf9b0c1bd15a6214cf3280e2c2dde4580f9?s=96&d=mm&r=g","magazine_blocks_category":"<a href=\"#\" class=\"category-link category-link-81\">Salud<\/a>","yoast_head":"<!-- This site is optimized with the Yoast SEO plugin v28.0 - https:\/\/yoast.com\/product\/yoast-seo-wordpress\/ -->\n<title>La p\u00e9rdida de memoria comienza m\u00e1s joven de lo que se pensaba, revelan los esc\u00e1neres cerebrales - Lobos News<\/title>\n<meta name=\"robots\" content=\"index, follow, max-snippet:-1, max-image-preview:large, max-video-preview:-1\" \/>\n<link rel=\"canonical\" href=\"https:\/\/lobosnews.com.ar\/index.php\/2026\/09\/04\/la-perdida-de-memoria-comienza-mas-joven-de-lo-que-se-pensaba-revelan-los-escaneres-cerebrales\/\" \/>\n<meta property=\"og:locale\" content=\"es_ES\" \/>\n<meta property=\"og:type\" content=\"article\" \/>\n<meta property=\"og:title\" content=\"La p\u00e9rdida de memoria comienza m\u00e1s joven de lo que se pensaba, revelan los esc\u00e1neres cerebrales - Lobos News\" \/>\n<meta property=\"og:description\" content=\"JUEVES, 3 de septiembre de 2026 (HealthDay News) &#8212; La memoria de una persona empieza a empeorar mucho antes de lo que se pensaba, seg\u00fan un nuevo estudio. Las personas de m\u00e1s de 50 a\u00f1os empiezan a mostrar signos de disminuci\u00f3n de la funci\u00f3n de la memoria, probablemente debido a cambios en la regi\u00f3n cerebral...\" \/>\n<meta property=\"og:url\" content=\"https:\/\/lobosnews.com.ar\/index.php\/2026\/09\/04\/la-perdida-de-memoria-comienza-mas-joven-de-lo-que-se-pensaba-revelan-los-escaneres-cerebrales\/\" \/>\n<meta property=\"og:site_name\" content=\"Lobos News\" \/>\n<meta property=\"article:published_time\" content=\"2026-09-04T01:46:46+00:00\" \/>\n<meta property=\"article:modified_time\" content=\"2026-09-04T04:51:07+00:00\" \/>\n<meta property=\"og:image\" content=\"https:\/\/lobosnews.com.ar\/wp-content\/uploads\/2026\/09\/la-perdida-de-memoria-comienza-mas-joven-de-lo-que-se-pensaba-revelan-los-escaneres-cerebrales.jpg\" \/>\n\t<meta property=\"og:image:width\" content=\"1200\" \/>\n\t<meta property=\"og:image:height\" content=\"800\" \/>\n\t<meta property=\"og:image:type\" content=\"image\/jpeg\" \/>\n<meta name=\"author\" content=\"admin\" \/>\n<meta name=\"twitter:card\" content=\"summary_large_image\" \/>\n<meta name=\"twitter:label1\" content=\"Escrito por\" \/>\n\t<meta name=\"twitter:data1\" content=\"admin\" \/>\n\t<meta name=\"twitter:label2\" content=\"Tiempo de lectura\" \/>\n\t<meta name=\"twitter:data2\" content=\"3 minutos\" \/>\n<script type=\"application\/ld+json\" class=\"yoast-schema-graph\">{\"@context\":\"https:\\\/\\\/schema.org\",\"@graph\":[{\"@type\":\"Article\",\"@id\":\"https:\\\/\\\/lobosnews.com.ar\\\/index.php\\\/2026\\\/09\\\/04\\\/la-perdida-de-memoria-comienza-mas-joven-de-lo-que-se-pensaba-revelan-los-escaneres-cerebrales\\\/#article\",\"isPartOf\":{\"@id\":\"https:\\\/\\\/lobosnews.com.ar\\\/index.php\\\/2026\\\/09\\\/04\\\/la-perdida-de-memoria-comienza-mas-joven-de-lo-que-se-pensaba-revelan-los-escaneres-cerebrales\\\/\"},\"author\":{\"name\":\"admin\",\"@id\":\"https:\\\/\\\/lobosnews.com.ar\\\/#\\\/schema\\\/person\\\/232422a593d5c541dd9aef6aaed10943\"},\"headline\":\"La p\u00e9rdida de memoria comienza m\u00e1s joven de lo que se pensaba, revelan los esc\u00e1neres cerebrales\",\"datePublished\":\"2026-09-04T01:46:46+00:00\",\"dateModified\":\"2026-09-04T04:51:07+00:00\",\"mainEntityOfPage\":{\"@id\":\"https:\\\/\\\/lobosnews.com.ar\\\/index.php\\\/2026\\\/09\\\/04\\\/la-perdida-de-memoria-comienza-mas-joven-de-lo-que-se-pensaba-revelan-los-escaneres-cerebrales\\\/\"},\"wordCount\":644,\"commentCount\":0,\"publisher\":{\"@id\":\"https:\\\/\\\/lobosnews.com.ar\\\/#organization\"},\"image\":{\"@id\":\"https:\\\/\\\/lobosnews.com.ar\\\/index.php\\\/2026\\\/09\\\/04\\\/la-perdida-de-memoria-comienza-mas-joven-de-lo-que-se-pensaba-revelan-los-escaneres-cerebrales\\\/#primaryimage\"},\"thumbnailUrl\":\"https:\\\/\\\/lobosnews.com.ar\\\/wp-content\\\/uploads\\\/2026\\\/09\\\/la-perdida-de-memoria-comienza-mas-joven-de-lo-que-se-pensaba-revelan-los-escaneres-cerebrales.jpg\",\"articleSection\":[\"Salud\"],\"inLanguage\":\"es\",\"potentialAction\":[{\"@type\":\"CommentAction\",\"name\":\"Comment\",\"target\":[\"https:\\\/\\\/lobosnews.com.ar\\\/index.php\\\/2026\\\/09\\\/04\\\/la-perdida-de-memoria-comienza-mas-joven-de-lo-que-se-pensaba-revelan-los-escaneres-cerebrales\\\/#respond\"]}]},{\"@type\":\"WebPage\",\"@id\":\"https:\\\/\\\/lobosnews.com.ar\\\/index.php\\\/2026\\\/09\\\/04\\\/la-perdida-de-memoria-comienza-mas-joven-de-lo-que-se-pensaba-revelan-los-escaneres-cerebrales\\\/\",\"url\":\"https:\\\/\\\/lobosnews.com.ar\\\/index.php\\\/2026\\\/09\\\/04\\\/la-perdida-de-memoria-comienza-mas-joven-de-lo-que-se-pensaba-revelan-los-escaneres-cerebrales\\\/\",\"name\":\"La p\u00e9rdida de memoria comienza m\u00e1s joven de lo que se pensaba, revelan los esc\u00e1neres cerebrales - Lobos News\",\"isPartOf\":{\"@id\":\"https:\\\/\\\/lobosnews.com.ar\\\/#website\"},\"primaryImageOfPage\":{\"@id\":\"https:\\\/\\\/lobosnews.com.ar\\\/index.php\\\/2026\\\/09\\\/04\\\/la-perdida-de-memoria-comienza-mas-joven-de-lo-que-se-pensaba-revelan-los-escaneres-cerebrales\\\/#primaryimage\"},\"image\":{\"@id\":\"https:\\\/\\\/lobosnews.com.ar\\\/index.php\\\/2026\\\/09\\\/04\\\/la-perdida-de-memoria-comienza-mas-joven-de-lo-que-se-pensaba-revelan-los-escaneres-cerebrales\\\/#primaryimage\"},\"thumbnailUrl\":\"https:\\\/\\\/lobosnews.com.ar\\\/wp-content\\\/uploads\\\/2026\\\/09\\\/la-perdida-de-memoria-comienza-mas-joven-de-lo-que-se-pensaba-revelan-los-escaneres-cerebrales.jpg\",\"datePublished\":\"2026-09-04T01:46:46+00:00\",\"dateModified\":\"2026-09-04T04:51:07+00:00\",\"breadcrumb\":{\"@id\":\"https:\\\/\\\/lobosnews.com.ar\\\/index.php\\\/2026\\\/09\\\/04\\\/la-perdida-de-memoria-comienza-mas-joven-de-lo-que-se-pensaba-revelan-los-escaneres-cerebrales\\\/#breadcrumb\"},\"inLanguage\":\"es\",\"potentialAction\":[{\"@type\":\"ReadAction\",\"target\":[\"https:\\\/\\\/lobosnews.com.ar\\\/index.php\\\/2026\\\/09\\\/04\\\/la-perdida-de-memoria-comienza-mas-joven-de-lo-que-se-pensaba-revelan-los-escaneres-cerebrales\\\/\"]}]},{\"@type\":\"ImageObject\",\"inLanguage\":\"es\",\"@id\":\"https:\\\/\\\/lobosnews.com.ar\\\/index.php\\\/2026\\\/09\\\/04\\\/la-perdida-de-memoria-comienza-mas-joven-de-lo-que-se-pensaba-revelan-los-escaneres-cerebrales\\\/#primaryimage\",\"url\":\"https:\\\/\\\/lobosnews.com.ar\\\/wp-content\\\/uploads\\\/2026\\\/09\\\/la-perdida-de-memoria-comienza-mas-joven-de-lo-que-se-pensaba-revelan-los-escaneres-cerebrales.jpg\",\"contentUrl\":\"https:\\\/\\\/lobosnews.com.ar\\\/wp-content\\\/uploads\\\/2026\\\/09\\\/la-perdida-de-memoria-comienza-mas-joven-de-lo-que-se-pensaba-revelan-los-escaneres-cerebrales.jpg\",\"width\":1200,\"height\":800,\"caption\":\"La p\u00e9rdida de memoria comienza m\u00e1s joven de lo que se pensaba, revelan los esc\u00e1neres cerebrales\"},{\"@type\":\"BreadcrumbList\",\"@id\":\"https:\\\/\\\/lobosnews.com.ar\\\/index.php\\\/2026\\\/09\\\/04\\\/la-perdida-de-memoria-comienza-mas-joven-de-lo-que-se-pensaba-revelan-los-escaneres-cerebrales\\\/#breadcrumb\",\"itemListElement\":[{\"@type\":\"ListItem\",\"position\":1,\"name\":\"Portada\",\"item\":\"https:\\\/\\\/lobosnews.com.ar\\\/\"},{\"@type\":\"ListItem\",\"position\":2,\"name\":\"La p\u00e9rdida de memoria comienza m\u00e1s joven de lo que se pensaba, revelan los esc\u00e1neres cerebrales\"}]},{\"@type\":\"WebSite\",\"@id\":\"https:\\\/\\\/lobosnews.com.ar\\\/#website\",\"url\":\"https:\\\/\\\/lobosnews.com.ar\\\/\",\"name\":\"Lobos News\",\"description\":\"Informaci\u00f3n a cada instante\",\"publisher\":{\"@id\":\"https:\\\/\\\/lobosnews.com.ar\\\/#organization\"},\"potentialAction\":[{\"@type\":\"SearchAction\",\"target\":{\"@type\":\"EntryPoint\",\"urlTemplate\":\"https:\\\/\\\/lobosnews.com.ar\\\/?s={search_term_string}\"},\"query-input\":{\"@type\":\"PropertyValueSpecification\",\"valueRequired\":true,\"valueName\":\"search_term_string\"}}],\"inLanguage\":\"es\"},{\"@type\":\"Organization\",\"@id\":\"https:\\\/\\\/lobosnews.com.ar\\\/#organization\",\"name\":\"Lobos News\",\"url\":\"https:\\\/\\\/lobosnews.com.ar\\\/\",\"logo\":{\"@type\":\"ImageObject\",\"inLanguage\":\"es\",\"@id\":\"https:\\\/\\\/lobosnews.com.ar\\\/#\\\/schema\\\/logo\\\/image\\\/\",\"url\":\"https:\\\/\\\/lobosnews.com.ar\\\/wp-content\\\/uploads\\\/2026\\\/01\\\/logo-lobosnews.png\",\"contentUrl\":\"https:\\\/\\\/lobosnews.com.ar\\\/wp-content\\\/uploads\\\/2026\\\/01\\\/logo-lobosnews.png\",\"width\":500,\"height\":200,\"caption\":\"Lobos News\"},\"image\":{\"@id\":\"https:\\\/\\\/lobosnews.com.ar\\\/#\\\/schema\\\/logo\\\/image\\\/\"}},{\"@type\":\"Person\",\"@id\":\"https:\\\/\\\/lobosnews.com.ar\\\/#\\\/schema\\\/person\\\/232422a593d5c541dd9aef6aaed10943\",\"name\":\"admin\",\"image\":{\"@type\":\"ImageObject\",\"inLanguage\":\"es\",\"@id\":\"https:\\\/\\\/secure.gravatar.com\\\/avatar\\\/76e419471a2083bc3ceab22a763dbbf9b0c1bd15a6214cf3280e2c2dde4580f9?s=96&d=mm&r=g\",\"url\":\"https:\\\/\\\/secure.gravatar.com\\\/avatar\\\/76e419471a2083bc3ceab22a763dbbf9b0c1bd15a6214cf3280e2c2dde4580f9?s=96&d=mm&r=g\",\"contentUrl\":\"https:\\\/\\\/secure.gravatar.com\\\/avatar\\\/76e419471a2083bc3ceab22a763dbbf9b0c1bd15a6214cf3280e2c2dde4580f9?s=96&d=mm&r=g\",\"caption\":\"admin\"},\"sameAs\":[\"https:\\\/\\\/lobosnews.com.ar\"],\"url\":\"https:\\\/\\\/lobosnews.com.ar\\\/index.php\\\/author\\\/lobos-news\\\/\"}]}<\/script>\n<!-- \/ Yoast SEO plugin. -->","yoast_head_json":{"title":"La p\u00e9rdida de memoria comienza m\u00e1s joven de lo que se pensaba, revelan los esc\u00e1neres cerebrales - Lobos News","robots":{"index":"index","follow":"follow","max-snippet":"max-snippet:-1","max-image-preview":"max-image-preview:large","max-video-preview":"max-video-preview:-1"},"canonical":"https:\/\/lobosnews.com.ar\/index.php\/2026\/09\/04\/la-perdida-de-memoria-comienza-mas-joven-de-lo-que-se-pensaba-revelan-los-escaneres-cerebrales\/","og_locale":"es_ES","og_type":"article","og_title":"La p\u00e9rdida de memoria comienza m\u00e1s joven de lo que se pensaba, revelan los esc\u00e1neres cerebrales - Lobos News","og_description":"JUEVES, 3 de septiembre de 2026 (HealthDay News) &#8212; La memoria de una persona empieza a empeorar mucho antes de lo que se pensaba, seg\u00fan un nuevo estudio. Las personas de m\u00e1s de 50 a\u00f1os empiezan a mostrar signos de disminuci\u00f3n de la funci\u00f3n de la memoria, probablemente debido a cambios en la regi\u00f3n cerebral...","og_url":"https:\/\/lobosnews.com.ar\/index.php\/2026\/09\/04\/la-perdida-de-memoria-comienza-mas-joven-de-lo-que-se-pensaba-revelan-los-escaneres-cerebrales\/","og_site_name":"Lobos News","article_published_time":"2026-09-04T01:46:46+00:00","article_modified_time":"2026-09-04T04:51:07+00:00","og_image":[{"width":1200,"height":800,"url":"https:\/\/lobosnews.com.ar\/wp-content\/uploads\/2026\/09\/la-perdida-de-memoria-comienza-mas-joven-de-lo-que-se-pensaba-revelan-los-escaneres-cerebrales.jpg","type":"image\/jpeg"}],"author":"admin","twitter_card":"summary_large_image","twitter_misc":{"Escrito por":"admin","Tiempo de lectura":"3 minutos"},"schema":{"@context":"https:\/\/schema.org","@graph":[{"@type":"Article","@id":"https:\/\/lobosnews.com.ar\/index.php\/2026\/09\/04\/la-perdida-de-memoria-comienza-mas-joven-de-lo-que-se-pensaba-revelan-los-escaneres-cerebrales\/#article","isPartOf":{"@id":"https:\/\/lobosnews.com.ar\/index.php\/2026\/09\/04\/la-perdida-de-memoria-comienza-mas-joven-de-lo-que-se-pensaba-revelan-los-escaneres-cerebrales\/"},"author":{"name":"admin","@id":"https:\/\/lobosnews.com.ar\/#\/schema\/person\/232422a593d5c541dd9aef6aaed10943"},"headline":"La p\u00e9rdida de memoria comienza m\u00e1s joven de lo que se pensaba, revelan los esc\u00e1neres cerebrales","datePublished":"2026-09-04T01:46:46+00:00","dateModified":"2026-09-04T04:51:07+00:00","mainEntityOfPage":{"@id":"https:\/\/lobosnews.com.ar\/index.php\/2026\/09\/04\/la-perdida-de-memoria-comienza-mas-joven-de-lo-que-se-pensaba-revelan-los-escaneres-cerebrales\/"},"wordCount":644,"commentCount":0,"publisher":{"@id":"https:\/\/lobosnews.com.ar\/#organization"},"image":{"@id":"https:\/\/lobosnews.com.ar\/index.php\/2026\/09\/04\/la-perdida-de-memoria-comienza-mas-joven-de-lo-que-se-pensaba-revelan-los-escaneres-cerebrales\/#primaryimage"},"thumbnailUrl":"https:\/\/lobosnews.com.ar\/wp-content\/uploads\/2026\/09\/la-perdida-de-memoria-comienza-mas-joven-de-lo-que-se-pensaba-revelan-los-escaneres-cerebrales.jpg","articleSection":["Salud"],"inLanguage":"es","potentialAction":[{"@type":"CommentAction","name":"Comment","target":["https:\/\/lobosnews.com.ar\/index.php\/2026\/09\/04\/la-perdida-de-memoria-comienza-mas-joven-de-lo-que-se-pensaba-revelan-los-escaneres-cerebrales\/#respond"]}]},{"@type":"WebPage","@id":"https:\/\/lobosnews.com.ar\/index.php\/2026\/09\/04\/la-perdida-de-memoria-comienza-mas-joven-de-lo-que-se-pensaba-revelan-los-escaneres-cerebrales\/","url":"https:\/\/lobosnews.com.ar\/index.php\/2026\/09\/04\/la-perdida-de-memoria-comienza-mas-joven-de-lo-que-se-pensaba-revelan-los-escaneres-cerebrales\/","name":"La p\u00e9rdida de memoria comienza m\u00e1s joven de lo que se pensaba, revelan los esc\u00e1neres cerebrales - Lobos News","isPartOf":{"@id":"https:\/\/lobosnews.com.ar\/#website"},"primaryImageOfPage":{"@id":"https:\/\/lobosnews.com.ar\/index.php\/2026\/09\/04\/la-perdida-de-memoria-comienza-mas-joven-de-lo-que-se-pensaba-revelan-los-escaneres-cerebrales\/#primaryimage"},"image":{"@id":"https:\/\/lobosnews.com.ar\/index.php\/2026\/09\/04\/la-perdida-de-memoria-comienza-mas-joven-de-lo-que-se-pensaba-revelan-los-escaneres-cerebrales\/#primaryimage"},"thumbnailUrl":"https:\/\/lobosnews.com.ar\/wp-content\/uploads\/2026\/09\/la-perdida-de-memoria-comienza-mas-joven-de-lo-que-se-pensaba-revelan-los-escaneres-cerebrales.jpg","datePublished":"2026-09-04T01:46:46+00:00","dateModified":"2026-09-04T04:51:07+00:00","breadcrumb":{"@id":"https:\/\/lobosnews.com.ar\/index.php\/2026\/09\/04\/la-perdida-de-memoria-comienza-mas-joven-de-lo-que-se-pensaba-revelan-los-escaneres-cerebrales\/#breadcrumb"},"inLanguage":"es","potentialAction":[{"@type":"ReadAction","target":["https:\/\/lobosnews.com.ar\/index.php\/2026\/09\/04\/la-perdida-de-memoria-comienza-mas-joven-de-lo-que-se-pensaba-revelan-los-escaneres-cerebrales\/"]}]},{"@type":"ImageObject","inLanguage":"es","@id":"https:\/\/lobosnews.com.ar\/index.php\/2026\/09\/04\/la-perdida-de-memoria-comienza-mas-joven-de-lo-que-se-pensaba-revelan-los-escaneres-cerebrales\/#primaryimage","url":"https:\/\/lobosnews.com.ar\/wp-content\/uploads\/2026\/09\/la-perdida-de-memoria-comienza-mas-joven-de-lo-que-se-pensaba-revelan-los-escaneres-cerebrales.jpg","contentUrl":"https:\/\/lobosnews.com.ar\/wp-content\/uploads\/2026\/09\/la-perdida-de-memoria-comienza-mas-joven-de-lo-que-se-pensaba-revelan-los-escaneres-cerebrales.jpg","width":1200,"height":800,"caption":"La p\u00e9rdida de memoria comienza m\u00e1s joven de lo que se pensaba, revelan los esc\u00e1neres cerebrales"},{"@type":"BreadcrumbList","@id":"https:\/\/lobosnews.com.ar\/index.php\/2026\/09\/04\/la-perdida-de-memoria-comienza-mas-joven-de-lo-que-se-pensaba-revelan-los-escaneres-cerebrales\/#breadcrumb","itemListElement":[{"@type":"ListItem","position":1,"name":"Portada","item":"https:\/\/lobosnews.com.ar\/"},{"@type":"ListItem","position":2,"name":"La p\u00e9rdida de memoria comienza m\u00e1s joven de lo que se pensaba, revelan los esc\u00e1neres cerebrales"}]},{"@type":"WebSite","@id":"https:\/\/lobosnews.com.ar\/#website","url":"https:\/\/lobosnews.com.ar\/","name":"Lobos News","description":"Informaci\u00f3n a cada instante","publisher":{"@id":"https:\/\/lobosnews.com.ar\/#organization"},"potentialAction":[{"@type":"SearchAction","target":{"@type":"EntryPoint","urlTemplate":"https:\/\/lobosnews.com.ar\/?s={search_term_string}"},"query-input":{"@type":"PropertyValueSpecification","valueRequired":true,"valueName":"search_term_string"}}],"inLanguage":"es"},{"@type":"Organization","@id":"https:\/\/lobosnews.com.ar\/#organization","name":"Lobos News","url":"https:\/\/lobosnews.com.ar\/","logo":{"@type":"ImageObject","inLanguage":"es","@id":"https:\/\/lobosnews.com.ar\/#\/schema\/logo\/image\/","url":"https:\/\/lobosnews.com.ar\/wp-content\/uploads\/2026\/01\/logo-lobosnews.png","contentUrl":"https:\/\/lobosnews.com.ar\/wp-content\/uploads\/2026\/01\/logo-lobosnews.png","width":500,"height":200,"caption":"Lobos News"},"image":{"@id":"https:\/\/lobosnews.com.ar\/#\/schema\/logo\/image\/"}},{"@type":"Person","@id":"https:\/\/lobosnews.com.ar\/#\/schema\/person\/232422a593d5c541dd9aef6aaed10943","name":"admin","image":{"@type":"ImageObject","inLanguage":"es","@id":"https:\/\/secure.gravatar.com\/avatar\/76e419471a2083bc3ceab22a763dbbf9b0c1bd15a6214cf3280e2c2dde4580f9?s=96&d=mm&r=g","url":"https:\/\/secure.gravatar.com\/avatar\/76e419471a2083bc3ceab22a763dbbf9b0c1bd15a6214cf3280e2c2dde4580f9?s=96&d=mm&r=g","contentUrl":"https:\/\/secure.gravatar.com\/avatar\/76e419471a2083bc3ceab22a763dbbf9b0c1bd15a6214cf3280e2c2dde4580f9?s=96&d=mm&r=g","caption":"admin"},"sameAs":["https:\/\/lobosnews.com.ar"],"url":"https:\/\/lobosnews.com.ar\/index.php\/author\/lobos-news\/"}]}},"jetpack_featured_media_url":"https:\/\/lobosnews.com.ar\/wp-content\/uploads\/2026\/09\/la-perdida-de-memoria-comienza-mas-joven-de-lo-que-se-pensaba-revelan-los-escaneres-cerebrales.jpg","jetpack_sharing_enabled":true,"_links":{"self":[{"href":"https:\/\/lobosnews.com.ar\/index.php\/wp-json\/wp\/v2\/posts\/97269","targetHints":{"allow":["GET"]}}],"collection":[{"href":"https:\/\/lobosnews.com.ar\/index.php\/wp-json\/wp\/v2\/posts"}],"about":[{"href":"https:\/\/lobosnews.com.ar\/index.php\/wp-json\/wp\/v2\/types\/post"}],"author":[{"embeddable":true,"href":"https:\/\/lobosnews.com.ar\/index.php\/wp-json\/wp\/v2\/users\/1"}],"replies":[{"embeddable":true,"href":"https:\/\/lobosnews.com.ar\/index.php\/wp-json\/wp\/v2\/comments?post=97269"}],"version-history":[{"count":1,"href":"https:\/\/lobosnews.com.ar\/index.php\/wp-json\/wp\/v2\/posts\/97269\/revisions"}],"predecessor-version":[{"id":97271,"href":"https:\/\/lobosnews.com.ar\/index.php\/wp-json\/wp\/v2\/posts\/97269\/revisions\/97271"}],"wp:featuredmedia":[{"embeddable":true,"href":"https:\/\/lobosnews.com.ar\/index.php\/wp-json\/wp\/v2\/media\/97272"}],"wp:attachment":[{"href":"https:\/\/lobosnews.com.ar\/index.php\/wp-json\/wp\/v2\/media?parent=97269"}],"wp:term":[{"taxonomy":"category","embeddable":true,"href":"https:\/\/lobosnews.com.ar\/index.php\/wp-json\/wp\/v2\/categories?post=97269"},{"taxonomy":"post_tag","embeddable":true,"href":"https:\/\/lobosnews.com.ar\/index.php\/wp-json\/wp\/v2\/tags?post=97269"}],"curies":[{"name":"wp","href":"https:\/\/api.w.org\/{rel}","templated":true}]}}