{"id":97243,"date":"2026-09-04T02:20:43","date_gmt":"2026-09-04T02:20:43","guid":{"rendered":"https:\/\/lobosnews.com.ar\/?p=97243"},"modified":"2026-09-04T04:50:45","modified_gmt":"2026-09-04T04:50:45","slug":"el-regimen-se-queda-sin-periodistas-universidad-de-la-habana-busca-alumnos-de-otras-carreras-para-periodismo","status":"publish","type":"post","link":"https:\/\/lobosnews.com.ar\/index.php\/2026\/09\/04\/el-regimen-se-queda-sin-periodistas-universidad-de-la-habana-busca-alumnos-de-otras-carreras-para-periodismo\/","title":{"rendered":"\u00bfEl r\u00e9gimen se queda sin periodistas? Universidad de La Habana busca alumnos de otras carreras para Periodismo"},"content":{"rendered":"<p><img loading=\"lazy\" decoding=\"async\" src=\"https:\/\/lobosnews.com.ar\/wp-content\/uploads\/2026\/09\/el-regimen-se-queda-sin-periodistas-universidad-de-la-habana-busca-alumnos-de-otras-carreras-para-periodismo.jpg\" alt=\"La Universidad de La Habana abri\u00f3 una convocatoria extraordinaria para trasladarse a Periodismo en el curso 2026-2027. (Cortes\u00eda: Facultad de Comunicaci\u00f3n)\" height=\"1080\" width=\"1440\"\/><\/p>\n<p>La <b>Universidad de La Habana<\/b> abri\u00f3 una convocatoria extraordinaria <b>para estudiantes de otras carreras que quieran trasladarse a Periodismo en el curso 2026-2027<\/b>. La iniciativa, difundida el 2 de septiembre por la Facultad de Comunicaci\u00f3n, expone las dificultades para cubrir la demanda de profesionales en los medios alineados al r\u00e9gimen cubano, seg\u00fan el an\u00e1lisis del periodista independiente <b>Jos\u00e9 Ra\u00fal Gallego<\/b>.<\/p>\n<p>El llamado est\u00e1 dirigido a alumnos universitarios \u201cinteresados en trasladarse a los estudios de Periodismo\u201d. Los aspirantes deber\u00e1n rendir un examen de aptitud los d\u00edas 11 y 12 de septiembre.<\/p>\n<p>De acuerdo con el texto publicado en Facebook, la prueba evaluar\u00e1 \u201cconocimientos de cultura general, informaci\u00f3n de actualidad, redacci\u00f3n y dominio del lenguaje\u201d. La convocatoria no precisa cu\u00e1ntas plazas est\u00e1n disponibles ni cu\u00e1ntos estudiantes esperan incorporar a la carrera.<\/p>\n<p><img loading=\"lazy\" decoding=\"async\" src=\"https:\/\/lobosnews.com.ar\/wp-content\/uploads\/2026\/09\/el-regimen-se-queda-sin-periodistas-universidad-de-la-habana-busca-alumnos-de-otras-carreras-para-periodismo-1.jpg\" alt=\"La prueba para ingresar a Periodismo evaluar\u00e1 cultura general, actualidad, redacci\u00f3n y dominio del lenguaje. (Cortes\u00eda: Facultad de Comunicaci\u00f3n)\" height=\"1399\" width=\"991\"\/><\/p>\n<h2>R\u00e9gimen cubano enfrenta dificultades para retener periodistas<\/h2>\n<p>La decisi\u00f3n llega en un momento en que el sistema oficial de medios enfrenta problemas para captar y retener graduados de Periodismo, de acuerdo con Gallego, quien vincul\u00f3 la medida con <b>un deterioro sostenido de las matr\u00edculas y con la salida de profesionales hacia otros sectores.<\/b><\/p>\n<p>Gallego sostuvo que la carrera ha perdido atractivo entre los j\u00f3venes por varias razones, entre ellas la <b>emigraci\u00f3n<\/b>, <b>los bajos salarios<\/b>, <b>la censura y las discrepancias pol\u00edticas con la l\u00ednea editorial de los medios controlados por el r\u00e9gimen<\/b>.<\/p>\n<p>\u201cCada vez la cantidad y la calidad de las matr\u00edculas para la carrera de Periodismo es inferior\u201d, afirm\u00f3 Gallego.<b> Tambi\u00e9n se\u00f1al\u00f3 que una parte de los egresados opta por no incorporarse a redacciones oficialistas o abandona esos puestos despu\u00e9s de un tiempo<\/b>.<\/p>\n<p>\u201c<b>Los medios est\u00e1n vac\u00edos<\/b>, <b>incluso los nacionales<\/b>\u201d, escribi\u00f3. Gallego tambi\u00e9n sostuvo que el problema no se limita al ingreso de alumnos, sino que alcanza al ejercicio profesional una vez terminada la formaci\u00f3n acad\u00e9mica. Seg\u00fan su an\u00e1lisis, muchos graduados encuentran obst\u00e1culos para desarrollar una carrera period\u00edstica dentro de las estructura oficialista.<\/p>\n<p>Entre los factores que mencion\u00f3 figura<b> la exigencia de una adhesi\u00f3n ideol\u00f3gica al sistema pol\u00edtico cubano<\/b>. El periodista consider\u00f3 que esa condici\u00f3n ha pesado sobre los criterios estrictamente acad\u00e9micos o profesionales para acceder a la carrera.<\/p>\n<p><img loading=\"lazy\" decoding=\"async\" src=\"https:\/\/lobosnews.com.ar\/wp-content\/uploads\/2026\/09\/el-regimen-se-queda-sin-periodistas-universidad-de-la-habana-busca-alumnos-de-otras-carreras-para-periodismo-2.jpg\" alt=\"Jas\u00e9 Ra\u00fal Gallego sostuvo que la carrera de Periodismo perdi\u00f3 atractivo por la emigraci\u00f3n, los bajos salarios, la censura y las discrepancias pol\u00edticas. (Imagen Ilustrativa Infobae)\" height=\"1536\" width=\"2752\"\/><\/p>\n<p><b>Tambi\u00e9n cit\u00f3 la imposici\u00f3n del servicio militar obligatorio a mujeres seleccionadas para estudiar Periodismo<\/b>. Gallego afirm\u00f3 que la medida afect\u00f3 a un grupo que sol\u00eda tener presencia mayoritaria en las aulas y que la decisi\u00f3n respondi\u00f3 a la intenci\u00f3n de reforzar el control pol\u00edtico sobre los futuros comunicadores.<\/p>\n<p>\u201c<b>El problema es sist\u00e9mico porque cada vez es m\u00e1s dif\u00edcil ser parte de un sistema que te obliga a mentir p\u00fablicamente<\/b>\u201d, plante\u00f3. <\/p>\n<p>El periodista record\u00f3 que la Universidad de La Habana impuls\u00f3 un proceso parecido durante el curso 2009-2010, cuando \u00e9l terminaba sus estudios. Seg\u00fan relat\u00f3, aquella convocatoria tuvo el respaldo del Departamento Ideol\u00f3gico del Comit\u00e9 Central del Partido Comunista de Cuba (PCC).<\/p>\n<p>Gallego asegur\u00f3 que, en esa oportunidad, la incorporaci\u00f3n y graduaci\u00f3n de los nuevos alumnos fue tratada como una \u201ctarea pol\u00edtica\u201d. A su juicio, <b>el regreso de este mecanismo m\u00e1s de 15 a\u00f1os despu\u00e9s refleja que las dificultades de captaci\u00f3n y permanencia no fueron resueltas<\/b>.<\/p>\n","protected":false},"excerpt":{"rendered":"<p>La Universidad de La Habana abri\u00f3 una convocatoria extraordinaria para estudiantes de otras carreras que quieran trasladarse a Periodismo en el curso 2026-2027. La iniciativa, difundida el 2 de septiembre por la Facultad de Comunicaci\u00f3n, expone las dificultades para cubrir la demanda de profesionales en los medios alineados al r\u00e9gimen cubano, seg\u00fan el an\u00e1lisis del&#8230;<\/p>\n","protected":false},"author":1,"featured_media":97248,"comment_status":"open","ping_status":"closed","sticky":false,"template":"","format":"standard","meta":{"_jetpack_newsletter_access":"","_jetpack_dont_email_post_to_subs":false,"_jetpack_newsletter_tier_id":0,"_jetpack_memberships_contains_paywalled_content":false,"_jetpack_memberships_contains_paid_content":false,"footnotes":"","jetpack_post_was_ever_published":false},"categories":[31],"tags":[],"class_list":["post-97243","post","type-post","status-publish","format-standard","has-post-thumbnail","hentry","category-actualidad"],"magazineBlocksPostFeaturedMedia":{"thumbnail":"https:\/\/lobosnews.com.ar\/wp-content\/uploads\/2026\/09\/el-regimen-se-queda-sin-periodistas-universidad-de-la-habana-busca-alumnos-de-otras-carreras-para-periodismo-4-150x150.jpg","medium":"https:\/\/lobosnews.com.ar\/wp-content\/uploads\/2026\/09\/el-regimen-se-queda-sin-periodistas-universidad-de-la-habana-busca-alumnos-de-otras-carreras-para-periodismo-4-300x167.jpg","medium_large":"https:\/\/lobosnews.com.ar\/wp-content\/uploads\/2026\/09\/el-regimen-se-queda-sin-periodistas-universidad-de-la-habana-busca-alumnos-de-otras-carreras-para-periodismo-4-768x429.jpg","large":"https:\/\/lobosnews.com.ar\/wp-content\/uploads\/2026\/09\/el-regimen-se-queda-sin-periodistas-universidad-de-la-habana-busca-alumnos-de-otras-carreras-para-periodismo-4-1024x572.jpg","1536x1536":"https:\/\/lobosnews.com.ar\/wp-content\/uploads\/2026\/09\/el-regimen-se-queda-sin-periodistas-universidad-de-la-habana-busca-alumnos-de-otras-carreras-para-periodismo-4-1536x857.jpg","2048x2048":"https:\/\/lobosnews.com.ar\/wp-content\/uploads\/2026\/09\/el-regimen-se-queda-sin-periodistas-universidad-de-la-habana-busca-alumnos-de-otras-carreras-para-periodismo-4-2048x1143.jpg","newsmatic-featured":"https:\/\/lobosnews.com.ar\/wp-content\/uploads\/2026\/09\/el-regimen-se-queda-sin-periodistas-universidad-de-la-habana-busca-alumnos-de-otras-carreras-para-periodismo-4-820x545.jpg","newsmatic-list":"https:\/\/lobosnews.com.ar\/wp-content\/uploads\/2026\/09\/el-regimen-se-queda-sin-periodistas-universidad-de-la-habana-busca-alumnos-de-otras-carreras-para-periodismo-4-600x400.jpg","newsmatic-thumb":"https:\/\/lobosnews.com.ar\/wp-content\/uploads\/2026\/09\/el-regimen-se-queda-sin-periodistas-universidad-de-la-habana-busca-alumnos-de-otras-carreras-para-periodismo-4-300x200.jpg","newsmatic-small":"https:\/\/lobosnews.com.ar\/wp-content\/uploads\/2026\/09\/el-regimen-se-queda-sin-periodistas-universidad-de-la-habana-busca-alumnos-de-otras-carreras-para-periodismo-4-150x95.jpg","newsmatic-grid":"https:\/\/lobosnews.com.ar\/wp-content\/uploads\/2026\/09\/el-regimen-se-queda-sin-periodistas-universidad-de-la-habana-busca-alumnos-de-otras-carreras-para-periodismo-4-400x250.jpg"},"magazineBlocksPostAuthor":{"name":"admin","avatar":"https:\/\/secure.gravatar.com\/avatar\/76e419471a2083bc3ceab22a763dbbf9b0c1bd15a6214cf3280e2c2dde4580f9?s=96&d=mm&r=g"},"magazineBlocksPostCommentsNumber":"0","magazineBlocksPostExcerpt":"La Universidad de La Habana abri\u00f3 una convocatoria extraordinaria para estudiantes de otras carreras que quieran trasladarse a Periodismo en el curso 2026-2027. La iniciativa, difundida el 2 de septiembre por la Facultad de Comunicaci\u00f3n, expone las dificultades para cubrir la demanda de profesionales en los medios alineados al r\u00e9gimen cubano, seg\u00fan el an\u00e1lisis del...","magazineBlocksPostCategories":["Actualidad"],"magazineBlocksPostViewCount":63,"magazineBlocksPostReadTime":3,"magazine_blocks_featured_image_url":{"full":["https:\/\/lobosnews.com.ar\/wp-content\/uploads\/2026\/09\/el-regimen-se-queda-sin-periodistas-universidad-de-la-habana-busca-alumnos-de-otras-carreras-para-periodismo-4-scaled.jpg",2560,1429,false],"medium":["https:\/\/lobosnews.com.ar\/wp-content\/uploads\/2026\/09\/el-regimen-se-queda-sin-periodistas-universidad-de-la-habana-busca-alumnos-de-otras-carreras-para-periodismo-4-300x167.jpg",300,167,true],"thumbnail":["https:\/\/lobosnews.com.ar\/wp-content\/uploads\/2026\/09\/el-regimen-se-queda-sin-periodistas-universidad-de-la-habana-busca-alumnos-de-otras-carreras-para-periodismo-4-150x150.jpg",150,150,true]},"magazine_blocks_author":{"display_name":"admin","author_link":"https:\/\/lobosnews.com.ar\/index.php\/author\/lobos-news\/"},"magazine_blocks_comment":0,"magazine_blocks_author_image":"https:\/\/secure.gravatar.com\/avatar\/76e419471a2083bc3ceab22a763dbbf9b0c1bd15a6214cf3280e2c2dde4580f9?s=96&d=mm&r=g","magazine_blocks_category":"<a href=\"#\" class=\"category-link category-link-31\">Actualidad<\/a>","yoast_head":"<!-- This site is optimized with the Yoast SEO plugin v28.0 - https:\/\/yoast.com\/product\/yoast-seo-wordpress\/ -->\n<title>\u00bfEl r\u00e9gimen se queda sin periodistas? Universidad de La Habana busca alumnos de otras carreras para Periodismo - Lobos News<\/title>\n<meta name=\"robots\" content=\"index, follow, max-snippet:-1, max-image-preview:large, max-video-preview:-1\" \/>\n<link rel=\"canonical\" href=\"https:\/\/lobosnews.com.ar\/index.php\/2026\/09\/04\/el-regimen-se-queda-sin-periodistas-universidad-de-la-habana-busca-alumnos-de-otras-carreras-para-periodismo\/\" \/>\n<meta property=\"og:locale\" content=\"es_ES\" \/>\n<meta property=\"og:type\" content=\"article\" \/>\n<meta property=\"og:title\" content=\"\u00bfEl r\u00e9gimen se queda sin periodistas? Universidad de La Habana busca alumnos de otras carreras para Periodismo - Lobos News\" \/>\n<meta property=\"og:description\" content=\"La Universidad de La Habana abri\u00f3 una convocatoria extraordinaria para estudiantes de otras carreras que quieran trasladarse a Periodismo en el curso 2026-2027. La iniciativa, difundida el 2 de septiembre por la Facultad de Comunicaci\u00f3n, expone las dificultades para cubrir la demanda de profesionales en los medios alineados al r\u00e9gimen cubano, seg\u00fan el an\u00e1lisis del...\" \/>\n<meta property=\"og:url\" content=\"https:\/\/lobosnews.com.ar\/index.php\/2026\/09\/04\/el-regimen-se-queda-sin-periodistas-universidad-de-la-habana-busca-alumnos-de-otras-carreras-para-periodismo\/\" \/>\n<meta property=\"og:site_name\" content=\"Lobos News\" \/>\n<meta property=\"article:published_time\" content=\"2026-09-04T02:20:43+00:00\" \/>\n<meta property=\"article:modified_time\" content=\"2026-09-04T04:50:45+00:00\" \/>\n<meta property=\"og:image\" content=\"https:\/\/lobosnews.com.ar\/wp-content\/uploads\/2026\/09\/el-regimen-se-queda-sin-periodistas-universidad-de-la-habana-busca-alumnos-de-otras-carreras-para-periodismo-4-scaled.jpg\" \/>\n\t<meta property=\"og:image:width\" content=\"2560\" \/>\n\t<meta property=\"og:image:height\" content=\"1429\" \/>\n\t<meta property=\"og:image:type\" content=\"image\/jpeg\" \/>\n<meta name=\"author\" content=\"admin\" \/>\n<meta name=\"twitter:card\" content=\"summary_large_image\" \/>\n<meta name=\"twitter:label1\" content=\"Escrito por\" \/>\n\t<meta name=\"twitter:data1\" content=\"admin\" \/>\n\t<meta name=\"twitter:label2\" content=\"Tiempo de lectura\" \/>\n\t<meta name=\"twitter:data2\" content=\"3 minutos\" \/>\n<script type=\"application\/ld+json\" class=\"yoast-schema-graph\">{\"@context\":\"https:\\\/\\\/schema.org\",\"@graph\":[{\"@type\":\"Article\",\"@id\":\"https:\\\/\\\/lobosnews.com.ar\\\/index.php\\\/2026\\\/09\\\/04\\\/el-regimen-se-queda-sin-periodistas-universidad-de-la-habana-busca-alumnos-de-otras-carreras-para-periodismo\\\/#article\",\"isPartOf\":{\"@id\":\"https:\\\/\\\/lobosnews.com.ar\\\/index.php\\\/2026\\\/09\\\/04\\\/el-regimen-se-queda-sin-periodistas-universidad-de-la-habana-busca-alumnos-de-otras-carreras-para-periodismo\\\/\"},\"author\":{\"name\":\"admin\",\"@id\":\"https:\\\/\\\/lobosnews.com.ar\\\/#\\\/schema\\\/person\\\/232422a593d5c541dd9aef6aaed10943\"},\"headline\":\"\u00bfEl r\u00e9gimen se queda sin periodistas? Universidad de La Habana busca alumnos de otras carreras para Periodismo\",\"datePublished\":\"2026-09-04T02:20:43+00:00\",\"dateModified\":\"2026-09-04T04:50:45+00:00\",\"mainEntityOfPage\":{\"@id\":\"https:\\\/\\\/lobosnews.com.ar\\\/index.php\\\/2026\\\/09\\\/04\\\/el-regimen-se-queda-sin-periodistas-universidad-de-la-habana-busca-alumnos-de-otras-carreras-para-periodismo\\\/\"},\"wordCount\":574,\"commentCount\":0,\"publisher\":{\"@id\":\"https:\\\/\\\/lobosnews.com.ar\\\/#organization\"},\"image\":{\"@id\":\"https:\\\/\\\/lobosnews.com.ar\\\/index.php\\\/2026\\\/09\\\/04\\\/el-regimen-se-queda-sin-periodistas-universidad-de-la-habana-busca-alumnos-de-otras-carreras-para-periodismo\\\/#primaryimage\"},\"thumbnailUrl\":\"https:\\\/\\\/lobosnews.com.ar\\\/wp-content\\\/uploads\\\/2026\\\/09\\\/el-regimen-se-queda-sin-periodistas-universidad-de-la-habana-busca-alumnos-de-otras-carreras-para-periodismo-4-scaled.jpg\",\"articleSection\":[\"Actualidad\"],\"inLanguage\":\"es\",\"potentialAction\":[{\"@type\":\"CommentAction\",\"name\":\"Comment\",\"target\":[\"https:\\\/\\\/lobosnews.com.ar\\\/index.php\\\/2026\\\/09\\\/04\\\/el-regimen-se-queda-sin-periodistas-universidad-de-la-habana-busca-alumnos-de-otras-carreras-para-periodismo\\\/#respond\"]}]},{\"@type\":\"WebPage\",\"@id\":\"https:\\\/\\\/lobosnews.com.ar\\\/index.php\\\/2026\\\/09\\\/04\\\/el-regimen-se-queda-sin-periodistas-universidad-de-la-habana-busca-alumnos-de-otras-carreras-para-periodismo\\\/\",\"url\":\"https:\\\/\\\/lobosnews.com.ar\\\/index.php\\\/2026\\\/09\\\/04\\\/el-regimen-se-queda-sin-periodistas-universidad-de-la-habana-busca-alumnos-de-otras-carreras-para-periodismo\\\/\",\"name\":\"\u00bfEl r\u00e9gimen se queda sin periodistas? Universidad de La Habana busca alumnos de otras carreras para Periodismo - Lobos News\",\"isPartOf\":{\"@id\":\"https:\\\/\\\/lobosnews.com.ar\\\/#website\"},\"primaryImageOfPage\":{\"@id\":\"https:\\\/\\\/lobosnews.com.ar\\\/index.php\\\/2026\\\/09\\\/04\\\/el-regimen-se-queda-sin-periodistas-universidad-de-la-habana-busca-alumnos-de-otras-carreras-para-periodismo\\\/#primaryimage\"},\"image\":{\"@id\":\"https:\\\/\\\/lobosnews.com.ar\\\/index.php\\\/2026\\\/09\\\/04\\\/el-regimen-se-queda-sin-periodistas-universidad-de-la-habana-busca-alumnos-de-otras-carreras-para-periodismo\\\/#primaryimage\"},\"thumbnailUrl\":\"https:\\\/\\\/lobosnews.com.ar\\\/wp-content\\\/uploads\\\/2026\\\/09\\\/el-regimen-se-queda-sin-periodistas-universidad-de-la-habana-busca-alumnos-de-otras-carreras-para-periodismo-4-scaled.jpg\",\"datePublished\":\"2026-09-04T02:20:43+00:00\",\"dateModified\":\"2026-09-04T04:50:45+00:00\",\"breadcrumb\":{\"@id\":\"https:\\\/\\\/lobosnews.com.ar\\\/index.php\\\/2026\\\/09\\\/04\\\/el-regimen-se-queda-sin-periodistas-universidad-de-la-habana-busca-alumnos-de-otras-carreras-para-periodismo\\\/#breadcrumb\"},\"inLanguage\":\"es\",\"potentialAction\":[{\"@type\":\"ReadAction\",\"target\":[\"https:\\\/\\\/lobosnews.com.ar\\\/index.php\\\/2026\\\/09\\\/04\\\/el-regimen-se-queda-sin-periodistas-universidad-de-la-habana-busca-alumnos-de-otras-carreras-para-periodismo\\\/\"]}]},{\"@type\":\"ImageObject\",\"inLanguage\":\"es\",\"@id\":\"https:\\\/\\\/lobosnews.com.ar\\\/index.php\\\/2026\\\/09\\\/04\\\/el-regimen-se-queda-sin-periodistas-universidad-de-la-habana-busca-alumnos-de-otras-carreras-para-periodismo\\\/#primaryimage\",\"url\":\"https:\\\/\\\/lobosnews.com.ar\\\/wp-content\\\/uploads\\\/2026\\\/09\\\/el-regimen-se-queda-sin-periodistas-universidad-de-la-habana-busca-alumnos-de-otras-carreras-para-periodismo-4-scaled.jpg\",\"contentUrl\":\"https:\\\/\\\/lobosnews.com.ar\\\/wp-content\\\/uploads\\\/2026\\\/09\\\/el-regimen-se-queda-sin-periodistas-universidad-de-la-habana-busca-alumnos-de-otras-carreras-para-periodismo-4-scaled.jpg\",\"width\":2560,\"height\":1429,\"caption\":\"\u00bfEl r\u00e9gimen se queda sin periodistas? Universidad de La Habana busca alumnos de otras carreras para Periodismo\"},{\"@type\":\"BreadcrumbList\",\"@id\":\"https:\\\/\\\/lobosnews.com.ar\\\/index.php\\\/2026\\\/09\\\/04\\\/el-regimen-se-queda-sin-periodistas-universidad-de-la-habana-busca-alumnos-de-otras-carreras-para-periodismo\\\/#breadcrumb\",\"itemListElement\":[{\"@type\":\"ListItem\",\"position\":1,\"name\":\"Portada\",\"item\":\"https:\\\/\\\/lobosnews.com.ar\\\/\"},{\"@type\":\"ListItem\",\"position\":2,\"name\":\"\u00bfEl r\u00e9gimen se queda sin periodistas? Universidad de La Habana busca alumnos de otras carreras para Periodismo\"}]},{\"@type\":\"WebSite\",\"@id\":\"https:\\\/\\\/lobosnews.com.ar\\\/#website\",\"url\":\"https:\\\/\\\/lobosnews.com.ar\\\/\",\"name\":\"Lobos News\",\"description\":\"Informaci\u00f3n a cada instante\",\"publisher\":{\"@id\":\"https:\\\/\\\/lobosnews.com.ar\\\/#organization\"},\"potentialAction\":[{\"@type\":\"SearchAction\",\"target\":{\"@type\":\"EntryPoint\",\"urlTemplate\":\"https:\\\/\\\/lobosnews.com.ar\\\/?s={search_term_string}\"},\"query-input\":{\"@type\":\"PropertyValueSpecification\",\"valueRequired\":true,\"valueName\":\"search_term_string\"}}],\"inLanguage\":\"es\"},{\"@type\":\"Organization\",\"@id\":\"https:\\\/\\\/lobosnews.com.ar\\\/#organization\",\"name\":\"Lobos News\",\"url\":\"https:\\\/\\\/lobosnews.com.ar\\\/\",\"logo\":{\"@type\":\"ImageObject\",\"inLanguage\":\"es\",\"@id\":\"https:\\\/\\\/lobosnews.com.ar\\\/#\\\/schema\\\/logo\\\/image\\\/\",\"url\":\"https:\\\/\\\/lobosnews.com.ar\\\/wp-content\\\/uploads\\\/2026\\\/01\\\/logo-lobosnews.png\",\"contentUrl\":\"https:\\\/\\\/lobosnews.com.ar\\\/wp-content\\\/uploads\\\/2026\\\/01\\\/logo-lobosnews.png\",\"width\":500,\"height\":200,\"caption\":\"Lobos News\"},\"image\":{\"@id\":\"https:\\\/\\\/lobosnews.com.ar\\\/#\\\/schema\\\/logo\\\/image\\\/\"}},{\"@type\":\"Person\",\"@id\":\"https:\\\/\\\/lobosnews.com.ar\\\/#\\\/schema\\\/person\\\/232422a593d5c541dd9aef6aaed10943\",\"name\":\"admin\",\"image\":{\"@type\":\"ImageObject\",\"inLanguage\":\"es\",\"@id\":\"https:\\\/\\\/secure.gravatar.com\\\/avatar\\\/76e419471a2083bc3ceab22a763dbbf9b0c1bd15a6214cf3280e2c2dde4580f9?s=96&d=mm&r=g\",\"url\":\"https:\\\/\\\/secure.gravatar.com\\\/avatar\\\/76e419471a2083bc3ceab22a763dbbf9b0c1bd15a6214cf3280e2c2dde4580f9?s=96&d=mm&r=g\",\"contentUrl\":\"https:\\\/\\\/secure.gravatar.com\\\/avatar\\\/76e419471a2083bc3ceab22a763dbbf9b0c1bd15a6214cf3280e2c2dde4580f9?s=96&d=mm&r=g\",\"caption\":\"admin\"},\"sameAs\":[\"https:\\\/\\\/lobosnews.com.ar\"],\"url\":\"https:\\\/\\\/lobosnews.com.ar\\\/index.php\\\/author\\\/lobos-news\\\/\"}]}<\/script>\n<!-- \/ Yoast SEO plugin. -->","yoast_head_json":{"title":"\u00bfEl r\u00e9gimen se queda sin periodistas? Universidad de La Habana busca alumnos de otras carreras para Periodismo - Lobos News","robots":{"index":"index","follow":"follow","max-snippet":"max-snippet:-1","max-image-preview":"max-image-preview:large","max-video-preview":"max-video-preview:-1"},"canonical":"https:\/\/lobosnews.com.ar\/index.php\/2026\/09\/04\/el-regimen-se-queda-sin-periodistas-universidad-de-la-habana-busca-alumnos-de-otras-carreras-para-periodismo\/","og_locale":"es_ES","og_type":"article","og_title":"\u00bfEl r\u00e9gimen se queda sin periodistas? Universidad de La Habana busca alumnos de otras carreras para Periodismo - Lobos News","og_description":"La Universidad de La Habana abri\u00f3 una convocatoria extraordinaria para estudiantes de otras carreras que quieran trasladarse a Periodismo en el curso 2026-2027. La iniciativa, difundida el 2 de septiembre por la Facultad de Comunicaci\u00f3n, expone las dificultades para cubrir la demanda de profesionales en los medios alineados al r\u00e9gimen cubano, seg\u00fan el an\u00e1lisis del...","og_url":"https:\/\/lobosnews.com.ar\/index.php\/2026\/09\/04\/el-regimen-se-queda-sin-periodistas-universidad-de-la-habana-busca-alumnos-de-otras-carreras-para-periodismo\/","og_site_name":"Lobos News","article_published_time":"2026-09-04T02:20:43+00:00","article_modified_time":"2026-09-04T04:50:45+00:00","og_image":[{"width":2560,"height":1429,"url":"https:\/\/lobosnews.com.ar\/wp-content\/uploads\/2026\/09\/el-regimen-se-queda-sin-periodistas-universidad-de-la-habana-busca-alumnos-de-otras-carreras-para-periodismo-4-scaled.jpg","type":"image\/jpeg"}],"author":"admin","twitter_card":"summary_large_image","twitter_misc":{"Escrito por":"admin","Tiempo de lectura":"3 minutos"},"schema":{"@context":"https:\/\/schema.org","@graph":[{"@type":"Article","@id":"https:\/\/lobosnews.com.ar\/index.php\/2026\/09\/04\/el-regimen-se-queda-sin-periodistas-universidad-de-la-habana-busca-alumnos-de-otras-carreras-para-periodismo\/#article","isPartOf":{"@id":"https:\/\/lobosnews.com.ar\/index.php\/2026\/09\/04\/el-regimen-se-queda-sin-periodistas-universidad-de-la-habana-busca-alumnos-de-otras-carreras-para-periodismo\/"},"author":{"name":"admin","@id":"https:\/\/lobosnews.com.ar\/#\/schema\/person\/232422a593d5c541dd9aef6aaed10943"},"headline":"\u00bfEl r\u00e9gimen se queda sin periodistas? Universidad de La Habana busca alumnos de otras carreras para Periodismo","datePublished":"2026-09-04T02:20:43+00:00","dateModified":"2026-09-04T04:50:45+00:00","mainEntityOfPage":{"@id":"https:\/\/lobosnews.com.ar\/index.php\/2026\/09\/04\/el-regimen-se-queda-sin-periodistas-universidad-de-la-habana-busca-alumnos-de-otras-carreras-para-periodismo\/"},"wordCount":574,"commentCount":0,"publisher":{"@id":"https:\/\/lobosnews.com.ar\/#organization"},"image":{"@id":"https:\/\/lobosnews.com.ar\/index.php\/2026\/09\/04\/el-regimen-se-queda-sin-periodistas-universidad-de-la-habana-busca-alumnos-de-otras-carreras-para-periodismo\/#primaryimage"},"thumbnailUrl":"https:\/\/lobosnews.com.ar\/wp-content\/uploads\/2026\/09\/el-regimen-se-queda-sin-periodistas-universidad-de-la-habana-busca-alumnos-de-otras-carreras-para-periodismo-4-scaled.jpg","articleSection":["Actualidad"],"inLanguage":"es","potentialAction":[{"@type":"CommentAction","name":"Comment","target":["https:\/\/lobosnews.com.ar\/index.php\/2026\/09\/04\/el-regimen-se-queda-sin-periodistas-universidad-de-la-habana-busca-alumnos-de-otras-carreras-para-periodismo\/#respond"]}]},{"@type":"WebPage","@id":"https:\/\/lobosnews.com.ar\/index.php\/2026\/09\/04\/el-regimen-se-queda-sin-periodistas-universidad-de-la-habana-busca-alumnos-de-otras-carreras-para-periodismo\/","url":"https:\/\/lobosnews.com.ar\/index.php\/2026\/09\/04\/el-regimen-se-queda-sin-periodistas-universidad-de-la-habana-busca-alumnos-de-otras-carreras-para-periodismo\/","name":"\u00bfEl r\u00e9gimen se queda sin periodistas? Universidad de La Habana busca alumnos de otras carreras para Periodismo - Lobos News","isPartOf":{"@id":"https:\/\/lobosnews.com.ar\/#website"},"primaryImageOfPage":{"@id":"https:\/\/lobosnews.com.ar\/index.php\/2026\/09\/04\/el-regimen-se-queda-sin-periodistas-universidad-de-la-habana-busca-alumnos-de-otras-carreras-para-periodismo\/#primaryimage"},"image":{"@id":"https:\/\/lobosnews.com.ar\/index.php\/2026\/09\/04\/el-regimen-se-queda-sin-periodistas-universidad-de-la-habana-busca-alumnos-de-otras-carreras-para-periodismo\/#primaryimage"},"thumbnailUrl":"https:\/\/lobosnews.com.ar\/wp-content\/uploads\/2026\/09\/el-regimen-se-queda-sin-periodistas-universidad-de-la-habana-busca-alumnos-de-otras-carreras-para-periodismo-4-scaled.jpg","datePublished":"2026-09-04T02:20:43+00:00","dateModified":"2026-09-04T04:50:45+00:00","breadcrumb":{"@id":"https:\/\/lobosnews.com.ar\/index.php\/2026\/09\/04\/el-regimen-se-queda-sin-periodistas-universidad-de-la-habana-busca-alumnos-de-otras-carreras-para-periodismo\/#breadcrumb"},"inLanguage":"es","potentialAction":[{"@type":"ReadAction","target":["https:\/\/lobosnews.com.ar\/index.php\/2026\/09\/04\/el-regimen-se-queda-sin-periodistas-universidad-de-la-habana-busca-alumnos-de-otras-carreras-para-periodismo\/"]}]},{"@type":"ImageObject","inLanguage":"es","@id":"https:\/\/lobosnews.com.ar\/index.php\/2026\/09\/04\/el-regimen-se-queda-sin-periodistas-universidad-de-la-habana-busca-alumnos-de-otras-carreras-para-periodismo\/#primaryimage","url":"https:\/\/lobosnews.com.ar\/wp-content\/uploads\/2026\/09\/el-regimen-se-queda-sin-periodistas-universidad-de-la-habana-busca-alumnos-de-otras-carreras-para-periodismo-4-scaled.jpg","contentUrl":"https:\/\/lobosnews.com.ar\/wp-content\/uploads\/2026\/09\/el-regimen-se-queda-sin-periodistas-universidad-de-la-habana-busca-alumnos-de-otras-carreras-para-periodismo-4-scaled.jpg","width":2560,"height":1429,"caption":"\u00bfEl r\u00e9gimen se queda sin periodistas? Universidad de La Habana busca alumnos de otras carreras para Periodismo"},{"@type":"BreadcrumbList","@id":"https:\/\/lobosnews.com.ar\/index.php\/2026\/09\/04\/el-regimen-se-queda-sin-periodistas-universidad-de-la-habana-busca-alumnos-de-otras-carreras-para-periodismo\/#breadcrumb","itemListElement":[{"@type":"ListItem","position":1,"name":"Portada","item":"https:\/\/lobosnews.com.ar\/"},{"@type":"ListItem","position":2,"name":"\u00bfEl r\u00e9gimen se queda sin periodistas? Universidad de La Habana busca alumnos de otras carreras para Periodismo"}]},{"@type":"WebSite","@id":"https:\/\/lobosnews.com.ar\/#website","url":"https:\/\/lobosnews.com.ar\/","name":"Lobos News","description":"Informaci\u00f3n a cada instante","publisher":{"@id":"https:\/\/lobosnews.com.ar\/#organization"},"potentialAction":[{"@type":"SearchAction","target":{"@type":"EntryPoint","urlTemplate":"https:\/\/lobosnews.com.ar\/?s={search_term_string}"},"query-input":{"@type":"PropertyValueSpecification","valueRequired":true,"valueName":"search_term_string"}}],"inLanguage":"es"},{"@type":"Organization","@id":"https:\/\/lobosnews.com.ar\/#organization","name":"Lobos News","url":"https:\/\/lobosnews.com.ar\/","logo":{"@type":"ImageObject","inLanguage":"es","@id":"https:\/\/lobosnews.com.ar\/#\/schema\/logo\/image\/","url":"https:\/\/lobosnews.com.ar\/wp-content\/uploads\/2026\/01\/logo-lobosnews.png","contentUrl":"https:\/\/lobosnews.com.ar\/wp-content\/uploads\/2026\/01\/logo-lobosnews.png","width":500,"height":200,"caption":"Lobos News"},"image":{"@id":"https:\/\/lobosnews.com.ar\/#\/schema\/logo\/image\/"}},{"@type":"Person","@id":"https:\/\/lobosnews.com.ar\/#\/schema\/person\/232422a593d5c541dd9aef6aaed10943","name":"admin","image":{"@type":"ImageObject","inLanguage":"es","@id":"https:\/\/secure.gravatar.com\/avatar\/76e419471a2083bc3ceab22a763dbbf9b0c1bd15a6214cf3280e2c2dde4580f9?s=96&d=mm&r=g","url":"https:\/\/secure.gravatar.com\/avatar\/76e419471a2083bc3ceab22a763dbbf9b0c1bd15a6214cf3280e2c2dde4580f9?s=96&d=mm&r=g","contentUrl":"https:\/\/secure.gravatar.com\/avatar\/76e419471a2083bc3ceab22a763dbbf9b0c1bd15a6214cf3280e2c2dde4580f9?s=96&d=mm&r=g","caption":"admin"},"sameAs":["https:\/\/lobosnews.com.ar"],"url":"https:\/\/lobosnews.com.ar\/index.php\/author\/lobos-news\/"}]}},"jetpack_featured_media_url":"https:\/\/lobosnews.com.ar\/wp-content\/uploads\/2026\/09\/el-regimen-se-queda-sin-periodistas-universidad-de-la-habana-busca-alumnos-de-otras-carreras-para-periodismo-4-scaled.jpg","jetpack_sharing_enabled":true,"_links":{"self":[{"href":"https:\/\/lobosnews.com.ar\/index.php\/wp-json\/wp\/v2\/posts\/97243","targetHints":{"allow":["GET"]}}],"collection":[{"href":"https:\/\/lobosnews.com.ar\/index.php\/wp-json\/wp\/v2\/posts"}],"about":[{"href":"https:\/\/lobosnews.com.ar\/index.php\/wp-json\/wp\/v2\/types\/post"}],"author":[{"embeddable":true,"href":"https:\/\/lobosnews.com.ar\/index.php\/wp-json\/wp\/v2\/users\/1"}],"replies":[{"embeddable":true,"href":"https:\/\/lobosnews.com.ar\/index.php\/wp-json\/wp\/v2\/comments?post=97243"}],"version-history":[{"count":1,"href":"https:\/\/lobosnews.com.ar\/index.php\/wp-json\/wp\/v2\/posts\/97243\/revisions"}],"predecessor-version":[{"id":97247,"href":"https:\/\/lobosnews.com.ar\/index.php\/wp-json\/wp\/v2\/posts\/97243\/revisions\/97247"}],"wp:featuredmedia":[{"embeddable":true,"href":"https:\/\/lobosnews.com.ar\/index.php\/wp-json\/wp\/v2\/media\/97248"}],"wp:attachment":[{"href":"https:\/\/lobosnews.com.ar\/index.php\/wp-json\/wp\/v2\/media?parent=97243"}],"wp:term":[{"taxonomy":"category","embeddable":true,"href":"https:\/\/lobosnews.com.ar\/index.php\/wp-json\/wp\/v2\/categories?post=97243"},{"taxonomy":"post_tag","embeddable":true,"href":"https:\/\/lobosnews.com.ar\/index.php\/wp-json\/wp\/v2\/tags?post=97243"}],"curies":[{"name":"wp","href":"https:\/\/api.w.org\/{rel}","templated":true}]}}