{"id":97208,"date":"2026-09-04T02:48:59","date_gmt":"2026-09-04T02:48:59","guid":{"rendered":"https:\/\/lobosnews.com.ar\/?p=97208"},"modified":"2026-09-04T04:50:18","modified_gmt":"2026-09-04T04:50:18","slug":"se-confirmaron-los-arbitros-de-los-cuartos-de-final-de-la-libertadores-y-sudamericana-quienes-dirigiran-a-boca-platense-y-estudiantes","status":"publish","type":"post","link":"https:\/\/lobosnews.com.ar\/index.php\/2026\/09\/04\/se-confirmaron-los-arbitros-de-los-cuartos-de-final-de-la-libertadores-y-sudamericana-quienes-dirigiran-a-boca-platense-y-estudiantes\/","title":{"rendered":"Se confirmaron los \u00e1rbitros de los cuartos de final de la Libertadores y Sudamericana: qui\u00e9nes dirigir\u00e1n a Boca, Platense y Estudiantes"},"content":{"rendered":"<p><img loading=\"lazy\" decoding=\"async\" src=\"https:\/\/lobosnews.com.ar\/wp-content\/uploads\/2026\/09\/se-confirmaron-los-arbitros-de-los-cuartos-de-final-de-la-libertadores-y-sudamericana-quienes-dirigiran-a-boca-platense-y-estudiantes.jpg\" alt=\"As\u00ed est\u00e1 el cuadro de la Copa Sudamericana (@Sudamericana\/X)\" height=\"1350\" width=\"1080\"\/><\/p>\n<p>La <b>Confederaci\u00f3n Sudamericana de F\u00fatbol (Conmebol)<\/b> design\u00f3 a los jueces que dirigir\u00e1n los seis partidos de ida correspondientes a los <b>cuartos de final<\/b> de la <b>Copa Libertadores<\/b> y la <b>Copa Sudamericana<\/b>. Entre los encuentros confirmados se destacan las presentaciones de <b>Boca Juniors<\/b>, <b>Estudiantes de La Plata<\/b> y <b>Platense<\/b>, los tres representantes argentinos que contin\u00faan en carrera en los torneos continentales.<\/p>\n<p>El primer compromiso de la serie se disputar\u00e1 el martes 8 de septiembre, a las 19, cuando <b>Platense<\/b> visite el estadio Maracan\u00e1 para enfrentar a <b>Fluminense<\/b> por la Copa Libertadores. El uruguayo <b>Andr\u00e9s Matonte<\/b> ser\u00e1 el \u00e1rbitro principal del encuentro, con el respaldo de su compatriota <b>Andr\u00e9s Cunha<\/b> en el VAR. Se trata de la primera vez que Matonte impartir\u00e1 justicia en un partido del Calamar.<\/p>\n<p>Al d\u00eda siguiente, el mi\u00e9rcoles 9 de septiembre a las 21.30, <b>Estudiantes de La Plata<\/b> ser\u00e1 local ante <b>Corinthians<\/b> en el estadio UNO. El uruguayo <b>Esteban Ostojich<\/b> dirigir\u00e1 el encuentro, secundado por su compatriota <b>Antonio Garc\u00eda<\/b> en el VAR. Ser\u00e1 la cuarta ocasi\u00f3n en que Ostojich arbitre al Pincha, con un historial previo de una victoria, un empate y una derrota. El antecedente m\u00e1s reciente no favorece al equipo platense: fue el juez de la ca\u00edda por 0-1 ante Flamengo en el propio Maracan\u00e1, tambi\u00e9n por la Copa Libertadores.<\/p>\n<p><img loading=\"lazy\" decoding=\"async\" src=\"https:\/\/lobosnews.com.ar\/wp-content\/uploads\/2026\/09\/se-confirmaron-los-arbitros-de-los-cuartos-de-final-de-la-libertadores-y-sudamericana-quienes-dirigiran-a-boca-platense-y-estudiantes-1.jpg\" alt=\"Estos son los duelos de la Copa Libertadores (@Libertadores\/X)\" height=\"1350\" width=\"1080\"\/><\/p>\n<p>Entre los \u00e1rbitros de nacionalidad argentina, <b>Facundo Tello<\/b> ser\u00e1 el \u00fanico con actuaci\u00f3n en los partidos de ida de la Libertadores. Estar\u00e1 a cargo del cruce entre <b>Independiente del Valle<\/b> y <b>Flamengo<\/b>, con <b>Silvio Trucco<\/b> como responsable del VAR.<\/p>\n<p>En la Copa Sudamericana, <b>Boca Juniors<\/b> recibir\u00e1 a <b>San Pablo<\/b> este martes a las 21.30 en la Bombonera, con el chileno <b>Piero Maza<\/b> como \u00e1rbitro principal y <b>Fernando Vejar<\/b> en el VAR. Maza acumula cuatro presentaciones previas dirigiendo al Xeneize, con un saldo de <b>dos victorias, un empate y una derrota<\/b>. Su antecedente m\u00e1s reciente con el equipo del Vasco Arruabarrena fue la goleada 3-1 sobre Recoleta FC, por la ida de los octavos de final, partido en el que Boca resolvi\u00f3 la serie con comodidad en ambos tiempos.<\/p>\n<p>En la Copa Sudamericana, el \u00fanico \u00e1rbitro argentino designado para la fase de ida es <b>Dar\u00edo Herrera<\/b>, quien dirigir\u00e1 el partido entre <b>Independiente Santa Fe<\/b> y <b>Vasco da Gama<\/b>. Lo acompa\u00f1ar\u00e1 <b>Hern\u00e1n Mastr\u00e1ngelo<\/b> en el VAR.<\/p>\n<p>La Conmebol \u00fanicamente confirm\u00f3, hasta el momento, las designaciones arbitrales correspondientes a los partidos de ida de esta instancia de cuartos de final. Las ternas para los encuentros de vuelta se conocer\u00e1n m\u00e1s adelante.<\/p>\n<p><b>AS\u00cd SE JUEGAN LOS CUARTOS DE FINAL DE LA COPA LIBERTADORES<\/b><\/p>\n<p><b>PARTIDOS DE IDA<\/b><\/p>\n<p>Fluminense vs. Platense | Estadio Maracan\u00e1 | martes 8 de septiembre | 19:00<\/p>\n<p>Palmeiras vs. Liga de Quito | Nubank Parque | mi\u00e9rcoles 9 de septiembre | 19:00<\/p>\n<p>Estudiantes vs. Corinthians | Estadio Jorge Luis Hirschi | mi\u00e9rcoles 9 de septiembre | 21:30<\/p>\n<p>Independiente del Valle vs. Flamengo | Estadio Banco Guayaquil | jueves 10 de septiembre | 21:30<\/p>\n<p><b>PARTIDOS DE VUELTA<\/b><\/p>\n<p>Platense vs. Fluminense | Estadio Ciudad de Vicente L\u00f3pez | martes 15 de septiembre | 19:00<\/p>\n<p>Liga de Quito vs. Palmeiras | Estadio Rodrigo Paz Delgado | mi\u00e9rcoles 16 de septiembre | 19:00<\/p>\n<p>Corinthians vs. Estudiantes | Neo Qu\u00edmica Arena | mi\u00e9rcoles 16 de septiembre | 21:30<\/p>\n<p>Flamengo vs. Independiente del Valle | Estadio Maracan\u00e1 | jueves 17 de septiembre | 21:30<\/p>\n<p><b>AS\u00cd SE JUEGAN LOS CUARTOS DE FINAL DE LA COPA SUDAMERICANA<\/b><\/p>\n<p><b>PARTIDOS DE IDA<\/b><\/p>\n<p>Santa Fe vs. Vasco da Gama | Estadio Nemesio Camacho El Camp\u00edn | martes 8 de septiembre | 19:00<\/p>\n<p>Boca vs. Sao Paulo | La Bombonera | martes 8 de septiembre | 21:30<\/p>\n<p>Santos vs. Atl\u00e9tico Mineiro | Est\u00e1dio Urbano Caldeira | mi\u00e9rcoles 9 de septiembre | 19:00<\/p>\n<p>Cienciano vs. City Torque | Estadio Inca Garcilaso de la Vega | jueves 10 de septiembre | 21:30<\/p>\n<p><b>PARTIDOS DE VUELTA<\/b><\/p>\n<p>Vasco da Gama vs. Santa Fe | Estadio S\u00e3o Janu\u00e1rio | martes 15 de septiembre | 19:00<\/p>\n<p>Sao Paulo vs. Boca | Estadio Morumbi | martes 15 de septiembre | 21:30<\/p>\n<p>Atl\u00e9tico Mineiro vs. Santos | Arena MRV | mi\u00e9rcoles 16 de septiembre | 19:00<\/p>\n<p>City Torque vs. Cienciano | Estadio Charr\u00faa | jueves 17 de septiembre | 21:30<\/p>\n","protected":false},"excerpt":{"rendered":"<p>La Confederaci\u00f3n Sudamericana de F\u00fatbol (Conmebol) design\u00f3 a los jueces que dirigir\u00e1n los seis partidos de ida correspondientes a los cuartos de final de la Copa Libertadores y la Copa Sudamericana. Entre los encuentros confirmados se destacan las presentaciones de Boca Juniors, Estudiantes de La Plata y Platense, los tres representantes argentinos que contin\u00faan en&#8230;<\/p>\n","protected":false},"author":1,"featured_media":0,"comment_status":"open","ping_status":"closed","sticky":false,"template":"","format":"standard","meta":{"_jetpack_newsletter_access":"","_jetpack_dont_email_post_to_subs":false,"_jetpack_newsletter_tier_id":0,"_jetpack_memberships_contains_paywalled_content":false,"_jetpack_memberships_contains_paid_content":false,"footnotes":"","jetpack_post_was_ever_published":false},"categories":[30],"tags":[39],"class_list":["post-97208","post","type-post","status-publish","format-standard","hentry","category-argentina","tag-deportes"],"magazineBlocksPostFeaturedMedia":{"thumbnail":false,"medium":false,"medium_large":false,"large":false,"1536x1536":false,"2048x2048":false,"newsmatic-featured":false,"newsmatic-list":false,"newsmatic-thumb":false,"newsmatic-small":false,"newsmatic-grid":false},"magazineBlocksPostAuthor":{"name":"admin","avatar":"https:\/\/secure.gravatar.com\/avatar\/76e419471a2083bc3ceab22a763dbbf9b0c1bd15a6214cf3280e2c2dde4580f9?s=96&d=mm&r=g"},"magazineBlocksPostCommentsNumber":"0","magazineBlocksPostExcerpt":"La Confederaci\u00f3n Sudamericana de F\u00fatbol (Conmebol) design\u00f3 a los jueces que dirigir\u00e1n los seis partidos de ida correspondientes a los cuartos de final de la Copa Libertadores y la Copa Sudamericana. Entre los encuentros confirmados se destacan las presentaciones de Boca Juniors, Estudiantes de La Plata y Platense, los tres representantes argentinos que contin\u00faan en...","magazineBlocksPostCategories":["Argentina"],"magazineBlocksPostViewCount":84,"magazineBlocksPostReadTime":4,"magazine_blocks_featured_image_url":{"full":false,"medium":false,"thumbnail":false},"magazine_blocks_author":{"display_name":"admin","author_link":"https:\/\/lobosnews.com.ar\/index.php\/author\/lobos-news\/"},"magazine_blocks_comment":0,"magazine_blocks_author_image":"https:\/\/secure.gravatar.com\/avatar\/76e419471a2083bc3ceab22a763dbbf9b0c1bd15a6214cf3280e2c2dde4580f9?s=96&d=mm&r=g","magazine_blocks_category":"<a href=\"#\" class=\"category-link category-link-30\">Argentina<\/a>","yoast_head":"<!-- This site is optimized with the Yoast SEO plugin v28.0 - https:\/\/yoast.com\/product\/yoast-seo-wordpress\/ -->\n<title>Se confirmaron los \u00e1rbitros de los cuartos de final de la Libertadores y Sudamericana: qui\u00e9nes dirigir\u00e1n a Boca, Platense y Estudiantes - Lobos News<\/title>\n<meta name=\"robots\" content=\"index, follow, max-snippet:-1, max-image-preview:large, max-video-preview:-1\" \/>\n<link rel=\"canonical\" href=\"https:\/\/lobosnews.com.ar\/index.php\/2026\/09\/04\/se-confirmaron-los-arbitros-de-los-cuartos-de-final-de-la-libertadores-y-sudamericana-quienes-dirigiran-a-boca-platense-y-estudiantes\/\" \/>\n<meta property=\"og:locale\" content=\"es_ES\" \/>\n<meta property=\"og:type\" content=\"article\" \/>\n<meta property=\"og:title\" content=\"Se confirmaron los \u00e1rbitros de los cuartos de final de la Libertadores y Sudamericana: qui\u00e9nes dirigir\u00e1n a Boca, Platense y Estudiantes - Lobos News\" \/>\n<meta property=\"og:description\" content=\"La Confederaci\u00f3n Sudamericana de F\u00fatbol (Conmebol) design\u00f3 a los jueces que dirigir\u00e1n los seis partidos de ida correspondientes a los cuartos de final de la Copa Libertadores y la Copa Sudamericana. Entre los encuentros confirmados se destacan las presentaciones de Boca Juniors, Estudiantes de La Plata y Platense, los tres representantes argentinos que contin\u00faan en...\" \/>\n<meta property=\"og:url\" content=\"https:\/\/lobosnews.com.ar\/index.php\/2026\/09\/04\/se-confirmaron-los-arbitros-de-los-cuartos-de-final-de-la-libertadores-y-sudamericana-quienes-dirigiran-a-boca-platense-y-estudiantes\/\" \/>\n<meta property=\"og:site_name\" content=\"Lobos News\" \/>\n<meta property=\"article:published_time\" content=\"2026-09-04T02:48:59+00:00\" \/>\n<meta property=\"article:modified_time\" content=\"2026-09-04T04:50:18+00:00\" \/>\n<meta property=\"og:image\" content=\"https:\/\/lobosnews.com.ar\/wp-content\/uploads\/2026\/09\/se-confirmaron-los-arbitros-de-los-cuartos-de-final-de-la-libertadores-y-sudamericana-quienes-dirigiran-a-boca-platense-y-estudiantes.jpg\" \/>\n<meta name=\"author\" content=\"admin\" \/>\n<meta name=\"twitter:card\" content=\"summary_large_image\" \/>\n<meta name=\"twitter:label1\" content=\"Escrito por\" \/>\n\t<meta name=\"twitter:data1\" content=\"admin\" \/>\n\t<meta name=\"twitter:label2\" content=\"Tiempo de lectura\" \/>\n\t<meta name=\"twitter:data2\" content=\"3 minutos\" \/>\n<script type=\"application\/ld+json\" class=\"yoast-schema-graph\">{\"@context\":\"https:\\\/\\\/schema.org\",\"@graph\":[{\"@type\":\"Article\",\"@id\":\"https:\\\/\\\/lobosnews.com.ar\\\/index.php\\\/2026\\\/09\\\/04\\\/se-confirmaron-los-arbitros-de-los-cuartos-de-final-de-la-libertadores-y-sudamericana-quienes-dirigiran-a-boca-platense-y-estudiantes\\\/#article\",\"isPartOf\":{\"@id\":\"https:\\\/\\\/lobosnews.com.ar\\\/index.php\\\/2026\\\/09\\\/04\\\/se-confirmaron-los-arbitros-de-los-cuartos-de-final-de-la-libertadores-y-sudamericana-quienes-dirigiran-a-boca-platense-y-estudiantes\\\/\"},\"author\":{\"name\":\"admin\",\"@id\":\"https:\\\/\\\/lobosnews.com.ar\\\/#\\\/schema\\\/person\\\/232422a593d5c541dd9aef6aaed10943\"},\"headline\":\"Se confirmaron los \u00e1rbitros de los cuartos de final de la Libertadores y Sudamericana: qui\u00e9nes dirigir\u00e1n a Boca, Platense y Estudiantes\",\"datePublished\":\"2026-09-04T02:48:59+00:00\",\"dateModified\":\"2026-09-04T04:50:18+00:00\",\"mainEntityOfPage\":{\"@id\":\"https:\\\/\\\/lobosnews.com.ar\\\/index.php\\\/2026\\\/09\\\/04\\\/se-confirmaron-los-arbitros-de-los-cuartos-de-final-de-la-libertadores-y-sudamericana-quienes-dirigiran-a-boca-platense-y-estudiantes\\\/\"},\"wordCount\":667,\"commentCount\":0,\"publisher\":{\"@id\":\"https:\\\/\\\/lobosnews.com.ar\\\/#organization\"},\"image\":{\"@id\":\"https:\\\/\\\/lobosnews.com.ar\\\/index.php\\\/2026\\\/09\\\/04\\\/se-confirmaron-los-arbitros-de-los-cuartos-de-final-de-la-libertadores-y-sudamericana-quienes-dirigiran-a-boca-platense-y-estudiantes\\\/#primaryimage\"},\"thumbnailUrl\":\"https:\\\/\\\/lobosnews.com.ar\\\/wp-content\\\/uploads\\\/2026\\\/09\\\/se-confirmaron-los-arbitros-de-los-cuartos-de-final-de-la-libertadores-y-sudamericana-quienes-dirigiran-a-boca-platense-y-estudiantes.jpg\",\"keywords\":[\"Deportes\"],\"articleSection\":[\"Argentina\"],\"inLanguage\":\"es\",\"potentialAction\":[{\"@type\":\"CommentAction\",\"name\":\"Comment\",\"target\":[\"https:\\\/\\\/lobosnews.com.ar\\\/index.php\\\/2026\\\/09\\\/04\\\/se-confirmaron-los-arbitros-de-los-cuartos-de-final-de-la-libertadores-y-sudamericana-quienes-dirigiran-a-boca-platense-y-estudiantes\\\/#respond\"]}]},{\"@type\":\"WebPage\",\"@id\":\"https:\\\/\\\/lobosnews.com.ar\\\/index.php\\\/2026\\\/09\\\/04\\\/se-confirmaron-los-arbitros-de-los-cuartos-de-final-de-la-libertadores-y-sudamericana-quienes-dirigiran-a-boca-platense-y-estudiantes\\\/\",\"url\":\"https:\\\/\\\/lobosnews.com.ar\\\/index.php\\\/2026\\\/09\\\/04\\\/se-confirmaron-los-arbitros-de-los-cuartos-de-final-de-la-libertadores-y-sudamericana-quienes-dirigiran-a-boca-platense-y-estudiantes\\\/\",\"name\":\"Se confirmaron los \u00e1rbitros de los cuartos de final de la Libertadores y Sudamericana: qui\u00e9nes dirigir\u00e1n a Boca, Platense y Estudiantes - Lobos News\",\"isPartOf\":{\"@id\":\"https:\\\/\\\/lobosnews.com.ar\\\/#website\"},\"primaryImageOfPage\":{\"@id\":\"https:\\\/\\\/lobosnews.com.ar\\\/index.php\\\/2026\\\/09\\\/04\\\/se-confirmaron-los-arbitros-de-los-cuartos-de-final-de-la-libertadores-y-sudamericana-quienes-dirigiran-a-boca-platense-y-estudiantes\\\/#primaryimage\"},\"image\":{\"@id\":\"https:\\\/\\\/lobosnews.com.ar\\\/index.php\\\/2026\\\/09\\\/04\\\/se-confirmaron-los-arbitros-de-los-cuartos-de-final-de-la-libertadores-y-sudamericana-quienes-dirigiran-a-boca-platense-y-estudiantes\\\/#primaryimage\"},\"thumbnailUrl\":\"https:\\\/\\\/lobosnews.com.ar\\\/wp-content\\\/uploads\\\/2026\\\/09\\\/se-confirmaron-los-arbitros-de-los-cuartos-de-final-de-la-libertadores-y-sudamericana-quienes-dirigiran-a-boca-platense-y-estudiantes.jpg\",\"datePublished\":\"2026-09-04T02:48:59+00:00\",\"dateModified\":\"2026-09-04T04:50:18+00:00\",\"breadcrumb\":{\"@id\":\"https:\\\/\\\/lobosnews.com.ar\\\/index.php\\\/2026\\\/09\\\/04\\\/se-confirmaron-los-arbitros-de-los-cuartos-de-final-de-la-libertadores-y-sudamericana-quienes-dirigiran-a-boca-platense-y-estudiantes\\\/#breadcrumb\"},\"inLanguage\":\"es\",\"potentialAction\":[{\"@type\":\"ReadAction\",\"target\":[\"https:\\\/\\\/lobosnews.com.ar\\\/index.php\\\/2026\\\/09\\\/04\\\/se-confirmaron-los-arbitros-de-los-cuartos-de-final-de-la-libertadores-y-sudamericana-quienes-dirigiran-a-boca-platense-y-estudiantes\\\/\"]}]},{\"@type\":\"ImageObject\",\"inLanguage\":\"es\",\"@id\":\"https:\\\/\\\/lobosnews.com.ar\\\/index.php\\\/2026\\\/09\\\/04\\\/se-confirmaron-los-arbitros-de-los-cuartos-de-final-de-la-libertadores-y-sudamericana-quienes-dirigiran-a-boca-platense-y-estudiantes\\\/#primaryimage\",\"url\":\"https:\\\/\\\/lobosnews.com.ar\\\/wp-content\\\/uploads\\\/2026\\\/09\\\/se-confirmaron-los-arbitros-de-los-cuartos-de-final-de-la-libertadores-y-sudamericana-quienes-dirigiran-a-boca-platense-y-estudiantes.jpg\",\"contentUrl\":\"https:\\\/\\\/lobosnews.com.ar\\\/wp-content\\\/uploads\\\/2026\\\/09\\\/se-confirmaron-los-arbitros-de-los-cuartos-de-final-de-la-libertadores-y-sudamericana-quienes-dirigiran-a-boca-platense-y-estudiantes.jpg\",\"width\":1080,\"height\":1350},{\"@type\":\"BreadcrumbList\",\"@id\":\"https:\\\/\\\/lobosnews.com.ar\\\/index.php\\\/2026\\\/09\\\/04\\\/se-confirmaron-los-arbitros-de-los-cuartos-de-final-de-la-libertadores-y-sudamericana-quienes-dirigiran-a-boca-platense-y-estudiantes\\\/#breadcrumb\",\"itemListElement\":[{\"@type\":\"ListItem\",\"position\":1,\"name\":\"Portada\",\"item\":\"https:\\\/\\\/lobosnews.com.ar\\\/\"},{\"@type\":\"ListItem\",\"position\":2,\"name\":\"Se confirmaron los \u00e1rbitros de los cuartos de final de la Libertadores y Sudamericana: qui\u00e9nes dirigir\u00e1n a Boca, Platense y Estudiantes\"}]},{\"@type\":\"WebSite\",\"@id\":\"https:\\\/\\\/lobosnews.com.ar\\\/#website\",\"url\":\"https:\\\/\\\/lobosnews.com.ar\\\/\",\"name\":\"Lobos News\",\"description\":\"Informaci\u00f3n a cada instante\",\"publisher\":{\"@id\":\"https:\\\/\\\/lobosnews.com.ar\\\/#organization\"},\"potentialAction\":[{\"@type\":\"SearchAction\",\"target\":{\"@type\":\"EntryPoint\",\"urlTemplate\":\"https:\\\/\\\/lobosnews.com.ar\\\/?s={search_term_string}\"},\"query-input\":{\"@type\":\"PropertyValueSpecification\",\"valueRequired\":true,\"valueName\":\"search_term_string\"}}],\"inLanguage\":\"es\"},{\"@type\":\"Organization\",\"@id\":\"https:\\\/\\\/lobosnews.com.ar\\\/#organization\",\"name\":\"Lobos News\",\"url\":\"https:\\\/\\\/lobosnews.com.ar\\\/\",\"logo\":{\"@type\":\"ImageObject\",\"inLanguage\":\"es\",\"@id\":\"https:\\\/\\\/lobosnews.com.ar\\\/#\\\/schema\\\/logo\\\/image\\\/\",\"url\":\"https:\\\/\\\/lobosnews.com.ar\\\/wp-content\\\/uploads\\\/2026\\\/01\\\/logo-lobosnews.png\",\"contentUrl\":\"https:\\\/\\\/lobosnews.com.ar\\\/wp-content\\\/uploads\\\/2026\\\/01\\\/logo-lobosnews.png\",\"width\":500,\"height\":200,\"caption\":\"Lobos News\"},\"image\":{\"@id\":\"https:\\\/\\\/lobosnews.com.ar\\\/#\\\/schema\\\/logo\\\/image\\\/\"}},{\"@type\":\"Person\",\"@id\":\"https:\\\/\\\/lobosnews.com.ar\\\/#\\\/schema\\\/person\\\/232422a593d5c541dd9aef6aaed10943\",\"name\":\"admin\",\"image\":{\"@type\":\"ImageObject\",\"inLanguage\":\"es\",\"@id\":\"https:\\\/\\\/secure.gravatar.com\\\/avatar\\\/76e419471a2083bc3ceab22a763dbbf9b0c1bd15a6214cf3280e2c2dde4580f9?s=96&d=mm&r=g\",\"url\":\"https:\\\/\\\/secure.gravatar.com\\\/avatar\\\/76e419471a2083bc3ceab22a763dbbf9b0c1bd15a6214cf3280e2c2dde4580f9?s=96&d=mm&r=g\",\"contentUrl\":\"https:\\\/\\\/secure.gravatar.com\\\/avatar\\\/76e419471a2083bc3ceab22a763dbbf9b0c1bd15a6214cf3280e2c2dde4580f9?s=96&d=mm&r=g\",\"caption\":\"admin\"},\"sameAs\":[\"https:\\\/\\\/lobosnews.com.ar\"],\"url\":\"https:\\\/\\\/lobosnews.com.ar\\\/index.php\\\/author\\\/lobos-news\\\/\"}]}<\/script>\n<!-- \/ Yoast SEO plugin. -->","yoast_head_json":{"title":"Se confirmaron los \u00e1rbitros de los cuartos de final de la Libertadores y Sudamericana: qui\u00e9nes dirigir\u00e1n a Boca, Platense y Estudiantes - Lobos News","robots":{"index":"index","follow":"follow","max-snippet":"max-snippet:-1","max-image-preview":"max-image-preview:large","max-video-preview":"max-video-preview:-1"},"canonical":"https:\/\/lobosnews.com.ar\/index.php\/2026\/09\/04\/se-confirmaron-los-arbitros-de-los-cuartos-de-final-de-la-libertadores-y-sudamericana-quienes-dirigiran-a-boca-platense-y-estudiantes\/","og_locale":"es_ES","og_type":"article","og_title":"Se confirmaron los \u00e1rbitros de los cuartos de final de la Libertadores y Sudamericana: qui\u00e9nes dirigir\u00e1n a Boca, Platense y Estudiantes - Lobos News","og_description":"La Confederaci\u00f3n Sudamericana de F\u00fatbol (Conmebol) design\u00f3 a los jueces que dirigir\u00e1n los seis partidos de ida correspondientes a los cuartos de final de la Copa Libertadores y la Copa Sudamericana. Entre los encuentros confirmados se destacan las presentaciones de Boca Juniors, Estudiantes de La Plata y Platense, los tres representantes argentinos que contin\u00faan en...","og_url":"https:\/\/lobosnews.com.ar\/index.php\/2026\/09\/04\/se-confirmaron-los-arbitros-de-los-cuartos-de-final-de-la-libertadores-y-sudamericana-quienes-dirigiran-a-boca-platense-y-estudiantes\/","og_site_name":"Lobos News","article_published_time":"2026-09-04T02:48:59+00:00","article_modified_time":"2026-09-04T04:50:18+00:00","og_image":[{"url":"https:\/\/lobosnews.com.ar\/wp-content\/uploads\/2026\/09\/se-confirmaron-los-arbitros-de-los-cuartos-de-final-de-la-libertadores-y-sudamericana-quienes-dirigiran-a-boca-platense-y-estudiantes.jpg","type":"","width":"","height":""}],"author":"admin","twitter_card":"summary_large_image","twitter_misc":{"Escrito por":"admin","Tiempo de lectura":"3 minutos"},"schema":{"@context":"https:\/\/schema.org","@graph":[{"@type":"Article","@id":"https:\/\/lobosnews.com.ar\/index.php\/2026\/09\/04\/se-confirmaron-los-arbitros-de-los-cuartos-de-final-de-la-libertadores-y-sudamericana-quienes-dirigiran-a-boca-platense-y-estudiantes\/#article","isPartOf":{"@id":"https:\/\/lobosnews.com.ar\/index.php\/2026\/09\/04\/se-confirmaron-los-arbitros-de-los-cuartos-de-final-de-la-libertadores-y-sudamericana-quienes-dirigiran-a-boca-platense-y-estudiantes\/"},"author":{"name":"admin","@id":"https:\/\/lobosnews.com.ar\/#\/schema\/person\/232422a593d5c541dd9aef6aaed10943"},"headline":"Se confirmaron los \u00e1rbitros de los cuartos de final de la Libertadores y Sudamericana: qui\u00e9nes dirigir\u00e1n a Boca, Platense y Estudiantes","datePublished":"2026-09-04T02:48:59+00:00","dateModified":"2026-09-04T04:50:18+00:00","mainEntityOfPage":{"@id":"https:\/\/lobosnews.com.ar\/index.php\/2026\/09\/04\/se-confirmaron-los-arbitros-de-los-cuartos-de-final-de-la-libertadores-y-sudamericana-quienes-dirigiran-a-boca-platense-y-estudiantes\/"},"wordCount":667,"commentCount":0,"publisher":{"@id":"https:\/\/lobosnews.com.ar\/#organization"},"image":{"@id":"https:\/\/lobosnews.com.ar\/index.php\/2026\/09\/04\/se-confirmaron-los-arbitros-de-los-cuartos-de-final-de-la-libertadores-y-sudamericana-quienes-dirigiran-a-boca-platense-y-estudiantes\/#primaryimage"},"thumbnailUrl":"https:\/\/lobosnews.com.ar\/wp-content\/uploads\/2026\/09\/se-confirmaron-los-arbitros-de-los-cuartos-de-final-de-la-libertadores-y-sudamericana-quienes-dirigiran-a-boca-platense-y-estudiantes.jpg","keywords":["Deportes"],"articleSection":["Argentina"],"inLanguage":"es","potentialAction":[{"@type":"CommentAction","name":"Comment","target":["https:\/\/lobosnews.com.ar\/index.php\/2026\/09\/04\/se-confirmaron-los-arbitros-de-los-cuartos-de-final-de-la-libertadores-y-sudamericana-quienes-dirigiran-a-boca-platense-y-estudiantes\/#respond"]}]},{"@type":"WebPage","@id":"https:\/\/lobosnews.com.ar\/index.php\/2026\/09\/04\/se-confirmaron-los-arbitros-de-los-cuartos-de-final-de-la-libertadores-y-sudamericana-quienes-dirigiran-a-boca-platense-y-estudiantes\/","url":"https:\/\/lobosnews.com.ar\/index.php\/2026\/09\/04\/se-confirmaron-los-arbitros-de-los-cuartos-de-final-de-la-libertadores-y-sudamericana-quienes-dirigiran-a-boca-platense-y-estudiantes\/","name":"Se confirmaron los \u00e1rbitros de los cuartos de final de la Libertadores y Sudamericana: qui\u00e9nes dirigir\u00e1n a Boca, Platense y Estudiantes - Lobos News","isPartOf":{"@id":"https:\/\/lobosnews.com.ar\/#website"},"primaryImageOfPage":{"@id":"https:\/\/lobosnews.com.ar\/index.php\/2026\/09\/04\/se-confirmaron-los-arbitros-de-los-cuartos-de-final-de-la-libertadores-y-sudamericana-quienes-dirigiran-a-boca-platense-y-estudiantes\/#primaryimage"},"image":{"@id":"https:\/\/lobosnews.com.ar\/index.php\/2026\/09\/04\/se-confirmaron-los-arbitros-de-los-cuartos-de-final-de-la-libertadores-y-sudamericana-quienes-dirigiran-a-boca-platense-y-estudiantes\/#primaryimage"},"thumbnailUrl":"https:\/\/lobosnews.com.ar\/wp-content\/uploads\/2026\/09\/se-confirmaron-los-arbitros-de-los-cuartos-de-final-de-la-libertadores-y-sudamericana-quienes-dirigiran-a-boca-platense-y-estudiantes.jpg","datePublished":"2026-09-04T02:48:59+00:00","dateModified":"2026-09-04T04:50:18+00:00","breadcrumb":{"@id":"https:\/\/lobosnews.com.ar\/index.php\/2026\/09\/04\/se-confirmaron-los-arbitros-de-los-cuartos-de-final-de-la-libertadores-y-sudamericana-quienes-dirigiran-a-boca-platense-y-estudiantes\/#breadcrumb"},"inLanguage":"es","potentialAction":[{"@type":"ReadAction","target":["https:\/\/lobosnews.com.ar\/index.php\/2026\/09\/04\/se-confirmaron-los-arbitros-de-los-cuartos-de-final-de-la-libertadores-y-sudamericana-quienes-dirigiran-a-boca-platense-y-estudiantes\/"]}]},{"@type":"ImageObject","inLanguage":"es","@id":"https:\/\/lobosnews.com.ar\/index.php\/2026\/09\/04\/se-confirmaron-los-arbitros-de-los-cuartos-de-final-de-la-libertadores-y-sudamericana-quienes-dirigiran-a-boca-platense-y-estudiantes\/#primaryimage","url":"https:\/\/lobosnews.com.ar\/wp-content\/uploads\/2026\/09\/se-confirmaron-los-arbitros-de-los-cuartos-de-final-de-la-libertadores-y-sudamericana-quienes-dirigiran-a-boca-platense-y-estudiantes.jpg","contentUrl":"https:\/\/lobosnews.com.ar\/wp-content\/uploads\/2026\/09\/se-confirmaron-los-arbitros-de-los-cuartos-de-final-de-la-libertadores-y-sudamericana-quienes-dirigiran-a-boca-platense-y-estudiantes.jpg","width":1080,"height":1350},{"@type":"BreadcrumbList","@id":"https:\/\/lobosnews.com.ar\/index.php\/2026\/09\/04\/se-confirmaron-los-arbitros-de-los-cuartos-de-final-de-la-libertadores-y-sudamericana-quienes-dirigiran-a-boca-platense-y-estudiantes\/#breadcrumb","itemListElement":[{"@type":"ListItem","position":1,"name":"Portada","item":"https:\/\/lobosnews.com.ar\/"},{"@type":"ListItem","position":2,"name":"Se confirmaron los \u00e1rbitros de los cuartos de final de la Libertadores y Sudamericana: qui\u00e9nes dirigir\u00e1n a Boca, Platense y Estudiantes"}]},{"@type":"WebSite","@id":"https:\/\/lobosnews.com.ar\/#website","url":"https:\/\/lobosnews.com.ar\/","name":"Lobos News","description":"Informaci\u00f3n a cada instante","publisher":{"@id":"https:\/\/lobosnews.com.ar\/#organization"},"potentialAction":[{"@type":"SearchAction","target":{"@type":"EntryPoint","urlTemplate":"https:\/\/lobosnews.com.ar\/?s={search_term_string}"},"query-input":{"@type":"PropertyValueSpecification","valueRequired":true,"valueName":"search_term_string"}}],"inLanguage":"es"},{"@type":"Organization","@id":"https:\/\/lobosnews.com.ar\/#organization","name":"Lobos News","url":"https:\/\/lobosnews.com.ar\/","logo":{"@type":"ImageObject","inLanguage":"es","@id":"https:\/\/lobosnews.com.ar\/#\/schema\/logo\/image\/","url":"https:\/\/lobosnews.com.ar\/wp-content\/uploads\/2026\/01\/logo-lobosnews.png","contentUrl":"https:\/\/lobosnews.com.ar\/wp-content\/uploads\/2026\/01\/logo-lobosnews.png","width":500,"height":200,"caption":"Lobos News"},"image":{"@id":"https:\/\/lobosnews.com.ar\/#\/schema\/logo\/image\/"}},{"@type":"Person","@id":"https:\/\/lobosnews.com.ar\/#\/schema\/person\/232422a593d5c541dd9aef6aaed10943","name":"admin","image":{"@type":"ImageObject","inLanguage":"es","@id":"https:\/\/secure.gravatar.com\/avatar\/76e419471a2083bc3ceab22a763dbbf9b0c1bd15a6214cf3280e2c2dde4580f9?s=96&d=mm&r=g","url":"https:\/\/secure.gravatar.com\/avatar\/76e419471a2083bc3ceab22a763dbbf9b0c1bd15a6214cf3280e2c2dde4580f9?s=96&d=mm&r=g","contentUrl":"https:\/\/secure.gravatar.com\/avatar\/76e419471a2083bc3ceab22a763dbbf9b0c1bd15a6214cf3280e2c2dde4580f9?s=96&d=mm&r=g","caption":"admin"},"sameAs":["https:\/\/lobosnews.com.ar"],"url":"https:\/\/lobosnews.com.ar\/index.php\/author\/lobos-news\/"}]}},"jetpack_featured_media_url":"","jetpack_sharing_enabled":true,"_links":{"self":[{"href":"https:\/\/lobosnews.com.ar\/index.php\/wp-json\/wp\/v2\/posts\/97208","targetHints":{"allow":["GET"]}}],"collection":[{"href":"https:\/\/lobosnews.com.ar\/index.php\/wp-json\/wp\/v2\/posts"}],"about":[{"href":"https:\/\/lobosnews.com.ar\/index.php\/wp-json\/wp\/v2\/types\/post"}],"author":[{"embeddable":true,"href":"https:\/\/lobosnews.com.ar\/index.php\/wp-json\/wp\/v2\/users\/1"}],"replies":[{"embeddable":true,"href":"https:\/\/lobosnews.com.ar\/index.php\/wp-json\/wp\/v2\/comments?post=97208"}],"version-history":[{"count":1,"href":"https:\/\/lobosnews.com.ar\/index.php\/wp-json\/wp\/v2\/posts\/97208\/revisions"}],"predecessor-version":[{"id":97211,"href":"https:\/\/lobosnews.com.ar\/index.php\/wp-json\/wp\/v2\/posts\/97208\/revisions\/97211"}],"wp:attachment":[{"href":"https:\/\/lobosnews.com.ar\/index.php\/wp-json\/wp\/v2\/media?parent=97208"}],"wp:term":[{"taxonomy":"category","embeddable":true,"href":"https:\/\/lobosnews.com.ar\/index.php\/wp-json\/wp\/v2\/categories?post=97208"},{"taxonomy":"post_tag","embeddable":true,"href":"https:\/\/lobosnews.com.ar\/index.php\/wp-json\/wp\/v2\/tags?post=97208"}],"curies":[{"name":"wp","href":"https:\/\/api.w.org\/{rel}","templated":true}]}}