{"id":97205,"date":"2026-09-04T03:47:26","date_gmt":"2026-09-04T03:47:26","guid":{"rendered":"https:\/\/lobosnews.com.ar\/?p=97205"},"modified":"2026-09-04T04:50:16","modified_gmt":"2026-09-04T04:50:16","slug":"siempre-estara-en-mi-corazon-el-elogio-del-jefe-de-williams-a-franco-colapinto-y-la-verdad-de-su-vinculo-con-el-equipo-ingles","status":"publish","type":"post","link":"https:\/\/lobosnews.com.ar\/index.php\/2026\/09\/04\/siempre-estara-en-mi-corazon-el-elogio-del-jefe-de-williams-a-franco-colapinto-y-la-verdad-de-su-vinculo-con-el-equipo-ingles\/","title":{"rendered":"\u201cSiempre estar\u00e1 en mi coraz\u00f3n\u201d: el elogio del jefe de Williams a Franco Colapinto y la verdad de su v\u00ednculo con el equipo ingl\u00e9s"},"content":{"rendered":"<p><b>James Vowles<\/b>, jefe de <b>Williams<\/b>, volvi\u00f3 a referirse con afecto a <b>Franco Colapinto <\/b>en la previa del <b>Gran Premio de Italia de F\u00f3rmula 1<\/b>, la primera carrera del piloto argentino <span class=\"waslinkname\">tras confirmar su renovaci\u00f3n con <b>Alpine<\/b><\/span> hasta la temporada 2027. Hace dos a\u00f1os el argentino debut\u00f3 en la M\u00e1xima en el <b>Aut\u00f3dromo Nacional de Monza<\/b> con un auto del hist\u00f3rico equipo ingl\u00e9s. <\/p>\n<p><b>Vowles<\/b> explic\u00f3 que el contacto con <b>Colapinto<\/b> se mantiene activo pese a que el oriundo de Pilar es piloto de <b>Alpine<\/b>. \u201cHablamos siempre que nos vemos. Digamos&#8230; ocurre una vez cada dos semanas, m\u00e1s o menos\u201d, detall\u00f3 en di\u00e1logo con <i>ESPN<\/i>. \u201c<b>Siempre, durante el resto de mi vida, \u00e9l ocupar\u00e1 un lugar especial en mi coraz\u00f3n<\/b>\u201d, afirm\u00f3.<\/p>\n<p>Al ser consultado si contin\u00faa el v\u00ednculo entre el argentino y <b>Williams<\/b>, respondi\u00f3: \u201cEstoy orgulloso de lo que est\u00e1 haciendo en <b>Alpine<\/b>. Ya veremos qu\u00e9 nos depara en el futuro m\u00e1s all\u00e1 de eso, pero <b>\u00e9l es piloto de Alpine y ah\u00ed es donde est\u00e1 su futuro<\/b>\u201d. Franco <span class=\"waslinkname\">fue cedido por <b>Alpine<\/b> a <b>Williams <\/b>por cinco a\u00f1os<\/span>. En enero de 2023 se incorpor\u00f3 a la estructura de Grove cuando se sum\u00f3 a su academia de j\u00f3venes pilotos. <\/p>\n<p>El apodado por los hinchas argentinos como el <i>T\u00edo James<\/i> tambi\u00e9n destac\u00f3 la reacci\u00f3n del argentino cuando fue promovido a la categor\u00eda en circunstancias exigentes: \u201cLo lanzamos hacia lo m\u00e1s profundo y nunca se quej\u00f3. Al contrario, dijo: \u2018Voy a demostrarles que puedo hacerlo\u2019\u201d.<\/p>\n<p><img fetchpriority=\"high\" decoding=\"async\" src=\"https:\/\/lobosnews.com.ar\/wp-content\/uploads\/2026\/09\/siempre-estara-en-mi-corazon-el-elogio-del-jefe-de-williams-a-franco-colapinto-y-la-verdad-de-su-vinculo-con-el-equipo-ingles.jpg\" alt=\"Franco Colapinto y James Vowles mantienen una buena una relaci\u00f3n (Photo by \/Sipa USA)\" height=\"2598\" width=\"4142\"\/><\/p>\n<p><b>Colapinto<\/b> tuvo su bautismo en la F1 el 1 de septiembre de 2024. Fue tambi\u00e9n en <b>Monza<\/b> y termin\u00f3 en la <b>12\u00aa posici\u00f3n<\/b> mientras <b>Albon<\/b> sum\u00f3 puntos con un <b>noveno puesto para Williams<\/b>. \u201cFranco se gan\u00f3 su puesto, hizo un trabajo excepcional. Pero lo lanzamos a lo m\u00e1s dif\u00edcil sin miramientos\u201d, asever\u00f3. \u201cRecuerdo aquella vuelta, entre las curvas 1 y 2 estaba a cero d\u00e9cimas de<b> Alex (Albon)<\/b> y cometi\u00f3 un peque\u00f1o error en Lesmo 2. Se fue un poco afuera y da\u00f1\u00f3 el piso. Pero dada la presi\u00f3n que pesaba sobre sus hombros, hizo lo que esperaba de \u00e9l. \u00c9l mismo se sent\u00eda frustrado y lo recuerdo bien\u201d, agreg\u00f3. \u201cComo equipo tenemos la obligaci\u00f3n y responsabilidad de invertir tanto en reci\u00e9n graduados como en pilotos j\u00f3venes\u201d, concluy\u00f3. <\/p>\n<p>No es la primera vez que <b>Vowles<\/b> se pronuncia p\u00fablicamente a favor de <b>Colapinto<\/b>. El respaldo m\u00e1s recordado lleg\u00f3 tras las cr\u00edticas del asesor ejecutivo de <b>Alpine<\/b>, <b>Flavio Briatore<\/b>, antes del <b>Gran Premio de los Pa\u00edses Bajos de 2025<\/b>, cuando el directivo brit\u00e1nico defendi\u00f3 el desempe\u00f1o del argentino al se\u00f1alar que la ausencia de presi\u00f3n permite un mejor rendimiento del piloto.<\/p>\n<p>En cuanto a lo que viene este fin de semana,<b> Alpine<\/b> lleg\u00f3 al circuito italiano con <span class=\"waslinkname\">las actualizaciones t\u00e9cnicas en el A526 de <b>Colapinto<\/b><\/span>, que incluye revisiones en la geometr\u00eda del fondo plano, modificaciones en los bordes del suelo y ajustes en la carrocer\u00eda en la zona de las entradas de aire y los pontones, orientados a optimizar el flujo aerodin\u00e1mico en las rectas largas del trazado.<\/p>\n<p>En lo que va de la temporada 2026, <b>Franco<\/b> <b>Colapinto <\/b>sum\u00f3 puntos en seis fechas y logr\u00f3 sus mejores resultados en la F1 con un<b> s\u00e9ptimo puesto<\/b> <b>en<\/b> <b>Miami <\/b>y un<b> sexto en Canad\u00e1<\/b>, aunque la paridad en la zona media de la grilla achic\u00f3 los m\u00e1rgenes entre los equipos en el <b>Campeonato Mundial de Constructores<\/b>. La comparaci\u00f3n directa con su compa\u00f1ero, el franc\u00e9s <b>Pierre Gasly<\/b>, mostr\u00f3 ritmos similares tanto en las carreras como en las clasificaciones de los s\u00e1bados.<\/p>\n","protected":false},"excerpt":{"rendered":"<p>James Vowles, jefe de Williams, volvi\u00f3 a referirse con afecto a Franco Colapinto en la previa del Gran Premio de Italia de F\u00f3rmula 1, la primera carrera del piloto argentino tras confirmar su renovaci\u00f3n con Alpine hasta la temporada 2027. Hace dos a\u00f1os el argentino debut\u00f3 en la M\u00e1xima en el Aut\u00f3dromo Nacional de Monza&#8230;<\/p>\n","protected":false},"author":1,"featured_media":0,"comment_status":"open","ping_status":"closed","sticky":false,"template":"","format":"standard","meta":{"_jetpack_newsletter_access":"","_jetpack_dont_email_post_to_subs":false,"_jetpack_newsletter_tier_id":0,"_jetpack_memberships_contains_paywalled_content":false,"_jetpack_memberships_contains_paid_content":false,"footnotes":"","jetpack_post_was_ever_published":false},"categories":[30],"tags":[39],"class_list":["post-97205","post","type-post","status-publish","format-standard","hentry","category-argentina","tag-deportes"],"magazineBlocksPostFeaturedMedia":{"thumbnail":false,"medium":false,"medium_large":false,"large":false,"1536x1536":false,"2048x2048":false,"newsmatic-featured":false,"newsmatic-list":false,"newsmatic-thumb":false,"newsmatic-small":false,"newsmatic-grid":false},"magazineBlocksPostAuthor":{"name":"admin","avatar":"https:\/\/secure.gravatar.com\/avatar\/76e419471a2083bc3ceab22a763dbbf9b0c1bd15a6214cf3280e2c2dde4580f9?s=96&d=mm&r=g"},"magazineBlocksPostCommentsNumber":"0","magazineBlocksPostExcerpt":"James Vowles, jefe de Williams, volvi\u00f3 a referirse con afecto a Franco Colapinto en la previa del Gran Premio de Italia de F\u00f3rmula 1, la primera carrera del piloto argentino tras confirmar su renovaci\u00f3n con Alpine hasta la temporada 2027. Hace dos a\u00f1os el argentino debut\u00f3 en la M\u00e1xima en el Aut\u00f3dromo Nacional de Monza...","magazineBlocksPostCategories":["Argentina"],"magazineBlocksPostViewCount":40,"magazineBlocksPostReadTime":4,"magazine_blocks_featured_image_url":{"full":false,"medium":false,"thumbnail":false},"magazine_blocks_author":{"display_name":"admin","author_link":"https:\/\/lobosnews.com.ar\/index.php\/author\/lobos-news\/"},"magazine_blocks_comment":0,"magazine_blocks_author_image":"https:\/\/secure.gravatar.com\/avatar\/76e419471a2083bc3ceab22a763dbbf9b0c1bd15a6214cf3280e2c2dde4580f9?s=96&d=mm&r=g","magazine_blocks_category":"<a href=\"#\" class=\"category-link category-link-30\">Argentina<\/a>","yoast_head":"<!-- This site is optimized with the Yoast SEO plugin v28.0 - https:\/\/yoast.com\/product\/yoast-seo-wordpress\/ -->\n<title>\u201cSiempre estar\u00e1 en mi coraz\u00f3n\u201d: el elogio del jefe de Williams a Franco Colapinto y la verdad de su v\u00ednculo con el equipo ingl\u00e9s - Lobos News<\/title>\n<meta name=\"robots\" content=\"index, follow, max-snippet:-1, max-image-preview:large, max-video-preview:-1\" \/>\n<link rel=\"canonical\" href=\"https:\/\/lobosnews.com.ar\/index.php\/2026\/09\/04\/siempre-estara-en-mi-corazon-el-elogio-del-jefe-de-williams-a-franco-colapinto-y-la-verdad-de-su-vinculo-con-el-equipo-ingles\/\" \/>\n<meta property=\"og:locale\" content=\"es_ES\" \/>\n<meta property=\"og:type\" content=\"article\" \/>\n<meta property=\"og:title\" content=\"\u201cSiempre estar\u00e1 en mi coraz\u00f3n\u201d: el elogio del jefe de Williams a Franco Colapinto y la verdad de su v\u00ednculo con el equipo ingl\u00e9s - Lobos News\" \/>\n<meta property=\"og:description\" content=\"James Vowles, jefe de Williams, volvi\u00f3 a referirse con afecto a Franco Colapinto en la previa del Gran Premio de Italia de F\u00f3rmula 1, la primera carrera del piloto argentino tras confirmar su renovaci\u00f3n con Alpine hasta la temporada 2027. Hace dos a\u00f1os el argentino debut\u00f3 en la M\u00e1xima en el Aut\u00f3dromo Nacional de Monza...\" \/>\n<meta property=\"og:url\" content=\"https:\/\/lobosnews.com.ar\/index.php\/2026\/09\/04\/siempre-estara-en-mi-corazon-el-elogio-del-jefe-de-williams-a-franco-colapinto-y-la-verdad-de-su-vinculo-con-el-equipo-ingles\/\" \/>\n<meta property=\"og:site_name\" content=\"Lobos News\" \/>\n<meta property=\"article:published_time\" content=\"2026-09-04T03:47:26+00:00\" \/>\n<meta property=\"article:modified_time\" content=\"2026-09-04T04:50:16+00:00\" \/>\n<meta property=\"og:image\" content=\"https:\/\/lobosnews.com.ar\/wp-content\/uploads\/2026\/09\/siempre-estara-en-mi-corazon-el-elogio-del-jefe-de-williams-a-franco-colapinto-y-la-verdad-de-su-vinculo-con-el-equipo-ingles.jpg\" \/>\n<meta name=\"author\" content=\"admin\" \/>\n<meta name=\"twitter:card\" content=\"summary_large_image\" \/>\n<meta name=\"twitter:label1\" content=\"Escrito por\" \/>\n\t<meta name=\"twitter:data1\" content=\"admin\" \/>\n\t<meta name=\"twitter:label2\" content=\"Tiempo de lectura\" \/>\n\t<meta name=\"twitter:data2\" content=\"3 minutos\" \/>\n<script type=\"application\/ld+json\" class=\"yoast-schema-graph\">{\"@context\":\"https:\\\/\\\/schema.org\",\"@graph\":[{\"@type\":\"Article\",\"@id\":\"https:\\\/\\\/lobosnews.com.ar\\\/index.php\\\/2026\\\/09\\\/04\\\/siempre-estara-en-mi-corazon-el-elogio-del-jefe-de-williams-a-franco-colapinto-y-la-verdad-de-su-vinculo-con-el-equipo-ingles\\\/#article\",\"isPartOf\":{\"@id\":\"https:\\\/\\\/lobosnews.com.ar\\\/index.php\\\/2026\\\/09\\\/04\\\/siempre-estara-en-mi-corazon-el-elogio-del-jefe-de-williams-a-franco-colapinto-y-la-verdad-de-su-vinculo-con-el-equipo-ingles\\\/\"},\"author\":{\"name\":\"admin\",\"@id\":\"https:\\\/\\\/lobosnews.com.ar\\\/#\\\/schema\\\/person\\\/232422a593d5c541dd9aef6aaed10943\"},\"headline\":\"\u201cSiempre estar\u00e1 en mi coraz\u00f3n\u201d: el elogio del jefe de Williams a Franco Colapinto y la verdad de su v\u00ednculo con el equipo ingl\u00e9s\",\"datePublished\":\"2026-09-04T03:47:26+00:00\",\"dateModified\":\"2026-09-04T04:50:16+00:00\",\"mainEntityOfPage\":{\"@id\":\"https:\\\/\\\/lobosnews.com.ar\\\/index.php\\\/2026\\\/09\\\/04\\\/siempre-estara-en-mi-corazon-el-elogio-del-jefe-de-williams-a-franco-colapinto-y-la-verdad-de-su-vinculo-con-el-equipo-ingles\\\/\"},\"wordCount\":641,\"commentCount\":0,\"publisher\":{\"@id\":\"https:\\\/\\\/lobosnews.com.ar\\\/#organization\"},\"image\":{\"@id\":\"https:\\\/\\\/lobosnews.com.ar\\\/index.php\\\/2026\\\/09\\\/04\\\/siempre-estara-en-mi-corazon-el-elogio-del-jefe-de-williams-a-franco-colapinto-y-la-verdad-de-su-vinculo-con-el-equipo-ingles\\\/#primaryimage\"},\"thumbnailUrl\":\"https:\\\/\\\/lobosnews.com.ar\\\/wp-content\\\/uploads\\\/2026\\\/09\\\/siempre-estara-en-mi-corazon-el-elogio-del-jefe-de-williams-a-franco-colapinto-y-la-verdad-de-su-vinculo-con-el-equipo-ingles.jpg\",\"keywords\":[\"Deportes\"],\"articleSection\":[\"Argentina\"],\"inLanguage\":\"es\",\"potentialAction\":[{\"@type\":\"CommentAction\",\"name\":\"Comment\",\"target\":[\"https:\\\/\\\/lobosnews.com.ar\\\/index.php\\\/2026\\\/09\\\/04\\\/siempre-estara-en-mi-corazon-el-elogio-del-jefe-de-williams-a-franco-colapinto-y-la-verdad-de-su-vinculo-con-el-equipo-ingles\\\/#respond\"]}]},{\"@type\":\"WebPage\",\"@id\":\"https:\\\/\\\/lobosnews.com.ar\\\/index.php\\\/2026\\\/09\\\/04\\\/siempre-estara-en-mi-corazon-el-elogio-del-jefe-de-williams-a-franco-colapinto-y-la-verdad-de-su-vinculo-con-el-equipo-ingles\\\/\",\"url\":\"https:\\\/\\\/lobosnews.com.ar\\\/index.php\\\/2026\\\/09\\\/04\\\/siempre-estara-en-mi-corazon-el-elogio-del-jefe-de-williams-a-franco-colapinto-y-la-verdad-de-su-vinculo-con-el-equipo-ingles\\\/\",\"name\":\"\u201cSiempre estar\u00e1 en mi coraz\u00f3n\u201d: el elogio del jefe de Williams a Franco Colapinto y la verdad de su v\u00ednculo con el equipo ingl\u00e9s - Lobos News\",\"isPartOf\":{\"@id\":\"https:\\\/\\\/lobosnews.com.ar\\\/#website\"},\"primaryImageOfPage\":{\"@id\":\"https:\\\/\\\/lobosnews.com.ar\\\/index.php\\\/2026\\\/09\\\/04\\\/siempre-estara-en-mi-corazon-el-elogio-del-jefe-de-williams-a-franco-colapinto-y-la-verdad-de-su-vinculo-con-el-equipo-ingles\\\/#primaryimage\"},\"image\":{\"@id\":\"https:\\\/\\\/lobosnews.com.ar\\\/index.php\\\/2026\\\/09\\\/04\\\/siempre-estara-en-mi-corazon-el-elogio-del-jefe-de-williams-a-franco-colapinto-y-la-verdad-de-su-vinculo-con-el-equipo-ingles\\\/#primaryimage\"},\"thumbnailUrl\":\"https:\\\/\\\/lobosnews.com.ar\\\/wp-content\\\/uploads\\\/2026\\\/09\\\/siempre-estara-en-mi-corazon-el-elogio-del-jefe-de-williams-a-franco-colapinto-y-la-verdad-de-su-vinculo-con-el-equipo-ingles.jpg\",\"datePublished\":\"2026-09-04T03:47:26+00:00\",\"dateModified\":\"2026-09-04T04:50:16+00:00\",\"breadcrumb\":{\"@id\":\"https:\\\/\\\/lobosnews.com.ar\\\/index.php\\\/2026\\\/09\\\/04\\\/siempre-estara-en-mi-corazon-el-elogio-del-jefe-de-williams-a-franco-colapinto-y-la-verdad-de-su-vinculo-con-el-equipo-ingles\\\/#breadcrumb\"},\"inLanguage\":\"es\",\"potentialAction\":[{\"@type\":\"ReadAction\",\"target\":[\"https:\\\/\\\/lobosnews.com.ar\\\/index.php\\\/2026\\\/09\\\/04\\\/siempre-estara-en-mi-corazon-el-elogio-del-jefe-de-williams-a-franco-colapinto-y-la-verdad-de-su-vinculo-con-el-equipo-ingles\\\/\"]}]},{\"@type\":\"ImageObject\",\"inLanguage\":\"es\",\"@id\":\"https:\\\/\\\/lobosnews.com.ar\\\/index.php\\\/2026\\\/09\\\/04\\\/siempre-estara-en-mi-corazon-el-elogio-del-jefe-de-williams-a-franco-colapinto-y-la-verdad-de-su-vinculo-con-el-equipo-ingles\\\/#primaryimage\",\"url\":\"https:\\\/\\\/lobosnews.com.ar\\\/wp-content\\\/uploads\\\/2026\\\/09\\\/siempre-estara-en-mi-corazon-el-elogio-del-jefe-de-williams-a-franco-colapinto-y-la-verdad-de-su-vinculo-con-el-equipo-ingles-scaled.jpg\",\"contentUrl\":\"https:\\\/\\\/lobosnews.com.ar\\\/wp-content\\\/uploads\\\/2026\\\/09\\\/siempre-estara-en-mi-corazon-el-elogio-del-jefe-de-williams-a-franco-colapinto-y-la-verdad-de-su-vinculo-con-el-equipo-ingles-scaled.jpg\",\"width\":2560,\"height\":1606},{\"@type\":\"BreadcrumbList\",\"@id\":\"https:\\\/\\\/lobosnews.com.ar\\\/index.php\\\/2026\\\/09\\\/04\\\/siempre-estara-en-mi-corazon-el-elogio-del-jefe-de-williams-a-franco-colapinto-y-la-verdad-de-su-vinculo-con-el-equipo-ingles\\\/#breadcrumb\",\"itemListElement\":[{\"@type\":\"ListItem\",\"position\":1,\"name\":\"Portada\",\"item\":\"https:\\\/\\\/lobosnews.com.ar\\\/\"},{\"@type\":\"ListItem\",\"position\":2,\"name\":\"\u201cSiempre estar\u00e1 en mi coraz\u00f3n\u201d: el elogio del jefe de Williams a Franco Colapinto y la verdad de su v\u00ednculo con el equipo ingl\u00e9s\"}]},{\"@type\":\"WebSite\",\"@id\":\"https:\\\/\\\/lobosnews.com.ar\\\/#website\",\"url\":\"https:\\\/\\\/lobosnews.com.ar\\\/\",\"name\":\"Lobos News\",\"description\":\"Informaci\u00f3n a cada instante\",\"publisher\":{\"@id\":\"https:\\\/\\\/lobosnews.com.ar\\\/#organization\"},\"potentialAction\":[{\"@type\":\"SearchAction\",\"target\":{\"@type\":\"EntryPoint\",\"urlTemplate\":\"https:\\\/\\\/lobosnews.com.ar\\\/?s={search_term_string}\"},\"query-input\":{\"@type\":\"PropertyValueSpecification\",\"valueRequired\":true,\"valueName\":\"search_term_string\"}}],\"inLanguage\":\"es\"},{\"@type\":\"Organization\",\"@id\":\"https:\\\/\\\/lobosnews.com.ar\\\/#organization\",\"name\":\"Lobos News\",\"url\":\"https:\\\/\\\/lobosnews.com.ar\\\/\",\"logo\":{\"@type\":\"ImageObject\",\"inLanguage\":\"es\",\"@id\":\"https:\\\/\\\/lobosnews.com.ar\\\/#\\\/schema\\\/logo\\\/image\\\/\",\"url\":\"https:\\\/\\\/lobosnews.com.ar\\\/wp-content\\\/uploads\\\/2026\\\/01\\\/logo-lobosnews.png\",\"contentUrl\":\"https:\\\/\\\/lobosnews.com.ar\\\/wp-content\\\/uploads\\\/2026\\\/01\\\/logo-lobosnews.png\",\"width\":500,\"height\":200,\"caption\":\"Lobos News\"},\"image\":{\"@id\":\"https:\\\/\\\/lobosnews.com.ar\\\/#\\\/schema\\\/logo\\\/image\\\/\"}},{\"@type\":\"Person\",\"@id\":\"https:\\\/\\\/lobosnews.com.ar\\\/#\\\/schema\\\/person\\\/232422a593d5c541dd9aef6aaed10943\",\"name\":\"admin\",\"image\":{\"@type\":\"ImageObject\",\"inLanguage\":\"es\",\"@id\":\"https:\\\/\\\/secure.gravatar.com\\\/avatar\\\/76e419471a2083bc3ceab22a763dbbf9b0c1bd15a6214cf3280e2c2dde4580f9?s=96&d=mm&r=g\",\"url\":\"https:\\\/\\\/secure.gravatar.com\\\/avatar\\\/76e419471a2083bc3ceab22a763dbbf9b0c1bd15a6214cf3280e2c2dde4580f9?s=96&d=mm&r=g\",\"contentUrl\":\"https:\\\/\\\/secure.gravatar.com\\\/avatar\\\/76e419471a2083bc3ceab22a763dbbf9b0c1bd15a6214cf3280e2c2dde4580f9?s=96&d=mm&r=g\",\"caption\":\"admin\"},\"sameAs\":[\"https:\\\/\\\/lobosnews.com.ar\"],\"url\":\"https:\\\/\\\/lobosnews.com.ar\\\/index.php\\\/author\\\/lobos-news\\\/\"}]}<\/script>\n<!-- \/ Yoast SEO plugin. -->","yoast_head_json":{"title":"\u201cSiempre estar\u00e1 en mi coraz\u00f3n\u201d: el elogio del jefe de Williams a Franco Colapinto y la verdad de su v\u00ednculo con el equipo ingl\u00e9s - Lobos News","robots":{"index":"index","follow":"follow","max-snippet":"max-snippet:-1","max-image-preview":"max-image-preview:large","max-video-preview":"max-video-preview:-1"},"canonical":"https:\/\/lobosnews.com.ar\/index.php\/2026\/09\/04\/siempre-estara-en-mi-corazon-el-elogio-del-jefe-de-williams-a-franco-colapinto-y-la-verdad-de-su-vinculo-con-el-equipo-ingles\/","og_locale":"es_ES","og_type":"article","og_title":"\u201cSiempre estar\u00e1 en mi coraz\u00f3n\u201d: el elogio del jefe de Williams a Franco Colapinto y la verdad de su v\u00ednculo con el equipo ingl\u00e9s - Lobos News","og_description":"James Vowles, jefe de Williams, volvi\u00f3 a referirse con afecto a Franco Colapinto en la previa del Gran Premio de Italia de F\u00f3rmula 1, la primera carrera del piloto argentino tras confirmar su renovaci\u00f3n con Alpine hasta la temporada 2027. Hace dos a\u00f1os el argentino debut\u00f3 en la M\u00e1xima en el Aut\u00f3dromo Nacional de Monza...","og_url":"https:\/\/lobosnews.com.ar\/index.php\/2026\/09\/04\/siempre-estara-en-mi-corazon-el-elogio-del-jefe-de-williams-a-franco-colapinto-y-la-verdad-de-su-vinculo-con-el-equipo-ingles\/","og_site_name":"Lobos News","article_published_time":"2026-09-04T03:47:26+00:00","article_modified_time":"2026-09-04T04:50:16+00:00","og_image":[{"url":"https:\/\/lobosnews.com.ar\/wp-content\/uploads\/2026\/09\/siempre-estara-en-mi-corazon-el-elogio-del-jefe-de-williams-a-franco-colapinto-y-la-verdad-de-su-vinculo-con-el-equipo-ingles.jpg","type":"","width":"","height":""}],"author":"admin","twitter_card":"summary_large_image","twitter_misc":{"Escrito por":"admin","Tiempo de lectura":"3 minutos"},"schema":{"@context":"https:\/\/schema.org","@graph":[{"@type":"Article","@id":"https:\/\/lobosnews.com.ar\/index.php\/2026\/09\/04\/siempre-estara-en-mi-corazon-el-elogio-del-jefe-de-williams-a-franco-colapinto-y-la-verdad-de-su-vinculo-con-el-equipo-ingles\/#article","isPartOf":{"@id":"https:\/\/lobosnews.com.ar\/index.php\/2026\/09\/04\/siempre-estara-en-mi-corazon-el-elogio-del-jefe-de-williams-a-franco-colapinto-y-la-verdad-de-su-vinculo-con-el-equipo-ingles\/"},"author":{"name":"admin","@id":"https:\/\/lobosnews.com.ar\/#\/schema\/person\/232422a593d5c541dd9aef6aaed10943"},"headline":"\u201cSiempre estar\u00e1 en mi coraz\u00f3n\u201d: el elogio del jefe de Williams a Franco Colapinto y la verdad de su v\u00ednculo con el equipo ingl\u00e9s","datePublished":"2026-09-04T03:47:26+00:00","dateModified":"2026-09-04T04:50:16+00:00","mainEntityOfPage":{"@id":"https:\/\/lobosnews.com.ar\/index.php\/2026\/09\/04\/siempre-estara-en-mi-corazon-el-elogio-del-jefe-de-williams-a-franco-colapinto-y-la-verdad-de-su-vinculo-con-el-equipo-ingles\/"},"wordCount":641,"commentCount":0,"publisher":{"@id":"https:\/\/lobosnews.com.ar\/#organization"},"image":{"@id":"https:\/\/lobosnews.com.ar\/index.php\/2026\/09\/04\/siempre-estara-en-mi-corazon-el-elogio-del-jefe-de-williams-a-franco-colapinto-y-la-verdad-de-su-vinculo-con-el-equipo-ingles\/#primaryimage"},"thumbnailUrl":"https:\/\/lobosnews.com.ar\/wp-content\/uploads\/2026\/09\/siempre-estara-en-mi-corazon-el-elogio-del-jefe-de-williams-a-franco-colapinto-y-la-verdad-de-su-vinculo-con-el-equipo-ingles.jpg","keywords":["Deportes"],"articleSection":["Argentina"],"inLanguage":"es","potentialAction":[{"@type":"CommentAction","name":"Comment","target":["https:\/\/lobosnews.com.ar\/index.php\/2026\/09\/04\/siempre-estara-en-mi-corazon-el-elogio-del-jefe-de-williams-a-franco-colapinto-y-la-verdad-de-su-vinculo-con-el-equipo-ingles\/#respond"]}]},{"@type":"WebPage","@id":"https:\/\/lobosnews.com.ar\/index.php\/2026\/09\/04\/siempre-estara-en-mi-corazon-el-elogio-del-jefe-de-williams-a-franco-colapinto-y-la-verdad-de-su-vinculo-con-el-equipo-ingles\/","url":"https:\/\/lobosnews.com.ar\/index.php\/2026\/09\/04\/siempre-estara-en-mi-corazon-el-elogio-del-jefe-de-williams-a-franco-colapinto-y-la-verdad-de-su-vinculo-con-el-equipo-ingles\/","name":"\u201cSiempre estar\u00e1 en mi coraz\u00f3n\u201d: el elogio del jefe de Williams a Franco Colapinto y la verdad de su v\u00ednculo con el equipo ingl\u00e9s - Lobos News","isPartOf":{"@id":"https:\/\/lobosnews.com.ar\/#website"},"primaryImageOfPage":{"@id":"https:\/\/lobosnews.com.ar\/index.php\/2026\/09\/04\/siempre-estara-en-mi-corazon-el-elogio-del-jefe-de-williams-a-franco-colapinto-y-la-verdad-de-su-vinculo-con-el-equipo-ingles\/#primaryimage"},"image":{"@id":"https:\/\/lobosnews.com.ar\/index.php\/2026\/09\/04\/siempre-estara-en-mi-corazon-el-elogio-del-jefe-de-williams-a-franco-colapinto-y-la-verdad-de-su-vinculo-con-el-equipo-ingles\/#primaryimage"},"thumbnailUrl":"https:\/\/lobosnews.com.ar\/wp-content\/uploads\/2026\/09\/siempre-estara-en-mi-corazon-el-elogio-del-jefe-de-williams-a-franco-colapinto-y-la-verdad-de-su-vinculo-con-el-equipo-ingles.jpg","datePublished":"2026-09-04T03:47:26+00:00","dateModified":"2026-09-04T04:50:16+00:00","breadcrumb":{"@id":"https:\/\/lobosnews.com.ar\/index.php\/2026\/09\/04\/siempre-estara-en-mi-corazon-el-elogio-del-jefe-de-williams-a-franco-colapinto-y-la-verdad-de-su-vinculo-con-el-equipo-ingles\/#breadcrumb"},"inLanguage":"es","potentialAction":[{"@type":"ReadAction","target":["https:\/\/lobosnews.com.ar\/index.php\/2026\/09\/04\/siempre-estara-en-mi-corazon-el-elogio-del-jefe-de-williams-a-franco-colapinto-y-la-verdad-de-su-vinculo-con-el-equipo-ingles\/"]}]},{"@type":"ImageObject","inLanguage":"es","@id":"https:\/\/lobosnews.com.ar\/index.php\/2026\/09\/04\/siempre-estara-en-mi-corazon-el-elogio-del-jefe-de-williams-a-franco-colapinto-y-la-verdad-de-su-vinculo-con-el-equipo-ingles\/#primaryimage","url":"https:\/\/lobosnews.com.ar\/wp-content\/uploads\/2026\/09\/siempre-estara-en-mi-corazon-el-elogio-del-jefe-de-williams-a-franco-colapinto-y-la-verdad-de-su-vinculo-con-el-equipo-ingles-scaled.jpg","contentUrl":"https:\/\/lobosnews.com.ar\/wp-content\/uploads\/2026\/09\/siempre-estara-en-mi-corazon-el-elogio-del-jefe-de-williams-a-franco-colapinto-y-la-verdad-de-su-vinculo-con-el-equipo-ingles-scaled.jpg","width":2560,"height":1606},{"@type":"BreadcrumbList","@id":"https:\/\/lobosnews.com.ar\/index.php\/2026\/09\/04\/siempre-estara-en-mi-corazon-el-elogio-del-jefe-de-williams-a-franco-colapinto-y-la-verdad-de-su-vinculo-con-el-equipo-ingles\/#breadcrumb","itemListElement":[{"@type":"ListItem","position":1,"name":"Portada","item":"https:\/\/lobosnews.com.ar\/"},{"@type":"ListItem","position":2,"name":"\u201cSiempre estar\u00e1 en mi coraz\u00f3n\u201d: el elogio del jefe de Williams a Franco Colapinto y la verdad de su v\u00ednculo con el equipo ingl\u00e9s"}]},{"@type":"WebSite","@id":"https:\/\/lobosnews.com.ar\/#website","url":"https:\/\/lobosnews.com.ar\/","name":"Lobos News","description":"Informaci\u00f3n a cada instante","publisher":{"@id":"https:\/\/lobosnews.com.ar\/#organization"},"potentialAction":[{"@type":"SearchAction","target":{"@type":"EntryPoint","urlTemplate":"https:\/\/lobosnews.com.ar\/?s={search_term_string}"},"query-input":{"@type":"PropertyValueSpecification","valueRequired":true,"valueName":"search_term_string"}}],"inLanguage":"es"},{"@type":"Organization","@id":"https:\/\/lobosnews.com.ar\/#organization","name":"Lobos News","url":"https:\/\/lobosnews.com.ar\/","logo":{"@type":"ImageObject","inLanguage":"es","@id":"https:\/\/lobosnews.com.ar\/#\/schema\/logo\/image\/","url":"https:\/\/lobosnews.com.ar\/wp-content\/uploads\/2026\/01\/logo-lobosnews.png","contentUrl":"https:\/\/lobosnews.com.ar\/wp-content\/uploads\/2026\/01\/logo-lobosnews.png","width":500,"height":200,"caption":"Lobos News"},"image":{"@id":"https:\/\/lobosnews.com.ar\/#\/schema\/logo\/image\/"}},{"@type":"Person","@id":"https:\/\/lobosnews.com.ar\/#\/schema\/person\/232422a593d5c541dd9aef6aaed10943","name":"admin","image":{"@type":"ImageObject","inLanguage":"es","@id":"https:\/\/secure.gravatar.com\/avatar\/76e419471a2083bc3ceab22a763dbbf9b0c1bd15a6214cf3280e2c2dde4580f9?s=96&d=mm&r=g","url":"https:\/\/secure.gravatar.com\/avatar\/76e419471a2083bc3ceab22a763dbbf9b0c1bd15a6214cf3280e2c2dde4580f9?s=96&d=mm&r=g","contentUrl":"https:\/\/secure.gravatar.com\/avatar\/76e419471a2083bc3ceab22a763dbbf9b0c1bd15a6214cf3280e2c2dde4580f9?s=96&d=mm&r=g","caption":"admin"},"sameAs":["https:\/\/lobosnews.com.ar"],"url":"https:\/\/lobosnews.com.ar\/index.php\/author\/lobos-news\/"}]}},"jetpack_featured_media_url":"","jetpack_sharing_enabled":true,"_links":{"self":[{"href":"https:\/\/lobosnews.com.ar\/index.php\/wp-json\/wp\/v2\/posts\/97205","targetHints":{"allow":["GET"]}}],"collection":[{"href":"https:\/\/lobosnews.com.ar\/index.php\/wp-json\/wp\/v2\/posts"}],"about":[{"href":"https:\/\/lobosnews.com.ar\/index.php\/wp-json\/wp\/v2\/types\/post"}],"author":[{"embeddable":true,"href":"https:\/\/lobosnews.com.ar\/index.php\/wp-json\/wp\/v2\/users\/1"}],"replies":[{"embeddable":true,"href":"https:\/\/lobosnews.com.ar\/index.php\/wp-json\/wp\/v2\/comments?post=97205"}],"version-history":[{"count":1,"href":"https:\/\/lobosnews.com.ar\/index.php\/wp-json\/wp\/v2\/posts\/97205\/revisions"}],"predecessor-version":[{"id":97207,"href":"https:\/\/lobosnews.com.ar\/index.php\/wp-json\/wp\/v2\/posts\/97205\/revisions\/97207"}],"wp:attachment":[{"href":"https:\/\/lobosnews.com.ar\/index.php\/wp-json\/wp\/v2\/media?parent=97205"}],"wp:term":[{"taxonomy":"category","embeddable":true,"href":"https:\/\/lobosnews.com.ar\/index.php\/wp-json\/wp\/v2\/categories?post=97205"},{"taxonomy":"post_tag","embeddable":true,"href":"https:\/\/lobosnews.com.ar\/index.php\/wp-json\/wp\/v2\/tags?post=97205"}],"curies":[{"name":"wp","href":"https:\/\/api.w.org\/{rel}","templated":true}]}}