{"id":9720,"date":"2026-01-21T19:18:57","date_gmt":"2026-01-21T19:18:57","guid":{"rendered":"https:\/\/lobosnews.com.ar\/index.php\/2026\/01\/21\/nuevos-incidentes-en-la-marcha-de-jubilados-en-el-congreso-la-policia-arrojo-gases-y-hubo-heridos\/"},"modified":"2026-01-21T20:37:13","modified_gmt":"2026-01-21T20:37:13","slug":"nuevos-incidentes-en-la-marcha-de-jubilados-en-el-congreso-la-policia-arrojo-gases-y-hubo-heridos","status":"publish","type":"post","link":"https:\/\/lobosnews.com.ar\/index.php\/2026\/01\/21\/nuevos-incidentes-en-la-marcha-de-jubilados-en-el-congreso-la-policia-arrojo-gases-y-hubo-heridos\/","title":{"rendered":"Nuevos incidentes en la marcha de jubilados en el Congreso: la polic\u00eda arroj\u00f3 gases y hubo heridos"},"content":{"rendered":"<p>La marcha de jubilados alrededor del Congreso que se realizan desde hace a\u00f1os los d\u00edas mi\u00e9rcoles se sostiene este 2026 y volvi\u00f3 a registrar incidentes. <\/p>\n<p>Esta vez los disturbios se produjeron sobre calle Rivadavia, cuando el n\u00facleo que mantiene la protesta intent\u00f3 descender a la calle y fue arrinconado por efectivos de la polic\u00eda que los empuj\u00f3 contra la vereda para evitar la interrupci\u00f3n del tr\u00e1nsito. Se trat\u00f3 de la aplicaci\u00f3n del llamado protocolo Antipiquetes que impone rigurosamente el ministerio de Seguridad Nacional. <\/p>\n<p>As\u00ed, los manifestantes quedaron atrapados contra el frente del edificio de la Auditor\u00eda General de la Naci\u00f3n, en las adyacencias del hist\u00f3rico palacio del Congreso de la Naci\u00f3n. <\/p>\n<p>Con el objetivo de dispersar la protesta, que estaba integrada por un reducido n\u00famero de jubilados, los efectivos de la polic\u00eda federal arrojaron gases, lo que afect\u00f3 visiblemente a las personas que intentaban ejercer su derecho a la protesta. Fueron auxiliados por integrantes de las postas de salud, que normalmente acuden a las manifestaciones para ayudar a quienes son impactados por la respuesta de la polic\u00eda. <\/p>\n<p><img fetchpriority=\"high\" decoding=\"async\" src=\"https:\/\/lobosnews.com.ar\/wp-content\/uploads\/2026\/01\/nuevos-incidentes-en-la-marcha-de-jubilados-en-el-congreso-la-policia-arrojo-gases-y-hubo-heridos.jpg\" alt=\"\" height=\"1080\" width=\"1920\"\/><\/p>\n<p><i>Noticia en desarrollo&#8230;<\/i><\/p>\n","protected":false},"excerpt":{"rendered":"<p>La marcha de jubilados alrededor del Congreso que se realizan desde hace a\u00f1os los d\u00edas mi\u00e9rcoles se sostiene este 2026 y volvi\u00f3 a registrar incidentes. Esta vez los disturbios se produjeron sobre calle Rivadavia, cuando el n\u00facleo que mantiene la protesta intent\u00f3 descender a la calle y fue arrinconado por efectivos de la polic\u00eda que&#8230;<\/p>\n","protected":false},"author":1,"featured_media":9723,"comment_status":"open","ping_status":"closed","sticky":false,"template":"","format":"standard","meta":{"_jetpack_memberships_contains_paid_content":false,"footnotes":""},"categories":[31,30,32,77,84,35,36,37],"tags":[],"class_list":["post-9720","post","type-post","status-publish","format-standard","has-post-thumbnail","hentry","category-actualidad","category-argentina","category-economia","category-inseguridad","category-masradios-com","category-nacionales","category-seguridad","category-sociedad"],"magazineBlocksPostFeaturedMedia":{"thumbnail":"https:\/\/lobosnews.com.ar\/wp-content\/uploads\/2026\/01\/nuevos-incidentes-en-la-marcha-de-jubilados-en-el-congreso-la-policia-arrojo-gases-y-hubo-heridos-150x150.jpg","medium":"https:\/\/lobosnews.com.ar\/wp-content\/uploads\/2026\/01\/nuevos-incidentes-en-la-marcha-de-jubilados-en-el-congreso-la-policia-arrojo-gases-y-hubo-heridos-300x169.jpg","medium_large":"https:\/\/lobosnews.com.ar\/wp-content\/uploads\/2026\/01\/nuevos-incidentes-en-la-marcha-de-jubilados-en-el-congreso-la-policia-arrojo-gases-y-hubo-heridos-768x432.jpg","large":"https:\/\/lobosnews.com.ar\/wp-content\/uploads\/2026\/01\/nuevos-incidentes-en-la-marcha-de-jubilados-en-el-congreso-la-policia-arrojo-gases-y-hubo-heridos-1024x576.jpg","1536x1536":"https:\/\/lobosnews.com.ar\/wp-content\/uploads\/2026\/01\/nuevos-incidentes-en-la-marcha-de-jubilados-en-el-congreso-la-policia-arrojo-gases-y-hubo-heridos-1536x864.jpg","2048x2048":"https:\/\/lobosnews.com.ar\/wp-content\/uploads\/2026\/01\/nuevos-incidentes-en-la-marcha-de-jubilados-en-el-congreso-la-policia-arrojo-gases-y-hubo-heridos.jpg","newsmatic-featured":"https:\/\/lobosnews.com.ar\/wp-content\/uploads\/2026\/01\/nuevos-incidentes-en-la-marcha-de-jubilados-en-el-congreso-la-policia-arrojo-gases-y-hubo-heridos-820x545.jpg","newsmatic-list":"https:\/\/lobosnews.com.ar\/wp-content\/uploads\/2026\/01\/nuevos-incidentes-en-la-marcha-de-jubilados-en-el-congreso-la-policia-arrojo-gases-y-hubo-heridos-600x400.jpg","newsmatic-thumb":"https:\/\/lobosnews.com.ar\/wp-content\/uploads\/2026\/01\/nuevos-incidentes-en-la-marcha-de-jubilados-en-el-congreso-la-policia-arrojo-gases-y-hubo-heridos-300x200.jpg","newsmatic-small":"https:\/\/lobosnews.com.ar\/wp-content\/uploads\/2026\/01\/nuevos-incidentes-en-la-marcha-de-jubilados-en-el-congreso-la-policia-arrojo-gases-y-hubo-heridos-150x95.jpg","newsmatic-grid":"https:\/\/lobosnews.com.ar\/wp-content\/uploads\/2026\/01\/nuevos-incidentes-en-la-marcha-de-jubilados-en-el-congreso-la-policia-arrojo-gases-y-hubo-heridos-400x250.jpg"},"magazineBlocksPostAuthor":{"name":"admin","avatar":"https:\/\/secure.gravatar.com\/avatar\/76e419471a2083bc3ceab22a763dbbf9b0c1bd15a6214cf3280e2c2dde4580f9?s=96&d=mm&r=g"},"magazineBlocksPostCommentsNumber":"0","magazineBlocksPostExcerpt":"La marcha de jubilados alrededor del Congreso que se realizan desde hace a\u00f1os los d\u00edas mi\u00e9rcoles se sostiene este 2026 y volvi\u00f3 a registrar incidentes. Esta vez los disturbios se produjeron sobre calle Rivadavia, cuando el n\u00facleo que mantiene la protesta intent\u00f3 descender a la calle y fue arrinconado por efectivos de la polic\u00eda que...","magazineBlocksPostCategories":["Actualidad","Argentina","econom\u00eda","inseguridad","masradios.com","nacionales","seguridad","sociedad"],"magazineBlocksPostViewCount":146,"magazineBlocksPostReadTime":1,"magazine_blocks_featured_image_url":{"full":["https:\/\/lobosnews.com.ar\/wp-content\/uploads\/2026\/01\/nuevos-incidentes-en-la-marcha-de-jubilados-en-el-congreso-la-policia-arrojo-gases-y-hubo-heridos.jpg",1920,1080,false],"medium":["https:\/\/lobosnews.com.ar\/wp-content\/uploads\/2026\/01\/nuevos-incidentes-en-la-marcha-de-jubilados-en-el-congreso-la-policia-arrojo-gases-y-hubo-heridos-300x169.jpg",300,169,true],"thumbnail":["https:\/\/lobosnews.com.ar\/wp-content\/uploads\/2026\/01\/nuevos-incidentes-en-la-marcha-de-jubilados-en-el-congreso-la-policia-arrojo-gases-y-hubo-heridos-150x150.jpg",150,150,true]},"magazine_blocks_author":{"display_name":"admin","author_link":"https:\/\/lobosnews.com.ar\/index.php\/author\/lobos-news\/"},"magazine_blocks_comment":0,"magazine_blocks_author_image":"https:\/\/secure.gravatar.com\/avatar\/76e419471a2083bc3ceab22a763dbbf9b0c1bd15a6214cf3280e2c2dde4580f9?s=96&d=mm&r=g","magazine_blocks_category":"<a href=\"#\" class=\"category-link category-link-31\">Actualidad<\/a> <a href=\"#\" class=\"category-link category-link-30\">Argentina<\/a> <a href=\"#\" class=\"category-link category-link-32\">econom\u00eda<\/a> <a href=\"#\" class=\"category-link category-link-77\">inseguridad<\/a> <a href=\"#\" class=\"category-link category-link-84\">masradios.com<\/a> <a href=\"#\" class=\"category-link category-link-35\">nacionales<\/a> <a href=\"#\" class=\"category-link category-link-36\">seguridad<\/a> <a href=\"#\" class=\"category-link category-link-37\">sociedad<\/a>","yoast_head":"<!-- This site is optimized with the Yoast SEO plugin v26.6 - https:\/\/yoast.com\/wordpress\/plugins\/seo\/ -->\n<title>Nuevos incidentes en la marcha de jubilados en el Congreso: la polic\u00eda arroj\u00f3 gases y hubo heridos - Lobos News<\/title>\n<meta name=\"robots\" content=\"index, follow, max-snippet:-1, max-image-preview:large, max-video-preview:-1\" \/>\n<link rel=\"canonical\" href=\"https:\/\/lobosnews.com.ar\/index.php\/2026\/01\/21\/nuevos-incidentes-en-la-marcha-de-jubilados-en-el-congreso-la-policia-arrojo-gases-y-hubo-heridos\/\" \/>\n<meta property=\"og:locale\" content=\"es_ES\" \/>\n<meta property=\"og:type\" content=\"article\" \/>\n<meta property=\"og:title\" content=\"Nuevos incidentes en la marcha de jubilados en el Congreso: la polic\u00eda arroj\u00f3 gases y hubo heridos - Lobos News\" \/>\n<meta property=\"og:description\" content=\"La marcha de jubilados alrededor del Congreso que se realizan desde hace a\u00f1os los d\u00edas mi\u00e9rcoles se sostiene este 2026 y volvi\u00f3 a registrar incidentes. Esta vez los disturbios se produjeron sobre calle Rivadavia, cuando el n\u00facleo que mantiene la protesta intent\u00f3 descender a la calle y fue arrinconado por efectivos de la polic\u00eda que...\" \/>\n<meta property=\"og:url\" content=\"https:\/\/lobosnews.com.ar\/index.php\/2026\/01\/21\/nuevos-incidentes-en-la-marcha-de-jubilados-en-el-congreso-la-policia-arrojo-gases-y-hubo-heridos\/\" \/>\n<meta property=\"og:site_name\" content=\"Lobos News\" \/>\n<meta property=\"article:published_time\" content=\"2026-01-21T19:18:57+00:00\" \/>\n<meta property=\"article:modified_time\" content=\"2026-01-21T20:37:13+00:00\" \/>\n<meta property=\"og:image\" content=\"https:\/\/lobosnews.com.ar\/wp-content\/uploads\/2026\/01\/nuevos-incidentes-en-la-marcha-de-jubilados-en-el-congreso-la-policia-arrojo-gases-y-hubo-heridos.jpg\" \/>\n<meta name=\"author\" content=\"admin\" \/>\n<meta name=\"twitter:card\" content=\"summary_large_image\" \/>\n<meta name=\"twitter:label1\" content=\"Escrito por\" \/>\n\t<meta name=\"twitter:data1\" content=\"admin\" \/>\n\t<meta name=\"twitter:label2\" content=\"Tiempo de lectura\" \/>\n\t<meta name=\"twitter:data2\" content=\"1 minuto\" \/>\n<script type=\"application\/ld+json\" class=\"yoast-schema-graph\">{\"@context\":\"https:\/\/schema.org\",\"@graph\":[{\"@type\":\"Article\",\"@id\":\"https:\/\/lobosnews.com.ar\/index.php\/2026\/01\/21\/nuevos-incidentes-en-la-marcha-de-jubilados-en-el-congreso-la-policia-arrojo-gases-y-hubo-heridos\/#article\",\"isPartOf\":{\"@id\":\"https:\/\/lobosnews.com.ar\/index.php\/2026\/01\/21\/nuevos-incidentes-en-la-marcha-de-jubilados-en-el-congreso-la-policia-arrojo-gases-y-hubo-heridos\/\"},\"author\":{\"name\":\"admin\",\"@id\":\"https:\/\/lobosnews.com.ar\/#\/schema\/person\/232422a593d5c541dd9aef6aaed10943\"},\"headline\":\"Nuevos incidentes en la marcha de jubilados en el Congreso: la polic\u00eda arroj\u00f3 gases y hubo heridos\",\"datePublished\":\"2026-01-21T19:18:57+00:00\",\"dateModified\":\"2026-01-21T20:37:13+00:00\",\"mainEntityOfPage\":{\"@id\":\"https:\/\/lobosnews.com.ar\/index.php\/2026\/01\/21\/nuevos-incidentes-en-la-marcha-de-jubilados-en-el-congreso-la-policia-arrojo-gases-y-hubo-heridos\/\"},\"wordCount\":212,\"commentCount\":0,\"publisher\":{\"@id\":\"https:\/\/lobosnews.com.ar\/#organization\"},\"image\":{\"@id\":\"https:\/\/lobosnews.com.ar\/index.php\/2026\/01\/21\/nuevos-incidentes-en-la-marcha-de-jubilados-en-el-congreso-la-policia-arrojo-gases-y-hubo-heridos\/#primaryimage\"},\"thumbnailUrl\":\"https:\/\/lobosnews.com.ar\/wp-content\/uploads\/2026\/01\/nuevos-incidentes-en-la-marcha-de-jubilados-en-el-congreso-la-policia-arrojo-gases-y-hubo-heridos.jpg\",\"articleSection\":[\"Actualidad\",\"Argentina\",\"econom\u00eda\",\"inseguridad\",\"masradios.com\",\"nacionales\",\"seguridad\",\"sociedad\"],\"inLanguage\":\"es\",\"potentialAction\":[{\"@type\":\"CommentAction\",\"name\":\"Comment\",\"target\":[\"https:\/\/lobosnews.com.ar\/index.php\/2026\/01\/21\/nuevos-incidentes-en-la-marcha-de-jubilados-en-el-congreso-la-policia-arrojo-gases-y-hubo-heridos\/#respond\"]}]},{\"@type\":\"WebPage\",\"@id\":\"https:\/\/lobosnews.com.ar\/index.php\/2026\/01\/21\/nuevos-incidentes-en-la-marcha-de-jubilados-en-el-congreso-la-policia-arrojo-gases-y-hubo-heridos\/\",\"url\":\"https:\/\/lobosnews.com.ar\/index.php\/2026\/01\/21\/nuevos-incidentes-en-la-marcha-de-jubilados-en-el-congreso-la-policia-arrojo-gases-y-hubo-heridos\/\",\"name\":\"Nuevos incidentes en la marcha de jubilados en el Congreso: la polic\u00eda arroj\u00f3 gases y hubo heridos - Lobos News\",\"isPartOf\":{\"@id\":\"https:\/\/lobosnews.com.ar\/#website\"},\"primaryImageOfPage\":{\"@id\":\"https:\/\/lobosnews.com.ar\/index.php\/2026\/01\/21\/nuevos-incidentes-en-la-marcha-de-jubilados-en-el-congreso-la-policia-arrojo-gases-y-hubo-heridos\/#primaryimage\"},\"image\":{\"@id\":\"https:\/\/lobosnews.com.ar\/index.php\/2026\/01\/21\/nuevos-incidentes-en-la-marcha-de-jubilados-en-el-congreso-la-policia-arrojo-gases-y-hubo-heridos\/#primaryimage\"},\"thumbnailUrl\":\"https:\/\/lobosnews.com.ar\/wp-content\/uploads\/2026\/01\/nuevos-incidentes-en-la-marcha-de-jubilados-en-el-congreso-la-policia-arrojo-gases-y-hubo-heridos.jpg\",\"datePublished\":\"2026-01-21T19:18:57+00:00\",\"dateModified\":\"2026-01-21T20:37:13+00:00\",\"breadcrumb\":{\"@id\":\"https:\/\/lobosnews.com.ar\/index.php\/2026\/01\/21\/nuevos-incidentes-en-la-marcha-de-jubilados-en-el-congreso-la-policia-arrojo-gases-y-hubo-heridos\/#breadcrumb\"},\"inLanguage\":\"es\",\"potentialAction\":[{\"@type\":\"ReadAction\",\"target\":[\"https:\/\/lobosnews.com.ar\/index.php\/2026\/01\/21\/nuevos-incidentes-en-la-marcha-de-jubilados-en-el-congreso-la-policia-arrojo-gases-y-hubo-heridos\/\"]}]},{\"@type\":\"ImageObject\",\"inLanguage\":\"es\",\"@id\":\"https:\/\/lobosnews.com.ar\/index.php\/2026\/01\/21\/nuevos-incidentes-en-la-marcha-de-jubilados-en-el-congreso-la-policia-arrojo-gases-y-hubo-heridos\/#primaryimage\",\"url\":\"https:\/\/lobosnews.com.ar\/wp-content\/uploads\/2026\/01\/nuevos-incidentes-en-la-marcha-de-jubilados-en-el-congreso-la-policia-arrojo-gases-y-hubo-heridos.jpg\",\"contentUrl\":\"https:\/\/lobosnews.com.ar\/wp-content\/uploads\/2026\/01\/nuevos-incidentes-en-la-marcha-de-jubilados-en-el-congreso-la-policia-arrojo-gases-y-hubo-heridos.jpg\",\"width\":1920,\"height\":1080,\"caption\":\"Nuevos incidentes en la marcha de jubilados en el Congreso: la polic\u00eda arroj\u00f3 gases y hubo heridos\"},{\"@type\":\"BreadcrumbList\",\"@id\":\"https:\/\/lobosnews.com.ar\/index.php\/2026\/01\/21\/nuevos-incidentes-en-la-marcha-de-jubilados-en-el-congreso-la-policia-arrojo-gases-y-hubo-heridos\/#breadcrumb\",\"itemListElement\":[{\"@type\":\"ListItem\",\"position\":1,\"name\":\"Portada\",\"item\":\"https:\/\/lobosnews.com.ar\/\"},{\"@type\":\"ListItem\",\"position\":2,\"name\":\"Nuevos incidentes en la marcha de jubilados en el Congreso: la polic\u00eda arroj\u00f3 gases y hubo heridos\"}]},{\"@type\":\"WebSite\",\"@id\":\"https:\/\/lobosnews.com.ar\/#website\",\"url\":\"https:\/\/lobosnews.com.ar\/\",\"name\":\"Lobos News\",\"description\":\"Informaci\u00f3n a cada instante\",\"publisher\":{\"@id\":\"https:\/\/lobosnews.com.ar\/#organization\"},\"potentialAction\":[{\"@type\":\"SearchAction\",\"target\":{\"@type\":\"EntryPoint\",\"urlTemplate\":\"https:\/\/lobosnews.com.ar\/?s={search_term_string}\"},\"query-input\":{\"@type\":\"PropertyValueSpecification\",\"valueRequired\":true,\"valueName\":\"search_term_string\"}}],\"inLanguage\":\"es\"},{\"@type\":\"Organization\",\"@id\":\"https:\/\/lobosnews.com.ar\/#organization\",\"name\":\"Lobos News\",\"url\":\"https:\/\/lobosnews.com.ar\/\",\"logo\":{\"@type\":\"ImageObject\",\"inLanguage\":\"es\",\"@id\":\"https:\/\/lobosnews.com.ar\/#\/schema\/logo\/image\/\",\"url\":\"https:\/\/lobosnews.com.ar\/wp-content\/uploads\/2026\/01\/logo-lobosnews.png\",\"contentUrl\":\"https:\/\/lobosnews.com.ar\/wp-content\/uploads\/2026\/01\/logo-lobosnews.png\",\"width\":500,\"height\":200,\"caption\":\"Lobos News\"},\"image\":{\"@id\":\"https:\/\/lobosnews.com.ar\/#\/schema\/logo\/image\/\"}},{\"@type\":\"Person\",\"@id\":\"https:\/\/lobosnews.com.ar\/#\/schema\/person\/232422a593d5c541dd9aef6aaed10943\",\"name\":\"admin\",\"image\":{\"@type\":\"ImageObject\",\"inLanguage\":\"es\",\"@id\":\"https:\/\/lobosnews.com.ar\/#\/schema\/person\/image\/\",\"url\":\"https:\/\/secure.gravatar.com\/avatar\/76e419471a2083bc3ceab22a763dbbf9b0c1bd15a6214cf3280e2c2dde4580f9?s=96&d=mm&r=g\",\"contentUrl\":\"https:\/\/secure.gravatar.com\/avatar\/76e419471a2083bc3ceab22a763dbbf9b0c1bd15a6214cf3280e2c2dde4580f9?s=96&d=mm&r=g\",\"caption\":\"admin\"},\"sameAs\":[\"https:\/\/lobosnews.com.ar\"],\"url\":\"https:\/\/lobosnews.com.ar\/index.php\/author\/lobos-news\/\"}]}<\/script>\n<!-- \/ Yoast SEO plugin. -->","yoast_head_json":{"title":"Nuevos incidentes en la marcha de jubilados en el Congreso: la polic\u00eda arroj\u00f3 gases y hubo heridos - Lobos News","robots":{"index":"index","follow":"follow","max-snippet":"max-snippet:-1","max-image-preview":"max-image-preview:large","max-video-preview":"max-video-preview:-1"},"canonical":"https:\/\/lobosnews.com.ar\/index.php\/2026\/01\/21\/nuevos-incidentes-en-la-marcha-de-jubilados-en-el-congreso-la-policia-arrojo-gases-y-hubo-heridos\/","og_locale":"es_ES","og_type":"article","og_title":"Nuevos incidentes en la marcha de jubilados en el Congreso: la polic\u00eda arroj\u00f3 gases y hubo heridos - Lobos News","og_description":"La marcha de jubilados alrededor del Congreso que se realizan desde hace a\u00f1os los d\u00edas mi\u00e9rcoles se sostiene este 2026 y volvi\u00f3 a registrar incidentes. Esta vez los disturbios se produjeron sobre calle Rivadavia, cuando el n\u00facleo que mantiene la protesta intent\u00f3 descender a la calle y fue arrinconado por efectivos de la polic\u00eda que...","og_url":"https:\/\/lobosnews.com.ar\/index.php\/2026\/01\/21\/nuevos-incidentes-en-la-marcha-de-jubilados-en-el-congreso-la-policia-arrojo-gases-y-hubo-heridos\/","og_site_name":"Lobos News","article_published_time":"2026-01-21T19:18:57+00:00","article_modified_time":"2026-01-21T20:37:13+00:00","og_image":[{"url":"https:\/\/lobosnews.com.ar\/wp-content\/uploads\/2026\/01\/nuevos-incidentes-en-la-marcha-de-jubilados-en-el-congreso-la-policia-arrojo-gases-y-hubo-heridos.jpg","type":"","width":"","height":""}],"author":"admin","twitter_card":"summary_large_image","twitter_misc":{"Escrito por":"admin","Tiempo de lectura":"1 minuto"},"schema":{"@context":"https:\/\/schema.org","@graph":[{"@type":"Article","@id":"https:\/\/lobosnews.com.ar\/index.php\/2026\/01\/21\/nuevos-incidentes-en-la-marcha-de-jubilados-en-el-congreso-la-policia-arrojo-gases-y-hubo-heridos\/#article","isPartOf":{"@id":"https:\/\/lobosnews.com.ar\/index.php\/2026\/01\/21\/nuevos-incidentes-en-la-marcha-de-jubilados-en-el-congreso-la-policia-arrojo-gases-y-hubo-heridos\/"},"author":{"name":"admin","@id":"https:\/\/lobosnews.com.ar\/#\/schema\/person\/232422a593d5c541dd9aef6aaed10943"},"headline":"Nuevos incidentes en la marcha de jubilados en el Congreso: la polic\u00eda arroj\u00f3 gases y hubo heridos","datePublished":"2026-01-21T19:18:57+00:00","dateModified":"2026-01-21T20:37:13+00:00","mainEntityOfPage":{"@id":"https:\/\/lobosnews.com.ar\/index.php\/2026\/01\/21\/nuevos-incidentes-en-la-marcha-de-jubilados-en-el-congreso-la-policia-arrojo-gases-y-hubo-heridos\/"},"wordCount":212,"commentCount":0,"publisher":{"@id":"https:\/\/lobosnews.com.ar\/#organization"},"image":{"@id":"https:\/\/lobosnews.com.ar\/index.php\/2026\/01\/21\/nuevos-incidentes-en-la-marcha-de-jubilados-en-el-congreso-la-policia-arrojo-gases-y-hubo-heridos\/#primaryimage"},"thumbnailUrl":"https:\/\/lobosnews.com.ar\/wp-content\/uploads\/2026\/01\/nuevos-incidentes-en-la-marcha-de-jubilados-en-el-congreso-la-policia-arrojo-gases-y-hubo-heridos.jpg","articleSection":["Actualidad","Argentina","econom\u00eda","inseguridad","masradios.com","nacionales","seguridad","sociedad"],"inLanguage":"es","potentialAction":[{"@type":"CommentAction","name":"Comment","target":["https:\/\/lobosnews.com.ar\/index.php\/2026\/01\/21\/nuevos-incidentes-en-la-marcha-de-jubilados-en-el-congreso-la-policia-arrojo-gases-y-hubo-heridos\/#respond"]}]},{"@type":"WebPage","@id":"https:\/\/lobosnews.com.ar\/index.php\/2026\/01\/21\/nuevos-incidentes-en-la-marcha-de-jubilados-en-el-congreso-la-policia-arrojo-gases-y-hubo-heridos\/","url":"https:\/\/lobosnews.com.ar\/index.php\/2026\/01\/21\/nuevos-incidentes-en-la-marcha-de-jubilados-en-el-congreso-la-policia-arrojo-gases-y-hubo-heridos\/","name":"Nuevos incidentes en la marcha de jubilados en el Congreso: la polic\u00eda arroj\u00f3 gases y hubo heridos - Lobos News","isPartOf":{"@id":"https:\/\/lobosnews.com.ar\/#website"},"primaryImageOfPage":{"@id":"https:\/\/lobosnews.com.ar\/index.php\/2026\/01\/21\/nuevos-incidentes-en-la-marcha-de-jubilados-en-el-congreso-la-policia-arrojo-gases-y-hubo-heridos\/#primaryimage"},"image":{"@id":"https:\/\/lobosnews.com.ar\/index.php\/2026\/01\/21\/nuevos-incidentes-en-la-marcha-de-jubilados-en-el-congreso-la-policia-arrojo-gases-y-hubo-heridos\/#primaryimage"},"thumbnailUrl":"https:\/\/lobosnews.com.ar\/wp-content\/uploads\/2026\/01\/nuevos-incidentes-en-la-marcha-de-jubilados-en-el-congreso-la-policia-arrojo-gases-y-hubo-heridos.jpg","datePublished":"2026-01-21T19:18:57+00:00","dateModified":"2026-01-21T20:37:13+00:00","breadcrumb":{"@id":"https:\/\/lobosnews.com.ar\/index.php\/2026\/01\/21\/nuevos-incidentes-en-la-marcha-de-jubilados-en-el-congreso-la-policia-arrojo-gases-y-hubo-heridos\/#breadcrumb"},"inLanguage":"es","potentialAction":[{"@type":"ReadAction","target":["https:\/\/lobosnews.com.ar\/index.php\/2026\/01\/21\/nuevos-incidentes-en-la-marcha-de-jubilados-en-el-congreso-la-policia-arrojo-gases-y-hubo-heridos\/"]}]},{"@type":"ImageObject","inLanguage":"es","@id":"https:\/\/lobosnews.com.ar\/index.php\/2026\/01\/21\/nuevos-incidentes-en-la-marcha-de-jubilados-en-el-congreso-la-policia-arrojo-gases-y-hubo-heridos\/#primaryimage","url":"https:\/\/lobosnews.com.ar\/wp-content\/uploads\/2026\/01\/nuevos-incidentes-en-la-marcha-de-jubilados-en-el-congreso-la-policia-arrojo-gases-y-hubo-heridos.jpg","contentUrl":"https:\/\/lobosnews.com.ar\/wp-content\/uploads\/2026\/01\/nuevos-incidentes-en-la-marcha-de-jubilados-en-el-congreso-la-policia-arrojo-gases-y-hubo-heridos.jpg","width":1920,"height":1080,"caption":"Nuevos incidentes en la marcha de jubilados en el Congreso: la polic\u00eda arroj\u00f3 gases y hubo heridos"},{"@type":"BreadcrumbList","@id":"https:\/\/lobosnews.com.ar\/index.php\/2026\/01\/21\/nuevos-incidentes-en-la-marcha-de-jubilados-en-el-congreso-la-policia-arrojo-gases-y-hubo-heridos\/#breadcrumb","itemListElement":[{"@type":"ListItem","position":1,"name":"Portada","item":"https:\/\/lobosnews.com.ar\/"},{"@type":"ListItem","position":2,"name":"Nuevos incidentes en la marcha de jubilados en el Congreso: la polic\u00eda arroj\u00f3 gases y hubo heridos"}]},{"@type":"WebSite","@id":"https:\/\/lobosnews.com.ar\/#website","url":"https:\/\/lobosnews.com.ar\/","name":"Lobos News","description":"Informaci\u00f3n a cada instante","publisher":{"@id":"https:\/\/lobosnews.com.ar\/#organization"},"potentialAction":[{"@type":"SearchAction","target":{"@type":"EntryPoint","urlTemplate":"https:\/\/lobosnews.com.ar\/?s={search_term_string}"},"query-input":{"@type":"PropertyValueSpecification","valueRequired":true,"valueName":"search_term_string"}}],"inLanguage":"es"},{"@type":"Organization","@id":"https:\/\/lobosnews.com.ar\/#organization","name":"Lobos News","url":"https:\/\/lobosnews.com.ar\/","logo":{"@type":"ImageObject","inLanguage":"es","@id":"https:\/\/lobosnews.com.ar\/#\/schema\/logo\/image\/","url":"https:\/\/lobosnews.com.ar\/wp-content\/uploads\/2026\/01\/logo-lobosnews.png","contentUrl":"https:\/\/lobosnews.com.ar\/wp-content\/uploads\/2026\/01\/logo-lobosnews.png","width":500,"height":200,"caption":"Lobos News"},"image":{"@id":"https:\/\/lobosnews.com.ar\/#\/schema\/logo\/image\/"}},{"@type":"Person","@id":"https:\/\/lobosnews.com.ar\/#\/schema\/person\/232422a593d5c541dd9aef6aaed10943","name":"admin","image":{"@type":"ImageObject","inLanguage":"es","@id":"https:\/\/lobosnews.com.ar\/#\/schema\/person\/image\/","url":"https:\/\/secure.gravatar.com\/avatar\/76e419471a2083bc3ceab22a763dbbf9b0c1bd15a6214cf3280e2c2dde4580f9?s=96&d=mm&r=g","contentUrl":"https:\/\/secure.gravatar.com\/avatar\/76e419471a2083bc3ceab22a763dbbf9b0c1bd15a6214cf3280e2c2dde4580f9?s=96&d=mm&r=g","caption":"admin"},"sameAs":["https:\/\/lobosnews.com.ar"],"url":"https:\/\/lobosnews.com.ar\/index.php\/author\/lobos-news\/"}]}},"jetpack_featured_media_url":"https:\/\/lobosnews.com.ar\/wp-content\/uploads\/2026\/01\/nuevos-incidentes-en-la-marcha-de-jubilados-en-el-congreso-la-policia-arrojo-gases-y-hubo-heridos.jpg","jetpack_sharing_enabled":true,"_links":{"self":[{"href":"https:\/\/lobosnews.com.ar\/index.php\/wp-json\/wp\/v2\/posts\/9720","targetHints":{"allow":["GET"]}}],"collection":[{"href":"https:\/\/lobosnews.com.ar\/index.php\/wp-json\/wp\/v2\/posts"}],"about":[{"href":"https:\/\/lobosnews.com.ar\/index.php\/wp-json\/wp\/v2\/types\/post"}],"author":[{"embeddable":true,"href":"https:\/\/lobosnews.com.ar\/index.php\/wp-json\/wp\/v2\/users\/1"}],"replies":[{"embeddable":true,"href":"https:\/\/lobosnews.com.ar\/index.php\/wp-json\/wp\/v2\/comments?post=9720"}],"version-history":[{"count":1,"href":"https:\/\/lobosnews.com.ar\/index.php\/wp-json\/wp\/v2\/posts\/9720\/revisions"}],"predecessor-version":[{"id":9722,"href":"https:\/\/lobosnews.com.ar\/index.php\/wp-json\/wp\/v2\/posts\/9720\/revisions\/9722"}],"wp:featuredmedia":[{"embeddable":true,"href":"https:\/\/lobosnews.com.ar\/index.php\/wp-json\/wp\/v2\/media\/9723"}],"wp:attachment":[{"href":"https:\/\/lobosnews.com.ar\/index.php\/wp-json\/wp\/v2\/media?parent=9720"}],"wp:term":[{"taxonomy":"category","embeddable":true,"href":"https:\/\/lobosnews.com.ar\/index.php\/wp-json\/wp\/v2\/categories?post=9720"},{"taxonomy":"post_tag","embeddable":true,"href":"https:\/\/lobosnews.com.ar\/index.php\/wp-json\/wp\/v2\/tags?post=9720"}],"curies":[{"name":"wp","href":"https:\/\/api.w.org\/{rel}","templated":true}]}}