{"id":97184,"date":"2026-09-03T19:38:54","date_gmt":"2026-09-03T19:38:54","guid":{"rendered":"https:\/\/lobosnews.com.ar\/?p=97184"},"modified":"2026-09-03T21:41:43","modified_gmt":"2026-09-03T21:41:43","slug":"sigue-la-busqueda-de-mariano-martinez-la-foto-que-recibieron-los-padres-y-el-operativo-que-se-activo-en-cordoba","status":"publish","type":"post","link":"https:\/\/lobosnews.com.ar\/index.php\/2026\/09\/03\/sigue-la-busqueda-de-mariano-martinez-la-foto-que-recibieron-los-padres-y-el-operativo-que-se-activo-en-cordoba\/","title":{"rendered":"Sigue la b\u00fasqueda de Mariano Mart\u00ednez: la foto que recibieron los padres y el operativo que se activ\u00f3 en C\u00f3rdoba"},"content":{"rendered":"<p><img loading=\"lazy\" decoding=\"async\" src=\"https:\/\/lobosnews.com.ar\/wp-content\/uploads\/2026\/09\/sigue-la-busqueda-de-mariano-martinez-la-foto-que-recibieron-los-padres-y-el-operativo-que-se-activo-en-cordoba.jpg\" alt=\"Sigue la b\u00fasqueda de Mariano Mart\u00ednez y se activ\u00f3 un operativo en C\u00f3rdoba\" height=\"401\" width=\"713\"\/><\/p>\n<p>Desde el lunes 31 de agosto no se tienen noticias de <span class=\"waslinkname\"><b>Mariano Mart\u00ednez<\/b><\/span>, un joven de 21 a\u00f1os que desapareci\u00f3 despu\u00e9s de salir de la <b>Facultad de Arquitectura y Urbanismo de la Universidad Nacional de La Plata (UNLP)<\/b>, adonde acudi\u00f3 para entregar un trabajo. Aunque la b\u00fasqueda est\u00e1 en curso, los padres declararon este jueves, poco despu\u00e9s de las 14:30, que recibieron <b>una imagen desde la provincia de C\u00f3rdoba que muestra a su hijo caminando en la calle<\/b>. Como la foto corresponder\u00eda al martes, todav\u00eda no se confirm\u00f3 oficialmente que hubiera sido encontrado.<\/p>\n<p>El padre dijo: <b>\u201cLa foto me la pas\u00f3 solamente el de la DDI y me pregunt\u00f3: \u2018S\u00ed, ese es Mariano, el de la foto\u2019\u201d<\/b>. En conversaci\u00f3n con la prensa, sum\u00f3: \u201cLa foto se\u00f1ala que fue tomada el martes, es lo m\u00e1s reciente que tenemos hasta ahora\u201d. El instante corresponde al momento en que el joven acudi\u00f3 a un local de sushi para buscar empleo y dej\u00f3 su curr\u00edculum.<\/p>\n<p>Los padres aseguraron que la persona de la imagen era efectivamente Mariano, aunque no obtuvieron m\u00e1s informaci\u00f3n ni tampoco una confirmaci\u00f3n oficial de que lo hubieran encontrado hoy.<\/p>\n<p>Seg\u00fan le confirmaron fuentes oficiales a <b>Infobae<\/b>, hasta el momento no hay ning\u00fan tipo de informaci\u00f3n oficial sobre el paradero de Mariano. Al no haber una denuncia sobre desaparici\u00f3n, no se hab\u00eda activado ning\u00fan protocolo de b\u00fasqueda. Sin embargo, al tomar conocimiento del caso, el ministro de Seguridad de la provincia, <b>Juan Pablo Quinteros<\/b>, lleva a cabo un relevamiento de las c\u00e1maras de seguridad y de tomar declaraciones de las personas que aseguraron haberlo visto.<\/p>\n<p><img loading=\"lazy\" decoding=\"async\" src=\"https:\/\/lobosnews.com.ar\/wp-content\/uploads\/2026\/09\/sigue-la-busqueda-de-mariano-martinez-la-foto-que-recibieron-los-padres-y-el-operativo-que-se-activo-en-cordoba-1.jpg\" alt=\"La b\u00fasqueda de Mariano Mart\u00ednez se concentra en C\u00f3rdoba tras una foto que sus padres identificaron como la imagen m\u00e1s reciente del estudiante de La Plata\" height=\"513\" width=\"644\"\/><\/p>\n<p>El padre, en di\u00e1logo con <i>Am\u00e9rica<\/i>, cont\u00f3 que a ellos les hab\u00eda llegado el dato de que su hijo se hab\u00eda presentado en dos comisar\u00edas en C\u00f3rdoba, primero en la 6 y luego en la 26. En la primera, al no estar notificados de la b\u00fasqueda, \u201cno le dieron bolilla\u201d. Sin embargo, <b>fuentes oficiales confirmaron a este medio que no se present\u00f3 a ninguna comisar\u00eda.<\/b><\/p>\n<p><b>\u201cNosotros fuimos a vacacionar muchas veces ah\u00ed a C\u00f3rdoba, and\u00e1bamos en canoa ah\u00ed. \u00cdbamos a General Belgrano, fueron vacaciones lindas. Seguramente ah\u00ed se sent\u00eda bien y fue a buscar una paz\u201d<\/b>, dijo Alicia, la madre, sobre por qu\u00e9 podr\u00eda haber elegido dicha ciudad.<\/p>\n<p>Tambi\u00e9n agreg\u00f3 que no era de tener este tipo de conductas, pero que \u201cse sentir\u00eda muy mal y necesitaba aire fresco\u201d. <b>\u201cNo nos lo pudo explicar a nosotros\u201d<\/b>, remarc\u00f3.<\/p>\n<p>\u201c<b>Yo mand\u00e9 a un familiar a la comisar\u00eda para ver qu\u00e9 est\u00e1n hablando, pero hay varios llamados<\/b>\u201d, dijo Alicia sobre c\u00f3mo seguir\u00e1 el operativo de b\u00fasqueda en C\u00f3rdoba. A lo largo de la jornada han recibido comunicaciones y mensajes de distintas fuerzas de seguridad y fiscal\u00eda.<\/p>\n<p><img loading=\"lazy\" decoding=\"async\" src=\"https:\/\/lobosnews.com.ar\/wp-content\/uploads\/2026\/09\/sigue-la-busqueda-de-mariano-martinez-la-foto-que-recibieron-los-padres-y-el-operativo-que-se-activo-en-cordoba-2.jpg\" alt=\"Fuentes oficiales afirmaron que no hay informaci\u00f3n oficial sobre el paradero de Mariano Mart\u00ednez y que no se activ\u00f3 un protocolo por falta de denuncia de desaparici\u00f3n\" height=\"675\" width=\"1200\"\/><\/p>\n<p>Asegur\u00f3 que probablemente no les dej\u00f3 un mensaje porque tiene decidido quedarse all\u00e1. \u201cMe parece raro que no se haya llevado ropa, nada, si \u00e9l tiene decidido irse a vivir. <b>Si busca trabajo es porque se quiere ir a vivir all\u00e1<\/b>\u201d, asegur\u00f3.<\/p>\n<p>\u201cLo bueno que tenemos del d\u00eda martes es que \u00e9l est\u00e1 queriendo buscar un trabajo, est\u00e1 presentando un curr\u00edculum. Porque la gente dijo eso, pero no le cre\u00edamos. Pero apareci\u00f3 en C\u00f3rdoba con la filmaci\u00f3n, con la fecha arriba en la c\u00e1mara. Y la foto, olv\u00eddate de que es \u00e9l. No es algo que lo trucaron. Tenemos las im\u00e1genes de que est\u00e1 caminando en Punta Lara y tiene el mismo pullover de hilo negro con cuello en blanco. Es \u00e9l, no es una foto trucada ni nada, est\u00e1 en C\u00f3rdoba\u201d, dijo Gustavo con la expectativa de que lo encuentren en C\u00f3rdoba.<\/p>\n<p>\u201cNosotros queremos que vuelva. Si se quiere ir a vivir a C\u00f3rdoba, lo ayudaremos. Yo quiero que la familia est\u00e9 junta; si es necesario, nos vamos a vivir todos juntos a C\u00f3rdoba\u201d, agreg\u00f3.<\/p>\n<p>En cuanto a su b\u00fasqueda de trabajo, en <i>A24<\/i> se contactaron con Sof\u00eda, quien trabaja en Sushi Board de Cofico, lugar en el que Mariano habr\u00eda dejado el curr\u00edculum. <b>\u201cVino a dejarme un curr\u00edculum. Ten\u00eda el nombre de Juliana Silva y \u00e9l lo tach\u00f3 y puso arriba, a mano, Mariano Mart\u00ednez\u201d<\/b>, cont\u00f3.<\/p>\n<p>A Sof\u00eda le extra\u00f1\u00f3 que el documento estuviese a nombre de una mujer, pero ten\u00eda la foto del estudiante. \u201cA m\u00ed lo primero que me llam\u00f3 la atenci\u00f3n fue el nombre tachado. Yo le pregunt\u00e9 por qu\u00e9 estaba tachado o qu\u00e9 hab\u00eda pasado <b>y \u00e9l me dijo que la hermana se hab\u00eda confundido\u201d, agreg\u00f3.<\/b><\/p>\n<p>En la hoja, tampoco indicaba el n\u00famero de tel\u00e9fono de contacto ni la direcci\u00f3n de su domicilio y, cuando Sof\u00eda le pregunt\u00f3, Mariano se excus\u00f3 diciendo que se hab\u00eda mudado \u201chac\u00eda poco\u201d a C\u00f3rdoba, <b>\u201cque viv\u00eda en la casa de una t\u00eda, a unas cuadras del local\u201d<\/b>, y que estudiaba en la universidad de Mar del Plata. Adem\u00e1s, el chico <b>argument\u00f3 que no ten\u00eda celular, porque \u201cse le hab\u00eda roto\u201d.<\/b><\/p>\n<p>Durante toda la interacci\u00f3n, la empleada pudo observar que Mariano <b>\u201cestaba bien, l\u00facido y que se pod\u00eda hablar con \u00e9l\u201d<\/b>, y que adem\u00e1s era \u201cmuy respetuoso y estaba bien f\u00edsicamente\u201d, por lo que el detalle del nombre tachado no levant\u00f3 sospechas.<\/p>\n<p>La joven no se enter\u00f3 de que hab\u00eda conversado con el estudiante de La Plata desaparecido hasta \u201cesta ma\u00f1ana\u201d, despu\u00e9s de haber enviado la foto y los datos a Recursos Humanos. <b>\u201cEl encargado me dijo: \u2018\u00bfviste que lo est\u00e1n buscando en las noticias?\u2019. Yo me puse a ver y era verdad, coincid\u00edan el nombre con el curr\u00edculum y la foto\u00bb.<\/b><\/p>\n","protected":false},"excerpt":{"rendered":"<p>Desde el lunes 31 de agosto no se tienen noticias de Mariano Mart\u00ednez, un joven de 21 a\u00f1os que desapareci\u00f3 despu\u00e9s de salir de la Facultad de Arquitectura y Urbanismo de la Universidad Nacional de La Plata (UNLP), adonde acudi\u00f3 para entregar un trabajo. Aunque la b\u00fasqueda est\u00e1 en curso, los padres declararon este jueves,&#8230;<\/p>\n","protected":false},"author":1,"featured_media":97189,"comment_status":"open","ping_status":"closed","sticky":false,"template":"","format":"standard","meta":{"_jetpack_newsletter_access":"","_jetpack_dont_email_post_to_subs":false,"_jetpack_newsletter_tier_id":0,"_jetpack_memberships_contains_paywalled_content":false,"_jetpack_memberships_contains_paid_content":false,"footnotes":"","jetpack_post_was_ever_published":false},"categories":[31,30,32,77,84,35,36,37],"tags":[],"class_list":["post-97184","post","type-post","status-publish","format-standard","has-post-thumbnail","hentry","category-actualidad","category-argentina","category-economia","category-inseguridad","category-masradios-com","category-nacionales","category-seguridad","category-sociedad"],"magazineBlocksPostFeaturedMedia":{"thumbnail":"https:\/\/lobosnews.com.ar\/wp-content\/uploads\/2026\/09\/sigue-la-busqueda-de-mariano-martinez-la-foto-que-recibieron-los-padres-y-el-operativo-que-se-activo-en-cordoba-4-150x150.jpg","medium":"https:\/\/lobosnews.com.ar\/wp-content\/uploads\/2026\/09\/sigue-la-busqueda-de-mariano-martinez-la-foto-que-recibieron-los-padres-y-el-operativo-que-se-activo-en-cordoba-4-300x169.jpg","medium_large":"https:\/\/lobosnews.com.ar\/wp-content\/uploads\/2026\/09\/sigue-la-busqueda-de-mariano-martinez-la-foto-que-recibieron-los-padres-y-el-operativo-que-se-activo-en-cordoba-4-768x432.jpg","large":"https:\/\/lobosnews.com.ar\/wp-content\/uploads\/2026\/09\/sigue-la-busqueda-de-mariano-martinez-la-foto-que-recibieron-los-padres-y-el-operativo-que-se-activo-en-cordoba-4-1024x576.jpg","1536x1536":"https:\/\/lobosnews.com.ar\/wp-content\/uploads\/2026\/09\/sigue-la-busqueda-de-mariano-martinez-la-foto-que-recibieron-los-padres-y-el-operativo-que-se-activo-en-cordoba-4.jpg","2048x2048":"https:\/\/lobosnews.com.ar\/wp-content\/uploads\/2026\/09\/sigue-la-busqueda-de-mariano-martinez-la-foto-que-recibieron-los-padres-y-el-operativo-que-se-activo-en-cordoba-4.jpg","newsmatic-featured":"https:\/\/lobosnews.com.ar\/wp-content\/uploads\/2026\/09\/sigue-la-busqueda-de-mariano-martinez-la-foto-que-recibieron-los-padres-y-el-operativo-que-se-activo-en-cordoba-4-820x545.jpg","newsmatic-list":"https:\/\/lobosnews.com.ar\/wp-content\/uploads\/2026\/09\/sigue-la-busqueda-de-mariano-martinez-la-foto-que-recibieron-los-padres-y-el-operativo-que-se-activo-en-cordoba-4-600x400.jpg","newsmatic-thumb":"https:\/\/lobosnews.com.ar\/wp-content\/uploads\/2026\/09\/sigue-la-busqueda-de-mariano-martinez-la-foto-que-recibieron-los-padres-y-el-operativo-que-se-activo-en-cordoba-4-300x200.jpg","newsmatic-small":"https:\/\/lobosnews.com.ar\/wp-content\/uploads\/2026\/09\/sigue-la-busqueda-de-mariano-martinez-la-foto-que-recibieron-los-padres-y-el-operativo-que-se-activo-en-cordoba-4-150x95.jpg","newsmatic-grid":"https:\/\/lobosnews.com.ar\/wp-content\/uploads\/2026\/09\/sigue-la-busqueda-de-mariano-martinez-la-foto-que-recibieron-los-padres-y-el-operativo-que-se-activo-en-cordoba-4-400x250.jpg"},"magazineBlocksPostAuthor":{"name":"admin","avatar":"https:\/\/secure.gravatar.com\/avatar\/76e419471a2083bc3ceab22a763dbbf9b0c1bd15a6214cf3280e2c2dde4580f9?s=96&d=mm&r=g"},"magazineBlocksPostCommentsNumber":"0","magazineBlocksPostExcerpt":"Desde el lunes 31 de agosto no se tienen noticias de Mariano Mart\u00ednez, un joven de 21 a\u00f1os que desapareci\u00f3 despu\u00e9s de salir de la Facultad de Arquitectura y Urbanismo de la Universidad Nacional de La Plata (UNLP), adonde acudi\u00f3 para entregar un trabajo. Aunque la b\u00fasqueda est\u00e1 en curso, los padres declararon este jueves,...","magazineBlocksPostCategories":["Actualidad","Argentina","econom\u00eda","inseguridad","masradios.com","nacionales","seguridad","sociedad"],"magazineBlocksPostViewCount":67,"magazineBlocksPostReadTime":5,"magazine_blocks_featured_image_url":{"full":["https:\/\/lobosnews.com.ar\/wp-content\/uploads\/2026\/09\/sigue-la-busqueda-de-mariano-martinez-la-foto-que-recibieron-los-padres-y-el-operativo-que-se-activo-en-cordoba-4.jpg",1200,675,false],"medium":["https:\/\/lobosnews.com.ar\/wp-content\/uploads\/2026\/09\/sigue-la-busqueda-de-mariano-martinez-la-foto-que-recibieron-los-padres-y-el-operativo-que-se-activo-en-cordoba-4-300x169.jpg",300,169,true],"thumbnail":["https:\/\/lobosnews.com.ar\/wp-content\/uploads\/2026\/09\/sigue-la-busqueda-de-mariano-martinez-la-foto-que-recibieron-los-padres-y-el-operativo-que-se-activo-en-cordoba-4-150x150.jpg",150,150,true]},"magazine_blocks_author":{"display_name":"admin","author_link":"https:\/\/lobosnews.com.ar\/index.php\/author\/lobos-news\/"},"magazine_blocks_comment":0,"magazine_blocks_author_image":"https:\/\/secure.gravatar.com\/avatar\/76e419471a2083bc3ceab22a763dbbf9b0c1bd15a6214cf3280e2c2dde4580f9?s=96&d=mm&r=g","magazine_blocks_category":"<a href=\"#\" class=\"category-link category-link-31\">Actualidad<\/a> <a href=\"#\" class=\"category-link category-link-30\">Argentina<\/a> <a href=\"#\" class=\"category-link category-link-32\">econom\u00eda<\/a> <a href=\"#\" class=\"category-link category-link-77\">inseguridad<\/a> <a href=\"#\" class=\"category-link category-link-84\">masradios.com<\/a> <a href=\"#\" class=\"category-link category-link-35\">nacionales<\/a> <a href=\"#\" class=\"category-link category-link-36\">seguridad<\/a> <a href=\"#\" class=\"category-link category-link-37\">sociedad<\/a>","yoast_head":"<!-- This site is optimized with the Yoast SEO plugin v28.0 - https:\/\/yoast.com\/product\/yoast-seo-wordpress\/ -->\n<title>Sigue la b\u00fasqueda de Mariano Mart\u00ednez: la foto que recibieron los padres y el operativo que se activ\u00f3 en C\u00f3rdoba - Lobos News<\/title>\n<meta name=\"robots\" content=\"index, follow, max-snippet:-1, max-image-preview:large, max-video-preview:-1\" \/>\n<link rel=\"canonical\" href=\"https:\/\/lobosnews.com.ar\/index.php\/2026\/09\/03\/sigue-la-busqueda-de-mariano-martinez-la-foto-que-recibieron-los-padres-y-el-operativo-que-se-activo-en-cordoba\/\" \/>\n<meta property=\"og:locale\" content=\"es_ES\" \/>\n<meta property=\"og:type\" content=\"article\" \/>\n<meta property=\"og:title\" content=\"Sigue la b\u00fasqueda de Mariano Mart\u00ednez: la foto que recibieron los padres y el operativo que se activ\u00f3 en C\u00f3rdoba - Lobos News\" \/>\n<meta property=\"og:description\" content=\"Desde el lunes 31 de agosto no se tienen noticias de Mariano Mart\u00ednez, un joven de 21 a\u00f1os que desapareci\u00f3 despu\u00e9s de salir de la Facultad de Arquitectura y Urbanismo de la Universidad Nacional de La Plata (UNLP), adonde acudi\u00f3 para entregar un trabajo. Aunque la b\u00fasqueda est\u00e1 en curso, los padres declararon este jueves,...\" \/>\n<meta property=\"og:url\" content=\"https:\/\/lobosnews.com.ar\/index.php\/2026\/09\/03\/sigue-la-busqueda-de-mariano-martinez-la-foto-que-recibieron-los-padres-y-el-operativo-que-se-activo-en-cordoba\/\" \/>\n<meta property=\"og:site_name\" content=\"Lobos News\" \/>\n<meta property=\"article:published_time\" content=\"2026-09-03T19:38:54+00:00\" \/>\n<meta property=\"article:modified_time\" content=\"2026-09-03T21:41:43+00:00\" \/>\n<meta property=\"og:image\" content=\"https:\/\/lobosnews.com.ar\/wp-content\/uploads\/2026\/09\/sigue-la-busqueda-de-mariano-martinez-la-foto-que-recibieron-los-padres-y-el-operativo-que-se-activo-en-cordoba-4.jpg\" \/>\n\t<meta property=\"og:image:width\" content=\"1200\" \/>\n\t<meta property=\"og:image:height\" content=\"675\" \/>\n\t<meta property=\"og:image:type\" content=\"image\/jpeg\" \/>\n<meta name=\"author\" content=\"admin\" \/>\n<meta name=\"twitter:card\" content=\"summary_large_image\" \/>\n<meta name=\"twitter:label1\" content=\"Escrito por\" \/>\n\t<meta name=\"twitter:data1\" content=\"admin\" \/>\n\t<meta name=\"twitter:label2\" content=\"Tiempo de lectura\" \/>\n\t<meta name=\"twitter:data2\" content=\"5 minutos\" \/>\n<script type=\"application\/ld+json\" class=\"yoast-schema-graph\">{\"@context\":\"https:\\\/\\\/schema.org\",\"@graph\":[{\"@type\":\"Article\",\"@id\":\"https:\\\/\\\/lobosnews.com.ar\\\/index.php\\\/2026\\\/09\\\/03\\\/sigue-la-busqueda-de-mariano-martinez-la-foto-que-recibieron-los-padres-y-el-operativo-que-se-activo-en-cordoba\\\/#article\",\"isPartOf\":{\"@id\":\"https:\\\/\\\/lobosnews.com.ar\\\/index.php\\\/2026\\\/09\\\/03\\\/sigue-la-busqueda-de-mariano-martinez-la-foto-que-recibieron-los-padres-y-el-operativo-que-se-activo-en-cordoba\\\/\"},\"author\":{\"name\":\"admin\",\"@id\":\"https:\\\/\\\/lobosnews.com.ar\\\/#\\\/schema\\\/person\\\/232422a593d5c541dd9aef6aaed10943\"},\"headline\":\"Sigue la b\u00fasqueda de Mariano Mart\u00ednez: la foto que recibieron los padres y el operativo que se activ\u00f3 en C\u00f3rdoba\",\"datePublished\":\"2026-09-03T19:38:54+00:00\",\"dateModified\":\"2026-09-03T21:41:43+00:00\",\"mainEntityOfPage\":{\"@id\":\"https:\\\/\\\/lobosnews.com.ar\\\/index.php\\\/2026\\\/09\\\/03\\\/sigue-la-busqueda-de-mariano-martinez-la-foto-que-recibieron-los-padres-y-el-operativo-que-se-activo-en-cordoba\\\/\"},\"wordCount\":1008,\"commentCount\":0,\"publisher\":{\"@id\":\"https:\\\/\\\/lobosnews.com.ar\\\/#organization\"},\"image\":{\"@id\":\"https:\\\/\\\/lobosnews.com.ar\\\/index.php\\\/2026\\\/09\\\/03\\\/sigue-la-busqueda-de-mariano-martinez-la-foto-que-recibieron-los-padres-y-el-operativo-que-se-activo-en-cordoba\\\/#primaryimage\"},\"thumbnailUrl\":\"https:\\\/\\\/lobosnews.com.ar\\\/wp-content\\\/uploads\\\/2026\\\/09\\\/sigue-la-busqueda-de-mariano-martinez-la-foto-que-recibieron-los-padres-y-el-operativo-que-se-activo-en-cordoba-4.jpg\",\"articleSection\":[\"Actualidad\",\"Argentina\",\"econom\u00eda\",\"inseguridad\",\"masradios.com\",\"nacionales\",\"seguridad\",\"sociedad\"],\"inLanguage\":\"es\",\"potentialAction\":[{\"@type\":\"CommentAction\",\"name\":\"Comment\",\"target\":[\"https:\\\/\\\/lobosnews.com.ar\\\/index.php\\\/2026\\\/09\\\/03\\\/sigue-la-busqueda-de-mariano-martinez-la-foto-que-recibieron-los-padres-y-el-operativo-que-se-activo-en-cordoba\\\/#respond\"]}]},{\"@type\":\"WebPage\",\"@id\":\"https:\\\/\\\/lobosnews.com.ar\\\/index.php\\\/2026\\\/09\\\/03\\\/sigue-la-busqueda-de-mariano-martinez-la-foto-que-recibieron-los-padres-y-el-operativo-que-se-activo-en-cordoba\\\/\",\"url\":\"https:\\\/\\\/lobosnews.com.ar\\\/index.php\\\/2026\\\/09\\\/03\\\/sigue-la-busqueda-de-mariano-martinez-la-foto-que-recibieron-los-padres-y-el-operativo-que-se-activo-en-cordoba\\\/\",\"name\":\"Sigue la b\u00fasqueda de Mariano Mart\u00ednez: la foto que recibieron los padres y el operativo que se activ\u00f3 en C\u00f3rdoba - Lobos News\",\"isPartOf\":{\"@id\":\"https:\\\/\\\/lobosnews.com.ar\\\/#website\"},\"primaryImageOfPage\":{\"@id\":\"https:\\\/\\\/lobosnews.com.ar\\\/index.php\\\/2026\\\/09\\\/03\\\/sigue-la-busqueda-de-mariano-martinez-la-foto-que-recibieron-los-padres-y-el-operativo-que-se-activo-en-cordoba\\\/#primaryimage\"},\"image\":{\"@id\":\"https:\\\/\\\/lobosnews.com.ar\\\/index.php\\\/2026\\\/09\\\/03\\\/sigue-la-busqueda-de-mariano-martinez-la-foto-que-recibieron-los-padres-y-el-operativo-que-se-activo-en-cordoba\\\/#primaryimage\"},\"thumbnailUrl\":\"https:\\\/\\\/lobosnews.com.ar\\\/wp-content\\\/uploads\\\/2026\\\/09\\\/sigue-la-busqueda-de-mariano-martinez-la-foto-que-recibieron-los-padres-y-el-operativo-que-se-activo-en-cordoba-4.jpg\",\"datePublished\":\"2026-09-03T19:38:54+00:00\",\"dateModified\":\"2026-09-03T21:41:43+00:00\",\"breadcrumb\":{\"@id\":\"https:\\\/\\\/lobosnews.com.ar\\\/index.php\\\/2026\\\/09\\\/03\\\/sigue-la-busqueda-de-mariano-martinez-la-foto-que-recibieron-los-padres-y-el-operativo-que-se-activo-en-cordoba\\\/#breadcrumb\"},\"inLanguage\":\"es\",\"potentialAction\":[{\"@type\":\"ReadAction\",\"target\":[\"https:\\\/\\\/lobosnews.com.ar\\\/index.php\\\/2026\\\/09\\\/03\\\/sigue-la-busqueda-de-mariano-martinez-la-foto-que-recibieron-los-padres-y-el-operativo-que-se-activo-en-cordoba\\\/\"]}]},{\"@type\":\"ImageObject\",\"inLanguage\":\"es\",\"@id\":\"https:\\\/\\\/lobosnews.com.ar\\\/index.php\\\/2026\\\/09\\\/03\\\/sigue-la-busqueda-de-mariano-martinez-la-foto-que-recibieron-los-padres-y-el-operativo-que-se-activo-en-cordoba\\\/#primaryimage\",\"url\":\"https:\\\/\\\/lobosnews.com.ar\\\/wp-content\\\/uploads\\\/2026\\\/09\\\/sigue-la-busqueda-de-mariano-martinez-la-foto-que-recibieron-los-padres-y-el-operativo-que-se-activo-en-cordoba-4.jpg\",\"contentUrl\":\"https:\\\/\\\/lobosnews.com.ar\\\/wp-content\\\/uploads\\\/2026\\\/09\\\/sigue-la-busqueda-de-mariano-martinez-la-foto-que-recibieron-los-padres-y-el-operativo-que-se-activo-en-cordoba-4.jpg\",\"width\":1200,\"height\":675,\"caption\":\"Sigue la b\u00fasqueda de Mariano Mart\u00ednez: la foto que recibieron los padres y el operativo que se activ\u00f3 en C\u00f3rdoba\"},{\"@type\":\"BreadcrumbList\",\"@id\":\"https:\\\/\\\/lobosnews.com.ar\\\/index.php\\\/2026\\\/09\\\/03\\\/sigue-la-busqueda-de-mariano-martinez-la-foto-que-recibieron-los-padres-y-el-operativo-que-se-activo-en-cordoba\\\/#breadcrumb\",\"itemListElement\":[{\"@type\":\"ListItem\",\"position\":1,\"name\":\"Portada\",\"item\":\"https:\\\/\\\/lobosnews.com.ar\\\/\"},{\"@type\":\"ListItem\",\"position\":2,\"name\":\"Sigue la b\u00fasqueda de Mariano Mart\u00ednez: la foto que recibieron los padres y el operativo que se activ\u00f3 en C\u00f3rdoba\"}]},{\"@type\":\"WebSite\",\"@id\":\"https:\\\/\\\/lobosnews.com.ar\\\/#website\",\"url\":\"https:\\\/\\\/lobosnews.com.ar\\\/\",\"name\":\"Lobos News\",\"description\":\"Informaci\u00f3n a cada instante\",\"publisher\":{\"@id\":\"https:\\\/\\\/lobosnews.com.ar\\\/#organization\"},\"potentialAction\":[{\"@type\":\"SearchAction\",\"target\":{\"@type\":\"EntryPoint\",\"urlTemplate\":\"https:\\\/\\\/lobosnews.com.ar\\\/?s={search_term_string}\"},\"query-input\":{\"@type\":\"PropertyValueSpecification\",\"valueRequired\":true,\"valueName\":\"search_term_string\"}}],\"inLanguage\":\"es\"},{\"@type\":\"Organization\",\"@id\":\"https:\\\/\\\/lobosnews.com.ar\\\/#organization\",\"name\":\"Lobos News\",\"url\":\"https:\\\/\\\/lobosnews.com.ar\\\/\",\"logo\":{\"@type\":\"ImageObject\",\"inLanguage\":\"es\",\"@id\":\"https:\\\/\\\/lobosnews.com.ar\\\/#\\\/schema\\\/logo\\\/image\\\/\",\"url\":\"https:\\\/\\\/lobosnews.com.ar\\\/wp-content\\\/uploads\\\/2026\\\/01\\\/logo-lobosnews.png\",\"contentUrl\":\"https:\\\/\\\/lobosnews.com.ar\\\/wp-content\\\/uploads\\\/2026\\\/01\\\/logo-lobosnews.png\",\"width\":500,\"height\":200,\"caption\":\"Lobos News\"},\"image\":{\"@id\":\"https:\\\/\\\/lobosnews.com.ar\\\/#\\\/schema\\\/logo\\\/image\\\/\"}},{\"@type\":\"Person\",\"@id\":\"https:\\\/\\\/lobosnews.com.ar\\\/#\\\/schema\\\/person\\\/232422a593d5c541dd9aef6aaed10943\",\"name\":\"admin\",\"image\":{\"@type\":\"ImageObject\",\"inLanguage\":\"es\",\"@id\":\"https:\\\/\\\/secure.gravatar.com\\\/avatar\\\/76e419471a2083bc3ceab22a763dbbf9b0c1bd15a6214cf3280e2c2dde4580f9?s=96&d=mm&r=g\",\"url\":\"https:\\\/\\\/secure.gravatar.com\\\/avatar\\\/76e419471a2083bc3ceab22a763dbbf9b0c1bd15a6214cf3280e2c2dde4580f9?s=96&d=mm&r=g\",\"contentUrl\":\"https:\\\/\\\/secure.gravatar.com\\\/avatar\\\/76e419471a2083bc3ceab22a763dbbf9b0c1bd15a6214cf3280e2c2dde4580f9?s=96&d=mm&r=g\",\"caption\":\"admin\"},\"sameAs\":[\"https:\\\/\\\/lobosnews.com.ar\"],\"url\":\"https:\\\/\\\/lobosnews.com.ar\\\/index.php\\\/author\\\/lobos-news\\\/\"}]}<\/script>\n<!-- \/ Yoast SEO plugin. -->","yoast_head_json":{"title":"Sigue la b\u00fasqueda de Mariano Mart\u00ednez: la foto que recibieron los padres y el operativo que se activ\u00f3 en C\u00f3rdoba - Lobos News","robots":{"index":"index","follow":"follow","max-snippet":"max-snippet:-1","max-image-preview":"max-image-preview:large","max-video-preview":"max-video-preview:-1"},"canonical":"https:\/\/lobosnews.com.ar\/index.php\/2026\/09\/03\/sigue-la-busqueda-de-mariano-martinez-la-foto-que-recibieron-los-padres-y-el-operativo-que-se-activo-en-cordoba\/","og_locale":"es_ES","og_type":"article","og_title":"Sigue la b\u00fasqueda de Mariano Mart\u00ednez: la foto que recibieron los padres y el operativo que se activ\u00f3 en C\u00f3rdoba - Lobos News","og_description":"Desde el lunes 31 de agosto no se tienen noticias de Mariano Mart\u00ednez, un joven de 21 a\u00f1os que desapareci\u00f3 despu\u00e9s de salir de la Facultad de Arquitectura y Urbanismo de la Universidad Nacional de La Plata (UNLP), adonde acudi\u00f3 para entregar un trabajo. Aunque la b\u00fasqueda est\u00e1 en curso, los padres declararon este jueves,...","og_url":"https:\/\/lobosnews.com.ar\/index.php\/2026\/09\/03\/sigue-la-busqueda-de-mariano-martinez-la-foto-que-recibieron-los-padres-y-el-operativo-que-se-activo-en-cordoba\/","og_site_name":"Lobos News","article_published_time":"2026-09-03T19:38:54+00:00","article_modified_time":"2026-09-03T21:41:43+00:00","og_image":[{"width":1200,"height":675,"url":"https:\/\/lobosnews.com.ar\/wp-content\/uploads\/2026\/09\/sigue-la-busqueda-de-mariano-martinez-la-foto-que-recibieron-los-padres-y-el-operativo-que-se-activo-en-cordoba-4.jpg","type":"image\/jpeg"}],"author":"admin","twitter_card":"summary_large_image","twitter_misc":{"Escrito por":"admin","Tiempo de lectura":"5 minutos"},"schema":{"@context":"https:\/\/schema.org","@graph":[{"@type":"Article","@id":"https:\/\/lobosnews.com.ar\/index.php\/2026\/09\/03\/sigue-la-busqueda-de-mariano-martinez-la-foto-que-recibieron-los-padres-y-el-operativo-que-se-activo-en-cordoba\/#article","isPartOf":{"@id":"https:\/\/lobosnews.com.ar\/index.php\/2026\/09\/03\/sigue-la-busqueda-de-mariano-martinez-la-foto-que-recibieron-los-padres-y-el-operativo-que-se-activo-en-cordoba\/"},"author":{"name":"admin","@id":"https:\/\/lobosnews.com.ar\/#\/schema\/person\/232422a593d5c541dd9aef6aaed10943"},"headline":"Sigue la b\u00fasqueda de Mariano Mart\u00ednez: la foto que recibieron los padres y el operativo que se activ\u00f3 en C\u00f3rdoba","datePublished":"2026-09-03T19:38:54+00:00","dateModified":"2026-09-03T21:41:43+00:00","mainEntityOfPage":{"@id":"https:\/\/lobosnews.com.ar\/index.php\/2026\/09\/03\/sigue-la-busqueda-de-mariano-martinez-la-foto-que-recibieron-los-padres-y-el-operativo-que-se-activo-en-cordoba\/"},"wordCount":1008,"commentCount":0,"publisher":{"@id":"https:\/\/lobosnews.com.ar\/#organization"},"image":{"@id":"https:\/\/lobosnews.com.ar\/index.php\/2026\/09\/03\/sigue-la-busqueda-de-mariano-martinez-la-foto-que-recibieron-los-padres-y-el-operativo-que-se-activo-en-cordoba\/#primaryimage"},"thumbnailUrl":"https:\/\/lobosnews.com.ar\/wp-content\/uploads\/2026\/09\/sigue-la-busqueda-de-mariano-martinez-la-foto-que-recibieron-los-padres-y-el-operativo-que-se-activo-en-cordoba-4.jpg","articleSection":["Actualidad","Argentina","econom\u00eda","inseguridad","masradios.com","nacionales","seguridad","sociedad"],"inLanguage":"es","potentialAction":[{"@type":"CommentAction","name":"Comment","target":["https:\/\/lobosnews.com.ar\/index.php\/2026\/09\/03\/sigue-la-busqueda-de-mariano-martinez-la-foto-que-recibieron-los-padres-y-el-operativo-que-se-activo-en-cordoba\/#respond"]}]},{"@type":"WebPage","@id":"https:\/\/lobosnews.com.ar\/index.php\/2026\/09\/03\/sigue-la-busqueda-de-mariano-martinez-la-foto-que-recibieron-los-padres-y-el-operativo-que-se-activo-en-cordoba\/","url":"https:\/\/lobosnews.com.ar\/index.php\/2026\/09\/03\/sigue-la-busqueda-de-mariano-martinez-la-foto-que-recibieron-los-padres-y-el-operativo-que-se-activo-en-cordoba\/","name":"Sigue la b\u00fasqueda de Mariano Mart\u00ednez: la foto que recibieron los padres y el operativo que se activ\u00f3 en C\u00f3rdoba - Lobos News","isPartOf":{"@id":"https:\/\/lobosnews.com.ar\/#website"},"primaryImageOfPage":{"@id":"https:\/\/lobosnews.com.ar\/index.php\/2026\/09\/03\/sigue-la-busqueda-de-mariano-martinez-la-foto-que-recibieron-los-padres-y-el-operativo-que-se-activo-en-cordoba\/#primaryimage"},"image":{"@id":"https:\/\/lobosnews.com.ar\/index.php\/2026\/09\/03\/sigue-la-busqueda-de-mariano-martinez-la-foto-que-recibieron-los-padres-y-el-operativo-que-se-activo-en-cordoba\/#primaryimage"},"thumbnailUrl":"https:\/\/lobosnews.com.ar\/wp-content\/uploads\/2026\/09\/sigue-la-busqueda-de-mariano-martinez-la-foto-que-recibieron-los-padres-y-el-operativo-que-se-activo-en-cordoba-4.jpg","datePublished":"2026-09-03T19:38:54+00:00","dateModified":"2026-09-03T21:41:43+00:00","breadcrumb":{"@id":"https:\/\/lobosnews.com.ar\/index.php\/2026\/09\/03\/sigue-la-busqueda-de-mariano-martinez-la-foto-que-recibieron-los-padres-y-el-operativo-que-se-activo-en-cordoba\/#breadcrumb"},"inLanguage":"es","potentialAction":[{"@type":"ReadAction","target":["https:\/\/lobosnews.com.ar\/index.php\/2026\/09\/03\/sigue-la-busqueda-de-mariano-martinez-la-foto-que-recibieron-los-padres-y-el-operativo-que-se-activo-en-cordoba\/"]}]},{"@type":"ImageObject","inLanguage":"es","@id":"https:\/\/lobosnews.com.ar\/index.php\/2026\/09\/03\/sigue-la-busqueda-de-mariano-martinez-la-foto-que-recibieron-los-padres-y-el-operativo-que-se-activo-en-cordoba\/#primaryimage","url":"https:\/\/lobosnews.com.ar\/wp-content\/uploads\/2026\/09\/sigue-la-busqueda-de-mariano-martinez-la-foto-que-recibieron-los-padres-y-el-operativo-que-se-activo-en-cordoba-4.jpg","contentUrl":"https:\/\/lobosnews.com.ar\/wp-content\/uploads\/2026\/09\/sigue-la-busqueda-de-mariano-martinez-la-foto-que-recibieron-los-padres-y-el-operativo-que-se-activo-en-cordoba-4.jpg","width":1200,"height":675,"caption":"Sigue la b\u00fasqueda de Mariano Mart\u00ednez: la foto que recibieron los padres y el operativo que se activ\u00f3 en C\u00f3rdoba"},{"@type":"BreadcrumbList","@id":"https:\/\/lobosnews.com.ar\/index.php\/2026\/09\/03\/sigue-la-busqueda-de-mariano-martinez-la-foto-que-recibieron-los-padres-y-el-operativo-que-se-activo-en-cordoba\/#breadcrumb","itemListElement":[{"@type":"ListItem","position":1,"name":"Portada","item":"https:\/\/lobosnews.com.ar\/"},{"@type":"ListItem","position":2,"name":"Sigue la b\u00fasqueda de Mariano Mart\u00ednez: la foto que recibieron los padres y el operativo que se activ\u00f3 en C\u00f3rdoba"}]},{"@type":"WebSite","@id":"https:\/\/lobosnews.com.ar\/#website","url":"https:\/\/lobosnews.com.ar\/","name":"Lobos News","description":"Informaci\u00f3n a cada instante","publisher":{"@id":"https:\/\/lobosnews.com.ar\/#organization"},"potentialAction":[{"@type":"SearchAction","target":{"@type":"EntryPoint","urlTemplate":"https:\/\/lobosnews.com.ar\/?s={search_term_string}"},"query-input":{"@type":"PropertyValueSpecification","valueRequired":true,"valueName":"search_term_string"}}],"inLanguage":"es"},{"@type":"Organization","@id":"https:\/\/lobosnews.com.ar\/#organization","name":"Lobos News","url":"https:\/\/lobosnews.com.ar\/","logo":{"@type":"ImageObject","inLanguage":"es","@id":"https:\/\/lobosnews.com.ar\/#\/schema\/logo\/image\/","url":"https:\/\/lobosnews.com.ar\/wp-content\/uploads\/2026\/01\/logo-lobosnews.png","contentUrl":"https:\/\/lobosnews.com.ar\/wp-content\/uploads\/2026\/01\/logo-lobosnews.png","width":500,"height":200,"caption":"Lobos News"},"image":{"@id":"https:\/\/lobosnews.com.ar\/#\/schema\/logo\/image\/"}},{"@type":"Person","@id":"https:\/\/lobosnews.com.ar\/#\/schema\/person\/232422a593d5c541dd9aef6aaed10943","name":"admin","image":{"@type":"ImageObject","inLanguage":"es","@id":"https:\/\/secure.gravatar.com\/avatar\/76e419471a2083bc3ceab22a763dbbf9b0c1bd15a6214cf3280e2c2dde4580f9?s=96&d=mm&r=g","url":"https:\/\/secure.gravatar.com\/avatar\/76e419471a2083bc3ceab22a763dbbf9b0c1bd15a6214cf3280e2c2dde4580f9?s=96&d=mm&r=g","contentUrl":"https:\/\/secure.gravatar.com\/avatar\/76e419471a2083bc3ceab22a763dbbf9b0c1bd15a6214cf3280e2c2dde4580f9?s=96&d=mm&r=g","caption":"admin"},"sameAs":["https:\/\/lobosnews.com.ar"],"url":"https:\/\/lobosnews.com.ar\/index.php\/author\/lobos-news\/"}]}},"jetpack_featured_media_url":"https:\/\/lobosnews.com.ar\/wp-content\/uploads\/2026\/09\/sigue-la-busqueda-de-mariano-martinez-la-foto-que-recibieron-los-padres-y-el-operativo-que-se-activo-en-cordoba-4.jpg","jetpack_sharing_enabled":true,"_links":{"self":[{"href":"https:\/\/lobosnews.com.ar\/index.php\/wp-json\/wp\/v2\/posts\/97184","targetHints":{"allow":["GET"]}}],"collection":[{"href":"https:\/\/lobosnews.com.ar\/index.php\/wp-json\/wp\/v2\/posts"}],"about":[{"href":"https:\/\/lobosnews.com.ar\/index.php\/wp-json\/wp\/v2\/types\/post"}],"author":[{"embeddable":true,"href":"https:\/\/lobosnews.com.ar\/index.php\/wp-json\/wp\/v2\/users\/1"}],"replies":[{"embeddable":true,"href":"https:\/\/lobosnews.com.ar\/index.php\/wp-json\/wp\/v2\/comments?post=97184"}],"version-history":[{"count":1,"href":"https:\/\/lobosnews.com.ar\/index.php\/wp-json\/wp\/v2\/posts\/97184\/revisions"}],"predecessor-version":[{"id":97188,"href":"https:\/\/lobosnews.com.ar\/index.php\/wp-json\/wp\/v2\/posts\/97184\/revisions\/97188"}],"wp:featuredmedia":[{"embeddable":true,"href":"https:\/\/lobosnews.com.ar\/index.php\/wp-json\/wp\/v2\/media\/97189"}],"wp:attachment":[{"href":"https:\/\/lobosnews.com.ar\/index.php\/wp-json\/wp\/v2\/media?parent=97184"}],"wp:term":[{"taxonomy":"category","embeddable":true,"href":"https:\/\/lobosnews.com.ar\/index.php\/wp-json\/wp\/v2\/categories?post=97184"},{"taxonomy":"post_tag","embeddable":true,"href":"https:\/\/lobosnews.com.ar\/index.php\/wp-json\/wp\/v2\/tags?post=97184"}],"curies":[{"name":"wp","href":"https:\/\/api.w.org\/{rel}","templated":true}]}}