{"id":97134,"date":"2026-09-03T21:22:19","date_gmt":"2026-09-03T21:22:19","guid":{"rendered":"https:\/\/lobosnews.com.ar\/?p=97134"},"modified":"2026-09-03T21:41:04","modified_gmt":"2026-09-03T21:41:04","slug":"publicaron-una-nueva-guia-clinica-para-la-prevencion-de-la-migrana-que-cambios-propone-para-las-consultas-y-el-control-del-dolor","status":"publish","type":"post","link":"https:\/\/lobosnews.com.ar\/index.php\/2026\/09\/03\/publicaron-una-nueva-guia-clinica-para-la-prevencion-de-la-migrana-que-cambios-propone-para-las-consultas-y-el-control-del-dolor\/","title":{"rendered":"Publicaron una nueva gu\u00eda cl\u00ednica para la prevenci\u00f3n de la migra\u00f1a: qu\u00e9 cambios propone para las consultas y el control del dolor"},"content":{"rendered":"<p><img fetchpriority=\"high\" decoding=\"async\" src=\"https:\/\/lobosnews.com.ar\/wp-content\/uploads\/2026\/09\/publicaron-una-nueva-guia-clinica-para-la-prevencion-de-la-migrana-que-cambios-propone-para-las-consultas-y-el-control-del-dolor.jpg\" alt=\"La nueva gu\u00eda cl\u00ednica sobre migra\u00f1a en adultos recomienda decisiones compartidas entre m\u00e9dicos y pacientes para elegir el tratamiento preventivo. (Imagen Ilustrativa Infobae)\" height=\"1536\" width=\"2752\"\/><\/p>\n<p><b>Una nueva gu\u00eda cl\u00ednica sobre prevenci\u00f3n de la <\/b><span class=\"waslinkname\"><b>migra\u00f1a<\/b><\/span><b> <\/b>en adultos puso el foco en la toma de decisiones compartida entre m\u00e9dicos y pacientes.<b> <\/b>Se trata de un enfoque que propone cu\u00e1ndo iniciar tratamiento, c\u00f3mo elegirlo y qu\u00e9 factores personales deben pesar en esa elecci\u00f3n.<\/p>\n<p>Publicada en la revista <i>Neurology<\/i>, la recomendaci\u00f3n fue elaborada por un panel convocado por la <b>Academia Estadounidense de Neurolog\u00eda<\/b> (AAN), al que luego se sum\u00f3 la <b>Sociedad Estadounidense del Dolor de Cabeza<\/b> (AHS). <span class=\"waslinkname\">El documento<\/span> re\u00fane <b>17 recomendaciones<\/b> sobre tratamientos preventivos para adultos, propone decisiones compartidas entre m\u00e9dicos y pacientes, ordena cu\u00e1ndo iniciar tratamiento y qu\u00e9 factores personales considerar, y parte de una idea central: no hay un \u00fanico medicamento ideal para todos los casos de <span class=\"waslinkname\">migra\u00f1a<\/span>.<\/p>\n<h2>La nueva gu\u00eda pone la voz del paciente en el centro de la elecci\u00f3n del tratamiento<\/h2>\n<p><img loading=\"lazy\" decoding=\"async\" src=\"https:\/\/lobosnews.com.ar\/wp-content\/uploads\/2026\/09\/publicaron-una-nueva-guia-clinica-para-la-prevencion-de-la-migrana-que-cambios-propone-para-las-consultas-y-el-control-del-dolor-1.jpg\" alt=\"La gu\u00eda de la Academia Estadounidense de Neurolog\u00eda y la Sociedad Estadounidense del Dolor de Cabeza re\u00fane 17 recomendaciones sobre prevenci\u00f3n farmacol\u00f3gica de la migra\u00f1a. (Imagen Ilustrativa Infobae)\" height=\"768\" width=\"1408\"\/><\/p>\n<p>Uno de los postulados del documento es que <b>la elecci\u00f3n del tratamiento preventivo<\/b> deja de aparecer como una decisi\u00f3n guiada solo por el m\u00e9dico o por la potencia de un f\u00e1rmaco. La gu\u00eda plantea que, una vez resuelto que corresponde iniciar prevenci\u00f3n, la selecci\u00f3n debe surgir de una conversaci\u00f3n informada con el paciente.<\/p>\n<p>Ese intercambio, seg\u00fan la publicaci\u00f3n, debe <b>incluir antecedentes m\u00e9dicos y psiqui\u00e1tricos, medicaci\u00f3n actual, posibles contraindicaciones, modalidad de administraci\u00f3n y tolerancia a efectos adversos<\/b>. Tambi\u00e9n debe contemplar cu\u00e1nto pesa para cada persona el costo del tratamiento, la experiencia de uso a largo plazo o la preferencia por pastillas, inyecciones o aplicaciones peri\u00f3dicas.<\/p>\n<p>La gu\u00eda sostiene adem\u00e1s que <b>los ensayos comparativos directos no han aportado prueba suficiente para afirmar que un preventivo sea claramente superior a otro<\/b>. Por eso, el criterio cl\u00ednico se desplaza hacia una estrategia m\u00e1s individualizada, en la que importan tanto la respuesta esperada como las prioridades del paciente.<\/p>\n<h2>Cu\u00e1ndo se recomienda la prevenci\u00f3n farmacol\u00f3gica<\/h2>\n<p><img loading=\"lazy\" decoding=\"async\" src=\"https:\/\/lobosnews.com.ar\/wp-content\/uploads\/2026\/09\/publicaron-una-nueva-guia-clinica-para-la-prevencion-de-la-migrana-que-cambios-propone-para-las-consultas-y-el-control-del-dolor-2.jpg\" alt=\"La prevenci\u00f3n farmacol\u00f3gica de la migra\u00f1a debe ofrecerse a pacientes con cuatro o m\u00e1s d\u00edas de migra\u00f1a al mes o con dolor de cabeza moderado a intenso con esa frecuencia. (Imagen Ilustrativa Infobae)\" height=\"816\" width=\"1456\"\/><\/p>\n<p>El documento se\u00f1ala que <b>los m\u00e9dicos deben informar a todos los pacientes con migra\u00f1a que existen tratamientos preventivos eficaces <\/b>para las crisis frecuentes. A partir de all\u00ed, establece que se debe ofrecer prevenci\u00f3n farmacol\u00f3gica a quienes presenten <b>cuatro o m\u00e1s d\u00edas de migra\u00f1a al mes<\/b>, o cuatro o m\u00e1s d\u00edas mensuales de dolor de cabeza moderado a intenso.<\/p>\n<p>La recomendaci\u00f3n tambi\u00e9n alcanza a quienes tienen una discapacidad importante asociada a la enfermedad, aun cuando no alcancen ese umbral mensual. En esos casos, <b>el objetivo de la prevenci\u00f3n no es frenar una crisis ya iniciada, sino bajar su frecuencia y reducir el impacto sobre la vida diaria.<\/b><\/p>\n<p>Ese criterio ordena una pr\u00e1ctica que muchas veces depend\u00eda de decisiones m\u00e1s dispersas o del momento en que el paciente llegaba a la consulta especializada. La gu\u00eda recuerda que los tratamientos preventivos pueden disminuir d\u00edas de dolor y discapacidad, y que tambi\u00e9n podr\u00edan evitar el paso de una migra\u00f1a epis\u00f3dica a una forma cr\u00f3nica.<\/p>\n<h2>Opciones cl\u00e1sicas, nuevas terapias y elecci\u00f3n individual<\/h2>\n<p><img loading=\"lazy\" decoding=\"async\" src=\"https:\/\/lobosnews.com.ar\/wp-content\/uploads\/2026\/09\/publicaron-una-nueva-guia-clinica-para-la-prevencion-de-la-migrana-que-cambios-propone-para-las-consultas-y-el-control-del-dolor-3.jpg\" alt=\"La evaluaci\u00f3n del tratamiento preventivo de la migra\u00f1a debe hacerse entre 8 y 12 semanas, o a las 24 semanas con onabotulinumtoxinA, y medir tambi\u00e9n calidad de vida y discapacidad. (Magnific)\" height=\"4160\" width=\"6240\"\/><\/p>\n<p>Entre los tratamientos con mayor o moderado respaldo para migra\u00f1a epis\u00f3dica, el documento menciona atogepant, eptinezumab, erenumab, fremanezumab, galcanezumab, propranolol, topiramato y valproato. Para la <b>migra\u00f1a cr\u00f3nica<\/b> incorpora adem\u00e1s onabotulinumtoxinA.<\/p>\n<p>La elecci\u00f3n, sin embargo, no se organiza con una tabla \u00fanica de \u201cmejores\u201d y \u201cpeores\u201d medicamentos. <b>La gu\u00eda propone ordenar las opciones seg\u00fan lo que m\u00e1s valore cada paciente<\/b>. Si la prioridad es la eficacia, deben ofrecerse los f\u00e1rmacos con mayor confianza en la prueba disponible. Si lo central es la tolerabilidad, la selecci\u00f3n cambia. Si preocupa la seguridad a largo plazo, el costo o la v\u00eda de administraci\u00f3n, la recomendaci\u00f3n vuelve a modificarse.<\/p>\n<p>En ese marco, el documento re\u00fane en un mismo esquema a f\u00e1rmacos de uso tradicional, como propranolol, topiramato y valproato, y a terapias m\u00e1s recientes dirigidas al CGRP, disponibles en comprimidos o inyecciones. <b>La idea rectora es que el plan terap\u00e9utico se ajuste a cada paciente y no al rev\u00e9s<\/b>, siempre de acuerdo con la publicaci\u00f3n.<\/p>\n<h2>C\u00f3mo cambia la indicaci\u00f3n seg\u00fan el paciente<\/h2>\n<p><img loading=\"lazy\" decoding=\"async\" src=\"https:\/\/lobosnews.com.ar\/wp-content\/uploads\/2026\/09\/publicaron-una-nueva-guia-clinica-para-la-prevencion-de-la-migrana-que-cambios-propone-para-las-consultas-y-el-control-del-dolor-4.jpg\" alt=\"La gu\u00eda de migra\u00f1a recomienda extremar precauciones en embarazo, lactancia, obesidad, fibromialgia, hipertensi\u00f3n y en pacientes con abuso de medicaci\u00f3n para las crisis. (Imagen Ilustrativa Infobae)\" height=\"1080\" width=\"1920\"\/><\/p>\n<p>La gu\u00eda no se limita a una recomendaci\u00f3n general. El panel incluy\u00f3 escenarios frecuentes en la pr\u00e1ctica y poblaciones que suelen requerir decisiones m\u00e1s cuidadosas.<\/p>\n<p>En personas con posibilidad de embarazo, los m\u00e9dicos deben advertir sobre riesgos fetales potenciales y evitar, cuando sea posible, agentes con efectos teratog\u00e9nicos conocidos, como valproato y topiramato. <b>Durante el embarazo, proponen maximizar primero estrategias no farmacol\u00f3gicas <\/b>y reservar el uso de medicamentos para situaciones en las que, tras una discusi\u00f3n detallada, los beneficios posibles superen los riesgos.<\/p>\n<p>La gu\u00eda tambi\u00e9n dedica apartados a la lactancia, a los<b> adultos mayores y a pacientes con fibromialgia<\/b>, hipertensi\u00f3n, obesidad o abuso de medicaci\u00f3n para las crisis. <b>En obesidad<\/b>, por ejemplo, recomienda ofrecer topiramato cuando se eval\u00faa un preventivo oral. En fibromialgia concomitante, propone amitriptilina. <b>En hipertensi\u00f3n<\/b> no tratada, abre la posibilidad de monoterapia con enalapril, nifedipino o telmisart\u00e1n.<\/p>\n<p>Adem\u00e1s, incorpora<b> factores relacionados con el sexo<\/b>. Entre ellos, advierte que el \u00e1cido valproico puede aumentar el riesgo de s\u00edndrome de ovario poliqu\u00edstico y que dosis altas de topiramato pueden reducir la eficacia de anticonceptivos hormonales.<\/p>\n<h2>Cu\u00e1nto esperar antes de evaluar resultados<\/h2>\n<p><img loading=\"lazy\" decoding=\"async\" src=\"https:\/\/lobosnews.com.ar\/wp-content\/uploads\/2026\/09\/publicaron-una-nueva-guia-clinica-para-la-prevencion-de-la-migrana-que-cambios-propone-para-las-consultas-y-el-control-del-dolor-5.jpg\" alt=\"Especialistas recomiendan esperar entre ocho y 12 semanas antes de evaluar la eficacia de la mayor\u00eda de los preventivos (Imagen Ilustrativa Infobae)\" height=\"1536\" width=\"2752\"\/><\/p>\n<p>El documento tambi\u00e9n intenta corregir otro problema frecuente en la pr\u00e1ctica: la interrupci\u00f3n temprana de tratamientos que todav\u00eda no tuvieron tiempo suficiente para mostrar efecto.<\/p>\n<p><b>Para la mayor\u00eda de los preventivos, recomienda esperar entre 8 y 12 semanas con dosis toleradas antes de evaluar eficacia.<\/b> <\/p>\n<p><b>La eficacia, adem\u00e1s, no debe medirse solo con el recuento de crisis. <\/b>La gu\u00eda plantea una evaluaci\u00f3n centrada en el paciente, con frecuencia, gravedad, s\u00edntomas asociados, uso de medicaci\u00f3n aguda y calidad de vida. Entre las herramientas mencionadas figuran diarios de cefalea y escalas como HIT-6 o MIDAS.<\/p>\n<h2>El contexto de una enfermedad subdiagnosticada<\/h2>\n<p><img loading=\"lazy\" decoding=\"async\" src=\"https:\/\/lobosnews.com.ar\/wp-content\/uploads\/2026\/09\/publicaron-una-nueva-guia-clinica-para-la-prevencion-de-la-migrana-que-cambios-propone-para-las-consultas-y-el-control-del-dolor-6.jpg\" alt=\"No existe un \u00fanico tratamiento preventivo que resulte adecuado para todas las personas con migra\u00f1a (Imagen Ilustrativa Infobae)\" height=\"768\" width=\"1408\"\/><\/p>\n<p>La relevancia de esta gu\u00eda excede el plano t\u00e9cnico. En Argentina, la migra\u00f1a afecta a 4 millones de personas, seg\u00fan una nota previa de <span class=\"waslinkname\"><b>Infobae<\/b><\/span> con especialistas de la <b>Asociaci\u00f3n Migra\u00f1as y Cefaleas Argentina<\/b> (AMYCA). En muchos casos, los pacientes conviven durante a\u00f1os con s\u00edntomas compatibles con la enfermedad sin acceder a un diagn\u00f3stico ni a un tratamiento adecuados.<\/p>\n<p>Ese contexto ayuda a entender por qu\u00e9 una recomendaci\u00f3n centrada en la elecci\u00f3n informada puede tener impacto m\u00e1s all\u00e1 del consultorio. <b>La enfermedad suele normalizarse, se confunde con \u201cun dolor de cabeza fuerte\u201d <\/b>y con frecuencia se posterga la consulta hasta que las crisis ya alteran de manera marcada el trabajo, el estudio o la vida familiar.<\/p>\n<p>Seg\u00fan esa misma nota, <b>tres de cada cuatro casos ocurren en mujeres, sobre todo en edad laboral activa<\/b>, lo que ampl\u00eda su efecto sobre la vida cotidiana y la productividad. Tambi\u00e9n persisten la automedicaci\u00f3n, las demoras en la derivaci\u00f3n al neur\u00f3logo y la falta de comprensi\u00f3n social sobre la carga real de una crisis.<\/p>\n<h2>Un enfoque m\u00e1s personalizado de la prevenci\u00f3n<\/h2>\n<p><img loading=\"lazy\" decoding=\"async\" src=\"https:\/\/lobosnews.com.ar\/wp-content\/uploads\/2026\/09\/publicaron-una-nueva-guia-clinica-para-la-prevencion-de-la-migrana-que-cambios-propone-para-las-consultas-y-el-control-del-dolor-7.jpg\" alt=\"Especialistas recomiendan esperar entre ocho y 12 semanas antes de evaluar la eficacia de la mayor\u00eda de los preventivos (Imagen Ilustrativa Infobae)\" height=\"1536\" width=\"2752\"\/><\/p>\n<p>La nueva gu\u00eda parte de una premisa que dialoga con ese escenario: la migra\u00f1a es una enfermedad neurol\u00f3gica con formas de presentaci\u00f3n diversas y con impacto desigual entre pacientes. Por eso, recomienda evitar decisiones autom\u00e1ticas y reforzar conversaciones cl\u00ednicas que contemplen contexto, preferencias y expectativas.<\/p>\n<p>En ese marco, <b>el tratamiento preventivo aparece menos como una receta uniforme y m\u00e1s como un proceso de ajuste entre prueba cient\u00edfica, riesgos, costos y vida cotidiana.<\/b> La recomendaci\u00f3n, aclara el documento, busca orientar la pr\u00e1ctica m\u00e9dica y su aplicaci\u00f3n es voluntaria.<\/p>\n","protected":false},"excerpt":{"rendered":"<p>Una nueva gu\u00eda cl\u00ednica sobre prevenci\u00f3n de la migra\u00f1a en adultos puso el foco en la toma de decisiones compartida entre m\u00e9dicos y pacientes. Se trata de un enfoque que propone cu\u00e1ndo iniciar tratamiento, c\u00f3mo elegirlo y qu\u00e9 factores personales deben pesar en esa elecci\u00f3n. Publicada en la revista Neurology, la recomendaci\u00f3n fue elaborada por&#8230;<\/p>\n","protected":false},"author":1,"featured_media":97144,"comment_status":"open","ping_status":"closed","sticky":false,"template":"","format":"standard","meta":{"_jetpack_newsletter_access":"","_jetpack_dont_email_post_to_subs":false,"_jetpack_newsletter_tier_id":0,"_jetpack_memberships_contains_paywalled_content":false,"_jetpack_memberships_contains_paid_content":false,"footnotes":"","jetpack_post_was_ever_published":false},"categories":[81],"tags":[],"class_list":["post-97134","post","type-post","status-publish","format-standard","has-post-thumbnail","hentry","category-salud"],"magazineBlocksPostFeaturedMedia":{"thumbnail":"https:\/\/lobosnews.com.ar\/wp-content\/uploads\/2026\/09\/publicaron-una-nueva-guia-clinica-para-la-prevencion-de-la-migrana-que-cambios-propone-para-las-consultas-y-el-control-del-dolor-14-150x150.jpg","medium":"https:\/\/lobosnews.com.ar\/wp-content\/uploads\/2026\/09\/publicaron-una-nueva-guia-clinica-para-la-prevencion-de-la-migrana-que-cambios-propone-para-las-consultas-y-el-control-del-dolor-14-300x167.jpg","medium_large":"https:\/\/lobosnews.com.ar\/wp-content\/uploads\/2026\/09\/publicaron-una-nueva-guia-clinica-para-la-prevencion-de-la-migrana-que-cambios-propone-para-las-consultas-y-el-control-del-dolor-14-768x429.jpg","large":"https:\/\/lobosnews.com.ar\/wp-content\/uploads\/2026\/09\/publicaron-una-nueva-guia-clinica-para-la-prevencion-de-la-migrana-que-cambios-propone-para-las-consultas-y-el-control-del-dolor-14-1024x572.jpg","1536x1536":"https:\/\/lobosnews.com.ar\/wp-content\/uploads\/2026\/09\/publicaron-una-nueva-guia-clinica-para-la-prevencion-de-la-migrana-que-cambios-propone-para-las-consultas-y-el-control-del-dolor-14-1536x857.jpg","2048x2048":"https:\/\/lobosnews.com.ar\/wp-content\/uploads\/2026\/09\/publicaron-una-nueva-guia-clinica-para-la-prevencion-de-la-migrana-que-cambios-propone-para-las-consultas-y-el-control-del-dolor-14-2048x1143.jpg","newsmatic-featured":"https:\/\/lobosnews.com.ar\/wp-content\/uploads\/2026\/09\/publicaron-una-nueva-guia-clinica-para-la-prevencion-de-la-migrana-que-cambios-propone-para-las-consultas-y-el-control-del-dolor-14-820x545.jpg","newsmatic-list":"https:\/\/lobosnews.com.ar\/wp-content\/uploads\/2026\/09\/publicaron-una-nueva-guia-clinica-para-la-prevencion-de-la-migrana-que-cambios-propone-para-las-consultas-y-el-control-del-dolor-14-600x400.jpg","newsmatic-thumb":"https:\/\/lobosnews.com.ar\/wp-content\/uploads\/2026\/09\/publicaron-una-nueva-guia-clinica-para-la-prevencion-de-la-migrana-que-cambios-propone-para-las-consultas-y-el-control-del-dolor-14-300x200.jpg","newsmatic-small":"https:\/\/lobosnews.com.ar\/wp-content\/uploads\/2026\/09\/publicaron-una-nueva-guia-clinica-para-la-prevencion-de-la-migrana-que-cambios-propone-para-las-consultas-y-el-control-del-dolor-14-150x95.jpg","newsmatic-grid":"https:\/\/lobosnews.com.ar\/wp-content\/uploads\/2026\/09\/publicaron-una-nueva-guia-clinica-para-la-prevencion-de-la-migrana-que-cambios-propone-para-las-consultas-y-el-control-del-dolor-14-400x250.jpg"},"magazineBlocksPostAuthor":{"name":"admin","avatar":"https:\/\/secure.gravatar.com\/avatar\/76e419471a2083bc3ceab22a763dbbf9b0c1bd15a6214cf3280e2c2dde4580f9?s=96&d=mm&r=g"},"magazineBlocksPostCommentsNumber":"0","magazineBlocksPostExcerpt":"Una nueva gu\u00eda cl\u00ednica sobre prevenci\u00f3n de la migra\u00f1a en adultos puso el foco en la toma de decisiones compartida entre m\u00e9dicos y pacientes. Se trata de un enfoque que propone cu\u00e1ndo iniciar tratamiento, c\u00f3mo elegirlo y qu\u00e9 factores personales deben pesar en esa elecci\u00f3n. Publicada en la revista Neurology, la recomendaci\u00f3n fue elaborada por...","magazineBlocksPostCategories":["Salud"],"magazineBlocksPostViewCount":83,"magazineBlocksPostReadTime":7,"magazine_blocks_featured_image_url":{"full":["https:\/\/lobosnews.com.ar\/wp-content\/uploads\/2026\/09\/publicaron-una-nueva-guia-clinica-para-la-prevencion-de-la-migrana-que-cambios-propone-para-las-consultas-y-el-control-del-dolor-14-scaled.jpg",2560,1429,false],"medium":["https:\/\/lobosnews.com.ar\/wp-content\/uploads\/2026\/09\/publicaron-una-nueva-guia-clinica-para-la-prevencion-de-la-migrana-que-cambios-propone-para-las-consultas-y-el-control-del-dolor-14-300x167.jpg",300,167,true],"thumbnail":["https:\/\/lobosnews.com.ar\/wp-content\/uploads\/2026\/09\/publicaron-una-nueva-guia-clinica-para-la-prevencion-de-la-migrana-que-cambios-propone-para-las-consultas-y-el-control-del-dolor-14-150x150.jpg",150,150,true]},"magazine_blocks_author":{"display_name":"admin","author_link":"https:\/\/lobosnews.com.ar\/index.php\/author\/lobos-news\/"},"magazine_blocks_comment":0,"magazine_blocks_author_image":"https:\/\/secure.gravatar.com\/avatar\/76e419471a2083bc3ceab22a763dbbf9b0c1bd15a6214cf3280e2c2dde4580f9?s=96&d=mm&r=g","magazine_blocks_category":"<a href=\"#\" class=\"category-link category-link-81\">Salud<\/a>","yoast_head":"<!-- This site is optimized with the Yoast SEO plugin v28.0 - https:\/\/yoast.com\/product\/yoast-seo-wordpress\/ -->\n<title>Publicaron una nueva gu\u00eda cl\u00ednica para la prevenci\u00f3n de la migra\u00f1a: qu\u00e9 cambios propone para las consultas y el control del dolor - Lobos News<\/title>\n<meta name=\"robots\" content=\"index, follow, max-snippet:-1, max-image-preview:large, max-video-preview:-1\" \/>\n<link rel=\"canonical\" href=\"https:\/\/lobosnews.com.ar\/index.php\/2026\/09\/03\/publicaron-una-nueva-guia-clinica-para-la-prevencion-de-la-migrana-que-cambios-propone-para-las-consultas-y-el-control-del-dolor\/\" \/>\n<meta property=\"og:locale\" content=\"es_ES\" \/>\n<meta property=\"og:type\" content=\"article\" \/>\n<meta property=\"og:title\" content=\"Publicaron una nueva gu\u00eda cl\u00ednica para la prevenci\u00f3n de la migra\u00f1a: qu\u00e9 cambios propone para las consultas y el control del dolor - Lobos News\" \/>\n<meta property=\"og:description\" content=\"Una nueva gu\u00eda cl\u00ednica sobre prevenci\u00f3n de la migra\u00f1a en adultos puso el foco en la toma de decisiones compartida entre m\u00e9dicos y pacientes. Se trata de un enfoque que propone cu\u00e1ndo iniciar tratamiento, c\u00f3mo elegirlo y qu\u00e9 factores personales deben pesar en esa elecci\u00f3n. Publicada en la revista Neurology, la recomendaci\u00f3n fue elaborada por...\" \/>\n<meta property=\"og:url\" content=\"https:\/\/lobosnews.com.ar\/index.php\/2026\/09\/03\/publicaron-una-nueva-guia-clinica-para-la-prevencion-de-la-migrana-que-cambios-propone-para-las-consultas-y-el-control-del-dolor\/\" \/>\n<meta property=\"og:site_name\" content=\"Lobos News\" \/>\n<meta property=\"article:published_time\" content=\"2026-09-03T21:22:19+00:00\" \/>\n<meta property=\"article:modified_time\" content=\"2026-09-03T21:41:04+00:00\" \/>\n<meta property=\"og:image\" content=\"https:\/\/lobosnews.com.ar\/wp-content\/uploads\/2026\/09\/publicaron-una-nueva-guia-clinica-para-la-prevencion-de-la-migrana-que-cambios-propone-para-las-consultas-y-el-control-del-dolor-14-scaled.jpg\" \/>\n\t<meta property=\"og:image:width\" content=\"2560\" \/>\n\t<meta property=\"og:image:height\" content=\"1429\" \/>\n\t<meta property=\"og:image:type\" content=\"image\/jpeg\" \/>\n<meta name=\"author\" content=\"admin\" \/>\n<meta name=\"twitter:card\" content=\"summary_large_image\" \/>\n<meta name=\"twitter:label1\" content=\"Escrito por\" \/>\n\t<meta name=\"twitter:data1\" content=\"admin\" \/>\n\t<meta name=\"twitter:label2\" content=\"Tiempo de lectura\" \/>\n\t<meta name=\"twitter:data2\" content=\"7 minutos\" \/>\n<script type=\"application\/ld+json\" class=\"yoast-schema-graph\">{\"@context\":\"https:\\\/\\\/schema.org\",\"@graph\":[{\"@type\":\"Article\",\"@id\":\"https:\\\/\\\/lobosnews.com.ar\\\/index.php\\\/2026\\\/09\\\/03\\\/publicaron-una-nueva-guia-clinica-para-la-prevencion-de-la-migrana-que-cambios-propone-para-las-consultas-y-el-control-del-dolor\\\/#article\",\"isPartOf\":{\"@id\":\"https:\\\/\\\/lobosnews.com.ar\\\/index.php\\\/2026\\\/09\\\/03\\\/publicaron-una-nueva-guia-clinica-para-la-prevencion-de-la-migrana-que-cambios-propone-para-las-consultas-y-el-control-del-dolor\\\/\"},\"author\":{\"name\":\"admin\",\"@id\":\"https:\\\/\\\/lobosnews.com.ar\\\/#\\\/schema\\\/person\\\/232422a593d5c541dd9aef6aaed10943\"},\"headline\":\"Publicaron una nueva gu\u00eda cl\u00ednica para la prevenci\u00f3n de la migra\u00f1a: qu\u00e9 cambios propone para las consultas y el control del dolor\",\"datePublished\":\"2026-09-03T21:22:19+00:00\",\"dateModified\":\"2026-09-03T21:41:04+00:00\",\"mainEntityOfPage\":{\"@id\":\"https:\\\/\\\/lobosnews.com.ar\\\/index.php\\\/2026\\\/09\\\/03\\\/publicaron-una-nueva-guia-clinica-para-la-prevencion-de-la-migrana-que-cambios-propone-para-las-consultas-y-el-control-del-dolor\\\/\"},\"wordCount\":1349,\"commentCount\":0,\"publisher\":{\"@id\":\"https:\\\/\\\/lobosnews.com.ar\\\/#organization\"},\"image\":{\"@id\":\"https:\\\/\\\/lobosnews.com.ar\\\/index.php\\\/2026\\\/09\\\/03\\\/publicaron-una-nueva-guia-clinica-para-la-prevencion-de-la-migrana-que-cambios-propone-para-las-consultas-y-el-control-del-dolor\\\/#primaryimage\"},\"thumbnailUrl\":\"https:\\\/\\\/lobosnews.com.ar\\\/wp-content\\\/uploads\\\/2026\\\/09\\\/publicaron-una-nueva-guia-clinica-para-la-prevencion-de-la-migrana-que-cambios-propone-para-las-consultas-y-el-control-del-dolor-14-scaled.jpg\",\"articleSection\":[\"Salud\"],\"inLanguage\":\"es\",\"potentialAction\":[{\"@type\":\"CommentAction\",\"name\":\"Comment\",\"target\":[\"https:\\\/\\\/lobosnews.com.ar\\\/index.php\\\/2026\\\/09\\\/03\\\/publicaron-una-nueva-guia-clinica-para-la-prevencion-de-la-migrana-que-cambios-propone-para-las-consultas-y-el-control-del-dolor\\\/#respond\"]}]},{\"@type\":\"WebPage\",\"@id\":\"https:\\\/\\\/lobosnews.com.ar\\\/index.php\\\/2026\\\/09\\\/03\\\/publicaron-una-nueva-guia-clinica-para-la-prevencion-de-la-migrana-que-cambios-propone-para-las-consultas-y-el-control-del-dolor\\\/\",\"url\":\"https:\\\/\\\/lobosnews.com.ar\\\/index.php\\\/2026\\\/09\\\/03\\\/publicaron-una-nueva-guia-clinica-para-la-prevencion-de-la-migrana-que-cambios-propone-para-las-consultas-y-el-control-del-dolor\\\/\",\"name\":\"Publicaron una nueva gu\u00eda cl\u00ednica para la prevenci\u00f3n de la migra\u00f1a: qu\u00e9 cambios propone para las consultas y el control del dolor - Lobos News\",\"isPartOf\":{\"@id\":\"https:\\\/\\\/lobosnews.com.ar\\\/#website\"},\"primaryImageOfPage\":{\"@id\":\"https:\\\/\\\/lobosnews.com.ar\\\/index.php\\\/2026\\\/09\\\/03\\\/publicaron-una-nueva-guia-clinica-para-la-prevencion-de-la-migrana-que-cambios-propone-para-las-consultas-y-el-control-del-dolor\\\/#primaryimage\"},\"image\":{\"@id\":\"https:\\\/\\\/lobosnews.com.ar\\\/index.php\\\/2026\\\/09\\\/03\\\/publicaron-una-nueva-guia-clinica-para-la-prevencion-de-la-migrana-que-cambios-propone-para-las-consultas-y-el-control-del-dolor\\\/#primaryimage\"},\"thumbnailUrl\":\"https:\\\/\\\/lobosnews.com.ar\\\/wp-content\\\/uploads\\\/2026\\\/09\\\/publicaron-una-nueva-guia-clinica-para-la-prevencion-de-la-migrana-que-cambios-propone-para-las-consultas-y-el-control-del-dolor-14-scaled.jpg\",\"datePublished\":\"2026-09-03T21:22:19+00:00\",\"dateModified\":\"2026-09-03T21:41:04+00:00\",\"breadcrumb\":{\"@id\":\"https:\\\/\\\/lobosnews.com.ar\\\/index.php\\\/2026\\\/09\\\/03\\\/publicaron-una-nueva-guia-clinica-para-la-prevencion-de-la-migrana-que-cambios-propone-para-las-consultas-y-el-control-del-dolor\\\/#breadcrumb\"},\"inLanguage\":\"es\",\"potentialAction\":[{\"@type\":\"ReadAction\",\"target\":[\"https:\\\/\\\/lobosnews.com.ar\\\/index.php\\\/2026\\\/09\\\/03\\\/publicaron-una-nueva-guia-clinica-para-la-prevencion-de-la-migrana-que-cambios-propone-para-las-consultas-y-el-control-del-dolor\\\/\"]}]},{\"@type\":\"ImageObject\",\"inLanguage\":\"es\",\"@id\":\"https:\\\/\\\/lobosnews.com.ar\\\/index.php\\\/2026\\\/09\\\/03\\\/publicaron-una-nueva-guia-clinica-para-la-prevencion-de-la-migrana-que-cambios-propone-para-las-consultas-y-el-control-del-dolor\\\/#primaryimage\",\"url\":\"https:\\\/\\\/lobosnews.com.ar\\\/wp-content\\\/uploads\\\/2026\\\/09\\\/publicaron-una-nueva-guia-clinica-para-la-prevencion-de-la-migrana-que-cambios-propone-para-las-consultas-y-el-control-del-dolor-14-scaled.jpg\",\"contentUrl\":\"https:\\\/\\\/lobosnews.com.ar\\\/wp-content\\\/uploads\\\/2026\\\/09\\\/publicaron-una-nueva-guia-clinica-para-la-prevencion-de-la-migrana-que-cambios-propone-para-las-consultas-y-el-control-del-dolor-14-scaled.jpg\",\"width\":2560,\"height\":1429,\"caption\":\"Publicaron una nueva gu\u00eda cl\u00ednica para la prevenci\u00f3n de la migra\u00f1a: qu\u00e9 cambios propone para las consultas y el control del dolor\"},{\"@type\":\"BreadcrumbList\",\"@id\":\"https:\\\/\\\/lobosnews.com.ar\\\/index.php\\\/2026\\\/09\\\/03\\\/publicaron-una-nueva-guia-clinica-para-la-prevencion-de-la-migrana-que-cambios-propone-para-las-consultas-y-el-control-del-dolor\\\/#breadcrumb\",\"itemListElement\":[{\"@type\":\"ListItem\",\"position\":1,\"name\":\"Portada\",\"item\":\"https:\\\/\\\/lobosnews.com.ar\\\/\"},{\"@type\":\"ListItem\",\"position\":2,\"name\":\"Publicaron una nueva gu\u00eda cl\u00ednica para la prevenci\u00f3n de la migra\u00f1a: qu\u00e9 cambios propone para las consultas y el control del dolor\"}]},{\"@type\":\"WebSite\",\"@id\":\"https:\\\/\\\/lobosnews.com.ar\\\/#website\",\"url\":\"https:\\\/\\\/lobosnews.com.ar\\\/\",\"name\":\"Lobos News\",\"description\":\"Informaci\u00f3n a cada instante\",\"publisher\":{\"@id\":\"https:\\\/\\\/lobosnews.com.ar\\\/#organization\"},\"potentialAction\":[{\"@type\":\"SearchAction\",\"target\":{\"@type\":\"EntryPoint\",\"urlTemplate\":\"https:\\\/\\\/lobosnews.com.ar\\\/?s={search_term_string}\"},\"query-input\":{\"@type\":\"PropertyValueSpecification\",\"valueRequired\":true,\"valueName\":\"search_term_string\"}}],\"inLanguage\":\"es\"},{\"@type\":\"Organization\",\"@id\":\"https:\\\/\\\/lobosnews.com.ar\\\/#organization\",\"name\":\"Lobos News\",\"url\":\"https:\\\/\\\/lobosnews.com.ar\\\/\",\"logo\":{\"@type\":\"ImageObject\",\"inLanguage\":\"es\",\"@id\":\"https:\\\/\\\/lobosnews.com.ar\\\/#\\\/schema\\\/logo\\\/image\\\/\",\"url\":\"https:\\\/\\\/lobosnews.com.ar\\\/wp-content\\\/uploads\\\/2026\\\/01\\\/logo-lobosnews.png\",\"contentUrl\":\"https:\\\/\\\/lobosnews.com.ar\\\/wp-content\\\/uploads\\\/2026\\\/01\\\/logo-lobosnews.png\",\"width\":500,\"height\":200,\"caption\":\"Lobos News\"},\"image\":{\"@id\":\"https:\\\/\\\/lobosnews.com.ar\\\/#\\\/schema\\\/logo\\\/image\\\/\"}},{\"@type\":\"Person\",\"@id\":\"https:\\\/\\\/lobosnews.com.ar\\\/#\\\/schema\\\/person\\\/232422a593d5c541dd9aef6aaed10943\",\"name\":\"admin\",\"image\":{\"@type\":\"ImageObject\",\"inLanguage\":\"es\",\"@id\":\"https:\\\/\\\/secure.gravatar.com\\\/avatar\\\/76e419471a2083bc3ceab22a763dbbf9b0c1bd15a6214cf3280e2c2dde4580f9?s=96&d=mm&r=g\",\"url\":\"https:\\\/\\\/secure.gravatar.com\\\/avatar\\\/76e419471a2083bc3ceab22a763dbbf9b0c1bd15a6214cf3280e2c2dde4580f9?s=96&d=mm&r=g\",\"contentUrl\":\"https:\\\/\\\/secure.gravatar.com\\\/avatar\\\/76e419471a2083bc3ceab22a763dbbf9b0c1bd15a6214cf3280e2c2dde4580f9?s=96&d=mm&r=g\",\"caption\":\"admin\"},\"sameAs\":[\"https:\\\/\\\/lobosnews.com.ar\"],\"url\":\"https:\\\/\\\/lobosnews.com.ar\\\/index.php\\\/author\\\/lobos-news\\\/\"}]}<\/script>\n<!-- \/ Yoast SEO plugin. -->","yoast_head_json":{"title":"Publicaron una nueva gu\u00eda cl\u00ednica para la prevenci\u00f3n de la migra\u00f1a: qu\u00e9 cambios propone para las consultas y el control del dolor - Lobos News","robots":{"index":"index","follow":"follow","max-snippet":"max-snippet:-1","max-image-preview":"max-image-preview:large","max-video-preview":"max-video-preview:-1"},"canonical":"https:\/\/lobosnews.com.ar\/index.php\/2026\/09\/03\/publicaron-una-nueva-guia-clinica-para-la-prevencion-de-la-migrana-que-cambios-propone-para-las-consultas-y-el-control-del-dolor\/","og_locale":"es_ES","og_type":"article","og_title":"Publicaron una nueva gu\u00eda cl\u00ednica para la prevenci\u00f3n de la migra\u00f1a: qu\u00e9 cambios propone para las consultas y el control del dolor - Lobos News","og_description":"Una nueva gu\u00eda cl\u00ednica sobre prevenci\u00f3n de la migra\u00f1a en adultos puso el foco en la toma de decisiones compartida entre m\u00e9dicos y pacientes. Se trata de un enfoque que propone cu\u00e1ndo iniciar tratamiento, c\u00f3mo elegirlo y qu\u00e9 factores personales deben pesar en esa elecci\u00f3n. Publicada en la revista Neurology, la recomendaci\u00f3n fue elaborada por...","og_url":"https:\/\/lobosnews.com.ar\/index.php\/2026\/09\/03\/publicaron-una-nueva-guia-clinica-para-la-prevencion-de-la-migrana-que-cambios-propone-para-las-consultas-y-el-control-del-dolor\/","og_site_name":"Lobos News","article_published_time":"2026-09-03T21:22:19+00:00","article_modified_time":"2026-09-03T21:41:04+00:00","og_image":[{"width":2560,"height":1429,"url":"https:\/\/lobosnews.com.ar\/wp-content\/uploads\/2026\/09\/publicaron-una-nueva-guia-clinica-para-la-prevencion-de-la-migrana-que-cambios-propone-para-las-consultas-y-el-control-del-dolor-14-scaled.jpg","type":"image\/jpeg"}],"author":"admin","twitter_card":"summary_large_image","twitter_misc":{"Escrito por":"admin","Tiempo de lectura":"7 minutos"},"schema":{"@context":"https:\/\/schema.org","@graph":[{"@type":"Article","@id":"https:\/\/lobosnews.com.ar\/index.php\/2026\/09\/03\/publicaron-una-nueva-guia-clinica-para-la-prevencion-de-la-migrana-que-cambios-propone-para-las-consultas-y-el-control-del-dolor\/#article","isPartOf":{"@id":"https:\/\/lobosnews.com.ar\/index.php\/2026\/09\/03\/publicaron-una-nueva-guia-clinica-para-la-prevencion-de-la-migrana-que-cambios-propone-para-las-consultas-y-el-control-del-dolor\/"},"author":{"name":"admin","@id":"https:\/\/lobosnews.com.ar\/#\/schema\/person\/232422a593d5c541dd9aef6aaed10943"},"headline":"Publicaron una nueva gu\u00eda cl\u00ednica para la prevenci\u00f3n de la migra\u00f1a: qu\u00e9 cambios propone para las consultas y el control del dolor","datePublished":"2026-09-03T21:22:19+00:00","dateModified":"2026-09-03T21:41:04+00:00","mainEntityOfPage":{"@id":"https:\/\/lobosnews.com.ar\/index.php\/2026\/09\/03\/publicaron-una-nueva-guia-clinica-para-la-prevencion-de-la-migrana-que-cambios-propone-para-las-consultas-y-el-control-del-dolor\/"},"wordCount":1349,"commentCount":0,"publisher":{"@id":"https:\/\/lobosnews.com.ar\/#organization"},"image":{"@id":"https:\/\/lobosnews.com.ar\/index.php\/2026\/09\/03\/publicaron-una-nueva-guia-clinica-para-la-prevencion-de-la-migrana-que-cambios-propone-para-las-consultas-y-el-control-del-dolor\/#primaryimage"},"thumbnailUrl":"https:\/\/lobosnews.com.ar\/wp-content\/uploads\/2026\/09\/publicaron-una-nueva-guia-clinica-para-la-prevencion-de-la-migrana-que-cambios-propone-para-las-consultas-y-el-control-del-dolor-14-scaled.jpg","articleSection":["Salud"],"inLanguage":"es","potentialAction":[{"@type":"CommentAction","name":"Comment","target":["https:\/\/lobosnews.com.ar\/index.php\/2026\/09\/03\/publicaron-una-nueva-guia-clinica-para-la-prevencion-de-la-migrana-que-cambios-propone-para-las-consultas-y-el-control-del-dolor\/#respond"]}]},{"@type":"WebPage","@id":"https:\/\/lobosnews.com.ar\/index.php\/2026\/09\/03\/publicaron-una-nueva-guia-clinica-para-la-prevencion-de-la-migrana-que-cambios-propone-para-las-consultas-y-el-control-del-dolor\/","url":"https:\/\/lobosnews.com.ar\/index.php\/2026\/09\/03\/publicaron-una-nueva-guia-clinica-para-la-prevencion-de-la-migrana-que-cambios-propone-para-las-consultas-y-el-control-del-dolor\/","name":"Publicaron una nueva gu\u00eda cl\u00ednica para la prevenci\u00f3n de la migra\u00f1a: qu\u00e9 cambios propone para las consultas y el control del dolor - Lobos News","isPartOf":{"@id":"https:\/\/lobosnews.com.ar\/#website"},"primaryImageOfPage":{"@id":"https:\/\/lobosnews.com.ar\/index.php\/2026\/09\/03\/publicaron-una-nueva-guia-clinica-para-la-prevencion-de-la-migrana-que-cambios-propone-para-las-consultas-y-el-control-del-dolor\/#primaryimage"},"image":{"@id":"https:\/\/lobosnews.com.ar\/index.php\/2026\/09\/03\/publicaron-una-nueva-guia-clinica-para-la-prevencion-de-la-migrana-que-cambios-propone-para-las-consultas-y-el-control-del-dolor\/#primaryimage"},"thumbnailUrl":"https:\/\/lobosnews.com.ar\/wp-content\/uploads\/2026\/09\/publicaron-una-nueva-guia-clinica-para-la-prevencion-de-la-migrana-que-cambios-propone-para-las-consultas-y-el-control-del-dolor-14-scaled.jpg","datePublished":"2026-09-03T21:22:19+00:00","dateModified":"2026-09-03T21:41:04+00:00","breadcrumb":{"@id":"https:\/\/lobosnews.com.ar\/index.php\/2026\/09\/03\/publicaron-una-nueva-guia-clinica-para-la-prevencion-de-la-migrana-que-cambios-propone-para-las-consultas-y-el-control-del-dolor\/#breadcrumb"},"inLanguage":"es","potentialAction":[{"@type":"ReadAction","target":["https:\/\/lobosnews.com.ar\/index.php\/2026\/09\/03\/publicaron-una-nueva-guia-clinica-para-la-prevencion-de-la-migrana-que-cambios-propone-para-las-consultas-y-el-control-del-dolor\/"]}]},{"@type":"ImageObject","inLanguage":"es","@id":"https:\/\/lobosnews.com.ar\/index.php\/2026\/09\/03\/publicaron-una-nueva-guia-clinica-para-la-prevencion-de-la-migrana-que-cambios-propone-para-las-consultas-y-el-control-del-dolor\/#primaryimage","url":"https:\/\/lobosnews.com.ar\/wp-content\/uploads\/2026\/09\/publicaron-una-nueva-guia-clinica-para-la-prevencion-de-la-migrana-que-cambios-propone-para-las-consultas-y-el-control-del-dolor-14-scaled.jpg","contentUrl":"https:\/\/lobosnews.com.ar\/wp-content\/uploads\/2026\/09\/publicaron-una-nueva-guia-clinica-para-la-prevencion-de-la-migrana-que-cambios-propone-para-las-consultas-y-el-control-del-dolor-14-scaled.jpg","width":2560,"height":1429,"caption":"Publicaron una nueva gu\u00eda cl\u00ednica para la prevenci\u00f3n de la migra\u00f1a: qu\u00e9 cambios propone para las consultas y el control del dolor"},{"@type":"BreadcrumbList","@id":"https:\/\/lobosnews.com.ar\/index.php\/2026\/09\/03\/publicaron-una-nueva-guia-clinica-para-la-prevencion-de-la-migrana-que-cambios-propone-para-las-consultas-y-el-control-del-dolor\/#breadcrumb","itemListElement":[{"@type":"ListItem","position":1,"name":"Portada","item":"https:\/\/lobosnews.com.ar\/"},{"@type":"ListItem","position":2,"name":"Publicaron una nueva gu\u00eda cl\u00ednica para la prevenci\u00f3n de la migra\u00f1a: qu\u00e9 cambios propone para las consultas y el control del dolor"}]},{"@type":"WebSite","@id":"https:\/\/lobosnews.com.ar\/#website","url":"https:\/\/lobosnews.com.ar\/","name":"Lobos News","description":"Informaci\u00f3n a cada instante","publisher":{"@id":"https:\/\/lobosnews.com.ar\/#organization"},"potentialAction":[{"@type":"SearchAction","target":{"@type":"EntryPoint","urlTemplate":"https:\/\/lobosnews.com.ar\/?s={search_term_string}"},"query-input":{"@type":"PropertyValueSpecification","valueRequired":true,"valueName":"search_term_string"}}],"inLanguage":"es"},{"@type":"Organization","@id":"https:\/\/lobosnews.com.ar\/#organization","name":"Lobos News","url":"https:\/\/lobosnews.com.ar\/","logo":{"@type":"ImageObject","inLanguage":"es","@id":"https:\/\/lobosnews.com.ar\/#\/schema\/logo\/image\/","url":"https:\/\/lobosnews.com.ar\/wp-content\/uploads\/2026\/01\/logo-lobosnews.png","contentUrl":"https:\/\/lobosnews.com.ar\/wp-content\/uploads\/2026\/01\/logo-lobosnews.png","width":500,"height":200,"caption":"Lobos News"},"image":{"@id":"https:\/\/lobosnews.com.ar\/#\/schema\/logo\/image\/"}},{"@type":"Person","@id":"https:\/\/lobosnews.com.ar\/#\/schema\/person\/232422a593d5c541dd9aef6aaed10943","name":"admin","image":{"@type":"ImageObject","inLanguage":"es","@id":"https:\/\/secure.gravatar.com\/avatar\/76e419471a2083bc3ceab22a763dbbf9b0c1bd15a6214cf3280e2c2dde4580f9?s=96&d=mm&r=g","url":"https:\/\/secure.gravatar.com\/avatar\/76e419471a2083bc3ceab22a763dbbf9b0c1bd15a6214cf3280e2c2dde4580f9?s=96&d=mm&r=g","contentUrl":"https:\/\/secure.gravatar.com\/avatar\/76e419471a2083bc3ceab22a763dbbf9b0c1bd15a6214cf3280e2c2dde4580f9?s=96&d=mm&r=g","caption":"admin"},"sameAs":["https:\/\/lobosnews.com.ar"],"url":"https:\/\/lobosnews.com.ar\/index.php\/author\/lobos-news\/"}]}},"jetpack_featured_media_url":"https:\/\/lobosnews.com.ar\/wp-content\/uploads\/2026\/09\/publicaron-una-nueva-guia-clinica-para-la-prevencion-de-la-migrana-que-cambios-propone-para-las-consultas-y-el-control-del-dolor-14-scaled.jpg","jetpack_sharing_enabled":true,"_links":{"self":[{"href":"https:\/\/lobosnews.com.ar\/index.php\/wp-json\/wp\/v2\/posts\/97134","targetHints":{"allow":["GET"]}}],"collection":[{"href":"https:\/\/lobosnews.com.ar\/index.php\/wp-json\/wp\/v2\/posts"}],"about":[{"href":"https:\/\/lobosnews.com.ar\/index.php\/wp-json\/wp\/v2\/types\/post"}],"author":[{"embeddable":true,"href":"https:\/\/lobosnews.com.ar\/index.php\/wp-json\/wp\/v2\/users\/1"}],"replies":[{"embeddable":true,"href":"https:\/\/lobosnews.com.ar\/index.php\/wp-json\/wp\/v2\/comments?post=97134"}],"version-history":[{"count":1,"href":"https:\/\/lobosnews.com.ar\/index.php\/wp-json\/wp\/v2\/posts\/97134\/revisions"}],"predecessor-version":[{"id":97143,"href":"https:\/\/lobosnews.com.ar\/index.php\/wp-json\/wp\/v2\/posts\/97134\/revisions\/97143"}],"wp:featuredmedia":[{"embeddable":true,"href":"https:\/\/lobosnews.com.ar\/index.php\/wp-json\/wp\/v2\/media\/97144"}],"wp:attachment":[{"href":"https:\/\/lobosnews.com.ar\/index.php\/wp-json\/wp\/v2\/media?parent=97134"}],"wp:term":[{"taxonomy":"category","embeddable":true,"href":"https:\/\/lobosnews.com.ar\/index.php\/wp-json\/wp\/v2\/categories?post=97134"},{"taxonomy":"post_tag","embeddable":true,"href":"https:\/\/lobosnews.com.ar\/index.php\/wp-json\/wp\/v2\/tags?post=97134"}],"curies":[{"name":"wp","href":"https:\/\/api.w.org\/{rel}","templated":true}]}}