{"id":97109,"date":"2026-09-03T21:01:19","date_gmt":"2026-09-03T21:01:19","guid":{"rendered":"https:\/\/lobosnews.com.ar\/?p=97109"},"modified":"2026-09-03T21:40:15","modified_gmt":"2026-09-03T21:40:15","slug":"las-abogadas-de-wanda-e-icardi-frente-a-frente-el-escandalo-amoroso-del-ano-y-la-figura-de-las-leonas-invaden-la-tv","status":"publish","type":"post","link":"https:\/\/lobosnews.com.ar\/index.php\/2026\/09\/03\/las-abogadas-de-wanda-e-icardi-frente-a-frente-el-escandalo-amoroso-del-ano-y-la-figura-de-las-leonas-invaden-la-tv\/","title":{"rendered":"Las abogadas de Wanda e Icardi frente a frente, el esc\u00e1ndalo amoroso del a\u00f1o y la figura de Las Leonas invaden la TV"},"content":{"rendered":"<p><img fetchpriority=\"high\" decoding=\"async\" src=\"https:\/\/lobosnews.com.ar\/wp-content\/uploads\/2026\/09\/las-abogadas-de-wanda-e-icardi-frente-a-frente-el-escandalo-amoroso-del-ano-y-la-figura-de-las-leonas-invaden-la-tv.jpg\" alt=\"Abogadas en guerra, la figura del esc\u00e1ndalo del a\u00f1o y la campeona que emocion\u00f3 al pa\u00eds: el fin de semana televisivo de eltrece y Telefe\" height=\"1536\" width=\"2752\"\/><\/p>\n<p><b>El fin de semana televisivo arranca con una grilla cargada de figuras<\/b> en tres programas que prometen debate, confesiones y sorpresas. El s\u00e1bado 5 de septiembre, <span class=\"waslinkname\"><b>Mirtha Legrand<\/b><\/span> recibe a cuatro mujeres del mundo jur\u00eddico y medi\u00e1tico en <i>La Noche de Mirtha<\/i>, por <b>eltrece<\/b> a las 21:30; en simult\u00e1neo, <span class=\"waslinkname\"><b>Andy Kusnetzoff<\/b><\/span> re\u00fane a cinco personalidades del espect\u00e1culo en <i>PH: Podemos Hablar<\/i>, por <b>Telefe<\/b> a la misma hora. El domingo 6, <span class=\"waslinkname\"><b>Juana Viale<\/b><\/span><span class=\"waslinkname\"> <\/span>completa el ciclo con una mesa de seis invitados en <i>Almorzando con Juana<\/i>, a las 14:00 tambi\u00e9n por eltrece.<\/p>\n<h2>Rosenfeld y Marcovecchio se sientan frente a frente en la mesa de Mirtha<\/h2>\n<p>La tensi\u00f3n que se vivi\u00f3 en los pasillos de Tribunales llega a la mesa de Mirtha. <b>Ana Rosenfeld<\/b>, la abogada de Wanda Nara en el litigioso divorcio con Mauro Icardi, y <b>Elba Marcovecchio<\/b>, representante legal del futbolista y viuda del periodista Jorge Lanata, comparten asiento en un programa que suele propiciar los cruces directos. Las dos letradas sostuvieron posiciones p\u00fablicamente encontradas en las \u00faltimas semanas, con acusaciones cruzadas por declaraciones y la filtraci\u00f3n de un video de una audiencia judicial.<\/p>\n<p><img loading=\"lazy\" decoding=\"async\" src=\"https:\/\/lobosnews.com.ar\/wp-content\/uploads\/2026\/09\/las-abogadas-de-wanda-e-icardi-frente-a-frente-el-escandalo-amoroso-del-ano-y-la-figura-de-las-leonas-invaden-la-tv-1.jpg\" alt=\"Mirtha Legrand sentar\u00e1 a su \"mesaza\" a Ana Rosenfeld y Elba Marcovecchio, las abogadas del caso que parti\u00f3 al pa\u00eds en dos, este s\u00e1bado a las 21.30 por eltrece\" height=\"1066\" width=\"1600\"\/><\/p>\n<p>Las completan <b>Karina Iav\u00edcoli<\/b>, panelista de <i>LAM<\/i> e <i>Infama<\/i> en <b>Am\u00e9rica TV<\/b>, una de las voces m\u00e1s activas en la cobertura del caso Nara-Icardi, y <b>Luciana Rubinska<\/b>, periodista deportiva con paso por TyC Sports, ESPN y Am\u00e9rica TV, <b>primera mujer en ganar un Mart\u00edn Fierro de Cable en periodismo deportivo<\/b>, en 2018.<\/p>\n<h2>Barbieri, Chaves, Tuli Acosta, Leunis y el Turco Naim se suman a PH<\/h2>\n<p>A la misma hora que Mirtha, <b>Andy Kusnetzoff<\/b> recibe en Telefe a un grupo que mezcla humor, streaming y actualidad del espect\u00e1culo. <b>Carmen Barbieri<\/b>, actriz, conductora y figura hist\u00f3rica del teatro de revista, llega al ciclo tras un a\u00f1o al frente de <i>Con Carmen<\/i> en Canal 9. <b>Paula Chaves<\/b>, modelo y conductora conocida por <i>Bake Off Argentina<\/i>, sum\u00f3 recientemente su salida del programa diario que conduc\u00eda en OLGA, aunque aclar\u00f3 que mantiene proyectos con la se\u00f1al de streaming.<\/p>\n<p><img loading=\"lazy\" decoding=\"async\" src=\"https:\/\/lobosnews.com.ar\/wp-content\/uploads\/2026\/09\/las-abogadas-de-wanda-e-icardi-frente-a-frente-el-escandalo-amoroso-del-ano-y-la-figura-de-las-leonas-invaden-la-tv-2.jpg\" alt=\"Andy Kusnetzoff tendr\u00e1 como invitada a Tuli Acosta, en el centro de la ruptura del a\u00f1o, este s\u00e1bado a las 21.30 por Telefe para contar su versi\u00f3n\" height=\"1090\" width=\"1980\"\/><\/p>\n<p><b>Tuli Acosta<\/b>, bailarina y cantante cordobesa ganadora del <i>Bailando 2023<\/i>, atraviesa semanas de exposici\u00f3n medi\u00e1tica tras verse involucrada en los rumores de separaci\u00f3n entre La Joaqui y Luck Ra. La artista sali\u00f3 a desmentir p\u00fablicamente cualquier v\u00ednculo sentimental con el cantante. <b>Leandro \u201cChino\u201d Leunis<\/b>, conductor con una extensa trayectoria en Telefe y en Luzu TV, y el <b>Turco Naim<\/b>, actor y comediante conocido por <i>Videomatch<\/i> y <i>Showmatch<\/i>, <b>separado de Emilia Attias tras m\u00e1s de veinte a\u00f1os de relaci\u00f3n<\/b>, completan la mesa.<\/p>\n<h2>Seefeld, Urlezaga y Sof\u00eda Cair\u00f3, campeona mundial, en el almuerzo de Juana<\/h2>\n<p>El domingo al mediod\u00eda, Juana Viale recibe a seis invitados con perfiles muy distintos. <b>Mart\u00edn Seefeld<\/b>, actor y productor conocido por <i>Los simuladores<\/i>, viene de una temporada teatral exitosa con <i>Una clase especial<\/i>, la comedia que comparti\u00f3 con <b>Dami\u00e1n De Santo<\/b> en la costa atl\u00e1ntica. <b>I\u00f1aki Urlezaga<\/b>, bailar\u00edn y core\u00f3grafo platense que fue primer bailar\u00edn del Teatro Col\u00f3n, el Royal Ballet de Londres y el Het Nationale Ballet de Pa\u00edses Bajos, acaba de volver a los escenarios tras ocho a\u00f1os de retiro con <i>El aplauso final<\/i>, espect\u00e1culo que repasar\u00e1 en Buenos Aires el 26 y 27 de septiembre en el Teatro \u00d3pera.<\/p>\n<p><img loading=\"lazy\" decoding=\"async\" src=\"https:\/\/lobosnews.com.ar\/wp-content\/uploads\/2026\/09\/las-abogadas-de-wanda-e-icardi-frente-a-frente-el-escandalo-amoroso-del-ano-y-la-figura-de-las-leonas-invaden-la-tv-3.jpg\" alt=\"Juana Viale recibir\u00e1 a Sof\u00eda Cair\u00f3, la jugadora que convirti\u00f3 el penal del t\u00edtulo mundial de Las Leonas este domingo desde las 14.00 por eltrece (Gentileza: Almorzando con Juana)\" height=\"1599\" width=\"1066\"\/><\/p>\n<p><b>Juli Castro<\/b>, actriz, cantante e influencer hija de la bailarina <b>Momi Giardina<\/b> y del actor <b>Diego Castro<\/b>, acumula proyectos entre la serie <i>Playback<\/i> de <b>Disney+<\/b> y sus producciones musicales. <b>Sof\u00eda Cair\u00f3<\/b>, por su parte, llega a la mesa de Juana como una de las figuras del momento: <b>la jugadora de 23 a\u00f1os convirti\u00f3 el penal que sell\u00f3 el tercer t\u00edtulo mundial de Las Leonas<\/b>, en la final ante Pa\u00edses Bajos que Argentina gan\u00f3 3-1 en la definici\u00f3n australiana, d\u00edas despu\u00e9s de haberse recibido de licenciada en Publicidad. La mesa se completa con <b>Patricia Echegoyen<\/b>, actriz con d\u00e9cadas de trayectoria en teatro y televisi\u00f3n, reconocida por su trabajo en comedias como <i>Toc Toc<\/i> e <i>Inmaduros<\/i>.<\/p>\n","protected":false},"excerpt":{"rendered":"<p>El fin de semana televisivo arranca con una grilla cargada de figuras en tres programas que prometen debate, confesiones y sorpresas. El s\u00e1bado 5 de septiembre, Mirtha Legrand recibe a cuatro mujeres del mundo jur\u00eddico y medi\u00e1tico en La Noche de Mirtha, por eltrece a las 21:30; en simult\u00e1neo, Andy Kusnetzoff re\u00fane a cinco personalidades&#8230;<\/p>\n","protected":false},"author":1,"featured_media":97115,"comment_status":"open","ping_status":"closed","sticky":false,"template":"","format":"standard","meta":{"_jetpack_newsletter_access":"","_jetpack_dont_email_post_to_subs":false,"_jetpack_newsletter_tier_id":0,"_jetpack_memberships_contains_paywalled_content":false,"_jetpack_memberships_contains_paid_content":false,"footnotes":"","jetpack_post_was_ever_published":false},"categories":[79],"tags":[],"class_list":["post-97109","post","type-post","status-publish","format-standard","has-post-thumbnail","hentry","category-cine-y-series"],"magazineBlocksPostFeaturedMedia":{"thumbnail":"https:\/\/lobosnews.com.ar\/wp-content\/uploads\/2026\/09\/las-abogadas-de-wanda-e-icardi-frente-a-frente-el-escandalo-amoroso-del-ano-y-la-figura-de-las-leonas-invaden-la-tv-6-150x150.jpg","medium":"https:\/\/lobosnews.com.ar\/wp-content\/uploads\/2026\/09\/las-abogadas-de-wanda-e-icardi-frente-a-frente-el-escandalo-amoroso-del-ano-y-la-figura-de-las-leonas-invaden-la-tv-6-200x300.jpg","medium_large":"https:\/\/lobosnews.com.ar\/wp-content\/uploads\/2026\/09\/las-abogadas-de-wanda-e-icardi-frente-a-frente-el-escandalo-amoroso-del-ano-y-la-figura-de-las-leonas-invaden-la-tv-6-768x1152.jpg","large":"https:\/\/lobosnews.com.ar\/wp-content\/uploads\/2026\/09\/las-abogadas-de-wanda-e-icardi-frente-a-frente-el-escandalo-amoroso-del-ano-y-la-figura-de-las-leonas-invaden-la-tv-6-683x1024.jpg","1536x1536":"https:\/\/lobosnews.com.ar\/wp-content\/uploads\/2026\/09\/las-abogadas-de-wanda-e-icardi-frente-a-frente-el-escandalo-amoroso-del-ano-y-la-figura-de-las-leonas-invaden-la-tv-6-1024x1536.jpg","2048x2048":"https:\/\/lobosnews.com.ar\/wp-content\/uploads\/2026\/09\/las-abogadas-de-wanda-e-icardi-frente-a-frente-el-escandalo-amoroso-del-ano-y-la-figura-de-las-leonas-invaden-la-tv-6.jpg","newsmatic-featured":"https:\/\/lobosnews.com.ar\/wp-content\/uploads\/2026\/09\/las-abogadas-de-wanda-e-icardi-frente-a-frente-el-escandalo-amoroso-del-ano-y-la-figura-de-las-leonas-invaden-la-tv-6-820x545.jpg","newsmatic-list":"https:\/\/lobosnews.com.ar\/wp-content\/uploads\/2026\/09\/las-abogadas-de-wanda-e-icardi-frente-a-frente-el-escandalo-amoroso-del-ano-y-la-figura-de-las-leonas-invaden-la-tv-6-600x400.jpg","newsmatic-thumb":"https:\/\/lobosnews.com.ar\/wp-content\/uploads\/2026\/09\/las-abogadas-de-wanda-e-icardi-frente-a-frente-el-escandalo-amoroso-del-ano-y-la-figura-de-las-leonas-invaden-la-tv-6-300x200.jpg","newsmatic-small":"https:\/\/lobosnews.com.ar\/wp-content\/uploads\/2026\/09\/las-abogadas-de-wanda-e-icardi-frente-a-frente-el-escandalo-amoroso-del-ano-y-la-figura-de-las-leonas-invaden-la-tv-6-150x95.jpg","newsmatic-grid":"https:\/\/lobosnews.com.ar\/wp-content\/uploads\/2026\/09\/las-abogadas-de-wanda-e-icardi-frente-a-frente-el-escandalo-amoroso-del-ano-y-la-figura-de-las-leonas-invaden-la-tv-6-400x250.jpg"},"magazineBlocksPostAuthor":{"name":"admin","avatar":"https:\/\/secure.gravatar.com\/avatar\/76e419471a2083bc3ceab22a763dbbf9b0c1bd15a6214cf3280e2c2dde4580f9?s=96&d=mm&r=g"},"magazineBlocksPostCommentsNumber":"0","magazineBlocksPostExcerpt":"El fin de semana televisivo arranca con una grilla cargada de figuras en tres programas que prometen debate, confesiones y sorpresas. El s\u00e1bado 5 de septiembre, Mirtha Legrand recibe a cuatro mujeres del mundo jur\u00eddico y medi\u00e1tico en La Noche de Mirtha, por eltrece a las 21:30; en simult\u00e1neo, Andy Kusnetzoff re\u00fane a cinco personalidades...","magazineBlocksPostCategories":["Cine y Series"],"magazineBlocksPostViewCount":103,"magazineBlocksPostReadTime":4,"magazine_blocks_featured_image_url":{"full":["https:\/\/lobosnews.com.ar\/wp-content\/uploads\/2026\/09\/las-abogadas-de-wanda-e-icardi-frente-a-frente-el-escandalo-amoroso-del-ano-y-la-figura-de-las-leonas-invaden-la-tv-6.jpg",1066,1599,false],"medium":["https:\/\/lobosnews.com.ar\/wp-content\/uploads\/2026\/09\/las-abogadas-de-wanda-e-icardi-frente-a-frente-el-escandalo-amoroso-del-ano-y-la-figura-de-las-leonas-invaden-la-tv-6-200x300.jpg",200,300,true],"thumbnail":["https:\/\/lobosnews.com.ar\/wp-content\/uploads\/2026\/09\/las-abogadas-de-wanda-e-icardi-frente-a-frente-el-escandalo-amoroso-del-ano-y-la-figura-de-las-leonas-invaden-la-tv-6-150x150.jpg",150,150,true]},"magazine_blocks_author":{"display_name":"admin","author_link":"https:\/\/lobosnews.com.ar\/index.php\/author\/lobos-news\/"},"magazine_blocks_comment":0,"magazine_blocks_author_image":"https:\/\/secure.gravatar.com\/avatar\/76e419471a2083bc3ceab22a763dbbf9b0c1bd15a6214cf3280e2c2dde4580f9?s=96&d=mm&r=g","magazine_blocks_category":"<a href=\"#\" class=\"category-link category-link-79\">Cine y Series<\/a>","yoast_head":"<!-- This site is optimized with the Yoast SEO plugin v28.0 - https:\/\/yoast.com\/product\/yoast-seo-wordpress\/ -->\n<title>Las abogadas de Wanda e Icardi frente a frente, el esc\u00e1ndalo amoroso del a\u00f1o y la figura de Las Leonas invaden la TV - Lobos News<\/title>\n<meta name=\"robots\" content=\"index, follow, max-snippet:-1, max-image-preview:large, max-video-preview:-1\" \/>\n<link rel=\"canonical\" href=\"https:\/\/lobosnews.com.ar\/index.php\/2026\/09\/03\/las-abogadas-de-wanda-e-icardi-frente-a-frente-el-escandalo-amoroso-del-ano-y-la-figura-de-las-leonas-invaden-la-tv\/\" \/>\n<meta property=\"og:locale\" content=\"es_ES\" \/>\n<meta property=\"og:type\" content=\"article\" \/>\n<meta property=\"og:title\" content=\"Las abogadas de Wanda e Icardi frente a frente, el esc\u00e1ndalo amoroso del a\u00f1o y la figura de Las Leonas invaden la TV - Lobos News\" \/>\n<meta property=\"og:description\" content=\"El fin de semana televisivo arranca con una grilla cargada de figuras en tres programas que prometen debate, confesiones y sorpresas. El s\u00e1bado 5 de septiembre, Mirtha Legrand recibe a cuatro mujeres del mundo jur\u00eddico y medi\u00e1tico en La Noche de Mirtha, por eltrece a las 21:30; en simult\u00e1neo, Andy Kusnetzoff re\u00fane a cinco personalidades...\" \/>\n<meta property=\"og:url\" content=\"https:\/\/lobosnews.com.ar\/index.php\/2026\/09\/03\/las-abogadas-de-wanda-e-icardi-frente-a-frente-el-escandalo-amoroso-del-ano-y-la-figura-de-las-leonas-invaden-la-tv\/\" \/>\n<meta property=\"og:site_name\" content=\"Lobos News\" \/>\n<meta property=\"article:published_time\" content=\"2026-09-03T21:01:19+00:00\" \/>\n<meta property=\"article:modified_time\" content=\"2026-09-03T21:40:15+00:00\" \/>\n<meta property=\"og:image\" content=\"https:\/\/lobosnews.com.ar\/wp-content\/uploads\/2026\/09\/las-abogadas-de-wanda-e-icardi-frente-a-frente-el-escandalo-amoroso-del-ano-y-la-figura-de-las-leonas-invaden-la-tv-6.jpg\" \/>\n\t<meta property=\"og:image:width\" content=\"1066\" \/>\n\t<meta property=\"og:image:height\" content=\"1599\" \/>\n\t<meta property=\"og:image:type\" content=\"image\/jpeg\" \/>\n<meta name=\"author\" content=\"admin\" \/>\n<meta name=\"twitter:card\" content=\"summary_large_image\" \/>\n<meta name=\"twitter:label1\" content=\"Escrito por\" \/>\n\t<meta name=\"twitter:data1\" content=\"admin\" \/>\n\t<meta name=\"twitter:label2\" content=\"Tiempo de lectura\" \/>\n\t<meta name=\"twitter:data2\" content=\"3 minutos\" \/>\n<script type=\"application\/ld+json\" class=\"yoast-schema-graph\">{\"@context\":\"https:\\\/\\\/schema.org\",\"@graph\":[{\"@type\":\"Article\",\"@id\":\"https:\\\/\\\/lobosnews.com.ar\\\/index.php\\\/2026\\\/09\\\/03\\\/las-abogadas-de-wanda-e-icardi-frente-a-frente-el-escandalo-amoroso-del-ano-y-la-figura-de-las-leonas-invaden-la-tv\\\/#article\",\"isPartOf\":{\"@id\":\"https:\\\/\\\/lobosnews.com.ar\\\/index.php\\\/2026\\\/09\\\/03\\\/las-abogadas-de-wanda-e-icardi-frente-a-frente-el-escandalo-amoroso-del-ano-y-la-figura-de-las-leonas-invaden-la-tv\\\/\"},\"author\":{\"name\":\"admin\",\"@id\":\"https:\\\/\\\/lobosnews.com.ar\\\/#\\\/schema\\\/person\\\/232422a593d5c541dd9aef6aaed10943\"},\"headline\":\"Las abogadas de Wanda e Icardi frente a frente, el esc\u00e1ndalo amoroso del a\u00f1o y la figura de Las Leonas invaden la TV\",\"datePublished\":\"2026-09-03T21:01:19+00:00\",\"dateModified\":\"2026-09-03T21:40:15+00:00\",\"mainEntityOfPage\":{\"@id\":\"https:\\\/\\\/lobosnews.com.ar\\\/index.php\\\/2026\\\/09\\\/03\\\/las-abogadas-de-wanda-e-icardi-frente-a-frente-el-escandalo-amoroso-del-ano-y-la-figura-de-las-leonas-invaden-la-tv\\\/\"},\"wordCount\":701,\"commentCount\":0,\"publisher\":{\"@id\":\"https:\\\/\\\/lobosnews.com.ar\\\/#organization\"},\"image\":{\"@id\":\"https:\\\/\\\/lobosnews.com.ar\\\/index.php\\\/2026\\\/09\\\/03\\\/las-abogadas-de-wanda-e-icardi-frente-a-frente-el-escandalo-amoroso-del-ano-y-la-figura-de-las-leonas-invaden-la-tv\\\/#primaryimage\"},\"thumbnailUrl\":\"https:\\\/\\\/lobosnews.com.ar\\\/wp-content\\\/uploads\\\/2026\\\/09\\\/las-abogadas-de-wanda-e-icardi-frente-a-frente-el-escandalo-amoroso-del-ano-y-la-figura-de-las-leonas-invaden-la-tv-6.jpg\",\"articleSection\":[\"Cine y Series\"],\"inLanguage\":\"es\",\"potentialAction\":[{\"@type\":\"CommentAction\",\"name\":\"Comment\",\"target\":[\"https:\\\/\\\/lobosnews.com.ar\\\/index.php\\\/2026\\\/09\\\/03\\\/las-abogadas-de-wanda-e-icardi-frente-a-frente-el-escandalo-amoroso-del-ano-y-la-figura-de-las-leonas-invaden-la-tv\\\/#respond\"]}]},{\"@type\":\"WebPage\",\"@id\":\"https:\\\/\\\/lobosnews.com.ar\\\/index.php\\\/2026\\\/09\\\/03\\\/las-abogadas-de-wanda-e-icardi-frente-a-frente-el-escandalo-amoroso-del-ano-y-la-figura-de-las-leonas-invaden-la-tv\\\/\",\"url\":\"https:\\\/\\\/lobosnews.com.ar\\\/index.php\\\/2026\\\/09\\\/03\\\/las-abogadas-de-wanda-e-icardi-frente-a-frente-el-escandalo-amoroso-del-ano-y-la-figura-de-las-leonas-invaden-la-tv\\\/\",\"name\":\"Las abogadas de Wanda e Icardi frente a frente, el esc\u00e1ndalo amoroso del a\u00f1o y la figura de Las Leonas invaden la TV - Lobos News\",\"isPartOf\":{\"@id\":\"https:\\\/\\\/lobosnews.com.ar\\\/#website\"},\"primaryImageOfPage\":{\"@id\":\"https:\\\/\\\/lobosnews.com.ar\\\/index.php\\\/2026\\\/09\\\/03\\\/las-abogadas-de-wanda-e-icardi-frente-a-frente-el-escandalo-amoroso-del-ano-y-la-figura-de-las-leonas-invaden-la-tv\\\/#primaryimage\"},\"image\":{\"@id\":\"https:\\\/\\\/lobosnews.com.ar\\\/index.php\\\/2026\\\/09\\\/03\\\/las-abogadas-de-wanda-e-icardi-frente-a-frente-el-escandalo-amoroso-del-ano-y-la-figura-de-las-leonas-invaden-la-tv\\\/#primaryimage\"},\"thumbnailUrl\":\"https:\\\/\\\/lobosnews.com.ar\\\/wp-content\\\/uploads\\\/2026\\\/09\\\/las-abogadas-de-wanda-e-icardi-frente-a-frente-el-escandalo-amoroso-del-ano-y-la-figura-de-las-leonas-invaden-la-tv-6.jpg\",\"datePublished\":\"2026-09-03T21:01:19+00:00\",\"dateModified\":\"2026-09-03T21:40:15+00:00\",\"breadcrumb\":{\"@id\":\"https:\\\/\\\/lobosnews.com.ar\\\/index.php\\\/2026\\\/09\\\/03\\\/las-abogadas-de-wanda-e-icardi-frente-a-frente-el-escandalo-amoroso-del-ano-y-la-figura-de-las-leonas-invaden-la-tv\\\/#breadcrumb\"},\"inLanguage\":\"es\",\"potentialAction\":[{\"@type\":\"ReadAction\",\"target\":[\"https:\\\/\\\/lobosnews.com.ar\\\/index.php\\\/2026\\\/09\\\/03\\\/las-abogadas-de-wanda-e-icardi-frente-a-frente-el-escandalo-amoroso-del-ano-y-la-figura-de-las-leonas-invaden-la-tv\\\/\"]}]},{\"@type\":\"ImageObject\",\"inLanguage\":\"es\",\"@id\":\"https:\\\/\\\/lobosnews.com.ar\\\/index.php\\\/2026\\\/09\\\/03\\\/las-abogadas-de-wanda-e-icardi-frente-a-frente-el-escandalo-amoroso-del-ano-y-la-figura-de-las-leonas-invaden-la-tv\\\/#primaryimage\",\"url\":\"https:\\\/\\\/lobosnews.com.ar\\\/wp-content\\\/uploads\\\/2026\\\/09\\\/las-abogadas-de-wanda-e-icardi-frente-a-frente-el-escandalo-amoroso-del-ano-y-la-figura-de-las-leonas-invaden-la-tv-6.jpg\",\"contentUrl\":\"https:\\\/\\\/lobosnews.com.ar\\\/wp-content\\\/uploads\\\/2026\\\/09\\\/las-abogadas-de-wanda-e-icardi-frente-a-frente-el-escandalo-amoroso-del-ano-y-la-figura-de-las-leonas-invaden-la-tv-6.jpg\",\"width\":1066,\"height\":1599,\"caption\":\"Las abogadas de Wanda e Icardi frente a frente, el esc\u00e1ndalo amoroso del a\u00f1o y la figura de Las Leonas invaden la TV\"},{\"@type\":\"BreadcrumbList\",\"@id\":\"https:\\\/\\\/lobosnews.com.ar\\\/index.php\\\/2026\\\/09\\\/03\\\/las-abogadas-de-wanda-e-icardi-frente-a-frente-el-escandalo-amoroso-del-ano-y-la-figura-de-las-leonas-invaden-la-tv\\\/#breadcrumb\",\"itemListElement\":[{\"@type\":\"ListItem\",\"position\":1,\"name\":\"Portada\",\"item\":\"https:\\\/\\\/lobosnews.com.ar\\\/\"},{\"@type\":\"ListItem\",\"position\":2,\"name\":\"Las abogadas de Wanda e Icardi frente a frente, el esc\u00e1ndalo amoroso del a\u00f1o y la figura de Las Leonas invaden la TV\"}]},{\"@type\":\"WebSite\",\"@id\":\"https:\\\/\\\/lobosnews.com.ar\\\/#website\",\"url\":\"https:\\\/\\\/lobosnews.com.ar\\\/\",\"name\":\"Lobos News\",\"description\":\"Informaci\u00f3n a cada instante\",\"publisher\":{\"@id\":\"https:\\\/\\\/lobosnews.com.ar\\\/#organization\"},\"potentialAction\":[{\"@type\":\"SearchAction\",\"target\":{\"@type\":\"EntryPoint\",\"urlTemplate\":\"https:\\\/\\\/lobosnews.com.ar\\\/?s={search_term_string}\"},\"query-input\":{\"@type\":\"PropertyValueSpecification\",\"valueRequired\":true,\"valueName\":\"search_term_string\"}}],\"inLanguage\":\"es\"},{\"@type\":\"Organization\",\"@id\":\"https:\\\/\\\/lobosnews.com.ar\\\/#organization\",\"name\":\"Lobos News\",\"url\":\"https:\\\/\\\/lobosnews.com.ar\\\/\",\"logo\":{\"@type\":\"ImageObject\",\"inLanguage\":\"es\",\"@id\":\"https:\\\/\\\/lobosnews.com.ar\\\/#\\\/schema\\\/logo\\\/image\\\/\",\"url\":\"https:\\\/\\\/lobosnews.com.ar\\\/wp-content\\\/uploads\\\/2026\\\/01\\\/logo-lobosnews.png\",\"contentUrl\":\"https:\\\/\\\/lobosnews.com.ar\\\/wp-content\\\/uploads\\\/2026\\\/01\\\/logo-lobosnews.png\",\"width\":500,\"height\":200,\"caption\":\"Lobos News\"},\"image\":{\"@id\":\"https:\\\/\\\/lobosnews.com.ar\\\/#\\\/schema\\\/logo\\\/image\\\/\"}},{\"@type\":\"Person\",\"@id\":\"https:\\\/\\\/lobosnews.com.ar\\\/#\\\/schema\\\/person\\\/232422a593d5c541dd9aef6aaed10943\",\"name\":\"admin\",\"image\":{\"@type\":\"ImageObject\",\"inLanguage\":\"es\",\"@id\":\"https:\\\/\\\/secure.gravatar.com\\\/avatar\\\/76e419471a2083bc3ceab22a763dbbf9b0c1bd15a6214cf3280e2c2dde4580f9?s=96&d=mm&r=g\",\"url\":\"https:\\\/\\\/secure.gravatar.com\\\/avatar\\\/76e419471a2083bc3ceab22a763dbbf9b0c1bd15a6214cf3280e2c2dde4580f9?s=96&d=mm&r=g\",\"contentUrl\":\"https:\\\/\\\/secure.gravatar.com\\\/avatar\\\/76e419471a2083bc3ceab22a763dbbf9b0c1bd15a6214cf3280e2c2dde4580f9?s=96&d=mm&r=g\",\"caption\":\"admin\"},\"sameAs\":[\"https:\\\/\\\/lobosnews.com.ar\"],\"url\":\"https:\\\/\\\/lobosnews.com.ar\\\/index.php\\\/author\\\/lobos-news\\\/\"}]}<\/script>\n<!-- \/ Yoast SEO plugin. -->","yoast_head_json":{"title":"Las abogadas de Wanda e Icardi frente a frente, el esc\u00e1ndalo amoroso del a\u00f1o y la figura de Las Leonas invaden la TV - Lobos News","robots":{"index":"index","follow":"follow","max-snippet":"max-snippet:-1","max-image-preview":"max-image-preview:large","max-video-preview":"max-video-preview:-1"},"canonical":"https:\/\/lobosnews.com.ar\/index.php\/2026\/09\/03\/las-abogadas-de-wanda-e-icardi-frente-a-frente-el-escandalo-amoroso-del-ano-y-la-figura-de-las-leonas-invaden-la-tv\/","og_locale":"es_ES","og_type":"article","og_title":"Las abogadas de Wanda e Icardi frente a frente, el esc\u00e1ndalo amoroso del a\u00f1o y la figura de Las Leonas invaden la TV - Lobos News","og_description":"El fin de semana televisivo arranca con una grilla cargada de figuras en tres programas que prometen debate, confesiones y sorpresas. El s\u00e1bado 5 de septiembre, Mirtha Legrand recibe a cuatro mujeres del mundo jur\u00eddico y medi\u00e1tico en La Noche de Mirtha, por eltrece a las 21:30; en simult\u00e1neo, Andy Kusnetzoff re\u00fane a cinco personalidades...","og_url":"https:\/\/lobosnews.com.ar\/index.php\/2026\/09\/03\/las-abogadas-de-wanda-e-icardi-frente-a-frente-el-escandalo-amoroso-del-ano-y-la-figura-de-las-leonas-invaden-la-tv\/","og_site_name":"Lobos News","article_published_time":"2026-09-03T21:01:19+00:00","article_modified_time":"2026-09-03T21:40:15+00:00","og_image":[{"width":1066,"height":1599,"url":"https:\/\/lobosnews.com.ar\/wp-content\/uploads\/2026\/09\/las-abogadas-de-wanda-e-icardi-frente-a-frente-el-escandalo-amoroso-del-ano-y-la-figura-de-las-leonas-invaden-la-tv-6.jpg","type":"image\/jpeg"}],"author":"admin","twitter_card":"summary_large_image","twitter_misc":{"Escrito por":"admin","Tiempo de lectura":"3 minutos"},"schema":{"@context":"https:\/\/schema.org","@graph":[{"@type":"Article","@id":"https:\/\/lobosnews.com.ar\/index.php\/2026\/09\/03\/las-abogadas-de-wanda-e-icardi-frente-a-frente-el-escandalo-amoroso-del-ano-y-la-figura-de-las-leonas-invaden-la-tv\/#article","isPartOf":{"@id":"https:\/\/lobosnews.com.ar\/index.php\/2026\/09\/03\/las-abogadas-de-wanda-e-icardi-frente-a-frente-el-escandalo-amoroso-del-ano-y-la-figura-de-las-leonas-invaden-la-tv\/"},"author":{"name":"admin","@id":"https:\/\/lobosnews.com.ar\/#\/schema\/person\/232422a593d5c541dd9aef6aaed10943"},"headline":"Las abogadas de Wanda e Icardi frente a frente, el esc\u00e1ndalo amoroso del a\u00f1o y la figura de Las Leonas invaden la TV","datePublished":"2026-09-03T21:01:19+00:00","dateModified":"2026-09-03T21:40:15+00:00","mainEntityOfPage":{"@id":"https:\/\/lobosnews.com.ar\/index.php\/2026\/09\/03\/las-abogadas-de-wanda-e-icardi-frente-a-frente-el-escandalo-amoroso-del-ano-y-la-figura-de-las-leonas-invaden-la-tv\/"},"wordCount":701,"commentCount":0,"publisher":{"@id":"https:\/\/lobosnews.com.ar\/#organization"},"image":{"@id":"https:\/\/lobosnews.com.ar\/index.php\/2026\/09\/03\/las-abogadas-de-wanda-e-icardi-frente-a-frente-el-escandalo-amoroso-del-ano-y-la-figura-de-las-leonas-invaden-la-tv\/#primaryimage"},"thumbnailUrl":"https:\/\/lobosnews.com.ar\/wp-content\/uploads\/2026\/09\/las-abogadas-de-wanda-e-icardi-frente-a-frente-el-escandalo-amoroso-del-ano-y-la-figura-de-las-leonas-invaden-la-tv-6.jpg","articleSection":["Cine y Series"],"inLanguage":"es","potentialAction":[{"@type":"CommentAction","name":"Comment","target":["https:\/\/lobosnews.com.ar\/index.php\/2026\/09\/03\/las-abogadas-de-wanda-e-icardi-frente-a-frente-el-escandalo-amoroso-del-ano-y-la-figura-de-las-leonas-invaden-la-tv\/#respond"]}]},{"@type":"WebPage","@id":"https:\/\/lobosnews.com.ar\/index.php\/2026\/09\/03\/las-abogadas-de-wanda-e-icardi-frente-a-frente-el-escandalo-amoroso-del-ano-y-la-figura-de-las-leonas-invaden-la-tv\/","url":"https:\/\/lobosnews.com.ar\/index.php\/2026\/09\/03\/las-abogadas-de-wanda-e-icardi-frente-a-frente-el-escandalo-amoroso-del-ano-y-la-figura-de-las-leonas-invaden-la-tv\/","name":"Las abogadas de Wanda e Icardi frente a frente, el esc\u00e1ndalo amoroso del a\u00f1o y la figura de Las Leonas invaden la TV - Lobos News","isPartOf":{"@id":"https:\/\/lobosnews.com.ar\/#website"},"primaryImageOfPage":{"@id":"https:\/\/lobosnews.com.ar\/index.php\/2026\/09\/03\/las-abogadas-de-wanda-e-icardi-frente-a-frente-el-escandalo-amoroso-del-ano-y-la-figura-de-las-leonas-invaden-la-tv\/#primaryimage"},"image":{"@id":"https:\/\/lobosnews.com.ar\/index.php\/2026\/09\/03\/las-abogadas-de-wanda-e-icardi-frente-a-frente-el-escandalo-amoroso-del-ano-y-la-figura-de-las-leonas-invaden-la-tv\/#primaryimage"},"thumbnailUrl":"https:\/\/lobosnews.com.ar\/wp-content\/uploads\/2026\/09\/las-abogadas-de-wanda-e-icardi-frente-a-frente-el-escandalo-amoroso-del-ano-y-la-figura-de-las-leonas-invaden-la-tv-6.jpg","datePublished":"2026-09-03T21:01:19+00:00","dateModified":"2026-09-03T21:40:15+00:00","breadcrumb":{"@id":"https:\/\/lobosnews.com.ar\/index.php\/2026\/09\/03\/las-abogadas-de-wanda-e-icardi-frente-a-frente-el-escandalo-amoroso-del-ano-y-la-figura-de-las-leonas-invaden-la-tv\/#breadcrumb"},"inLanguage":"es","potentialAction":[{"@type":"ReadAction","target":["https:\/\/lobosnews.com.ar\/index.php\/2026\/09\/03\/las-abogadas-de-wanda-e-icardi-frente-a-frente-el-escandalo-amoroso-del-ano-y-la-figura-de-las-leonas-invaden-la-tv\/"]}]},{"@type":"ImageObject","inLanguage":"es","@id":"https:\/\/lobosnews.com.ar\/index.php\/2026\/09\/03\/las-abogadas-de-wanda-e-icardi-frente-a-frente-el-escandalo-amoroso-del-ano-y-la-figura-de-las-leonas-invaden-la-tv\/#primaryimage","url":"https:\/\/lobosnews.com.ar\/wp-content\/uploads\/2026\/09\/las-abogadas-de-wanda-e-icardi-frente-a-frente-el-escandalo-amoroso-del-ano-y-la-figura-de-las-leonas-invaden-la-tv-6.jpg","contentUrl":"https:\/\/lobosnews.com.ar\/wp-content\/uploads\/2026\/09\/las-abogadas-de-wanda-e-icardi-frente-a-frente-el-escandalo-amoroso-del-ano-y-la-figura-de-las-leonas-invaden-la-tv-6.jpg","width":1066,"height":1599,"caption":"Las abogadas de Wanda e Icardi frente a frente, el esc\u00e1ndalo amoroso del a\u00f1o y la figura de Las Leonas invaden la TV"},{"@type":"BreadcrumbList","@id":"https:\/\/lobosnews.com.ar\/index.php\/2026\/09\/03\/las-abogadas-de-wanda-e-icardi-frente-a-frente-el-escandalo-amoroso-del-ano-y-la-figura-de-las-leonas-invaden-la-tv\/#breadcrumb","itemListElement":[{"@type":"ListItem","position":1,"name":"Portada","item":"https:\/\/lobosnews.com.ar\/"},{"@type":"ListItem","position":2,"name":"Las abogadas de Wanda e Icardi frente a frente, el esc\u00e1ndalo amoroso del a\u00f1o y la figura de Las Leonas invaden la TV"}]},{"@type":"WebSite","@id":"https:\/\/lobosnews.com.ar\/#website","url":"https:\/\/lobosnews.com.ar\/","name":"Lobos News","description":"Informaci\u00f3n a cada instante","publisher":{"@id":"https:\/\/lobosnews.com.ar\/#organization"},"potentialAction":[{"@type":"SearchAction","target":{"@type":"EntryPoint","urlTemplate":"https:\/\/lobosnews.com.ar\/?s={search_term_string}"},"query-input":{"@type":"PropertyValueSpecification","valueRequired":true,"valueName":"search_term_string"}}],"inLanguage":"es"},{"@type":"Organization","@id":"https:\/\/lobosnews.com.ar\/#organization","name":"Lobos News","url":"https:\/\/lobosnews.com.ar\/","logo":{"@type":"ImageObject","inLanguage":"es","@id":"https:\/\/lobosnews.com.ar\/#\/schema\/logo\/image\/","url":"https:\/\/lobosnews.com.ar\/wp-content\/uploads\/2026\/01\/logo-lobosnews.png","contentUrl":"https:\/\/lobosnews.com.ar\/wp-content\/uploads\/2026\/01\/logo-lobosnews.png","width":500,"height":200,"caption":"Lobos News"},"image":{"@id":"https:\/\/lobosnews.com.ar\/#\/schema\/logo\/image\/"}},{"@type":"Person","@id":"https:\/\/lobosnews.com.ar\/#\/schema\/person\/232422a593d5c541dd9aef6aaed10943","name":"admin","image":{"@type":"ImageObject","inLanguage":"es","@id":"https:\/\/secure.gravatar.com\/avatar\/76e419471a2083bc3ceab22a763dbbf9b0c1bd15a6214cf3280e2c2dde4580f9?s=96&d=mm&r=g","url":"https:\/\/secure.gravatar.com\/avatar\/76e419471a2083bc3ceab22a763dbbf9b0c1bd15a6214cf3280e2c2dde4580f9?s=96&d=mm&r=g","contentUrl":"https:\/\/secure.gravatar.com\/avatar\/76e419471a2083bc3ceab22a763dbbf9b0c1bd15a6214cf3280e2c2dde4580f9?s=96&d=mm&r=g","caption":"admin"},"sameAs":["https:\/\/lobosnews.com.ar"],"url":"https:\/\/lobosnews.com.ar\/index.php\/author\/lobos-news\/"}]}},"jetpack_featured_media_url":"https:\/\/lobosnews.com.ar\/wp-content\/uploads\/2026\/09\/las-abogadas-de-wanda-e-icardi-frente-a-frente-el-escandalo-amoroso-del-ano-y-la-figura-de-las-leonas-invaden-la-tv-6.jpg","jetpack_sharing_enabled":true,"_links":{"self":[{"href":"https:\/\/lobosnews.com.ar\/index.php\/wp-json\/wp\/v2\/posts\/97109","targetHints":{"allow":["GET"]}}],"collection":[{"href":"https:\/\/lobosnews.com.ar\/index.php\/wp-json\/wp\/v2\/posts"}],"about":[{"href":"https:\/\/lobosnews.com.ar\/index.php\/wp-json\/wp\/v2\/types\/post"}],"author":[{"embeddable":true,"href":"https:\/\/lobosnews.com.ar\/index.php\/wp-json\/wp\/v2\/users\/1"}],"replies":[{"embeddable":true,"href":"https:\/\/lobosnews.com.ar\/index.php\/wp-json\/wp\/v2\/comments?post=97109"}],"version-history":[{"count":1,"href":"https:\/\/lobosnews.com.ar\/index.php\/wp-json\/wp\/v2\/posts\/97109\/revisions"}],"predecessor-version":[{"id":97114,"href":"https:\/\/lobosnews.com.ar\/index.php\/wp-json\/wp\/v2\/posts\/97109\/revisions\/97114"}],"wp:featuredmedia":[{"embeddable":true,"href":"https:\/\/lobosnews.com.ar\/index.php\/wp-json\/wp\/v2\/media\/97115"}],"wp:attachment":[{"href":"https:\/\/lobosnews.com.ar\/index.php\/wp-json\/wp\/v2\/media?parent=97109"}],"wp:term":[{"taxonomy":"category","embeddable":true,"href":"https:\/\/lobosnews.com.ar\/index.php\/wp-json\/wp\/v2\/categories?post=97109"},{"taxonomy":"post_tag","embeddable":true,"href":"https:\/\/lobosnews.com.ar\/index.php\/wp-json\/wp\/v2\/tags?post=97109"}],"curies":[{"name":"wp","href":"https:\/\/api.w.org\/{rel}","templated":true}]}}