{"id":97083,"date":"2026-09-03T21:09:26","date_gmt":"2026-09-03T21:09:26","guid":{"rendered":"https:\/\/lobosnews.com.ar\/?p=97083"},"modified":"2026-09-03T21:39:50","modified_gmt":"2026-09-03T21:39:50","slug":"que-cambia-para-las-empresas-extranjeras-en-cuba-desde-este-3-de-septiembre-con-el-decreto-ley-128","status":"publish","type":"post","link":"https:\/\/lobosnews.com.ar\/index.php\/2026\/09\/03\/que-cambia-para-las-empresas-extranjeras-en-cuba-desde-este-3-de-septiembre-con-el-decreto-ley-128\/","title":{"rendered":"Qu\u00e9 cambia para las empresas extranjeras en Cuba desde este 3 de septiembre con el Decreto-Ley 128"},"content":{"rendered":"<p><img fetchpriority=\"high\" decoding=\"async\" src=\"https:\/\/lobosnews.com.ar\/wp-content\/uploads\/2026\/09\/que-cambia-para-las-empresas-extranjeras-en-cuba-desde-este-3-de-septiembre-con-el-decreto-ley-128.jpg\" alt=\"Un hombre pasa en un bicitaxi junto a unos coches antiguos aparcados que suelen utilizarse para el transporte p\u00fablico, mientras Cuba abre con cautela su sector energ\u00e9tico a la inversi\u00f3n privada, desde que Estados Unidos impuso un bloqueo petrolero contra el Gobierno de la isla, aunque autoriz\u00f3 a las empresas estadounidenses a exportar combustible a empresas privadas, en La Habana, Cuba, el 21 de julio de 2026. REUTERS\/Norlys P\u00e9rez\" height=\"3667\" width=\"5500\"\/><\/p>\n<p>El <b>Gobierno de Cuba elimina intermediarios estatales<\/b> en la contrataci\u00f3n de personal para empresas extranjeras y les permite operar cuentas bancarias fuera de la isla sin autorizaci\u00f3n previa del Banco Central. <b>Las decisiones entraron en vigor el 3 de septiembre mediante el Decreto-Ley 128,<\/b> publicado en la Gaceta Oficial.<\/p>\n<p><b>La norma permite que las sociedades mixtas y las compa\u00f1\u00edas con capital totalmente extranjero incorporen trabajadores de forma directa. Tambi\u00e9n habilita el pago de bonificaciones o gratificaciones en moneda extranjera<\/b>, seg\u00fan inform\u00f3 <i>EFE<\/i>, agencia espa\u00f1ola.<\/p>\n<p>Las reformas apuntan a reducir controles que hasta ahora condicionaban la actividad de <span class=\"waslinkname\">inversores extranjeros<\/span> y del sector privado cubano. <b>El cambio incluye la apertura de agencias de viajes privadas, nuevas facilidades para el comercio exterior y est\u00edmulos tributarios destinados a proyectos de ecoturismo.<\/b><\/p>\n<h2>Las empresas extranjeras podr\u00e1n contratar sin agencias estatales<\/h2>\n<p>El cambio laboral termina con la obligaci\u00f3n de recurrir a agencias empleadoras estatales para incorporar personal cubano. Ese mecanismo hab\u00eda concentrado en el Estado la intermediaci\u00f3n entre las compa\u00f1\u00edas internacionales y sus trabajadores locales.<\/p>\n<p>A partir de la nueva regulaci\u00f3n, <b>las empresas mixtas y las de capital extranjero podr\u00e1n establecer una relaci\u00f3n directa con sus empleados.<\/b> La disposici\u00f3n tambi\u00e9n contempla incentivos salariales en divisas.<\/p>\n<p><img loading=\"lazy\" decoding=\"async\" src=\"https:\/\/lobosnews.com.ar\/wp-content\/uploads\/2026\/09\/que-cambia-para-las-empresas-extranjeras-en-cuba-desde-este-3-de-septiembre-con-el-decreto-ley-128-1.jpg\" alt=\"FOTO DE ARCHIVO. Personas esperan en fila para ingresar a una tienda de Etecsa, la empresa estatal cubana que brinda servicios de telefon\u00eda y comunicaciones, La Habana, Cuba, 9 de febrero de 2023. REUTERS\/Alexandre Meneghini\" height=\"542\" width=\"800\"\/><\/p>\n<p>La flexibilizaci\u00f3n forma parte de un paquete de <span class=\"waslinkname\"><b>176 transformaciones econ\u00f3micas y sociales<\/b><\/span> aprobadas por el Gobierno cubano en junio. Las autoridades presentaron esas medidas como un intento de descentralizar la econom\u00eda y captar inversiones en medio de la crisis que afecta al pa\u00eds.<\/p>\n<p>Durante una conferencia de prensa, el viceprimer ministro y ministro de Comercio Exterior, <b>\u00d3scar P\u00e9rez-Oliva<\/b>, sostuvo ante <i>EFE<\/i> que las nuevas disposiciones \u201c<b>podr\u00edan tener un impacto en la econom\u00eda a corto plazo\u201d. <\/b>El funcionario evit\u00f3 anticipar resultados y se\u00f1al\u00f3 que la situaci\u00f3n externa condicionar\u00e1 su alcance.<\/p>\n<p>P\u00e9rez-Oliva afirm\u00f3 que las decisiones \u201c<b>van en el camino correcto\u201d<\/b> y cit\u00f3 tres v\u00edas para impulsar la recuperaci\u00f3n: las asociaciones entre empresarios privados y capital extranjero, el comercio exterior directo de las empresas privadas y las alianzas entre entidades p\u00fablicas y particulares.<\/p>\n<h2>Las cuentas en el exterior requerir\u00e1n aviso y auditor\u00eda<\/h2>\n<p>El Decreto-Ley 128 elimina el permiso previo del <b>Banco Central de Cuba <\/b>para que las empresas abran y administren cuentas bancarias en el exterior. Las compa\u00f1\u00edas deber\u00e1n informar la apertura dentro de los siete d\u00edas posteriores y someter sus movimientos a auditor\u00edas.<\/p>\n<p><img loading=\"lazy\" decoding=\"async\" src=\"https:\/\/lobosnews.com.ar\/wp-content\/uploads\/2026\/09\/que-cambia-para-las-empresas-extranjeras-en-cuba-desde-este-3-de-septiembre-con-el-decreto-ley-128-2.jpg\" alt=\"Una compradora empuja su carro en una tienda de comestibles privada, a la que se conoce como el \"Costo Cubano\", en La Habana, Cuba, el 9 de noviembre de 2023. (AP Foto\/Ram\u00f3n Espinosa)\" height=\"1080\" width=\"1920\"\/><\/p>\n<p><b>El nuevo esquema tambi\u00e9n prev\u00e9 una digitalizaci\u00f3n de los procedimientos de importaci\u00f3n y exportaci\u00f3n<\/b>. La intenci\u00f3n declarada es acortar tr\u00e1mites y facilitar las operaciones de las empresas que participan en negocios internacionales.<\/p>\n<p>El <b>Ministerio de Econom\u00eda y Planificaci\u00f3n <\/b>ya hab\u00eda informado en agosto sobre otras modificaciones al reglamento de inversi\u00f3n extranjera. Entre ellas figuraban la reducci\u00f3n de plazos administrativos, la simplificaci\u00f3n de la documentaci\u00f3n exigida y cambios en la gesti\u00f3n de empresas mixtas.<\/p>\n<p>La apertura de cuentas fuera del pa\u00eds llega en un momento en que la falta de divisas, combustible e insumos limita la producci\u00f3n y los servicios. <\/p>\n<p><b>Las sanciones estadounidenses y las restricciones sobre suministros energ\u00e9ticos han agravado la presi\u00f3n sobre la econom\u00eda cubana<\/b>, aunque analistas tambi\u00e9n atribuyen la crisis a problemas estructurales internos.<\/p>\n<p>El viceprimer ministro aludi\u00f3 a las <b>\u201cpresiones sobre transportistas internacionales\u201d <\/b>y sostuvo que ese escenario encarece los costos de producci\u00f3n y de los servicios p\u00fablicos. <\/p>\n<p>Sus declaraciones se produjeron tras meses de medidas de Washington contra sectores estatales cubanos y contra el suministro de petr\u00f3leo a la isla.<\/p>\n<h2>El sector privado podr\u00e1 abrir agencias de viajes<\/h2>\n<p>Las nuevas disposiciones alcanzan al turismo, una actividad que el Gobierno identifica como fuente de ingresos externos. <b>El sector privado podr\u00e1 crear agencias de viajes de distintas escalas, desde microempresas hasta firmas de mayor tama\u00f1o.<\/b><\/p>\n<p>La norma tambi\u00e9n establece incentivos para inversiones vinculadas al ecoturismo en \u00e1reas priorizadas para la conservaci\u00f3n y en entornos patrimoniales. Los proyectos de ese tipo tendr\u00e1n una tasa impositiva de <b>25% sobre los beneficios<\/b>.<\/p>\n<p>Adem\u00e1s, quedar\u00e1n exentos de aranceles aduaneros los equipos importados para esas inversiones. Las utilidades reinvertidas en la propia actividad no pagar\u00e1n impuestos, seg\u00fan la informaci\u00f3n difundida por <i>EFE<\/i>.<\/p>\n<p>El director jur\u00eddico del Ministerio de Turismo, <b>Juan Jos\u00e9 \u00c1lvarez<\/b>, dijo a la agencia que destinos como <b>Vi\u00f1ales, Trinidad y la Ci\u00e9naga de Zapata<\/b> impulsan este tipo de propuestas desde hace a\u00f1os. A su juicio, las condiciones actuales del sector permiten ampliar esa posibilidad.<\/p>\n<p>La expansi\u00f3n del turismo privado se anuncia mientras la actividad enfrenta dificultades por la escasez de combustible y la reducci\u00f3n de operaciones. <i>Reuters<\/i>, agencia brit\u00e1nica, inform\u00f3 en julio que funcionarios cubanos se\u00f1alaron que cerca de <b>tres cuartas partes de los hoteles<\/b> del pa\u00eds estaban cerrados, en parte por las limitaciones energ\u00e9ticas y la salida de grupos hoteleros internacionales.<\/p>\n<p><img loading=\"lazy\" decoding=\"async\" src=\"https:\/\/lobosnews.com.ar\/wp-content\/uploads\/2026\/09\/que-cambia-para-las-empresas-extranjeras-en-cuba-desde-este-3-de-septiembre-con-el-decreto-ley-128-3.jpg\" alt=\"Fotograf\u00eda del 6 de Junio de 2026 de edificios y hoteles en La Habana (Cuba) (EFE\/ Ernesto Mastrascusa)\" height=\"1280\" width=\"1920\"\/><\/p>\n<h2>Otras normas ampl\u00edan el espacio para las empresas privadas<\/h2>\n<p>La entrada en vigor del Decreto-Ley 128 se sum\u00f3 a otras decisiones de los \u00faltimos d\u00edas. El Decreto-Ley 130 flexibiliz\u00f3 y actualiz\u00f3 el r\u00e9gimen de tierras y propiedad.<\/p>\n<p>El Decreto-Ley 133, vigente desde el 2 de septiembre, autoriz\u00f3 la creaci\u00f3n de empresas privadas con m\u00e1s de <span class=\"waslinkname\"><b>100 trabajadores<\/b><\/span>. Tambi\u00e9n habilit\u00f3 la participaci\u00f3n de cubanos residentes en el exterior en el ecosistema empresarial de la isla.<\/p>\n<p>La semana anterior, las autoridades hab\u00edan aprobado la posibilidad de <span class=\"waslinkname\">establecer cadenas comerciales<\/span>. El conjunto de normas ampl\u00eda el margen operativo del sector privado, aunque el Estado mantiene el control de \u00e1reas que considera estrat\u00e9gicas.<\/p>\n<p><b>Miguel D\u00edaz-Canel<\/b> hab\u00eda se\u00f1alado en julio que las reformas no implicar\u00edan una privatizaci\u00f3n masiva de activos nacionales. El dictador excluy\u00f3 de esa posibilidad a sectores como la salud, la ciencia, la cultura y servicios estrat\u00e9gicos.<\/p>\n<p>La aplicaci\u00f3n de las medidas ocurre despu\u00e9s de <b>seis a\u00f1os de deterioro econ\u00f3mico<\/b>. La falta de combustible, los apagones, la contracci\u00f3n de la actividad tur\u00edstica y la escasez de bienes b\u00e1sicos forman parte del escenario que el Gobierno busca aliviar con la apertura a nuevos actores privados y capitales externos.<\/p>\n","protected":false},"excerpt":{"rendered":"<p>El Gobierno de Cuba elimina intermediarios estatales en la contrataci\u00f3n de personal para empresas extranjeras y les permite operar cuentas bancarias fuera de la isla sin autorizaci\u00f3n previa del Banco Central. Las decisiones entraron en vigor el 3 de septiembre mediante el Decreto-Ley 128, publicado en la Gaceta Oficial. La norma permite que las sociedades&#8230;<\/p>\n","protected":false},"author":1,"featured_media":97089,"comment_status":"open","ping_status":"closed","sticky":false,"template":"","format":"standard","meta":{"_jetpack_newsletter_access":"","_jetpack_dont_email_post_to_subs":false,"_jetpack_newsletter_tier_id":0,"_jetpack_memberships_contains_paywalled_content":false,"_jetpack_memberships_contains_paid_content":false,"footnotes":"","jetpack_post_was_ever_published":false},"categories":[31],"tags":[],"class_list":["post-97083","post","type-post","status-publish","format-standard","has-post-thumbnail","hentry","category-actualidad"],"magazineBlocksPostFeaturedMedia":{"thumbnail":"https:\/\/lobosnews.com.ar\/wp-content\/uploads\/2026\/09\/que-cambia-para-las-empresas-extranjeras-en-cuba-desde-este-3-de-septiembre-con-el-decreto-ley-128-6-150x150.jpg","medium":"https:\/\/lobosnews.com.ar\/wp-content\/uploads\/2026\/09\/que-cambia-para-las-empresas-extranjeras-en-cuba-desde-este-3-de-septiembre-con-el-decreto-ley-128-6-300x200.jpg","medium_large":"https:\/\/lobosnews.com.ar\/wp-content\/uploads\/2026\/09\/que-cambia-para-las-empresas-extranjeras-en-cuba-desde-este-3-de-septiembre-con-el-decreto-ley-128-6-768x512.jpg","large":"https:\/\/lobosnews.com.ar\/wp-content\/uploads\/2026\/09\/que-cambia-para-las-empresas-extranjeras-en-cuba-desde-este-3-de-septiembre-con-el-decreto-ley-128-6-1024x683.jpg","1536x1536":"https:\/\/lobosnews.com.ar\/wp-content\/uploads\/2026\/09\/que-cambia-para-las-empresas-extranjeras-en-cuba-desde-este-3-de-septiembre-con-el-decreto-ley-128-6-1536x1024.jpg","2048x2048":"https:\/\/lobosnews.com.ar\/wp-content\/uploads\/2026\/09\/que-cambia-para-las-empresas-extranjeras-en-cuba-desde-este-3-de-septiembre-con-el-decreto-ley-128-6.jpg","newsmatic-featured":"https:\/\/lobosnews.com.ar\/wp-content\/uploads\/2026\/09\/que-cambia-para-las-empresas-extranjeras-en-cuba-desde-este-3-de-septiembre-con-el-decreto-ley-128-6-820x545.jpg","newsmatic-list":"https:\/\/lobosnews.com.ar\/wp-content\/uploads\/2026\/09\/que-cambia-para-las-empresas-extranjeras-en-cuba-desde-este-3-de-septiembre-con-el-decreto-ley-128-6-600x400.jpg","newsmatic-thumb":"https:\/\/lobosnews.com.ar\/wp-content\/uploads\/2026\/09\/que-cambia-para-las-empresas-extranjeras-en-cuba-desde-este-3-de-septiembre-con-el-decreto-ley-128-6-300x200.jpg","newsmatic-small":"https:\/\/lobosnews.com.ar\/wp-content\/uploads\/2026\/09\/que-cambia-para-las-empresas-extranjeras-en-cuba-desde-este-3-de-septiembre-con-el-decreto-ley-128-6-150x95.jpg","newsmatic-grid":"https:\/\/lobosnews.com.ar\/wp-content\/uploads\/2026\/09\/que-cambia-para-las-empresas-extranjeras-en-cuba-desde-este-3-de-septiembre-con-el-decreto-ley-128-6-400x250.jpg"},"magazineBlocksPostAuthor":{"name":"admin","avatar":"https:\/\/secure.gravatar.com\/avatar\/76e419471a2083bc3ceab22a763dbbf9b0c1bd15a6214cf3280e2c2dde4580f9?s=96&d=mm&r=g"},"magazineBlocksPostCommentsNumber":"0","magazineBlocksPostExcerpt":"El Gobierno de Cuba elimina intermediarios estatales en la contrataci\u00f3n de personal para empresas extranjeras y les permite operar cuentas bancarias fuera de la isla sin autorizaci\u00f3n previa del Banco Central. Las decisiones entraron en vigor el 3 de septiembre mediante el Decreto-Ley 128, publicado en la Gaceta Oficial. La norma permite que las sociedades...","magazineBlocksPostCategories":["Actualidad"],"magazineBlocksPostViewCount":88,"magazineBlocksPostReadTime":6,"magazine_blocks_featured_image_url":{"full":["https:\/\/lobosnews.com.ar\/wp-content\/uploads\/2026\/09\/que-cambia-para-las-empresas-extranjeras-en-cuba-desde-este-3-de-septiembre-con-el-decreto-ley-128-6.jpg",1920,1280,false],"medium":["https:\/\/lobosnews.com.ar\/wp-content\/uploads\/2026\/09\/que-cambia-para-las-empresas-extranjeras-en-cuba-desde-este-3-de-septiembre-con-el-decreto-ley-128-6-300x200.jpg",300,200,true],"thumbnail":["https:\/\/lobosnews.com.ar\/wp-content\/uploads\/2026\/09\/que-cambia-para-las-empresas-extranjeras-en-cuba-desde-este-3-de-septiembre-con-el-decreto-ley-128-6-150x150.jpg",150,150,true]},"magazine_blocks_author":{"display_name":"admin","author_link":"https:\/\/lobosnews.com.ar\/index.php\/author\/lobos-news\/"},"magazine_blocks_comment":0,"magazine_blocks_author_image":"https:\/\/secure.gravatar.com\/avatar\/76e419471a2083bc3ceab22a763dbbf9b0c1bd15a6214cf3280e2c2dde4580f9?s=96&d=mm&r=g","magazine_blocks_category":"<a href=\"#\" class=\"category-link category-link-31\">Actualidad<\/a>","yoast_head":"<!-- This site is optimized with the Yoast SEO plugin v28.0 - https:\/\/yoast.com\/product\/yoast-seo-wordpress\/ -->\n<title>Qu\u00e9 cambia para las empresas extranjeras en Cuba desde este 3 de septiembre con el Decreto-Ley 128 - Lobos News<\/title>\n<meta name=\"robots\" content=\"index, follow, max-snippet:-1, max-image-preview:large, max-video-preview:-1\" \/>\n<link rel=\"canonical\" href=\"https:\/\/lobosnews.com.ar\/index.php\/2026\/09\/03\/que-cambia-para-las-empresas-extranjeras-en-cuba-desde-este-3-de-septiembre-con-el-decreto-ley-128\/\" \/>\n<meta property=\"og:locale\" content=\"es_ES\" \/>\n<meta property=\"og:type\" content=\"article\" \/>\n<meta property=\"og:title\" content=\"Qu\u00e9 cambia para las empresas extranjeras en Cuba desde este 3 de septiembre con el Decreto-Ley 128 - Lobos News\" \/>\n<meta property=\"og:description\" content=\"El Gobierno de Cuba elimina intermediarios estatales en la contrataci\u00f3n de personal para empresas extranjeras y les permite operar cuentas bancarias fuera de la isla sin autorizaci\u00f3n previa del Banco Central. Las decisiones entraron en vigor el 3 de septiembre mediante el Decreto-Ley 128, publicado en la Gaceta Oficial. La norma permite que las sociedades...\" \/>\n<meta property=\"og:url\" content=\"https:\/\/lobosnews.com.ar\/index.php\/2026\/09\/03\/que-cambia-para-las-empresas-extranjeras-en-cuba-desde-este-3-de-septiembre-con-el-decreto-ley-128\/\" \/>\n<meta property=\"og:site_name\" content=\"Lobos News\" \/>\n<meta property=\"article:published_time\" content=\"2026-09-03T21:09:26+00:00\" \/>\n<meta property=\"article:modified_time\" content=\"2026-09-03T21:39:50+00:00\" \/>\n<meta property=\"og:image\" content=\"https:\/\/lobosnews.com.ar\/wp-content\/uploads\/2026\/09\/que-cambia-para-las-empresas-extranjeras-en-cuba-desde-este-3-de-septiembre-con-el-decreto-ley-128-6.jpg\" \/>\n\t<meta property=\"og:image:width\" content=\"1920\" \/>\n\t<meta property=\"og:image:height\" content=\"1280\" \/>\n\t<meta property=\"og:image:type\" content=\"image\/jpeg\" \/>\n<meta name=\"author\" content=\"admin\" \/>\n<meta name=\"twitter:card\" content=\"summary_large_image\" \/>\n<meta name=\"twitter:label1\" content=\"Escrito por\" \/>\n\t<meta name=\"twitter:data1\" content=\"admin\" \/>\n\t<meta name=\"twitter:label2\" content=\"Tiempo de lectura\" \/>\n\t<meta name=\"twitter:data2\" content=\"5 minutos\" \/>\n<script type=\"application\/ld+json\" class=\"yoast-schema-graph\">{\"@context\":\"https:\\\/\\\/schema.org\",\"@graph\":[{\"@type\":\"Article\",\"@id\":\"https:\\\/\\\/lobosnews.com.ar\\\/index.php\\\/2026\\\/09\\\/03\\\/que-cambia-para-las-empresas-extranjeras-en-cuba-desde-este-3-de-septiembre-con-el-decreto-ley-128\\\/#article\",\"isPartOf\":{\"@id\":\"https:\\\/\\\/lobosnews.com.ar\\\/index.php\\\/2026\\\/09\\\/03\\\/que-cambia-para-las-empresas-extranjeras-en-cuba-desde-este-3-de-septiembre-con-el-decreto-ley-128\\\/\"},\"author\":{\"name\":\"admin\",\"@id\":\"https:\\\/\\\/lobosnews.com.ar\\\/#\\\/schema\\\/person\\\/232422a593d5c541dd9aef6aaed10943\"},\"headline\":\"Qu\u00e9 cambia para las empresas extranjeras en Cuba desde este 3 de septiembre con el Decreto-Ley 128\",\"datePublished\":\"2026-09-03T21:09:26+00:00\",\"dateModified\":\"2026-09-03T21:39:50+00:00\",\"mainEntityOfPage\":{\"@id\":\"https:\\\/\\\/lobosnews.com.ar\\\/index.php\\\/2026\\\/09\\\/03\\\/que-cambia-para-las-empresas-extranjeras-en-cuba-desde-este-3-de-septiembre-con-el-decreto-ley-128\\\/\"},\"wordCount\":1064,\"commentCount\":0,\"publisher\":{\"@id\":\"https:\\\/\\\/lobosnews.com.ar\\\/#organization\"},\"image\":{\"@id\":\"https:\\\/\\\/lobosnews.com.ar\\\/index.php\\\/2026\\\/09\\\/03\\\/que-cambia-para-las-empresas-extranjeras-en-cuba-desde-este-3-de-septiembre-con-el-decreto-ley-128\\\/#primaryimage\"},\"thumbnailUrl\":\"https:\\\/\\\/lobosnews.com.ar\\\/wp-content\\\/uploads\\\/2026\\\/09\\\/que-cambia-para-las-empresas-extranjeras-en-cuba-desde-este-3-de-septiembre-con-el-decreto-ley-128-6.jpg\",\"articleSection\":[\"Actualidad\"],\"inLanguage\":\"es\",\"potentialAction\":[{\"@type\":\"CommentAction\",\"name\":\"Comment\",\"target\":[\"https:\\\/\\\/lobosnews.com.ar\\\/index.php\\\/2026\\\/09\\\/03\\\/que-cambia-para-las-empresas-extranjeras-en-cuba-desde-este-3-de-septiembre-con-el-decreto-ley-128\\\/#respond\"]}]},{\"@type\":\"WebPage\",\"@id\":\"https:\\\/\\\/lobosnews.com.ar\\\/index.php\\\/2026\\\/09\\\/03\\\/que-cambia-para-las-empresas-extranjeras-en-cuba-desde-este-3-de-septiembre-con-el-decreto-ley-128\\\/\",\"url\":\"https:\\\/\\\/lobosnews.com.ar\\\/index.php\\\/2026\\\/09\\\/03\\\/que-cambia-para-las-empresas-extranjeras-en-cuba-desde-este-3-de-septiembre-con-el-decreto-ley-128\\\/\",\"name\":\"Qu\u00e9 cambia para las empresas extranjeras en Cuba desde este 3 de septiembre con el Decreto-Ley 128 - Lobos News\",\"isPartOf\":{\"@id\":\"https:\\\/\\\/lobosnews.com.ar\\\/#website\"},\"primaryImageOfPage\":{\"@id\":\"https:\\\/\\\/lobosnews.com.ar\\\/index.php\\\/2026\\\/09\\\/03\\\/que-cambia-para-las-empresas-extranjeras-en-cuba-desde-este-3-de-septiembre-con-el-decreto-ley-128\\\/#primaryimage\"},\"image\":{\"@id\":\"https:\\\/\\\/lobosnews.com.ar\\\/index.php\\\/2026\\\/09\\\/03\\\/que-cambia-para-las-empresas-extranjeras-en-cuba-desde-este-3-de-septiembre-con-el-decreto-ley-128\\\/#primaryimage\"},\"thumbnailUrl\":\"https:\\\/\\\/lobosnews.com.ar\\\/wp-content\\\/uploads\\\/2026\\\/09\\\/que-cambia-para-las-empresas-extranjeras-en-cuba-desde-este-3-de-septiembre-con-el-decreto-ley-128-6.jpg\",\"datePublished\":\"2026-09-03T21:09:26+00:00\",\"dateModified\":\"2026-09-03T21:39:50+00:00\",\"breadcrumb\":{\"@id\":\"https:\\\/\\\/lobosnews.com.ar\\\/index.php\\\/2026\\\/09\\\/03\\\/que-cambia-para-las-empresas-extranjeras-en-cuba-desde-este-3-de-septiembre-con-el-decreto-ley-128\\\/#breadcrumb\"},\"inLanguage\":\"es\",\"potentialAction\":[{\"@type\":\"ReadAction\",\"target\":[\"https:\\\/\\\/lobosnews.com.ar\\\/index.php\\\/2026\\\/09\\\/03\\\/que-cambia-para-las-empresas-extranjeras-en-cuba-desde-este-3-de-septiembre-con-el-decreto-ley-128\\\/\"]}]},{\"@type\":\"ImageObject\",\"inLanguage\":\"es\",\"@id\":\"https:\\\/\\\/lobosnews.com.ar\\\/index.php\\\/2026\\\/09\\\/03\\\/que-cambia-para-las-empresas-extranjeras-en-cuba-desde-este-3-de-septiembre-con-el-decreto-ley-128\\\/#primaryimage\",\"url\":\"https:\\\/\\\/lobosnews.com.ar\\\/wp-content\\\/uploads\\\/2026\\\/09\\\/que-cambia-para-las-empresas-extranjeras-en-cuba-desde-este-3-de-septiembre-con-el-decreto-ley-128-6.jpg\",\"contentUrl\":\"https:\\\/\\\/lobosnews.com.ar\\\/wp-content\\\/uploads\\\/2026\\\/09\\\/que-cambia-para-las-empresas-extranjeras-en-cuba-desde-este-3-de-septiembre-con-el-decreto-ley-128-6.jpg\",\"width\":1920,\"height\":1280,\"caption\":\"Qu\u00e9 cambia para las empresas extranjeras en Cuba desde este 3 de septiembre con el Decreto-Ley 128\"},{\"@type\":\"BreadcrumbList\",\"@id\":\"https:\\\/\\\/lobosnews.com.ar\\\/index.php\\\/2026\\\/09\\\/03\\\/que-cambia-para-las-empresas-extranjeras-en-cuba-desde-este-3-de-septiembre-con-el-decreto-ley-128\\\/#breadcrumb\",\"itemListElement\":[{\"@type\":\"ListItem\",\"position\":1,\"name\":\"Portada\",\"item\":\"https:\\\/\\\/lobosnews.com.ar\\\/\"},{\"@type\":\"ListItem\",\"position\":2,\"name\":\"Qu\u00e9 cambia para las empresas extranjeras en Cuba desde este 3 de septiembre con el Decreto-Ley 128\"}]},{\"@type\":\"WebSite\",\"@id\":\"https:\\\/\\\/lobosnews.com.ar\\\/#website\",\"url\":\"https:\\\/\\\/lobosnews.com.ar\\\/\",\"name\":\"Lobos News\",\"description\":\"Informaci\u00f3n a cada instante\",\"publisher\":{\"@id\":\"https:\\\/\\\/lobosnews.com.ar\\\/#organization\"},\"potentialAction\":[{\"@type\":\"SearchAction\",\"target\":{\"@type\":\"EntryPoint\",\"urlTemplate\":\"https:\\\/\\\/lobosnews.com.ar\\\/?s={search_term_string}\"},\"query-input\":{\"@type\":\"PropertyValueSpecification\",\"valueRequired\":true,\"valueName\":\"search_term_string\"}}],\"inLanguage\":\"es\"},{\"@type\":\"Organization\",\"@id\":\"https:\\\/\\\/lobosnews.com.ar\\\/#organization\",\"name\":\"Lobos News\",\"url\":\"https:\\\/\\\/lobosnews.com.ar\\\/\",\"logo\":{\"@type\":\"ImageObject\",\"inLanguage\":\"es\",\"@id\":\"https:\\\/\\\/lobosnews.com.ar\\\/#\\\/schema\\\/logo\\\/image\\\/\",\"url\":\"https:\\\/\\\/lobosnews.com.ar\\\/wp-content\\\/uploads\\\/2026\\\/01\\\/logo-lobosnews.png\",\"contentUrl\":\"https:\\\/\\\/lobosnews.com.ar\\\/wp-content\\\/uploads\\\/2026\\\/01\\\/logo-lobosnews.png\",\"width\":500,\"height\":200,\"caption\":\"Lobos News\"},\"image\":{\"@id\":\"https:\\\/\\\/lobosnews.com.ar\\\/#\\\/schema\\\/logo\\\/image\\\/\"}},{\"@type\":\"Person\",\"@id\":\"https:\\\/\\\/lobosnews.com.ar\\\/#\\\/schema\\\/person\\\/232422a593d5c541dd9aef6aaed10943\",\"name\":\"admin\",\"image\":{\"@type\":\"ImageObject\",\"inLanguage\":\"es\",\"@id\":\"https:\\\/\\\/secure.gravatar.com\\\/avatar\\\/76e419471a2083bc3ceab22a763dbbf9b0c1bd15a6214cf3280e2c2dde4580f9?s=96&d=mm&r=g\",\"url\":\"https:\\\/\\\/secure.gravatar.com\\\/avatar\\\/76e419471a2083bc3ceab22a763dbbf9b0c1bd15a6214cf3280e2c2dde4580f9?s=96&d=mm&r=g\",\"contentUrl\":\"https:\\\/\\\/secure.gravatar.com\\\/avatar\\\/76e419471a2083bc3ceab22a763dbbf9b0c1bd15a6214cf3280e2c2dde4580f9?s=96&d=mm&r=g\",\"caption\":\"admin\"},\"sameAs\":[\"https:\\\/\\\/lobosnews.com.ar\"],\"url\":\"https:\\\/\\\/lobosnews.com.ar\\\/index.php\\\/author\\\/lobos-news\\\/\"}]}<\/script>\n<!-- \/ Yoast SEO plugin. -->","yoast_head_json":{"title":"Qu\u00e9 cambia para las empresas extranjeras en Cuba desde este 3 de septiembre con el Decreto-Ley 128 - Lobos News","robots":{"index":"index","follow":"follow","max-snippet":"max-snippet:-1","max-image-preview":"max-image-preview:large","max-video-preview":"max-video-preview:-1"},"canonical":"https:\/\/lobosnews.com.ar\/index.php\/2026\/09\/03\/que-cambia-para-las-empresas-extranjeras-en-cuba-desde-este-3-de-septiembre-con-el-decreto-ley-128\/","og_locale":"es_ES","og_type":"article","og_title":"Qu\u00e9 cambia para las empresas extranjeras en Cuba desde este 3 de septiembre con el Decreto-Ley 128 - Lobos News","og_description":"El Gobierno de Cuba elimina intermediarios estatales en la contrataci\u00f3n de personal para empresas extranjeras y les permite operar cuentas bancarias fuera de la isla sin autorizaci\u00f3n previa del Banco Central. Las decisiones entraron en vigor el 3 de septiembre mediante el Decreto-Ley 128, publicado en la Gaceta Oficial. La norma permite que las sociedades...","og_url":"https:\/\/lobosnews.com.ar\/index.php\/2026\/09\/03\/que-cambia-para-las-empresas-extranjeras-en-cuba-desde-este-3-de-septiembre-con-el-decreto-ley-128\/","og_site_name":"Lobos News","article_published_time":"2026-09-03T21:09:26+00:00","article_modified_time":"2026-09-03T21:39:50+00:00","og_image":[{"width":1920,"height":1280,"url":"https:\/\/lobosnews.com.ar\/wp-content\/uploads\/2026\/09\/que-cambia-para-las-empresas-extranjeras-en-cuba-desde-este-3-de-septiembre-con-el-decreto-ley-128-6.jpg","type":"image\/jpeg"}],"author":"admin","twitter_card":"summary_large_image","twitter_misc":{"Escrito por":"admin","Tiempo de lectura":"5 minutos"},"schema":{"@context":"https:\/\/schema.org","@graph":[{"@type":"Article","@id":"https:\/\/lobosnews.com.ar\/index.php\/2026\/09\/03\/que-cambia-para-las-empresas-extranjeras-en-cuba-desde-este-3-de-septiembre-con-el-decreto-ley-128\/#article","isPartOf":{"@id":"https:\/\/lobosnews.com.ar\/index.php\/2026\/09\/03\/que-cambia-para-las-empresas-extranjeras-en-cuba-desde-este-3-de-septiembre-con-el-decreto-ley-128\/"},"author":{"name":"admin","@id":"https:\/\/lobosnews.com.ar\/#\/schema\/person\/232422a593d5c541dd9aef6aaed10943"},"headline":"Qu\u00e9 cambia para las empresas extranjeras en Cuba desde este 3 de septiembre con el Decreto-Ley 128","datePublished":"2026-09-03T21:09:26+00:00","dateModified":"2026-09-03T21:39:50+00:00","mainEntityOfPage":{"@id":"https:\/\/lobosnews.com.ar\/index.php\/2026\/09\/03\/que-cambia-para-las-empresas-extranjeras-en-cuba-desde-este-3-de-septiembre-con-el-decreto-ley-128\/"},"wordCount":1064,"commentCount":0,"publisher":{"@id":"https:\/\/lobosnews.com.ar\/#organization"},"image":{"@id":"https:\/\/lobosnews.com.ar\/index.php\/2026\/09\/03\/que-cambia-para-las-empresas-extranjeras-en-cuba-desde-este-3-de-septiembre-con-el-decreto-ley-128\/#primaryimage"},"thumbnailUrl":"https:\/\/lobosnews.com.ar\/wp-content\/uploads\/2026\/09\/que-cambia-para-las-empresas-extranjeras-en-cuba-desde-este-3-de-septiembre-con-el-decreto-ley-128-6.jpg","articleSection":["Actualidad"],"inLanguage":"es","potentialAction":[{"@type":"CommentAction","name":"Comment","target":["https:\/\/lobosnews.com.ar\/index.php\/2026\/09\/03\/que-cambia-para-las-empresas-extranjeras-en-cuba-desde-este-3-de-septiembre-con-el-decreto-ley-128\/#respond"]}]},{"@type":"WebPage","@id":"https:\/\/lobosnews.com.ar\/index.php\/2026\/09\/03\/que-cambia-para-las-empresas-extranjeras-en-cuba-desde-este-3-de-septiembre-con-el-decreto-ley-128\/","url":"https:\/\/lobosnews.com.ar\/index.php\/2026\/09\/03\/que-cambia-para-las-empresas-extranjeras-en-cuba-desde-este-3-de-septiembre-con-el-decreto-ley-128\/","name":"Qu\u00e9 cambia para las empresas extranjeras en Cuba desde este 3 de septiembre con el Decreto-Ley 128 - Lobos News","isPartOf":{"@id":"https:\/\/lobosnews.com.ar\/#website"},"primaryImageOfPage":{"@id":"https:\/\/lobosnews.com.ar\/index.php\/2026\/09\/03\/que-cambia-para-las-empresas-extranjeras-en-cuba-desde-este-3-de-septiembre-con-el-decreto-ley-128\/#primaryimage"},"image":{"@id":"https:\/\/lobosnews.com.ar\/index.php\/2026\/09\/03\/que-cambia-para-las-empresas-extranjeras-en-cuba-desde-este-3-de-septiembre-con-el-decreto-ley-128\/#primaryimage"},"thumbnailUrl":"https:\/\/lobosnews.com.ar\/wp-content\/uploads\/2026\/09\/que-cambia-para-las-empresas-extranjeras-en-cuba-desde-este-3-de-septiembre-con-el-decreto-ley-128-6.jpg","datePublished":"2026-09-03T21:09:26+00:00","dateModified":"2026-09-03T21:39:50+00:00","breadcrumb":{"@id":"https:\/\/lobosnews.com.ar\/index.php\/2026\/09\/03\/que-cambia-para-las-empresas-extranjeras-en-cuba-desde-este-3-de-septiembre-con-el-decreto-ley-128\/#breadcrumb"},"inLanguage":"es","potentialAction":[{"@type":"ReadAction","target":["https:\/\/lobosnews.com.ar\/index.php\/2026\/09\/03\/que-cambia-para-las-empresas-extranjeras-en-cuba-desde-este-3-de-septiembre-con-el-decreto-ley-128\/"]}]},{"@type":"ImageObject","inLanguage":"es","@id":"https:\/\/lobosnews.com.ar\/index.php\/2026\/09\/03\/que-cambia-para-las-empresas-extranjeras-en-cuba-desde-este-3-de-septiembre-con-el-decreto-ley-128\/#primaryimage","url":"https:\/\/lobosnews.com.ar\/wp-content\/uploads\/2026\/09\/que-cambia-para-las-empresas-extranjeras-en-cuba-desde-este-3-de-septiembre-con-el-decreto-ley-128-6.jpg","contentUrl":"https:\/\/lobosnews.com.ar\/wp-content\/uploads\/2026\/09\/que-cambia-para-las-empresas-extranjeras-en-cuba-desde-este-3-de-septiembre-con-el-decreto-ley-128-6.jpg","width":1920,"height":1280,"caption":"Qu\u00e9 cambia para las empresas extranjeras en Cuba desde este 3 de septiembre con el Decreto-Ley 128"},{"@type":"BreadcrumbList","@id":"https:\/\/lobosnews.com.ar\/index.php\/2026\/09\/03\/que-cambia-para-las-empresas-extranjeras-en-cuba-desde-este-3-de-septiembre-con-el-decreto-ley-128\/#breadcrumb","itemListElement":[{"@type":"ListItem","position":1,"name":"Portada","item":"https:\/\/lobosnews.com.ar\/"},{"@type":"ListItem","position":2,"name":"Qu\u00e9 cambia para las empresas extranjeras en Cuba desde este 3 de septiembre con el Decreto-Ley 128"}]},{"@type":"WebSite","@id":"https:\/\/lobosnews.com.ar\/#website","url":"https:\/\/lobosnews.com.ar\/","name":"Lobos News","description":"Informaci\u00f3n a cada instante","publisher":{"@id":"https:\/\/lobosnews.com.ar\/#organization"},"potentialAction":[{"@type":"SearchAction","target":{"@type":"EntryPoint","urlTemplate":"https:\/\/lobosnews.com.ar\/?s={search_term_string}"},"query-input":{"@type":"PropertyValueSpecification","valueRequired":true,"valueName":"search_term_string"}}],"inLanguage":"es"},{"@type":"Organization","@id":"https:\/\/lobosnews.com.ar\/#organization","name":"Lobos News","url":"https:\/\/lobosnews.com.ar\/","logo":{"@type":"ImageObject","inLanguage":"es","@id":"https:\/\/lobosnews.com.ar\/#\/schema\/logo\/image\/","url":"https:\/\/lobosnews.com.ar\/wp-content\/uploads\/2026\/01\/logo-lobosnews.png","contentUrl":"https:\/\/lobosnews.com.ar\/wp-content\/uploads\/2026\/01\/logo-lobosnews.png","width":500,"height":200,"caption":"Lobos News"},"image":{"@id":"https:\/\/lobosnews.com.ar\/#\/schema\/logo\/image\/"}},{"@type":"Person","@id":"https:\/\/lobosnews.com.ar\/#\/schema\/person\/232422a593d5c541dd9aef6aaed10943","name":"admin","image":{"@type":"ImageObject","inLanguage":"es","@id":"https:\/\/secure.gravatar.com\/avatar\/76e419471a2083bc3ceab22a763dbbf9b0c1bd15a6214cf3280e2c2dde4580f9?s=96&d=mm&r=g","url":"https:\/\/secure.gravatar.com\/avatar\/76e419471a2083bc3ceab22a763dbbf9b0c1bd15a6214cf3280e2c2dde4580f9?s=96&d=mm&r=g","contentUrl":"https:\/\/secure.gravatar.com\/avatar\/76e419471a2083bc3ceab22a763dbbf9b0c1bd15a6214cf3280e2c2dde4580f9?s=96&d=mm&r=g","caption":"admin"},"sameAs":["https:\/\/lobosnews.com.ar"],"url":"https:\/\/lobosnews.com.ar\/index.php\/author\/lobos-news\/"}]}},"jetpack_featured_media_url":"https:\/\/lobosnews.com.ar\/wp-content\/uploads\/2026\/09\/que-cambia-para-las-empresas-extranjeras-en-cuba-desde-este-3-de-septiembre-con-el-decreto-ley-128-6.jpg","jetpack_sharing_enabled":true,"_links":{"self":[{"href":"https:\/\/lobosnews.com.ar\/index.php\/wp-json\/wp\/v2\/posts\/97083","targetHints":{"allow":["GET"]}}],"collection":[{"href":"https:\/\/lobosnews.com.ar\/index.php\/wp-json\/wp\/v2\/posts"}],"about":[{"href":"https:\/\/lobosnews.com.ar\/index.php\/wp-json\/wp\/v2\/types\/post"}],"author":[{"embeddable":true,"href":"https:\/\/lobosnews.com.ar\/index.php\/wp-json\/wp\/v2\/users\/1"}],"replies":[{"embeddable":true,"href":"https:\/\/lobosnews.com.ar\/index.php\/wp-json\/wp\/v2\/comments?post=97083"}],"version-history":[{"count":1,"href":"https:\/\/lobosnews.com.ar\/index.php\/wp-json\/wp\/v2\/posts\/97083\/revisions"}],"predecessor-version":[{"id":97088,"href":"https:\/\/lobosnews.com.ar\/index.php\/wp-json\/wp\/v2\/posts\/97083\/revisions\/97088"}],"wp:featuredmedia":[{"embeddable":true,"href":"https:\/\/lobosnews.com.ar\/index.php\/wp-json\/wp\/v2\/media\/97089"}],"wp:attachment":[{"href":"https:\/\/lobosnews.com.ar\/index.php\/wp-json\/wp\/v2\/media?parent=97083"}],"wp:term":[{"taxonomy":"category","embeddable":true,"href":"https:\/\/lobosnews.com.ar\/index.php\/wp-json\/wp\/v2\/categories?post=97083"},{"taxonomy":"post_tag","embeddable":true,"href":"https:\/\/lobosnews.com.ar\/index.php\/wp-json\/wp\/v2\/tags?post=97083"}],"curies":[{"name":"wp","href":"https:\/\/api.w.org\/{rel}","templated":true}]}}