{"id":96986,"date":"2026-09-03T13:29:58","date_gmt":"2026-09-03T13:29:58","guid":{"rendered":"https:\/\/lobosnews.com.ar\/?p=96986"},"modified":"2026-09-03T14:45:28","modified_gmt":"2026-09-03T14:45:28","slug":"fallas-en-la-tarjeta-sube-impiden-cargar-saldo-en-la-app-ventanillas-y-maquinas-de-estaciones","status":"publish","type":"post","link":"https:\/\/lobosnews.com.ar\/index.php\/2026\/09\/03\/fallas-en-la-tarjeta-sube-impiden-cargar-saldo-en-la-app-ventanillas-y-maquinas-de-estaciones\/","title":{"rendered":"Fallas en la tarjeta SUBE impiden cargar saldo en la app, ventanillas y m\u00e1quinas de estaciones"},"content":{"rendered":"<p><img loading=\"lazy\" decoding=\"async\" src=\"https:\/\/lobosnews.com.ar\/wp-content\/uploads\/2026\/09\/fallas-en-la-tarjeta-sube-impiden-cargar-saldo-en-la-app-ventanillas-y-maquinas-de-estaciones.jpg\" alt=\"falla sube (falla sube)\" height=\"565\" width=\"376\"\/><\/p>\n<p>El sistema de la <b>tarjeta SUBE<\/b> atraviesa este jueves <b>fallas t\u00e9cnicas que impiden cargar saldo<\/b> a trav\u00e9s de sus distintos canales, en medio de la indignaci\u00f3n de miles de pasajeros que dependen del transporte p\u00fablico en el \u00c1rea Metropolitana de <b>Buenos Aires<\/b>.<\/p>\n<h2>Las m\u00e1quinas en estaciones solo permiten consultar saldo, no acreditar recargas<\/h2>\n<p>Desde la cuenta oficial de la <b>SUBE<\/b> en redes sociales se inform\u00f3 que el sistema presenta \u201cinconvenientes t\u00e9cnicos ajenos a SUBE\u201d que generan intermitencias tanto en la compra como en la acreditaci\u00f3n de saldo. La falla abarca m\u00faltiples canales: la aplicaci\u00f3n m\u00f3vil, las ventanillas de atenci\u00f3n y los terminales ubicados en las estaciones, que quedaron limitados \u00fanicamente a la consulta de saldo.<\/p>\n<p>En otro comunicado, agregaron: \u201cPor inconvenientes ajenos a SUBE, vinculados con un proveedor de servicios de telecomunicaciones y registrados durante la jornada anterior, las cargas electr\u00f3nicas pueden demorar en acreditarse. <b>Los equipos t\u00e9cnicos trabajan para normalizar el servicio.<\/b> A quienes ya compraron saldo les recomienda no repetir la operaci\u00f3n e intentar acreditarla m\u00e1s tarde\u201d.<\/p>\n<p>Adem\u00e1s, recordaron que \u201cmientras tanto, los viajes en colectivos y subterr\u00e1neos pueden pagarse con: SUBE Digital, Tarjetas de d\u00e9bito, cr\u00e9dito y prepagas Visa y Mastercard sin contacto, celulares y relojes con tecnolog\u00eda NFC que tengan esas tarjetas asociadas y billeteras electr\u00f3nicas mediante un c\u00f3digo QR\u201d.<\/p>\n<p><img loading=\"lazy\" decoding=\"async\" src=\"https:\/\/lobosnews.com.ar\/wp-content\/uploads\/2026\/09\/fallas-en-la-tarjeta-sube-impiden-cargar-saldo-en-la-app-ventanillas-y-maquinas-de-estaciones.png\" alt=\"\" height=\"1441\" width=\"1081\"\/><\/p>\n<p>\u201cQuiero cargar la SUBE en la app, no puedo. Hago la fila para acreditar la carga en la ventanilla, no puedo. <b>La m\u00e1quina que est\u00e1 en la estaci\u00f3n s\u00f3lo sirve para ver saldo, no carga<\/b>\u201d, escribi\u00f3 una usuaria en X, cuya queja se replic\u00f3 en cientos de comentarios similares. Otros viajeros a\u00f1adieron que los problemas se registraban desde la ma\u00f1ana y que los validadores instalados a bordo de los colectivos tampoco procesaban los dep\u00f3sitos pendientes. Varios usuarios, adem\u00e1s, indicaron que las primeras fallas hab\u00edan comenzado el mi\u00e9rcoles, seg\u00fan sus propios reportes en redes sociales.<\/p>\n<h2>El sistema est\u00e1 \u201cen mantenimiento\u201d seg\u00fan confirmaron desde las cuentas institucionales<\/h2>\n<p>La magnitud de la interrupci\u00f3n qued\u00f3 reflejada tambi\u00e9n en <b>Downdetector<\/b>, la plataforma de monitoreo de servicios en l\u00ednea, donde los reportes de usuarios ubicaron al sitio web de la SUBE en estado de ca\u00edda durante la jornada. La herramienta clasifica los incidentes seg\u00fan la cantidad de denuncias recibidas en relaci\u00f3n con los niveles habituales, y la acumulaci\u00f3n de quejas registrada super\u00f3 el umbral que la plataforma considera evidencia s\u00f3lida de un problema en curso.<\/p>\n<p>Ante la catarata de reclamos recibidos, desde la cuenta oficial de Instagram de <b>SUBE<\/b> respondieron que el sistema \u201cse encuentra en mantenimiento y puede presentar intermitencias\u201d. Adem\u00e1s, se\u00f1alaron que \u201cel inconveniente ya fue notificado y derivado al sector correspondiente\u201d y que trabajan para resolverlo \u201ca la brevedad\u201d. Como medida paliativa, sugirieron a los usuarios intentar nuevamente m\u00e1s tarde o en el transcurso del d\u00eda.<\/p>\n<p><img loading=\"lazy\" decoding=\"async\" src=\"https:\/\/lobosnews.com.ar\/wp-content\/uploads\/2026\/09\/fallas-en-la-tarjeta-sube-impiden-cargar-saldo-en-la-app-ventanillas-y-maquinas-de-estaciones-1.jpg\" alt=\"El sitio downdetector registr\u00f3 los problemas t\u00e9cnicos en la plataforma\" height=\"660\" width=\"1600\"\/><\/p>\n<h2>Las fallas ocurren un d\u00eda despu\u00e9s del aumento en las tarifas del transporte del AMBA<\/h2>\n<p>La interrupci\u00f3n del servicio de recarga se produce en un momento particularmente sensible para los usuarios: un d\u00eda despu\u00e9s de que entraran en vigencia nuevas actualizaciones tarifarias en el transporte p\u00fablico del <b>\u00c1rea Metropolitana de Buenos Aires (AMBA)<\/b>. Desde el martes, los colectivos que operan \u00edntegramente dentro de la <b>Ciudad de Buenos Aires<\/b> registran un incremento del <b>4,1%<\/b>, con un boleto m\u00ednimo \u2014para trayectos de hasta 3 kil\u00f3metros\u2014 de $887,87. Las l\u00edneas que circulan por la <b>provincia de Buenos Aires<\/b> aplicaron una suba del <b>4,3%<\/b>, llevando el m\u00ednimo de $1.111,19 a $1.158,97.<\/p>\n<p>El <b>subte porte\u00f1o<\/b> tambi\u00e9n ajust\u00f3 sus valores en un 4,1%, y el boleto general para los primeros 20 viajes del mes pas\u00f3 de $1.684 a $1.753,04, con descuentos escalonados que se profundizan a medida que el pasajero acumula viajes en el mismo per\u00edodo mensual.<\/p>\n<p>En cuanto a los trenes, las l\u00edneas <b>Mitre, Sarmiento, San Mart\u00edn, Urquiza, Roca, Belgrano Norte y Belgrano Sur<\/b> registraron desde el 1.\u00b0 de septiembre el \u00faltimo tramo del ajuste del <b>14,29%<\/b> autorizado por el Gobierno nacional. Con ese incremento, el boleto m\u00ednimo para usuarios con SUBE registrada pas\u00f3 de $420 a $480.<\/p>\n<h2>Colectivos y subtes en Buenos Aires ya admiten tarjetas de d\u00e9bito, cr\u00e9dito y celular con NFC<\/h2>\n<p><img loading=\"lazy\" decoding=\"async\" src=\"https:\/\/lobosnews.com.ar\/wp-content\/uploads\/2026\/09\/fallas-en-la-tarjeta-sube-impiden-cargar-saldo-en-la-app-ventanillas-y-maquinas-de-estaciones-2.jpg\" alt=\"Una mano apoya una tarjeta SUBE en el lector electr\u00f3nico de un autob\u00fas para pagar el pasaje mientras viajan otros pasajeros. (Imagen Ilustrativa Infobae)\" height=\"1536\" width=\"2752\"\/><\/p>\n<p>Ante las fallas en el sistema, los pasajeros del <b>AMBA<\/b> cuentan con alternativas para abonar sus viajes sin depender de la <b>tarjeta SUBE<\/b>. Desde 2025, el Gobierno nacional habilit\u00f3 la apertura de medios de pago en el transporte p\u00fablico a trav\u00e9s del Decreto 698\/2024, por lo que hoy es posible pagar con <b>tarjetas de d\u00e9bito, cr\u00e9dito y prepagas sin contacto<\/b> de las redes <b>Visa y Mastercard<\/b> en todas las l\u00edneas de colectivo de la Ciudad de Buenos Aires, as\u00ed como en numerosas l\u00edneas de jurisdicci\u00f3n nacional y provincial del AMBA.<\/p>\n<p>El sistema acepta tambi\u00e9n <b>celulares y relojes inteligentes con tecnolog\u00eda NFC<\/b> que tengan asociada una tarjeta compatible. En ese caso, basta con desbloquear el dispositivo y acercarlo al validador, de la misma forma en que se usa la SUBE f\u00edsica. Para los colectivos, el pasajero debe informar al conductor su destino antes de apoyar el medio de pago, ya que la tarifa var\u00eda seg\u00fan el tramo recorrido.<\/p>\n<p>En el caso del <b>subte<\/b>, todas las estaciones de la red porte\u00f1a cuentan con molinetes habilitados para tarjetas bancarias sin contacto, dispositivos NFC y <b>c\u00f3digos QR<\/b> generados desde aplicaciones como la app SUBE o BNA+. El procedimiento es m\u00e1s directo que en el colectivo: no es necesario declarar el destino, y la confirmaci\u00f3n del pago se realiza en el momento. En todos los casos, <b>la tarifa es id\u00e9ntica a la que abona un usuario con SUBE registrada<\/b>, sin importar el medio de pago utilizado.<\/p>\n","protected":false},"excerpt":{"rendered":"<p>El sistema de la tarjeta SUBE atraviesa este jueves fallas t\u00e9cnicas que impiden cargar saldo a trav\u00e9s de sus distintos canales, en medio de la indignaci\u00f3n de miles de pasajeros que dependen del transporte p\u00fablico en el \u00c1rea Metropolitana de Buenos Aires. Las m\u00e1quinas en estaciones solo permiten consultar saldo, no acreditar recargas Desde la&#8230;<\/p>\n","protected":false},"author":1,"featured_media":96992,"comment_status":"open","ping_status":"closed","sticky":false,"template":"","format":"standard","meta":{"_jetpack_newsletter_access":"","_jetpack_dont_email_post_to_subs":false,"_jetpack_newsletter_tier_id":0,"_jetpack_memberships_contains_paywalled_content":false,"_jetpack_memberships_contains_paid_content":false,"footnotes":"","jetpack_post_was_ever_published":false},"categories":[31,30,32,77,84,35,36,37],"tags":[],"class_list":["post-96986","post","type-post","status-publish","format-standard","has-post-thumbnail","hentry","category-actualidad","category-argentina","category-economia","category-inseguridad","category-masradios-com","category-nacionales","category-seguridad","category-sociedad"],"magazineBlocksPostFeaturedMedia":{"thumbnail":"https:\/\/lobosnews.com.ar\/wp-content\/uploads\/2026\/09\/fallas-en-la-tarjeta-sube-impiden-cargar-saldo-en-la-app-ventanillas-y-maquinas-de-estaciones-4-150x150.jpg","medium":"https:\/\/lobosnews.com.ar\/wp-content\/uploads\/2026\/09\/fallas-en-la-tarjeta-sube-impiden-cargar-saldo-en-la-app-ventanillas-y-maquinas-de-estaciones-4-300x167.jpg","medium_large":"https:\/\/lobosnews.com.ar\/wp-content\/uploads\/2026\/09\/fallas-en-la-tarjeta-sube-impiden-cargar-saldo-en-la-app-ventanillas-y-maquinas-de-estaciones-4-768x429.jpg","large":"https:\/\/lobosnews.com.ar\/wp-content\/uploads\/2026\/09\/fallas-en-la-tarjeta-sube-impiden-cargar-saldo-en-la-app-ventanillas-y-maquinas-de-estaciones-4-1024x572.jpg","1536x1536":"https:\/\/lobosnews.com.ar\/wp-content\/uploads\/2026\/09\/fallas-en-la-tarjeta-sube-impiden-cargar-saldo-en-la-app-ventanillas-y-maquinas-de-estaciones-4-1536x857.jpg","2048x2048":"https:\/\/lobosnews.com.ar\/wp-content\/uploads\/2026\/09\/fallas-en-la-tarjeta-sube-impiden-cargar-saldo-en-la-app-ventanillas-y-maquinas-de-estaciones-4-2048x1143.jpg","newsmatic-featured":"https:\/\/lobosnews.com.ar\/wp-content\/uploads\/2026\/09\/fallas-en-la-tarjeta-sube-impiden-cargar-saldo-en-la-app-ventanillas-y-maquinas-de-estaciones-4-820x545.jpg","newsmatic-list":"https:\/\/lobosnews.com.ar\/wp-content\/uploads\/2026\/09\/fallas-en-la-tarjeta-sube-impiden-cargar-saldo-en-la-app-ventanillas-y-maquinas-de-estaciones-4-600x400.jpg","newsmatic-thumb":"https:\/\/lobosnews.com.ar\/wp-content\/uploads\/2026\/09\/fallas-en-la-tarjeta-sube-impiden-cargar-saldo-en-la-app-ventanillas-y-maquinas-de-estaciones-4-300x200.jpg","newsmatic-small":"https:\/\/lobosnews.com.ar\/wp-content\/uploads\/2026\/09\/fallas-en-la-tarjeta-sube-impiden-cargar-saldo-en-la-app-ventanillas-y-maquinas-de-estaciones-4-150x95.jpg","newsmatic-grid":"https:\/\/lobosnews.com.ar\/wp-content\/uploads\/2026\/09\/fallas-en-la-tarjeta-sube-impiden-cargar-saldo-en-la-app-ventanillas-y-maquinas-de-estaciones-4-400x250.jpg"},"magazineBlocksPostAuthor":{"name":"admin","avatar":"https:\/\/secure.gravatar.com\/avatar\/76e419471a2083bc3ceab22a763dbbf9b0c1bd15a6214cf3280e2c2dde4580f9?s=96&d=mm&r=g"},"magazineBlocksPostCommentsNumber":"0","magazineBlocksPostExcerpt":"El sistema de la tarjeta SUBE atraviesa este jueves fallas t\u00e9cnicas que impiden cargar saldo a trav\u00e9s de sus distintos canales, en medio de la indignaci\u00f3n de miles de pasajeros que dependen del transporte p\u00fablico en el \u00c1rea Metropolitana de Buenos Aires. Las m\u00e1quinas en estaciones solo permiten consultar saldo, no acreditar recargas Desde la...","magazineBlocksPostCategories":["Actualidad","Argentina","econom\u00eda","inseguridad","masradios.com","nacionales","seguridad","sociedad"],"magazineBlocksPostViewCount":41,"magazineBlocksPostReadTime":5,"magazine_blocks_featured_image_url":{"full":["https:\/\/lobosnews.com.ar\/wp-content\/uploads\/2026\/09\/fallas-en-la-tarjeta-sube-impiden-cargar-saldo-en-la-app-ventanillas-y-maquinas-de-estaciones-4-scaled.jpg",2560,1429,false],"medium":["https:\/\/lobosnews.com.ar\/wp-content\/uploads\/2026\/09\/fallas-en-la-tarjeta-sube-impiden-cargar-saldo-en-la-app-ventanillas-y-maquinas-de-estaciones-4-300x167.jpg",300,167,true],"thumbnail":["https:\/\/lobosnews.com.ar\/wp-content\/uploads\/2026\/09\/fallas-en-la-tarjeta-sube-impiden-cargar-saldo-en-la-app-ventanillas-y-maquinas-de-estaciones-4-150x150.jpg",150,150,true]},"magazine_blocks_author":{"display_name":"admin","author_link":"https:\/\/lobosnews.com.ar\/index.php\/author\/lobos-news\/"},"magazine_blocks_comment":0,"magazine_blocks_author_image":"https:\/\/secure.gravatar.com\/avatar\/76e419471a2083bc3ceab22a763dbbf9b0c1bd15a6214cf3280e2c2dde4580f9?s=96&d=mm&r=g","magazine_blocks_category":"<a href=\"#\" class=\"category-link category-link-31\">Actualidad<\/a> <a href=\"#\" class=\"category-link category-link-30\">Argentina<\/a> <a href=\"#\" class=\"category-link category-link-32\">econom\u00eda<\/a> <a href=\"#\" class=\"category-link category-link-77\">inseguridad<\/a> <a href=\"#\" class=\"category-link category-link-84\">masradios.com<\/a> <a href=\"#\" class=\"category-link category-link-35\">nacionales<\/a> <a href=\"#\" class=\"category-link category-link-36\">seguridad<\/a> <a href=\"#\" class=\"category-link category-link-37\">sociedad<\/a>","yoast_head":"<!-- This site is optimized with the Yoast SEO plugin v28.0 - https:\/\/yoast.com\/product\/yoast-seo-wordpress\/ -->\n<title>Fallas en la tarjeta SUBE impiden cargar saldo en la app, ventanillas y m\u00e1quinas de estaciones - Lobos News<\/title>\n<meta name=\"robots\" content=\"index, follow, max-snippet:-1, max-image-preview:large, max-video-preview:-1\" \/>\n<link rel=\"canonical\" href=\"https:\/\/lobosnews.com.ar\/index.php\/2026\/09\/03\/fallas-en-la-tarjeta-sube-impiden-cargar-saldo-en-la-app-ventanillas-y-maquinas-de-estaciones\/\" \/>\n<meta property=\"og:locale\" content=\"es_ES\" \/>\n<meta property=\"og:type\" content=\"article\" \/>\n<meta property=\"og:title\" content=\"Fallas en la tarjeta SUBE impiden cargar saldo en la app, ventanillas y m\u00e1quinas de estaciones - Lobos News\" \/>\n<meta property=\"og:description\" content=\"El sistema de la tarjeta SUBE atraviesa este jueves fallas t\u00e9cnicas que impiden cargar saldo a trav\u00e9s de sus distintos canales, en medio de la indignaci\u00f3n de miles de pasajeros que dependen del transporte p\u00fablico en el \u00c1rea Metropolitana de Buenos Aires. Las m\u00e1quinas en estaciones solo permiten consultar saldo, no acreditar recargas Desde la...\" \/>\n<meta property=\"og:url\" content=\"https:\/\/lobosnews.com.ar\/index.php\/2026\/09\/03\/fallas-en-la-tarjeta-sube-impiden-cargar-saldo-en-la-app-ventanillas-y-maquinas-de-estaciones\/\" \/>\n<meta property=\"og:site_name\" content=\"Lobos News\" \/>\n<meta property=\"article:published_time\" content=\"2026-09-03T13:29:58+00:00\" \/>\n<meta property=\"article:modified_time\" content=\"2026-09-03T14:45:28+00:00\" \/>\n<meta property=\"og:image\" content=\"https:\/\/lobosnews.com.ar\/wp-content\/uploads\/2026\/09\/fallas-en-la-tarjeta-sube-impiden-cargar-saldo-en-la-app-ventanillas-y-maquinas-de-estaciones-4-scaled.jpg\" \/>\n\t<meta property=\"og:image:width\" content=\"2560\" \/>\n\t<meta property=\"og:image:height\" content=\"1429\" \/>\n\t<meta property=\"og:image:type\" content=\"image\/jpeg\" \/>\n<meta name=\"author\" content=\"admin\" \/>\n<meta name=\"twitter:card\" content=\"summary_large_image\" \/>\n<meta name=\"twitter:label1\" content=\"Escrito por\" \/>\n\t<meta name=\"twitter:data1\" content=\"admin\" \/>\n\t<meta name=\"twitter:label2\" content=\"Tiempo de lectura\" \/>\n\t<meta name=\"twitter:data2\" content=\"5 minutos\" \/>\n<script type=\"application\/ld+json\" class=\"yoast-schema-graph\">{\"@context\":\"https:\\\/\\\/schema.org\",\"@graph\":[{\"@type\":\"Article\",\"@id\":\"https:\\\/\\\/lobosnews.com.ar\\\/index.php\\\/2026\\\/09\\\/03\\\/fallas-en-la-tarjeta-sube-impiden-cargar-saldo-en-la-app-ventanillas-y-maquinas-de-estaciones\\\/#article\",\"isPartOf\":{\"@id\":\"https:\\\/\\\/lobosnews.com.ar\\\/index.php\\\/2026\\\/09\\\/03\\\/fallas-en-la-tarjeta-sube-impiden-cargar-saldo-en-la-app-ventanillas-y-maquinas-de-estaciones\\\/\"},\"author\":{\"name\":\"admin\",\"@id\":\"https:\\\/\\\/lobosnews.com.ar\\\/#\\\/schema\\\/person\\\/232422a593d5c541dd9aef6aaed10943\"},\"headline\":\"Fallas en la tarjeta SUBE impiden cargar saldo en la app, ventanillas y m\u00e1quinas de estaciones\",\"datePublished\":\"2026-09-03T13:29:58+00:00\",\"dateModified\":\"2026-09-03T14:45:28+00:00\",\"mainEntityOfPage\":{\"@id\":\"https:\\\/\\\/lobosnews.com.ar\\\/index.php\\\/2026\\\/09\\\/03\\\/fallas-en-la-tarjeta-sube-impiden-cargar-saldo-en-la-app-ventanillas-y-maquinas-de-estaciones\\\/\"},\"wordCount\":998,\"commentCount\":0,\"publisher\":{\"@id\":\"https:\\\/\\\/lobosnews.com.ar\\\/#organization\"},\"image\":{\"@id\":\"https:\\\/\\\/lobosnews.com.ar\\\/index.php\\\/2026\\\/09\\\/03\\\/fallas-en-la-tarjeta-sube-impiden-cargar-saldo-en-la-app-ventanillas-y-maquinas-de-estaciones\\\/#primaryimage\"},\"thumbnailUrl\":\"https:\\\/\\\/lobosnews.com.ar\\\/wp-content\\\/uploads\\\/2026\\\/09\\\/fallas-en-la-tarjeta-sube-impiden-cargar-saldo-en-la-app-ventanillas-y-maquinas-de-estaciones-4-scaled.jpg\",\"articleSection\":[\"Actualidad\",\"Argentina\",\"econom\u00eda\",\"inseguridad\",\"masradios.com\",\"nacionales\",\"seguridad\",\"sociedad\"],\"inLanguage\":\"es\",\"potentialAction\":[{\"@type\":\"CommentAction\",\"name\":\"Comment\",\"target\":[\"https:\\\/\\\/lobosnews.com.ar\\\/index.php\\\/2026\\\/09\\\/03\\\/fallas-en-la-tarjeta-sube-impiden-cargar-saldo-en-la-app-ventanillas-y-maquinas-de-estaciones\\\/#respond\"]}]},{\"@type\":\"WebPage\",\"@id\":\"https:\\\/\\\/lobosnews.com.ar\\\/index.php\\\/2026\\\/09\\\/03\\\/fallas-en-la-tarjeta-sube-impiden-cargar-saldo-en-la-app-ventanillas-y-maquinas-de-estaciones\\\/\",\"url\":\"https:\\\/\\\/lobosnews.com.ar\\\/index.php\\\/2026\\\/09\\\/03\\\/fallas-en-la-tarjeta-sube-impiden-cargar-saldo-en-la-app-ventanillas-y-maquinas-de-estaciones\\\/\",\"name\":\"Fallas en la tarjeta SUBE impiden cargar saldo en la app, ventanillas y m\u00e1quinas de estaciones - Lobos News\",\"isPartOf\":{\"@id\":\"https:\\\/\\\/lobosnews.com.ar\\\/#website\"},\"primaryImageOfPage\":{\"@id\":\"https:\\\/\\\/lobosnews.com.ar\\\/index.php\\\/2026\\\/09\\\/03\\\/fallas-en-la-tarjeta-sube-impiden-cargar-saldo-en-la-app-ventanillas-y-maquinas-de-estaciones\\\/#primaryimage\"},\"image\":{\"@id\":\"https:\\\/\\\/lobosnews.com.ar\\\/index.php\\\/2026\\\/09\\\/03\\\/fallas-en-la-tarjeta-sube-impiden-cargar-saldo-en-la-app-ventanillas-y-maquinas-de-estaciones\\\/#primaryimage\"},\"thumbnailUrl\":\"https:\\\/\\\/lobosnews.com.ar\\\/wp-content\\\/uploads\\\/2026\\\/09\\\/fallas-en-la-tarjeta-sube-impiden-cargar-saldo-en-la-app-ventanillas-y-maquinas-de-estaciones-4-scaled.jpg\",\"datePublished\":\"2026-09-03T13:29:58+00:00\",\"dateModified\":\"2026-09-03T14:45:28+00:00\",\"breadcrumb\":{\"@id\":\"https:\\\/\\\/lobosnews.com.ar\\\/index.php\\\/2026\\\/09\\\/03\\\/fallas-en-la-tarjeta-sube-impiden-cargar-saldo-en-la-app-ventanillas-y-maquinas-de-estaciones\\\/#breadcrumb\"},\"inLanguage\":\"es\",\"potentialAction\":[{\"@type\":\"ReadAction\",\"target\":[\"https:\\\/\\\/lobosnews.com.ar\\\/index.php\\\/2026\\\/09\\\/03\\\/fallas-en-la-tarjeta-sube-impiden-cargar-saldo-en-la-app-ventanillas-y-maquinas-de-estaciones\\\/\"]}]},{\"@type\":\"ImageObject\",\"inLanguage\":\"es\",\"@id\":\"https:\\\/\\\/lobosnews.com.ar\\\/index.php\\\/2026\\\/09\\\/03\\\/fallas-en-la-tarjeta-sube-impiden-cargar-saldo-en-la-app-ventanillas-y-maquinas-de-estaciones\\\/#primaryimage\",\"url\":\"https:\\\/\\\/lobosnews.com.ar\\\/wp-content\\\/uploads\\\/2026\\\/09\\\/fallas-en-la-tarjeta-sube-impiden-cargar-saldo-en-la-app-ventanillas-y-maquinas-de-estaciones-4-scaled.jpg\",\"contentUrl\":\"https:\\\/\\\/lobosnews.com.ar\\\/wp-content\\\/uploads\\\/2026\\\/09\\\/fallas-en-la-tarjeta-sube-impiden-cargar-saldo-en-la-app-ventanillas-y-maquinas-de-estaciones-4-scaled.jpg\",\"width\":2560,\"height\":1429,\"caption\":\"Fallas en la tarjeta SUBE impiden cargar saldo en la app, ventanillas y m\u00e1quinas de estaciones\"},{\"@type\":\"BreadcrumbList\",\"@id\":\"https:\\\/\\\/lobosnews.com.ar\\\/index.php\\\/2026\\\/09\\\/03\\\/fallas-en-la-tarjeta-sube-impiden-cargar-saldo-en-la-app-ventanillas-y-maquinas-de-estaciones\\\/#breadcrumb\",\"itemListElement\":[{\"@type\":\"ListItem\",\"position\":1,\"name\":\"Portada\",\"item\":\"https:\\\/\\\/lobosnews.com.ar\\\/\"},{\"@type\":\"ListItem\",\"position\":2,\"name\":\"Fallas en la tarjeta SUBE impiden cargar saldo en la app, ventanillas y m\u00e1quinas de estaciones\"}]},{\"@type\":\"WebSite\",\"@id\":\"https:\\\/\\\/lobosnews.com.ar\\\/#website\",\"url\":\"https:\\\/\\\/lobosnews.com.ar\\\/\",\"name\":\"Lobos News\",\"description\":\"Informaci\u00f3n a cada instante\",\"publisher\":{\"@id\":\"https:\\\/\\\/lobosnews.com.ar\\\/#organization\"},\"potentialAction\":[{\"@type\":\"SearchAction\",\"target\":{\"@type\":\"EntryPoint\",\"urlTemplate\":\"https:\\\/\\\/lobosnews.com.ar\\\/?s={search_term_string}\"},\"query-input\":{\"@type\":\"PropertyValueSpecification\",\"valueRequired\":true,\"valueName\":\"search_term_string\"}}],\"inLanguage\":\"es\"},{\"@type\":\"Organization\",\"@id\":\"https:\\\/\\\/lobosnews.com.ar\\\/#organization\",\"name\":\"Lobos News\",\"url\":\"https:\\\/\\\/lobosnews.com.ar\\\/\",\"logo\":{\"@type\":\"ImageObject\",\"inLanguage\":\"es\",\"@id\":\"https:\\\/\\\/lobosnews.com.ar\\\/#\\\/schema\\\/logo\\\/image\\\/\",\"url\":\"https:\\\/\\\/lobosnews.com.ar\\\/wp-content\\\/uploads\\\/2026\\\/01\\\/logo-lobosnews.png\",\"contentUrl\":\"https:\\\/\\\/lobosnews.com.ar\\\/wp-content\\\/uploads\\\/2026\\\/01\\\/logo-lobosnews.png\",\"width\":500,\"height\":200,\"caption\":\"Lobos News\"},\"image\":{\"@id\":\"https:\\\/\\\/lobosnews.com.ar\\\/#\\\/schema\\\/logo\\\/image\\\/\"}},{\"@type\":\"Person\",\"@id\":\"https:\\\/\\\/lobosnews.com.ar\\\/#\\\/schema\\\/person\\\/232422a593d5c541dd9aef6aaed10943\",\"name\":\"admin\",\"image\":{\"@type\":\"ImageObject\",\"inLanguage\":\"es\",\"@id\":\"https:\\\/\\\/secure.gravatar.com\\\/avatar\\\/76e419471a2083bc3ceab22a763dbbf9b0c1bd15a6214cf3280e2c2dde4580f9?s=96&d=mm&r=g\",\"url\":\"https:\\\/\\\/secure.gravatar.com\\\/avatar\\\/76e419471a2083bc3ceab22a763dbbf9b0c1bd15a6214cf3280e2c2dde4580f9?s=96&d=mm&r=g\",\"contentUrl\":\"https:\\\/\\\/secure.gravatar.com\\\/avatar\\\/76e419471a2083bc3ceab22a763dbbf9b0c1bd15a6214cf3280e2c2dde4580f9?s=96&d=mm&r=g\",\"caption\":\"admin\"},\"sameAs\":[\"https:\\\/\\\/lobosnews.com.ar\"],\"url\":\"https:\\\/\\\/lobosnews.com.ar\\\/index.php\\\/author\\\/lobos-news\\\/\"}]}<\/script>\n<!-- \/ Yoast SEO plugin. -->","yoast_head_json":{"title":"Fallas en la tarjeta SUBE impiden cargar saldo en la app, ventanillas y m\u00e1quinas de estaciones - Lobos News","robots":{"index":"index","follow":"follow","max-snippet":"max-snippet:-1","max-image-preview":"max-image-preview:large","max-video-preview":"max-video-preview:-1"},"canonical":"https:\/\/lobosnews.com.ar\/index.php\/2026\/09\/03\/fallas-en-la-tarjeta-sube-impiden-cargar-saldo-en-la-app-ventanillas-y-maquinas-de-estaciones\/","og_locale":"es_ES","og_type":"article","og_title":"Fallas en la tarjeta SUBE impiden cargar saldo en la app, ventanillas y m\u00e1quinas de estaciones - Lobos News","og_description":"El sistema de la tarjeta SUBE atraviesa este jueves fallas t\u00e9cnicas que impiden cargar saldo a trav\u00e9s de sus distintos canales, en medio de la indignaci\u00f3n de miles de pasajeros que dependen del transporte p\u00fablico en el \u00c1rea Metropolitana de Buenos Aires. Las m\u00e1quinas en estaciones solo permiten consultar saldo, no acreditar recargas Desde la...","og_url":"https:\/\/lobosnews.com.ar\/index.php\/2026\/09\/03\/fallas-en-la-tarjeta-sube-impiden-cargar-saldo-en-la-app-ventanillas-y-maquinas-de-estaciones\/","og_site_name":"Lobos News","article_published_time":"2026-09-03T13:29:58+00:00","article_modified_time":"2026-09-03T14:45:28+00:00","og_image":[{"width":2560,"height":1429,"url":"https:\/\/lobosnews.com.ar\/wp-content\/uploads\/2026\/09\/fallas-en-la-tarjeta-sube-impiden-cargar-saldo-en-la-app-ventanillas-y-maquinas-de-estaciones-4-scaled.jpg","type":"image\/jpeg"}],"author":"admin","twitter_card":"summary_large_image","twitter_misc":{"Escrito por":"admin","Tiempo de lectura":"5 minutos"},"schema":{"@context":"https:\/\/schema.org","@graph":[{"@type":"Article","@id":"https:\/\/lobosnews.com.ar\/index.php\/2026\/09\/03\/fallas-en-la-tarjeta-sube-impiden-cargar-saldo-en-la-app-ventanillas-y-maquinas-de-estaciones\/#article","isPartOf":{"@id":"https:\/\/lobosnews.com.ar\/index.php\/2026\/09\/03\/fallas-en-la-tarjeta-sube-impiden-cargar-saldo-en-la-app-ventanillas-y-maquinas-de-estaciones\/"},"author":{"name":"admin","@id":"https:\/\/lobosnews.com.ar\/#\/schema\/person\/232422a593d5c541dd9aef6aaed10943"},"headline":"Fallas en la tarjeta SUBE impiden cargar saldo en la app, ventanillas y m\u00e1quinas de estaciones","datePublished":"2026-09-03T13:29:58+00:00","dateModified":"2026-09-03T14:45:28+00:00","mainEntityOfPage":{"@id":"https:\/\/lobosnews.com.ar\/index.php\/2026\/09\/03\/fallas-en-la-tarjeta-sube-impiden-cargar-saldo-en-la-app-ventanillas-y-maquinas-de-estaciones\/"},"wordCount":998,"commentCount":0,"publisher":{"@id":"https:\/\/lobosnews.com.ar\/#organization"},"image":{"@id":"https:\/\/lobosnews.com.ar\/index.php\/2026\/09\/03\/fallas-en-la-tarjeta-sube-impiden-cargar-saldo-en-la-app-ventanillas-y-maquinas-de-estaciones\/#primaryimage"},"thumbnailUrl":"https:\/\/lobosnews.com.ar\/wp-content\/uploads\/2026\/09\/fallas-en-la-tarjeta-sube-impiden-cargar-saldo-en-la-app-ventanillas-y-maquinas-de-estaciones-4-scaled.jpg","articleSection":["Actualidad","Argentina","econom\u00eda","inseguridad","masradios.com","nacionales","seguridad","sociedad"],"inLanguage":"es","potentialAction":[{"@type":"CommentAction","name":"Comment","target":["https:\/\/lobosnews.com.ar\/index.php\/2026\/09\/03\/fallas-en-la-tarjeta-sube-impiden-cargar-saldo-en-la-app-ventanillas-y-maquinas-de-estaciones\/#respond"]}]},{"@type":"WebPage","@id":"https:\/\/lobosnews.com.ar\/index.php\/2026\/09\/03\/fallas-en-la-tarjeta-sube-impiden-cargar-saldo-en-la-app-ventanillas-y-maquinas-de-estaciones\/","url":"https:\/\/lobosnews.com.ar\/index.php\/2026\/09\/03\/fallas-en-la-tarjeta-sube-impiden-cargar-saldo-en-la-app-ventanillas-y-maquinas-de-estaciones\/","name":"Fallas en la tarjeta SUBE impiden cargar saldo en la app, ventanillas y m\u00e1quinas de estaciones - Lobos News","isPartOf":{"@id":"https:\/\/lobosnews.com.ar\/#website"},"primaryImageOfPage":{"@id":"https:\/\/lobosnews.com.ar\/index.php\/2026\/09\/03\/fallas-en-la-tarjeta-sube-impiden-cargar-saldo-en-la-app-ventanillas-y-maquinas-de-estaciones\/#primaryimage"},"image":{"@id":"https:\/\/lobosnews.com.ar\/index.php\/2026\/09\/03\/fallas-en-la-tarjeta-sube-impiden-cargar-saldo-en-la-app-ventanillas-y-maquinas-de-estaciones\/#primaryimage"},"thumbnailUrl":"https:\/\/lobosnews.com.ar\/wp-content\/uploads\/2026\/09\/fallas-en-la-tarjeta-sube-impiden-cargar-saldo-en-la-app-ventanillas-y-maquinas-de-estaciones-4-scaled.jpg","datePublished":"2026-09-03T13:29:58+00:00","dateModified":"2026-09-03T14:45:28+00:00","breadcrumb":{"@id":"https:\/\/lobosnews.com.ar\/index.php\/2026\/09\/03\/fallas-en-la-tarjeta-sube-impiden-cargar-saldo-en-la-app-ventanillas-y-maquinas-de-estaciones\/#breadcrumb"},"inLanguage":"es","potentialAction":[{"@type":"ReadAction","target":["https:\/\/lobosnews.com.ar\/index.php\/2026\/09\/03\/fallas-en-la-tarjeta-sube-impiden-cargar-saldo-en-la-app-ventanillas-y-maquinas-de-estaciones\/"]}]},{"@type":"ImageObject","inLanguage":"es","@id":"https:\/\/lobosnews.com.ar\/index.php\/2026\/09\/03\/fallas-en-la-tarjeta-sube-impiden-cargar-saldo-en-la-app-ventanillas-y-maquinas-de-estaciones\/#primaryimage","url":"https:\/\/lobosnews.com.ar\/wp-content\/uploads\/2026\/09\/fallas-en-la-tarjeta-sube-impiden-cargar-saldo-en-la-app-ventanillas-y-maquinas-de-estaciones-4-scaled.jpg","contentUrl":"https:\/\/lobosnews.com.ar\/wp-content\/uploads\/2026\/09\/fallas-en-la-tarjeta-sube-impiden-cargar-saldo-en-la-app-ventanillas-y-maquinas-de-estaciones-4-scaled.jpg","width":2560,"height":1429,"caption":"Fallas en la tarjeta SUBE impiden cargar saldo en la app, ventanillas y m\u00e1quinas de estaciones"},{"@type":"BreadcrumbList","@id":"https:\/\/lobosnews.com.ar\/index.php\/2026\/09\/03\/fallas-en-la-tarjeta-sube-impiden-cargar-saldo-en-la-app-ventanillas-y-maquinas-de-estaciones\/#breadcrumb","itemListElement":[{"@type":"ListItem","position":1,"name":"Portada","item":"https:\/\/lobosnews.com.ar\/"},{"@type":"ListItem","position":2,"name":"Fallas en la tarjeta SUBE impiden cargar saldo en la app, ventanillas y m\u00e1quinas de estaciones"}]},{"@type":"WebSite","@id":"https:\/\/lobosnews.com.ar\/#website","url":"https:\/\/lobosnews.com.ar\/","name":"Lobos News","description":"Informaci\u00f3n a cada instante","publisher":{"@id":"https:\/\/lobosnews.com.ar\/#organization"},"potentialAction":[{"@type":"SearchAction","target":{"@type":"EntryPoint","urlTemplate":"https:\/\/lobosnews.com.ar\/?s={search_term_string}"},"query-input":{"@type":"PropertyValueSpecification","valueRequired":true,"valueName":"search_term_string"}}],"inLanguage":"es"},{"@type":"Organization","@id":"https:\/\/lobosnews.com.ar\/#organization","name":"Lobos News","url":"https:\/\/lobosnews.com.ar\/","logo":{"@type":"ImageObject","inLanguage":"es","@id":"https:\/\/lobosnews.com.ar\/#\/schema\/logo\/image\/","url":"https:\/\/lobosnews.com.ar\/wp-content\/uploads\/2026\/01\/logo-lobosnews.png","contentUrl":"https:\/\/lobosnews.com.ar\/wp-content\/uploads\/2026\/01\/logo-lobosnews.png","width":500,"height":200,"caption":"Lobos News"},"image":{"@id":"https:\/\/lobosnews.com.ar\/#\/schema\/logo\/image\/"}},{"@type":"Person","@id":"https:\/\/lobosnews.com.ar\/#\/schema\/person\/232422a593d5c541dd9aef6aaed10943","name":"admin","image":{"@type":"ImageObject","inLanguage":"es","@id":"https:\/\/secure.gravatar.com\/avatar\/76e419471a2083bc3ceab22a763dbbf9b0c1bd15a6214cf3280e2c2dde4580f9?s=96&d=mm&r=g","url":"https:\/\/secure.gravatar.com\/avatar\/76e419471a2083bc3ceab22a763dbbf9b0c1bd15a6214cf3280e2c2dde4580f9?s=96&d=mm&r=g","contentUrl":"https:\/\/secure.gravatar.com\/avatar\/76e419471a2083bc3ceab22a763dbbf9b0c1bd15a6214cf3280e2c2dde4580f9?s=96&d=mm&r=g","caption":"admin"},"sameAs":["https:\/\/lobosnews.com.ar"],"url":"https:\/\/lobosnews.com.ar\/index.php\/author\/lobos-news\/"}]}},"jetpack_featured_media_url":"https:\/\/lobosnews.com.ar\/wp-content\/uploads\/2026\/09\/fallas-en-la-tarjeta-sube-impiden-cargar-saldo-en-la-app-ventanillas-y-maquinas-de-estaciones-4-scaled.jpg","jetpack_sharing_enabled":true,"_links":{"self":[{"href":"https:\/\/lobosnews.com.ar\/index.php\/wp-json\/wp\/v2\/posts\/96986","targetHints":{"allow":["GET"]}}],"collection":[{"href":"https:\/\/lobosnews.com.ar\/index.php\/wp-json\/wp\/v2\/posts"}],"about":[{"href":"https:\/\/lobosnews.com.ar\/index.php\/wp-json\/wp\/v2\/types\/post"}],"author":[{"embeddable":true,"href":"https:\/\/lobosnews.com.ar\/index.php\/wp-json\/wp\/v2\/users\/1"}],"replies":[{"embeddable":true,"href":"https:\/\/lobosnews.com.ar\/index.php\/wp-json\/wp\/v2\/comments?post=96986"}],"version-history":[{"count":1,"href":"https:\/\/lobosnews.com.ar\/index.php\/wp-json\/wp\/v2\/posts\/96986\/revisions"}],"predecessor-version":[{"id":96991,"href":"https:\/\/lobosnews.com.ar\/index.php\/wp-json\/wp\/v2\/posts\/96986\/revisions\/96991"}],"wp:featuredmedia":[{"embeddable":true,"href":"https:\/\/lobosnews.com.ar\/index.php\/wp-json\/wp\/v2\/media\/96992"}],"wp:attachment":[{"href":"https:\/\/lobosnews.com.ar\/index.php\/wp-json\/wp\/v2\/media?parent=96986"}],"wp:term":[{"taxonomy":"category","embeddable":true,"href":"https:\/\/lobosnews.com.ar\/index.php\/wp-json\/wp\/v2\/categories?post=96986"},{"taxonomy":"post_tag","embeddable":true,"href":"https:\/\/lobosnews.com.ar\/index.php\/wp-json\/wp\/v2\/tags?post=96986"}],"curies":[{"name":"wp","href":"https:\/\/api.w.org\/{rel}","templated":true}]}}