{"id":96902,"date":"2026-09-03T13:46:21","date_gmt":"2026-09-03T13:46:21","guid":{"rendered":"https:\/\/lobosnews.com.ar\/?p=96902"},"modified":"2026-09-03T14:43:07","modified_gmt":"2026-09-03T14:43:07","slug":"ballenas-jorobadas-protagonizaran-festival-en-costa-rica-con-avistamientos-conciertos-y-actividades-familiares","status":"publish","type":"post","link":"https:\/\/lobosnews.com.ar\/index.php\/2026\/09\/03\/ballenas-jorobadas-protagonizaran-festival-en-costa-rica-con-avistamientos-conciertos-y-actividades-familiares\/","title":{"rendered":"Ballenas jorobadas protagonizar\u00e1n festival en Costa Rica con avistamientos, conciertos y actividades familiares"},"content":{"rendered":"<p><img loading=\"lazy\" decoding=\"async\" src=\"https:\/\/lobosnews.com.ar\/wp-content\/uploads\/2026\/09\/ballenas-jorobadas-protagonizaran-festival-en-costa-rica-con-avistamientos-conciertos-y-actividades-familiares.jpg\" alt=\"Las ballenas jorobadas recorren miles de kil\u00f3metros hasta el Pac\u00edfico Sur de Costa Rica para reproducirse y permanecer durante los primeros meses de vida de sus cr\u00edas. Cr\u00e9dito: ICT\" height=\"1274\" width=\"2110\"\/><\/p>\n<p>Las aguas de <b>Bah\u00eda Ballena, en Uvita de Osa<\/b>, volver\u00e1n a convertirse este fin de semana en escenario de uno de los espect\u00e1culos naturales m\u00e1s llamativos de Costa Rica: la presencia de <b>ballenas jorobadas<\/b> que recorren miles de kil\u00f3metros hasta el Pac\u00edfico Sur para reproducirse, dar a luz y preparar a sus cr\u00edas para sobrevivir en el oc\u00e9ano.<\/p>\n<p>Este fen\u00f3meno ser\u00e1 el principal atractivo del <b>XVI Festival de Ballenas y Delfines<\/b>, programado para los d\u00edas <b>4, 5 y 6 de septiembre<\/b>, con una agenda que combinar\u00e1 tours de observaci\u00f3n responsable, conciertos, actividades deportivas, gastronom\u00eda, artesan\u00edas y propuestas dirigidas a toda la familia.<\/p>\n<p>La celebraci\u00f3n busca aprovechar uno de los per\u00edodos de mayor presencia de cet\u00e1ceos en esta zona del pa\u00eds, considerada uno de los principales puntos costarricenses para el avistamiento de ballenas.<\/p>\n<p>Estos animales pueden alcanzar dimensiones sorprendentes. Una ballena jorobada adulta llega a medir aproximadamente <b>16 metros de longitud<\/b>, una dimensi\u00f3n comparable con la de un autob\u00fas, mientras que su peso puede alcanzar las <b>36 toneladas<\/b>.<\/p>\n<p>Tambi\u00e9n se trata de animales longevos, capaces de vivir entre <b>60 y 80 a\u00f1os<\/b>.<\/p>\n<p>Sin embargo, uno de los datos que m\u00e1s sorprende es la distancia que recorren para llegar hasta Costa Rica.<\/p>\n<p>Las ballenas jorobadas pueden desplazarse entre <b>5,000 y 8,000 kil\u00f3metros<\/b> desde zonas de alimentaci\u00f3n ubicadas en aguas mucho m\u00e1s fr\u00edas. Algunas poblaciones llegan desde el hemisferio norte, mientras otras emprenden el recorrido desde los alrededores de la <b>Pen\u00ednsula Ant\u00e1rtica<\/b>, en el hemisferio sur.<\/p>\n<p>El objetivo es encontrar las condiciones que ofrecen las aguas tropicales para completar etapas fundamentales de su ciclo reproductivo.<\/p>\n<h2>Un santuario para las cr\u00edas<\/h2>\n<p>A diferencia de las fr\u00edas zonas donde encuentran buena parte de su alimento, las aguas del Pac\u00edfico costarricense ofrecen temperaturas apropiadas para el nacimiento y desarrollo inicial de los ballenatos.<\/p>\n<p>Las madres utilizan estas \u00e1reas como espacios para <b>parir, amamantar y ense\u00f1ar a sus cr\u00edas diferentes comportamientos esenciales antes de emprender nuevamente las largas migraciones oce\u00e1nicas<\/b>.<\/p>\n<p>Los ballenatos tampoco son precisamente peque\u00f1os.<\/p>\n<p>Una cr\u00eda de ballena jorobada puede pesar alrededor de <b>dos toneladas<\/b>, pese a encontrarse apenas en sus primeros meses de vida.<\/p>\n<p>Durante su permanencia en las aguas costarricenses, las nuevas generaciones comienzan a desarrollar destrezas vinculadas con la nataci\u00f3n, socializaci\u00f3n y otros comportamientos caracter\u00edsticos de la especie.<\/p>\n<p>Los visitantes incluso pueden observar, dependiendo de las condiciones y del comportamiento de los animales, los conocidos saltos de las ballenas, movimientos de sus aletas o desplazamientos de madres acompa\u00f1adas por sus cr\u00edas.<\/p>\n<p>Uno de sus puntos preferidos en Costa Rica se encuentra precisamente en las aguas cercanas al <b>Parque Nacional Marino Ballena<\/b>, en el cant\u00f3n de Osa.<\/p>\n<p>El sitio posee adem\u00e1s una particularidad geogr\u00e1fica que ha terminado por convertirse en uno de los s\u00edmbolos tur\u00edsticos de la regi\u00f3n.<\/p>\n<p>Durante la marea baja puede observarse desde el aire una formaci\u00f3n conocida como <b>t\u00f3mbolo<\/b>, producto de la acumulaci\u00f3n de arena y sedimentos, cuya silueta se asemeja precisamente a una enorme <b>cola de ballena<\/b>.<\/p>\n<p>La coincidencia entre la forma del sitio y la llegada peri\u00f3dica de estos cet\u00e1ceos ha convertido el lugar en una de las im\u00e1genes m\u00e1s reconocibles del Pac\u00edfico Sur costarricense.<\/p>\n<p><img loading=\"lazy\" decoding=\"async\" src=\"https:\/\/lobosnews.com.ar\/wp-content\/uploads\/2026\/09\/ballenas-jorobadas-protagonizaran-festival-en-costa-rica-con-avistamientos-conciertos-y-actividades-familiares-1.jpg\" alt=\"Bah\u00eda Ballena y las aguas cercanas al Parque Nacional Marino Ballena constituyen uno de los principales puntos del pa\u00eds para observar ballenas jorobadas en libertad. Cr\u00e9dito: ICT\" height=\"752\" width=\"1430\"\/><\/p>\n<h2>Tres d\u00edas de actividades en Uvita<\/h2>\n<p>El festival pretende complementar la experiencia de observaci\u00f3n de fauna con actividades recreativas, culturales y educativas.<\/p>\n<p>Entre las principales propuestas estar\u00e1n los <b>tours de avistamiento de ballenas y delfines<\/b>, que tendr\u00e1n precios especiales para visitantes nacionales, seg\u00fan informaron los organizadores.<\/p>\n<p>La intenci\u00f3n es que la observaci\u00f3n se realice de manera responsable y sostenible, procurando reducir la alteraci\u00f3n del comportamiento natural de los animales.<\/p>\n<p><b>Karol Monge, organizadora del Festival de Ballenas y Delfines<\/b>, asegur\u00f3 que el atractivo de la regi\u00f3n va mucho m\u00e1s all\u00e1 de los cet\u00e1ceos.<\/p>\n<p><b>\u201cBah\u00eda Ballena es un destino que deber\u00eda estar en la lista de todos los costarricenses. Es un para\u00edso natural reconocido no solo por el avistamiento de ballenas, tambi\u00e9n por su riqueza natural, sus playas, monta\u00f1as, r\u00edos y cataratas\u201d,<\/b> explic\u00f3.<\/p>\n<p>El programa contempla adem\u00e1s <b>actividades culturales, deportivas y recreativas<\/b>.<\/p>\n<p>Entre ellas destacan talleres para elaborar papalotes, clases gratuitas de surf y una actividad denominada <b>\u201cceviche para todos\u201d<\/b>.<\/p>\n<p>Tambi\u00e9n funcionar\u00e1 una zona gastron\u00f3mica y una feria donde emprendedores ofrecer\u00e1n artesan\u00edas inspiradas principalmente en elementos de la naturaleza.<\/p>\n<p>Uno de los elementos llamativos ser\u00e1 la exhibici\u00f3n de una <b>escultura de una ballena de varios metros confeccionada con materiales reciclados<\/b>, entre ellos botellas pl\u00e1sticas.<\/p>\n<p>La obra pretende combinar el atractivo visual con un mensaje sobre la protecci\u00f3n de los oc\u00e9anos y la reducci\u00f3n de residuos.<\/p>\n<p><img loading=\"lazy\" decoding=\"async\" src=\"https:\/\/lobosnews.com.ar\/wp-content\/uploads\/2026\/09\/ballenas-jorobadas-protagonizaran-festival-en-costa-rica-con-avistamientos-conciertos-y-actividades-familiares-2.jpg\" alt=\"El Festival de Ballenas y Delfines llegar\u00e1 a su edici\u00f3n n\u00famero 16 con actividades programadas para el 4, 5 y 6 de septiembre en Uvita de Osa. Cr\u00e9dito: ICT\" height=\"614\" width=\"1006\"\/><\/p>\n<h2>Un atractivo tur\u00edstico del Pac\u00edfico Sur<\/h2>\n<p>El presidente ejecutivo del <b>Instituto Costarricense de Turismo (ICT), Marcos V. Borges<\/b>, destac\u00f3 que la observaci\u00f3n de ballenas representa una de las experiencias naturales que distinguen al pa\u00eds.<\/p>\n<p><b>\u201cUn ejemplo claro es el avistamiento de ballenas jorobadas en el Pac\u00edfico Sur de nuestro pa\u00eds durante su temporada de reproducci\u00f3n y nacimiento de sus ballenatos, en las c\u00e1lidas aguas costarricenses\u201d<\/b>, manifest\u00f3.<\/p>\n<p>El jerarca hizo adem\u00e1s un llamado a los turistas nacionales para aprovechar las actividades de este fin de semana y participar en las excursiones organizadas bajo criterios de sostenibilidad.<\/p>\n<p>La llegada de las ballenas tiene, adem\u00e1s de su importancia ecol\u00f3gica, un impacto directo sobre la actividad econ\u00f3mica de comunidades como <b>Uvita y Bah\u00eda Ballena<\/b>, donde operadores tur\u00edsticos, hoteles, restaurantes, gu\u00edas, transportistas y emprendimientos locales reciben visitantes atra\u00eddos por la posibilidad de observar a estos mam\u00edferos en libertad.<\/p>\n<p>El Festival de Ballenas y Delfines se ha consolidado precisamente alrededor de esa relaci\u00f3n entre conservaci\u00f3n, turismo y econom\u00eda local.<\/p>\n<p>La edici\u00f3n n\u00famero 16 pretende mantener ese equilibrio: acercar al visitante a uno de los mayores animales del planeta sin perder de vista que su presencia en Costa Rica depende de conservar las condiciones naturales que permiten que, a\u00f1o tras a\u00f1o, miles de kil\u00f3metros de oc\u00e9ano culminen para ellas en las c\u00e1lidas aguas del Pac\u00edfico Sur.<\/p>\n<p>Para informaci\u00f3n sobre actividades y reservaciones de tours, los organizadores habilitaron el perfil oficial en Facebook <b>Festival de Ballenas y Delfines Costa Rica<\/b> y el tel\u00e9fono <b>+506<\/b> <b>8729-3624<\/b>.<\/p>\n","protected":false},"excerpt":{"rendered":"<p>Las aguas de Bah\u00eda Ballena, en Uvita de Osa, volver\u00e1n a convertirse este fin de semana en escenario de uno de los espect\u00e1culos naturales m\u00e1s llamativos de Costa Rica: la presencia de ballenas jorobadas que recorren miles de kil\u00f3metros hasta el Pac\u00edfico Sur para reproducirse, dar a luz y preparar a sus cr\u00edas para sobrevivir&#8230;<\/p>\n","protected":false},"author":1,"featured_media":96907,"comment_status":"open","ping_status":"closed","sticky":false,"template":"","format":"standard","meta":{"_jetpack_newsletter_access":"","_jetpack_dont_email_post_to_subs":false,"_jetpack_newsletter_tier_id":0,"_jetpack_memberships_contains_paywalled_content":false,"_jetpack_memberships_contains_paid_content":false,"footnotes":"","jetpack_post_was_ever_published":false},"categories":[31],"tags":[],"class_list":["post-96902","post","type-post","status-publish","format-standard","has-post-thumbnail","hentry","category-actualidad"],"magazineBlocksPostFeaturedMedia":{"thumbnail":"https:\/\/lobosnews.com.ar\/wp-content\/uploads\/2026\/09\/ballenas-jorobadas-protagonizaran-festival-en-costa-rica-con-avistamientos-conciertos-y-actividades-familiares-4-150x150.jpg","medium":"https:\/\/lobosnews.com.ar\/wp-content\/uploads\/2026\/09\/ballenas-jorobadas-protagonizaran-festival-en-costa-rica-con-avistamientos-conciertos-y-actividades-familiares-4-300x183.jpg","medium_large":"https:\/\/lobosnews.com.ar\/wp-content\/uploads\/2026\/09\/ballenas-jorobadas-protagonizaran-festival-en-costa-rica-con-avistamientos-conciertos-y-actividades-familiares-4-768x469.jpg","large":"https:\/\/lobosnews.com.ar\/wp-content\/uploads\/2026\/09\/ballenas-jorobadas-protagonizaran-festival-en-costa-rica-con-avistamientos-conciertos-y-actividades-familiares-4.jpg","1536x1536":"https:\/\/lobosnews.com.ar\/wp-content\/uploads\/2026\/09\/ballenas-jorobadas-protagonizaran-festival-en-costa-rica-con-avistamientos-conciertos-y-actividades-familiares-4.jpg","2048x2048":"https:\/\/lobosnews.com.ar\/wp-content\/uploads\/2026\/09\/ballenas-jorobadas-protagonizaran-festival-en-costa-rica-con-avistamientos-conciertos-y-actividades-familiares-4.jpg","newsmatic-featured":"https:\/\/lobosnews.com.ar\/wp-content\/uploads\/2026\/09\/ballenas-jorobadas-protagonizaran-festival-en-costa-rica-con-avistamientos-conciertos-y-actividades-familiares-4-820x545.jpg","newsmatic-list":"https:\/\/lobosnews.com.ar\/wp-content\/uploads\/2026\/09\/ballenas-jorobadas-protagonizaran-festival-en-costa-rica-con-avistamientos-conciertos-y-actividades-familiares-4-600x400.jpg","newsmatic-thumb":"https:\/\/lobosnews.com.ar\/wp-content\/uploads\/2026\/09\/ballenas-jorobadas-protagonizaran-festival-en-costa-rica-con-avistamientos-conciertos-y-actividades-familiares-4-300x200.jpg","newsmatic-small":"https:\/\/lobosnews.com.ar\/wp-content\/uploads\/2026\/09\/ballenas-jorobadas-protagonizaran-festival-en-costa-rica-con-avistamientos-conciertos-y-actividades-familiares-4-150x95.jpg","newsmatic-grid":"https:\/\/lobosnews.com.ar\/wp-content\/uploads\/2026\/09\/ballenas-jorobadas-protagonizaran-festival-en-costa-rica-con-avistamientos-conciertos-y-actividades-familiares-4-400x250.jpg"},"magazineBlocksPostAuthor":{"name":"admin","avatar":"https:\/\/secure.gravatar.com\/avatar\/76e419471a2083bc3ceab22a763dbbf9b0c1bd15a6214cf3280e2c2dde4580f9?s=96&d=mm&r=g"},"magazineBlocksPostCommentsNumber":"0","magazineBlocksPostExcerpt":"Las aguas de Bah\u00eda Ballena, en Uvita de Osa, volver\u00e1n a convertirse este fin de semana en escenario de uno de los espect\u00e1culos naturales m\u00e1s llamativos de Costa Rica: la presencia de ballenas jorobadas que recorren miles de kil\u00f3metros hasta el Pac\u00edfico Sur para reproducirse, dar a luz y preparar a sus cr\u00edas para sobrevivir...","magazineBlocksPostCategories":["Actualidad"],"magazineBlocksPostViewCount":87,"magazineBlocksPostReadTime":6,"magazine_blocks_featured_image_url":{"full":["https:\/\/lobosnews.com.ar\/wp-content\/uploads\/2026\/09\/ballenas-jorobadas-protagonizaran-festival-en-costa-rica-con-avistamientos-conciertos-y-actividades-familiares-4.jpg",1006,614,false],"medium":["https:\/\/lobosnews.com.ar\/wp-content\/uploads\/2026\/09\/ballenas-jorobadas-protagonizaran-festival-en-costa-rica-con-avistamientos-conciertos-y-actividades-familiares-4-300x183.jpg",300,183,true],"thumbnail":["https:\/\/lobosnews.com.ar\/wp-content\/uploads\/2026\/09\/ballenas-jorobadas-protagonizaran-festival-en-costa-rica-con-avistamientos-conciertos-y-actividades-familiares-4-150x150.jpg",150,150,true]},"magazine_blocks_author":{"display_name":"admin","author_link":"https:\/\/lobosnews.com.ar\/index.php\/author\/lobos-news\/"},"magazine_blocks_comment":0,"magazine_blocks_author_image":"https:\/\/secure.gravatar.com\/avatar\/76e419471a2083bc3ceab22a763dbbf9b0c1bd15a6214cf3280e2c2dde4580f9?s=96&d=mm&r=g","magazine_blocks_category":"<a href=\"#\" class=\"category-link category-link-31\">Actualidad<\/a>","yoast_head":"<!-- This site is optimized with the Yoast SEO plugin v28.0 - https:\/\/yoast.com\/product\/yoast-seo-wordpress\/ -->\n<title>Ballenas jorobadas protagonizar\u00e1n festival en Costa Rica con avistamientos, conciertos y actividades familiares - Lobos News<\/title>\n<meta name=\"robots\" content=\"index, follow, max-snippet:-1, max-image-preview:large, max-video-preview:-1\" \/>\n<link rel=\"canonical\" href=\"https:\/\/lobosnews.com.ar\/index.php\/2026\/09\/03\/ballenas-jorobadas-protagonizaran-festival-en-costa-rica-con-avistamientos-conciertos-y-actividades-familiares\/\" \/>\n<meta property=\"og:locale\" content=\"es_ES\" \/>\n<meta property=\"og:type\" content=\"article\" \/>\n<meta property=\"og:title\" content=\"Ballenas jorobadas protagonizar\u00e1n festival en Costa Rica con avistamientos, conciertos y actividades familiares - Lobos News\" \/>\n<meta property=\"og:description\" content=\"Las aguas de Bah\u00eda Ballena, en Uvita de Osa, volver\u00e1n a convertirse este fin de semana en escenario de uno de los espect\u00e1culos naturales m\u00e1s llamativos de Costa Rica: la presencia de ballenas jorobadas que recorren miles de kil\u00f3metros hasta el Pac\u00edfico Sur para reproducirse, dar a luz y preparar a sus cr\u00edas para sobrevivir...\" \/>\n<meta property=\"og:url\" content=\"https:\/\/lobosnews.com.ar\/index.php\/2026\/09\/03\/ballenas-jorobadas-protagonizaran-festival-en-costa-rica-con-avistamientos-conciertos-y-actividades-familiares\/\" \/>\n<meta property=\"og:site_name\" content=\"Lobos News\" \/>\n<meta property=\"article:published_time\" content=\"2026-09-03T13:46:21+00:00\" \/>\n<meta property=\"article:modified_time\" content=\"2026-09-03T14:43:07+00:00\" \/>\n<meta property=\"og:image\" content=\"https:\/\/lobosnews.com.ar\/wp-content\/uploads\/2026\/09\/ballenas-jorobadas-protagonizaran-festival-en-costa-rica-con-avistamientos-conciertos-y-actividades-familiares-4.jpg\" \/>\n\t<meta property=\"og:image:width\" content=\"1006\" \/>\n\t<meta property=\"og:image:height\" content=\"614\" \/>\n\t<meta property=\"og:image:type\" content=\"image\/jpeg\" \/>\n<meta name=\"author\" content=\"admin\" \/>\n<meta name=\"twitter:card\" content=\"summary_large_image\" \/>\n<meta name=\"twitter:label1\" content=\"Escrito por\" \/>\n\t<meta name=\"twitter:data1\" content=\"admin\" \/>\n\t<meta name=\"twitter:label2\" content=\"Tiempo de lectura\" \/>\n\t<meta name=\"twitter:data2\" content=\"5 minutos\" \/>\n<script type=\"application\/ld+json\" class=\"yoast-schema-graph\">{\"@context\":\"https:\\\/\\\/schema.org\",\"@graph\":[{\"@type\":\"Article\",\"@id\":\"https:\\\/\\\/lobosnews.com.ar\\\/index.php\\\/2026\\\/09\\\/03\\\/ballenas-jorobadas-protagonizaran-festival-en-costa-rica-con-avistamientos-conciertos-y-actividades-familiares\\\/#article\",\"isPartOf\":{\"@id\":\"https:\\\/\\\/lobosnews.com.ar\\\/index.php\\\/2026\\\/09\\\/03\\\/ballenas-jorobadas-protagonizaran-festival-en-costa-rica-con-avistamientos-conciertos-y-actividades-familiares\\\/\"},\"author\":{\"name\":\"admin\",\"@id\":\"https:\\\/\\\/lobosnews.com.ar\\\/#\\\/schema\\\/person\\\/232422a593d5c541dd9aef6aaed10943\"},\"headline\":\"Ballenas jorobadas protagonizar\u00e1n festival en Costa Rica con avistamientos, conciertos y actividades familiares\",\"datePublished\":\"2026-09-03T13:46:21+00:00\",\"dateModified\":\"2026-09-03T14:43:07+00:00\",\"mainEntityOfPage\":{\"@id\":\"https:\\\/\\\/lobosnews.com.ar\\\/index.php\\\/2026\\\/09\\\/03\\\/ballenas-jorobadas-protagonizaran-festival-en-costa-rica-con-avistamientos-conciertos-y-actividades-familiares\\\/\"},\"wordCount\":1102,\"commentCount\":0,\"publisher\":{\"@id\":\"https:\\\/\\\/lobosnews.com.ar\\\/#organization\"},\"image\":{\"@id\":\"https:\\\/\\\/lobosnews.com.ar\\\/index.php\\\/2026\\\/09\\\/03\\\/ballenas-jorobadas-protagonizaran-festival-en-costa-rica-con-avistamientos-conciertos-y-actividades-familiares\\\/#primaryimage\"},\"thumbnailUrl\":\"https:\\\/\\\/lobosnews.com.ar\\\/wp-content\\\/uploads\\\/2026\\\/09\\\/ballenas-jorobadas-protagonizaran-festival-en-costa-rica-con-avistamientos-conciertos-y-actividades-familiares-4.jpg\",\"articleSection\":[\"Actualidad\"],\"inLanguage\":\"es\",\"potentialAction\":[{\"@type\":\"CommentAction\",\"name\":\"Comment\",\"target\":[\"https:\\\/\\\/lobosnews.com.ar\\\/index.php\\\/2026\\\/09\\\/03\\\/ballenas-jorobadas-protagonizaran-festival-en-costa-rica-con-avistamientos-conciertos-y-actividades-familiares\\\/#respond\"]}]},{\"@type\":\"WebPage\",\"@id\":\"https:\\\/\\\/lobosnews.com.ar\\\/index.php\\\/2026\\\/09\\\/03\\\/ballenas-jorobadas-protagonizaran-festival-en-costa-rica-con-avistamientos-conciertos-y-actividades-familiares\\\/\",\"url\":\"https:\\\/\\\/lobosnews.com.ar\\\/index.php\\\/2026\\\/09\\\/03\\\/ballenas-jorobadas-protagonizaran-festival-en-costa-rica-con-avistamientos-conciertos-y-actividades-familiares\\\/\",\"name\":\"Ballenas jorobadas protagonizar\u00e1n festival en Costa Rica con avistamientos, conciertos y actividades familiares - Lobos News\",\"isPartOf\":{\"@id\":\"https:\\\/\\\/lobosnews.com.ar\\\/#website\"},\"primaryImageOfPage\":{\"@id\":\"https:\\\/\\\/lobosnews.com.ar\\\/index.php\\\/2026\\\/09\\\/03\\\/ballenas-jorobadas-protagonizaran-festival-en-costa-rica-con-avistamientos-conciertos-y-actividades-familiares\\\/#primaryimage\"},\"image\":{\"@id\":\"https:\\\/\\\/lobosnews.com.ar\\\/index.php\\\/2026\\\/09\\\/03\\\/ballenas-jorobadas-protagonizaran-festival-en-costa-rica-con-avistamientos-conciertos-y-actividades-familiares\\\/#primaryimage\"},\"thumbnailUrl\":\"https:\\\/\\\/lobosnews.com.ar\\\/wp-content\\\/uploads\\\/2026\\\/09\\\/ballenas-jorobadas-protagonizaran-festival-en-costa-rica-con-avistamientos-conciertos-y-actividades-familiares-4.jpg\",\"datePublished\":\"2026-09-03T13:46:21+00:00\",\"dateModified\":\"2026-09-03T14:43:07+00:00\",\"breadcrumb\":{\"@id\":\"https:\\\/\\\/lobosnews.com.ar\\\/index.php\\\/2026\\\/09\\\/03\\\/ballenas-jorobadas-protagonizaran-festival-en-costa-rica-con-avistamientos-conciertos-y-actividades-familiares\\\/#breadcrumb\"},\"inLanguage\":\"es\",\"potentialAction\":[{\"@type\":\"ReadAction\",\"target\":[\"https:\\\/\\\/lobosnews.com.ar\\\/index.php\\\/2026\\\/09\\\/03\\\/ballenas-jorobadas-protagonizaran-festival-en-costa-rica-con-avistamientos-conciertos-y-actividades-familiares\\\/\"]}]},{\"@type\":\"ImageObject\",\"inLanguage\":\"es\",\"@id\":\"https:\\\/\\\/lobosnews.com.ar\\\/index.php\\\/2026\\\/09\\\/03\\\/ballenas-jorobadas-protagonizaran-festival-en-costa-rica-con-avistamientos-conciertos-y-actividades-familiares\\\/#primaryimage\",\"url\":\"https:\\\/\\\/lobosnews.com.ar\\\/wp-content\\\/uploads\\\/2026\\\/09\\\/ballenas-jorobadas-protagonizaran-festival-en-costa-rica-con-avistamientos-conciertos-y-actividades-familiares-4.jpg\",\"contentUrl\":\"https:\\\/\\\/lobosnews.com.ar\\\/wp-content\\\/uploads\\\/2026\\\/09\\\/ballenas-jorobadas-protagonizaran-festival-en-costa-rica-con-avistamientos-conciertos-y-actividades-familiares-4.jpg\",\"width\":1006,\"height\":614,\"caption\":\"Ballenas jorobadas protagonizar\u00e1n festival en Costa Rica con avistamientos, conciertos y actividades familiares\"},{\"@type\":\"BreadcrumbList\",\"@id\":\"https:\\\/\\\/lobosnews.com.ar\\\/index.php\\\/2026\\\/09\\\/03\\\/ballenas-jorobadas-protagonizaran-festival-en-costa-rica-con-avistamientos-conciertos-y-actividades-familiares\\\/#breadcrumb\",\"itemListElement\":[{\"@type\":\"ListItem\",\"position\":1,\"name\":\"Portada\",\"item\":\"https:\\\/\\\/lobosnews.com.ar\\\/\"},{\"@type\":\"ListItem\",\"position\":2,\"name\":\"Ballenas jorobadas protagonizar\u00e1n festival en Costa Rica con avistamientos, conciertos y actividades familiares\"}]},{\"@type\":\"WebSite\",\"@id\":\"https:\\\/\\\/lobosnews.com.ar\\\/#website\",\"url\":\"https:\\\/\\\/lobosnews.com.ar\\\/\",\"name\":\"Lobos News\",\"description\":\"Informaci\u00f3n a cada instante\",\"publisher\":{\"@id\":\"https:\\\/\\\/lobosnews.com.ar\\\/#organization\"},\"potentialAction\":[{\"@type\":\"SearchAction\",\"target\":{\"@type\":\"EntryPoint\",\"urlTemplate\":\"https:\\\/\\\/lobosnews.com.ar\\\/?s={search_term_string}\"},\"query-input\":{\"@type\":\"PropertyValueSpecification\",\"valueRequired\":true,\"valueName\":\"search_term_string\"}}],\"inLanguage\":\"es\"},{\"@type\":\"Organization\",\"@id\":\"https:\\\/\\\/lobosnews.com.ar\\\/#organization\",\"name\":\"Lobos News\",\"url\":\"https:\\\/\\\/lobosnews.com.ar\\\/\",\"logo\":{\"@type\":\"ImageObject\",\"inLanguage\":\"es\",\"@id\":\"https:\\\/\\\/lobosnews.com.ar\\\/#\\\/schema\\\/logo\\\/image\\\/\",\"url\":\"https:\\\/\\\/lobosnews.com.ar\\\/wp-content\\\/uploads\\\/2026\\\/01\\\/logo-lobosnews.png\",\"contentUrl\":\"https:\\\/\\\/lobosnews.com.ar\\\/wp-content\\\/uploads\\\/2026\\\/01\\\/logo-lobosnews.png\",\"width\":500,\"height\":200,\"caption\":\"Lobos News\"},\"image\":{\"@id\":\"https:\\\/\\\/lobosnews.com.ar\\\/#\\\/schema\\\/logo\\\/image\\\/\"}},{\"@type\":\"Person\",\"@id\":\"https:\\\/\\\/lobosnews.com.ar\\\/#\\\/schema\\\/person\\\/232422a593d5c541dd9aef6aaed10943\",\"name\":\"admin\",\"image\":{\"@type\":\"ImageObject\",\"inLanguage\":\"es\",\"@id\":\"https:\\\/\\\/secure.gravatar.com\\\/avatar\\\/76e419471a2083bc3ceab22a763dbbf9b0c1bd15a6214cf3280e2c2dde4580f9?s=96&d=mm&r=g\",\"url\":\"https:\\\/\\\/secure.gravatar.com\\\/avatar\\\/76e419471a2083bc3ceab22a763dbbf9b0c1bd15a6214cf3280e2c2dde4580f9?s=96&d=mm&r=g\",\"contentUrl\":\"https:\\\/\\\/secure.gravatar.com\\\/avatar\\\/76e419471a2083bc3ceab22a763dbbf9b0c1bd15a6214cf3280e2c2dde4580f9?s=96&d=mm&r=g\",\"caption\":\"admin\"},\"sameAs\":[\"https:\\\/\\\/lobosnews.com.ar\"],\"url\":\"https:\\\/\\\/lobosnews.com.ar\\\/index.php\\\/author\\\/lobos-news\\\/\"}]}<\/script>\n<!-- \/ Yoast SEO plugin. -->","yoast_head_json":{"title":"Ballenas jorobadas protagonizar\u00e1n festival en Costa Rica con avistamientos, conciertos y actividades familiares - Lobos News","robots":{"index":"index","follow":"follow","max-snippet":"max-snippet:-1","max-image-preview":"max-image-preview:large","max-video-preview":"max-video-preview:-1"},"canonical":"https:\/\/lobosnews.com.ar\/index.php\/2026\/09\/03\/ballenas-jorobadas-protagonizaran-festival-en-costa-rica-con-avistamientos-conciertos-y-actividades-familiares\/","og_locale":"es_ES","og_type":"article","og_title":"Ballenas jorobadas protagonizar\u00e1n festival en Costa Rica con avistamientos, conciertos y actividades familiares - Lobos News","og_description":"Las aguas de Bah\u00eda Ballena, en Uvita de Osa, volver\u00e1n a convertirse este fin de semana en escenario de uno de los espect\u00e1culos naturales m\u00e1s llamativos de Costa Rica: la presencia de ballenas jorobadas que recorren miles de kil\u00f3metros hasta el Pac\u00edfico Sur para reproducirse, dar a luz y preparar a sus cr\u00edas para sobrevivir...","og_url":"https:\/\/lobosnews.com.ar\/index.php\/2026\/09\/03\/ballenas-jorobadas-protagonizaran-festival-en-costa-rica-con-avistamientos-conciertos-y-actividades-familiares\/","og_site_name":"Lobos News","article_published_time":"2026-09-03T13:46:21+00:00","article_modified_time":"2026-09-03T14:43:07+00:00","og_image":[{"width":1006,"height":614,"url":"https:\/\/lobosnews.com.ar\/wp-content\/uploads\/2026\/09\/ballenas-jorobadas-protagonizaran-festival-en-costa-rica-con-avistamientos-conciertos-y-actividades-familiares-4.jpg","type":"image\/jpeg"}],"author":"admin","twitter_card":"summary_large_image","twitter_misc":{"Escrito por":"admin","Tiempo de lectura":"5 minutos"},"schema":{"@context":"https:\/\/schema.org","@graph":[{"@type":"Article","@id":"https:\/\/lobosnews.com.ar\/index.php\/2026\/09\/03\/ballenas-jorobadas-protagonizaran-festival-en-costa-rica-con-avistamientos-conciertos-y-actividades-familiares\/#article","isPartOf":{"@id":"https:\/\/lobosnews.com.ar\/index.php\/2026\/09\/03\/ballenas-jorobadas-protagonizaran-festival-en-costa-rica-con-avistamientos-conciertos-y-actividades-familiares\/"},"author":{"name":"admin","@id":"https:\/\/lobosnews.com.ar\/#\/schema\/person\/232422a593d5c541dd9aef6aaed10943"},"headline":"Ballenas jorobadas protagonizar\u00e1n festival en Costa Rica con avistamientos, conciertos y actividades familiares","datePublished":"2026-09-03T13:46:21+00:00","dateModified":"2026-09-03T14:43:07+00:00","mainEntityOfPage":{"@id":"https:\/\/lobosnews.com.ar\/index.php\/2026\/09\/03\/ballenas-jorobadas-protagonizaran-festival-en-costa-rica-con-avistamientos-conciertos-y-actividades-familiares\/"},"wordCount":1102,"commentCount":0,"publisher":{"@id":"https:\/\/lobosnews.com.ar\/#organization"},"image":{"@id":"https:\/\/lobosnews.com.ar\/index.php\/2026\/09\/03\/ballenas-jorobadas-protagonizaran-festival-en-costa-rica-con-avistamientos-conciertos-y-actividades-familiares\/#primaryimage"},"thumbnailUrl":"https:\/\/lobosnews.com.ar\/wp-content\/uploads\/2026\/09\/ballenas-jorobadas-protagonizaran-festival-en-costa-rica-con-avistamientos-conciertos-y-actividades-familiares-4.jpg","articleSection":["Actualidad"],"inLanguage":"es","potentialAction":[{"@type":"CommentAction","name":"Comment","target":["https:\/\/lobosnews.com.ar\/index.php\/2026\/09\/03\/ballenas-jorobadas-protagonizaran-festival-en-costa-rica-con-avistamientos-conciertos-y-actividades-familiares\/#respond"]}]},{"@type":"WebPage","@id":"https:\/\/lobosnews.com.ar\/index.php\/2026\/09\/03\/ballenas-jorobadas-protagonizaran-festival-en-costa-rica-con-avistamientos-conciertos-y-actividades-familiares\/","url":"https:\/\/lobosnews.com.ar\/index.php\/2026\/09\/03\/ballenas-jorobadas-protagonizaran-festival-en-costa-rica-con-avistamientos-conciertos-y-actividades-familiares\/","name":"Ballenas jorobadas protagonizar\u00e1n festival en Costa Rica con avistamientos, conciertos y actividades familiares - Lobos News","isPartOf":{"@id":"https:\/\/lobosnews.com.ar\/#website"},"primaryImageOfPage":{"@id":"https:\/\/lobosnews.com.ar\/index.php\/2026\/09\/03\/ballenas-jorobadas-protagonizaran-festival-en-costa-rica-con-avistamientos-conciertos-y-actividades-familiares\/#primaryimage"},"image":{"@id":"https:\/\/lobosnews.com.ar\/index.php\/2026\/09\/03\/ballenas-jorobadas-protagonizaran-festival-en-costa-rica-con-avistamientos-conciertos-y-actividades-familiares\/#primaryimage"},"thumbnailUrl":"https:\/\/lobosnews.com.ar\/wp-content\/uploads\/2026\/09\/ballenas-jorobadas-protagonizaran-festival-en-costa-rica-con-avistamientos-conciertos-y-actividades-familiares-4.jpg","datePublished":"2026-09-03T13:46:21+00:00","dateModified":"2026-09-03T14:43:07+00:00","breadcrumb":{"@id":"https:\/\/lobosnews.com.ar\/index.php\/2026\/09\/03\/ballenas-jorobadas-protagonizaran-festival-en-costa-rica-con-avistamientos-conciertos-y-actividades-familiares\/#breadcrumb"},"inLanguage":"es","potentialAction":[{"@type":"ReadAction","target":["https:\/\/lobosnews.com.ar\/index.php\/2026\/09\/03\/ballenas-jorobadas-protagonizaran-festival-en-costa-rica-con-avistamientos-conciertos-y-actividades-familiares\/"]}]},{"@type":"ImageObject","inLanguage":"es","@id":"https:\/\/lobosnews.com.ar\/index.php\/2026\/09\/03\/ballenas-jorobadas-protagonizaran-festival-en-costa-rica-con-avistamientos-conciertos-y-actividades-familiares\/#primaryimage","url":"https:\/\/lobosnews.com.ar\/wp-content\/uploads\/2026\/09\/ballenas-jorobadas-protagonizaran-festival-en-costa-rica-con-avistamientos-conciertos-y-actividades-familiares-4.jpg","contentUrl":"https:\/\/lobosnews.com.ar\/wp-content\/uploads\/2026\/09\/ballenas-jorobadas-protagonizaran-festival-en-costa-rica-con-avistamientos-conciertos-y-actividades-familiares-4.jpg","width":1006,"height":614,"caption":"Ballenas jorobadas protagonizar\u00e1n festival en Costa Rica con avistamientos, conciertos y actividades familiares"},{"@type":"BreadcrumbList","@id":"https:\/\/lobosnews.com.ar\/index.php\/2026\/09\/03\/ballenas-jorobadas-protagonizaran-festival-en-costa-rica-con-avistamientos-conciertos-y-actividades-familiares\/#breadcrumb","itemListElement":[{"@type":"ListItem","position":1,"name":"Portada","item":"https:\/\/lobosnews.com.ar\/"},{"@type":"ListItem","position":2,"name":"Ballenas jorobadas protagonizar\u00e1n festival en Costa Rica con avistamientos, conciertos y actividades familiares"}]},{"@type":"WebSite","@id":"https:\/\/lobosnews.com.ar\/#website","url":"https:\/\/lobosnews.com.ar\/","name":"Lobos News","description":"Informaci\u00f3n a cada instante","publisher":{"@id":"https:\/\/lobosnews.com.ar\/#organization"},"potentialAction":[{"@type":"SearchAction","target":{"@type":"EntryPoint","urlTemplate":"https:\/\/lobosnews.com.ar\/?s={search_term_string}"},"query-input":{"@type":"PropertyValueSpecification","valueRequired":true,"valueName":"search_term_string"}}],"inLanguage":"es"},{"@type":"Organization","@id":"https:\/\/lobosnews.com.ar\/#organization","name":"Lobos News","url":"https:\/\/lobosnews.com.ar\/","logo":{"@type":"ImageObject","inLanguage":"es","@id":"https:\/\/lobosnews.com.ar\/#\/schema\/logo\/image\/","url":"https:\/\/lobosnews.com.ar\/wp-content\/uploads\/2026\/01\/logo-lobosnews.png","contentUrl":"https:\/\/lobosnews.com.ar\/wp-content\/uploads\/2026\/01\/logo-lobosnews.png","width":500,"height":200,"caption":"Lobos News"},"image":{"@id":"https:\/\/lobosnews.com.ar\/#\/schema\/logo\/image\/"}},{"@type":"Person","@id":"https:\/\/lobosnews.com.ar\/#\/schema\/person\/232422a593d5c541dd9aef6aaed10943","name":"admin","image":{"@type":"ImageObject","inLanguage":"es","@id":"https:\/\/secure.gravatar.com\/avatar\/76e419471a2083bc3ceab22a763dbbf9b0c1bd15a6214cf3280e2c2dde4580f9?s=96&d=mm&r=g","url":"https:\/\/secure.gravatar.com\/avatar\/76e419471a2083bc3ceab22a763dbbf9b0c1bd15a6214cf3280e2c2dde4580f9?s=96&d=mm&r=g","contentUrl":"https:\/\/secure.gravatar.com\/avatar\/76e419471a2083bc3ceab22a763dbbf9b0c1bd15a6214cf3280e2c2dde4580f9?s=96&d=mm&r=g","caption":"admin"},"sameAs":["https:\/\/lobosnews.com.ar"],"url":"https:\/\/lobosnews.com.ar\/index.php\/author\/lobos-news\/"}]}},"jetpack_featured_media_url":"https:\/\/lobosnews.com.ar\/wp-content\/uploads\/2026\/09\/ballenas-jorobadas-protagonizaran-festival-en-costa-rica-con-avistamientos-conciertos-y-actividades-familiares-4.jpg","jetpack_sharing_enabled":true,"_links":{"self":[{"href":"https:\/\/lobosnews.com.ar\/index.php\/wp-json\/wp\/v2\/posts\/96902","targetHints":{"allow":["GET"]}}],"collection":[{"href":"https:\/\/lobosnews.com.ar\/index.php\/wp-json\/wp\/v2\/posts"}],"about":[{"href":"https:\/\/lobosnews.com.ar\/index.php\/wp-json\/wp\/v2\/types\/post"}],"author":[{"embeddable":true,"href":"https:\/\/lobosnews.com.ar\/index.php\/wp-json\/wp\/v2\/users\/1"}],"replies":[{"embeddable":true,"href":"https:\/\/lobosnews.com.ar\/index.php\/wp-json\/wp\/v2\/comments?post=96902"}],"version-history":[{"count":1,"href":"https:\/\/lobosnews.com.ar\/index.php\/wp-json\/wp\/v2\/posts\/96902\/revisions"}],"predecessor-version":[{"id":96906,"href":"https:\/\/lobosnews.com.ar\/index.php\/wp-json\/wp\/v2\/posts\/96902\/revisions\/96906"}],"wp:featuredmedia":[{"embeddable":true,"href":"https:\/\/lobosnews.com.ar\/index.php\/wp-json\/wp\/v2\/media\/96907"}],"wp:attachment":[{"href":"https:\/\/lobosnews.com.ar\/index.php\/wp-json\/wp\/v2\/media?parent=96902"}],"wp:term":[{"taxonomy":"category","embeddable":true,"href":"https:\/\/lobosnews.com.ar\/index.php\/wp-json\/wp\/v2\/categories?post=96902"},{"taxonomy":"post_tag","embeddable":true,"href":"https:\/\/lobosnews.com.ar\/index.php\/wp-json\/wp\/v2\/tags?post=96902"}],"curies":[{"name":"wp","href":"https:\/\/api.w.org\/{rel}","templated":true}]}}