{"id":96875,"date":"2026-09-03T14:23:40","date_gmt":"2026-09-03T14:23:40","guid":{"rendered":"https:\/\/lobosnews.com.ar\/?p=96875"},"modified":"2026-09-03T14:42:45","modified_gmt":"2026-09-03T14:42:45","slug":"jugo-20-anos-en-la-elite-del-futbol-argentino-gano-dos-titulos-y-hoy-trabaja-de-albanil-con-su-papa-estamos-laburando-de-eso-y-me-gusta","status":"publish","type":"post","link":"https:\/\/lobosnews.com.ar\/index.php\/2026\/09\/03\/jugo-20-anos-en-la-elite-del-futbol-argentino-gano-dos-titulos-y-hoy-trabaja-de-albanil-con-su-papa-estamos-laburando-de-eso-y-me-gusta\/","title":{"rendered":"Jug\u00f3 20 a\u00f1os en la \u00e9lite del f\u00fatbol argentino, gan\u00f3 dos t\u00edtulos y hoy trabaja de alba\u00f1il con su pap\u00e1: \u201cEstamos laburando de eso y me gusta\u201d"},"content":{"rendered":"<p>La aparici\u00f3n de un recordado jugador de <b>Rosario Central<\/b> en un torneo amateur de la ciudad sorprendi\u00f3 a los fan\u00e1ticos del f\u00fatbol argentino. <b>Hern\u00e1n Encina<\/b>, oriundo del barrio Las Flores, <b>es parte del equipo de amigos de su barrio, mientras ayuda a su padre en el d\u00eda a d\u00eda como alba\u00f1il<\/b>.<\/p>\n<p><i>El Sapito <\/i>integra \u201cLos de siempre\u201d, el combinado que disputa torneos de veteranos en el parque Regional Sur y en otras canchas de la zona de Rosario. All\u00ed, tras jugar apenas un tiempo por una molestia en el tobillo derivada de una lesi\u00f3n sufrida en su etapa profesional, dijo que tambi\u00e9n entrena chicos del barrio y record\u00f3 que hasta el a\u00f1o pasado viajaba con ese proyecto para \u201c<b>sacar los pibes de la calle\u201d<\/b>.<\/p>\n<p>\u201cDisfruto de la amistad del barrio y jugar con amigos. Siempre extra\u00f1\u00e9 el barrio Las Flores\u201d, afirm\u00f3 Encina en di\u00e1logo con el diario <i>La Capital<\/i>. Tambi\u00e9n explic\u00f3 con la misma franqueza cu\u00e1l es su presente laboral: <b>\u201cHoy estoy con mi viejo trabajando de alba\u00f1il. No se me van a caer los brazos por decirlo, no tengo verg\u00fcenza\u201d<\/b>. En marzo del 2025, se hizo viral un video de Encina en su barrio sentado en una reposera capturado por un fan\u00e1tico de Central.<\/p>\n<p>El ex jugador, que en su segundo partido en Primera fue titular en el cl\u00e1sico en el Coloso y marc\u00f3 el 1-0 parcial del empate 1-1 (2011), volvi\u00f3 a convertir en otro Central-Newll\u2019s en 2013, esta vez en el Gigante, cuando anot\u00f3 el 2-1 para la victoria canalla.<\/p>\n<p>Durante la charla, Encina cont\u00f3 que nunca se sinti\u00f3 tentado a cortar el lazo con su origen, aun cuando el recorrido profesional y los ingresos del f\u00fatbol parec\u00edan empujarlo a otra vida. <b>\u201cMe iba a otro lugar, pero siempre ca\u00eda en el barrio para estar con mi familia, mis amigos\u201d<\/b>, sostuvo.<\/p>\n<p>\u201cNunca cambi\u00e9. Es lo que me ense\u00f1\u00f3 mi viejo, el barrio, el sacrificio de cada uno. Hoy estamos en Las Flores y cuando jugamos, <b>me siento a tomar una gaseosa con los muchachos, con mis amigos. Un poco de agua mineral, ja. Siempre tomamos una cervecita. Ya estamos viejos, as\u00ed que tenemos el permitido<\/b>. Todo esto es lo m\u00e1s lindo, la amistad.\u201d, se\u00f1al\u00f3, antes de describir una rutina que hoy incluye partidos con amigos, reuniones despu\u00e9s de jugar y la convivencia cotidiana con vecinos que lo conocen desde chico.<\/p>\n<p><img fetchpriority=\"high\" decoding=\"async\" src=\"https:\/\/lobosnews.com.ar\/wp-content\/uploads\/2026\/09\/jugo-20-anos-en-la-elite-del-futbol-argentino-gano-dos-titulos-y-hoy-trabaja-de-albanil-con-su-papa-estamos-laburando-de-eso-y-me-gusta.jpg\" alt=\"Encina, hist\u00f3rico de Rosario Central (NA)\" height=\"1080\" width=\"1920\"\/><\/p>\n<p>En su equipo actual comparte plantel con <b>C\u00e9sar Delgado<\/b>, otro surgido de Las Flores, y con uno de los hijos de <b>Omar Palma<\/b>. Sobre ese entramado de afectos, el Sapito remarc\u00f3 que vive en el barrio y que recibi\u00f3 respeto tanto de hinchas de Central como de Newell\u2019s: <b>\u201cHasta el d\u00eda de hoy supieron respetar mi profesi\u00f3n\u201d<\/b>.<\/p>\n<p>El ex futbolista, que el pr\u00f3ximo 3 de noviembre cumplir\u00e1 44 a\u00f1os, tambi\u00e9n respondi\u00f3 de forma directa sobre la econom\u00eda de los jugadores que llegan a la Primera Divisi\u00f3n, al menos en su \u00e9poca. <b>\u201cLa diferencia la hacen pocos\u201d<\/b>, mencion\u00f3, y destac\u00f3 a aquellos que jugaron en pa\u00edses como Italia o Espa\u00f1a, aunque aclar\u00f3 que no se queja de lo conseguido y que lo suyo fue resultado del esfuerzo.<\/p>\n<p>Encina identific\u00f3 el momento m\u00e1s doloroso de su vida en la muerte de su madre. <b>\u201cGracias al sacrificio que hicieron mis padres, logr\u00e9 jugar al f\u00fatbol. Despu\u00e9s siempre hay una negatividad sobre el t\u00e9cnico, aunque estoy agradecido al f\u00fatbol\u201d<\/b>, relat\u00f3 el Sapito.<\/p>\n<p>Tambi\u00e9n record\u00f3 que estuvo cerca de abandonar el f\u00fatbol. \u201c<b>S\u00ed, a m\u00ed me toc\u00f3 bajar los brazos y hasta quise dejar el f\u00fatbol. Creo que estaba Menotti y termin\u00e9 jugando en la local cuando ya hab\u00eda estado en primera. Segu\u00ed, no baj\u00e9 los brazos<\/b>, pero lleg\u00f3 un momento que estuve a punto de dejar todo. Ten\u00eda a mi hijo, Gustavo, habl\u00e9 con mi se\u00f1ora y le dije: \u2018Negra, quiero dejar, no aguanto m\u00e1s\u2019. Y me dijo que hiciera lo que quisiera, pero \u2018fijate porque es lo que te gusta. Yo te voy a apoyar\u2019. Y segu\u00ed. Hasta hoy ella me sigue acompa\u00f1ando y gracias a Miguel tuve la chance de continuar en el f\u00fatbol\u201d, reflexion\u00f3.<\/p>\n<p>Justamente, Encina destac\u00f3 el trato que le dio <b>Miguel \u00c1ngel Russo<\/b>, a quien atribuy\u00f3 una oportunidad decisiva. Explic\u00f3 que estaba marginado y jugando en cuarta cuando el entrenador lo llev\u00f3 nuevamente al plantle profesional. A los otros dos emblemas del Canalla que mencion\u00f3 fue a Omar Palma y <b>\u00c1ngel Zof<\/b>.<\/p>\n<p>\u201cOmar fue para m\u00ed un padre, tanto adentro como afuera de la cancha. Cuando era chico, fue el primero que me dijo junto a Alfredo Killer: \u2018Quedate en la pensi\u00f3n\u2019. Zof era coordinador y con el Chelo Delgado est\u00e1bamos en la pensi\u00f3n. Me educaron y ense\u00f1aron muchas cosas. Despu\u00e9s me toc\u00f3 tenerlo a Russo. Estaba marginado y \u00e9l me llev\u00f3 a la Primera. Ah\u00ed tuve la oportunidad de jugar otra vez. Me dio una chance que nunca me hab\u00edan dado en ese momento. Siempre estar\u00e9 agradecido a Omar y a Miguel\u201d, revel\u00f3.<\/p>\n<p><img loading=\"lazy\" decoding=\"async\" src=\"https:\/\/lobosnews.com.ar\/wp-content\/uploads\/2026\/09\/jugo-20-anos-en-la-elite-del-futbol-argentino-gano-dos-titulos-y-hoy-trabaja-de-albanil-con-su-papa-estamos-laburando-de-eso-y-me-gusta-1.jpg\" alt=\"El Sapito naci\u00f3 en el Canalla y jug\u00f3 20 a\u00f1os en el f\u00fatbol profesional\" height=\"1080\" width=\"1920\"\/><\/p>\n<p>La otra figura que aparece en su balance es su padre, no ya como sost\u00e9n afectivo sino como referencia laboral concreta. Encina afirm\u00f3 que, si el f\u00fatbol no le hubiera dado una nueva oportunidad, habr\u00eda trabajado igual que ahora: en la construcci\u00f3n. <b>\u201cHoy tambi\u00e9n estamos laburando de eso y me gusta\u201d<\/b>, dijo.<\/p>\n<p>En su repaso de decisiones personales, se\u00f1al\u00f3 una que todav\u00eda considera equivocada: su salida de M\u00e9xico, donde jug\u00f3 en <b>Tecos<\/b> y <b>Atlas de Guadalajara<\/b>. Seg\u00fan confes\u00f3 en la charla con el medio rosarino, cree que si se hubiera quedado \u201chubiese sido otra cosa\u201d y que podr\u00eda haber jugado m\u00e1s tiempo en ese pa\u00eds.<\/p>\n<p><b>Su breve incursi\u00f3n en pol\u00edtica tuvo un origen distinto al deportivo<\/b>. Cont\u00f3 que se acerc\u00f3 con <b>la intenci\u00f3n de ayudar a chicos del barrio y a sus familias, despu\u00e9s de trabajar con 150 pibes de Las Flores y Toba, a quienes entrenaban y les daban la merienda con aportes de amigos y dinero propio<\/b>. \u201cMe dijeron que siguiera, que hay que ser un poco caradura. Pero me di cuenta de que no es lo m\u00edo. A veces tiene que agachar la cabeza en algunas cosas&#8230; Viviendo en Las Flores iba a tener el apoyo de la gente, pero despu\u00e9s decid\u00ed estar tranquilo. Por ah\u00ed alguno pod\u00eda decir que era por la plata, pero lo m\u00edo era otra cosa, los chicos\u201d, record\u00f3. Para el cierre, dej\u00f3 una mirada que defini\u00f3 su carrera en el f\u00fatbol. <b>\u201cFui tocado por la varita m\u00e1gica y volv\u00ed a jugar. Gracias a Dios no par\u00e9 hasta el d\u00eda que me retir\u00e9\u201d<\/b>.<\/p>\n<p><b>Encima disput\u00f3 366 partidos oficiales y convirti\u00f3 28 goles en una carrera de 17 a\u00f1os que lo llev\u00f3 por siete clubes argentinos y dos equipos del exterior<\/b>. El mediocampista se form\u00f3 en las divisiones inferiores de Central y debut\u00f3 en primera el 27 de octubre de 2001, en una derrota por 1 a 3 ante V\u00e9lez Sarsfield en el estadio <i>Jos\u00e9 Amalfitani<\/i>.<\/p>\n<p><img loading=\"lazy\" decoding=\"async\" src=\"https:\/\/lobosnews.com.ar\/wp-content\/uploads\/2026\/09\/jugo-20-anos-en-la-elite-del-futbol-argentino-gano-dos-titulos-y-hoy-trabaja-de-albanil-con-su-papa-estamos-laburando-de-eso-y-me-gusta-2.jpg\" alt=\"El delantero qued\u00f3 en la historia del cl\u00e1sico rosarino (NA)\" height=\"1080\" width=\"1920\"\/><\/p>\n<p>Apenas dos fechas despu\u00e9s de su presentaci\u00f3n, el entrenador Juan Jos\u00e9 L\u00f3pez le dio la titularidad como mediocampista por derecha en el cl\u00e1sico rosarino del 11 de noviembre de 2001. El partido termin\u00f3 1 a 1 ante <b>Newell\u2019s Old Boys<\/b> y Encina anot\u00f3 el gol de Central. Tras esa actuaci\u00f3n, sum\u00f3 cinco presencias en el certamen y pas\u00f3 casi dos a\u00f1os y medio sin jugar en el primer equipo, relegado a la reserva.<\/p>\n<p>Su retorno se produjo el 6 de marzo de 2004, en un triunfo 3 a 1 ante <b>Racing Club<\/b>, partido en el que tambi\u00e9n convirti\u00f3. Russo comenz\u00f3 a darle continuidad, pero el 18 de abril sufri\u00f3 la rotura de ligamentos de la rodilla derecha tras una trabada de <b>Fernando Belluschi<\/b> ante Newell\u2019s. Encina pudo reaparecer en la primera jornada del Torneo Clausura 2005, aunque una nueva lesi\u00f3n, esta vez una fractura en el tobillo derecho producto de una jugada con Sebasti\u00e1n Ariel Romero, volvi\u00f3 a apartarlo de las canchas.<\/p>\n<p>Despu\u00e9s de su paso por el f\u00fatbol mexicano, regres\u00f3 a la Argentina en 2008 para jugar n <b>Col\u00f3n de Santa Fe<\/b>. La temporada 2008-2009 lo tuvo en <b>Godoy Cruz Antonio Tomba<\/b>, con 30 partidos y un gol, y en el segundo semestre de 2009 jug\u00f3 en <b>Barcelona Sporting Club<\/b>, de Ecuador, donde sum\u00f3 10 encuentros sin convertir. Entre 2010 y 2011 visti\u00f3 la camiseta de <b>Gimnasia y Esgrima La Plata<\/b>, club en el que disput\u00f3 50 partidos y anot\u00f3 tres tantos.<\/p>\n<p><b>Instituto de C\u00f3rdoba<\/b> fue su siguiente destino, en la temporada 2011-2012 de la Primera B Nacional. Lugo de eso, Russo lo convoc\u00f3 nuevamente para Rosario Central, que afrontaba su tercer a\u00f1o consecutivo en la segunda categor\u00eda del f\u00fatbol argentino. Encina fue titular indiscutido en la campa\u00f1a con 33 partidos y tres goles, y el equipo se consagr\u00f3 campe\u00f3n, lo que le permiti\u00f3 el regreso a la Primera Divisi\u00f3n. Ya en la m\u00e1xima categor\u00eda, disput\u00f3 28 partidos y marc\u00f3 cuatro goles en la temporada 2013-2014. El m\u00e1s recordado fue el que le convirti\u00f3 a Newell\u2019s Old Boys el 20 de octubre de 2013, en un cl\u00e1sico que Central gan\u00f3 2 a 1 en el estadio <i>Gigante de Arroyito<\/i>.<\/p>\n<p>Tras dejar Rosario Central, Encina represent\u00f3 a <b>Olimpo de Bah\u00eda Blanca<\/b> en 2015. Al a\u00f1o siguiente descendi\u00f3 de categor\u00eda junto a <b>Talleres de C\u00f3rdoba<\/b> y particip\u00f3 de la campa\u00f1a que le devolvi\u00f3 el ascenso a Primera Divisi\u00f3n al club cordob\u00e9s, su segundo t\u00edtulo de la Primera B Nacional tras el obtenido con Central en 2013. Se mantuvo en la segunda categor\u00eda para jugar en <b>Independiente Rivadavia<\/b>, con 25 partidos y un gol durante el Campeonato de Primera B Nacional 2016-2017. A mediados de 2017 firm\u00f3 con <b>Guaran\u00ed Antonio Franco<\/b>, de Posadas, para disputar el Torneo Federal A. Sum\u00f3 siete presencias en la primera parte del certamen y, tras el receso de verano, decidi\u00f3 no volver al club misionero, con lo que puso punto final a su carrera profesional.<\/p>\n","protected":false},"excerpt":{"rendered":"<p>La aparici\u00f3n de un recordado jugador de Rosario Central en un torneo amateur de la ciudad sorprendi\u00f3 a los fan\u00e1ticos del f\u00fatbol argentino. Hern\u00e1n Encina, oriundo del barrio Las Flores, es parte del equipo de amigos de su barrio, mientras ayuda a su padre en el d\u00eda a d\u00eda como alba\u00f1il. El Sapito integra \u201cLos&#8230;<\/p>\n","protected":false},"author":1,"featured_media":0,"comment_status":"open","ping_status":"closed","sticky":false,"template":"","format":"standard","meta":{"_jetpack_newsletter_access":"","_jetpack_dont_email_post_to_subs":false,"_jetpack_newsletter_tier_id":0,"_jetpack_memberships_contains_paywalled_content":false,"_jetpack_memberships_contains_paid_content":false,"footnotes":"","jetpack_post_was_ever_published":false},"categories":[30],"tags":[39],"class_list":["post-96875","post","type-post","status-publish","format-standard","hentry","category-argentina","tag-deportes"],"magazineBlocksPostFeaturedMedia":{"thumbnail":false,"medium":false,"medium_large":false,"large":false,"1536x1536":false,"2048x2048":false,"newsmatic-featured":false,"newsmatic-list":false,"newsmatic-thumb":false,"newsmatic-small":false,"newsmatic-grid":false},"magazineBlocksPostAuthor":{"name":"admin","avatar":"https:\/\/secure.gravatar.com\/avatar\/76e419471a2083bc3ceab22a763dbbf9b0c1bd15a6214cf3280e2c2dde4580f9?s=96&d=mm&r=g"},"magazineBlocksPostCommentsNumber":"0","magazineBlocksPostExcerpt":"La aparici\u00f3n de un recordado jugador de Rosario Central en un torneo amateur de la ciudad sorprendi\u00f3 a los fan\u00e1ticos del f\u00fatbol argentino. Hern\u00e1n Encina, oriundo del barrio Las Flores, es parte del equipo de amigos de su barrio, mientras ayuda a su padre en el d\u00eda a d\u00eda como alba\u00f1il. El Sapito integra \u201cLos...","magazineBlocksPostCategories":["Argentina"],"magazineBlocksPostViewCount":118,"magazineBlocksPostReadTime":9,"magazine_blocks_featured_image_url":{"full":false,"medium":false,"thumbnail":false},"magazine_blocks_author":{"display_name":"admin","author_link":"https:\/\/lobosnews.com.ar\/index.php\/author\/lobos-news\/"},"magazine_blocks_comment":0,"magazine_blocks_author_image":"https:\/\/secure.gravatar.com\/avatar\/76e419471a2083bc3ceab22a763dbbf9b0c1bd15a6214cf3280e2c2dde4580f9?s=96&d=mm&r=g","magazine_blocks_category":"<a href=\"#\" class=\"category-link category-link-30\">Argentina<\/a>","yoast_head":"<!-- This site is optimized with the Yoast SEO plugin v28.0 - https:\/\/yoast.com\/product\/yoast-seo-wordpress\/ -->\n<title>Jug\u00f3 20 a\u00f1os en la \u00e9lite del f\u00fatbol argentino, gan\u00f3 dos t\u00edtulos y hoy trabaja de alba\u00f1il con su pap\u00e1: \u201cEstamos laburando de eso y me gusta\u201d - Lobos News<\/title>\n<meta name=\"robots\" content=\"index, follow, max-snippet:-1, max-image-preview:large, max-video-preview:-1\" \/>\n<link rel=\"canonical\" href=\"https:\/\/lobosnews.com.ar\/index.php\/2026\/09\/03\/jugo-20-anos-en-la-elite-del-futbol-argentino-gano-dos-titulos-y-hoy-trabaja-de-albanil-con-su-papa-estamos-laburando-de-eso-y-me-gusta\/\" \/>\n<meta property=\"og:locale\" content=\"es_ES\" \/>\n<meta property=\"og:type\" content=\"article\" \/>\n<meta property=\"og:title\" content=\"Jug\u00f3 20 a\u00f1os en la \u00e9lite del f\u00fatbol argentino, gan\u00f3 dos t\u00edtulos y hoy trabaja de alba\u00f1il con su pap\u00e1: \u201cEstamos laburando de eso y me gusta\u201d - Lobos News\" \/>\n<meta property=\"og:description\" content=\"La aparici\u00f3n de un recordado jugador de Rosario Central en un torneo amateur de la ciudad sorprendi\u00f3 a los fan\u00e1ticos del f\u00fatbol argentino. Hern\u00e1n Encina, oriundo del barrio Las Flores, es parte del equipo de amigos de su barrio, mientras ayuda a su padre en el d\u00eda a d\u00eda como alba\u00f1il. El Sapito integra \u201cLos...\" \/>\n<meta property=\"og:url\" content=\"https:\/\/lobosnews.com.ar\/index.php\/2026\/09\/03\/jugo-20-anos-en-la-elite-del-futbol-argentino-gano-dos-titulos-y-hoy-trabaja-de-albanil-con-su-papa-estamos-laburando-de-eso-y-me-gusta\/\" \/>\n<meta property=\"og:site_name\" content=\"Lobos News\" \/>\n<meta property=\"article:published_time\" content=\"2026-09-03T14:23:40+00:00\" \/>\n<meta property=\"article:modified_time\" content=\"2026-09-03T14:42:45+00:00\" \/>\n<meta property=\"og:image\" content=\"https:\/\/lobosnews.com.ar\/wp-content\/uploads\/2026\/09\/jugo-20-anos-en-la-elite-del-futbol-argentino-gano-dos-titulos-y-hoy-trabaja-de-albanil-con-su-papa-estamos-laburando-de-eso-y-me-gusta.jpg\" \/>\n<meta name=\"author\" content=\"admin\" \/>\n<meta name=\"twitter:card\" content=\"summary_large_image\" \/>\n<meta name=\"twitter:label1\" content=\"Escrito por\" \/>\n\t<meta name=\"twitter:data1\" content=\"admin\" \/>\n\t<meta name=\"twitter:label2\" content=\"Tiempo de lectura\" \/>\n\t<meta name=\"twitter:data2\" content=\"9 minutos\" \/>\n<script type=\"application\/ld+json\" class=\"yoast-schema-graph\">{\"@context\":\"https:\\\/\\\/schema.org\",\"@graph\":[{\"@type\":\"Article\",\"@id\":\"https:\\\/\\\/lobosnews.com.ar\\\/index.php\\\/2026\\\/09\\\/03\\\/jugo-20-anos-en-la-elite-del-futbol-argentino-gano-dos-titulos-y-hoy-trabaja-de-albanil-con-su-papa-estamos-laburando-de-eso-y-me-gusta\\\/#article\",\"isPartOf\":{\"@id\":\"https:\\\/\\\/lobosnews.com.ar\\\/index.php\\\/2026\\\/09\\\/03\\\/jugo-20-anos-en-la-elite-del-futbol-argentino-gano-dos-titulos-y-hoy-trabaja-de-albanil-con-su-papa-estamos-laburando-de-eso-y-me-gusta\\\/\"},\"author\":{\"name\":\"admin\",\"@id\":\"https:\\\/\\\/lobosnews.com.ar\\\/#\\\/schema\\\/person\\\/232422a593d5c541dd9aef6aaed10943\"},\"headline\":\"Jug\u00f3 20 a\u00f1os en la \u00e9lite del f\u00fatbol argentino, gan\u00f3 dos t\u00edtulos y hoy trabaja de alba\u00f1il con su pap\u00e1: \u201cEstamos laburando de eso y me gusta\u201d\",\"datePublished\":\"2026-09-03T14:23:40+00:00\",\"dateModified\":\"2026-09-03T14:42:45+00:00\",\"mainEntityOfPage\":{\"@id\":\"https:\\\/\\\/lobosnews.com.ar\\\/index.php\\\/2026\\\/09\\\/03\\\/jugo-20-anos-en-la-elite-del-futbol-argentino-gano-dos-titulos-y-hoy-trabaja-de-albanil-con-su-papa-estamos-laburando-de-eso-y-me-gusta\\\/\"},\"wordCount\":1733,\"commentCount\":0,\"publisher\":{\"@id\":\"https:\\\/\\\/lobosnews.com.ar\\\/#organization\"},\"image\":{\"@id\":\"https:\\\/\\\/lobosnews.com.ar\\\/index.php\\\/2026\\\/09\\\/03\\\/jugo-20-anos-en-la-elite-del-futbol-argentino-gano-dos-titulos-y-hoy-trabaja-de-albanil-con-su-papa-estamos-laburando-de-eso-y-me-gusta\\\/#primaryimage\"},\"thumbnailUrl\":\"https:\\\/\\\/lobosnews.com.ar\\\/wp-content\\\/uploads\\\/2026\\\/09\\\/jugo-20-anos-en-la-elite-del-futbol-argentino-gano-dos-titulos-y-hoy-trabaja-de-albanil-con-su-papa-estamos-laburando-de-eso-y-me-gusta.jpg\",\"keywords\":[\"Deportes\"],\"articleSection\":[\"Argentina\"],\"inLanguage\":\"es\",\"potentialAction\":[{\"@type\":\"CommentAction\",\"name\":\"Comment\",\"target\":[\"https:\\\/\\\/lobosnews.com.ar\\\/index.php\\\/2026\\\/09\\\/03\\\/jugo-20-anos-en-la-elite-del-futbol-argentino-gano-dos-titulos-y-hoy-trabaja-de-albanil-con-su-papa-estamos-laburando-de-eso-y-me-gusta\\\/#respond\"]}]},{\"@type\":\"WebPage\",\"@id\":\"https:\\\/\\\/lobosnews.com.ar\\\/index.php\\\/2026\\\/09\\\/03\\\/jugo-20-anos-en-la-elite-del-futbol-argentino-gano-dos-titulos-y-hoy-trabaja-de-albanil-con-su-papa-estamos-laburando-de-eso-y-me-gusta\\\/\",\"url\":\"https:\\\/\\\/lobosnews.com.ar\\\/index.php\\\/2026\\\/09\\\/03\\\/jugo-20-anos-en-la-elite-del-futbol-argentino-gano-dos-titulos-y-hoy-trabaja-de-albanil-con-su-papa-estamos-laburando-de-eso-y-me-gusta\\\/\",\"name\":\"Jug\u00f3 20 a\u00f1os en la \u00e9lite del f\u00fatbol argentino, gan\u00f3 dos t\u00edtulos y hoy trabaja de alba\u00f1il con su pap\u00e1: \u201cEstamos laburando de eso y me gusta\u201d - Lobos News\",\"isPartOf\":{\"@id\":\"https:\\\/\\\/lobosnews.com.ar\\\/#website\"},\"primaryImageOfPage\":{\"@id\":\"https:\\\/\\\/lobosnews.com.ar\\\/index.php\\\/2026\\\/09\\\/03\\\/jugo-20-anos-en-la-elite-del-futbol-argentino-gano-dos-titulos-y-hoy-trabaja-de-albanil-con-su-papa-estamos-laburando-de-eso-y-me-gusta\\\/#primaryimage\"},\"image\":{\"@id\":\"https:\\\/\\\/lobosnews.com.ar\\\/index.php\\\/2026\\\/09\\\/03\\\/jugo-20-anos-en-la-elite-del-futbol-argentino-gano-dos-titulos-y-hoy-trabaja-de-albanil-con-su-papa-estamos-laburando-de-eso-y-me-gusta\\\/#primaryimage\"},\"thumbnailUrl\":\"https:\\\/\\\/lobosnews.com.ar\\\/wp-content\\\/uploads\\\/2026\\\/09\\\/jugo-20-anos-en-la-elite-del-futbol-argentino-gano-dos-titulos-y-hoy-trabaja-de-albanil-con-su-papa-estamos-laburando-de-eso-y-me-gusta.jpg\",\"datePublished\":\"2026-09-03T14:23:40+00:00\",\"dateModified\":\"2026-09-03T14:42:45+00:00\",\"breadcrumb\":{\"@id\":\"https:\\\/\\\/lobosnews.com.ar\\\/index.php\\\/2026\\\/09\\\/03\\\/jugo-20-anos-en-la-elite-del-futbol-argentino-gano-dos-titulos-y-hoy-trabaja-de-albanil-con-su-papa-estamos-laburando-de-eso-y-me-gusta\\\/#breadcrumb\"},\"inLanguage\":\"es\",\"potentialAction\":[{\"@type\":\"ReadAction\",\"target\":[\"https:\\\/\\\/lobosnews.com.ar\\\/index.php\\\/2026\\\/09\\\/03\\\/jugo-20-anos-en-la-elite-del-futbol-argentino-gano-dos-titulos-y-hoy-trabaja-de-albanil-con-su-papa-estamos-laburando-de-eso-y-me-gusta\\\/\"]}]},{\"@type\":\"ImageObject\",\"inLanguage\":\"es\",\"@id\":\"https:\\\/\\\/lobosnews.com.ar\\\/index.php\\\/2026\\\/09\\\/03\\\/jugo-20-anos-en-la-elite-del-futbol-argentino-gano-dos-titulos-y-hoy-trabaja-de-albanil-con-su-papa-estamos-laburando-de-eso-y-me-gusta\\\/#primaryimage\",\"url\":\"https:\\\/\\\/lobosnews.com.ar\\\/wp-content\\\/uploads\\\/2026\\\/09\\\/jugo-20-anos-en-la-elite-del-futbol-argentino-gano-dos-titulos-y-hoy-trabaja-de-albanil-con-su-papa-estamos-laburando-de-eso-y-me-gusta.jpg\",\"contentUrl\":\"https:\\\/\\\/lobosnews.com.ar\\\/wp-content\\\/uploads\\\/2026\\\/09\\\/jugo-20-anos-en-la-elite-del-futbol-argentino-gano-dos-titulos-y-hoy-trabaja-de-albanil-con-su-papa-estamos-laburando-de-eso-y-me-gusta.jpg\",\"width\":1920,\"height\":1080},{\"@type\":\"BreadcrumbList\",\"@id\":\"https:\\\/\\\/lobosnews.com.ar\\\/index.php\\\/2026\\\/09\\\/03\\\/jugo-20-anos-en-la-elite-del-futbol-argentino-gano-dos-titulos-y-hoy-trabaja-de-albanil-con-su-papa-estamos-laburando-de-eso-y-me-gusta\\\/#breadcrumb\",\"itemListElement\":[{\"@type\":\"ListItem\",\"position\":1,\"name\":\"Portada\",\"item\":\"https:\\\/\\\/lobosnews.com.ar\\\/\"},{\"@type\":\"ListItem\",\"position\":2,\"name\":\"Jug\u00f3 20 a\u00f1os en la \u00e9lite del f\u00fatbol argentino, gan\u00f3 dos t\u00edtulos y hoy trabaja de alba\u00f1il con su pap\u00e1: \u201cEstamos laburando de eso y me gusta\u201d\"}]},{\"@type\":\"WebSite\",\"@id\":\"https:\\\/\\\/lobosnews.com.ar\\\/#website\",\"url\":\"https:\\\/\\\/lobosnews.com.ar\\\/\",\"name\":\"Lobos News\",\"description\":\"Informaci\u00f3n a cada instante\",\"publisher\":{\"@id\":\"https:\\\/\\\/lobosnews.com.ar\\\/#organization\"},\"potentialAction\":[{\"@type\":\"SearchAction\",\"target\":{\"@type\":\"EntryPoint\",\"urlTemplate\":\"https:\\\/\\\/lobosnews.com.ar\\\/?s={search_term_string}\"},\"query-input\":{\"@type\":\"PropertyValueSpecification\",\"valueRequired\":true,\"valueName\":\"search_term_string\"}}],\"inLanguage\":\"es\"},{\"@type\":\"Organization\",\"@id\":\"https:\\\/\\\/lobosnews.com.ar\\\/#organization\",\"name\":\"Lobos News\",\"url\":\"https:\\\/\\\/lobosnews.com.ar\\\/\",\"logo\":{\"@type\":\"ImageObject\",\"inLanguage\":\"es\",\"@id\":\"https:\\\/\\\/lobosnews.com.ar\\\/#\\\/schema\\\/logo\\\/image\\\/\",\"url\":\"https:\\\/\\\/lobosnews.com.ar\\\/wp-content\\\/uploads\\\/2026\\\/01\\\/logo-lobosnews.png\",\"contentUrl\":\"https:\\\/\\\/lobosnews.com.ar\\\/wp-content\\\/uploads\\\/2026\\\/01\\\/logo-lobosnews.png\",\"width\":500,\"height\":200,\"caption\":\"Lobos News\"},\"image\":{\"@id\":\"https:\\\/\\\/lobosnews.com.ar\\\/#\\\/schema\\\/logo\\\/image\\\/\"}},{\"@type\":\"Person\",\"@id\":\"https:\\\/\\\/lobosnews.com.ar\\\/#\\\/schema\\\/person\\\/232422a593d5c541dd9aef6aaed10943\",\"name\":\"admin\",\"image\":{\"@type\":\"ImageObject\",\"inLanguage\":\"es\",\"@id\":\"https:\\\/\\\/secure.gravatar.com\\\/avatar\\\/76e419471a2083bc3ceab22a763dbbf9b0c1bd15a6214cf3280e2c2dde4580f9?s=96&d=mm&r=g\",\"url\":\"https:\\\/\\\/secure.gravatar.com\\\/avatar\\\/76e419471a2083bc3ceab22a763dbbf9b0c1bd15a6214cf3280e2c2dde4580f9?s=96&d=mm&r=g\",\"contentUrl\":\"https:\\\/\\\/secure.gravatar.com\\\/avatar\\\/76e419471a2083bc3ceab22a763dbbf9b0c1bd15a6214cf3280e2c2dde4580f9?s=96&d=mm&r=g\",\"caption\":\"admin\"},\"sameAs\":[\"https:\\\/\\\/lobosnews.com.ar\"],\"url\":\"https:\\\/\\\/lobosnews.com.ar\\\/index.php\\\/author\\\/lobos-news\\\/\"}]}<\/script>\n<!-- \/ Yoast SEO plugin. -->","yoast_head_json":{"title":"Jug\u00f3 20 a\u00f1os en la \u00e9lite del f\u00fatbol argentino, gan\u00f3 dos t\u00edtulos y hoy trabaja de alba\u00f1il con su pap\u00e1: \u201cEstamos laburando de eso y me gusta\u201d - Lobos News","robots":{"index":"index","follow":"follow","max-snippet":"max-snippet:-1","max-image-preview":"max-image-preview:large","max-video-preview":"max-video-preview:-1"},"canonical":"https:\/\/lobosnews.com.ar\/index.php\/2026\/09\/03\/jugo-20-anos-en-la-elite-del-futbol-argentino-gano-dos-titulos-y-hoy-trabaja-de-albanil-con-su-papa-estamos-laburando-de-eso-y-me-gusta\/","og_locale":"es_ES","og_type":"article","og_title":"Jug\u00f3 20 a\u00f1os en la \u00e9lite del f\u00fatbol argentino, gan\u00f3 dos t\u00edtulos y hoy trabaja de alba\u00f1il con su pap\u00e1: \u201cEstamos laburando de eso y me gusta\u201d - Lobos News","og_description":"La aparici\u00f3n de un recordado jugador de Rosario Central en un torneo amateur de la ciudad sorprendi\u00f3 a los fan\u00e1ticos del f\u00fatbol argentino. Hern\u00e1n Encina, oriundo del barrio Las Flores, es parte del equipo de amigos de su barrio, mientras ayuda a su padre en el d\u00eda a d\u00eda como alba\u00f1il. El Sapito integra \u201cLos...","og_url":"https:\/\/lobosnews.com.ar\/index.php\/2026\/09\/03\/jugo-20-anos-en-la-elite-del-futbol-argentino-gano-dos-titulos-y-hoy-trabaja-de-albanil-con-su-papa-estamos-laburando-de-eso-y-me-gusta\/","og_site_name":"Lobos News","article_published_time":"2026-09-03T14:23:40+00:00","article_modified_time":"2026-09-03T14:42:45+00:00","og_image":[{"url":"https:\/\/lobosnews.com.ar\/wp-content\/uploads\/2026\/09\/jugo-20-anos-en-la-elite-del-futbol-argentino-gano-dos-titulos-y-hoy-trabaja-de-albanil-con-su-papa-estamos-laburando-de-eso-y-me-gusta.jpg","type":"","width":"","height":""}],"author":"admin","twitter_card":"summary_large_image","twitter_misc":{"Escrito por":"admin","Tiempo de lectura":"9 minutos"},"schema":{"@context":"https:\/\/schema.org","@graph":[{"@type":"Article","@id":"https:\/\/lobosnews.com.ar\/index.php\/2026\/09\/03\/jugo-20-anos-en-la-elite-del-futbol-argentino-gano-dos-titulos-y-hoy-trabaja-de-albanil-con-su-papa-estamos-laburando-de-eso-y-me-gusta\/#article","isPartOf":{"@id":"https:\/\/lobosnews.com.ar\/index.php\/2026\/09\/03\/jugo-20-anos-en-la-elite-del-futbol-argentino-gano-dos-titulos-y-hoy-trabaja-de-albanil-con-su-papa-estamos-laburando-de-eso-y-me-gusta\/"},"author":{"name":"admin","@id":"https:\/\/lobosnews.com.ar\/#\/schema\/person\/232422a593d5c541dd9aef6aaed10943"},"headline":"Jug\u00f3 20 a\u00f1os en la \u00e9lite del f\u00fatbol argentino, gan\u00f3 dos t\u00edtulos y hoy trabaja de alba\u00f1il con su pap\u00e1: \u201cEstamos laburando de eso y me gusta\u201d","datePublished":"2026-09-03T14:23:40+00:00","dateModified":"2026-09-03T14:42:45+00:00","mainEntityOfPage":{"@id":"https:\/\/lobosnews.com.ar\/index.php\/2026\/09\/03\/jugo-20-anos-en-la-elite-del-futbol-argentino-gano-dos-titulos-y-hoy-trabaja-de-albanil-con-su-papa-estamos-laburando-de-eso-y-me-gusta\/"},"wordCount":1733,"commentCount":0,"publisher":{"@id":"https:\/\/lobosnews.com.ar\/#organization"},"image":{"@id":"https:\/\/lobosnews.com.ar\/index.php\/2026\/09\/03\/jugo-20-anos-en-la-elite-del-futbol-argentino-gano-dos-titulos-y-hoy-trabaja-de-albanil-con-su-papa-estamos-laburando-de-eso-y-me-gusta\/#primaryimage"},"thumbnailUrl":"https:\/\/lobosnews.com.ar\/wp-content\/uploads\/2026\/09\/jugo-20-anos-en-la-elite-del-futbol-argentino-gano-dos-titulos-y-hoy-trabaja-de-albanil-con-su-papa-estamos-laburando-de-eso-y-me-gusta.jpg","keywords":["Deportes"],"articleSection":["Argentina"],"inLanguage":"es","potentialAction":[{"@type":"CommentAction","name":"Comment","target":["https:\/\/lobosnews.com.ar\/index.php\/2026\/09\/03\/jugo-20-anos-en-la-elite-del-futbol-argentino-gano-dos-titulos-y-hoy-trabaja-de-albanil-con-su-papa-estamos-laburando-de-eso-y-me-gusta\/#respond"]}]},{"@type":"WebPage","@id":"https:\/\/lobosnews.com.ar\/index.php\/2026\/09\/03\/jugo-20-anos-en-la-elite-del-futbol-argentino-gano-dos-titulos-y-hoy-trabaja-de-albanil-con-su-papa-estamos-laburando-de-eso-y-me-gusta\/","url":"https:\/\/lobosnews.com.ar\/index.php\/2026\/09\/03\/jugo-20-anos-en-la-elite-del-futbol-argentino-gano-dos-titulos-y-hoy-trabaja-de-albanil-con-su-papa-estamos-laburando-de-eso-y-me-gusta\/","name":"Jug\u00f3 20 a\u00f1os en la \u00e9lite del f\u00fatbol argentino, gan\u00f3 dos t\u00edtulos y hoy trabaja de alba\u00f1il con su pap\u00e1: \u201cEstamos laburando de eso y me gusta\u201d - Lobos News","isPartOf":{"@id":"https:\/\/lobosnews.com.ar\/#website"},"primaryImageOfPage":{"@id":"https:\/\/lobosnews.com.ar\/index.php\/2026\/09\/03\/jugo-20-anos-en-la-elite-del-futbol-argentino-gano-dos-titulos-y-hoy-trabaja-de-albanil-con-su-papa-estamos-laburando-de-eso-y-me-gusta\/#primaryimage"},"image":{"@id":"https:\/\/lobosnews.com.ar\/index.php\/2026\/09\/03\/jugo-20-anos-en-la-elite-del-futbol-argentino-gano-dos-titulos-y-hoy-trabaja-de-albanil-con-su-papa-estamos-laburando-de-eso-y-me-gusta\/#primaryimage"},"thumbnailUrl":"https:\/\/lobosnews.com.ar\/wp-content\/uploads\/2026\/09\/jugo-20-anos-en-la-elite-del-futbol-argentino-gano-dos-titulos-y-hoy-trabaja-de-albanil-con-su-papa-estamos-laburando-de-eso-y-me-gusta.jpg","datePublished":"2026-09-03T14:23:40+00:00","dateModified":"2026-09-03T14:42:45+00:00","breadcrumb":{"@id":"https:\/\/lobosnews.com.ar\/index.php\/2026\/09\/03\/jugo-20-anos-en-la-elite-del-futbol-argentino-gano-dos-titulos-y-hoy-trabaja-de-albanil-con-su-papa-estamos-laburando-de-eso-y-me-gusta\/#breadcrumb"},"inLanguage":"es","potentialAction":[{"@type":"ReadAction","target":["https:\/\/lobosnews.com.ar\/index.php\/2026\/09\/03\/jugo-20-anos-en-la-elite-del-futbol-argentino-gano-dos-titulos-y-hoy-trabaja-de-albanil-con-su-papa-estamos-laburando-de-eso-y-me-gusta\/"]}]},{"@type":"ImageObject","inLanguage":"es","@id":"https:\/\/lobosnews.com.ar\/index.php\/2026\/09\/03\/jugo-20-anos-en-la-elite-del-futbol-argentino-gano-dos-titulos-y-hoy-trabaja-de-albanil-con-su-papa-estamos-laburando-de-eso-y-me-gusta\/#primaryimage","url":"https:\/\/lobosnews.com.ar\/wp-content\/uploads\/2026\/09\/jugo-20-anos-en-la-elite-del-futbol-argentino-gano-dos-titulos-y-hoy-trabaja-de-albanil-con-su-papa-estamos-laburando-de-eso-y-me-gusta.jpg","contentUrl":"https:\/\/lobosnews.com.ar\/wp-content\/uploads\/2026\/09\/jugo-20-anos-en-la-elite-del-futbol-argentino-gano-dos-titulos-y-hoy-trabaja-de-albanil-con-su-papa-estamos-laburando-de-eso-y-me-gusta.jpg","width":1920,"height":1080},{"@type":"BreadcrumbList","@id":"https:\/\/lobosnews.com.ar\/index.php\/2026\/09\/03\/jugo-20-anos-en-la-elite-del-futbol-argentino-gano-dos-titulos-y-hoy-trabaja-de-albanil-con-su-papa-estamos-laburando-de-eso-y-me-gusta\/#breadcrumb","itemListElement":[{"@type":"ListItem","position":1,"name":"Portada","item":"https:\/\/lobosnews.com.ar\/"},{"@type":"ListItem","position":2,"name":"Jug\u00f3 20 a\u00f1os en la \u00e9lite del f\u00fatbol argentino, gan\u00f3 dos t\u00edtulos y hoy trabaja de alba\u00f1il con su pap\u00e1: \u201cEstamos laburando de eso y me gusta\u201d"}]},{"@type":"WebSite","@id":"https:\/\/lobosnews.com.ar\/#website","url":"https:\/\/lobosnews.com.ar\/","name":"Lobos News","description":"Informaci\u00f3n a cada instante","publisher":{"@id":"https:\/\/lobosnews.com.ar\/#organization"},"potentialAction":[{"@type":"SearchAction","target":{"@type":"EntryPoint","urlTemplate":"https:\/\/lobosnews.com.ar\/?s={search_term_string}"},"query-input":{"@type":"PropertyValueSpecification","valueRequired":true,"valueName":"search_term_string"}}],"inLanguage":"es"},{"@type":"Organization","@id":"https:\/\/lobosnews.com.ar\/#organization","name":"Lobos News","url":"https:\/\/lobosnews.com.ar\/","logo":{"@type":"ImageObject","inLanguage":"es","@id":"https:\/\/lobosnews.com.ar\/#\/schema\/logo\/image\/","url":"https:\/\/lobosnews.com.ar\/wp-content\/uploads\/2026\/01\/logo-lobosnews.png","contentUrl":"https:\/\/lobosnews.com.ar\/wp-content\/uploads\/2026\/01\/logo-lobosnews.png","width":500,"height":200,"caption":"Lobos News"},"image":{"@id":"https:\/\/lobosnews.com.ar\/#\/schema\/logo\/image\/"}},{"@type":"Person","@id":"https:\/\/lobosnews.com.ar\/#\/schema\/person\/232422a593d5c541dd9aef6aaed10943","name":"admin","image":{"@type":"ImageObject","inLanguage":"es","@id":"https:\/\/secure.gravatar.com\/avatar\/76e419471a2083bc3ceab22a763dbbf9b0c1bd15a6214cf3280e2c2dde4580f9?s=96&d=mm&r=g","url":"https:\/\/secure.gravatar.com\/avatar\/76e419471a2083bc3ceab22a763dbbf9b0c1bd15a6214cf3280e2c2dde4580f9?s=96&d=mm&r=g","contentUrl":"https:\/\/secure.gravatar.com\/avatar\/76e419471a2083bc3ceab22a763dbbf9b0c1bd15a6214cf3280e2c2dde4580f9?s=96&d=mm&r=g","caption":"admin"},"sameAs":["https:\/\/lobosnews.com.ar"],"url":"https:\/\/lobosnews.com.ar\/index.php\/author\/lobos-news\/"}]}},"jetpack_featured_media_url":"","jetpack_sharing_enabled":true,"_links":{"self":[{"href":"https:\/\/lobosnews.com.ar\/index.php\/wp-json\/wp\/v2\/posts\/96875","targetHints":{"allow":["GET"]}}],"collection":[{"href":"https:\/\/lobosnews.com.ar\/index.php\/wp-json\/wp\/v2\/posts"}],"about":[{"href":"https:\/\/lobosnews.com.ar\/index.php\/wp-json\/wp\/v2\/types\/post"}],"author":[{"embeddable":true,"href":"https:\/\/lobosnews.com.ar\/index.php\/wp-json\/wp\/v2\/users\/1"}],"replies":[{"embeddable":true,"href":"https:\/\/lobosnews.com.ar\/index.php\/wp-json\/wp\/v2\/comments?post=96875"}],"version-history":[{"count":1,"href":"https:\/\/lobosnews.com.ar\/index.php\/wp-json\/wp\/v2\/posts\/96875\/revisions"}],"predecessor-version":[{"id":96879,"href":"https:\/\/lobosnews.com.ar\/index.php\/wp-json\/wp\/v2\/posts\/96875\/revisions\/96879"}],"wp:attachment":[{"href":"https:\/\/lobosnews.com.ar\/index.php\/wp-json\/wp\/v2\/media?parent=96875"}],"wp:term":[{"taxonomy":"category","embeddable":true,"href":"https:\/\/lobosnews.com.ar\/index.php\/wp-json\/wp\/v2\/categories?post=96875"},{"taxonomy":"post_tag","embeddable":true,"href":"https:\/\/lobosnews.com.ar\/index.php\/wp-json\/wp\/v2\/tags?post=96875"}],"curies":[{"name":"wp","href":"https:\/\/api.w.org\/{rel}","templated":true}]}}