{"id":96845,"date":"2026-09-02T17:50:16","date_gmt":"2026-09-02T17:50:16","guid":{"rendered":"https:\/\/lobosnews.com.ar\/?p=96845"},"modified":"2026-09-03T07:22:49","modified_gmt":"2026-09-03T07:22:49","slug":"el-gobierno-lanzo-un-plan-para-prevenir-problemas-de-salud-mental-en-adolescentes","status":"publish","type":"post","link":"https:\/\/lobosnews.com.ar\/index.php\/2026\/09\/02\/el-gobierno-lanzo-un-plan-para-prevenir-problemas-de-salud-mental-en-adolescentes\/","title":{"rendered":"El Gobierno lanz\u00f3 un plan para prevenir problemas de salud mental en adolescentes"},"content":{"rendered":"<p><img loading=\"lazy\" decoding=\"async\" src=\"https:\/\/lobosnews.com.ar\/wp-content\/uploads\/2026\/09\/el-gobierno-lanzo-un-plan-para-prevenir-problemas-de-salud-mental-en-adolescentes.jpg\" alt=\"La Mesa interministerial de Salud Mental reuni\u00f3 a Salud, Seguridad y Capital Humano para revisar el registro de casos, la capacitaci\u00f3n de equipos y la prevenci\u00f3n en ni\u00f1os y adolescentes. (Ministerio de Salud Nacion)\" height=\"2773\" width=\"4160\"\/><\/p>\n<p>La <b>Mesa interministerial de Salud Mental<\/b> volvi\u00f3 a reunir este martes a los equipos de los ministerios de <b>Salud<\/b>, <b>Seguridad<\/b> y <b>Capital Humano<\/b> para revisar medidas vinculadas con el registro de casos, la capacitaci\u00f3n de equipos y la prevenci\u00f3n en <b>ni\u00f1os y adolescentes<\/b>.<\/p>\n<p>La reuni\u00f3n fue encabezada por el ministro de Salud, <b>Mario Lugones<\/b>, y la ministra de Seguridad Nacional, <b>Alejandra Monteoliva<\/b>. En ese marco, el Gobierno concentr\u00f3 la agenda en <b>la vigilancia de los intentos de suicidio y la planificaci\u00f3n de nuevas acciones preventivas<\/b>, dos de los ejes que hoy articulan este espacio de trabajo entre carteras.<\/p>\n<p>El encuentro se da en el marco de aumento de indicadores que preocupan: seg\u00fan inform\u00f3 <span class=\"waslinkname\">Infobae<\/span>, <b>la tasa de suicidios en la Argentina alcanz\u00f3 en 2025 su nivel m\u00e1s alto registrado<\/b>, de acuerdo con datos del <b>Sistema Nacional de Informaci\u00f3n Criminal (SNIC)<\/b> del Ministerio de Seguridad Nacional.<\/p>\n<p>Entre los datos presentados, se inform\u00f3 que en <b>tres de los primeros seis meses de 2026<\/b> todas las jurisdicciones cargaron casos en el <b>Sistema Nacional de Vigilancia de Salud (SNVS 2.0)<\/b> y que la red lleg\u00f3 a <b>246 establecimientos notificadores<\/b>. Para el sistema sanitario, una base m\u00e1s amplia permite seguir la evoluci\u00f3n de estos episodios, detectar diferencias territoriales y ordenar respuestas de prevenci\u00f3n, atenci\u00f3n y acompa\u00f1amiento posterior.<\/p>\n<h2>La estrategia para adolescentes comenzar\u00e1 en cinco provincias<\/h2>\n<p><img loading=\"lazy\" decoding=\"async\" src=\"https:\/\/lobosnews.com.ar\/wp-content\/uploads\/2026\/09\/el-gobierno-lanzo-un-plan-para-prevenir-problemas-de-salud-mental-en-adolescentes-1.jpg\" alt=\"La Estrategia Federal en Adolescencia comenzar\u00e1 en Mendoza, Tucum\u00e1n, Chaco, San Juan y Chubut para abordar la salud mental en el \u00e1mbito escolar. (Imagen ilustrativa Infobae)\" height=\"816\" width=\"1456\"\/><\/p>\n<p>Uno de los anuncios de la jornada fue la puesta en marcha de una l\u00ednea de trabajo orientada a <b>adolescentes<\/b> dentro del \u00e1mbito escolar. La implementaci\u00f3n inicial est\u00e1 prevista en <b>Mendoza<\/b>, <b>Tucum\u00e1n<\/b>, <b>Chaco<\/b>, <b>San Juan<\/b> y <b>Chubut<\/b>, con articulaci\u00f3n entre <b>Capital Humano<\/b> y <b>Salud<\/b>.<\/p>\n<p>La propuesta de Capital Humano, presentada como <b>Estrategia Federal en Adolescencia<\/b>, apunta a que las escuelas puedan identificar antes <b>se\u00f1ales de malestar ps\u00edquico<\/b> y activar mecanismos de acompa\u00f1amiento. En ese marco, las \u00e1reas nacionales tambi\u00e9n avanzan en recomendaciones espec\u00edficas para el abordaje de la conducta suicida en el \u00e1mbito universitario. El documento ser\u00e1 presentado en septiembre en un congreso de la <b>Asociaci\u00f3n de Facultades de Ciencias M\u00e9dicas de la Rep\u00fablica Argentina (AFACIMERA)<\/b>.<\/p>\n<p>Parte de las medidas repasadas durante la mesa se encuadran en un convenio firmado en <b>2025<\/b> entre <b>Salud<\/b> y <b>Seguridad<\/b>. Ese acuerdo prev\u00e9 mejorar la informaci\u00f3n relevada sobre muertes por causas violentas, desarrollar protocolos de actuaci\u00f3n y capacitar equipos profesionales en prevenci\u00f3n, detecci\u00f3n temprana, atenci\u00f3n integral y acompa\u00f1amiento posterior.<\/p>\n<p>Dentro de ese esquema, los funcionarios tambi\u00e9n revisaron avances en un programa de formaci\u00f3n para personal de fuerzas federales y polic\u00edas provinciales. El objetivo es que puedan reconocer <b>indicadores de riesgo<\/b> y facilitar el acceso a atenci\u00f3n profesional en situaciones de estr\u00e9s, angustia o cambios de conducta.<\/p>\n<h2>Los datos muestran que los suicidios crecieron en la Argentina <\/h2>\n<p><img loading=\"lazy\" decoding=\"async\" src=\"https:\/\/lobosnews.com.ar\/wp-content\/uploads\/2026\/09\/el-gobierno-lanzo-un-plan-para-prevenir-problemas-de-salud-mental-en-adolescentes-2.jpg\" alt=\"La tasa de suicidios en la Argentina alcanz\u00f3 en 2025 su nivel m\u00e1s alto registrado, seg\u00fan datos del Sistema Nacional de Informaci\u00f3n Criminal.\" height=\"584\" width=\"1050\"\/><\/p>\n<p>El trasfondo de esa agenda es el aumento sostenido de los suicidios en el pa\u00eds. Un informe del <b>Observatorio de Pol\u00edtica Criminal (OPC)<\/b> difundido en agosto se\u00f1al\u00f3 que la tasa lleg\u00f3 en <b>2025 a 11,8 casos cada 100.000 habitantes<\/b>, el nivel m\u00e1s alto de la serie relevada, y ubic\u00f3 a la <b>Argentina<\/b> en el tercer puesto de <b>Sudam\u00e9rica<\/b>, detr\u00e1s de <b>Uruguay<\/b> y <b>Chile<\/b>.<\/p>\n<p>El trabajo, elaborado con datos del <b>SNIC<\/b>, indic\u00f3 que el n\u00famero de suicidios pas\u00f3 de <b>3.304 en 2017 a 5.209 en 2025<\/b>, lo que implica un aumento de <b>57,7 %<\/b> en ese per\u00edodo. En la misma serie, la tasa nacional subi\u00f3 de <b>8,2 a 11,8 cada 100.000 habitantes<\/b>, con un alza de <b>43,9 %<\/b>.<\/p>\n<p>Ese informe tambi\u00e9n se\u00f1al\u00f3 que el suicidio se convirti\u00f3 en la principal causa de muerte violenta entre adolescentes y j\u00f3venes, por encima de los incidentes viales. Adem\u00e1s, marc\u00f3 una fuerte disparidad territorial y describi\u00f3 un escenario en el que estas muertes casi triplicaron a los homicidios en 2025, cuya tasa fue de <b>3,6 por cada 100.000 habitantes<\/b>.<\/p>\n<p>Durante la reuni\u00f3n, los equipos t\u00e9cnicos informaron adem\u00e1s sobre talleres y lineamientos vinculados con <b>consumos problem\u00e1ticos<\/b>, con referencias a alcohol, otras sustancias psicoactivas, juego digital y apuestas en l\u00ednea. El Ministerio de Seguridad agreg\u00f3 que trabaja en medidas preventivas para su personal y en ex\u00e1menes de detecci\u00f3n de sustancias bajo protocolos elaborados con asesoramiento de la <b>Secretar\u00eda de Pol\u00edticas Integrales sobre Drogas de la Naci\u00f3n Argentina (Sedronar)<\/b>.<\/p>\n","protected":false},"excerpt":{"rendered":"<p>La Mesa interministerial de Salud Mental volvi\u00f3 a reunir este martes a los equipos de los ministerios de Salud, Seguridad y Capital Humano para revisar medidas vinculadas con el registro de casos, la capacitaci\u00f3n de equipos y la prevenci\u00f3n en ni\u00f1os y adolescentes. La reuni\u00f3n fue encabezada por el ministro de Salud, Mario Lugones, y&#8230;<\/p>\n","protected":false},"author":1,"featured_media":96850,"comment_status":"open","ping_status":"closed","sticky":false,"template":"","format":"standard","meta":{"_jetpack_newsletter_access":"","_jetpack_dont_email_post_to_subs":false,"_jetpack_newsletter_tier_id":0,"_jetpack_memberships_contains_paywalled_content":false,"_jetpack_memberships_contains_paid_content":false,"footnotes":"","jetpack_post_was_ever_published":false},"categories":[81],"tags":[],"class_list":["post-96845","post","type-post","status-publish","format-standard","has-post-thumbnail","hentry","category-salud"],"magazineBlocksPostFeaturedMedia":{"thumbnail":"https:\/\/lobosnews.com.ar\/wp-content\/uploads\/2026\/09\/el-gobierno-lanzo-un-plan-para-prevenir-problemas-de-salud-mental-en-adolescentes-4-150x150.jpg","medium":"https:\/\/lobosnews.com.ar\/wp-content\/uploads\/2026\/09\/el-gobierno-lanzo-un-plan-para-prevenir-problemas-de-salud-mental-en-adolescentes-4-300x167.jpg","medium_large":"https:\/\/lobosnews.com.ar\/wp-content\/uploads\/2026\/09\/el-gobierno-lanzo-un-plan-para-prevenir-problemas-de-salud-mental-en-adolescentes-4-768x427.jpg","large":"https:\/\/lobosnews.com.ar\/wp-content\/uploads\/2026\/09\/el-gobierno-lanzo-un-plan-para-prevenir-problemas-de-salud-mental-en-adolescentes-4-1024x570.jpg","1536x1536":"https:\/\/lobosnews.com.ar\/wp-content\/uploads\/2026\/09\/el-gobierno-lanzo-un-plan-para-prevenir-problemas-de-salud-mental-en-adolescentes-4.jpg","2048x2048":"https:\/\/lobosnews.com.ar\/wp-content\/uploads\/2026\/09\/el-gobierno-lanzo-un-plan-para-prevenir-problemas-de-salud-mental-en-adolescentes-4.jpg","newsmatic-featured":"https:\/\/lobosnews.com.ar\/wp-content\/uploads\/2026\/09\/el-gobierno-lanzo-un-plan-para-prevenir-problemas-de-salud-mental-en-adolescentes-4-820x545.jpg","newsmatic-list":"https:\/\/lobosnews.com.ar\/wp-content\/uploads\/2026\/09\/el-gobierno-lanzo-un-plan-para-prevenir-problemas-de-salud-mental-en-adolescentes-4-600x400.jpg","newsmatic-thumb":"https:\/\/lobosnews.com.ar\/wp-content\/uploads\/2026\/09\/el-gobierno-lanzo-un-plan-para-prevenir-problemas-de-salud-mental-en-adolescentes-4-300x200.jpg","newsmatic-small":"https:\/\/lobosnews.com.ar\/wp-content\/uploads\/2026\/09\/el-gobierno-lanzo-un-plan-para-prevenir-problemas-de-salud-mental-en-adolescentes-4-150x95.jpg","newsmatic-grid":"https:\/\/lobosnews.com.ar\/wp-content\/uploads\/2026\/09\/el-gobierno-lanzo-un-plan-para-prevenir-problemas-de-salud-mental-en-adolescentes-4-400x250.jpg"},"magazineBlocksPostAuthor":{"name":"admin","avatar":"https:\/\/secure.gravatar.com\/avatar\/76e419471a2083bc3ceab22a763dbbf9b0c1bd15a6214cf3280e2c2dde4580f9?s=96&d=mm&r=g"},"magazineBlocksPostCommentsNumber":"0","magazineBlocksPostExcerpt":"La Mesa interministerial de Salud Mental volvi\u00f3 a reunir este martes a los equipos de los ministerios de Salud, Seguridad y Capital Humano para revisar medidas vinculadas con el registro de casos, la capacitaci\u00f3n de equipos y la prevenci\u00f3n en ni\u00f1os y adolescentes. La reuni\u00f3n fue encabezada por el ministro de Salud, Mario Lugones, y...","magazineBlocksPostCategories":["Salud"],"magazineBlocksPostViewCount":21,"magazineBlocksPostReadTime":4,"magazine_blocks_featured_image_url":{"full":["https:\/\/lobosnews.com.ar\/wp-content\/uploads\/2026\/09\/el-gobierno-lanzo-un-plan-para-prevenir-problemas-de-salud-mental-en-adolescentes-4.jpg",1050,584,false],"medium":["https:\/\/lobosnews.com.ar\/wp-content\/uploads\/2026\/09\/el-gobierno-lanzo-un-plan-para-prevenir-problemas-de-salud-mental-en-adolescentes-4-300x167.jpg",300,167,true],"thumbnail":["https:\/\/lobosnews.com.ar\/wp-content\/uploads\/2026\/09\/el-gobierno-lanzo-un-plan-para-prevenir-problemas-de-salud-mental-en-adolescentes-4-150x150.jpg",150,150,true]},"magazine_blocks_author":{"display_name":"admin","author_link":"https:\/\/lobosnews.com.ar\/index.php\/author\/lobos-news\/"},"magazine_blocks_comment":0,"magazine_blocks_author_image":"https:\/\/secure.gravatar.com\/avatar\/76e419471a2083bc3ceab22a763dbbf9b0c1bd15a6214cf3280e2c2dde4580f9?s=96&d=mm&r=g","magazine_blocks_category":"<a href=\"#\" class=\"category-link category-link-81\">Salud<\/a>","yoast_head":"<!-- This site is optimized with the Yoast SEO plugin v28.0 - https:\/\/yoast.com\/product\/yoast-seo-wordpress\/ -->\n<title>El Gobierno lanz\u00f3 un plan para prevenir problemas de salud mental en adolescentes - Lobos News<\/title>\n<meta name=\"robots\" content=\"index, follow, max-snippet:-1, max-image-preview:large, max-video-preview:-1\" \/>\n<link rel=\"canonical\" href=\"https:\/\/lobosnews.com.ar\/index.php\/2026\/09\/02\/el-gobierno-lanzo-un-plan-para-prevenir-problemas-de-salud-mental-en-adolescentes\/\" \/>\n<meta property=\"og:locale\" content=\"es_ES\" \/>\n<meta property=\"og:type\" content=\"article\" \/>\n<meta property=\"og:title\" content=\"El Gobierno lanz\u00f3 un plan para prevenir problemas de salud mental en adolescentes - Lobos News\" \/>\n<meta property=\"og:description\" content=\"La Mesa interministerial de Salud Mental volvi\u00f3 a reunir este martes a los equipos de los ministerios de Salud, Seguridad y Capital Humano para revisar medidas vinculadas con el registro de casos, la capacitaci\u00f3n de equipos y la prevenci\u00f3n en ni\u00f1os y adolescentes. La reuni\u00f3n fue encabezada por el ministro de Salud, Mario Lugones, y...\" \/>\n<meta property=\"og:url\" content=\"https:\/\/lobosnews.com.ar\/index.php\/2026\/09\/02\/el-gobierno-lanzo-un-plan-para-prevenir-problemas-de-salud-mental-en-adolescentes\/\" \/>\n<meta property=\"og:site_name\" content=\"Lobos News\" \/>\n<meta property=\"article:published_time\" content=\"2026-09-02T17:50:16+00:00\" \/>\n<meta property=\"article:modified_time\" content=\"2026-09-03T07:22:49+00:00\" \/>\n<meta property=\"og:image\" content=\"https:\/\/lobosnews.com.ar\/wp-content\/uploads\/2026\/09\/el-gobierno-lanzo-un-plan-para-prevenir-problemas-de-salud-mental-en-adolescentes-4.jpg\" \/>\n\t<meta property=\"og:image:width\" content=\"1050\" \/>\n\t<meta property=\"og:image:height\" content=\"584\" \/>\n\t<meta property=\"og:image:type\" content=\"image\/jpeg\" \/>\n<meta name=\"author\" content=\"admin\" \/>\n<meta name=\"twitter:card\" content=\"summary_large_image\" \/>\n<meta name=\"twitter:label1\" content=\"Escrito por\" \/>\n\t<meta name=\"twitter:data1\" content=\"admin\" \/>\n\t<meta name=\"twitter:label2\" content=\"Tiempo de lectura\" \/>\n\t<meta name=\"twitter:data2\" content=\"4 minutos\" \/>\n<script type=\"application\/ld+json\" class=\"yoast-schema-graph\">{\"@context\":\"https:\\\/\\\/schema.org\",\"@graph\":[{\"@type\":\"Article\",\"@id\":\"https:\\\/\\\/lobosnews.com.ar\\\/index.php\\\/2026\\\/09\\\/02\\\/el-gobierno-lanzo-un-plan-para-prevenir-problemas-de-salud-mental-en-adolescentes\\\/#article\",\"isPartOf\":{\"@id\":\"https:\\\/\\\/lobosnews.com.ar\\\/index.php\\\/2026\\\/09\\\/02\\\/el-gobierno-lanzo-un-plan-para-prevenir-problemas-de-salud-mental-en-adolescentes\\\/\"},\"author\":{\"name\":\"admin\",\"@id\":\"https:\\\/\\\/lobosnews.com.ar\\\/#\\\/schema\\\/person\\\/232422a593d5c541dd9aef6aaed10943\"},\"headline\":\"El Gobierno lanz\u00f3 un plan para prevenir problemas de salud mental en adolescentes\",\"datePublished\":\"2026-09-02T17:50:16+00:00\",\"dateModified\":\"2026-09-03T07:22:49+00:00\",\"mainEntityOfPage\":{\"@id\":\"https:\\\/\\\/lobosnews.com.ar\\\/index.php\\\/2026\\\/09\\\/02\\\/el-gobierno-lanzo-un-plan-para-prevenir-problemas-de-salud-mental-en-adolescentes\\\/\"},\"wordCount\":732,\"commentCount\":0,\"publisher\":{\"@id\":\"https:\\\/\\\/lobosnews.com.ar\\\/#organization\"},\"image\":{\"@id\":\"https:\\\/\\\/lobosnews.com.ar\\\/index.php\\\/2026\\\/09\\\/02\\\/el-gobierno-lanzo-un-plan-para-prevenir-problemas-de-salud-mental-en-adolescentes\\\/#primaryimage\"},\"thumbnailUrl\":\"https:\\\/\\\/lobosnews.com.ar\\\/wp-content\\\/uploads\\\/2026\\\/09\\\/el-gobierno-lanzo-un-plan-para-prevenir-problemas-de-salud-mental-en-adolescentes-4.jpg\",\"articleSection\":[\"Salud\"],\"inLanguage\":\"es\",\"potentialAction\":[{\"@type\":\"CommentAction\",\"name\":\"Comment\",\"target\":[\"https:\\\/\\\/lobosnews.com.ar\\\/index.php\\\/2026\\\/09\\\/02\\\/el-gobierno-lanzo-un-plan-para-prevenir-problemas-de-salud-mental-en-adolescentes\\\/#respond\"]}]},{\"@type\":\"WebPage\",\"@id\":\"https:\\\/\\\/lobosnews.com.ar\\\/index.php\\\/2026\\\/09\\\/02\\\/el-gobierno-lanzo-un-plan-para-prevenir-problemas-de-salud-mental-en-adolescentes\\\/\",\"url\":\"https:\\\/\\\/lobosnews.com.ar\\\/index.php\\\/2026\\\/09\\\/02\\\/el-gobierno-lanzo-un-plan-para-prevenir-problemas-de-salud-mental-en-adolescentes\\\/\",\"name\":\"El Gobierno lanz\u00f3 un plan para prevenir problemas de salud mental en adolescentes - Lobos News\",\"isPartOf\":{\"@id\":\"https:\\\/\\\/lobosnews.com.ar\\\/#website\"},\"primaryImageOfPage\":{\"@id\":\"https:\\\/\\\/lobosnews.com.ar\\\/index.php\\\/2026\\\/09\\\/02\\\/el-gobierno-lanzo-un-plan-para-prevenir-problemas-de-salud-mental-en-adolescentes\\\/#primaryimage\"},\"image\":{\"@id\":\"https:\\\/\\\/lobosnews.com.ar\\\/index.php\\\/2026\\\/09\\\/02\\\/el-gobierno-lanzo-un-plan-para-prevenir-problemas-de-salud-mental-en-adolescentes\\\/#primaryimage\"},\"thumbnailUrl\":\"https:\\\/\\\/lobosnews.com.ar\\\/wp-content\\\/uploads\\\/2026\\\/09\\\/el-gobierno-lanzo-un-plan-para-prevenir-problemas-de-salud-mental-en-adolescentes-4.jpg\",\"datePublished\":\"2026-09-02T17:50:16+00:00\",\"dateModified\":\"2026-09-03T07:22:49+00:00\",\"breadcrumb\":{\"@id\":\"https:\\\/\\\/lobosnews.com.ar\\\/index.php\\\/2026\\\/09\\\/02\\\/el-gobierno-lanzo-un-plan-para-prevenir-problemas-de-salud-mental-en-adolescentes\\\/#breadcrumb\"},\"inLanguage\":\"es\",\"potentialAction\":[{\"@type\":\"ReadAction\",\"target\":[\"https:\\\/\\\/lobosnews.com.ar\\\/index.php\\\/2026\\\/09\\\/02\\\/el-gobierno-lanzo-un-plan-para-prevenir-problemas-de-salud-mental-en-adolescentes\\\/\"]}]},{\"@type\":\"ImageObject\",\"inLanguage\":\"es\",\"@id\":\"https:\\\/\\\/lobosnews.com.ar\\\/index.php\\\/2026\\\/09\\\/02\\\/el-gobierno-lanzo-un-plan-para-prevenir-problemas-de-salud-mental-en-adolescentes\\\/#primaryimage\",\"url\":\"https:\\\/\\\/lobosnews.com.ar\\\/wp-content\\\/uploads\\\/2026\\\/09\\\/el-gobierno-lanzo-un-plan-para-prevenir-problemas-de-salud-mental-en-adolescentes-4.jpg\",\"contentUrl\":\"https:\\\/\\\/lobosnews.com.ar\\\/wp-content\\\/uploads\\\/2026\\\/09\\\/el-gobierno-lanzo-un-plan-para-prevenir-problemas-de-salud-mental-en-adolescentes-4.jpg\",\"width\":1050,\"height\":584,\"caption\":\"El Gobierno lanz\u00f3 un plan para prevenir problemas de salud mental en adolescentes\"},{\"@type\":\"BreadcrumbList\",\"@id\":\"https:\\\/\\\/lobosnews.com.ar\\\/index.php\\\/2026\\\/09\\\/02\\\/el-gobierno-lanzo-un-plan-para-prevenir-problemas-de-salud-mental-en-adolescentes\\\/#breadcrumb\",\"itemListElement\":[{\"@type\":\"ListItem\",\"position\":1,\"name\":\"Portada\",\"item\":\"https:\\\/\\\/lobosnews.com.ar\\\/\"},{\"@type\":\"ListItem\",\"position\":2,\"name\":\"El Gobierno lanz\u00f3 un plan para prevenir problemas de salud mental en adolescentes\"}]},{\"@type\":\"WebSite\",\"@id\":\"https:\\\/\\\/lobosnews.com.ar\\\/#website\",\"url\":\"https:\\\/\\\/lobosnews.com.ar\\\/\",\"name\":\"Lobos News\",\"description\":\"Informaci\u00f3n a cada instante\",\"publisher\":{\"@id\":\"https:\\\/\\\/lobosnews.com.ar\\\/#organization\"},\"potentialAction\":[{\"@type\":\"SearchAction\",\"target\":{\"@type\":\"EntryPoint\",\"urlTemplate\":\"https:\\\/\\\/lobosnews.com.ar\\\/?s={search_term_string}\"},\"query-input\":{\"@type\":\"PropertyValueSpecification\",\"valueRequired\":true,\"valueName\":\"search_term_string\"}}],\"inLanguage\":\"es\"},{\"@type\":\"Organization\",\"@id\":\"https:\\\/\\\/lobosnews.com.ar\\\/#organization\",\"name\":\"Lobos News\",\"url\":\"https:\\\/\\\/lobosnews.com.ar\\\/\",\"logo\":{\"@type\":\"ImageObject\",\"inLanguage\":\"es\",\"@id\":\"https:\\\/\\\/lobosnews.com.ar\\\/#\\\/schema\\\/logo\\\/image\\\/\",\"url\":\"https:\\\/\\\/lobosnews.com.ar\\\/wp-content\\\/uploads\\\/2026\\\/01\\\/logo-lobosnews.png\",\"contentUrl\":\"https:\\\/\\\/lobosnews.com.ar\\\/wp-content\\\/uploads\\\/2026\\\/01\\\/logo-lobosnews.png\",\"width\":500,\"height\":200,\"caption\":\"Lobos News\"},\"image\":{\"@id\":\"https:\\\/\\\/lobosnews.com.ar\\\/#\\\/schema\\\/logo\\\/image\\\/\"}},{\"@type\":\"Person\",\"@id\":\"https:\\\/\\\/lobosnews.com.ar\\\/#\\\/schema\\\/person\\\/232422a593d5c541dd9aef6aaed10943\",\"name\":\"admin\",\"image\":{\"@type\":\"ImageObject\",\"inLanguage\":\"es\",\"@id\":\"https:\\\/\\\/secure.gravatar.com\\\/avatar\\\/76e419471a2083bc3ceab22a763dbbf9b0c1bd15a6214cf3280e2c2dde4580f9?s=96&d=mm&r=g\",\"url\":\"https:\\\/\\\/secure.gravatar.com\\\/avatar\\\/76e419471a2083bc3ceab22a763dbbf9b0c1bd15a6214cf3280e2c2dde4580f9?s=96&d=mm&r=g\",\"contentUrl\":\"https:\\\/\\\/secure.gravatar.com\\\/avatar\\\/76e419471a2083bc3ceab22a763dbbf9b0c1bd15a6214cf3280e2c2dde4580f9?s=96&d=mm&r=g\",\"caption\":\"admin\"},\"sameAs\":[\"https:\\\/\\\/lobosnews.com.ar\"],\"url\":\"https:\\\/\\\/lobosnews.com.ar\\\/index.php\\\/author\\\/lobos-news\\\/\"}]}<\/script>\n<!-- \/ Yoast SEO plugin. -->","yoast_head_json":{"title":"El Gobierno lanz\u00f3 un plan para prevenir problemas de salud mental en adolescentes - Lobos News","robots":{"index":"index","follow":"follow","max-snippet":"max-snippet:-1","max-image-preview":"max-image-preview:large","max-video-preview":"max-video-preview:-1"},"canonical":"https:\/\/lobosnews.com.ar\/index.php\/2026\/09\/02\/el-gobierno-lanzo-un-plan-para-prevenir-problemas-de-salud-mental-en-adolescentes\/","og_locale":"es_ES","og_type":"article","og_title":"El Gobierno lanz\u00f3 un plan para prevenir problemas de salud mental en adolescentes - Lobos News","og_description":"La Mesa interministerial de Salud Mental volvi\u00f3 a reunir este martes a los equipos de los ministerios de Salud, Seguridad y Capital Humano para revisar medidas vinculadas con el registro de casos, la capacitaci\u00f3n de equipos y la prevenci\u00f3n en ni\u00f1os y adolescentes. La reuni\u00f3n fue encabezada por el ministro de Salud, Mario Lugones, y...","og_url":"https:\/\/lobosnews.com.ar\/index.php\/2026\/09\/02\/el-gobierno-lanzo-un-plan-para-prevenir-problemas-de-salud-mental-en-adolescentes\/","og_site_name":"Lobos News","article_published_time":"2026-09-02T17:50:16+00:00","article_modified_time":"2026-09-03T07:22:49+00:00","og_image":[{"width":1050,"height":584,"url":"https:\/\/lobosnews.com.ar\/wp-content\/uploads\/2026\/09\/el-gobierno-lanzo-un-plan-para-prevenir-problemas-de-salud-mental-en-adolescentes-4.jpg","type":"image\/jpeg"}],"author":"admin","twitter_card":"summary_large_image","twitter_misc":{"Escrito por":"admin","Tiempo de lectura":"4 minutos"},"schema":{"@context":"https:\/\/schema.org","@graph":[{"@type":"Article","@id":"https:\/\/lobosnews.com.ar\/index.php\/2026\/09\/02\/el-gobierno-lanzo-un-plan-para-prevenir-problemas-de-salud-mental-en-adolescentes\/#article","isPartOf":{"@id":"https:\/\/lobosnews.com.ar\/index.php\/2026\/09\/02\/el-gobierno-lanzo-un-plan-para-prevenir-problemas-de-salud-mental-en-adolescentes\/"},"author":{"name":"admin","@id":"https:\/\/lobosnews.com.ar\/#\/schema\/person\/232422a593d5c541dd9aef6aaed10943"},"headline":"El Gobierno lanz\u00f3 un plan para prevenir problemas de salud mental en adolescentes","datePublished":"2026-09-02T17:50:16+00:00","dateModified":"2026-09-03T07:22:49+00:00","mainEntityOfPage":{"@id":"https:\/\/lobosnews.com.ar\/index.php\/2026\/09\/02\/el-gobierno-lanzo-un-plan-para-prevenir-problemas-de-salud-mental-en-adolescentes\/"},"wordCount":732,"commentCount":0,"publisher":{"@id":"https:\/\/lobosnews.com.ar\/#organization"},"image":{"@id":"https:\/\/lobosnews.com.ar\/index.php\/2026\/09\/02\/el-gobierno-lanzo-un-plan-para-prevenir-problemas-de-salud-mental-en-adolescentes\/#primaryimage"},"thumbnailUrl":"https:\/\/lobosnews.com.ar\/wp-content\/uploads\/2026\/09\/el-gobierno-lanzo-un-plan-para-prevenir-problemas-de-salud-mental-en-adolescentes-4.jpg","articleSection":["Salud"],"inLanguage":"es","potentialAction":[{"@type":"CommentAction","name":"Comment","target":["https:\/\/lobosnews.com.ar\/index.php\/2026\/09\/02\/el-gobierno-lanzo-un-plan-para-prevenir-problemas-de-salud-mental-en-adolescentes\/#respond"]}]},{"@type":"WebPage","@id":"https:\/\/lobosnews.com.ar\/index.php\/2026\/09\/02\/el-gobierno-lanzo-un-plan-para-prevenir-problemas-de-salud-mental-en-adolescentes\/","url":"https:\/\/lobosnews.com.ar\/index.php\/2026\/09\/02\/el-gobierno-lanzo-un-plan-para-prevenir-problemas-de-salud-mental-en-adolescentes\/","name":"El Gobierno lanz\u00f3 un plan para prevenir problemas de salud mental en adolescentes - Lobos News","isPartOf":{"@id":"https:\/\/lobosnews.com.ar\/#website"},"primaryImageOfPage":{"@id":"https:\/\/lobosnews.com.ar\/index.php\/2026\/09\/02\/el-gobierno-lanzo-un-plan-para-prevenir-problemas-de-salud-mental-en-adolescentes\/#primaryimage"},"image":{"@id":"https:\/\/lobosnews.com.ar\/index.php\/2026\/09\/02\/el-gobierno-lanzo-un-plan-para-prevenir-problemas-de-salud-mental-en-adolescentes\/#primaryimage"},"thumbnailUrl":"https:\/\/lobosnews.com.ar\/wp-content\/uploads\/2026\/09\/el-gobierno-lanzo-un-plan-para-prevenir-problemas-de-salud-mental-en-adolescentes-4.jpg","datePublished":"2026-09-02T17:50:16+00:00","dateModified":"2026-09-03T07:22:49+00:00","breadcrumb":{"@id":"https:\/\/lobosnews.com.ar\/index.php\/2026\/09\/02\/el-gobierno-lanzo-un-plan-para-prevenir-problemas-de-salud-mental-en-adolescentes\/#breadcrumb"},"inLanguage":"es","potentialAction":[{"@type":"ReadAction","target":["https:\/\/lobosnews.com.ar\/index.php\/2026\/09\/02\/el-gobierno-lanzo-un-plan-para-prevenir-problemas-de-salud-mental-en-adolescentes\/"]}]},{"@type":"ImageObject","inLanguage":"es","@id":"https:\/\/lobosnews.com.ar\/index.php\/2026\/09\/02\/el-gobierno-lanzo-un-plan-para-prevenir-problemas-de-salud-mental-en-adolescentes\/#primaryimage","url":"https:\/\/lobosnews.com.ar\/wp-content\/uploads\/2026\/09\/el-gobierno-lanzo-un-plan-para-prevenir-problemas-de-salud-mental-en-adolescentes-4.jpg","contentUrl":"https:\/\/lobosnews.com.ar\/wp-content\/uploads\/2026\/09\/el-gobierno-lanzo-un-plan-para-prevenir-problemas-de-salud-mental-en-adolescentes-4.jpg","width":1050,"height":584,"caption":"El Gobierno lanz\u00f3 un plan para prevenir problemas de salud mental en adolescentes"},{"@type":"BreadcrumbList","@id":"https:\/\/lobosnews.com.ar\/index.php\/2026\/09\/02\/el-gobierno-lanzo-un-plan-para-prevenir-problemas-de-salud-mental-en-adolescentes\/#breadcrumb","itemListElement":[{"@type":"ListItem","position":1,"name":"Portada","item":"https:\/\/lobosnews.com.ar\/"},{"@type":"ListItem","position":2,"name":"El Gobierno lanz\u00f3 un plan para prevenir problemas de salud mental en adolescentes"}]},{"@type":"WebSite","@id":"https:\/\/lobosnews.com.ar\/#website","url":"https:\/\/lobosnews.com.ar\/","name":"Lobos News","description":"Informaci\u00f3n a cada instante","publisher":{"@id":"https:\/\/lobosnews.com.ar\/#organization"},"potentialAction":[{"@type":"SearchAction","target":{"@type":"EntryPoint","urlTemplate":"https:\/\/lobosnews.com.ar\/?s={search_term_string}"},"query-input":{"@type":"PropertyValueSpecification","valueRequired":true,"valueName":"search_term_string"}}],"inLanguage":"es"},{"@type":"Organization","@id":"https:\/\/lobosnews.com.ar\/#organization","name":"Lobos News","url":"https:\/\/lobosnews.com.ar\/","logo":{"@type":"ImageObject","inLanguage":"es","@id":"https:\/\/lobosnews.com.ar\/#\/schema\/logo\/image\/","url":"https:\/\/lobosnews.com.ar\/wp-content\/uploads\/2026\/01\/logo-lobosnews.png","contentUrl":"https:\/\/lobosnews.com.ar\/wp-content\/uploads\/2026\/01\/logo-lobosnews.png","width":500,"height":200,"caption":"Lobos News"},"image":{"@id":"https:\/\/lobosnews.com.ar\/#\/schema\/logo\/image\/"}},{"@type":"Person","@id":"https:\/\/lobosnews.com.ar\/#\/schema\/person\/232422a593d5c541dd9aef6aaed10943","name":"admin","image":{"@type":"ImageObject","inLanguage":"es","@id":"https:\/\/secure.gravatar.com\/avatar\/76e419471a2083bc3ceab22a763dbbf9b0c1bd15a6214cf3280e2c2dde4580f9?s=96&d=mm&r=g","url":"https:\/\/secure.gravatar.com\/avatar\/76e419471a2083bc3ceab22a763dbbf9b0c1bd15a6214cf3280e2c2dde4580f9?s=96&d=mm&r=g","contentUrl":"https:\/\/secure.gravatar.com\/avatar\/76e419471a2083bc3ceab22a763dbbf9b0c1bd15a6214cf3280e2c2dde4580f9?s=96&d=mm&r=g","caption":"admin"},"sameAs":["https:\/\/lobosnews.com.ar"],"url":"https:\/\/lobosnews.com.ar\/index.php\/author\/lobos-news\/"}]}},"jetpack_featured_media_url":"https:\/\/lobosnews.com.ar\/wp-content\/uploads\/2026\/09\/el-gobierno-lanzo-un-plan-para-prevenir-problemas-de-salud-mental-en-adolescentes-4.jpg","jetpack_sharing_enabled":true,"_links":{"self":[{"href":"https:\/\/lobosnews.com.ar\/index.php\/wp-json\/wp\/v2\/posts\/96845","targetHints":{"allow":["GET"]}}],"collection":[{"href":"https:\/\/lobosnews.com.ar\/index.php\/wp-json\/wp\/v2\/posts"}],"about":[{"href":"https:\/\/lobosnews.com.ar\/index.php\/wp-json\/wp\/v2\/types\/post"}],"author":[{"embeddable":true,"href":"https:\/\/lobosnews.com.ar\/index.php\/wp-json\/wp\/v2\/users\/1"}],"replies":[{"embeddable":true,"href":"https:\/\/lobosnews.com.ar\/index.php\/wp-json\/wp\/v2\/comments?post=96845"}],"version-history":[{"count":1,"href":"https:\/\/lobosnews.com.ar\/index.php\/wp-json\/wp\/v2\/posts\/96845\/revisions"}],"predecessor-version":[{"id":96849,"href":"https:\/\/lobosnews.com.ar\/index.php\/wp-json\/wp\/v2\/posts\/96845\/revisions\/96849"}],"wp:featuredmedia":[{"embeddable":true,"href":"https:\/\/lobosnews.com.ar\/index.php\/wp-json\/wp\/v2\/media\/96850"}],"wp:attachment":[{"href":"https:\/\/lobosnews.com.ar\/index.php\/wp-json\/wp\/v2\/media?parent=96845"}],"wp:term":[{"taxonomy":"category","embeddable":true,"href":"https:\/\/lobosnews.com.ar\/index.php\/wp-json\/wp\/v2\/categories?post=96845"},{"taxonomy":"post_tag","embeddable":true,"href":"https:\/\/lobosnews.com.ar\/index.php\/wp-json\/wp\/v2\/tags?post=96845"}],"curies":[{"name":"wp","href":"https:\/\/api.w.org\/{rel}","templated":true}]}}